{"id":50066,"date":"2020-09-02T15:02:58","date_gmt":"2020-09-02T18:02:58","guid":{"rendered":"https:\/\/rioonwatch.org.br\/?p=50066"},"modified":"2021-01-26T09:52:52","modified_gmt":"2021-01-26T12:52:52","slug":"o-pos-covid-19-nas-favelas-e-periferias-novos-paradigmas-sociais-e-economicos","status":"publish","type":"post","link":"https:\/\/rioonwatch.org.br\/?p=50066","title":{"rendered":"O P\u00f3s-Covid-19 nas Favelas e Periferias: Novos Paradigmas Sociais e Econ\u00f4micos"},"content":{"rendered":"<p style=\"text-align: right;\"><em><strong><a href=\"https:\/\/bit.ly\/3hFCX9J\" target=\"_blank\" rel=\"noopener noreferrer\">Click Here for English<\/a><a href=\"https:\/\/bit.ly\/3hFCX9J\" target=\"_blank\" rel=\"noopener noreferrer\"><img decoding=\"async\" width=\"20\" height=\"20\" class=\"alignright wp-image-15790\" src=\"https:\/\/rioonwatch.org.br\/wp-content\/uploads\/2012\/08\/EN-standard-e1439583104716.jpg\" \/><\/a><\/strong><\/em><\/p>\n<p><em>Esta \u00e9 nossa mat\u00e9ria mais recente sobre\u00a0<a class=\"c-link\" href=\"http:\/\/bit.ly\/Covid19NasFavelas\" target=\"_blank\" rel=\"noopener noreferrer\" data-stringify-link=\"http:\/\/bit.ly\/Covid19NasFavelas\" data-sk=\"tooltip_parent\">o novo coronav\u00edrus e seus impactos sobre as favelas<\/a> e parte de nossa <a href=\"http:\/\/bit.ly\/2Yf0iaL\" target=\"_blank\" rel=\"noopener\">parceria com o\u00a0The Rio Times<\/a>. Para a mat\u00e9ria publicada no\u00a0The Rio Times, clique\u00a0<a href=\"https:\/\/bit.ly\/32x4mVu\" target=\"_blank\" rel=\"noopener noreferrer\">aqui<\/a>.<\/em><\/p>\n<p>A pandemia do <a href=\"https:\/\/bit.ly\/2xOpNGB\" target=\"_blank\" rel=\"noopener noreferrer\">novo coronav\u00edrus<\/a>, trouxe para o mundo a necessidade de recolhimento. Por\u00e9m, a possibilidade de ficar em casa, desfrutar da companhia de parentes, do cuidado e do conforto familiar, para muitos, <a href=\"https:\/\/bit.ly\/2wXJV8G\" target=\"_blank\" rel=\"noopener noreferrer\">sempre foi um privil\u00e9gio<\/a>. E, para todos n\u00f3s, passou a ser a regra n\u00famero um na tentativa de conten\u00e7\u00e3o do v\u00edrus. No entanto, a pandemia chegou no Brasil acompanhada por muitas <a href=\"https:\/\/bit.ly\/3eNxuwS\" target=\"_blank\" rel=\"noopener noreferrer\">irresponsabilidades pol\u00edticas<\/a> e tamb\u00e9m pela <a href=\"https:\/\/glo.bo\/2D4GqAd\" target=\"_blank\" rel=\"noopener noreferrer\">baixa ades\u00e3o da sociedade<\/a> \u00e0s recomenda\u00e7\u00f5es das autoridades sanit\u00e1rias internacionais.<\/p>\n<p>O in\u00edcio da quarentena, cujo prazo inicial era at\u00e9 abril, suscitou o medo em algumas fam\u00edlias que vivem da renda ganha diariamente. Medo\u00a0frente \u00e0 possibilidade de <a href=\"https:\/\/bit.ly\/3j94W3c\" target=\"_blank\" rel=\"noopener noreferrer\">desemprego e perda de renda<\/a>, sobretudo, frente aos perigos da exposi\u00e7\u00e3o ao v\u00edrus. Contudo, <a href=\"https:\/\/bit.ly\/3loq1Ih\" target=\"_blank\" rel=\"noopener noreferrer\">grandes empres\u00e1rios e pol\u00edticos<\/a>, n\u00e3o desejosos de verem seus lucros e apoio pol\u00edtico despencarem com o fechamento da economia, contrariando todas as recomenda\u00e7\u00f5es da OMS, <a href=\"https:\/\/bit.ly\/2D4qb6l\" target=\"_blank\" rel=\"noopener noreferrer\">pressionaram as institui\u00e7\u00f5es<\/a> pela retomada r\u00e1pida e irrestrita das atividades econ\u00f4micas, independentemente da curva epidemiol\u00f3gica.<\/p>\n<p>Contudo, inesperado era que a Covid-19 mudaria alguns rumos no debate econ\u00f4mico. Movimentos sociais e setores do Congresso Nacional retomaram um tema muito pouco discutido antes da pandemia: a <a href=\"https:\/\/bit.ly\/2YEJ3jH\" target=\"_blank\" rel=\"noopener noreferrer\">renda b\u00e1sica universal<\/a>. Afinal, a pandemia n\u00e3o somente <a href=\"https:\/\/bit.ly\/34A2vlH\" target=\"_blank\" rel=\"noopener noreferrer\">reduziu os ganhos salariais<\/a> das pessoas, mas tamb\u00e9m deixou muitas outras desempregadas e em extrema pobreza. Muitas <a href=\"https:\/\/bit.ly\/3hAQYpJ\" target=\"_blank\" rel=\"noopener noreferrer\">empresas fecharam<\/a>, decretaram fal\u00eancia. E muitos trabalhadores informais e aut\u00f4nomos ficaram impossibilitados de exercerem suas profiss\u00f5es e, portanto, de garantirem seu sustento.<\/p>\n<p>Nestes tempos de coronav\u00edrus, ficou claro que a subsist\u00eancia de milh\u00f5es de pessoas estava por um fio e, portanto, as pr\u00f3prias condi\u00e7\u00f5es de reprodu\u00e7\u00e3o do sistema econ\u00f4mico brasileiro tamb\u00e9m estavam. Segundo dados do IBGE, durante o ano de 2020, <a href=\"https:\/\/glo.bo\/34FwVmC\" target=\"_blank\" rel=\"noopener noreferrer\">quase metade das brasileiras e brasileiros<\/a> receberam o aux\u00edlio emergencial de R$600, aprovado pelo <a href=\"https:\/\/bit.ly\/3jiicC3\" target=\"_blank\" rel=\"noopener noreferrer\">Congresso Nacional<\/a>, destinado a pessoas de baixa renda e a trabalhadores informais atingidos pela calamidade econ\u00f4mica e sanit\u00e1ria.<\/p>\n<h3>A Economia Pol\u00edtica das Favelas P\u00f3s-Covid-19, Segundo Lideran\u00e7as Locais<\/h3>\n<p><a href=\"https:\/\/rioonwatch.org.br\/wp-content\/uploads\/2020\/08\/Crian\u00e7as-lendo-com-durante-a-pandemia.-Foto-por-Fabi..jpg\"><img fetchpriority=\"high\" decoding=\"async\" class=\"alignright wp-image-50086\" title=\"Crian\u00e7as lendo com durante a pandemia. Foto por: Fabbi Silva.\" src=\"https:\/\/rioonwatch.org.br\/wp-content\/uploads\/2020\/08\/Crian\u00e7as-lendo-com-durante-a-pandemia.-Foto-por-Fabi..jpg\" alt=\"Crian\u00e7as lendo com durante a pandemia. Foto por: Fabbi.\" width=\"300\" height=\"300\" srcset=\"https:\/\/rioonwatch.org.br\/wp-content\/uploads\/2020\/08\/Crian\u00e7as-lendo-com-durante-a-pandemia.-Foto-por-Fabi..jpg 540w, https:\/\/rioonwatch.org.br\/wp-content\/uploads\/2020\/08\/Crian\u00e7as-lendo-com-durante-a-pandemia.-Foto-por-Fabi.-264x264.jpg 264w\" sizes=\"(max-width: 300px) 100vw, 300px\" \/><\/a>Com o passar das primeiras semanas, tivemos que lidar com a <a href=\"https:\/\/glo.bo\/2Q5YRaO\" target=\"_blank\" rel=\"noopener noreferrer\">desconex\u00e3o do poder p\u00fablico<\/a> entre as suas tr\u00eas esferas\u2014federal, estadual e municipal. Entre diversas crises, expostas nas <a href=\"https:\/\/bit.ly\/32x40yf\" target=\"_blank\" rel=\"noopener noreferrer\">trocas de ministros da Sa\u00fade<\/a>, o pa\u00eds est\u00e1 h\u00e1 <a href=\"https:\/\/bit.ly\/2G4gPZt\" target=\"_blank\" rel=\"noopener noreferrer\">mais de 110 dias sem ministro<\/a> da Sa\u00fade. \u00c0 duras penas, houve uma vit\u00f3ria de um aux\u00edlio emergencial com um valor que beira o irris\u00f3rio. Muitos riram e compartilharam memes, mas para milh\u00f5es de brasileiros, esse valor \u00e9 de grande diferen\u00e7a. H\u00e1 lugares (e muitos) onde <a href=\"https:\/\/bit.ly\/2UOQlQG\" target=\"_blank\" rel=\"noopener noreferrer\">n\u00e3o d\u00e1 pra lavar as m\u00e3os<\/a> e manter o distanciamento f\u00edsico, pois nesses mesmos espa\u00e7os, \u00e0s vezes, um c\u00f4modo abriga uma fam\u00edlia inteira. S\u00f3 na <a href=\"http:\/\/bit.ly\/2kFp5ol\" target=\"_blank\" rel=\"noopener noreferrer\">Regi\u00e3o Metropolitana do Rio de Janeiro<\/a>, <a href=\"https:\/\/bit.ly\/2D0NQEC\" target=\"_blank\" rel=\"noopener noreferrer\">mais de 3 pessoas vivem em um quarto em 300.000 casas<\/a>. A favela do <a href=\"http:\/\/bit.ly\/2R9GrFv\" target=\"_blank\" rel=\"noopener noreferrer\">Jacarezinho<\/a> lidera esse ranking.<\/p>\n<p>No entanto, nas favelas e periferias existe um paradoxo, pois onde mais faltam estruturas b\u00e1sicas para a rotina da vida, sobram afetos e cuidados coletivos. Sobram cadeiras nas portas para um bate papo no fim da tarde. Sobra um a\u00e7\u00facar para emprestar pro vizinho. E s\u00e3o nesses territ\u00f3rios que moram pessoas como o Douglas, a Fabbi e a Ingrid. Tr\u00eas lideran\u00e7as comunit\u00e1rias que abrem m\u00e3o do tempo com suas fam\u00edlias, de seus momentos de lazer para se dedicarem ao outro, para fazer algumas (muitas) coisas pelas suas comunidades. Douglas, em <a href=\"https:\/\/bit.ly\/3jiugDc\" target=\"_blank\" rel=\"noopener noreferrer\">S\u00e3o Jo\u00e3o de Meriti<\/a>. Fabbi, em <a href=\"http:\/\/bit.ly\/2KMwrB3\" target=\"_blank\" rel=\"noopener noreferrer\">Duque de Caxias<\/a>, no <a href=\"https:\/\/bit.ly\/2EpJwj8\" target=\"_blank\" rel=\"noopener noreferrer\">Parque das Miss\u00f5es<\/a>. E Ingrid, na <a href=\"http:\/\/bit.ly\/2rF8MuX\" target=\"_blank\" rel=\"noopener noreferrer\">Cidade de Deus<\/a>, na <a href=\"http:\/\/bit.ly\/2x3k8bw\" target=\"_blank\" rel=\"noopener noreferrer\">Zona Oeste<\/a> do Rio.<\/p>\n<p><a href=\"https:\/\/rioonwatch.org.br\/wp-content\/uploads\/2020\/08\/Douglas-em-um-protesto-em-S\u00e3o-Jo\u00e3o-de-Meriti.jpg\"><img decoding=\"async\" class=\"aligncenter wp-image-50085 size-content\" title=\"Douglas em um protesto em S\u00e3o Jo\u00e3o de Meriti. Foto por: Douglas Almeida\" src=\"https:\/\/rioonwatch.org.br\/wp-content\/uploads\/2020\/08\/Douglas-em-um-protesto-em-S\u00e3o-Jo\u00e3o-de-Meriti-620x264.jpg\" alt=\"\" width=\"620\" height=\"264\" srcset=\"https:\/\/rioonwatch.org.br\/wp-content\/uploads\/2020\/08\/Douglas-em-um-protesto-em-S\u00e3o-Jo\u00e3o-de-Meriti-620x264.jpg 620w, https:\/\/rioonwatch.org.br\/wp-content\/uploads\/2020\/08\/Douglas-em-um-protesto-em-S\u00e3o-Jo\u00e3o-de-Meriti-940x400.jpg 940w\" sizes=\"(max-width: 620px) 100vw, 620px\" \/><\/a><\/p>\n<p>Douglas Almeida \u00e9 economista, cat\u00f3lico e atua como coordenador de Mobiliza\u00e7\u00e3o e Incid\u00eancia na <a href=\"https:\/\/bit.ly\/2ZSEEuQ\" target=\"_blank\" rel=\"noopener noreferrer\">Casa Fluminense<\/a>. O economista foi um dos jovens brasileiros escolhidos para conhecer o Papa Francisco e participar da confer\u00eancia intitulada \u201c<a href=\"https:\/\/bit.ly\/2EEGYx2\" target=\"_blank\" rel=\"noopener noreferrer\">Economia de Francisco<\/a>\u201d cujo objetivo \u00e9 debater com outras lideran\u00e7as da \u00e1rea econ\u00f4mica, um futuro menos desigual para o mundo. Perguntado sobre o amanh\u00e3, principalmente das favelas e periferias, e como ficam os territ\u00f3rios que est\u00e3o a margem de qualquer pol\u00edtica social para a <a href=\"https:\/\/bit.ly\/30YhbHN\" target=\"_blank\" rel=\"noopener noreferrer\">diminui\u00e7\u00e3o das desigualdades<\/a>, Douglas foi categ\u00f3rico em afirmar que mudan\u00e7as precisam acontecer. Para ele, \u201ca pandemia \u00e9 o acontecimento que traz a urg\u00eancia para o Brasil virar a chave\u201d. \u00c9 preciso, segundo Douglas, se debru\u00e7ar em encontrar caminhos para a supera\u00e7\u00e3o das desigualdades.<\/p>\n<p>Os dados t\u00eam mostrado: <a href=\"https:\/\/glo.bo\/2W0qp5a\" target=\"_blank\" rel=\"noopener noreferrer\">nas favelas e periferias, a Covid-19 \u00e9 mais letal<\/a>. O longo hist\u00f3rico de dificuldades de acesso aos equipamentos b\u00e1sicos de sa\u00fade, por exemplo, <a href=\"https:\/\/glo.bo\/3h6KteJ\" target=\"_blank\" rel=\"noopener noreferrer\">vulnerabiliza ainda mais a popula\u00e7\u00e3o negra<\/a>. Douglas citou as v\u00e1rias faces da desigualdade e do abandono: <a href=\"https:\/\/bit.ly\/2zXbeRX\" target=\"_blank\" rel=\"noopener noreferrer\">mulheres sofrendo a viol\u00eancia dom\u00e9stica<\/a>, crian\u00e7as sem poder estudar devido a <a href=\"https:\/\/bit.ly\/3hzUiBB\" target=\"_blank\" rel=\"noopener noreferrer\">dificuldade no acesso a internet<\/a>, idosos com problemas para sacarem seus benef\u00edcios sociais e a <a href=\"https:\/\/bit.ly\/3dQyAGJ\" target=\"_blank\" rel=\"noopener noreferrer\">pol\u00edtica de seguran\u00e7a p\u00fablica<\/a> que vitimiza jovens negros todos os dias nas favelas, em suas brutais opera\u00e7\u00f5es.<\/p>\n<p><a href=\"https:\/\/rioonwatch.org.br\/wp-content\/uploads\/2020\/08\/Apadrinhe-um-Sorriso-e1598556998900.jpg\"><img loading=\"lazy\" decoding=\"async\" class=\"aligncenter size-content wp-image-50110\" src=\"https:\/\/rioonwatch.org.br\/wp-content\/uploads\/2020\/08\/Apadrinhe-um-Sorriso-e1598556998900-620x264.jpg\" alt=\"A\u00e7\u00e3o de distribui\u00e7\u00e3o de cestas b\u00e1sicas da iniciativa Apadrinhe um Sorriso. Foto da p\u00e1gina do Facebook da Apadrinhe um Sorriso\" width=\"620\" height=\"264\" srcset=\"https:\/\/rioonwatch.org.br\/wp-content\/uploads\/2020\/08\/Apadrinhe-um-Sorriso-e1598556998900-620x264.jpg 620w, https:\/\/rioonwatch.org.br\/wp-content\/uploads\/2020\/08\/Apadrinhe-um-Sorriso-e1598556998900-940x400.jpg 940w\" sizes=\"(max-width: 620px) 100vw, 620px\" \/><\/a><\/p>\n<p>Ainda no plano econ\u00f4mico, segundo ele, a participa\u00e7\u00e3o ou a interfer\u00eancia do Estado \u00e9 muito marginalizada pelos economistas, mas em momentos de crise \u00e9 comum que o socorro estatal seja colocado como a principal op\u00e7\u00e3o econ\u00f4mica. A pandemia mostra que o mercado n\u00e3o consegue por si s\u00f3 atender as demandas da popula\u00e7\u00e3o mais pobre. O grande desafio, em sua opini\u00e3o, \u00e9 mostrar que as desigualdades j\u00e1 existentes\u2014que foram aprofundadas pela crise\u2014s\u00e3o reflexo de uma sociedade \u201cviciada no dinheiro e na acumula\u00e7\u00e3o\u201d. Logo, \u201ca mudan\u00e7a necess\u00e1ria para a economia passa pela prioriza\u00e7\u00e3o das pessoas e do coletivo, ao contr\u00e1rio da l\u00f3gica acumulativa e individualista\u201d, finalizou.<\/p>\n<p><a href=\"https:\/\/bit.ly\/2UuX7u6\" target=\"_blank\" rel=\"noopener noreferrer\">Fabbi Silva<\/a>, pedagoga, articuladora territorial e l\u00edder comunit\u00e1ria sempre lembra que a din\u00e2mica das favelas da <a href=\"http:\/\/bit.ly\/32JVvht\" target=\"_blank\" rel=\"noopener noreferrer\">Baixada Fluminense<\/a> s\u00e3o diferentes das do Rio, pois aquelas ainda n\u00e3o ganharam o olhar atento dos pesquisadores e da m\u00eddia.<\/p>\n<p>O Parque das Miss\u00f5es, local onde toca seu projeto h\u00e1 dez anos, o <a href=\"http:\/\/bit.ly\/2tHtBTB\" target=\"_blank\" rel=\"noopener noreferrer\">Apadrinhe um Sorriso<\/a>, \u00e9 uma favela no munic\u00edpio de Duque de Caxias. Atrav\u00e9s desta iniciativa, Fabbi oferece \u00e0s fam\u00edlias e as crian\u00e7as, rodas de leitura, atividades culturais e, n\u00e3o em raros momentos, ajuda com cestas b\u00e1sicas e atendimento de necessidades diversas do territ\u00f3rio. Para ela, a pandemia do coronav\u00edrus afetou a rotina da favela, mas a vida segue como antes pois as necessidades materiais s\u00e3o muitas. \u201cAlguns t\u00eam medo do que a doen\u00e7a traz, mas a maioria vive em uma realidade de tanta perda, que a Covid -19 \u00e9 somente mais uma coisa a ser enfrentada. E eu n\u00e3o consigo processar o p\u00f3s na loucura de viver o agora\u201d, relatou.<\/p>\n<p>Ingrid Siss, psic\u00f3loga da Cidade de Deus que tamb\u00e9m lidera um projeto de acolhimento, a <a href=\"https:\/\/bit.ly\/3ltOR9R\" target=\"_blank\" rel=\"noopener noreferrer\">Casa Dona Am\u00e9lia<\/a>, com rodas de conversa e atividades culturais. Ingrid contou que com a nossa conversa, pela primeira vez, refletiu sobre algumas quest\u00f5es, pois as urg\u00eancias dos vizinhos e das crian\u00e7as atendidas s\u00e3o muitas. Seu parecer, de certo modo, foi positivo. Enquanto profissional da sa\u00fade mental, Ingrid acredita que todos sair\u00e3o desse momento com novos aprendizados. Para ela, \u201cseja aprender uma nova t\u00e9cnica, usar uma nova ferramenta, produzir coisas com efici\u00eancia e qualidade em um outro cen\u00e1rio ou at\u00e9 mesmo uma nova consci\u00eancia, porque nunca fomos t\u00e3o for\u00e7ados a estar conosco como estamos agora. N\u00e3o temos a possibilidade de escapar do que nos incomoda como antes. Por isso, estamos muito convidados a nos olharmos. Todo esse confronto individual vai nos orientar coletivamente para um lugar que eu ainda n\u00e3o sei qual \u00e9\u201d, refletiu.<\/p>\n<p><a href=\"https:\/\/rioonwatch.org.br\/wp-content\/uploads\/2020\/08\/Ingrid-e-sua-fam\u00edlia.jpg\"><img loading=\"lazy\" decoding=\"async\" class=\"aligncenter wp-image-50088 size-content\" title=\"Ingrid a esquerda e seus familiares. Foto por: Ingrid Siss\" src=\"https:\/\/rioonwatch.org.br\/wp-content\/uploads\/2020\/08\/Ingrid-e-sua-fam\u00edlia-e1598548442808-620x264.jpg\" alt=\"Ingrid e sua fam\u00edlia. Foto por: Ingrid.\" width=\"620\" height=\"264\" \/><\/a><\/p>\n<p>A falta de equipamentos p\u00fablicos para garantir os direitos sociais b\u00e1sicos dos moradores das favelas e das periferias foi um ponto levantado por Ingrid. Chama sua aten\u00e7\u00e3o o baixo n\u00famero de CRAS (Centro de Refer\u00eancia de Assist\u00eancia Social) na regi\u00e3o da Cidade de Deus. A \u00fanica unidade, que atende o entorno, conta com somente duas psic\u00f3logas para atender sete bairros. Para a psic\u00f3loga, se houvesse mais unidades do equipamento de assist\u00eancia, o acesso \u00e0 informa\u00e7\u00e3o seria mais efetivo e a demanda pela renda emergencial, por exemplo, seria melhor atendida.<\/p>\n<p>Ingrid pontuou que a rede de CRAS, em cidades como Rio de Janeiro, <a href=\"http:\/\/bit.ly\/2YytCa6\" target=\"_blank\" rel=\"noopener noreferrer\">Nova Igua\u00e7u<\/a> e <a href=\"http:\/\/bit.ly\/2KWOFkm\" target=\"_blank\" rel=\"noopener noreferrer\">S\u00e3o Gon\u00e7alo<\/a>,<a href=\"https:\/\/bit.ly\/3gyaYIq\" target=\"_blank\" rel=\"noopener noreferrer\"> opera muito acima de sua capacidade<\/a>. A norma de atendimento estabelece que cada centro de refer\u00eancia atenda, no m\u00e1ximo, 5.000 fam\u00edlias. Por \u00faltimo, citou a quest\u00e3o or\u00e7ament\u00e1ria. O or\u00e7amento \u00e9 pe\u00e7a-chave para pol\u00edticas p\u00fablicas de enfrentamento \u00e0s desigualdades. Contudo, <a href=\"https:\/\/bit.ly\/2Ev1BMr\" target=\"_blank\" rel=\"noopener noreferrer\">a PEC 95, a do teto dos gastos, limitou or\u00e7amento para investimento<\/a> em sa\u00fade e educa\u00e7\u00e3o, no pa\u00eds.<\/p>\n<p>A pandemia do coronav\u00edrus trouxe mudan\u00e7as que poder\u00e3o ser incorporadas de vez na nossa rotina. O trabalho remoto, enquanto estrat\u00e9gia de redu\u00e7\u00e3o de gastos, pode ser adotado como regra em algumas \u00e1reas, por\u00e9m pode gerar maior precariza\u00e7\u00e3o nas rela\u00e7\u00f5es de mercado. O uso de m\u00e1scaras virou parte do nosso vestu\u00e1rio. Higienizar alimentos e borrifar \u00e1lcool nos materiais comprados na rua, certamente ser\u00e3o, tamb\u00e9m, parte da nossa nova rotina de vida. Contudo, como revelado nas falas das lideran\u00e7as, a pandemia revela a necessidade de produzir outro jeito de viver, para al\u00e9m dos pequenos h\u00e1bitos di\u00e1rios, como por exemplo: <a href=\"https:\/\/bit.ly\/32AtFaV\" target=\"_blank\" rel=\"noopener noreferrer\">repensar o acesso \u00e0 alimenta\u00e7\u00e3o<\/a>, o acesso aos equipamentos de sa\u00fade e, como podemos lutar e garantir o m\u00ednimo para quem n\u00e3o tem condi\u00e7\u00f5es econ\u00f4micas de sobreviv\u00eancia. <a href=\"https:\/\/bit.ly\/30YhbHN\" target=\"_blank\" rel=\"noopener noreferrer\">A Covid-19 n\u00e3o produziu nenhuma desigualdade<\/a>. A pandemia s\u00f3 acentuou nossos velhos problemas.<\/p>\n<p>O p\u00f3s-pandemia, um per\u00edodo de luto em respeito a todos os mortos, demanda tamb\u00e9m uma marcha em busca pela afirma\u00e7\u00e3o de direitos. Douglas, Fabbi e Ingrid t\u00eam um olhar atento sobre o tema e est\u00e3o sempre debatendo, discutindo e propondo solu\u00e7\u00f5es. Para eles, a territorializa\u00e7\u00e3o das pol\u00edticas p\u00fablicas \u00e9 fundamental, bem como criar novas possibilidades, novos paradigmas que, com criatividade, busquem lidar com as quest\u00f5es espec\u00edficas de cada territ\u00f3rio.<\/p>\n<p><em>Th\u00e1bara Garcia, moradora de Mag\u00e9, \u00e9 professora e faz parte do coletivo\u00a0<a href=\"http:\/\/bit.ly\/2wyjOkB\" target=\"_blank\" rel=\"noopener noreferrer\">Roda de Mulheres da Baixada<\/a>.<\/em><\/p>\n<hr \/>\n<h4>Apoie nossos esfor\u00e7os para fornecer assist\u00eancia estrat\u00e9gica \u00e0s favelas do Rio durante a pandemia de Covid-19, incluindo o jornalismo hiperlocal, cr\u00edtico, inovador e incans\u00e1vel do <i>RioOnWatch\u00a0<\/i>\u2014\u00a0<a href=\"http:\/\/bit.ly\/CatalisandoComunidades\">doe aqui<\/a>.<\/h4>\n<!-- AddThis Advanced Settings generic via filter on the_content --><!-- AddThis Share Buttons generic via filter on the_content -->","protected":false},"excerpt":{"rendered":"<div class=\"mh-excerpt\"><p>Click Here for English Esta \u00e9 nossa mat\u00e9ria mais recente sobre\u00a0o novo coronav\u00edrus e seus impactos sobre as favelas e parte de nossa parceria com o\u00a0The Rio Times. Para a mat\u00e9ria publicada no\u00a0The Rio Times, <a class=\"mh-excerpt-more\" href=\"https:\/\/rioonwatch.org.br\/?p=50066\" title=\"O P\u00f3s-Covid-19 nas Favelas e Periferias: Novos Paradigmas Sociais e Econ\u00f4micos\">[&#8230;]<\/a><!-- AddThis Advanced Settings generic via filter on get_the_excerpt --><!-- AddThis Share Buttons generic via filter on get_the_excerpt --><\/p>\n<\/div>","protected":false},"author":167,"featured_media":50239,"comment_status":"closed","ping_status":"closed","sticky":false,"template":"","format":"standard","meta":{"_acf_changed":false,"_monsterinsights_skip_tracking":false,"_monsterinsights_sitenote_active":false,"_monsterinsights_sitenote_note":"","_monsterinsights_sitenote_category":0,"footnotes":""},"categories":[2753,1621,1625,344],"tags":[299,959,2814,1597,554,1564,2748,413,338,2070,1091,687,42,1372,599,1151,961,358,2022,838,2530,231,112,294,672,2991,578,184],"writer":[2644],"translator":[],"source":[],"ilustrador":[],"fotografo":[],"class_list":{"0":"post-50066","1":"post","2":"type-post","3":"status-publish","4":"format-standard","5":"has-post-thumbnail","7":"category-covid19nasfavelas","8":"category-destaque","9":"category-por-correspondentes-comunitarios","10":"category-politicas","11":"tag-alimentacao","12":"tag-baixada-fluminense","13":"tag-bolsonaro-sabota-prevencao-a-covid-19","14":"tag-casa-fluminense","15":"tag-cidade-de-deus","16":"tag-congresso","17":"tag-coronavirus","18":"tag-desigualdade","19":"tag-direito","20":"tag-direito-a-educacao","21":"tag-duque-de-caxias","22":"tag-economia","23":"tag-genero","24":"tag-grande-rio","25":"tag-jacarezinho","26":"tag-organizacao","27":"tag-nova-iguacu","28":"tag-organizacao-comunitaria","29":"tag-parque-das-missoes","30":"tag-politica-publica","31":"tag-renda-basica-da-cidadania-universal","32":"tag-sao-goncalo","33":"tag-sao-joao-de-meriti","34":"tag-saude","35":"tag-seguranca-publica","36":"tag-serie-em-parceria-com-the-rio-times","37":"tag-trabalho-e-renda","38":"tag-zona-oeste","39":"writer-thabara-garcia"},"acf":[],"yoast_head":"<!-- This site is optimized with the Yoast SEO plugin v25.6 - https:\/\/yoast.com\/wordpress\/plugins\/seo\/ -->\n<title>O P\u00f3s-Covid-19 nas Favelas e Periferias: Novos Paradigmas Sociais e Econ\u00f4micos - RioOnWatch<\/title>\n<meta name=\"robots\" content=\"index, follow, max-snippet:-1, max-image-preview:large, max-video-preview:-1\" \/>\n<link rel=\"canonical\" href=\"https:\/\/rioonwatch.org.br\/?p=50066\" \/>\n<meta property=\"og:locale\" content=\"pt_BR\" \/>\n<meta property=\"og:type\" content=\"article\" \/>\n<meta property=\"og:title\" content=\"O P\u00f3s-Covid-19 nas Favelas e Periferias: Novos Paradigmas Sociais e Econ\u00f4micos - RioOnWatch\" \/>\n<meta property=\"og:description\" content=\"Click Here for English Esta \u00e9 nossa mat\u00e9ria mais recente sobre\u00a0o novo coronav\u00edrus e seus impactos sobre as favelas e parte de nossa parceria com o\u00a0The Rio Times. Para a mat\u00e9ria publicada no\u00a0The Rio Times, [...]\" \/>\n<meta property=\"og:url\" content=\"https:\/\/rioonwatch.org.br\/?p=50066\" \/>\n<meta property=\"og:site_name\" content=\"RioOnWatch\" \/>\n<meta property=\"article:published_time\" content=\"2020-09-02T18:02:58+00:00\" \/>\n<meta property=\"article:modified_time\" content=\"2021-01-26T12:52:52+00:00\" \/>\n<meta property=\"og:image\" content=\"https:\/\/rioonwatch.org.br\/wp-content\/uploads\/2020\/08\/Fabi-em-um-oficina-de-leitura-com-crian\u00e7as-de-sua-comunidade.-Foto-por-Fabi.-e1599070115545.jpg\" \/>\n\t<meta property=\"og:image:width\" content=\"552\" \/>\n\t<meta property=\"og:image:height\" content=\"457\" \/>\n\t<meta property=\"og:image:type\" content=\"image\/jpeg\" \/>\n<meta name=\"author\" content=\"Julio Santos Filho\" \/>\n<meta name=\"twitter:card\" content=\"summary_large_image\" \/>\n<meta name=\"twitter:label1\" content=\"Escrito por\" \/>\n\t<meta name=\"twitter:data1\" content=\"Julio Santos Filho\" \/>\n\t<meta name=\"twitter:label2\" content=\"Est. tempo de leitura\" \/>\n\t<meta name=\"twitter:data2\" content=\"9 minutos\" \/>\n<script type=\"application\/ld+json\" class=\"yoast-schema-graph\">{\"@context\":\"https:\/\/schema.org\",\"@graph\":[{\"@type\":\"Article\",\"@id\":\"https:\/\/rioonwatch.org.br\/?p=50066#article\",\"isPartOf\":{\"@id\":\"https:\/\/rioonwatch.org.br\/?p=50066\"},\"author\":{\"name\":\"Julio Santos Filho\",\"@id\":\"https:\/\/rioonwatch.org.br\/#\/schema\/person\/476bc75767957d3535b65b796667cd36\"},\"headline\":\"O P\u00f3s-Covid-19 nas Favelas e Periferias: Novos Paradigmas Sociais e Econ\u00f4micos\",\"datePublished\":\"2020-09-02T18:02:58+00:00\",\"dateModified\":\"2021-01-26T12:52:52+00:00\",\"mainEntityOfPage\":{\"@id\":\"https:\/\/rioonwatch.org.br\/?p=50066\"},\"wordCount\":1857,\"publisher\":{\"@id\":\"https:\/\/rioonwatch.org.br\/#organization\"},\"image\":{\"@id\":\"https:\/\/rioonwatch.org.br\/?p=50066#primaryimage\"},\"thumbnailUrl\":\"https:\/\/rioonwatch.org.br\/wp-content\/uploads\/2020\/09\/620-Fabi-em-um-oficina-de-leitura-com-crianc\u0327as-de-sua-comunidade.-Foto-por-Fabi.jpg\",\"keywords\":[\"alimenta\u00e7\u00e3o\",\"Baixada Fluminense\",\"Bolsonaro sabota preven\u00e7\u00e3o \u00e0 Covid-19\",\"Casa Fluminense\",\"Cidade de Deus\",\"Congresso\",\"coronav\u00edrus\",\"desigualdade\",\"direito\",\"direito \u00e0 educa\u00e7\u00e3o\",\"Duque de Caxias\",\"economia\",\"g\u00eanero\",\"Grande Rio\",\"Jacarezinho\",\"mobiliza\u00e7\u00e3o\",\"Nova Igua\u00e7u\",\"organiza\u00e7\u00e3o comunit\u00e1ria\",\"Parque das Miss\u00f5es\",\"pol\u00edtica p\u00fablica\",\"Renda B\u00e1sica da Cidadania Universal\",\"S\u00e3o Gon\u00e7alo\",\"S\u00e3o Jo\u00e3o de Meriti\",\"sa\u00fade\",\"seguran\u00e7a p\u00fablica\",\"S\u00e9rie: Em parceria com The Rio Times\",\"Trabalho e renda\",\"Zona Oeste\"],\"articleSection\":[\"#Covid19NasFavelas\",\"*Destaque\",\"Escrito por Comunicadores Populares\",\"Pol\u00edticas\"],\"inLanguage\":\"pt-BR\"},{\"@type\":\"WebPage\",\"@id\":\"https:\/\/rioonwatch.org.br\/?p=50066\",\"url\":\"https:\/\/rioonwatch.org.br\/?p=50066\",\"name\":\"O P\u00f3s-Covid-19 nas Favelas e Periferias: Novos Paradigmas Sociais e Econ\u00f4micos - RioOnWatch\",\"isPartOf\":{\"@id\":\"https:\/\/rioonwatch.org.br\/#website\"},\"primaryImageOfPage\":{\"@id\":\"https:\/\/rioonwatch.org.br\/?p=50066#primaryimage\"},\"image\":{\"@id\":\"https:\/\/rioonwatch.org.br\/?p=50066#primaryimage\"},\"thumbnailUrl\":\"https:\/\/rioonwatch.org.br\/wp-content\/uploads\/2020\/09\/620-Fabi-em-um-oficina-de-leitura-com-crianc\u0327as-de-sua-comunidade.-Foto-por-Fabi.jpg\",\"datePublished\":\"2020-09-02T18:02:58+00:00\",\"dateModified\":\"2021-01-26T12:52:52+00:00\",\"breadcrumb\":{\"@id\":\"https:\/\/rioonwatch.org.br\/?p=50066#breadcrumb\"},\"inLanguage\":\"pt-BR\",\"potentialAction\":[{\"@type\":\"ReadAction\",\"target\":[\"https:\/\/rioonwatch.org.br\/?p=50066\"]}]},{\"@type\":\"ImageObject\",\"inLanguage\":\"pt-BR\",\"@id\":\"https:\/\/rioonwatch.org.br\/?p=50066#primaryimage\",\"url\":\"https:\/\/rioonwatch.org.br\/wp-content\/uploads\/2020\/09\/620-Fabi-em-um-oficina-de-leitura-com-crianc\u0327as-de-sua-comunidade.-Foto-por-Fabi.jpg\",\"contentUrl\":\"https:\/\/rioonwatch.org.br\/wp-content\/uploads\/2020\/09\/620-Fabi-em-um-oficina-de-leitura-com-crianc\u0327as-de-sua-comunidade.-Foto-por-Fabi.jpg\",\"width\":620,\"height\":457,\"caption\":\"Fabi em um oficina de leitura com crian\u00e7as de sua comunidade. Foto por Fabi.\"},{\"@type\":\"BreadcrumbList\",\"@id\":\"https:\/\/rioonwatch.org.br\/?p=50066#breadcrumb\",\"itemListElement\":[{\"@type\":\"ListItem\",\"position\":1,\"name\":\"In\u00edcio\",\"item\":\"https:\/\/rioonwatch.org.br\/\"},{\"@type\":\"ListItem\",\"position\":2,\"name\":\"O P\u00f3s-Covid-19 nas Favelas e Periferias: Novos Paradigmas Sociais e Econ\u00f4micos\"}]},{\"@type\":\"WebSite\",\"@id\":\"https:\/\/rioonwatch.org.br\/#website\",\"url\":\"https:\/\/rioonwatch.org.br\/\",\"name\":\"RioOnWatch\",\"description\":\"relatos das favelas cariocas\",\"publisher\":{\"@id\":\"https:\/\/rioonwatch.org.br\/#organization\"},\"potentialAction\":[{\"@type\":\"SearchAction\",\"target\":{\"@type\":\"EntryPoint\",\"urlTemplate\":\"https:\/\/rioonwatch.org.br\/?s={search_term_string}\"},\"query-input\":{\"@type\":\"PropertyValueSpecification\",\"valueRequired\":true,\"valueName\":\"search_term_string\"}}],\"inLanguage\":\"pt-BR\"},{\"@type\":\"Organization\",\"@id\":\"https:\/\/rioonwatch.org.br\/#organization\",\"name\":\"RioOnWatch\",\"url\":\"https:\/\/rioonwatch.org.br\/\",\"logo\":{\"@type\":\"ImageObject\",\"inLanguage\":\"pt-BR\",\"@id\":\"https:\/\/rioonwatch.org.br\/#\/schema\/logo\/image\/\",\"url\":\"https:\/\/rioonwatch.org.br\/wp-content\/uploads\/2021\/06\/RioOnWatchcabecalhoPT11anos-2.png\",\"contentUrl\":\"https:\/\/rioonwatch.org.br\/wp-content\/uploads\/2021\/06\/RioOnWatchcabecalhoPT11anos-2.png\",\"width\":779,\"height\":277,\"caption\":\"RioOnWatch\"},\"image\":{\"@id\":\"https:\/\/rioonwatch.org.br\/#\/schema\/logo\/image\/\"}},{\"@type\":\"Person\",\"@id\":\"https:\/\/rioonwatch.org.br\/#\/schema\/person\/476bc75767957d3535b65b796667cd36\",\"name\":\"Julio Santos Filho\",\"image\":{\"@type\":\"ImageObject\",\"inLanguage\":\"pt-BR\",\"@id\":\"https:\/\/rioonwatch.org.br\/#\/schema\/person\/image\/\",\"url\":\"https:\/\/secure.gravatar.com\/avatar\/ca138f7666182a292a8ce4ca14fb81f8?s=96&d=blank&r=g\",\"contentUrl\":\"https:\/\/secure.gravatar.com\/avatar\/ca138f7666182a292a8ce4ca14fb81f8?s=96&d=blank&r=g\",\"caption\":\"Julio Santos Filho\"},\"url\":\"https:\/\/rioonwatch.org.br\/?author=167\"}]}<\/script>\n<!-- \/ Yoast SEO plugin. -->","yoast_head_json":{"title":"O P\u00f3s-Covid-19 nas Favelas e Periferias: Novos Paradigmas Sociais e Econ\u00f4micos - RioOnWatch","robots":{"index":"index","follow":"follow","max-snippet":"max-snippet:-1","max-image-preview":"max-image-preview:large","max-video-preview":"max-video-preview:-1"},"canonical":"https:\/\/rioonwatch.org.br\/?p=50066","og_locale":"pt_BR","og_type":"article","og_title":"O P\u00f3s-Covid-19 nas Favelas e Periferias: Novos Paradigmas Sociais e Econ\u00f4micos - RioOnWatch","og_description":"Click Here for English Esta \u00e9 nossa mat\u00e9ria mais recente sobre\u00a0o novo coronav\u00edrus e seus impactos sobre as favelas e parte de nossa parceria com o\u00a0The Rio Times. Para a mat\u00e9ria publicada no\u00a0The Rio Times, [...]","og_url":"https:\/\/rioonwatch.org.br\/?p=50066","og_site_name":"RioOnWatch","article_published_time":"2020-09-02T18:02:58+00:00","article_modified_time":"2021-01-26T12:52:52+00:00","og_image":[{"width":552,"height":457,"url":"https:\/\/rioonwatch.org.br\/wp-content\/uploads\/2020\/08\/Fabi-em-um-oficina-de-leitura-com-crian\u00e7as-de-sua-comunidade.-Foto-por-Fabi.-e1599070115545.jpg","type":"image\/jpeg"}],"author":"Julio Santos Filho","twitter_card":"summary_large_image","twitter_misc":{"Escrito por":"Julio Santos Filho","Est. tempo de leitura":"9 minutos"},"schema":{"@context":"https:\/\/schema.org","@graph":[{"@type":"Article","@id":"https:\/\/rioonwatch.org.br\/?p=50066#article","isPartOf":{"@id":"https:\/\/rioonwatch.org.br\/?p=50066"},"author":{"name":"Julio Santos Filho","@id":"https:\/\/rioonwatch.org.br\/#\/schema\/person\/476bc75767957d3535b65b796667cd36"},"headline":"O P\u00f3s-Covid-19 nas Favelas e Periferias: Novos Paradigmas Sociais e Econ\u00f4micos","datePublished":"2020-09-02T18:02:58+00:00","dateModified":"2021-01-26T12:52:52+00:00","mainEntityOfPage":{"@id":"https:\/\/rioonwatch.org.br\/?p=50066"},"wordCount":1857,"publisher":{"@id":"https:\/\/rioonwatch.org.br\/#organization"},"image":{"@id":"https:\/\/rioonwatch.org.br\/?p=50066#primaryimage"},"thumbnailUrl":"https:\/\/rioonwatch.org.br\/wp-content\/uploads\/2020\/09\/620-Fabi-em-um-oficina-de-leitura-com-crianc\u0327as-de-sua-comunidade.-Foto-por-Fabi.jpg","keywords":["alimenta\u00e7\u00e3o","Baixada Fluminense","Bolsonaro sabota preven\u00e7\u00e3o \u00e0 Covid-19","Casa Fluminense","Cidade de Deus","Congresso","coronav\u00edrus","desigualdade","direito","direito \u00e0 educa\u00e7\u00e3o","Duque de Caxias","economia","g\u00eanero","Grande Rio","Jacarezinho","mobiliza\u00e7\u00e3o","Nova Igua\u00e7u","organiza\u00e7\u00e3o comunit\u00e1ria","Parque das Miss\u00f5es","pol\u00edtica p\u00fablica","Renda B\u00e1sica da Cidadania Universal","S\u00e3o Gon\u00e7alo","S\u00e3o Jo\u00e3o de Meriti","sa\u00fade","seguran\u00e7a p\u00fablica","S\u00e9rie: Em parceria com The Rio Times","Trabalho e renda","Zona Oeste"],"articleSection":["#Covid19NasFavelas","*Destaque","Escrito por Comunicadores Populares","Pol\u00edticas"],"inLanguage":"pt-BR"},{"@type":"WebPage","@id":"https:\/\/rioonwatch.org.br\/?p=50066","url":"https:\/\/rioonwatch.org.br\/?p=50066","name":"O P\u00f3s-Covid-19 nas Favelas e Periferias: Novos Paradigmas Sociais e Econ\u00f4micos - RioOnWatch","isPartOf":{"@id":"https:\/\/rioonwatch.org.br\/#website"},"primaryImageOfPage":{"@id":"https:\/\/rioonwatch.org.br\/?p=50066#primaryimage"},"image":{"@id":"https:\/\/rioonwatch.org.br\/?p=50066#primaryimage"},"thumbnailUrl":"https:\/\/rioonwatch.org.br\/wp-content\/uploads\/2020\/09\/620-Fabi-em-um-oficina-de-leitura-com-crianc\u0327as-de-sua-comunidade.-Foto-por-Fabi.jpg","datePublished":"2020-09-02T18:02:58+00:00","dateModified":"2021-01-26T12:52:52+00:00","breadcrumb":{"@id":"https:\/\/rioonwatch.org.br\/?p=50066#breadcrumb"},"inLanguage":"pt-BR","potentialAction":[{"@type":"ReadAction","target":["https:\/\/rioonwatch.org.br\/?p=50066"]}]},{"@type":"ImageObject","inLanguage":"pt-BR","@id":"https:\/\/rioonwatch.org.br\/?p=50066#primaryimage","url":"https:\/\/rioonwatch.org.br\/wp-content\/uploads\/2020\/09\/620-Fabi-em-um-oficina-de-leitura-com-crianc\u0327as-de-sua-comunidade.-Foto-por-Fabi.jpg","contentUrl":"https:\/\/rioonwatch.org.br\/wp-content\/uploads\/2020\/09\/620-Fabi-em-um-oficina-de-leitura-com-crianc\u0327as-de-sua-comunidade.-Foto-por-Fabi.jpg","width":620,"height":457,"caption":"Fabi em um oficina de leitura com crian\u00e7as de sua comunidade. Foto por Fabi."},{"@type":"BreadcrumbList","@id":"https:\/\/rioonwatch.org.br\/?p=50066#breadcrumb","itemListElement":[{"@type":"ListItem","position":1,"name":"In\u00edcio","item":"https:\/\/rioonwatch.org.br\/"},{"@type":"ListItem","position":2,"name":"O P\u00f3s-Covid-19 nas Favelas e Periferias: Novos Paradigmas Sociais e Econ\u00f4micos"}]},{"@type":"WebSite","@id":"https:\/\/rioonwatch.org.br\/#website","url":"https:\/\/rioonwatch.org.br\/","name":"RioOnWatch","description":"relatos das favelas cariocas","publisher":{"@id":"https:\/\/rioonwatch.org.br\/#organization"},"potentialAction":[{"@type":"SearchAction","target":{"@type":"EntryPoint","urlTemplate":"https:\/\/rioonwatch.org.br\/?s={search_term_string}"},"query-input":{"@type":"PropertyValueSpecification","valueRequired":true,"valueName":"search_term_string"}}],"inLanguage":"pt-BR"},{"@type":"Organization","@id":"https:\/\/rioonwatch.org.br\/#organization","name":"RioOnWatch","url":"https:\/\/rioonwatch.org.br\/","logo":{"@type":"ImageObject","inLanguage":"pt-BR","@id":"https:\/\/rioonwatch.org.br\/#\/schema\/logo\/image\/","url":"https:\/\/rioonwatch.org.br\/wp-content\/uploads\/2021\/06\/RioOnWatchcabecalhoPT11anos-2.png","contentUrl":"https:\/\/rioonwatch.org.br\/wp-content\/uploads\/2021\/06\/RioOnWatchcabecalhoPT11anos-2.png","width":779,"height":277,"caption":"RioOnWatch"},"image":{"@id":"https:\/\/rioonwatch.org.br\/#\/schema\/logo\/image\/"}},{"@type":"Person","@id":"https:\/\/rioonwatch.org.br\/#\/schema\/person\/476bc75767957d3535b65b796667cd36","name":"Julio Santos Filho","image":{"@type":"ImageObject","inLanguage":"pt-BR","@id":"https:\/\/rioonwatch.org.br\/#\/schema\/person\/image\/","url":"https:\/\/secure.gravatar.com\/avatar\/ca138f7666182a292a8ce4ca14fb81f8?s=96&d=blank&r=g","contentUrl":"https:\/\/secure.gravatar.com\/avatar\/ca138f7666182a292a8ce4ca14fb81f8?s=96&d=blank&r=g","caption":"Julio Santos Filho"},"url":"https:\/\/rioonwatch.org.br\/?author=167"}]}},"_links":{"self":[{"href":"https:\/\/rioonwatch.org.br\/index.php?rest_route=\/wp\/v2\/posts\/50066"}],"collection":[{"href":"https:\/\/rioonwatch.org.br\/index.php?rest_route=\/wp\/v2\/posts"}],"about":[{"href":"https:\/\/rioonwatch.org.br\/index.php?rest_route=\/wp\/v2\/types\/post"}],"author":[{"embeddable":true,"href":"https:\/\/rioonwatch.org.br\/index.php?rest_route=\/wp\/v2\/users\/167"}],"replies":[{"embeddable":true,"href":"https:\/\/rioonwatch.org.br\/index.php?rest_route=%2Fwp%2Fv2%2Fcomments&post=50066"}],"version-history":[{"count":36,"href":"https:\/\/rioonwatch.org.br\/index.php?rest_route=\/wp\/v2\/posts\/50066\/revisions"}],"predecessor-version":[{"id":53303,"href":"https:\/\/rioonwatch.org.br\/index.php?rest_route=\/wp\/v2\/posts\/50066\/revisions\/53303"}],"wp:featuredmedia":[{"embeddable":true,"href":"https:\/\/rioonwatch.org.br\/index.php?rest_route=\/wp\/v2\/media\/50239"}],"wp:attachment":[{"href":"https:\/\/rioonwatch.org.br\/index.php?rest_route=%2Fwp%2Fv2%2Fmedia&parent=50066"}],"wp:term":[{"taxonomy":"category","embeddable":true,"href":"https:\/\/rioonwatch.org.br\/index.php?rest_route=%2Fwp%2Fv2%2Fcategories&post=50066"},{"taxonomy":"post_tag","embeddable":true,"href":"https:\/\/rioonwatch.org.br\/index.php?rest_route=%2Fwp%2Fv2%2Ftags&post=50066"},{"taxonomy":"writer","embeddable":true,"href":"https:\/\/rioonwatch.org.br\/index.php?rest_route=%2Fwp%2Fv2%2Fwriter&post=50066"},{"taxonomy":"translator","embeddable":true,"href":"https:\/\/rioonwatch.org.br\/index.php?rest_route=%2Fwp%2Fv2%2Ftranslator&post=50066"},{"taxonomy":"source","embeddable":true,"href":"https:\/\/rioonwatch.org.br\/index.php?rest_route=%2Fwp%2Fv2%2Fsource&post=50066"},{"taxonomy":"ilustrador","embeddable":true,"href":"https:\/\/rioonwatch.org.br\/index.php?rest_route=%2Fwp%2Fv2%2Filustrador&post=50066"},{"taxonomy":"fotografo","embeddable":true,"href":"https:\/\/rioonwatch.org.br\/index.php?rest_route=%2Fwp%2Fv2%2Ffotografo&post=50066"}],"curies":[{"name":"wp","href":"https:\/\/api.w.org\/{rel}","templated":true}]}}