{"id":50208,"date":"2020-09-04T13:37:34","date_gmt":"2020-09-04T16:37:34","guid":{"rendered":"https:\/\/rioonwatch.org.br\/?p=50208"},"modified":"2022-06-15T15:10:09","modified_gmt":"2022-06-15T18:10:09","slug":"a-reinvencao-das-artesas-de-favelas-durante-a-pandemia-video","status":"publish","type":"post","link":"https:\/\/rioonwatch.org.br\/?p=50208","title":{"rendered":"A Reinven\u00e7\u00e3o das Artes\u00e3s de Favelas Durante a Pandemia [V\u00cdDEO]"},"content":{"rendered":"<p style=\"text-align: right;\"><em><strong><a href=\"https:\/\/bit.ly\/2QIFBAs\" target=\"_blank\" rel=\"noopener noreferrer\">Click Here for English<\/a><a href=\"https:\/\/bit.ly\/2QIFBAs\" target=\"_blank\" rel=\"noopener noreferrer\"><img decoding=\"async\" width=\"20\" height=\"20\" class=\"alignright wp-image-15790\" src=\"https:\/\/rioonwatch.org.br\/wp-content\/uploads\/2012\/08\/EN-standard-e1439583104716.jpg\" \/><\/a><\/strong><\/em><\/p>\n<p><i data-stringify-type=\"italic\">Esta \u00e9 nossa mat\u00e9ria mais recente sobre\u00a0<\/i><i data-stringify-type=\"italic\"><a class=\"c-link\" href=\"http:\/\/bit.ly\/Covid19NasFavelas\" target=\"_blank\" rel=\"noopener noreferrer\" data-stringify-link=\"http:\/\/bit.ly\/Covid19NasFavelas\" data-sk=\"tooltip_parent\">o novo coronav\u00edrus e seus impactos sobre as favelas<\/a><\/i><i data-stringify-type=\"italic\">\u00a0e tamb\u00e9m da\u00a0<\/i><i data-stringify-type=\"italic\"><a class=\"c-link\" href=\"https:\/\/bit.ly\/LivesCovidFavelas\" target=\"_blank\" rel=\"noopener noreferrer\" data-stringify-link=\"https:\/\/bit.ly\/LivesCovidFavelas\" data-sk=\"tooltip_parent\" aria-describedby=\"sk-tooltip-1582\">s\u00e9rie LIVES Covid-19 nas Favelas<\/a><\/i><i data-stringify-type=\"italic\">.<\/i><\/p>\n<p>No dia 17 de agosto, o Grupo de Trabalho de Gera\u00e7\u00e3o de Renda da <a href=\"http:\/\/bit.ly\/PerfisRFS\" target=\"_blank\" rel=\"noopener noreferrer\">Rede Favela Sustent\u00e1vel<\/a> (RFS)* realizou a aula p\u00fablica online \u201cComo as Artes\u00e3s de Favelas Podem se Reinventar na Pandemia?\u201d O evento, realizado no Zoom e transmitido ao vivo no Facebook, contou com a presen\u00e7a de artes\u00e3s, ativistas e educadores que debateram os desafios apresentados por tempos t\u00e3o incertos, a necessidade de adapta\u00e7\u00e3o e a <a href=\"https:\/\/bit.ly\/32MgT7K\" target=\"_blank\" rel=\"noopener noreferrer\">import\u00e2ncia de trabalharem em redes e grupos<\/a>.<\/p>\n<p><a href=\"https:\/\/rioonwatch.org.br\/wp-content\/uploads\/2020\/09\/maquina-de-costura-Valdirene.jpg\"><img fetchpriority=\"high\" decoding=\"async\" class=\"alignright wp-image-50211\" title=\"M\u00e1quina de costura por Valdirene Milit\u00e3o\" src=\"https:\/\/rioonwatch.org.br\/wp-content\/uploads\/2020\/09\/maquina-de-costura-Valdirene.jpg\" alt=\"\" width=\"300\" height=\"169\" srcset=\"https:\/\/rioonwatch.org.br\/wp-content\/uploads\/2020\/09\/maquina-de-costura-Valdirene.jpg 2560w, https:\/\/rioonwatch.org.br\/wp-content\/uploads\/2020\/09\/maquina-de-costura-Valdirene-620x349.jpg 620w, https:\/\/rioonwatch.org.br\/wp-content\/uploads\/2020\/09\/maquina-de-costura-Valdirene-1024x576.jpg 1024w, https:\/\/rioonwatch.org.br\/wp-content\/uploads\/2020\/09\/maquina-de-costura-Valdirene-469x264.jpg 469w, https:\/\/rioonwatch.org.br\/wp-content\/uploads\/2020\/09\/maquina-de-costura-Valdirene-768x432.jpg 768w, https:\/\/rioonwatch.org.br\/wp-content\/uploads\/2020\/09\/maquina-de-costura-Valdirene-1536x864.jpg 1536w, https:\/\/rioonwatch.org.br\/wp-content\/uploads\/2020\/09\/maquina-de-costura-Valdirene-2048x1152.jpg 2048w, https:\/\/rioonwatch.org.br\/wp-content\/uploads\/2020\/09\/maquina-de-costura-Valdirene-580x326.jpg 580w, https:\/\/rioonwatch.org.br\/wp-content\/uploads\/2020\/09\/maquina-de-costura-Valdirene-174x98.jpg 174w\" sizes=\"(max-width: 300px) 100vw, 300px\" \/><\/a>O debate<span style=\"color: #000000;\"> foi moderado por Fernanda Garcia, comunicadora do <a href=\"http:\/\/bit.ly\/2wIyn5a\" target=\"_blank\" rel=\"noopener noreferrer\">Complexo do Alem\u00e3o<\/a>.<\/span> Entre os palestrantes estavam Alessandra Filgueira, moradora de S\u00e3o Bento, <a href=\"http:\/\/bit.ly\/2ZjNemE\" target=\"_blank\" rel=\"noopener noreferrer\">Duque de Caxias<\/a> e integrante da Associa\u00e7\u00e3o de Mulheres de Atitude e Compromisso Social (<a href=\"http:\/\/bit.ly\/2KM0CYS\" target=\"_blank\" rel=\"noopener noreferrer\">AMAC<\/a>); Geiza de Andrade, moradora da <a href=\"http:\/\/bit.ly\/37IrrGD\" target=\"_blank\" rel=\"noopener noreferrer\">Vila Kennedy<\/a> em <a href=\"http:\/\/bit.ly\/2ZnT1DC\" target=\"_blank\" rel=\"noopener noreferrer\">Bangu<\/a>, <a href=\"http:\/\/bit.ly\/2x3k8bw\" target=\"_blank\" rel=\"noopener noreferrer\">Zona Oeste<\/a>, e fundadora do Projeto Marias em A\u00e7\u00e3o e da sua pr\u00f3pria linha de artesanato; Robson Patroc\u00ednio, coordenador do projeto de Economia Solidaria para Seguran\u00e7a Alimentar e Nutricional da <a href=\"https:\/\/bit.ly\/2WWkKw0\" target=\"_blank\" rel=\"noopener noreferrer\">Fiocruz<\/a>; Clarice Cavalcante, co-fundadora do <a href=\"http:\/\/bit.ly\/2BpG2YQ\" target=\"_blank\" rel=\"noopener noreferrer\">Devas &#8211; Artes\u00e3s da Mar\u00e9<\/a> na\u00a0<a href=\"http:\/\/bit.ly\/31j24rI\" target=\"_blank\" rel=\"noopener noreferrer\">Nova Holanda<\/a>, no Complexo da Mar\u00e9; Bruna Salvador, moradora de Duque de Caxias, artes\u00e3 que trabalha com materiais reciclados e integrante do Movimento Alternativo Libert\u00e1rio e Organizado em Prol da Cidadania (<a href=\"http:\/\/bit.ly\/38QXgN4\" target=\"_blank\" rel=\"noopener noreferrer\">MALOCA<\/a>); Paulo Almeida, volunt\u00e1rio da Assessoria e Planejamento para Desenvolvimento (<a href=\"https:\/\/bit.ly\/3lfJ1so\" target=\"_blank\" rel=\"noopener noreferrer\">Asplande)<\/a>, que proporciona apoio administrativo e financeiro a empreendedores; Ana Claudia Neves, fundadora do <a href=\"https:\/\/bit.ly\/3gsKojP\" target=\"_blank\" rel=\"noopener noreferrer\">Cria\u00e7\u00f5es by Ana<\/a> e ex-catadora do <a href=\"https:\/\/bit.ly\/31OS3Vq\" target=\"_blank\" rel=\"noopener noreferrer\">Jardim Gramacho<\/a>; Valdirene Milit\u00e3o, moradora da Mar\u00e9, artes\u00e3 que trabalha com materiais descartados e fundadora da linha Carioca Tem Arte; e Sara Dantas, instrutora de neg\u00f3cios e mentora do <a href=\"https:\/\/bit.ly\/2FLEZYm\" target=\"_blank\" rel=\"noopener noreferrer\">Instituto de Forma\u00e7\u00e3o Empreendedora<\/a>.<\/p>\n<p>Devido \u00e0 pandemia, as artes\u00e3s foram for\u00e7adas a ajustar seus m\u00e9todos de neg\u00f3cios para poderem continuar produzindo e vendendo seus produtos. Al\u00e9m disso, como explicou Geiza de Andrade, a crise do desemprego levou mais moradores de favelas a experimentarem o artesanato: &#8220;<span style=\"font-weight: 400;\">Muitas profissionais que tinham contato f\u00edsico se viram desempregadas, e muitas pessoas viram no artesanato uma forma de gerar renda<\/span>&#8220;.<\/p>\n<p><a href=\"https:\/\/rioonwatch.org.br\/wp-content\/uploads\/2020\/09\/VIVO-RFS-.jpg\"><img decoding=\"async\" class=\"aligncenter wp-image-50212 size-content\" title=\"Aula p\u00fablica: Como as Artes\u00e3s de Favela Podem se Reinventar na Pandemia?\" src=\"https:\/\/rioonwatch.org.br\/wp-content\/uploads\/2020\/09\/VIVO-RFS--620x264.jpg\" alt=\"\" width=\"620\" height=\"264\" srcset=\"https:\/\/rioonwatch.org.br\/wp-content\/uploads\/2020\/09\/VIVO-RFS--620x264.jpg 620w, https:\/\/rioonwatch.org.br\/wp-content\/uploads\/2020\/09\/VIVO-RFS--940x400.jpg 940w\" sizes=\"(max-width: 620px) 100vw, 620px\" \/><\/a><\/p>\n<p>Para Valdirene Milit\u00e3o, as artes\u00e3s s\u00e3o especialmente aptas, devido \u00e0 natureza criativa e inovadora de sua profiss\u00e3o, a se ajustarem e aproveitarem ao m\u00e1ximo qualquer situa\u00e7\u00e3o: &#8220;<span style=\"font-weight: 400;\">Nesta pandemia, ou a gente surta ou a gente cria<\/span>&#8220;. Ela explicou como as artes\u00e3s est\u00e3o acostumadas a encontrarem o lado positivo no que a maioria das pessoas v\u00ea como circunst\u00e2ncias totalmente negativas, referindo-se ao seu pr\u00f3prio trabalho: &#8220;<span style=\"font-weight: 400;\">As pessoas acham que algo \u00e9 lixo, mas eu vejo material utiliz\u00e1vel<\/span>&#8220;. Bruna Salvador ecoou esses sentimentos, dizendo que ela &#8220;transforma o lixo em luxo&#8221;.<\/p>\n<p>As artes\u00e3s fazem parte do movimento em prol da <a href=\"https:\/\/bit.ly\/3jAGW8I\" target=\"_blank\" rel=\"noopener noreferrer\">economia solid\u00e1ria<\/a> do Rio de Janeiro, e os palestrantes enfatizaram a import\u00e2ncia de como esta <a href=\"https:\/\/bit.ly\/3bk6e82\" target=\"_blank\" rel=\"noopener noreferrer\">economia se dedica a melhorar diretamente a vida dos que nela trabalham<\/a>. Robson Patroc\u00ednio explicou: &#8220;A <a href=\"https:\/\/bit.ly\/2DmMX9H\" target=\"_blank\" rel=\"noopener noreferrer\">economia solid\u00e1ria<\/a> <span style=\"font-weight: 400;\">pensa a pessoa como centro. \u00c9 um outro modo de estar no mundo, que vai para al\u00e9m da comercializa\u00e7\u00e3o&#8221;.<\/span><\/p>\n<p><a href=\"https:\/\/rioonwatch.org.br\/wp-content\/uploads\/2020\/09\/Mascaras-Valdirene.jpg\"><img loading=\"lazy\" decoding=\"async\" class=\"alignright wp-image-50213\" title=\"M\u00e1scaras de retalhos por Valdirene Milit\u00e3o.\" src=\"https:\/\/rioonwatch.org.br\/wp-content\/uploads\/2020\/09\/Mascaras-Valdirene.jpg\" alt=\"\" width=\"300\" height=\"391\" srcset=\"https:\/\/rioonwatch.org.br\/wp-content\/uploads\/2020\/09\/Mascaras-Valdirene.jpg 1080w, https:\/\/rioonwatch.org.br\/wp-content\/uploads\/2020\/09\/Mascaras-Valdirene-475x620.jpg 475w, https:\/\/rioonwatch.org.br\/wp-content\/uploads\/2020\/09\/Mascaras-Valdirene-785x1024.jpg 785w, https:\/\/rioonwatch.org.br\/wp-content\/uploads\/2020\/09\/Mascaras-Valdirene-202x264.jpg 202w, https:\/\/rioonwatch.org.br\/wp-content\/uploads\/2020\/09\/Mascaras-Valdirene-768x1002.jpg 768w\" sizes=\"(max-width: 300px) 100vw, 300px\" \/><\/a><\/p>\n<p>Uma oportunidade em especial que a pandemia apresentou foi o s\u00fabito boom na demanda por m\u00e1scaras. Muitas artes\u00e3s de favelas, treinadas em costura, come\u00e7aram a produzir m\u00e1scaras para suas comunidades e para al\u00e9m delas, o que se tornou uma \u00f3tima maneira para as artes\u00e3s manterem a estabilidade financeira. Falando de sua pr\u00f3pria reinven\u00e7\u00e3o, Ana Claudia Neves, que normalmente faz chaveiros e bolsas, explicou: &#8220;<span style=\"font-weight: 400;\">Uma amiga minha [me] falou: &#8216;Por que voc\u00ea n\u00e3o come\u00e7a a produzir m\u00e1scaras?&#8217; Ela me ajudou e eu comecei a fazer as m\u00e1scaras. Foi uma inje\u00e7\u00e3o de \u00e2nimo para mim&#8221;.<\/span><\/p>\n<p>Diversas artes\u00e3s produziram m\u00e1scaras em algum momento durante a pandemia, com muitos de seus produtos doados \u00e0s comunidades, tendo em vista o interesse da <a href=\"http:\/\/bit.ly\/2pOMt4Q\" target=\"_blank\" rel=\"noopener noreferrer\">sa\u00fade p\u00fablica<\/a>. Valdirene, por exemplo, <a href=\"https:\/\/bit.ly\/2DKYXBT\" target=\"_blank\" rel=\"noopener noreferrer\">trocou suas m\u00e1scaras por alimentos que v\u00e3o nas cestas b\u00e1sicas<\/a>, que s\u00e3o distribu\u00eddas aos moradores da Mar\u00e9 em necessidade.<\/p>\n<p>A experi\u00eancia de Ana Claudia, ao receber ajuda de sua amiga, tamb\u00e9m reflete outro tema chave que surgiu durante o debate: as redes de apoio. Os palestrantes elogiaram amplamente o papel crucial que estes grupos de apoio desempenham em tempos normais, educando artes\u00e3s para realizarem pr\u00e1ticas comerciais eficazes, e durante a pandemia, ajudando-as a se ajustarem.<\/p>\n<p>&#8220;Quando estamos em uma rede, significa que temos apoio. Significa que o que eu n\u00e3o sei, algu\u00e9m sabe&#8221;, diz Sara Dantas. &#8220;Juntas, somos muito mais fortes&#8221;.<\/p>\n<p><a href=\"https:\/\/rioonwatch.org.br\/wp-content\/uploads\/2020\/09\/Produtor-femininos-Valdirene.jpg\"><img loading=\"lazy\" decoding=\"async\" class=\"alignright wp-image-50217\" src=\"https:\/\/rioonwatch.org.br\/wp-content\/uploads\/2020\/09\/Produtor-femininos-Valdirene.jpg\" alt=\"\" width=\"300\" height=\"169\" srcset=\"https:\/\/rioonwatch.org.br\/wp-content\/uploads\/2020\/09\/Produtor-femininos-Valdirene.jpg 2560w, https:\/\/rioonwatch.org.br\/wp-content\/uploads\/2020\/09\/Produtor-femininos-Valdirene-620x349.jpg 620w, https:\/\/rioonwatch.org.br\/wp-content\/uploads\/2020\/09\/Produtor-femininos-Valdirene-1024x576.jpg 1024w, https:\/\/rioonwatch.org.br\/wp-content\/uploads\/2020\/09\/Produtor-femininos-Valdirene-469x264.jpg 469w, https:\/\/rioonwatch.org.br\/wp-content\/uploads\/2020\/09\/Produtor-femininos-Valdirene-768x432.jpg 768w, https:\/\/rioonwatch.org.br\/wp-content\/uploads\/2020\/09\/Produtor-femininos-Valdirene-1536x864.jpg 1536w, https:\/\/rioonwatch.org.br\/wp-content\/uploads\/2020\/09\/Produtor-femininos-Valdirene-2048x1152.jpg 2048w, https:\/\/rioonwatch.org.br\/wp-content\/uploads\/2020\/09\/Produtor-femininos-Valdirene-580x326.jpg 580w, https:\/\/rioonwatch.org.br\/wp-content\/uploads\/2020\/09\/Produtor-femininos-Valdirene-174x98.jpg 174w\" sizes=\"(max-width: 300px) 100vw, 300px\" \/><\/a><\/p>\n<p>Ao falar sobre seu trabalho com a Asplande, Paulo Almeida afirmou que, gra\u00e7as \u00e0 organiza\u00e7\u00e3o e seus volunt\u00e1rios, &#8220;a<span style=\"font-weight: 400;\">s mulheres realizam suas capacidades de forma remota<\/span>&#8221; durante a pandemia. Descrevendo o papel da Asplande em ajudar as artes\u00e3s a desenvolverem planos empresariais sustent\u00e1veis e a manterem plataformas digitais, ele elogiou novamente a import\u00e2ncia das redes, dizendo: &#8220;<span style=\"font-weight: 400;\">Se caminharem juntas, v\u00e3o receber resultado melhor para todas<\/span>&#8220;.<\/p>\n<p>Em geral, as artes\u00e3s falaram muito do papel de seus artesanatos na melhoria de suas vidas, tanto financeiramente quanto de outra forma. Clarice Cavalcanti observou que \u00e0 medida que as artes\u00e3s aprendem e se desenvolvem atrav\u00e9s das redes e cursos dispon\u00edveis, ela percebe que elas passam a &#8220;t<span style=\"font-weight: 400;\">er mais confian\u00e7a nelas [mesmas], e a acreditar nelas [mesmas].<\/span><\/p>\n<p>De modo semelhante, Bruna, que aprendeu t\u00e9cnicas artesanais atrav\u00e9s de v\u00eddeos no YouTube, atestou: &#8220;<span style=\"font-weight: 400;\">N\u00e3o tenho nem dois anos no artesanato, mas t\u00eam sido uma experi\u00eancia muito bacana na minha vida&#8221;.<\/span><\/p>\n<h3>Assista \u00e0 Live Interativa <a href=\"https:\/\/bit.ly\/LIVEReinvencaoArtesas\" target=\"_blank\" rel=\"noopener noreferrer\">Aqui<\/a>:<\/h3>\n<p><iframe src=\"https:\/\/www.youtube.com\/embed\/qvkiP_Ffsz4\" width=\"620\" height=\"349\" frameborder=\"0\" allowfullscreen=\"allowfullscreen\"><span data-mce-type=\"bookmark\" style=\"display: inline-block; width: 0px; overflow: hidden; line-height: 0;\" class=\"mce_SELRES_start\">\ufeff<\/span><\/iframe><\/p>\n<p><em>*<\/em><i data-stringify-type=\"italic\">A Rede Favela Sustent\u00e1vel (RFS) e o RioOnWatch s\u00e3o projetos da\u00a0<\/i><i data-stringify-type=\"italic\"><a class=\"c-link\" href=\"http:\/\/bit.ly\/2Ziqwv5\" target=\"_blank\" rel=\"noopener noreferrer\" data-stringify-link=\"http:\/\/bit.ly\/2Ziqwv5\" data-sk=\"tooltip_parent\" aria-describedby=\"sk-tooltip-6287\">Comunidades Catalisadoras<\/a><\/i><i data-stringify-type=\"italic\">. A RFS tem o apoio da\u00a0<\/i><i data-stringify-type=\"italic\"><a class=\"c-link\" href=\"http:\/\/bit.ly\/2sKLSD3\" target=\"_blank\" rel=\"noopener noreferrer\" data-stringify-link=\"http:\/\/bit.ly\/2sKLSD3\" data-sk=\"tooltip_parent\" aria-describedby=\"sk-tooltip-6288\">Funda\u00e7\u00e3o Heinrich B\u00f6ll Brasil<\/a>.<\/i><\/p>\n<hr \/>\n<h4><strong>Apoie nossos esfor\u00e7os para fornecer assist\u00eancia estrat\u00e9gica \u00e0s favelas do Rio durante a pandemia da Covid-19, incluindo o jornalismo hiperlocal, cr\u00edtico, inovador e incans\u00e1vel do\u00a0<em>RioOnWatch<\/em><\/strong>\u2014<a href=\"http:\/\/bit.ly\/CatalisandoComunidades\">doe aqui<\/a>.<\/h4>\n<!-- AddThis Advanced Settings generic via filter on the_content --><!-- AddThis Share Buttons generic via filter on the_content -->","protected":false},"excerpt":{"rendered":"<div class=\"mh-excerpt\"><p>Click Here for English Esta \u00e9 nossa mat\u00e9ria mais recente sobre\u00a0o novo coronav\u00edrus e seus impactos sobre as favelas\u00a0e tamb\u00e9m da\u00a0s\u00e9rie LIVES Covid-19 nas Favelas. No dia 17 de agosto, o Grupo de Trabalho de <a class=\"mh-excerpt-more\" href=\"https:\/\/rioonwatch.org.br\/?p=50208\" title=\"A Reinven\u00e7\u00e3o das Artes\u00e3s de Favelas Durante a Pandemia [V\u00cdDEO]\">[&#8230;]<\/a><!-- AddThis Advanced Settings generic via filter on get_the_excerpt --><!-- AddThis Share Buttons generic via filter on get_the_excerpt --><\/p>\n<\/div>","protected":false},"author":165,"featured_media":50210,"comment_status":"closed","ping_status":"closed","sticky":false,"template":"","format":"standard","meta":{"_acf_changed":false,"_monsterinsights_skip_tracking":false,"_monsterinsights_sitenote_active":false,"_monsterinsights_sitenote_note":"","_monsterinsights_sitenote_category":0,"footnotes":""},"categories":[2753,1621,1615,1626,1616,1638],"tags":[334,573,235,332,217,2748,81,421,1091,2196,731,2146,1372,710,1493,350,361,2901,2245,294,2754,2549,2824,380,578,1810,544,218,184],"writer":[2855],"translator":[1785],"source":[],"ilustrador":[],"fotografo":[],"class_list":{"0":"post-50208","1":"post","2":"type-post","3":"status-publish","4":"format-standard","5":"has-post-thumbnail","7":"category-covid19nasfavelas","8":"category-destaque","9":"category-cultura-da-favela","10":"category-por-observadores-internacionais","11":"category-qualidades-da-favela","12":"category-video","13":"tag-arte","14":"tag-artesanato","15":"tag-bangu","16":"tag-complexo-da-mare","17":"tag-complexo-do-alemao","18":"tag-coronavirus","19":"tag-cultura","20":"tag-cultura-da-favela","21":"tag-duque-de-caxias","22":"tag-economia-solidaria","23":"tag-empreendedorismo","24":"tag-fiocruz","25":"tag-grande-rio","26":"tag-jardim-gramacho","27":"tag-negocio-comunitario","28":"tag-nova-holanda","29":"tag-reciclagem","30":"tag-rfs","31":"tag-redes","32":"tag-saude","33":"tag-serie-covid-19-nas-favelas","34":"tag-serie-intercambios-da-rfs","35":"tag-serie-lives-covid-19-nas-favelas","36":"tag-solidariedade","37":"tag-trabalho-e-renda","38":"tag-video","39":"tag-vila-kennedy","40":"tag-zona-norte","41":"tag-zona-oeste","42":"writer-thomas-maggiola","43":"translator-maria-fernanda-godinho"},"acf":[],"yoast_head":"<!-- This site is optimized with the Yoast SEO plugin v25.6 - https:\/\/yoast.com\/wordpress\/plugins\/seo\/ -->\n<title>A Reinven\u00e7\u00e3o das Artes\u00e3s de Favelas Durante a Pandemia [V\u00cdDEO] - RioOnWatch<\/title>\n<meta name=\"robots\" content=\"index, follow, max-snippet:-1, max-image-preview:large, max-video-preview:-1\" \/>\n<link rel=\"canonical\" href=\"https:\/\/rioonwatch.org.br\/?p=50208\" \/>\n<meta property=\"og:locale\" content=\"pt_BR\" \/>\n<meta property=\"og:type\" content=\"article\" \/>\n<meta property=\"og:title\" content=\"A Reinven\u00e7\u00e3o das Artes\u00e3s de Favelas Durante a Pandemia [V\u00cdDEO] - RioOnWatch\" \/>\n<meta property=\"og:description\" content=\"Click Here for English Esta \u00e9 nossa mat\u00e9ria mais recente sobre\u00a0o novo coronav\u00edrus e seus impactos sobre as favelas\u00a0e tamb\u00e9m da\u00a0s\u00e9rie LIVES Covid-19 nas Favelas. No dia 17 de agosto, o Grupo de Trabalho de [...]\" \/>\n<meta property=\"og:url\" content=\"https:\/\/rioonwatch.org.br\/?p=50208\" \/>\n<meta property=\"og:site_name\" content=\"RioOnWatch\" \/>\n<meta property=\"article:published_time\" content=\"2020-09-04T16:37:34+00:00\" \/>\n<meta property=\"article:modified_time\" content=\"2022-06-15T18:10:09+00:00\" \/>\n<meta property=\"og:image\" content=\"https:\/\/rioonwatch.org.br\/wp-content\/uploads\/2020\/09\/Mascaras-Valdirene.jpg\" \/>\n\t<meta property=\"og:image:width\" content=\"1080\" \/>\n\t<meta property=\"og:image:height\" content=\"1409\" \/>\n\t<meta property=\"og:image:type\" content=\"image\/jpeg\" \/>\n<meta name=\"author\" content=\"Tatiana Lima\" \/>\n<meta name=\"twitter:card\" content=\"summary_large_image\" \/>\n<meta name=\"twitter:label1\" content=\"Escrito por\" \/>\n\t<meta name=\"twitter:data1\" content=\"Tatiana Lima\" \/>\n\t<meta name=\"twitter:label2\" content=\"Est. tempo de leitura\" \/>\n\t<meta name=\"twitter:data2\" content=\"5 minutos\" \/>\n<script type=\"application\/ld+json\" class=\"yoast-schema-graph\">{\"@context\":\"https:\/\/schema.org\",\"@graph\":[{\"@type\":\"Article\",\"@id\":\"https:\/\/rioonwatch.org.br\/?p=50208#article\",\"isPartOf\":{\"@id\":\"https:\/\/rioonwatch.org.br\/?p=50208\"},\"author\":{\"name\":\"Tatiana Lima\",\"@id\":\"https:\/\/rioonwatch.org.br\/#\/schema\/person\/8fde974ee24e219acc413d63393ec551\"},\"headline\":\"A Reinven\u00e7\u00e3o das Artes\u00e3s de Favelas Durante a Pandemia [V\u00cdDEO]\",\"datePublished\":\"2020-09-04T16:37:34+00:00\",\"dateModified\":\"2022-06-15T18:10:09+00:00\",\"mainEntityOfPage\":{\"@id\":\"https:\/\/rioonwatch.org.br\/?p=50208\"},\"wordCount\":1039,\"publisher\":{\"@id\":\"https:\/\/rioonwatch.org.br\/#organization\"},\"image\":{\"@id\":\"https:\/\/rioonwatch.org.br\/?p=50208#primaryimage\"},\"thumbnailUrl\":\"https:\/\/rioonwatch.org.br\/wp-content\/uploads\/2020\/09\/Discussao-na-Favela-Artisas-Durante-Pandemia.png\",\"keywords\":[\"arte\",\"artesanato\",\"Bangu\",\"Complexo da Mar\u00e9\",\"Complexo do Alem\u00e3o\",\"coronav\u00edrus\",\"cultura\",\"cultura da favela\",\"Duque de Caxias\",\"economia solid\u00e1ria\",\"empreendedorismo\",\"Fiocruz\",\"Grande Rio\",\"Jardim Gramacho\",\"neg\u00f3cio comunit\u00e1rio\",\"Nova Holanda\",\"reciclagem\",\"Rede Favela Sustent\u00e1vel\",\"redes\",\"sa\u00fade\",\"S\u00e9rie: Covid-19 Nas Favelas\",\"S\u00e9rie: Interc\u00e2mbios da RFS\",\"S\u00e9rie: LIVES Covid-19 nas Favelas\",\"solidariedade\",\"Trabalho e renda\",\"v\u00eddeo\",\"Vila Kennedy\",\"Zona Norte\",\"Zona Oeste\"],\"articleSection\":[\"#Covid19NasFavelas\",\"*Destaque\",\"Cultura da Favela\",\"Escrito por Aliados\",\"Qualidades da Favela\",\"V\u00eddeo\"],\"inLanguage\":\"pt-BR\"},{\"@type\":\"WebPage\",\"@id\":\"https:\/\/rioonwatch.org.br\/?p=50208\",\"url\":\"https:\/\/rioonwatch.org.br\/?p=50208\",\"name\":\"A Reinven\u00e7\u00e3o das Artes\u00e3s de Favelas Durante a Pandemia [V\u00cdDEO] - RioOnWatch\",\"isPartOf\":{\"@id\":\"https:\/\/rioonwatch.org.br\/#website\"},\"primaryImageOfPage\":{\"@id\":\"https:\/\/rioonwatch.org.br\/?p=50208#primaryimage\"},\"image\":{\"@id\":\"https:\/\/rioonwatch.org.br\/?p=50208#primaryimage\"},\"thumbnailUrl\":\"https:\/\/rioonwatch.org.br\/wp-content\/uploads\/2020\/09\/Discussao-na-Favela-Artisas-Durante-Pandemia.png\",\"datePublished\":\"2020-09-04T16:37:34+00:00\",\"dateModified\":\"2022-06-15T18:10:09+00:00\",\"breadcrumb\":{\"@id\":\"https:\/\/rioonwatch.org.br\/?p=50208#breadcrumb\"},\"inLanguage\":\"pt-BR\",\"potentialAction\":[{\"@type\":\"ReadAction\",\"target\":[\"https:\/\/rioonwatch.org.br\/?p=50208\"]}]},{\"@type\":\"ImageObject\",\"inLanguage\":\"pt-BR\",\"@id\":\"https:\/\/rioonwatch.org.br\/?p=50208#primaryimage\",\"url\":\"https:\/\/rioonwatch.org.br\/wp-content\/uploads\/2020\/09\/Discussao-na-Favela-Artisas-Durante-Pandemia.png\",\"contentUrl\":\"https:\/\/rioonwatch.org.br\/wp-content\/uploads\/2020\/09\/Discussao-na-Favela-Artisas-Durante-Pandemia.png\",\"width\":1920,\"height\":864},{\"@type\":\"BreadcrumbList\",\"@id\":\"https:\/\/rioonwatch.org.br\/?p=50208#breadcrumb\",\"itemListElement\":[{\"@type\":\"ListItem\",\"position\":1,\"name\":\"In\u00edcio\",\"item\":\"https:\/\/rioonwatch.org.br\/\"},{\"@type\":\"ListItem\",\"position\":2,\"name\":\"A Reinven\u00e7\u00e3o das Artes\u00e3s de Favelas Durante a Pandemia [V\u00cdDEO]\"}]},{\"@type\":\"WebSite\",\"@id\":\"https:\/\/rioonwatch.org.br\/#website\",\"url\":\"https:\/\/rioonwatch.org.br\/\",\"name\":\"RioOnWatch\",\"description\":\"relatos das favelas cariocas\",\"publisher\":{\"@id\":\"https:\/\/rioonwatch.org.br\/#organization\"},\"potentialAction\":[{\"@type\":\"SearchAction\",\"target\":{\"@type\":\"EntryPoint\",\"urlTemplate\":\"https:\/\/rioonwatch.org.br\/?s={search_term_string}\"},\"query-input\":{\"@type\":\"PropertyValueSpecification\",\"valueRequired\":true,\"valueName\":\"search_term_string\"}}],\"inLanguage\":\"pt-BR\"},{\"@type\":\"Organization\",\"@id\":\"https:\/\/rioonwatch.org.br\/#organization\",\"name\":\"RioOnWatch\",\"url\":\"https:\/\/rioonwatch.org.br\/\",\"logo\":{\"@type\":\"ImageObject\",\"inLanguage\":\"pt-BR\",\"@id\":\"https:\/\/rioonwatch.org.br\/#\/schema\/logo\/image\/\",\"url\":\"https:\/\/rioonwatch.org.br\/wp-content\/uploads\/2021\/06\/RioOnWatchcabecalhoPT11anos-2.png\",\"contentUrl\":\"https:\/\/rioonwatch.org.br\/wp-content\/uploads\/2021\/06\/RioOnWatchcabecalhoPT11anos-2.png\",\"width\":779,\"height\":277,\"caption\":\"RioOnWatch\"},\"image\":{\"@id\":\"https:\/\/rioonwatch.org.br\/#\/schema\/logo\/image\/\"}},{\"@type\":\"Person\",\"@id\":\"https:\/\/rioonwatch.org.br\/#\/schema\/person\/8fde974ee24e219acc413d63393ec551\",\"name\":\"Tatiana Lima\",\"image\":{\"@type\":\"ImageObject\",\"inLanguage\":\"pt-BR\",\"@id\":\"https:\/\/rioonwatch.org.br\/#\/schema\/person\/image\/\",\"url\":\"https:\/\/secure.gravatar.com\/avatar\/5fb587d000e124a9d6aae50aec42d39e?s=96&d=blank&r=g\",\"contentUrl\":\"https:\/\/secure.gravatar.com\/avatar\/5fb587d000e124a9d6aae50aec42d39e?s=96&d=blank&r=g\",\"caption\":\"Tatiana Lima\"},\"url\":\"https:\/\/rioonwatch.org.br\/?author=165\"}]}<\/script>\n<!-- \/ Yoast SEO plugin. -->","yoast_head_json":{"title":"A Reinven\u00e7\u00e3o das Artes\u00e3s de Favelas Durante a Pandemia [V\u00cdDEO] - RioOnWatch","robots":{"index":"index","follow":"follow","max-snippet":"max-snippet:-1","max-image-preview":"max-image-preview:large","max-video-preview":"max-video-preview:-1"},"canonical":"https:\/\/rioonwatch.org.br\/?p=50208","og_locale":"pt_BR","og_type":"article","og_title":"A Reinven\u00e7\u00e3o das Artes\u00e3s de Favelas Durante a Pandemia [V\u00cdDEO] - RioOnWatch","og_description":"Click Here for English Esta \u00e9 nossa mat\u00e9ria mais recente sobre\u00a0o novo coronav\u00edrus e seus impactos sobre as favelas\u00a0e tamb\u00e9m da\u00a0s\u00e9rie LIVES Covid-19 nas Favelas. No dia 17 de agosto, o Grupo de Trabalho de [...]","og_url":"https:\/\/rioonwatch.org.br\/?p=50208","og_site_name":"RioOnWatch","article_published_time":"2020-09-04T16:37:34+00:00","article_modified_time":"2022-06-15T18:10:09+00:00","og_image":[{"width":1080,"height":1409,"url":"https:\/\/rioonwatch.org.br\/wp-content\/uploads\/2020\/09\/Mascaras-Valdirene.jpg","type":"image\/jpeg"}],"author":"Tatiana Lima","twitter_card":"summary_large_image","twitter_misc":{"Escrito por":"Tatiana Lima","Est. tempo de leitura":"5 minutos"},"schema":{"@context":"https:\/\/schema.org","@graph":[{"@type":"Article","@id":"https:\/\/rioonwatch.org.br\/?p=50208#article","isPartOf":{"@id":"https:\/\/rioonwatch.org.br\/?p=50208"},"author":{"name":"Tatiana Lima","@id":"https:\/\/rioonwatch.org.br\/#\/schema\/person\/8fde974ee24e219acc413d63393ec551"},"headline":"A Reinven\u00e7\u00e3o das Artes\u00e3s de Favelas Durante a Pandemia [V\u00cdDEO]","datePublished":"2020-09-04T16:37:34+00:00","dateModified":"2022-06-15T18:10:09+00:00","mainEntityOfPage":{"@id":"https:\/\/rioonwatch.org.br\/?p=50208"},"wordCount":1039,"publisher":{"@id":"https:\/\/rioonwatch.org.br\/#organization"},"image":{"@id":"https:\/\/rioonwatch.org.br\/?p=50208#primaryimage"},"thumbnailUrl":"https:\/\/rioonwatch.org.br\/wp-content\/uploads\/2020\/09\/Discussao-na-Favela-Artisas-Durante-Pandemia.png","keywords":["arte","artesanato","Bangu","Complexo da Mar\u00e9","Complexo do Alem\u00e3o","coronav\u00edrus","cultura","cultura da favela","Duque de Caxias","economia solid\u00e1ria","empreendedorismo","Fiocruz","Grande Rio","Jardim Gramacho","neg\u00f3cio comunit\u00e1rio","Nova Holanda","reciclagem","Rede Favela Sustent\u00e1vel","redes","sa\u00fade","S\u00e9rie: Covid-19 Nas Favelas","S\u00e9rie: Interc\u00e2mbios da RFS","S\u00e9rie: LIVES Covid-19 nas Favelas","solidariedade","Trabalho e renda","v\u00eddeo","Vila Kennedy","Zona Norte","Zona Oeste"],"articleSection":["#Covid19NasFavelas","*Destaque","Cultura da Favela","Escrito por Aliados","Qualidades da Favela","V\u00eddeo"],"inLanguage":"pt-BR"},{"@type":"WebPage","@id":"https:\/\/rioonwatch.org.br\/?p=50208","url":"https:\/\/rioonwatch.org.br\/?p=50208","name":"A Reinven\u00e7\u00e3o das Artes\u00e3s de Favelas Durante a Pandemia [V\u00cdDEO] - RioOnWatch","isPartOf":{"@id":"https:\/\/rioonwatch.org.br\/#website"},"primaryImageOfPage":{"@id":"https:\/\/rioonwatch.org.br\/?p=50208#primaryimage"},"image":{"@id":"https:\/\/rioonwatch.org.br\/?p=50208#primaryimage"},"thumbnailUrl":"https:\/\/rioonwatch.org.br\/wp-content\/uploads\/2020\/09\/Discussao-na-Favela-Artisas-Durante-Pandemia.png","datePublished":"2020-09-04T16:37:34+00:00","dateModified":"2022-06-15T18:10:09+00:00","breadcrumb":{"@id":"https:\/\/rioonwatch.org.br\/?p=50208#breadcrumb"},"inLanguage":"pt-BR","potentialAction":[{"@type":"ReadAction","target":["https:\/\/rioonwatch.org.br\/?p=50208"]}]},{"@type":"ImageObject","inLanguage":"pt-BR","@id":"https:\/\/rioonwatch.org.br\/?p=50208#primaryimage","url":"https:\/\/rioonwatch.org.br\/wp-content\/uploads\/2020\/09\/Discussao-na-Favela-Artisas-Durante-Pandemia.png","contentUrl":"https:\/\/rioonwatch.org.br\/wp-content\/uploads\/2020\/09\/Discussao-na-Favela-Artisas-Durante-Pandemia.png","width":1920,"height":864},{"@type":"BreadcrumbList","@id":"https:\/\/rioonwatch.org.br\/?p=50208#breadcrumb","itemListElement":[{"@type":"ListItem","position":1,"name":"In\u00edcio","item":"https:\/\/rioonwatch.org.br\/"},{"@type":"ListItem","position":2,"name":"A Reinven\u00e7\u00e3o das Artes\u00e3s de Favelas Durante a Pandemia [V\u00cdDEO]"}]},{"@type":"WebSite","@id":"https:\/\/rioonwatch.org.br\/#website","url":"https:\/\/rioonwatch.org.br\/","name":"RioOnWatch","description":"relatos das favelas cariocas","publisher":{"@id":"https:\/\/rioonwatch.org.br\/#organization"},"potentialAction":[{"@type":"SearchAction","target":{"@type":"EntryPoint","urlTemplate":"https:\/\/rioonwatch.org.br\/?s={search_term_string}"},"query-input":{"@type":"PropertyValueSpecification","valueRequired":true,"valueName":"search_term_string"}}],"inLanguage":"pt-BR"},{"@type":"Organization","@id":"https:\/\/rioonwatch.org.br\/#organization","name":"RioOnWatch","url":"https:\/\/rioonwatch.org.br\/","logo":{"@type":"ImageObject","inLanguage":"pt-BR","@id":"https:\/\/rioonwatch.org.br\/#\/schema\/logo\/image\/","url":"https:\/\/rioonwatch.org.br\/wp-content\/uploads\/2021\/06\/RioOnWatchcabecalhoPT11anos-2.png","contentUrl":"https:\/\/rioonwatch.org.br\/wp-content\/uploads\/2021\/06\/RioOnWatchcabecalhoPT11anos-2.png","width":779,"height":277,"caption":"RioOnWatch"},"image":{"@id":"https:\/\/rioonwatch.org.br\/#\/schema\/logo\/image\/"}},{"@type":"Person","@id":"https:\/\/rioonwatch.org.br\/#\/schema\/person\/8fde974ee24e219acc413d63393ec551","name":"Tatiana Lima","image":{"@type":"ImageObject","inLanguage":"pt-BR","@id":"https:\/\/rioonwatch.org.br\/#\/schema\/person\/image\/","url":"https:\/\/secure.gravatar.com\/avatar\/5fb587d000e124a9d6aae50aec42d39e?s=96&d=blank&r=g","contentUrl":"https:\/\/secure.gravatar.com\/avatar\/5fb587d000e124a9d6aae50aec42d39e?s=96&d=blank&r=g","caption":"Tatiana Lima"},"url":"https:\/\/rioonwatch.org.br\/?author=165"}]}},"_links":{"self":[{"href":"https:\/\/rioonwatch.org.br\/index.php?rest_route=\/wp\/v2\/posts\/50208"}],"collection":[{"href":"https:\/\/rioonwatch.org.br\/index.php?rest_route=\/wp\/v2\/posts"}],"about":[{"href":"https:\/\/rioonwatch.org.br\/index.php?rest_route=\/wp\/v2\/types\/post"}],"author":[{"embeddable":true,"href":"https:\/\/rioonwatch.org.br\/index.php?rest_route=\/wp\/v2\/users\/165"}],"replies":[{"embeddable":true,"href":"https:\/\/rioonwatch.org.br\/index.php?rest_route=%2Fwp%2Fv2%2Fcomments&post=50208"}],"version-history":[{"count":23,"href":"https:\/\/rioonwatch.org.br\/index.php?rest_route=\/wp\/v2\/posts\/50208\/revisions"}],"predecessor-version":[{"id":50264,"href":"https:\/\/rioonwatch.org.br\/index.php?rest_route=\/wp\/v2\/posts\/50208\/revisions\/50264"}],"wp:featuredmedia":[{"embeddable":true,"href":"https:\/\/rioonwatch.org.br\/index.php?rest_route=\/wp\/v2\/media\/50210"}],"wp:attachment":[{"href":"https:\/\/rioonwatch.org.br\/index.php?rest_route=%2Fwp%2Fv2%2Fmedia&parent=50208"}],"wp:term":[{"taxonomy":"category","embeddable":true,"href":"https:\/\/rioonwatch.org.br\/index.php?rest_route=%2Fwp%2Fv2%2Fcategories&post=50208"},{"taxonomy":"post_tag","embeddable":true,"href":"https:\/\/rioonwatch.org.br\/index.php?rest_route=%2Fwp%2Fv2%2Ftags&post=50208"},{"taxonomy":"writer","embeddable":true,"href":"https:\/\/rioonwatch.org.br\/index.php?rest_route=%2Fwp%2Fv2%2Fwriter&post=50208"},{"taxonomy":"translator","embeddable":true,"href":"https:\/\/rioonwatch.org.br\/index.php?rest_route=%2Fwp%2Fv2%2Ftranslator&post=50208"},{"taxonomy":"source","embeddable":true,"href":"https:\/\/rioonwatch.org.br\/index.php?rest_route=%2Fwp%2Fv2%2Fsource&post=50208"},{"taxonomy":"ilustrador","embeddable":true,"href":"https:\/\/rioonwatch.org.br\/index.php?rest_route=%2Fwp%2Fv2%2Filustrador&post=50208"},{"taxonomy":"fotografo","embeddable":true,"href":"https:\/\/rioonwatch.org.br\/index.php?rest_route=%2Fwp%2Fv2%2Ffotografo&post=50208"}],"curies":[{"name":"wp","href":"https:\/\/api.w.org\/{rel}","templated":true}]}}