{"id":50509,"date":"2020-09-16T10:38:15","date_gmt":"2020-09-16T13:38:15","guid":{"rendered":"https:\/\/rioonwatch.org.br\/?p=50509"},"modified":"2020-10-19T13:00:04","modified_gmt":"2020-10-19T16:00:04","slug":"live-favelas-pandemias-e-cidadanias-paineis-covid-19-nas-favelas-salienta-as-subnotificacoes-do-estado-video","status":"publish","type":"post","link":"https:\/\/rioonwatch.org.br\/?p=50509","title":{"rendered":"Live &#8216;Favelas, Pandemias e Cidadanias: Pain\u00e9is Covid-19 nas Favelas&#8217; Salienta as Subnotifica\u00e7\u00f5es"},"content":{"rendered":"<p style=\"text-align: right;\"><em><strong><a href=\"https:\/\/bit.ly\/3dGInks\" target=\"_blank\" rel=\"noopener noreferrer\">Click Here for English<\/a><a href=\"https:\/\/bit.ly\/3dGInks\" target=\"_blank\" rel=\"noopener noreferrer\"><img decoding=\"async\" width=\"20\" height=\"20\" class=\"alignright wp-image-15790\" src=\"https:\/\/rioonwatch.org.br\/wp-content\/uploads\/2012\/08\/EN-standard-e1439583104716.jpg\" \/><\/a><\/strong><\/em><\/p>\n<p><em>Esta \u00e9 nossa mat\u00e9ria mais recente sobre\u00a0<a class=\"c-link\" href=\"http:\/\/bit.ly\/Covid19NasFavelas\" target=\"_blank\" rel=\"noopener noreferrer\" data-stringify-link=\"http:\/\/bit.ly\/Covid19NasFavelas\" data-sk=\"tooltip_parent\">o novo coronav\u00edrus e seus impactos sobre as favelas<\/a>.<\/em><\/p>\n<p><span style=\"font-weight: 400;\">No dia 9 de setembro, um projeto realizado em conjunto pela<\/span>\u00a0<a href=\"https:\/\/bit.ly\/3kiGvQM\" target=\"_blank\" rel=\"noopener noreferrer\"><span style=\"font-weight: 400;\">Universidade da Cidadania da UFRJ<\/span><\/a><span style=\"font-weight: 400;\">, o<\/span>\u00a0<a href=\"http:\/\/bit.ly\/2WAV3Uo\" target=\"_blank\" rel=\"noopener noreferrer\"><span style=\"font-weight: 400;\">WikiFavelas &#8211; Dicion\u00e1rio de Favelas Marielle Franco<\/span><\/a><span style=\"font-weight: 400;\"> e o<\/span>\u00a0<a href=\"https:\/\/bit.ly\/3kksjXn\" target=\"_blank\" rel=\"noopener noreferrer\"><span style=\"font-weight: 400;\">Urbano &#8211; Laborat\u00f3rio de Estudos da Cidade<\/span><\/a><span style=\"font-weight: 400;\"> fechou um ciclo de lives sobre favelas, pandemias e cidadanias. A \u00faltimo live, intitulada \u201c<\/span><a href=\"https:\/\/bit.ly\/3iNt2QR\" target=\"_blank\" rel=\"noopener noreferrer\"><span style=\"font-weight: 400;\">Favelas, Pandemias e Cidadanias: Pain\u00e9is Covid-19 nas Favelas<\/span><\/a><span style=\"font-weight: 400;\">\u201d, contou com a presen\u00e7a de Camila Barros, da<\/span> <a href=\"http:\/\/bit.ly\/2ZuAJEX\" target=\"_blank\" rel=\"noopener noreferrer\"><span style=\"font-weight: 400;\">Redes da Mar\u00e9<\/span><\/a><span style=\"font-weight: 400;\">, Theresa Williamson, da <\/span><a href=\"https:\/\/comcat.org\/\"><span style=\"font-weight: 400;\">Comunidades Catalisadoras<\/span><\/a><span style=\"font-weight: 400;\">*<\/span><span style=\"font-weight: 400;\"> e Anna Paula Sales, do Coletivo <a href=\"https:\/\/bit.ly\/3fgbwCW\" target=\"_blank\" rel=\"noopener noreferrer\">A.M.I.G.A.S.<\/a>, de <a href=\"https:\/\/bit.ly\/2X1gPhx\" target=\"_blank\" rel=\"noopener noreferrer\">Itagua\u00ed<\/a>, e foi mediado por Dulce Pandolfi, da Universidade da Cidadania e por Alexandre Magalh\u00e3es, do Dicion\u00e1rio de Favelas.<\/span><\/p>\n<p><span style=\"font-weight: 400;\">\u201c\u00c9 uma pol\u00edtica intencional de neglig\u00eancia\u201d, pontuou Theresa Williamson, na live, acerca da subnotifica\u00e7\u00e3o em rela\u00e7\u00e3o \u00e0 pandemia e, de forma geral, da hist\u00f3ria do Rio de Janeiro perante as favelas por parte do Estado. \u201cOs dados p\u00fablicos n\u00e3o fazem refer\u00eancia \u00e0s favelas apesar de saberem que s\u00e3o as \u00e1reas mais vulner\u00e1veis \u00e0 pandemia, e n\u00e3o estavam testando\u201d. <\/span><\/p>\n<p><span style=\"font-weight: 400;\">Theresa <\/span><span style=\"font-weight: 400;\">relembrou epis\u00f3dios relatados por moradores das favelas: <\/span><span style=\"font-weight: 400;\">\u201cH\u00e1 relatos de pessoas que est\u00e3o com sintomas, v\u00e3o \u00e0 cl\u00ednica e eles dizem para voltarem dali a duas semanas se ainda tiver sintomas, [ou seja] se a pessoa voltar e ainda estiver viva&#8221;. Ela tamb\u00e9m pontuou que h\u00e1 casos que &#8220;na certid\u00e3o de \u00f3bito <a href=\"https:\/\/bit.ly\/31sCZwG\" target=\"_blank\" rel=\"noopener noreferrer\">n\u00e3o diz que morreu<\/a> de <a href=\"https:\/\/bit.ly\/2QZjDJI\" target=\"_blank\" rel=\"noopener noreferrer\">Covid<\/a>, e tamb\u00e9m j\u00e1 ouvimos relatos de pessoas que o m\u00e9dico fala para a fam\u00edlia: &#8216;Se a gente declarar Covid, n\u00e3o vai ter o enterro que voc\u00eas querem&#8217;, e ent\u00e3o as fam\u00edlias est\u00e3o optando por n\u00e3o declarar para ter contato com o morto no final\u201d.<\/span><\/p>\n<p><span style=\"font-weight: 400;\">Ela explicou tamb\u00e9m que os dados p\u00fablicos <a href=\"https:\/\/bit.ly\/3eNxuwS\" target=\"_blank\" rel=\"noopener noreferrer\">n\u00e3o contam casos suspeitos<\/a>, e que com a falta de testagem, os n\u00fameros oficiais ficam aqu\u00e9m da realidade. \u201cA <a href=\"https:\/\/bit.ly\/3jcXDaQ\" target=\"_blank\" rel=\"noopener noreferrer\">Organiza\u00e7\u00e3o Mundial da Sa\u00fade<\/a> diz para contar os casos suspeitos como confirmados quando a testagem \u00e9 limitada, mas os pain\u00e9is p\u00fablicos brasileiros n\u00e3o contam isso, nem d\u00e3o visibilidade \u00e0s favelas, por isso \u00e9 importante as iniciativas das comunidades\u201d.<\/span><\/p>\n<p><span style=\"font-weight: 400;\">Na falta de um plano de conting\u00eancia do Estado, as <a href=\"https:\/\/bit.ly\/32jaGQx\" target=\"_blank\" rel=\"noopener noreferrer\">lideran\u00e7as t\u00eam-se unido<\/a> para atender \u00e0s necessidades dos moradores de favelas, atrav\u00e9s de <a href=\"https:\/\/bit.ly\/3ecgRue\" target=\"_blank\" rel=\"noopener noreferrer\">distribui\u00e7\u00e3o de cestas b\u00e1sicas, produtos de higiene<\/a> e da contagem informal dos casos de Covid-19. Esta contagem \u00e9 posteriormente inclu\u00edda no <\/span><a href=\"http:\/\/www.favela.info\" target=\"_blank\" rel=\"noopener noreferrer\"><span style=\"font-weight: 400;\">Painel Unificador Covid-19 nas Favelas<\/span><\/a>\u00a0<span style=\"font-weight: 400;\">que at\u00e9 ent\u00e3o conseguiu monitorar os casos de Covid-19<\/span><span style=\"font-weight: 400;\"> em <\/span><span style=\"font-weight: 400;\">159 favelas<\/span><span style=\"font-weight: 400;\"> da Regi\u00e3o Metropolitana do Rio de Janeiro. O Painel Unificador est\u00e1 constantemente em busca de novas fontes, sejam relatores locais ou fontes p\u00fablicas de dados.<\/span><\/p>\n<p><a href=\"https:\/\/rioonwatch.org.br\/wp-content\/uploads\/2020\/09\/Acao-das-A.M.I.G.A.S-no-calcadao-de-Itaguai.jpg\"><img fetchpriority=\"high\" decoding=\"async\" class=\"aligncenter wp-image-50518 size-medium\" title=\"Ana Paula Sales em a\u00e7\u00e3o de preven\u00e7\u00e3o \u00e0 covid-19 no Cal\u00e7ad\u00e3o de Itagua\u00ed. Foto da p\u00e1gina do Facebook da A.M.I.G.A.S\" src=\"https:\/\/rioonwatch.org.br\/wp-content\/uploads\/2020\/09\/Acao-das-A.M.I.G.A.S-no-calcadao-de-Itaguai-620x620.jpg\" alt=\"\" width=\"620\" height=\"620\" srcset=\"https:\/\/rioonwatch.org.br\/wp-content\/uploads\/2020\/09\/Acao-das-A.M.I.G.A.S-no-calcadao-de-Itaguai-620x620.jpg 620w, https:\/\/rioonwatch.org.br\/wp-content\/uploads\/2020\/09\/Acao-das-A.M.I.G.A.S-no-calcadao-de-Itaguai-264x264.jpg 264w, https:\/\/rioonwatch.org.br\/wp-content\/uploads\/2020\/09\/Acao-das-A.M.I.G.A.S-no-calcadao-de-Itaguai.jpg 768w\" sizes=\"(max-width: 620px) 100vw, 620px\" \/><\/a><\/p>\n<p><span style=\"font-weight: 400;\">Anna Paula Sales disse que esta atua\u00e7\u00e3o \u00e9 uma aula de amor ao pr\u00f3ximo. \u201cNa A.M.I.G.A.S., come\u00e7amos a fazer contagem&#8230; A partir das lideran\u00e7as [caminhando pelas comunidades] e grupos de WhatsApp, conseguimos identificar os casos positivos e os suspeitos\u201d. Anna Paula confessa que as for\u00e7as pol\u00edticas tentam desabonar o esfor\u00e7o do coletivo. Ela relatou que \u201ctentam denegrir a nossa imagem, dizem [que] mulheres n\u00e3o sabem contar, mas n\u00f3s n\u00e3o acreditamos e mapeamos as comunidades\u201d.<\/span><\/p>\n<p><span style=\"font-weight: 400;\">Segundo Camila Barros, na<\/span> <a href=\"http:\/\/bit.ly\/2K1s59x\" target=\"_blank\" rel=\"noopener noreferrer\"><span style=\"font-weight: 400;\">Mar\u00e9<\/span><\/a><span style=\"font-weight: 400;\"> a situa\u00e7\u00e3o \u00e9 semelhante. <\/span><span style=\"font-weight: 400;\">\u201cNa Redes da Mar\u00e9, n\u00f3s temos uma metodologia de coleta: primeiro com casos de viol\u00eancia, agora com a Covid-19\u201d. Atrav\u00e9s de v\u00e1rias frentes de atua\u00e7\u00e3o, que v\u00e3o desde seguran\u00e7a alimentar a processamento de dados\u2014publicados em um <a href=\"https:\/\/bit.ly\/2FFCHdu\" target=\"_blank\" rel=\"noopener noreferrer\">boletim semanal<\/a>\u2014a Redes da Mar\u00e9 conseguiu tamb\u00e9m, com o apoio de v\u00e1rias associa\u00e7\u00f5es, um <a href=\"https:\/\/bit.ly\/3mrM3KM\" target=\"_blank\" rel=\"noopener noreferrer\">centro de testagem na Mar\u00e9<\/a>\u00a0e est\u00e1, junto \u00e0 Fiocruz, <a href=\"https:\/\/bit.ly\/34F5AAU\" target=\"_blank\" rel=\"noopener noreferrer\">realizando telemedicina<\/a>.<\/span><\/p>\n<p><span style=\"font-weight: 400;\">\u201cHoje n\u00f3s temos a hip\u00f3tese de encaminhar casos suspeitos para um centro de testagem da Mar\u00e9 e acompanhar os casos positivos. Outra quest\u00e3o \u00e9 a do isolamento. Nem todos conseguem <a href=\"https:\/\/bit.ly\/2wXJV8G\" target=\"_blank\" rel=\"noopener noreferrer\">manter o isolamento<\/a>, por isso n\u00f3s oferecemos um acompanhamento social para que essas pessoas consigam faz\u00ea-lo\u201d, explicou Camila.<\/span><\/p>\n<p><span style=\"font-weight: 400;\">\u00c9 gra\u00e7as ao trabalho meticuloso destas lideran\u00e7as que a realidade das favelas vem a p\u00fablico, demonstrando que o v\u00edrus est\u00e1 longe do fim. Anna Paula Sales diz: \u201cEu estou preocupada com a segunda onda porque eu ainda estou na primeira. N\u00e3o \u00e9 s\u00f3 uma gripezinha!\u201d<\/span><\/p>\n<p><span style=\"font-weight: 400;\">Todas as oradoras da live ressaltaram que os cuidados devem continuar a ser respeitados, embora o poder p\u00fablico n\u00e3o se comunique de forma eficaz \u00e0 popula\u00e7\u00e3o. Camila elucidou que <\/span><span style=\"font-weight: 400;\">\u201cas pessoas est\u00e3o <a href=\"https:\/\/bit.ly\/31sCZwG\" target=\"_blank\" rel=\"noopener noreferrer\">relativizando a quest\u00e3o da doen\u00e7a<\/a>, j\u00e1 h\u00e1 baile funk\u2026 Mas isso tem muito a ver com o discurso do poder p\u00fablico\u201d, e ela concluiu: \u201cO nosso papel principal \u00e9 pautar o poder p\u00fablico. A Redes da Mar\u00e9 est\u00e1 aqui para fortalecer e cobrar deles. Estamos questionando os dados oficiais que n\u00e3o expressam a realidade que vivemos no territ\u00f3rio\u201d.<\/span><\/p>\n<h3><strong>Assista \u00e0 Live <a href=\"https:\/\/bit.ly\/3ms9vY3\" target=\"_blank\" rel=\"noopener noreferrer\">aqui<\/a>:<\/strong><\/h3>\n<p><iframe src=\"https:\/\/www.youtube.com\/embed\/F8ox-KwRZuU\" width=\"620\" height=\"349\" frameborder=\"0\" allowfullscreen=\"allowfullscreen\"><span data-mce-type=\"bookmark\" style=\"display: inline-block; width: 0px; overflow: hidden; line-height: 0;\" class=\"mce_SELRES_start\">\ufeff<\/span><\/iframe><\/p>\n<p><em>*Comunidades Catalisadoras \u00e9 a organiza\u00e7\u00e3o sem fins lucrativos que publica o RioOnWatch.<\/em><\/p>\n<hr \/>\n<h4><strong>Apoie nossos esfor\u00e7os para fornecer assist\u00eancia estrat\u00e9gica \u00e0s favelas do Rio durante a pandemia da Covid-19, incluindo o jornalismo hiperlocal, cr\u00edtico, inovador e incans\u00e1vel do\u00a0<em>RioOnWatch<\/em><\/strong>\u2014<a href=\"http:\/\/bit.ly\/CatalisandoComunidades\">doe aqui<\/a>.<\/h4>\n<!-- AddThis Advanced Settings generic via filter on the_content --><!-- AddThis Share Buttons generic via filter on the_content -->","protected":false},"excerpt":{"rendered":"<div class=\"mh-excerpt\"><p>Click Here for English Esta \u00e9 nossa mat\u00e9ria mais recente sobre\u00a0o novo coronav\u00edrus e seus impactos sobre as favelas. No dia 9 de setembro, um projeto realizado em conjunto pela\u00a0Universidade da Cidadania da UFRJ, o\u00a0WikiFavelas <a class=\"mh-excerpt-more\" href=\"https:\/\/rioonwatch.org.br\/?p=50509\" title=\"Live &#8216;Favelas, Pandemias e Cidadanias: Pain\u00e9is Covid-19 nas Favelas&#8217; Salienta as Subnotifica\u00e7\u00f5es\">[&#8230;]<\/a><!-- AddThis Advanced Settings generic via filter on get_the_excerpt --><!-- AddThis Share Buttons generic via filter on get_the_excerpt --><\/p>\n<\/div>","protected":false},"author":129,"featured_media":50517,"comment_status":"closed","ping_status":"closed","sticky":false,"template":"","format":"standard","meta":{"_acf_changed":false,"_monsterinsights_skip_tracking":false,"_monsterinsights_sitenote_active":false,"_monsterinsights_sitenote_note":"","_monsterinsights_sitenote_category":0,"footnotes":""},"categories":[2753,1621,1627,344,1612,342,1638],"tags":[332,2748,922,42,1372,1583,1151,417,2790,358,1107,294,2754,380,2816,2193,1810],"writer":[2890],"translator":[],"source":[],"ilustrador":[],"fotografo":[],"class_list":{"0":"post-50509","1":"post","2":"type-post","3":"status-publish","4":"format-standard","5":"has-post-thumbnail","7":"category-covid19nasfavelas","8":"category-destaque","9":"category-relato-de-evento","10":"category-politicas","11":"category-sociedade-civil","12":"category-solucoes","13":"category-video","14":"tag-complexo-da-mare","15":"tag-coronavirus","16":"tag-evento","17":"tag-genero","18":"tag-grande-rio","19":"tag-itaguai","20":"tag-organizacao","21":"tag-negligencia-do-estado","22":"tag-oms","23":"tag-organizacao-comunitaria","24":"tag-redes-da-mare","25":"tag-saude","26":"tag-serie-covid-19-nas-favelas","27":"tag-solidariedade","28":"tag-subnotificacao","29":"tag-ufrj","30":"tag-video","31":"writer-mariana-gomes"},"acf":[],"yoast_head":"<!-- This site is optimized with the Yoast SEO plugin v25.6 - https:\/\/yoast.com\/wordpress\/plugins\/seo\/ -->\n<title>Live &#039;Favelas, Pandemias e Cidadanias: Pain\u00e9is Covid-19 nas Favelas&#039; Salienta as Subnotifica\u00e7\u00f5es - RioOnWatch<\/title>\n<meta name=\"robots\" content=\"index, follow, max-snippet:-1, max-image-preview:large, max-video-preview:-1\" \/>\n<link rel=\"canonical\" href=\"https:\/\/rioonwatch.org.br\/?p=50509\" \/>\n<meta property=\"og:locale\" content=\"pt_BR\" \/>\n<meta property=\"og:type\" content=\"article\" \/>\n<meta property=\"og:title\" content=\"Live &#039;Favelas, Pandemias e Cidadanias: Pain\u00e9is Covid-19 nas Favelas&#039; Salienta as Subnotifica\u00e7\u00f5es - RioOnWatch\" \/>\n<meta property=\"og:description\" content=\"Click Here for English Esta \u00e9 nossa mat\u00e9ria mais recente sobre\u00a0o novo coronav\u00edrus e seus impactos sobre as favelas. No dia 9 de setembro, um projeto realizado em conjunto pela\u00a0Universidade da Cidadania da UFRJ, o\u00a0WikiFavelas [...]\" \/>\n<meta property=\"og:url\" content=\"https:\/\/rioonwatch.org.br\/?p=50509\" \/>\n<meta property=\"og:site_name\" content=\"RioOnWatch\" \/>\n<meta property=\"article:published_time\" content=\"2020-09-16T13:38:15+00:00\" \/>\n<meta property=\"article:modified_time\" content=\"2020-10-19T16:00:04+00:00\" \/>\n<meta property=\"og:image\" content=\"https:\/\/rioonwatch.org.br\/wp-content\/uploads\/2020\/09\/Covid-nas-favelas.jpg\" \/>\n\t<meta property=\"og:image:width\" content=\"680\" \/>\n\t<meta property=\"og:image:height\" content=\"453\" \/>\n\t<meta property=\"og:image:type\" content=\"image\/jpeg\" \/>\n<meta name=\"author\" content=\"Admin\" \/>\n<meta name=\"twitter:card\" content=\"summary_large_image\" \/>\n<meta name=\"twitter:label1\" content=\"Escrito por\" \/>\n\t<meta name=\"twitter:data1\" content=\"Admin\" \/>\n\t<meta name=\"twitter:label2\" content=\"Est. tempo de leitura\" \/>\n\t<meta name=\"twitter:data2\" content=\"4 minutos\" \/>\n<script type=\"application\/ld+json\" class=\"yoast-schema-graph\">{\"@context\":\"https:\/\/schema.org\",\"@graph\":[{\"@type\":\"Article\",\"@id\":\"https:\/\/rioonwatch.org.br\/?p=50509#article\",\"isPartOf\":{\"@id\":\"https:\/\/rioonwatch.org.br\/?p=50509\"},\"author\":{\"name\":\"Admin\",\"@id\":\"https:\/\/rioonwatch.org.br\/#\/schema\/person\/11d64c290506f9df50c71b850c473f68\"},\"headline\":\"Live &#8216;Favelas, Pandemias e Cidadanias: Pain\u00e9is Covid-19 nas Favelas&#8217; Salienta as Subnotifica\u00e7\u00f5es\",\"datePublished\":\"2020-09-16T13:38:15+00:00\",\"dateModified\":\"2020-10-19T16:00:04+00:00\",\"mainEntityOfPage\":{\"@id\":\"https:\/\/rioonwatch.org.br\/?p=50509\"},\"wordCount\":910,\"publisher\":{\"@id\":\"https:\/\/rioonwatch.org.br\/#organization\"},\"image\":{\"@id\":\"https:\/\/rioonwatch.org.br\/?p=50509#primaryimage\"},\"thumbnailUrl\":\"https:\/\/rioonwatch.org.br\/wp-content\/uploads\/2020\/09\/Covid-nas-favelas.jpg\",\"keywords\":[\"Complexo da Mar\u00e9\",\"coronav\u00edrus\",\"evento\",\"g\u00eanero\",\"Grande Rio\",\"Itagua\u00ed\",\"mobiliza\u00e7\u00e3o\",\"Neglig\u00eancia do Estado\",\"OMS\",\"organiza\u00e7\u00e3o comunit\u00e1ria\",\"Redes da Mar\u00e9\",\"sa\u00fade\",\"S\u00e9rie: Covid-19 Nas Favelas\",\"solidariedade\",\"subnotifica\u00e7\u00e3o\",\"UFRJ\",\"v\u00eddeo\"],\"articleSection\":[\"#Covid19NasFavelas\",\"*Destaque\",\"Cobertura de Eventos\",\"Pol\u00edticas\",\"Sociedade Civil\",\"Solu\u00e7\u00f5es\",\"V\u00eddeo\"],\"inLanguage\":\"pt-BR\"},{\"@type\":\"WebPage\",\"@id\":\"https:\/\/rioonwatch.org.br\/?p=50509\",\"url\":\"https:\/\/rioonwatch.org.br\/?p=50509\",\"name\":\"Live 'Favelas, Pandemias e Cidadanias: Pain\u00e9is Covid-19 nas Favelas' Salienta as Subnotifica\u00e7\u00f5es - RioOnWatch\",\"isPartOf\":{\"@id\":\"https:\/\/rioonwatch.org.br\/#website\"},\"primaryImageOfPage\":{\"@id\":\"https:\/\/rioonwatch.org.br\/?p=50509#primaryimage\"},\"image\":{\"@id\":\"https:\/\/rioonwatch.org.br\/?p=50509#primaryimage\"},\"thumbnailUrl\":\"https:\/\/rioonwatch.org.br\/wp-content\/uploads\/2020\/09\/Covid-nas-favelas.jpg\",\"datePublished\":\"2020-09-16T13:38:15+00:00\",\"dateModified\":\"2020-10-19T16:00:04+00:00\",\"breadcrumb\":{\"@id\":\"https:\/\/rioonwatch.org.br\/?p=50509#breadcrumb\"},\"inLanguage\":\"pt-BR\",\"potentialAction\":[{\"@type\":\"ReadAction\",\"target\":[\"https:\/\/rioonwatch.org.br\/?p=50509\"]}]},{\"@type\":\"ImageObject\",\"inLanguage\":\"pt-BR\",\"@id\":\"https:\/\/rioonwatch.org.br\/?p=50509#primaryimage\",\"url\":\"https:\/\/rioonwatch.org.br\/wp-content\/uploads\/2020\/09\/Covid-nas-favelas.jpg\",\"contentUrl\":\"https:\/\/rioonwatch.org.br\/wp-content\/uploads\/2020\/09\/Covid-nas-favelas.jpg\",\"width\":680,\"height\":453,\"caption\":\"Covid-19 nas favelas\u00b4. Getty Images\"},{\"@type\":\"BreadcrumbList\",\"@id\":\"https:\/\/rioonwatch.org.br\/?p=50509#breadcrumb\",\"itemListElement\":[{\"@type\":\"ListItem\",\"position\":1,\"name\":\"In\u00edcio\",\"item\":\"https:\/\/rioonwatch.org.br\/\"},{\"@type\":\"ListItem\",\"position\":2,\"name\":\"Live &#8216;Favelas, Pandemias e Cidadanias: Pain\u00e9is Covid-19 nas Favelas&#8217; Salienta as Subnotifica\u00e7\u00f5es\"}]},{\"@type\":\"WebSite\",\"@id\":\"https:\/\/rioonwatch.org.br\/#website\",\"url\":\"https:\/\/rioonwatch.org.br\/\",\"name\":\"RioOnWatch\",\"description\":\"relatos das favelas cariocas\",\"publisher\":{\"@id\":\"https:\/\/rioonwatch.org.br\/#organization\"},\"potentialAction\":[{\"@type\":\"SearchAction\",\"target\":{\"@type\":\"EntryPoint\",\"urlTemplate\":\"https:\/\/rioonwatch.org.br\/?s={search_term_string}\"},\"query-input\":{\"@type\":\"PropertyValueSpecification\",\"valueRequired\":true,\"valueName\":\"search_term_string\"}}],\"inLanguage\":\"pt-BR\"},{\"@type\":\"Organization\",\"@id\":\"https:\/\/rioonwatch.org.br\/#organization\",\"name\":\"RioOnWatch\",\"url\":\"https:\/\/rioonwatch.org.br\/\",\"logo\":{\"@type\":\"ImageObject\",\"inLanguage\":\"pt-BR\",\"@id\":\"https:\/\/rioonwatch.org.br\/#\/schema\/logo\/image\/\",\"url\":\"https:\/\/rioonwatch.org.br\/wp-content\/uploads\/2021\/06\/RioOnWatchcabecalhoPT11anos-2.png\",\"contentUrl\":\"https:\/\/rioonwatch.org.br\/wp-content\/uploads\/2021\/06\/RioOnWatchcabecalhoPT11anos-2.png\",\"width\":779,\"height\":277,\"caption\":\"RioOnWatch\"},\"image\":{\"@id\":\"https:\/\/rioonwatch.org.br\/#\/schema\/logo\/image\/\"}},{\"@type\":\"Person\",\"@id\":\"https:\/\/rioonwatch.org.br\/#\/schema\/person\/11d64c290506f9df50c71b850c473f68\",\"name\":\"Admin\",\"image\":{\"@type\":\"ImageObject\",\"inLanguage\":\"pt-BR\",\"@id\":\"https:\/\/rioonwatch.org.br\/#\/schema\/person\/image\/\",\"url\":\"https:\/\/secure.gravatar.com\/avatar\/56211ac74568383903349a1485e3c325?s=96&d=blank&r=g\",\"contentUrl\":\"https:\/\/secure.gravatar.com\/avatar\/56211ac74568383903349a1485e3c325?s=96&d=blank&r=g\",\"caption\":\"Admin\"},\"url\":\"https:\/\/rioonwatch.org.br\/?author=129\"}]}<\/script>\n<!-- \/ Yoast SEO plugin. -->","yoast_head_json":{"title":"Live 'Favelas, Pandemias e Cidadanias: Pain\u00e9is Covid-19 nas Favelas' Salienta as Subnotifica\u00e7\u00f5es - RioOnWatch","robots":{"index":"index","follow":"follow","max-snippet":"max-snippet:-1","max-image-preview":"max-image-preview:large","max-video-preview":"max-video-preview:-1"},"canonical":"https:\/\/rioonwatch.org.br\/?p=50509","og_locale":"pt_BR","og_type":"article","og_title":"Live 'Favelas, Pandemias e Cidadanias: Pain\u00e9is Covid-19 nas Favelas' Salienta as Subnotifica\u00e7\u00f5es - RioOnWatch","og_description":"Click Here for English Esta \u00e9 nossa mat\u00e9ria mais recente sobre\u00a0o novo coronav\u00edrus e seus impactos sobre as favelas. No dia 9 de setembro, um projeto realizado em conjunto pela\u00a0Universidade da Cidadania da UFRJ, o\u00a0WikiFavelas [...]","og_url":"https:\/\/rioonwatch.org.br\/?p=50509","og_site_name":"RioOnWatch","article_published_time":"2020-09-16T13:38:15+00:00","article_modified_time":"2020-10-19T16:00:04+00:00","og_image":[{"width":680,"height":453,"url":"https:\/\/rioonwatch.org.br\/wp-content\/uploads\/2020\/09\/Covid-nas-favelas.jpg","type":"image\/jpeg"}],"author":"Admin","twitter_card":"summary_large_image","twitter_misc":{"Escrito por":"Admin","Est. tempo de leitura":"4 minutos"},"schema":{"@context":"https:\/\/schema.org","@graph":[{"@type":"Article","@id":"https:\/\/rioonwatch.org.br\/?p=50509#article","isPartOf":{"@id":"https:\/\/rioonwatch.org.br\/?p=50509"},"author":{"name":"Admin","@id":"https:\/\/rioonwatch.org.br\/#\/schema\/person\/11d64c290506f9df50c71b850c473f68"},"headline":"Live &#8216;Favelas, Pandemias e Cidadanias: Pain\u00e9is Covid-19 nas Favelas&#8217; Salienta as Subnotifica\u00e7\u00f5es","datePublished":"2020-09-16T13:38:15+00:00","dateModified":"2020-10-19T16:00:04+00:00","mainEntityOfPage":{"@id":"https:\/\/rioonwatch.org.br\/?p=50509"},"wordCount":910,"publisher":{"@id":"https:\/\/rioonwatch.org.br\/#organization"},"image":{"@id":"https:\/\/rioonwatch.org.br\/?p=50509#primaryimage"},"thumbnailUrl":"https:\/\/rioonwatch.org.br\/wp-content\/uploads\/2020\/09\/Covid-nas-favelas.jpg","keywords":["Complexo da Mar\u00e9","coronav\u00edrus","evento","g\u00eanero","Grande Rio","Itagua\u00ed","mobiliza\u00e7\u00e3o","Neglig\u00eancia do Estado","OMS","organiza\u00e7\u00e3o comunit\u00e1ria","Redes da Mar\u00e9","sa\u00fade","S\u00e9rie: Covid-19 Nas Favelas","solidariedade","subnotifica\u00e7\u00e3o","UFRJ","v\u00eddeo"],"articleSection":["#Covid19NasFavelas","*Destaque","Cobertura de Eventos","Pol\u00edticas","Sociedade Civil","Solu\u00e7\u00f5es","V\u00eddeo"],"inLanguage":"pt-BR"},{"@type":"WebPage","@id":"https:\/\/rioonwatch.org.br\/?p=50509","url":"https:\/\/rioonwatch.org.br\/?p=50509","name":"Live 'Favelas, Pandemias e Cidadanias: Pain\u00e9is Covid-19 nas Favelas' Salienta as Subnotifica\u00e7\u00f5es - RioOnWatch","isPartOf":{"@id":"https:\/\/rioonwatch.org.br\/#website"},"primaryImageOfPage":{"@id":"https:\/\/rioonwatch.org.br\/?p=50509#primaryimage"},"image":{"@id":"https:\/\/rioonwatch.org.br\/?p=50509#primaryimage"},"thumbnailUrl":"https:\/\/rioonwatch.org.br\/wp-content\/uploads\/2020\/09\/Covid-nas-favelas.jpg","datePublished":"2020-09-16T13:38:15+00:00","dateModified":"2020-10-19T16:00:04+00:00","breadcrumb":{"@id":"https:\/\/rioonwatch.org.br\/?p=50509#breadcrumb"},"inLanguage":"pt-BR","potentialAction":[{"@type":"ReadAction","target":["https:\/\/rioonwatch.org.br\/?p=50509"]}]},{"@type":"ImageObject","inLanguage":"pt-BR","@id":"https:\/\/rioonwatch.org.br\/?p=50509#primaryimage","url":"https:\/\/rioonwatch.org.br\/wp-content\/uploads\/2020\/09\/Covid-nas-favelas.jpg","contentUrl":"https:\/\/rioonwatch.org.br\/wp-content\/uploads\/2020\/09\/Covid-nas-favelas.jpg","width":680,"height":453,"caption":"Covid-19 nas favelas\u00b4. Getty Images"},{"@type":"BreadcrumbList","@id":"https:\/\/rioonwatch.org.br\/?p=50509#breadcrumb","itemListElement":[{"@type":"ListItem","position":1,"name":"In\u00edcio","item":"https:\/\/rioonwatch.org.br\/"},{"@type":"ListItem","position":2,"name":"Live &#8216;Favelas, Pandemias e Cidadanias: Pain\u00e9is Covid-19 nas Favelas&#8217; Salienta as Subnotifica\u00e7\u00f5es"}]},{"@type":"WebSite","@id":"https:\/\/rioonwatch.org.br\/#website","url":"https:\/\/rioonwatch.org.br\/","name":"RioOnWatch","description":"relatos das favelas cariocas","publisher":{"@id":"https:\/\/rioonwatch.org.br\/#organization"},"potentialAction":[{"@type":"SearchAction","target":{"@type":"EntryPoint","urlTemplate":"https:\/\/rioonwatch.org.br\/?s={search_term_string}"},"query-input":{"@type":"PropertyValueSpecification","valueRequired":true,"valueName":"search_term_string"}}],"inLanguage":"pt-BR"},{"@type":"Organization","@id":"https:\/\/rioonwatch.org.br\/#organization","name":"RioOnWatch","url":"https:\/\/rioonwatch.org.br\/","logo":{"@type":"ImageObject","inLanguage":"pt-BR","@id":"https:\/\/rioonwatch.org.br\/#\/schema\/logo\/image\/","url":"https:\/\/rioonwatch.org.br\/wp-content\/uploads\/2021\/06\/RioOnWatchcabecalhoPT11anos-2.png","contentUrl":"https:\/\/rioonwatch.org.br\/wp-content\/uploads\/2021\/06\/RioOnWatchcabecalhoPT11anos-2.png","width":779,"height":277,"caption":"RioOnWatch"},"image":{"@id":"https:\/\/rioonwatch.org.br\/#\/schema\/logo\/image\/"}},{"@type":"Person","@id":"https:\/\/rioonwatch.org.br\/#\/schema\/person\/11d64c290506f9df50c71b850c473f68","name":"Admin","image":{"@type":"ImageObject","inLanguage":"pt-BR","@id":"https:\/\/rioonwatch.org.br\/#\/schema\/person\/image\/","url":"https:\/\/secure.gravatar.com\/avatar\/56211ac74568383903349a1485e3c325?s=96&d=blank&r=g","contentUrl":"https:\/\/secure.gravatar.com\/avatar\/56211ac74568383903349a1485e3c325?s=96&d=blank&r=g","caption":"Admin"},"url":"https:\/\/rioonwatch.org.br\/?author=129"}]}},"_links":{"self":[{"href":"https:\/\/rioonwatch.org.br\/index.php?rest_route=\/wp\/v2\/posts\/50509"}],"collection":[{"href":"https:\/\/rioonwatch.org.br\/index.php?rest_route=\/wp\/v2\/posts"}],"about":[{"href":"https:\/\/rioonwatch.org.br\/index.php?rest_route=\/wp\/v2\/types\/post"}],"author":[{"embeddable":true,"href":"https:\/\/rioonwatch.org.br\/index.php?rest_route=\/wp\/v2\/users\/129"}],"replies":[{"embeddable":true,"href":"https:\/\/rioonwatch.org.br\/index.php?rest_route=%2Fwp%2Fv2%2Fcomments&post=50509"}],"version-history":[{"count":21,"href":"https:\/\/rioonwatch.org.br\/index.php?rest_route=\/wp\/v2\/posts\/50509\/revisions"}],"predecessor-version":[{"id":51007,"href":"https:\/\/rioonwatch.org.br\/index.php?rest_route=\/wp\/v2\/posts\/50509\/revisions\/51007"}],"wp:featuredmedia":[{"embeddable":true,"href":"https:\/\/rioonwatch.org.br\/index.php?rest_route=\/wp\/v2\/media\/50517"}],"wp:attachment":[{"href":"https:\/\/rioonwatch.org.br\/index.php?rest_route=%2Fwp%2Fv2%2Fmedia&parent=50509"}],"wp:term":[{"taxonomy":"category","embeddable":true,"href":"https:\/\/rioonwatch.org.br\/index.php?rest_route=%2Fwp%2Fv2%2Fcategories&post=50509"},{"taxonomy":"post_tag","embeddable":true,"href":"https:\/\/rioonwatch.org.br\/index.php?rest_route=%2Fwp%2Fv2%2Ftags&post=50509"},{"taxonomy":"writer","embeddable":true,"href":"https:\/\/rioonwatch.org.br\/index.php?rest_route=%2Fwp%2Fv2%2Fwriter&post=50509"},{"taxonomy":"translator","embeddable":true,"href":"https:\/\/rioonwatch.org.br\/index.php?rest_route=%2Fwp%2Fv2%2Ftranslator&post=50509"},{"taxonomy":"source","embeddable":true,"href":"https:\/\/rioonwatch.org.br\/index.php?rest_route=%2Fwp%2Fv2%2Fsource&post=50509"},{"taxonomy":"ilustrador","embeddable":true,"href":"https:\/\/rioonwatch.org.br\/index.php?rest_route=%2Fwp%2Fv2%2Filustrador&post=50509"},{"taxonomy":"fotografo","embeddable":true,"href":"https:\/\/rioonwatch.org.br\/index.php?rest_route=%2Fwp%2Fv2%2Ffotografo&post=50509"}],"curies":[{"name":"wp","href":"https:\/\/api.w.org\/{rel}","templated":true}]}}