{"id":50579,"date":"2020-09-30T11:43:40","date_gmt":"2020-09-30T14:43:40","guid":{"rendered":"https:\/\/rioonwatch.org.br\/?p=50579"},"modified":"2020-10-07T13:36:59","modified_gmt":"2020-10-07T16:36:59","slug":"relatos-da-pandemia-pelo-mundo-parte-1-panorama-da-covid-19","status":"publish","type":"post","link":"https:\/\/rioonwatch.org.br\/?p=50579","title":{"rendered":"Relatos da Pandemia Pelo Mundo, Parte 1: Panorama da Covid-19"},"content":{"rendered":"<p><em>Essa \u00e9 a primeira mat\u00e9ria de uma s\u00e9rie de quatro que traz relatos da pandemia, nas vozes de integrantes volunt\u00e1rios do RioOnWatch, baseados em cidades dos <a href=\"https:\/\/bit.ly\/2y11XaE\" target=\"_blank\" rel=\"noopener noreferrer\">EUA<\/a>, de pa\u00edses na <a href=\"https:\/\/bit.ly\/3iaI4yQ\" target=\"_blank\" rel=\"noopener noreferrer\">Europa<\/a> e no Brasil.<\/em><\/p>\n<p><em>N\u00fameros t\u00eam significado, s\u00e3o vidas perdidas, trag\u00e9dias pessoais que jamais ser\u00e3o entendidas completamente quando n\u00e3o estamos inseridas nelas. Pensando nisso, o RioOnWatch se prop\u00f4s a ter uma perspectiva da pandemia, neste momento de flexibiliza\u00e7\u00e3o das medidas de prote\u00e7\u00e3o ao <a href=\"https:\/\/bit.ly\/2xOpNGB\" target=\"_blank\" rel=\"noopener noreferrer\">coronav\u00edrus<\/a> e reabertura econ\u00f4mica nos pa\u00edses onde se encontram parte de seus integrantes volunt\u00e1rios. Essa primeira parte traz um panorama geral da Covid-19.<\/em><\/p>\n<p><a href=\"https:\/\/bit.ly\/CovidRespostas\" target=\"_blank\" rel=\"noopener noreferrer\">O que aprendemos sobre a Covid-19<\/a> muda a cada semana. Apesar da <a href=\"https:\/\/bit.ly\/3iln1dV\" target=\"_blank\" rel=\"noopener noreferrer\">corrida da ci\u00eancia por vacinas<\/a> para dar uma resposta r\u00e1pida a maior pandemia sanit\u00e1ria global, o esfor\u00e7o de cientistas, a exaust\u00e3o de equipes m\u00e9dicas na tal \u201clinha de frente\u201d no mundo, o que sabemos \u00e9 ainda pouco. Por\u00e9m, com mais de seis meses do in\u00edcio da infec\u00e7\u00e3o pelo novo coronav\u00edrus, os sintomas que o v\u00edrus causa no corpo humano j\u00e1 foram identificados. Em um <a href=\"https:\/\/bbc.in\/2BERi7k\" target=\"_blank\" rel=\"noopener noreferrer\">estudo recente da universidade brit\u00e2nica King&#8217;s College London<\/a> foram listados seis tipos diferentes de forma da doen\u00e7a agir, com tr\u00eas tipos mais leves de sintomas, e os outros, mais graves. O estudo \u00e9 importante justamente por diferenciar os sintomas, o que vem auxiliando o tratamento da doen\u00e7a, salvando vidas e ajudando a ci\u00eancia na busca por uma vacina contra a Covid-19.<\/p>\n<p>Ao mesmo tempo, n\u00e3o sabemos ainda sequer quanto tempo duram os anticorpos gerados no corpo de quem j\u00e1 foi infectado e sobreviveu. Inclusive, uma pessoa pode contrair o coronav\u00edrus e n\u00e3o desenvolver anticorpos, fora as <a href=\"https:\/\/glo.bo\/2DQBIXl\" target=\"_blank\" rel=\"noopener noreferrer\">sequelas deixadas pela doen\u00e7a<\/a> em quem foi infectado. A <a href=\"https:\/\/bit.ly\/3jcXDaQ\" target=\"_blank\" rel=\"noopener noreferrer\">Organiza\u00e7\u00e3o Mundial de Sa\u00fade<\/a> segue firme, portanto, na posi\u00e7\u00e3o de que o isolamento f\u00edsico, o uso de m\u00e1scaras, \u00e1gua e sab\u00e3o para lavar as m\u00e3os (ou o uso do \u00e1lcool 70%), s\u00e3o as medidas de preven\u00e7\u00e3o mais eficazes contra a Covid-19. O uso de m\u00e1scaras, inclusive, \u00e9 <a href=\"https:\/\/bit.ly\/2FnV1rt\" target=\"_blank\" rel=\"noopener noreferrer\">uma medida de desacelara\u00e7\u00e3o do cont\u00e1gio<\/a>, pois diminui o cont\u00e1gio de uma pessoa para outras, al\u00e9m da quantidade de carga viral em caso de contamina\u00e7\u00e3o.<\/p>\n<p><a href=\"https:\/\/rioonwatch.org.br\/wp-content\/uploads\/2020\/09\/Credito-ilustracao-Raife-Salles_Voz-das-Comunidades.jpeg\"><img fetchpriority=\"high\" decoding=\"async\" class=\"aligncenter wp-image-50583 size-medium\" title=\"Campanha Voz das Comunidades em prol do uso de m\u00e1scaras no Complexo do Alem\u00e3o\" src=\"https:\/\/rioonwatch.org.br\/wp-content\/uploads\/2020\/09\/Credito-ilustracao-Raife-Salles_Voz-das-Comunidades-620x620.jpeg\" alt=\"\" width=\"620\" height=\"620\" srcset=\"https:\/\/rioonwatch.org.br\/wp-content\/uploads\/2020\/09\/Credito-ilustracao-Raife-Salles_Voz-das-Comunidades-620x620.jpeg 620w, https:\/\/rioonwatch.org.br\/wp-content\/uploads\/2020\/09\/Credito-ilustracao-Raife-Salles_Voz-das-Comunidades.jpeg 1024w, https:\/\/rioonwatch.org.br\/wp-content\/uploads\/2020\/09\/Credito-ilustracao-Raife-Salles_Voz-das-Comunidades-264x264.jpeg 264w, https:\/\/rioonwatch.org.br\/wp-content\/uploads\/2020\/09\/Credito-ilustracao-Raife-Salles_Voz-das-Comunidades-768x768.jpeg 768w\" sizes=\"(max-width: 620px) 100vw, 620px\" \/><\/a><\/p>\n<p>Mas, com os efeitos econ\u00f4micos da pandemia, essa recomenda\u00e7\u00e3o passou a ser realizada por governos em todo o mundo de formas diferentes. Em nome da \u201cpreserva\u00e7\u00e3o de empregos\u201d, da <a href=\"https:\/\/bit.ly\/3jascxs\">realidade da fome<\/a> e da conserva\u00e7\u00e3o do pr\u00f3prio Estado, jogou-se no colo de cada um a responsabilidade individual em muitos pa\u00edses pela sua pr\u00f3pria sobreviv\u00eancia diante de um doen\u00e7a que j\u00e1 matou <a href=\"https:\/\/bit.ly\/2FRtkrl\" target=\"_blank\" rel=\"noopener noreferrer\">mais de um milh\u00e3o de pessoas no mundo<\/a>. Deste total de vidas perdidas, <a href=\"https:\/\/bit.ly\/3k66FGm\" target=\"_blank\" rel=\"noopener noreferrer\">143.010 s\u00e3o brasileiras<\/a> (at\u00e9 30 de setembro de 2020). Em relat\u00f3rio, a <a href=\"http:\/\/bit.ly\/2Jo9VwI\">ONU<\/a> acena que o Brasil teria <a href=\"https:\/\/bit.ly\/2RgMitD\" target=\"_blank\" rel=\"noopener noreferrer\">violado obriga\u00e7\u00f5es legais em direitos humanos<\/a> diante do comportamento adotado pelo pa\u00eds diante da crise.<\/p>\n<p>A <a href=\"https:\/\/bit.ly\/2FQIRI3\" target=\"_blank\" rel=\"noopener noreferrer\">desinforma\u00e7\u00e3o<\/a> tamb\u00e9m foi usada para deslegitimar o isolamento social durante a pandemia. Essa \u00e9 a conclus\u00e3o de um <a href=\"https:\/\/bit.ly\/3cq2tP1\" target=\"_blank\" rel=\"noopener noreferrer\">relat\u00f3rio com mais de 800 verifica\u00e7\u00f5es produzidas<\/a> por plataformas de checagem em 63 pa\u00edses. A maior parte dos conte\u00fados de desinforma\u00e7\u00e3o, as not\u00edcias falsas, visou contestar a legitimidade das medidas de preven\u00e7\u00e3o. Um dos meios usados foi apontar que autoridades respons\u00e1veis por decret\u00e1-las estariam ignorando as regras, <a href=\"https:\/\/bit.ly\/3il5YIF\" target=\"_blank\" rel=\"noopener noreferrer\">informa a <em>Folha de S.Paulo<\/em><\/a>.<\/p>\n<p><a href=\"https:\/\/rioonwatch.org.br\/wp-content\/uploads\/2020\/09\/Ilutracao-Michel-Silva_Faca-Roca.png\"><img decoding=\"async\" class=\"aligncenter wp-image-50586 size-full\" title=\"Campanha sobre Fake News Jornal Fala Ro\u00e7a, ve\u00edculo comunit\u00e1rio da Rocinha\" src=\"https:\/\/rioonwatch.org.br\/wp-content\/uploads\/2020\/09\/Ilutracao-Michel-Silva_Faca-Roca.png\" alt=\"\" width=\"561\" height=\"565\" srcset=\"https:\/\/rioonwatch.org.br\/wp-content\/uploads\/2020\/09\/Ilutracao-Michel-Silva_Faca-Roca.png 561w, https:\/\/rioonwatch.org.br\/wp-content\/uploads\/2020\/09\/Ilutracao-Michel-Silva_Faca-Roca-262x264.png 262w\" sizes=\"(max-width: 561px) 100vw, 561px\" \/><\/a><\/p>\n<p>Portanto, as mortes no mundo resultam n\u00e3o somente devido ao desconhecimento sobre a doen\u00e7a, a letalidade, o alto poder de cont\u00e1gio do coronav\u00edrus, e as <a href=\"https:\/\/bit.ly\/3n7OYbA\" target=\"_blank\" rel=\"noopener noreferrer\">fake news<\/a>, mas tamb\u00e9m por causa da aus\u00eancia da coordena\u00e7\u00e3o de medidas unificadas de combate \u00e0 Covid-19, especialmente em <a href=\"https:\/\/bit.ly\/3mLxGkm\" target=\"_blank\" rel=\"noopener noreferrer\">pa\u00edses desiguais como o Brasil<\/a> ou onde se t\u00eam governos <a href=\"https:\/\/bbc.in\/3mLjRT5\" target=\"_blank\" rel=\"noopener noreferrer\">que abdicam da ci\u00eancia e negam o perigo do v\u00edrus<\/a>.<\/p>\n<p>Sobre o discurso de que tem que se dar <a href=\"https:\/\/bit.ly\/2G2XHes\" target=\"_blank\" rel=\"noopener noreferrer\">prioridade \u00e0 ordem econ\u00f4mica<\/a>, defendendo a vis\u00e3o de que sobe uma quarentena, se as pessoas n\u00e3o morrerem de Covid-19, ir\u00e3o morrer pela fome e a falta de gera\u00e7\u00e3o de capital e quebra dos Estados, flexibilizou-se a \u201cquarentena\u201d ou se ignorou completamente desde o come\u00e7o. Essa foi a postura da maior autoridade do Brasil, quando desde o come\u00e7o, o Presidente da Rep\u00fablica Jair Bolsonaro, diminui a import\u00e2ncia de medidas pol\u00edticas contra a <a href=\"https:\/\/bit.ly\/2FtrjB6\" target=\"_blank\" rel=\"noopener noreferrer\">doen\u00e7a chamando-a de \u201cgripezinha\u2019<\/a>\u2019 e, posteriormente, dando sinal verde para reabertura de servi\u00e7os n\u00e3o essenciais.<\/p>\n<p>As favelas e periferias do Rio de Janeiro e <a href=\"https:\/\/bit.ly\/2wZcBxZ\" target=\"_blank\" rel=\"noopener noreferrer\">S\u00e3o Paulo<\/a> est\u00e3o cheias de hist\u00f3rias. Na <a href=\"http:\/\/bit.ly\/3dcI8N2\" target=\"_blank\" rel=\"noopener noreferrer\">aus\u00eancia de uma pol\u00edtica do Estado<\/a>, a sociedade civil dessas comunidades com popula\u00e7\u00f5es vulnerabilizadas, precisou arcar sozinhas e <a href=\"https:\/\/bit.ly\/340KKtn\" target=\"_blank\" rel=\"noopener noreferrer\">produzir estrat\u00e9gias de sobreviv\u00eancia<\/a>: medidas comunit\u00e1rias para aplacar a fome, <a href=\"https:\/\/bit.ly\/3b9FTsC\" target=\"_blank\" rel=\"noopener noreferrer\">sanitizar pioneiramente becos e vielas<\/a>, minimizando os efeitos da pandemia e denunciando a acelera\u00e7\u00e3o da <a href=\"https:\/\/bit.ly\/12EvidenciasNecropolitica\" target=\"_blank\" rel=\"noopener noreferrer\">necropol\u00edtica em curso<\/a> no Brasil.<\/p>\n<figure id=\"attachment_50587\" aria-describedby=\"caption-attachment-50587\" style=\"width: 568px\" class=\"wp-caption aligncenter\"><a href=\"https:\/\/rioonwatch.org.br\/wp-content\/uploads\/2020\/09\/Daiene-Mendes-_-O-COVID__19-e-o-sintoma-a-desigualdade-e-o-virus-e-a-solidariedade-e-o-Remedio-.png\"><img decoding=\"async\" class=\"wp-image-50587 size-full\" title=\"&quot;O COVID-19 \u00e9 o sintoma, a desigualdade \u00e9 o v\u00edrus e a solidariedade \u00e9 o Rem\u00e9dio&quot;, Daiene Mendes, jornalista do portal Favela em Pauta\" src=\"https:\/\/rioonwatch.org.br\/wp-content\/uploads\/2020\/09\/Daiene-Mendes-_-O-COVID__19-e-o-sintoma-a-desigualdade-e-o-virus-e-a-solidariedade-e-o-Remedio-.png\" alt=\"\" width=\"568\" height=\"319\" srcset=\"https:\/\/rioonwatch.org.br\/wp-content\/uploads\/2020\/09\/Daiene-Mendes-_-O-COVID__19-e-o-sintoma-a-desigualdade-e-o-virus-e-a-solidariedade-e-o-Remedio-.png 568w, https:\/\/rioonwatch.org.br\/wp-content\/uploads\/2020\/09\/Daiene-Mendes-_-O-COVID__19-e-o-sintoma-a-desigualdade-e-o-virus-e-a-solidariedade-e-o-Remedio--470x264.png 470w, https:\/\/rioonwatch.org.br\/wp-content\/uploads\/2020\/09\/Daiene-Mendes-_-O-COVID__19-e-o-sintoma-a-desigualdade-e-o-virus-e-a-solidariedade-e-o-Remedio--174x98.png 174w\" sizes=\"(max-width: 568px) 100vw, 568px\" \/><\/a><figcaption id=\"caption-attachment-50587\" class=\"wp-caption-text\">&#8220;O COVID-19 \u00e9 o sintoma, a desigualdade \u00e9 o v\u00edrus e a solidariedade \u00e9 o Rem\u00e9dio&#8221;, Daiene Mendes, jornalista do portal Favela em Pauta<\/figcaption><\/figure>\n<p>J\u00e1 <a href=\"https:\/\/bit.ly\/2wRgF3t\" target=\"_blank\" rel=\"noopener noreferrer\">contamos essas hist\u00f3rias<\/a> e vamos permanecer relatando-as com apoio da nossa rede de comunicadores, lideran\u00e7as e moradores de favelas. Inclusive, a Comunidades Catalisadoras* junto com parceiros das favelas, vem monitorando e produzindo dados atrav\u00e9s do <a href=\"http:\/\/www.favela.info\" target=\"_blank\" rel=\"noopener noreferrer\">Painel Unificador Covid-19 Nas Favelas<\/a>, na <a href=\"https:\/\/bit.ly\/2ZFvpym\" target=\"_blank\" rel=\"noopener noreferrer\">falta de dados confi\u00e1veis<\/a> do poder p\u00fablico, aus\u00eancia de testagem em massa da popula\u00e7\u00e3o, manipula\u00e7\u00e3o de dados oficiais e <a href=\"https:\/\/bit.ly\/2H6k6rI\" target=\"_blank\" rel=\"noopener noreferrer\">subnotifica\u00e7\u00f5es<\/a>.<\/p>\n<p>Neste cen\u00e1rio, parte do desafio da m\u00eddia \u00e9 fazer a leitura correta de uma realidade em constante mudan\u00e7a. Mas, como fazer isso em meio a uma pandemia que parece ser uma sucess\u00e3o de estat\u00edsticas, que v\u00e3o crescendo um dia ap\u00f3s o outro?<\/p>\n<p>Para ampliar o nosso panorama de relatos do <em>RioOnWatch <\/em>sobre a pandemia, que tem integrantes volunt\u00e1rios da sua equipe al\u00e9m do Brasil, decidimos publicar relatos, destes integrantes, sobre a sensa\u00e7\u00e3o da pandemia nos pa\u00edses em que se encontram.<\/p>\n<p><em>Essa \u00e9 a primeira mat\u00e9ria de uma s\u00e9rie composta por quatro partes.<\/em><\/p>\n<p><em>*Comunidades Catalisadoras \u00e9 a organiza\u00e7\u00e3o sem fins lucrativos que publica o RioOnWatch.<\/em><\/p>\n<hr \/>\n<h4><strong>Apoie nossos esfor\u00e7os para fornecer assist\u00eancia estrat\u00e9gica \u00e0s favelas do Rio durante a pandemia da Covid-19, incluindo o jornalismo hiperlocal, cr\u00edtico, inovador e incans\u00e1vel do\u00a0<em>RioOnWatch<\/em><\/strong>\u2014<a href=\"http:\/\/bit.ly\/CatalisandoComunidades\">doe aqui<\/a>.<\/h4>\n<!-- AddThis Advanced Settings generic via filter on the_content --><!-- AddThis Share Buttons generic via filter on the_content -->","protected":false},"excerpt":{"rendered":"<div class=\"mh-excerpt\"><p>Essa \u00e9 a primeira mat\u00e9ria de uma s\u00e9rie de quatro que traz relatos da pandemia, nas vozes de integrantes volunt\u00e1rios do RioOnWatch, baseados em cidades dos EUA, de pa\u00edses na Europa e no Brasil. N\u00fameros <a class=\"mh-excerpt-more\" href=\"https:\/\/rioonwatch.org.br\/?p=50579\" title=\"Relatos da Pandemia Pelo Mundo, Parte 1: Panorama da Covid-19\">[&#8230;]<\/a><!-- AddThis Advanced Settings generic via filter on get_the_excerpt --><!-- AddThis Share Buttons generic via filter on get_the_excerpt --><\/p>\n<\/div>","protected":false},"author":165,"featured_media":50589,"comment_status":"closed","ping_status":"closed","sticky":false,"template":"","format":"standard","meta":{"_acf_changed":false,"_monsterinsights_skip_tracking":false,"_monsterinsights_sitenote_active":false,"_monsterinsights_sitenote_note":"","_monsterinsights_sitenote_category":0,"footnotes":""},"categories":[2753,1621,1631,344],"tags":[2814,759,2748,413,818,1885,2271,2230,2269,1151,2561,417,2790,1722,998,294,2816],"writer":[2800],"translator":[],"source":[],"ilustrador":[],"fotografo":[],"class_list":{"0":"post-50579","1":"post","2":"type-post","3":"status-publish","4":"format-standard","5":"has-post-thumbnail","7":"category-covid19nasfavelas","8":"category-destaque","9":"category-entendendo-o-rio","10":"category-politicas","11":"tag-bolsonaro-sabota-prevencao-a-covid-19","12":"tag-comparacao-internacional","13":"tag-coronavirus","14":"tag-desigualdade","15":"tag-eua","16":"tag-europa","17":"tag-fake-news","18":"tag-fome","19":"tag-jair-bolsonaro","20":"tag-organizacao","21":"tag-necropolitica","22":"tag-negligencia-do-estado","23":"tag-oms","24":"tag-onu","25":"tag-sao-paulo","26":"tag-saude","27":"tag-subnotificacao","28":"writer-tatiana-lima"},"acf":[],"yoast_head":"<!-- This site is optimized with the Yoast SEO plugin v25.6 - https:\/\/yoast.com\/wordpress\/plugins\/seo\/ -->\n<title>Relatos da Pandemia Pelo Mundo, Parte 1: Panorama da Covid-19 - RioOnWatch<\/title>\n<meta name=\"robots\" content=\"index, follow, max-snippet:-1, max-image-preview:large, max-video-preview:-1\" \/>\n<link rel=\"canonical\" href=\"https:\/\/rioonwatch.org.br\/?p=50579\" \/>\n<meta property=\"og:locale\" content=\"pt_BR\" \/>\n<meta property=\"og:type\" content=\"article\" \/>\n<meta property=\"og:title\" content=\"Relatos da Pandemia Pelo Mundo, Parte 1: Panorama da Covid-19 - RioOnWatch\" \/>\n<meta property=\"og:description\" content=\"Essa \u00e9 a primeira mat\u00e9ria de uma s\u00e9rie de quatro que traz relatos da pandemia, nas vozes de integrantes volunt\u00e1rios do RioOnWatch, baseados em cidades dos EUA, de pa\u00edses na Europa e no Brasil. N\u00fameros [...]\" \/>\n<meta property=\"og:url\" content=\"https:\/\/rioonwatch.org.br\/?p=50579\" \/>\n<meta property=\"og:site_name\" content=\"RioOnWatch\" \/>\n<meta property=\"article:published_time\" content=\"2020-09-30T14:43:40+00:00\" \/>\n<meta property=\"article:modified_time\" content=\"2020-10-07T16:36:59+00:00\" \/>\n<meta property=\"og:image\" content=\"https:\/\/rioonwatch.org.br\/wp-content\/uploads\/2020\/09\/FREEPIK-scaled.jpg\" \/>\n\t<meta property=\"og:image:width\" content=\"2560\" \/>\n\t<meta property=\"og:image:height\" content=\"1532\" \/>\n\t<meta property=\"og:image:type\" content=\"image\/jpeg\" \/>\n<meta name=\"author\" content=\"Tatiana Lima\" \/>\n<meta name=\"twitter:card\" content=\"summary_large_image\" \/>\n<meta name=\"twitter:label1\" content=\"Escrito por\" \/>\n\t<meta name=\"twitter:data1\" content=\"Tatiana Lima\" \/>\n\t<meta name=\"twitter:label2\" content=\"Est. tempo de leitura\" \/>\n\t<meta name=\"twitter:data2\" content=\"6 minutos\" \/>\n<script type=\"application\/ld+json\" class=\"yoast-schema-graph\">{\"@context\":\"https:\/\/schema.org\",\"@graph\":[{\"@type\":\"Article\",\"@id\":\"https:\/\/rioonwatch.org.br\/?p=50579#article\",\"isPartOf\":{\"@id\":\"https:\/\/rioonwatch.org.br\/?p=50579\"},\"author\":{\"name\":\"Tatiana Lima\",\"@id\":\"https:\/\/rioonwatch.org.br\/#\/schema\/person\/8fde974ee24e219acc413d63393ec551\"},\"headline\":\"Relatos da Pandemia Pelo Mundo, Parte 1: Panorama da Covid-19\",\"datePublished\":\"2020-09-30T14:43:40+00:00\",\"dateModified\":\"2020-10-07T16:36:59+00:00\",\"mainEntityOfPage\":{\"@id\":\"https:\/\/rioonwatch.org.br\/?p=50579\"},\"wordCount\":1109,\"publisher\":{\"@id\":\"https:\/\/rioonwatch.org.br\/#organization\"},\"image\":{\"@id\":\"https:\/\/rioonwatch.org.br\/?p=50579#primaryimage\"},\"thumbnailUrl\":\"https:\/\/rioonwatch.org.br\/wp-content\/uploads\/2020\/09\/FREEPIK-scaled.jpg\",\"keywords\":[\"Bolsonaro sabota preven\u00e7\u00e3o \u00e0 Covid-19\",\"compara\u00e7\u00e3o internacional\",\"coronav\u00edrus\",\"desigualdade\",\"EUA\",\"Europa\",\"Fake news\",\"Inseguran\u00e7a alimentar\",\"Jair Bolsonaro\",\"mobiliza\u00e7\u00e3o\",\"necropol\u00edtica\",\"Neglig\u00eancia do Estado\",\"OMS\",\"ONU\",\"S\u00e3o Paulo\",\"sa\u00fade\",\"subnotifica\u00e7\u00e3o\"],\"articleSection\":[\"#Covid19NasFavelas\",\"*Destaque\",\"Entendendo o Rio\",\"Pol\u00edticas\"],\"inLanguage\":\"pt-BR\"},{\"@type\":\"WebPage\",\"@id\":\"https:\/\/rioonwatch.org.br\/?p=50579\",\"url\":\"https:\/\/rioonwatch.org.br\/?p=50579\",\"name\":\"Relatos da Pandemia Pelo Mundo, Parte 1: Panorama da Covid-19 - RioOnWatch\",\"isPartOf\":{\"@id\":\"https:\/\/rioonwatch.org.br\/#website\"},\"primaryImageOfPage\":{\"@id\":\"https:\/\/rioonwatch.org.br\/?p=50579#primaryimage\"},\"image\":{\"@id\":\"https:\/\/rioonwatch.org.br\/?p=50579#primaryimage\"},\"thumbnailUrl\":\"https:\/\/rioonwatch.org.br\/wp-content\/uploads\/2020\/09\/FREEPIK-scaled.jpg\",\"datePublished\":\"2020-09-30T14:43:40+00:00\",\"dateModified\":\"2020-10-07T16:36:59+00:00\",\"breadcrumb\":{\"@id\":\"https:\/\/rioonwatch.org.br\/?p=50579#breadcrumb\"},\"inLanguage\":\"pt-BR\",\"potentialAction\":[{\"@type\":\"ReadAction\",\"target\":[\"https:\/\/rioonwatch.org.br\/?p=50579\"]}]},{\"@type\":\"ImageObject\",\"inLanguage\":\"pt-BR\",\"@id\":\"https:\/\/rioonwatch.org.br\/?p=50579#primaryimage\",\"url\":\"https:\/\/rioonwatch.org.br\/wp-content\/uploads\/2020\/09\/FREEPIK-scaled.jpg\",\"contentUrl\":\"https:\/\/rioonwatch.org.br\/wp-content\/uploads\/2020\/09\/FREEPIK-scaled.jpg\",\"width\":2560,\"height\":1532},{\"@type\":\"BreadcrumbList\",\"@id\":\"https:\/\/rioonwatch.org.br\/?p=50579#breadcrumb\",\"itemListElement\":[{\"@type\":\"ListItem\",\"position\":1,\"name\":\"In\u00edcio\",\"item\":\"https:\/\/rioonwatch.org.br\/\"},{\"@type\":\"ListItem\",\"position\":2,\"name\":\"Relatos da Pandemia Pelo Mundo, Parte 1: Panorama da Covid-19\"}]},{\"@type\":\"WebSite\",\"@id\":\"https:\/\/rioonwatch.org.br\/#website\",\"url\":\"https:\/\/rioonwatch.org.br\/\",\"name\":\"RioOnWatch\",\"description\":\"relatos das favelas cariocas\",\"publisher\":{\"@id\":\"https:\/\/rioonwatch.org.br\/#organization\"},\"potentialAction\":[{\"@type\":\"SearchAction\",\"target\":{\"@type\":\"EntryPoint\",\"urlTemplate\":\"https:\/\/rioonwatch.org.br\/?s={search_term_string}\"},\"query-input\":{\"@type\":\"PropertyValueSpecification\",\"valueRequired\":true,\"valueName\":\"search_term_string\"}}],\"inLanguage\":\"pt-BR\"},{\"@type\":\"Organization\",\"@id\":\"https:\/\/rioonwatch.org.br\/#organization\",\"name\":\"RioOnWatch\",\"url\":\"https:\/\/rioonwatch.org.br\/\",\"logo\":{\"@type\":\"ImageObject\",\"inLanguage\":\"pt-BR\",\"@id\":\"https:\/\/rioonwatch.org.br\/#\/schema\/logo\/image\/\",\"url\":\"https:\/\/rioonwatch.org.br\/wp-content\/uploads\/2021\/06\/RioOnWatchcabecalhoPT11anos-2.png\",\"contentUrl\":\"https:\/\/rioonwatch.org.br\/wp-content\/uploads\/2021\/06\/RioOnWatchcabecalhoPT11anos-2.png\",\"width\":779,\"height\":277,\"caption\":\"RioOnWatch\"},\"image\":{\"@id\":\"https:\/\/rioonwatch.org.br\/#\/schema\/logo\/image\/\"}},{\"@type\":\"Person\",\"@id\":\"https:\/\/rioonwatch.org.br\/#\/schema\/person\/8fde974ee24e219acc413d63393ec551\",\"name\":\"Tatiana Lima\",\"image\":{\"@type\":\"ImageObject\",\"inLanguage\":\"pt-BR\",\"@id\":\"https:\/\/rioonwatch.org.br\/#\/schema\/person\/image\/\",\"url\":\"https:\/\/secure.gravatar.com\/avatar\/5fb587d000e124a9d6aae50aec42d39e?s=96&d=blank&r=g\",\"contentUrl\":\"https:\/\/secure.gravatar.com\/avatar\/5fb587d000e124a9d6aae50aec42d39e?s=96&d=blank&r=g\",\"caption\":\"Tatiana Lima\"},\"url\":\"https:\/\/rioonwatch.org.br\/?author=165\"}]}<\/script>\n<!-- \/ Yoast SEO plugin. -->","yoast_head_json":{"title":"Relatos da Pandemia Pelo Mundo, Parte 1: Panorama da Covid-19 - RioOnWatch","robots":{"index":"index","follow":"follow","max-snippet":"max-snippet:-1","max-image-preview":"max-image-preview:large","max-video-preview":"max-video-preview:-1"},"canonical":"https:\/\/rioonwatch.org.br\/?p=50579","og_locale":"pt_BR","og_type":"article","og_title":"Relatos da Pandemia Pelo Mundo, Parte 1: Panorama da Covid-19 - RioOnWatch","og_description":"Essa \u00e9 a primeira mat\u00e9ria de uma s\u00e9rie de quatro que traz relatos da pandemia, nas vozes de integrantes volunt\u00e1rios do RioOnWatch, baseados em cidades dos EUA, de pa\u00edses na Europa e no Brasil. N\u00fameros [...]","og_url":"https:\/\/rioonwatch.org.br\/?p=50579","og_site_name":"RioOnWatch","article_published_time":"2020-09-30T14:43:40+00:00","article_modified_time":"2020-10-07T16:36:59+00:00","og_image":[{"width":2560,"height":1532,"url":"https:\/\/rioonwatch.org.br\/wp-content\/uploads\/2020\/09\/FREEPIK-scaled.jpg","type":"image\/jpeg"}],"author":"Tatiana Lima","twitter_card":"summary_large_image","twitter_misc":{"Escrito por":"Tatiana Lima","Est. tempo de leitura":"6 minutos"},"schema":{"@context":"https:\/\/schema.org","@graph":[{"@type":"Article","@id":"https:\/\/rioonwatch.org.br\/?p=50579#article","isPartOf":{"@id":"https:\/\/rioonwatch.org.br\/?p=50579"},"author":{"name":"Tatiana Lima","@id":"https:\/\/rioonwatch.org.br\/#\/schema\/person\/8fde974ee24e219acc413d63393ec551"},"headline":"Relatos da Pandemia Pelo Mundo, Parte 1: Panorama da Covid-19","datePublished":"2020-09-30T14:43:40+00:00","dateModified":"2020-10-07T16:36:59+00:00","mainEntityOfPage":{"@id":"https:\/\/rioonwatch.org.br\/?p=50579"},"wordCount":1109,"publisher":{"@id":"https:\/\/rioonwatch.org.br\/#organization"},"image":{"@id":"https:\/\/rioonwatch.org.br\/?p=50579#primaryimage"},"thumbnailUrl":"https:\/\/rioonwatch.org.br\/wp-content\/uploads\/2020\/09\/FREEPIK-scaled.jpg","keywords":["Bolsonaro sabota preven\u00e7\u00e3o \u00e0 Covid-19","compara\u00e7\u00e3o internacional","coronav\u00edrus","desigualdade","EUA","Europa","Fake news","Inseguran\u00e7a alimentar","Jair Bolsonaro","mobiliza\u00e7\u00e3o","necropol\u00edtica","Neglig\u00eancia do Estado","OMS","ONU","S\u00e3o Paulo","sa\u00fade","subnotifica\u00e7\u00e3o"],"articleSection":["#Covid19NasFavelas","*Destaque","Entendendo o Rio","Pol\u00edticas"],"inLanguage":"pt-BR"},{"@type":"WebPage","@id":"https:\/\/rioonwatch.org.br\/?p=50579","url":"https:\/\/rioonwatch.org.br\/?p=50579","name":"Relatos da Pandemia Pelo Mundo, Parte 1: Panorama da Covid-19 - RioOnWatch","isPartOf":{"@id":"https:\/\/rioonwatch.org.br\/#website"},"primaryImageOfPage":{"@id":"https:\/\/rioonwatch.org.br\/?p=50579#primaryimage"},"image":{"@id":"https:\/\/rioonwatch.org.br\/?p=50579#primaryimage"},"thumbnailUrl":"https:\/\/rioonwatch.org.br\/wp-content\/uploads\/2020\/09\/FREEPIK-scaled.jpg","datePublished":"2020-09-30T14:43:40+00:00","dateModified":"2020-10-07T16:36:59+00:00","breadcrumb":{"@id":"https:\/\/rioonwatch.org.br\/?p=50579#breadcrumb"},"inLanguage":"pt-BR","potentialAction":[{"@type":"ReadAction","target":["https:\/\/rioonwatch.org.br\/?p=50579"]}]},{"@type":"ImageObject","inLanguage":"pt-BR","@id":"https:\/\/rioonwatch.org.br\/?p=50579#primaryimage","url":"https:\/\/rioonwatch.org.br\/wp-content\/uploads\/2020\/09\/FREEPIK-scaled.jpg","contentUrl":"https:\/\/rioonwatch.org.br\/wp-content\/uploads\/2020\/09\/FREEPIK-scaled.jpg","width":2560,"height":1532},{"@type":"BreadcrumbList","@id":"https:\/\/rioonwatch.org.br\/?p=50579#breadcrumb","itemListElement":[{"@type":"ListItem","position":1,"name":"In\u00edcio","item":"https:\/\/rioonwatch.org.br\/"},{"@type":"ListItem","position":2,"name":"Relatos da Pandemia Pelo Mundo, Parte 1: Panorama da Covid-19"}]},{"@type":"WebSite","@id":"https:\/\/rioonwatch.org.br\/#website","url":"https:\/\/rioonwatch.org.br\/","name":"RioOnWatch","description":"relatos das favelas cariocas","publisher":{"@id":"https:\/\/rioonwatch.org.br\/#organization"},"potentialAction":[{"@type":"SearchAction","target":{"@type":"EntryPoint","urlTemplate":"https:\/\/rioonwatch.org.br\/?s={search_term_string}"},"query-input":{"@type":"PropertyValueSpecification","valueRequired":true,"valueName":"search_term_string"}}],"inLanguage":"pt-BR"},{"@type":"Organization","@id":"https:\/\/rioonwatch.org.br\/#organization","name":"RioOnWatch","url":"https:\/\/rioonwatch.org.br\/","logo":{"@type":"ImageObject","inLanguage":"pt-BR","@id":"https:\/\/rioonwatch.org.br\/#\/schema\/logo\/image\/","url":"https:\/\/rioonwatch.org.br\/wp-content\/uploads\/2021\/06\/RioOnWatchcabecalhoPT11anos-2.png","contentUrl":"https:\/\/rioonwatch.org.br\/wp-content\/uploads\/2021\/06\/RioOnWatchcabecalhoPT11anos-2.png","width":779,"height":277,"caption":"RioOnWatch"},"image":{"@id":"https:\/\/rioonwatch.org.br\/#\/schema\/logo\/image\/"}},{"@type":"Person","@id":"https:\/\/rioonwatch.org.br\/#\/schema\/person\/8fde974ee24e219acc413d63393ec551","name":"Tatiana Lima","image":{"@type":"ImageObject","inLanguage":"pt-BR","@id":"https:\/\/rioonwatch.org.br\/#\/schema\/person\/image\/","url":"https:\/\/secure.gravatar.com\/avatar\/5fb587d000e124a9d6aae50aec42d39e?s=96&d=blank&r=g","contentUrl":"https:\/\/secure.gravatar.com\/avatar\/5fb587d000e124a9d6aae50aec42d39e?s=96&d=blank&r=g","caption":"Tatiana Lima"},"url":"https:\/\/rioonwatch.org.br\/?author=165"}]}},"_links":{"self":[{"href":"https:\/\/rioonwatch.org.br\/index.php?rest_route=\/wp\/v2\/posts\/50579"}],"collection":[{"href":"https:\/\/rioonwatch.org.br\/index.php?rest_route=\/wp\/v2\/posts"}],"about":[{"href":"https:\/\/rioonwatch.org.br\/index.php?rest_route=\/wp\/v2\/types\/post"}],"author":[{"embeddable":true,"href":"https:\/\/rioonwatch.org.br\/index.php?rest_route=\/wp\/v2\/users\/165"}],"replies":[{"embeddable":true,"href":"https:\/\/rioonwatch.org.br\/index.php?rest_route=%2Fwp%2Fv2%2Fcomments&post=50579"}],"version-history":[{"count":23,"href":"https:\/\/rioonwatch.org.br\/index.php?rest_route=\/wp\/v2\/posts\/50579\/revisions"}],"predecessor-version":[{"id":50652,"href":"https:\/\/rioonwatch.org.br\/index.php?rest_route=\/wp\/v2\/posts\/50579\/revisions\/50652"}],"wp:featuredmedia":[{"embeddable":true,"href":"https:\/\/rioonwatch.org.br\/index.php?rest_route=\/wp\/v2\/media\/50589"}],"wp:attachment":[{"href":"https:\/\/rioonwatch.org.br\/index.php?rest_route=%2Fwp%2Fv2%2Fmedia&parent=50579"}],"wp:term":[{"taxonomy":"category","embeddable":true,"href":"https:\/\/rioonwatch.org.br\/index.php?rest_route=%2Fwp%2Fv2%2Fcategories&post=50579"},{"taxonomy":"post_tag","embeddable":true,"href":"https:\/\/rioonwatch.org.br\/index.php?rest_route=%2Fwp%2Fv2%2Ftags&post=50579"},{"taxonomy":"writer","embeddable":true,"href":"https:\/\/rioonwatch.org.br\/index.php?rest_route=%2Fwp%2Fv2%2Fwriter&post=50579"},{"taxonomy":"translator","embeddable":true,"href":"https:\/\/rioonwatch.org.br\/index.php?rest_route=%2Fwp%2Fv2%2Ftranslator&post=50579"},{"taxonomy":"source","embeddable":true,"href":"https:\/\/rioonwatch.org.br\/index.php?rest_route=%2Fwp%2Fv2%2Fsource&post=50579"},{"taxonomy":"ilustrador","embeddable":true,"href":"https:\/\/rioonwatch.org.br\/index.php?rest_route=%2Fwp%2Fv2%2Filustrador&post=50579"},{"taxonomy":"fotografo","embeddable":true,"href":"https:\/\/rioonwatch.org.br\/index.php?rest_route=%2Fwp%2Fv2%2Ffotografo&post=50579"}],"curies":[{"name":"wp","href":"https:\/\/api.w.org\/{rel}","templated":true}]}}