{"id":50850,"date":"2020-10-14T11:52:51","date_gmt":"2020-10-14T14:52:51","guid":{"rendered":"https:\/\/rioonwatch.org.br\/?p=50850"},"modified":"2022-05-31T12:33:23","modified_gmt":"2022-05-31T15:33:23","slug":"em-plena-festa-do-dia-criancas-e-da-santa-padroeira-complexo-do-viradouro-sofre-acoes-de-abuso-policial","status":"publish","type":"post","link":"https:\/\/rioonwatch.org.br\/?p=50850","title":{"rendered":"Em Plena Festa do Dia das Crian\u00e7as, Complexo do Viradouro Sofre A\u00e7\u00f5es de Abuso Policial"},"content":{"rendered":"<h4 style=\"text-align: right;\"><em><strong><a href=\"https:\/\/bit.ly\/3mVGDXK\" target=\"_blank\" rel=\"noopener noreferrer\">Click Here for English<\/a><a href=\"https:\/\/bit.ly\/3mVGDXK\" target=\"_blank\" rel=\"noopener noreferrer\"><img decoding=\"async\" class=\"alignright wp-image-15790\" src=\"https:\/\/rioonwatch.org.br\/wp-content\/uploads\/2012\/08\/EN-standard-e1439583104716.jpg\" alt=\"\" width=\"20\" height=\"20\" \/><\/a><\/strong><\/em><\/h4>\n<p>No dia 12 de outubro\u2014feriado nacional da santa negra padroeira do Brasil, Nossa Senhora Aparecida\u2014estava acontecendo a festa do Dia das Crian\u00e7as (comemorada na mesma data) e uma feijoada organizada por uma escola de samba da comunidade do <a href=\"https:\/\/bit.ly\/32ck7Cp\" target=\"_blank\" rel=\"noopener noreferrer\">Complexo do Viradouro<\/a>, na Pracinha do conjunto de favelas, em <a href=\"http:\/\/bit.ly\/2xtrOnO\" target=\"_blank\" rel=\"noopener noreferrer\">Niter\u00f3i<\/a>. A festa comunit\u00e1ria foi bruscamente interrompida pelo Batalh\u00e3o de Pol\u00edcia de Choque (<a href=\"https:\/\/bit.ly\/34YcW0G\" target=\"_blank\" rel=\"noopener noreferrer\">BPChq<\/a>) com a deten\u00e7\u00e3o arbitr\u00e1ria de um jovem, tiros de fuzil disparados para o alto, spray de pimenta e bombas de g\u00e1s lacrimog\u00eaneo.<\/p>\n<p>O conflito teve in\u00edcio ap\u00f3s um jovem ser agredido e preso sem justificativa, de acordo com a comunidade. Em protesto, os moradores fecharam os dois lados da Rua Doutor M\u00e1rio Viana. \u201cLevaram um inocente. Fechou a rua\u201d, afirma um homem como mostra o v\u00eddeo abaixo.<\/p>\n<div style=\"width: 620px;\" class=\"wp-video\"><!--[if lt IE 9]><script>document.createElement('video');<\/script><![endif]-->\n<video class=\"wp-video-shortcode\" id=\"video-50850-1\" width=\"620\" height=\"349\" preload=\"metadata\" controls=\"controls\"><source type=\"video\/mp4\" src=\"https:\/\/rioonwatch.org.br\/wp-content\/uploads\/2020\/10\/Moradores-fecham-a-Rua-Douto-Viana-em-protesto-contra-violencia-policial.mp4?_=1\" \/><a href=\"https:\/\/rioonwatch.org.br\/wp-content\/uploads\/2020\/10\/Moradores-fecham-a-Rua-Douto-Viana-em-protesto-contra-violencia-policial.mp4\">https:\/\/rioonwatch.org.br\/wp-content\/uploads\/2020\/10\/Moradores-fecham-a-Rua-Douto-Viana-em-protesto-contra-violencia-policial.mp4<\/a><\/video><\/div>\n<p>&nbsp;<\/p>\n<p>Segundo moradores, o jovem, que estava com um ferimento no bra\u00e7o, foi chamado por um agente do Batalh\u00e3o de Pol\u00edcia de Choque. O policial interrogou o rapaz para saber como e porque ele estava ferido. Ap\u00f3s explica\u00e7\u00f5es, o agente liberou o jovem, que atravessou a rua e permaneceu na feijoada junto com amigos.<\/p>\n<p>Por\u00e9m, minutos depois, o mesmo agente voltou a chamar o jovem at\u00e9 o destacamento policial. Novamente, o jovem atravessou a rua e se dirigiu at\u00e9 os policiais, mas, desta vez, recebeu um soco e foi atirado para dentro do carro do Batalh\u00e3o de Pol\u00edcia de Choque. Neste momento, moradores foram em dire\u00e7\u00e3o aos agentes de forma pac\u00edfica para saber o motivo da pris\u00e3o, afirmando que o jovem \u201cera trabalhador\u201d.<\/p>\n<p>Foi quando, conforme v\u00eddeo que <a href=\"https:\/\/bit.ly\/2IulXHt\" target=\"_blank\" rel=\"noopener noreferrer\">circula nas redes sociais<\/a>, um dos agentes efetuou disparos de fuzil para o alto.<\/p>\n<blockquote class=\"twitter-tweet\">\n<p dir=\"ltr\" lang=\"pt\">Festa de Dia das Crian\u00e7as terminou com tiros nesta segunda-feira (12\/10) durante a\u00e7\u00e3o policial no Complexo do Viradouro, em Niter\u00f3i, Regi\u00e3o Metropolitana do Rio. N\u00e3o h\u00e1 informa\u00e7\u00e3o de feridos. V\u00eddeo: Jornal <a href=\"https:\/\/twitter.com\/osaogoncalo?ref_src=twsrc%5Etfw\">@osaogoncalo<\/a> <a href=\"https:\/\/t.co\/RsCQJWSPA4\">https:\/\/t.co\/RsCQJWSPA4<\/a> <a href=\"https:\/\/twitter.com\/hashtag\/TirosRJ?src=hash&amp;ref_src=twsrc%5Etfw\">#TirosRJ<\/a> <a href=\"https:\/\/twitter.com\/hashtag\/FogoCruzadoRJ?src=hash&amp;ref_src=twsrc%5Etfw\">#FogoCruzadoRJ<\/a> <a href=\"https:\/\/twitter.com\/hashtag\/Niter%C3%B3i?src=hash&amp;ref_src=twsrc%5Etfw\">#Niter\u00f3i<\/a> <a href=\"https:\/\/t.co\/qOxnFR40W2\">pic.twitter.com\/qOxnFR40W2<\/a><\/p>\n<p>\u2014 Fogo Cruzado RJ (@fogocruzadoapp) <a href=\"https:\/\/twitter.com\/fogocruzadoapp\/status\/1315795809527627776?ref_src=twsrc%5Etfw\">October 12, 2020<\/a><\/p><\/blockquote>\n<p><script async src=\"https:\/\/platform.twitter.com\/widgets.js\" charset=\"utf-8\"><\/script><\/p>\n<p>Moradores, em sua maioria negros\u2014inclusive <a href=\"https:\/\/bit.ly\/30Sig4Q\" target=\"_blank\" rel=\"noopener noreferrer\">mulheres de m\u00e3os dadas com crian\u00e7as<\/a>\u2014come\u00e7aram a correr para se protegerem. Ap\u00f3s os disparos, a equipe policial foi embora levando o jovem. Uma patrulha da <a href=\"http:\/\/bit.ly\/2x488q5\" target=\"_blank\" rel=\"noopener noreferrer\">Pol\u00edcia Militar<\/a> seguiu estacionada no local.<\/p>\n<p>De acordo com relatos da comunidade ap\u00f3s alguns minutos, outros dois carros do Batalh\u00e3o de Pol\u00edcia de Choque voltaram a entrada da comunidade localizada na Rua Doutor M\u00e1rio Viana, e lan\u00e7aram tr\u00eas granadas de g\u00e1s lacrimog\u00eaneo mesmo com crian\u00e7as no local, interrompendo a festa do Dia das Crian\u00e7as e a confraterniza\u00e7\u00e3o dos moradores na feijoada.<\/p>\n<p>\u201cMaior covardia! Tinham mais de 20 crian\u00e7as na rua. Isso d\u00e1 uma revolta\u201d, desabafa moradores por telefone ao <em>RioOnWatch\u2014<\/em>que n\u00e3o ser\u00e3o identificados.<\/p>\n<p><a href=\"https:\/\/rioonwatch.org.br\/wp-content\/uploads\/2020\/10\/Montagem-Viradouro.jpg\"><img fetchpriority=\"high\" decoding=\"async\" class=\"alignright wp-image-50886\" title=\"Montagem de fotos da Complexo do Viradouro que circulou nas redes sociais. Fonte O S\u00e3o Gon\u00e7alo\" src=\"https:\/\/rioonwatch.org.br\/wp-content\/uploads\/2020\/10\/Montagem-Viradouro-402x620.jpg\" alt=\"\" width=\"300\" height=\"463\" srcset=\"https:\/\/rioonwatch.org.br\/wp-content\/uploads\/2020\/10\/Montagem-Viradouro-402x620.jpg 402w, https:\/\/rioonwatch.org.br\/wp-content\/uploads\/2020\/10\/Montagem-Viradouro-663x1024.jpg 663w, https:\/\/rioonwatch.org.br\/wp-content\/uploads\/2020\/10\/Montagem-Viradouro-171x264.jpg 171w, https:\/\/rioonwatch.org.br\/wp-content\/uploads\/2020\/10\/Montagem-Viradouro-768x1186.jpg 768w, https:\/\/rioonwatch.org.br\/wp-content\/uploads\/2020\/10\/Montagem-Viradouro.jpg 800w\" sizes=\"(max-width: 300px) 100vw, 300px\" \/><\/a>O jovem detido pelo Batalh\u00e3o de Pol\u00edcia de Choque foi autuado por Desacato a Autoridade e Desobedi\u00eancia e, posteriormente, liberado. Moradores da comunidade contestam a vers\u00e3o da pol\u00edcia. Este tipo de a\u00e7\u00e3o segue o mesmo <a href=\"http:\/\/bit.ly\/36zjyRX\" target=\"_blank\" rel=\"noopener noreferrer\">padr\u00e3o de abordagem policial<\/a> de ocupa\u00e7\u00f5es em favelas com <a href=\"http:\/\/bit.ly\/R5ueio\" target=\"_blank\" rel=\"noopener noreferrer\">UPPs<\/a>.<\/p>\n<p>O Complexo do Viradouro vive <a href=\"https:\/\/bit.ly\/3maSBgx\" target=\"_blank\" rel=\"noopener noreferrer\">h\u00e1 mais de 50 dias sob a tutela de uma ocupa\u00e7\u00e3o policial<\/a>\u2014sem prazo determinado para ser conclu\u00edda\u2014mesmo diante da <a href=\"https:\/\/bit.ly\/2XhOOmY\" target=\"_blank\" rel=\"noopener noreferrer\">ADPF 635<\/a>, aprovada pelo Supremo Tribunal Federal (<a href=\"https:\/\/bit.ly\/2DcAuFw\" target=\"_blank\" rel=\"noopener noreferrer\">STF<\/a>), que <a href=\"https:\/\/bit.ly\/2XhOOmY\" target=\"_blank\" rel=\"noopener noreferrer\">suspendeu as opera\u00e7\u00f5es policiais em favelas<\/a> do estado do Rio de Janeiro durante a pandemia da <a href=\"https:\/\/bit.ly\/2QZjDJI\" target=\"_blank\" rel=\"noopener noreferrer\">Covid-19<\/a>.<\/p>\n<p>Segundo comunicado do 12\u00ba Batalh\u00e3o de Pol\u00edcia de Niter\u00f3i, enviado ao <em>RioOnWatch<\/em> em agosto, a a\u00e7\u00e3o de ocupa\u00e7\u00e3o do Complexo do Viradouro foi comunicada ao <a href=\"https:\/\/bit.ly\/3229Ys5\" target=\"_blank\" rel=\"noopener noreferrer\">Minist\u00e9rio P\u00fablico do Rio de Janeiro<\/a>. A pol\u00edcia alega que a interven\u00e7\u00e3o permanente foi necess\u00e1ria para tornar poss\u00edvel a <a href=\"https:\/\/bit.ly\/3bcf7ke\" target=\"_blank\" rel=\"noopener noreferrer\">realiza\u00e7\u00e3o de obras de melhorias na comunidade e no entorno<\/a>. Duas cabines blindadas foram instaladas nas adjac\u00eancias da comunidade.<\/p>\n<p>Desde o <a href=\"https:\/\/bit.ly\/2FAoIpr\" target=\"_blank\" rel=\"noopener noreferrer\">in\u00edcio da ocupa\u00e7\u00e3o policial<\/a>, os moradores do Complexo do Viradouro, al\u00e9m das comunidades vizinhas do Morro do Zulu e do Atalaia, vivem um cotidiano de medo e militariza\u00e7\u00e3o, com <a href=\"https:\/\/bit.ly\/3maSBgx\" target=\"_blank\" rel=\"noopener noreferrer\">abusos policiais e viola\u00e7\u00f5es de direitos humanos<\/a>. Moradores v\u00eam protestando contra os abusos policiais atrav\u00e9s da hashtag <a href=\"https:\/\/bit.ly\/2I4qEYb\" target=\"_blank\" rel=\"noopener noreferrer\">#LarDeMoradoraRespeite<\/a>.<\/p>\n<p>As den\u00fancias dos moradores do Complexo do Viradouro sobre abusos e viola\u00e7\u00f5es policiais durante a ocupa\u00e7\u00e3o j\u00e1 foram enviadas para o <a href=\"https:\/\/bit.ly\/33Ulsyv\" target=\"_blank\" rel=\"noopener noreferrer\">Conselho Nacional de Direitos Humanos<\/a>, para <a href=\"https:\/\/bit.ly\/3nOqTas\" target=\"_blank\" rel=\"noopener noreferrer\">Comiss\u00e3o de Defesa de Direitos Humanos e Cidadania da Alerj<\/a>, para a <a href=\"https:\/\/bit.ly\/2x7dVPc\" target=\"_blank\" rel=\"noopener noreferrer\">Defensoria P\u00fablica do Estado<\/a> e o <a href=\"http:\/\/bit.ly\/1SvN6WC\" target=\"_blank\" rel=\"noopener noreferrer\">Minist\u00e9rio P\u00fablico Estadual<\/a>.<\/p>\n<p><a href=\"https:\/\/rioonwatch.org.br\/wp-content\/uploads\/2020\/10\/Luciana-Carneiro_Divulgacao_Prefeitura-de-Niteroi.jpg\"><img decoding=\"async\" class=\"aligncenter wp-image-50853 size-content\" title=\" Prefeito de Niter\u00f3i, Rodrigo Neves, re\u00fane-se com lideran\u00e7as comunit\u00e1rias, entre elas, a Federa\u00e7\u00e3o das Associa\u00e7\u00f5es de Moradores de Niter\u00f3i (FamNit), no Solar do Jambeiro, em 10 de setembro de 2020.\" src=\"https:\/\/rioonwatch.org.br\/wp-content\/uploads\/2020\/10\/Luciana-Carneiro_Divulgacao_Prefeitura-de-Niteroi-620x264.jpg\" alt=\"\" width=\"620\" height=\"264\" \/><\/a><\/p>\n<p>Em 10 de setembro, o prefeito de Niter\u00f3i, Rodrigo Neves, <a href=\"https:\/\/bit.ly\/313wiQW\" target=\"_blank\" rel=\"noopener noreferrer\">reuniu-se com lideran\u00e7as comunit\u00e1rias<\/a>, entre elas, a Federa\u00e7\u00e3o das Associa\u00e7\u00f5es de Moradores do Munic\u00edpio de Niter\u00f3i (<a href=\"https:\/\/bit.ly\/34YBXcu\" target=\"_blank\" rel=\"noopener noreferrer\">FamNit<\/a>), no Solar do Jambeiro. Tamb\u00e9m esteve presente no encontro a Comiss\u00e3o de Direitos Humanos da <a href=\"https:\/\/bit.ly\/2IiXfJV\" target=\"_blank\" rel=\"noopener noreferrer\">OAB<\/a>, e secret\u00e1rios municipais.<\/p>\n<p>Na ocasi\u00e3o, o prefeito ouviu os relatos dos moradores sobre os abusos policiais e afirmou que lamentou e garantiu que levaria os relatos para o comandante do 12\u00ba Batalh\u00e3o de Pol\u00edcia da regi\u00e3o, coronel Sylvio Guerra. O prefeito tamb\u00e9m reconheceu o pedido dos moradores, mas afirmou que a presen\u00e7a da Pol\u00edcia Militar \u00e9 essencial para a conclus\u00e3o da obra, al\u00e9m de defender a instala\u00e7\u00e3o das cabines blindadas da PM na comunidade.<\/p>\n<hr \/>\n<h4><strong>Apoie nossos esfor\u00e7os para fornecer assist\u00eancia estrat\u00e9gica \u00e0s favelas do Rio durante a pandemia da Covid-19, incluindo o jornalismo hiperlocal, cr\u00edtico, inovador e incans\u00e1vel do\u00a0<em>RioOnWatch<\/em><\/strong>\u2014<a href=\"http:\/\/bit.ly\/CatalisandoComunidades\">doe aqui<\/a>.<\/h4>\n<!-- AddThis Advanced Settings generic via filter on the_content --><!-- AddThis Share Buttons generic via filter on the_content -->","protected":false},"excerpt":{"rendered":"<div class=\"mh-excerpt\"><p>Click Here for English No dia 12 de outubro\u2014feriado nacional da santa negra padroeira do Brasil, Nossa Senhora Aparecida\u2014estava acontecendo a festa do Dia das Crian\u00e7as (comemorada na mesma data) e uma feijoada organizada por <a class=\"mh-excerpt-more\" href=\"https:\/\/rioonwatch.org.br\/?p=50850\" title=\"Em Plena Festa do Dia das Crian\u00e7as, Complexo do Viradouro Sofre A\u00e7\u00f5es de Abuso Policial\">[&#8230;]<\/a><!-- AddThis Advanced Settings generic via filter on get_the_excerpt --><!-- AddThis Share Buttons generic via filter on get_the_excerpt --><\/p>\n<\/div>","protected":false},"author":165,"featured_media":50895,"comment_status":"closed","ping_status":"closed","sticky":false,"template":"","format":"standard","meta":{"_acf_changed":false,"_monsterinsights_skip_tracking":false,"_monsterinsights_sitenote_active":false,"_monsterinsights_sitenote_note":"","_monsterinsights_sitenote_category":0,"footnotes":""},"categories":[1621,346,1620,1638],"tags":[3078,1515,2902,90,88,1372,2178,10,2151,1068,774,2909,672,2882,1763,1810,1364,30,920],"writer":[2800],"translator":[],"source":[],"ilustrador":[],"fotografo":[],"class_list":{"0":"post-50850","1":"post","2":"type-post","3":"status-publish","4":"format-standard","5":"has-post-thumbnail","7":"category-destaque","8":"category-denuncias","9":"category-olhonaupp","10":"category-video","11":"tag-adpf-das-favelas","12":"tag-comissao-de-direitos-humanos-alerj","13":"tag-complexo-do-viradouro","14":"tag-defensoria-publica","15":"tag-direitos-humanos","16":"tag-grande-rio","17":"tag-ministerio-publico","18":"tag-niteroi","19":"tag-oab","20":"tag-ocupacao-policial","21":"tag-policia-militar","22":"tag-rodrigo-neves","23":"tag-seguranca-publica","24":"tag-stf","25":"tag-tropa-de-choque","26":"tag-video","27":"tag-violacoes","28":"tag-violencia","29":"tag-violencia-de-estado","30":"writer-tatiana-lima"},"acf":[],"yoast_head":"<!-- This site is optimized with the Yoast SEO plugin v25.6 - https:\/\/yoast.com\/wordpress\/plugins\/seo\/ -->\n<title>Em Plena Festa do Dia das Crian\u00e7as, Complexo do Viradouro Sofre A\u00e7\u00f5es de Abuso Policial - RioOnWatch<\/title>\n<meta name=\"robots\" content=\"index, follow, max-snippet:-1, max-image-preview:large, max-video-preview:-1\" \/>\n<link rel=\"canonical\" href=\"https:\/\/rioonwatch.org.br\/?p=50850\" \/>\n<meta property=\"og:locale\" content=\"pt_BR\" \/>\n<meta property=\"og:type\" content=\"article\" \/>\n<meta property=\"og:title\" content=\"Em Plena Festa do Dia das Crian\u00e7as, Complexo do Viradouro Sofre A\u00e7\u00f5es de Abuso Policial - RioOnWatch\" \/>\n<meta property=\"og:description\" content=\"Click Here for English No dia 12 de outubro\u2014feriado nacional da santa negra padroeira do Brasil, Nossa Senhora Aparecida\u2014estava acontecendo a festa do Dia das Crian\u00e7as (comemorada na mesma data) e uma feijoada organizada por [...]\" \/>\n<meta property=\"og:url\" content=\"https:\/\/rioonwatch.org.br\/?p=50850\" \/>\n<meta property=\"og:site_name\" content=\"RioOnWatch\" \/>\n<meta property=\"article:published_time\" content=\"2020-10-14T14:52:51+00:00\" \/>\n<meta property=\"article:modified_time\" content=\"2022-05-31T15:33:23+00:00\" \/>\n<meta property=\"og:image\" content=\"https:\/\/rioonwatch.org.br\/wp-content\/uploads\/2020\/10\/Viradouro-1351x629.png\" \/>\n\t<meta property=\"og:image:width\" content=\"1351\" \/>\n\t<meta property=\"og:image:height\" content=\"629\" \/>\n\t<meta property=\"og:image:type\" content=\"image\/png\" \/>\n<meta name=\"author\" content=\"Tatiana Lima\" \/>\n<meta name=\"twitter:card\" content=\"summary_large_image\" \/>\n<meta name=\"twitter:label1\" content=\"Escrito por\" \/>\n\t<meta name=\"twitter:data1\" content=\"Tatiana Lima\" \/>\n\t<meta name=\"twitter:label2\" content=\"Est. tempo de leitura\" \/>\n\t<meta name=\"twitter:data2\" content=\"5 minutos\" \/>\n<script type=\"application\/ld+json\" class=\"yoast-schema-graph\">{\"@context\":\"https:\/\/schema.org\",\"@graph\":[{\"@type\":\"Article\",\"@id\":\"https:\/\/rioonwatch.org.br\/?p=50850#article\",\"isPartOf\":{\"@id\":\"https:\/\/rioonwatch.org.br\/?p=50850\"},\"author\":{\"name\":\"Tatiana Lima\",\"@id\":\"https:\/\/rioonwatch.org.br\/#\/schema\/person\/8fde974ee24e219acc413d63393ec551\"},\"headline\":\"Em Plena Festa do Dia das Crian\u00e7as, Complexo do Viradouro Sofre A\u00e7\u00f5es de Abuso Policial\",\"datePublished\":\"2020-10-14T14:52:51+00:00\",\"dateModified\":\"2022-05-31T15:33:23+00:00\",\"mainEntityOfPage\":{\"@id\":\"https:\/\/rioonwatch.org.br\/?p=50850\"},\"wordCount\":980,\"publisher\":{\"@id\":\"https:\/\/rioonwatch.org.br\/#organization\"},\"image\":{\"@id\":\"https:\/\/rioonwatch.org.br\/?p=50850#primaryimage\"},\"thumbnailUrl\":\"https:\/\/rioonwatch.org.br\/wp-content\/uploads\/2020\/10\/Viradouro.png\",\"keywords\":[\"ADPF das Favelas\",\"Comiss\u00e3o de Direitos Humanos - Alerj\",\"Complexo do Viradouro\",\"Defensoria P\u00fablica\",\"Direitos Humanos\",\"Grande Rio\",\"Minist\u00e9rio P\u00fablico\",\"Niter\u00f3i\",\"OAB\",\"ocupa\u00e7\u00e3o policial\",\"Pol\u00edcia Militar\",\"Rodrigo Neves\",\"seguran\u00e7a p\u00fablica\",\"STF\",\"Tropa de Choque\",\"v\u00eddeo\",\"viola\u00e7\u00f5es\",\"viol\u00eancia\",\"viol\u00eancia de Estado\"],\"articleSection\":[\"*Destaque\",\"Den\u00fancias\",\"Seguran\u00e7a P\u00fablica\",\"V\u00eddeo\"],\"inLanguage\":\"pt-BR\"},{\"@type\":\"WebPage\",\"@id\":\"https:\/\/rioonwatch.org.br\/?p=50850\",\"url\":\"https:\/\/rioonwatch.org.br\/?p=50850\",\"name\":\"Em Plena Festa do Dia das Crian\u00e7as, Complexo do Viradouro Sofre A\u00e7\u00f5es de Abuso Policial - RioOnWatch\",\"isPartOf\":{\"@id\":\"https:\/\/rioonwatch.org.br\/#website\"},\"primaryImageOfPage\":{\"@id\":\"https:\/\/rioonwatch.org.br\/?p=50850#primaryimage\"},\"image\":{\"@id\":\"https:\/\/rioonwatch.org.br\/?p=50850#primaryimage\"},\"thumbnailUrl\":\"https:\/\/rioonwatch.org.br\/wp-content\/uploads\/2020\/10\/Viradouro.png\",\"datePublished\":\"2020-10-14T14:52:51+00:00\",\"dateModified\":\"2022-05-31T15:33:23+00:00\",\"breadcrumb\":{\"@id\":\"https:\/\/rioonwatch.org.br\/?p=50850#breadcrumb\"},\"inLanguage\":\"pt-BR\",\"potentialAction\":[{\"@type\":\"ReadAction\",\"target\":[\"https:\/\/rioonwatch.org.br\/?p=50850\"]}]},{\"@type\":\"ImageObject\",\"inLanguage\":\"pt-BR\",\"@id\":\"https:\/\/rioonwatch.org.br\/?p=50850#primaryimage\",\"url\":\"https:\/\/rioonwatch.org.br\/wp-content\/uploads\/2020\/10\/Viradouro.png\",\"contentUrl\":\"https:\/\/rioonwatch.org.br\/wp-content\/uploads\/2020\/10\/Viradouro.png\",\"width\":1819,\"height\":847},{\"@type\":\"BreadcrumbList\",\"@id\":\"https:\/\/rioonwatch.org.br\/?p=50850#breadcrumb\",\"itemListElement\":[{\"@type\":\"ListItem\",\"position\":1,\"name\":\"In\u00edcio\",\"item\":\"https:\/\/rioonwatch.org.br\/\"},{\"@type\":\"ListItem\",\"position\":2,\"name\":\"Em Plena Festa do Dia das Crian\u00e7as, Complexo do Viradouro Sofre A\u00e7\u00f5es de Abuso Policial\"}]},{\"@type\":\"WebSite\",\"@id\":\"https:\/\/rioonwatch.org.br\/#website\",\"url\":\"https:\/\/rioonwatch.org.br\/\",\"name\":\"RioOnWatch\",\"description\":\"relatos das favelas cariocas\",\"publisher\":{\"@id\":\"https:\/\/rioonwatch.org.br\/#organization\"},\"potentialAction\":[{\"@type\":\"SearchAction\",\"target\":{\"@type\":\"EntryPoint\",\"urlTemplate\":\"https:\/\/rioonwatch.org.br\/?s={search_term_string}\"},\"query-input\":{\"@type\":\"PropertyValueSpecification\",\"valueRequired\":true,\"valueName\":\"search_term_string\"}}],\"inLanguage\":\"pt-BR\"},{\"@type\":\"Organization\",\"@id\":\"https:\/\/rioonwatch.org.br\/#organization\",\"name\":\"RioOnWatch\",\"url\":\"https:\/\/rioonwatch.org.br\/\",\"logo\":{\"@type\":\"ImageObject\",\"inLanguage\":\"pt-BR\",\"@id\":\"https:\/\/rioonwatch.org.br\/#\/schema\/logo\/image\/\",\"url\":\"https:\/\/rioonwatch.org.br\/wp-content\/uploads\/2021\/06\/RioOnWatchcabecalhoPT11anos-2.png\",\"contentUrl\":\"https:\/\/rioonwatch.org.br\/wp-content\/uploads\/2021\/06\/RioOnWatchcabecalhoPT11anos-2.png\",\"width\":779,\"height\":277,\"caption\":\"RioOnWatch\"},\"image\":{\"@id\":\"https:\/\/rioonwatch.org.br\/#\/schema\/logo\/image\/\"}},{\"@type\":\"Person\",\"@id\":\"https:\/\/rioonwatch.org.br\/#\/schema\/person\/8fde974ee24e219acc413d63393ec551\",\"name\":\"Tatiana Lima\",\"image\":{\"@type\":\"ImageObject\",\"inLanguage\":\"pt-BR\",\"@id\":\"https:\/\/rioonwatch.org.br\/#\/schema\/person\/image\/\",\"url\":\"https:\/\/secure.gravatar.com\/avatar\/5fb587d000e124a9d6aae50aec42d39e?s=96&d=blank&r=g\",\"contentUrl\":\"https:\/\/secure.gravatar.com\/avatar\/5fb587d000e124a9d6aae50aec42d39e?s=96&d=blank&r=g\",\"caption\":\"Tatiana Lima\"},\"url\":\"https:\/\/rioonwatch.org.br\/?author=165\"}]}<\/script>\n<!-- \/ Yoast SEO plugin. -->","yoast_head_json":{"title":"Em Plena Festa do Dia das Crian\u00e7as, Complexo do Viradouro Sofre A\u00e7\u00f5es de Abuso Policial - RioOnWatch","robots":{"index":"index","follow":"follow","max-snippet":"max-snippet:-1","max-image-preview":"max-image-preview:large","max-video-preview":"max-video-preview:-1"},"canonical":"https:\/\/rioonwatch.org.br\/?p=50850","og_locale":"pt_BR","og_type":"article","og_title":"Em Plena Festa do Dia das Crian\u00e7as, Complexo do Viradouro Sofre A\u00e7\u00f5es de Abuso Policial - RioOnWatch","og_description":"Click Here for English No dia 12 de outubro\u2014feriado nacional da santa negra padroeira do Brasil, Nossa Senhora Aparecida\u2014estava acontecendo a festa do Dia das Crian\u00e7as (comemorada na mesma data) e uma feijoada organizada por [...]","og_url":"https:\/\/rioonwatch.org.br\/?p=50850","og_site_name":"RioOnWatch","article_published_time":"2020-10-14T14:52:51+00:00","article_modified_time":"2022-05-31T15:33:23+00:00","og_image":[{"width":1351,"height":629,"url":"https:\/\/rioonwatch.org.br\/wp-content\/uploads\/2020\/10\/Viradouro-1351x629.png","type":"image\/png"}],"author":"Tatiana Lima","twitter_card":"summary_large_image","twitter_misc":{"Escrito por":"Tatiana Lima","Est. tempo de leitura":"5 minutos"},"schema":{"@context":"https:\/\/schema.org","@graph":[{"@type":"Article","@id":"https:\/\/rioonwatch.org.br\/?p=50850#article","isPartOf":{"@id":"https:\/\/rioonwatch.org.br\/?p=50850"},"author":{"name":"Tatiana Lima","@id":"https:\/\/rioonwatch.org.br\/#\/schema\/person\/8fde974ee24e219acc413d63393ec551"},"headline":"Em Plena Festa do Dia das Crian\u00e7as, Complexo do Viradouro Sofre A\u00e7\u00f5es de Abuso Policial","datePublished":"2020-10-14T14:52:51+00:00","dateModified":"2022-05-31T15:33:23+00:00","mainEntityOfPage":{"@id":"https:\/\/rioonwatch.org.br\/?p=50850"},"wordCount":980,"publisher":{"@id":"https:\/\/rioonwatch.org.br\/#organization"},"image":{"@id":"https:\/\/rioonwatch.org.br\/?p=50850#primaryimage"},"thumbnailUrl":"https:\/\/rioonwatch.org.br\/wp-content\/uploads\/2020\/10\/Viradouro.png","keywords":["ADPF das Favelas","Comiss\u00e3o de Direitos Humanos - Alerj","Complexo do Viradouro","Defensoria P\u00fablica","Direitos Humanos","Grande Rio","Minist\u00e9rio P\u00fablico","Niter\u00f3i","OAB","ocupa\u00e7\u00e3o policial","Pol\u00edcia Militar","Rodrigo Neves","seguran\u00e7a p\u00fablica","STF","Tropa de Choque","v\u00eddeo","viola\u00e7\u00f5es","viol\u00eancia","viol\u00eancia de Estado"],"articleSection":["*Destaque","Den\u00fancias","Seguran\u00e7a P\u00fablica","V\u00eddeo"],"inLanguage":"pt-BR"},{"@type":"WebPage","@id":"https:\/\/rioonwatch.org.br\/?p=50850","url":"https:\/\/rioonwatch.org.br\/?p=50850","name":"Em Plena Festa do Dia das Crian\u00e7as, Complexo do Viradouro Sofre A\u00e7\u00f5es de Abuso Policial - RioOnWatch","isPartOf":{"@id":"https:\/\/rioonwatch.org.br\/#website"},"primaryImageOfPage":{"@id":"https:\/\/rioonwatch.org.br\/?p=50850#primaryimage"},"image":{"@id":"https:\/\/rioonwatch.org.br\/?p=50850#primaryimage"},"thumbnailUrl":"https:\/\/rioonwatch.org.br\/wp-content\/uploads\/2020\/10\/Viradouro.png","datePublished":"2020-10-14T14:52:51+00:00","dateModified":"2022-05-31T15:33:23+00:00","breadcrumb":{"@id":"https:\/\/rioonwatch.org.br\/?p=50850#breadcrumb"},"inLanguage":"pt-BR","potentialAction":[{"@type":"ReadAction","target":["https:\/\/rioonwatch.org.br\/?p=50850"]}]},{"@type":"ImageObject","inLanguage":"pt-BR","@id":"https:\/\/rioonwatch.org.br\/?p=50850#primaryimage","url":"https:\/\/rioonwatch.org.br\/wp-content\/uploads\/2020\/10\/Viradouro.png","contentUrl":"https:\/\/rioonwatch.org.br\/wp-content\/uploads\/2020\/10\/Viradouro.png","width":1819,"height":847},{"@type":"BreadcrumbList","@id":"https:\/\/rioonwatch.org.br\/?p=50850#breadcrumb","itemListElement":[{"@type":"ListItem","position":1,"name":"In\u00edcio","item":"https:\/\/rioonwatch.org.br\/"},{"@type":"ListItem","position":2,"name":"Em Plena Festa do Dia das Crian\u00e7as, Complexo do Viradouro Sofre A\u00e7\u00f5es de Abuso Policial"}]},{"@type":"WebSite","@id":"https:\/\/rioonwatch.org.br\/#website","url":"https:\/\/rioonwatch.org.br\/","name":"RioOnWatch","description":"relatos das favelas cariocas","publisher":{"@id":"https:\/\/rioonwatch.org.br\/#organization"},"potentialAction":[{"@type":"SearchAction","target":{"@type":"EntryPoint","urlTemplate":"https:\/\/rioonwatch.org.br\/?s={search_term_string}"},"query-input":{"@type":"PropertyValueSpecification","valueRequired":true,"valueName":"search_term_string"}}],"inLanguage":"pt-BR"},{"@type":"Organization","@id":"https:\/\/rioonwatch.org.br\/#organization","name":"RioOnWatch","url":"https:\/\/rioonwatch.org.br\/","logo":{"@type":"ImageObject","inLanguage":"pt-BR","@id":"https:\/\/rioonwatch.org.br\/#\/schema\/logo\/image\/","url":"https:\/\/rioonwatch.org.br\/wp-content\/uploads\/2021\/06\/RioOnWatchcabecalhoPT11anos-2.png","contentUrl":"https:\/\/rioonwatch.org.br\/wp-content\/uploads\/2021\/06\/RioOnWatchcabecalhoPT11anos-2.png","width":779,"height":277,"caption":"RioOnWatch"},"image":{"@id":"https:\/\/rioonwatch.org.br\/#\/schema\/logo\/image\/"}},{"@type":"Person","@id":"https:\/\/rioonwatch.org.br\/#\/schema\/person\/8fde974ee24e219acc413d63393ec551","name":"Tatiana Lima","image":{"@type":"ImageObject","inLanguage":"pt-BR","@id":"https:\/\/rioonwatch.org.br\/#\/schema\/person\/image\/","url":"https:\/\/secure.gravatar.com\/avatar\/5fb587d000e124a9d6aae50aec42d39e?s=96&d=blank&r=g","contentUrl":"https:\/\/secure.gravatar.com\/avatar\/5fb587d000e124a9d6aae50aec42d39e?s=96&d=blank&r=g","caption":"Tatiana Lima"},"url":"https:\/\/rioonwatch.org.br\/?author=165"}]}},"_links":{"self":[{"href":"https:\/\/rioonwatch.org.br\/index.php?rest_route=\/wp\/v2\/posts\/50850"}],"collection":[{"href":"https:\/\/rioonwatch.org.br\/index.php?rest_route=\/wp\/v2\/posts"}],"about":[{"href":"https:\/\/rioonwatch.org.br\/index.php?rest_route=\/wp\/v2\/types\/post"}],"author":[{"embeddable":true,"href":"https:\/\/rioonwatch.org.br\/index.php?rest_route=\/wp\/v2\/users\/165"}],"replies":[{"embeddable":true,"href":"https:\/\/rioonwatch.org.br\/index.php?rest_route=%2Fwp%2Fv2%2Fcomments&post=50850"}],"version-history":[{"count":38,"href":"https:\/\/rioonwatch.org.br\/index.php?rest_route=\/wp\/v2\/posts\/50850\/revisions"}],"predecessor-version":[{"id":61808,"href":"https:\/\/rioonwatch.org.br\/index.php?rest_route=\/wp\/v2\/posts\/50850\/revisions\/61808"}],"wp:featuredmedia":[{"embeddable":true,"href":"https:\/\/rioonwatch.org.br\/index.php?rest_route=\/wp\/v2\/media\/50895"}],"wp:attachment":[{"href":"https:\/\/rioonwatch.org.br\/index.php?rest_route=%2Fwp%2Fv2%2Fmedia&parent=50850"}],"wp:term":[{"taxonomy":"category","embeddable":true,"href":"https:\/\/rioonwatch.org.br\/index.php?rest_route=%2Fwp%2Fv2%2Fcategories&post=50850"},{"taxonomy":"post_tag","embeddable":true,"href":"https:\/\/rioonwatch.org.br\/index.php?rest_route=%2Fwp%2Fv2%2Ftags&post=50850"},{"taxonomy":"writer","embeddable":true,"href":"https:\/\/rioonwatch.org.br\/index.php?rest_route=%2Fwp%2Fv2%2Fwriter&post=50850"},{"taxonomy":"translator","embeddable":true,"href":"https:\/\/rioonwatch.org.br\/index.php?rest_route=%2Fwp%2Fv2%2Ftranslator&post=50850"},{"taxonomy":"source","embeddable":true,"href":"https:\/\/rioonwatch.org.br\/index.php?rest_route=%2Fwp%2Fv2%2Fsource&post=50850"},{"taxonomy":"ilustrador","embeddable":true,"href":"https:\/\/rioonwatch.org.br\/index.php?rest_route=%2Fwp%2Fv2%2Filustrador&post=50850"},{"taxonomy":"fotografo","embeddable":true,"href":"https:\/\/rioonwatch.org.br\/index.php?rest_route=%2Fwp%2Fv2%2Ffotografo&post=50850"}],"curies":[{"name":"wp","href":"https:\/\/api.w.org\/{rel}","templated":true}]}}