{"id":50897,"date":"2020-10-19T13:01:54","date_gmt":"2020-10-19T16:01:54","guid":{"rendered":"https:\/\/rioonwatch.org.br\/?p=50897"},"modified":"2020-11-09T21:09:30","modified_gmt":"2020-11-10T00:09:30","slug":"eleicoes-municipais-2020-conheca-os-candidatos-a-prefeitura-do-rio","status":"publish","type":"post","link":"https:\/\/rioonwatch.org.br\/?p=50897","title":{"rendered":"Elei\u00e7\u00f5es Municipais 2020: Conhe\u00e7a os Candidatos \u00e0 Prefeitura do Rio"},"content":{"rendered":"<p style=\"text-align: right;\"><em><strong><a href=\"https:\/\/bit.ly\/31rAHh2\" target=\"_blank\" rel=\"noopener noreferrer\">Click Here for English<\/a><a href=\"https:\/\/bit.ly\/31rAHh2\" target=\"_blank\" rel=\"noopener noreferrer\"><img decoding=\"async\" width=\"20\" height=\"20\" class=\"alignright wp-image-15790\" src=\"https:\/\/rioonwatch.org.br\/wp-content\/uploads\/2012\/08\/EN-standard-e1439583104716.jpg\" \/><\/a><\/strong><\/em><\/p>\n<p><em>Esta mat\u00e9ria faz parte de uma\u00a0<a href=\"https:\/\/bit.ly\/EleicaoRio2020\" target=\"_blank\" rel=\"noopener noreferrer\">s\u00e9rie de mat\u00e9rias sobre as elei\u00e7\u00f5es municipais de 2020<\/a>, com enfoque nas perspectivas das favelas do Grande Rio.<\/em><\/p>\n<p><em><span style=\"font-weight: 400;\">Com uma popula\u00e7\u00e3o <a href=\"https:\/\/bit.ly\/3dyydST\" target=\"_blank\" rel=\"noopener noreferrer\">estimada pelo IBGE em 6.718.903<\/a>, o munic\u00edpio do Rio de Janeiro possui <\/span><a href=\"https:\/\/bit.ly\/3lSK1C7\" target=\"_blank\" rel=\"noopener noreferrer\"><span style=\"font-weight: 400;\">4.851.887 eleitores registrados,<\/span><\/a> <span style=\"font-weight: 400;\">de acordo com dados do TSE. Nessas elei\u00e7\u00f5es de 2020 a cidade do Rio assiste a um dos pleitos eleitorais mais concorridos dos \u00faltimos 20 anos, com um total de 14 candidatos disputando o cargo de prefeito da cidade, com seus respectivos vice-prefeitos\u2014sendo seis candidatos de coliga\u00e7\u00f5es entre partidos e oito candidatos de um \u00fanico partido. <\/span>Al\u00e9m do prefeito, os eleitores tamb\u00e9m v\u00e3o escolher os <a href=\"https:\/\/bit.ly\/3dq6gwc\" target=\"_blank\" rel=\"noopener noreferrer\">vereadores<\/a> neste pleito. De acordo com o novo calend\u00e1rio eleitoral, estabelecido por causa da pandemia da <a href=\"https:\/\/bit.ly\/2QZjDJI\" target=\"_blank\" rel=\"noopener noreferrer\">Covid-19<\/a>, o primeiro turno ocorrer\u00e1 em 15 de novembro e o segundo, se houver, em 29 de novembro.<\/em><\/p>\n<h4>Conhe\u00e7a a mini bio e um breve resumo da trajet\u00f3ria pol\u00edtica de cada candidato ao cargo de chefe do executivo municipal:<\/h4>\n<h3>Benedita da Silva<strong> (PT)\u00a0<\/strong><\/h3>\n<p><a href=\"https:\/\/rioonwatch.org.br\/wp-content\/uploads\/2020\/10\/benedita-da-silva-pre-candidata-a-prefeitura-do-rio-pelo-pt-divulgacao.jpg\"><img fetchpriority=\"high\" decoding=\"async\" class=\"aligncenter wp-image-50899 size-medium\" src=\"https:\/\/rioonwatch.org.br\/wp-content\/uploads\/2020\/10\/benedita-da-silva-pre-candidata-a-prefeitura-do-rio-pelo-pt-divulgacao-620x348.jpg\" alt=\"\" width=\"620\" height=\"348\" srcset=\"https:\/\/rioonwatch.org.br\/wp-content\/uploads\/2020\/10\/benedita-da-silva-pre-candidata-a-prefeitura-do-rio-pelo-pt-divulgacao-620x348.jpg 620w, https:\/\/rioonwatch.org.br\/wp-content\/uploads\/2020\/10\/benedita-da-silva-pre-candidata-a-prefeitura-do-rio-pelo-pt-divulgacao-470x264.jpg 470w, https:\/\/rioonwatch.org.br\/wp-content\/uploads\/2020\/10\/benedita-da-silva-pre-candidata-a-prefeitura-do-rio-pelo-pt-divulgacao-580x326.jpg 580w, https:\/\/rioonwatch.org.br\/wp-content\/uploads\/2020\/10\/benedita-da-silva-pre-candidata-a-prefeitura-do-rio-pelo-pt-divulgacao-174x98.jpg 174w, https:\/\/rioonwatch.org.br\/wp-content\/uploads\/2020\/10\/benedita-da-silva-pre-candidata-a-prefeitura-do-rio-pelo-pt-divulgacao.jpg 750w\" sizes=\"(max-width: 620px) 100vw, 620px\" \/><\/a><\/p>\n<h5><span style=\"font-weight: 400;\">N\u00famero de Legenda: <strong>13 &#8211; Campanha da Coliga\u00e7\u00e3o &#8220;<a href=\"https:\/\/bit.ly\/2IBjuLq\" target=\"_blank\" rel=\"noopener noreferrer\">\u00c9 a Vez do Povo<\/a>&#8220;<\/strong><\/span><\/h5>\n<p><span style=\"font-weight: 400;\">\u201cBen\u00e9\u201d, como \u00e9 conhecida, tem 78 anos, \u00e9 ativista pol\u00edtica do <a href=\"https:\/\/bit.ly\/2IssJ0e\" target=\"_blank\" rel=\"noopener noreferrer\">movimento negro<\/a> e feminista. Iniciou a vida pol\u00edtica no movimento comunit\u00e1rio. <a href=\"https:\/\/bit.ly\/3lMSd74\" target=\"_blank\" rel=\"noopener noreferrer\">Benedita da Silva<\/a> \u00e9 filha de uma lavadeira e de um pedreiro, que viviam na extinta favela da <a href=\"https:\/\/bit.ly\/2H6I5XU\" target=\"_blank\" rel=\"noopener noreferrer\">Praia do Pinto<\/a>, na <a href=\"http:\/\/bit.ly\/2WL6FUi\" target=\"_blank\" rel=\"noopener noreferrer\">Zona Sul<\/a>. Ainda rec\u00e9m-nascida, ela foi morar no <a href=\"http:\/\/bit.ly\/2KUhdtg\" target=\"_blank\" rel=\"noopener noreferrer\">Chap\u00e9u-Mangueira<\/a>, onde viveu por 57 anos. Deputada federal pelo <a href=\"http:\/\/bit.ly\/2Zgdbo5\" target=\"_blank\" rel=\"noopener noreferrer\">Partido dos Trabalhadores (PT)<\/a>, acumula 38 anos de experi\u00eancia em cargos pol\u00edticos. <a href=\"https:\/\/bit.ly\/340ueuY\" target=\"_blank\" rel=\"noopener noreferrer\">Elegeu-se pela primeira vez<\/a> como vereadora do Rio de Janeiro em 1982, e foi candidata \u00e0 prefeitura h\u00e1 28 anos, em 1992, ficando em segundo lugar para o C\u00e9sar Maia.<\/span><\/p>\n<p><span style=\"font-weight: 400;\">O PT <a href=\"https:\/\/glo.bo\/3kcY59r\" target=\"_blank\" rel=\"noopener noreferrer\">oficializou sua candidatura, em 16 de setembro<\/a>, \u00e0 Prefeitura do Rio de Janeiro, tendo a<\/span><span style=\"font-weight: 400;\"> Deputada Estadual <a href=\"https:\/\/bit.ly\/2H4Vwrv\" target=\"_blank\" rel=\"noopener noreferrer\">Enfermeira Rejane (PCdoB)<\/a> concorrendo \u00e0 vice-prefeita\u2014em uma coliga\u00e7\u00e3o partid\u00e1ria. <\/span><span style=\"font-weight: 400;\">Benedita \u00e9 evang\u00e9lica, do seguimento presbiteriano. Formada em <a href=\"http:\/\/bit.ly\/2OjALac\" target=\"_blank\" rel=\"noopener noreferrer\"> auxiliar de enfermagem e graduada em servi\u00e7o social<\/a>, Benedita come\u00e7ou a trabalhar na inf\u00e2ncia, tendo sido vendedora ambulante, empregada dom\u00e9stica, oper\u00e1ria fabril e servente de escola.\u00a0<\/span><\/p>\n<p><span style=\"font-weight: 400;\">Benedita tem uma trajet\u00f3ria pol\u00edtica de protagonismo como a primeira mulher afro-brasileira a atingir os mais altos cargos da hist\u00f3ria do Brasil. A atual candidata teve um mandato como vereadora; cinco mandatos como deputada federal; um mandato como senadora; foi governadora interina do Rio por um ano; al\u00e9m de ter sido ministra da Secretaria Especial da Assist\u00eancia e Promo\u00e7\u00e3o Social, no governo <a href=\"http:\/\/bit.ly\/2KbJ6eO\" target=\"_blank\" rel=\"noopener noreferrer\">Lula<\/a>; e\u00a0secret\u00e1ria de Assist\u00eancia Social e Direitos Humanos do Estado do Rio de janeiro. <\/span><span style=\"font-weight: 400;\">Ao TSE, declarou possuir um patrim\u00f4nio total de <\/span><span style=\"font-weight: 400;\"><a href=\"https:\/\/bit.ly\/3nPJItM\">R$941.762,92<\/a>,<\/span>\u00a0e\u00a0se <a href=\"https:\/\/bit.ly\/3j3fKPl\" target=\"_blank\" rel=\"noopener noreferrer\">autodeclarou preta<\/a>.<\/p>\n<h3>Clarissa Garotinho (PROS)<\/h3>\n<p><a href=\"https:\/\/rioonwatch.org.br\/wp-content\/uploads\/2020\/10\/Deputada-federal-Clarissa-Garotinho-PROS-RJ-Foto-Luis-Macedo_Camara-dos-Deputados-e1602885634326.jpg\"><img decoding=\"async\" class=\"aligncenter wp-image-50900 size-medium\" src=\"https:\/\/rioonwatch.org.br\/wp-content\/uploads\/2020\/10\/Deputada-federal-Clarissa-Garotinho-PROS-RJ-Foto-Luis-Macedo_Camara-dos-Deputados-e1602885634326-620x289.jpg\" alt=\"\" width=\"620\" height=\"289\" srcset=\"https:\/\/rioonwatch.org.br\/wp-content\/uploads\/2020\/10\/Deputada-federal-Clarissa-Garotinho-PROS-RJ-Foto-Luis-Macedo_Camara-dos-Deputados-e1602885634326-620x289.jpg 620w, https:\/\/rioonwatch.org.br\/wp-content\/uploads\/2020\/10\/Deputada-federal-Clarissa-Garotinho-PROS-RJ-Foto-Luis-Macedo_Camara-dos-Deputados-e1602885634326-566x264.jpg 566w, https:\/\/rioonwatch.org.br\/wp-content\/uploads\/2020\/10\/Deputada-federal-Clarissa-Garotinho-PROS-RJ-Foto-Luis-Macedo_Camara-dos-Deputados-e1602885634326-768x358.jpg 768w, https:\/\/rioonwatch.org.br\/wp-content\/uploads\/2020\/10\/Deputada-federal-Clarissa-Garotinho-PROS-RJ-Foto-Luis-Macedo_Camara-dos-Deputados-e1602885634326.jpg 932w\" sizes=\"(max-width: 620px) 100vw, 620px\" \/><\/a><\/p>\n<h5><span style=\"font-weight: 400;\">N\u00famero de Legenda: <strong>90 &#8211; Campanha \u201c<a href=\"https:\/\/bit.ly\/34Zefg8\">Rio de Janeiro, Uma Nova Hist\u00f3ria<\/a>\u201d<\/strong><\/span><\/h5>\n<p><span style=\"font-weight: 400;\">Natural de Campos dos Goytacazes, munic\u00edpio do Norte Fluminense, a jornalista Clarissa Barros Assed Matheus de Oliveira, conhecida como <\/span><a href=\"https:\/\/bit.ly\/372rAXH\"><span style=\"font-weight: 400;\">Clarissa Garotinho<\/span><\/a><span style=\"font-weight: 400;\">, tem 38 anos e \u00e9 filha dos ex-governadores do estado do Rio de Janeiro, Anthony Garotinho e Rosinha Matheus, de quem herdou o nome pol\u00edtico &#8220;Garotinho&#8221;. Clarissa, atualmente, est\u00e1 em seu segundo mandato como deputada federal pelo Rio de Janeiro.\u00a0<\/span><\/p>\n<p><span style=\"font-weight: 400;\">O <a href=\"https:\/\/bit.ly\/37bgYWw\" target=\"_blank\" rel=\"noopener noreferrer\">Partido Republicano da Ordem Social (PROS)<\/a> <\/span><span style=\"font-weight: 400;\">oficializou <\/span><a href=\"https:\/\/glo.bo\/33YpDJV\"><span style=\"font-weight: 400;\">sua candidatura,<\/span><\/a><span style=\"font-weight: 400;\"> em 12 de setembro, \u00e0 Prefeitura do Rio de Janeiro, sem coliga\u00e7\u00f5es com outros partidos. Como candidato a vice-prefeito, foi definido para a chapa, o ator e <a href=\"https:\/\/bit.ly\/341VOYK\" target=\"_blank\" rel=\"noopener noreferrer\">cineasta Jorge Coutinho,<\/a> ex-presidente do <a href=\"https:\/\/bit.ly\/31dANZu\" target=\"_blank\" rel=\"noopener noreferrer\">Sindicato dos Artistas e T\u00e9cnicos em Espet\u00e1culos de Divers\u00f5es do Estado do Rio de Janeiro (Sated\/RJ)<\/a>. <\/span><\/p>\n<p><span style=\"font-weight: 400;\">Clarissa participou do movimento estudantil universit\u00e1rio e foi diretora da <a href=\"https:\/\/bit.ly\/3lTzGpH\" target=\"_blank\" rel=\"noopener noreferrer\">Uni\u00e3o Nacional dos Estudantes (UNE)<\/a>, ao mesmo tempo que iniciava a sua carreira como comunicadora em programas de r\u00e1dio. Em 2009, foi eleita vereadora pelo Rio de Janeiro. T<\/span>amb\u00e9m foi Secret\u00e1ria Municipal de Desenvolvimento, Emprego e Inova\u00e7\u00e3o durante um ano (2017-2018) no governo de <a href=\"http:\/\/bit.ly\/31U6h54\" target=\"_blank\" rel=\"noopener noreferrer\">Marcelo Crivella<\/a><span style=\"font-weight: 400;\">\u2014<\/span>atual prefeito da capital carioca.<\/p>\n<p>At\u00e9 chegar ao PROS para disputar o cargo de chefe do executivo municipal foi filiada a outros cinco partidos: Partido Democr\u00e1tico Trabalhista (PDT), <a href=\"https:\/\/bit.ly\/346qTL7\" target=\"_blank\" rel=\"noopener noreferrer\">Partido Socialista Brasileiro<\/a> (PSB),\u00a0<a href=\"https:\/\/bit.ly\/37aqKYU\" target=\"_blank\" rel=\"noopener noreferrer\">Partido do Movimento Democr\u00e1tico Brasileiro<\/a> (PMDB)<span style=\"font-weight: 400;\">\u2014<\/span>atualmente redesignado como <a href=\"https:\/\/bit.ly\/3lLfkPo\" target=\"_blank\" rel=\"noopener noreferrer\">Movimento Democr\u00e1tico Brasileiro<\/a> (MDB),\u00a0<a href=\"https:\/\/bit.ly\/348Ylkd\" target=\"_blank\" rel=\"noopener noreferrer\">Partido Liberal<\/a> (PL)\u00a0e <a href=\"http:\/\/bit.ly\/2orvF3x\" target=\"_blank\" rel=\"noopener noreferrer\">Partido Republicano Brasileiro<\/a> (PRB). <span style=\"font-weight: 400;\">Ao TSE, declarou um patrim\u00f4nio total de <\/span><a href=\"https:\/\/bit.ly\/31o6csn\"><span style=\"font-weight: 400;\">R$151.485,37<\/span><\/a><span style=\"font-weight: 400;\">, e se <a href=\"https:\/\/bit.ly\/379RBV1\" target=\"_blank\" rel=\"noopener noreferrer\">autodeclarou branca<\/a>. <\/span><\/p>\n<h3>Cyro Garcia (PSTU)<\/h3>\n<p><a href=\"https:\/\/rioonwatch.org.br\/wp-content\/uploads\/2020\/10\/Cyro-Garcia-dibulgacao-e1602885602400.jpg\"><img loading=\"lazy\" decoding=\"async\" class=\"aligncenter wp-image-50902 size-medium\" src=\"https:\/\/rioonwatch.org.br\/wp-content\/uploads\/2020\/10\/Cyro-Garcia-dibulgacao-e1602885602400-620x324.jpg\" alt=\"\" width=\"620\" height=\"324\" srcset=\"https:\/\/rioonwatch.org.br\/wp-content\/uploads\/2020\/10\/Cyro-Garcia-dibulgacao-e1602885602400-620x324.jpg 620w, https:\/\/rioonwatch.org.br\/wp-content\/uploads\/2020\/10\/Cyro-Garcia-dibulgacao-e1602885602400-505x264.jpg 505w, https:\/\/rioonwatch.org.br\/wp-content\/uploads\/2020\/10\/Cyro-Garcia-dibulgacao-e1602885602400-768x401.jpg 768w, https:\/\/rioonwatch.org.br\/wp-content\/uploads\/2020\/10\/Cyro-Garcia-dibulgacao-e1602885602400.jpg 1024w\" sizes=\"(max-width: 620px) 100vw, 620px\" \/><\/a><\/p>\n<h5><span style=\"font-weight: 400;\">N\u00famero de Legenda: <strong>16 &#8211; Campanha &#8220;<a href=\"https:\/\/bit.ly\/3k4fPDG\" target=\"_blank\" rel=\"noopener noreferrer\">Construir uma Alternativa Socialista de Ra\u00e7a e Classe para o Rio de Janeiro<\/a>&#8220;<\/strong><\/span><\/h5>\n<p><span style=\"font-weight: 400;\">Doutor em Hist\u00f3ria pela Universidade Federal Fluminense, <a href=\"https:\/\/bit.ly\/2FzFYeI\">Cyro Garcia<\/a> \u00e9 banc\u00e1rio aposentado, com um <\/span><span style=\"font-weight: 400;\">hist\u00f3rico de lutas em favor do movimento sindical banc\u00e1rio. Nasceu em Minas Gerais em 26 de outubro de 1954, mas desde os seis anos mora no Rio de Janeiro. <\/span><span style=\"font-weight: 400;\">Foi criado no sub\u00farbio e depois se mudou para a \u00e1rea da <a href=\"https:\/\/bit.ly\/3581ZK2\" target=\"_blank\" rel=\"noopener noreferrer\">Grande Tijuca<\/a>, <a href=\"http:\/\/bit.ly\/2ETpYR1\" target=\"_blank\" rel=\"noopener noreferrer\">Zona Norte<\/a>. \u00c9 filho de um<\/span><span style=\"font-weight: 400;\"> motorista de caminh\u00e3o e de uma costureira. Cursou a Faculdade Nacional de Direito da UFRJ nos anos 1970, onde come\u00e7ou a se interessar e participar de pol\u00edtica.\u00a0<\/span><\/p>\n<p><span style=\"font-weight: 400;\">Cyro Garcia foi oficializado como candidato \u00e0 Prefeitura do Rio de Janeiro pelo <a href=\"https:\/\/bit.ly\/3o0oiKk\" target=\"_blank\" rel=\"noopener noreferrer\">Partido Socialista dos Trabalhadores Unificado (PSTU)<\/a> em <a href=\"https:\/\/glo.bo\/3nYYu1x\" target=\"_blank\" rel=\"noopener noreferrer\">5 de setembro<\/a>, tendo como vice na chapa, a <a href=\"https:\/\/bit.ly\/31cJZxh\" target=\"_blank\" rel=\"noopener noreferrer\">professora Elisa Guimar\u00e3es<\/a>. Hoje \u00e9 professor universit\u00e1rio, e esta \u00e9 a quinta vez que disputa o cargo de prefeito da capital fluminense. Ele tamb\u00e9m \u00e9 presidente do diret\u00f3rio estadual do PSTU no Rio de Janeiro.\u00a0<\/span><\/p>\n<p><span style=\"font-weight: 400;\">Gyro participou da funda\u00e7\u00e3o do Partido dos Trabalhadores (PT) e da <a href=\"https:\/\/bit.ly\/2IvA3bu\" target=\"_blank\" rel=\"noopener noreferrer\">Central \u00danica dos Trabalhadores (CUT)<\/a>. Por dez meses em 1993, foi deputado federal pelo Rio de Janeiro como suplente de Jamil Haddad. Foi candidato ao senado pelo Rio de Janeiro nas elei\u00e7\u00f5es de 2018, mas n\u00e3o se elegeu. Antes de ser filiado ao PSTU, foi filiado ao PT. <\/span><span style=\"font-weight: 400;\">Ao TSE, declarou um patrim\u00f4nio total de <\/span><a href=\"https:\/\/bit.ly\/3dzXsnJ\" target=\"_blank\" rel=\"noopener noreferrer\"><span style=\"font-weight: 400;\">R$565.000,00<\/span><\/a><span style=\"font-weight: 400;\">, e se <a href=\"https:\/\/bit.ly\/341Beb8\" target=\"_blank\" rel=\"noopener noreferrer\">autodeclarou preto<\/a>.<\/span><\/p>\n<h3>Eduardo Bandeira de Mello (REDE)<\/h3>\n<p><a href=\"https:\/\/rioonwatch.org.br\/wp-content\/uploads\/2020\/10\/Foto_-Fabio-Motta_Estadao-e1602885149716.jpg\"><img loading=\"lazy\" decoding=\"async\" class=\"aligncenter wp-image-50903 size-medium\" title=\"FLA9 - RJ - 06\/03\/2015 - PRESIDENTE\/FLAMENGO - ESPORTES OE - o Presidente do Clube de Regatas do Flamengo, Eduardo Bandeira de Mello, durante entrevista exclusiva cedida ao Estado na sede do clube, na G\u00e1vea, zona sul do Rio. Foto: FABIO MOTTA\/ESTAD\u00c3O\" src=\"https:\/\/rioonwatch.org.br\/wp-content\/uploads\/2020\/10\/Foto_-Fabio-Motta_Estadao-e1602885149716-620x319.jpg\" alt=\"\" width=\"620\" height=\"319\" srcset=\"https:\/\/rioonwatch.org.br\/wp-content\/uploads\/2020\/10\/Foto_-Fabio-Motta_Estadao-e1602885149716-620x319.jpg 620w, https:\/\/rioonwatch.org.br\/wp-content\/uploads\/2020\/10\/Foto_-Fabio-Motta_Estadao-e1602885149716-514x264.jpg 514w, https:\/\/rioonwatch.org.br\/wp-content\/uploads\/2020\/10\/Foto_-Fabio-Motta_Estadao-e1602885149716-768x395.jpg 768w, https:\/\/rioonwatch.org.br\/wp-content\/uploads\/2020\/10\/Foto_-Fabio-Motta_Estadao-e1602885149716.jpg 932w\" sizes=\"(max-width: 620px) 100vw, 620px\" \/><\/a><\/p>\n<h5><span style=\"font-weight: 400;\">N\u00famero de Legenda<\/span>: 18 &#8211; Campanha &#8220;<a href=\"https:\/\/bit.ly\/2IoPMck\" target=\"_blank\" rel=\"noopener noreferrer\">Sou o Rio que Amo<\/a>&#8220;<\/h5>\n<p><span style=\"font-weight: 400;\">Ex-presidente do <\/span><span style=\"font-weight: 400;\">Flamengo<\/span><span style=\"font-weight: 400;\">, <\/span><a href=\"https:\/\/bit.ly\/34aAD7b\" target=\"_blank\" rel=\"noopener noreferrer\"><span style=\"font-weight: 400;\">Eduardo Bandeira de Mello<\/span><\/a><span style=\"font-weight: 400;\"> \u00e9 administrador p\u00f3s-graduado pela <a href=\"http:\/\/bit.ly\/2XQ3Rma\" target=\"_blank\" rel=\"noopener noreferrer\">UFRJ<\/a> e foi gestor por 36 anos d<\/span><span style=\"font-weight: 400;\">o <\/span><a href=\"https:\/\/bit.ly\/2I6Chy5\" target=\"_blank\" rel=\"noopener noreferrer\"><span style=\"font-weight: 400;\">Banco Nacional de Desenvolvimento Econ\u00f4mico e Social<\/span><\/a><span style=\"font-weight: 400;\"> (BNDES), onde foi respons\u00e1vel pelo Programa de Moderniza\u00e7\u00e3o das Prefeituras e chefe do Departamento de Meio Ambiente. Atuou por quatro anos como <a href=\"https:\/\/bit.ly\/3o4jtQr\" target=\"_blank\" rel=\"noopener noreferrer\">Chefe do Departamento de Meio Ambiente<\/a>, quando se tornou Chefe do Departamento de Gest\u00e3o do Fundo Amaz\u00f4nia at\u00e9 julho de 2009. O candidato \u00e9 tijucano e nasceu em 22 de mar\u00e7o de 1953.\u00a0<\/span><\/p>\n<p>O <a href=\"https:\/\/bit.ly\/354Jjef\" target=\"_blank\" rel=\"noopener noreferrer\">Partido Rede Sustentabilidade (REDE)<\/a> oficializou sua candidatura \u00e0 Prefeitura do Rio de Janeiro <a href=\"https:\/\/glo.bo\/33WdVPK\" target=\"_blank\" rel=\"noopener noreferrer\">em 16 de setembro<\/a>, <span style=\"font-weight: 400;\">tendo como vice-prefeita, na chapa, a jornalista e ex-vereadora <\/span><a href=\"https:\/\/bit.ly\/2Ixxt4J\" target=\"_blank\" rel=\"noopener noreferrer\">Andrea Gouv\u00eaa Vieira<\/a>.<\/p>\n<p>Filiado ao partido Rede desde 2018, Bandeira de Mello tem 67 anos e era o nome cotado para formar alian\u00e7a com o <a href=\"https:\/\/bit.ly\/3lMIbmi\" target=\"_blank\" rel=\"noopener noreferrer\">Partido Democr\u00e1tico Trabalhista (PDT)<\/a>, mas decidiu concorrer sozinho \u00e0 prefeitura do Rio de Janeiro. <span style=\"font-weight: 400;\">Foi candidato a deputado federal nas elei\u00e7\u00f5es de 2018, mas n\u00e3o se elegeu. <\/span><span style=\"font-weight: 400;\">Ao TSE, declarou um patrim\u00f4nio total de R$ <a href=\"https:\/\/bit.ly\/3nQs4WB\" target=\"_blank\" rel=\"noopener noreferrer\">R$6.159.557,34<\/a>, e se <a href=\"https:\/\/bit.ly\/2Hcx3A2\" target=\"_blank\" rel=\"noopener noreferrer\">autodeclarou branco<\/a>.<\/span><\/p>\n<h3>Eduardo Paes<strong> (DEM)\u00a0<\/strong><\/h3>\n<p><a href=\"https:\/\/rioonwatch.org.br\/wp-content\/uploads\/2020\/10\/eduardo-paes-pre-candidato-a-prefeitura-do-rio-pelo-dem-Ricardo-Borges-_Folhapress-e1602885572393.jpg\"><img loading=\"lazy\" decoding=\"async\" class=\"aligncenter wp-image-50904 size-medium\" src=\"https:\/\/rioonwatch.org.br\/wp-content\/uploads\/2020\/10\/eduardo-paes-pre-candidato-a-prefeitura-do-rio-pelo-dem-Ricardo-Borges-_Folhapress-e1602885572393-620x305.jpg\" alt=\"\" width=\"620\" height=\"305\" srcset=\"https:\/\/rioonwatch.org.br\/wp-content\/uploads\/2020\/10\/eduardo-paes-pre-candidato-a-prefeitura-do-rio-pelo-dem-Ricardo-Borges-_Folhapress-e1602885572393-620x305.jpg 620w, https:\/\/rioonwatch.org.br\/wp-content\/uploads\/2020\/10\/eduardo-paes-pre-candidato-a-prefeitura-do-rio-pelo-dem-Ricardo-Borges-_Folhapress-e1602885572393-537x264.jpg 537w, https:\/\/rioonwatch.org.br\/wp-content\/uploads\/2020\/10\/eduardo-paes-pre-candidato-a-prefeitura-do-rio-pelo-dem-Ricardo-Borges-_Folhapress-e1602885572393.jpg 750w\" sizes=\"(max-width: 620px) 100vw, 620px\" \/><\/a><\/p>\n<h5><span style=\"font-weight: 400;\">N\u00famero de Legenda:<\/span> 25 &#8211; Campanha &#8220;<a href=\"https:\/\/bit.ly\/3dqf31n\" target=\"_blank\" rel=\"noopener noreferrer\">\u00c9 mais do que Trabalho. \u00c9 Amor ao Rio<\/a>&#8220;<\/h5>\n<p>Criado no <a href=\"https:\/\/bit.ly\/31agBaM\" target=\"_blank\" rel=\"noopener noreferrer\">Jardim Bot\u00e2nico<\/a>, na Zona Sul do Rio de Janeiro, <a href=\"https:\/\/bit.ly\/3dqf31n\" target=\"_blank\" rel=\"noopener noreferrer\">Eduardo Paes<\/a> nasceu em 14 de novembro de 1969. Formou-se em direito pela <a href=\"http:\/\/bit.ly\/2kb6iAY\" target=\"_blank\" rel=\"noopener noreferrer\">PUC<\/a>-Rio, mas nunca exerceu a advocacia, pois entrou para pol\u00edtica aos 23 anos como subprefeito da Zona Oeste I (<a href=\"https:\/\/bit.ly\/2UVrwlZ\" target=\"_blank\" rel=\"noopener noreferrer\">Barra da Tijuca<\/a>, <a href=\"https:\/\/bit.ly\/2UPHP3F\" target=\"_blank\" rel=\"noopener noreferrer\">Recreio dos Bandeirantes<\/a>, <a href=\"https:\/\/bit.ly\/3cEuW2M\" target=\"_blank\" rel=\"noopener noreferrer\">Jacarepagu\u00e1<\/a>, e bairros pr\u00f3ximos) no primeiro mandato do ex-prefeito do Rio <a href=\"https:\/\/bit.ly\/3k7VvkH\" target=\"_blank\" rel=\"noopener noreferrer\">C\u00e9sar Maia<\/a>, padrinho pol\u00edtico do candidato. O candidato disputa o cargo para prefeito do Rio pela terceira vez. <a href=\"https:\/\/bit.ly\/2H9hSrV\" target=\"_blank\" rel=\"noopener noreferrer\">Eduardo Paes<\/a> foi prefeito da capital fluminense por dois mandados, de 2009 a 2016, \u00e9poca em que o Rio sediou os megaeventos esportivos. Reeleito com 62% dos votos no primeiro turno de 2012 para prefeitura do Rio, n\u00e3o conseguiu se eleger em 2018 para governador do Estado. Perdeu no segundo turno para <a href=\"http:\/\/bit.ly\/2ki6BKv\" target=\"_blank\" rel=\"noopener noreferrer\">Wilson Witzel<\/a>.<\/p>\n<p>Teve a candidatura oficializada <a href=\"https:\/\/glo.bo\/352nAne\" target=\"_blank\" rel=\"noopener noreferrer\">em 2 de setembro<\/a> pelo <a href=\"https:\/\/bit.ly\/3k9wKVA\" target=\"_blank\" rel=\"noopener noreferrer\">Partido Democratas (DEM)<\/a>, tendo como vice-prefeito o presidente municipal do PL, <a href=\"https:\/\/bit.ly\/2FzuHeb\" target=\"_blank\" rel=\"noopener noreferrer\">Nilton Caldeira<\/a>. A <a href=\"https:\/\/bit.ly\/348BuFh\" target=\"_blank\" rel=\"noopener noreferrer\">coliga\u00e7\u00e3o<\/a> &#8220;Certeza de um Rio Melhor&#8221;, conta com apoio de outros cinco partidos al\u00e9m do PL: <a href=\"https:\/\/bit.ly\/3lMEb5o\" target=\"_blank\" rel=\"noopener noreferrer\">Cidadania<\/a>, <a href=\"https:\/\/bit.ly\/37dvXix\" target=\"_blank\" rel=\"noopener noreferrer\">Partido Verde (PV)<\/a>, <a href=\"https:\/\/bit.ly\/37gquYu\">Avante<\/a>, <a href=\"https:\/\/bit.ly\/2IwTbG4\" target=\"_blank\" rel=\"noopener noreferrer\">Democracia Crist\u00e3<\/a> e <a href=\"https:\/\/bit.ly\/3d1pgjk\" target=\"_blank\" rel=\"noopener noreferrer\">Partido da Social Democracia Brasileira (PSDB)<\/a>. No mesmo m\u00eas, virou r\u00e9u por suspeita de receber caixa 2 da Odebrecht na elei\u00e7\u00e3o de 2012. O <a href=\"https:\/\/bit.ly\/2H9mTk0\" target=\"_blank\" rel=\"noopener noreferrer\">Minist\u00e9rio P\u00fablico Eleitoral acusa<\/a> o ex-prefeito de participa\u00e7\u00e3o em um suposto recebimento de propinas de cerca de R$10,8 milh\u00f5es da empreiteira.<\/p>\n<p>Antes de se filiar ao DEM, em 2018, Eduardo Paes foi filiado a outros cinco partidos: PV, <a href=\"https:\/\/bit.ly\/31ftsJ0\" target=\"_blank\" rel=\"noopener noreferrer\">Partido da Frente Liberal (PFL)<\/a>, <a href=\"https:\/\/bit.ly\/31gZiVv\" target=\"_blank\" rel=\"noopener noreferrer\">Partido Trabalhista Brasileiro (PTB)<\/a>, PSDB, e ao PMDB, atual partido MDB. Ao TSE, declarou possuir um patrim\u00f4nio no valor total de <a href=\"https:\/\/bit.ly\/3iXBhsD\" target=\"_blank\" rel=\"noopener noreferrer\">R$478.358,42<\/a>, e se <a href=\"https:\/\/bit.ly\/31ejdEt\" target=\"_blank\" rel=\"noopener noreferrer\">autodeclarou branco.<\/a><\/p>\n<h3>Fred Luz (Novo)<\/h3>\n<p><a href=\"https:\/\/rioonwatch.org.br\/wp-content\/uploads\/2020\/10\/divulgacao-FRED-LUZ-e1602885544611.jpg\"><img loading=\"lazy\" decoding=\"async\" class=\"aligncenter wp-image-50924 size-medium\" src=\"https:\/\/rioonwatch.org.br\/wp-content\/uploads\/2020\/10\/divulgacao-FRED-LUZ-e1602885544611-620x360.jpg\" alt=\"\" width=\"620\" height=\"360\" srcset=\"https:\/\/rioonwatch.org.br\/wp-content\/uploads\/2020\/10\/divulgacao-FRED-LUZ-e1602885544611-620x360.jpg 620w, https:\/\/rioonwatch.org.br\/wp-content\/uploads\/2020\/10\/divulgacao-FRED-LUZ-e1602885544611-454x264.jpg 454w, https:\/\/rioonwatch.org.br\/wp-content\/uploads\/2020\/10\/divulgacao-FRED-LUZ-e1602885544611.jpg 640w\" sizes=\"(max-width: 620px) 100vw, 620px\" \/><\/a><\/p>\n<h5><span style=\"font-weight: 400;\">N\u00famero de Legenda:<\/span> 30 &#8211; Site da <a href=\"https:\/\/bit.ly\/33Wc3qn\" target=\"_blank\" rel=\"noopener noreferrer\">Campanha<\/a><\/h5>\n<p style=\"text-align: left;\"><a href=\"https:\/\/bit.ly\/33Wc3qn\" target=\"_blank\" rel=\"noopener noreferrer\">Fred Luz<\/a> \u00e9 engenheiro formado pela PUC-Rio e trabalhou como engenheiro de equipamentos da Petrobras entre 1975 a 1980. Ap\u00f3s seus anos na Petrobras, ele passou por v\u00e1rias outras empresas do setor privado como as Lojas Americanas, e em seguida, abriu sua pr\u00f3pria empresa de agenciamento de exporta\u00e7\u00e3o. Na disputa presidencial de 2018, foi um dos coordenadores da campanha de Jo\u00e3o Amo\u00eado, do <a href=\"https:\/\/bit.ly\/3o776mP\" target=\"_blank\" rel=\"noopener noreferrer\">Partido Novo<\/a>.<\/p>\n<p>Foi oficializado como candidato \u00e0 Prefeitura do Rio nas elei\u00e7\u00f5es 2020 em uma conven\u00e7\u00e3o virtual do Novo em <a href=\"https:\/\/bit.ly\/316vMSp\" target=\"_blank\" rel=\"noopener noreferrer\">31 de setembro<\/a>, tendo como vice-prefeita, na chapa, a bi\u00f3loga <a href=\"https:\/\/bit.ly\/3j7HNx9\" target=\"_blank\" rel=\"noopener noreferrer\">Giselle Gomes<\/a>, servidora p\u00fablica do <a href=\"https:\/\/bit.ly\/354uY1z\" target=\"_blank\" rel=\"noopener noreferrer\">Instituto Nacional de Propriedade Industrial (INPI)<\/a> e doutora em biof\u00edsica.<\/p>\n<p>Em 2018, Fred Luz, fez parte da equipe de transi\u00e7\u00e3o do governador Romeu Zema, eleito pela legenda em Minas Gerais. Ap\u00f3s a posse de Zema, passou a ser coordenador do departamento de apoio ao mandat\u00e1rio. Luz \u00e9 integrante do <a href=\"https:\/\/bit.ly\/3nOh2RQ\" target=\"_blank\" rel=\"noopener noreferrer\">RenovaBR<\/a>, movimento <a href=\"http:\/\/bit.ly\/2nIUDao\" target=\"_blank\" rel=\"noopener noreferrer\">de renova\u00e7\u00e3o pol\u00edtica<\/a> que tem o apoio de personalidades como o apresentador Luciano Huck. <span style=\"font-weight: 400;\">Ao TSE, declarou um patrim\u00f4nio total de <a href=\"https:\/\/bit.ly\/357M4vy\" target=\"_blank\" rel=\"noopener noreferrer\">R$4.742.058,08<\/a><\/span><span style=\"font-weight: 400;\">, e se <a href=\"https:\/\/bit.ly\/316LBIN\" target=\"_blank\" rel=\"noopener noreferrer\">autodeclarou branco<\/a>.<\/span><\/p>\n<h3 class=\"intertitulo\">Gl\u00f3ria Heloiza (PSC)<\/h3>\n<p><a href=\"https:\/\/rioonwatch.org.br\/wp-content\/uploads\/2020\/10\/gloria-heloiza-divulgacao-e1602886288816.jpg\"><img loading=\"lazy\" decoding=\"async\" class=\"aligncenter wp-image-50927 size-medium\" src=\"https:\/\/rioonwatch.org.br\/wp-content\/uploads\/2020\/10\/gloria-heloiza-divulgacao-e1602886288816-620x375.jpg\" alt=\"\" width=\"620\" height=\"375\" srcset=\"https:\/\/rioonwatch.org.br\/wp-content\/uploads\/2020\/10\/gloria-heloiza-divulgacao-e1602886288816-620x375.jpg 620w, https:\/\/rioonwatch.org.br\/wp-content\/uploads\/2020\/10\/gloria-heloiza-divulgacao-e1602886288816-437x264.jpg 437w, https:\/\/rioonwatch.org.br\/wp-content\/uploads\/2020\/10\/gloria-heloiza-divulgacao-e1602886288816-768x464.jpg 768w, https:\/\/rioonwatch.org.br\/wp-content\/uploads\/2020\/10\/gloria-heloiza-divulgacao-e1602886288816.jpg 932w\" sizes=\"(max-width: 620px) 100vw, 620px\" \/><\/a><\/p>\n<h5><span style=\"font-weight: 400;\">N\u00famero de Legenda:<\/span> 20 &#8211; Campanha &#8220;<a href=\"https:\/\/bit.ly\/2SXq6FI\" target=\"_blank\" rel=\"noopener noreferrer\">Amor pelo Rio<\/a>&#8220;<\/h5>\n<p>A ex-ju\u00edza <a href=\"https:\/\/bit.ly\/3dH8N5y\" target=\"_blank\" rel=\"noopener noreferrer\">Gl\u00f3ria Heloiza<\/a> se filiou ao <a href=\"http:\/\/bit.ly\/2WYVJDz\" target=\"_blank\" rel=\"noopener noreferrer\">Partido Social Crist\u00e3o (PSC)<\/a> em mar\u00e7o desse ano, afastando-se formalmente da magistratura para concorrer ao cargo de prefeita do Rio. Era ju\u00edza titular da 2\u00aa Vara da Inf\u00e2ncia, do Adolescente e do Idoso no Tribunal de Justi\u00e7a do Rio (TJ-RJ). \u00c9 carioca, nascida e criada em Jacarepagu\u00e1. Em sua <a href=\"https:\/\/bit.ly\/3k3p9I6\" target=\"_blank\" rel=\"noopener noreferrer\">conta no Twitter<\/a>, destaca ser &#8220;defensora da fam\u00edlia, da acessibilidade e da inclus\u00e3o a todos os cidad\u00e3os&#8221;. A filia\u00e7\u00e3o ao PSC feita em mar\u00e7o foi conduzida pelo <a href=\"https:\/\/bit.ly\/355MTFd\" target=\"_blank\" rel=\"noopener noreferrer\">Pastor Everaldo<\/a>.<\/p>\n<p>A candidatura de Gl\u00f3ria Heloiza foi definida por unanimidade pela executiva municipal da legenda, <a href=\"https:\/\/glo.bo\/2T8qGRn\" target=\"_blank\" rel=\"noopener noreferrer\">em 31 de agosto,<\/a> tendo o economista <a href=\"https:\/\/bit.ly\/37hNXs6\" target=\"_blank\" rel=\"noopener noreferrer\">Mauro Santos<\/a> como vice-prefeito na forma\u00e7\u00e3o da chapa. Ao TSE, a candidata declarou um patrim\u00f4nio total de <a href=\"https:\/\/bit.ly\/33Z5d3h\" target=\"_blank\" rel=\"noopener noreferrer\">R$1.542.000,00<\/a>, e se <span style=\"font-weight: 400;\"><a href=\"https:\/\/bit.ly\/3nYtPRE\" target=\"_blank\" rel=\"noopener noreferrer\">autodeclarou branca<\/a>.<\/span><\/p>\n<h3 class=\"intertitulo\">Henrique Simonard (PCO)<\/h3>\n<p><a href=\"https:\/\/rioonwatch.org.br\/wp-content\/uploads\/2020\/10\/Henrique-Simonard.png\"><img loading=\"lazy\" decoding=\"async\" class=\"aligncenter wp-image-51009\" src=\"https:\/\/rioonwatch.org.br\/wp-content\/uploads\/2020\/10\/Henrique-Simonard.png\" alt=\"\" width=\"620\" height=\"300\" srcset=\"https:\/\/rioonwatch.org.br\/wp-content\/uploads\/2020\/10\/Henrique-Simonard.png 1006w, https:\/\/rioonwatch.org.br\/wp-content\/uploads\/2020\/10\/Henrique-Simonard-620x300.png 620w, https:\/\/rioonwatch.org.br\/wp-content\/uploads\/2020\/10\/Henrique-Simonard-545x264.png 545w, https:\/\/rioonwatch.org.br\/wp-content\/uploads\/2020\/10\/Henrique-Simonard-768x372.png 768w\" sizes=\"(max-width: 620px) 100vw, 620px\" \/><\/a><\/p>\n<h5><span style=\"font-weight: 400;\">N\u00famero de Legenda:<\/span> 29 &#8211; N\u00e3o foi encontrada p\u00e1gina de campanha do candidato<\/h5>\n<p class=\"intertitulo\"><a href=\"https:\/\/bit.ly\/33WBVSS\" target=\"_blank\" rel=\"noopener noreferrer\">Henrique Simonard<\/a>, tem 23 anos e \u00e9 militante do <a href=\"https:\/\/bit.ly\/3dBvJCV\" target=\"_blank\" rel=\"noopener noreferrer\">Partido da Causa Oper\u00e1ria (PCO)<\/a>, atuando no <a href=\"https:\/\/bit.ly\/37fZ0lE\" target=\"_blank\" rel=\"noopener noreferrer\">Coletivo Alian\u00e7a da Juventude Revolucion\u00e1ria<\/a>. Simonard, que tem o ensino m\u00e9dio completo, nasceu em 16 de dezembro de 1997. Ele <a href=\"https:\/\/bit.ly\/33WBVSS\" target=\"_blank\" rel=\"noopener noreferrer\">concorre pela primeira vez<\/a> ao cargo de prefeito do Rio de Janeiro, tendo na chapa para vice-prefeito o estudante <a href=\"https:\/\/bit.ly\/2FEHeNC\" target=\"_blank\" rel=\"noopener noreferrer\">Caetano Sigiliano<\/a>, de 37 anos. Em 2018, tentou uma vaga na <a href=\"https:\/\/bit.ly\/3crY2BE\" target=\"_blank\" rel=\"noopener noreferrer\">Assembleia Legislativa do Rio (Alerj)<\/a>, mas n\u00e3o foi eleito. \u00c9 filiado ao PCO desde 2018. Sua candidatura foi oficializada <a href=\"https:\/\/glo.bo\/33ZyLxH\" target=\"_blank\" rel=\"noopener noreferrer\">durante a conven\u00e7\u00e3o do partido<\/a>, em 13 de setembro. Ao TSE, <a href=\"https:\/\/bit.ly\/2FxUfbK\" target=\"_blank\" rel=\"noopener noreferrer\">declarou n\u00e3o possui bens<\/a>, <span style=\"font-weight: 400;\">e se <a href=\"https:\/\/bit.ly\/2FxUfbK\" target=\"_blank\" rel=\"noopener noreferrer\">autodeclarou branco<\/a>.<\/span><\/p>\n<div class=\"mc-column content-text active-extra-styles\" data-block-type=\"raw\" data-block-weight=\"4\" data-block-id=\"67\">\n<h3 class=\"intertitulo\">Luiz Lima (PSL)<\/h3>\n<p><a href=\"https:\/\/rioonwatch.org.br\/wp-content\/uploads\/2020\/10\/luiz-lima_-Foto-Cleia-Viana_Camara-dos-Deputados-e1602885449724.jpg\"><img loading=\"lazy\" decoding=\"async\" class=\"aligncenter wp-image-50929 size-medium\" src=\"https:\/\/rioonwatch.org.br\/wp-content\/uploads\/2020\/10\/luiz-lima_-Foto-Cleia-Viana_Camara-dos-Deputados-e1602885449724-620x313.jpg\" alt=\"\" width=\"620\" height=\"313\" srcset=\"https:\/\/rioonwatch.org.br\/wp-content\/uploads\/2020\/10\/luiz-lima_-Foto-Cleia-Viana_Camara-dos-Deputados-e1602885449724-620x313.jpg 620w, https:\/\/rioonwatch.org.br\/wp-content\/uploads\/2020\/10\/luiz-lima_-Foto-Cleia-Viana_Camara-dos-Deputados-e1602885449724-524x264.jpg 524w, https:\/\/rioonwatch.org.br\/wp-content\/uploads\/2020\/10\/luiz-lima_-Foto-Cleia-Viana_Camara-dos-Deputados-e1602885449724-768x387.jpg 768w, https:\/\/rioonwatch.org.br\/wp-content\/uploads\/2020\/10\/luiz-lima_-Foto-Cleia-Viana_Camara-dos-Deputados-e1602885449724.jpg 984w\" sizes=\"(max-width: 620px) 100vw, 620px\" \/><\/a><\/p>\n<div class=\"mc-column content-text active-extra-styles \" data-block-type=\"unstyled\" data-block-weight=\"41\" data-block-id=\"70\">\n<h5 data-track-category=\"Link no Texto\"><span style=\"font-weight: 400;\">N\u00famero de Legenda:<\/span> 17 &#8211; P\u00e1gina da <a href=\"https:\/\/bit.ly\/3j8hsyK\" target=\"_blank\" rel=\"noopener noreferrer\">Campanha<\/a><\/h5>\n<p data-track-category=\"Link no Texto\" data-track-links=\"\">Ex-atleta Ol\u00edmpico da nata\u00e7\u00e3o e graduado em Educa\u00e7\u00e3o F\u00edsica, Luiz Lima \u00e9 carioca e nasceu em 10 de dezembro de 1977. Iniciou a vida pol\u00edtica em 2016 ao assumir o cargo de secret\u00e1rio nacional de Esportes de Alto Rendimento, no governo do Presidente <a href=\"https:\/\/bit.ly\/3k7rtxG\" target=\"_blank\" rel=\"noopener noreferrer\">Michel Temer<\/a>. Em 2018, foi eleito deputado federal do estado do Rio de Janeiro pelo <a href=\"https:\/\/bit.ly\/2T4vw1T\" target=\"_blank\" rel=\"noopener noreferrer\">Partido Social Liberal (PSL)<\/a>, sendo o oitavo deputado mais votado no estado.<\/p>\n<p data-track-category=\"Link no Texto\" data-track-links=\"\"><a href=\"https:\/\/bit.ly\/2SWuBAo\" target=\"_blank\" rel=\"noopener noreferrer\">Luiz Lima<\/a> participou do programa de forma\u00e7\u00e3o pol\u00edtica RenovaBR, que tem celebridades brasileiras e empres\u00e1rios como apoiadores do programa em busca de renova\u00e7\u00e3o pol\u00edtica. Ao TSE, declarou um patrim\u00f4nio total de <a href=\"https:\/\/bit.ly\/318joRK\" target=\"_blank\" rel=\"noopener noreferrer\">R$1.537.681,74<\/a>, e se <a href=\"https:\/\/bit.ly\/3o29Lhc\" target=\"_blank\" rel=\"noopener noreferrer\">autodeclarou branco<\/a>.<\/p>\n<\/div>\n<\/div>\n<h3>Marcelo Crivella (Republicanos)<\/h3>\n<p><a href=\"https:\/\/rioonwatch.org.br\/wp-content\/uploads\/2020\/10\/Tomaz-Silva_Agencia-Brasil-e1602885287835.jpg\"><img loading=\"lazy\" decoding=\"async\" class=\"aligncenter wp-image-50930 size-medium\" title=\"BRA02. R\u00cdO DE JANEIRO (BRASIL), 11\/01\/2018.- Fotograf\u00eda cedida por la Agencia Brasil muestra al alcalde de R\u00edo de Janeiro, Marcelo Crivella, mientras habla durante una rueda de prensa hoy, jueves 11 de enero de 2018, en R\u00edo de Janeiro (Brasil). La versi\u00f3n del a\u00f1o 2018 del carnaval de R\u00edo de Janeiro, que comenzar\u00e1 en apenas un mes, contar\u00e1 con una inversi\u00f3n de 38,5 millones de reales (11,9 millones de d\u00f3lares), la mayor de su historia, seg\u00fan anunci\u00f3 hoy el presidente de Riotur -empresa municipal de turismo-, Marcelo Alves. EFE \/Tomaz Silva\/Agencia Brasil\/SOLO USO EDITORIAL\/NO VENTAS\/NO ARCHIVO\" src=\"https:\/\/rioonwatch.org.br\/wp-content\/uploads\/2020\/10\/Tomaz-Silva_Agencia-Brasil-e1602885287835-620x302.jpg\" alt=\"\" width=\"620\" height=\"302\" srcset=\"https:\/\/rioonwatch.org.br\/wp-content\/uploads\/2020\/10\/Tomaz-Silva_Agencia-Brasil-e1602885287835-620x302.jpg 620w, https:\/\/rioonwatch.org.br\/wp-content\/uploads\/2020\/10\/Tomaz-Silva_Agencia-Brasil-e1602885287835-542x264.jpg 542w, https:\/\/rioonwatch.org.br\/wp-content\/uploads\/2020\/10\/Tomaz-Silva_Agencia-Brasil-e1602885287835-768x374.jpg 768w, https:\/\/rioonwatch.org.br\/wp-content\/uploads\/2020\/10\/Tomaz-Silva_Agencia-Brasil-e1602885287835.jpg 932w\" sizes=\"(max-width: 620px) 100vw, 620px\" \/><\/a><\/p>\n<div class=\"mc-column content-text active-extra-styles \" data-block-type=\"unstyled\" data-block-weight=\"24\" data-block-id=\"78\">\n<h5 data-track-category=\"Link no Texto\"><span style=\"font-weight: 400;\">N\u00famero de Legenda:<\/span> 10 &#8211; Site da <a href=\"https:\/\/bit.ly\/3nOOdVj\" target=\"_blank\" rel=\"noopener noreferrer\">Campanha<\/a><\/h5>\n<p class=\"content-text__container \" data-track-category=\"Link no Texto\" data-track-links=\"\"><a href=\"http:\/\/bit.ly\/31U6h54\" target=\"_blank\" rel=\"noopener noreferrer\">Marcelo Crivella<\/a> \u00e9 o atual prefeito da capital fluminense e tenta a reelei\u00e7\u00e3o. Carioca e engenheiro civil, nasceu em 9 de outubro de 1957, e \u00e9 descendente de imigrantes italianos e nordestinos. O candidato \u00e9 bispo licenciado da Igreja Universal do Reino de Deus, denomina\u00e7\u00e3o neopentecostal fundada por seu tio, Edir Macedo. Crivella teve a candidatura <a href=\"https:\/\/bit.ly\/377Tql6\" target=\"_blank\" rel=\"noopener noreferrer\">oficializada para reelei\u00e7\u00e3o<\/a> pelo <a href=\"https:\/\/bit.ly\/355PUoT\" target=\"_blank\" rel=\"noopener noreferrer\">Republicanos<\/a>, em 7 de setembro, sem divulga\u00e7\u00e3o do nome do vice-prefeito a candidato. Posteriormente, a tenente coronel das For\u00e7as Armadas <a href=\"https:\/\/bit.ly\/354vLQa\" target=\"_blank\" rel=\"noopener noreferrer\">Andrea Firmo<\/a>, foi anunciada para compor a chapa. O atual prefeito tem apoio de seis partidos: <a href=\"https:\/\/bit.ly\/3dy0nNH\" target=\"_blank\" rel=\"noopener noreferrer\">Patriota<\/a>, <a href=\"https:\/\/bit.ly\/3dB0RCU\" target=\"_blank\" rel=\"noopener noreferrer\">Progressistas<\/a>, <a href=\"https:\/\/bit.ly\/2SYLdYk\" target=\"_blank\" rel=\"noopener noreferrer\">Solidariedade<\/a>, <a href=\"https:\/\/bit.ly\/3dB75T9\" target=\"_blank\" rel=\"noopener noreferrer\">Podemos<\/a>, <a href=\"https:\/\/bit.ly\/37f6SDS\" target=\"_blank\" rel=\"noopener noreferrer\">PTC<\/a> e <a href=\"https:\/\/bit.ly\/2IEUD9B\" target=\"_blank\" rel=\"noopener noreferrer\">PRTB<\/a>, <a href=\"https:\/\/bit.ly\/348BuFh\" target=\"_blank\" rel=\"noopener noreferrer\">formando a coliga\u00e7\u00e3o<\/a>\u00a0&#8220;Com Deus, Pela Fam\u00edlia e Pelo Rio&#8221;, que tem o maior n\u00famero de candidatos a vereadores, 150.<\/p>\n<p class=\"content-text__container \" data-track-category=\"Link no Texto\" data-track-links=\"\">Crivella iniciou a carreira pol\u00edtica como senador federal eleito pelo Rio de Janeiro em 2002. Foi reeleito em 2010 pelo PRB, que ajudou a fundar. Ap\u00f3s duas derrotas em 2004 e 2008, conseguiu ser eleito ao cargo de prefeito do Rio em 2016, vencendo a elei\u00e7\u00e3o no segundo turno contra <a href=\"https:\/\/bit.ly\/2P2niW1\" target=\"_blank\" rel=\"noopener noreferrer\">Marcelo Freixo<\/a>. No governo <a href=\"https:\/\/bit.ly\/2SYMDC8\" target=\"_blank\" rel=\"noopener noreferrer\">Dilma Rousseff<\/a> (PT) ocupou o cargo de Ministro da Pesca e Aquicultura entre 2012 e 2014. Tem sua atual candidatura a reelei\u00e7\u00e3o apoiada pelo Presidente <a href=\"https:\/\/bit.ly\/2XDbQFM\" target=\"_blank\" rel=\"noopener noreferrer\">Jair Bolsonaro<\/a>.<\/p>\n<\/div>\n<div class=\"mc-column content-text active-extra-styles \" data-block-type=\"unstyled\" data-block-weight=\"31\" data-block-id=\"81\">\n<p data-track-category=\"Link no Texto\" data-track-links=\"\">Apesar de ser candidato a reelei\u00e7\u00e3o, em 24 de setembro, o Tribunal Regional Eleitoral do Rio de Janeiro (TRE-RJ) decidiu, por unanimidade, <a href=\"https:\/\/bit.ly\/3k1ehKK\" target=\"_blank\" rel=\"noopener noreferrer\">torn\u00e1-lo ineleg\u00edvel devido a crime de abuso de poder pol\u00edtico<\/a>. Isso porque, em 2018, usou funcion\u00e1rios da <a href=\"http:\/\/bit.ly\/2IqztIH\" target=\"_blank\" rel=\"noopener noreferrer\">Comlurb<\/a> para promover a candidatura de seu filho a deputado federal. Com o resultado, o pol\u00edtico n\u00e3o poderia concorrer a um cargo p\u00fablico at\u00e9 2026. Por\u00e9m, Marcelo Crivella obteve na Justi\u00e7a Eleitoral uma liminar que <a href=\"https:\/\/glo.bo\/3jcWmiI\" target=\"_blank\" rel=\"noopener noreferrer\">suspendeu a condena\u00e7\u00e3o<\/a> de oito anos de inelegibilidade. Com a decis\u00e3o, a candidatura do atual prefeito para a reelei\u00e7\u00e3o voltou a cumprir as exig\u00eancias da <a href=\"https:\/\/bit.ly\/3dzPYRz\" target=\"_blank\" rel=\"noopener noreferrer\">Lei da Ficha Limpa<\/a>. Ao TSE, o prefeito e candidato a reelei\u00e7\u00e3o declarou um patrim\u00f4nio total de <a href=\"https:\/\/bit.ly\/2SThujl\" target=\"_blank\" rel=\"noopener noreferrer\">R$665.634,27<\/a>, <span style=\"font-weight: 400;\">e se <a href=\"https:\/\/bit.ly\/34RVRpa\" target=\"_blank\" rel=\"noopener noreferrer\">autodeclarou branco<\/a>.<\/span><\/p>\n<\/div>\n<div class=\"mc-column content-text active-extra-styles\" data-block-type=\"raw\" data-block-weight=\"4\" data-block-id=\"67\">\n<h3>Martha Rocha (PDT)<\/h3>\n<p><a href=\"https:\/\/rioonwatch.org.br\/wp-content\/uploads\/2020\/10\/martha-rocha-Jose-Cruz_Agencia-Brasil-e1602885367141.jpg\"><img loading=\"lazy\" decoding=\"async\" class=\"aligncenter wp-image-50935 size-medium\" src=\"https:\/\/rioonwatch.org.br\/wp-content\/uploads\/2020\/10\/martha-rocha-Jose-Cruz_Agencia-Brasil-e1602885367141-620x322.jpg\" alt=\"\" width=\"620\" height=\"322\" srcset=\"https:\/\/rioonwatch.org.br\/wp-content\/uploads\/2020\/10\/martha-rocha-Jose-Cruz_Agencia-Brasil-e1602885367141-620x322.jpg 620w, https:\/\/rioonwatch.org.br\/wp-content\/uploads\/2020\/10\/martha-rocha-Jose-Cruz_Agencia-Brasil-e1602885367141-508x264.jpg 508w, https:\/\/rioonwatch.org.br\/wp-content\/uploads\/2020\/10\/martha-rocha-Jose-Cruz_Agencia-Brasil-e1602885367141-768x399.jpg 768w, https:\/\/rioonwatch.org.br\/wp-content\/uploads\/2020\/10\/martha-rocha-Jose-Cruz_Agencia-Brasil-e1602885367141.jpg 932w\" sizes=\"(max-width: 620px) 100vw, 620px\" \/><\/a><\/p>\n<\/div>\n<h5><span style=\"font-weight: 400;\">N\u00famero de Legenda:<\/span>\u00a012 &#8211; Campanha &#8220;<a href=\"https:\/\/bit.ly\/34W9zHW\" target=\"_blank\" rel=\"noopener noreferrer\">Coragem para Fazer Diferente<\/a>&#8220;<\/h5>\n<p>Ex-chefe de <a href=\"https:\/\/bit.ly\/2Z6b593\" target=\"_blank\" rel=\"noopener noreferrer\">Pol\u00edcia Civil<\/a>\u00a0do estado durante o governo <a href=\"https:\/\/bit.ly\/3dB3F2U\" target=\"_blank\" rel=\"noopener noreferrer\">S\u00e9rgio Cabral<\/a>, a parlamentar <a href=\"https:\/\/glo.bo\/34XQSUa\" target=\"_blank\" rel=\"noopener noreferrer\">\u00e9 presidente da comiss\u00e3o especial<\/a> que investiga os contratos do governo do estado durante a pandemia da Covid-19, sendo deputada federal pelo Estado do Rio de Janeiro. Filha de portugueses, nasceu em 30 de abril de 1959, e cresceu no bairro da <a href=\"https:\/\/bit.ly\/31jPWcp\" target=\"_blank\" rel=\"noopener noreferrer\">Penha<\/a>, na Zona Norte. Formada em Direito pela UFRJ com especializa\u00e7\u00e3o em Direitos Humanos, antes de entrar para Pol\u00edcia Civil aos 23 anos, tornou-se professora de ensino fundamental.<\/p>\n<p>Foi <a href=\"https:\/\/glo.bo\/34XQSUa\" target=\"_blank\" rel=\"noopener noreferrer\">oficializada como candidata \u00e0 Prefeitura<\/a> do Rio pelo PDT, em 12 de setembro. Na ocasi\u00e3o, n\u00e3o foi definido o nome do candidato a vice-prefeito. Posteriormente, o produtor de espet\u00e1culos <a href=\"https:\/\/bit.ly\/3k8Z0Yd\" target=\"_blank\" rel=\"noopener noreferrer\">Anderson Quack<\/a>, foi anunciado como seu candidato para o cargo, <a href=\"https:\/\/bit.ly\/348BuFh\" target=\"_blank\" rel=\"noopener noreferrer\">formando a coliga\u00e7\u00e3o<\/a> &#8220;Unidos pelo Rio&#8221;, com o PSB.<\/p>\n<p>A <a href=\"https:\/\/bit.ly\/2T0owmq\" target=\"_blank\" rel=\"noopener noreferrer\">Delegada Marta Rocha<\/a> tentou se eleger deputada estadual em 2002 e 2006, mas em ambos os pleitos n\u00e3o obteve votos suficiente. Em 2014, foi eleita deputada estadual. Foi a primeira mulher a chefiar a Pol\u00edcia Civil na hist\u00f3ria do Rio de Janeiro. J\u00e1 foi filiada a outros dois partidos: PSB (2001-2013) e <a href=\"https:\/\/bit.ly\/37fccXO\" target=\"_blank\" rel=\"noopener noreferrer\">Partido Social Democr\u00e1tico (PSD)<\/a> (2013-2016) e desde de 2016 \u00e9 filiada ao PDT. Ao TSE, informou um patrim\u00f4nio total de <a href=\"https:\/\/bit.ly\/3duXDAt\" target=\"_blank\" rel=\"noopener noreferrer\">R$1.308.793,28<\/a>, e <span style=\"font-weight: 400;\">se <a href=\"https:\/\/bit.ly\/2Hc3SgC\" target=\"_blank\" rel=\"noopener noreferrer\">autodeclarou branca<\/a>.<\/span><\/p>\n<h3>Paulo Messina (MDB)<\/h3>\n<p><a href=\"https:\/\/rioonwatch.org.br\/wp-content\/uploads\/2020\/10\/Foto-Reproducao_TV-Globo-e1602885510448.jpg\"><img loading=\"lazy\" decoding=\"async\" class=\"aligncenter wp-image-50944 size-medium\" src=\"https:\/\/rioonwatch.org.br\/wp-content\/uploads\/2020\/10\/Foto-Reproducao_TV-Globo-e1602885510448-620x302.jpg\" alt=\"\" width=\"620\" height=\"302\" srcset=\"https:\/\/rioonwatch.org.br\/wp-content\/uploads\/2020\/10\/Foto-Reproducao_TV-Globo-e1602885510448-620x302.jpg 620w, https:\/\/rioonwatch.org.br\/wp-content\/uploads\/2020\/10\/Foto-Reproducao_TV-Globo-e1602885510448-542x264.jpg 542w, https:\/\/rioonwatch.org.br\/wp-content\/uploads\/2020\/10\/Foto-Reproducao_TV-Globo-e1602885510448-768x374.jpg 768w, https:\/\/rioonwatch.org.br\/wp-content\/uploads\/2020\/10\/Foto-Reproducao_TV-Globo-e1602885510448.jpg 984w\" sizes=\"(max-width: 620px) 100vw, 620px\" \/><\/a><\/p>\n<h5><span style=\"font-weight: 400;\">N\u00famero de Legenda:<\/span> 15 &#8211; Site da <a href=\"https:\/\/bit.ly\/3lRZCC9\" target=\"_blank\" rel=\"noopener noreferrer\">Campanha<\/a><\/h5>\n<p><a href=\"https:\/\/bit.ly\/31cWTLK\" target=\"_blank\" rel=\"noopener noreferrer\">Paulo Messina<\/a>, de 45 anos, \u00e9 natural do Rio de Janeiro. Atualmente, exerce o terceiro mandato na <a href=\"https:\/\/bit.ly\/3jIhz5K\" target=\"_blank\" rel=\"noopener noreferrer\">C\u00e2mara dos Vereadores<\/a>. P\u00f3s-graduado em Educa\u00e7\u00e3o, foi reeleito no \u00faltimo pleito municipal em 2016, com pouco mais de 15.000 votos. Messina se identifica em seus perfis no Facebook, Twitter e Instagram como \u201cmatem\u00e1tico, professor e vereador do Rio\u201d. Entrou para a vida pol\u00edtica em 2008. Atuou na Comiss\u00e3o de Educa\u00e7\u00e3o e Cultura, da qual foi presidente por cinco anos. \u00c9 ex-chefe da Casa Civil do governo de Marcelo Crivella.<\/p>\n<p>Atualmente opositor de Crivella, o vereador Paulo Messina foi <a href=\"https:\/\/bit.ly\/317TXjq\" target=\"_blank\" rel=\"noopener noreferrer\">oficializado na conven\u00e7\u00e3o do MDB<\/a> como o candidato do partido a prefeito do Rio, em 14 de setembro. A chapa ter\u00e1 como candidata \u00e0 vice-prefeita a psic\u00f3loga <a href=\"https:\/\/bit.ly\/3dzd0b8\" target=\"_blank\" rel=\"noopener noreferrer\">Sheila Barbosa<\/a>, tamb\u00e9m do MDB. Messina informou ao STF, um patrim\u00f4nio total de <a href=\"https:\/\/bit.ly\/3786yqo\" target=\"_blank\" rel=\"noopener noreferrer\">R$319.300,00<\/a>, e se <a href=\"https:\/\/bit.ly\/3k6CIGD\" target=\"_blank\" rel=\"noopener noreferrer\">autodeclarou branco<\/a>.<\/p>\n<h3>Renata Souza (PSOL)<\/h3>\n<p><a href=\"https:\/\/rioonwatch.org.br\/wp-content\/uploads\/2020\/10\/renata-souza-e-pre-candidata-a-prefeitura-do-rio-divulgaao.jpg\"><img loading=\"lazy\" decoding=\"async\" class=\"aligncenter wp-image-50946 size-medium\" src=\"https:\/\/rioonwatch.org.br\/wp-content\/uploads\/2020\/10\/renata-souza-e-pre-candidata-a-prefeitura-do-rio-divulgaao-620x348.jpg\" alt=\"\" width=\"620\" height=\"348\" srcset=\"https:\/\/rioonwatch.org.br\/wp-content\/uploads\/2020\/10\/renata-souza-e-pre-candidata-a-prefeitura-do-rio-divulgaao-620x348.jpg 620w, https:\/\/rioonwatch.org.br\/wp-content\/uploads\/2020\/10\/renata-souza-e-pre-candidata-a-prefeitura-do-rio-divulgaao-470x264.jpg 470w, https:\/\/rioonwatch.org.br\/wp-content\/uploads\/2020\/10\/renata-souza-e-pre-candidata-a-prefeitura-do-rio-divulgaao-580x326.jpg 580w, https:\/\/rioonwatch.org.br\/wp-content\/uploads\/2020\/10\/renata-souza-e-pre-candidata-a-prefeitura-do-rio-divulgaao-174x98.jpg 174w, https:\/\/rioonwatch.org.br\/wp-content\/uploads\/2020\/10\/renata-souza-e-pre-candidata-a-prefeitura-do-rio-divulgaao.jpg 750w\" sizes=\"(max-width: 620px) 100vw, 620px\" \/><\/a><\/p>\n<div class=\"mc-column content-text active-extra-styles \" data-block-type=\"unstyled\" data-block-weight=\"26\" data-block-id=\"103\">\n<h5><span style=\"font-weight: 400;\">N\u00famero de Legenda:<\/span> 50 &#8211; Campanha &#8220;<a href=\"https:\/\/bit.ly\/34XNatM\" target=\"_blank\" rel=\"noopener noreferrer\">Um Rio de Esperan\u00e7a<\/a>&#8220;<\/h5>\n<p><a href=\"https:\/\/bit.ly\/359LvkT\" target=\"_blank\" rel=\"noopener noreferrer\">Renata Souza<\/a> \u00e9 nascida e criada no <a href=\"http:\/\/bit.ly\/2K1s59x\" target=\"_blank\" rel=\"noopener noreferrer\">Complexo da Mar\u00e9<\/a>, Zona Norte. Nasceu em 31 de agosto de 1982, e \u00e9 filha de uma costureira e dona de casa, e um torneiro mec\u00e2nico. Feminista, se autodeclara negra e favelada. Jornalista, formada com bolsa integral pela PUC-Rio, \u00e9 tamb\u00e9m doutora em Comunica\u00e7\u00e3o e Cultura pela UFRJ. Ela foi a primeira da sua fam\u00edlia a ingressar no ensino superior.<sup id=\"cite_ref-ALERJ_2-0\" class=\"reference\"><\/sup><\/p>\n<p>Em 2018, foi eleita deputada estadual pelo Rio de Janeiro pelo <a href=\"http:\/\/bit.ly\/2wFaPhQ\" target=\"_blank\" rel=\"noopener noreferrer\">Partido Socialista e Liberdade (PSOL)<\/a>, com mais de 63.000 votos. Renata \u00e9 a primeira mulher negra presidente da Comiss\u00e3o de Defesa dos Direitos Humanos e Cidadania da Alerj. Ela teve a candidatura <a href=\"https:\/\/glo.bo\/31boOf0\" target=\"_blank\" rel=\"noopener noreferrer\">oficializada<\/a> \u00e0 Prefeitura do Rio pelo PSOL, em 3 de setembro, tendo como nome para vice-prefeito o coronel reformado da Pol\u00edcia Militar <a href=\"http:\/\/bit.ly\/2x488q5\" target=\"_blank\" rel=\"noopener noreferrer\">Ibis Pereira<\/a>. A chapa <a href=\"https:\/\/bit.ly\/348BuFh\" target=\"_blank\" rel=\"noopener noreferrer\">forma a coliga\u00e7\u00e3o<\/a> &#8220;Um Rio de Esperan\u00e7a&#8221;, com apoio do <a href=\"https:\/\/bit.ly\/31etgtn\" target=\"_blank\" rel=\"noopener noreferrer\">Partido Comunista Brasileiro (PCB)<\/a> e do <a href=\"https:\/\/bit.ly\/2HcgO6a\">Unidade Popular (UP)<\/a>.<\/p>\n<p><a href=\"https:\/\/bit.ly\/2SV7UN5\" target=\"_blank\" rel=\"noopener noreferrer\">Renata<\/a> atuou como comunicadora popular por mais de 15 anos, em defesa da vida, na comunica\u00e7\u00e3o comunit\u00e1ria. Defensora dos direitos humanos, foi assessora parlamentar do mandato de Marcelo Freixo por 10 anos, integrando a Comiss\u00e3o de Direitos Humanos da Assembleia Legislativa do Estado do Rio de Janeiro. Com a elei\u00e7\u00e3o de <a href=\"http:\/\/bit.ly\/2ZubT41\" target=\"_blank\" rel=\"noopener noreferrer\">Marielle Franco<\/a> \u00e0 C\u00e2mara Municipal do Rio de Janeiro em 2016, assumiu a chefia do gabinete do mandato at\u00e9 o execu\u00e7\u00e3o da vereadora a tiros em 2018. Ao TSE, ela informou possuir um patrim\u00f4nio total de <a href=\"https:\/\/bit.ly\/33WRZ78\" target=\"_blank\" rel=\"noopener noreferrer\">R$42.000,00<\/a>, e se <a href=\"https:\/\/bit.ly\/33WRZ78\" target=\"_blank\" rel=\"noopener noreferrer\">autodeclarou preta<\/a>.<\/p>\n<\/div>\n<h3>Su\u00ead Haidar (PMB)<\/h3>\n<p><a href=\"https:\/\/rioonwatch.org.br\/wp-content\/uploads\/2020\/10\/sued-61-reproducao.jpg\"><img loading=\"lazy\" decoding=\"async\" class=\"aligncenter wp-image-50947 size-medium\" src=\"https:\/\/rioonwatch.org.br\/wp-content\/uploads\/2020\/10\/sued-61-reproducao-620x348.jpg\" alt=\"\" width=\"620\" height=\"348\" srcset=\"https:\/\/rioonwatch.org.br\/wp-content\/uploads\/2020\/10\/sued-61-reproducao-620x348.jpg 620w, https:\/\/rioonwatch.org.br\/wp-content\/uploads\/2020\/10\/sued-61-reproducao-470x264.jpg 470w, https:\/\/rioonwatch.org.br\/wp-content\/uploads\/2020\/10\/sued-61-reproducao-580x326.jpg 580w, https:\/\/rioonwatch.org.br\/wp-content\/uploads\/2020\/10\/sued-61-reproducao-174x98.jpg 174w, https:\/\/rioonwatch.org.br\/wp-content\/uploads\/2020\/10\/sued-61-reproducao.jpg 750w\" sizes=\"(max-width: 620px) 100vw, 620px\" \/><\/a><\/p>\n<h5><span style=\"font-weight: 400;\">N\u00famero de Legenda:<\/span> 35 &#8211; P\u00e1gina da <a href=\"https:\/\/bit.ly\/3j6Us3k\" target=\"_blank\" rel=\"noopener noreferrer\">Campanha<\/a> no Facebook<\/h5>\n<p><a href=\"https:\/\/bit.ly\/3dxuZyZ\" target=\"_blank\" rel=\"noopener noreferrer\">Su\u00ead Haidar Nogueira<\/a> nasceu em 30 de novembro de 1948, em S\u00e3o Luiz Gonzaga, munic\u00edpio do Maranh\u00e3o. Com 29 anos, mudou-se para o Rio de Janeiro, em 1977. Na sua <a href=\"https:\/\/bit.ly\/2IrA0xj\" target=\"_blank\" rel=\"noopener noreferrer\">conta do Twitter<\/a>, autodeclara-se &#8220;mulher, preta, m\u00e3e e brasileira&#8221;. \u00c9 presidente nacional do <a href=\"https:\/\/bit.ly\/2Ix2gi8\" target=\"_blank\" rel=\"noopener noreferrer\">Partido da Mulher Brasileira (PMB)<\/a> e fundadora da legenda. Essa \u00e9 a primeira vez que tenta um cargo no poder executivo. Na elei\u00e7\u00e3o de 2018, disputou uma vaga como deputada federal, mas n\u00e3o se elegeu. Teve a candidatura \u00e0 prefeitura do Rio oficializada pelo partido em 12 de setembro, tendo como candidata a vice, na chapa, a advogada <a href=\"https:\/\/bit.ly\/2Hal1rg\" target=\"_blank\" rel=\"noopener noreferrer\">Jessica Rabello Guimar\u00e3es<\/a>.<\/p>\n<p>Na declara\u00e7\u00e3o de bens informada ao TSE <a href=\"https:\/\/bit.ly\/351GESv\" target=\"_blank\" rel=\"noopener noreferrer\">n\u00e3o h\u00e1 registro de bens e patrim\u00f4nio<\/a> da candidata, e ela se <a href=\"https:\/\/bit.ly\/351GESv\" target=\"_blank\" rel=\"noopener noreferrer\">autodeclarou preta<\/a>.<\/p>\n<hr \/>\n<p><em>Na pr\u00f3xima quinta-feira, dia 22 de outubro, \u00e0s 18h, a Rede Favela Sustent\u00e1vel* ir\u00e1 realizar um debate Debate Propositivo com 12 Candidatas e Candidatos \u00e0 Prefeitura do Rio de Janeiro em prol da sustentabilidade e resili\u00eancia do Rio a partir de suas favelas. <\/em><em>O debate ser\u00e1 transmitido pelo Zoom e na <a href=\"http:\/\/bit.ly\/2y97Pfn\" target=\"_blank\" rel=\"noopener noreferrer\">p\u00e1gina do Facebook e YouTube da Rede Favela Sustent\u00e1vel<\/a>. Vagas no Zoom s\u00e3o limitadas e priorit\u00e1rias para integrantes da Rede Favela Sustent\u00e1vel e jornalistas. Fa\u00e7a sua inscri\u00e7\u00e3o para receber detalhes de acesso \u00e0 transmiss\u00e3o no Zoom, Facebook ou YouTube: <a class=\"c-link\" href=\"http:\/\/debate2020.favelasustentavel.org\/\" target=\"_blank\" rel=\"noopener noreferrer\" data-stringify-link=\"http:\/\/debate2020.favelasustentavel.org\" data-sk=\"tooltip_parent\">debate2020.favelasustentavel.org<\/a>.<\/em><\/p>\n<p><em>Para conhecer propostas de pol\u00edticas p\u00fablicas elaboradas pela RFS para realiza\u00e7\u00e3o do desenvolvimento sustent\u00e1vel das favelas e da cidade, n\u00e3o deixe de ler a carta-compromisso apresentada aos candidatos: <a class=\"c-link\" href=\"http:\/\/bit.ly\/RFSCartaCompromisso\" target=\"_blank\" rel=\"noopener noreferrer\" data-stringify-link=\"http:\/\/bit.ly\/RFSCartaCompromisso\" data-sk=\"tooltip_parent\">http:\/\/bit.ly\/RFSCartaCompromisso <\/a><\/em><\/p>\n<p><em>*<\/em><i data-stringify-type=\"italic\">A Rede Favela Sustent\u00e1vel (RFS) e o RioOnWatch s\u00e3o projetos da\u00a0<\/i><i data-stringify-type=\"italic\"><a class=\"c-link\" href=\"http:\/\/bit.ly\/2Ziqwv5\" target=\"_blank\" rel=\"noopener noreferrer\" data-stringify-link=\"http:\/\/bit.ly\/2Ziqwv5\" data-sk=\"tooltip_parent\" aria-describedby=\"sk-tooltip-6287\">Comunidades Catalisadoras<\/a><\/i><\/p>\n<hr \/>\n<h4><strong>Apoie nossos esfor\u00e7os para fornecer assist\u00eancia estrat\u00e9gica \u00e0s favelas do Rio durante a pandemia de Covid-19, incluindo o jornalismo hiperlocal, cr\u00edtico, inovador e incans\u00e1vel do\u00a0<em>RioOnWatch<\/em><\/strong>\u2014<a href=\"http:\/\/bit.ly\/CatalisandoComunidades\">doe aqui<\/a>.<\/h4>\n<!-- AddThis Advanced Settings generic via filter on the_content --><!-- AddThis Share Buttons generic via filter on the_content -->","protected":false},"excerpt":{"rendered":"<div class=\"mh-excerpt\"><p>Click Here for English Esta mat\u00e9ria faz parte de uma\u00a0s\u00e9rie de mat\u00e9rias sobre as elei\u00e7\u00f5es municipais de 2020, com enfoque nas perspectivas das favelas do Grande Rio. Com uma popula\u00e7\u00e3o estimada pelo IBGE em 6.718.903, <a class=\"mh-excerpt-more\" href=\"https:\/\/rioonwatch.org.br\/?p=50897\" title=\"Elei\u00e7\u00f5es Municipais 2020: Conhe\u00e7a os Candidatos \u00e0 Prefeitura do Rio\">[&#8230;]<\/a><!-- AddThis Advanced Settings generic via filter on get_the_excerpt --><!-- AddThis Share Buttons generic via filter on get_the_excerpt --><\/p>\n<\/div>","protected":false},"author":165,"featured_media":50968,"comment_status":"closed","ping_status":"closed","sticky":false,"template":"","format":"standard","meta":{"_acf_changed":false,"_monsterinsights_skip_tracking":false,"_monsterinsights_sitenote_active":false,"_monsterinsights_sitenote_note":"","_monsterinsights_sitenote_category":0,"footnotes":""},"categories":[1618,344],"tags":[1852,2408,2931,274,2494,744,1754,2357,622,630,2921,2932,332,2748,1978,1977,2406,479,1163,484,2918,457,1790,2934,2935,60,2936,2344,447,2269,734,2937,1841,1982,483,2033,2933,2527,1833,1403,1983,2531,2526,2938,2928,1984,1985,2411,498,2927,2920,2403,1839,2409,2378,774,1033,1764,1986,2922,2919,2413,2503,2514,1987,1988,1989,1990,1840,2410,2412,1545,2925,936,185,1991,2901,2491,2924,786,2923,2939,2153,2193,2930,2560,218,184,383],"writer":[2800],"translator":[],"source":[],"ilustrador":[],"fotografo":[],"class_list":{"0":"post-50897","1":"post","2":"type-post","3":"status-publish","4":"format-standard","5":"has-post-thumbnail","7":"category-olhonaparticipacao","8":"category-politicas","9":"tag-alerj","10":"tag-avante","11":"tag-bandeira-de-mello","12":"tag-barra-da-tijuca","13":"tag-benedita-da-silva-pt","14":"tag-bndes","15":"tag-camara-dos-vereadores","16":"tag-ceasm","17":"tag-cesar-maia","18":"tag-chapeu-mangueira","19":"tag-cidadania-partido-politico","20":"tag-clarissa-garotinho","21":"tag-complexo-da-mare","22":"tag-coronavirus","23":"tag-cut","24":"tag-cyro-garcia","25":"tag-dem","26":"tag-democracia","27":"tag-presidente-dilma-rousseff","28":"tag-prefeito-eduardo-paes","29":"tag-eleicao-municipal-2020","30":"tag-eleicoes","31":"tag-feminismo","32":"tag-fred-luz","33":"tag-gloria-heloiza","34":"tag-tijuca","35":"tag-henrique-simonard","36":"tag-ibge","37":"tag-jacarepagua","38":"tag-jair-bolsonaro","39":"tag-jardim-botanico","40":"tag-luiz-lima","41":"tag-lula","42":"tag-marcelo-crivella","43":"tag-marcelo-freixo","44":"tag-marielle-franco","45":"tag-delegada-martha-rocha","46":"tag-mdb","47":"tag-michel-temer","48":"tag-movimento-negro","49":"tag-novo","50":"tag-psl","51":"tag-patriota","52":"tag-paulo-messina","53":"tag-pcb","54":"tag-pcdob","55":"tag-pco","56":"tag-pdt","57":"tag-penha","58":"tag-pfl","59":"tag-pl","60":"tag-pmb","61":"tag-pmdb","62":"tag-podemos","63":"tag-policia-civil","64":"tag-policia-militar","65":"tag-politica","66":"tag-praia-do-pinto","67":"tag-prb","68":"tag-progressistas","69":"tag-pros","70":"tag-prtb","71":"tag-psb","72":"tag-psc","73":"tag-psd","74":"tag-psdb","75":"tag-psol","76":"tag-pstu","77":"tag-pt","78":"tag-ptb","79":"tag-ptc","80":"tag-puc","81":"tag-pv","82":"tag-raca","83":"tag-recreio","84":"tag-rede","85":"tag-rfs","86":"tag-renata-souza-psol","87":"tag-republicanos","88":"tag-governador-sergio-cabral","89":"tag-solidariedade-partido-politico","90":"tag-sued-haidar","91":"tag-uff","92":"tag-ufrj","93":"tag-up","94":"tag-wilson-witzel","95":"tag-zona-norte","96":"tag-zona-oeste","97":"tag-zona-sul","98":"writer-tatiana-lima"},"acf":[],"yoast_head":"<!-- This site is optimized with the Yoast SEO plugin v25.6 - https:\/\/yoast.com\/wordpress\/plugins\/seo\/ -->\n<title>Elei\u00e7\u00f5es Municipais 2020: Conhe\u00e7a os Candidatos \u00e0 Prefeitura do Rio - RioOnWatch<\/title>\n<meta name=\"robots\" content=\"index, follow, max-snippet:-1, max-image-preview:large, max-video-preview:-1\" \/>\n<link rel=\"canonical\" href=\"https:\/\/rioonwatch.org.br\/?p=50897\" \/>\n<meta property=\"og:locale\" content=\"pt_BR\" \/>\n<meta property=\"og:type\" content=\"article\" \/>\n<meta property=\"og:title\" content=\"Elei\u00e7\u00f5es Municipais 2020: Conhe\u00e7a os Candidatos \u00e0 Prefeitura do Rio - RioOnWatch\" \/>\n<meta property=\"og:description\" content=\"Click Here for English Esta mat\u00e9ria faz parte de uma\u00a0s\u00e9rie de mat\u00e9rias sobre as elei\u00e7\u00f5es municipais de 2020, com enfoque nas perspectivas das favelas do Grande Rio. Com uma popula\u00e7\u00e3o estimada pelo IBGE em 6.718.903, [...]\" \/>\n<meta property=\"og:url\" content=\"https:\/\/rioonwatch.org.br\/?p=50897\" \/>\n<meta property=\"og:site_name\" content=\"RioOnWatch\" \/>\n<meta property=\"article:published_time\" content=\"2020-10-19T16:01:54+00:00\" \/>\n<meta property=\"article:modified_time\" content=\"2020-11-10T00:09:30+00:00\" \/>\n<meta property=\"og:image\" content=\"https:\/\/rioonwatch.org.br\/wp-content\/uploads\/2020\/10\/Candidatos-a-Prefeitura-do-Rio-de-Janeiro-Eleicoes-2020.jpg\" \/>\n\t<meta property=\"og:image:width\" content=\"620\" \/>\n\t<meta property=\"og:image:height\" content=\"259\" \/>\n\t<meta property=\"og:image:type\" content=\"image\/jpeg\" \/>\n<meta name=\"author\" content=\"Tatiana Lima\" \/>\n<meta name=\"twitter:card\" content=\"summary_large_image\" \/>\n<meta name=\"twitter:label1\" content=\"Escrito por\" \/>\n\t<meta name=\"twitter:data1\" content=\"Tatiana Lima\" \/>\n\t<meta name=\"twitter:label2\" content=\"Est. tempo de leitura\" \/>\n\t<meta name=\"twitter:data2\" content=\"17 minutos\" \/>\n<script type=\"application\/ld+json\" class=\"yoast-schema-graph\">{\"@context\":\"https:\/\/schema.org\",\"@graph\":[{\"@type\":\"Article\",\"@id\":\"https:\/\/rioonwatch.org.br\/?p=50897#article\",\"isPartOf\":{\"@id\":\"https:\/\/rioonwatch.org.br\/?p=50897\"},\"author\":{\"name\":\"Tatiana Lima\",\"@id\":\"https:\/\/rioonwatch.org.br\/#\/schema\/person\/8fde974ee24e219acc413d63393ec551\"},\"headline\":\"Elei\u00e7\u00f5es Municipais 2020: Conhe\u00e7a os Candidatos \u00e0 Prefeitura do Rio\",\"datePublished\":\"2020-10-19T16:01:54+00:00\",\"dateModified\":\"2020-11-10T00:09:30+00:00\",\"mainEntityOfPage\":{\"@id\":\"https:\/\/rioonwatch.org.br\/?p=50897\"},\"wordCount\":3378,\"publisher\":{\"@id\":\"https:\/\/rioonwatch.org.br\/#organization\"},\"image\":{\"@id\":\"https:\/\/rioonwatch.org.br\/?p=50897#primaryimage\"},\"thumbnailUrl\":\"https:\/\/rioonwatch.org.br\/wp-content\/uploads\/2020\/10\/Candidatos-a-Prefeitura-do-Rio-de-Janeiro-Eleicoes-2020.jpg\",\"keywords\":[\"Alerj\",\"Avante\",\"Bandeira de Mello\",\"Barra da Tijuca\",\"Benedita da Silva\",\"BNDES\",\"C\u00e2mara dos Vereadores\",\"CEASM\",\"C\u00e9sar Maia\",\"Chap\u00e9u Mangueira\",\"Cidadania (partido pol\u00edtico)\",\"Clarissa Garotinho\",\"Complexo da Mar\u00e9\",\"coronav\u00edrus\",\"CUT\",\"Cyro Garcia\",\"DEM\",\"Democracia\",\"Dilma Rousseff\",\"Eduardo Paes\",\"elei\u00e7\u00e3o municipal 2020\",\"Elei\u00e7\u00f5es\",\"feminismo\",\"Fred Luz\",\"Gl\u00f3ria Heloiza\",\"Grande Tijuca\",\"Henrique Simonard\",\"IBGE\",\"Jacarepagu\u00e1\",\"Jair Bolsonaro\",\"Jardim Bot\u00e2nico\",\"Luiz Lima\",\"Lula\",\"Marcelo Crivella\",\"Marcelo Freixo\",\"Marielle Franco\",\"Martha Rocha\",\"MDB\",\"Michel Temer\",\"Movimento negro\",\"NOVO\",\"Partido Social Liberal (PSL)\",\"Patriota\",\"Paulo Messina\",\"PCB\",\"PCdoB\",\"PCO\",\"PDT\",\"Penha\",\"PFL\",\"PL\",\"PMB\",\"PMDB\",\"Podemos\",\"Pol\u00edcia Civil\",\"Pol\u00edcia Militar\",\"pol\u00edtica\",\"Praia do Pinto\",\"PRB\",\"Progressistas\",\"PROS\",\"PRTB\",\"PSB\",\"PSC\",\"PSD\",\"PSDB\",\"PSOL\",\"PSTU\",\"PT\",\"PTB\",\"PTC\",\"PUC\",\"PV\",\"ra\u00e7a\",\"Recreio dos Bandeirantes\",\"REDE\",\"Rede Favela Sustent\u00e1vel\",\"Renata Souza\",\"Republicanos\",\"S\u00e9rgio Cabral\",\"Solidariedade (partido pol\u00edtico)\",\"Su\u00ead Haidar\",\"UFF\",\"UFRJ\",\"UP\",\"Wilson Witzel\",\"Zona Norte\",\"Zona Oeste\",\"Zona Sul\"],\"articleSection\":[\"#OlhoNaParticipa\u00e7\u00e3o\",\"Pol\u00edticas\"],\"inLanguage\":\"pt-BR\"},{\"@type\":\"WebPage\",\"@id\":\"https:\/\/rioonwatch.org.br\/?p=50897\",\"url\":\"https:\/\/rioonwatch.org.br\/?p=50897\",\"name\":\"Elei\u00e7\u00f5es Municipais 2020: Conhe\u00e7a os Candidatos \u00e0 Prefeitura do Rio - RioOnWatch\",\"isPartOf\":{\"@id\":\"https:\/\/rioonwatch.org.br\/#website\"},\"primaryImageOfPage\":{\"@id\":\"https:\/\/rioonwatch.org.br\/?p=50897#primaryimage\"},\"image\":{\"@id\":\"https:\/\/rioonwatch.org.br\/?p=50897#primaryimage\"},\"thumbnailUrl\":\"https:\/\/rioonwatch.org.br\/wp-content\/uploads\/2020\/10\/Candidatos-a-Prefeitura-do-Rio-de-Janeiro-Eleicoes-2020.jpg\",\"datePublished\":\"2020-10-19T16:01:54+00:00\",\"dateModified\":\"2020-11-10T00:09:30+00:00\",\"breadcrumb\":{\"@id\":\"https:\/\/rioonwatch.org.br\/?p=50897#breadcrumb\"},\"inLanguage\":\"pt-BR\",\"potentialAction\":[{\"@type\":\"ReadAction\",\"target\":[\"https:\/\/rioonwatch.org.br\/?p=50897\"]}]},{\"@type\":\"ImageObject\",\"inLanguage\":\"pt-BR\",\"@id\":\"https:\/\/rioonwatch.org.br\/?p=50897#primaryimage\",\"url\":\"https:\/\/rioonwatch.org.br\/wp-content\/uploads\/2020\/10\/Candidatos-a-Prefeitura-do-Rio-de-Janeiro-Eleicoes-2020.jpg\",\"contentUrl\":\"https:\/\/rioonwatch.org.br\/wp-content\/uploads\/2020\/10\/Candidatos-a-Prefeitura-do-Rio-de-Janeiro-Eleicoes-2020.jpg\",\"width\":620,\"height\":259},{\"@type\":\"BreadcrumbList\",\"@id\":\"https:\/\/rioonwatch.org.br\/?p=50897#breadcrumb\",\"itemListElement\":[{\"@type\":\"ListItem\",\"position\":1,\"name\":\"In\u00edcio\",\"item\":\"https:\/\/rioonwatch.org.br\/\"},{\"@type\":\"ListItem\",\"position\":2,\"name\":\"Elei\u00e7\u00f5es Municipais 2020: Conhe\u00e7a os Candidatos \u00e0 Prefeitura do Rio\"}]},{\"@type\":\"WebSite\",\"@id\":\"https:\/\/rioonwatch.org.br\/#website\",\"url\":\"https:\/\/rioonwatch.org.br\/\",\"name\":\"RioOnWatch\",\"description\":\"relatos das favelas cariocas\",\"publisher\":{\"@id\":\"https:\/\/rioonwatch.org.br\/#organization\"},\"potentialAction\":[{\"@type\":\"SearchAction\",\"target\":{\"@type\":\"EntryPoint\",\"urlTemplate\":\"https:\/\/rioonwatch.org.br\/?s={search_term_string}\"},\"query-input\":{\"@type\":\"PropertyValueSpecification\",\"valueRequired\":true,\"valueName\":\"search_term_string\"}}],\"inLanguage\":\"pt-BR\"},{\"@type\":\"Organization\",\"@id\":\"https:\/\/rioonwatch.org.br\/#organization\",\"name\":\"RioOnWatch\",\"url\":\"https:\/\/rioonwatch.org.br\/\",\"logo\":{\"@type\":\"ImageObject\",\"inLanguage\":\"pt-BR\",\"@id\":\"https:\/\/rioonwatch.org.br\/#\/schema\/logo\/image\/\",\"url\":\"https:\/\/rioonwatch.org.br\/wp-content\/uploads\/2021\/06\/RioOnWatchcabecalhoPT11anos-2.png\",\"contentUrl\":\"https:\/\/rioonwatch.org.br\/wp-content\/uploads\/2021\/06\/RioOnWatchcabecalhoPT11anos-2.png\",\"width\":779,\"height\":277,\"caption\":\"RioOnWatch\"},\"image\":{\"@id\":\"https:\/\/rioonwatch.org.br\/#\/schema\/logo\/image\/\"}},{\"@type\":\"Person\",\"@id\":\"https:\/\/rioonwatch.org.br\/#\/schema\/person\/8fde974ee24e219acc413d63393ec551\",\"name\":\"Tatiana Lima\",\"image\":{\"@type\":\"ImageObject\",\"inLanguage\":\"pt-BR\",\"@id\":\"https:\/\/rioonwatch.org.br\/#\/schema\/person\/image\/\",\"url\":\"https:\/\/secure.gravatar.com\/avatar\/5fb587d000e124a9d6aae50aec42d39e?s=96&d=blank&r=g\",\"contentUrl\":\"https:\/\/secure.gravatar.com\/avatar\/5fb587d000e124a9d6aae50aec42d39e?s=96&d=blank&r=g\",\"caption\":\"Tatiana Lima\"},\"url\":\"https:\/\/rioonwatch.org.br\/?author=165\"}]}<\/script>\n<!-- \/ Yoast SEO plugin. -->","yoast_head_json":{"title":"Elei\u00e7\u00f5es Municipais 2020: Conhe\u00e7a os Candidatos \u00e0 Prefeitura do Rio - RioOnWatch","robots":{"index":"index","follow":"follow","max-snippet":"max-snippet:-1","max-image-preview":"max-image-preview:large","max-video-preview":"max-video-preview:-1"},"canonical":"https:\/\/rioonwatch.org.br\/?p=50897","og_locale":"pt_BR","og_type":"article","og_title":"Elei\u00e7\u00f5es Municipais 2020: Conhe\u00e7a os Candidatos \u00e0 Prefeitura do Rio - RioOnWatch","og_description":"Click Here for English Esta mat\u00e9ria faz parte de uma\u00a0s\u00e9rie de mat\u00e9rias sobre as elei\u00e7\u00f5es municipais de 2020, com enfoque nas perspectivas das favelas do Grande Rio. Com uma popula\u00e7\u00e3o estimada pelo IBGE em 6.718.903, [...]","og_url":"https:\/\/rioonwatch.org.br\/?p=50897","og_site_name":"RioOnWatch","article_published_time":"2020-10-19T16:01:54+00:00","article_modified_time":"2020-11-10T00:09:30+00:00","og_image":[{"width":620,"height":259,"url":"https:\/\/rioonwatch.org.br\/wp-content\/uploads\/2020\/10\/Candidatos-a-Prefeitura-do-Rio-de-Janeiro-Eleicoes-2020.jpg","type":"image\/jpeg"}],"author":"Tatiana Lima","twitter_card":"summary_large_image","twitter_misc":{"Escrito por":"Tatiana Lima","Est. tempo de leitura":"17 minutos"},"schema":{"@context":"https:\/\/schema.org","@graph":[{"@type":"Article","@id":"https:\/\/rioonwatch.org.br\/?p=50897#article","isPartOf":{"@id":"https:\/\/rioonwatch.org.br\/?p=50897"},"author":{"name":"Tatiana Lima","@id":"https:\/\/rioonwatch.org.br\/#\/schema\/person\/8fde974ee24e219acc413d63393ec551"},"headline":"Elei\u00e7\u00f5es Municipais 2020: Conhe\u00e7a os Candidatos \u00e0 Prefeitura do Rio","datePublished":"2020-10-19T16:01:54+00:00","dateModified":"2020-11-10T00:09:30+00:00","mainEntityOfPage":{"@id":"https:\/\/rioonwatch.org.br\/?p=50897"},"wordCount":3378,"publisher":{"@id":"https:\/\/rioonwatch.org.br\/#organization"},"image":{"@id":"https:\/\/rioonwatch.org.br\/?p=50897#primaryimage"},"thumbnailUrl":"https:\/\/rioonwatch.org.br\/wp-content\/uploads\/2020\/10\/Candidatos-a-Prefeitura-do-Rio-de-Janeiro-Eleicoes-2020.jpg","keywords":["Alerj","Avante","Bandeira de Mello","Barra da Tijuca","Benedita da Silva","BNDES","C\u00e2mara dos Vereadores","CEASM","C\u00e9sar Maia","Chap\u00e9u Mangueira","Cidadania (partido pol\u00edtico)","Clarissa Garotinho","Complexo da Mar\u00e9","coronav\u00edrus","CUT","Cyro Garcia","DEM","Democracia","Dilma Rousseff","Eduardo Paes","elei\u00e7\u00e3o municipal 2020","Elei\u00e7\u00f5es","feminismo","Fred Luz","Gl\u00f3ria Heloiza","Grande Tijuca","Henrique Simonard","IBGE","Jacarepagu\u00e1","Jair Bolsonaro","Jardim Bot\u00e2nico","Luiz Lima","Lula","Marcelo Crivella","Marcelo Freixo","Marielle Franco","Martha Rocha","MDB","Michel Temer","Movimento negro","NOVO","Partido Social Liberal (PSL)","Patriota","Paulo Messina","PCB","PCdoB","PCO","PDT","Penha","PFL","PL","PMB","PMDB","Podemos","Pol\u00edcia Civil","Pol\u00edcia Militar","pol\u00edtica","Praia do Pinto","PRB","Progressistas","PROS","PRTB","PSB","PSC","PSD","PSDB","PSOL","PSTU","PT","PTB","PTC","PUC","PV","ra\u00e7a","Recreio dos Bandeirantes","REDE","Rede Favela Sustent\u00e1vel","Renata Souza","Republicanos","S\u00e9rgio Cabral","Solidariedade (partido pol\u00edtico)","Su\u00ead Haidar","UFF","UFRJ","UP","Wilson Witzel","Zona Norte","Zona Oeste","Zona Sul"],"articleSection":["#OlhoNaParticipa\u00e7\u00e3o","Pol\u00edticas"],"inLanguage":"pt-BR"},{"@type":"WebPage","@id":"https:\/\/rioonwatch.org.br\/?p=50897","url":"https:\/\/rioonwatch.org.br\/?p=50897","name":"Elei\u00e7\u00f5es Municipais 2020: Conhe\u00e7a os Candidatos \u00e0 Prefeitura do Rio - RioOnWatch","isPartOf":{"@id":"https:\/\/rioonwatch.org.br\/#website"},"primaryImageOfPage":{"@id":"https:\/\/rioonwatch.org.br\/?p=50897#primaryimage"},"image":{"@id":"https:\/\/rioonwatch.org.br\/?p=50897#primaryimage"},"thumbnailUrl":"https:\/\/rioonwatch.org.br\/wp-content\/uploads\/2020\/10\/Candidatos-a-Prefeitura-do-Rio-de-Janeiro-Eleicoes-2020.jpg","datePublished":"2020-10-19T16:01:54+00:00","dateModified":"2020-11-10T00:09:30+00:00","breadcrumb":{"@id":"https:\/\/rioonwatch.org.br\/?p=50897#breadcrumb"},"inLanguage":"pt-BR","potentialAction":[{"@type":"ReadAction","target":["https:\/\/rioonwatch.org.br\/?p=50897"]}]},{"@type":"ImageObject","inLanguage":"pt-BR","@id":"https:\/\/rioonwatch.org.br\/?p=50897#primaryimage","url":"https:\/\/rioonwatch.org.br\/wp-content\/uploads\/2020\/10\/Candidatos-a-Prefeitura-do-Rio-de-Janeiro-Eleicoes-2020.jpg","contentUrl":"https:\/\/rioonwatch.org.br\/wp-content\/uploads\/2020\/10\/Candidatos-a-Prefeitura-do-Rio-de-Janeiro-Eleicoes-2020.jpg","width":620,"height":259},{"@type":"BreadcrumbList","@id":"https:\/\/rioonwatch.org.br\/?p=50897#breadcrumb","itemListElement":[{"@type":"ListItem","position":1,"name":"In\u00edcio","item":"https:\/\/rioonwatch.org.br\/"},{"@type":"ListItem","position":2,"name":"Elei\u00e7\u00f5es Municipais 2020: Conhe\u00e7a os Candidatos \u00e0 Prefeitura do Rio"}]},{"@type":"WebSite","@id":"https:\/\/rioonwatch.org.br\/#website","url":"https:\/\/rioonwatch.org.br\/","name":"RioOnWatch","description":"relatos das favelas cariocas","publisher":{"@id":"https:\/\/rioonwatch.org.br\/#organization"},"potentialAction":[{"@type":"SearchAction","target":{"@type":"EntryPoint","urlTemplate":"https:\/\/rioonwatch.org.br\/?s={search_term_string}"},"query-input":{"@type":"PropertyValueSpecification","valueRequired":true,"valueName":"search_term_string"}}],"inLanguage":"pt-BR"},{"@type":"Organization","@id":"https:\/\/rioonwatch.org.br\/#organization","name":"RioOnWatch","url":"https:\/\/rioonwatch.org.br\/","logo":{"@type":"ImageObject","inLanguage":"pt-BR","@id":"https:\/\/rioonwatch.org.br\/#\/schema\/logo\/image\/","url":"https:\/\/rioonwatch.org.br\/wp-content\/uploads\/2021\/06\/RioOnWatchcabecalhoPT11anos-2.png","contentUrl":"https:\/\/rioonwatch.org.br\/wp-content\/uploads\/2021\/06\/RioOnWatchcabecalhoPT11anos-2.png","width":779,"height":277,"caption":"RioOnWatch"},"image":{"@id":"https:\/\/rioonwatch.org.br\/#\/schema\/logo\/image\/"}},{"@type":"Person","@id":"https:\/\/rioonwatch.org.br\/#\/schema\/person\/8fde974ee24e219acc413d63393ec551","name":"Tatiana Lima","image":{"@type":"ImageObject","inLanguage":"pt-BR","@id":"https:\/\/rioonwatch.org.br\/#\/schema\/person\/image\/","url":"https:\/\/secure.gravatar.com\/avatar\/5fb587d000e124a9d6aae50aec42d39e?s=96&d=blank&r=g","contentUrl":"https:\/\/secure.gravatar.com\/avatar\/5fb587d000e124a9d6aae50aec42d39e?s=96&d=blank&r=g","caption":"Tatiana Lima"},"url":"https:\/\/rioonwatch.org.br\/?author=165"}]}},"_links":{"self":[{"href":"https:\/\/rioonwatch.org.br\/index.php?rest_route=\/wp\/v2\/posts\/50897"}],"collection":[{"href":"https:\/\/rioonwatch.org.br\/index.php?rest_route=\/wp\/v2\/posts"}],"about":[{"href":"https:\/\/rioonwatch.org.br\/index.php?rest_route=\/wp\/v2\/types\/post"}],"author":[{"embeddable":true,"href":"https:\/\/rioonwatch.org.br\/index.php?rest_route=\/wp\/v2\/users\/165"}],"replies":[{"embeddable":true,"href":"https:\/\/rioonwatch.org.br\/index.php?rest_route=%2Fwp%2Fv2%2Fcomments&post=50897"}],"version-history":[{"count":51,"href":"https:\/\/rioonwatch.org.br\/index.php?rest_route=\/wp\/v2\/posts\/50897\/revisions"}],"predecessor-version":[{"id":51509,"href":"https:\/\/rioonwatch.org.br\/index.php?rest_route=\/wp\/v2\/posts\/50897\/revisions\/51509"}],"wp:featuredmedia":[{"embeddable":true,"href":"https:\/\/rioonwatch.org.br\/index.php?rest_route=\/wp\/v2\/media\/50968"}],"wp:attachment":[{"href":"https:\/\/rioonwatch.org.br\/index.php?rest_route=%2Fwp%2Fv2%2Fmedia&parent=50897"}],"wp:term":[{"taxonomy":"category","embeddable":true,"href":"https:\/\/rioonwatch.org.br\/index.php?rest_route=%2Fwp%2Fv2%2Fcategories&post=50897"},{"taxonomy":"post_tag","embeddable":true,"href":"https:\/\/rioonwatch.org.br\/index.php?rest_route=%2Fwp%2Fv2%2Ftags&post=50897"},{"taxonomy":"writer","embeddable":true,"href":"https:\/\/rioonwatch.org.br\/index.php?rest_route=%2Fwp%2Fv2%2Fwriter&post=50897"},{"taxonomy":"translator","embeddable":true,"href":"https:\/\/rioonwatch.org.br\/index.php?rest_route=%2Fwp%2Fv2%2Ftranslator&post=50897"},{"taxonomy":"source","embeddable":true,"href":"https:\/\/rioonwatch.org.br\/index.php?rest_route=%2Fwp%2Fv2%2Fsource&post=50897"},{"taxonomy":"ilustrador","embeddable":true,"href":"https:\/\/rioonwatch.org.br\/index.php?rest_route=%2Fwp%2Fv2%2Filustrador&post=50897"},{"taxonomy":"fotografo","embeddable":true,"href":"https:\/\/rioonwatch.org.br\/index.php?rest_route=%2Fwp%2Fv2%2Ffotografo&post=50897"}],"curies":[{"name":"wp","href":"https:\/\/api.w.org\/{rel}","templated":true}]}}