{"id":51145,"date":"2020-10-31T14:27:13","date_gmt":"2020-10-31T17:27:13","guid":{"rendered":"https:\/\/rioonwatch.org.br\/?p=51145"},"modified":"2023-05-09T09:55:18","modified_gmt":"2023-05-09T12:55:18","slug":"quilombo-da-gamboa-resiste-e-exige-projeto-de-habitacao-social-no-centro-do-rio","status":"publish","type":"post","link":"https:\/\/rioonwatch.org.br\/?p=51145","title":{"rendered":"Quilombo da Gamboa Resiste e Exige Projeto de Habita\u00e7\u00e3o Social no Centro do Rio"},"content":{"rendered":"<p style=\"text-align: right;\"><em><strong><a href=\"https:\/\/bit.ly\/2KpxdWk\" target=\"_blank\" rel=\"noopener noreferrer\">Click Here for English<\/a><a href=\"https:\/\/bit.ly\/2KpxdWk\" target=\"_blank\" rel=\"noopener noreferrer\"><img decoding=\"async\" width=\"20\" height=\"20\" class=\"alignright wp-image-15790\" src=\"https:\/\/rioonwatch.org.br\/wp-content\/uploads\/2012\/08\/EN-standard-e1439583104716.jpg\" \/><\/a><\/strong><\/em><\/p>\n<p><em>Essa \u00e9 a primeira de duas mat\u00e9rias sobre a luta de projetos e ocupa\u00e7\u00f5es por moradia popular na <a href=\"https:\/\/bit.ly\/37DChjM\" target=\"_blank\" rel=\"noopener noreferrer\">\u00e1rea portu\u00e1ria<\/a> do Rio, situada na <a href=\"http:\/\/bit.ly\/2x1dXEP\" target=\"_blank\" rel=\"noopener noreferrer\">regi\u00e3o central<\/a> da cidade. Apesar de ser um espa\u00e7o que por muitas d\u00e9cadas foi ocupado prioritariamente por pessoas de baixa renda, a \u00e1rea passou a ser alvo de especuladores a partir do projeto <a href=\"https:\/\/bit.ly\/3oE4Ovo\" target=\"_blank\" rel=\"noopener noreferrer\">Porto Maravilha<\/a> e desde ent\u00e3o a perman\u00eancia da popula\u00e7\u00e3o de baixa renda na regi\u00e3o est\u00e1 crescentemente amea\u00e7ada. Essa primeira parte, aborda o caso do projeto de habita\u00e7\u00e3o popular &#8220;<a href=\"https:\/\/bit.ly\/35F6LiA\" target=\"_blank\" rel=\"noopener noreferrer\">Quilombo da Gamboa<\/a>&#8221; visando um melhor entendimento da luta que travam, h\u00e1 mais de uma d\u00e9cada, pela moradia popular no Centro do Rio. Para a segunda mat\u00e9ria clique <a href=\"https:\/\/bit.ly\/3o3XU29\" target=\"_blank\" rel=\"noopener\">aqui<\/a>.<img decoding=\"async\" class=\"alignnone size-medium wp-image-51160\" src=\"https:\/\/rioonwatch.org.br\/wp-content\/uploads\/2020\/10\/IMG_1842.heic\" alt=\"\" width=\"1\" height=\"1\" \/> <img decoding=\"async\" class=\"alignnone size-medium wp-image-51161\" src=\"https:\/\/rioonwatch.org.br\/wp-content\/uploads\/2020\/10\/IMG_1843.heic\" alt=\"\" width=\"1\" height=\"1\" \/><\/em><\/p>\n<p>O projeto de habita\u00e7\u00e3o popular Quilombo da Gamboa surgiu em 2008, como resultado de uma grande mobiliza\u00e7\u00e3o nacional de movimentos sociais de luta pela moradia, para garantir o cumprimento da <a href=\"https:\/\/bit.ly\/3kDx9Qh\" target=\"_blank\" rel=\"noopener noreferrer\">fun\u00e7\u00e3o social<\/a> pelos im\u00f3veis da Uni\u00e3o a partir da produ\u00e7\u00e3o de <a href=\"http:\/\/bit.ly\/mTmnH7\" target=\"_blank\" rel=\"noopener noreferrer\">habita\u00e7\u00e3o de interesse social<\/a>. Desde ent\u00e3o, o projeto se colocou como uma alternativa para alguns moradores do extinto projeto <a href=\"https:\/\/bit.ly\/3ouWQF3\" target=\"_blank\" rel=\"noopener noreferrer\">Quilombo das Guerreiras<\/a>, que sofria com um processo de desgaste interno acentuado pelas <a href=\"http:\/\/bit.ly\/1IYc3HV\" target=\"_blank\" rel=\"noopener\">press\u00f5es externas<\/a> motivadas pelo contexto de transforma\u00e7\u00e3o do Porto Maravilha. No lugar do projeto \u201cQuilombo das Guerreiras\u201d, se pretendia erguer as \u201c<a href=\"https:\/\/glo.bo\/34Gf8vf\" target=\"_blank\" rel=\"noopener noreferrer\">Trump Towers<\/a>\u201d, que seriam um marco f\u00edsico e simb\u00f3lico da transforma\u00e7\u00e3o daquela regi\u00e3o da cidade.<\/p>\n<p>A partir da luta e reivindica\u00e7\u00e3o de movimentos sociais atuantes no Rio\u2014<a href=\"https:\/\/bit.ly\/3kG46eP\" target=\"_blank\" rel=\"noopener noreferrer\">Central de Movimentos Populares<\/a> (CMP) e <a href=\"https:\/\/bit.ly\/2HyHVsR\" target=\"_blank\" rel=\"noopener noreferrer\">Uni\u00e3o por Moradia Popular<\/a> (UMP)\u2014integrantes do Quilombo das Guerreiras conseguiram o terreno atualmente destinado ao Quilombo da Gamboa, no bairro de mesmo nome. Ap\u00f3s conseguirem a concess\u00e3o de uso do terreno, de propriedade da Uni\u00e3o, eles conseguiram a inclus\u00e3o do projeto no programa habitacional <a href=\"http:\/\/bit.ly\/2kKErI2\" target=\"_blank\" rel=\"noopener noreferrer\">Minha Casa Minha Vida\u2014Entidades<\/a>, tendo o contrato com a Caixa Econ\u00f4mica Federal assinado em 2015.<\/p>\n<p><a href=\"https:\/\/rioonwatch.org.br\/wp-content\/uploads\/2020\/10\/Quilombo-da-Gamboa-em-protesto.-Foto-tirada-da-pagina-do-Facebook-Quilombo-da-Gamboa..jpg\"><img loading=\"lazy\" decoding=\"async\" class=\"aligncenter wp-image-51205 size-content\" title=\"Quilombo da Gamboa em protesto. Foto tirada da p\u00e1gina do Facebook Quilombo da Gamboa.\" src=\"https:\/\/rioonwatch.org.br\/wp-content\/uploads\/2020\/10\/Quilombo-da-Gamboa-em-protesto.-Foto-tirada-da-pagina-do-Facebook-Quilombo-da-Gamboa.-620x264.jpg\" alt=\"Quilombo da Gamboa em protesto. Foto tirada da p\u00e1gina do Facebook Quilombo da Gamboa.\" width=\"620\" height=\"264\" srcset=\"https:\/\/rioonwatch.org.br\/wp-content\/uploads\/2020\/10\/Quilombo-da-Gamboa-em-protesto.-Foto-tirada-da-pagina-do-Facebook-Quilombo-da-Gamboa.-620x264.jpg 620w, https:\/\/rioonwatch.org.br\/wp-content\/uploads\/2020\/10\/Quilombo-da-Gamboa-em-protesto.-Foto-tirada-da-pagina-do-Facebook-Quilombo-da-Gamboa.-940x400.jpg 940w\" sizes=\"(max-width: 620px) 100vw, 620px\" \/><\/a><\/p>\n<p>A assinatura do contrato, entretanto, n\u00e3o representou o fim da luta para os moradores e movimentos envolvidos com o projeto. Inserido no cen\u00e1rio da <a href=\"https:\/\/bit.ly\/2HCCnwZ\" target=\"_blank\" rel=\"noopener noreferrer\">Opera\u00e7\u00e3o Urbana Consorciada<\/a> do Porto Maravilha, o projeto sofreu sucessivas tentativas de ocupa\u00e7\u00e3o dos terrenos que lhes tinham sido destinados pelos mais diversos agentes: desde empres\u00e1rios ligados ao entretenimento at\u00e9 prestadores de servi\u00e7os que apostavam na r\u00e1pida ocupa\u00e7\u00e3o da \u00e1rea por empreendimentos corporativos e voltados para as classes m\u00e9dia e alta da popula\u00e7\u00e3o. Al\u00e9m das disputas pelo territ\u00f3rio, o projeto teve que enfrentar as burocracias da Caixa Econ\u00f4mica Federal e as mudan\u00e7as de rumo no governo federal, que fizeram com que o financiamento contratado n\u00e3o fosse liberado at\u00e9 hoje.<\/p>\n<p><a href=\"https:\/\/rioonwatch.org.br\/wp-content\/uploads\/2020\/10\/Vista-interna-dos-terrenos-do-projeto-de-habitacao-popular-Quilombo-da-Gamboa.-Foto-por-Tarcyla-Fidalgo..jpg\"><img loading=\"lazy\" decoding=\"async\" class=\"aligncenter wp-image-51215 size-content\" title=\"Vista interna dos terrenos do projeto de habita\u00e7\u00e3o popular Quilombo da Gamboa. Foto por Tarcyla Fidalgo.\" src=\"https:\/\/rioonwatch.org.br\/wp-content\/uploads\/2020\/10\/Vista-interna-dos-terrenos-do-projeto-de-habitacao-popular-Quilombo-da-Gamboa.-Foto-por-Tarcyla-Fidalgo.-620x264.jpg\" alt=\"Vista interna dos terrenos do projeto de habita\u00e7\u00e3o popular Quilombo da Gamboa. Foto por Tarcyla Fidalgo.\" width=\"620\" height=\"264\" srcset=\"https:\/\/rioonwatch.org.br\/wp-content\/uploads\/2020\/10\/Vista-interna-dos-terrenos-do-projeto-de-habitacao-popular-Quilombo-da-Gamboa.-Foto-por-Tarcyla-Fidalgo.-620x264.jpg 620w, https:\/\/rioonwatch.org.br\/wp-content\/uploads\/2020\/10\/Vista-interna-dos-terrenos-do-projeto-de-habitacao-popular-Quilombo-da-Gamboa.-Foto-por-Tarcyla-Fidalgo.-940x400.jpg 940w\" sizes=\"(max-width: 620px) 100vw, 620px\" \/><\/a><\/p>\n<p>Apesar dos in\u00fameros desafios, o Quilombo da Gamboa \u00e9 tido pelas 10 fam\u00edlias que ocupam os terrenos, atualmente, como um espa\u00e7o de luta e resist\u00eancia, al\u00e9m da \u00faltima esperan\u00e7a de garantir uma casa pr\u00f3pria na \u00e1rea central da cidade. Eles destacam que a regi\u00e3o conta com infraestrutura de transporte, servi\u00e7os p\u00fablicos e, mais importante, \u00e9 perto das localidades que mais oferecem emprego na cidade, permitindo que os moradores possam se manter ocupados sem os custos do <a href=\"http:\/\/bit.ly\/32wDBzE\" target=\"_blank\" rel=\"noopener noreferrer\">transporte para as periferias<\/a> (caros e que tomam horas do trabalhador diariamente, dificultando o conv\u00edvio familiar).<\/p>\n<p><a href=\"https:\/\/rioonwatch.org.br\/wp-content\/uploads\/2020\/10\/Casas-provisorias-no-Quilombo-da-Gamboa.-Foto-por-Tarcyla-Fidalgo..jpg\"><img loading=\"lazy\" decoding=\"async\" class=\"aligncenter wp-image-51211 size-content\" title=\"Casas provis\u00f3rias no Quilombo da Gamboa. Foto por Tarcyla Fidalgo.\" src=\"https:\/\/rioonwatch.org.br\/wp-content\/uploads\/2020\/10\/Casas-provisorias-no-Quilombo-da-Gamboa.-Foto-por-Tarcyla-Fidalgo.-620x264.jpg\" alt=\"Casas provis\u00f3rias no Quilombo da Gamboa. Foto por Tarcyla Fidalgo.\" width=\"620\" height=\"264\" srcset=\"https:\/\/rioonwatch.org.br\/wp-content\/uploads\/2020\/10\/Casas-provisorias-no-Quilombo-da-Gamboa.-Foto-por-Tarcyla-Fidalgo.-620x264.jpg 620w, https:\/\/rioonwatch.org.br\/wp-content\/uploads\/2020\/10\/Casas-provisorias-no-Quilombo-da-Gamboa.-Foto-por-Tarcyla-Fidalgo.-940x400.jpg 940w\" sizes=\"(max-width: 620px) 100vw, 620px\" \/><\/a><\/p>\n<p>A disputa pela \u00e1rea central da cidade se acentuou a partir de 2011, quando o Porto Maravilha anunciou a pretens\u00e3o de <a href=\"https:\/\/bit.ly\/34BTUhZ\" target=\"_blank\" rel=\"noopener noreferrer\">atrair mais de 100.000 pessoas, em 10 anos, para uma \u00e1rea portu\u00e1ria<\/a> totalmente modernizada que, no entanto, seria destinada para as classes m\u00e9dia e alta, tendo em vista a inexist\u00eancia de projetos de habita\u00e7\u00e3o de interesse social capazes de garantir a presen\u00e7a dos mais pobres na regi\u00e3o. <a href=\"http:\/\/bit.ly\/1Nduyao\" target=\"_blank\" rel=\"noopener noreferrer\">Houve alguns debates<\/a> nos anos seguintes sobre <a href=\"https:\/\/bit.ly\/3mCSJVC\" target=\"_blank\" rel=\"noopener noreferrer\">como remediar a situa\u00e7\u00e3o<\/a>, sem frutos. Apesar do relativo <a href=\"http:\/\/bit.ly\/35PNWYL\" target=\"_blank\" rel=\"noopener noreferrer\">fracasso do projeto<\/a>, a regi\u00e3o se tornou hostil aos moradores mais pobres, sendo vista como uma promessa ainda a ser cumprida para empreendedores e agentes imobili\u00e1rios.<\/p>\n<p>Essa vis\u00e3o, compartilhada pelo poder p\u00fablico e por parte relevante da sociedade, tem impactos diretos em projetos como o Quilombo da Gamboa, que seguem amea\u00e7ados e na luta incans\u00e1vel pela perman\u00eancia. Os moradores relatam medo de terem que sair dos terrenos destinados ao projeto por n\u00e3o terem nenhuma outra op\u00e7\u00e3o de moradia, especialmente considerando a impossibilidade de pagarem aluguel no cen\u00e1rio de crise econ\u00f4mica atual. Isso em um momento em que a <a href=\"https:\/\/bit.ly\/35FQf1T\" target=\"_blank\" rel=\"noopener noreferrer\">moradia \u00e9 quest\u00e3o de vida ou morte<\/a>, mais do que nunca.<\/p>\n<p>Apesar dos desafios e dos medos, os moradores t\u00eam sonhos para o Quilombo da Gamboa. Entre os mais citados, o de efetivar o projeto que previa a constru\u00e7\u00e3o de 5 pr\u00e9dios, com 116 apartamentos, podendo contemplar mais fam\u00edlias em situa\u00e7\u00e3o de vulnerabilidade e garantir uma infraestrutura digna para os filhos, com \u00e1rea de lazer e conviv\u00eancia.<\/p>\n<p><em>Essa \u00e9 a primeira de duas mat\u00e9rias sobre a luta de projetos e ocupa\u00e7\u00f5es por moradia popular na <a href=\"https:\/\/bit.ly\/37DChjM\" target=\"_blank\" rel=\"noopener noreferrer\">\u00e1rea portu\u00e1ria<\/a> do Rio, situada na <a href=\"http:\/\/bit.ly\/2x1dXEP\" target=\"_blank\" rel=\"noopener noreferrer\">regi\u00e3o central<\/a> da cidade. Para a segunda mat\u00e9ria clique <a href=\"https:\/\/bit.ly\/3o3XU29\" target=\"_blank\" rel=\"noopener\">aqui<\/a>.<img decoding=\"async\" class=\"alignnone size-medium wp-image-51160\" src=\"https:\/\/rioonwatch.org.br\/wp-content\/uploads\/2020\/10\/IMG_1842.heic\" alt=\"\" width=\"1\" height=\"1\" \/> <img decoding=\"async\" class=\"alignnone size-medium wp-image-51161\" src=\"https:\/\/rioonwatch.org.br\/wp-content\/uploads\/2020\/10\/IMG_1843.heic\" alt=\"\" width=\"1\" height=\"1\" \/><\/em><\/p>\n<hr \/>\n<h4><strong>Apoie nossos esfor\u00e7os para fornecer assist\u00eancia estrat\u00e9gica \u00e0s favelas do Rio durante a pandemia da Covid-19, incluindo o jornalismo hiperlocal, cr\u00edtico, inovador e incans\u00e1vel do\u00a0<em>RioOnWatch<\/em><\/strong>\u2014<a href=\"http:\/\/bit.ly\/CatalisandoComunidades\">doe aqui<\/a>.<\/h4>\n<!-- AddThis Advanced Settings generic via filter on the_content --><!-- AddThis Share Buttons generic via filter on the_content -->","protected":false},"excerpt":{"rendered":"<div class=\"mh-excerpt\"><p>Click Here for English Essa \u00e9 a primeira de duas mat\u00e9rias sobre a luta de projetos e ocupa\u00e7\u00f5es por moradia popular na \u00e1rea portu\u00e1ria do Rio, situada na regi\u00e3o central da cidade. Apesar de ser <a class=\"mh-excerpt-more\" href=\"https:\/\/rioonwatch.org.br\/?p=51145\" title=\"Quilombo da Gamboa Resiste e Exige Projeto de Habita\u00e7\u00e3o Social no Centro do Rio\">[&#8230;]<\/a><!-- AddThis Advanced Settings generic via filter on get_the_excerpt --><!-- AddThis Share Buttons generic via filter on get_the_excerpt --><\/p>\n<\/div>","protected":false},"author":167,"featured_media":51204,"comment_status":"closed","ping_status":"closed","sticky":false,"template":"","format":"standard","meta":{"_acf_changed":false,"_monsterinsights_skip_tracking":false,"_monsterinsights_sitenote_active":false,"_monsterinsights_sitenote_note":"","_monsterinsights_sitenote_category":0,"footnotes":""},"categories":[1617,1614,2051,1621,1612,342],"tags":[2056,259,656,1220,424,2541,396,992,340,395,909,988,560,1151,1037,797,2451,433,980,979,494,432,764,2233],"writer":[2461],"translator":[],"source":[],"ilustrador":[],"fotografo":[],"class_list":{"0":"post-51145","1":"post","2":"type-post","3":"status-publish","4":"format-standard","5":"has-post-thumbnail","7":"category-olhonagentrificacao","8":"category-olhonasremocoes","9":"category-olhonolegado","10":"category-destaque","11":"category-sociedade-civil","12":"category-solucoes","13":"tag-aeis-zeis","14":"tag-centro","15":"tag-concessao-de-uso","16":"tag-deficit-habitacional","17":"tag-direito-a-moradia","18":"tag-donald-trump","19":"tag-especulacao-imobiliaria","20":"tag-financiamento-imobiliario","21":"tag-funcao-social","22":"tag-gentrificacao-remocao-branca","23":"tag-habitacao-acessivel","24":"tag-minha-casa-minha-vida-entidades","25":"tag-mobilidade","26":"tag-organizacao","27":"tag-moradia","28":"tag-movimentos-sociais","29":"tag-politicas-publicas","30":"tag-porto-maravilha","31":"tag-quilombo-da-gamboa","32":"tag-quilombo-das-guerreiras","33":"tag-regiao-do-porto","34":"tag-resistencia","35":"tag-transporte","36":"tag-uniao-nacional-por-moradia-popular","37":"writer-tarcyla-fidalgo"},"acf":[],"yoast_head":"<!-- This site is optimized with the Yoast SEO plugin v25.6 - https:\/\/yoast.com\/wordpress\/plugins\/seo\/ -->\n<title>Quilombo da Gamboa Resiste e Exige Projeto de Habita\u00e7\u00e3o Social no Centro do Rio - RioOnWatch<\/title>\n<meta name=\"robots\" content=\"index, follow, max-snippet:-1, max-image-preview:large, max-video-preview:-1\" \/>\n<link rel=\"canonical\" href=\"https:\/\/rioonwatch.org.br\/?p=51145\" \/>\n<meta property=\"og:locale\" content=\"pt_BR\" \/>\n<meta property=\"og:type\" content=\"article\" \/>\n<meta property=\"og:title\" content=\"Quilombo da Gamboa Resiste e Exige Projeto de Habita\u00e7\u00e3o Social no Centro do Rio - RioOnWatch\" \/>\n<meta property=\"og:description\" content=\"Click Here for English Essa \u00e9 a primeira de duas mat\u00e9rias sobre a luta de projetos e ocupa\u00e7\u00f5es por moradia popular na \u00e1rea portu\u00e1ria do Rio, situada na regi\u00e3o central da cidade. Apesar de ser [...]\" \/>\n<meta property=\"og:url\" content=\"https:\/\/rioonwatch.org.br\/?p=51145\" \/>\n<meta property=\"og:site_name\" content=\"RioOnWatch\" \/>\n<meta property=\"article:published_time\" content=\"2020-10-31T17:27:13+00:00\" \/>\n<meta property=\"article:modified_time\" content=\"2023-05-09T12:55:18+00:00\" \/>\n<meta property=\"og:image\" content=\"https:\/\/rioonwatch.org.br\/wp-content\/uploads\/2020\/10\/Quilombo-da-Gamboa-em-protesto.-Foto-tirada-da-pagina-do-Facebook-Quilombo-da-Gamboa..jpg\" \/>\n\t<meta property=\"og:image:width\" content=\"2048\" \/>\n\t<meta property=\"og:image:height\" content=\"1536\" \/>\n\t<meta property=\"og:image:type\" content=\"image\/jpeg\" \/>\n<meta name=\"author\" content=\"Julio Santos Filho\" \/>\n<meta name=\"twitter:card\" content=\"summary_large_image\" \/>\n<meta name=\"twitter:label1\" content=\"Escrito por\" \/>\n\t<meta name=\"twitter:data1\" content=\"Julio Santos Filho\" \/>\n\t<meta name=\"twitter:label2\" content=\"Est. tempo de leitura\" \/>\n\t<meta name=\"twitter:data2\" content=\"5 minutos\" \/>\n<script type=\"application\/ld+json\" class=\"yoast-schema-graph\">{\"@context\":\"https:\/\/schema.org\",\"@graph\":[{\"@type\":\"Article\",\"@id\":\"https:\/\/rioonwatch.org.br\/?p=51145#article\",\"isPartOf\":{\"@id\":\"https:\/\/rioonwatch.org.br\/?p=51145\"},\"author\":{\"name\":\"Julio Santos Filho\",\"@id\":\"https:\/\/rioonwatch.org.br\/#\/schema\/person\/476bc75767957d3535b65b796667cd36\"},\"headline\":\"Quilombo da Gamboa Resiste e Exige Projeto de Habita\u00e7\u00e3o Social no Centro do Rio\",\"datePublished\":\"2020-10-31T17:27:13+00:00\",\"dateModified\":\"2023-05-09T12:55:18+00:00\",\"mainEntityOfPage\":{\"@id\":\"https:\/\/rioonwatch.org.br\/?p=51145\"},\"wordCount\":921,\"publisher\":{\"@id\":\"https:\/\/rioonwatch.org.br\/#organization\"},\"image\":{\"@id\":\"https:\/\/rioonwatch.org.br\/?p=51145#primaryimage\"},\"thumbnailUrl\":\"https:\/\/rioonwatch.org.br\/wp-content\/uploads\/2020\/10\/Projeto-de-moradia-social-Quilombo-da-Gamboa.-Foto-tirada-da-pagina-do-Facebook-do-projeto..jpg\",\"keywords\":[\"AEIS \/ ZEIS\",\"Centro\",\"concess\u00e3o de uso\",\"d\u00e9ficit habitacional\",\"Direito \u00e0 Moradia\",\"Donald Trump\",\"especula\u00e7\u00e3o imobili\u00e1ria\",\"financiamento imobili\u00e1rio\",\"fun\u00e7\u00e3o social\",\"gentrifica\u00e7\u00e3o\",\"habita\u00e7\u00e3o acess\u00edvel\",\"Minha Casa Minha Vida-Entidades\",\"mobilidade\",\"mobiliza\u00e7\u00e3o\",\"moradia\",\"movimentos sociais\",\"pol\u00edticas p\u00fablicas\",\"Porto Maravilha\",\"Quilombo da Gamboa\",\"Quilombo das Guerreiras\",\"Regi\u00e3o do Porto\",\"resist\u00eancia\",\"transporte\",\"Uni\u00e3o Nacional por Moradia Popular\"],\"articleSection\":[\"#OlhoNaGentrifica\u00e7\u00e3o\",\"#OlhoNasRemo\u00e7\u00f5es\",\"#OlhoNoLegado\",\"*Destaque\",\"Sociedade Civil\",\"Solu\u00e7\u00f5es\"],\"inLanguage\":\"pt-BR\"},{\"@type\":\"WebPage\",\"@id\":\"https:\/\/rioonwatch.org.br\/?p=51145\",\"url\":\"https:\/\/rioonwatch.org.br\/?p=51145\",\"name\":\"Quilombo da Gamboa Resiste e Exige Projeto de Habita\u00e7\u00e3o Social no Centro do Rio - RioOnWatch\",\"isPartOf\":{\"@id\":\"https:\/\/rioonwatch.org.br\/#website\"},\"primaryImageOfPage\":{\"@id\":\"https:\/\/rioonwatch.org.br\/?p=51145#primaryimage\"},\"image\":{\"@id\":\"https:\/\/rioonwatch.org.br\/?p=51145#primaryimage\"},\"thumbnailUrl\":\"https:\/\/rioonwatch.org.br\/wp-content\/uploads\/2020\/10\/Projeto-de-moradia-social-Quilombo-da-Gamboa.-Foto-tirada-da-pagina-do-Facebook-do-projeto..jpg\",\"datePublished\":\"2020-10-31T17:27:13+00:00\",\"dateModified\":\"2023-05-09T12:55:18+00:00\",\"breadcrumb\":{\"@id\":\"https:\/\/rioonwatch.org.br\/?p=51145#breadcrumb\"},\"inLanguage\":\"pt-BR\",\"potentialAction\":[{\"@type\":\"ReadAction\",\"target\":[\"https:\/\/rioonwatch.org.br\/?p=51145\"]}]},{\"@type\":\"ImageObject\",\"inLanguage\":\"pt-BR\",\"@id\":\"https:\/\/rioonwatch.org.br\/?p=51145#primaryimage\",\"url\":\"https:\/\/rioonwatch.org.br\/wp-content\/uploads\/2020\/10\/Projeto-de-moradia-social-Quilombo-da-Gamboa.-Foto-tirada-da-pagina-do-Facebook-do-projeto..jpg\",\"contentUrl\":\"https:\/\/rioonwatch.org.br\/wp-content\/uploads\/2020\/10\/Projeto-de-moradia-social-Quilombo-da-Gamboa.-Foto-tirada-da-pagina-do-Facebook-do-projeto..jpg\",\"width\":1280,\"height\":960,\"caption\":\"Projeto de moradia social Quilombo da Gamboa. Foto tirada da p\u00e1gina do Facebook do Quilombo da Gamboa.\"},{\"@type\":\"BreadcrumbList\",\"@id\":\"https:\/\/rioonwatch.org.br\/?p=51145#breadcrumb\",\"itemListElement\":[{\"@type\":\"ListItem\",\"position\":1,\"name\":\"In\u00edcio\",\"item\":\"https:\/\/rioonwatch.org.br\/\"},{\"@type\":\"ListItem\",\"position\":2,\"name\":\"Quilombo da Gamboa Resiste e Exige Projeto de Habita\u00e7\u00e3o Social no Centro do Rio\"}]},{\"@type\":\"WebSite\",\"@id\":\"https:\/\/rioonwatch.org.br\/#website\",\"url\":\"https:\/\/rioonwatch.org.br\/\",\"name\":\"RioOnWatch\",\"description\":\"relatos das favelas cariocas\",\"publisher\":{\"@id\":\"https:\/\/rioonwatch.org.br\/#organization\"},\"potentialAction\":[{\"@type\":\"SearchAction\",\"target\":{\"@type\":\"EntryPoint\",\"urlTemplate\":\"https:\/\/rioonwatch.org.br\/?s={search_term_string}\"},\"query-input\":{\"@type\":\"PropertyValueSpecification\",\"valueRequired\":true,\"valueName\":\"search_term_string\"}}],\"inLanguage\":\"pt-BR\"},{\"@type\":\"Organization\",\"@id\":\"https:\/\/rioonwatch.org.br\/#organization\",\"name\":\"RioOnWatch\",\"url\":\"https:\/\/rioonwatch.org.br\/\",\"logo\":{\"@type\":\"ImageObject\",\"inLanguage\":\"pt-BR\",\"@id\":\"https:\/\/rioonwatch.org.br\/#\/schema\/logo\/image\/\",\"url\":\"https:\/\/rioonwatch.org.br\/wp-content\/uploads\/2021\/06\/RioOnWatchcabecalhoPT11anos-2.png\",\"contentUrl\":\"https:\/\/rioonwatch.org.br\/wp-content\/uploads\/2021\/06\/RioOnWatchcabecalhoPT11anos-2.png\",\"width\":779,\"height\":277,\"caption\":\"RioOnWatch\"},\"image\":{\"@id\":\"https:\/\/rioonwatch.org.br\/#\/schema\/logo\/image\/\"}},{\"@type\":\"Person\",\"@id\":\"https:\/\/rioonwatch.org.br\/#\/schema\/person\/476bc75767957d3535b65b796667cd36\",\"name\":\"Julio Santos Filho\",\"image\":{\"@type\":\"ImageObject\",\"inLanguage\":\"pt-BR\",\"@id\":\"https:\/\/rioonwatch.org.br\/#\/schema\/person\/image\/\",\"url\":\"https:\/\/secure.gravatar.com\/avatar\/ca138f7666182a292a8ce4ca14fb81f8?s=96&d=blank&r=g\",\"contentUrl\":\"https:\/\/secure.gravatar.com\/avatar\/ca138f7666182a292a8ce4ca14fb81f8?s=96&d=blank&r=g\",\"caption\":\"Julio Santos Filho\"},\"url\":\"https:\/\/rioonwatch.org.br\/?author=167\"}]}<\/script>\n<!-- \/ Yoast SEO plugin. -->","yoast_head_json":{"title":"Quilombo da Gamboa Resiste e Exige Projeto de Habita\u00e7\u00e3o Social no Centro do Rio - RioOnWatch","robots":{"index":"index","follow":"follow","max-snippet":"max-snippet:-1","max-image-preview":"max-image-preview:large","max-video-preview":"max-video-preview:-1"},"canonical":"https:\/\/rioonwatch.org.br\/?p=51145","og_locale":"pt_BR","og_type":"article","og_title":"Quilombo da Gamboa Resiste e Exige Projeto de Habita\u00e7\u00e3o Social no Centro do Rio - RioOnWatch","og_description":"Click Here for English Essa \u00e9 a primeira de duas mat\u00e9rias sobre a luta de projetos e ocupa\u00e7\u00f5es por moradia popular na \u00e1rea portu\u00e1ria do Rio, situada na regi\u00e3o central da cidade. Apesar de ser [...]","og_url":"https:\/\/rioonwatch.org.br\/?p=51145","og_site_name":"RioOnWatch","article_published_time":"2020-10-31T17:27:13+00:00","article_modified_time":"2023-05-09T12:55:18+00:00","og_image":[{"width":2048,"height":1536,"url":"https:\/\/rioonwatch.org.br\/wp-content\/uploads\/2020\/10\/Quilombo-da-Gamboa-em-protesto.-Foto-tirada-da-pagina-do-Facebook-Quilombo-da-Gamboa..jpg","type":"image\/jpeg"}],"author":"Julio Santos Filho","twitter_card":"summary_large_image","twitter_misc":{"Escrito por":"Julio Santos Filho","Est. tempo de leitura":"5 minutos"},"schema":{"@context":"https:\/\/schema.org","@graph":[{"@type":"Article","@id":"https:\/\/rioonwatch.org.br\/?p=51145#article","isPartOf":{"@id":"https:\/\/rioonwatch.org.br\/?p=51145"},"author":{"name":"Julio Santos Filho","@id":"https:\/\/rioonwatch.org.br\/#\/schema\/person\/476bc75767957d3535b65b796667cd36"},"headline":"Quilombo da Gamboa Resiste e Exige Projeto de Habita\u00e7\u00e3o Social no Centro do Rio","datePublished":"2020-10-31T17:27:13+00:00","dateModified":"2023-05-09T12:55:18+00:00","mainEntityOfPage":{"@id":"https:\/\/rioonwatch.org.br\/?p=51145"},"wordCount":921,"publisher":{"@id":"https:\/\/rioonwatch.org.br\/#organization"},"image":{"@id":"https:\/\/rioonwatch.org.br\/?p=51145#primaryimage"},"thumbnailUrl":"https:\/\/rioonwatch.org.br\/wp-content\/uploads\/2020\/10\/Projeto-de-moradia-social-Quilombo-da-Gamboa.-Foto-tirada-da-pagina-do-Facebook-do-projeto..jpg","keywords":["AEIS \/ ZEIS","Centro","concess\u00e3o de uso","d\u00e9ficit habitacional","Direito \u00e0 Moradia","Donald Trump","especula\u00e7\u00e3o imobili\u00e1ria","financiamento imobili\u00e1rio","fun\u00e7\u00e3o social","gentrifica\u00e7\u00e3o","habita\u00e7\u00e3o acess\u00edvel","Minha Casa Minha Vida-Entidades","mobilidade","mobiliza\u00e7\u00e3o","moradia","movimentos sociais","pol\u00edticas p\u00fablicas","Porto Maravilha","Quilombo da Gamboa","Quilombo das Guerreiras","Regi\u00e3o do Porto","resist\u00eancia","transporte","Uni\u00e3o Nacional por Moradia Popular"],"articleSection":["#OlhoNaGentrifica\u00e7\u00e3o","#OlhoNasRemo\u00e7\u00f5es","#OlhoNoLegado","*Destaque","Sociedade Civil","Solu\u00e7\u00f5es"],"inLanguage":"pt-BR"},{"@type":"WebPage","@id":"https:\/\/rioonwatch.org.br\/?p=51145","url":"https:\/\/rioonwatch.org.br\/?p=51145","name":"Quilombo da Gamboa Resiste e Exige Projeto de Habita\u00e7\u00e3o Social no Centro do Rio - RioOnWatch","isPartOf":{"@id":"https:\/\/rioonwatch.org.br\/#website"},"primaryImageOfPage":{"@id":"https:\/\/rioonwatch.org.br\/?p=51145#primaryimage"},"image":{"@id":"https:\/\/rioonwatch.org.br\/?p=51145#primaryimage"},"thumbnailUrl":"https:\/\/rioonwatch.org.br\/wp-content\/uploads\/2020\/10\/Projeto-de-moradia-social-Quilombo-da-Gamboa.-Foto-tirada-da-pagina-do-Facebook-do-projeto..jpg","datePublished":"2020-10-31T17:27:13+00:00","dateModified":"2023-05-09T12:55:18+00:00","breadcrumb":{"@id":"https:\/\/rioonwatch.org.br\/?p=51145#breadcrumb"},"inLanguage":"pt-BR","potentialAction":[{"@type":"ReadAction","target":["https:\/\/rioonwatch.org.br\/?p=51145"]}]},{"@type":"ImageObject","inLanguage":"pt-BR","@id":"https:\/\/rioonwatch.org.br\/?p=51145#primaryimage","url":"https:\/\/rioonwatch.org.br\/wp-content\/uploads\/2020\/10\/Projeto-de-moradia-social-Quilombo-da-Gamboa.-Foto-tirada-da-pagina-do-Facebook-do-projeto..jpg","contentUrl":"https:\/\/rioonwatch.org.br\/wp-content\/uploads\/2020\/10\/Projeto-de-moradia-social-Quilombo-da-Gamboa.-Foto-tirada-da-pagina-do-Facebook-do-projeto..jpg","width":1280,"height":960,"caption":"Projeto de moradia social Quilombo da Gamboa. Foto tirada da p\u00e1gina do Facebook do Quilombo da Gamboa."},{"@type":"BreadcrumbList","@id":"https:\/\/rioonwatch.org.br\/?p=51145#breadcrumb","itemListElement":[{"@type":"ListItem","position":1,"name":"In\u00edcio","item":"https:\/\/rioonwatch.org.br\/"},{"@type":"ListItem","position":2,"name":"Quilombo da Gamboa Resiste e Exige Projeto de Habita\u00e7\u00e3o Social no Centro do Rio"}]},{"@type":"WebSite","@id":"https:\/\/rioonwatch.org.br\/#website","url":"https:\/\/rioonwatch.org.br\/","name":"RioOnWatch","description":"relatos das favelas cariocas","publisher":{"@id":"https:\/\/rioonwatch.org.br\/#organization"},"potentialAction":[{"@type":"SearchAction","target":{"@type":"EntryPoint","urlTemplate":"https:\/\/rioonwatch.org.br\/?s={search_term_string}"},"query-input":{"@type":"PropertyValueSpecification","valueRequired":true,"valueName":"search_term_string"}}],"inLanguage":"pt-BR"},{"@type":"Organization","@id":"https:\/\/rioonwatch.org.br\/#organization","name":"RioOnWatch","url":"https:\/\/rioonwatch.org.br\/","logo":{"@type":"ImageObject","inLanguage":"pt-BR","@id":"https:\/\/rioonwatch.org.br\/#\/schema\/logo\/image\/","url":"https:\/\/rioonwatch.org.br\/wp-content\/uploads\/2021\/06\/RioOnWatchcabecalhoPT11anos-2.png","contentUrl":"https:\/\/rioonwatch.org.br\/wp-content\/uploads\/2021\/06\/RioOnWatchcabecalhoPT11anos-2.png","width":779,"height":277,"caption":"RioOnWatch"},"image":{"@id":"https:\/\/rioonwatch.org.br\/#\/schema\/logo\/image\/"}},{"@type":"Person","@id":"https:\/\/rioonwatch.org.br\/#\/schema\/person\/476bc75767957d3535b65b796667cd36","name":"Julio Santos Filho","image":{"@type":"ImageObject","inLanguage":"pt-BR","@id":"https:\/\/rioonwatch.org.br\/#\/schema\/person\/image\/","url":"https:\/\/secure.gravatar.com\/avatar\/ca138f7666182a292a8ce4ca14fb81f8?s=96&d=blank&r=g","contentUrl":"https:\/\/secure.gravatar.com\/avatar\/ca138f7666182a292a8ce4ca14fb81f8?s=96&d=blank&r=g","caption":"Julio Santos Filho"},"url":"https:\/\/rioonwatch.org.br\/?author=167"}]}},"_links":{"self":[{"href":"https:\/\/rioonwatch.org.br\/index.php?rest_route=\/wp\/v2\/posts\/51145"}],"collection":[{"href":"https:\/\/rioonwatch.org.br\/index.php?rest_route=\/wp\/v2\/posts"}],"about":[{"href":"https:\/\/rioonwatch.org.br\/index.php?rest_route=\/wp\/v2\/types\/post"}],"author":[{"embeddable":true,"href":"https:\/\/rioonwatch.org.br\/index.php?rest_route=\/wp\/v2\/users\/167"}],"replies":[{"embeddable":true,"href":"https:\/\/rioonwatch.org.br\/index.php?rest_route=%2Fwp%2Fv2%2Fcomments&post=51145"}],"version-history":[{"count":16,"href":"https:\/\/rioonwatch.org.br\/index.php?rest_route=\/wp\/v2\/posts\/51145\/revisions"}],"predecessor-version":[{"id":53712,"href":"https:\/\/rioonwatch.org.br\/index.php?rest_route=\/wp\/v2\/posts\/51145\/revisions\/53712"}],"wp:featuredmedia":[{"embeddable":true,"href":"https:\/\/rioonwatch.org.br\/index.php?rest_route=\/wp\/v2\/media\/51204"}],"wp:attachment":[{"href":"https:\/\/rioonwatch.org.br\/index.php?rest_route=%2Fwp%2Fv2%2Fmedia&parent=51145"}],"wp:term":[{"taxonomy":"category","embeddable":true,"href":"https:\/\/rioonwatch.org.br\/index.php?rest_route=%2Fwp%2Fv2%2Fcategories&post=51145"},{"taxonomy":"post_tag","embeddable":true,"href":"https:\/\/rioonwatch.org.br\/index.php?rest_route=%2Fwp%2Fv2%2Ftags&post=51145"},{"taxonomy":"writer","embeddable":true,"href":"https:\/\/rioonwatch.org.br\/index.php?rest_route=%2Fwp%2Fv2%2Fwriter&post=51145"},{"taxonomy":"translator","embeddable":true,"href":"https:\/\/rioonwatch.org.br\/index.php?rest_route=%2Fwp%2Fv2%2Ftranslator&post=51145"},{"taxonomy":"source","embeddable":true,"href":"https:\/\/rioonwatch.org.br\/index.php?rest_route=%2Fwp%2Fv2%2Fsource&post=51145"},{"taxonomy":"ilustrador","embeddable":true,"href":"https:\/\/rioonwatch.org.br\/index.php?rest_route=%2Fwp%2Fv2%2Filustrador&post=51145"},{"taxonomy":"fotografo","embeddable":true,"href":"https:\/\/rioonwatch.org.br\/index.php?rest_route=%2Fwp%2Fv2%2Ffotografo&post=51145"}],"curies":[{"name":"wp","href":"https:\/\/api.w.org\/{rel}","templated":true}]}}