{"id":51155,"date":"2020-12-26T13:31:04","date_gmt":"2020-12-26T16:31:04","guid":{"rendered":"https:\/\/rioonwatch.org.br\/?p=51155"},"modified":"2023-05-09T09:55:17","modified_gmt":"2023-05-09T12:55:17","slug":"a-luta-da-ocupacao-vito-giannotti-para-garantir-habitacao-popular-em-imovel-abandonado-na-area-central-do-rio","status":"publish","type":"post","link":"https:\/\/rioonwatch.org.br\/?p=51155","title":{"rendered":"5 Anos! A Luta da Ocupa\u00e7\u00e3o Vito Giannotti para Garantir Habita\u00e7\u00e3o Popular em \u00c1rea Central do Rio"},"content":{"rendered":"<p style=\"text-align: right;\"><em><strong><a href=\"https:\/\/bit.ly\/3aHiTU2\" target=\"_blank\" rel=\"noopener noreferrer\">Click Here for English<\/a><a href=\"https:\/\/bit.ly\/3aHiTU2\" target=\"_blank\" rel=\"noopener noreferrer\"><img decoding=\"async\" class=\"alignright wp-image-15790\" src=\"http:\/\/rioonwatch.org.br\/wp-content\/uploads\/2012\/08\/EN-standard-e1439583104716.jpg\" alt=\"\" width=\"20\" height=\"20\" \/><\/a><\/strong><\/em><\/p>\n<p>Essa \u00e9 a segunda de duas mat\u00e9rias sobre a luta de projetos e ocupa\u00e7\u00f5es por moradia popular na <a href=\"https:\/\/bit.ly\/37DChjM\" target=\"_blank\" rel=\"noopener noreferrer\">\u00e1rea portu\u00e1ria<\/a>\u00a0do Rio, situada na\u00a0<a href=\"http:\/\/bit.ly\/2x1dXEP\" target=\"_blank\" rel=\"noopener noreferrer\">regi\u00e3o central<\/a>\u00a0da cidade. Apesar de ser um espa\u00e7o que por muitas d\u00e9cadas foi ocupado prioritariamente por pessoas de baixa renda, a \u00e1rea passou a ser alvo de especuladores a partir do projeto\u00a0<a href=\"https:\/\/bit.ly\/3oE4Ovo\" target=\"_blank\" rel=\"noopener noreferrer\">Porto Maravilha<\/a> e desde ent\u00e3o a perman\u00eancia da popula\u00e7\u00e3o de baixa renda na regi\u00e3o est\u00e1 crescentemente amea\u00e7ada. Nesta segunda mat\u00e9ria vamos abordar a experi\u00eancia da <a href=\"http:\/\/bit.ly\/37lwAGt\" target=\"_blank\" rel=\"noopener\">ocupa\u00e7\u00e3o Vito Giannotti,<\/a> no Santo Cristo, que h\u00e1 quase 5 anos luta para ver um pr\u00e9dio abandonado por 15 anos ser destinado definitivamente para a moradia das 28 fam\u00edlias que o ocupam.<a href=\"https:\/\/rioonwatch.org.br\/wp-content\/uploads\/2020\/10\/IMG_1823.heic\"><img decoding=\"async\" class=\"alignnone size-medium wp-image-51156\" src=\"https:\/\/rioonwatch.org.br\/wp-content\/uploads\/2020\/10\/IMG_1823.heic\" alt=\"\" width=\"1\" height=\"1\" \/><\/a>\u00a0<img decoding=\"async\" class=\"alignnone size-medium wp-image-51158\" src=\"https:\/\/rioonwatch.org.br\/wp-content\/uploads\/2020\/10\/IMG_1833.heic\" alt=\"\" width=\"1\" height=\"1\" \/>Para a primeira mat\u00e9ria clique <a href=\"http:\/\/bit.ly\/2JhyrCA\" target=\"_blank\" rel=\"noopener\">aqui<\/a>.<img loading=\"lazy\" decoding=\"async\" class=\"alignnone size-medium wp-image-51160\" src=\"https:\/\/rioonwatch.org.br\/wp-content\/uploads\/2020\/10\/IMG_1842.heic\" alt=\"\" width=\"1\" height=\"1\" \/> <img loading=\"lazy\" decoding=\"async\" class=\"alignnone size-medium wp-image-51161\" src=\"https:\/\/rioonwatch.org.br\/wp-content\/uploads\/2020\/10\/IMG_1843.heic\" alt=\"\" width=\"1\" height=\"1\" \/><\/p>\n<p>A ocupa\u00e7\u00e3o Vito Giannotti <a href=\"http:\/\/bit.ly\/34Ac6Iv\" target=\"_blank\" rel=\"noopener\">surge em janeiro de 2016<\/a>, com o objetivo de dar fun\u00e7\u00e3o social a um pr\u00e9dio de propriedade do Instituto Nacional de Seguro Social<i><em>\u2014<\/em><\/i>INSS, abandonado h\u00e1 mais de 15 anos. O pr\u00e9dio originalmente era um hotel, o que torna evidente sua voca\u00e7\u00e3o para a moradia.<\/p>\n<p>O nome da ocupa\u00e7\u00e3o homenageia o comunicador social <a href=\"http:\/\/bit.ly\/3gZLyFl\" target=\"_blank\" rel=\"noopener\">Vito Giannotti<\/a>, um dos \u00edcones da luta pela comunica\u00e7\u00e3o popular no Brasil, falecido em 2015. A curiosidade \u00e9 que, sem que tenha sido planejado, a ocupa\u00e7\u00e3o se deu no dia do anivers\u00e1rio do homenageado, 15 de janeiro de 2016, dando ainda mais for\u00e7a e \u00e2nimo ao grupo.<\/p>\n<p><a href=\"https:\/\/rioonwatch.org.br\/wp-content\/uploads\/2020\/12\/jpeg-Fachada-da-ocupacao-Vito-Giannotti.jpg\"><img loading=\"lazy\" decoding=\"async\" class=\"aligncenter wp-image-52506 size-content\" title=\"Fachada da ocupa\u00e7\u00e3o Vito Giannotti\" src=\"https:\/\/rioonwatch.org.br\/wp-content\/uploads\/2020\/12\/jpeg-Fachada-da-ocupacao-Vito-Giannotti-620x264.jpg\" alt=\"\" width=\"620\" height=\"264\" srcset=\"https:\/\/rioonwatch.org.br\/wp-content\/uploads\/2020\/12\/jpeg-Fachada-da-ocupacao-Vito-Giannotti-620x264.jpg 620w, https:\/\/rioonwatch.org.br\/wp-content\/uploads\/2020\/12\/jpeg-Fachada-da-ocupacao-Vito-Giannotti-940x400.jpg 940w\" sizes=\"(max-width: 620px) 100vw, 620px\" \/><\/a><\/p>\n<p>A organiza\u00e7\u00e3o da ocupa\u00e7\u00e3o \u00e9 feita pela <a href=\"http:\/\/bit.ly\/3kG46eP\" target=\"_blank\" rel=\"noopener\">Central de Movimentos Populares (CMP)<\/a>, <a href=\"http:\/\/bit.ly\/3r79cnS\" target=\"_blank\" rel=\"noopener\">Uni\u00e3o por Moradia Popular (UMP)<\/a> e pelo <a href=\"http:\/\/bit.ly\/3oZr3vq\" target=\"_blank\" rel=\"noopener\">Movimento de Luta nos Bairros, Vilas e Favelas (MLB)<\/a>. Os ocupantes s\u00e3o pessoas de baixa renda<i><em>\u2014<\/em><\/i>unidos pelo prop\u00f3sito de garantir uma moradia digna na \u00e1rea central da cidade<i><em>\u2014<\/em><\/i>que <a href=\"http:\/\/bit.ly\/34mj1Vw\" target=\"_blank\" rel=\"noopener\">trabalharam incansavelmente<\/a> na limpeza, organiza\u00e7\u00e3o e reforma do pr\u00e9dio que, abandonado h\u00e1 15 anos, estava em p\u00e9ssimas condi\u00e7\u00f5es de conserva\u00e7\u00e3o representando inclusive um risco para vizinhos.<\/p>\n<p>Ao contrario do ide\u00e1rio do senso comum, o processo de ocupa\u00e7\u00e3o passa por uma intensa organiza\u00e7\u00e3o interna, incentivando a responsabilidade dos moradores com o coletivo e a forma\u00e7\u00e3o de uma rede de solidariedade entre eles. Alguns moradores relatam se sentir pessoalmente fortalecidos pela ocupa\u00e7\u00e3o, enquanto que outros destacam a import\u00e2ncia da moradia para o desenvolvimento pessoal e familiar.<\/p>\n<p><a href=\"https:\/\/rioonwatch.org.br\/wp-content\/uploads\/2020\/12\/JPG-Area-comum-da-ocupacao-Vito-Giannotti-2.jpg\"><img loading=\"lazy\" decoding=\"async\" class=\"aligncenter wp-image-52504 size-content\" title=\"\u00c1rea comum da ocupa\u00e7\u00e3o Vito Giannotti\" src=\"https:\/\/rioonwatch.org.br\/wp-content\/uploads\/2020\/12\/JPG-Area-comum-da-ocupacao-Vito-Giannotti-2-620x264.jpg\" alt=\"\" width=\"620\" height=\"264\" srcset=\"https:\/\/rioonwatch.org.br\/wp-content\/uploads\/2020\/12\/JPG-Area-comum-da-ocupacao-Vito-Giannotti-2-620x264.jpg 620w, https:\/\/rioonwatch.org.br\/wp-content\/uploads\/2020\/12\/JPG-Area-comum-da-ocupacao-Vito-Giannotti-2-940x400.jpg 940w\" sizes=\"(max-width: 620px) 100vw, 620px\" \/><\/a><\/p>\n<p>A partir das redes de solidariedade e do fortalecimento propiciado pelo processo de ocupa\u00e7\u00e3o, diversas pessoas conseguiram vencer desafios pessoais e evoluir profissionalmente, com exemplos de verdadeiras transforma\u00e7\u00f5es de vida a partir da luta pela moradia.<\/p>\n<p>Atualmente a ocupa\u00e7\u00e3o conta com 28 fam\u00edlias e, apesar de algumas <a href=\"http:\/\/bit.ly\/37m7IhP\" target=\"_blank\" rel=\"noopener\">vit\u00f3rias provis\u00f3rias<\/a>, luta h\u00e1 v\u00e1rios anos no judici\u00e1rio pela preval\u00eancia da fun\u00e7\u00e3o social do im\u00f3vel, com o reconhecimento de sua destina\u00e7\u00e3o para habita\u00e7\u00e3o de interesse social. Assim como outros moradores de ocupa\u00e7\u00f5es na \u00e1rea central, os moradores da Vito Giannotti convivem diariamente com o medo de terem que sair dos espa\u00e7os que constitu\u00edram como lar. Sem ter uma alternativa de moradia que atenda suas necessidades, temem ter que escolher entre o alimento na mesa e o pagamento de um aluguel.<\/p>\n<p>Importante destacar que a Vito Giannotti foi vencedora de um edital de chamamento p\u00fablico da Caixa Econ\u00f4mica Federal para a aquisi\u00e7\u00e3o e reforma completa do pr\u00e9dio<i><em>\u2014<\/em><\/i>embora o processo esteja paralisado<i><em>\u2014<\/em><\/i>sendo que, recentemente, foi inclu\u00edda no Plano de Metas e Diretrizes do Minist\u00e9rio do Desenvolvimento Regional para a aplica\u00e7\u00e3o dos recursos alocados junto ao Fundo de Desenvolvimento Social, institu\u00eddo pela <a href=\"https:\/\/bit.ly\/3mp7M4S\" target=\"_blank\" rel=\"noopener\">resolu\u00e7\u00e3o n. 224\/2020<\/a>. Mas mesmo todo esse reconhecimento \u201coficial\u201d n\u00e3o tem sido capaz de convencer o judici\u00e1rio da import\u00e2ncia e legitimidade da ocupa\u00e7\u00e3o.<\/p>\n<p>No momento atual, em que moradia se confunde com o pr\u00f3prio direito \u00e0 vida, a Vito Giannotti tem papel fundamental na vida das 28 fam\u00edlias que l\u00e1 habitam, seja pela possibilidade de se protegerem em um contexto de pandemia que <a href=\"http:\/\/bit.ly\/2wXJV8G\" target=\"_blank\" rel=\"noopener\">exige o isolamento social<\/a>, seja pela organiza\u00e7\u00e3o solid\u00e1ria que cria uma rede de amparo para as necessidades dos pr\u00f3prios moradores, ou ainda pela possibilidade de morarem em uma \u00e1rea com infraestrutura de sa\u00fade e transporte.<\/p>\n<p><a href=\"https:\/\/rioonwatch.org.br\/wp-content\/uploads\/2020\/12\/jpeg-Espaco-cultural-Marielle-Franco-no-terraco-da-ocupacao-Vito-Giannotti.jpg\"><img loading=\"lazy\" decoding=\"async\" class=\"aligncenter wp-image-52505 size-content\" title=\"Espa\u00e7o cultural Marielle Franco no terra\u00e7o da ocupa\u00e7\u00e3o Vito Giannotti\" src=\"https:\/\/rioonwatch.org.br\/wp-content\/uploads\/2020\/12\/jpeg-Espaco-cultural-Marielle-Franco-no-terraco-da-ocupacao-Vito-Giannotti-620x264.jpg\" alt=\"\" width=\"620\" height=\"264\" srcset=\"https:\/\/rioonwatch.org.br\/wp-content\/uploads\/2020\/12\/jpeg-Espaco-cultural-Marielle-Franco-no-terraco-da-ocupacao-Vito-Giannotti-620x264.jpg 620w, https:\/\/rioonwatch.org.br\/wp-content\/uploads\/2020\/12\/jpeg-Espaco-cultural-Marielle-Franco-no-terraco-da-ocupacao-Vito-Giannotti-940x400.jpg 940w\" sizes=\"(max-width: 620px) 100vw, 620px\" \/><\/a><\/p>\n<p>Apesar de todos os desafios, o maior sonho dos moradores \u00e9 vencer a batalha judicial pelo reconhecimento da destina\u00e7\u00e3o do pr\u00e9dio para habita\u00e7\u00e3o de interesse social, com o fim da amea\u00e7a constante de reintegra\u00e7\u00e3o de posse e expuls\u00e3o. Alcan\u00e7ado esse sonho, desejam ainda obter os recursos para a reforma completa do pr\u00e9dio, de forma a melhorar as condi\u00e7\u00f5es de vida de todos.<\/p>\n<p><em>Essa \u00e9 a segunda de duas mat\u00e9rias sobre a luta de projetos e ocupa\u00e7\u00f5es por moradia popular na <a href=\"https:\/\/bit.ly\/37DChjM\" target=\"_blank\" rel=\"noopener noreferrer\">\u00e1rea portu\u00e1ria<\/a>\u00a0do Rio, situada na\u00a0<a href=\"http:\/\/bit.ly\/2x1dXEP\" target=\"_blank\" rel=\"noopener noreferrer\">regi\u00e3o central<\/a> da cidade. Para a primeira mat\u00e9ria clique <a href=\"http:\/\/bit.ly\/2JhyrCA\" target=\"_blank\" rel=\"noopener\">aqui<\/a>.<img loading=\"lazy\" decoding=\"async\" class=\"alignnone size-medium wp-image-51160\" src=\"https:\/\/rioonwatch.org.br\/wp-content\/uploads\/2020\/10\/IMG_1842.heic\" alt=\"\" width=\"1\" height=\"1\" \/> <img loading=\"lazy\" decoding=\"async\" class=\"alignnone size-medium wp-image-51161\" src=\"https:\/\/rioonwatch.org.br\/wp-content\/uploads\/2020\/10\/IMG_1843.heic\" alt=\"\" width=\"1\" height=\"1\" \/><\/em><\/p>\n<hr \/>\n<h4><strong>Apoie nossos esfor\u00e7os para fornecer assist\u00eancia estrat\u00e9gica \u00e0s favelas do Rio, incluindo o jornalismo hiperlocal, cr\u00edtico, inovador e incans\u00e1vel do\u00a0<em>RioOnWatch<\/em><\/strong>\u2014<a href=\"http:\/\/bit.ly\/CatalisandoComunidades\">doe aqui<\/a>.<\/h4>\n<!-- AddThis Advanced Settings generic via filter on the_content --><!-- AddThis Share Buttons generic via filter on the_content -->","protected":false},"excerpt":{"rendered":"<div class=\"mh-excerpt\"><p>Click Here for English Essa \u00e9 a segunda de duas mat\u00e9rias sobre a luta de projetos e ocupa\u00e7\u00f5es por moradia popular na \u00e1rea portu\u00e1ria\u00a0do Rio, situada na\u00a0regi\u00e3o central\u00a0da cidade. Apesar de ser um espa\u00e7o que <a class=\"mh-excerpt-more\" href=\"https:\/\/rioonwatch.org.br\/?p=51155\" title=\"5 Anos! A Luta da Ocupa\u00e7\u00e3o Vito Giannotti para Garantir Habita\u00e7\u00e3o Popular em \u00c1rea Central do Rio\">[&#8230;]<\/a><!-- AddThis Advanced Settings generic via filter on get_the_excerpt --><!-- AddThis Share Buttons generic via filter on get_the_excerpt --><\/p>\n<\/div>","protected":false},"author":170,"featured_media":52503,"comment_status":"closed","ping_status":"closed","sticky":false,"template":"","format":"standard","meta":{"_acf_changed":false,"_monsterinsights_skip_tracking":false,"_monsterinsights_sitenote_active":false,"_monsterinsights_sitenote_note":"","_monsterinsights_sitenote_category":0,"footnotes":""},"categories":[1617,2323,1621,344,342],"tags":[259,1769,2748,1220,424,1771,1151,1037,797,407,1774,433,494,2233],"writer":[2461],"translator":[],"source":[],"ilustrador":[],"fotografo":[],"class_list":{"0":"post-51155","1":"post","2":"type-post","3":"status-publish","4":"format-standard","5":"has-post-thumbnail","7":"category-olhonagentrificacao","8":"category-urbanismopopular","9":"category-destaque","10":"category-politicas","11":"category-solucoes","12":"tag-centro","13":"tag-cmp","14":"tag-coronavirus","15":"tag-deficit-habitacional","16":"tag-direito-a-moradia","17":"tag-mlb","18":"tag-organizacao","19":"tag-moradia","20":"tag-movimentos-sociais","21":"tag-ocupacao","22":"tag-ocupacao-vito-gianotti","23":"tag-porto-maravilha","24":"tag-regiao-do-porto","25":"tag-uniao-nacional-por-moradia-popular","26":"writer-tarcyla-fidalgo"},"acf":[],"yoast_head":"<!-- This site is optimized with the Yoast SEO plugin v25.6 - https:\/\/yoast.com\/wordpress\/plugins\/seo\/ -->\n<title>5 Anos! A Luta da Ocupa\u00e7\u00e3o Vito Giannotti para Garantir Habita\u00e7\u00e3o Popular em \u00c1rea Central do Rio - RioOnWatch<\/title>\n<meta name=\"robots\" content=\"index, follow, max-snippet:-1, max-image-preview:large, max-video-preview:-1\" \/>\n<link rel=\"canonical\" href=\"https:\/\/rioonwatch.org.br\/?p=51155\" \/>\n<meta property=\"og:locale\" content=\"pt_BR\" \/>\n<meta property=\"og:type\" content=\"article\" \/>\n<meta property=\"og:title\" content=\"5 Anos! A Luta da Ocupa\u00e7\u00e3o Vito Giannotti para Garantir Habita\u00e7\u00e3o Popular em \u00c1rea Central do Rio - RioOnWatch\" \/>\n<meta property=\"og:description\" content=\"Click Here for English Essa \u00e9 a segunda de duas mat\u00e9rias sobre a luta de projetos e ocupa\u00e7\u00f5es por moradia popular na \u00e1rea portu\u00e1ria\u00a0do Rio, situada na\u00a0regi\u00e3o central\u00a0da cidade. Apesar de ser um espa\u00e7o que [...]\" \/>\n<meta property=\"og:url\" content=\"https:\/\/rioonwatch.org.br\/?p=51155\" \/>\n<meta property=\"og:site_name\" content=\"RioOnWatch\" \/>\n<meta property=\"article:published_time\" content=\"2020-12-26T16:31:04+00:00\" \/>\n<meta property=\"article:modified_time\" content=\"2023-05-09T12:55:17+00:00\" \/>\n<meta property=\"og:image\" content=\"https:\/\/rioonwatch.org.br\/wp-content\/uploads\/2020\/12\/Jpeg-Portaria-da-ocupacao-Vito-Giannotti-com-os-simbolos-dos-movimentos-sociais-de-luta-pela-moradia-responsaveis-por-sua-organizacao..jpg\" \/>\n\t<meta property=\"og:image:width\" content=\"2000\" \/>\n\t<meta property=\"og:image:height\" content=\"1500\" \/>\n\t<meta property=\"og:image:type\" content=\"image\/jpeg\" \/>\n<meta name=\"author\" content=\"Tarcyla Fidalgo\" \/>\n<meta name=\"twitter:card\" content=\"summary_large_image\" \/>\n<meta name=\"twitter:label1\" content=\"Escrito por\" \/>\n\t<meta name=\"twitter:data1\" content=\"Tarcyla Fidalgo\" \/>\n\t<meta name=\"twitter:label2\" content=\"Est. tempo de leitura\" \/>\n\t<meta name=\"twitter:data2\" content=\"4 minutos\" \/>\n<script type=\"application\/ld+json\" class=\"yoast-schema-graph\">{\"@context\":\"https:\/\/schema.org\",\"@graph\":[{\"@type\":\"Article\",\"@id\":\"https:\/\/rioonwatch.org.br\/?p=51155#article\",\"isPartOf\":{\"@id\":\"https:\/\/rioonwatch.org.br\/?p=51155\"},\"author\":{\"name\":\"Tarcyla Fidalgo\",\"@id\":\"https:\/\/rioonwatch.org.br\/#\/schema\/person\/6b07a646857b6d9e619b31be34e869d2\"},\"headline\":\"5 Anos! A Luta da Ocupa\u00e7\u00e3o Vito Giannotti para Garantir Habita\u00e7\u00e3o Popular em \u00c1rea Central do Rio\",\"datePublished\":\"2020-12-26T16:31:04+00:00\",\"dateModified\":\"2023-05-09T12:55:17+00:00\",\"mainEntityOfPage\":{\"@id\":\"https:\/\/rioonwatch.org.br\/?p=51155\"},\"wordCount\":863,\"publisher\":{\"@id\":\"https:\/\/rioonwatch.org.br\/#organization\"},\"image\":{\"@id\":\"https:\/\/rioonwatch.org.br\/?p=51155#primaryimage\"},\"thumbnailUrl\":\"https:\/\/rioonwatch.org.br\/wp-content\/uploads\/2020\/12\/Jpeg-Portaria-da-ocupacao-Vito-Giannotti-com-os-simbolos-dos-movimentos-sociais-de-luta-pela-moradia-responsaveis-por-sua-organizacao..jpg\",\"keywords\":[\"Centro\",\"CMP\",\"coronav\u00edrus\",\"d\u00e9ficit habitacional\",\"Direito \u00e0 Moradia\",\"MLB\",\"mobiliza\u00e7\u00e3o\",\"moradia\",\"movimentos sociais\",\"Ocupa\u00e7\u00e3o\",\"Ocupa\u00e7\u00e3o Vito Giannotti\",\"Porto Maravilha\",\"Regi\u00e3o do Porto\",\"Uni\u00e3o Nacional por Moradia Popular\"],\"articleSection\":[\"#OlhoNaGentrifica\u00e7\u00e3o\",\"#UrbanismoPopular\",\"*Destaque\",\"Pol\u00edticas\",\"Solu\u00e7\u00f5es\"],\"inLanguage\":\"pt-BR\"},{\"@type\":\"WebPage\",\"@id\":\"https:\/\/rioonwatch.org.br\/?p=51155\",\"url\":\"https:\/\/rioonwatch.org.br\/?p=51155\",\"name\":\"5 Anos! A Luta da Ocupa\u00e7\u00e3o Vito Giannotti para Garantir Habita\u00e7\u00e3o Popular em \u00c1rea Central do Rio - RioOnWatch\",\"isPartOf\":{\"@id\":\"https:\/\/rioonwatch.org.br\/#website\"},\"primaryImageOfPage\":{\"@id\":\"https:\/\/rioonwatch.org.br\/?p=51155#primaryimage\"},\"image\":{\"@id\":\"https:\/\/rioonwatch.org.br\/?p=51155#primaryimage\"},\"thumbnailUrl\":\"https:\/\/rioonwatch.org.br\/wp-content\/uploads\/2020\/12\/Jpeg-Portaria-da-ocupacao-Vito-Giannotti-com-os-simbolos-dos-movimentos-sociais-de-luta-pela-moradia-responsaveis-por-sua-organizacao..jpg\",\"datePublished\":\"2020-12-26T16:31:04+00:00\",\"dateModified\":\"2023-05-09T12:55:17+00:00\",\"breadcrumb\":{\"@id\":\"https:\/\/rioonwatch.org.br\/?p=51155#breadcrumb\"},\"inLanguage\":\"pt-BR\",\"potentialAction\":[{\"@type\":\"ReadAction\",\"target\":[\"https:\/\/rioonwatch.org.br\/?p=51155\"]}]},{\"@type\":\"ImageObject\",\"inLanguage\":\"pt-BR\",\"@id\":\"https:\/\/rioonwatch.org.br\/?p=51155#primaryimage\",\"url\":\"https:\/\/rioonwatch.org.br\/wp-content\/uploads\/2020\/12\/Jpeg-Portaria-da-ocupacao-Vito-Giannotti-com-os-simbolos-dos-movimentos-sociais-de-luta-pela-moradia-responsaveis-por-sua-organizacao..jpg\",\"contentUrl\":\"https:\/\/rioonwatch.org.br\/wp-content\/uploads\/2020\/12\/Jpeg-Portaria-da-ocupacao-Vito-Giannotti-com-os-simbolos-dos-movimentos-sociais-de-luta-pela-moradia-responsaveis-por-sua-organizacao..jpg\",\"width\":2000,\"height\":1500},{\"@type\":\"BreadcrumbList\",\"@id\":\"https:\/\/rioonwatch.org.br\/?p=51155#breadcrumb\",\"itemListElement\":[{\"@type\":\"ListItem\",\"position\":1,\"name\":\"In\u00edcio\",\"item\":\"https:\/\/rioonwatch.org.br\/\"},{\"@type\":\"ListItem\",\"position\":2,\"name\":\"5 Anos! A Luta da Ocupa\u00e7\u00e3o Vito Giannotti para Garantir Habita\u00e7\u00e3o Popular em \u00c1rea Central do Rio\"}]},{\"@type\":\"WebSite\",\"@id\":\"https:\/\/rioonwatch.org.br\/#website\",\"url\":\"https:\/\/rioonwatch.org.br\/\",\"name\":\"RioOnWatch\",\"description\":\"relatos das favelas cariocas\",\"publisher\":{\"@id\":\"https:\/\/rioonwatch.org.br\/#organization\"},\"potentialAction\":[{\"@type\":\"SearchAction\",\"target\":{\"@type\":\"EntryPoint\",\"urlTemplate\":\"https:\/\/rioonwatch.org.br\/?s={search_term_string}\"},\"query-input\":{\"@type\":\"PropertyValueSpecification\",\"valueRequired\":true,\"valueName\":\"search_term_string\"}}],\"inLanguage\":\"pt-BR\"},{\"@type\":\"Organization\",\"@id\":\"https:\/\/rioonwatch.org.br\/#organization\",\"name\":\"RioOnWatch\",\"url\":\"https:\/\/rioonwatch.org.br\/\",\"logo\":{\"@type\":\"ImageObject\",\"inLanguage\":\"pt-BR\",\"@id\":\"https:\/\/rioonwatch.org.br\/#\/schema\/logo\/image\/\",\"url\":\"https:\/\/rioonwatch.org.br\/wp-content\/uploads\/2021\/06\/RioOnWatchcabecalhoPT11anos-2.png\",\"contentUrl\":\"https:\/\/rioonwatch.org.br\/wp-content\/uploads\/2021\/06\/RioOnWatchcabecalhoPT11anos-2.png\",\"width\":779,\"height\":277,\"caption\":\"RioOnWatch\"},\"image\":{\"@id\":\"https:\/\/rioonwatch.org.br\/#\/schema\/logo\/image\/\"}},{\"@type\":\"Person\",\"@id\":\"https:\/\/rioonwatch.org.br\/#\/schema\/person\/6b07a646857b6d9e619b31be34e869d2\",\"name\":\"Tarcyla Fidalgo\",\"image\":{\"@type\":\"ImageObject\",\"inLanguage\":\"pt-BR\",\"@id\":\"https:\/\/rioonwatch.org.br\/#\/schema\/person\/image\/\",\"url\":\"https:\/\/secure.gravatar.com\/avatar\/e76fc27c631a0eabb70f3203fd04e4ed?s=96&d=blank&r=g\",\"contentUrl\":\"https:\/\/secure.gravatar.com\/avatar\/e76fc27c631a0eabb70f3203fd04e4ed?s=96&d=blank&r=g\",\"caption\":\"Tarcyla Fidalgo\"},\"url\":\"https:\/\/rioonwatch.org.br\/?author=170\"}]}<\/script>\n<!-- \/ Yoast SEO plugin. -->","yoast_head_json":{"title":"5 Anos! A Luta da Ocupa\u00e7\u00e3o Vito Giannotti para Garantir Habita\u00e7\u00e3o Popular em \u00c1rea Central do Rio - RioOnWatch","robots":{"index":"index","follow":"follow","max-snippet":"max-snippet:-1","max-image-preview":"max-image-preview:large","max-video-preview":"max-video-preview:-1"},"canonical":"https:\/\/rioonwatch.org.br\/?p=51155","og_locale":"pt_BR","og_type":"article","og_title":"5 Anos! A Luta da Ocupa\u00e7\u00e3o Vito Giannotti para Garantir Habita\u00e7\u00e3o Popular em \u00c1rea Central do Rio - RioOnWatch","og_description":"Click Here for English Essa \u00e9 a segunda de duas mat\u00e9rias sobre a luta de projetos e ocupa\u00e7\u00f5es por moradia popular na \u00e1rea portu\u00e1ria\u00a0do Rio, situada na\u00a0regi\u00e3o central\u00a0da cidade. Apesar de ser um espa\u00e7o que [...]","og_url":"https:\/\/rioonwatch.org.br\/?p=51155","og_site_name":"RioOnWatch","article_published_time":"2020-12-26T16:31:04+00:00","article_modified_time":"2023-05-09T12:55:17+00:00","og_image":[{"width":2000,"height":1500,"url":"https:\/\/rioonwatch.org.br\/wp-content\/uploads\/2020\/12\/Jpeg-Portaria-da-ocupacao-Vito-Giannotti-com-os-simbolos-dos-movimentos-sociais-de-luta-pela-moradia-responsaveis-por-sua-organizacao..jpg","type":"image\/jpeg"}],"author":"Tarcyla Fidalgo","twitter_card":"summary_large_image","twitter_misc":{"Escrito por":"Tarcyla Fidalgo","Est. tempo de leitura":"4 minutos"},"schema":{"@context":"https:\/\/schema.org","@graph":[{"@type":"Article","@id":"https:\/\/rioonwatch.org.br\/?p=51155#article","isPartOf":{"@id":"https:\/\/rioonwatch.org.br\/?p=51155"},"author":{"name":"Tarcyla Fidalgo","@id":"https:\/\/rioonwatch.org.br\/#\/schema\/person\/6b07a646857b6d9e619b31be34e869d2"},"headline":"5 Anos! A Luta da Ocupa\u00e7\u00e3o Vito Giannotti para Garantir Habita\u00e7\u00e3o Popular em \u00c1rea Central do Rio","datePublished":"2020-12-26T16:31:04+00:00","dateModified":"2023-05-09T12:55:17+00:00","mainEntityOfPage":{"@id":"https:\/\/rioonwatch.org.br\/?p=51155"},"wordCount":863,"publisher":{"@id":"https:\/\/rioonwatch.org.br\/#organization"},"image":{"@id":"https:\/\/rioonwatch.org.br\/?p=51155#primaryimage"},"thumbnailUrl":"https:\/\/rioonwatch.org.br\/wp-content\/uploads\/2020\/12\/Jpeg-Portaria-da-ocupacao-Vito-Giannotti-com-os-simbolos-dos-movimentos-sociais-de-luta-pela-moradia-responsaveis-por-sua-organizacao..jpg","keywords":["Centro","CMP","coronav\u00edrus","d\u00e9ficit habitacional","Direito \u00e0 Moradia","MLB","mobiliza\u00e7\u00e3o","moradia","movimentos sociais","Ocupa\u00e7\u00e3o","Ocupa\u00e7\u00e3o Vito Giannotti","Porto Maravilha","Regi\u00e3o do Porto","Uni\u00e3o Nacional por Moradia Popular"],"articleSection":["#OlhoNaGentrifica\u00e7\u00e3o","#UrbanismoPopular","*Destaque","Pol\u00edticas","Solu\u00e7\u00f5es"],"inLanguage":"pt-BR"},{"@type":"WebPage","@id":"https:\/\/rioonwatch.org.br\/?p=51155","url":"https:\/\/rioonwatch.org.br\/?p=51155","name":"5 Anos! A Luta da Ocupa\u00e7\u00e3o Vito Giannotti para Garantir Habita\u00e7\u00e3o Popular em \u00c1rea Central do Rio - RioOnWatch","isPartOf":{"@id":"https:\/\/rioonwatch.org.br\/#website"},"primaryImageOfPage":{"@id":"https:\/\/rioonwatch.org.br\/?p=51155#primaryimage"},"image":{"@id":"https:\/\/rioonwatch.org.br\/?p=51155#primaryimage"},"thumbnailUrl":"https:\/\/rioonwatch.org.br\/wp-content\/uploads\/2020\/12\/Jpeg-Portaria-da-ocupacao-Vito-Giannotti-com-os-simbolos-dos-movimentos-sociais-de-luta-pela-moradia-responsaveis-por-sua-organizacao..jpg","datePublished":"2020-12-26T16:31:04+00:00","dateModified":"2023-05-09T12:55:17+00:00","breadcrumb":{"@id":"https:\/\/rioonwatch.org.br\/?p=51155#breadcrumb"},"inLanguage":"pt-BR","potentialAction":[{"@type":"ReadAction","target":["https:\/\/rioonwatch.org.br\/?p=51155"]}]},{"@type":"ImageObject","inLanguage":"pt-BR","@id":"https:\/\/rioonwatch.org.br\/?p=51155#primaryimage","url":"https:\/\/rioonwatch.org.br\/wp-content\/uploads\/2020\/12\/Jpeg-Portaria-da-ocupacao-Vito-Giannotti-com-os-simbolos-dos-movimentos-sociais-de-luta-pela-moradia-responsaveis-por-sua-organizacao..jpg","contentUrl":"https:\/\/rioonwatch.org.br\/wp-content\/uploads\/2020\/12\/Jpeg-Portaria-da-ocupacao-Vito-Giannotti-com-os-simbolos-dos-movimentos-sociais-de-luta-pela-moradia-responsaveis-por-sua-organizacao..jpg","width":2000,"height":1500},{"@type":"BreadcrumbList","@id":"https:\/\/rioonwatch.org.br\/?p=51155#breadcrumb","itemListElement":[{"@type":"ListItem","position":1,"name":"In\u00edcio","item":"https:\/\/rioonwatch.org.br\/"},{"@type":"ListItem","position":2,"name":"5 Anos! A Luta da Ocupa\u00e7\u00e3o Vito Giannotti para Garantir Habita\u00e7\u00e3o Popular em \u00c1rea Central do Rio"}]},{"@type":"WebSite","@id":"https:\/\/rioonwatch.org.br\/#website","url":"https:\/\/rioonwatch.org.br\/","name":"RioOnWatch","description":"relatos das favelas cariocas","publisher":{"@id":"https:\/\/rioonwatch.org.br\/#organization"},"potentialAction":[{"@type":"SearchAction","target":{"@type":"EntryPoint","urlTemplate":"https:\/\/rioonwatch.org.br\/?s={search_term_string}"},"query-input":{"@type":"PropertyValueSpecification","valueRequired":true,"valueName":"search_term_string"}}],"inLanguage":"pt-BR"},{"@type":"Organization","@id":"https:\/\/rioonwatch.org.br\/#organization","name":"RioOnWatch","url":"https:\/\/rioonwatch.org.br\/","logo":{"@type":"ImageObject","inLanguage":"pt-BR","@id":"https:\/\/rioonwatch.org.br\/#\/schema\/logo\/image\/","url":"https:\/\/rioonwatch.org.br\/wp-content\/uploads\/2021\/06\/RioOnWatchcabecalhoPT11anos-2.png","contentUrl":"https:\/\/rioonwatch.org.br\/wp-content\/uploads\/2021\/06\/RioOnWatchcabecalhoPT11anos-2.png","width":779,"height":277,"caption":"RioOnWatch"},"image":{"@id":"https:\/\/rioonwatch.org.br\/#\/schema\/logo\/image\/"}},{"@type":"Person","@id":"https:\/\/rioonwatch.org.br\/#\/schema\/person\/6b07a646857b6d9e619b31be34e869d2","name":"Tarcyla Fidalgo","image":{"@type":"ImageObject","inLanguage":"pt-BR","@id":"https:\/\/rioonwatch.org.br\/#\/schema\/person\/image\/","url":"https:\/\/secure.gravatar.com\/avatar\/e76fc27c631a0eabb70f3203fd04e4ed?s=96&d=blank&r=g","contentUrl":"https:\/\/secure.gravatar.com\/avatar\/e76fc27c631a0eabb70f3203fd04e4ed?s=96&d=blank&r=g","caption":"Tarcyla Fidalgo"},"url":"https:\/\/rioonwatch.org.br\/?author=170"}]}},"_links":{"self":[{"href":"https:\/\/rioonwatch.org.br\/index.php?rest_route=\/wp\/v2\/posts\/51155"}],"collection":[{"href":"https:\/\/rioonwatch.org.br\/index.php?rest_route=\/wp\/v2\/posts"}],"about":[{"href":"https:\/\/rioonwatch.org.br\/index.php?rest_route=\/wp\/v2\/types\/post"}],"author":[{"embeddable":true,"href":"https:\/\/rioonwatch.org.br\/index.php?rest_route=\/wp\/v2\/users\/170"}],"replies":[{"embeddable":true,"href":"https:\/\/rioonwatch.org.br\/index.php?rest_route=%2Fwp%2Fv2%2Fcomments&post=51155"}],"version-history":[{"count":24,"href":"https:\/\/rioonwatch.org.br\/index.php?rest_route=\/wp\/v2\/posts\/51155\/revisions"}],"predecessor-version":[{"id":53728,"href":"https:\/\/rioonwatch.org.br\/index.php?rest_route=\/wp\/v2\/posts\/51155\/revisions\/53728"}],"wp:featuredmedia":[{"embeddable":true,"href":"https:\/\/rioonwatch.org.br\/index.php?rest_route=\/wp\/v2\/media\/52503"}],"wp:attachment":[{"href":"https:\/\/rioonwatch.org.br\/index.php?rest_route=%2Fwp%2Fv2%2Fmedia&parent=51155"}],"wp:term":[{"taxonomy":"category","embeddable":true,"href":"https:\/\/rioonwatch.org.br\/index.php?rest_route=%2Fwp%2Fv2%2Fcategories&post=51155"},{"taxonomy":"post_tag","embeddable":true,"href":"https:\/\/rioonwatch.org.br\/index.php?rest_route=%2Fwp%2Fv2%2Ftags&post=51155"},{"taxonomy":"writer","embeddable":true,"href":"https:\/\/rioonwatch.org.br\/index.php?rest_route=%2Fwp%2Fv2%2Fwriter&post=51155"},{"taxonomy":"translator","embeddable":true,"href":"https:\/\/rioonwatch.org.br\/index.php?rest_route=%2Fwp%2Fv2%2Ftranslator&post=51155"},{"taxonomy":"source","embeddable":true,"href":"https:\/\/rioonwatch.org.br\/index.php?rest_route=%2Fwp%2Fv2%2Fsource&post=51155"},{"taxonomy":"ilustrador","embeddable":true,"href":"https:\/\/rioonwatch.org.br\/index.php?rest_route=%2Fwp%2Fv2%2Filustrador&post=51155"},{"taxonomy":"fotografo","embeddable":true,"href":"https:\/\/rioonwatch.org.br\/index.php?rest_route=%2Fwp%2Fv2%2Ffotografo&post=51155"}],"curies":[{"name":"wp","href":"https:\/\/api.w.org\/{rel}","templated":true}]}}