{"id":5120,"date":"2013-02-28T10:47:06","date_gmt":"2013-02-28T13:47:06","guid":{"rendered":"http:\/\/rioonwatch.org.br\/?p=5120"},"modified":"2024-06-20T16:31:11","modified_gmt":"2024-06-20T19:31:11","slug":"passando-dos-limites","status":"publish","type":"post","link":"https:\/\/rioonwatch.org.br\/?p=5120","title":{"rendered":"Passando dos Limites"},"content":{"rendered":"<p><em style=\"font-size: 13px;\">Veja a mat\u00e9ria original em ingl\u00eas no Geostadia\u00a0<a href=\"http:\/\/bit.ly\/YVxCwH\">aqui<\/a>.\u00a0<\/em><\/p>\n<p>O sal\u00e1rio mensal de um professor de escola p\u00fablica \u00e9 de cerca de R$1600. Eu n\u00e3o conhe\u00e7o pessoas que trabalhem mais com poucos recursos para fazerem o trabalho mais importante da sociedade e o menos valorizado. Eu s\u00f3 posso imaginar a indigna\u00e7\u00e3o e revolta completa dos profissionais de escolas p\u00fablicas, quando foi feito o an\u00fancio que a prefeitura gastou mais de um milh\u00e3o de reais para comprar 20 mil c\u00f3pias de um jogo de tabuleiro para serem distribu\u00eddos nas escolas da Rede Municipal. O jogo, provavelmente, ir\u00e1 se tornar um elemento obrigat\u00f3rio do curr\u00edculo. O jogo \u00e9 chamado\u00a0<a style=\"line-height: 19px; font-size: 13px;\" href=\"http:\/\/bit.ly\/YAXiwt\">Banco Imobili\u00e1rio &#8211; Cidade Ol\u00edmpica<\/a><span style=\"line-height: 19px; font-size: 13px;\">.<\/span><\/p>\n<p><a href=\"http:\/\/rioonwatch.org.br\/?attachment_id=5156\" rel=\"attachment wp-att-5156\"><img fetchpriority=\"high\" decoding=\"async\" class=\"alignright\" title=\"Banco-Imobilirio-Cidade-Olmpica_thumb\" src=\"http:\/\/rioonwatch.org.br\/wp-content\/uploads\/2013\/02\/Banco-Imobilirio-Cidade-Olmpica_thumb.jpg\" alt=\"\" width=\"310\" height=\"305\" \/><\/a>Quando eu j\u00e1 estava come\u00e7ando a perder as arestas pontudas de pessimismo permanente, a pedagogia perversa e de mau gosto do Prefeito tomou forma f\u00edsica no espa\u00e7o p\u00fablico do Forte de Copacabana. No forte, que \u00e9 uma propriedade federal, <a href=\"http:\/\/bit.ly\/YwvJXk\">um clube privado foi inaugurado para atender as \u201cpessoas bonitas\u201d [sic] da Zona Sul<\/a>\u00a0do Rio que n\u00e3o podem mais tolerar a plebe e massa tur\u00edstica indiferenciada de Ipanema, estabelecendo um clube fechado, apartado do mundo, dentro do forte. A cobertura da Veja foi nauseantemente apolog\u00e9tica:&#8221;Clube montado na orla da Zona Sul atrai frequentadores de alto poder aquisitivo que buscam tratamento vip e a experi\u00eancia de compartilhar a areia com gente do mesmo perfil&#8221;. Por apenas R$250 voc\u00ea entra no clube que tem uma piscina, gar\u00e7ons discretos, tocando m\u00fasica eletr\u00f4nica, banheira de hidromassagem, garrafas de champanhe a R$5000, toalhas de rosto a R$80 e seguran\u00e7as que ignoram as nuvens de fuma\u00e7a de maconha vindas da pista de dan\u00e7a. Se voc\u00ea est\u00e1 surpreso que os brasileiros ricos e brancos est\u00e3o aptos a fumar maconha comprada em favelas dentro de um forte militar, enquanto as pr\u00f3prias favelas s\u00e3o ocupadas pelos militares, ent\u00e3o voc\u00ea claramente n\u00e3o passou bastante tempo jogando Banco Imobili\u00e1rio &#8211; Cidade Ol\u00edmpica.<\/p>\n<p>\u00c9 dif\u00edcil saber por onde come\u00e7ar a criticar a ideia de que os alunos do ensino fundamental ser\u00e3o doutrinados com a ideologia de que os lugares e espa\u00e7os p\u00fablicos da cidade sejam tratados como simples mercadorias utilizadas para acumular riqueza pessoal e poder. Poder\u00edamos come\u00e7ar com o fato de que apenas os atuais projetos da administra\u00e7\u00e3o s\u00e3o destaque no jogo, dando a impress\u00e3o de que o Prefeito, o Governador e seus comparsas produziram a paisagem urbana desde que tomaram posse. Poder\u00edamos tamb\u00e9m destacar o fato de que os valores monet\u00e1rios arbitr\u00e1rios s\u00e3o atribu\u00eddos a locais p\u00fablicos, eliminando toda e qualquer concep\u00e7\u00e3o de valor de uso para aqueles que pagaram por essas coisas (o p\u00fablico) e transforma cada elemento urbano em algo que pode ser negociado no mercado aberto, desregulamentado. Como nos cart\u00f5es de &#8220;sorte&#8221; que diz: &#8220;Seu im\u00f3vel foi valorizado ap\u00f3s a pacifica\u00e7\u00e3o da comunidade vizinha, receba $75.000&#8221;. <a href=\"http:\/\/bit.ly\/ZKmg3b\">Paulo Freire<\/a> est\u00e1 girando como um frango assado no seu t\u00famulo.<\/p>\n<p><img decoding=\"async\" class=\"alignright\" title=\"Banco-Imobiliario-Cidade-Ol\u00edmpica_reves\" src=\"http:\/\/rioonwatch.org.br\/wp-content\/uploads\/2013\/02\/Banco-Imobiliario-Cidade-Ol\u00edmpica_reves-300x225.jpg\" alt=\"\" width=\"300\" height=\"225\" \/>Algumas\u00a0<span style=\"font-size: 13px;\">semanas atr\u00e1s eu relatei a vit\u00f3ria judicial da Aldeia Maracan\u00e3. Durante as negocia\u00e7\u00f5es, o governo se prontificou a trabalhar com a Aldeia com algumas considera\u00e7\u00f5es, a fim de manter o local como uma parte da heran\u00e7a ind\u00edgena do Brasil. Incrivelmente, mas sem surpresa (outra das caracter\u00edsticas do Rio \u00e9 que voc\u00ea n\u00e3o fica surpreso por entrar em choque),<\/span><span style=\"color: #333333;\">\u00a0os c\u00e9rebros de confian\u00e7a da Rio 2016\u00a0<\/span><span style=\"font-size: 13px;\">e do Governo do Estado anunciaram que os ind\u00edgenas ser\u00e3o expulsos e <\/span><a style=\"font-size: 13px;\" href=\"http:\/\/glo.bo\/YAYUq5\">o local transformado em um museu ol\u00edmpico com todos os lucros resultantes destinados para o COI<\/a><span style=\"font-size: 13px;\">! Hein? Este \u00e9 o mesmo grupo de her\u00f3is intelectuais que programaram a destrui\u00e7\u00e3o de uma piscina ol\u00edmpica e um centro de treinamento ol\u00edmpico, a fim de preparar a cidade para os Jogos Ol\u00edmpicos. Infelizmente, isto \u00e9 claramente uma tentativa para transformar uma derrota em uma vit\u00f3ria judicial.<\/span><\/p>\n<p>Esses paradigmas de compet\u00eancia em planejamento p\u00fablico tamb\u00e9m determinaram que as instala\u00e7\u00f5es constru\u00eddas para os Jogos Panamericanos de 2007 s\u00e3o quase completamente inadequadas. Voc\u00ea sabe que a situa\u00e7\u00e3o \u00e9 terr\u00edvel quando <a href=\"http:\/\/glo.bo\/ZCojCE\">O Globo come\u00e7a a criticar o R$1,6 bilh\u00f5es<\/a>, que ter\u00e3o de ser gasto em instala\u00e7\u00f5es de 2007 para torn\u00e1-los vi\u00e1veis para 2016. A saber: o <a href=\"http:\/\/glo.bo\/15k5irL\">vel\u00f3dromo<\/a>\u00a0est\u00e1 sendo destru\u00eddo, o centro aqu\u00e1tico s\u00f3 vai sediar o p\u00f3lo aqu\u00e1tico, enquanto um centro tempor\u00e1rio de mergulho ser\u00e1 constru\u00eddo no Forte de Copacabana (em primeiro lugar e melhor algu\u00e9m se livrar dos maconheiros ricos), a arena de basquete ser\u00e1 usada apenas para a gin\u00e1stica e todas as outras instala\u00e7\u00f5es ter\u00e3o que passar por massivas moderniza\u00e7\u00f5es. Claro, ainda n\u00e3o h\u00e1 um or\u00e7amento para os Jogos de 2016, e mesmo se houvesse, por que o p\u00fablico prestaria mais aten\u00e7\u00e3o nisto do que os pr\u00f3prios organizadores dos Jogos?<\/p>\n<p>Uma s\u00e9rie de inc\u00eandios ocorreram no Aut\u00f3dromo de Jacarepagu\u00e1, local do futuro Parque Ol\u00edmpico. Mas enorme conflagra\u00e7\u00f5es de pneus descartados n\u00e3o s\u00e3o comuns. A fuma\u00e7a t\u00f3xica se infiltrou na Vila Aut\u00f3dromo nas \u00faltimas semanas, criando risco para a sa\u00fade das pessoas e para o meio ambiente. Esta poderia ser mais uma manifesta\u00e7\u00e3o das t\u00e1ticas de press\u00e3o utilizadas pelo governo para incentivar as pessoas a deixarem suas casas, ou pelo menos a reconsiderar a sua posi\u00e7\u00e3o negocial. Quando n\u00e3o h\u00e1 incompet\u00eancia grave na administra\u00e7\u00e3o p\u00fablica h\u00e1 uma prov\u00e1vel mal\u00edcia e vice-versa. \u00c0s vezes ambos.<\/p>\n<p>Evid\u00eancia para apoiar esta \u00faltima afirma\u00e7\u00e3o veio do <a href=\"http:\/\/bit.ly\/WkN1dX\">Largo do Tanque<\/a>, onde esta semana uma <a href=\"http:\/\/bit.ly\/W78YwT\">s\u00e9rie de remo\u00e7\u00f5es for\u00e7adas<\/a>\u00a0ocorreram com a corrida da prefeitura para completar o BRT Transcarioca antes da Copa do Mundo. Os relat\u00f3rios do Tanque s\u00e3o t\u00e3o perturbadores quanto s\u00e3o tr\u00e1gicos. H\u00e1 evid\u00eancias de que agentes da prefeitura est\u00e3o negociando o pre\u00e7o das casas com os moradores com tratores ao redor das casas. Isto n\u00e3o \u00e9 &#8220;chave a chave&#8221; a pol\u00edtica ditada pela legisla\u00e7\u00e3o brasileira e estatutos internacionais, mas sim uma abordagem dissimulada e divisionista para eliminar a resist\u00eancia social \u00e0s necessidades inventados para estas grandes interven\u00e7\u00f5es urbanas. Alguns anos atr\u00e1s, havia uma s\u00e9rie de placas ao longo da Praia do Flamengo que enunciavam a Declara\u00e7\u00e3o Universal dos Direitos Humanos. Essas placas, junto com os direitos, desapareceram na Maravilhosamente Especulativa Cidade.<\/p>\n<p>A interna\u00e7\u00e3o involunt\u00e1ria de viciados em crack e moradores de rua continuam de leste a sul do Rio de Janeiro. O programano Rio de interna\u00e7\u00e3o for\u00e7ada \u00e9 amplamente criticada por profissionais de sa\u00fade, sendo um programa que n\u00e3o faz nada para resolver os problemas de sa\u00fade mental, depend\u00eancia f\u00edsica ou as condi\u00e7\u00f5es sociais que produzem um n\u00famero t\u00e3o grande de desabrigados no Rio de Janeiro. H\u00e1 poucas investiga\u00e7\u00f5es sobre as condi\u00e7\u00f5es dos centros de interna\u00e7\u00e3o, n\u00e3o h\u00e1 dados relatados de como as pessoas est\u00e3o sendo mantidas, o que acontece com elas ap\u00f3s a libera\u00e7\u00e3o ou sobre a efic\u00e1cia do programa para diminuir o uso de crack. Embora possa ser uma expans\u00e3o, as BRTs n\u00e3o s\u00e3o uma solu\u00e7\u00e3o para os problemas de mobilidade no Rio assim como o programa de interna\u00e7\u00e3o involunt\u00e1ria n\u00e3o \u00e9 uma solu\u00e7\u00e3o para o v\u00edcio de drogas e para os sem-teto. Em ambos os casos, os direitos humanos s\u00e3o violados, enquanto est\u00e3o sendo vendidos como necess\u00e1rios para a melhoria da cidade.<\/p>\n<p>A esta\u00e7\u00e3o de metr\u00f4 General Os\u00f3rio inaugurada em 2010, trouxe o Metr\u00f4 at\u00e9 Ipanema 35 anos ap\u00f3s a sua inaugura\u00e7\u00e3o. Na semana passada, a esta\u00e7\u00e3o General Os\u00f3rio fechou suas portas por 10 meses para que a extens\u00e3o da \u00fanica linha de metr\u00f4 no Estado possa come\u00e7ar. S\u00f3 para ficar claro, h\u00e1 dois anos, <em>a<\/em> linha foi estendida at\u00e9 Ipanema com o pleno conhecimento de que ela teria que ser ampliada para o projeto de transporte Ol\u00edmpico. Em vez de haver um planejamento da extens\u00e3o sem a necessidade de fechar a esta\u00e7\u00e3o os intelectos de primeira linha do Metr\u00f4 Rio fecharam o sistema de t\u00faneis e, portanto, temos que pegar o trem onde a obra parou em 2010. Al\u00e9m da inconveni\u00eancia do fechamento, as somas astron\u00f4micas de dinheiro e as pertuba\u00e7\u00f5es urbanas da Linha 4 [sic] est\u00e3o causando protestos e revolta mesmo entre os indigesto\u00a0amantes do status quo no Leblon.<\/p>\n<p>E, finalmente, o edital de propostas para a privatiza\u00e7\u00e3o do Maracan\u00e3 foi lan\u00e7ado na segunda-feira. As empresas que est\u00e3o em licita\u00e7\u00e3o para 35 anos de &#8220;concess\u00e3o&#8221;, IMX e Lusoarenas, ter\u00e3o um m\u00eas para apresentar suas propostas e, em seguida, uma comiss\u00e3o composta de uma pessoa vai decidir em favor de uma ou da outra. Como a IMX foi o consultora externa que desenvolveu o estudo de viabilidade econ\u00f4mica, parece que Eike Batista ser\u00e1 capaz de adicionar outro espa\u00e7o emblem\u00e1tico do Rio de Janeiro no seu Banco Imobili\u00e1rio. O bilion\u00e1rio, com a peruca de 10 d\u00f3lares, ultimamente n\u00e3o tem tido muita sorte financeiramente, mas recentemente\u00a0lhe foi concedido seu desejo de longo tempo de construir um centro de conven\u00e7\u00f5es de nove andares na Marina da Gl\u00f3ria. A ag\u00eancia respons\u00e1vel pela prote\u00e7\u00e3o do patrim\u00f4nio arquitet\u00f4nico e cultural do Rio de Janeiro, IPHAN, mais uma vez surfou na onda de privatiza\u00e7\u00e3o. N\u00e3o h\u00e1 provavelmente nenhum cart\u00e3o no jogo Banco Imobili\u00e1rio que represente o IPHAN ou IBAMA ou INEA (ag\u00eancias reguladoras ambientais), muito menos algo que poderia fazer um pagamento para um estudo de impacto ou ter que gastar dinheiro e tempo de consulta p\u00fablica sobre o uso futuro do espa\u00e7o p\u00fablico.<\/p>\n<p>Nesta quinta-feira, 28\/02\/13, o Comit\u00ea Popular da Copa e das Olimp\u00edadas estar\u00e1 organizando um semin\u00e1rio que ir\u00e1 tratar do Maracan\u00e3 em toda a sua complexidade simb\u00f3lica, hist\u00f3rica, pol\u00edtica e cultural. O semin\u00e1rio ter\u00e1 in\u00edcio \u00e0s 14:00h, no audit\u00f3rio da <a href=\"http:\/\/bit.ly\/YHeRir\">Associa\u00e7\u00e3o Brasileira de Imprensa<\/a>, na Rua Ara\u00fajo Porto Alegre, 71. Mais detalhes podem ser encontrados no site do Comite:\u00a0<a href=\"http:\/\/bit.ly\/hCLCGs\">www.comitepopularrio.wordpress.com<\/a><\/p>\n<!-- AddThis Advanced Settings generic via filter on the_content --><!-- AddThis Share Buttons generic via filter on the_content -->","protected":false},"excerpt":{"rendered":"<div class=\"mh-excerpt\"><p>Veja a mat\u00e9ria original em ingl\u00eas no Geostadia\u00a0aqui.\u00a0 O sal\u00e1rio mensal de um professor de escola p\u00fablica \u00e9 de cerca de R$1600. Eu n\u00e3o conhe\u00e7o pessoas que trabalhem mais com poucos recursos para fazerem o <a class=\"mh-excerpt-more\" href=\"https:\/\/rioonwatch.org.br\/?p=5120\" title=\"Passando dos Limites\">[&#8230;]<\/a><!-- AddThis Advanced Settings generic via filter on get_the_excerpt --><!-- AddThis Share Buttons generic via filter on get_the_excerpt --><\/p>\n<\/div>","protected":false},"author":129,"featured_media":5157,"comment_status":"closed","ping_status":"closed","sticky":false,"template":"","format":"standard","meta":{"_acf_changed":false,"_monsterinsights_skip_tracking":false,"_monsterinsights_sitenote_active":false,"_monsterinsights_sitenote_note":"","_monsterinsights_sitenote_category":0,"footnotes":""},"categories":[1614,1635,346,1630,344],"tags":[614,389,611,466,1240,616,78,307,14,122,55],"writer":[613],"translator":[273],"source":[],"ilustrador":[],"fotografo":[],"class_list":{"0":"post-5120","1":"post","2":"type-post","3":"status-publish","4":"format-standard","5":"has-post-thumbnail","7":"category-olhonasremocoes","8":"category-1635","9":"category-denuncias","10":"category-opiniao","11":"category-politicas","12":"tag-aldeia-maracana","13":"tag-copa-do-mundo","14":"tag-largo-do-tanque","15":"tag-maracana","16":"tag-megaeventos","17":"tag-metro","18":"tag-olimpiadas","19":"tag-opiniao","20":"tag-remocao","21":"tag-transcarioca","22":"tag-vila-autodromo","23":"writer-christopher-gaffney","24":"translator-roseli-franco"},"acf":[],"yoast_head":"<!-- This site is optimized with the Yoast SEO plugin v25.6 - https:\/\/yoast.com\/wordpress\/plugins\/seo\/ -->\n<title>Passando dos Limites - RioOnWatch<\/title>\n<meta name=\"robots\" content=\"index, follow, max-snippet:-1, max-image-preview:large, max-video-preview:-1\" \/>\n<link rel=\"canonical\" href=\"https:\/\/rioonwatch.org.br\/?p=5120\" \/>\n<meta property=\"og:locale\" content=\"pt_BR\" \/>\n<meta property=\"og:type\" content=\"article\" \/>\n<meta property=\"og:title\" content=\"Passando dos Limites - RioOnWatch\" \/>\n<meta property=\"og:description\" content=\"Veja a mat\u00e9ria original em ingl\u00eas no Geostadia\u00a0aqui.\u00a0 O sal\u00e1rio mensal de um professor de escola p\u00fablica \u00e9 de cerca de R$1600. Eu n\u00e3o conhe\u00e7o pessoas que trabalhem mais com poucos recursos para fazerem o [...]\" \/>\n<meta property=\"og:url\" content=\"https:\/\/rioonwatch.org.br\/?p=5120\" \/>\n<meta property=\"og:site_name\" content=\"RioOnWatch\" \/>\n<meta property=\"article:published_time\" content=\"2013-02-28T13:47:06+00:00\" \/>\n<meta property=\"article:modified_time\" content=\"2024-06-20T19:31:11+00:00\" \/>\n<meta property=\"og:image\" content=\"https:\/\/rioonwatch.org.br\/wp-content\/uploads\/2013\/02\/sortecapa.jpg\" \/>\n\t<meta property=\"og:image:width\" content=\"300\" \/>\n\t<meta property=\"og:image:height\" content=\"211\" \/>\n\t<meta property=\"og:image:type\" content=\"image\/jpeg\" \/>\n<meta name=\"author\" content=\"Admin\" \/>\n<meta name=\"twitter:card\" content=\"summary_large_image\" \/>\n<meta name=\"twitter:label1\" content=\"Escrito por\" \/>\n\t<meta name=\"twitter:data1\" content=\"Admin\" \/>\n\t<meta name=\"twitter:label2\" content=\"Est. tempo de leitura\" \/>\n\t<meta name=\"twitter:data2\" content=\"9 minutos\" \/>\n<script type=\"application\/ld+json\" class=\"yoast-schema-graph\">{\"@context\":\"https:\/\/schema.org\",\"@graph\":[{\"@type\":\"Article\",\"@id\":\"https:\/\/rioonwatch.org.br\/?p=5120#article\",\"isPartOf\":{\"@id\":\"https:\/\/rioonwatch.org.br\/?p=5120\"},\"author\":{\"name\":\"Admin\",\"@id\":\"https:\/\/rioonwatch.org.br\/#\/schema\/person\/11d64c290506f9df50c71b850c473f68\"},\"headline\":\"Passando dos Limites\",\"datePublished\":\"2013-02-28T13:47:06+00:00\",\"dateModified\":\"2024-06-20T19:31:11+00:00\",\"mainEntityOfPage\":{\"@id\":\"https:\/\/rioonwatch.org.br\/?p=5120\"},\"wordCount\":1777,\"publisher\":{\"@id\":\"https:\/\/rioonwatch.org.br\/#organization\"},\"image\":{\"@id\":\"https:\/\/rioonwatch.org.br\/?p=5120#primaryimage\"},\"thumbnailUrl\":\"https:\/\/rioonwatch.org.br\/wp-content\/uploads\/2013\/02\/sortecapa.jpg\",\"keywords\":[\"Aldeia Maracan\u00e3\",\"Copa do Mundo\",\"Largo do Tanque\",\"Maracan\u00e3\",\"Megaeventos\",\"metr\u00f4\",\"Olimp\u00edadas\",\"opini\u00e3o\",\"Remo\u00e7\u00e3o\",\"TransCarioca\",\"Vila Aut\u00f3dromo\"],\"articleSection\":[\"#OlhoNasRemo\u00e7\u00f5es\",\"#Rio2016\",\"Den\u00fancias\",\"Opini\u00e3o\",\"Pol\u00edticas\"],\"inLanguage\":\"pt-BR\"},{\"@type\":\"WebPage\",\"@id\":\"https:\/\/rioonwatch.org.br\/?p=5120\",\"url\":\"https:\/\/rioonwatch.org.br\/?p=5120\",\"name\":\"Passando dos Limites - RioOnWatch\",\"isPartOf\":{\"@id\":\"https:\/\/rioonwatch.org.br\/#website\"},\"primaryImageOfPage\":{\"@id\":\"https:\/\/rioonwatch.org.br\/?p=5120#primaryimage\"},\"image\":{\"@id\":\"https:\/\/rioonwatch.org.br\/?p=5120#primaryimage\"},\"thumbnailUrl\":\"https:\/\/rioonwatch.org.br\/wp-content\/uploads\/2013\/02\/sortecapa.jpg\",\"datePublished\":\"2013-02-28T13:47:06+00:00\",\"dateModified\":\"2024-06-20T19:31:11+00:00\",\"breadcrumb\":{\"@id\":\"https:\/\/rioonwatch.org.br\/?p=5120#breadcrumb\"},\"inLanguage\":\"pt-BR\",\"potentialAction\":[{\"@type\":\"ReadAction\",\"target\":[\"https:\/\/rioonwatch.org.br\/?p=5120\"]}]},{\"@type\":\"ImageObject\",\"inLanguage\":\"pt-BR\",\"@id\":\"https:\/\/rioonwatch.org.br\/?p=5120#primaryimage\",\"url\":\"https:\/\/rioonwatch.org.br\/wp-content\/uploads\/2013\/02\/sortecapa.jpg\",\"contentUrl\":\"https:\/\/rioonwatch.org.br\/wp-content\/uploads\/2013\/02\/sortecapa.jpg\",\"width\":300,\"height\":211},{\"@type\":\"BreadcrumbList\",\"@id\":\"https:\/\/rioonwatch.org.br\/?p=5120#breadcrumb\",\"itemListElement\":[{\"@type\":\"ListItem\",\"position\":1,\"name\":\"In\u00edcio\",\"item\":\"https:\/\/rioonwatch.org.br\/\"},{\"@type\":\"ListItem\",\"position\":2,\"name\":\"Passando dos Limites\"}]},{\"@type\":\"WebSite\",\"@id\":\"https:\/\/rioonwatch.org.br\/#website\",\"url\":\"https:\/\/rioonwatch.org.br\/\",\"name\":\"RioOnWatch\",\"description\":\"relatos das favelas cariocas\",\"publisher\":{\"@id\":\"https:\/\/rioonwatch.org.br\/#organization\"},\"potentialAction\":[{\"@type\":\"SearchAction\",\"target\":{\"@type\":\"EntryPoint\",\"urlTemplate\":\"https:\/\/rioonwatch.org.br\/?s={search_term_string}\"},\"query-input\":{\"@type\":\"PropertyValueSpecification\",\"valueRequired\":true,\"valueName\":\"search_term_string\"}}],\"inLanguage\":\"pt-BR\"},{\"@type\":\"Organization\",\"@id\":\"https:\/\/rioonwatch.org.br\/#organization\",\"name\":\"RioOnWatch\",\"url\":\"https:\/\/rioonwatch.org.br\/\",\"logo\":{\"@type\":\"ImageObject\",\"inLanguage\":\"pt-BR\",\"@id\":\"https:\/\/rioonwatch.org.br\/#\/schema\/logo\/image\/\",\"url\":\"https:\/\/rioonwatch.org.br\/wp-content\/uploads\/2021\/06\/RioOnWatchcabecalhoPT11anos-2.png\",\"contentUrl\":\"https:\/\/rioonwatch.org.br\/wp-content\/uploads\/2021\/06\/RioOnWatchcabecalhoPT11anos-2.png\",\"width\":779,\"height\":277,\"caption\":\"RioOnWatch\"},\"image\":{\"@id\":\"https:\/\/rioonwatch.org.br\/#\/schema\/logo\/image\/\"}},{\"@type\":\"Person\",\"@id\":\"https:\/\/rioonwatch.org.br\/#\/schema\/person\/11d64c290506f9df50c71b850c473f68\",\"name\":\"Admin\",\"image\":{\"@type\":\"ImageObject\",\"inLanguage\":\"pt-BR\",\"@id\":\"https:\/\/rioonwatch.org.br\/#\/schema\/person\/image\/\",\"url\":\"https:\/\/secure.gravatar.com\/avatar\/56211ac74568383903349a1485e3c325?s=96&d=blank&r=g\",\"contentUrl\":\"https:\/\/secure.gravatar.com\/avatar\/56211ac74568383903349a1485e3c325?s=96&d=blank&r=g\",\"caption\":\"Admin\"},\"url\":\"https:\/\/rioonwatch.org.br\/?author=129\"}]}<\/script>\n<!-- \/ Yoast SEO plugin. -->","yoast_head_json":{"title":"Passando dos Limites - RioOnWatch","robots":{"index":"index","follow":"follow","max-snippet":"max-snippet:-1","max-image-preview":"max-image-preview:large","max-video-preview":"max-video-preview:-1"},"canonical":"https:\/\/rioonwatch.org.br\/?p=5120","og_locale":"pt_BR","og_type":"article","og_title":"Passando dos Limites - RioOnWatch","og_description":"Veja a mat\u00e9ria original em ingl\u00eas no Geostadia\u00a0aqui.\u00a0 O sal\u00e1rio mensal de um professor de escola p\u00fablica \u00e9 de cerca de R$1600. Eu n\u00e3o conhe\u00e7o pessoas que trabalhem mais com poucos recursos para fazerem o [...]","og_url":"https:\/\/rioonwatch.org.br\/?p=5120","og_site_name":"RioOnWatch","article_published_time":"2013-02-28T13:47:06+00:00","article_modified_time":"2024-06-20T19:31:11+00:00","og_image":[{"width":300,"height":211,"url":"https:\/\/rioonwatch.org.br\/wp-content\/uploads\/2013\/02\/sortecapa.jpg","type":"image\/jpeg"}],"author":"Admin","twitter_card":"summary_large_image","twitter_misc":{"Escrito por":"Admin","Est. tempo de leitura":"9 minutos"},"schema":{"@context":"https:\/\/schema.org","@graph":[{"@type":"Article","@id":"https:\/\/rioonwatch.org.br\/?p=5120#article","isPartOf":{"@id":"https:\/\/rioonwatch.org.br\/?p=5120"},"author":{"name":"Admin","@id":"https:\/\/rioonwatch.org.br\/#\/schema\/person\/11d64c290506f9df50c71b850c473f68"},"headline":"Passando dos Limites","datePublished":"2013-02-28T13:47:06+00:00","dateModified":"2024-06-20T19:31:11+00:00","mainEntityOfPage":{"@id":"https:\/\/rioonwatch.org.br\/?p=5120"},"wordCount":1777,"publisher":{"@id":"https:\/\/rioonwatch.org.br\/#organization"},"image":{"@id":"https:\/\/rioonwatch.org.br\/?p=5120#primaryimage"},"thumbnailUrl":"https:\/\/rioonwatch.org.br\/wp-content\/uploads\/2013\/02\/sortecapa.jpg","keywords":["Aldeia Maracan\u00e3","Copa do Mundo","Largo do Tanque","Maracan\u00e3","Megaeventos","metr\u00f4","Olimp\u00edadas","opini\u00e3o","Remo\u00e7\u00e3o","TransCarioca","Vila Aut\u00f3dromo"],"articleSection":["#OlhoNasRemo\u00e7\u00f5es","#Rio2016","Den\u00fancias","Opini\u00e3o","Pol\u00edticas"],"inLanguage":"pt-BR"},{"@type":"WebPage","@id":"https:\/\/rioonwatch.org.br\/?p=5120","url":"https:\/\/rioonwatch.org.br\/?p=5120","name":"Passando dos Limites - RioOnWatch","isPartOf":{"@id":"https:\/\/rioonwatch.org.br\/#website"},"primaryImageOfPage":{"@id":"https:\/\/rioonwatch.org.br\/?p=5120#primaryimage"},"image":{"@id":"https:\/\/rioonwatch.org.br\/?p=5120#primaryimage"},"thumbnailUrl":"https:\/\/rioonwatch.org.br\/wp-content\/uploads\/2013\/02\/sortecapa.jpg","datePublished":"2013-02-28T13:47:06+00:00","dateModified":"2024-06-20T19:31:11+00:00","breadcrumb":{"@id":"https:\/\/rioonwatch.org.br\/?p=5120#breadcrumb"},"inLanguage":"pt-BR","potentialAction":[{"@type":"ReadAction","target":["https:\/\/rioonwatch.org.br\/?p=5120"]}]},{"@type":"ImageObject","inLanguage":"pt-BR","@id":"https:\/\/rioonwatch.org.br\/?p=5120#primaryimage","url":"https:\/\/rioonwatch.org.br\/wp-content\/uploads\/2013\/02\/sortecapa.jpg","contentUrl":"https:\/\/rioonwatch.org.br\/wp-content\/uploads\/2013\/02\/sortecapa.jpg","width":300,"height":211},{"@type":"BreadcrumbList","@id":"https:\/\/rioonwatch.org.br\/?p=5120#breadcrumb","itemListElement":[{"@type":"ListItem","position":1,"name":"In\u00edcio","item":"https:\/\/rioonwatch.org.br\/"},{"@type":"ListItem","position":2,"name":"Passando dos Limites"}]},{"@type":"WebSite","@id":"https:\/\/rioonwatch.org.br\/#website","url":"https:\/\/rioonwatch.org.br\/","name":"RioOnWatch","description":"relatos das favelas cariocas","publisher":{"@id":"https:\/\/rioonwatch.org.br\/#organization"},"potentialAction":[{"@type":"SearchAction","target":{"@type":"EntryPoint","urlTemplate":"https:\/\/rioonwatch.org.br\/?s={search_term_string}"},"query-input":{"@type":"PropertyValueSpecification","valueRequired":true,"valueName":"search_term_string"}}],"inLanguage":"pt-BR"},{"@type":"Organization","@id":"https:\/\/rioonwatch.org.br\/#organization","name":"RioOnWatch","url":"https:\/\/rioonwatch.org.br\/","logo":{"@type":"ImageObject","inLanguage":"pt-BR","@id":"https:\/\/rioonwatch.org.br\/#\/schema\/logo\/image\/","url":"https:\/\/rioonwatch.org.br\/wp-content\/uploads\/2021\/06\/RioOnWatchcabecalhoPT11anos-2.png","contentUrl":"https:\/\/rioonwatch.org.br\/wp-content\/uploads\/2021\/06\/RioOnWatchcabecalhoPT11anos-2.png","width":779,"height":277,"caption":"RioOnWatch"},"image":{"@id":"https:\/\/rioonwatch.org.br\/#\/schema\/logo\/image\/"}},{"@type":"Person","@id":"https:\/\/rioonwatch.org.br\/#\/schema\/person\/11d64c290506f9df50c71b850c473f68","name":"Admin","image":{"@type":"ImageObject","inLanguage":"pt-BR","@id":"https:\/\/rioonwatch.org.br\/#\/schema\/person\/image\/","url":"https:\/\/secure.gravatar.com\/avatar\/56211ac74568383903349a1485e3c325?s=96&d=blank&r=g","contentUrl":"https:\/\/secure.gravatar.com\/avatar\/56211ac74568383903349a1485e3c325?s=96&d=blank&r=g","caption":"Admin"},"url":"https:\/\/rioonwatch.org.br\/?author=129"}]}},"_links":{"self":[{"href":"https:\/\/rioonwatch.org.br\/index.php?rest_route=\/wp\/v2\/posts\/5120"}],"collection":[{"href":"https:\/\/rioonwatch.org.br\/index.php?rest_route=\/wp\/v2\/posts"}],"about":[{"href":"https:\/\/rioonwatch.org.br\/index.php?rest_route=\/wp\/v2\/types\/post"}],"author":[{"embeddable":true,"href":"https:\/\/rioonwatch.org.br\/index.php?rest_route=\/wp\/v2\/users\/129"}],"replies":[{"embeddable":true,"href":"https:\/\/rioonwatch.org.br\/index.php?rest_route=%2Fwp%2Fv2%2Fcomments&post=5120"}],"version-history":[{"count":41,"href":"https:\/\/rioonwatch.org.br\/index.php?rest_route=\/wp\/v2\/posts\/5120\/revisions"}],"predecessor-version":[{"id":5164,"href":"https:\/\/rioonwatch.org.br\/index.php?rest_route=\/wp\/v2\/posts\/5120\/revisions\/5164"}],"wp:featuredmedia":[{"embeddable":true,"href":"https:\/\/rioonwatch.org.br\/index.php?rest_route=\/wp\/v2\/media\/5157"}],"wp:attachment":[{"href":"https:\/\/rioonwatch.org.br\/index.php?rest_route=%2Fwp%2Fv2%2Fmedia&parent=5120"}],"wp:term":[{"taxonomy":"category","embeddable":true,"href":"https:\/\/rioonwatch.org.br\/index.php?rest_route=%2Fwp%2Fv2%2Fcategories&post=5120"},{"taxonomy":"post_tag","embeddable":true,"href":"https:\/\/rioonwatch.org.br\/index.php?rest_route=%2Fwp%2Fv2%2Ftags&post=5120"},{"taxonomy":"writer","embeddable":true,"href":"https:\/\/rioonwatch.org.br\/index.php?rest_route=%2Fwp%2Fv2%2Fwriter&post=5120"},{"taxonomy":"translator","embeddable":true,"href":"https:\/\/rioonwatch.org.br\/index.php?rest_route=%2Fwp%2Fv2%2Ftranslator&post=5120"},{"taxonomy":"source","embeddable":true,"href":"https:\/\/rioonwatch.org.br\/index.php?rest_route=%2Fwp%2Fv2%2Fsource&post=5120"},{"taxonomy":"ilustrador","embeddable":true,"href":"https:\/\/rioonwatch.org.br\/index.php?rest_route=%2Fwp%2Fv2%2Filustrador&post=5120"},{"taxonomy":"fotografo","embeddable":true,"href":"https:\/\/rioonwatch.org.br\/index.php?rest_route=%2Fwp%2Fv2%2Ffotografo&post=5120"}],"curies":[{"name":"wp","href":"https:\/\/api.w.org\/{rel}","templated":true}]}}