{"id":51206,"date":"2021-02-25T18:53:54","date_gmt":"2021-02-25T21:53:54","guid":{"rendered":"https:\/\/rioonwatch.org.br\/?p=51206"},"modified":"2021-03-02T10:32:08","modified_gmt":"2021-03-02T13:32:08","slug":"e-se-local-e-diversificado-for-melhor-do-que-conectado-e-global","status":"publish","type":"post","link":"https:\/\/rioonwatch.org.br\/?p=51206","title":{"rendered":"E Se Local e Diversificado For Melhor do Que Conectado e Global?"},"content":{"rendered":"<p style=\"text-align: right;\"><em><strong><a href=\"http:\/\/nyti.ms\/3p9wrLU\" target=\"_blank\" rel=\"noopener noreferrer\">Click Here for English<\/a><a href=\"http:\/\/nyti.ms\/3p9wrLU\" target=\"_blank\" rel=\"noopener noreferrer\"><img decoding=\"async\" class=\"alignright wp-image-15790\" src=\"http:\/\/rioonwatch.org.br\/wp-content\/uploads\/2012\/08\/EN-standard-e1439583104716.jpg\" alt=\"\" width=\"20\" height=\"20\" \/><\/a><\/strong>\u00a0<\/em><\/p>\n<p><i><em>Leia a mat\u00e9ria original por <span style=\"font-weight: 400;\">Damien Cave<\/span>, em ingl\u00eas, no <em class=\"css-2fg4z9 e1gzwzxm0\">The New York Times<\/em>\u00a0<a href=\"http:\/\/nyti.ms\/3p9wrLU\" target=\"_blank\" rel=\"noopener noreferrer\">aqui<\/a><\/em><em>.\u00a0<\/em><\/i><i><em>O RioOnWatch traduz mat\u00e9rias do ingl\u00eas para que brasileiros possam ter acesso e acompanhar temas ou an\u00e1lises cobertos fora do pa\u00eds que nem sempre s\u00e3o cobertos no Brasil.\u00a0<\/em><\/i><\/p>\n<h4>Helena Norberg-Hodge vem defendendo o localismo desde os anos 1970, mas a pandemia tem tornado as ideias da ativista e acad\u00eamica australiana mais relevantes do que nunca.<\/h4>\n<p><span style=\"font-weight: 400;\">MULLUMBIMBY, Austr\u00e1lia\u2014Helena Norberg-Hodge passeou na feira org\u00e2nica que ela ajudou a come\u00e7ar muito antes de estar na moda. Ela veio para fazer compras, mas tamb\u00e9m para visitar amigos\u2014especialmente os produtores agr\u00edcolas que vivem suas ideias sobre o localismo e que rejeitam a globaliza\u00e7\u00e3o, a fim de ajudar na sa\u00fade do meio ambiente e na felicidade da humanidade.<\/span><\/p>\n<p><span style=\"font-weight: 400;\">Logo ao entrar na feira, que fica pr\u00f3xima \u00e0 costa na <\/span><span style=\"font-weight: 400;\">Nova Gales do Sul<\/span><span style=\"font-weight: 400;\">, ela encontrou Andrew Cameron, 38, um criador de gado com a barba grossa e uma caixa t\u00e9rmica gelada cheia de carne bovina alimentada com capim. Ele disse que a <a href=\"http:\/\/bit.ly\/2xOpNGB\" target=\"_blank\" rel=\"noopener\">Covid-19<\/a> tornou a mensagem de Helena ainda mais vital.<\/span><\/p>\n<p><span style=\"font-weight: 400;\">&#8220;Acabamos de ver como tudo isso \u00e9 fr\u00e1gil e nada resiliente&#8221;, disse Andrew, referindo-se \u00e0s cadeias de suprimentos globais que disseminaram o coronav\u00edrus em todo o mundo, e em seguida, lutaram para entregar suprimentos m\u00e9dicos. \u201cNossa resili\u00eancia hoje\u201d, respondeu Helena, \u201cvem dos produtores locais\u201d.<\/span><\/p>\n<p><span style=\"font-weight: 400;\">\u201cHouve uma mudan\u00e7a t\u00e3o grande de conscientiza\u00e7\u00e3o\u201d, ela disse, com seus olhos azuis cheios de energia.<\/span><\/p>\n<p><span style=\"font-weight: 400;\">\u201cTem sido bom\u201d, ele disse.<\/span><\/p>\n<p><span style=\"font-weight: 400;\">As idas e vindas capturaram perfeitamente como Helena\u2014uma ativista-acad\u00eamica que come\u00e7ou a promover o localismo d\u00e9cadas atr\u00e1s\u2014se tornou uma refer\u00eancia, agora mais do que nunca, para pessoas em todo o mundo que est\u00e3o exigindo uma alternativa para o sistema global de com\u00e9rcio.<\/span><\/p>\n<p><span style=\"font-weight: 400;\">Aos 74 anos, ela ainda interrompe com a urg\u00eancia de uma estudante ansiosa, determinada a conquistar cada c\u00e9tico ou amplificar sua mensagem ao lado do convertido. E ela reuniu uma multid\u00e3o e tanto. Seus grandes apoiadores incluem o Dalai Lama; o comediante brit\u00e2nico Russell Brand; a chef, de S\u00e3o Francisco, Alice Waters e Iain McGilchrist, um estudioso liter\u00e1rio e psiquiatra de Oxford.<\/span><\/p>\n<p><span style=\"font-weight: 400;\">&#8220;Quer nossa civiliza\u00e7\u00e3o sobreviva ou n\u00e3o, o trabalho de Helena \u00e9 de suma import\u00e2ncia\u201d, disse Dr. McGilchrist, cujo livro inovador de 2009, <\/span><span style=\"font-weight: 400;\"><a href=\"https:\/\/amzn.to\/3q5kl7S\" target=\"_blank\" rel=\"noopener\"><em>The Master and His Emissary<\/em><\/a><\/span><span style=\"font-weight: 400;\">, defendia que cada metade do c\u00e9rebro gera uma maneira fundamentalmente diferente de experimentar o mundo. \u201cEncorajar as comunidades locais \u00e9 um ant\u00eddoto vital para o globalismo universal&#8221;.<\/span><\/p>\n<p><span style=\"font-weight: 400;\">&#8220;E caso a civiliza\u00e7\u00e3o se desfizer&#8221;, acrescentou ele, &#8220;ser\u00e1 nossa \u00fanica esperan\u00e7a de sobreviv\u00eancia. Temos que agir agora com base em suas ideias&#8221;.<\/span><\/p>\n<p><span style=\"font-weight: 400;\">Essas ideias podem ser encontradas em <a href=\"https:\/\/bit.ly\/2HLTmxb\" target=\"_blank\" rel=\"noopener noreferrer\">livros<\/a> e em document\u00e1rios, assim como em <a href=\"https:\/\/bit.ly\/37WEzKG\" target=\"_blank\" rel=\"noopener noreferrer\">confer\u00eancias<\/a> e palestras regulares ligadas a sua organiza\u00e7\u00e3o sem fins lucrativos, <a href=\"http:\/\/bit.ly\/3kDmhlq\" target=\"_blank\" rel=\"noopener\">Futuros Locais<\/a>, que tem escrit\u00f3rios na <a href=\"http:\/\/bit.ly\/3jCiPrv\" target=\"_blank\" rel=\"noopener\">Austr\u00e1lia,<\/a> Gr\u00e3-Bretanha e <a href=\"http:\/\/bit.ly\/2y11XaE\" target=\"_blank\" rel=\"noopener\">Estados Unidos<\/a>. Tudo se resume a dois conceitos que parecem simples, mas que t\u00eam profundas implica\u00e7\u00f5es: primeiro, dist\u00e2ncias mais curtas s\u00e3o mais saud\u00e1veis do que dist\u00e2ncias maiores para o com\u00e9rcio e para a intera\u00e7\u00e3o humana; segundo, a diversifica\u00e7\u00e3o\u2014um agricultor cultivando uma d\u00fazia de culturas, por exemplo\u2014\u00e9 mais saud\u00e1vel do que a monocultura, que \u00e9 o que a globaliza\u00e7\u00e3o tende a criar, sejam elas bananas ou telefones celulares.<\/span><\/p>\n<p><span style=\"font-weight: 400;\">&#8220;Meu grande objetivo \u00e9 ajudar a fazer isto crescer em todo o mundo&#8221;, disse ela, apontando para compradores e agricultores que conversam ao redor dos produtos. \u201cSimplesmente faz sentido.&#8221;<\/span><\/p>\n<p><span style=\"font-weight: 400;\">Mas o status quo \u00e9 teimoso. Ela disse ter ficado arrasada com a not\u00edcia de que o Programa Mundial de Alimentos <a href=\"http:\/\/glo.bo\/3aQ7QqA\" target=\"_blank\" rel=\"noopener noreferrer\">ganhou o Pr\u00eamio Nobel da Paz<\/a>. Como muitos cr\u00edticos, ela acredita que a organiza\u00e7\u00e3o mina as economias locais ao favorecer as grandes empresas e as destrutivas cadeias de abastecimento.<\/span><\/p>\n<p><span style=\"font-weight: 400;\">&#8220;\u00c9 t\u00e3o triste&#8221;, disse ela. &#8220;Apesar da melhor das inten\u00e7\u00f5es, o PMA ainda est\u00e1 promovendo uma forma ultrapassada de agricultura que se baseia em monoculturas para exporta\u00e7\u00e3o, em vez de diversifica\u00e7\u00e3o para consumo local e nacional. O resultado final \u00e9 na verdade uma perda de meios de subsist\u00eancia e um aumento da divis\u00e3o&#8221;.<\/span><\/p>\n<p><span style=\"font-weight: 400;\">***<\/span><\/p>\n<p><b>Linguista de forma\u00e7\u00e3o <\/b><span style=\"font-weight: 400;\">que estudou com <a href=\"http:\/\/bit.ly\/3qclLgV\" target=\"_blank\" rel=\"noopener\">Noam Chomsky<\/a> nos anos 1970, Helena diz que desembarcou em Byron Bay (Austr\u00e1lia) h\u00e1 20 anos, ao menos em per\u00edodo parcial, porque seu marido, John Page, um advogado ingl\u00eas, parecia beneficiar-se do clima favor\u00e1vel.<\/span><\/p>\n<p><span style=\"font-weight: 400;\">A casa que eles dividem \u00e9 modesta, cercada por \u00e1rvores, repleta de tapetes asi\u00e1ticos e lotada de livros com t\u00edtulos como \u201c<\/span><span style=\"font-weight: 400;\"><em><a href=\"http:\/\/bit.ly\/3rGVZBL\" target=\"_blank\" rel=\"noopener\">Silencing Dissent<\/a><\/em><\/span><span style=\"font-weight: 400;\">\u201d e \u201c<\/span><em><span style=\"font-weight: 400;\"><a href=\"https:\/\/amzn.to\/3a6CSuW\" target=\"_blank\" rel=\"noopener\">The Capitalism Papers<\/a><\/span><\/em><span style=\"font-weight: 400;\">\u201d.<\/span><\/p>\n<p><span style=\"font-weight: 400;\">Em muitos aspectos, ela se encaixa bem nos arredores de Byron Bay, onde ela ajudou a iniciar as quatro feiras org\u00e2nicas de produtores da regi\u00e3o. Embora agora conhecido como um local de encontro de celebridades, a cidade costeira tem sido um ref\u00fagio para os surfistas, <\/span><span style=\"font-weight: 400;\">para pessoas que querem voltar para \u00e1reas rurais<\/span><span style=\"font-weight: 400;\"> e mochileiros desde os anos 1960. N\u00e3o que Helena, apesar dos cabelos grisalhos selvagens, se veja como uma hippie.<\/span><\/p>\n<figure id=\"attachment_51210\" aria-describedby=\"caption-attachment-51210\" style=\"width: 620px\" class=\"wp-caption aligncenter\"><a href=\"https:\/\/rioonwatch.org.br\/wp-content\/uploads\/2020\/10\/Lauryn-Ishak-para-o-New-York-Times.jpg\"><img fetchpriority=\"high\" decoding=\"async\" class=\"wp-image-51210 size-medium\" src=\"https:\/\/rioonwatch.org.br\/wp-content\/uploads\/2020\/10\/Lauryn-Ishak-para-o-New-York-Times-620x413.jpg\" alt=\"\" width=\"620\" height=\"413\" srcset=\"https:\/\/rioonwatch.org.br\/wp-content\/uploads\/2020\/10\/Lauryn-Ishak-para-o-New-York-Times-620x413.jpg 620w, https:\/\/rioonwatch.org.br\/wp-content\/uploads\/2020\/10\/Lauryn-Ishak-para-o-New-York-Times-1024x683.jpg 1024w, https:\/\/rioonwatch.org.br\/wp-content\/uploads\/2020\/10\/Lauryn-Ishak-para-o-New-York-Times-396x264.jpg 396w, https:\/\/rioonwatch.org.br\/wp-content\/uploads\/2020\/10\/Lauryn-Ishak-para-o-New-York-Times-768x512.jpg 768w, https:\/\/rioonwatch.org.br\/wp-content\/uploads\/2020\/10\/Lauryn-Ishak-para-o-New-York-Times-1536x1024.jpg 1536w, https:\/\/rioonwatch.org.br\/wp-content\/uploads\/2020\/10\/Lauryn-Ishak-para-o-New-York-Times.jpg 2048w\" sizes=\"(max-width: 620px) 100vw, 620px\" \/><\/a><figcaption id=\"caption-attachment-51210\" class=\"wp-caption-text\">Surfistas na praia de Little Wategos em Byron Bay. Foto por Lauryn Ishak para o <em>The New York Times<\/em>.<\/figcaption><\/figure>\n<p><span style=\"font-weight: 400;\">No mercado, ela encolheu-se ao encontrar uma americana, <em>baby boomer<\/em> (pessoa nascida entre 1946 e 1964), com um longo e esvoa\u00e7ante vestido que come\u00e7ou a falar sobre como ela deveria apresentar seu \u00faltimo document\u00e1rio a um festival de cinema muito interessante chamado Sundance.<\/span><\/p>\n<p><span style=\"font-weight: 400;\">Ela estava muito mais confort\u00e1vel conversando com Lance Powell, 67, um agricultor org\u00e2nico que relatou que depois que ele parou de vender para supermercados e come\u00e7ou a vender produtos org\u00e2nicos locais, seu neg\u00f3cio disparou e seu n\u00edvel de estresse desabou.<\/span><\/p>\n<p><span style=\"font-weight: 400;\">\u201cO que isso \u00e9\u201d, ela disse, \u201c\u00e9 reconstruir a interdepend\u00eancia humana\u201d.<\/span><\/p>\n<p><span style=\"font-weight: 400;\">Essa \u00e9 uma cr\u00edtica interessante vinda de tal cidad\u00e3 peripat\u00e9tica do mundo.<\/span><\/p>\n<p><span style=\"font-weight: 400;\">Helena nasceu em <a href=\"http:\/\/bit.ly\/2NdjZ0s\" target=\"_blank\" rel=\"noopener\">Nova Iorque<\/a>, mas seus pais eram suecos. Depois de crescer em Estocolmo, ela estudou e viajou pelo mundo, e assim aprendeu seis idiomas antes de completar 30 anos.\u00a0<\/span><\/p>\n<p><span style=\"font-weight: 400;\">Em 1975, com a for\u00e7a dessas habilidades, seus planos de vida mudaram completamente quando uma equipe de filmagem alem\u00e3 a convidou para ir a Ladakh, um enclave montanhoso no noroeste da \u00cdndia, que estava apenas come\u00e7ando a se abrir ao turismo e \u00e0 economia internacional.<\/span><\/p>\n<p><span style=\"font-weight: 400;\">Ela se tornou uma das primeiras visitantes a aprender Ladakhi, o que a ajudou a ver como a busca inquestion\u00e1vel do crescimento econ\u00f4mico corroeu a compet\u00eancia e a coes\u00e3o locais.<\/span><\/p>\n<p><span style=\"font-weight: 400;\">O caminho do &#8220;desenvolvimento&#8221; para os Ladakhis significou o fim de s\u00e9culos de autosufici\u00eancia, onde eles encontravam tudo o que precisavam ao seu redor, exceto sal, pelo qual negociavam. Tamb\u00e9m significava aceitar pol\u00edticas que favorecessem escolhas que eles n\u00e3o fariam por conta pr\u00f3pria.<\/span><\/p>\n<p><span style=\"font-weight: 400;\">A \u00cdndia subsidiava os combust\u00edveis f\u00f3sseis, por exemplo. Mas Ladakh ostentava um sol implac\u00e1vel.<\/span><\/p>\n<p><span style=\"font-weight: 400;\">Helena tentou reagir\u2014logo no in\u00edcio, ela iniciou um programa piloto de energia solar. Ela tamb\u00e9m tentou manter a autoestima dos jovens locais, ajudando-os a ver que as imagens de Hollywood que eles idealizavam n\u00e3o captavam a imagem completa da realidade consumista. Al\u00e9m de produtos brilhantes, ela enfatizou que a vida no Ocidente tamb\u00e9m inclu\u00eda depress\u00e3o, div\u00f3rcio e conflitos sociais.<\/span><\/p>\n<p><span style=\"font-weight: 400;\">Seu primeiro livro, \u201c<em><a href=\"https:\/\/amzn.to\/3a663hR\" target=\"_blank\" rel=\"noopener\"><span id=\"productTitle\" class=\"a-size-extra-large\">Ancient Futures<\/span><\/a><\/em><\/span><span style=\"font-weight: 400;\">\u201d foi traduzido para 40 idiomas.<\/span> <span style=\"font-weight: 400;\">Junto com <a href=\"https:\/\/bit.ly\/3rKMGka\" target=\"_blank\" rel=\"noopener\">o filme<\/a> com o mesmo t\u00edtulo, ele representa um apelo apaixonado por Ladakh, alertando o mundo para parar de presumir que o progresso \u00e9 \u00fanico.<\/span><\/p>\n<figure id=\"attachment_51212\" aria-describedby=\"caption-attachment-51212\" style=\"width: 620px\" class=\"wp-caption aligncenter\"><a href=\"https:\/\/rioonwatch.org.br\/wp-content\/uploads\/2020\/10\/Natalie-Grono-para-o-The-New-York-Times-2.jpg\"><img decoding=\"async\" class=\"size-medium wp-image-51212\" src=\"https:\/\/rioonwatch.org.br\/wp-content\/uploads\/2020\/10\/Natalie-Grono-para-o-The-New-York-Times-2-620x413.jpg\" alt=\"\" width=\"620\" height=\"413\" srcset=\"https:\/\/rioonwatch.org.br\/wp-content\/uploads\/2020\/10\/Natalie-Grono-para-o-The-New-York-Times-2-620x413.jpg 620w, https:\/\/rioonwatch.org.br\/wp-content\/uploads\/2020\/10\/Natalie-Grono-para-o-The-New-York-Times-2-1024x683.jpg 1024w, https:\/\/rioonwatch.org.br\/wp-content\/uploads\/2020\/10\/Natalie-Grono-para-o-The-New-York-Times-2-396x264.jpg 396w, https:\/\/rioonwatch.org.br\/wp-content\/uploads\/2020\/10\/Natalie-Grono-para-o-The-New-York-Times-2-768x512.jpg 768w, https:\/\/rioonwatch.org.br\/wp-content\/uploads\/2020\/10\/Natalie-Grono-para-o-The-New-York-Times-2-1536x1024.jpg 1536w, https:\/\/rioonwatch.org.br\/wp-content\/uploads\/2020\/10\/Natalie-Grono-para-o-The-New-York-Times-2.jpg 2048w\" sizes=\"(max-width: 620px) 100vw, 620px\" \/><\/a><figcaption id=\"caption-attachment-51212\" class=\"wp-caption-text\">Helena Norberg-Hodge \u00e9 a fundadora e diretora do Futuros Locais, uma organiza\u00e7\u00e3o sem fins lucrativos dedicada \u00e0 revitaliza\u00e7\u00e3o da diversidade cultural e biol\u00f3gica e ao fortalecimento de comunidades em todo o mundo. Foto por Natalie Grono para o <em>The New York Times<\/em>.<\/figcaption><\/figure>\n<p><span style=\"font-weight: 400;\">&#8220;Ela teve a oportunidade de ver um mundo diferente, e foi int<\/span><span style=\"font-weight: 400;\">eligente o suficiente para entender que n\u00e3o estava olhando para uma rel\u00edquia, estava olhando para uma vis\u00e3o de um futuro que funciona&#8221;, disse Bill McKibben, autor e fundador do grupo de ativismo ambiental <a href=\"http:\/\/bit.ly\/371WDBQ\" target=\"_blank\" rel=\"noopener\">350.org<\/a>. &#8220;E ela manteve essa vis\u00e3o por perto durante muitas d\u00e9cadas, ajudando a todos n\u00f3s a ver que as m\u00e9tricas a que estamos acostumados\u2014o PIB, por exemplo\u2014n\u00e3o s\u00e3o as \u00fanicas possibilidades\u201d.<\/span><\/p>\n<p><span style=\"font-weight: 400;\">Durante uma tarde de ch\u00e1, Helena argumentou que o PIB, ou produto interno bruto, a refer\u00eancia aceita para medir a produ\u00e7\u00e3o econ\u00f4mica nacional, deveria ser redefinida.\u00a0<\/span><\/p>\n<p><span style=\"font-weight: 400;\">&#8220;Voc\u00ea deve saber disso, mas o PIB \u00e9 uma medida da ruptura da sociedade e dos ecossistemas&#8221;, disse ela. &#8220;Se a \u00e1gua est\u00e1 t\u00e3o polu\u00edda que estamos fornecendo \u00e1gua engarrafada, o PIB se beneficia. Se voc\u00ea e eu plantarmos uma horta e, digamos, comermos a maioria ou metade de nossas verduras de l\u00e1, o PIB desce. Se voc\u00ea e eu permanecermos saud\u00e1veis, o PIB cai. Se voc\u00ea precisar de quimioterapia todos os anos, o PIB sobe&#8221;.<\/span><\/p>\n<p><span style=\"font-weight: 400;\">Ela balan\u00e7ou a cabe\u00e7a em silencioso desprezo, como se dizer isso em voz alta fosse suficiente para reacender seu ultraje.<\/span><\/p>\n<p><span style=\"font-weight: 400;\">***<\/span><\/p>\n<p><b>O que ela gostaria <\/b><span style=\"font-weight: 400;\">de ver ao inv\u00e9s disso, \u00e9 o que ela chama de &#8220;economia da felicidade&#8221;, onde o custo dos danos ambientais \u00e9 inclu\u00eddo para produtos enviados por longas dist\u00e2ncias; onde benef\u00edcios intang\u00edveis, como a comunidade, s\u00e3o mais valorizados na pol\u00edtica.<\/span><\/p>\n<p><span style=\"font-weight: 400;\">Apesar do Pr\u00eamio Nobel da Paz ir para o Programa Mundial da Alimenta\u00e7\u00e3o, foi atrav\u00e9s da alimenta\u00e7\u00e3o que ela conquistou o maior n\u00famero de convertidos.<\/span><\/p>\n<p><span style=\"font-weight: 400;\">Alice Waters, que trouxe vida \u00e0 cozinha local e saud\u00e1vel em seu restaurante Chez Panisse, em Berkeley, a chamou de &#8220;incans\u00e1vel e decidida&#8221;.<\/span><\/p>\n<p><span style=\"font-weight: 400;\">&#8220;Eu internalizei completamente sua vis\u00e3o de como podemos voltar aos nossos sentidos&#8221;, disse Alice.<\/span><\/p>\n<p><span style=\"font-weight: 400;\">Helena disse que a pandemia do coronav\u00edrus pode at\u00e9 mesmo ajudar a longo prazo\u2014como uma for\u00e7a disruptiva que poderia levar as pessoas a estilos de vida mais &#8220;medianos&#8221; em comunidades menores, mesmo dentro das cidades.<\/span><\/p>\n<figure id=\"attachment_51214\" aria-describedby=\"caption-attachment-51214\" style=\"width: 620px\" class=\"wp-caption aligncenter\"><a href=\"https:\/\/rioonwatch.org.br\/wp-content\/uploads\/2020\/10\/Matthew-Abbott-para-o-The-New-York-Times.jpg\"><img loading=\"lazy\" decoding=\"async\" class=\"size-medium wp-image-51214\" src=\"https:\/\/rioonwatch.org.br\/wp-content\/uploads\/2020\/10\/Matthew-Abbott-para-o-The-New-York-Times-620x413.jpg\" alt=\"\" width=\"620\" height=\"413\" srcset=\"https:\/\/rioonwatch.org.br\/wp-content\/uploads\/2020\/10\/Matthew-Abbott-para-o-The-New-York-Times-620x413.jpg 620w, https:\/\/rioonwatch.org.br\/wp-content\/uploads\/2020\/10\/Matthew-Abbott-para-o-The-New-York-Times-1024x683.jpg 1024w, https:\/\/rioonwatch.org.br\/wp-content\/uploads\/2020\/10\/Matthew-Abbott-para-o-The-New-York-Times-396x264.jpg 396w, https:\/\/rioonwatch.org.br\/wp-content\/uploads\/2020\/10\/Matthew-Abbott-para-o-The-New-York-Times-768x512.jpg 768w, https:\/\/rioonwatch.org.br\/wp-content\/uploads\/2020\/10\/Matthew-Abbott-para-o-The-New-York-Times-1536x1024.jpg 1536w, https:\/\/rioonwatch.org.br\/wp-content\/uploads\/2020\/10\/Matthew-Abbott-para-o-The-New-York-Times.jpg 2048w\" sizes=\"(max-width: 620px) 100vw, 620px\" \/><\/a><figcaption id=\"caption-attachment-51214\" class=\"wp-caption-text\">Uma pra\u00e7a de alimenta\u00e7\u00e3o em um shopping center em Sydney foi isolado em mar\u00e7o devido a preocupa\u00e7\u00f5es com o v\u00edrus. Foto por Matthew Abbott para o<em> The New York Times<\/em>.<\/figcaption><\/figure>\n<p><span style=\"font-weight: 400;\">Talvez, ela disse, haja raz\u00f5es para cultivar o otimismo mesmo em tempos escuros. <\/span>&#8220;Acho que este momento fez com que muitas pessoas tenham desenvolvido um apetite por ter um pouco mais de tempo, estar um pouco mais perto de casa, aprender os nomes de seus vizinhos, interessar-se pela origem de seus alimentos e at\u00e9 mesmo desenvolver um apetite pelo cultivo real dos alimentos.\u201d<\/p>\n<p><span style=\"font-weight: 400;\">Por um momento, ela parou de falar. &#8220;\u00c9 t\u00e3o reconfortante para mim ver&#8221;, disse ela.<\/span><\/p>\n<p><em><span style=\"font-weight: 400;\">Damien Cave \u00e9 o <\/span><span style=\"font-weight: 400;\">chefe da sede do<\/span><span style=\"font-weight: 400;\"> The New York Times\u00a0<\/span><span style=\"font-weight: 400;\">em Sydney, Austr\u00e1lia. Anteriormente ele reportou da Cidade do M\u00e9xico, de Havana, de Beirute e de Bagd\u00e1. Desde que entrou no The New York Times em 2004, ele tamb\u00e9m foi <\/span><span style=\"font-weight: 400;\">editor nacional adjunto<\/span><span style=\"font-weight: 400;\">, <\/span><span style=\"font-weight: 400;\">chefe de ag\u00eancia de not\u00edcias <\/span><span style=\"font-weight: 400;\">de Miami e rep\u00f3rter do Metro. @damiencave<\/span><\/em><\/p>\n<hr \/>\n<h4><strong>Apoie nossos esfor\u00e7os para fornecer assist\u00eancia estrat\u00e9gica \u00e0s favelas do Rio, incluindo o jornalismo hiperlocal, cr\u00edtico, inovador e incans\u00e1vel do\u00a0<em>RioOnWatch<\/em><\/strong>\u2014<a href=\"http:\/\/bit.ly\/CatalisandoComunidades\">doe aqui<\/a>.<\/h4>\n<!-- AddThis Advanced Settings generic via filter on the_content --><!-- AddThis Share Buttons generic via filter on the_content -->","protected":false},"excerpt":{"rendered":"<div class=\"mh-excerpt\"><p>Click Here for English\u00a0 Leia a mat\u00e9ria original por Damien Cave, em ingl\u00eas, no The New York Times\u00a0aqui.\u00a0O RioOnWatch traduz mat\u00e9rias do ingl\u00eas para que brasileiros possam ter acesso e acompanhar temas ou an\u00e1lises cobertos <a class=\"mh-excerpt-more\" href=\"https:\/\/rioonwatch.org.br\/?p=51206\" title=\"E Se Local e Diversificado For Melhor do Que Conectado e Global?\">[&#8230;]<\/a><!-- AddThis Advanced Settings generic via filter on get_the_excerpt --><!-- AddThis Share Buttons generic via filter on get_the_excerpt --><\/p>\n<\/div>","protected":false},"author":165,"featured_media":51207,"comment_status":"closed","ping_status":"closed","sticky":false,"template":"","format":"standard","meta":{"_acf_changed":false,"_monsterinsights_skip_tracking":false,"_monsterinsights_sitenote_active":false,"_monsterinsights_sitenote_note":"","_monsterinsights_sitenote_category":0,"footnotes":""},"categories":[1621,342,1639,1634],"tags":[299,1826,2748,818,1158,1722,2797,1347,404,1168],"writer":[3002],"translator":[1785],"source":[],"ilustrador":[],"fotografo":[],"class_list":{"0":"post-51206","1":"post","2":"type-post","3":"status-publish","4":"format-standard","5":"has-post-thumbnail","7":"category-destaque","8":"category-solucoes","9":"category-sustentabilidade","10":"category-traducoes","11":"tag-alimentacao","12":"tag-australia","13":"tag-coronavirus","14":"tag-eua","15":"tag-nova-iorque","16":"tag-onu","17":"tag-soberania-alimentar","18":"tag-solucao","19":"tag-sustentabilidade","20":"tag-traducao","21":"writer-damien-cave","22":"translator-maria-fernanda-godinho"},"acf":[],"yoast_head":"<!-- This site is optimized with the Yoast SEO plugin v25.6 - https:\/\/yoast.com\/wordpress\/plugins\/seo\/ -->\n<title>E Se Local e Diversificado For Melhor do Que Conectado e Global? - RioOnWatch<\/title>\n<meta name=\"robots\" content=\"index, follow, max-snippet:-1, max-image-preview:large, max-video-preview:-1\" \/>\n<link rel=\"canonical\" href=\"https:\/\/rioonwatch.org.br\/?p=51206\" \/>\n<meta property=\"og:locale\" content=\"pt_BR\" \/>\n<meta property=\"og:type\" content=\"article\" \/>\n<meta property=\"og:title\" content=\"E Se Local e Diversificado For Melhor do Que Conectado e Global? - RioOnWatch\" \/>\n<meta property=\"og:description\" content=\"Click Here for English\u00a0 Leia a mat\u00e9ria original por Damien Cave, em ingl\u00eas, no The New York Times\u00a0aqui.\u00a0O RioOnWatch traduz mat\u00e9rias do ingl\u00eas para que brasileiros possam ter acesso e acompanhar temas ou an\u00e1lises cobertos [...]\" \/>\n<meta property=\"og:url\" content=\"https:\/\/rioonwatch.org.br\/?p=51206\" \/>\n<meta property=\"og:site_name\" content=\"RioOnWatch\" \/>\n<meta property=\"article:published_time\" content=\"2021-02-25T21:53:54+00:00\" \/>\n<meta property=\"article:modified_time\" content=\"2021-03-02T13:32:08+00:00\" \/>\n<meta property=\"og:image\" content=\"https:\/\/rioonwatch.org.br\/wp-content\/uploads\/2020\/10\/Natalie-Grono-para-o-The-New-York-Times.jpg\" \/>\n\t<meta property=\"og:image:width\" content=\"2048\" \/>\n\t<meta property=\"og:image:height\" content=\"1365\" \/>\n\t<meta property=\"og:image:type\" content=\"image\/jpeg\" \/>\n<meta name=\"author\" content=\"Tatiana Lima\" \/>\n<meta name=\"twitter:card\" content=\"summary_large_image\" \/>\n<meta name=\"twitter:label1\" content=\"Escrito por\" \/>\n\t<meta name=\"twitter:data1\" content=\"Tatiana Lima\" \/>\n\t<meta name=\"twitter:label2\" content=\"Est. tempo de leitura\" \/>\n\t<meta name=\"twitter:data2\" content=\"10 minutos\" \/>\n<script type=\"application\/ld+json\" class=\"yoast-schema-graph\">{\"@context\":\"https:\/\/schema.org\",\"@graph\":[{\"@type\":\"Article\",\"@id\":\"https:\/\/rioonwatch.org.br\/?p=51206#article\",\"isPartOf\":{\"@id\":\"https:\/\/rioonwatch.org.br\/?p=51206\"},\"author\":{\"name\":\"Tatiana Lima\",\"@id\":\"https:\/\/rioonwatch.org.br\/#\/schema\/person\/8fde974ee24e219acc413d63393ec551\"},\"headline\":\"E Se Local e Diversificado For Melhor do Que Conectado e Global?\",\"datePublished\":\"2021-02-25T21:53:54+00:00\",\"dateModified\":\"2021-03-02T13:32:08+00:00\",\"mainEntityOfPage\":{\"@id\":\"https:\/\/rioonwatch.org.br\/?p=51206\"},\"wordCount\":1933,\"publisher\":{\"@id\":\"https:\/\/rioonwatch.org.br\/#organization\"},\"image\":{\"@id\":\"https:\/\/rioonwatch.org.br\/?p=51206#primaryimage\"},\"thumbnailUrl\":\"https:\/\/rioonwatch.org.br\/wp-content\/uploads\/2020\/10\/Natalie-Grono-para-o-The-New-York-Times.jpg\",\"keywords\":[\"alimenta\u00e7\u00e3o\",\"Austr\u00e1lia\",\"coronav\u00edrus\",\"EUA\",\"Nova Iorque\",\"ONU\",\"soberania alimentar\",\"solu\u00e7\u00e3o\",\"sustentabilidade\",\"tradu\u00e7\u00e3o\"],\"articleSection\":[\"*Destaque\",\"Solu\u00e7\u00f5es\",\"Sustentabilidade\",\"Traduzidas do Ingl\u00eas\"],\"inLanguage\":\"pt-BR\"},{\"@type\":\"WebPage\",\"@id\":\"https:\/\/rioonwatch.org.br\/?p=51206\",\"url\":\"https:\/\/rioonwatch.org.br\/?p=51206\",\"name\":\"E Se Local e Diversificado For Melhor do Que Conectado e Global? - RioOnWatch\",\"isPartOf\":{\"@id\":\"https:\/\/rioonwatch.org.br\/#website\"},\"primaryImageOfPage\":{\"@id\":\"https:\/\/rioonwatch.org.br\/?p=51206#primaryimage\"},\"image\":{\"@id\":\"https:\/\/rioonwatch.org.br\/?p=51206#primaryimage\"},\"thumbnailUrl\":\"https:\/\/rioonwatch.org.br\/wp-content\/uploads\/2020\/10\/Natalie-Grono-para-o-The-New-York-Times.jpg\",\"datePublished\":\"2021-02-25T21:53:54+00:00\",\"dateModified\":\"2021-03-02T13:32:08+00:00\",\"breadcrumb\":{\"@id\":\"https:\/\/rioonwatch.org.br\/?p=51206#breadcrumb\"},\"inLanguage\":\"pt-BR\",\"potentialAction\":[{\"@type\":\"ReadAction\",\"target\":[\"https:\/\/rioonwatch.org.br\/?p=51206\"]}]},{\"@type\":\"ImageObject\",\"inLanguage\":\"pt-BR\",\"@id\":\"https:\/\/rioonwatch.org.br\/?p=51206#primaryimage\",\"url\":\"https:\/\/rioonwatch.org.br\/wp-content\/uploads\/2020\/10\/Natalie-Grono-para-o-The-New-York-Times.jpg\",\"contentUrl\":\"https:\/\/rioonwatch.org.br\/wp-content\/uploads\/2020\/10\/Natalie-Grono-para-o-The-New-York-Times.jpg\",\"width\":2048,\"height\":1365,\"caption\":\"Helena Norberg-Hodge, no centro, em agosto na feira de produtores locais de Mullumbimby, que ela ajudou a iniciar, em Nova Gales do Sul, Austr\u00e1lia. Foto por: Natalie Grono para o New York Times.\"},{\"@type\":\"BreadcrumbList\",\"@id\":\"https:\/\/rioonwatch.org.br\/?p=51206#breadcrumb\",\"itemListElement\":[{\"@type\":\"ListItem\",\"position\":1,\"name\":\"In\u00edcio\",\"item\":\"https:\/\/rioonwatch.org.br\/\"},{\"@type\":\"ListItem\",\"position\":2,\"name\":\"E Se Local e Diversificado For Melhor do Que Conectado e Global?\"}]},{\"@type\":\"WebSite\",\"@id\":\"https:\/\/rioonwatch.org.br\/#website\",\"url\":\"https:\/\/rioonwatch.org.br\/\",\"name\":\"RioOnWatch\",\"description\":\"relatos das favelas cariocas\",\"publisher\":{\"@id\":\"https:\/\/rioonwatch.org.br\/#organization\"},\"potentialAction\":[{\"@type\":\"SearchAction\",\"target\":{\"@type\":\"EntryPoint\",\"urlTemplate\":\"https:\/\/rioonwatch.org.br\/?s={search_term_string}\"},\"query-input\":{\"@type\":\"PropertyValueSpecification\",\"valueRequired\":true,\"valueName\":\"search_term_string\"}}],\"inLanguage\":\"pt-BR\"},{\"@type\":\"Organization\",\"@id\":\"https:\/\/rioonwatch.org.br\/#organization\",\"name\":\"RioOnWatch\",\"url\":\"https:\/\/rioonwatch.org.br\/\",\"logo\":{\"@type\":\"ImageObject\",\"inLanguage\":\"pt-BR\",\"@id\":\"https:\/\/rioonwatch.org.br\/#\/schema\/logo\/image\/\",\"url\":\"https:\/\/rioonwatch.org.br\/wp-content\/uploads\/2021\/06\/RioOnWatchcabecalhoPT11anos-2.png\",\"contentUrl\":\"https:\/\/rioonwatch.org.br\/wp-content\/uploads\/2021\/06\/RioOnWatchcabecalhoPT11anos-2.png\",\"width\":779,\"height\":277,\"caption\":\"RioOnWatch\"},\"image\":{\"@id\":\"https:\/\/rioonwatch.org.br\/#\/schema\/logo\/image\/\"}},{\"@type\":\"Person\",\"@id\":\"https:\/\/rioonwatch.org.br\/#\/schema\/person\/8fde974ee24e219acc413d63393ec551\",\"name\":\"Tatiana Lima\",\"image\":{\"@type\":\"ImageObject\",\"inLanguage\":\"pt-BR\",\"@id\":\"https:\/\/rioonwatch.org.br\/#\/schema\/person\/image\/\",\"url\":\"https:\/\/secure.gravatar.com\/avatar\/5fb587d000e124a9d6aae50aec42d39e?s=96&d=blank&r=g\",\"contentUrl\":\"https:\/\/secure.gravatar.com\/avatar\/5fb587d000e124a9d6aae50aec42d39e?s=96&d=blank&r=g\",\"caption\":\"Tatiana Lima\"},\"url\":\"https:\/\/rioonwatch.org.br\/?author=165\"}]}<\/script>\n<!-- \/ Yoast SEO plugin. -->","yoast_head_json":{"title":"E Se Local e Diversificado For Melhor do Que Conectado e Global? - RioOnWatch","robots":{"index":"index","follow":"follow","max-snippet":"max-snippet:-1","max-image-preview":"max-image-preview:large","max-video-preview":"max-video-preview:-1"},"canonical":"https:\/\/rioonwatch.org.br\/?p=51206","og_locale":"pt_BR","og_type":"article","og_title":"E Se Local e Diversificado For Melhor do Que Conectado e Global? - RioOnWatch","og_description":"Click Here for English\u00a0 Leia a mat\u00e9ria original por Damien Cave, em ingl\u00eas, no The New York Times\u00a0aqui.\u00a0O RioOnWatch traduz mat\u00e9rias do ingl\u00eas para que brasileiros possam ter acesso e acompanhar temas ou an\u00e1lises cobertos [...]","og_url":"https:\/\/rioonwatch.org.br\/?p=51206","og_site_name":"RioOnWatch","article_published_time":"2021-02-25T21:53:54+00:00","article_modified_time":"2021-03-02T13:32:08+00:00","og_image":[{"width":2048,"height":1365,"url":"https:\/\/rioonwatch.org.br\/wp-content\/uploads\/2020\/10\/Natalie-Grono-para-o-The-New-York-Times.jpg","type":"image\/jpeg"}],"author":"Tatiana Lima","twitter_card":"summary_large_image","twitter_misc":{"Escrito por":"Tatiana Lima","Est. tempo de leitura":"10 minutos"},"schema":{"@context":"https:\/\/schema.org","@graph":[{"@type":"Article","@id":"https:\/\/rioonwatch.org.br\/?p=51206#article","isPartOf":{"@id":"https:\/\/rioonwatch.org.br\/?p=51206"},"author":{"name":"Tatiana Lima","@id":"https:\/\/rioonwatch.org.br\/#\/schema\/person\/8fde974ee24e219acc413d63393ec551"},"headline":"E Se Local e Diversificado For Melhor do Que Conectado e Global?","datePublished":"2021-02-25T21:53:54+00:00","dateModified":"2021-03-02T13:32:08+00:00","mainEntityOfPage":{"@id":"https:\/\/rioonwatch.org.br\/?p=51206"},"wordCount":1933,"publisher":{"@id":"https:\/\/rioonwatch.org.br\/#organization"},"image":{"@id":"https:\/\/rioonwatch.org.br\/?p=51206#primaryimage"},"thumbnailUrl":"https:\/\/rioonwatch.org.br\/wp-content\/uploads\/2020\/10\/Natalie-Grono-para-o-The-New-York-Times.jpg","keywords":["alimenta\u00e7\u00e3o","Austr\u00e1lia","coronav\u00edrus","EUA","Nova Iorque","ONU","soberania alimentar","solu\u00e7\u00e3o","sustentabilidade","tradu\u00e7\u00e3o"],"articleSection":["*Destaque","Solu\u00e7\u00f5es","Sustentabilidade","Traduzidas do Ingl\u00eas"],"inLanguage":"pt-BR"},{"@type":"WebPage","@id":"https:\/\/rioonwatch.org.br\/?p=51206","url":"https:\/\/rioonwatch.org.br\/?p=51206","name":"E Se Local e Diversificado For Melhor do Que Conectado e Global? - RioOnWatch","isPartOf":{"@id":"https:\/\/rioonwatch.org.br\/#website"},"primaryImageOfPage":{"@id":"https:\/\/rioonwatch.org.br\/?p=51206#primaryimage"},"image":{"@id":"https:\/\/rioonwatch.org.br\/?p=51206#primaryimage"},"thumbnailUrl":"https:\/\/rioonwatch.org.br\/wp-content\/uploads\/2020\/10\/Natalie-Grono-para-o-The-New-York-Times.jpg","datePublished":"2021-02-25T21:53:54+00:00","dateModified":"2021-03-02T13:32:08+00:00","breadcrumb":{"@id":"https:\/\/rioonwatch.org.br\/?p=51206#breadcrumb"},"inLanguage":"pt-BR","potentialAction":[{"@type":"ReadAction","target":["https:\/\/rioonwatch.org.br\/?p=51206"]}]},{"@type":"ImageObject","inLanguage":"pt-BR","@id":"https:\/\/rioonwatch.org.br\/?p=51206#primaryimage","url":"https:\/\/rioonwatch.org.br\/wp-content\/uploads\/2020\/10\/Natalie-Grono-para-o-The-New-York-Times.jpg","contentUrl":"https:\/\/rioonwatch.org.br\/wp-content\/uploads\/2020\/10\/Natalie-Grono-para-o-The-New-York-Times.jpg","width":2048,"height":1365,"caption":"Helena Norberg-Hodge, no centro, em agosto na feira de produtores locais de Mullumbimby, que ela ajudou a iniciar, em Nova Gales do Sul, Austr\u00e1lia. Foto por: Natalie Grono para o New York Times."},{"@type":"BreadcrumbList","@id":"https:\/\/rioonwatch.org.br\/?p=51206#breadcrumb","itemListElement":[{"@type":"ListItem","position":1,"name":"In\u00edcio","item":"https:\/\/rioonwatch.org.br\/"},{"@type":"ListItem","position":2,"name":"E Se Local e Diversificado For Melhor do Que Conectado e Global?"}]},{"@type":"WebSite","@id":"https:\/\/rioonwatch.org.br\/#website","url":"https:\/\/rioonwatch.org.br\/","name":"RioOnWatch","description":"relatos das favelas cariocas","publisher":{"@id":"https:\/\/rioonwatch.org.br\/#organization"},"potentialAction":[{"@type":"SearchAction","target":{"@type":"EntryPoint","urlTemplate":"https:\/\/rioonwatch.org.br\/?s={search_term_string}"},"query-input":{"@type":"PropertyValueSpecification","valueRequired":true,"valueName":"search_term_string"}}],"inLanguage":"pt-BR"},{"@type":"Organization","@id":"https:\/\/rioonwatch.org.br\/#organization","name":"RioOnWatch","url":"https:\/\/rioonwatch.org.br\/","logo":{"@type":"ImageObject","inLanguage":"pt-BR","@id":"https:\/\/rioonwatch.org.br\/#\/schema\/logo\/image\/","url":"https:\/\/rioonwatch.org.br\/wp-content\/uploads\/2021\/06\/RioOnWatchcabecalhoPT11anos-2.png","contentUrl":"https:\/\/rioonwatch.org.br\/wp-content\/uploads\/2021\/06\/RioOnWatchcabecalhoPT11anos-2.png","width":779,"height":277,"caption":"RioOnWatch"},"image":{"@id":"https:\/\/rioonwatch.org.br\/#\/schema\/logo\/image\/"}},{"@type":"Person","@id":"https:\/\/rioonwatch.org.br\/#\/schema\/person\/8fde974ee24e219acc413d63393ec551","name":"Tatiana Lima","image":{"@type":"ImageObject","inLanguage":"pt-BR","@id":"https:\/\/rioonwatch.org.br\/#\/schema\/person\/image\/","url":"https:\/\/secure.gravatar.com\/avatar\/5fb587d000e124a9d6aae50aec42d39e?s=96&d=blank&r=g","contentUrl":"https:\/\/secure.gravatar.com\/avatar\/5fb587d000e124a9d6aae50aec42d39e?s=96&d=blank&r=g","caption":"Tatiana Lima"},"url":"https:\/\/rioonwatch.org.br\/?author=165"}]}},"_links":{"self":[{"href":"https:\/\/rioonwatch.org.br\/index.php?rest_route=\/wp\/v2\/posts\/51206"}],"collection":[{"href":"https:\/\/rioonwatch.org.br\/index.php?rest_route=\/wp\/v2\/posts"}],"about":[{"href":"https:\/\/rioonwatch.org.br\/index.php?rest_route=\/wp\/v2\/types\/post"}],"author":[{"embeddable":true,"href":"https:\/\/rioonwatch.org.br\/index.php?rest_route=\/wp\/v2\/users\/165"}],"replies":[{"embeddable":true,"href":"https:\/\/rioonwatch.org.br\/index.php?rest_route=%2Fwp%2Fv2%2Fcomments&post=51206"}],"version-history":[{"count":18,"href":"https:\/\/rioonwatch.org.br\/index.php?rest_route=\/wp\/v2\/posts\/51206\/revisions"}],"predecessor-version":[{"id":53807,"href":"https:\/\/rioonwatch.org.br\/index.php?rest_route=\/wp\/v2\/posts\/51206\/revisions\/53807"}],"wp:featuredmedia":[{"embeddable":true,"href":"https:\/\/rioonwatch.org.br\/index.php?rest_route=\/wp\/v2\/media\/51207"}],"wp:attachment":[{"href":"https:\/\/rioonwatch.org.br\/index.php?rest_route=%2Fwp%2Fv2%2Fmedia&parent=51206"}],"wp:term":[{"taxonomy":"category","embeddable":true,"href":"https:\/\/rioonwatch.org.br\/index.php?rest_route=%2Fwp%2Fv2%2Fcategories&post=51206"},{"taxonomy":"post_tag","embeddable":true,"href":"https:\/\/rioonwatch.org.br\/index.php?rest_route=%2Fwp%2Fv2%2Ftags&post=51206"},{"taxonomy":"writer","embeddable":true,"href":"https:\/\/rioonwatch.org.br\/index.php?rest_route=%2Fwp%2Fv2%2Fwriter&post=51206"},{"taxonomy":"translator","embeddable":true,"href":"https:\/\/rioonwatch.org.br\/index.php?rest_route=%2Fwp%2Fv2%2Ftranslator&post=51206"},{"taxonomy":"source","embeddable":true,"href":"https:\/\/rioonwatch.org.br\/index.php?rest_route=%2Fwp%2Fv2%2Fsource&post=51206"},{"taxonomy":"ilustrador","embeddable":true,"href":"https:\/\/rioonwatch.org.br\/index.php?rest_route=%2Fwp%2Fv2%2Filustrador&post=51206"},{"taxonomy":"fotografo","embeddable":true,"href":"https:\/\/rioonwatch.org.br\/index.php?rest_route=%2Fwp%2Fv2%2Ffotografo&post=51206"}],"curies":[{"name":"wp","href":"https:\/\/api.w.org\/{rel}","templated":true}]}}