{"id":51403,"date":"2020-11-09T09:58:20","date_gmt":"2020-11-09T12:58:20","guid":{"rendered":"https:\/\/rioonwatch.org.br\/?p=51403"},"modified":"2021-01-26T09:51:52","modified_gmt":"2021-01-26T12:51:52","slug":"iniciativa-giro-2020-prepara-candidatos-sub-representados-para-eleicoes-municipais-do-rio","status":"publish","type":"post","link":"https:\/\/rioonwatch.org.br\/?p=51403","title":{"rendered":"\u2018Giro 2020\u2019 Prepara Candidatos Sub-representados Para Elei\u00e7\u00f5es Municipais do Rio"},"content":{"rendered":"<p style=\"text-align: right;\"><em><strong><a href=\"https:\/\/bit.ly\/3mLEGgt\" target=\"_blank\" rel=\"noopener noreferrer\">Click Here for English<\/a><a href=\"https:\/\/bit.ly\/3mLEGgt\" target=\"_blank\" rel=\"noopener noreferrer\"><img decoding=\"async\" width=\"20\" height=\"20\" class=\"alignright wp-image-15790\" src=\"https:\/\/rioonwatch.org.br\/wp-content\/uploads\/2012\/08\/EN-standard-e1439583104716.jpg\" \/><\/a><\/strong><\/em><\/p>\n<p><em>Esta mat\u00e9ria faz parte de uma\u00a0<a href=\"https:\/\/bit.ly\/EleicaoRio2020\" target=\"_blank\" rel=\"noopener noreferrer\">s\u00e9rie de mat\u00e9rias sobre as elei\u00e7\u00f5es municipais de 2020<\/a>, com enfoque nas perspectivas das favelas do Grande Rio, e tamb\u00e9m faz parte de nossa <a href=\"http:\/\/bit.ly\/2Yf0iaL\" target=\"_blank\" rel=\"noopener noreferrer\">parceria com o The Rio Times<\/a>. Para a mat\u00e9ria publicada no The Rio Times, em ingl\u00eas, clique\u00a0<a href=\"https:\/\/bit.ly\/34NiL2w\" target=\"_blank\" rel=\"noopener noreferrer\">aqui<\/a>.<\/em><\/p>\n<p>\u00c0 medida que a temporada de elei\u00e7\u00f5es ocorre no Rio de Janeiro, moradores sinalizam que h\u00e1 mais coisas em jogo hoje do que em elei\u00e7\u00f5es municipais passadas. Uma recess\u00e3o profunda que se agravou ainda mais devido \u00e0 pandemia global com graves impactos locais, junto com protestos crescentes por justi\u00e7a racial, obstru\u00e7\u00e3o da m\u00eddia e outros fatores, aumentaram as preocupa\u00e7\u00f5es sobre o estado da democracia.<\/p>\n<p>Dentro deste contexto, v\u00e1rias iniciativas t\u00eam se esfor\u00e7ado para trazer mais igualdade \u00e0s urnas. Embora a maioria dos brasileiros se identifique como negra ou parda, o congresso brasileiro \u00e9 majoritariamente branco e tal falta de representatividade repercute em n\u00edvel municipal.<\/p>\n<p>O Giro 2020, iniciativa conjunta entre a <a href=\"https:\/\/bit.ly\/3jCShEK\" target=\"_blank\" rel=\"noopener noreferrer\">Funda\u00e7\u00e3o Cidadania Inteligente<\/a> e <a href=\"http:\/\/bit.ly\/2Z4QfqV\" target=\"_blank\" rel=\"noopener noreferrer\">Casa Fluminense<\/a>, \u00e9 um dos projetos que buscam abordar esta falta de diversidade. Nesta elei\u00e7\u00e3o, o Giro ofereceu um treinamento especial a 74 candidatos e candidatas a vereador e um candidato a vice-prefeito\u2013escolhidos dentre 289 inscritos\u2013nos munic\u00edpios do Grande Rio, procurando fortalecer candidatos sub-representados e os que se dedicam \u00e0 luta antirracista. O <a href=\"https:\/\/bit.ly\/3jHLXfy\" target=\"_blank\" rel=\"noopener noreferrer\">objetivo oficial<\/a> do projeto \u00e9 provocar &#8220;um giro de pautas e corpos nos espa\u00e7os de tomada de decis\u00e3o p\u00fablica&#8221;.<\/p>\n<p><a href=\"https:\/\/rioonwatch.org.br\/wp-content\/uploads\/2020\/11\/Photo-2-Canididates.png\"><img fetchpriority=\"high\" decoding=\"async\" class=\"aligncenter size-medium wp-image-51405\" src=\"https:\/\/rioonwatch.org.br\/wp-content\/uploads\/2020\/11\/Photo-2-Canididates-620x372.png\" alt=\"\" width=\"620\" height=\"372\" srcset=\"https:\/\/rioonwatch.org.br\/wp-content\/uploads\/2020\/11\/Photo-2-Canididates-620x372.png 620w, https:\/\/rioonwatch.org.br\/wp-content\/uploads\/2020\/11\/Photo-2-Canididates-1024x615.png 1024w, https:\/\/rioonwatch.org.br\/wp-content\/uploads\/2020\/11\/Photo-2-Canididates-439x264.png 439w, https:\/\/rioonwatch.org.br\/wp-content\/uploads\/2020\/11\/Photo-2-Canididates-768x461.png 768w, https:\/\/rioonwatch.org.br\/wp-content\/uploads\/2020\/11\/Photo-2-Canididates-1536x923.png 1536w, https:\/\/rioonwatch.org.br\/wp-content\/uploads\/2020\/11\/Photo-2-Canididates-2048x1230.png 2048w\" sizes=\"(max-width: 620px) 100vw, 620px\" \/><\/a><\/p>\n<p>O <a href=\"https:\/\/bit.ly\/3oCdu5o\" target=\"_blank\" rel=\"noopener noreferrer\">recorte demogr\u00e1fico<\/a> dos candidatos apoiados pelo Giro reflete sua miss\u00e3o. No total, 76% s\u00e3o negros ou pardos, 45% s\u00e3o mulheres e 19% s\u00e3o LGBTQ+. Os n\u00fameros contrastam fortemente com a composi\u00e7\u00e3o atual das c\u00e2maras municipais em todo o pa\u00eds, onde somente <a href=\"https:\/\/bit.ly\/2Jf4y60\" target=\"_blank\" rel=\"noopener noreferrer\">42%<\/a> s\u00e3o negros ou pardos, de acordo com o IBGE. Somente <a href=\"http:\/\/bit.ly\/2Q7VvTm\" target=\"_blank\" rel=\"noopener noreferrer\">5%<\/a> s\u00e3o mulheres negras ou pardas, de acordo com o Tribunal Superior Eleitoral, apesar de <a href=\"https:\/\/bit.ly\/37QgxkS\" target=\"_blank\" rel=\"noopener noreferrer\">56%<\/a> dos brasileiros se autoidentificarem como negros ou pardos, em 2019.<\/p>\n<p>&#8220;Democracia, governo de todos, certo? Mas como \u00e9 o governo de todos se apenas um grupo pol\u00edtico, que \u00e9 o grupo dos homens brancos, tem o poder?&#8221; pergunta Emerson Caetano, coordenador do Giro 2020.<\/p>\n<p>&#8220;As pessoas, n\u00e3o se identificam com seus representantes&#8221;, diz Douglas Almeida, coordenador de defesa de direitos da Casa Fluminense.<\/p>\n<p>Tanto a forma\u00e7\u00e3o de iniciativas como o Giro quanto a mudan\u00e7a de perfil de representantes recentemente eleitos sinalizam que uma mudan\u00e7a est\u00e1 em curso na pol\u00edtica brasileira.<\/p>\n<p>Em 2018, <a href=\"https:\/\/bit.ly\/2HICx5S\" target=\"_blank\" rel=\"noopener noreferrer\">50% mais mulheres<\/a> foram eleitas para a C\u00e2mara dos Deputados do Brasil do que na elei\u00e7\u00e3o anterior de 2014. O n\u00famero de deputadas negras ou pardas passou de 10 para 13, o n\u00famero de deputadas brancas passou de 41 para 63. Tamb\u00e9m foi eleita a primeira deputada ind\u00edgena.<\/p>\n<p><a href=\"https:\/\/rioonwatch.org.br\/wp-content\/uploads\/2020\/11\/Photo-3-Martha-Rocha.jpg\"><img decoding=\"async\" class=\"aligncenter size-medium wp-image-51406\" src=\"https:\/\/rioonwatch.org.br\/wp-content\/uploads\/2020\/11\/Photo-3-Martha-Rocha-620x414.jpg\" alt=\"\" width=\"620\" height=\"414\" srcset=\"https:\/\/rioonwatch.org.br\/wp-content\/uploads\/2020\/11\/Photo-3-Martha-Rocha-620x414.jpg 620w, https:\/\/rioonwatch.org.br\/wp-content\/uploads\/2020\/11\/Photo-3-Martha-Rocha-1024x683.jpg 1024w, https:\/\/rioonwatch.org.br\/wp-content\/uploads\/2020\/11\/Photo-3-Martha-Rocha-396x264.jpg 396w, https:\/\/rioonwatch.org.br\/wp-content\/uploads\/2020\/11\/Photo-3-Martha-Rocha-768x512.jpg 768w, https:\/\/rioonwatch.org.br\/wp-content\/uploads\/2020\/11\/Photo-3-Martha-Rocha.jpg 1280w\" sizes=\"(max-width: 620px) 100vw, 620px\" \/><\/a><\/p>\n<p>Uma <a href=\"https:\/\/bit.ly\/3eY4dPB\" target=\"_blank\" rel=\"noopener noreferrer\">pesquisa<\/a> de maio sobre ativistas negras e mulheres de v\u00e1rias regi\u00f5es do Brasil, conduzida pelo <a href=\"https:\/\/bit.ly\/34LUo5s\" target=\"_blank\" rel=\"noopener noreferrer\">Instituto Marielle Franco<\/a> e pela iniciativa <a href=\"https:\/\/bit.ly\/31Scdxv\" target=\"_blank\" rel=\"noopener noreferrer\">Mulheres Negras Decidem<\/a>, descobriu que 25% destas ativistas consideraram concorrer nas elei\u00e7\u00f5es. As mulheres negras &#8220;demonstram maturidade ao considerarem e participarem das disputas eleitorais como meio de acesso \u00e0 institucionalidade e espa\u00e7os de tomada de decis\u00e3o&#8221;, escrevem as organizadoras da pesquisa.<\/p>\n<p>Para Emerson, \u00e9 importante fortalecer as candidaturas de grupos menos representados &#8220;para que eles possam moldar um ideal pol\u00edtico que resolver\u00e1 os problemas que enfrentam&#8221;.<\/p>\n<p>As duas ONGs por tr\u00e1s da iniciativa Giro, Funda\u00e7\u00e3o Cidadania Inteligente e Casa Fluminense, facilitam a colabora\u00e7\u00e3o entre ativistas, pesquisadores e outros profissionais, baseado em opini\u00f5es parecidas quando se trata de pol\u00edticas inclusivas.<\/p>\n<p>As a\u00e7\u00f5es do Giro 2020 s\u00e3o baseadas em tr\u00eas etapas: reuni\u00f5es, treinamentos e laborat\u00f3rios de lideran\u00e7a. As reuni\u00f5es ocorrem mensalmente, s\u00e3o abertas ao p\u00fablico e mant\u00eam discuss\u00f5es sobre pol\u00edticas com l\u00edderes sociais e pessoas que planejam concorrer a cargos p\u00fablicos. Nos treinamentos, os 75 indiv\u00edduos selecionados estudam pol\u00edticas p\u00fablicas e discutem tend\u00eancias eleitorais, estrat\u00e9gias de comunica\u00e7\u00e3o e financiamento de campanha. Os laborat\u00f3rios de lideran\u00e7a s\u00e3o espa\u00e7os de interc\u00e2mbio entre lideran\u00e7as sociais de toda a <a href=\"https:\/\/bit.ly\/2PppZ4h\" target=\"_blank\" rel=\"noopener noreferrer\">Regi\u00e3o Metropolitana do Rio de Janeiro<\/a>.<\/p>\n<p>Os organizadores da Giro dizem que, apesar dos moradores do Rio terem exigido maior representatividade nos cargos p\u00fablicos h\u00e1 muito tempo, h\u00e1 mais em jogo agora nestas elei\u00e7\u00f5es que nos anos passados.<\/p>\n<p>&#8220;Diferentes grupos est\u00e3o sendo atacados, principalmente da sociedade civil e da pol\u00edtica&#8221;, disse Douglas. &#8220;Nos \u00faltimos dois anos, principalmente com a elei\u00e7\u00e3o do presidente Bolsonaro, [a sociedade civil] \u00e9 um campo pol\u00edtico que est\u00e1 sendo criminalizado&#8221;.<\/p>\n<p><a href=\"https:\/\/rioonwatch.org.br\/wp-content\/uploads\/2020\/11\/foto-4-Taina.png\"><img loading=\"lazy\" decoding=\"async\" class=\"aligncenter size-medium wp-image-51407\" src=\"https:\/\/rioonwatch.org.br\/wp-content\/uploads\/2020\/11\/foto-4-Taina-620x348.png\" alt=\"\" width=\"620\" height=\"348\" srcset=\"https:\/\/rioonwatch.org.br\/wp-content\/uploads\/2020\/11\/foto-4-Taina-620x348.png 620w, https:\/\/rioonwatch.org.br\/wp-content\/uploads\/2020\/11\/foto-4-Taina-1024x575.png 1024w, https:\/\/rioonwatch.org.br\/wp-content\/uploads\/2020\/11\/foto-4-Taina-470x264.png 470w, https:\/\/rioonwatch.org.br\/wp-content\/uploads\/2020\/11\/foto-4-Taina-768x431.png 768w, https:\/\/rioonwatch.org.br\/wp-content\/uploads\/2020\/11\/foto-4-Taina-1536x862.png 1536w, https:\/\/rioonwatch.org.br\/wp-content\/uploads\/2020\/11\/foto-4-Taina-580x326.png 580w, https:\/\/rioonwatch.org.br\/wp-content\/uploads\/2020\/11\/foto-4-Taina-174x98.png 174w, https:\/\/rioonwatch.org.br\/wp-content\/uploads\/2020\/11\/foto-4-Taina.png 1682w\" sizes=\"(max-width: 620px) 100vw, 620px\" \/><\/a><\/p>\n<p>A empresa de pesquisas latino americana Latinobar\u00f3metro <a href=\"https:\/\/bit.ly\/31QCgoP\" target=\"_blank\" rel=\"noopener noreferrer\">conduziu uma an\u00e1lise em 2018<\/a> para medir a satisfa\u00e7\u00e3o do povo com a democracia em diferentes pa\u00edses. No Brasil, a satisfa\u00e7\u00e3o caiu de 54% em 2010 para poucos 34% em 2018. Os pesquisadores advertem que essas condi\u00e7\u00f5es favorecem a ascens\u00e3o do autoritarismo.<\/p>\n<p>Este \u00e9 s\u00f3 mais um motivo para promover representantes eleitos mais diversos, disseram os organizadores do Giro. Eles veem as elei\u00e7\u00f5es de 2020 como um poss\u00edvel ponto de virada, especialmente depois que a crise da Covid-19 exp\u00f4s os perigos de uma lideran\u00e7a pol\u00edtica fraca. Al\u00e9m da Giro, outras iniciativas, como a <a href=\"https:\/\/bit.ly\/2TyLrG0\" target=\"_blank\" rel=\"noopener noreferrer\">Ocupa Pol\u00edtica<\/a>, est\u00e3o formando candidatos n\u00e3o tradicionais para concorrer \u00e0s elei\u00e7\u00f5es..<\/p>\n<p>Esses candidatos sub-representados permitem a possibilidade de legislaturas que n\u00e3o apenas pare\u00e7am diferentes em g\u00eanero e cor de pele, mas que promovam pol\u00edticas mais alinhadas com as necessidades e realidades experimentadas em campo.<\/p>\n<p>Essas pessoas podem focar mais na redu\u00e7\u00e3o da desigualdade, por exemplo, disse Douglas. &#8220;Existe um problema muito s\u00e9rio no Brasil de sempre colocar a desigualdade como um problema a ser resolvido posteriormente. Ela nunca \u00e9 colocada como um problema central&#8221;. O Brasil \u00e9 atualmente o <a href=\"https:\/\/bit.ly\/2HHy4Ra\" target=\"_blank\" rel=\"noopener noreferrer\">nono pa\u00eds mais desigual<\/a> do mundo.<\/p>\n<p>Nas urnas deste 15 de novembro, os grupos que se sentem sub-representados ou n\u00e3o representados na pol\u00edtica esperam mudar a situa\u00e7\u00e3o atual.<\/p>\n<hr \/>\n<h4>Apoie nossos esfor\u00e7os para fornecer assist\u00eancia estrat\u00e9gica \u00e0s favelas do Rio durante a pandemia de Covid-19, incluindo o jornalismo hiperlocal, cr\u00edtico, inovador e incans\u00e1vel do\u00a0<i>RioOnWatch\u00a0<\/i>\u2014\u00a0<a href=\"http:\/\/bit.ly\/CatalisandoComunidades\">doe aqui<\/a>.<\/h4>\n<!-- AddThis Advanced Settings generic via filter on the_content --><!-- AddThis Share Buttons generic via filter on the_content -->","protected":false},"excerpt":{"rendered":"<div class=\"mh-excerpt\"><p>Click Here for English Esta mat\u00e9ria faz parte de uma\u00a0s\u00e9rie de mat\u00e9rias sobre as elei\u00e7\u00f5es municipais de 2020, com enfoque nas perspectivas das favelas do Grande Rio, e tamb\u00e9m faz parte de nossa parceria com <a class=\"mh-excerpt-more\" href=\"https:\/\/rioonwatch.org.br\/?p=51403\" title=\"\u2018Giro 2020\u2019 Prepara Candidatos Sub-representados Para Elei\u00e7\u00f5es Municipais do Rio\">[&#8230;]<\/a><!-- AddThis Advanced Settings generic via filter on get_the_excerpt --><!-- AddThis Share Buttons generic via filter on get_the_excerpt --><\/p>\n<\/div>","protected":false},"author":165,"featured_media":51404,"comment_status":"closed","ping_status":"closed","sticky":false,"template":"","format":"standard","meta":{"_acf_changed":false,"_monsterinsights_skip_tracking":false,"_monsterinsights_sitenote_active":false,"_monsterinsights_sitenote_note":"","_monsterinsights_sitenote_category":0,"footnotes":""},"categories":[1618,1626,1612,342],"tags":[1597,2748,1643,2918,457,1372,2344,838,936,2991],"writer":[2948],"translator":[2713],"source":[],"ilustrador":[],"fotografo":[],"class_list":{"0":"post-51403","1":"post","2":"type-post","3":"status-publish","4":"format-standard","5":"has-post-thumbnail","7":"category-olhonaparticipacao","8":"category-por-observadores-internacionais","9":"category-sociedade-civil","10":"category-solucoes","11":"tag-casa-fluminense","12":"tag-coronavirus","13":"tag-diversidade","14":"tag-eleicao-municipal-2020","15":"tag-eleicoes","16":"tag-grande-rio","17":"tag-ibge","18":"tag-politica-publica","19":"tag-raca","20":"tag-serie-em-parceria-com-the-rio-times","21":"writer-natalia-galicza","22":"translator-sofia-kawall"},"acf":[],"yoast_head":"<!-- This site is optimized with the Yoast SEO plugin v25.6 - https:\/\/yoast.com\/wordpress\/plugins\/seo\/ -->\n<title>\u2018Giro 2020\u2019 Prepara Candidatos Sub-representados Para Elei\u00e7\u00f5es Municipais do Rio - RioOnWatch<\/title>\n<meta name=\"robots\" content=\"index, follow, max-snippet:-1, max-image-preview:large, max-video-preview:-1\" \/>\n<link rel=\"canonical\" href=\"https:\/\/rioonwatch.org.br\/?p=51403\" \/>\n<meta property=\"og:locale\" content=\"pt_BR\" \/>\n<meta property=\"og:type\" content=\"article\" \/>\n<meta property=\"og:title\" content=\"\u2018Giro 2020\u2019 Prepara Candidatos Sub-representados Para Elei\u00e7\u00f5es Municipais do Rio - RioOnWatch\" \/>\n<meta property=\"og:description\" content=\"Click Here for English Esta mat\u00e9ria faz parte de uma\u00a0s\u00e9rie de mat\u00e9rias sobre as elei\u00e7\u00f5es municipais de 2020, com enfoque nas perspectivas das favelas do Grande Rio, e tamb\u00e9m faz parte de nossa parceria com [...]\" \/>\n<meta property=\"og:url\" content=\"https:\/\/rioonwatch.org.br\/?p=51403\" \/>\n<meta property=\"og:site_name\" content=\"RioOnWatch\" \/>\n<meta property=\"article:published_time\" content=\"2020-11-09T12:58:20+00:00\" \/>\n<meta property=\"article:modified_time\" content=\"2021-01-26T12:51:52+00:00\" \/>\n<meta property=\"og:image\" content=\"https:\/\/rioonwatch.org.br\/wp-content\/uploads\/2020\/11\/foto-4-Taina.png\" \/>\n\t<meta property=\"og:image:width\" content=\"1682\" \/>\n\t<meta property=\"og:image:height\" content=\"944\" \/>\n\t<meta property=\"og:image:type\" content=\"image\/png\" \/>\n<meta name=\"author\" content=\"Tatiana Lima\" \/>\n<meta name=\"twitter:card\" content=\"summary_large_image\" \/>\n<meta name=\"twitter:label1\" content=\"Escrito por\" \/>\n\t<meta name=\"twitter:data1\" content=\"Tatiana Lima\" \/>\n\t<meta name=\"twitter:label2\" content=\"Est. tempo de leitura\" \/>\n\t<meta name=\"twitter:data2\" content=\"5 minutos\" \/>\n<script type=\"application\/ld+json\" class=\"yoast-schema-graph\">{\"@context\":\"https:\/\/schema.org\",\"@graph\":[{\"@type\":\"Article\",\"@id\":\"https:\/\/rioonwatch.org.br\/?p=51403#article\",\"isPartOf\":{\"@id\":\"https:\/\/rioonwatch.org.br\/?p=51403\"},\"author\":{\"name\":\"Tatiana Lima\",\"@id\":\"https:\/\/rioonwatch.org.br\/#\/schema\/person\/8fde974ee24e219acc413d63393ec551\"},\"headline\":\"\u2018Giro 2020\u2019 Prepara Candidatos Sub-representados Para Elei\u00e7\u00f5es Municipais do Rio\",\"datePublished\":\"2020-11-09T12:58:20+00:00\",\"dateModified\":\"2021-01-26T12:51:52+00:00\",\"mainEntityOfPage\":{\"@id\":\"https:\/\/rioonwatch.org.br\/?p=51403\"},\"wordCount\":1054,\"publisher\":{\"@id\":\"https:\/\/rioonwatch.org.br\/#organization\"},\"image\":{\"@id\":\"https:\/\/rioonwatch.org.br\/?p=51403#primaryimage\"},\"thumbnailUrl\":\"https:\/\/rioonwatch.org.br\/wp-content\/uploads\/2020\/11\/Photo-1-Ana-Carolina.png\",\"keywords\":[\"Casa Fluminense\",\"coronav\u00edrus\",\"diversidade\",\"elei\u00e7\u00e3o municipal 2020\",\"Elei\u00e7\u00f5es\",\"Grande Rio\",\"IBGE\",\"pol\u00edtica p\u00fablica\",\"ra\u00e7a\",\"S\u00e9rie: Em parceria com The Rio Times\"],\"articleSection\":[\"#OlhoNaParticipa\u00e7\u00e3o\",\"Escrito por Aliados\",\"Sociedade Civil\",\"Solu\u00e7\u00f5es\"],\"inLanguage\":\"pt-BR\"},{\"@type\":\"WebPage\",\"@id\":\"https:\/\/rioonwatch.org.br\/?p=51403\",\"url\":\"https:\/\/rioonwatch.org.br\/?p=51403\",\"name\":\"\u2018Giro 2020\u2019 Prepara Candidatos Sub-representados Para Elei\u00e7\u00f5es Municipais do Rio - RioOnWatch\",\"isPartOf\":{\"@id\":\"https:\/\/rioonwatch.org.br\/#website\"},\"primaryImageOfPage\":{\"@id\":\"https:\/\/rioonwatch.org.br\/?p=51403#primaryimage\"},\"image\":{\"@id\":\"https:\/\/rioonwatch.org.br\/?p=51403#primaryimage\"},\"thumbnailUrl\":\"https:\/\/rioonwatch.org.br\/wp-content\/uploads\/2020\/11\/Photo-1-Ana-Carolina.png\",\"datePublished\":\"2020-11-09T12:58:20+00:00\",\"dateModified\":\"2021-01-26T12:51:52+00:00\",\"breadcrumb\":{\"@id\":\"https:\/\/rioonwatch.org.br\/?p=51403#breadcrumb\"},\"inLanguage\":\"pt-BR\",\"potentialAction\":[{\"@type\":\"ReadAction\",\"target\":[\"https:\/\/rioonwatch.org.br\/?p=51403\"]}]},{\"@type\":\"ImageObject\",\"inLanguage\":\"pt-BR\",\"@id\":\"https:\/\/rioonwatch.org.br\/?p=51403#primaryimage\",\"url\":\"https:\/\/rioonwatch.org.br\/wp-content\/uploads\/2020\/11\/Photo-1-Ana-Carolina.png\",\"contentUrl\":\"https:\/\/rioonwatch.org.br\/wp-content\/uploads\/2020\/11\/Photo-1-Ana-Carolina.png\",\"width\":1682,\"height\":944},{\"@type\":\"BreadcrumbList\",\"@id\":\"https:\/\/rioonwatch.org.br\/?p=51403#breadcrumb\",\"itemListElement\":[{\"@type\":\"ListItem\",\"position\":1,\"name\":\"In\u00edcio\",\"item\":\"https:\/\/rioonwatch.org.br\/\"},{\"@type\":\"ListItem\",\"position\":2,\"name\":\"\u2018Giro 2020\u2019 Prepara Candidatos Sub-representados Para Elei\u00e7\u00f5es Municipais do Rio\"}]},{\"@type\":\"WebSite\",\"@id\":\"https:\/\/rioonwatch.org.br\/#website\",\"url\":\"https:\/\/rioonwatch.org.br\/\",\"name\":\"RioOnWatch\",\"description\":\"relatos das favelas cariocas\",\"publisher\":{\"@id\":\"https:\/\/rioonwatch.org.br\/#organization\"},\"potentialAction\":[{\"@type\":\"SearchAction\",\"target\":{\"@type\":\"EntryPoint\",\"urlTemplate\":\"https:\/\/rioonwatch.org.br\/?s={search_term_string}\"},\"query-input\":{\"@type\":\"PropertyValueSpecification\",\"valueRequired\":true,\"valueName\":\"search_term_string\"}}],\"inLanguage\":\"pt-BR\"},{\"@type\":\"Organization\",\"@id\":\"https:\/\/rioonwatch.org.br\/#organization\",\"name\":\"RioOnWatch\",\"url\":\"https:\/\/rioonwatch.org.br\/\",\"logo\":{\"@type\":\"ImageObject\",\"inLanguage\":\"pt-BR\",\"@id\":\"https:\/\/rioonwatch.org.br\/#\/schema\/logo\/image\/\",\"url\":\"https:\/\/rioonwatch.org.br\/wp-content\/uploads\/2021\/06\/RioOnWatchcabecalhoPT11anos-2.png\",\"contentUrl\":\"https:\/\/rioonwatch.org.br\/wp-content\/uploads\/2021\/06\/RioOnWatchcabecalhoPT11anos-2.png\",\"width\":779,\"height\":277,\"caption\":\"RioOnWatch\"},\"image\":{\"@id\":\"https:\/\/rioonwatch.org.br\/#\/schema\/logo\/image\/\"}},{\"@type\":\"Person\",\"@id\":\"https:\/\/rioonwatch.org.br\/#\/schema\/person\/8fde974ee24e219acc413d63393ec551\",\"name\":\"Tatiana Lima\",\"image\":{\"@type\":\"ImageObject\",\"inLanguage\":\"pt-BR\",\"@id\":\"https:\/\/rioonwatch.org.br\/#\/schema\/person\/image\/\",\"url\":\"https:\/\/secure.gravatar.com\/avatar\/5fb587d000e124a9d6aae50aec42d39e?s=96&d=blank&r=g\",\"contentUrl\":\"https:\/\/secure.gravatar.com\/avatar\/5fb587d000e124a9d6aae50aec42d39e?s=96&d=blank&r=g\",\"caption\":\"Tatiana Lima\"},\"url\":\"https:\/\/rioonwatch.org.br\/?author=165\"}]}<\/script>\n<!-- \/ Yoast SEO plugin. -->","yoast_head_json":{"title":"\u2018Giro 2020\u2019 Prepara Candidatos Sub-representados Para Elei\u00e7\u00f5es Municipais do Rio - RioOnWatch","robots":{"index":"index","follow":"follow","max-snippet":"max-snippet:-1","max-image-preview":"max-image-preview:large","max-video-preview":"max-video-preview:-1"},"canonical":"https:\/\/rioonwatch.org.br\/?p=51403","og_locale":"pt_BR","og_type":"article","og_title":"\u2018Giro 2020\u2019 Prepara Candidatos Sub-representados Para Elei\u00e7\u00f5es Municipais do Rio - RioOnWatch","og_description":"Click Here for English Esta mat\u00e9ria faz parte de uma\u00a0s\u00e9rie de mat\u00e9rias sobre as elei\u00e7\u00f5es municipais de 2020, com enfoque nas perspectivas das favelas do Grande Rio, e tamb\u00e9m faz parte de nossa parceria com [...]","og_url":"https:\/\/rioonwatch.org.br\/?p=51403","og_site_name":"RioOnWatch","article_published_time":"2020-11-09T12:58:20+00:00","article_modified_time":"2021-01-26T12:51:52+00:00","og_image":[{"width":1682,"height":944,"url":"https:\/\/rioonwatch.org.br\/wp-content\/uploads\/2020\/11\/foto-4-Taina.png","type":"image\/png"}],"author":"Tatiana Lima","twitter_card":"summary_large_image","twitter_misc":{"Escrito por":"Tatiana Lima","Est. tempo de leitura":"5 minutos"},"schema":{"@context":"https:\/\/schema.org","@graph":[{"@type":"Article","@id":"https:\/\/rioonwatch.org.br\/?p=51403#article","isPartOf":{"@id":"https:\/\/rioonwatch.org.br\/?p=51403"},"author":{"name":"Tatiana Lima","@id":"https:\/\/rioonwatch.org.br\/#\/schema\/person\/8fde974ee24e219acc413d63393ec551"},"headline":"\u2018Giro 2020\u2019 Prepara Candidatos Sub-representados Para Elei\u00e7\u00f5es Municipais do Rio","datePublished":"2020-11-09T12:58:20+00:00","dateModified":"2021-01-26T12:51:52+00:00","mainEntityOfPage":{"@id":"https:\/\/rioonwatch.org.br\/?p=51403"},"wordCount":1054,"publisher":{"@id":"https:\/\/rioonwatch.org.br\/#organization"},"image":{"@id":"https:\/\/rioonwatch.org.br\/?p=51403#primaryimage"},"thumbnailUrl":"https:\/\/rioonwatch.org.br\/wp-content\/uploads\/2020\/11\/Photo-1-Ana-Carolina.png","keywords":["Casa Fluminense","coronav\u00edrus","diversidade","elei\u00e7\u00e3o municipal 2020","Elei\u00e7\u00f5es","Grande Rio","IBGE","pol\u00edtica p\u00fablica","ra\u00e7a","S\u00e9rie: Em parceria com The Rio Times"],"articleSection":["#OlhoNaParticipa\u00e7\u00e3o","Escrito por Aliados","Sociedade Civil","Solu\u00e7\u00f5es"],"inLanguage":"pt-BR"},{"@type":"WebPage","@id":"https:\/\/rioonwatch.org.br\/?p=51403","url":"https:\/\/rioonwatch.org.br\/?p=51403","name":"\u2018Giro 2020\u2019 Prepara Candidatos Sub-representados Para Elei\u00e7\u00f5es Municipais do Rio - RioOnWatch","isPartOf":{"@id":"https:\/\/rioonwatch.org.br\/#website"},"primaryImageOfPage":{"@id":"https:\/\/rioonwatch.org.br\/?p=51403#primaryimage"},"image":{"@id":"https:\/\/rioonwatch.org.br\/?p=51403#primaryimage"},"thumbnailUrl":"https:\/\/rioonwatch.org.br\/wp-content\/uploads\/2020\/11\/Photo-1-Ana-Carolina.png","datePublished":"2020-11-09T12:58:20+00:00","dateModified":"2021-01-26T12:51:52+00:00","breadcrumb":{"@id":"https:\/\/rioonwatch.org.br\/?p=51403#breadcrumb"},"inLanguage":"pt-BR","potentialAction":[{"@type":"ReadAction","target":["https:\/\/rioonwatch.org.br\/?p=51403"]}]},{"@type":"ImageObject","inLanguage":"pt-BR","@id":"https:\/\/rioonwatch.org.br\/?p=51403#primaryimage","url":"https:\/\/rioonwatch.org.br\/wp-content\/uploads\/2020\/11\/Photo-1-Ana-Carolina.png","contentUrl":"https:\/\/rioonwatch.org.br\/wp-content\/uploads\/2020\/11\/Photo-1-Ana-Carolina.png","width":1682,"height":944},{"@type":"BreadcrumbList","@id":"https:\/\/rioonwatch.org.br\/?p=51403#breadcrumb","itemListElement":[{"@type":"ListItem","position":1,"name":"In\u00edcio","item":"https:\/\/rioonwatch.org.br\/"},{"@type":"ListItem","position":2,"name":"\u2018Giro 2020\u2019 Prepara Candidatos Sub-representados Para Elei\u00e7\u00f5es Municipais do Rio"}]},{"@type":"WebSite","@id":"https:\/\/rioonwatch.org.br\/#website","url":"https:\/\/rioonwatch.org.br\/","name":"RioOnWatch","description":"relatos das favelas cariocas","publisher":{"@id":"https:\/\/rioonwatch.org.br\/#organization"},"potentialAction":[{"@type":"SearchAction","target":{"@type":"EntryPoint","urlTemplate":"https:\/\/rioonwatch.org.br\/?s={search_term_string}"},"query-input":{"@type":"PropertyValueSpecification","valueRequired":true,"valueName":"search_term_string"}}],"inLanguage":"pt-BR"},{"@type":"Organization","@id":"https:\/\/rioonwatch.org.br\/#organization","name":"RioOnWatch","url":"https:\/\/rioonwatch.org.br\/","logo":{"@type":"ImageObject","inLanguage":"pt-BR","@id":"https:\/\/rioonwatch.org.br\/#\/schema\/logo\/image\/","url":"https:\/\/rioonwatch.org.br\/wp-content\/uploads\/2021\/06\/RioOnWatchcabecalhoPT11anos-2.png","contentUrl":"https:\/\/rioonwatch.org.br\/wp-content\/uploads\/2021\/06\/RioOnWatchcabecalhoPT11anos-2.png","width":779,"height":277,"caption":"RioOnWatch"},"image":{"@id":"https:\/\/rioonwatch.org.br\/#\/schema\/logo\/image\/"}},{"@type":"Person","@id":"https:\/\/rioonwatch.org.br\/#\/schema\/person\/8fde974ee24e219acc413d63393ec551","name":"Tatiana Lima","image":{"@type":"ImageObject","inLanguage":"pt-BR","@id":"https:\/\/rioonwatch.org.br\/#\/schema\/person\/image\/","url":"https:\/\/secure.gravatar.com\/avatar\/5fb587d000e124a9d6aae50aec42d39e?s=96&d=blank&r=g","contentUrl":"https:\/\/secure.gravatar.com\/avatar\/5fb587d000e124a9d6aae50aec42d39e?s=96&d=blank&r=g","caption":"Tatiana Lima"},"url":"https:\/\/rioonwatch.org.br\/?author=165"}]}},"_links":{"self":[{"href":"https:\/\/rioonwatch.org.br\/index.php?rest_route=\/wp\/v2\/posts\/51403"}],"collection":[{"href":"https:\/\/rioonwatch.org.br\/index.php?rest_route=\/wp\/v2\/posts"}],"about":[{"href":"https:\/\/rioonwatch.org.br\/index.php?rest_route=\/wp\/v2\/types\/post"}],"author":[{"embeddable":true,"href":"https:\/\/rioonwatch.org.br\/index.php?rest_route=\/wp\/v2\/users\/165"}],"replies":[{"embeddable":true,"href":"https:\/\/rioonwatch.org.br\/index.php?rest_route=%2Fwp%2Fv2%2Fcomments&post=51403"}],"version-history":[{"count":11,"href":"https:\/\/rioonwatch.org.br\/index.php?rest_route=\/wp\/v2\/posts\/51403\/revisions"}],"predecessor-version":[{"id":53301,"href":"https:\/\/rioonwatch.org.br\/index.php?rest_route=\/wp\/v2\/posts\/51403\/revisions\/53301"}],"wp:featuredmedia":[{"embeddable":true,"href":"https:\/\/rioonwatch.org.br\/index.php?rest_route=\/wp\/v2\/media\/51404"}],"wp:attachment":[{"href":"https:\/\/rioonwatch.org.br\/index.php?rest_route=%2Fwp%2Fv2%2Fmedia&parent=51403"}],"wp:term":[{"taxonomy":"category","embeddable":true,"href":"https:\/\/rioonwatch.org.br\/index.php?rest_route=%2Fwp%2Fv2%2Fcategories&post=51403"},{"taxonomy":"post_tag","embeddable":true,"href":"https:\/\/rioonwatch.org.br\/index.php?rest_route=%2Fwp%2Fv2%2Ftags&post=51403"},{"taxonomy":"writer","embeddable":true,"href":"https:\/\/rioonwatch.org.br\/index.php?rest_route=%2Fwp%2Fv2%2Fwriter&post=51403"},{"taxonomy":"translator","embeddable":true,"href":"https:\/\/rioonwatch.org.br\/index.php?rest_route=%2Fwp%2Fv2%2Ftranslator&post=51403"},{"taxonomy":"source","embeddable":true,"href":"https:\/\/rioonwatch.org.br\/index.php?rest_route=%2Fwp%2Fv2%2Fsource&post=51403"},{"taxonomy":"ilustrador","embeddable":true,"href":"https:\/\/rioonwatch.org.br\/index.php?rest_route=%2Fwp%2Fv2%2Filustrador&post=51403"},{"taxonomy":"fotografo","embeddable":true,"href":"https:\/\/rioonwatch.org.br\/index.php?rest_route=%2Fwp%2Fv2%2Ffotografo&post=51403"}],"curies":[{"name":"wp","href":"https:\/\/api.w.org\/{rel}","templated":true}]}}