{"id":515,"date":"2010-06-20T01:37:15","date_gmt":"2010-06-20T04:37:15","guid":{"rendered":"http:\/\/favela.info\/?p=515"},"modified":"2015-08-14T23:22:44","modified_gmt":"2015-08-15T02:22:44","slug":"nao-custa-nada-lembrar","status":"publish","type":"post","link":"https:\/\/rioonwatch.org.br\/?p=515","title":{"rendered":"N\u00e3o Custa Nada Lembrar"},"content":{"rendered":"<p align=\"justify\">Todos n\u00f3s sabemos, mas n\u00e3o custa nada lembrar, <img fetchpriority=\"high\" decoding=\"async\" class=\" wp-image-575 size-thumbnail alignleft\" title=\"Sinal Fechado, AST, 58x66 cm, S\u00e9rgio Vidal, 2006\" src=\"http:\/\/rioonwatch.org.br\/wp-content\/uploads\/2010\/06\/Sinal-Fechado-AST-2006-58-X-66-cm-301x264.jpg\" alt=\"Sinal Fechado, A.S.T. 2006, S\u00e9rgio Vidal\" width=\"301\" height=\"264\" srcset=\"https:\/\/rioonwatch.org.br\/wp-content\/uploads\/2010\/06\/Sinal-Fechado-AST-2006-58-X-66-cm-301x264.jpg 301w, https:\/\/rioonwatch.org.br\/wp-content\/uploads\/2010\/06\/Sinal-Fechado-AST-2006-58-X-66-cm.jpg 386w\" sizes=\"(max-width: 301px) 100vw, 301px\" \/>que a qualidade de vida de uma popula\u00e7\u00e3o \u00e9\u00a0igual \u00e0 soma da qualidade intelecto-moral de todos os seus membros. Visto desta forma podemos concluir que os desafios que enfrentamos no nosso cotidiano, n\u00e3o somente no Rio de Janeiro, \u00e9 fruto da deficiente aten\u00e7\u00e3o que temos oferecido \u00e0 constru\u00e7\u00e3o de pessoas interessadas em desenvolver-se moralmente. Damos maior aten\u00e7\u00e3o ao desenvolvimento intelectual. Precisamos ganhar mais. . .<\/p>\n<p align=\"justify\">Para atender aos apelos da ind\u00fastria do prazer, sacrificamos as leis naturais e os princ\u00edpios de comportamento saud\u00e1vel, ou seja, n\u00e3o damos import\u00e2ncia \u00e0 \u00e9tica do car\u00e1ter. Nossos profissionais e as lideran\u00e7as, que deveriam dar exemplos de bons h\u00e1bitos, desempenham suas fun\u00e7\u00f5es visando apenas os seus direitos, esquecem-se dos seus deveres, influenciando desta forma na constru\u00e7\u00e3o de uma juventude desorientada, carente e confusa, que naturalmente vai procurar as solu\u00e7\u00f5es para suas necessidade de maneira equivocada, desarmonizando a fam\u00edlia, a comunidade, a cidade, o pais e at\u00e9 a humanidade.<img decoding=\"async\" class=\" wp-image-520 size-thumbnail alignright\" title=\"Volta da Escola, OST, 38x46cm, S\u00e9rgio Vidal\" src=\"http:\/\/rioonwatch.org.br\/wp-content\/uploads\/2010\/06\/Volta-da-Escola-OST-38x46cm-323x264.jpg\" alt=\"Volta da Escola - OST - 38x46cm quadro do Pintor Vidal\" width=\"323\" height=\"264\" srcset=\"https:\/\/rioonwatch.org.br\/wp-content\/uploads\/2010\/06\/Volta-da-Escola-OST-38x46cm-323x264.jpg 323w, https:\/\/rioonwatch.org.br\/wp-content\/uploads\/2010\/06\/Volta-da-Escola-OST-38x46cm.jpg 501w\" sizes=\"(max-width: 323px) 100vw, 323px\" \/><\/p>\n<p align=\"justify\">A meu ver reeducar a sociedade fica muito dif\u00edcil. Temos tend\u00eancia a cultuar carinhosamente os nossos h\u00e1bitos, mesmo que saibamos que alguns deles n\u00e3o s\u00e3o muito saud\u00e1veis. Irmano-me com aqueles que sugerem uma reforma na educa\u00e7\u00e3o da \u00e9tica do car\u00e1ter, a partir da vida intra uterina, apostando que nas pr\u00f3ximas gera\u00e7\u00f5es possamos ter cidad\u00e3os que curtam viver em harmonia com o universo.<\/p>\n<p>Eu acho que todo mundo sabe disso, mas n\u00e3o custa nada lembrar. . .<\/p>\n<p>S\u00e9rgio Vidal<\/p>\n<!-- AddThis Advanced Settings generic via filter on the_content --><!-- AddThis Share Buttons generic via filter on the_content -->","protected":false},"excerpt":{"rendered":"<div class=\"mh-excerpt\"><p>Todos n\u00f3s sabemos, mas n\u00e3o custa nada lembrar, que a qualidade de vida de uma popula\u00e7\u00e3o \u00e9\u00a0igual \u00e0 soma da qualidade intelecto-moral de todos os seus membros. Visto desta forma podemos concluir que os desafios <a class=\"mh-excerpt-more\" href=\"https:\/\/rioonwatch.org.br\/?p=515\" title=\"N\u00e3o Custa Nada Lembrar\">[&#8230;]<\/a><!-- AddThis Advanced Settings generic via filter on get_the_excerpt --><!-- AddThis Share Buttons generic via filter on get_the_excerpt --><\/p>\n<\/div>","protected":false},"author":5,"featured_media":15863,"comment_status":"open","ping_status":"open","sticky":false,"template":"","format":"standard","meta":{"_acf_changed":false,"_monsterinsights_skip_tracking":false,"_monsterinsights_sitenote_active":false,"_monsterinsights_sitenote_note":"","_monsterinsights_sitenote_category":0,"footnotes":""},"categories":[1625],"tags":[],"writer":[147],"translator":[],"source":[],"ilustrador":[],"fotografo":[],"class_list":{"0":"post-515","1":"post","2":"type-post","3":"status-publish","4":"format-standard","5":"has-post-thumbnail","7":"category-por-correspondentes-comunitarios","8":"writer-sergio-vidal"},"acf":[],"yoast_head":"<!-- This site is optimized with the Yoast SEO plugin v25.6 - https:\/\/yoast.com\/wordpress\/plugins\/seo\/ -->\n<title>N\u00e3o Custa Nada Lembrar - RioOnWatch<\/title>\n<meta name=\"robots\" content=\"index, follow, max-snippet:-1, max-image-preview:large, max-video-preview:-1\" \/>\n<link rel=\"canonical\" href=\"https:\/\/rioonwatch.org.br\/?p=515\" \/>\n<meta property=\"og:locale\" content=\"pt_BR\" \/>\n<meta property=\"og:type\" content=\"article\" \/>\n<meta property=\"og:title\" content=\"N\u00e3o Custa Nada Lembrar - RioOnWatch\" \/>\n<meta property=\"og:description\" content=\"Todos n\u00f3s sabemos, mas n\u00e3o custa nada lembrar, que a qualidade de vida de uma popula\u00e7\u00e3o \u00e9\u00a0igual \u00e0 soma da qualidade intelecto-moral de todos os seus membros. Visto desta forma podemos concluir que os desafios [...]\" \/>\n<meta property=\"og:url\" content=\"https:\/\/rioonwatch.org.br\/?p=515\" \/>\n<meta property=\"og:site_name\" content=\"RioOnWatch\" \/>\n<meta property=\"article:published_time\" content=\"2010-06-20T04:37:15+00:00\" \/>\n<meta property=\"article:modified_time\" content=\"2015-08-15T02:22:44+00:00\" \/>\n<meta property=\"og:image\" content=\"https:\/\/rioonwatch.org.br\/wp-content\/uploads\/2010\/06\/Volta-da-Escola-OST-38x46cm1.jpg\" \/>\n\t<meta property=\"og:image:width\" content=\"501\" \/>\n\t<meta property=\"og:image:height\" content=\"410\" \/>\n\t<meta property=\"og:image:type\" content=\"image\/jpeg\" \/>\n<meta name=\"author\" content=\"Tiago\" \/>\n<meta name=\"twitter:card\" content=\"summary_large_image\" \/>\n<meta name=\"twitter:label1\" content=\"Escrito por\" \/>\n\t<meta name=\"twitter:data1\" content=\"Tiago\" \/>\n\t<meta name=\"twitter:label2\" content=\"Est. tempo de leitura\" \/>\n\t<meta name=\"twitter:data2\" content=\"1 minuto\" \/>\n<script type=\"application\/ld+json\" class=\"yoast-schema-graph\">{\"@context\":\"https:\/\/schema.org\",\"@graph\":[{\"@type\":\"Article\",\"@id\":\"https:\/\/rioonwatch.org.br\/?p=515#article\",\"isPartOf\":{\"@id\":\"https:\/\/rioonwatch.org.br\/?p=515\"},\"author\":{\"name\":\"Tiago\",\"@id\":\"https:\/\/rioonwatch.org.br\/#\/schema\/person\/7c54ce0a929f914709db001584daa6ee\"},\"headline\":\"N\u00e3o Custa Nada Lembrar\",\"datePublished\":\"2010-06-20T04:37:15+00:00\",\"dateModified\":\"2015-08-15T02:22:44+00:00\",\"mainEntityOfPage\":{\"@id\":\"https:\/\/rioonwatch.org.br\/?p=515\"},\"wordCount\":268,\"commentCount\":0,\"publisher\":{\"@id\":\"https:\/\/rioonwatch.org.br\/#organization\"},\"image\":{\"@id\":\"https:\/\/rioonwatch.org.br\/?p=515#primaryimage\"},\"thumbnailUrl\":\"https:\/\/rioonwatch.org.br\/wp-content\/uploads\/2010\/06\/Volta-da-Escola-OST-38x46cm1.jpg\",\"articleSection\":[\"Escrito por Comunicadores Populares\"],\"inLanguage\":\"pt-BR\",\"potentialAction\":[{\"@type\":\"CommentAction\",\"name\":\"Comment\",\"target\":[\"https:\/\/rioonwatch.org.br\/?p=515#respond\"]}]},{\"@type\":\"WebPage\",\"@id\":\"https:\/\/rioonwatch.org.br\/?p=515\",\"url\":\"https:\/\/rioonwatch.org.br\/?p=515\",\"name\":\"N\u00e3o Custa Nada Lembrar - RioOnWatch\",\"isPartOf\":{\"@id\":\"https:\/\/rioonwatch.org.br\/#website\"},\"primaryImageOfPage\":{\"@id\":\"https:\/\/rioonwatch.org.br\/?p=515#primaryimage\"},\"image\":{\"@id\":\"https:\/\/rioonwatch.org.br\/?p=515#primaryimage\"},\"thumbnailUrl\":\"https:\/\/rioonwatch.org.br\/wp-content\/uploads\/2010\/06\/Volta-da-Escola-OST-38x46cm1.jpg\",\"datePublished\":\"2010-06-20T04:37:15+00:00\",\"dateModified\":\"2015-08-15T02:22:44+00:00\",\"breadcrumb\":{\"@id\":\"https:\/\/rioonwatch.org.br\/?p=515#breadcrumb\"},\"inLanguage\":\"pt-BR\",\"potentialAction\":[{\"@type\":\"ReadAction\",\"target\":[\"https:\/\/rioonwatch.org.br\/?p=515\"]}]},{\"@type\":\"ImageObject\",\"inLanguage\":\"pt-BR\",\"@id\":\"https:\/\/rioonwatch.org.br\/?p=515#primaryimage\",\"url\":\"https:\/\/rioonwatch.org.br\/wp-content\/uploads\/2010\/06\/Volta-da-Escola-OST-38x46cm1.jpg\",\"contentUrl\":\"https:\/\/rioonwatch.org.br\/wp-content\/uploads\/2010\/06\/Volta-da-Escola-OST-38x46cm1.jpg\",\"width\":501,\"height\":410},{\"@type\":\"BreadcrumbList\",\"@id\":\"https:\/\/rioonwatch.org.br\/?p=515#breadcrumb\",\"itemListElement\":[{\"@type\":\"ListItem\",\"position\":1,\"name\":\"In\u00edcio\",\"item\":\"https:\/\/rioonwatch.org.br\/\"},{\"@type\":\"ListItem\",\"position\":2,\"name\":\"N\u00e3o Custa Nada Lembrar\"}]},{\"@type\":\"WebSite\",\"@id\":\"https:\/\/rioonwatch.org.br\/#website\",\"url\":\"https:\/\/rioonwatch.org.br\/\",\"name\":\"RioOnWatch\",\"description\":\"relatos das favelas cariocas\",\"publisher\":{\"@id\":\"https:\/\/rioonwatch.org.br\/#organization\"},\"potentialAction\":[{\"@type\":\"SearchAction\",\"target\":{\"@type\":\"EntryPoint\",\"urlTemplate\":\"https:\/\/rioonwatch.org.br\/?s={search_term_string}\"},\"query-input\":{\"@type\":\"PropertyValueSpecification\",\"valueRequired\":true,\"valueName\":\"search_term_string\"}}],\"inLanguage\":\"pt-BR\"},{\"@type\":\"Organization\",\"@id\":\"https:\/\/rioonwatch.org.br\/#organization\",\"name\":\"RioOnWatch\",\"url\":\"https:\/\/rioonwatch.org.br\/\",\"logo\":{\"@type\":\"ImageObject\",\"inLanguage\":\"pt-BR\",\"@id\":\"https:\/\/rioonwatch.org.br\/#\/schema\/logo\/image\/\",\"url\":\"https:\/\/rioonwatch.org.br\/wp-content\/uploads\/2021\/06\/RioOnWatchcabecalhoPT11anos-2.png\",\"contentUrl\":\"https:\/\/rioonwatch.org.br\/wp-content\/uploads\/2021\/06\/RioOnWatchcabecalhoPT11anos-2.png\",\"width\":779,\"height\":277,\"caption\":\"RioOnWatch\"},\"image\":{\"@id\":\"https:\/\/rioonwatch.org.br\/#\/schema\/logo\/image\/\"}},{\"@type\":\"Person\",\"@id\":\"https:\/\/rioonwatch.org.br\/#\/schema\/person\/7c54ce0a929f914709db001584daa6ee\",\"name\":\"Tiago\",\"image\":{\"@type\":\"ImageObject\",\"inLanguage\":\"pt-BR\",\"@id\":\"https:\/\/rioonwatch.org.br\/#\/schema\/person\/image\/\",\"url\":\"https:\/\/secure.gravatar.com\/avatar\/886b123583861b1f9e1b1393972b9aeb?s=96&d=blank&r=g\",\"contentUrl\":\"https:\/\/secure.gravatar.com\/avatar\/886b123583861b1f9e1b1393972b9aeb?s=96&d=blank&r=g\",\"caption\":\"Tiago\"},\"url\":\"https:\/\/rioonwatch.org.br\/?author=5\"}]}<\/script>\n<!-- \/ Yoast SEO plugin. -->","yoast_head_json":{"title":"N\u00e3o Custa Nada Lembrar - RioOnWatch","robots":{"index":"index","follow":"follow","max-snippet":"max-snippet:-1","max-image-preview":"max-image-preview:large","max-video-preview":"max-video-preview:-1"},"canonical":"https:\/\/rioonwatch.org.br\/?p=515","og_locale":"pt_BR","og_type":"article","og_title":"N\u00e3o Custa Nada Lembrar - RioOnWatch","og_description":"Todos n\u00f3s sabemos, mas n\u00e3o custa nada lembrar, que a qualidade de vida de uma popula\u00e7\u00e3o \u00e9\u00a0igual \u00e0 soma da qualidade intelecto-moral de todos os seus membros. Visto desta forma podemos concluir que os desafios [...]","og_url":"https:\/\/rioonwatch.org.br\/?p=515","og_site_name":"RioOnWatch","article_published_time":"2010-06-20T04:37:15+00:00","article_modified_time":"2015-08-15T02:22:44+00:00","og_image":[{"width":501,"height":410,"url":"https:\/\/rioonwatch.org.br\/wp-content\/uploads\/2010\/06\/Volta-da-Escola-OST-38x46cm1.jpg","type":"image\/jpeg"}],"author":"Tiago","twitter_card":"summary_large_image","twitter_misc":{"Escrito por":"Tiago","Est. tempo de leitura":"1 minuto"},"schema":{"@context":"https:\/\/schema.org","@graph":[{"@type":"Article","@id":"https:\/\/rioonwatch.org.br\/?p=515#article","isPartOf":{"@id":"https:\/\/rioonwatch.org.br\/?p=515"},"author":{"name":"Tiago","@id":"https:\/\/rioonwatch.org.br\/#\/schema\/person\/7c54ce0a929f914709db001584daa6ee"},"headline":"N\u00e3o Custa Nada Lembrar","datePublished":"2010-06-20T04:37:15+00:00","dateModified":"2015-08-15T02:22:44+00:00","mainEntityOfPage":{"@id":"https:\/\/rioonwatch.org.br\/?p=515"},"wordCount":268,"commentCount":0,"publisher":{"@id":"https:\/\/rioonwatch.org.br\/#organization"},"image":{"@id":"https:\/\/rioonwatch.org.br\/?p=515#primaryimage"},"thumbnailUrl":"https:\/\/rioonwatch.org.br\/wp-content\/uploads\/2010\/06\/Volta-da-Escola-OST-38x46cm1.jpg","articleSection":["Escrito por Comunicadores Populares"],"inLanguage":"pt-BR","potentialAction":[{"@type":"CommentAction","name":"Comment","target":["https:\/\/rioonwatch.org.br\/?p=515#respond"]}]},{"@type":"WebPage","@id":"https:\/\/rioonwatch.org.br\/?p=515","url":"https:\/\/rioonwatch.org.br\/?p=515","name":"N\u00e3o Custa Nada Lembrar - RioOnWatch","isPartOf":{"@id":"https:\/\/rioonwatch.org.br\/#website"},"primaryImageOfPage":{"@id":"https:\/\/rioonwatch.org.br\/?p=515#primaryimage"},"image":{"@id":"https:\/\/rioonwatch.org.br\/?p=515#primaryimage"},"thumbnailUrl":"https:\/\/rioonwatch.org.br\/wp-content\/uploads\/2010\/06\/Volta-da-Escola-OST-38x46cm1.jpg","datePublished":"2010-06-20T04:37:15+00:00","dateModified":"2015-08-15T02:22:44+00:00","breadcrumb":{"@id":"https:\/\/rioonwatch.org.br\/?p=515#breadcrumb"},"inLanguage":"pt-BR","potentialAction":[{"@type":"ReadAction","target":["https:\/\/rioonwatch.org.br\/?p=515"]}]},{"@type":"ImageObject","inLanguage":"pt-BR","@id":"https:\/\/rioonwatch.org.br\/?p=515#primaryimage","url":"https:\/\/rioonwatch.org.br\/wp-content\/uploads\/2010\/06\/Volta-da-Escola-OST-38x46cm1.jpg","contentUrl":"https:\/\/rioonwatch.org.br\/wp-content\/uploads\/2010\/06\/Volta-da-Escola-OST-38x46cm1.jpg","width":501,"height":410},{"@type":"BreadcrumbList","@id":"https:\/\/rioonwatch.org.br\/?p=515#breadcrumb","itemListElement":[{"@type":"ListItem","position":1,"name":"In\u00edcio","item":"https:\/\/rioonwatch.org.br\/"},{"@type":"ListItem","position":2,"name":"N\u00e3o Custa Nada Lembrar"}]},{"@type":"WebSite","@id":"https:\/\/rioonwatch.org.br\/#website","url":"https:\/\/rioonwatch.org.br\/","name":"RioOnWatch","description":"relatos das favelas cariocas","publisher":{"@id":"https:\/\/rioonwatch.org.br\/#organization"},"potentialAction":[{"@type":"SearchAction","target":{"@type":"EntryPoint","urlTemplate":"https:\/\/rioonwatch.org.br\/?s={search_term_string}"},"query-input":{"@type":"PropertyValueSpecification","valueRequired":true,"valueName":"search_term_string"}}],"inLanguage":"pt-BR"},{"@type":"Organization","@id":"https:\/\/rioonwatch.org.br\/#organization","name":"RioOnWatch","url":"https:\/\/rioonwatch.org.br\/","logo":{"@type":"ImageObject","inLanguage":"pt-BR","@id":"https:\/\/rioonwatch.org.br\/#\/schema\/logo\/image\/","url":"https:\/\/rioonwatch.org.br\/wp-content\/uploads\/2021\/06\/RioOnWatchcabecalhoPT11anos-2.png","contentUrl":"https:\/\/rioonwatch.org.br\/wp-content\/uploads\/2021\/06\/RioOnWatchcabecalhoPT11anos-2.png","width":779,"height":277,"caption":"RioOnWatch"},"image":{"@id":"https:\/\/rioonwatch.org.br\/#\/schema\/logo\/image\/"}},{"@type":"Person","@id":"https:\/\/rioonwatch.org.br\/#\/schema\/person\/7c54ce0a929f914709db001584daa6ee","name":"Tiago","image":{"@type":"ImageObject","inLanguage":"pt-BR","@id":"https:\/\/rioonwatch.org.br\/#\/schema\/person\/image\/","url":"https:\/\/secure.gravatar.com\/avatar\/886b123583861b1f9e1b1393972b9aeb?s=96&d=blank&r=g","contentUrl":"https:\/\/secure.gravatar.com\/avatar\/886b123583861b1f9e1b1393972b9aeb?s=96&d=blank&r=g","caption":"Tiago"},"url":"https:\/\/rioonwatch.org.br\/?author=5"}]}},"_links":{"self":[{"href":"https:\/\/rioonwatch.org.br\/index.php?rest_route=\/wp\/v2\/posts\/515"}],"collection":[{"href":"https:\/\/rioonwatch.org.br\/index.php?rest_route=\/wp\/v2\/posts"}],"about":[{"href":"https:\/\/rioonwatch.org.br\/index.php?rest_route=\/wp\/v2\/types\/post"}],"author":[{"embeddable":true,"href":"https:\/\/rioonwatch.org.br\/index.php?rest_route=\/wp\/v2\/users\/5"}],"replies":[{"embeddable":true,"href":"https:\/\/rioonwatch.org.br\/index.php?rest_route=%2Fwp%2Fv2%2Fcomments&post=515"}],"version-history":[{"count":12,"href":"https:\/\/rioonwatch.org.br\/index.php?rest_route=\/wp\/v2\/posts\/515\/revisions"}],"predecessor-version":[{"id":15862,"href":"https:\/\/rioonwatch.org.br\/index.php?rest_route=\/wp\/v2\/posts\/515\/revisions\/15862"}],"wp:featuredmedia":[{"embeddable":true,"href":"https:\/\/rioonwatch.org.br\/index.php?rest_route=\/wp\/v2\/media\/15863"}],"wp:attachment":[{"href":"https:\/\/rioonwatch.org.br\/index.php?rest_route=%2Fwp%2Fv2%2Fmedia&parent=515"}],"wp:term":[{"taxonomy":"category","embeddable":true,"href":"https:\/\/rioonwatch.org.br\/index.php?rest_route=%2Fwp%2Fv2%2Fcategories&post=515"},{"taxonomy":"post_tag","embeddable":true,"href":"https:\/\/rioonwatch.org.br\/index.php?rest_route=%2Fwp%2Fv2%2Ftags&post=515"},{"taxonomy":"writer","embeddable":true,"href":"https:\/\/rioonwatch.org.br\/index.php?rest_route=%2Fwp%2Fv2%2Fwriter&post=515"},{"taxonomy":"translator","embeddable":true,"href":"https:\/\/rioonwatch.org.br\/index.php?rest_route=%2Fwp%2Fv2%2Ftranslator&post=515"},{"taxonomy":"source","embeddable":true,"href":"https:\/\/rioonwatch.org.br\/index.php?rest_route=%2Fwp%2Fv2%2Fsource&post=515"},{"taxonomy":"ilustrador","embeddable":true,"href":"https:\/\/rioonwatch.org.br\/index.php?rest_route=%2Fwp%2Fv2%2Filustrador&post=515"},{"taxonomy":"fotografo","embeddable":true,"href":"https:\/\/rioonwatch.org.br\/index.php?rest_route=%2Fwp%2Fv2%2Ffotografo&post=515"}],"curies":[{"name":"wp","href":"https:\/\/api.w.org\/{rel}","templated":true}]}}