{"id":51515,"date":"2020-11-13T15:36:22","date_gmt":"2020-11-13T18:36:22","guid":{"rendered":"https:\/\/rioonwatch.org.br\/?p=51515"},"modified":"2020-11-18T23:19:21","modified_gmt":"2020-11-19T02:19:21","slug":"as-eleicoes-municipais-na-periferia-de-duque-de-caxias-e-a-politica-do-cansaco","status":"publish","type":"post","link":"https:\/\/rioonwatch.org.br\/?p=51515","title":{"rendered":"As Elei\u00e7\u00f5es Municipais na Periferia de Duque de Caxias e a Pol\u00edtica do Cansa\u00e7o"},"content":{"rendered":"<p style=\"text-align: right;\"><em><strong><a href=\"https:\/\/bit.ly\/36LE0Bh\" target=\"_blank\" rel=\"noopener noreferrer\">Click Here for English<\/a><a href=\"https:\/\/bit.ly\/36LE0Bh\" target=\"_blank\" rel=\"noopener noreferrer\"><img decoding=\"async\" width=\"20\" height=\"20\" class=\"alignright wp-image-15790\" src=\"https:\/\/rioonwatch.org.br\/wp-content\/uploads\/2012\/08\/EN-standard-e1439583104716.jpg\" \/><\/a><\/strong><\/em><\/p>\n<p><em>Esta mat\u00e9ria faz parte de uma <a href=\"https:\/\/bit.ly\/EleicaoRio2020\" target=\"_blank\" rel=\"noopener noreferrer\">s\u00e9rie de mat\u00e9rias sobre as elei\u00e7\u00f5es municipais de 2020<\/a>, com enfoque nas perspectivas das favelas do Grande Rio.<\/em><\/p>\n<h3>Expectativas com as Promessas de Candidatos se Esvaem com o Tempo<\/h3>\n<p>Que din\u00e2micas o comportamento eleitoral evidencia com o passar do tempo, em meio a tantas <a href=\"http:\/\/bit.ly\/2kuz0x2\" target=\"_blank\" rel=\"noopener noreferrer\">promessas n\u00e3o cumpridas<\/a> e expectativas frustradas? Como os eleitores agem em rela\u00e7\u00e3o ao voto ou de que maneira respondem a este processo nos dias de hoje?\u00a0A pandemia do novo <a href=\"https:\/\/bit.ly\/2QZjDJI\" target=\"_blank\" rel=\"noopener noreferrer\">coronav\u00edrus<\/a>, que explicitou <a href=\"https:\/\/bit.ly\/2yPgaYv\" target=\"_blank\" rel=\"noopener noreferrer\">de forma perversa a aus\u00eancia do poder p\u00fablico<\/a> em promover um gerenciamento eficiente da crise humanit\u00e1ria nas favelas e em outras periferias, pode influenciar as escolhas no certame deste ano?<\/p>\n<p>Para saber um pouco mais sobre como as indaga\u00e7\u00f5es s\u00e3o percebidas por eleitores que vivem na periferia de Duque de Caxias, foram entrevistados tr\u00eas moradores do bairro\u00a0<a href=\"http:\/\/bit.ly\/2zOxRFa\" target=\"_blank\" rel=\"noopener noreferrer\">Pantanal<\/a>, em <a href=\"http:\/\/bit.ly\/2KMwrB3\" target=\"_blank\" rel=\"noopener noreferrer\">Duque de Caxias<\/a>, na <a href=\"http:\/\/bit.ly\/2XXECxy\" target=\"_blank\" rel=\"noopener noreferrer\">Baixada Fluminense<\/a>. No Pantanal n\u00e3o h\u00e1 creches nem <a href=\"http:\/\/bit.ly\/2Cr3jvZ\" target=\"_blank\" rel=\"noopener noreferrer\">UPAs<\/a>, falta esgotamento sanit\u00e1rio adequado em quase todas as ruas, situa\u00e7\u00e3o que se soma a problemas de mobilidade que se perpetuam por anos na localidade.<\/p>\n<p>Ainda em 2018, \u00e0s v\u00e9speras das \u00faltimas elei\u00e7\u00f5es gerais\u2014quando o pleito elegeu presidente da Rep\u00fablica, governadores, senadores, deputados estaduais e federais\u2014visitamos pela primeira vez o bairro do Pantanal para uma <a href=\"http:\/\/bit.ly\/30GWTAn\" target=\"_blank\" rel=\"noopener noreferrer\">mat\u00e9ria no <em>RioOnWatch<\/em><\/a>\u2014conversamos muito sobre a an\u00e1lise de conjuntura dos moradores sobre o certame eleitoral. Na ocasi\u00e3o, ouvimos tr\u00eas moradores: Juliana Maia, guia de turismo e uma das idealizadoras do projeto social <a href=\"http:\/\/bit.ly\/2SxU70g\" target=\"_blank\" rel=\"noopener noreferrer\">Fam\u00edlia Lanatanpa<\/a>, que <a href=\"http:\/\/bit.ly\/2XYMOl3\" target=\"_blank\" rel=\"noopener noreferrer\">dissemina a cultura hip hop<\/a> e rodas de conversa sobre temas variados para a juventude local, Jonathan Farias, comerciante, e Gabriel Goulart, um jovem barbeiro de 20 anos.<\/p>\n<p><a href=\"https:\/\/rioonwatch.org.br\/wp-content\/uploads\/2020\/11\/Juliana-Johnatan-e-Gabriel-moradores-do-Pantanal-Duque-de-Caxias-antes-das-Eleicoes-2018-expondo-suas-expectativas-para-as-eleicoes-locais-daquele-ano.-Foto-por-Fabio-Leon.-scaled.jpg\"><img fetchpriority=\"high\" decoding=\"async\" class=\"aligncenter wp-image-51526 size-content\" title=\"Elei\u00e7\u00f5es 2018: Juliana, Jonathan e Gabriel, moradores do Pantanal, Duque de Caxias, antes das Elei\u00e7\u00f5es, para expor suas expectativas para as elei\u00e7\u00f5es locais daquele ano. Foto por: Fabio Leon\" src=\"https:\/\/rioonwatch.org.br\/wp-content\/uploads\/2020\/11\/Juliana-Johnatan-e-Gabriel-moradores-do-Pantanal-Duque-de-Caxias-antes-das-Eleicoes-2018-expondo-suas-expectativas-para-as-eleicoes-locais-daquele-ano.-Foto-por-Fabio-Leon.-620x264.jpg\" alt=\"Elei\u00e7\u00f5es 2018: Juliana, Jonathan e Gabriel, moradores do Pantanal, Duque de Caxias, antes das Elei\u00e7\u00f5es, para expor suas expectativas para as elei\u00e7\u00f5es locais daquele ano. Foto por: Fabio Leon.\" width=\"620\" height=\"264\" srcset=\"https:\/\/rioonwatch.org.br\/wp-content\/uploads\/2020\/11\/Juliana-Johnatan-e-Gabriel-moradores-do-Pantanal-Duque-de-Caxias-antes-das-Eleicoes-2018-expondo-suas-expectativas-para-as-eleicoes-locais-daquele-ano.-Foto-por-Fabio-Leon.-620x264.jpg 620w, https:\/\/rioonwatch.org.br\/wp-content\/uploads\/2020\/11\/Juliana-Johnatan-e-Gabriel-moradores-do-Pantanal-Duque-de-Caxias-antes-das-Eleicoes-2018-expondo-suas-expectativas-para-as-eleicoes-locais-daquele-ano.-Foto-por-Fabio-Leon.-940x400.jpg 940w\" sizes=\"(max-width: 620px) 100vw, 620px\" \/><\/a><\/p>\n<p>Desta vez, \u00e0s portas das <a href=\"https:\/\/bit.ly\/3mqCYAR\" target=\"_blank\" rel=\"noopener noreferrer\">elei\u00e7\u00f5es municipais de 2020<\/a>, n\u00e3o conseguimos localizar os dois rapazes para essa segunda conversa sobre as elei\u00e7\u00f5es. O time de entrevistados contou com a mesma Juliana Maia, desta vez acompanhada de Orlando S\u00e9rgio, aposentado, e da nutricionista Olga C\u00e9sar. Todos os participantes t\u00eam em comum o fato de terem passado suas vidas no Pantanal.<\/p>\n<p>Mas o que tempo ensinou ao trio sobre promessas n\u00e3o cumpridas a cada ano eleitoral? Como esse ciclo de eternas repeti\u00e7\u00f5es impacta suas vidas?\u00a0 Na opini\u00e3o de Juliana, parte do que se vive nessa comunidade est\u00e1 diretamente relacionado a uma concord\u00e2ncia inconveniente dos pr\u00f3prios moradores.<\/p>\n<p>\u201cSe a pessoa [o candidato] vem aqui a cada quatro anos e agrada, o povo vai e dan\u00e7a conforme a m\u00fasica. A perda da mem\u00f3ria tamb\u00e9m \u00e9 um problema, os eleitores se esquecem r\u00e1pido demais. Eles est\u00e3o errados, mas n\u00f3s, enquanto popula\u00e7\u00e3o, tamb\u00e9m contribu\u00edmos para isso\u201d, diz ela.<\/p>\n<p><a href=\"https:\/\/rioonwatch.org.br\/wp-content\/uploads\/2020\/11\/DAESQU2-scaled.jpg\"><img decoding=\"async\" class=\"aligncenter wp-image-51528 size-content\" title=\"Elei\u00e7\u00f5es 2020: Da esquerda para a direita, Olga C\u00e9sar (nutricionista), Orlando S\u00e9rgio (aposentado) e Juliana Maia (guia de turismo e idealizadora do projeto social Fam\u00edlia Lanatanpa), moradores do Pantanal, Duque de Caxias. Foto por: Fabio Leon\" src=\"https:\/\/rioonwatch.org.br\/wp-content\/uploads\/2020\/11\/DAESQU2-620x264.jpg\" alt=\"Elei\u00e7\u00f5es 2020: Da esquerda para a direita, Olga C\u00e9sar (nutricionista), Orlando S\u00e9rgio (aposentado) e Juliana Maia (guia de turismo e idealizadora do projeto social Fam\u00edlia Lanatanpa), moradores do Pantanal, Duque de Caxias. Foto por: Fabio Leon.\" width=\"620\" height=\"264\" srcset=\"https:\/\/rioonwatch.org.br\/wp-content\/uploads\/2020\/11\/DAESQU2-620x264.jpg 620w, https:\/\/rioonwatch.org.br\/wp-content\/uploads\/2020\/11\/DAESQU2-940x400.jpg 940w\" sizes=\"(max-width: 620px) 100vw, 620px\" \/><\/a><\/p>\n<p>Orlando traz um outro elemento que contribui para esse cen\u00e1rio pol\u00edtico local: o calor do momento.<\/p>\n<p>\u201cO cara vem aqui, promete que vai trazer escola, <a href=\"https:\/\/bit.ly\/3aWAO7I\" target=\"_blank\" rel=\"noopener noreferrer\">UPA<\/a>, etc. Faz uma festa, um churrasquinho, o pessoal diz que vai votar nele e vai embora. Dois anos depois \u00e9 a mesma coisa. A popula\u00e7\u00e3o sempre vai acreditar que algo vai mudar\u201d, diz ele que mora h\u00e1 44 anos no bairro e afirma \u201cnunca ter visto nada de bom [vindo dos pol\u00edticos]\u201d.<\/p>\n<p>Olga diz que os pol\u00edticos se aproveitam do esquecimento. Eles sabem que dessa premissa est\u00e1 uma de suas armas mais poderosas, pois o esquecimento torna poss\u00edvel repetir numa pr\u00f3xima vez o que foi dito antes e antes e antes. \u201cSe cada um pensasse que o voto \u00e9 a principal porta de entrada para seu futuro, jamais votariam nas mesmas pessoas. Mas o povo se vende muito f\u00e1cil por t\u00e3o pouco.\u201d<\/p>\n<h3>Esperan\u00e7a Roubada<\/h3>\n<p><a href=\"https:\/\/rioonwatch.org.br\/wp-content\/uploads\/2020\/11\/Rua-no-Morro-do-Sossego-Pantanal-Duque-de-Caxias.-Foto-por-Marilza-Floriano-Barbosa.-e1605015300113.jpeg\"><img loading=\"lazy\" decoding=\"async\" class=\"alignright wp-image-51530\" title=\"Rua no Morro do Sossego, Pantanal, Duque de Caxias. Foto por Marilza Floriano Barbosa\" src=\"https:\/\/rioonwatch.org.br\/wp-content\/uploads\/2020\/11\/Rua-no-Morro-do-Sossego-Pantanal-Duque-de-Caxias.-Foto-por-Marilza-Floriano-Barbosa.-e1605015300113-496x264.jpeg\" alt=\"Rua no Morro do Sossego, Pantanal, Duque de Caxias. Foto por Marilza Floriano Barbosa.\" width=\"300\" height=\"298\" srcset=\"https:\/\/rioonwatch.org.br\/wp-content\/uploads\/2020\/11\/Rua-no-Morro-do-Sossego-Pantanal-Duque-de-Caxias.-Foto-por-Marilza-Floriano-Barbosa.-e1605015300113-266x264.jpeg 266w, https:\/\/rioonwatch.org.br\/wp-content\/uploads\/2020\/11\/Rua-no-Morro-do-Sossego-Pantanal-Duque-de-Caxias.-Foto-por-Marilza-Floriano-Barbosa.-e1605015300113.jpeg 496w\" sizes=\"(max-width: 300px) 100vw, 300px\" \/><\/a>Juliana Maia, moradora h\u00e1 37 anos do Pantanal, conta que sua maior frustra\u00e7\u00e3o foi seu projeto, o Fam\u00edlia Lanatanpa, n\u00e3o ter conseguido despertar a consci\u00eancia cr\u00edtica em todos os moradores sobre o qu\u00e3o enganados s\u00e3o todos os anos.<\/p>\n<p>\u201cTalvez essas promessas teriam tido um pouco mais de consist\u00eancia se tudo o que foi dito e trabalhado em nossas rodas de conversa a respeito da responsabilidade pol\u00edtico-partid\u00e1ria fosse absorvido. Cai tudo terra abaixo quando chega um malandro aqui querendo voto. Isso me decepciona muito. N\u00e3o \u00e9 apenas um prefeito que abandonou Duque de Caxias, foram v\u00e1rios!\u201d, diz Juliana.<\/p>\n<p>Olga lamenta que bairros perif\u00e9ricos de Caxias n\u00e3o disponham de tantos sistemas tecnol\u00f3gicos de monitoramento e controle, como os circuitos internos de TV (CCTV), como observado nas ruas e nos estabelecimentos comerciais dos grandes centros urbanos, incluindo os da Baixada Fluminense. Na percep\u00e7\u00e3o de Olga, se o Pantanal dispusesse destes sistemas em maior quantidade, mortes, como as do seu pai e de um primo, assassinados no mesmo ano, poderiam ter sido evitadas. O corpo do primo s\u00f3 foi localizado dias depois como indigente, j\u00e1 que estava sem documentos. \u201cN\u00e3o se investe em seguran\u00e7a nesse pa\u00eds\u201d, diz Olga que afirma que a regi\u00e3o \u00e9 rota de fuga para ladr\u00f5es de carro de outras localidades e persegui\u00e7\u00f5es policiais frequentemente colocam em risco a vida dos moradores.<\/p>\n<h3>Elei\u00e7\u00f5es e Pandemia<\/h3>\n<p>Desde que a maior crise sanit\u00e1ria do s\u00e9culo XXI <a href=\"https:\/\/glo.bo\/36hhxMk\" target=\"_blank\" rel=\"noopener noreferrer\">chegou ao Brasil<\/a>, em mar\u00e7o desse ano, v\u00e1rias not\u00edcias de <a href=\"https:\/\/bit.ly\/3igtpCZ\" target=\"_blank\" rel=\"noopener noreferrer\">ajuda humanit\u00e1ria organizada por coletivos perif\u00e9ricos locais<\/a> circularam em grande quantidade. Mais uma vez, o poder p\u00fablico empreendeu <a href=\"https:\/\/bit.ly\/3j94W3c\" target=\"_blank\" rel=\"noopener noreferrer\">esfor\u00e7os insuficientes para fornecer amparo<\/a> \u00e0s comunidades pobres que precisaram de praticamente tudo: comida, <a href=\"https:\/\/bit.ly\/2UOQlQG\" target=\"_blank\" rel=\"noopener noreferrer\">\u00e1gua<\/a>, <a href=\"https:\/\/bit.ly\/38t3HZW\" target=\"_blank\" rel=\"noopener noreferrer\">aux\u00edlio emergencial<\/a>, material de higiene pessoal, etc. O governo do Estado e a maioria das prefeituras fomentaram mais um epis\u00f3dio de omiss\u00e3o hist\u00f3rica, atrapalhando mais do que ajudando em um vasto cotidiano de <a href=\"https:\/\/bit.ly\/2YQbMTP\" target=\"_blank\" rel=\"noopener noreferrer\">necropol\u00edticas<\/a>. Foram executadas algumas iniciativas significativas, como a da <a href=\"https:\/\/bit.ly\/2x7dVPc\" target=\"_blank\" rel=\"noopener noreferrer\">Defensoria P\u00fablica do Estado do Rio de Janeiro<\/a>, que praticamente intimou a <a href=\"http:\/\/bit.ly\/2M6oZlG\" target=\"_blank\" rel=\"noopener noreferrer\">CEDAE<\/a> para que a <a href=\"https:\/\/bit.ly\/2UOQlQG\" target=\"_blank\" rel=\"noopener noreferrer\">distribui\u00e7\u00e3o de \u00e1gua<\/a> tivesse sua cobertura ampliada ou at\u00e9 mesmo reativada em diversos <a href=\"https:\/\/bit.ly\/2QOF5B2\" target=\"_blank\" rel=\"noopener noreferrer\">territ\u00f3rios economicamente vulnerabilizados<\/a>.\u00a0Mas que influ\u00eancias esse cen\u00e1rio deve desencadear nos processos decis\u00f3rios de eleitores perif\u00e9ricos em 2020?<\/p>\n<p>&#8220;Isso tudo s\u00f3 serviu para dizer que <a href=\"https:\/\/bit.ly\/2YbqB34\" target=\"_blank\" rel=\"noopener noreferrer\">ningu\u00e9m est\u00e1 preocupado com a gente<\/a>. Se conseguirmos passar por essa pandemia vivos, isso significa que podemos dar conta de qualquer coisa. Se o recado era que &#8216;voc\u00eas bando de pobre v\u00e3o tudo <a href=\"https:\/\/bit.ly\/2yPgaYv\" target=\"_blank\" rel=\"noopener noreferrer\">morrer porque falta tudo<\/a>&#8216;, eu digo, n\u00f3s vamos sobreviver. Quando precisamos de voc\u00eas [do governo], n\u00e3o apareceram. Voc\u00eas \u00e9 que precisar\u00e3o da gente&#8221;, afirma Juliana.<\/p>\n<p>Olga pensa um pouco diferente. Para ela, a maioria dos pol\u00edticos continuar\u00e3o a agir como sempre agiram. \u201c[Na hora de se eleger] eles sempre v\u00e3o ajudar a quem precisa, e essas pessoas v\u00e3o se encantar com o gesto carinhoso dos candidatos e candidatas. Porque as comunidades est\u00e3o sempre sozinhas. A pol\u00edtica n\u00e3o chega na comunidade. Ela [a comunidade] sempre se sustentou. Porque \u00e9 sempre complicado explicar para quem tem pouca escolaridade quem \u00e9 aquele candidato ou candidata que est\u00e1 ali passeando no seu bairro, que vai te comprar com um botij\u00e3o de g\u00e1s, te dar um dinheirinho. [\u00c9 dif\u00edcil explicar] que \u00e9 para verificar se aquela pessoa \u00e9 ficha limpa, escutar as propostas dela. \u00c9 bem complicado\u201d, afirma a nutricionista.<\/p>\n<p>E votar? Ainda existe \u00e2nimo para isso? Orlando afirma que n\u00e3o, nem um pouco. \u201cN\u00f3s somos obrigados a votar em pol\u00edticos que n\u00e3o s\u00e3o idealistas. Todos eles est\u00e3o apenas preocupados em lucrar. Embora eu j\u00e1 saiba em quem vou votar pra prefeito, j\u00e1 carrego no cora\u00e7\u00e3o que ele vai fazer pouco pela cidade. \u00c9 complicado\u201d.<\/p>\n<p><em>Fabio Leon \u00e9 jornalista e ativista dos direitos humanos e assessor de comunica\u00e7\u00e3o no\u00a0<a href=\"http:\/\/bit.ly\/2uOOkXZ\" target=\"_blank\" rel=\"noopener noreferrer\">F\u00f3rum Grita Baixada<\/a>.<\/em><\/p>\n<hr \/>\n<h4>Apoie nossos esfor\u00e7os para fornecer assist\u00eancia estrat\u00e9gica \u00e0s favelas do Rio durante a pandemia de Covid-19, incluindo o jornalismo hiperlocal, cr\u00edtico, inovador e incans\u00e1vel do\u00a0<i>RioOnWatch\u00a0<\/i>\u2014\u00a0<a href=\"http:\/\/bit.ly\/CatalisandoComunidades\">doe aqui<\/a>.<\/h4>\n<!-- AddThis Advanced Settings generic via filter on the_content --><!-- AddThis Share Buttons generic via filter on the_content -->","protected":false},"excerpt":{"rendered":"<div class=\"mh-excerpt\"><p>Click Here for English Esta mat\u00e9ria faz parte de uma s\u00e9rie de mat\u00e9rias sobre as elei\u00e7\u00f5es municipais de 2020, com enfoque nas perspectivas das favelas do Grande Rio. Expectativas com as Promessas de Candidatos se <a class=\"mh-excerpt-more\" href=\"https:\/\/rioonwatch.org.br\/?p=51515\" title=\"As Elei\u00e7\u00f5es Municipais na Periferia de Duque de Caxias e a Pol\u00edtica do Cansa\u00e7o\">[&#8230;]<\/a><!-- AddThis Advanced Settings generic via filter on get_the_excerpt --><!-- AddThis Share Buttons generic via filter on get_the_excerpt --><\/p>\n<\/div>","protected":false},"author":167,"featured_media":51639,"comment_status":"closed","ping_status":"closed","sticky":false,"template":"","format":"standard","meta":{"_acf_changed":false,"_monsterinsights_skip_tracking":false,"_monsterinsights_sitenote_active":false,"_monsterinsights_sitenote_note":"","_monsterinsights_sitenote_category":0,"footnotes":""},"categories":[1618,1625],"tags":[1259,2534,959,620,2748,81,422,90,479,1091,2918,480,2179,1372,113,2561,1511,2432,672,52],"writer":[2177],"translator":[],"source":[],"ilustrador":[],"fotografo":[],"class_list":{"0":"post-51515","1":"post","2":"type-post","3":"status-publish","4":"format-standard","5":"has-post-thumbnail","7":"category-olhonaparticipacao","8":"category-por-correspondentes-comunitarios","9":"tag-assassinato","10":"tag-bairro-pantanal","11":"tag-baixada-fluminense","12":"tag-cedae","13":"tag-coronavirus","14":"tag-cultura","15":"tag-cultura-de-rua","16":"tag-defensoria-publica","17":"tag-democracia","18":"tag-duque-de-caxias","19":"tag-eleicao-municipal-2020","20":"tag-eleitoreiro","21":"tag-forum-grita-baixada","22":"tag-grande-rio","23":"tag-juventude","24":"tag-necropolitica","25":"tag-politica-de-seguranca","26":"tag-representatividade","27":"tag-seguranca-publica","28":"tag-violencia-policial","29":"writer-fabio-leon"},"acf":[],"yoast_head":"<!-- This site is optimized with the Yoast SEO plugin v25.6 - https:\/\/yoast.com\/wordpress\/plugins\/seo\/ -->\n<title>As Elei\u00e7\u00f5es Municipais na Periferia de Duque de Caxias e a Pol\u00edtica do Cansa\u00e7o - RioOnWatch<\/title>\n<meta name=\"robots\" content=\"index, follow, max-snippet:-1, max-image-preview:large, max-video-preview:-1\" \/>\n<link rel=\"canonical\" href=\"https:\/\/rioonwatch.org.br\/?p=51515\" \/>\n<meta property=\"og:locale\" content=\"pt_BR\" \/>\n<meta property=\"og:type\" content=\"article\" \/>\n<meta property=\"og:title\" content=\"As Elei\u00e7\u00f5es Municipais na Periferia de Duque de Caxias e a Pol\u00edtica do Cansa\u00e7o - RioOnWatch\" \/>\n<meta property=\"og:description\" content=\"Click Here for English Esta mat\u00e9ria faz parte de uma s\u00e9rie de mat\u00e9rias sobre as elei\u00e7\u00f5es municipais de 2020, com enfoque nas perspectivas das favelas do Grande Rio. Expectativas com as Promessas de Candidatos se [...]\" \/>\n<meta property=\"og:url\" content=\"https:\/\/rioonwatch.org.br\/?p=51515\" \/>\n<meta property=\"og:site_name\" content=\"RioOnWatch\" \/>\n<meta property=\"article:published_time\" content=\"2020-11-13T18:36:22+00:00\" \/>\n<meta property=\"article:modified_time\" content=\"2020-11-19T02:19:21+00:00\" \/>\n<meta property=\"og:image\" content=\"https:\/\/rioonwatch.org.br\/wp-content\/uploads\/2020\/11\/morro-do-sossego.jpg\" \/>\n\t<meta property=\"og:image:width\" content=\"1536\" \/>\n\t<meta property=\"og:image:height\" content=\"2048\" \/>\n\t<meta property=\"og:image:type\" content=\"image\/jpeg\" \/>\n<meta name=\"author\" content=\"Julio Santos Filho\" \/>\n<meta name=\"twitter:card\" content=\"summary_large_image\" \/>\n<meta name=\"twitter:label1\" content=\"Escrito por\" \/>\n\t<meta name=\"twitter:data1\" content=\"Julio Santos Filho\" \/>\n\t<meta name=\"twitter:label2\" content=\"Est. tempo de leitura\" \/>\n\t<meta name=\"twitter:data2\" content=\"7 minutos\" \/>\n<script type=\"application\/ld+json\" class=\"yoast-schema-graph\">{\"@context\":\"https:\/\/schema.org\",\"@graph\":[{\"@type\":\"Article\",\"@id\":\"https:\/\/rioonwatch.org.br\/?p=51515#article\",\"isPartOf\":{\"@id\":\"https:\/\/rioonwatch.org.br\/?p=51515\"},\"author\":{\"name\":\"Julio Santos Filho\",\"@id\":\"https:\/\/rioonwatch.org.br\/#\/schema\/person\/476bc75767957d3535b65b796667cd36\"},\"headline\":\"As Elei\u00e7\u00f5es Municipais na Periferia de Duque de Caxias e a Pol\u00edtica do Cansa\u00e7o\",\"datePublished\":\"2020-11-13T18:36:22+00:00\",\"dateModified\":\"2020-11-19T02:19:21+00:00\",\"mainEntityOfPage\":{\"@id\":\"https:\/\/rioonwatch.org.br\/?p=51515\"},\"wordCount\":1359,\"publisher\":{\"@id\":\"https:\/\/rioonwatch.org.br\/#organization\"},\"image\":{\"@id\":\"https:\/\/rioonwatch.org.br\/?p=51515#primaryimage\"},\"thumbnailUrl\":\"https:\/\/rioonwatch.org.br\/wp-content\/uploads\/2020\/11\/morro-do-sossego.jpg\",\"keywords\":[\"assassinato\",\"bairro Pantanal\",\"Baixada Fluminense\",\"CEDAE\",\"coronav\u00edrus\",\"cultura\",\"cultura de rua\",\"Defensoria P\u00fablica\",\"Democracia\",\"Duque de Caxias\",\"elei\u00e7\u00e3o municipal 2020\",\"eleitoralismo\",\"F\u00f3rum Grita Baixada\",\"Grande Rio\",\"juventude\",\"necropol\u00edtica\",\"pol\u00edtica de seguran\u00e7a\",\"representatividade\",\"seguran\u00e7a p\u00fablica\",\"viol\u00eancia policial\"],\"articleSection\":[\"#OlhoNaParticipa\u00e7\u00e3o\",\"Escrito por Comunicadores Populares\"],\"inLanguage\":\"pt-BR\"},{\"@type\":\"WebPage\",\"@id\":\"https:\/\/rioonwatch.org.br\/?p=51515\",\"url\":\"https:\/\/rioonwatch.org.br\/?p=51515\",\"name\":\"As Elei\u00e7\u00f5es Municipais na Periferia de Duque de Caxias e a Pol\u00edtica do Cansa\u00e7o - RioOnWatch\",\"isPartOf\":{\"@id\":\"https:\/\/rioonwatch.org.br\/#website\"},\"primaryImageOfPage\":{\"@id\":\"https:\/\/rioonwatch.org.br\/?p=51515#primaryimage\"},\"image\":{\"@id\":\"https:\/\/rioonwatch.org.br\/?p=51515#primaryimage\"},\"thumbnailUrl\":\"https:\/\/rioonwatch.org.br\/wp-content\/uploads\/2020\/11\/morro-do-sossego.jpg\",\"datePublished\":\"2020-11-13T18:36:22+00:00\",\"dateModified\":\"2020-11-19T02:19:21+00:00\",\"breadcrumb\":{\"@id\":\"https:\/\/rioonwatch.org.br\/?p=51515#breadcrumb\"},\"inLanguage\":\"pt-BR\",\"potentialAction\":[{\"@type\":\"ReadAction\",\"target\":[\"https:\/\/rioonwatch.org.br\/?p=51515\"]}]},{\"@type\":\"ImageObject\",\"inLanguage\":\"pt-BR\",\"@id\":\"https:\/\/rioonwatch.org.br\/?p=51515#primaryimage\",\"url\":\"https:\/\/rioonwatch.org.br\/wp-content\/uploads\/2020\/11\/morro-do-sossego.jpg\",\"contentUrl\":\"https:\/\/rioonwatch.org.br\/wp-content\/uploads\/2020\/11\/morro-do-sossego.jpg\",\"width\":1536,\"height\":2048},{\"@type\":\"BreadcrumbList\",\"@id\":\"https:\/\/rioonwatch.org.br\/?p=51515#breadcrumb\",\"itemListElement\":[{\"@type\":\"ListItem\",\"position\":1,\"name\":\"In\u00edcio\",\"item\":\"https:\/\/rioonwatch.org.br\/\"},{\"@type\":\"ListItem\",\"position\":2,\"name\":\"As Elei\u00e7\u00f5es Municipais na Periferia de Duque de Caxias e a Pol\u00edtica do Cansa\u00e7o\"}]},{\"@type\":\"WebSite\",\"@id\":\"https:\/\/rioonwatch.org.br\/#website\",\"url\":\"https:\/\/rioonwatch.org.br\/\",\"name\":\"RioOnWatch\",\"description\":\"relatos das favelas cariocas\",\"publisher\":{\"@id\":\"https:\/\/rioonwatch.org.br\/#organization\"},\"potentialAction\":[{\"@type\":\"SearchAction\",\"target\":{\"@type\":\"EntryPoint\",\"urlTemplate\":\"https:\/\/rioonwatch.org.br\/?s={search_term_string}\"},\"query-input\":{\"@type\":\"PropertyValueSpecification\",\"valueRequired\":true,\"valueName\":\"search_term_string\"}}],\"inLanguage\":\"pt-BR\"},{\"@type\":\"Organization\",\"@id\":\"https:\/\/rioonwatch.org.br\/#organization\",\"name\":\"RioOnWatch\",\"url\":\"https:\/\/rioonwatch.org.br\/\",\"logo\":{\"@type\":\"ImageObject\",\"inLanguage\":\"pt-BR\",\"@id\":\"https:\/\/rioonwatch.org.br\/#\/schema\/logo\/image\/\",\"url\":\"https:\/\/rioonwatch.org.br\/wp-content\/uploads\/2021\/06\/RioOnWatchcabecalhoPT11anos-2.png\",\"contentUrl\":\"https:\/\/rioonwatch.org.br\/wp-content\/uploads\/2021\/06\/RioOnWatchcabecalhoPT11anos-2.png\",\"width\":779,\"height\":277,\"caption\":\"RioOnWatch\"},\"image\":{\"@id\":\"https:\/\/rioonwatch.org.br\/#\/schema\/logo\/image\/\"}},{\"@type\":\"Person\",\"@id\":\"https:\/\/rioonwatch.org.br\/#\/schema\/person\/476bc75767957d3535b65b796667cd36\",\"name\":\"Julio Santos Filho\",\"image\":{\"@type\":\"ImageObject\",\"inLanguage\":\"pt-BR\",\"@id\":\"https:\/\/rioonwatch.org.br\/#\/schema\/person\/image\/\",\"url\":\"https:\/\/secure.gravatar.com\/avatar\/ca138f7666182a292a8ce4ca14fb81f8?s=96&d=blank&r=g\",\"contentUrl\":\"https:\/\/secure.gravatar.com\/avatar\/ca138f7666182a292a8ce4ca14fb81f8?s=96&d=blank&r=g\",\"caption\":\"Julio Santos Filho\"},\"url\":\"https:\/\/rioonwatch.org.br\/?author=167\"}]}<\/script>\n<!-- \/ Yoast SEO plugin. -->","yoast_head_json":{"title":"As Elei\u00e7\u00f5es Municipais na Periferia de Duque de Caxias e a Pol\u00edtica do Cansa\u00e7o - RioOnWatch","robots":{"index":"index","follow":"follow","max-snippet":"max-snippet:-1","max-image-preview":"max-image-preview:large","max-video-preview":"max-video-preview:-1"},"canonical":"https:\/\/rioonwatch.org.br\/?p=51515","og_locale":"pt_BR","og_type":"article","og_title":"As Elei\u00e7\u00f5es Municipais na Periferia de Duque de Caxias e a Pol\u00edtica do Cansa\u00e7o - RioOnWatch","og_description":"Click Here for English Esta mat\u00e9ria faz parte de uma s\u00e9rie de mat\u00e9rias sobre as elei\u00e7\u00f5es municipais de 2020, com enfoque nas perspectivas das favelas do Grande Rio. Expectativas com as Promessas de Candidatos se [...]","og_url":"https:\/\/rioonwatch.org.br\/?p=51515","og_site_name":"RioOnWatch","article_published_time":"2020-11-13T18:36:22+00:00","article_modified_time":"2020-11-19T02:19:21+00:00","og_image":[{"width":1536,"height":2048,"url":"https:\/\/rioonwatch.org.br\/wp-content\/uploads\/2020\/11\/morro-do-sossego.jpg","type":"image\/jpeg"}],"author":"Julio Santos Filho","twitter_card":"summary_large_image","twitter_misc":{"Escrito por":"Julio Santos Filho","Est. tempo de leitura":"7 minutos"},"schema":{"@context":"https:\/\/schema.org","@graph":[{"@type":"Article","@id":"https:\/\/rioonwatch.org.br\/?p=51515#article","isPartOf":{"@id":"https:\/\/rioonwatch.org.br\/?p=51515"},"author":{"name":"Julio Santos Filho","@id":"https:\/\/rioonwatch.org.br\/#\/schema\/person\/476bc75767957d3535b65b796667cd36"},"headline":"As Elei\u00e7\u00f5es Municipais na Periferia de Duque de Caxias e a Pol\u00edtica do Cansa\u00e7o","datePublished":"2020-11-13T18:36:22+00:00","dateModified":"2020-11-19T02:19:21+00:00","mainEntityOfPage":{"@id":"https:\/\/rioonwatch.org.br\/?p=51515"},"wordCount":1359,"publisher":{"@id":"https:\/\/rioonwatch.org.br\/#organization"},"image":{"@id":"https:\/\/rioonwatch.org.br\/?p=51515#primaryimage"},"thumbnailUrl":"https:\/\/rioonwatch.org.br\/wp-content\/uploads\/2020\/11\/morro-do-sossego.jpg","keywords":["assassinato","bairro Pantanal","Baixada Fluminense","CEDAE","coronav\u00edrus","cultura","cultura de rua","Defensoria P\u00fablica","Democracia","Duque de Caxias","elei\u00e7\u00e3o municipal 2020","eleitoralismo","F\u00f3rum Grita Baixada","Grande Rio","juventude","necropol\u00edtica","pol\u00edtica de seguran\u00e7a","representatividade","seguran\u00e7a p\u00fablica","viol\u00eancia policial"],"articleSection":["#OlhoNaParticipa\u00e7\u00e3o","Escrito por Comunicadores Populares"],"inLanguage":"pt-BR"},{"@type":"WebPage","@id":"https:\/\/rioonwatch.org.br\/?p=51515","url":"https:\/\/rioonwatch.org.br\/?p=51515","name":"As Elei\u00e7\u00f5es Municipais na Periferia de Duque de Caxias e a Pol\u00edtica do Cansa\u00e7o - RioOnWatch","isPartOf":{"@id":"https:\/\/rioonwatch.org.br\/#website"},"primaryImageOfPage":{"@id":"https:\/\/rioonwatch.org.br\/?p=51515#primaryimage"},"image":{"@id":"https:\/\/rioonwatch.org.br\/?p=51515#primaryimage"},"thumbnailUrl":"https:\/\/rioonwatch.org.br\/wp-content\/uploads\/2020\/11\/morro-do-sossego.jpg","datePublished":"2020-11-13T18:36:22+00:00","dateModified":"2020-11-19T02:19:21+00:00","breadcrumb":{"@id":"https:\/\/rioonwatch.org.br\/?p=51515#breadcrumb"},"inLanguage":"pt-BR","potentialAction":[{"@type":"ReadAction","target":["https:\/\/rioonwatch.org.br\/?p=51515"]}]},{"@type":"ImageObject","inLanguage":"pt-BR","@id":"https:\/\/rioonwatch.org.br\/?p=51515#primaryimage","url":"https:\/\/rioonwatch.org.br\/wp-content\/uploads\/2020\/11\/morro-do-sossego.jpg","contentUrl":"https:\/\/rioonwatch.org.br\/wp-content\/uploads\/2020\/11\/morro-do-sossego.jpg","width":1536,"height":2048},{"@type":"BreadcrumbList","@id":"https:\/\/rioonwatch.org.br\/?p=51515#breadcrumb","itemListElement":[{"@type":"ListItem","position":1,"name":"In\u00edcio","item":"https:\/\/rioonwatch.org.br\/"},{"@type":"ListItem","position":2,"name":"As Elei\u00e7\u00f5es Municipais na Periferia de Duque de Caxias e a Pol\u00edtica do Cansa\u00e7o"}]},{"@type":"WebSite","@id":"https:\/\/rioonwatch.org.br\/#website","url":"https:\/\/rioonwatch.org.br\/","name":"RioOnWatch","description":"relatos das favelas cariocas","publisher":{"@id":"https:\/\/rioonwatch.org.br\/#organization"},"potentialAction":[{"@type":"SearchAction","target":{"@type":"EntryPoint","urlTemplate":"https:\/\/rioonwatch.org.br\/?s={search_term_string}"},"query-input":{"@type":"PropertyValueSpecification","valueRequired":true,"valueName":"search_term_string"}}],"inLanguage":"pt-BR"},{"@type":"Organization","@id":"https:\/\/rioonwatch.org.br\/#organization","name":"RioOnWatch","url":"https:\/\/rioonwatch.org.br\/","logo":{"@type":"ImageObject","inLanguage":"pt-BR","@id":"https:\/\/rioonwatch.org.br\/#\/schema\/logo\/image\/","url":"https:\/\/rioonwatch.org.br\/wp-content\/uploads\/2021\/06\/RioOnWatchcabecalhoPT11anos-2.png","contentUrl":"https:\/\/rioonwatch.org.br\/wp-content\/uploads\/2021\/06\/RioOnWatchcabecalhoPT11anos-2.png","width":779,"height":277,"caption":"RioOnWatch"},"image":{"@id":"https:\/\/rioonwatch.org.br\/#\/schema\/logo\/image\/"}},{"@type":"Person","@id":"https:\/\/rioonwatch.org.br\/#\/schema\/person\/476bc75767957d3535b65b796667cd36","name":"Julio Santos Filho","image":{"@type":"ImageObject","inLanguage":"pt-BR","@id":"https:\/\/rioonwatch.org.br\/#\/schema\/person\/image\/","url":"https:\/\/secure.gravatar.com\/avatar\/ca138f7666182a292a8ce4ca14fb81f8?s=96&d=blank&r=g","contentUrl":"https:\/\/secure.gravatar.com\/avatar\/ca138f7666182a292a8ce4ca14fb81f8?s=96&d=blank&r=g","caption":"Julio Santos Filho"},"url":"https:\/\/rioonwatch.org.br\/?author=167"}]}},"_links":{"self":[{"href":"https:\/\/rioonwatch.org.br\/index.php?rest_route=\/wp\/v2\/posts\/51515"}],"collection":[{"href":"https:\/\/rioonwatch.org.br\/index.php?rest_route=\/wp\/v2\/posts"}],"about":[{"href":"https:\/\/rioonwatch.org.br\/index.php?rest_route=\/wp\/v2\/types\/post"}],"author":[{"embeddable":true,"href":"https:\/\/rioonwatch.org.br\/index.php?rest_route=\/wp\/v2\/users\/167"}],"replies":[{"embeddable":true,"href":"https:\/\/rioonwatch.org.br\/index.php?rest_route=%2Fwp%2Fv2%2Fcomments&post=51515"}],"version-history":[{"count":36,"href":"https:\/\/rioonwatch.org.br\/index.php?rest_route=\/wp\/v2\/posts\/51515\/revisions"}],"predecessor-version":[{"id":51734,"href":"https:\/\/rioonwatch.org.br\/index.php?rest_route=\/wp\/v2\/posts\/51515\/revisions\/51734"}],"wp:featuredmedia":[{"embeddable":true,"href":"https:\/\/rioonwatch.org.br\/index.php?rest_route=\/wp\/v2\/media\/51639"}],"wp:attachment":[{"href":"https:\/\/rioonwatch.org.br\/index.php?rest_route=%2Fwp%2Fv2%2Fmedia&parent=51515"}],"wp:term":[{"taxonomy":"category","embeddable":true,"href":"https:\/\/rioonwatch.org.br\/index.php?rest_route=%2Fwp%2Fv2%2Fcategories&post=51515"},{"taxonomy":"post_tag","embeddable":true,"href":"https:\/\/rioonwatch.org.br\/index.php?rest_route=%2Fwp%2Fv2%2Ftags&post=51515"},{"taxonomy":"writer","embeddable":true,"href":"https:\/\/rioonwatch.org.br\/index.php?rest_route=%2Fwp%2Fv2%2Fwriter&post=51515"},{"taxonomy":"translator","embeddable":true,"href":"https:\/\/rioonwatch.org.br\/index.php?rest_route=%2Fwp%2Fv2%2Ftranslator&post=51515"},{"taxonomy":"source","embeddable":true,"href":"https:\/\/rioonwatch.org.br\/index.php?rest_route=%2Fwp%2Fv2%2Fsource&post=51515"},{"taxonomy":"ilustrador","embeddable":true,"href":"https:\/\/rioonwatch.org.br\/index.php?rest_route=%2Fwp%2Fv2%2Filustrador&post=51515"},{"taxonomy":"fotografo","embeddable":true,"href":"https:\/\/rioonwatch.org.br\/index.php?rest_route=%2Fwp%2Fv2%2Ffotografo&post=51515"}],"curies":[{"name":"wp","href":"https:\/\/api.w.org\/{rel}","templated":true}]}}