{"id":51538,"date":"2020-11-12T10:31:24","date_gmt":"2020-11-12T13:31:24","guid":{"rendered":"https:\/\/rioonwatch.org.br\/?p=51538"},"modified":"2024-05-24T12:34:35","modified_gmt":"2024-05-24T15:34:35","slug":"sementes-de-marielle-franco-florescem-nas-eleicoes-2020-plataforma-antirracista-pane-e-agenda-marielle","status":"publish","type":"post","link":"https:\/\/rioonwatch.org.br\/?p=51538","title":{"rendered":"Sementes de Marielle Florescem nas Elei\u00e7\u00f5es 2020: Plataforma Antirracista e Agenda Marielle"},"content":{"rendered":"<p style=\"text-align: right;\"><em><strong><a href=\"https:\/\/bit.ly\/3kB4wST\" target=\"_blank\" rel=\"noopener noreferrer\">Click Here for English<\/a><a href=\"https:\/\/bit.ly\/3kB4wST\" target=\"_blank\" rel=\"noopener noreferrer\"><img decoding=\"async\" width=\"20\" height=\"20\" class=\"alignright wp-image-15790\" src=\"https:\/\/rioonwatch.org.br\/wp-content\/uploads\/2012\/08\/EN-standard-e1439583104716.jpg\" \/><\/a><\/strong><\/em><\/p>\n<p><em>Esta mat\u00e9ria faz parte de uma\u00a0<a href=\"https:\/\/bit.ly\/EleicaoRio2020\" target=\"_blank\" rel=\"noopener noreferrer\">s\u00e9rie de mat\u00e9rias sobre as elei\u00e7\u00f5es municipais de 2020<\/a>, com enfoque nas perspectivas das favelas do Grande Rio.<\/em><\/p>\n<p>\u201cA gente n\u00e3o pode esperar mais dez anos [para ter mulheres negras eleitas]\u201d, <a href=\"https:\/\/bit.ly\/3peQSZd\" target=\"_blank\" rel=\"noopener noreferrer\">disse<\/a> <a href=\"http:\/\/bit.ly\/2ZubT41\" target=\"_blank\" rel=\"noopener noreferrer\">Marielle Franco<\/a>, horas antes de ser assassinada em mar\u00e7o de 2018, durante o seu mandato como vereadora do Rio de Janeiro. Dois anos depois, o <a href=\"https:\/\/bit.ly\/34LUo5s\" target=\"_blank\" rel=\"noopener noreferrer\">Instituto Marielle Franco<\/a>, criado em sua mem\u00f3ria, aciona ao <a href=\"https:\/\/bit.ly\/38pQ7GO\" target=\"_blank\" rel=\"noopener noreferrer\">legado da vereadora<\/a>, ao apresentar, em julho deste ano, a <a href=\"https:\/\/bit.ly\/2Ond81T\" target=\"_blank\" rel=\"noopener noreferrer\">Plataforma Antirracista nas Elei\u00e7\u00f5es<\/a> (PANE) com o objetivo de fomentar a entrada de <a href=\"https:\/\/bit.ly\/3n7C9NG\" target=\"_blank\" rel=\"noopener noreferrer\">mulheres negras nos espa\u00e7os de decis\u00e3o<\/a>, pressionando os partidos a viabilizarem o maior n\u00famero de candidaturas poss\u00edveis com pautas antirracistas.<\/p>\n<p>Anielle Franco, irm\u00e3 de Marielle e dirigente do Instituto, <a href=\"https:\/\/rioonwatch.org.br\/?p=51258\" target=\"_blank\" rel=\"noopener noreferrer\">explicou ao site <em>UOL<\/em><\/a> como a primeira a\u00e7\u00e3o\u2014em parceria com a <a href=\"https:\/\/bit.ly\/36ktAbG\" target=\"_blank\" rel=\"noopener noreferrer\">Educafro<\/a>, o <a href=\"https:\/\/bit.ly\/302R6b8\" target=\"_blank\" rel=\"noopener noreferrer\">Movimento Mulheres Negras Decidem<\/a> e a <a href=\"https:\/\/bit.ly\/34cWk5l\" target=\"_blank\" rel=\"noopener noreferrer\">Coaliz\u00e3o Negra por Direitos<\/a>\u2014consistiu na luta pelo financiamento de candidaturas negras. Com o <a href=\"https:\/\/bit.ly\/2UaH6cg\" target=\"_blank\" rel=\"noopener noreferrer\">apoio de mais de 10.000 pessoas<\/a> e centenas de organiza\u00e7\u00f5es, no dia 25 de agosto, a plataforma teve sucesso, e os ministros do <a href=\"https:\/\/bit.ly\/35climL\" target=\"_blank\" rel=\"noopener noreferrer\">Tribunal Superior Eleitoral<\/a> (TSE) <a href=\"https:\/\/bit.ly\/3eIZ4w5\" target=\"_blank\" rel=\"noopener noreferrer\">aprovaram a distribui\u00e7\u00e3o proporcional do Fundo Especial de Financiamento de Campanha<\/a> (FEFC) e do tempo de propaganda eleitoral para candidatos negros, com entrada em vigor a partir de 2022. Mas a segunda vit\u00f3ria veio no dia 9 de setembro, quando o Ministro do Ricardo Lewandowski decidiu que a <a href=\"https:\/\/glo.bo\/3naMicz\" target=\"_blank\" rel=\"noopener noreferrer\">cota seria aplicada j\u00e1 nas elei\u00e7\u00f5es municipais de 2020<\/a>. Isto significou que os partidos pol\u00edticos tiveram que repartir os recursos do fundo eleitoral e tempos de r\u00e1dio e TV de forma equitativa entre candidatos brancos e pretos, j\u00e1 nas elei\u00e7\u00f5es deste ano.<\/p>\n<p><a href=\"https:\/\/rioonwatch.org.br\/wp-content\/uploads\/2020\/11\/Pane.jpg\"><img fetchpriority=\"high\" decoding=\"async\" class=\"aligncenter wp-image-51573 size-medium\" src=\"https:\/\/rioonwatch.org.br\/wp-content\/uploads\/2020\/11\/Pane-620x610.jpg\" alt=\"\" width=\"620\" height=\"610\" srcset=\"https:\/\/rioonwatch.org.br\/wp-content\/uploads\/2020\/11\/Pane-620x610.jpg 620w, https:\/\/rioonwatch.org.br\/wp-content\/uploads\/2020\/11\/Pane-269x264.jpg 269w, https:\/\/rioonwatch.org.br\/wp-content\/uploads\/2020\/11\/Pane-768x755.jpg 768w, https:\/\/rioonwatch.org.br\/wp-content\/uploads\/2020\/11\/Pane.jpg 890w\" sizes=\"(max-width: 620px) 100vw, 620px\" \/><\/a><\/p>\n<p>Acerca destas novas medidas, <a href=\"https:\/\/bit.ly\/3g9BmYO\" target=\"_blank\" rel=\"noopener noreferrer\">Anielle escreveu no site <em>UOL<\/em><\/a>: \u201cGarantir os recursos necess\u00e1rios para as campanhas de mulheres negras, assim como tempo proporcional de propaganda \u00e9 urgente. N\u00f3s, mulheres negras, sabemos o quanto que essa disputa \u00e9 desigual e o quanto a falta de recursos prejudica ainda mais essas candidatas e candidatos que v\u00eam de territ\u00f3rios vulnerabilizados desse pa\u00eds\u201d. Os n\u00fameros corroboram o seu discurso: <a href=\"https:\/\/bit.ly\/32wry7i\" target=\"_blank\" rel=\"noopener noreferrer\">segundo dados de Funda\u00e7\u00e3o Get\u00falio Vargas<\/a> (FGV) sobre a divis\u00e3o de financiamento da elei\u00e7\u00e3o de 2018 para a <a href=\"https:\/\/bit.ly\/36rzsQo\" target=\"_blank\" rel=\"noopener noreferrer\">C\u00e2mara dos Deputados<\/a>, embora as candidatas negras fossem 13% das candidaturas, estas receberam metade do financiamento: s\u00f3 7% do or\u00e7amento. Em contraste, 60% do financiamento foi entregue a candidatos homens e brancos, embora representassem menos de metade das candidaturas (43%).<\/p>\n<p>No Brasil <a href=\"https:\/\/bit.ly\/38tlIHF\" target=\"_blank\" rel=\"noopener noreferrer\">em 2016<\/a>, apenas 15,4% dos candidatos a vereador e 4,1% dos candidatos \u00e0 prefeitura eram mulheres negras. Em 2018 houve um aumento no n\u00famero de candidaturas de <a href=\"http:\/\/bit.ly\/2WP0XR3\" target=\"_blank\" rel=\"noopener noreferrer\">mulheres negras<\/a>, inspirado pelo legado de Marielle Franco. Neste ano de 2020, houve um crescimento de 1,4% no n\u00famero de candidatas negras \u00e0 verean\u00e7a face \u00e0s \u00faltimas elei\u00e7\u00f5es, al\u00e9m de um t\u00edmido aumento de 0,4% nas candidaturas de mulheres negras \u00e0 prefeitura. Dentre as 19.123 candidaturas registradas no TSE para disputar as prefeituras em 2020, 13,05% (2495) s\u00e3o de mulheres e apenas <a href=\"https:\/\/bit.ly\/3lw4uND\" target=\"_blank\" rel=\"noopener noreferrer\">4,5% (857) das candidaturas \u00e0 prefeitura s\u00e3o de mulheres negras (pretas ou pardas)<\/a>. Num pa\u00eds em que as <a href=\"https:\/\/bit.ly\/35hnCck\" target=\"_blank\" rel=\"noopener noreferrer\">mulheres negras representam 23,4% dos brasileiros<\/a>, estes n\u00fameros ficam aqu\u00e9m da diversidade necess\u00e1ria para a cria\u00e7\u00e3o de pol\u00edticas p\u00fablicas inclusivas.<\/p>\n<h3>Lan\u00e7amento da Agenda Marielle<\/h3>\n<p>A segunda iniciativa do Instituto Marielle Franco surge como solu\u00e7\u00e3o a esta realidade. No dia 14 de setembro, a fam\u00edlia de Marielle lan\u00e7ou a <a href=\"https:\/\/bit.ly\/2IewaI2\" target=\"_blank\" rel=\"noopener noreferrer\">Agenda Marielle<\/a>, uma agenda p\u00fablica com pautas antirracistas, feministas e populares a partir do legado de Marielle, para as elei\u00e7\u00f5es de 2020. As pautas, criadas atrav\u00e9s do estudo dos projetos de lei, a\u00e7\u00f5es e <a href=\"http:\/\/bit.ly\/2IKsZ7N\" target=\"_blank\" rel=\"noopener noreferrer\">discursos de Marielle<\/a> na <a href=\"https:\/\/bit.ly\/35fF5BQ\" target=\"_blank\" rel=\"noopener noreferrer\">C\u00e2mara dos Vereadores<\/a>, e das falas das assessoras do seu gabinete, podem ser assinadas pelos candidatos \u00e0s elei\u00e7\u00f5es que, desta forma, se comprometem a seguir o projeto social de Marielle. Esta \u00e9 tamb\u00e9m uma forma de agregar o que era a vis\u00e3o pol\u00edtica da vereadora, e assim desincentivar figuras p\u00fablicas a usar o legado de Marielle sem estarem realmente alinhados com o que ela defendia. Os cidad\u00e3os podem ainda inscrever-se como defensores da agenda, e assim cobrar dos candidatos.<\/p>\n<p><a href=\"https:\/\/rioonwatch.org.br\/wp-content\/uploads\/2020\/11\/Agenda-Marielle-uma-agenda-publica-de-compromisso-com-o-legado-de-Marielle-promovido-pelo-Instituto-Marielle-Franco..png\"><img decoding=\"async\" class=\"aligncenter wp-image-51541 \" title=\"Agenda Marielle, uma agenda p\u00fablica de compromisso com o legado de Marielle, promovido pelo Instituto Marielle Franco.\" src=\"https:\/\/rioonwatch.org.br\/wp-content\/uploads\/2020\/11\/Agenda-Marielle-uma-agenda-publica-de-compromisso-com-o-legado-de-Marielle-promovido-pelo-Instituto-Marielle-Franco..png\" alt=\"Agenda Marielle, uma agenda p\u00fablica de compromisso com o legado de Marielle, promovido pelo Instituto Marielle Franco.\" width=\"630\" height=\"623\" srcset=\"https:\/\/rioonwatch.org.br\/wp-content\/uploads\/2020\/11\/Agenda-Marielle-uma-agenda-publica-de-compromisso-com-o-legado-de-Marielle-promovido-pelo-Instituto-Marielle-Franco..png 889w, https:\/\/rioonwatch.org.br\/wp-content\/uploads\/2020\/11\/Agenda-Marielle-uma-agenda-publica-de-compromisso-com-o-legado-de-Marielle-promovido-pelo-Instituto-Marielle-Franco.-620x613.png 620w, https:\/\/rioonwatch.org.br\/wp-content\/uploads\/2020\/11\/Agenda-Marielle-uma-agenda-publica-de-compromisso-com-o-legado-de-Marielle-promovido-pelo-Instituto-Marielle-Franco.-267x264.png 267w, https:\/\/rioonwatch.org.br\/wp-content\/uploads\/2020\/11\/Agenda-Marielle-uma-agenda-publica-de-compromisso-com-o-legado-de-Marielle-promovido-pelo-Instituto-Marielle-Franco.-768x759.png 768w\" sizes=\"(max-width: 630px) 100vw, 630px\" \/><\/a><\/p>\n<p>\u00c9 ainda poss\u00edvel ver no site da Agenda Marielle <a href=\"https:\/\/bit.ly\/2IhWdOL\" target=\"_blank\" rel=\"noopener noreferrer\">quem s\u00e3o os 753 candidatos<\/a> de todo o Brasil que se comprometeram a respeitar a Agenda Marielle\u2014no munic\u00edpio do Rio de Janeiro, s\u00e3o 42 candidatos, entre eles est\u00e3o as candidatas \u00e0 prefeitura <a href=\"https:\/\/bit.ly\/3pguyyn\" target=\"_blank\" rel=\"noopener noreferrer\">Benedita da Silva<\/a> (<a href=\"https:\/\/bit.ly\/2U74Huw\" target=\"_blank\" rel=\"noopener noreferrer\">PT<\/a>) e <a href=\"https:\/\/bit.ly\/359LvkT\" target=\"_blank\" rel=\"noopener noreferrer\">Renata Souza<\/a> (<a href=\"http:\/\/bit.ly\/2FuT6P5\" target=\"_blank\" rel=\"noopener noreferrer\">PSOL<\/a>), ex-assessora de Marielle.<\/p>\n<p>A <a href=\"https:\/\/bit.ly\/2IewaI2\" target=\"_blank\" rel=\"noopener noreferrer\">agenda<\/a>, constitu\u00edda por sete pautas sociais\u2014Justi\u00e7a Racial e Defesa da Vida, G\u00eanero e Sexualidade, Direito \u00e0 Favela, Justi\u00e7a Econ\u00f4mica, Sa\u00fade P\u00fablica Gratuita e de Qualidade, Educa\u00e7\u00e3o P\u00fablica, Gratuita e Transformadora, Cultura, Lazer e Esporte\u2014aglutinam as lutas que Marielle defendeu durante a sua vida. \u201c\u00c9 triste pensar que ela estaria completando quatro anos de mandato, que tinha uma vida de sonhos e projetos pela frente. Talvez ela pudesse estar concorrendo \u00e0 prefeitura ou apoiando candidaturas\u201d, relembrou Anielle, <a href=\"https:\/\/bit.ly\/3neHW42\" target=\"_blank\" rel=\"noopener noreferrer\">em entrevista<\/a>.<\/p>\n<p>Um <a href=\"https:\/\/bit.ly\/34LUo5s\" target=\"_blank\" rel=\"noopener noreferrer\">contador de tempo<\/a> no site do Instituto Marielle Franco marca o quanto se passou desde o assassinato da vereadora. Parece querer relembrar-nos que, face \u00e0 dor, \u00e9 preciso fazer o tempo valer, e continuar o trabalho de Marielle, para que n\u00e3o tenhamos que ficar apenas esperando pela justi\u00e7a que insiste em tardar.<\/p>\n<h3 style=\"text-align: center;\">&#8220;Quem mandou matar Marielle?&#8221;<\/h3>\n<figure id=\"attachment_51571\" aria-describedby=\"caption-attachment-51571\" style=\"width: 620px\" class=\"wp-caption aligncenter\"><a href=\"https:\/\/rioonwatch.org.br\/wp-content\/uploads\/2020\/11\/Inst-Marielle.jpg\"><img loading=\"lazy\" decoding=\"async\" class=\"wp-image-51571 size-content\" src=\"https:\/\/rioonwatch.org.br\/wp-content\/uploads\/2020\/11\/Inst-Marielle-620x264.jpg\" alt=\"\" width=\"620\" height=\"264\" srcset=\"https:\/\/rioonwatch.org.br\/wp-content\/uploads\/2020\/11\/Inst-Marielle-620x264.jpg 620w, https:\/\/rioonwatch.org.br\/wp-content\/uploads\/2020\/11\/Inst-Marielle-940x400.jpg 940w\" sizes=\"(max-width: 620px) 100vw, 620px\" \/><\/a><figcaption id=\"caption-attachment-51571\" class=\"wp-caption-text\">Contador de tempo \u00e0s 00:20 do dia 11\/11\/2020<\/figcaption><\/figure>\n<hr \/>\n<h4><strong>Apoie nossos esfor\u00e7os para fornecer assist\u00eancia estrat\u00e9gica \u00e0s favelas do Rio durante a pandemia da Covid-19, incluindo o jornalismo hiperlocal, cr\u00edtico, inovador e incans\u00e1vel do <em>RioOnWatch<\/em><\/strong>\u2014<a href=\"http:\/\/bit.ly\/CatalisandoComunidades\">doe aqui<\/a>.<\/h4>\n<!-- AddThis Advanced Settings generic via filter on the_content --><!-- AddThis Share Buttons generic via filter on the_content -->","protected":false},"excerpt":{"rendered":"<div class=\"mh-excerpt\"><p>Click Here for English Esta mat\u00e9ria faz parte de uma\u00a0s\u00e9rie de mat\u00e9rias sobre as elei\u00e7\u00f5es municipais de 2020, com enfoque nas perspectivas das favelas do Grande Rio. \u201cA gente n\u00e3o pode esperar mais dez anos <a class=\"mh-excerpt-more\" href=\"https:\/\/rioonwatch.org.br\/?p=51538\" title=\"Sementes de Marielle Florescem nas Elei\u00e7\u00f5es 2020: Plataforma Antirracista e Agenda Marielle\">[&#8230;]<\/a><!-- AddThis Advanced Settings generic via filter on get_the_excerpt --><!-- AddThis Share Buttons generic via filter on get_the_excerpt --><\/p>\n<\/div>","protected":false},"author":167,"featured_media":51562,"comment_status":"closed","ping_status":"closed","sticky":false,"template":"","format":"standard","meta":{"_acf_changed":false,"_monsterinsights_skip_tracking":false,"_monsterinsights_sitenote_active":false,"_monsterinsights_sitenote_note":"","_monsterinsights_sitenote_category":0,"footnotes":""},"categories":[1618,1621,1626],"tags":[3253,2494,1754,479,2247,2918,457,1790,2520,42,2312,755,448,2033,1151,1970,1989,1840,936,2491,2432],"writer":[2890],"translator":[],"source":[],"ilustrador":[],"fotografo":[],"class_list":{"0":"post-51538","1":"post","2":"type-post","3":"status-publish","4":"format-standard","5":"has-post-thumbnail","7":"category-olhonaparticipacao","8":"category-destaque","9":"category-por-observadores-internacionais","10":"tag-antirracismo","11":"tag-benedita-da-silva-pt","12":"tag-camara-dos-vereadores","13":"tag-democracia","14":"tag-educafro","15":"tag-eleicao-municipal-2020","16":"tag-eleicoes","17":"tag-feminismo","18":"tag-fgv","19":"tag-genero","20":"tag-legado-de-marielle","21":"tag-lei","22":"tag-lideranca","23":"tag-marielle-franco","24":"tag-organizacao","25":"tag-negritude","26":"tag-psol","27":"tag-pt","28":"tag-raca","29":"tag-renata-souza-psol","30":"tag-representatividade","31":"writer-mariana-gomes"},"acf":[],"yoast_head":"<!-- This site is optimized with the Yoast SEO plugin v25.6 - https:\/\/yoast.com\/wordpress\/plugins\/seo\/ -->\n<title>Sementes de Marielle Florescem nas Elei\u00e7\u00f5es 2020: Plataforma Antirracista e Agenda Marielle - RioOnWatch<\/title>\n<meta name=\"robots\" content=\"index, follow, max-snippet:-1, max-image-preview:large, max-video-preview:-1\" \/>\n<link rel=\"canonical\" href=\"https:\/\/rioonwatch.org.br\/?p=51538\" \/>\n<meta property=\"og:locale\" content=\"pt_BR\" \/>\n<meta property=\"og:type\" content=\"article\" \/>\n<meta property=\"og:title\" content=\"Sementes de Marielle Florescem nas Elei\u00e7\u00f5es 2020: Plataforma Antirracista e Agenda Marielle - RioOnWatch\" \/>\n<meta property=\"og:description\" content=\"Click Here for English Esta mat\u00e9ria faz parte de uma\u00a0s\u00e9rie de mat\u00e9rias sobre as elei\u00e7\u00f5es municipais de 2020, com enfoque nas perspectivas das favelas do Grande Rio. \u201cA gente n\u00e3o pode esperar mais dez anos [...]\" \/>\n<meta property=\"og:url\" content=\"https:\/\/rioonwatch.org.br\/?p=51538\" \/>\n<meta property=\"og:site_name\" content=\"RioOnWatch\" \/>\n<meta property=\"article:published_time\" content=\"2020-11-12T13:31:24+00:00\" \/>\n<meta property=\"article:modified_time\" content=\"2024-05-24T15:34:35+00:00\" \/>\n<meta property=\"og:image\" content=\"https:\/\/rioonwatch.org.br\/wp-content\/uploads\/2020\/11\/Manifestacao-pouco-depois-do-assassinato-da-vereadora-estampam-a-abertura-do-documentario-Sementes-Mulheres-Pretas-no-Poder.jpg\" \/>\n\t<meta property=\"og:image:width\" content=\"653\" \/>\n\t<meta property=\"og:image:height\" content=\"435\" \/>\n\t<meta property=\"og:image:type\" content=\"image\/jpeg\" \/>\n<meta name=\"author\" content=\"Julio Santos Filho\" \/>\n<meta name=\"twitter:card\" content=\"summary_large_image\" \/>\n<meta name=\"twitter:label1\" content=\"Escrito por\" \/>\n\t<meta name=\"twitter:data1\" content=\"Julio Santos Filho\" \/>\n\t<meta name=\"twitter:label2\" content=\"Est. tempo de leitura\" \/>\n\t<meta name=\"twitter:data2\" content=\"5 minutos\" \/>\n<script type=\"application\/ld+json\" class=\"yoast-schema-graph\">{\"@context\":\"https:\/\/schema.org\",\"@graph\":[{\"@type\":\"Article\",\"@id\":\"https:\/\/rioonwatch.org.br\/?p=51538#article\",\"isPartOf\":{\"@id\":\"https:\/\/rioonwatch.org.br\/?p=51538\"},\"author\":{\"name\":\"Julio Santos Filho\",\"@id\":\"https:\/\/rioonwatch.org.br\/#\/schema\/person\/476bc75767957d3535b65b796667cd36\"},\"headline\":\"Sementes de Marielle Florescem nas Elei\u00e7\u00f5es 2020: Plataforma Antirracista e Agenda Marielle\",\"datePublished\":\"2020-11-12T13:31:24+00:00\",\"dateModified\":\"2024-05-24T15:34:35+00:00\",\"mainEntityOfPage\":{\"@id\":\"https:\/\/rioonwatch.org.br\/?p=51538\"},\"wordCount\":960,\"publisher\":{\"@id\":\"https:\/\/rioonwatch.org.br\/#organization\"},\"image\":{\"@id\":\"https:\/\/rioonwatch.org.br\/?p=51538#primaryimage\"},\"thumbnailUrl\":\"https:\/\/rioonwatch.org.br\/wp-content\/uploads\/2020\/11\/Manifestacao-pouco-depois-do-assassinato-da-vereadora-estampam-a-abertura-do-documentario-Sementes-Mulheres-Pretas-no-Poder.jpg\",\"keywords\":[\"Antirracismo\",\"Benedita da Silva\",\"C\u00e2mara dos Vereadores\",\"Democracia\",\"EDUCAFRO\",\"elei\u00e7\u00e3o municipal 2020\",\"Elei\u00e7\u00f5es\",\"feminismo\",\"FGV\",\"g\u00eanero\",\"Legado de Marielle\",\"lei\",\"lideran\u00e7a\",\"Marielle Franco\",\"mobiliza\u00e7\u00e3o\",\"negritude\",\"PSOL\",\"PT\",\"ra\u00e7a\",\"Renata Souza\",\"representatividade\"],\"articleSection\":[\"#OlhoNaParticipa\u00e7\u00e3o\",\"*Destaque\",\"Escrito por Aliados\"],\"inLanguage\":\"pt-BR\"},{\"@type\":\"WebPage\",\"@id\":\"https:\/\/rioonwatch.org.br\/?p=51538\",\"url\":\"https:\/\/rioonwatch.org.br\/?p=51538\",\"name\":\"Sementes de Marielle Florescem nas Elei\u00e7\u00f5es 2020: Plataforma Antirracista e Agenda Marielle - RioOnWatch\",\"isPartOf\":{\"@id\":\"https:\/\/rioonwatch.org.br\/#website\"},\"primaryImageOfPage\":{\"@id\":\"https:\/\/rioonwatch.org.br\/?p=51538#primaryimage\"},\"image\":{\"@id\":\"https:\/\/rioonwatch.org.br\/?p=51538#primaryimage\"},\"thumbnailUrl\":\"https:\/\/rioonwatch.org.br\/wp-content\/uploads\/2020\/11\/Manifestacao-pouco-depois-do-assassinato-da-vereadora-estampam-a-abertura-do-documentario-Sementes-Mulheres-Pretas-no-Poder.jpg\",\"datePublished\":\"2020-11-12T13:31:24+00:00\",\"dateModified\":\"2024-05-24T15:34:35+00:00\",\"breadcrumb\":{\"@id\":\"https:\/\/rioonwatch.org.br\/?p=51538#breadcrumb\"},\"inLanguage\":\"pt-BR\",\"potentialAction\":[{\"@type\":\"ReadAction\",\"target\":[\"https:\/\/rioonwatch.org.br\/?p=51538\"]}]},{\"@type\":\"ImageObject\",\"inLanguage\":\"pt-BR\",\"@id\":\"https:\/\/rioonwatch.org.br\/?p=51538#primaryimage\",\"url\":\"https:\/\/rioonwatch.org.br\/wp-content\/uploads\/2020\/11\/Manifestacao-pouco-depois-do-assassinato-da-vereadora-estampam-a-abertura-do-documentario-Sementes-Mulheres-Pretas-no-Poder.jpg\",\"contentUrl\":\"https:\/\/rioonwatch.org.br\/wp-content\/uploads\/2020\/11\/Manifestacao-pouco-depois-do-assassinato-da-vereadora-estampam-a-abertura-do-documentario-Sementes-Mulheres-Pretas-no-Poder.jpg\",\"width\":653,\"height\":435,\"caption\":\"Manifesta\u00e7\u00e3o pouco depois do assassinato da vereadora estampa a abertura do document\u00e1rio \u201cSementes Mulheres Pretas no Poder\u201d.\"},{\"@type\":\"BreadcrumbList\",\"@id\":\"https:\/\/rioonwatch.org.br\/?p=51538#breadcrumb\",\"itemListElement\":[{\"@type\":\"ListItem\",\"position\":1,\"name\":\"In\u00edcio\",\"item\":\"https:\/\/rioonwatch.org.br\/\"},{\"@type\":\"ListItem\",\"position\":2,\"name\":\"Sementes de Marielle Florescem nas Elei\u00e7\u00f5es 2020: Plataforma Antirracista e Agenda Marielle\"}]},{\"@type\":\"WebSite\",\"@id\":\"https:\/\/rioonwatch.org.br\/#website\",\"url\":\"https:\/\/rioonwatch.org.br\/\",\"name\":\"RioOnWatch\",\"description\":\"relatos das favelas cariocas\",\"publisher\":{\"@id\":\"https:\/\/rioonwatch.org.br\/#organization\"},\"potentialAction\":[{\"@type\":\"SearchAction\",\"target\":{\"@type\":\"EntryPoint\",\"urlTemplate\":\"https:\/\/rioonwatch.org.br\/?s={search_term_string}\"},\"query-input\":{\"@type\":\"PropertyValueSpecification\",\"valueRequired\":true,\"valueName\":\"search_term_string\"}}],\"inLanguage\":\"pt-BR\"},{\"@type\":\"Organization\",\"@id\":\"https:\/\/rioonwatch.org.br\/#organization\",\"name\":\"RioOnWatch\",\"url\":\"https:\/\/rioonwatch.org.br\/\",\"logo\":{\"@type\":\"ImageObject\",\"inLanguage\":\"pt-BR\",\"@id\":\"https:\/\/rioonwatch.org.br\/#\/schema\/logo\/image\/\",\"url\":\"https:\/\/rioonwatch.org.br\/wp-content\/uploads\/2021\/06\/RioOnWatchcabecalhoPT11anos-2.png\",\"contentUrl\":\"https:\/\/rioonwatch.org.br\/wp-content\/uploads\/2021\/06\/RioOnWatchcabecalhoPT11anos-2.png\",\"width\":779,\"height\":277,\"caption\":\"RioOnWatch\"},\"image\":{\"@id\":\"https:\/\/rioonwatch.org.br\/#\/schema\/logo\/image\/\"}},{\"@type\":\"Person\",\"@id\":\"https:\/\/rioonwatch.org.br\/#\/schema\/person\/476bc75767957d3535b65b796667cd36\",\"name\":\"Julio Santos Filho\",\"image\":{\"@type\":\"ImageObject\",\"inLanguage\":\"pt-BR\",\"@id\":\"https:\/\/rioonwatch.org.br\/#\/schema\/person\/image\/\",\"url\":\"https:\/\/secure.gravatar.com\/avatar\/ca138f7666182a292a8ce4ca14fb81f8?s=96&d=blank&r=g\",\"contentUrl\":\"https:\/\/secure.gravatar.com\/avatar\/ca138f7666182a292a8ce4ca14fb81f8?s=96&d=blank&r=g\",\"caption\":\"Julio Santos Filho\"},\"url\":\"https:\/\/rioonwatch.org.br\/?author=167\"}]}<\/script>\n<!-- \/ Yoast SEO plugin. -->","yoast_head_json":{"title":"Sementes de Marielle Florescem nas Elei\u00e7\u00f5es 2020: Plataforma Antirracista e Agenda Marielle - RioOnWatch","robots":{"index":"index","follow":"follow","max-snippet":"max-snippet:-1","max-image-preview":"max-image-preview:large","max-video-preview":"max-video-preview:-1"},"canonical":"https:\/\/rioonwatch.org.br\/?p=51538","og_locale":"pt_BR","og_type":"article","og_title":"Sementes de Marielle Florescem nas Elei\u00e7\u00f5es 2020: Plataforma Antirracista e Agenda Marielle - RioOnWatch","og_description":"Click Here for English Esta mat\u00e9ria faz parte de uma\u00a0s\u00e9rie de mat\u00e9rias sobre as elei\u00e7\u00f5es municipais de 2020, com enfoque nas perspectivas das favelas do Grande Rio. \u201cA gente n\u00e3o pode esperar mais dez anos [...]","og_url":"https:\/\/rioonwatch.org.br\/?p=51538","og_site_name":"RioOnWatch","article_published_time":"2020-11-12T13:31:24+00:00","article_modified_time":"2024-05-24T15:34:35+00:00","og_image":[{"width":653,"height":435,"url":"https:\/\/rioonwatch.org.br\/wp-content\/uploads\/2020\/11\/Manifestacao-pouco-depois-do-assassinato-da-vereadora-estampam-a-abertura-do-documentario-Sementes-Mulheres-Pretas-no-Poder.jpg","type":"image\/jpeg"}],"author":"Julio Santos Filho","twitter_card":"summary_large_image","twitter_misc":{"Escrito por":"Julio Santos Filho","Est. tempo de leitura":"5 minutos"},"schema":{"@context":"https:\/\/schema.org","@graph":[{"@type":"Article","@id":"https:\/\/rioonwatch.org.br\/?p=51538#article","isPartOf":{"@id":"https:\/\/rioonwatch.org.br\/?p=51538"},"author":{"name":"Julio Santos Filho","@id":"https:\/\/rioonwatch.org.br\/#\/schema\/person\/476bc75767957d3535b65b796667cd36"},"headline":"Sementes de Marielle Florescem nas Elei\u00e7\u00f5es 2020: Plataforma Antirracista e Agenda Marielle","datePublished":"2020-11-12T13:31:24+00:00","dateModified":"2024-05-24T15:34:35+00:00","mainEntityOfPage":{"@id":"https:\/\/rioonwatch.org.br\/?p=51538"},"wordCount":960,"publisher":{"@id":"https:\/\/rioonwatch.org.br\/#organization"},"image":{"@id":"https:\/\/rioonwatch.org.br\/?p=51538#primaryimage"},"thumbnailUrl":"https:\/\/rioonwatch.org.br\/wp-content\/uploads\/2020\/11\/Manifestacao-pouco-depois-do-assassinato-da-vereadora-estampam-a-abertura-do-documentario-Sementes-Mulheres-Pretas-no-Poder.jpg","keywords":["Antirracismo","Benedita da Silva","C\u00e2mara dos Vereadores","Democracia","EDUCAFRO","elei\u00e7\u00e3o municipal 2020","Elei\u00e7\u00f5es","feminismo","FGV","g\u00eanero","Legado de Marielle","lei","lideran\u00e7a","Marielle Franco","mobiliza\u00e7\u00e3o","negritude","PSOL","PT","ra\u00e7a","Renata Souza","representatividade"],"articleSection":["#OlhoNaParticipa\u00e7\u00e3o","*Destaque","Escrito por Aliados"],"inLanguage":"pt-BR"},{"@type":"WebPage","@id":"https:\/\/rioonwatch.org.br\/?p=51538","url":"https:\/\/rioonwatch.org.br\/?p=51538","name":"Sementes de Marielle Florescem nas Elei\u00e7\u00f5es 2020: Plataforma Antirracista e Agenda Marielle - RioOnWatch","isPartOf":{"@id":"https:\/\/rioonwatch.org.br\/#website"},"primaryImageOfPage":{"@id":"https:\/\/rioonwatch.org.br\/?p=51538#primaryimage"},"image":{"@id":"https:\/\/rioonwatch.org.br\/?p=51538#primaryimage"},"thumbnailUrl":"https:\/\/rioonwatch.org.br\/wp-content\/uploads\/2020\/11\/Manifestacao-pouco-depois-do-assassinato-da-vereadora-estampam-a-abertura-do-documentario-Sementes-Mulheres-Pretas-no-Poder.jpg","datePublished":"2020-11-12T13:31:24+00:00","dateModified":"2024-05-24T15:34:35+00:00","breadcrumb":{"@id":"https:\/\/rioonwatch.org.br\/?p=51538#breadcrumb"},"inLanguage":"pt-BR","potentialAction":[{"@type":"ReadAction","target":["https:\/\/rioonwatch.org.br\/?p=51538"]}]},{"@type":"ImageObject","inLanguage":"pt-BR","@id":"https:\/\/rioonwatch.org.br\/?p=51538#primaryimage","url":"https:\/\/rioonwatch.org.br\/wp-content\/uploads\/2020\/11\/Manifestacao-pouco-depois-do-assassinato-da-vereadora-estampam-a-abertura-do-documentario-Sementes-Mulheres-Pretas-no-Poder.jpg","contentUrl":"https:\/\/rioonwatch.org.br\/wp-content\/uploads\/2020\/11\/Manifestacao-pouco-depois-do-assassinato-da-vereadora-estampam-a-abertura-do-documentario-Sementes-Mulheres-Pretas-no-Poder.jpg","width":653,"height":435,"caption":"Manifesta\u00e7\u00e3o pouco depois do assassinato da vereadora estampa a abertura do document\u00e1rio \u201cSementes Mulheres Pretas no Poder\u201d."},{"@type":"BreadcrumbList","@id":"https:\/\/rioonwatch.org.br\/?p=51538#breadcrumb","itemListElement":[{"@type":"ListItem","position":1,"name":"In\u00edcio","item":"https:\/\/rioonwatch.org.br\/"},{"@type":"ListItem","position":2,"name":"Sementes de Marielle Florescem nas Elei\u00e7\u00f5es 2020: Plataforma Antirracista e Agenda Marielle"}]},{"@type":"WebSite","@id":"https:\/\/rioonwatch.org.br\/#website","url":"https:\/\/rioonwatch.org.br\/","name":"RioOnWatch","description":"relatos das favelas cariocas","publisher":{"@id":"https:\/\/rioonwatch.org.br\/#organization"},"potentialAction":[{"@type":"SearchAction","target":{"@type":"EntryPoint","urlTemplate":"https:\/\/rioonwatch.org.br\/?s={search_term_string}"},"query-input":{"@type":"PropertyValueSpecification","valueRequired":true,"valueName":"search_term_string"}}],"inLanguage":"pt-BR"},{"@type":"Organization","@id":"https:\/\/rioonwatch.org.br\/#organization","name":"RioOnWatch","url":"https:\/\/rioonwatch.org.br\/","logo":{"@type":"ImageObject","inLanguage":"pt-BR","@id":"https:\/\/rioonwatch.org.br\/#\/schema\/logo\/image\/","url":"https:\/\/rioonwatch.org.br\/wp-content\/uploads\/2021\/06\/RioOnWatchcabecalhoPT11anos-2.png","contentUrl":"https:\/\/rioonwatch.org.br\/wp-content\/uploads\/2021\/06\/RioOnWatchcabecalhoPT11anos-2.png","width":779,"height":277,"caption":"RioOnWatch"},"image":{"@id":"https:\/\/rioonwatch.org.br\/#\/schema\/logo\/image\/"}},{"@type":"Person","@id":"https:\/\/rioonwatch.org.br\/#\/schema\/person\/476bc75767957d3535b65b796667cd36","name":"Julio Santos Filho","image":{"@type":"ImageObject","inLanguage":"pt-BR","@id":"https:\/\/rioonwatch.org.br\/#\/schema\/person\/image\/","url":"https:\/\/secure.gravatar.com\/avatar\/ca138f7666182a292a8ce4ca14fb81f8?s=96&d=blank&r=g","contentUrl":"https:\/\/secure.gravatar.com\/avatar\/ca138f7666182a292a8ce4ca14fb81f8?s=96&d=blank&r=g","caption":"Julio Santos Filho"},"url":"https:\/\/rioonwatch.org.br\/?author=167"}]}},"_links":{"self":[{"href":"https:\/\/rioonwatch.org.br\/index.php?rest_route=\/wp\/v2\/posts\/51538"}],"collection":[{"href":"https:\/\/rioonwatch.org.br\/index.php?rest_route=\/wp\/v2\/posts"}],"about":[{"href":"https:\/\/rioonwatch.org.br\/index.php?rest_route=\/wp\/v2\/types\/post"}],"author":[{"embeddable":true,"href":"https:\/\/rioonwatch.org.br\/index.php?rest_route=\/wp\/v2\/users\/167"}],"replies":[{"embeddable":true,"href":"https:\/\/rioonwatch.org.br\/index.php?rest_route=%2Fwp%2Fv2%2Fcomments&post=51538"}],"version-history":[{"count":24,"href":"https:\/\/rioonwatch.org.br\/index.php?rest_route=\/wp\/v2\/posts\/51538\/revisions"}],"predecessor-version":[{"id":52052,"href":"https:\/\/rioonwatch.org.br\/index.php?rest_route=\/wp\/v2\/posts\/51538\/revisions\/52052"}],"wp:featuredmedia":[{"embeddable":true,"href":"https:\/\/rioonwatch.org.br\/index.php?rest_route=\/wp\/v2\/media\/51562"}],"wp:attachment":[{"href":"https:\/\/rioonwatch.org.br\/index.php?rest_route=%2Fwp%2Fv2%2Fmedia&parent=51538"}],"wp:term":[{"taxonomy":"category","embeddable":true,"href":"https:\/\/rioonwatch.org.br\/index.php?rest_route=%2Fwp%2Fv2%2Fcategories&post=51538"},{"taxonomy":"post_tag","embeddable":true,"href":"https:\/\/rioonwatch.org.br\/index.php?rest_route=%2Fwp%2Fv2%2Ftags&post=51538"},{"taxonomy":"writer","embeddable":true,"href":"https:\/\/rioonwatch.org.br\/index.php?rest_route=%2Fwp%2Fv2%2Fwriter&post=51538"},{"taxonomy":"translator","embeddable":true,"href":"https:\/\/rioonwatch.org.br\/index.php?rest_route=%2Fwp%2Fv2%2Ftranslator&post=51538"},{"taxonomy":"source","embeddable":true,"href":"https:\/\/rioonwatch.org.br\/index.php?rest_route=%2Fwp%2Fv2%2Fsource&post=51538"},{"taxonomy":"ilustrador","embeddable":true,"href":"https:\/\/rioonwatch.org.br\/index.php?rest_route=%2Fwp%2Fv2%2Filustrador&post=51538"},{"taxonomy":"fotografo","embeddable":true,"href":"https:\/\/rioonwatch.org.br\/index.php?rest_route=%2Fwp%2Fv2%2Ffotografo&post=51538"}],"curies":[{"name":"wp","href":"https:\/\/api.w.org\/{rel}","templated":true}]}}