{"id":51554,"date":"2020-11-10T16:38:38","date_gmt":"2020-11-10T19:38:38","guid":{"rendered":"https:\/\/rioonwatch.org.br\/?p=51554"},"modified":"2020-11-12T19:27:05","modified_gmt":"2020-11-12T22:27:05","slug":"para-que-serve-e-como-funcionam-as-eleicoes-para-vereador-do-rio-em-2020","status":"publish","type":"post","link":"https:\/\/rioonwatch.org.br\/?p=51554","title":{"rendered":"Para que Serve e Como Funcionam as Elei\u00e7\u00f5es para Vereador do Rio em 2020?"},"content":{"rendered":"<p style=\"text-align: right;\"><em><strong><a href=\"https:\/\/bit.ly\/3nm4L6i\" target=\"_blank\" rel=\"noopener noreferrer\">Click Here for English<\/a><a href=\"https:\/\/bit.ly\/3nm4L6i\" target=\"_blank\" rel=\"noopener noreferrer\"><img decoding=\"async\" width=\"20\" height=\"20\" class=\"alignright wp-image-15790\" src=\"https:\/\/rioonwatch.org.br\/wp-content\/uploads\/2012\/08\/EN-standard-e1439583104716.jpg\" \/><\/a><\/strong><\/em><\/p>\n<p><em>Esta mat\u00e9ria faz parte de uma\u00a0<a href=\"https:\/\/bit.ly\/EleicaoRio2020\" target=\"_blank\" rel=\"noopener noreferrer\">s\u00e9rie de mat\u00e9rias sobre as elei\u00e7\u00f5es municipais de 2020<\/a>, com enfoque nas perspectivas das favelas do Grande Rio.<\/em><\/p>\n<h3>Para que Serve um Vereador?<\/h3>\n<p><span style=\"font-weight: 400;\">Cabe ao vereador propor, discutir e aprovar as leis que ser\u00e3o aplicadas em cada cidade, al\u00e9m de ser dever do vereador acompanhar as a\u00e7\u00f5es do Executivo, que, no caso, \u00e9 o prefeito, verificando se est\u00e3o sendo cumpridas as metas de governo e se est\u00e3o sendo atendidas as normas legais, sobretudo de aplica\u00e7\u00e3o or\u00e7ament\u00e1ria. <\/span><\/p>\n<p><span style=\"font-weight: 400;\">O <\/span><a href=\"https:\/\/bit.ly\/2I9OxOJ\"><span style=\"font-weight: 400;\"><em>Mar\u00e9 de Not\u00edcias<\/em><\/span><\/a><span style=\"font-weight: 400;\"> fez um resumo das principais atividades do cargo de vereador, al\u00e9m de explicar como fiscalizar e participar do mandato do seu vereador, caso ele seja eleito, e como voc\u00ea pode tamb\u00e9m saber sobre doa\u00e7\u00f5es de campanha e gastos recebidos pelo seu candidato.\u00a0\u00a0<\/span><\/p>\n<p><a href=\"https:\/\/rioonwatch.org.br\/wp-content\/uploads\/2020\/11\/Arte-Mare-de-Noticia.png\"><img fetchpriority=\"high\" decoding=\"async\" class=\"aligncenter wp-image-51470 size-medium\" title=\"Esquema visual sobre as responsabilidades dos vereadores. Ilustra\u00e7\u00e3o de: Mar\u00e9 de Not\u00edcias Online\" src=\"https:\/\/rioonwatch.org.br\/wp-content\/uploads\/2020\/11\/Arte-Mare-de-Noticia-620x484.png\" alt=\"Esquema visual sobre as responsabilidades dos vereadores. Ilustra\u00e7\u00e3o de: Mar\u00e9 de Not\u00edcias Online.\" width=\"620\" height=\"484\" srcset=\"https:\/\/rioonwatch.org.br\/wp-content\/uploads\/2020\/11\/Arte-Mare-de-Noticia-620x484.png 620w, https:\/\/rioonwatch.org.br\/wp-content\/uploads\/2020\/11\/Arte-Mare-de-Noticia-1024x799.png 1024w, https:\/\/rioonwatch.org.br\/wp-content\/uploads\/2020\/11\/Arte-Mare-de-Noticia-338x264.png 338w, https:\/\/rioonwatch.org.br\/wp-content\/uploads\/2020\/11\/Arte-Mare-de-Noticia-768x599.png 768w, https:\/\/rioonwatch.org.br\/wp-content\/uploads\/2020\/11\/Arte-Mare-de-Noticia.png 1087w\" sizes=\"(max-width: 620px) 100vw, 620px\" \/><\/a><\/p>\n<p><span style=\"font-weight: 400;\">De acordo com o <\/span><a href=\"https:\/\/bit.ly\/34QvHVm\" target=\"_blank\" rel=\"noopener noreferrer\">Data Rio<\/a>, atualmente, dos <a href=\"https:\/\/bit.ly\/320DJsH\" target=\"_blank\" rel=\"noopener noreferrer\">6.718.903\u00a0habitantes<\/a>\u00a0da cidade do Rio,\u00a0<a href=\"https:\/\/bit.ly\/2HU6j87\" target=\"_blank\" rel=\"noopener noreferrer\">22%<\/a>\u00a0vive em favelas. No entanto, o <a href=\"https:\/\/bit.ly\/3n6wA2b\" target=\"_blank\" rel=\"noopener noreferrer\">Tribunal Regional Eleitoral<\/a> (TRE-RJ) n\u00e3o tem a informa\u00e7\u00e3o de quantos zonas eleitorais est\u00e3o em \u00e1reas de favelas ou uma estimativa do percentual de eleitores destas \u00e1reas.<\/p>\n<h3>Proibi\u00e7\u00e3o de Coliga\u00e7\u00f5es<\/h3>\n<p><span style=\"font-weight: 400;\">A proibi\u00e7\u00e3o de coliga\u00e7\u00f5es para a corrida eleitoral \u00e0 verean\u00e7a foi adotada por uma <a href=\"https:\/\/bit.ly\/3pctTxK\" target=\"_blank\" rel=\"noopener noreferrer\">emenda constitucional<\/a> em 2017, apelidada de reforma eleitoral, para corrigir distor\u00e7\u00f5es no processo eleitoral. Entre elas, evitar que o eleitor vote no candidato A, mas acabe elegendo o B, de outro partido.<\/span><\/p>\n<p><span style=\"font-weight: 400;\">Com a proibi\u00e7\u00e3o das coliga\u00e7\u00f5es para eleger vereadores, agora os partidos <a href=\"https:\/\/bit.ly\/3n8lgma\" target=\"_blank\" rel=\"noopener noreferrer\">n\u00e3o podem fazer alian\u00e7as<\/a> para aumentar suas chances de conseguir vagas nas c\u00e2maras municipais. Na pr\u00e1tica, isso pode representar uma menor diversidade partid\u00e1ria na configura\u00e7\u00e3o do Legislativo Municipal.\u00a0<\/span><span style=\"font-weight: 400;\">\u00c9 prov\u00e1vel que partidos pequenos tenham menos chances de ocupar uma das 51 cadeiras na C\u00e2mara dos Vereadores do Rio, pois v\u00e3o depender exclusivamente dos votos que cada um dos seus candidatos (ou legenda) podem conquistar.<\/span><\/p>\n<h3>Quantos Votos um Candidato Precisa para Vencer?<\/h3>\n<p><span style=\"font-weight: 400;\">As elei\u00e7\u00f5es para vereadores s\u00e3o mais complexas do que a de prefeito, na qual o candidato mais votado vence, diretamente pelo voto popular. No <a href=\"https:\/\/glo.bo\/2IiBtpK\" target=\"_blank\" rel=\"noopener noreferrer\">sistema de elei\u00e7\u00f5es para vereador<\/a>, cada eleitor vota em um candidato ou em um partido, atrav\u00e9s de seus n\u00fameros. Cada candidato tem cinco d\u00edgitos que o representam na urna eletr\u00f4nica, enquanto cada partido, tem dois. Na apura\u00e7\u00e3o, s\u00e3o contabilizados todos os votos v\u00e1lidos\u2014isto \u00e9, n\u00e3o entram na conta nem os votos brancos, nem os nulos\u2014que, ent\u00e3o, s\u00e3o divididos<\/span><span style=\"font-weight: 400;\"> pelo n\u00famero de vagas existentes na C\u00e2mara de Vereadores. No Rio de Janeiro, s\u00e3o 51 cadeiras em jogo a cada elei\u00e7\u00e3o. \u00c9 atrav\u00e9s desta divis\u00e3o que se chega ao <a href=\"https:\/\/bit.ly\/2InGAot\" target=\"_blank\" rel=\"noopener noreferrer\">quociente eleitoral<\/a>:<em>\u00a0<\/em>raz\u00e3o que determina o n\u00famero m\u00ednimo de votos para que um partido eleja um vereador. Depois \u00e9 calculado o <a href=\"http:\/\/bit.ly\/2EESnNd\" target=\"_blank\" rel=\"noopener noreferrer\">quoficiente partid\u00e1rio<\/a>, que \u00e9 a divis\u00e3o dos votos v\u00e1lidos recebidos pelo partido, pelo coeficiente eleitoral. Esta \u00e9 a raz\u00e3o que determina quantas vagas cada partido vai ter direito de ocupar na C\u00e2mara.<\/span><\/p>\n<p><span style=\"font-weight: 400;\">Depois desses c\u00e1lculos, define-se uma &#8220;<a href=\"https:\/\/glo.bo\/32tZ6Tx\" target=\"_blank\" rel=\"noopener noreferrer\">nota de corte<\/a>&#8220;, que \u00e9 o m\u00ednimo que um candidato individualmente precisa ter, dentro do seu partido, para assumir uma das cadeiras a que seu partido tem direito, que \u00e9 igual a 10% do coeficiente eleitoral. Os candidatos que n\u00e3o atingirem a nota de corte, mesmo que seus partidos tenham direito \u00e0 vaga pelo coeficiente partid\u00e1rio, n\u00e3o ganham a vaga. Caso o partido n\u00e3o tenha candidatos que tenham obtido o m\u00ednimo exigido, este partido perde direito \u00e0s vagas n\u00e3o preenchidas. Esta nota de corte visa garantir que os candidatos eleitos tenham o m\u00ednimo de express\u00e3o nas urnas, considerando a realidade dos &#8220;<a href=\"https:\/\/bit.ly\/3kniPdT\" target=\"_blank\" rel=\"noopener noreferrer\">puxadores de votos<\/a>&#8220;. Os puxadores de voto s\u00e3o aqueles candidatos que, por receberem muitos votos, aumentam o coeficiente partid\u00e1rio, ou seja, aumentando as chances de mais candidatos daquele partido se elegerem. Logo, para evitar que candidatos com vota\u00e7\u00f5es m\u00ednimas elejam-se, estabeleceu-se a nota de corte. <\/span>\u00c9 neste complicado jogo de propor\u00e7\u00f5es matem\u00e1ticas que os candidatos tentam conquistar espa\u00e7o nas elei\u00e7\u00f5es de 2020.<\/p>\n<hr \/>\n<h4><strong>Apoie nossos esfor\u00e7os para fornecer assist\u00eancia estrat\u00e9gica \u00e0s favelas do Rio durante a pandemia de Covid-19, incluindo o jornalismo hiperlocal, cr\u00edtico, inovador e incans\u00e1vel do\u00a0<em>RioOnWatch<\/em><\/strong>\u2014<a href=\"http:\/\/bit.ly\/CatalisandoComunidades\">doe aqui<\/a>.<\/h4>\n<!-- AddThis Advanced Settings generic via filter on the_content --><!-- AddThis Share Buttons generic via filter on the_content -->","protected":false},"excerpt":{"rendered":"<div class=\"mh-excerpt\"><p>Click Here for English Esta mat\u00e9ria faz parte de uma\u00a0s\u00e9rie de mat\u00e9rias sobre as elei\u00e7\u00f5es municipais de 2020, com enfoque nas perspectivas das favelas do Grande Rio. Para que Serve um Vereador? Cabe ao vereador <a class=\"mh-excerpt-more\" href=\"https:\/\/rioonwatch.org.br\/?p=51554\" title=\"Para que Serve e Como Funcionam as Elei\u00e7\u00f5es para Vereador do Rio em 2020?\">[&#8230;]<\/a><!-- AddThis Advanced Settings generic via filter on get_the_excerpt --><!-- AddThis Share Buttons generic via filter on get_the_excerpt --><\/p>\n<\/div>","protected":false},"author":3,"featured_media":51473,"comment_status":"closed","ping_status":"closed","sticky":false,"template":"","format":"standard","meta":{"_acf_changed":false,"_monsterinsights_skip_tracking":false,"_monsterinsights_sitenote_active":false,"_monsterinsights_sitenote_note":"","_monsterinsights_sitenote_category":0,"footnotes":""},"categories":[2089,344],"tags":[1754,479,2918,457,755,1033],"writer":[2800],"translator":[],"source":[],"ilustrador":[],"fotografo":[],"class_list":{"0":"post-51554","1":"post","2":"type-post","3":"status-publish","4":"format-standard","5":"has-post-thumbnail","7":"category-monitoramento","8":"category-politicas","9":"tag-camara-dos-vereadores","10":"tag-democracia","11":"tag-eleicao-municipal-2020","12":"tag-eleicoes","13":"tag-lei","14":"tag-politica","15":"writer-tatiana-lima"},"acf":[],"yoast_head":"<!-- This site is optimized with the Yoast SEO plugin v25.6 - https:\/\/yoast.com\/wordpress\/plugins\/seo\/ -->\n<title>Para que Serve e Como Funcionam as Elei\u00e7\u00f5es para Vereador do Rio em 2020? - RioOnWatch<\/title>\n<meta name=\"robots\" content=\"index, follow, max-snippet:-1, max-image-preview:large, max-video-preview:-1\" \/>\n<link rel=\"canonical\" href=\"https:\/\/rioonwatch.org.br\/?p=51554\" \/>\n<meta property=\"og:locale\" content=\"pt_BR\" \/>\n<meta property=\"og:type\" content=\"article\" \/>\n<meta property=\"og:title\" content=\"Para que Serve e Como Funcionam as Elei\u00e7\u00f5es para Vereador do Rio em 2020? - RioOnWatch\" \/>\n<meta property=\"og:description\" content=\"Click Here for English Esta mat\u00e9ria faz parte de uma\u00a0s\u00e9rie de mat\u00e9rias sobre as elei\u00e7\u00f5es municipais de 2020, com enfoque nas perspectivas das favelas do Grande Rio. Para que Serve um Vereador? Cabe ao vereador [...]\" \/>\n<meta property=\"og:url\" content=\"https:\/\/rioonwatch.org.br\/?p=51554\" \/>\n<meta property=\"og:site_name\" content=\"RioOnWatch\" \/>\n<meta property=\"article:published_time\" content=\"2020-11-10T19:38:38+00:00\" \/>\n<meta property=\"article:modified_time\" content=\"2020-11-12T22:27:05+00:00\" \/>\n<meta property=\"og:image\" content=\"https:\/\/rioonwatch.org.br\/wp-content\/uploads\/2020\/11\/foto-Matheus-Affonso-Mare-de-Noticia.png\" \/>\n\t<meta property=\"og:image:width\" content=\"696\" \/>\n\t<meta property=\"og:image:height\" content=\"464\" \/>\n\t<meta property=\"og:image:type\" content=\"image\/png\" \/>\n<meta name=\"author\" content=\"Admin\" \/>\n<meta name=\"twitter:card\" content=\"summary_large_image\" \/>\n<meta name=\"twitter:label1\" content=\"Escrito por\" \/>\n\t<meta name=\"twitter:data1\" content=\"Admin\" \/>\n\t<meta name=\"twitter:label2\" content=\"Est. tempo de leitura\" \/>\n\t<meta name=\"twitter:data2\" content=\"4 minutos\" \/>\n<script type=\"application\/ld+json\" class=\"yoast-schema-graph\">{\"@context\":\"https:\/\/schema.org\",\"@graph\":[{\"@type\":\"Article\",\"@id\":\"https:\/\/rioonwatch.org.br\/?p=51554#article\",\"isPartOf\":{\"@id\":\"https:\/\/rioonwatch.org.br\/?p=51554\"},\"author\":{\"name\":\"Admin\",\"@id\":\"https:\/\/rioonwatch.org.br\/#\/schema\/person\/c6c09a0b56b38f0157a45b963ef3f269\"},\"headline\":\"Para que Serve e Como Funcionam as Elei\u00e7\u00f5es para Vereador do Rio em 2020?\",\"datePublished\":\"2020-11-10T19:38:38+00:00\",\"dateModified\":\"2020-11-12T22:27:05+00:00\",\"mainEntityOfPage\":{\"@id\":\"https:\/\/rioonwatch.org.br\/?p=51554\"},\"wordCount\":752,\"publisher\":{\"@id\":\"https:\/\/rioonwatch.org.br\/#organization\"},\"image\":{\"@id\":\"https:\/\/rioonwatch.org.br\/?p=51554#primaryimage\"},\"thumbnailUrl\":\"https:\/\/rioonwatch.org.br\/wp-content\/uploads\/2020\/11\/foto-Matheus-Affonso-Mare-de-Noticia.png\",\"keywords\":[\"C\u00e2mara dos Vereadores\",\"Democracia\",\"elei\u00e7\u00e3o municipal 2020\",\"Elei\u00e7\u00f5es\",\"lei\",\"pol\u00edtica\"],\"articleSection\":[\"#Monitoramento\",\"Pol\u00edticas\"],\"inLanguage\":\"pt-BR\"},{\"@type\":\"WebPage\",\"@id\":\"https:\/\/rioonwatch.org.br\/?p=51554\",\"url\":\"https:\/\/rioonwatch.org.br\/?p=51554\",\"name\":\"Para que Serve e Como Funcionam as Elei\u00e7\u00f5es para Vereador do Rio em 2020? - RioOnWatch\",\"isPartOf\":{\"@id\":\"https:\/\/rioonwatch.org.br\/#website\"},\"primaryImageOfPage\":{\"@id\":\"https:\/\/rioonwatch.org.br\/?p=51554#primaryimage\"},\"image\":{\"@id\":\"https:\/\/rioonwatch.org.br\/?p=51554#primaryimage\"},\"thumbnailUrl\":\"https:\/\/rioonwatch.org.br\/wp-content\/uploads\/2020\/11\/foto-Matheus-Affonso-Mare-de-Noticia.png\",\"datePublished\":\"2020-11-10T19:38:38+00:00\",\"dateModified\":\"2020-11-12T22:27:05+00:00\",\"breadcrumb\":{\"@id\":\"https:\/\/rioonwatch.org.br\/?p=51554#breadcrumb\"},\"inLanguage\":\"pt-BR\",\"potentialAction\":[{\"@type\":\"ReadAction\",\"target\":[\"https:\/\/rioonwatch.org.br\/?p=51554\"]}]},{\"@type\":\"ImageObject\",\"inLanguage\":\"pt-BR\",\"@id\":\"https:\/\/rioonwatch.org.br\/?p=51554#primaryimage\",\"url\":\"https:\/\/rioonwatch.org.br\/wp-content\/uploads\/2020\/11\/foto-Matheus-Affonso-Mare-de-Noticia.png\",\"contentUrl\":\"https:\/\/rioonwatch.org.br\/wp-content\/uploads\/2020\/11\/foto-Matheus-Affonso-Mare-de-Noticia.png\",\"width\":696,\"height\":464,\"caption\":\"Para votar esse ano, al\u00e9m de t\u00edtulo e identidade, \u00e9 necess\u00e1rio ir de m\u00e1scara e levar a sua pr\u00f3pria caneta. Foto: Matheus Affonso\/Mar\u00e9 de Not\u00edcias Online\"},{\"@type\":\"BreadcrumbList\",\"@id\":\"https:\/\/rioonwatch.org.br\/?p=51554#breadcrumb\",\"itemListElement\":[{\"@type\":\"ListItem\",\"position\":1,\"name\":\"In\u00edcio\",\"item\":\"https:\/\/rioonwatch.org.br\/\"},{\"@type\":\"ListItem\",\"position\":2,\"name\":\"Para que Serve e Como Funcionam as Elei\u00e7\u00f5es para Vereador do Rio em 2020?\"}]},{\"@type\":\"WebSite\",\"@id\":\"https:\/\/rioonwatch.org.br\/#website\",\"url\":\"https:\/\/rioonwatch.org.br\/\",\"name\":\"RioOnWatch\",\"description\":\"relatos das favelas cariocas\",\"publisher\":{\"@id\":\"https:\/\/rioonwatch.org.br\/#organization\"},\"potentialAction\":[{\"@type\":\"SearchAction\",\"target\":{\"@type\":\"EntryPoint\",\"urlTemplate\":\"https:\/\/rioonwatch.org.br\/?s={search_term_string}\"},\"query-input\":{\"@type\":\"PropertyValueSpecification\",\"valueRequired\":true,\"valueName\":\"search_term_string\"}}],\"inLanguage\":\"pt-BR\"},{\"@type\":\"Organization\",\"@id\":\"https:\/\/rioonwatch.org.br\/#organization\",\"name\":\"RioOnWatch\",\"url\":\"https:\/\/rioonwatch.org.br\/\",\"logo\":{\"@type\":\"ImageObject\",\"inLanguage\":\"pt-BR\",\"@id\":\"https:\/\/rioonwatch.org.br\/#\/schema\/logo\/image\/\",\"url\":\"https:\/\/rioonwatch.org.br\/wp-content\/uploads\/2021\/06\/RioOnWatchcabecalhoPT11anos-2.png\",\"contentUrl\":\"https:\/\/rioonwatch.org.br\/wp-content\/uploads\/2021\/06\/RioOnWatchcabecalhoPT11anos-2.png\",\"width\":779,\"height\":277,\"caption\":\"RioOnWatch\"},\"image\":{\"@id\":\"https:\/\/rioonwatch.org.br\/#\/schema\/logo\/image\/\"}},{\"@type\":\"Person\",\"@id\":\"https:\/\/rioonwatch.org.br\/#\/schema\/person\/c6c09a0b56b38f0157a45b963ef3f269\",\"name\":\"Admin\",\"image\":{\"@type\":\"ImageObject\",\"inLanguage\":\"pt-BR\",\"@id\":\"https:\/\/rioonwatch.org.br\/#\/schema\/person\/image\/\",\"url\":\"https:\/\/secure.gravatar.com\/avatar\/da45c89efd4810dc70c16a5da3419806?s=96&d=blank&r=g\",\"contentUrl\":\"https:\/\/secure.gravatar.com\/avatar\/da45c89efd4810dc70c16a5da3419806?s=96&d=blank&r=g\",\"caption\":\"Admin\"},\"url\":\"https:\/\/rioonwatch.org.br\/?author=3\"}]}<\/script>\n<!-- \/ Yoast SEO plugin. -->","yoast_head_json":{"title":"Para que Serve e Como Funcionam as Elei\u00e7\u00f5es para Vereador do Rio em 2020? - RioOnWatch","robots":{"index":"index","follow":"follow","max-snippet":"max-snippet:-1","max-image-preview":"max-image-preview:large","max-video-preview":"max-video-preview:-1"},"canonical":"https:\/\/rioonwatch.org.br\/?p=51554","og_locale":"pt_BR","og_type":"article","og_title":"Para que Serve e Como Funcionam as Elei\u00e7\u00f5es para Vereador do Rio em 2020? - RioOnWatch","og_description":"Click Here for English Esta mat\u00e9ria faz parte de uma\u00a0s\u00e9rie de mat\u00e9rias sobre as elei\u00e7\u00f5es municipais de 2020, com enfoque nas perspectivas das favelas do Grande Rio. Para que Serve um Vereador? Cabe ao vereador [...]","og_url":"https:\/\/rioonwatch.org.br\/?p=51554","og_site_name":"RioOnWatch","article_published_time":"2020-11-10T19:38:38+00:00","article_modified_time":"2020-11-12T22:27:05+00:00","og_image":[{"width":696,"height":464,"url":"https:\/\/rioonwatch.org.br\/wp-content\/uploads\/2020\/11\/foto-Matheus-Affonso-Mare-de-Noticia.png","type":"image\/png"}],"author":"Admin","twitter_card":"summary_large_image","twitter_misc":{"Escrito por":"Admin","Est. tempo de leitura":"4 minutos"},"schema":{"@context":"https:\/\/schema.org","@graph":[{"@type":"Article","@id":"https:\/\/rioonwatch.org.br\/?p=51554#article","isPartOf":{"@id":"https:\/\/rioonwatch.org.br\/?p=51554"},"author":{"name":"Admin","@id":"https:\/\/rioonwatch.org.br\/#\/schema\/person\/c6c09a0b56b38f0157a45b963ef3f269"},"headline":"Para que Serve e Como Funcionam as Elei\u00e7\u00f5es para Vereador do Rio em 2020?","datePublished":"2020-11-10T19:38:38+00:00","dateModified":"2020-11-12T22:27:05+00:00","mainEntityOfPage":{"@id":"https:\/\/rioonwatch.org.br\/?p=51554"},"wordCount":752,"publisher":{"@id":"https:\/\/rioonwatch.org.br\/#organization"},"image":{"@id":"https:\/\/rioonwatch.org.br\/?p=51554#primaryimage"},"thumbnailUrl":"https:\/\/rioonwatch.org.br\/wp-content\/uploads\/2020\/11\/foto-Matheus-Affonso-Mare-de-Noticia.png","keywords":["C\u00e2mara dos Vereadores","Democracia","elei\u00e7\u00e3o municipal 2020","Elei\u00e7\u00f5es","lei","pol\u00edtica"],"articleSection":["#Monitoramento","Pol\u00edticas"],"inLanguage":"pt-BR"},{"@type":"WebPage","@id":"https:\/\/rioonwatch.org.br\/?p=51554","url":"https:\/\/rioonwatch.org.br\/?p=51554","name":"Para que Serve e Como Funcionam as Elei\u00e7\u00f5es para Vereador do Rio em 2020? - RioOnWatch","isPartOf":{"@id":"https:\/\/rioonwatch.org.br\/#website"},"primaryImageOfPage":{"@id":"https:\/\/rioonwatch.org.br\/?p=51554#primaryimage"},"image":{"@id":"https:\/\/rioonwatch.org.br\/?p=51554#primaryimage"},"thumbnailUrl":"https:\/\/rioonwatch.org.br\/wp-content\/uploads\/2020\/11\/foto-Matheus-Affonso-Mare-de-Noticia.png","datePublished":"2020-11-10T19:38:38+00:00","dateModified":"2020-11-12T22:27:05+00:00","breadcrumb":{"@id":"https:\/\/rioonwatch.org.br\/?p=51554#breadcrumb"},"inLanguage":"pt-BR","potentialAction":[{"@type":"ReadAction","target":["https:\/\/rioonwatch.org.br\/?p=51554"]}]},{"@type":"ImageObject","inLanguage":"pt-BR","@id":"https:\/\/rioonwatch.org.br\/?p=51554#primaryimage","url":"https:\/\/rioonwatch.org.br\/wp-content\/uploads\/2020\/11\/foto-Matheus-Affonso-Mare-de-Noticia.png","contentUrl":"https:\/\/rioonwatch.org.br\/wp-content\/uploads\/2020\/11\/foto-Matheus-Affonso-Mare-de-Noticia.png","width":696,"height":464,"caption":"Para votar esse ano, al\u00e9m de t\u00edtulo e identidade, \u00e9 necess\u00e1rio ir de m\u00e1scara e levar a sua pr\u00f3pria caneta. Foto: Matheus Affonso\/Mar\u00e9 de Not\u00edcias Online"},{"@type":"BreadcrumbList","@id":"https:\/\/rioonwatch.org.br\/?p=51554#breadcrumb","itemListElement":[{"@type":"ListItem","position":1,"name":"In\u00edcio","item":"https:\/\/rioonwatch.org.br\/"},{"@type":"ListItem","position":2,"name":"Para que Serve e Como Funcionam as Elei\u00e7\u00f5es para Vereador do Rio em 2020?"}]},{"@type":"WebSite","@id":"https:\/\/rioonwatch.org.br\/#website","url":"https:\/\/rioonwatch.org.br\/","name":"RioOnWatch","description":"relatos das favelas cariocas","publisher":{"@id":"https:\/\/rioonwatch.org.br\/#organization"},"potentialAction":[{"@type":"SearchAction","target":{"@type":"EntryPoint","urlTemplate":"https:\/\/rioonwatch.org.br\/?s={search_term_string}"},"query-input":{"@type":"PropertyValueSpecification","valueRequired":true,"valueName":"search_term_string"}}],"inLanguage":"pt-BR"},{"@type":"Organization","@id":"https:\/\/rioonwatch.org.br\/#organization","name":"RioOnWatch","url":"https:\/\/rioonwatch.org.br\/","logo":{"@type":"ImageObject","inLanguage":"pt-BR","@id":"https:\/\/rioonwatch.org.br\/#\/schema\/logo\/image\/","url":"https:\/\/rioonwatch.org.br\/wp-content\/uploads\/2021\/06\/RioOnWatchcabecalhoPT11anos-2.png","contentUrl":"https:\/\/rioonwatch.org.br\/wp-content\/uploads\/2021\/06\/RioOnWatchcabecalhoPT11anos-2.png","width":779,"height":277,"caption":"RioOnWatch"},"image":{"@id":"https:\/\/rioonwatch.org.br\/#\/schema\/logo\/image\/"}},{"@type":"Person","@id":"https:\/\/rioonwatch.org.br\/#\/schema\/person\/c6c09a0b56b38f0157a45b963ef3f269","name":"Admin","image":{"@type":"ImageObject","inLanguage":"pt-BR","@id":"https:\/\/rioonwatch.org.br\/#\/schema\/person\/image\/","url":"https:\/\/secure.gravatar.com\/avatar\/da45c89efd4810dc70c16a5da3419806?s=96&d=blank&r=g","contentUrl":"https:\/\/secure.gravatar.com\/avatar\/da45c89efd4810dc70c16a5da3419806?s=96&d=blank&r=g","caption":"Admin"},"url":"https:\/\/rioonwatch.org.br\/?author=3"}]}},"_links":{"self":[{"href":"https:\/\/rioonwatch.org.br\/index.php?rest_route=\/wp\/v2\/posts\/51554"}],"collection":[{"href":"https:\/\/rioonwatch.org.br\/index.php?rest_route=\/wp\/v2\/posts"}],"about":[{"href":"https:\/\/rioonwatch.org.br\/index.php?rest_route=\/wp\/v2\/types\/post"}],"author":[{"embeddable":true,"href":"https:\/\/rioonwatch.org.br\/index.php?rest_route=\/wp\/v2\/users\/3"}],"replies":[{"embeddable":true,"href":"https:\/\/rioonwatch.org.br\/index.php?rest_route=%2Fwp%2Fv2%2Fcomments&post=51554"}],"version-history":[{"count":3,"href":"https:\/\/rioonwatch.org.br\/index.php?rest_route=\/wp\/v2\/posts\/51554\/revisions"}],"predecessor-version":[{"id":51634,"href":"https:\/\/rioonwatch.org.br\/index.php?rest_route=\/wp\/v2\/posts\/51554\/revisions\/51634"}],"wp:featuredmedia":[{"embeddable":true,"href":"https:\/\/rioonwatch.org.br\/index.php?rest_route=\/wp\/v2\/media\/51473"}],"wp:attachment":[{"href":"https:\/\/rioonwatch.org.br\/index.php?rest_route=%2Fwp%2Fv2%2Fmedia&parent=51554"}],"wp:term":[{"taxonomy":"category","embeddable":true,"href":"https:\/\/rioonwatch.org.br\/index.php?rest_route=%2Fwp%2Fv2%2Fcategories&post=51554"},{"taxonomy":"post_tag","embeddable":true,"href":"https:\/\/rioonwatch.org.br\/index.php?rest_route=%2Fwp%2Fv2%2Ftags&post=51554"},{"taxonomy":"writer","embeddable":true,"href":"https:\/\/rioonwatch.org.br\/index.php?rest_route=%2Fwp%2Fv2%2Fwriter&post=51554"},{"taxonomy":"translator","embeddable":true,"href":"https:\/\/rioonwatch.org.br\/index.php?rest_route=%2Fwp%2Fv2%2Ftranslator&post=51554"},{"taxonomy":"source","embeddable":true,"href":"https:\/\/rioonwatch.org.br\/index.php?rest_route=%2Fwp%2Fv2%2Fsource&post=51554"},{"taxonomy":"ilustrador","embeddable":true,"href":"https:\/\/rioonwatch.org.br\/index.php?rest_route=%2Fwp%2Fv2%2Filustrador&post=51554"},{"taxonomy":"fotografo","embeddable":true,"href":"https:\/\/rioonwatch.org.br\/index.php?rest_route=%2Fwp%2Fv2%2Ffotografo&post=51554"}],"curies":[{"name":"wp","href":"https:\/\/api.w.org\/{rel}","templated":true}]}}