{"id":51666,"date":"2020-12-06T08:47:19","date_gmt":"2020-12-06T11:47:19","guid":{"rendered":"https:\/\/rioonwatch.org.br\/?p=51666"},"modified":"2024-04-24T11:02:30","modified_gmt":"2024-04-24T14:02:30","slug":"o-lado-b-das-eleicoes-2020-no-rio-de-janeiro-milicias-no-poder","status":"publish","type":"post","link":"https:\/\/rioonwatch.org.br\/?p=51666","title":{"rendered":"Mil\u00edcias e Poder, Parte 1: O Alarmante e Pouco Debatido Lado B das \u00daltimas Elei\u00e7\u00f5es no Rio"},"content":{"rendered":"<h4 style=\"text-align: right;\"><em><strong><a href=\"https:\/\/rioonwatch.org\/?p=63897\" target=\"_blank\" rel=\"noopener\">Click Here for English<img decoding=\"async\" class=\"alignright wp-image-15790 lazyloaded\" src=\"https:\/\/rioonwatch.org.br\/wp-content\/uploads\/2012\/08\/EN-standard-e1439583104716.jpg\" alt=\"\" width=\"20\" height=\"20\" data-src=\"https:\/\/rioonwatch.org.br\/wp-content\/uploads\/2012\/08\/EN-standard-e1439583104716.jpg\" \/><\/a><\/strong><\/em><\/h4>\n<p><em>Essa \u00e9 a primeira parte, de <a href=\"http:\/\/bit.ly\/3hCY2D0\" target=\"_blank\" rel=\"noopener\">uma mat\u00e9ria em duas partes<\/a>, <\/em><em>que discorre sobre a expans\u00e3o da mil\u00edcia no poder estatal na Regi\u00e3o Metropolitana do Rio de Janeiro. Essa primeira parte reflete sobre a articula\u00e7\u00e3o das mil\u00edcias nas elei\u00e7\u00f5es municipais de 2020. Leia a <a href=\"http:\/\/bit.ly\/3hCY2D0\" target=\"_blank\" rel=\"noopener\">parte 2 aqui<\/a>.<\/em><\/p>\n<h4><strong><i>Grupos paramilitares se articulam cada vez mais com prefeituras e casa legislativas, consolidando um discurso e pr\u00e1ticas violentas de quatro d\u00e9cadas.\u00a0<\/i><\/strong><\/h4>\n<p><span style=\"font-weight: 400;\">A interfer\u00eancia das <a href=\"https:\/\/bit.ly\/2WZGZ4m\" target=\"_blank\" rel=\"noopener noreferrer\">mil\u00edcias<\/a> no sistema pol\u00edtico eleitoral na capital fluminense n\u00e3o \u00e9 nenhuma novidade. H\u00e1 pelo menos quatro d\u00e9cadas que esses grupos disputam as elei\u00e7\u00f5es de forma direta e indireta na<\/span> <a href=\"http:\/\/bit.ly\/2kFp5ol\" target=\"_blank\" rel=\"noopener noreferrer\"><span style=\"font-weight: 400;\">Regi\u00e3o Metropolitana<\/span><\/a><span style=\"font-weight: 400;\">. No Rio de Janeiro, a mil\u00edcia n\u00e3o \u00e9 somente um poder paralelo, &#8220;eles est\u00e3o dentro do Estado, aprenderam tudo com o Estado, eles s\u00e3o o Estado&#8221;, garante o soci\u00f3logo <a href=\"https:\/\/bit.ly\/2TIBczq\" target=\"_blank\" rel=\"noopener noreferrer\">Jos\u00e9 Cl\u00e1udio Alves<\/a>, professor da <\/span><a href=\"https:\/\/bit.ly\/36D8IMt\" target=\"_blank\" rel=\"noopener noreferrer\"><span style=\"font-weight: 400;\">UFRRJ<\/span><\/a><span style=\"font-weight: 400;\">, que estuda o fen\u00f4meno desses grupos paramilitares<\/span> <a href=\"https:\/\/bit.ly\/361uEAP\" target=\"_blank\" rel=\"noopener noreferrer\"><span style=\"font-weight: 400;\">h\u00e1 26 anos<\/span><\/a><span style=\"font-weight: 400;\">. <\/span><\/p>\n<p><span style=\"font-weight: 400;\">Esta realidade j\u00e1 \u00e9 reconhecida pela pr\u00f3pria Justi\u00e7a Eleitoral, tanto \u00e9 que h\u00e1<\/span><span style=\"font-weight: 400;\">\u00a0tr\u00eas dias das elei\u00e7\u00f5es municipais do primeiro turno, em 12 de novembro, agentes da <a href=\"https:\/\/bit.ly\/39KEvir\" target=\"_blank\" rel=\"noopener noreferrer\">Pol\u00edcia Federal<\/a> executaram 12 mandados de busca e apreens\u00e3o expedidos pela 16\u00aa Zona Eleitoral. A<\/span>\u00a0<a href=\"https:\/\/glo.bo\/36BZpNv\" target=\"_blank\" rel=\"noopener noreferrer\"><span style=\"font-weight: 400;\">opera\u00e7\u00e3o S\u00f3lon<\/span><\/a><span style=\"font-weight: 400;\"> fez buscas em casas, comit\u00eas de campanhas e empresas ligadas \u00e0s mil\u00edcias na<\/span> <a href=\"http:\/\/bit.ly\/2x3k8bw\" target=\"_blank\" rel=\"noopener noreferrer\"><span style=\"font-weight: 400;\">Zona Oeste<\/span><\/a><span style=\"font-weight: 400;\">. Dos 12 alvos da investiga\u00e7\u00e3o, dez eram ligados aos irm\u00e3os <\/span><a href=\"https:\/\/glo.bo\/2ItgsJA\" target=\"_blank\" rel=\"noopener noreferrer\"><span style=\"font-weight: 400;\">Jos\u00e9 Guimar\u00e3es Natalino e Jer\u00f4nimo Guimar\u00e3es<\/span><\/a><span style=\"font-weight: 400;\">, apontados judicialmente como fundadores da <a href=\"https:\/\/bit.ly\/2IxjpZ5\" target=\"_blank\" rel=\"noopener noreferrer\">Liga da Justi\u00e7a<\/a>, uma das maiores mil\u00edcias do estado, que opera em<\/span> <a href=\"http:\/\/bit.ly\/2lvBTO8\" target=\"_blank\" rel=\"noopener noreferrer\"><span style=\"font-weight: 400;\">Rio das Pedras<\/span><\/a><span style=\"font-weight: 400;\">.\u00a0<\/span><\/p>\n<p>Apesar do aumento da ocupa\u00e7\u00e3o de cadeiras de pol\u00edticos de partidos de centro direita e esquerda na C\u00e2mara Municipal do Rio, o que para muitos se apresenta como uma derrota do <a href=\"https:\/\/bit.ly\/3mmMCox\" target=\"_blank\" rel=\"noopener noreferrer\">bolsonarismo e das mil\u00edcias<\/a>, Jos\u00e9 Claudio alerta que \u00e9 preciso ler toda a conjuntura pol\u00edtica espacial de dom\u00ednio das mil\u00edcias no Rio de Janeiro.<\/p>\n<p><a href=\"https:\/\/rioonwatch.org.br\/wp-content\/uploads\/2020\/11\/75843103_Sociologo-Jose-Claudio-Souza-Alves-autor-do-livro-Dos-baroes-ao-exterminio-a-historia-d.jpg\"><img fetchpriority=\"high\" decoding=\"async\" class=\"aligncenter wp-image-51674 size-full\" title=\"O escritor Jos\u00e9 Claudio Alves\" src=\"https:\/\/rioonwatch.org.br\/wp-content\/uploads\/2020\/11\/75843103_Sociologo-Jose-Claudio-Souza-Alves-autor-do-livro-Dos-baroes-ao-exterminio-a-historia-d.jpg\" alt=\"\" width=\"1086\" height=\"652\" srcset=\"https:\/\/rioonwatch.org.br\/wp-content\/uploads\/2020\/11\/75843103_Sociologo-Jose-Claudio-Souza-Alves-autor-do-livro-Dos-baroes-ao-exterminio-a-historia-d.jpg 1086w, https:\/\/rioonwatch.org.br\/wp-content\/uploads\/2020\/11\/75843103_Sociologo-Jose-Claudio-Souza-Alves-autor-do-livro-Dos-baroes-ao-exterminio-a-historia-d-620x372.jpg 620w, https:\/\/rioonwatch.org.br\/wp-content\/uploads\/2020\/11\/75843103_Sociologo-Jose-Claudio-Souza-Alves-autor-do-livro-Dos-baroes-ao-exterminio-a-historia-d-1024x615.jpg 1024w, https:\/\/rioonwatch.org.br\/wp-content\/uploads\/2020\/11\/75843103_Sociologo-Jose-Claudio-Souza-Alves-autor-do-livro-Dos-baroes-ao-exterminio-a-historia-d-440x264.jpg 440w, https:\/\/rioonwatch.org.br\/wp-content\/uploads\/2020\/11\/75843103_Sociologo-Jose-Claudio-Souza-Alves-autor-do-livro-Dos-baroes-ao-exterminio-a-historia-d-768x461.jpg 768w\" sizes=\"(max-width: 1086px) 100vw, 1086px\" \/><\/a><\/p>\n<p><span style=\"font-weight: 400;\">Antes das elei\u00e7\u00f5es, Jos\u00e9 Cl\u00e1udio refletiu: &#8220;As elei\u00e7\u00f5es de 2020 possuem caracter\u00edsticas com din\u00e2micas pol\u00edticas e econ\u00f4micas para ocasionar uma \u2018apoteose das mil\u00edcias\u2019 nas urnas devido ao ac\u00famulo do capital social criminoso destes grupos com pol\u00edticos, elaborado por experi\u00eancias discursivas e pr\u00e1ticas ao longo de ao menos quatro d\u00e9cadas. A partir de uma &#8216;<\/span><span style=\"font-weight: 400;\">miliciarquia&#8217;<\/span><span style=\"font-weight: 400;\"> que recoloniza os territ\u00f3rios, a mil\u00edcia transformou todo territ\u00f3rio e servi\u00e7os da cidade em mercado&#8221;.<\/span><\/p>\n<p><span style=\"font-weight: 400;\">Surgidos sob o manto de ofertar uma &#8220;seguran\u00e7a paralela&#8221; para combater o crime, em especial ao tr\u00e1fico de drogas, os grupos milicianos constitu\u00edram ao longo de d\u00e9cadas um<\/span> <a href=\"https:\/\/bit.ly\/38MOhzI\" target=\"_blank\" rel=\"noopener noreferrer\"><span style=\"font-weight: 400;\">dom\u00ednio territorial<\/span><\/a><span style=\"font-weight: 400;\"> em diversas \u00e1reas da Regi\u00e3o Metropolitana do Rio. Eles controlam n\u00e3o s\u00f3 a<\/span><span style=\"font-weight: 400;\"> seguran\u00e7a<\/span><span style=\"font-weight: 400;\">, mas tamb\u00e9m neg\u00f3cios como venda de g\u00e1s, \u00e1gua, cestas b\u00e1sicas e im\u00f3veis, incluindo a<\/span>\u00a0<a href=\"https:\/\/glo.bo\/3kuxKmj\" target=\"_blank\" rel=\"noopener noreferrer\"><span style=\"font-weight: 400;\">constru\u00e7\u00e3o de shoppings, empreendimentos comerciais e imobili\u00e1rios<\/span><\/a><span style=\"font-weight: 400;\">, transporte alternativo, sinal de TV e internet e at\u00e9 oferta de emprego nas favelas e arredores.<\/span><\/p>\n<p><span style=\"font-weight: 400;\">De suposta \u201cpol\u00edcia paga\u201d reguladora da ordem e seguran\u00e7a da economia local, as mil\u00edcias passaram a monopolizar os servi\u00e7os essenciais\u2014que deveriam ser prestados pelo Estado\u2014com cobran\u00e7as de sobretaxas \u00e0 popula\u00e7\u00e3o. Esses grupos se tornaram uma fac\u00e7\u00e3o criminosa, n\u00e3o somente com poder armado e\u00a0<a href=\"https:\/\/bit.ly\/36u2FLT\" target=\"_blank\" rel=\"noopener noreferrer\">pol\u00edtico<\/a>, mas tamb\u00e9m em processo de simbiose com o tr\u00e1fico, como afirma o <a href=\"https:\/\/bit.ly\/2IF5n85\" target=\"_blank\" rel=\"noopener noreferrer\">estudo<\/a>\u00a0da <a href=\"https:\/\/bit.ly\/2IF5n85\" target=\"_blank\" rel=\"noopener noreferrer\">Rede Fluminense de Pesquisas sobre Viol\u00eancia, Seguran\u00e7a P\u00fablica e Direitos Humano<\/a>.<\/span><\/p>\n<p><a href=\"https:\/\/rioonwatch.org.br\/wp-content\/uploads\/2020\/11\/imagem-area-zon-oeste-sem-logo.jpg\"><img decoding=\"async\" class=\"aligncenter wp-image-51684 size-full\" title=\"Rio das Pedras\" src=\"https:\/\/rioonwatch.org.br\/wp-content\/uploads\/2020\/11\/imagem-area-zon-oeste-sem-logo.jpg\" alt=\"\" width=\"1248\" height=\"609\" srcset=\"https:\/\/rioonwatch.org.br\/wp-content\/uploads\/2020\/11\/imagem-area-zon-oeste-sem-logo.jpg 1248w, https:\/\/rioonwatch.org.br\/wp-content\/uploads\/2020\/11\/imagem-area-zon-oeste-sem-logo-620x303.jpg 620w, https:\/\/rioonwatch.org.br\/wp-content\/uploads\/2020\/11\/imagem-area-zon-oeste-sem-logo-1024x500.jpg 1024w, https:\/\/rioonwatch.org.br\/wp-content\/uploads\/2020\/11\/imagem-area-zon-oeste-sem-logo-541x264.jpg 541w, https:\/\/rioonwatch.org.br\/wp-content\/uploads\/2020\/11\/imagem-area-zon-oeste-sem-logo-768x375.jpg 768w\" sizes=\"(max-width: 1248px) 100vw, 1248px\" \/><\/a><\/p>\n<p><span style=\"font-weight: 400;\">&#8220;A forma de domina\u00e7\u00e3o da mil\u00edcia \u00e9 muito mais abrangente e totalit\u00e1ria que a do tr\u00e1fico, tal condi\u00e7\u00e3o que lhe confere vantagens t\u00e9cnicas na gest\u00e3o dos neg\u00f3cios e no controle territorial. Mas ela precisa do medo para se retroalimentar, por isso permanece como uma esp\u00e9cie de fiadora da guerra contra o tr\u00e1fico. O fen\u00f4meno tem se caracterizado, no entanto, por sua permanente muta\u00e7\u00e3o, refletindo disputas internas ainda longe de se estabilizar. Assim \u00e9 que mais recentemente, j\u00e1 se observa um processo de simbiose entre tr\u00e1fico e mil\u00edcia, n\u00e3o por acaso chamada por muitos como narcomil\u00edcia&#8221;, revela o<\/span> <a href=\"https:\/\/bit.ly\/38MOhzI\" target=\"_blank\" rel=\"noopener noreferrer\"><span style=\"font-weight: 400;\">estudo<\/span><\/a><span style=\"font-weight: 400;\">.<\/span><\/p>\n<p><span style=\"font-weight: 400;\">A pesquisa tamb\u00e9m aponta uma &#8220;simbiose&#8221; entre a mudan\u00e7a no comportamento dos grupos de traficantes, que passaram a impor em suas \u00e1reas, pr\u00e1ticas t\u00edpicas da mil\u00edcia, e na via inversa &#8220;com a mil\u00edcia incorporando a seus neg\u00f3cios o mercado do varejo de drogas&#8221;. O levantamento foi realizado por um grupo de estudos formado pelo Novos Ilegalismos (GENI\/<a href=\"http:\/\/bit.ly\/2wR1FPk\" target=\"_blank\" rel=\"noopener noreferrer\">UFF<\/a>), o\u00a0<\/span><a href=\"https:\/\/bit.ly\/2TYd2kg\" target=\"_blank\" rel=\"noopener noreferrer\"><span style=\"font-weight: 400;\">Fogo Cruzado<\/span><\/a><span style=\"font-weight: 400;\">, o<\/span><a href=\"https:\/\/bit.ly\/3noXlPo\" target=\"_blank\" rel=\"noopener noreferrer\"><span style=\"font-weight: 400;\"> N\u00facleo de Estudos da Viol\u00eancia da USP<\/span><\/a><span style=\"font-weight: 400;\">, da plataforma digital<\/span> <a href=\"https:\/\/bit.ly\/35shxtM\" target=\"_blank\" rel=\"noopener noreferrer\"><span style=\"font-weight: 400;\">Pista News<\/span><\/a><span style=\"font-weight: 400;\"> e o<\/span>\u00a0<a href=\"https:\/\/bit.ly\/3lAu9oc\" target=\"_blank\" rel=\"noopener noreferrer\"><span style=\"font-weight: 400;\">Disque-Den\u00fancia<\/span><\/a><span style=\"font-weight: 400;\">.<\/span><\/p>\n<p><span style=\"font-weight: 400;\">Foi diante deste cen\u00e1rio que Jos\u00e9 Claudio previu as elei\u00e7\u00f5es de 2020 como &#8220;apoteose das mil\u00edcias nas urnas&#8221; devido as<\/span><span style=\"font-weight: 400;\"> caracter\u00edsticas configuradas espacialmente no Rio de Janeiro.\u00a0<\/span><\/p>\n<p><span style=\"font-weight: 400;\">Na capital fluminense, ainda que nomes do micilianismo, alguns j\u00e1 comprovados, outros n\u00e3o, como<\/span> <a href=\"https:\/\/bit.ly\/37CfOly\" target=\"_blank\" rel=\"noopener noreferrer\"><span style=\"font-weight: 400;\">Marcello Siciliano<\/span><\/a><span style=\"font-weight: 400;\"> (<a href=\"https:\/\/bit.ly\/2Jx66si\" target=\"_blank\" rel=\"noopener noreferrer\">PP<\/a>), <\/span><a href=\"https:\/\/bit.ly\/3q4dYC3\" target=\"_blank\" rel=\"noopener noreferrer\"><span style=\"font-weight: 400;\">Zico Bacana<\/span><\/a><span style=\"font-weight: 400;\"> (<a href=\"https:\/\/bit.ly\/3dB75T9\" target=\"_blank\" rel=\"noopener noreferrer\">Podemos<\/a>), <\/span><a href=\"https:\/\/bit.ly\/3lSqql3\" target=\"_blank\" rel=\"noopener noreferrer\"><span style=\"font-weight: 400;\">Carminha Jerominho<\/span><\/a><span style=\"font-weight: 400;\"> (<a href=\"https:\/\/bit.ly\/2Ix2gi8\" target=\"_blank\" rel=\"noopener noreferrer\">PMB<\/a>) n\u00e3o tenham conseguido se eleger, <a href=\"https:\/\/bit.ly\/2VLPwYy\" target=\"_blank\" rel=\"noopener noreferrer\">Carlos Bolsonaro<\/a> (<a href=\"https:\/\/bit.ly\/34mMcYI\" target=\"_blank\" rel=\"noopener noreferrer\">Republicanos<\/a>) foi<\/span> <a href=\"https:\/\/bit.ly\/3q53UZB\" target=\"_blank\" rel=\"noopener noreferrer\"><span style=\"font-weight: 400;\">reeleito pela sexta vez<\/span><\/a><span style=\"font-weight: 400;\">\u00a0para a C\u00e2mara de Vereadores do Rio de Janeiro, sendo o segundo vereador mais votado com<\/span> <a href=\"https:\/\/glo.bo\/2V0hGyq\" target=\"_blank\" rel=\"noopener noreferrer\"><span style=\"font-weight: 400;\">71.000 votos<\/span><\/a><span style=\"font-weight: 400;\">. Com este novo mandato, a fam\u00edlia Bolsonaro, que n\u00e3o esconde <a href=\"https:\/\/bit.ly\/37nYJeV\" target=\"_blank\" rel=\"noopener noreferrer\">seus la\u00e7os com milicianos,<\/a> permanece h\u00e1 24 anos na casa legislativa da capital.\u00a0<\/span><\/p>\n<p><a href=\"https:\/\/rioonwatch.org.br\/wp-content\/uploads\/2020\/11\/1_gabriel_monteiro___candidato_a_vereador_do_rio_divulgacao-instagram.jpg\"><img loading=\"lazy\" decoding=\"async\" class=\"alignright wp-image-51913\" title=\"Gabriel Monteiro (PSD) fazendo campanha com colete \u00e0 prova de balas e acompanhado de uma escolta de homens armados com escopetas.\" src=\"https:\/\/rioonwatch.org.br\/wp-content\/uploads\/2020\/11\/1_gabriel_monteiro___candidato_a_vereador_do_rio_divulgacao-instagram.jpg\" alt=\"\" width=\"300\" height=\"399\" srcset=\"https:\/\/rioonwatch.org.br\/wp-content\/uploads\/2020\/11\/1_gabriel_monteiro___candidato_a_vereador_do_rio_divulgacao-instagram.jpg 700w, https:\/\/rioonwatch.org.br\/wp-content\/uploads\/2020\/11\/1_gabriel_monteiro___candidato_a_vereador_do_rio_divulgacao-instagram-466x620.jpg 466w, https:\/\/rioonwatch.org.br\/wp-content\/uploads\/2020\/11\/1_gabriel_monteiro___candidato_a_vereador_do_rio_divulgacao-instagram-198x264.jpg 198w\" sizes=\"(max-width: 300px) 100vw, 300px\" \/><\/a><\/p>\n<p><span style=\"font-weight: 400;\">\u00c9 fato que Carlos Bolsonaro perdeu 35.000 votos, por\u00e9m, <a href=\"https:\/\/bit.ly\/2KYRse0\" target=\"_blank\" rel=\"noopener noreferrer\">Gabriel Monteiro<\/a> (<a href=\"https:\/\/bit.ly\/2Js80uj\" target=\"_blank\" rel=\"noopener noreferrer\">PSD<\/a>), <\/span><span style=\"font-weight: 400;\">policial militar<\/span><span style=\"font-weight: 400;\"> licenciado conhecido como um YouTuber bolsonarista, foi eleito com 60.326, atingindo o<\/span>\u00a0<a href=\"https:\/\/bit.ly\/33eE0ZG\" target=\"_blank\" rel=\"noopener noreferrer\"><span style=\"font-weight: 400;\">terceiro maior n\u00famero de votos<\/span><\/a><span style=\"font-weight: 400;\">. Dias antes das elei\u00e7\u00f5es, ele foi flagrado fazendo campanha com colete \u00e0 prova de balas e acompanhado de uma escolta de homens armados com escopetas. <a href=\"https:\/\/bit.ly\/3fHFpNp\" target=\"_blank\" rel=\"noopener noreferrer\">A PM negou ter liberado uma escolta oficial<\/a> ao ent\u00e3o candidato e abriu inqu\u00e9rito para investigar o caso ap\u00f3s<\/span> <span style=\"font-weight: 400;\">not\u00edcia veiculada em redes sociais e na imprensa<\/span><span style=\"font-weight: 400;\">.\u00a0<\/span><\/p>\n<p><a href=\"http:\/\/bit.ly\/2I4fFvq\" target=\"_blank\" rel=\"noopener noreferrer\"><span style=\"font-weight: 400;\">C\u00e9sar Maia<\/span><\/a><span style=\"font-weight: 400;\"> (<a href=\"https:\/\/bit.ly\/3k9wKVA\" target=\"_blank\" rel=\"noopener noreferrer\">DEM<\/a>), com 55.031 votos, tamb\u00e9m se elegeu. O ex-prefeito do Rio, na \u00e9poca de sua gest\u00e3o, <\/span><a href=\"https:\/\/bit.ly\/365gFve\" target=\"_blank\" rel=\"noopener noreferrer\"><span style=\"font-weight: 400;\">chamou as mil\u00edcias de auto-defesa comunit\u00e1ria<\/span><\/a><span style=\"font-weight: 400;\">.<\/span><\/p>\n<p><span style=\"font-weight: 400;\">De acordo com levantamento publicado no<\/span> <span style=\"font-weight: 400;\">jornal <\/span><a href=\"https:\/\/glo.bo\/3f3ZflK\" target=\"_blank\" rel=\"noopener noreferrer\"><span style=\"font-weight: 400;\"><em>Extra<\/em><\/span><\/a><span style=\"font-weight: 400;\">, nacionalmente, 29 candidatos concorreram a prefeituras e c\u00e2maras de vereadores nestas elei\u00e7\u00f5es com algum tipo de suspeita de envolvimento com o crime organizado. Destes, sete conseguiram se eleger e outros 12 conseguiram votos suficientes para ficar na lista de suplentes de suas bancadas.<\/span><\/p>\n<p><span style=\"font-weight: 400;\">Danilo Francisco da Silva, o Danilo do Mercado (MDB), por exemplo, mesmo tendo sido alvo de uma opera\u00e7\u00e3o da <\/span><span style=\"font-weight: 400;\">Pol\u00edcia Civil<\/span><span style=\"font-weight: 400;\"> durante a pr\u00e9-campanha em agosto, foi o oitavo vereador mais votado para a C\u00e2mara Municipal de Duque de Caxias,<\/span> <a href=\"https:\/\/bit.ly\/366ZpGf\" target=\"_blank\" rel=\"noopener noreferrer\"><span style=\"font-weight: 400;\">com 6.080<\/span><\/a> <span style=\"font-weight: 400;\">votos. Ele \u00e9<\/span>\u00a0<a href=\"https:\/\/glo.bo\/3m8N3Tv\" target=\"_blank\" rel=\"noopener noreferrer\"><span style=\"font-weight: 400;\">suspeito de encomendar a morte<\/span><\/a><span style=\"font-weight: 400;\"> de um homem que n\u00e3o quis vender um terreno para ele.<\/span><\/p>\n<p><a href=\"https:\/\/rioonwatch.org.br\/wp-content\/uploads\/2020\/11\/Camara-Municipal-Rio.jpg\"><img loading=\"lazy\" decoding=\"async\" class=\"aligncenter wp-image-51469 size-full\" title=\"C\u00e2mara Municipal do Rio de Janeiro\" src=\"https:\/\/rioonwatch.org.br\/wp-content\/uploads\/2020\/11\/Camara-Municipal-Rio.jpg\" alt=\"\" width=\"1772\" height=\"1181\" srcset=\"https:\/\/rioonwatch.org.br\/wp-content\/uploads\/2020\/11\/Camara-Municipal-Rio.jpg 1772w, https:\/\/rioonwatch.org.br\/wp-content\/uploads\/2020\/11\/Camara-Municipal-Rio-620x413.jpg 620w, https:\/\/rioonwatch.org.br\/wp-content\/uploads\/2020\/11\/Camara-Municipal-Rio-944x629.jpg 944w, https:\/\/rioonwatch.org.br\/wp-content\/uploads\/2020\/11\/Camara-Municipal-Rio-768x512.jpg 768w, https:\/\/rioonwatch.org.br\/wp-content\/uploads\/2020\/11\/Camara-Municipal-Rio-1024x682.jpg 1024w\" sizes=\"(max-width: 1772px) 100vw, 1772px\" \/><\/a><\/p>\n<p><span style=\"font-weight: 400;\">&#8220;H\u00e1 munic\u00edpios da Baixada que elegeram at\u00e9 uma segunda gera\u00e7\u00e3o de milicianos: seus filhos. Os matadores dos anos 1990 n\u00e3o conseguiram consolidar uma segunda gera\u00e7\u00e3o, mas os milicianos conseguiram. Deram um segundo passo elegendo filhos&#8221;, afirmou Jos\u00e9 Claudio Alves no podcast<\/span> <a href=\"https:\/\/spoti.fi\/2Jb1k3w\" target=\"_blank\" rel=\"noopener noreferrer\"><span style=\"font-weight: 400;\"><em>Esta\u00e7\u00e3o Periferia<\/em><\/span><\/a><span style=\"font-weight: 400;\">, ap\u00f3s o primeiro turno das elei\u00e7\u00f5es.<\/span><\/p>\n<p><span style=\"font-weight: 400;\">As elei\u00e7\u00f5es de 2020 para a Prefeitura e a C\u00e2mara dos Vereadores do Rio \u00e9 o primeiro pleito eleitoral ap\u00f3s a assassinado de <a href=\"http:\/\/bit.ly\/2ZubT41\" target=\"_blank\" rel=\"noopener noreferrer\">Marielle Franco<\/a>. <\/span><span style=\"font-weight: 400;\">Apesar do esp\u00edrito que tomou as ruas e redes depois do dia 14 de mar\u00e7o de 2018, com milhares de mulheres negras transformadas em &#8220;sementes&#8221;, apenas duas mulheres negras perif\u00e9ricas\u2014<a href=\"https:\/\/bit.ly\/33zsRme\" target=\"_blank\" rel=\"noopener noreferrer\">Thais Ferreira<\/a> (<a href=\"http:\/\/bit.ly\/2FuT6P5\" target=\"_blank\" rel=\"noopener noreferrer\">PSOL<\/a>) e <a href=\"https:\/\/bit.ly\/2JhHT9D\" target=\"_blank\" rel=\"noopener noreferrer\">Tain\u00e1 de Paula<\/a> (<a href=\"http:\/\/bit.ly\/2Zgdbo5\" target=\"_blank\" rel=\"noopener noreferrer\">PT<\/a>)\u2014foram eleitas na legislatura 2021-2024. Al\u00e9m delas, <\/span><span style=\"font-weight: 400;\"><a href=\"https:\/\/bit.ly\/2KZIugD\" target=\"_blank\" rel=\"noopener noreferrer\">Monica Ben\u00edcio<\/a>, vi\u00fava de Marielle Franco, se elegeu com 22.000 votos. A C\u00e2mara dos Vereadores do Rio de Janeiro \u00e9 composta por 51 cadeiras. <\/span><span style=\"font-weight: 400;\">Veja o perfil da composi\u00e7\u00e3o da C\u00e2mara abaixo.\u00a0<\/span><\/p>\n<p><span style=\"font-weight: 400;\">Todo este cen\u00e1rio revela uma consolida\u00e7\u00e3o de um esp\u00e9cie de<\/span> <a href=\"https:\/\/bit.ly\/3lbYecG\" target=\"_blank\" rel=\"noopener noreferrer\"><span style=\"font-weight: 400;\">ideologia miliciana<\/span><\/a><span style=\"font-weight: 400;\"> e geopol\u00edtica miliciana, conforme analisou Jos\u00e9 Cl\u00e1udio Alves, em entrevista ao <em>RioOnWatch<\/em>, antes do pleito do primeiro turno.<\/span><\/p>\n<p><a href=\"https:\/\/rioonwatch.org.br\/wp-content\/uploads\/2020\/11\/ELEIC\u0327A\u0303O2020_01.png\"><img loading=\"lazy\" decoding=\"async\" class=\"aligncenter wp-image-51925 size-full\" src=\"https:\/\/rioonwatch.org.br\/wp-content\/uploads\/2020\/11\/ELEIC\u0327A\u0303O2020_01.png\" alt=\"\" width=\"1000\" height=\"1000\" srcset=\"https:\/\/rioonwatch.org.br\/wp-content\/uploads\/2020\/11\/ELEIC\u0327A\u0303O2020_01.png 1000w, https:\/\/rioonwatch.org.br\/wp-content\/uploads\/2020\/11\/ELEIC\u0327A\u0303O2020_01-620x620.png 620w, https:\/\/rioonwatch.org.br\/wp-content\/uploads\/2020\/11\/ELEIC\u0327A\u0303O2020_01-264x264.png 264w, https:\/\/rioonwatch.org.br\/wp-content\/uploads\/2020\/11\/ELEIC\u0327A\u0303O2020_01-768x768.png 768w\" sizes=\"(max-width: 1000px) 100vw, 1000px\" \/><\/a><\/p>\n<p><em>Essa \u00e9 a primeira parte, de <a href=\"http:\/\/bit.ly\/3hCY2D0\" target=\"_blank\" rel=\"noopener\">uma mat\u00e9ria em duas partes<\/a>, <\/em><em>que discorre sobre a expans\u00e3o da mil\u00edcia no poder estatal na Regi\u00e3o Metropolitana do Rio de Janeiro. Essa primeira parte reflete sobre a articula\u00e7\u00e3o das mil\u00edcias nas elei\u00e7\u00f5es municipais de 2020. Leia a <a href=\"http:\/\/bit.ly\/3hCY2D0\" target=\"_blank\" rel=\"noopener\">parte 2 aqui<\/a>.<\/em><\/p>\n<hr \/>\n<h4><strong>Apoie nossos esfor\u00e7os para fornecer assist\u00eancia estrat\u00e9gica \u00e0s favelas do Rio, incluindo o jornalismo hiperlocal, cr\u00edtico, inovador e incans\u00e1vel do\u00a0<em>RioOnWatch<\/em><\/strong>\u2014<a href=\"http:\/\/bit.ly\/CatalisandoComunidades\">doe aqui<\/a>.<\/h4>\n<!-- AddThis Advanced Settings generic via filter on the_content --><!-- AddThis Share Buttons generic via filter on the_content -->","protected":false},"excerpt":{"rendered":"<div class=\"mh-excerpt\"><p>Click Here for English Essa \u00e9 a primeira parte, de uma mat\u00e9ria em duas partes, que discorre sobre a expans\u00e3o da mil\u00edcia no poder estatal na Regi\u00e3o Metropolitana do Rio de Janeiro. Essa primeira parte <a class=\"mh-excerpt-more\" href=\"https:\/\/rioonwatch.org.br\/?p=51666\" title=\"Mil\u00edcias e Poder, Parte 1: O Alarmante e Pouco Debatido Lado B das \u00daltimas Elei\u00e7\u00f5es no Rio\">[&#8230;]<\/a><!-- AddThis Advanced Settings generic via filter on get_the_excerpt --><!-- AddThis Share Buttons generic via filter on get_the_excerpt --><\/p>\n<\/div>","protected":false},"author":165,"featured_media":51675,"comment_status":"closed","ping_status":"closed","sticky":false,"template":"template-full.php","format":"standard","meta":{"_acf_changed":false,"_monsterinsights_skip_tracking":false,"_monsterinsights_sitenote_active":false,"_monsterinsights_sitenote_note":"","_monsterinsights_sitenote_category":0,"footnotes":""},"categories":[1621,346,1631,344,1620],"tags":[959,1754,622,1386,2406,1091,2918,457,2815,1372,2269,2033,482,588,2403,2409,2378,1849,774,2536,1987,1590,2924,1393,112,672,2153,2474,2340,920,52,184],"writer":[2800],"translator":[],"source":[],"ilustrador":[],"fotografo":[],"class_list":{"0":"post-51666","1":"post","2":"type-post","3":"status-publish","4":"format-standard","5":"has-post-thumbnail","7":"category-destaque","8":"category-denuncias","9":"category-entendendo-o-rio","10":"category-politicas","11":"category-olhonaupp","12":"tag-baixada-fluminense","13":"tag-camara-dos-vereadores","14":"tag-cesar-maia","15":"tag-critica-a-politica","16":"tag-dem","17":"tag-duque-de-caxias","18":"tag-eleicao-municipal-2020","19":"tag-eleicoes","20":"tag-fogo-cruzado","21":"tag-grande-rio","22":"tag-jair-bolsonaro","23":"tag-marielle-franco","24":"tag-milicia","25":"tag-pesquisa","26":"tag-pmb","27":"tag-podemos","28":"tag-policia-civil","29":"tag-policia-federal","30":"tag-policia-militar","31":"tag-pp","32":"tag-psd","33":"tag-queimados","34":"tag-republicanos","35":"tag-rio-das-pedras","36":"tag-sao-joao-de-meriti","37":"tag-seguranca-publica","38":"tag-uff","39":"tag-ufrrj","40":"tag-vereador-carlos-bolsonaro-psc","41":"tag-violencia-de-estado","42":"tag-violencia-policial","43":"tag-zona-oeste","44":"writer-tatiana-lima"},"acf":[],"yoast_head":"<!-- This site is optimized with the Yoast SEO plugin v25.6 - https:\/\/yoast.com\/wordpress\/plugins\/seo\/ -->\n<title>Mil\u00edcias e Poder, Parte 1: O Alarmante e Pouco Debatido Lado B das \u00daltimas Elei\u00e7\u00f5es no Rio - RioOnWatch<\/title>\n<meta name=\"robots\" content=\"index, follow, max-snippet:-1, max-image-preview:large, max-video-preview:-1\" \/>\n<link rel=\"canonical\" href=\"https:\/\/rioonwatch.org.br\/?p=51666\" \/>\n<meta property=\"og:locale\" content=\"pt_BR\" \/>\n<meta property=\"og:type\" content=\"article\" \/>\n<meta property=\"og:title\" content=\"Mil\u00edcias e Poder, Parte 1: O Alarmante e Pouco Debatido Lado B das \u00daltimas Elei\u00e7\u00f5es no Rio - RioOnWatch\" \/>\n<meta property=\"og:description\" content=\"Click Here for English Essa \u00e9 a primeira parte, de uma mat\u00e9ria em duas partes, que discorre sobre a expans\u00e3o da mil\u00edcia no poder estatal na Regi\u00e3o Metropolitana do Rio de Janeiro. Essa primeira parte [...]\" \/>\n<meta property=\"og:url\" content=\"https:\/\/rioonwatch.org.br\/?p=51666\" \/>\n<meta property=\"og:site_name\" content=\"RioOnWatch\" \/>\n<meta property=\"article:published_time\" content=\"2020-12-06T11:47:19+00:00\" \/>\n<meta property=\"article:modified_time\" content=\"2024-04-24T14:02:30+00:00\" \/>\n<meta property=\"og:image\" content=\"https:\/\/rioonwatch.org.br\/wp-content\/uploads\/2020\/11\/baixada-assassinatos-1579112041-1580832675.jpg\" \/>\n\t<meta property=\"og:image:width\" content=\"1440\" \/>\n\t<meta property=\"og:image:height\" content=\"720\" \/>\n\t<meta property=\"og:image:type\" content=\"image\/jpeg\" \/>\n<meta name=\"author\" content=\"Tatiana Lima\" \/>\n<meta name=\"twitter:card\" content=\"summary_large_image\" \/>\n<meta name=\"twitter:label1\" content=\"Escrito por\" \/>\n\t<meta name=\"twitter:data1\" content=\"Tatiana Lima\" \/>\n\t<meta name=\"twitter:label2\" content=\"Est. tempo de leitura\" \/>\n\t<meta name=\"twitter:data2\" content=\"9 minutos\" \/>\n<script type=\"application\/ld+json\" class=\"yoast-schema-graph\">{\"@context\":\"https:\/\/schema.org\",\"@graph\":[{\"@type\":\"Article\",\"@id\":\"https:\/\/rioonwatch.org.br\/?p=51666#article\",\"isPartOf\":{\"@id\":\"https:\/\/rioonwatch.org.br\/?p=51666\"},\"author\":{\"name\":\"Tatiana Lima\",\"@id\":\"https:\/\/rioonwatch.org.br\/#\/schema\/person\/8fde974ee24e219acc413d63393ec551\"},\"headline\":\"Mil\u00edcias e Poder, Parte 1: O Alarmante e Pouco Debatido Lado B das \u00daltimas Elei\u00e7\u00f5es no Rio\",\"datePublished\":\"2020-12-06T11:47:19+00:00\",\"dateModified\":\"2024-04-24T14:02:30+00:00\",\"mainEntityOfPage\":{\"@id\":\"https:\/\/rioonwatch.org.br\/?p=51666\"},\"wordCount\":1434,\"publisher\":{\"@id\":\"https:\/\/rioonwatch.org.br\/#organization\"},\"image\":{\"@id\":\"https:\/\/rioonwatch.org.br\/?p=51666#primaryimage\"},\"thumbnailUrl\":\"https:\/\/rioonwatch.org.br\/wp-content\/uploads\/2020\/11\/baixada-assassinatos-1579112041-1580832675.jpg\",\"keywords\":[\"Baixada Fluminense\",\"C\u00e2mara dos Vereadores\",\"C\u00e9sar Maia\",\"cr\u00edtica \u00e0 pol\u00edtica\",\"DEM\",\"Duque de Caxias\",\"elei\u00e7\u00e3o municipal 2020\",\"Elei\u00e7\u00f5es\",\"Fogo Cruzado\",\"Grande Rio\",\"Jair Bolsonaro\",\"Marielle Franco\",\"Mil\u00edcia\",\"pesquisa\",\"PMB\",\"Podemos\",\"Pol\u00edcia Civil\",\"Pol\u00edcia Federal\",\"Pol\u00edcia Militar\",\"PP\",\"PSD\",\"Queimados\",\"Republicanos\",\"Rio das Pedras\",\"S\u00e3o Jo\u00e3o de Meriti\",\"seguran\u00e7a p\u00fablica\",\"UFF\",\"UFRRJ\",\"Vereador Carlos Bolsonaro (PSC)\",\"viol\u00eancia de Estado\",\"viol\u00eancia policial\",\"Zona Oeste\"],\"articleSection\":[\"*Destaque\",\"Den\u00fancias\",\"Entendendo o Rio\",\"Pol\u00edticas\",\"Seguran\u00e7a P\u00fablica\"],\"inLanguage\":\"pt-BR\"},{\"@type\":\"WebPage\",\"@id\":\"https:\/\/rioonwatch.org.br\/?p=51666\",\"url\":\"https:\/\/rioonwatch.org.br\/?p=51666\",\"name\":\"Mil\u00edcias e Poder, Parte 1: O Alarmante e Pouco Debatido Lado B das \u00daltimas Elei\u00e7\u00f5es no Rio - RioOnWatch\",\"isPartOf\":{\"@id\":\"https:\/\/rioonwatch.org.br\/#website\"},\"primaryImageOfPage\":{\"@id\":\"https:\/\/rioonwatch.org.br\/?p=51666#primaryimage\"},\"image\":{\"@id\":\"https:\/\/rioonwatch.org.br\/?p=51666#primaryimage\"},\"thumbnailUrl\":\"https:\/\/rioonwatch.org.br\/wp-content\/uploads\/2020\/11\/baixada-assassinatos-1579112041-1580832675.jpg\",\"datePublished\":\"2020-12-06T11:47:19+00:00\",\"dateModified\":\"2024-04-24T14:02:30+00:00\",\"breadcrumb\":{\"@id\":\"https:\/\/rioonwatch.org.br\/?p=51666#breadcrumb\"},\"inLanguage\":\"pt-BR\",\"potentialAction\":[{\"@type\":\"ReadAction\",\"target\":[\"https:\/\/rioonwatch.org.br\/?p=51666\"]}]},{\"@type\":\"ImageObject\",\"inLanguage\":\"pt-BR\",\"@id\":\"https:\/\/rioonwatch.org.br\/?p=51666#primaryimage\",\"url\":\"https:\/\/rioonwatch.org.br\/wp-content\/uploads\/2020\/11\/baixada-assassinatos-1579112041-1580832675.jpg\",\"contentUrl\":\"https:\/\/rioonwatch.org.br\/wp-content\/uploads\/2020\/11\/baixada-assassinatos-1579112041-1580832675.jpg\",\"width\":1440,\"height\":720},{\"@type\":\"BreadcrumbList\",\"@id\":\"https:\/\/rioonwatch.org.br\/?p=51666#breadcrumb\",\"itemListElement\":[{\"@type\":\"ListItem\",\"position\":1,\"name\":\"In\u00edcio\",\"item\":\"https:\/\/rioonwatch.org.br\/\"},{\"@type\":\"ListItem\",\"position\":2,\"name\":\"Mil\u00edcias e Poder, Parte 1: O Alarmante e Pouco Debatido Lado B das \u00daltimas Elei\u00e7\u00f5es no Rio\"}]},{\"@type\":\"WebSite\",\"@id\":\"https:\/\/rioonwatch.org.br\/#website\",\"url\":\"https:\/\/rioonwatch.org.br\/\",\"name\":\"RioOnWatch\",\"description\":\"relatos das favelas cariocas\",\"publisher\":{\"@id\":\"https:\/\/rioonwatch.org.br\/#organization\"},\"potentialAction\":[{\"@type\":\"SearchAction\",\"target\":{\"@type\":\"EntryPoint\",\"urlTemplate\":\"https:\/\/rioonwatch.org.br\/?s={search_term_string}\"},\"query-input\":{\"@type\":\"PropertyValueSpecification\",\"valueRequired\":true,\"valueName\":\"search_term_string\"}}],\"inLanguage\":\"pt-BR\"},{\"@type\":\"Organization\",\"@id\":\"https:\/\/rioonwatch.org.br\/#organization\",\"name\":\"RioOnWatch\",\"url\":\"https:\/\/rioonwatch.org.br\/\",\"logo\":{\"@type\":\"ImageObject\",\"inLanguage\":\"pt-BR\",\"@id\":\"https:\/\/rioonwatch.org.br\/#\/schema\/logo\/image\/\",\"url\":\"https:\/\/rioonwatch.org.br\/wp-content\/uploads\/2021\/06\/RioOnWatchcabecalhoPT11anos-2.png\",\"contentUrl\":\"https:\/\/rioonwatch.org.br\/wp-content\/uploads\/2021\/06\/RioOnWatchcabecalhoPT11anos-2.png\",\"width\":779,\"height\":277,\"caption\":\"RioOnWatch\"},\"image\":{\"@id\":\"https:\/\/rioonwatch.org.br\/#\/schema\/logo\/image\/\"}},{\"@type\":\"Person\",\"@id\":\"https:\/\/rioonwatch.org.br\/#\/schema\/person\/8fde974ee24e219acc413d63393ec551\",\"name\":\"Tatiana Lima\",\"image\":{\"@type\":\"ImageObject\",\"inLanguage\":\"pt-BR\",\"@id\":\"https:\/\/rioonwatch.org.br\/#\/schema\/person\/image\/\",\"url\":\"https:\/\/secure.gravatar.com\/avatar\/5fb587d000e124a9d6aae50aec42d39e?s=96&d=blank&r=g\",\"contentUrl\":\"https:\/\/secure.gravatar.com\/avatar\/5fb587d000e124a9d6aae50aec42d39e?s=96&d=blank&r=g\",\"caption\":\"Tatiana Lima\"},\"url\":\"https:\/\/rioonwatch.org.br\/?author=165\"}]}<\/script>\n<!-- \/ Yoast SEO plugin. -->","yoast_head_json":{"title":"Mil\u00edcias e Poder, Parte 1: O Alarmante e Pouco Debatido Lado B das \u00daltimas Elei\u00e7\u00f5es no Rio - RioOnWatch","robots":{"index":"index","follow":"follow","max-snippet":"max-snippet:-1","max-image-preview":"max-image-preview:large","max-video-preview":"max-video-preview:-1"},"canonical":"https:\/\/rioonwatch.org.br\/?p=51666","og_locale":"pt_BR","og_type":"article","og_title":"Mil\u00edcias e Poder, Parte 1: O Alarmante e Pouco Debatido Lado B das \u00daltimas Elei\u00e7\u00f5es no Rio - RioOnWatch","og_description":"Click Here for English Essa \u00e9 a primeira parte, de uma mat\u00e9ria em duas partes, que discorre sobre a expans\u00e3o da mil\u00edcia no poder estatal na Regi\u00e3o Metropolitana do Rio de Janeiro. Essa primeira parte [...]","og_url":"https:\/\/rioonwatch.org.br\/?p=51666","og_site_name":"RioOnWatch","article_published_time":"2020-12-06T11:47:19+00:00","article_modified_time":"2024-04-24T14:02:30+00:00","og_image":[{"width":1440,"height":720,"url":"https:\/\/rioonwatch.org.br\/wp-content\/uploads\/2020\/11\/baixada-assassinatos-1579112041-1580832675.jpg","type":"image\/jpeg"}],"author":"Tatiana Lima","twitter_card":"summary_large_image","twitter_misc":{"Escrito por":"Tatiana Lima","Est. tempo de leitura":"9 minutos"},"schema":{"@context":"https:\/\/schema.org","@graph":[{"@type":"Article","@id":"https:\/\/rioonwatch.org.br\/?p=51666#article","isPartOf":{"@id":"https:\/\/rioonwatch.org.br\/?p=51666"},"author":{"name":"Tatiana Lima","@id":"https:\/\/rioonwatch.org.br\/#\/schema\/person\/8fde974ee24e219acc413d63393ec551"},"headline":"Mil\u00edcias e Poder, Parte 1: O Alarmante e Pouco Debatido Lado B das \u00daltimas Elei\u00e7\u00f5es no Rio","datePublished":"2020-12-06T11:47:19+00:00","dateModified":"2024-04-24T14:02:30+00:00","mainEntityOfPage":{"@id":"https:\/\/rioonwatch.org.br\/?p=51666"},"wordCount":1434,"publisher":{"@id":"https:\/\/rioonwatch.org.br\/#organization"},"image":{"@id":"https:\/\/rioonwatch.org.br\/?p=51666#primaryimage"},"thumbnailUrl":"https:\/\/rioonwatch.org.br\/wp-content\/uploads\/2020\/11\/baixada-assassinatos-1579112041-1580832675.jpg","keywords":["Baixada Fluminense","C\u00e2mara dos Vereadores","C\u00e9sar Maia","cr\u00edtica \u00e0 pol\u00edtica","DEM","Duque de Caxias","elei\u00e7\u00e3o municipal 2020","Elei\u00e7\u00f5es","Fogo Cruzado","Grande Rio","Jair Bolsonaro","Marielle Franco","Mil\u00edcia","pesquisa","PMB","Podemos","Pol\u00edcia Civil","Pol\u00edcia Federal","Pol\u00edcia Militar","PP","PSD","Queimados","Republicanos","Rio das Pedras","S\u00e3o Jo\u00e3o de Meriti","seguran\u00e7a p\u00fablica","UFF","UFRRJ","Vereador Carlos Bolsonaro (PSC)","viol\u00eancia de Estado","viol\u00eancia policial","Zona Oeste"],"articleSection":["*Destaque","Den\u00fancias","Entendendo o Rio","Pol\u00edticas","Seguran\u00e7a P\u00fablica"],"inLanguage":"pt-BR"},{"@type":"WebPage","@id":"https:\/\/rioonwatch.org.br\/?p=51666","url":"https:\/\/rioonwatch.org.br\/?p=51666","name":"Mil\u00edcias e Poder, Parte 1: O Alarmante e Pouco Debatido Lado B das \u00daltimas Elei\u00e7\u00f5es no Rio - RioOnWatch","isPartOf":{"@id":"https:\/\/rioonwatch.org.br\/#website"},"primaryImageOfPage":{"@id":"https:\/\/rioonwatch.org.br\/?p=51666#primaryimage"},"image":{"@id":"https:\/\/rioonwatch.org.br\/?p=51666#primaryimage"},"thumbnailUrl":"https:\/\/rioonwatch.org.br\/wp-content\/uploads\/2020\/11\/baixada-assassinatos-1579112041-1580832675.jpg","datePublished":"2020-12-06T11:47:19+00:00","dateModified":"2024-04-24T14:02:30+00:00","breadcrumb":{"@id":"https:\/\/rioonwatch.org.br\/?p=51666#breadcrumb"},"inLanguage":"pt-BR","potentialAction":[{"@type":"ReadAction","target":["https:\/\/rioonwatch.org.br\/?p=51666"]}]},{"@type":"ImageObject","inLanguage":"pt-BR","@id":"https:\/\/rioonwatch.org.br\/?p=51666#primaryimage","url":"https:\/\/rioonwatch.org.br\/wp-content\/uploads\/2020\/11\/baixada-assassinatos-1579112041-1580832675.jpg","contentUrl":"https:\/\/rioonwatch.org.br\/wp-content\/uploads\/2020\/11\/baixada-assassinatos-1579112041-1580832675.jpg","width":1440,"height":720},{"@type":"BreadcrumbList","@id":"https:\/\/rioonwatch.org.br\/?p=51666#breadcrumb","itemListElement":[{"@type":"ListItem","position":1,"name":"In\u00edcio","item":"https:\/\/rioonwatch.org.br\/"},{"@type":"ListItem","position":2,"name":"Mil\u00edcias e Poder, Parte 1: O Alarmante e Pouco Debatido Lado B das \u00daltimas Elei\u00e7\u00f5es no Rio"}]},{"@type":"WebSite","@id":"https:\/\/rioonwatch.org.br\/#website","url":"https:\/\/rioonwatch.org.br\/","name":"RioOnWatch","description":"relatos das favelas cariocas","publisher":{"@id":"https:\/\/rioonwatch.org.br\/#organization"},"potentialAction":[{"@type":"SearchAction","target":{"@type":"EntryPoint","urlTemplate":"https:\/\/rioonwatch.org.br\/?s={search_term_string}"},"query-input":{"@type":"PropertyValueSpecification","valueRequired":true,"valueName":"search_term_string"}}],"inLanguage":"pt-BR"},{"@type":"Organization","@id":"https:\/\/rioonwatch.org.br\/#organization","name":"RioOnWatch","url":"https:\/\/rioonwatch.org.br\/","logo":{"@type":"ImageObject","inLanguage":"pt-BR","@id":"https:\/\/rioonwatch.org.br\/#\/schema\/logo\/image\/","url":"https:\/\/rioonwatch.org.br\/wp-content\/uploads\/2021\/06\/RioOnWatchcabecalhoPT11anos-2.png","contentUrl":"https:\/\/rioonwatch.org.br\/wp-content\/uploads\/2021\/06\/RioOnWatchcabecalhoPT11anos-2.png","width":779,"height":277,"caption":"RioOnWatch"},"image":{"@id":"https:\/\/rioonwatch.org.br\/#\/schema\/logo\/image\/"}},{"@type":"Person","@id":"https:\/\/rioonwatch.org.br\/#\/schema\/person\/8fde974ee24e219acc413d63393ec551","name":"Tatiana Lima","image":{"@type":"ImageObject","inLanguage":"pt-BR","@id":"https:\/\/rioonwatch.org.br\/#\/schema\/person\/image\/","url":"https:\/\/secure.gravatar.com\/avatar\/5fb587d000e124a9d6aae50aec42d39e?s=96&d=blank&r=g","contentUrl":"https:\/\/secure.gravatar.com\/avatar\/5fb587d000e124a9d6aae50aec42d39e?s=96&d=blank&r=g","caption":"Tatiana Lima"},"url":"https:\/\/rioonwatch.org.br\/?author=165"}]}},"_links":{"self":[{"href":"https:\/\/rioonwatch.org.br\/index.php?rest_route=\/wp\/v2\/posts\/51666"}],"collection":[{"href":"https:\/\/rioonwatch.org.br\/index.php?rest_route=\/wp\/v2\/posts"}],"about":[{"href":"https:\/\/rioonwatch.org.br\/index.php?rest_route=\/wp\/v2\/types\/post"}],"author":[{"embeddable":true,"href":"https:\/\/rioonwatch.org.br\/index.php?rest_route=\/wp\/v2\/users\/165"}],"replies":[{"embeddable":true,"href":"https:\/\/rioonwatch.org.br\/index.php?rest_route=%2Fwp%2Fv2%2Fcomments&post=51666"}],"version-history":[{"count":46,"href":"https:\/\/rioonwatch.org.br\/index.php?rest_route=\/wp\/v2\/posts\/51666\/revisions"}],"predecessor-version":[{"id":73094,"href":"https:\/\/rioonwatch.org.br\/index.php?rest_route=\/wp\/v2\/posts\/51666\/revisions\/73094"}],"wp:featuredmedia":[{"embeddable":true,"href":"https:\/\/rioonwatch.org.br\/index.php?rest_route=\/wp\/v2\/media\/51675"}],"wp:attachment":[{"href":"https:\/\/rioonwatch.org.br\/index.php?rest_route=%2Fwp%2Fv2%2Fmedia&parent=51666"}],"wp:term":[{"taxonomy":"category","embeddable":true,"href":"https:\/\/rioonwatch.org.br\/index.php?rest_route=%2Fwp%2Fv2%2Fcategories&post=51666"},{"taxonomy":"post_tag","embeddable":true,"href":"https:\/\/rioonwatch.org.br\/index.php?rest_route=%2Fwp%2Fv2%2Ftags&post=51666"},{"taxonomy":"writer","embeddable":true,"href":"https:\/\/rioonwatch.org.br\/index.php?rest_route=%2Fwp%2Fv2%2Fwriter&post=51666"},{"taxonomy":"translator","embeddable":true,"href":"https:\/\/rioonwatch.org.br\/index.php?rest_route=%2Fwp%2Fv2%2Ftranslator&post=51666"},{"taxonomy":"source","embeddable":true,"href":"https:\/\/rioonwatch.org.br\/index.php?rest_route=%2Fwp%2Fv2%2Fsource&post=51666"},{"taxonomy":"ilustrador","embeddable":true,"href":"https:\/\/rioonwatch.org.br\/index.php?rest_route=%2Fwp%2Fv2%2Filustrador&post=51666"},{"taxonomy":"fotografo","embeddable":true,"href":"https:\/\/rioonwatch.org.br\/index.php?rest_route=%2Fwp%2Fv2%2Ffotografo&post=51666"}],"curies":[{"name":"wp","href":"https:\/\/api.w.org\/{rel}","templated":true}]}}