{"id":5171,"date":"2013-02-15T13:03:37","date_gmt":"2013-02-15T16:03:37","guid":{"rendered":"http:\/\/rioonwatch.org.br\/?p=5171"},"modified":"2024-06-20T16:26:32","modified_gmt":"2024-06-20T19:26:32","slug":"a-historia-da-dona-maria","status":"publish","type":"post","link":"https:\/\/rioonwatch.org.br\/?p=5171","title":{"rendered":"A Hist\u00f3ria de Dona Maria"},"content":{"rendered":"<p style=\"text-align: right;\"><em><strong><a href=\"http:\/\/bit.ly\/YXzsmn\" target=\"_blank\" rel=\"noopener\">Click Here for English<img decoding=\"async\" width=\"20\" height=\"20\" class=\"alignright wp-image-15790\" src=\"http:\/\/rioonwatch.org.br\/wp-content\/uploads\/2012\/08\/EN-standard-e1439583104716.jpg\" alt=\"\" \/><\/a><\/strong><\/em><\/p>\n<p><a href=\"http:\/\/rioonwatch.org.br\/?attachment_id=5172\" rel=\"attachment wp-att-5172\"><img fetchpriority=\"high\" decoding=\"async\" class=\"alignright size-full wp-image-5172\" title=\"Dona Maria no dia de demoli\u00e7\u00e3o no Metr\u00f4\" src=\"http:\/\/rioonwatch.org.br\/wp-content\/uploads\/2013\/03\/metro1.jpeg\" alt=\"Dona Maria no dia de demoli\u00e7\u00e3o no Metr\u00f4\" width=\"200\" height=\"300\" srcset=\"https:\/\/rioonwatch.org.br\/wp-content\/uploads\/2013\/03\/metro1.jpeg 200w, https:\/\/rioonwatch.org.br\/wp-content\/uploads\/2013\/03\/metro1-176x264.jpeg 176w\" sizes=\"(max-width: 200px) 100vw, 200px\" \/><\/a><strong>3 de outubro, 2012\u2013<\/strong>Maria Garcez mostrava-se transtornada ao presenciar trabalhadores da Prefeitura demolindo a sua casa na <a href=\"http:\/\/bit.ly\/13uRoVx\">Favela do Metr\u00f4<\/a> no dia 04 de novembro de 2010. Sua imagem est\u00e1 presente <a href=\"http:\/\/bit.ly\/bJUqIt\">no primeiro relat\u00f3rio do RioOnWatch<\/a> sobre a remo\u00e7\u00e3o brutal de sua comunidade para a suposta constru\u00e7\u00e3o de um estacionamento para a Copa do Mundo de 2014 do est\u00e1dio Maracan\u00e3, embora at\u00e9 hoje nenhum projeto oficial para o local tenha sido apresentado.<\/p>\n<p>Dois anos depois, nos reunimos com Dona Maria, 65 anos, no apartamento que ela divide com sua neta em sua nova moradia, \u00a0para onde foi realocada em substitui\u00e7\u00e3o da sua resid\u00eancia original na Favela do Metr\u00f4 pelo programa \u201c<a href=\"http:\/\/bit.ly\/Y4U9oJ\">Minha Casa, Minha Vida<\/a>\u201d, localizada no distante bairro de <a href=\"http:\/\/bit.ly\/XMxH4q\">Cosmos<\/a> na Zona Oeste da cidade. Dona Maria, que vive no Rio de Janeiro desde fevereiro de 1973, mas \u00e9 natural de S\u00e3o Luiz do Maranh\u00e3o, fala emocionada sobre sua experi\u00eancia.<\/p>\n<h3>Onde\u00a0a senhora\u00a0morou quando chegou no Rio?<\/h3>\n<p>Morei em Bonsucesso, depois fui transferida de l\u00e1 e vim para Santa Cruz para a Avenida Antares, mas eu sa\u00ed daqui por causa da condu\u00e7\u00e3o. Nessa \u00e9poca eu trabalhava, agora n\u00e3o trabalho mais, a\u00ed eu passei a minha casa e fui morar num barraco no Morro da Pedreira l\u00e1 em Acari. Depois, como tinha muita bandidagem l\u00e1, e tal, eu sa\u00ed e fui morar de aluguel. A\u00ed do aluguel \u00e9 que se\u00ed e eu fui l\u00e1 para aquele terreno na S\u00e3o Francisco Xavier [Favele do Metr\u00f4] de onde eu sa\u00ed para vir para c\u00e1. Constru\u00ed meu barraco. Com minha pouca for\u00e7a, sem ajuda de ningu\u00e9m, eu que constru\u00ed meu barraco.<\/p>\n<h3>Como era a sua casa na Favela do Metr\u00f4?<\/h3>\n<p>A minha casa era coberta de telha, de tijolo, sem embo\u00e7o, tinha um piso assim meio chul\u00e9, era praticamente um barraco. S\u00f3 que era de tijolo n\u00e3o era de t\u00e1bua, era de telha, mas era um barraco. A \u00e1gua era muito prec\u00e1ria, o esgoto prec\u00e1rio, a luz prec\u00e1ria, porque era tudo gato.<\/p>\n<p><a href=\"http:\/\/rioonwatch.org.br\/?attachment_id=5173\" rel=\"attachment wp-att-5173\"><img decoding=\"async\" class=\"alignright size-full wp-image-5173\" title=\"Dona Maria em frente do seu apartamento em Cosmos\" src=\"http:\/\/rioonwatch.org.br\/wp-content\/uploads\/2013\/03\/100_2975_opt.jpg\" alt=\"\" width=\"324\" height=\"243\" srcset=\"https:\/\/rioonwatch.org.br\/wp-content\/uploads\/2013\/03\/100_2975_opt.jpg 400w, https:\/\/rioonwatch.org.br\/wp-content\/uploads\/2013\/03\/100_2975_opt-352x264.jpg 352w, https:\/\/rioonwatch.org.br\/wp-content\/uploads\/2013\/03\/100_2975_opt-174x131.jpg 174w, https:\/\/rioonwatch.org.br\/wp-content\/uploads\/2013\/03\/100_2975_opt-300x225.jpg 300w, https:\/\/rioonwatch.org.br\/wp-content\/uploads\/2013\/03\/100_2975_opt-70x53.jpg 70w\" sizes=\"(max-width: 324px) 100vw, 324px\" \/><\/a>Eu morava 30 metros depois do viaduto. Quer dizer, era uma favela, cheia de ratos, esgoto entupido, cheio de lacraia, mas eu gostava de estar ali. N\u00e3o sei explicar, mas eu gostava de estar ali. Eu acho que era porque eu estava no Centro, estava perto de recursos.<\/p>\n<h3>Como foi o dia da demoli\u00e7\u00e3o?<\/h3>\n<p>Eu me senti lesada por causa disso. Porque eu fui burra, eu fiquei nervosa na hora que eles chegaram, eu fiquei desorientada.Tudo ficou enterrado naquele barraco. Toda a minha poupan\u00e7a, de merrequinha, tudo eu arranquei para enterrar naquele barraco. E sa\u00ed de l\u00e1, deixei ainda esse quartinho cheio de material porque minha inten\u00e7\u00e3o era colocar uma laje. Meu material virou entulho. Eu tive esse preju\u00edzo.<\/p>\n<h3>Como foi para a senhora essa mudan\u00e7a?<\/h3>\n<p>Foi muito, muito dif\u00edcil porque eu morei ali 24 anos j\u00e1 chegando aos 25, praticamente 25 anos. E est\u00e1 sendo dif\u00edcil at\u00e9 hoje, porque aqui a gente n\u00e3o tem estrutura nenhuma.<\/p>\n<h3><strong><a href=\"http:\/\/rioonwatch.org.br\/?attachment_id=5176\" rel=\"attachment wp-att-5176\"><img loading=\"lazy\" decoding=\"async\" class=\"alignright size-full wp-image-5176\" title=\"Condom\u00ednio de Minha Casa, Minha Vida, Cosmos\" src=\"http:\/\/rioonwatch.org.br\/wp-content\/uploads\/2013\/03\/100_2978_opt.jpg\" alt=\"Condom\u00ednio de Minha Casa, Minha Vida, Cosmos\" width=\"324\" height=\"243\" srcset=\"https:\/\/rioonwatch.org.br\/wp-content\/uploads\/2013\/03\/100_2978_opt.jpg 400w, https:\/\/rioonwatch.org.br\/wp-content\/uploads\/2013\/03\/100_2978_opt-352x264.jpg 352w, https:\/\/rioonwatch.org.br\/wp-content\/uploads\/2013\/03\/100_2978_opt-174x131.jpg 174w, https:\/\/rioonwatch.org.br\/wp-content\/uploads\/2013\/03\/100_2978_opt-300x225.jpg 300w, https:\/\/rioonwatch.org.br\/wp-content\/uploads\/2013\/03\/100_2978_opt-70x53.jpg 70w\" sizes=\"(max-width: 324px) 100vw, 324px\" \/><\/a><\/strong>Quais s\u00e3o as dificuldades em morar aqui?<\/h3>\n<p>Aqui a gente s\u00f3 tem o Rocha Faria, que \u00e9 cheio, \u00e9 tumultuado. Tem a Cl\u00ednica da Fam\u00edlia &#8211; na semana passada um menino veio marcar uma consulta para mim para daqui a um m\u00eas! Tem UPA, onde uns atendem direito, outros n\u00e3o.<\/p>\n<p>Sobre mercados, feiras, e sacol\u00e3o, tudo isso a gente tem, mesmo um pouco distante. L\u00e1 na Favela do Metr\u00f4 tamb\u00e9m n\u00e3o era dentro de casa, era tamb\u00e9m meio afastado, mas era mais perto do que aqui.<\/p>\n<p>N\u00f3s n\u00e3o temos condu\u00e7\u00e3o daqui para o Centro da cidade. Tem o trem, que anda que nem sardinha em lata. N\u00f3s temos aqui um \u00f4nibus de R$8 reais, um fresc\u00e3o que para aqui. Quando n\u00e3o, voc\u00ea pega o \u00f4nibus ou a van para Campo Grande, porque l\u00e1 voc\u00ea tem \u00f4nibus para todo canto da cidade. Mas aqui \u00e9 uma desgra\u00e7a de \u00f4nibus. Isso aqui \u00e9 uma calamidade p\u00fablica de condu\u00e7\u00e3o para a cidade.<\/p>\n<p>Na semana que vem eu tenho m\u00e9dico l\u00e1 em baixo, no Centro da cidade, eu vou ter que dormir na casa de uma conhecida que eu tenho l\u00e1 na Tijuca para eu sair as 4h para pegar um n\u00famero. Eu vou sair daqui de tarde, pegar o trem, saltar l\u00e1 na Central, pegar o \u00f4nibus para a Tijuca, dormir l\u00e1 para eu poder ir. Porque aqui n\u00e3o tem.<\/p>\n<p>Condu\u00e7\u00e3o e m\u00e9dico. O resto tudo bem. N\u00f3s temos \u00e1gua, n\u00f3s temos luz, tem mercado, tem sacol\u00e3o, tem peixaria, tem tudo que a gente quer. O problema todo \u00e9 a condu\u00e7\u00e3o e o m\u00e9dico.<\/p>\n<h3><strong><a href=\"http:\/\/rioonwatch.org.br\/?attachment_id=5177\" rel=\"attachment wp-att-5177\"><img loading=\"lazy\" decoding=\"async\" class=\"alignright size-full wp-image-5177\" title=\"Dona Maria\" src=\"http:\/\/rioonwatch.org.br\/wp-content\/uploads\/2013\/03\/100_2973_opt.jpg\" alt=\"\" width=\"259\" height=\"346\" srcset=\"https:\/\/rioonwatch.org.br\/wp-content\/uploads\/2013\/03\/100_2973_opt.jpg 400w, https:\/\/rioonwatch.org.br\/wp-content\/uploads\/2013\/03\/100_2973_opt-198x264.jpg 198w\" sizes=\"(max-width: 259px) 100vw, 259px\" \/><\/a><\/strong>Do que a senhora gosta em morar aqui?<\/h3>\n<p>Eu gosto muito da minha casa, porque eu realmente morava num barraco. Com o sal\u00e1rio que eu ganho, que a presidente Dilma me paga todo m\u00eas $622 reais, eu n\u00e3o ia ter condi\u00e7\u00f5es de fazer um apartamento desses. Gosto da minha casa. Esse pal\u00e1cio. Mas do local, eu n\u00e3o gosto. Se eu tivesse condi\u00e7\u00f5es eu j\u00e1 tinha vendido meu apartamento, e j\u00e1 tinha ido embora para uma favela l\u00e1 em baixo. Porque l\u00e1 n\u00f3s temos o hospital Sousa Aguiar, n\u00f3s temos o hospital Salgado Filho, n\u00f3s temos o Andara\u00ed, n\u00f3s temos o Barata Ribeiro. A condu\u00e7\u00e3o \u00e9 mais f\u00e1cil. H\u00e1 proximidade para o Centro da cidade.<\/p>\n<h3>H\u00e1 gente de v\u00e1rias comunidades reassentadas no condom\u00ednio, como s\u00e3o as rela\u00e7\u00f5es entre as pessoas?<\/h3>\n<p>Eu n\u00e3o tenho muito contato com esse pessoal. \u2018Bom dia\u2019, \u2018boa tarde\u2019 para algumas pessoas. N\u00e3o tenho comunica\u00e7\u00e3o, intimidades. N\u00e3o me queixo de ningu\u00e9m porque eu fico dentro da minha casa, ningu\u00e9m me pertuba, e eu n\u00e3o pertubo ningu\u00e9m, para mim t\u00e1 tudo bem.<\/p>\n<h3>Se pudesse voltar para Favela do Metr\u00f4 ou para condom\u00ednio de Minha Casa, Minha Vida na Mangueira, a senhora iria?<\/h3>\n<p>Acho que n\u00e3o. Mesmo n\u00e3o gostando daqui, mas para l\u00e1 eu n\u00e3o ia n\u00e3o. J\u00e1 vou fazer 2 anos aqui, t\u00f4 come\u00e7ando a me adaptar. Mas n\u00e3o \u00e9 porque eu estou me adaptando que eu digo \u2018eu morro de amores por isso aqui\u2019. N\u00e3o. N\u00e3o morro de amores. Gosto da minha casa. Da casa eu gosto mas ainda n\u00e3o \u00e9 minha, porque eu ainda n\u00e3o tenho escritura. Mas o Prefeito colocou a gente aqui, ent\u00e3o eu posso dizer que enquanto ele n\u00e3o tirar a gente daqui \u00e9 meu. Mas eu gosto da casa, como eu j\u00e1 falei e repito mil vezes, mas do local eu n\u00e3o gosto.<\/p>\n<!-- AddThis Advanced Settings generic via filter on the_content --><!-- AddThis Share Buttons generic via filter on the_content -->","protected":false},"excerpt":{"rendered":"<div class=\"mh-excerpt\"><p>Click Here for English 3 de outubro, 2012\u2013Maria Garcez mostrava-se transtornada ao presenciar trabalhadores da Prefeitura demolindo a sua casa na Favela do Metr\u00f4 no dia 04 de novembro de 2010. Sua imagem est\u00e1 presente <a class=\"mh-excerpt-more\" href=\"https:\/\/rioonwatch.org.br\/?p=5171\" title=\"A Hist\u00f3ria de Dona Maria\">[&#8230;]<\/a><!-- AddThis Advanced Settings generic via filter on get_the_excerpt --><!-- AddThis Share Buttons generic via filter on get_the_excerpt --><\/p>\n<\/div>","protected":false},"author":132,"featured_media":5184,"comment_status":"closed","ping_status":"closed","sticky":false,"template":"","format":"standard","meta":{"_acf_changed":false,"_monsterinsights_skip_tracking":false,"_monsterinsights_sitenote_active":false,"_monsterinsights_sitenote_note":"","_monsterinsights_sitenote_category":0,"footnotes":""},"categories":[1614,346,344],"tags":[389,247,424,437,42,1240,246,14,370,184],"writer":[402],"translator":[584],"source":[],"ilustrador":[],"fotografo":[],"class_list":{"0":"post-5171","1":"post","2":"type-post","3":"status-publish","4":"format-standard","5":"has-post-thumbnail","7":"category-olhonasremocoes","8":"category-denuncias","9":"category-politicas","10":"tag-copa-do-mundo","11":"tag-cosmos","12":"tag-direito-a-moradia","13":"tag-favela-do-metro","14":"tag-genero","15":"tag-megaeventos","16":"tag-minha-casa-minha-vida","17":"tag-remocao","18":"tag-transporte-publico","19":"tag-zona-oeste","20":"writer-felicity-clarke","21":"translator-arianne-reis"},"acf":[],"yoast_head":"<!-- This site is optimized with the Yoast SEO plugin v25.6 - https:\/\/yoast.com\/wordpress\/plugins\/seo\/ -->\n<title>A Hist\u00f3ria de Dona Maria - RioOnWatch<\/title>\n<meta name=\"robots\" content=\"index, follow, max-snippet:-1, max-image-preview:large, max-video-preview:-1\" \/>\n<link rel=\"canonical\" href=\"https:\/\/rioonwatch.org.br\/?p=5171\" \/>\n<meta property=\"og:locale\" content=\"pt_BR\" \/>\n<meta property=\"og:type\" content=\"article\" \/>\n<meta property=\"og:title\" content=\"A Hist\u00f3ria de Dona Maria - RioOnWatch\" \/>\n<meta property=\"og:description\" content=\"Click Here for English 3 de outubro, 2012\u2013Maria Garcez mostrava-se transtornada ao presenciar trabalhadores da Prefeitura demolindo a sua casa na Favela do Metr\u00f4 no dia 04 de novembro de 2010. Sua imagem est\u00e1 presente [...]\" \/>\n<meta property=\"og:url\" content=\"https:\/\/rioonwatch.org.br\/?p=5171\" \/>\n<meta property=\"og:site_name\" content=\"RioOnWatch\" \/>\n<meta property=\"article:published_time\" content=\"2013-02-15T16:03:37+00:00\" \/>\n<meta property=\"article:modified_time\" content=\"2024-06-20T19:26:32+00:00\" \/>\n<meta property=\"og:image\" content=\"https:\/\/rioonwatch.org.br\/wp-content\/uploads\/2013\/03\/100_2973_opt-1.jpg\" \/>\n\t<meta property=\"og:image:width\" content=\"300\" \/>\n\t<meta property=\"og:image:height\" content=\"211\" \/>\n\t<meta property=\"og:image:type\" content=\"image\/jpeg\" \/>\n<meta name=\"author\" content=\"Felicity\" \/>\n<meta name=\"twitter:card\" content=\"summary_large_image\" \/>\n<meta name=\"twitter:label1\" content=\"Escrito por\" \/>\n\t<meta name=\"twitter:data1\" content=\"Felicity\" \/>\n\t<meta name=\"twitter:label2\" content=\"Est. tempo de leitura\" \/>\n\t<meta name=\"twitter:data2\" content=\"7 minutos\" \/>\n<script type=\"application\/ld+json\" class=\"yoast-schema-graph\">{\"@context\":\"https:\/\/schema.org\",\"@graph\":[{\"@type\":\"Article\",\"@id\":\"https:\/\/rioonwatch.org.br\/?p=5171#article\",\"isPartOf\":{\"@id\":\"https:\/\/rioonwatch.org.br\/?p=5171\"},\"author\":{\"name\":\"Felicity\",\"@id\":\"https:\/\/rioonwatch.org.br\/#\/schema\/person\/4d05cf5053c358ab740b3edd75a173f2\"},\"headline\":\"A Hist\u00f3ria de Dona Maria\",\"datePublished\":\"2013-02-15T16:03:37+00:00\",\"dateModified\":\"2024-06-20T19:26:32+00:00\",\"mainEntityOfPage\":{\"@id\":\"https:\/\/rioonwatch.org.br\/?p=5171\"},\"wordCount\":1131,\"publisher\":{\"@id\":\"https:\/\/rioonwatch.org.br\/#organization\"},\"image\":{\"@id\":\"https:\/\/rioonwatch.org.br\/?p=5171#primaryimage\"},\"thumbnailUrl\":\"https:\/\/rioonwatch.org.br\/wp-content\/uploads\/2013\/03\/100_2973_opt-1.jpg\",\"keywords\":[\"Copa do Mundo\",\"Cosmos\",\"Direito \u00e0 Moradia\",\"Favela do Metr\u00f4\",\"g\u00eanero\",\"Megaeventos\",\"Minha Casa Minha Vida\",\"Remo\u00e7\u00e3o\",\"transporte p\u00fablico\",\"Zona Oeste\"],\"articleSection\":[\"#OlhoNasRemo\u00e7\u00f5es\",\"Den\u00fancias\",\"Pol\u00edticas\"],\"inLanguage\":\"pt-BR\"},{\"@type\":\"WebPage\",\"@id\":\"https:\/\/rioonwatch.org.br\/?p=5171\",\"url\":\"https:\/\/rioonwatch.org.br\/?p=5171\",\"name\":\"A Hist\u00f3ria de Dona Maria - RioOnWatch\",\"isPartOf\":{\"@id\":\"https:\/\/rioonwatch.org.br\/#website\"},\"primaryImageOfPage\":{\"@id\":\"https:\/\/rioonwatch.org.br\/?p=5171#primaryimage\"},\"image\":{\"@id\":\"https:\/\/rioonwatch.org.br\/?p=5171#primaryimage\"},\"thumbnailUrl\":\"https:\/\/rioonwatch.org.br\/wp-content\/uploads\/2013\/03\/100_2973_opt-1.jpg\",\"datePublished\":\"2013-02-15T16:03:37+00:00\",\"dateModified\":\"2024-06-20T19:26:32+00:00\",\"breadcrumb\":{\"@id\":\"https:\/\/rioonwatch.org.br\/?p=5171#breadcrumb\"},\"inLanguage\":\"pt-BR\",\"potentialAction\":[{\"@type\":\"ReadAction\",\"target\":[\"https:\/\/rioonwatch.org.br\/?p=5171\"]}]},{\"@type\":\"ImageObject\",\"inLanguage\":\"pt-BR\",\"@id\":\"https:\/\/rioonwatch.org.br\/?p=5171#primaryimage\",\"url\":\"https:\/\/rioonwatch.org.br\/wp-content\/uploads\/2013\/03\/100_2973_opt-1.jpg\",\"contentUrl\":\"https:\/\/rioonwatch.org.br\/wp-content\/uploads\/2013\/03\/100_2973_opt-1.jpg\",\"width\":300,\"height\":211},{\"@type\":\"BreadcrumbList\",\"@id\":\"https:\/\/rioonwatch.org.br\/?p=5171#breadcrumb\",\"itemListElement\":[{\"@type\":\"ListItem\",\"position\":1,\"name\":\"In\u00edcio\",\"item\":\"https:\/\/rioonwatch.org.br\/\"},{\"@type\":\"ListItem\",\"position\":2,\"name\":\"A Hist\u00f3ria de Dona Maria\"}]},{\"@type\":\"WebSite\",\"@id\":\"https:\/\/rioonwatch.org.br\/#website\",\"url\":\"https:\/\/rioonwatch.org.br\/\",\"name\":\"RioOnWatch\",\"description\":\"relatos das favelas cariocas\",\"publisher\":{\"@id\":\"https:\/\/rioonwatch.org.br\/#organization\"},\"potentialAction\":[{\"@type\":\"SearchAction\",\"target\":{\"@type\":\"EntryPoint\",\"urlTemplate\":\"https:\/\/rioonwatch.org.br\/?s={search_term_string}\"},\"query-input\":{\"@type\":\"PropertyValueSpecification\",\"valueRequired\":true,\"valueName\":\"search_term_string\"}}],\"inLanguage\":\"pt-BR\"},{\"@type\":\"Organization\",\"@id\":\"https:\/\/rioonwatch.org.br\/#organization\",\"name\":\"RioOnWatch\",\"url\":\"https:\/\/rioonwatch.org.br\/\",\"logo\":{\"@type\":\"ImageObject\",\"inLanguage\":\"pt-BR\",\"@id\":\"https:\/\/rioonwatch.org.br\/#\/schema\/logo\/image\/\",\"url\":\"https:\/\/rioonwatch.org.br\/wp-content\/uploads\/2021\/06\/RioOnWatchcabecalhoPT11anos-2.png\",\"contentUrl\":\"https:\/\/rioonwatch.org.br\/wp-content\/uploads\/2021\/06\/RioOnWatchcabecalhoPT11anos-2.png\",\"width\":779,\"height\":277,\"caption\":\"RioOnWatch\"},\"image\":{\"@id\":\"https:\/\/rioonwatch.org.br\/#\/schema\/logo\/image\/\"}},{\"@type\":\"Person\",\"@id\":\"https:\/\/rioonwatch.org.br\/#\/schema\/person\/4d05cf5053c358ab740b3edd75a173f2\",\"name\":\"Felicity\",\"image\":{\"@type\":\"ImageObject\",\"inLanguage\":\"pt-BR\",\"@id\":\"https:\/\/rioonwatch.org.br\/#\/schema\/person\/image\/\",\"url\":\"https:\/\/secure.gravatar.com\/avatar\/bfc904486dc0bba6015410a00fe3fc27?s=96&d=blank&r=g\",\"contentUrl\":\"https:\/\/secure.gravatar.com\/avatar\/bfc904486dc0bba6015410a00fe3fc27?s=96&d=blank&r=g\",\"caption\":\"Felicity\"},\"url\":\"https:\/\/rioonwatch.org.br\/?author=132\"}]}<\/script>\n<!-- \/ Yoast SEO plugin. -->","yoast_head_json":{"title":"A Hist\u00f3ria de Dona Maria - RioOnWatch","robots":{"index":"index","follow":"follow","max-snippet":"max-snippet:-1","max-image-preview":"max-image-preview:large","max-video-preview":"max-video-preview:-1"},"canonical":"https:\/\/rioonwatch.org.br\/?p=5171","og_locale":"pt_BR","og_type":"article","og_title":"A Hist\u00f3ria de Dona Maria - RioOnWatch","og_description":"Click Here for English 3 de outubro, 2012\u2013Maria Garcez mostrava-se transtornada ao presenciar trabalhadores da Prefeitura demolindo a sua casa na Favela do Metr\u00f4 no dia 04 de novembro de 2010. Sua imagem est\u00e1 presente [...]","og_url":"https:\/\/rioonwatch.org.br\/?p=5171","og_site_name":"RioOnWatch","article_published_time":"2013-02-15T16:03:37+00:00","article_modified_time":"2024-06-20T19:26:32+00:00","og_image":[{"width":300,"height":211,"url":"https:\/\/rioonwatch.org.br\/wp-content\/uploads\/2013\/03\/100_2973_opt-1.jpg","type":"image\/jpeg"}],"author":"Felicity","twitter_card":"summary_large_image","twitter_misc":{"Escrito por":"Felicity","Est. tempo de leitura":"7 minutos"},"schema":{"@context":"https:\/\/schema.org","@graph":[{"@type":"Article","@id":"https:\/\/rioonwatch.org.br\/?p=5171#article","isPartOf":{"@id":"https:\/\/rioonwatch.org.br\/?p=5171"},"author":{"name":"Felicity","@id":"https:\/\/rioonwatch.org.br\/#\/schema\/person\/4d05cf5053c358ab740b3edd75a173f2"},"headline":"A Hist\u00f3ria de Dona Maria","datePublished":"2013-02-15T16:03:37+00:00","dateModified":"2024-06-20T19:26:32+00:00","mainEntityOfPage":{"@id":"https:\/\/rioonwatch.org.br\/?p=5171"},"wordCount":1131,"publisher":{"@id":"https:\/\/rioonwatch.org.br\/#organization"},"image":{"@id":"https:\/\/rioonwatch.org.br\/?p=5171#primaryimage"},"thumbnailUrl":"https:\/\/rioonwatch.org.br\/wp-content\/uploads\/2013\/03\/100_2973_opt-1.jpg","keywords":["Copa do Mundo","Cosmos","Direito \u00e0 Moradia","Favela do Metr\u00f4","g\u00eanero","Megaeventos","Minha Casa Minha Vida","Remo\u00e7\u00e3o","transporte p\u00fablico","Zona Oeste"],"articleSection":["#OlhoNasRemo\u00e7\u00f5es","Den\u00fancias","Pol\u00edticas"],"inLanguage":"pt-BR"},{"@type":"WebPage","@id":"https:\/\/rioonwatch.org.br\/?p=5171","url":"https:\/\/rioonwatch.org.br\/?p=5171","name":"A Hist\u00f3ria de Dona Maria - RioOnWatch","isPartOf":{"@id":"https:\/\/rioonwatch.org.br\/#website"},"primaryImageOfPage":{"@id":"https:\/\/rioonwatch.org.br\/?p=5171#primaryimage"},"image":{"@id":"https:\/\/rioonwatch.org.br\/?p=5171#primaryimage"},"thumbnailUrl":"https:\/\/rioonwatch.org.br\/wp-content\/uploads\/2013\/03\/100_2973_opt-1.jpg","datePublished":"2013-02-15T16:03:37+00:00","dateModified":"2024-06-20T19:26:32+00:00","breadcrumb":{"@id":"https:\/\/rioonwatch.org.br\/?p=5171#breadcrumb"},"inLanguage":"pt-BR","potentialAction":[{"@type":"ReadAction","target":["https:\/\/rioonwatch.org.br\/?p=5171"]}]},{"@type":"ImageObject","inLanguage":"pt-BR","@id":"https:\/\/rioonwatch.org.br\/?p=5171#primaryimage","url":"https:\/\/rioonwatch.org.br\/wp-content\/uploads\/2013\/03\/100_2973_opt-1.jpg","contentUrl":"https:\/\/rioonwatch.org.br\/wp-content\/uploads\/2013\/03\/100_2973_opt-1.jpg","width":300,"height":211},{"@type":"BreadcrumbList","@id":"https:\/\/rioonwatch.org.br\/?p=5171#breadcrumb","itemListElement":[{"@type":"ListItem","position":1,"name":"In\u00edcio","item":"https:\/\/rioonwatch.org.br\/"},{"@type":"ListItem","position":2,"name":"A Hist\u00f3ria de Dona Maria"}]},{"@type":"WebSite","@id":"https:\/\/rioonwatch.org.br\/#website","url":"https:\/\/rioonwatch.org.br\/","name":"RioOnWatch","description":"relatos das favelas cariocas","publisher":{"@id":"https:\/\/rioonwatch.org.br\/#organization"},"potentialAction":[{"@type":"SearchAction","target":{"@type":"EntryPoint","urlTemplate":"https:\/\/rioonwatch.org.br\/?s={search_term_string}"},"query-input":{"@type":"PropertyValueSpecification","valueRequired":true,"valueName":"search_term_string"}}],"inLanguage":"pt-BR"},{"@type":"Organization","@id":"https:\/\/rioonwatch.org.br\/#organization","name":"RioOnWatch","url":"https:\/\/rioonwatch.org.br\/","logo":{"@type":"ImageObject","inLanguage":"pt-BR","@id":"https:\/\/rioonwatch.org.br\/#\/schema\/logo\/image\/","url":"https:\/\/rioonwatch.org.br\/wp-content\/uploads\/2021\/06\/RioOnWatchcabecalhoPT11anos-2.png","contentUrl":"https:\/\/rioonwatch.org.br\/wp-content\/uploads\/2021\/06\/RioOnWatchcabecalhoPT11anos-2.png","width":779,"height":277,"caption":"RioOnWatch"},"image":{"@id":"https:\/\/rioonwatch.org.br\/#\/schema\/logo\/image\/"}},{"@type":"Person","@id":"https:\/\/rioonwatch.org.br\/#\/schema\/person\/4d05cf5053c358ab740b3edd75a173f2","name":"Felicity","image":{"@type":"ImageObject","inLanguage":"pt-BR","@id":"https:\/\/rioonwatch.org.br\/#\/schema\/person\/image\/","url":"https:\/\/secure.gravatar.com\/avatar\/bfc904486dc0bba6015410a00fe3fc27?s=96&d=blank&r=g","contentUrl":"https:\/\/secure.gravatar.com\/avatar\/bfc904486dc0bba6015410a00fe3fc27?s=96&d=blank&r=g","caption":"Felicity"},"url":"https:\/\/rioonwatch.org.br\/?author=132"}]}},"_links":{"self":[{"href":"https:\/\/rioonwatch.org.br\/index.php?rest_route=\/wp\/v2\/posts\/5171"}],"collection":[{"href":"https:\/\/rioonwatch.org.br\/index.php?rest_route=\/wp\/v2\/posts"}],"about":[{"href":"https:\/\/rioonwatch.org.br\/index.php?rest_route=\/wp\/v2\/types\/post"}],"author":[{"embeddable":true,"href":"https:\/\/rioonwatch.org.br\/index.php?rest_route=\/wp\/v2\/users\/132"}],"replies":[{"embeddable":true,"href":"https:\/\/rioonwatch.org.br\/index.php?rest_route=%2Fwp%2Fv2%2Fcomments&post=5171"}],"version-history":[{"count":35,"href":"https:\/\/rioonwatch.org.br\/index.php?rest_route=\/wp\/v2\/posts\/5171\/revisions"}],"predecessor-version":[{"id":69284,"href":"https:\/\/rioonwatch.org.br\/index.php?rest_route=\/wp\/v2\/posts\/5171\/revisions\/69284"}],"wp:featuredmedia":[{"embeddable":true,"href":"https:\/\/rioonwatch.org.br\/index.php?rest_route=\/wp\/v2\/media\/5184"}],"wp:attachment":[{"href":"https:\/\/rioonwatch.org.br\/index.php?rest_route=%2Fwp%2Fv2%2Fmedia&parent=5171"}],"wp:term":[{"taxonomy":"category","embeddable":true,"href":"https:\/\/rioonwatch.org.br\/index.php?rest_route=%2Fwp%2Fv2%2Fcategories&post=5171"},{"taxonomy":"post_tag","embeddable":true,"href":"https:\/\/rioonwatch.org.br\/index.php?rest_route=%2Fwp%2Fv2%2Ftags&post=5171"},{"taxonomy":"writer","embeddable":true,"href":"https:\/\/rioonwatch.org.br\/index.php?rest_route=%2Fwp%2Fv2%2Fwriter&post=5171"},{"taxonomy":"translator","embeddable":true,"href":"https:\/\/rioonwatch.org.br\/index.php?rest_route=%2Fwp%2Fv2%2Ftranslator&post=5171"},{"taxonomy":"source","embeddable":true,"href":"https:\/\/rioonwatch.org.br\/index.php?rest_route=%2Fwp%2Fv2%2Fsource&post=5171"},{"taxonomy":"ilustrador","embeddable":true,"href":"https:\/\/rioonwatch.org.br\/index.php?rest_route=%2Fwp%2Fv2%2Filustrador&post=5171"},{"taxonomy":"fotografo","embeddable":true,"href":"https:\/\/rioonwatch.org.br\/index.php?rest_route=%2Fwp%2Fv2%2Ffotografo&post=5171"}],"curies":[{"name":"wp","href":"https:\/\/api.w.org\/{rel}","templated":true}]}}