{"id":51737,"date":"2020-11-20T11:02:57","date_gmt":"2020-11-20T14:02:57","guid":{"rendered":"https:\/\/rioonwatch.org.br\/?p=51737"},"modified":"2024-05-24T12:34:35","modified_gmt":"2024-05-24T15:34:35","slug":"um-pacto-entre-as-organizacoes-do-movimento-negro-brasileiro-a-coalizao-negra-por-direitos","status":"publish","type":"post","link":"https:\/\/rioonwatch.org.br\/?p=51737","title":{"rendered":"Um Pacto Entre as Organiza\u00e7\u00f5es do Movimento Negro Brasileiro: A Coaliz\u00e3o Negra Por Direitos"},"content":{"rendered":"<p style=\"text-align: right;\"><em><strong><a href=\"http:\/\/bit.ly\/3sijTVl\" target=\"_blank\" rel=\"noopener noreferrer\">Click Here for English<\/a><a href=\"http:\/\/bit.ly\/3sijTVl\" target=\"_blank\" rel=\"noopener noreferrer\"><img decoding=\"async\" class=\"alignright wp-image-15790\" src=\"https:\/\/rioonwatch.org.br\/wp-content\/uploads\/2012\/08\/EN-standard-e1439583104716.jpg\" width=\"20\" height=\"20\" \/><\/a><\/strong><\/em><\/p>\n<p><em>Esta \u00e9 a primeira mat\u00e9ria de uma <a href=\"https:\/\/bit.ly\/CoalizaoNegra\" target=\"_blank\" rel=\"noopener\">s\u00e9rie de quatro sobre a Coaliz\u00e3o Negra por Direitos<\/a>. No <a href=\"http:\/\/bit.ly\/2XCc5is\" target=\"_blank\" rel=\"noopener noreferrer\">M\u00eas da Consci\u00eancia Negra<\/a>, a s\u00e9rie traz \u00e0<\/em><em>\u00a0luz mais um enfrentamento ao racismo protagonizado pelo movimento negro organizado.<\/em><\/p>\n<h4><strong><em>\u201cA gente n\u00e3o nasce negro, a gente se torna negro. \u00c9 uma conquista dura, cruel e que se desenvolve pela vida da gente afora. Uma pessoa negra que tem consci\u00eancia de sua negritude est\u00e1 na luta contra o racismo.\u201d &#8211; <\/em><\/strong><em><b>L\u00e9lia Gonzalez<\/b><\/em><\/h4>\n<p>Se a popula\u00e7\u00e3o negra \u00e9 maioria no pa\u00eds\u2014quase <a href=\"https:\/\/bit.ly\/3lYgMy8\" target=\"_blank\" rel=\"noopener noreferrer\">54% entre pretos e pardos<\/a>, segundo o <a href=\"http:\/\/bit.ly\/2F3kfbq\" target=\"_blank\" rel=\"noopener noreferrer\">IBGE<\/a>, o que torna o Brasil a segunda maior na\u00e7\u00e3o negra, ap\u00f3s s\u00f3 a Nig\u00e9ria\u2014por que a popula\u00e7\u00e3o negra n\u00e3o ocupa espa\u00e7os de poder? Por que o movimento negro organizado brasileiro n\u00e3o \u00e9 considerado uma voz a ser ouvida para a constru\u00e7\u00e3o e a\u00e7\u00e3o de um projeto de pa\u00eds? Por que somente <a href=\"https:\/\/glo.bo\/3eHF5fC\" target=\"_blank\" rel=\"noopener noreferrer\">17,8% dos parlamentares<\/a> no Congresso Nacional s\u00e3o negros e pardos?<\/p>\n<p>A reposta est\u00e1 no racismo estrutural e secular presente na sociedade brasileira, que, mesmo diante de uma democracia instaurada, n\u00e3o garante o acesso a direitos \u00e0 maioria da sua popula\u00e7\u00e3o, que \u00e9 negra.<\/p>\n<p>&#8220;Estamos em um pa\u00eds que a <span style=\"font-weight: 400;\">gente tem que disputar.<\/span><span style=\"font-weight: 400;\"> N\u00e3o \u00e9 nenhuma disputa de narrativa. A gente n\u00e3o vive em uma democracia: pois<\/span><span style=\"font-weight: 400;\"> sendo a democracia o exerc\u00edcio de ouvir a maioria, e tendo uma maioria que nunca foi ouvida [a popula\u00e7\u00e3o negra], \u00e9 \u00f3bvio que n\u00e3o vivemos em uma democracia&#8221;, diz Douglas Belchior, 41, cofundador da <a href=\"https:\/\/bit.ly\/3nDdSiT\" target=\"_blank\" rel=\"noopener noreferrer\">UNEafro Brasil<\/a>, uma das 150 entidades que formam a <a href=\"https:\/\/bit.ly\/34cWk5l\" target=\"_blank\" rel=\"noopener noreferrer\">Coaliz\u00e3o Negra por Direitos<\/a>, autora do manifesto &#8220;<a href=\"https:\/\/bit.ly\/3lHel33\" target=\"_blank\" rel=\"noopener noreferrer\">Enquanto Houver Racismo N\u00e3o haver\u00e1 Democracia<\/a>&#8220;.\u00a0<\/span><\/p>\n<p><a href=\"https:\/\/rioonwatch.org.br\/wp-content\/uploads\/2020\/11\/Foto_Assembleia-Legislativa-do-Estado-de-Sao-Paulo.jpg\"><img fetchpriority=\"high\" decoding=\"async\" class=\"aligncenter wp-image-51747 size-medium\" title=\"Douglas Belchior\" src=\"https:\/\/rioonwatch.org.br\/wp-content\/uploads\/2020\/11\/Foto_Assembleia-Legislativa-do-Estado-de-Sao-Paulo-620x310.jpg\" alt=\"\" width=\"620\" height=\"310\" srcset=\"https:\/\/rioonwatch.org.br\/wp-content\/uploads\/2020\/11\/Foto_Assembleia-Legislativa-do-Estado-de-Sao-Paulo-620x310.jpg 620w, https:\/\/rioonwatch.org.br\/wp-content\/uploads\/2020\/11\/Foto_Assembleia-Legislativa-do-Estado-de-Sao-Paulo-1024x512.jpg 1024w, https:\/\/rioonwatch.org.br\/wp-content\/uploads\/2020\/11\/Foto_Assembleia-Legislativa-do-Estado-de-Sao-Paulo-528x264.jpg 528w, https:\/\/rioonwatch.org.br\/wp-content\/uploads\/2020\/11\/Foto_Assembleia-Legislativa-do-Estado-de-Sao-Paulo-768x384.jpg 768w, https:\/\/rioonwatch.org.br\/wp-content\/uploads\/2020\/11\/Foto_Assembleia-Legislativa-do-Estado-de-Sao-Paulo.jpg 1440w\" sizes=\"(max-width: 620px) 100vw, 620px\" \/><\/a><\/p>\n<p>&#8220;<span style=\"font-weight: 400;\">Se pensarmos na democracia como sendo uma din\u00e2mica social de garantia de direito ao cidad\u00e3o, tamb\u00e9m n\u00e3o vivemos em uma democracia, pois a maior parte da popula\u00e7\u00e3o nunca teve seus direitos plenos e cidadania respeitados. N\u00f3s do movimento negro <\/span><span style=\"font-weight: 400;\">sempre percebemos isso, porque isso \u00e9 \u00f3bvio na nossa vida e no nosso corpo&#8221;, afirma Douglas. A Coaliz\u00e3o Negra por Direitos exige no manifesto \u201ca erradica\u00e7\u00e3o do racismo como pr\u00e1tica genocida contra a popula\u00e7\u00e3o negra\u201d.<\/span><\/p>\n<p>Com <a href=\"https:\/\/bit.ly\/2IVTjiQ\" target=\"_blank\" rel=\"noopener noreferrer\">46 documentos p\u00fablicos<\/a> que disputam um projeto pol\u00edtico para o pa\u00eds, a partir da perspectiva do movimento negro organizado incluindo toda a popula\u00e7\u00e3o brasileira\u2014negros, pardos, brancos e ind\u00edgenas\u2014a Coaliz\u00e3o Negra Por Direitos existe h\u00e1 quase dois anos, representando diferentes vozes do movimento negro organizado: mulheres negras, pessoas faveladas, perif\u00e9ricas, LGBTQIA+, pretos e pretas cat\u00f3licos, evang\u00e9licos, de religi\u00f5es de matriz africana, quilombolas, com distintas confiss\u00f5es de f\u00e9, povos do campo, das \u00e1guas e da floresta, trabalhadores explorados, informais e desempregados, todos em coaliz\u00e3o num pacto contra as consequ\u00eancias pr\u00e1ticas do <a href=\"https:\/\/bit.ly\/3dJXUz0\" target=\"_blank\" rel=\"noopener noreferrer\">racismo estrutural<\/a> no Brasil.<\/p>\n<p><a href=\"https:\/\/rioonwatch.org.br\/wp-content\/uploads\/2020\/11\/Reproducao-Coalizao-negra.jpg\"><img decoding=\"async\" class=\"aligncenter wp-image-51748 size-medium\" title=\"Banner de campanha da Coaliza\u00e7\u00e3o Negra por Direitos em garantia das pol\u00edticas afirmativas.\" src=\"https:\/\/rioonwatch.org.br\/wp-content\/uploads\/2020\/11\/Reproducao-Coalizao-negra-620x349.jpg\" alt=\"Banner de campanha da Coaliza\u00e7\u00e3o Negra por Direitos em garantia das pol\u00edticas afirmativas.\" width=\"620\" height=\"349\" srcset=\"https:\/\/rioonwatch.org.br\/wp-content\/uploads\/2020\/11\/Reproducao-Coalizao-negra-620x349.jpg 620w, https:\/\/rioonwatch.org.br\/wp-content\/uploads\/2020\/11\/Reproducao-Coalizao-negra-469x264.jpg 469w, https:\/\/rioonwatch.org.br\/wp-content\/uploads\/2020\/11\/Reproducao-Coalizao-negra-580x326.jpg 580w, https:\/\/rioonwatch.org.br\/wp-content\/uploads\/2020\/11\/Reproducao-Coalizao-negra-174x98.jpg 174w, https:\/\/rioonwatch.org.br\/wp-content\/uploads\/2020\/11\/Reproducao-Coalizao-negra.jpg 680w\" sizes=\"(max-width: 620px) 100vw, 620px\" \/><\/a><\/p>\n<p>&#8220;A<span style=\"font-weight: 400;\"> coaliz\u00e3o n\u00e3o \u00e9 s\u00f3 uma organiza\u00e7\u00e3o e n\u00e3o ser\u00e1. Ela \u00e9 um exerc\u00edcio de caminhada conjunta<\/span><span style=\"font-weight: 400;\">. <\/span><span style=\"font-weight: 400;\">S\u00f3 existe na a\u00e7\u00e3o coletiva que a gente promove. Ela n\u00e3o tem um escrit\u00f3rio, n\u00e3o tem uma sede e isso n\u00e3o est\u00e1 no horizonte. O que existe \u00e9 a a\u00e7\u00e3o pol\u00edtica conjunta do movimento&#8221;, explica Douglas. A <\/span>Coaliz\u00e3o Negra por Direitos vem atuando contra o racismo, a viola\u00e7\u00e3o do direito \u00e0 vida, denunciando viola\u00e7\u00f5es de direitos humanos no Brasil.<\/p>\n<p><span style=\"font-weight: 400;\">No momento que o pa\u00eds chegou em <a href=\"https:\/\/bbc.in\/32XBBmb\" target=\"_blank\" rel=\"noopener noreferrer\">100.000 mortes por Covid-19<\/a>\u00a0a <\/span><span style=\"font-weight: 400;\">Coaliz\u00e3o Negra por Direitos<\/span><span style=\"font-weight: 400;\">, protocolou o 56\u00ba pedido de <\/span><a href=\"https:\/\/bit.ly\/31key32\"><span style=\"font-weight: 400;\">impeachment contra Jair Bolsonaro<\/span><\/a><span style=\"font-weight: 400;\">,<\/span><span style=\"font-weight: 400;\"> em 12 de agosto, contendo 11 den\u00fancias contra o presidente. O documento tem a assinatura de 1<\/span>50 organiza\u00e7\u00f5es que comp\u00f5em o grupo, com apoio de mais outras 600 entidades, al\u00e9m da ades\u00e3o de artistas, intelectuais e ativistas. <span style=\"font-weight: 400;\">Tr\u00eas meses passados, o Brasil est\u00e1 perto de atingir <a href=\"https:\/\/bit.ly\/2S6RReX\" target=\"_blank\" rel=\"noopener noreferrer\">167.455 mortos<\/a> (em 19\/11) pela pandemia, que apresenta uma tend\u00eancia de alta, o que pode ser um indicativo do in\u00edcio de uma segunda onda de infec\u00e7\u00f5es por coronav\u00edrus no pa\u00eds.\u00a0<\/span><\/p>\n<p><a href=\"https:\/\/rioonwatch.org.br\/wp-content\/uploads\/2020\/11\/Primeiro-Encontro-Internacional-da-Coalizao-Negra-por-Direitos-aconteceu-em-Sao-Paulo-em-novembro-de-2019.jpg\"><img loading=\"lazy\" decoding=\"async\" class=\"aligncenter wp-image-51749 size-medium\" title=\"Primeiro Encontro Internacional da Coaliz\u00e3o Negra por Direitosa, em Sao-Paulo, novembro de 2019.\" src=\"https:\/\/rioonwatch.org.br\/wp-content\/uploads\/2020\/11\/Primeiro-Encontro-Internacional-da-Coalizao-Negra-por-Direitos-aconteceu-em-Sao-Paulo-em-novembro-de-2019-620x349.jpg\" alt=\"\" width=\"620\" height=\"349\" srcset=\"https:\/\/rioonwatch.org.br\/wp-content\/uploads\/2020\/11\/Primeiro-Encontro-Internacional-da-Coalizao-Negra-por-Direitos-aconteceu-em-Sao-Paulo-em-novembro-de-2019-620x349.jpg 620w, https:\/\/rioonwatch.org.br\/wp-content\/uploads\/2020\/11\/Primeiro-Encontro-Internacional-da-Coalizao-Negra-por-Direitos-aconteceu-em-Sao-Paulo-em-novembro-de-2019-470x264.jpg 470w, https:\/\/rioonwatch.org.br\/wp-content\/uploads\/2020\/11\/Primeiro-Encontro-Internacional-da-Coalizao-Negra-por-Direitos-aconteceu-em-Sao-Paulo-em-novembro-de-2019-768x432.jpg 768w, https:\/\/rioonwatch.org.br\/wp-content\/uploads\/2020\/11\/Primeiro-Encontro-Internacional-da-Coalizao-Negra-por-Direitos-aconteceu-em-Sao-Paulo-em-novembro-de-2019-580x326.jpg 580w, https:\/\/rioonwatch.org.br\/wp-content\/uploads\/2020\/11\/Primeiro-Encontro-Internacional-da-Coalizao-Negra-por-Direitos-aconteceu-em-Sao-Paulo-em-novembro-de-2019-174x98.jpg 174w, https:\/\/rioonwatch.org.br\/wp-content\/uploads\/2020\/11\/Primeiro-Encontro-Internacional-da-Coalizao-Negra-por-Direitos-aconteceu-em-Sao-Paulo-em-novembro-de-2019.jpg 900w\" sizes=\"(max-width: 620px) 100vw, 620px\" \/><\/a><\/p>\n<blockquote><p>&#8220;O Brasil se v\u00ea diante de um espelho que evidencia suas mazelas. E o \u00fanico contraponto de esperan\u00e7a poss\u00edvel a este rosto branco, velho, rico, heterossexual e cisg\u00eanero, que ocupa o topo da pir\u00e2mide social e majoritariamente os espa\u00e7os de poder, est\u00e1 na pot\u00eancia transformadora de mulheres, homens, jovens e LGBTQI+, favelados e perif\u00e9ricos, aquilombados e ribeirinhos, encarcerados e em situa\u00e7\u00e3o de rua, negras e negros, que formam a maioria do povo brasileiro&#8221;, declara a Coaliz\u00e3o na <a href=\"https:\/\/bit.ly\/3pTf8R4\" target=\"_blank\" rel=\"noopener noreferrer\">plataforma de princ\u00edpios e agenda<\/a>, datada de 28 de novembro de 2019.<\/p><\/blockquote>\n<p>Diante da viol\u00eancia policial no Brasil, que mata negros a cada 23 minutos\u2014de <a href=\"https:\/\/bbc.in\/3nCPGgD\" target=\"_blank\" rel=\"noopener noreferrer\">acordo com o relat\u00f3rio final da CPI do Senado<\/a> sobre o Assassinato de Jovens baseado nos dados do <a href=\"https:\/\/bit.ly\/32WA9QO\" target=\"_blank\" rel=\"noopener noreferrer\">Mapa da Viol\u00eancia<\/a>\u2014<span style=\"font-weight: 400;\">a Coaliz\u00e3o denuncia h\u00e1 meses que, <a href=\"https:\/\/bit.ly\/2BR5REr\" target=\"_blank\" rel=\"noopener noreferrer\">enquanto houver racismo, n\u00e3o haver\u00e1 democracia<\/a>. &#8220;H\u00e1 setores na sociedade que guardaram dist\u00e2ncia dessa realidade a vida inteira e que n\u00e3o \u00e9 \u00f3bvio nada disso para eles&#8230; que essa democracia n\u00e3o \u00e9 realidade para a maioria. E isso eu falo at\u00e9 incluindo o campo progressista que est\u00e3o preocupados com a realidade de uma maneira mais geral&#8221;, ressalta Douglas.\u00a0<\/span><\/p>\n<h3>Genoc\u00eddio Negro: 75% dos Assassinatos no Brasil<\/h3>\n<p><a href=\"https:\/\/rioonwatch.org.br\/wp-content\/uploads\/2020\/09\/Agatha-Felix-e-sua-mae.jpg\"><img loading=\"lazy\" decoding=\"async\" class=\"aligncenter wp-image-50595 size-medium\" title=\"Agatha Felix e sua m\u00e3e, Vanessa Francisco.\" src=\"https:\/\/rioonwatch.org.br\/wp-content\/uploads\/2020\/09\/Agatha-Felix-e-sua-mae-620x338.jpg\" alt=\"\" width=\"620\" height=\"338\" srcset=\"https:\/\/rioonwatch.org.br\/wp-content\/uploads\/2020\/09\/Agatha-Felix-e-sua-mae-620x338.jpg 620w, https:\/\/rioonwatch.org.br\/wp-content\/uploads\/2020\/09\/Agatha-Felix-e-sua-mae-768x418.jpg 768w, https:\/\/rioonwatch.org.br\/wp-content\/uploads\/2020\/09\/Agatha-Felix-e-sua-mae.jpg 797w\" sizes=\"(max-width: 620px) 100vw, 620px\" \/><\/a><\/p>\n<p><span style=\"font-weight: 400;\"><a href=\"https:\/\/bit.ly\/3j2VY7f\" target=\"_blank\" rel=\"noopener noreferrer\">Agatha Felix<\/a>, <a href=\"http:\/\/bit.ly\/2OjbK1g\" target=\"_blank\" rel=\"noopener noreferrer\">Eduardo de Jesus<\/a>, <a href=\"https:\/\/bit.ly\/2EAy1VF\" target=\"_blank\" rel=\"noopener noreferrer\">Maria Eduarda<\/a>, <a href=\"https:\/\/bit.ly\/2X7mfIN\" target=\"_blank\" rel=\"noopener noreferrer\">Jonathan Oliveira<\/a>. <a href=\"https:\/\/bit.ly\/39FKKlb\" target=\"_blank\" rel=\"noopener noreferrer\">Maicon de Souza<\/a>, <a href=\"https:\/\/bit.ly\/2WPaas0\" target=\"_blank\" rel=\"noopener noreferrer\">Jo\u00e3o Pedro<\/a>, <a href=\"https:\/\/bit.ly\/2WPaas0\" target=\"_blank\" rel=\"noopener noreferrer\">Jo\u00e3o Vitor<\/a>, <a href=\"https:\/\/glo.bo\/2ANSWCN\" target=\"_blank\" rel=\"noopener noreferrer\">Iago Cesar<\/a>, <a href=\"https:\/\/glo.bo\/3ecFeI6\" target=\"_blank\" rel=\"noopener noreferrer\">Rodrigo Cerqueira<\/a>. <a href=\"https:\/\/bit.ly\/36OoJzQ\" target=\"_blank\" rel=\"noopener noreferrer\">Carlos Alberto, Carlos Magno, Everson Gon\u00e7alves, Thiago da Costa<\/a>, <a href=\"https:\/\/bit.ly\/3f0YmIU\" target=\"_blank\" rel=\"noopener noreferrer\">Viviane Rocha, Cristiane Souza Leite, Rosana Lima de Souza<\/a>. O que todos esses nomes t\u00eam em comum? <\/span><span style=\"font-weight: 400;\">Todas essas pessoas foram assassinadas em <a href=\"https:\/\/bit.ly\/30PUPsB\" target=\"_blank\" rel=\"noopener noreferrer\">a\u00e7\u00f5es policiais<\/a> nas favelas no Rio de Janeiro e fazem parte da estat\u00edstica do <a href=\"https:\/\/bit.ly\/3944EWN\" target=\"_blank\" rel=\"noopener noreferrer\">genoc\u00eddio negro<\/a> brasileiro. <\/span><\/p>\n<p><span style=\"font-weight: 400;\">Das <a href=\"https:\/\/bit.ly\/3nFNG7e\" target=\"_blank\" rel=\"noopener noreferrer\">pessoas assassinadas no pa\u00eds, 75,5% s\u00e3o negras<\/a>, segundo o Atlas da Viol\u00eancia. <a href=\"https:\/\/glo.bo\/3nGFBiW\" target=\"_blank\" rel=\"noopener noreferrer\">Pesquisa da Rio de Paz<\/a>, mostrou que entre 2016 e 2019, <a href=\"https:\/\/bit.ly\/309iuUF\" target=\"_blank\" rel=\"noopener noreferrer\">91% das crian\u00e7as mortas<\/a> por &#8220;balas perdidas&#8221; no Rio de Janeiro, eram negras.\u00a0<\/span><\/p>\n<blockquote><p>&#8220;<a href=\"http:\/\/bit.ly\/2PALm3Q\" target=\"_blank\" rel=\"noopener noreferrer\">GENOC\u00cdDIO<\/a> \u00e9 o exterm\u00ednio deliberado de pessoas motivado por diferen\u00e7as \u00e9tnicas, nacionais, raciais, religiosas e, por vezes, sociopol\u00edticas. No Brasil, ele \u00e9 resultado do racismo que molda o Estado e a sociedade, que afeta a pol\u00edcia, as empresas, as institui\u00e7\u00f5es pol\u00edticas e a popula\u00e7\u00e3o como um todo&#8221;, conforme denuncia a\u00a0<a href=\"https:\/\/bit.ly\/306hAs8\" target=\"_blank\" rel=\"noopener noreferrer\">campanha da Coaliz\u00e3o<\/a>.<\/p><\/blockquote>\n<p><a href=\"https:\/\/rioonwatch.org.br\/wp-content\/uploads\/2020\/11\/alvos-do-genocidio.jpg\"><img loading=\"lazy\" decoding=\"async\" class=\"aligncenter wp-image-51753 size-medium\" title=\"Crian\u00e7as Negras como Alvos do Genoc\u00eddio.\" src=\"https:\/\/rioonwatch.org.br\/wp-content\/uploads\/2020\/11\/alvos-do-genocidio-620x272.jpg\" alt=\"Crian\u00e7as Negras como Alvos do Genoc\u00eddio.\" width=\"620\" height=\"272\" srcset=\"https:\/\/rioonwatch.org.br\/wp-content\/uploads\/2020\/11\/alvos-do-genocidio-620x272.jpg 620w, https:\/\/rioonwatch.org.br\/wp-content\/uploads\/2020\/11\/alvos-do-genocidio-1024x450.jpg 1024w, https:\/\/rioonwatch.org.br\/wp-content\/uploads\/2020\/11\/alvos-do-genocidio-601x264.jpg 601w, https:\/\/rioonwatch.org.br\/wp-content\/uploads\/2020\/11\/alvos-do-genocidio-768x337.jpg 768w, https:\/\/rioonwatch.org.br\/wp-content\/uploads\/2020\/11\/alvos-do-genocidio.jpg 1345w\" sizes=\"(max-width: 620px) 100vw, 620px\" \/><\/a><\/p>\n<p><span style=\"font-weight: 400;\">Na conta do genoc\u00eddio negro brasileiro, tamb\u00e9m est\u00e3o as vidas negras interrompidas todos os dias no xadrez da <a href=\"https:\/\/bit.ly\/2YQbMTP\" target=\"_blank\" rel=\"noopener noreferrer\">pol\u00edtica de morte<\/a> da falta de acesso a direitos e que sequer sabemos seus nomes. Realidade escancarada pelas <a href=\"https:\/\/bit.ly\/12EvidenciasNecropolitica\" target=\"_blank\" rel=\"noopener noreferrer\">desigualdades econ\u00f4micas e sociais<\/a> da pandemia do <a href=\"https:\/\/bit.ly\/2QZjDJI\" target=\"_blank\" rel=\"noopener noreferrer\">coronav\u00edrus<\/a>. Enquanto os jornais pediam para a popula\u00e7\u00e3o higienizar as m\u00e3os, a popula\u00e7\u00e3o nas favelas, em sua maioria negra, denunciava a <a href=\"http:\/\/bit.ly\/3dcI8N2\" target=\"_blank\" rel=\"noopener noreferrer\">falta de acesso \u00e0 \u00e1gua<\/a> ou <a href=\"https:\/\/bit.ly\/2wXJV8G\" target=\"_blank\" rel=\"noopener noreferrer\">condi\u00e7\u00f5es de manter-se isolada<\/a>, para prevenir o cont\u00e1gio da doen\u00e7a.\u00a0<\/span><\/p>\n<blockquote><p><em>&#8220;O Brasil \u00e9 um pa\u00eds em d\u00edvida com a popula\u00e7\u00e3o negra\u2013d\u00edvidas hist\u00f3ricas e atuais. Portanto, qualquer projeto ou articula\u00e7\u00e3o por democracia no pa\u00eds exige o firme e real compromisso de enfrentamento ao racismo. Convocamos os setores democr\u00e1ticos da sociedade brasileira, as institui\u00e7\u00f5es e pessoas que hoje demonstram como\u00e7\u00e3o com as mazelas do racismo e se afirmam antirracistas: sejam coerentes. Pratiquem o que discursam. Unam-se a n\u00f3s neste manifesto, \u00e0s nossas iniciativas hist\u00f3ricas e permanentes de resist\u00eancias e \u00e0s propostas que defendemos como forma de construir a democracia, organizada em nosso programa&#8221;, <\/em>diz o manifesto <a href=\"https:\/\/bit.ly\/3lHel33\" target=\"_blank\" rel=\"noopener noreferrer\">Enquanto Houver racismo N\u00e3o Haver\u00e1 Democracia<\/a>.<\/p><\/blockquote>\n<p><a href=\"https:\/\/rioonwatch.org.br\/wp-content\/uploads\/2020\/11\/com-racismo-nao-ha-democracia.jpg\"><img loading=\"lazy\" decoding=\"async\" class=\"aligncenter size-content wp-image-51750\" src=\"https:\/\/rioonwatch.org.br\/wp-content\/uploads\/2020\/11\/com-racismo-nao-ha-democracia-620x264.jpg\" alt=\"\" width=\"620\" height=\"264\" \/><\/a><\/p>\n<p>Lan\u00e7ado em junho deste ano em meio ao contexto do crescimento da luta antirracista em todo o mundo, ap\u00f3s o assassinato do norte-americano <a href=\"https:\/\/glo.bo\/32XiWH3\" target=\"_blank\" rel=\"noopener noreferrer\">George Floyd<\/a>, por um policial branco com joelhos em seu pesco\u00e7o, o manifesto organizado pela Coaliz\u00e3o conta com a assinatura de artistas, intelectuais, ativistas e figuras p\u00fablicas, al\u00e9m de outras 150 institui\u00e7\u00f5es do movimento negro, entre elas: Uneafro, Criola, <a href=\"http:\/\/bit.ly\/2lSoGzh\" target=\"_blank\" rel=\"noopener noreferrer\">Movimento Moleque<\/a>, <a href=\"http:\/\/bit.ly\/2YaX1sm\" target=\"_blank\" rel=\"noopener noreferrer\">Justi\u00e7a Global<\/a>, <a href=\"http:\/\/bit.ly\/2YFAmCR\" target=\"_blank\" rel=\"noopener noreferrer\">Rede Contra a Viol\u00eancia<\/a>, <a href=\"http:\/\/bit.ly\/2gHPKea\" target=\"_blank\" rel=\"noopener noreferrer\">Voz da Baixada<\/a> e <a href=\"https:\/\/bit.ly\/34LUo5s\" target=\"_blank\" rel=\"noopener noreferrer\">Instituto Marielle Franco.<\/a><\/p>\n<p><span style=\"font-weight: 400;\">&#8220;A elite mais conservadora sabe que a democracia n\u00e3o existe para todos e que o sistema \u00e9 de opress\u00e3o ao povo negro, mas mant\u00e9m essa l\u00f3gica de uma maneira pr\u00e9-determinada e pensada como um projeto. O nosso manifesto \u00e9 uma reivindica\u00e7\u00e3o do \u00f3bvio porque na realidade brasileira o \u00f3bvio precisa ser defendido. \u00c9 por isso que a gente se colocou de forma t\u00e3o contundente, em coaliz\u00e3o, para cobrar coer\u00eancia daqueles que dizem se preocupar com a democracia, porque quem se preocupa com a democracia precisa se preocupar com o racismo que impede o exerc\u00edcio da democracia objetivamente&#8221;, opina Douglas, uma das vozes da Coaliz\u00e3o Negra Por Direitos, que tem 46 grupos de WhatsApp em atividade.\u00a0<\/span><\/p>\n<p>O interesse de busca sobre &#8220;a persist\u00eancia do racismo no Brasil&#8221;, <a href=\"https:\/\/bit.ly\/3fbQTbQ\" target=\"_blank\" rel=\"noopener noreferrer\">segundo a plataforma Google<\/a>, cresceu mais de 5000% de 2019 para 2020. Tamb\u00e9m de acordo com a plataforma, a palavra &#8220;privil\u00e9gio&#8221; atingiu o maior interesse de buscas de todos os tempos em junho de 2020, seguida pela busca sobre &#8220;o que \u00e9 racismo?&#8221;, que teve a maior alta de buscas dos \u00faltimos cinco anos. Ainda, o n\u00famero de pesquisas relacionadas ao tema &#8220;Vidas Negras Importam&#8221;, &#8220;Vidas Pretas Importam&#8221;, &#8220;o que \u00e9 Black Lives Matter&#8221;, &#8220;tradu\u00e7\u00e3o Black Lives Matter&#8221;, foi maior do que nunca. Os dados fazem parte de um levantamento da empresa no Google Trends.<\/p>\n<p>Mediante a estes n\u00fameros e os esc\u00e2ndalos de racismo internacional dos EUA, o Google lan\u00e7ou o filme &#8220;<a href=\"https:\/\/bit.ly\/35IIM3a\" target=\"_blank\" rel=\"noopener noreferrer\">Buscando por Justi\u00e7a Racial<\/a>&#8221; e uma carta-compromisso em que se compromete a combater o racismo dentro da pr\u00f3pria empresa.<\/p>\n<p><iframe src=\"https:\/\/www.youtube.com\/embed\/TeFaCZxDZFg\" width=\"620\" height=\"359\" frameborder=\"0\" allowfullscreen=\"allowfullscreen\"><span data-mce-type=\"bookmark\" style=\"display: inline-block; width: 0px; overflow: hidden; line-height: 0;\" class=\"mce_SELRES_start\">\ufeff<\/span><\/iframe><\/p>\n<p>A Coaliz\u00e3o Negra vem atuando h\u00e1 dois anos em resposta \u00e0 <a href=\"https:\/\/bit.ly\/2UH4m1J\" target=\"_blank\" rel=\"noopener noreferrer\">acelera\u00e7\u00e3o da retirada de direitos pelo atual governo federal<\/a>. N\u00e3o s\u00e3o novidades a mobiliza\u00e7\u00e3o e as articula\u00e7\u00f5es nacionais do movimento negro. Em momentos chaves da hist\u00f3ria\u00a0surgiram o\u00a0<a class=\"c-link\" href=\"http:\/\/bit.ly\/3hXNejn\" target=\"_blank\" rel=\"noopener noreferrer\" data-stringify-link=\"http:\/\/bit.ly\/3hXNejn\" data-sk=\"tooltip_parent\">Movimento Negro Unificado<\/a>,\u00a0em 1978,\u00a0o\u00a0<a class=\"c-link\" href=\"https:\/\/bit.ly\/2KnNcEC\" target=\"_blank\" rel=\"noopener noreferrer\" data-stringify-link=\"https:\/\/bit.ly\/2KnNcEC\" data-sk=\"tooltip_parent\">Movimento Negro Pr\u00f3-Constituinte<\/a><b data-stringify-type=\"bold\">\u00a0<\/b>em 1988,\u00a0<a class=\"c-link\" href=\"http:\/\/bit.ly\/3oeh31c\" target=\"_blank\" rel=\"noopener noreferrer\" data-stringify-link=\"http:\/\/bit.ly\/3oeh31c\" data-sk=\"tooltip_parent\">a Marcha Zumbi dos Palmares<\/a>\u00a0em 1995 e\u00a0<a class=\"c-link\" href=\"http:\/\/bit.ly\/3hTCthW\" target=\"_blank\" rel=\"noopener noreferrer\" data-stringify-link=\"http:\/\/bit.ly\/3hTCthW\" data-sk=\"tooltip_parent\">a Marcha das Mulheres Negras<\/a> em 2015, por exemplo.<\/p>\n<p><span style=\"font-weight: 400;\">&#8220;Em momentos chaves de grandes crises e viradas de p\u00e1ginas, o movimento negro se articula nacionalmente. A elei\u00e7\u00e3o do <a href=\"https:\/\/bit.ly\/332dK4y\" target=\"_blank\" rel=\"noopener noreferrer\">Bolsonaro deflagra um momento crucial<\/a>, pois j\u00e1 imagin\u00e1vamos que o governo Bolsonaro seria cruel com a popula\u00e7\u00e3o negra como se confirmou logo nos primeiros meses de governo dele&#8221;, explica Douglas. O <a href=\"https:\/\/bit.ly\/2UGGLyb\" target=\"_blank\" rel=\"noopener noreferrer\">primeiro encontro da Coaliz\u00e3o Negra aconteceu em novembro de 2019<\/a>, na ocupa\u00e7\u00e3o Nove de Julho, onde mais de 100 pessoas compareceram representando dezenas de coletivos e institui\u00e7\u00f5es do movimento negro organizado.<\/span><\/p>\n<p><iframe src=\"https:\/\/www.youtube.com\/embed\/eJJh2MRyFXY\" width=\"620\" height=\"349\" frameborder=\"0\" allowfullscreen=\"allowfullscreen\"><\/iframe><\/p>\n<hr \/>\n<h4>Apoie nossos esfor\u00e7os para fornecer assist\u00eancia estrat\u00e9gica \u00e0s favelas do Rio durante a pandemia da Covid-19, incluindo o jornalismo hiperlocal, cr\u00edtico, inovador e incans\u00e1vel do <i>RioOnWatch\u00a0<\/i>\u2014\u00a0<a href=\"http:\/\/bit.ly\/CatalisandoComunidades\">doe aqui<\/a>.<\/h4>\n<!-- AddThis Advanced Settings generic via filter on the_content --><!-- AddThis Share Buttons generic via filter on the_content -->","protected":false},"excerpt":{"rendered":"<div class=\"mh-excerpt\"><p>Click Here for English Esta \u00e9 a primeira mat\u00e9ria de uma s\u00e9rie de quatro sobre a Coaliz\u00e3o Negra por Direitos. No M\u00eas da Consci\u00eancia Negra, a s\u00e9rie traz \u00e0\u00a0luz mais um enfrentamento ao racismo protagonizado <a class=\"mh-excerpt-more\" href=\"https:\/\/rioonwatch.org.br\/?p=51737\" title=\"Um Pacto Entre as Organiza\u00e7\u00f5es do Movimento Negro Brasileiro: A Coaliz\u00e3o Negra Por Direitos\">[&#8230;]<\/a><!-- AddThis Advanced Settings generic via filter on get_the_excerpt --><!-- AddThis Share Buttons generic via filter on get_the_excerpt --><\/p>\n<\/div>","protected":false},"author":167,"featured_media":51745,"comment_status":"closed","ping_status":"closed","sticky":false,"template":"","format":"standard","meta":{"_acf_changed":false,"_monsterinsights_skip_tracking":false,"_monsterinsights_sitenote_active":false,"_monsterinsights_sitenote_note":"","_monsterinsights_sitenote_category":0,"footnotes":""},"categories":[2753,1621,1388,344,1612,342],"tags":[329,3253,1259,2954,2748,479,413,2761,88,42,2699,2952,2344,2269,1817,113,2312,1398,915,1151,3061,1403,2561,2953,283,2976,920,52,1330],"writer":[2800],"translator":[],"source":[],"ilustrador":[],"fotografo":[],"class_list":{"0":"post-51737","1":"post","2":"type-post","3":"status-publish","4":"format-standard","5":"has-post-thumbnail","7":"category-covid19nasfavelas","8":"category-destaque","9":"category-formas-de-apoiar","10":"category-politicas","11":"category-sociedade-civil","12":"category-solucoes","13":"tag-africa","14":"tag-antirracismo","15":"tag-assassinato","16":"tag-coalizao-negra-por-direitos","17":"tag-coronavirus","18":"tag-democracia","19":"tag-desigualdade","20":"tag-direito-a-agua","21":"tag-direitos-humanos","22":"tag-genero","23":"tag-genocidio","24":"tag-george-floyd","25":"tag-ibge","26":"tag-jair-bolsonaro","27":"tag-justica-global","28":"tag-juventude","29":"tag-legado-de-marielle","30":"tag-lgbt","31":"tag-mes-da-consciencia-negra","32":"tag-organizacao","33":"tag-movimento-moleque","34":"tag-movimento-negro","35":"tag-necropolitica","36":"tag-nigeria","37":"tag-rede-contra-violencia","38":"tag-serie-coalizacao-negra","39":"tag-violencia-de-estado","40":"tag-violencia-policial","41":"tag-zumbi-dos-palmares","42":"writer-tatiana-lima"},"acf":[],"yoast_head":"<!-- This site is optimized with the Yoast SEO plugin v25.6 - https:\/\/yoast.com\/wordpress\/plugins\/seo\/ -->\n<title>Um Pacto Entre as Organiza\u00e7\u00f5es do Movimento Negro Brasileiro: A Coaliz\u00e3o Negra Por Direitos - RioOnWatch<\/title>\n<meta name=\"robots\" content=\"index, follow, max-snippet:-1, max-image-preview:large, max-video-preview:-1\" \/>\n<link rel=\"canonical\" href=\"https:\/\/rioonwatch.org.br\/?p=51737\" \/>\n<meta property=\"og:locale\" content=\"pt_BR\" \/>\n<meta property=\"og:type\" content=\"article\" \/>\n<meta property=\"og:title\" content=\"Um Pacto Entre as Organiza\u00e7\u00f5es do Movimento Negro Brasileiro: A Coaliz\u00e3o Negra Por Direitos - RioOnWatch\" \/>\n<meta property=\"og:description\" content=\"Click Here for English Esta \u00e9 a primeira mat\u00e9ria de uma s\u00e9rie de quatro sobre a Coaliz\u00e3o Negra por Direitos. No M\u00eas da Consci\u00eancia Negra, a s\u00e9rie traz \u00e0\u00a0luz mais um enfrentamento ao racismo protagonizado [...]\" \/>\n<meta property=\"og:url\" content=\"https:\/\/rioonwatch.org.br\/?p=51737\" \/>\n<meta property=\"og:site_name\" content=\"RioOnWatch\" \/>\n<meta property=\"article:published_time\" content=\"2020-11-20T14:02:57+00:00\" \/>\n<meta property=\"article:modified_time\" content=\"2024-05-24T15:34:35+00:00\" \/>\n<meta property=\"og:image\" content=\"https:\/\/rioonwatch.org.br\/wp-content\/uploads\/2020\/11\/onte-Faculdade-Florence.jpg\" \/>\n\t<meta property=\"og:image:width\" content=\"600\" \/>\n\t<meta property=\"og:image:height\" content=\"400\" \/>\n\t<meta property=\"og:image:type\" content=\"image\/jpeg\" \/>\n<meta name=\"author\" content=\"Julio Santos Filho\" \/>\n<meta name=\"twitter:card\" content=\"summary_large_image\" \/>\n<meta name=\"twitter:label1\" content=\"Escrito por\" \/>\n\t<meta name=\"twitter:data1\" content=\"Julio Santos Filho\" \/>\n\t<meta name=\"twitter:label2\" content=\"Est. tempo de leitura\" \/>\n\t<meta name=\"twitter:data2\" content=\"9 minutos\" \/>\n<script type=\"application\/ld+json\" class=\"yoast-schema-graph\">{\"@context\":\"https:\/\/schema.org\",\"@graph\":[{\"@type\":\"Article\",\"@id\":\"https:\/\/rioonwatch.org.br\/?p=51737#article\",\"isPartOf\":{\"@id\":\"https:\/\/rioonwatch.org.br\/?p=51737\"},\"author\":{\"name\":\"Julio Santos Filho\",\"@id\":\"https:\/\/rioonwatch.org.br\/#\/schema\/person\/476bc75767957d3535b65b796667cd36\"},\"headline\":\"Um Pacto Entre as Organiza\u00e7\u00f5es do Movimento Negro Brasileiro: A Coaliz\u00e3o Negra Por Direitos\",\"datePublished\":\"2020-11-20T14:02:57+00:00\",\"dateModified\":\"2024-05-24T15:34:35+00:00\",\"mainEntityOfPage\":{\"@id\":\"https:\/\/rioonwatch.org.br\/?p=51737\"},\"wordCount\":1823,\"publisher\":{\"@id\":\"https:\/\/rioonwatch.org.br\/#organization\"},\"image\":{\"@id\":\"https:\/\/rioonwatch.org.br\/?p=51737#primaryimage\"},\"thumbnailUrl\":\"https:\/\/rioonwatch.org.br\/wp-content\/uploads\/2020\/11\/onte-Faculdade-Florence.jpg\",\"keywords\":[\"\u00c1frica\",\"Antirracismo\",\"assassinato\",\"Coaliz\u00e3o Negra por Direitos\",\"coronav\u00edrus\",\"Democracia\",\"desigualdade\",\"direito \u00e0 \u00e1gua\",\"Direitos Humanos\",\"g\u00eanero\",\"genoc\u00eddio\",\"George Floyd\",\"IBGE\",\"Jair Bolsonaro\",\"Justi\u00e7a Global\",\"juventude\",\"Legado de Marielle\",\"LGBTQIAPN+\",\"M\u00eas da Consci\u00eancia Negra\",\"mobiliza\u00e7\u00e3o\",\"Movimento Moleque\",\"Movimento negro\",\"necropol\u00edtica\",\"Nig\u00e9ria\",\"Rede Contra Viol\u00eancia\",\"S\u00e9rie: Coaliza\u00e7\u00e3o Negra\",\"viol\u00eancia de Estado\",\"viol\u00eancia policial\",\"Zumbi dos Palmares\"],\"articleSection\":[\"#Covid19NasFavelas\",\"*Destaque\",\"Formas de Apoiar\",\"Pol\u00edticas\",\"Sociedade Civil\",\"Solu\u00e7\u00f5es\"],\"inLanguage\":\"pt-BR\"},{\"@type\":\"WebPage\",\"@id\":\"https:\/\/rioonwatch.org.br\/?p=51737\",\"url\":\"https:\/\/rioonwatch.org.br\/?p=51737\",\"name\":\"Um Pacto Entre as Organiza\u00e7\u00f5es do Movimento Negro Brasileiro: A Coaliz\u00e3o Negra Por Direitos - RioOnWatch\",\"isPartOf\":{\"@id\":\"https:\/\/rioonwatch.org.br\/#website\"},\"primaryImageOfPage\":{\"@id\":\"https:\/\/rioonwatch.org.br\/?p=51737#primaryimage\"},\"image\":{\"@id\":\"https:\/\/rioonwatch.org.br\/?p=51737#primaryimage\"},\"thumbnailUrl\":\"https:\/\/rioonwatch.org.br\/wp-content\/uploads\/2020\/11\/onte-Faculdade-Florence.jpg\",\"datePublished\":\"2020-11-20T14:02:57+00:00\",\"dateModified\":\"2024-05-24T15:34:35+00:00\",\"breadcrumb\":{\"@id\":\"https:\/\/rioonwatch.org.br\/?p=51737#breadcrumb\"},\"inLanguage\":\"pt-BR\",\"potentialAction\":[{\"@type\":\"ReadAction\",\"target\":[\"https:\/\/rioonwatch.org.br\/?p=51737\"]}]},{\"@type\":\"ImageObject\",\"inLanguage\":\"pt-BR\",\"@id\":\"https:\/\/rioonwatch.org.br\/?p=51737#primaryimage\",\"url\":\"https:\/\/rioonwatch.org.br\/wp-content\/uploads\/2020\/11\/onte-Faculdade-Florence.jpg\",\"contentUrl\":\"https:\/\/rioonwatch.org.br\/wp-content\/uploads\/2020\/11\/onte-Faculdade-Florence.jpg\",\"width\":600,\"height\":400},{\"@type\":\"BreadcrumbList\",\"@id\":\"https:\/\/rioonwatch.org.br\/?p=51737#breadcrumb\",\"itemListElement\":[{\"@type\":\"ListItem\",\"position\":1,\"name\":\"In\u00edcio\",\"item\":\"https:\/\/rioonwatch.org.br\/\"},{\"@type\":\"ListItem\",\"position\":2,\"name\":\"Um Pacto Entre as Organiza\u00e7\u00f5es do Movimento Negro Brasileiro: A Coaliz\u00e3o Negra Por Direitos\"}]},{\"@type\":\"WebSite\",\"@id\":\"https:\/\/rioonwatch.org.br\/#website\",\"url\":\"https:\/\/rioonwatch.org.br\/\",\"name\":\"RioOnWatch\",\"description\":\"relatos das favelas cariocas\",\"publisher\":{\"@id\":\"https:\/\/rioonwatch.org.br\/#organization\"},\"potentialAction\":[{\"@type\":\"SearchAction\",\"target\":{\"@type\":\"EntryPoint\",\"urlTemplate\":\"https:\/\/rioonwatch.org.br\/?s={search_term_string}\"},\"query-input\":{\"@type\":\"PropertyValueSpecification\",\"valueRequired\":true,\"valueName\":\"search_term_string\"}}],\"inLanguage\":\"pt-BR\"},{\"@type\":\"Organization\",\"@id\":\"https:\/\/rioonwatch.org.br\/#organization\",\"name\":\"RioOnWatch\",\"url\":\"https:\/\/rioonwatch.org.br\/\",\"logo\":{\"@type\":\"ImageObject\",\"inLanguage\":\"pt-BR\",\"@id\":\"https:\/\/rioonwatch.org.br\/#\/schema\/logo\/image\/\",\"url\":\"https:\/\/rioonwatch.org.br\/wp-content\/uploads\/2021\/06\/RioOnWatchcabecalhoPT11anos-2.png\",\"contentUrl\":\"https:\/\/rioonwatch.org.br\/wp-content\/uploads\/2021\/06\/RioOnWatchcabecalhoPT11anos-2.png\",\"width\":779,\"height\":277,\"caption\":\"RioOnWatch\"},\"image\":{\"@id\":\"https:\/\/rioonwatch.org.br\/#\/schema\/logo\/image\/\"}},{\"@type\":\"Person\",\"@id\":\"https:\/\/rioonwatch.org.br\/#\/schema\/person\/476bc75767957d3535b65b796667cd36\",\"name\":\"Julio Santos Filho\",\"image\":{\"@type\":\"ImageObject\",\"inLanguage\":\"pt-BR\",\"@id\":\"https:\/\/rioonwatch.org.br\/#\/schema\/person\/image\/\",\"url\":\"https:\/\/secure.gravatar.com\/avatar\/ca138f7666182a292a8ce4ca14fb81f8?s=96&d=blank&r=g\",\"contentUrl\":\"https:\/\/secure.gravatar.com\/avatar\/ca138f7666182a292a8ce4ca14fb81f8?s=96&d=blank&r=g\",\"caption\":\"Julio Santos Filho\"},\"url\":\"https:\/\/rioonwatch.org.br\/?author=167\"}]}<\/script>\n<!-- \/ Yoast SEO plugin. -->","yoast_head_json":{"title":"Um Pacto Entre as Organiza\u00e7\u00f5es do Movimento Negro Brasileiro: A Coaliz\u00e3o Negra Por Direitos - RioOnWatch","robots":{"index":"index","follow":"follow","max-snippet":"max-snippet:-1","max-image-preview":"max-image-preview:large","max-video-preview":"max-video-preview:-1"},"canonical":"https:\/\/rioonwatch.org.br\/?p=51737","og_locale":"pt_BR","og_type":"article","og_title":"Um Pacto Entre as Organiza\u00e7\u00f5es do Movimento Negro Brasileiro: A Coaliz\u00e3o Negra Por Direitos - RioOnWatch","og_description":"Click Here for English Esta \u00e9 a primeira mat\u00e9ria de uma s\u00e9rie de quatro sobre a Coaliz\u00e3o Negra por Direitos. No M\u00eas da Consci\u00eancia Negra, a s\u00e9rie traz \u00e0\u00a0luz mais um enfrentamento ao racismo protagonizado [...]","og_url":"https:\/\/rioonwatch.org.br\/?p=51737","og_site_name":"RioOnWatch","article_published_time":"2020-11-20T14:02:57+00:00","article_modified_time":"2024-05-24T15:34:35+00:00","og_image":[{"width":600,"height":400,"url":"https:\/\/rioonwatch.org.br\/wp-content\/uploads\/2020\/11\/onte-Faculdade-Florence.jpg","type":"image\/jpeg"}],"author":"Julio Santos Filho","twitter_card":"summary_large_image","twitter_misc":{"Escrito por":"Julio Santos Filho","Est. tempo de leitura":"9 minutos"},"schema":{"@context":"https:\/\/schema.org","@graph":[{"@type":"Article","@id":"https:\/\/rioonwatch.org.br\/?p=51737#article","isPartOf":{"@id":"https:\/\/rioonwatch.org.br\/?p=51737"},"author":{"name":"Julio Santos Filho","@id":"https:\/\/rioonwatch.org.br\/#\/schema\/person\/476bc75767957d3535b65b796667cd36"},"headline":"Um Pacto Entre as Organiza\u00e7\u00f5es do Movimento Negro Brasileiro: A Coaliz\u00e3o Negra Por Direitos","datePublished":"2020-11-20T14:02:57+00:00","dateModified":"2024-05-24T15:34:35+00:00","mainEntityOfPage":{"@id":"https:\/\/rioonwatch.org.br\/?p=51737"},"wordCount":1823,"publisher":{"@id":"https:\/\/rioonwatch.org.br\/#organization"},"image":{"@id":"https:\/\/rioonwatch.org.br\/?p=51737#primaryimage"},"thumbnailUrl":"https:\/\/rioonwatch.org.br\/wp-content\/uploads\/2020\/11\/onte-Faculdade-Florence.jpg","keywords":["\u00c1frica","Antirracismo","assassinato","Coaliz\u00e3o Negra por Direitos","coronav\u00edrus","Democracia","desigualdade","direito \u00e0 \u00e1gua","Direitos Humanos","g\u00eanero","genoc\u00eddio","George Floyd","IBGE","Jair Bolsonaro","Justi\u00e7a Global","juventude","Legado de Marielle","LGBTQIAPN+","M\u00eas da Consci\u00eancia Negra","mobiliza\u00e7\u00e3o","Movimento Moleque","Movimento negro","necropol\u00edtica","Nig\u00e9ria","Rede Contra Viol\u00eancia","S\u00e9rie: Coaliza\u00e7\u00e3o Negra","viol\u00eancia de Estado","viol\u00eancia policial","Zumbi dos Palmares"],"articleSection":["#Covid19NasFavelas","*Destaque","Formas de Apoiar","Pol\u00edticas","Sociedade Civil","Solu\u00e7\u00f5es"],"inLanguage":"pt-BR"},{"@type":"WebPage","@id":"https:\/\/rioonwatch.org.br\/?p=51737","url":"https:\/\/rioonwatch.org.br\/?p=51737","name":"Um Pacto Entre as Organiza\u00e7\u00f5es do Movimento Negro Brasileiro: A Coaliz\u00e3o Negra Por Direitos - RioOnWatch","isPartOf":{"@id":"https:\/\/rioonwatch.org.br\/#website"},"primaryImageOfPage":{"@id":"https:\/\/rioonwatch.org.br\/?p=51737#primaryimage"},"image":{"@id":"https:\/\/rioonwatch.org.br\/?p=51737#primaryimage"},"thumbnailUrl":"https:\/\/rioonwatch.org.br\/wp-content\/uploads\/2020\/11\/onte-Faculdade-Florence.jpg","datePublished":"2020-11-20T14:02:57+00:00","dateModified":"2024-05-24T15:34:35+00:00","breadcrumb":{"@id":"https:\/\/rioonwatch.org.br\/?p=51737#breadcrumb"},"inLanguage":"pt-BR","potentialAction":[{"@type":"ReadAction","target":["https:\/\/rioonwatch.org.br\/?p=51737"]}]},{"@type":"ImageObject","inLanguage":"pt-BR","@id":"https:\/\/rioonwatch.org.br\/?p=51737#primaryimage","url":"https:\/\/rioonwatch.org.br\/wp-content\/uploads\/2020\/11\/onte-Faculdade-Florence.jpg","contentUrl":"https:\/\/rioonwatch.org.br\/wp-content\/uploads\/2020\/11\/onte-Faculdade-Florence.jpg","width":600,"height":400},{"@type":"BreadcrumbList","@id":"https:\/\/rioonwatch.org.br\/?p=51737#breadcrumb","itemListElement":[{"@type":"ListItem","position":1,"name":"In\u00edcio","item":"https:\/\/rioonwatch.org.br\/"},{"@type":"ListItem","position":2,"name":"Um Pacto Entre as Organiza\u00e7\u00f5es do Movimento Negro Brasileiro: A Coaliz\u00e3o Negra Por Direitos"}]},{"@type":"WebSite","@id":"https:\/\/rioonwatch.org.br\/#website","url":"https:\/\/rioonwatch.org.br\/","name":"RioOnWatch","description":"relatos das favelas cariocas","publisher":{"@id":"https:\/\/rioonwatch.org.br\/#organization"},"potentialAction":[{"@type":"SearchAction","target":{"@type":"EntryPoint","urlTemplate":"https:\/\/rioonwatch.org.br\/?s={search_term_string}"},"query-input":{"@type":"PropertyValueSpecification","valueRequired":true,"valueName":"search_term_string"}}],"inLanguage":"pt-BR"},{"@type":"Organization","@id":"https:\/\/rioonwatch.org.br\/#organization","name":"RioOnWatch","url":"https:\/\/rioonwatch.org.br\/","logo":{"@type":"ImageObject","inLanguage":"pt-BR","@id":"https:\/\/rioonwatch.org.br\/#\/schema\/logo\/image\/","url":"https:\/\/rioonwatch.org.br\/wp-content\/uploads\/2021\/06\/RioOnWatchcabecalhoPT11anos-2.png","contentUrl":"https:\/\/rioonwatch.org.br\/wp-content\/uploads\/2021\/06\/RioOnWatchcabecalhoPT11anos-2.png","width":779,"height":277,"caption":"RioOnWatch"},"image":{"@id":"https:\/\/rioonwatch.org.br\/#\/schema\/logo\/image\/"}},{"@type":"Person","@id":"https:\/\/rioonwatch.org.br\/#\/schema\/person\/476bc75767957d3535b65b796667cd36","name":"Julio Santos Filho","image":{"@type":"ImageObject","inLanguage":"pt-BR","@id":"https:\/\/rioonwatch.org.br\/#\/schema\/person\/image\/","url":"https:\/\/secure.gravatar.com\/avatar\/ca138f7666182a292a8ce4ca14fb81f8?s=96&d=blank&r=g","contentUrl":"https:\/\/secure.gravatar.com\/avatar\/ca138f7666182a292a8ce4ca14fb81f8?s=96&d=blank&r=g","caption":"Julio Santos Filho"},"url":"https:\/\/rioonwatch.org.br\/?author=167"}]}},"_links":{"self":[{"href":"https:\/\/rioonwatch.org.br\/index.php?rest_route=\/wp\/v2\/posts\/51737"}],"collection":[{"href":"https:\/\/rioonwatch.org.br\/index.php?rest_route=\/wp\/v2\/posts"}],"about":[{"href":"https:\/\/rioonwatch.org.br\/index.php?rest_route=\/wp\/v2\/types\/post"}],"author":[{"embeddable":true,"href":"https:\/\/rioonwatch.org.br\/index.php?rest_route=\/wp\/v2\/users\/167"}],"replies":[{"embeddable":true,"href":"https:\/\/rioonwatch.org.br\/index.php?rest_route=%2Fwp%2Fv2%2Fcomments&post=51737"}],"version-history":[{"count":31,"href":"https:\/\/rioonwatch.org.br\/index.php?rest_route=\/wp\/v2\/posts\/51737\/revisions"}],"predecessor-version":[{"id":60556,"href":"https:\/\/rioonwatch.org.br\/index.php?rest_route=\/wp\/v2\/posts\/51737\/revisions\/60556"}],"wp:featuredmedia":[{"embeddable":true,"href":"https:\/\/rioonwatch.org.br\/index.php?rest_route=\/wp\/v2\/media\/51745"}],"wp:attachment":[{"href":"https:\/\/rioonwatch.org.br\/index.php?rest_route=%2Fwp%2Fv2%2Fmedia&parent=51737"}],"wp:term":[{"taxonomy":"category","embeddable":true,"href":"https:\/\/rioonwatch.org.br\/index.php?rest_route=%2Fwp%2Fv2%2Fcategories&post=51737"},{"taxonomy":"post_tag","embeddable":true,"href":"https:\/\/rioonwatch.org.br\/index.php?rest_route=%2Fwp%2Fv2%2Ftags&post=51737"},{"taxonomy":"writer","embeddable":true,"href":"https:\/\/rioonwatch.org.br\/index.php?rest_route=%2Fwp%2Fv2%2Fwriter&post=51737"},{"taxonomy":"translator","embeddable":true,"href":"https:\/\/rioonwatch.org.br\/index.php?rest_route=%2Fwp%2Fv2%2Ftranslator&post=51737"},{"taxonomy":"source","embeddable":true,"href":"https:\/\/rioonwatch.org.br\/index.php?rest_route=%2Fwp%2Fv2%2Fsource&post=51737"},{"taxonomy":"ilustrador","embeddable":true,"href":"https:\/\/rioonwatch.org.br\/index.php?rest_route=%2Fwp%2Fv2%2Filustrador&post=51737"},{"taxonomy":"fotografo","embeddable":true,"href":"https:\/\/rioonwatch.org.br\/index.php?rest_route=%2Fwp%2Fv2%2Ffotografo&post=51737"}],"curies":[{"name":"wp","href":"https:\/\/api.w.org\/{rel}","templated":true}]}}