{"id":51782,"date":"2020-11-23T15:07:33","date_gmt":"2020-11-23T18:07:33","guid":{"rendered":"https:\/\/rioonwatch.org.br\/?p=51782"},"modified":"2024-05-24T12:34:34","modified_gmt":"2024-05-24T15:34:34","slug":"manifestantes-protestam-em-frente-ao-carrefour-norte-shopping-contra-morte-de-joao-alberto-oquedizemasredes","status":"publish","type":"post","link":"https:\/\/rioonwatch.org.br\/?p=51782","title":{"rendered":"Manifestantes Protestam em Frente ao Carrefour Norte Shopping Contra Morte de Jo\u00e3o Alberto #OQueDizemAsRedes"},"content":{"rendered":"<p style=\"text-align: right;\"><em><strong><a href=\"https:\/\/bit.ly\/33gtelz\" target=\"_blank\" rel=\"noopener noreferrer\">Click Here for English<\/a><a href=\"https:\/\/bit.ly\/33gtelz\" target=\"_blank\" rel=\"noopener noreferrer\"><img decoding=\"async\" width=\"20\" height=\"20\" class=\"alignright wp-image-15790\" src=\"https:\/\/rioonwatch.org.br\/wp-content\/uploads\/2012\/08\/EN-standard-e1439583104716.jpg\" \/><\/a><\/strong><\/em><\/p>\n<p><em>Esta mat\u00e9ria faz parte da s\u00e9rie <a href=\"http:\/\/bit.ly\/2mWUr7d\" target=\"_blank\" rel=\"noopener noreferrer\">#OQueDizemAsRedes<\/a>\u00a0que traz pontos de vista publicados nas redes sociais, de moradores e ativistas de favela, sobre eventos e temas que surgem na sociedade.\u00a0<\/em><\/p>\n<h4><em><b>Ativistas come\u00e7aram protesto em frente ao supermercado do Norte Shopping e seguiram pela Avenida Dom H\u00e9lder C\u00e2mara<\/b><\/em><\/h4>\n<p>Cerca de 200 manifestantes protestaram na tarde de domingo (22\/11), \u00e0s 15h, em frente ao supermercado Carrefour Norte Shopping, <a href=\"http:\/\/bit.ly\/2ETpYR1\" target=\"_blank\" rel=\"noopener noreferrer\">Zona Norte<\/a> do Rio de Janeiro, contra o assassinato de <a href=\"https:\/\/glo.bo\/3lWDp6n\" target=\"_blank\" rel=\"noopener noreferrer\">Jo\u00e3o Alberto Silveira Freitas<\/a>, de 40 anos. Jo\u00e3o Beto, como era conhecido, foi espancado e morto por dois seguran\u00e7as brancos da empresa <a href=\"https:\/\/bit.ly\/2UQkP3N\" target=\"_blank\" rel=\"noopener noreferrer\">Grupo Vector<\/a>, que presta servi\u00e7o de seguran\u00e7a patrimonial para a Rede Carrefour, na v\u00e9spera do <a href=\"http:\/\/bit.ly\/2kF9cOy\" target=\"_blank\" rel=\"noopener noreferrer\">Dia da Consci\u00eancia Negra<\/a>, \u00faltima quinta-feira. Ativistas ergueiram faixas e cartazes em tr\u00eas l\u00ednguas\u2014portugu\u00eas, ingl\u00eas e franc\u00eas\u2014e leram discursos nos tr\u00eas idiomas.<\/p>\n<blockquote class=\"twitter-tweet\">\n<p dir=\"ltr\" lang=\"fr\">Un autre homme noir a \u00e9t\u00e9 brutalement assassin\u00e9 au Br\u00e9sil alors qu&#8217;il se trouvait dans un supermarch\u00e9.<br \/>\nNous ne pouvons pas supporter l&#8217;assassinat de Noirs et nous exigeons que le PDG NOEL PRIOUX prenne la responsabilit\u00e9 de plusieurs violations contre des Noirs au supermarch\u00e9. <a href=\"https:\/\/t.co\/yea5C67cFt\">pic.twitter.com\/yea5C67cFt<\/a><\/p>\n<p>\u2014 SUZANE (@zanesust) <a href=\"https:\/\/twitter.com\/zanesust\/status\/1330674382289645568?ref_src=twsrc%5Etfw\">November 23, 2020<\/a><\/p><\/blockquote>\n<p><script async src=\"https:\/\/platform.twitter.com\/widgets.js\" charset=\"utf-8\"><\/script><\/p>\n<p>Cartazes com frases de protesto como &#8220;<a href=\"https:\/\/bit.ly\/2XpQ6wv\" target=\"_blank\" rel=\"noopener noreferrer\">Vidas Negras Importam<\/a>&#8220;, &#8220;<a href=\"http:\/\/bit.ly\/2Wy3gJj\" target=\"_blank\" rel=\"noopener noreferrer\">Parem de Nos Matar<\/a>&#8220;, &#8220;Justi\u00e7a para Beto! Carrefour tem as m\u00e3os sujas de sangue negro&#8221;, foram erguidos pelos manifestantes, e as frases foram gritadas a todo momento. A principal reivindica\u00e7\u00e3o dos atos antirracistas contra a morte de Jo\u00e3o Alberto Freitas\u2014que <a href=\"https:\/\/glo.bo\/2UZ2QrP\" target=\"_blank\" rel=\"noopener noreferrer\">segundo o laudo da per\u00edcia<\/a>, foi morto por asfixia diante da mulher, Milena, que <a href=\"https:\/\/bit.ly\/3kVWuEp\" target=\"_blank\" rel=\"noopener noreferrer\">cobra justi\u00e7a<\/a>\u2014\u00e9 a demiss\u00e3o do CEO da Rede Carrefour no Brasil, Noel Prioux.<\/p>\n<blockquote class=\"twitter-tweet\">\n<p dir=\"ltr\" lang=\"pt\">JO\u00c3O ALBERTO IMPORTA!<\/p>\n<p>N\u00f3s exigimos que o CEO NOEL PRIOUX se responsabilize pelas mortes de pessoas negras no mercado CARREFOUR.<br \/>\nEnquanto o NOEL PRIOUX n\u00e3o for demitido, estaremos por todos os mercados Carrefour do Brasil.<a href=\"https:\/\/twitter.com\/hashtag\/CarrefourAssassino?src=hash&amp;ref_src=twsrc%5Etfw\">#CarrefourAssassino<\/a> <a href=\"https:\/\/twitter.com\/hashtag\/ForaNoelPrioux?src=hash&amp;ref_src=twsrc%5Etfw\">#ForaNoelPrioux<\/a><a href=\"https:\/\/twitter.com\/RicardoNandes?ref_src=twsrc%5Etfw\">@RicardoNandes<\/a> <a href=\"https:\/\/t.co\/LxNZpCYvqT\">pic.twitter.com\/LxNZpCYvqT<\/a><\/p>\n<p>\u2014 SUZANE (@zanesust) <a href=\"https:\/\/twitter.com\/zanesust\/status\/1330649867039944713?ref_src=twsrc%5Etfw\">November 22, 2020<\/a><\/p><\/blockquote>\n<p><script async src=\"https:\/\/platform.twitter.com\/widgets.js\" charset=\"utf-8\"><\/script><\/p>\n<p>No s\u00e1bado, <a href=\"https:\/\/bit.ly\/36Y2p6R\" target=\"_blank\" rel=\"noopener noreferrer\">Noel Prioux gravou em v\u00eddeo um comunicado<\/a> divulgado em hor\u00e1rio nobre, por volta das 21h, na televis\u00e3o aberta. No comunicado lamentou a morte do soldador Jo\u00e3o Beto, afirmando que: \u201cO que aconteceu na loja do Carrefour foi uma trag\u00e9dia de dimens\u00f5es incalcul\u00e1veis\u201d. No ato de domingo no Rio de Janeiro, uma placa que dizia \u201cestamos funcionando normalmente&#8221; foi pichada e transformada em &#8220;estamos matando normalmente&#8221;.<\/p>\n<p>O crime foi cometido diante das c\u00e2meras de celulares de clientes, que publicaram a imagem da cena nas redes sociais. Uma funcion\u00e1ria branca tamb\u00e9m da rede Carrefour filmou todo o ato criminoso dos seguran\u00e7as, mas ela tentou intimidar e impedir a grava\u00e7\u00e3o da cena pelas testemunhas, ao menos quinze. O ato de den\u00fancia do racismo, realizado em frente \u00e0 loja Carrefour Norte Shopping, se <a href=\"https:\/\/bit.ly\/36VBxo4\" target=\"_blank\" rel=\"noopener noreferrer\">somou a atos em seis cidades<\/a> contra a rede no Brasil.<\/p>\n<p><a href=\"https:\/\/rioonwatch.org.br\/wp-content\/uploads\/2020\/11\/Noel-Prioux-carrefour-divulgacao-New-Trade.jpg\"><img fetchpriority=\"high\" decoding=\"async\" class=\"aligncenter wp-image-51788 size-medium\" title=\"CEO da Rede Carrefour no Brasil Noel Prioux\" src=\"https:\/\/rioonwatch.org.br\/wp-content\/uploads\/2020\/11\/Noel-Prioux-carrefour-divulgacao-New-Trade-620x355.jpg\" alt=\"\" width=\"620\" height=\"355\" srcset=\"https:\/\/rioonwatch.org.br\/wp-content\/uploads\/2020\/11\/Noel-Prioux-carrefour-divulgacao-New-Trade-620x355.jpg 620w, https:\/\/rioonwatch.org.br\/wp-content\/uploads\/2020\/11\/Noel-Prioux-carrefour-divulgacao-New-Trade-460x264.jpg 460w, https:\/\/rioonwatch.org.br\/wp-content\/uploads\/2020\/11\/Noel-Prioux-carrefour-divulgacao-New-Trade.jpg 750w\" sizes=\"(max-width: 620px) 100vw, 620px\" \/><\/a><\/p>\n<p>\u201cTodo mundo sangra com a mesma cor, mas nem todo mundo sangra por ter cor no Brasil, somente n\u00f3s negros. Vidas Negras Importam!&#8221;, protestou Seimour Souza, coordenador da <a href=\"https:\/\/bit.ly\/3nDdSiT\" target=\"_blank\" rel=\"noopener noreferrer\">Uneafro-RJ<\/a> e assessor parlamentar.<\/p>\n<p>&#8220;What am I gonna do? I need to fight! It&#8217;s a message for you #CarrefourMurderer. My Black Skin is power. So listen to me: Stop killing me!&#8221; #BlackLivesMatter\u201d, discursou uma das manifestantes, em ingl\u00eas.<\/p>\n<p>O protesto come\u00e7ou em frente ao supermercado, diante de um port\u00e3o fechado que dizia estar &#8220;em manuten\u00e7\u00e3o&#8221;. Com isso, os ativistas n\u00e3o conseguiram entrar dentro da loja para protestar e se mantiveram em frente a porta principal do supermercado. Uma lojista comentou no Twitter que, no dia anterior, as portas do estabelecimento funcionavam normalmente.<\/p>\n<blockquote class=\"twitter-tweet\">\n<p dir=\"ltr\" lang=\"pt\">As portas n\u00e3o est\u00e3o em manuten\u00e7\u00e3o<br \/>\nOntem todas elas estavam funcionando<br \/>\nTrabalho na frente do mercado<br \/>\nEles mentem<\/p>\n<p>\u2014 Ana Carvalho (@Ana_carol_2205) <a href=\"https:\/\/twitter.com\/Ana_carol_2205\/status\/1330594678480232451?ref_src=twsrc%5Etfw\">November 22, 2020<\/a><\/p><\/blockquote>\n<p><script async src=\"https:\/\/platform.twitter.com\/widgets.js\" charset=\"utf-8\"><\/script><\/p>\n<p>\u00c0s 16h, o supermercado foi totalmente fechado e o grupo come\u00e7ou a circular pelo shopping, gritando &#8220;Assassino Carrefour&#8221;. Muitos dos clientes do shopping aderiram a manifesta\u00e7\u00e3o e se juntaram ao grupo, passando a circular com os ativistas. O protesto n\u00e3o teve qualquer ato violento pelos manifestantes.<\/p>\n<blockquote class=\"instagram-media\" style=\"background: #FFF; border: 0; border-radius: 3px; box-shadow: 0 0 1px 0 rgba(0,0,0,0.5),0 1px 10px 0 rgba(0,0,0,0.15); margin: 1px; max-width: 540px; min-width: 326px; padding: 0; width: calc(100% - 2px);\" data-instgrm-captioned=\"\" data-instgrm-permalink=\"https:\/\/www.instagram.com\/reel\/CH596quJChz\/?utm_source=ig_embed&amp;utm_campaign=loading\" data-instgrm-version=\"13\">\n<div style=\"padding: 16px;\">\n<p>&nbsp;<\/p>\n<div style=\"display: flex; flex-direction: row; align-items: center;\">\n<div style=\"background-color: #f4f4f4; border-radius: 50%; flex-grow: 0; height: 40px; margin-right: 14px; width: 40px;\"><\/div>\n<div style=\"display: flex; flex-direction: column; flex-grow: 1; justify-content: center;\">\n<div style=\"background-color: #f4f4f4; border-radius: 4px; flex-grow: 0; height: 14px; margin-bottom: 6px; width: 100px;\"><\/div>\n<div style=\"background-color: #f4f4f4; border-radius: 4px; flex-grow: 0; height: 14px; width: 60px;\"><\/div>\n<\/div>\n<\/div>\n<div style=\"padding: 19% 0;\"><\/div>\n<div style=\"display: block; height: 50px; margin: 0 auto 12px; width: 50px;\"><\/div>\n<div style=\"padding-top: 8px;\">\n<div style=\"color: #3897f0; font-family: Arial,sans-serif; font-size: 14px; font-style: normal; font-weight: 550; line-height: 18px;\">Ver essa foto no Instagram<\/div>\n<\/div>\n<div style=\"padding: 12.5% 0;\"><\/div>\n<div style=\"display: flex; flex-direction: row; margin-bottom: 14px; align-items: center;\">\n<div>\n<div style=\"background-color: #f4f4f4; border-radius: 50%; height: 12.5px; width: 12.5px; transform: translateX(0px) translateY(7px);\"><\/div>\n<div style=\"background-color: #f4f4f4; height: 12.5px; transform: rotate(-45deg) translateX(3px) translateY(1px); width: 12.5px; flex-grow: 0; margin-right: 14px; margin-left: 2px;\"><\/div>\n<div style=\"background-color: #f4f4f4; border-radius: 50%; height: 12.5px; width: 12.5px; transform: translateX(9px) translateY(-18px);\"><\/div>\n<\/div>\n<div style=\"margin-left: 8px;\">\n<div style=\"background-color: #f4f4f4; border-radius: 50%; flex-grow: 0; height: 20px; width: 20px;\"><\/div>\n<div style=\"width: 0; height: 0; border-top: 2px solid transparent; border-left: 6px solid #f4f4f4; border-bottom: 2px solid transparent; transform: translateX(16px) translateY(-4px) rotate(30deg);\"><\/div>\n<\/div>\n<div style=\"margin-left: auto;\">\n<div style=\"width: 0px; border-top: 8px solid #F4F4F4; border-right: 8px solid transparent; transform: translateY(16px);\"><\/div>\n<div style=\"background-color: #f4f4f4; flex-grow: 0; height: 12px; width: 16px; transform: translateY(-4px);\"><\/div>\n<div style=\"width: 0; height: 0; border-top: 8px solid #F4F4F4; border-left: 8px solid transparent; transform: translateY(-4px) translateX(8px);\"><\/div>\n<\/div>\n<\/div>\n<div style=\"display: flex; flex-direction: column; flex-grow: 1; justify-content: center; margin-bottom: 24px;\">\n<div style=\"background-color: #f4f4f4; border-radius: 4px; flex-grow: 0; height: 14px; margin-bottom: 6px; width: 224px;\"><\/div>\n<div style=\"background-color: #f4f4f4; border-radius: 4px; flex-grow: 0; height: 14px; width: 144px;\"><\/div>\n<\/div>\n<p>&nbsp;<\/p>\n<p style=\"color: #c9c8cd; font-family: Arial,sans-serif; font-size: 14px; line-height: 17px; margin-bottom: 0; margin-top: 8px; overflow: hidden; padding: 8px 0 7px; text-align: center; text-overflow: ellipsis; white-space: nowrap;\"><a style=\"color: #c9c8cd; font-family: Arial,sans-serif; font-size: 14px; font-style: normal; font-weight: normal; line-height: 17px; text-decoration: none;\" href=\"https:\/\/www.instagram.com\/reel\/CH596quJChz\/?utm_source=ig_embed&amp;utm_campaign=loading\" target=\"_blank\" rel=\"noopener noreferrer\">Uma publica\u00e7\u00e3o compartilhada por Renata Souza (@renatasouzario)<\/a><\/p>\n<\/div>\n<\/blockquote>\n<p><script async src=\"\/\/www.instagram.com\/embed.js\"><\/script><br \/>\n\u201cN\u00f3s temos voz e a gente fez ela ser ouvida em ingl\u00eas, franc\u00eas e portugu\u00eas. Se eles n\u00e3o ouvem, a gente grita e nosso grito \u00e9 organizado. Parem de nos matar! Vamos gritar em quantos idiomas forem necess\u00e1rios. Eu estou aqui para pedir respeito aos nossos corpos e ao nosso sangue. N\u00e3o s\u00f3 no dia 20 [Dia da Consci\u00eancia Negra], mas no dia 19, 18, porque o assassinato de Beto mostra como nossa luta e nossos corpos precisam de paz todos os dias\u201d, disse Renata Nunes, moradora da <a href=\"http:\/\/bit.ly\/2rF8MuX\" target=\"_blank\" rel=\"noopener noreferrer\">Cidade de Deus<\/a>, na <a href=\"http:\/\/bit.ly\/2x3k8bw\" target=\"_blank\" rel=\"noopener noreferrer\">Zona Oeste<\/a>, em live pelo canal do <a href=\"https:\/\/bit.ly\/3fpNjee\" target=\"_blank\" rel=\"noopener noreferrer\">Instagram @JotaMarques<\/a>.<\/p>\n<p>\u201cA gente s\u00f3 tem no\u00e7\u00e3o do caso do Beto, que ele foi assassinato sem contesta\u00e7\u00e3o, <a href=\"https:\/\/bit.ly\/33a0meG\" target=\"_blank\" rel=\"noopener noreferrer\">porque algu\u00e9m filmou<\/a> ao mesmo tempo que uma funcion\u00e1ria branca estava filmando a cena de forma criminosa. Filmar \u00e9 importante para denunciar esses fatos violentos. Foi s\u00f3 com o v\u00eddeo que a gente conseguiu fazer isso: botar o povo na rua, mostrando que racismo existe. E n\u00e3o tem volta, a viol\u00eancia racista n\u00e3o passar\u00e1! Chega de <a href=\"https:\/\/bit.ly\/3eDUuOC\" target=\"_blank\" rel=\"noopener noreferrer\">genoc\u00eddio<\/a> do povo preto\u201d, afirmou <a href=\"http:\/\/bit.ly\/2F7s1Bl\" target=\"_blank\" rel=\"noopener noreferrer\">Raull Santiago<\/a>, ativista de direitos humanos e integrante do <a href=\"http:\/\/bit.ly\/2PbPnwV\" target=\"_blank\" rel=\"noopener noreferrer\">Coletivo Papo Reto<\/a>.<\/p>\n<p><a href=\"https:\/\/rioonwatch.org.br\/wp-content\/uploads\/2020\/11\/Manifestantes-comecaram-protesto-em-frente-ao-supermercado-Carrefour-do-Norte-Shopping-e-seguiram-pela-Dom-Helder-Camara-\u2014-Foto_Barbara-Carvalho_GloboNews.jpeg\"><img decoding=\"async\" class=\"aligncenter wp-image-51783 size-medium\" title=\"Manifestantes em protesto antirracista contra Carrefour do Norte Shopping no Rio. Foto Barbara Carvalho, GloboNews\" src=\"https:\/\/rioonwatch.org.br\/wp-content\/uploads\/2020\/11\/Manifestantes-comecaram-protesto-em-frente-ao-supermercado-Carrefour-do-Norte-Shopping-e-seguiram-pela-Dom-Helder-Camara-\u2014-Foto_Barbara-Carvalho_GloboNews-620x465.jpeg\" alt=\"\" width=\"620\" height=\"465\" srcset=\"https:\/\/rioonwatch.org.br\/wp-content\/uploads\/2020\/11\/Manifestantes-comecaram-protesto-em-frente-ao-supermercado-Carrefour-do-Norte-Shopping-e-seguiram-pela-Dom-Helder-Camara-\u2014-Foto_Barbara-Carvalho_GloboNews-620x465.jpeg 620w, https:\/\/rioonwatch.org.br\/wp-content\/uploads\/2020\/11\/Manifestantes-comecaram-protesto-em-frente-ao-supermercado-Carrefour-do-Norte-Shopping-e-seguiram-pela-Dom-Helder-Camara-\u2014-Foto_Barbara-Carvalho_GloboNews-352x264.jpeg 352w, https:\/\/rioonwatch.org.br\/wp-content\/uploads\/2020\/11\/Manifestantes-comecaram-protesto-em-frente-ao-supermercado-Carrefour-do-Norte-Shopping-e-seguiram-pela-Dom-Helder-Camara-\u2014-Foto_Barbara-Carvalho_GloboNews-768x576.jpeg 768w, https:\/\/rioonwatch.org.br\/wp-content\/uploads\/2020\/11\/Manifestantes-comecaram-protesto-em-frente-ao-supermercado-Carrefour-do-Norte-Shopping-e-seguiram-pela-Dom-Helder-Camara-\u2014-Foto_Barbara-Carvalho_GloboNews-174x131.jpeg 174w, https:\/\/rioonwatch.org.br\/wp-content\/uploads\/2020\/11\/Manifestantes-comecaram-protesto-em-frente-ao-supermercado-Carrefour-do-Norte-Shopping-e-seguiram-pela-Dom-Helder-Camara-\u2014-Foto_Barbara-Carvalho_GloboNews-300x225.jpeg 300w, https:\/\/rioonwatch.org.br\/wp-content\/uploads\/2020\/11\/Manifestantes-comecaram-protesto-em-frente-ao-supermercado-Carrefour-do-Norte-Shopping-e-seguiram-pela-Dom-Helder-Camara-\u2014-Foto_Barbara-Carvalho_GloboNews-70x53.jpeg 70w, https:\/\/rioonwatch.org.br\/wp-content\/uploads\/2020\/11\/Manifestantes-comecaram-protesto-em-frente-ao-supermercado-Carrefour-do-Norte-Shopping-e-seguiram-pela-Dom-Helder-Camara-\u2014-Foto_Barbara-Carvalho_GloboNews.jpeg 1008w\" sizes=\"(max-width: 620px) 100vw, 620px\" \/><\/a><\/p>\n<p>Diversos manifestantes pediam nas lives de cobertura do protesto para os espectadores seguirem acompanhando a transmiss\u00e3o para seguran\u00e7a dos ativistas a partir da visibilidade. Depois de caminharem pelos corredores do Norte Shopping, seguiram em dire\u00e7\u00e3o a Avenida Dom H\u00e9lder C\u00e2mara, uma das principais vias da regi\u00e3o, que d\u00e1 acesso a principal entrada do shopping, \u00e0s 17h, entoando: \u201c<a href=\"http:\/\/bit.ly\/2ZubT41\" target=\"_blank\" rel=\"noopener noreferrer\">Marielle<\/a> perguntou e eu tamb\u00e9m vou perguntar: Quantos mais v\u00e3o ter que morrer para essa guerra acabar?!\u201d.<\/p>\n<blockquote class=\"twitter-tweet\">\n<p dir=\"ltr\" lang=\"pt\">Ato em frente ao <a href=\"https:\/\/twitter.com\/hashtag\/CarrefourAssassino?src=hash&amp;ref_src=twsrc%5Etfw\">#CarrefourAssassino<\/a> do Norte Shopping. Manifesto lido por <a href=\"https:\/\/twitter.com\/seimour_s?ref_src=twsrc%5Etfw\">@seimour_s<\/a> por justi\u00e7a para Jo\u00e3o Alberto relembra o sufocamento que matou Pedro Gonzaga no Supermercado Extra no Rio de Janeiro. <a href=\"https:\/\/twitter.com\/hashtag\/VidasNegrasImportam?src=hash&amp;ref_src=twsrc%5Etfw\">#VidasNegrasImportam<\/a> <a href=\"https:\/\/twitter.com\/hashtag\/paremdenosmatar?src=hash&amp;ref_src=twsrc%5Etfw\">#paremdenosmatar<\/a> <a href=\"https:\/\/twitter.com\/hashtag\/justicaporbeto?src=hash&amp;ref_src=twsrc%5Etfw\">#justicaporbeto<\/a> <a href=\"https:\/\/t.co\/OXD1tACb1M\">pic.twitter.com\/OXD1tACb1M<\/a><\/p>\n<p>\u2014 Renata Souza &#8211; Boulos e Erundina 50 (@renatasouzario) <a href=\"https:\/\/twitter.com\/renatasouzario\/status\/1330600966408777728?ref_src=twsrc%5Etfw\">November 22, 2020<\/a><\/p><\/blockquote>\n<p><script async src=\"https:\/\/platform.twitter.com\/widgets.js\" charset=\"utf-8\"><\/script><\/p>\n<h3>Coaliz\u00e3o Negra Por Direitos Exige Investiga\u00e7\u00e3o do MPF<\/h3>\n<p>A <a href=\"https:\/\/bit.ly\/3pLjJ7J\" target=\"_blank\" rel=\"noopener noreferrer\">Coaliz\u00e3o Negra por Direitos<\/a>, articula\u00e7\u00e3o que re\u00fane 160 organiza\u00e7\u00f5es e coletivos do movimento negro e antirracista de todo o Brasil, entrou com representa\u00e7\u00e3o no Minist\u00e9rio P\u00fablico Federal (<a href=\"https:\/\/bit.ly\/398pFll\" target=\"_blank\" rel=\"noopener noreferrer\">MPF<\/a>) e no <a href=\"https:\/\/bit.ly\/394CEEF\" target=\"_blank\" rel=\"noopener noreferrer\">Minist\u00e9rio P\u00fablico do Rio Grande do Sul<\/a> para investiga\u00e7\u00e3o da morte de Jo\u00e3o Alberto Silveira Freitas, de acordo com <a href=\"https:\/\/bit.ly\/2KAO1Kt\" target=\"_blank\" rel=\"noopener noreferrer\">not\u00edcia do portal <em>UOL<\/em><\/a>. Em <a href=\"https:\/\/bit.ly\/3kVnfsr\" target=\"_blank\" rel=\"noopener noreferrer\">nota de rep\u00fadio<\/a> publicada no domingo (22\/11), a Coaliz\u00e3o afirma que racismo no Carrefour \u00e9 um caso recorrente.<\/p>\n<p><a href=\"https:\/\/rioonwatch.org.br\/wp-content\/uploads\/2020\/11\/coalizao-negra-carrefour.jpeg\"><img loading=\"lazy\" decoding=\"async\" class=\"aligncenter size-medium wp-image-51786\" src=\"https:\/\/rioonwatch.org.br\/wp-content\/uploads\/2020\/11\/coalizao-negra-carrefour-620x620.jpeg\" alt=\"\" width=\"620\" height=\"620\" srcset=\"https:\/\/rioonwatch.org.br\/wp-content\/uploads\/2020\/11\/coalizao-negra-carrefour-620x620.jpeg 620w, https:\/\/rioonwatch.org.br\/wp-content\/uploads\/2020\/11\/coalizao-negra-carrefour.jpeg 1024w, https:\/\/rioonwatch.org.br\/wp-content\/uploads\/2020\/11\/coalizao-negra-carrefour-264x264.jpeg 264w, https:\/\/rioonwatch.org.br\/wp-content\/uploads\/2020\/11\/coalizao-negra-carrefour-768x768.jpeg 768w\" sizes=\"(max-width: 620px) 100vw, 620px\" \/><\/a><\/p>\n<blockquote><p>\u201cO v\u00eddeo que circula nas redes sociais n\u00e3o deixa d\u00favidas sobre a covardia do ocorrido. Dois seguran\u00e7as do supermercado Carrefour, sob o olhar de um policial militar fora de servi\u00e7o, espancam at\u00e9 a morte um homem negro sem nenhuma possibilidade objetiva de se defender. N\u00e3o \u00e9 a primeira vez, a rede de supermercados Carrefour \u00e9 reincidente em casos de viol\u00eancia racial, e portanto precisa ser responsabilizado por essas pr\u00e1ticas\u201d, diz a nota.<\/p><\/blockquote>\n<p><a href=\"https:\/\/bit.ly\/3kVeJtA\" target=\"_blank\" rel=\"noopener noreferrer\">Wania Sant&#8217;anna<\/a>, 50, historiadora e pesquisadora de g\u00eanero e rela\u00e7\u00f5es raciais, integrante da operativa da Coaliz\u00e3o Negra do Rio de Janeiro, representando a Casa <a href=\"https:\/\/bit.ly\/3kSbuD7\" target=\"_blank\" rel=\"noopener noreferrer\">Il\u00ea Omolu Oxum<\/a>, afirma: \u201c\u00c9 um problema grave a terceiriza\u00e7\u00e3o da seguran\u00e7a patrimonial em empresas de varejo. Trabalhei por mais de dez anos como consultora de diversidade para grandes empresas e digo que \u00e9 um esc\u00e2ndalo o quadro. Empresas de seguran\u00e7a privada contratam profissionais que trabalham de bico, eles n\u00e3o s\u00e3o treinados ou recebem qualquer orienta\u00e7\u00e3o de direitos humanos\u201d.<\/p>\n<p>&#8220;Eu n\u00e3o quero saber se o Carrefour tem mais de 50 funcion\u00e1rios negros. Eu quero saber quanto ele lucra e quanto ele paga para sua seguran\u00e7a patrimonial, que tipo de treinamento d\u00e1. Abrir a loja duas horas mais tarde dizendo que vai dar treinamento antirracista n\u00e3o \u00e9 solu\u00e7\u00e3o\u201d, completa Wania.<\/p>\n<p><a href=\"https:\/\/rioonwatch.org.br\/wp-content\/uploads\/2020\/11\/Charge-Latuff.jpg\"><img loading=\"lazy\" decoding=\"async\" class=\"aligncenter size-medium wp-image-51791\" src=\"https:\/\/rioonwatch.org.br\/wp-content\/uploads\/2020\/11\/Charge-Latuff-620x376.jpg\" alt=\"\" width=\"620\" height=\"376\" srcset=\"https:\/\/rioonwatch.org.br\/wp-content\/uploads\/2020\/11\/Charge-Latuff-620x376.jpg 620w, https:\/\/rioonwatch.org.br\/wp-content\/uploads\/2020\/11\/Charge-Latuff-1024x622.jpg 1024w, https:\/\/rioonwatch.org.br\/wp-content\/uploads\/2020\/11\/Charge-Latuff-435x264.jpg 435w, https:\/\/rioonwatch.org.br\/wp-content\/uploads\/2020\/11\/Charge-Latuff-768x466.jpg 768w, https:\/\/rioonwatch.org.br\/wp-content\/uploads\/2020\/11\/Charge-Latuff.jpg 1280w\" sizes=\"(max-width: 620px) 100vw, 620px\" \/><\/a><\/p>\n<p>Para ela, o supermercado deve ser responsabilizado criminalmente pela morte de Jo\u00e3o Alberto Silveira Freitas. \u201cO Carrefour \u00e9 respons\u00e1vel por um caso de assassinato. Ele sai andando levado por um seguran\u00e7a quando estava de frente ao caixa. Ele \u00e9 conduzido at\u00e9 o estacionamento e ali ele \u00e9 <a href=\"https:\/\/bit.ly\/33a0meG\" target=\"_blank\" rel=\"noopener noreferrer\">agredido violentamente e excessivamente at\u00e9 morrer<\/a>\u201d.<\/p>\n<hr \/>\n<h4><strong>Apoie nossos esfor\u00e7os para fornecer assist\u00eancia estrat\u00e9gica \u00e0s favelas do Rio durante a pandemia da Covid-19, incluindo o jornalismo hiperlocal, cr\u00edtico, inovador e incans\u00e1vel do\u00a0<em>RioOnWatch<\/em><\/strong>\u2014<a href=\"http:\/\/bit.ly\/CatalisandoComunidades\">doe aqui<\/a>.<\/h4>\n<!-- AddThis Advanced Settings generic via filter on the_content --><!-- AddThis Share Buttons generic via filter on the_content -->","protected":false},"excerpt":{"rendered":"<div class=\"mh-excerpt\"><p>Click Here for English Esta mat\u00e9ria faz parte da s\u00e9rie #OQueDizemAsRedes\u00a0que traz pontos de vista publicados nas redes sociais, de moradores e ativistas de favela, sobre eventos e temas que surgem na sociedade.\u00a0 Ativistas come\u00e7aram <a class=\"mh-excerpt-more\" href=\"https:\/\/rioonwatch.org.br\/?p=51782\" title=\"Manifestantes Protestam em Frente ao Carrefour Norte Shopping Contra Morte de Jo\u00e3o Alberto #OQueDizemAsRedes\">[&#8230;]<\/a><!-- AddThis Advanced Settings generic via filter on get_the_excerpt --><!-- AddThis Share Buttons generic via filter on get_the_excerpt --><\/p>\n<\/div>","protected":false},"author":167,"featured_media":51784,"comment_status":"closed","ping_status":"closed","sticky":false,"template":"","format":"standard","meta":{"_acf_changed":false,"_monsterinsights_skip_tracking":false,"_monsterinsights_sitenote_active":false,"_monsterinsights_sitenote_note":"","_monsterinsights_sitenote_category":0,"footnotes":""},"categories":[1627,346,1612,1638],"tags":[943,3253,1259,554,2954,922,2699,1418,2033,915,763,1810,30,218,184],"writer":[2800],"translator":[],"source":[],"ilustrador":[],"fotografo":[],"class_list":{"0":"post-51782","1":"post","2":"type-post","3":"status-publish","4":"format-standard","5":"has-post-thumbnail","7":"category-relato-de-evento","8":"category-denuncias","9":"category-sociedade-civil","10":"category-video","11":"tag-oquedizemasredes","12":"tag-antirracismo","13":"tag-assassinato","14":"tag-cidade-de-deus","15":"tag-coalizao-negra-por-direitos","16":"tag-evento","17":"tag-genocidio","18":"tag-coletivo-papo-reto","19":"tag-marielle-franco","20":"tag-mes-da-consciencia-negra","21":"tag-protesto","22":"tag-video","23":"tag-violencia","24":"tag-zona-norte","25":"tag-zona-oeste","26":"writer-tatiana-lima"},"acf":[],"yoast_head":"<!-- This site is optimized with the Yoast SEO plugin v25.6 - https:\/\/yoast.com\/wordpress\/plugins\/seo\/ -->\n<title>Manifestantes Protestam em Frente ao Carrefour Norte Shopping Contra Morte de Jo\u00e3o Alberto #OQueDizemAsRedes - RioOnWatch<\/title>\n<meta name=\"robots\" content=\"index, follow, max-snippet:-1, max-image-preview:large, max-video-preview:-1\" \/>\n<link rel=\"canonical\" href=\"https:\/\/rioonwatch.org.br\/?p=51782\" \/>\n<meta property=\"og:locale\" content=\"pt_BR\" \/>\n<meta property=\"og:type\" content=\"article\" \/>\n<meta property=\"og:title\" content=\"Manifestantes Protestam em Frente ao Carrefour Norte Shopping Contra Morte de Jo\u00e3o Alberto #OQueDizemAsRedes - RioOnWatch\" \/>\n<meta property=\"og:description\" content=\"Click Here for English Esta mat\u00e9ria faz parte da s\u00e9rie #OQueDizemAsRedes\u00a0que traz pontos de vista publicados nas redes sociais, de moradores e ativistas de favela, sobre eventos e temas que surgem na sociedade.\u00a0 Ativistas come\u00e7aram [...]\" \/>\n<meta property=\"og:url\" content=\"https:\/\/rioonwatch.org.br\/?p=51782\" \/>\n<meta property=\"og:site_name\" content=\"RioOnWatch\" \/>\n<meta property=\"article:published_time\" content=\"2020-11-23T18:07:33+00:00\" \/>\n<meta property=\"article:modified_time\" content=\"2024-05-24T15:34:34+00:00\" \/>\n<meta property=\"og:image\" content=\"https:\/\/rioonwatch.org.br\/wp-content\/uploads\/2020\/11\/JORGE-HELY_FRAMEPHOTO_ESTADAO-CONTEUDO-2.jpeg\" \/>\n\t<meta property=\"og:image:width\" content=\"900\" \/>\n\t<meta property=\"og:image:height\" content=\"595\" \/>\n\t<meta property=\"og:image:type\" content=\"image\/jpeg\" \/>\n<meta name=\"author\" content=\"Julio Santos Filho\" \/>\n<meta name=\"twitter:card\" content=\"summary_large_image\" \/>\n<meta name=\"twitter:label1\" content=\"Escrito por\" \/>\n\t<meta name=\"twitter:data1\" content=\"Julio Santos Filho\" \/>\n\t<meta name=\"twitter:label2\" content=\"Est. tempo de leitura\" \/>\n\t<meta name=\"twitter:data2\" content=\"7 minutos\" \/>\n<script type=\"application\/ld+json\" class=\"yoast-schema-graph\">{\"@context\":\"https:\/\/schema.org\",\"@graph\":[{\"@type\":\"Article\",\"@id\":\"https:\/\/rioonwatch.org.br\/?p=51782#article\",\"isPartOf\":{\"@id\":\"https:\/\/rioonwatch.org.br\/?p=51782\"},\"author\":{\"name\":\"Julio Santos Filho\",\"@id\":\"https:\/\/rioonwatch.org.br\/#\/schema\/person\/476bc75767957d3535b65b796667cd36\"},\"headline\":\"Manifestantes Protestam em Frente ao Carrefour Norte Shopping Contra Morte de Jo\u00e3o Alberto #OQueDizemAsRedes\",\"datePublished\":\"2020-11-23T18:07:33+00:00\",\"dateModified\":\"2024-05-24T15:34:34+00:00\",\"mainEntityOfPage\":{\"@id\":\"https:\/\/rioonwatch.org.br\/?p=51782\"},\"wordCount\":1463,\"publisher\":{\"@id\":\"https:\/\/rioonwatch.org.br\/#organization\"},\"image\":{\"@id\":\"https:\/\/rioonwatch.org.br\/?p=51782#primaryimage\"},\"thumbnailUrl\":\"https:\/\/rioonwatch.org.br\/wp-content\/uploads\/2020\/11\/JORGE-HELY_FRAMEPHOTO_ESTADAO-CONTEUDO-2.jpeg\",\"keywords\":[\"#OQueDizemAsRedes\",\"Antirracismo\",\"assassinato\",\"Cidade de Deus\",\"Coaliz\u00e3o Negra por Direitos\",\"evento\",\"genoc\u00eddio\",\"Instituto Papo Reto\",\"Marielle Franco\",\"M\u00eas da Consci\u00eancia Negra\",\"protesto\",\"v\u00eddeo\",\"viol\u00eancia\",\"Zona Norte\",\"Zona Oeste\"],\"articleSection\":[\"Cobertura de Eventos\",\"Den\u00fancias\",\"Sociedade Civil\",\"V\u00eddeo\"],\"inLanguage\":\"pt-BR\"},{\"@type\":\"WebPage\",\"@id\":\"https:\/\/rioonwatch.org.br\/?p=51782\",\"url\":\"https:\/\/rioonwatch.org.br\/?p=51782\",\"name\":\"Manifestantes Protestam em Frente ao Carrefour Norte Shopping Contra Morte de Jo\u00e3o Alberto #OQueDizemAsRedes - RioOnWatch\",\"isPartOf\":{\"@id\":\"https:\/\/rioonwatch.org.br\/#website\"},\"primaryImageOfPage\":{\"@id\":\"https:\/\/rioonwatch.org.br\/?p=51782#primaryimage\"},\"image\":{\"@id\":\"https:\/\/rioonwatch.org.br\/?p=51782#primaryimage\"},\"thumbnailUrl\":\"https:\/\/rioonwatch.org.br\/wp-content\/uploads\/2020\/11\/JORGE-HELY_FRAMEPHOTO_ESTADAO-CONTEUDO-2.jpeg\",\"datePublished\":\"2020-11-23T18:07:33+00:00\",\"dateModified\":\"2024-05-24T15:34:34+00:00\",\"breadcrumb\":{\"@id\":\"https:\/\/rioonwatch.org.br\/?p=51782#breadcrumb\"},\"inLanguage\":\"pt-BR\",\"potentialAction\":[{\"@type\":\"ReadAction\",\"target\":[\"https:\/\/rioonwatch.org.br\/?p=51782\"]}]},{\"@type\":\"ImageObject\",\"inLanguage\":\"pt-BR\",\"@id\":\"https:\/\/rioonwatch.org.br\/?p=51782#primaryimage\",\"url\":\"https:\/\/rioonwatch.org.br\/wp-content\/uploads\/2020\/11\/JORGE-HELY_FRAMEPHOTO_ESTADAO-CONTEUDO-2.jpeg\",\"contentUrl\":\"https:\/\/rioonwatch.org.br\/wp-content\/uploads\/2020\/11\/JORGE-HELY_FRAMEPHOTO_ESTADAO-CONTEUDO-2.jpeg\",\"width\":900,\"height\":595},{\"@type\":\"BreadcrumbList\",\"@id\":\"https:\/\/rioonwatch.org.br\/?p=51782#breadcrumb\",\"itemListElement\":[{\"@type\":\"ListItem\",\"position\":1,\"name\":\"In\u00edcio\",\"item\":\"https:\/\/rioonwatch.org.br\/\"},{\"@type\":\"ListItem\",\"position\":2,\"name\":\"Manifestantes Protestam em Frente ao Carrefour Norte Shopping Contra Morte de Jo\u00e3o Alberto #OQueDizemAsRedes\"}]},{\"@type\":\"WebSite\",\"@id\":\"https:\/\/rioonwatch.org.br\/#website\",\"url\":\"https:\/\/rioonwatch.org.br\/\",\"name\":\"RioOnWatch\",\"description\":\"relatos das favelas cariocas\",\"publisher\":{\"@id\":\"https:\/\/rioonwatch.org.br\/#organization\"},\"potentialAction\":[{\"@type\":\"SearchAction\",\"target\":{\"@type\":\"EntryPoint\",\"urlTemplate\":\"https:\/\/rioonwatch.org.br\/?s={search_term_string}\"},\"query-input\":{\"@type\":\"PropertyValueSpecification\",\"valueRequired\":true,\"valueName\":\"search_term_string\"}}],\"inLanguage\":\"pt-BR\"},{\"@type\":\"Organization\",\"@id\":\"https:\/\/rioonwatch.org.br\/#organization\",\"name\":\"RioOnWatch\",\"url\":\"https:\/\/rioonwatch.org.br\/\",\"logo\":{\"@type\":\"ImageObject\",\"inLanguage\":\"pt-BR\",\"@id\":\"https:\/\/rioonwatch.org.br\/#\/schema\/logo\/image\/\",\"url\":\"https:\/\/rioonwatch.org.br\/wp-content\/uploads\/2021\/06\/RioOnWatchcabecalhoPT11anos-2.png\",\"contentUrl\":\"https:\/\/rioonwatch.org.br\/wp-content\/uploads\/2021\/06\/RioOnWatchcabecalhoPT11anos-2.png\",\"width\":779,\"height\":277,\"caption\":\"RioOnWatch\"},\"image\":{\"@id\":\"https:\/\/rioonwatch.org.br\/#\/schema\/logo\/image\/\"}},{\"@type\":\"Person\",\"@id\":\"https:\/\/rioonwatch.org.br\/#\/schema\/person\/476bc75767957d3535b65b796667cd36\",\"name\":\"Julio Santos Filho\",\"image\":{\"@type\":\"ImageObject\",\"inLanguage\":\"pt-BR\",\"@id\":\"https:\/\/rioonwatch.org.br\/#\/schema\/person\/image\/\",\"url\":\"https:\/\/secure.gravatar.com\/avatar\/ca138f7666182a292a8ce4ca14fb81f8?s=96&d=blank&r=g\",\"contentUrl\":\"https:\/\/secure.gravatar.com\/avatar\/ca138f7666182a292a8ce4ca14fb81f8?s=96&d=blank&r=g\",\"caption\":\"Julio Santos Filho\"},\"url\":\"https:\/\/rioonwatch.org.br\/?author=167\"}]}<\/script>\n<!-- \/ Yoast SEO plugin. -->","yoast_head_json":{"title":"Manifestantes Protestam em Frente ao Carrefour Norte Shopping Contra Morte de Jo\u00e3o Alberto #OQueDizemAsRedes - RioOnWatch","robots":{"index":"index","follow":"follow","max-snippet":"max-snippet:-1","max-image-preview":"max-image-preview:large","max-video-preview":"max-video-preview:-1"},"canonical":"https:\/\/rioonwatch.org.br\/?p=51782","og_locale":"pt_BR","og_type":"article","og_title":"Manifestantes Protestam em Frente ao Carrefour Norte Shopping Contra Morte de Jo\u00e3o Alberto #OQueDizemAsRedes - RioOnWatch","og_description":"Click Here for English Esta mat\u00e9ria faz parte da s\u00e9rie #OQueDizemAsRedes\u00a0que traz pontos de vista publicados nas redes sociais, de moradores e ativistas de favela, sobre eventos e temas que surgem na sociedade.\u00a0 Ativistas come\u00e7aram [...]","og_url":"https:\/\/rioonwatch.org.br\/?p=51782","og_site_name":"RioOnWatch","article_published_time":"2020-11-23T18:07:33+00:00","article_modified_time":"2024-05-24T15:34:34+00:00","og_image":[{"width":900,"height":595,"url":"https:\/\/rioonwatch.org.br\/wp-content\/uploads\/2020\/11\/JORGE-HELY_FRAMEPHOTO_ESTADAO-CONTEUDO-2.jpeg","type":"image\/jpeg"}],"author":"Julio Santos Filho","twitter_card":"summary_large_image","twitter_misc":{"Escrito por":"Julio Santos Filho","Est. tempo de leitura":"7 minutos"},"schema":{"@context":"https:\/\/schema.org","@graph":[{"@type":"Article","@id":"https:\/\/rioonwatch.org.br\/?p=51782#article","isPartOf":{"@id":"https:\/\/rioonwatch.org.br\/?p=51782"},"author":{"name":"Julio Santos Filho","@id":"https:\/\/rioonwatch.org.br\/#\/schema\/person\/476bc75767957d3535b65b796667cd36"},"headline":"Manifestantes Protestam em Frente ao Carrefour Norte Shopping Contra Morte de Jo\u00e3o Alberto #OQueDizemAsRedes","datePublished":"2020-11-23T18:07:33+00:00","dateModified":"2024-05-24T15:34:34+00:00","mainEntityOfPage":{"@id":"https:\/\/rioonwatch.org.br\/?p=51782"},"wordCount":1463,"publisher":{"@id":"https:\/\/rioonwatch.org.br\/#organization"},"image":{"@id":"https:\/\/rioonwatch.org.br\/?p=51782#primaryimage"},"thumbnailUrl":"https:\/\/rioonwatch.org.br\/wp-content\/uploads\/2020\/11\/JORGE-HELY_FRAMEPHOTO_ESTADAO-CONTEUDO-2.jpeg","keywords":["#OQueDizemAsRedes","Antirracismo","assassinato","Cidade de Deus","Coaliz\u00e3o Negra por Direitos","evento","genoc\u00eddio","Instituto Papo Reto","Marielle Franco","M\u00eas da Consci\u00eancia Negra","protesto","v\u00eddeo","viol\u00eancia","Zona Norte","Zona Oeste"],"articleSection":["Cobertura de Eventos","Den\u00fancias","Sociedade Civil","V\u00eddeo"],"inLanguage":"pt-BR"},{"@type":"WebPage","@id":"https:\/\/rioonwatch.org.br\/?p=51782","url":"https:\/\/rioonwatch.org.br\/?p=51782","name":"Manifestantes Protestam em Frente ao Carrefour Norte Shopping Contra Morte de Jo\u00e3o Alberto #OQueDizemAsRedes - RioOnWatch","isPartOf":{"@id":"https:\/\/rioonwatch.org.br\/#website"},"primaryImageOfPage":{"@id":"https:\/\/rioonwatch.org.br\/?p=51782#primaryimage"},"image":{"@id":"https:\/\/rioonwatch.org.br\/?p=51782#primaryimage"},"thumbnailUrl":"https:\/\/rioonwatch.org.br\/wp-content\/uploads\/2020\/11\/JORGE-HELY_FRAMEPHOTO_ESTADAO-CONTEUDO-2.jpeg","datePublished":"2020-11-23T18:07:33+00:00","dateModified":"2024-05-24T15:34:34+00:00","breadcrumb":{"@id":"https:\/\/rioonwatch.org.br\/?p=51782#breadcrumb"},"inLanguage":"pt-BR","potentialAction":[{"@type":"ReadAction","target":["https:\/\/rioonwatch.org.br\/?p=51782"]}]},{"@type":"ImageObject","inLanguage":"pt-BR","@id":"https:\/\/rioonwatch.org.br\/?p=51782#primaryimage","url":"https:\/\/rioonwatch.org.br\/wp-content\/uploads\/2020\/11\/JORGE-HELY_FRAMEPHOTO_ESTADAO-CONTEUDO-2.jpeg","contentUrl":"https:\/\/rioonwatch.org.br\/wp-content\/uploads\/2020\/11\/JORGE-HELY_FRAMEPHOTO_ESTADAO-CONTEUDO-2.jpeg","width":900,"height":595},{"@type":"BreadcrumbList","@id":"https:\/\/rioonwatch.org.br\/?p=51782#breadcrumb","itemListElement":[{"@type":"ListItem","position":1,"name":"In\u00edcio","item":"https:\/\/rioonwatch.org.br\/"},{"@type":"ListItem","position":2,"name":"Manifestantes Protestam em Frente ao Carrefour Norte Shopping Contra Morte de Jo\u00e3o Alberto #OQueDizemAsRedes"}]},{"@type":"WebSite","@id":"https:\/\/rioonwatch.org.br\/#website","url":"https:\/\/rioonwatch.org.br\/","name":"RioOnWatch","description":"relatos das favelas cariocas","publisher":{"@id":"https:\/\/rioonwatch.org.br\/#organization"},"potentialAction":[{"@type":"SearchAction","target":{"@type":"EntryPoint","urlTemplate":"https:\/\/rioonwatch.org.br\/?s={search_term_string}"},"query-input":{"@type":"PropertyValueSpecification","valueRequired":true,"valueName":"search_term_string"}}],"inLanguage":"pt-BR"},{"@type":"Organization","@id":"https:\/\/rioonwatch.org.br\/#organization","name":"RioOnWatch","url":"https:\/\/rioonwatch.org.br\/","logo":{"@type":"ImageObject","inLanguage":"pt-BR","@id":"https:\/\/rioonwatch.org.br\/#\/schema\/logo\/image\/","url":"https:\/\/rioonwatch.org.br\/wp-content\/uploads\/2021\/06\/RioOnWatchcabecalhoPT11anos-2.png","contentUrl":"https:\/\/rioonwatch.org.br\/wp-content\/uploads\/2021\/06\/RioOnWatchcabecalhoPT11anos-2.png","width":779,"height":277,"caption":"RioOnWatch"},"image":{"@id":"https:\/\/rioonwatch.org.br\/#\/schema\/logo\/image\/"}},{"@type":"Person","@id":"https:\/\/rioonwatch.org.br\/#\/schema\/person\/476bc75767957d3535b65b796667cd36","name":"Julio Santos Filho","image":{"@type":"ImageObject","inLanguage":"pt-BR","@id":"https:\/\/rioonwatch.org.br\/#\/schema\/person\/image\/","url":"https:\/\/secure.gravatar.com\/avatar\/ca138f7666182a292a8ce4ca14fb81f8?s=96&d=blank&r=g","contentUrl":"https:\/\/secure.gravatar.com\/avatar\/ca138f7666182a292a8ce4ca14fb81f8?s=96&d=blank&r=g","caption":"Julio Santos Filho"},"url":"https:\/\/rioonwatch.org.br\/?author=167"}]}},"_links":{"self":[{"href":"https:\/\/rioonwatch.org.br\/index.php?rest_route=\/wp\/v2\/posts\/51782"}],"collection":[{"href":"https:\/\/rioonwatch.org.br\/index.php?rest_route=\/wp\/v2\/posts"}],"about":[{"href":"https:\/\/rioonwatch.org.br\/index.php?rest_route=\/wp\/v2\/types\/post"}],"author":[{"embeddable":true,"href":"https:\/\/rioonwatch.org.br\/index.php?rest_route=\/wp\/v2\/users\/167"}],"replies":[{"embeddable":true,"href":"https:\/\/rioonwatch.org.br\/index.php?rest_route=%2Fwp%2Fv2%2Fcomments&post=51782"}],"version-history":[{"count":27,"href":"https:\/\/rioonwatch.org.br\/index.php?rest_route=\/wp\/v2\/posts\/51782\/revisions"}],"predecessor-version":[{"id":52421,"href":"https:\/\/rioonwatch.org.br\/index.php?rest_route=\/wp\/v2\/posts\/51782\/revisions\/52421"}],"wp:featuredmedia":[{"embeddable":true,"href":"https:\/\/rioonwatch.org.br\/index.php?rest_route=\/wp\/v2\/media\/51784"}],"wp:attachment":[{"href":"https:\/\/rioonwatch.org.br\/index.php?rest_route=%2Fwp%2Fv2%2Fmedia&parent=51782"}],"wp:term":[{"taxonomy":"category","embeddable":true,"href":"https:\/\/rioonwatch.org.br\/index.php?rest_route=%2Fwp%2Fv2%2Fcategories&post=51782"},{"taxonomy":"post_tag","embeddable":true,"href":"https:\/\/rioonwatch.org.br\/index.php?rest_route=%2Fwp%2Fv2%2Ftags&post=51782"},{"taxonomy":"writer","embeddable":true,"href":"https:\/\/rioonwatch.org.br\/index.php?rest_route=%2Fwp%2Fv2%2Fwriter&post=51782"},{"taxonomy":"translator","embeddable":true,"href":"https:\/\/rioonwatch.org.br\/index.php?rest_route=%2Fwp%2Fv2%2Ftranslator&post=51782"},{"taxonomy":"source","embeddable":true,"href":"https:\/\/rioonwatch.org.br\/index.php?rest_route=%2Fwp%2Fv2%2Fsource&post=51782"},{"taxonomy":"ilustrador","embeddable":true,"href":"https:\/\/rioonwatch.org.br\/index.php?rest_route=%2Fwp%2Fv2%2Filustrador&post=51782"},{"taxonomy":"fotografo","embeddable":true,"href":"https:\/\/rioonwatch.org.br\/index.php?rest_route=%2Fwp%2Fv2%2Ffotografo&post=51782"}],"curies":[{"name":"wp","href":"https:\/\/api.w.org\/{rel}","templated":true}]}}