{"id":51829,"date":"2021-01-08T11:37:00","date_gmt":"2021-01-08T14:37:00","guid":{"rendered":"https:\/\/rioonwatch.org.br\/?p=51829"},"modified":"2024-06-20T16:19:18","modified_gmt":"2024-06-20T19:19:18","slug":"o-racismo-velado-na-criminalizacao-do-funk-parte-2-nao-tenta-destruir-isso","status":"publish","type":"post","link":"https:\/\/rioonwatch.org.br\/?p=51829","title":{"rendered":"O Racismo Velado na Criminaliza\u00e7\u00e3o do Funk, Parte 2: \u2018N\u00e3o Tenta Destruir Isso!\u2019 [V\u00cdDEO]"},"content":{"rendered":"<p style=\"text-align: right;\"><em><strong><a href=\"https:\/\/bit.ly\/3b7Rpan\" target=\"_blank\" rel=\"noopener noreferrer\">Click Here for English<\/a><a href=\"https:\/\/bit.ly\/3b7Rpan\" target=\"_blank\" rel=\"noopener noreferrer\"><img decoding=\"async\" width=\"20\" height=\"20\" class=\"alignright wp-image-15790\" src=\"https:\/\/rioonwatch.org.br\/wp-content\/uploads\/2012\/08\/EN-standard-e1439583104716.jpg\" \/><\/a><\/strong><\/em><\/p>\n<p><em>Esta \u00e9 a segunda de uma mat\u00e9ria de duas partes sobre a criminaliza\u00e7\u00e3o do funk. <\/em><em>Esta segunda parte aborda depoimentos do MC Poze, a vis\u00e3o do cantor Emicida sobre a criminaliza\u00e7\u00e3o do funk e traz uma s\u00e9rie de posts, fotos e v\u00eddeos de todos os artistas mencionados na mat\u00e9ria. N\u00e3o deixa de ler a parte 1 <a href=\"https:\/\/bit.ly\/33dA2AA\" target=\"_blank\" rel=\"noopener noreferrer\">aqui<\/a>.<\/em><\/p>\n<h3>Ainda Sobre o Artista Poze: &#8220;Estou Livre. A Favela Venceu&#8221;<\/h3>\n<p>Em uma <a href=\"https:\/\/bit.ly\/383Rr07\" target=\"_blank\" rel=\"noopener\">entrevista para a <em>TV Record<\/em><\/a>, Poze fala sobre sua carreira e como se sente ao <a href=\"https:\/\/glo.bo\/3mnAnry\" target=\"_blank\" rel=\"noopener\">ser acusado<\/a> por envolvimento com o varejo de drogas. \u201cFoi tudo [conquistado] sozinho. Tive dificuldade no in\u00edcio, mas sempre sozinho procurando fazer um show ali, fazer um show ali, e gra\u00e7as a Deus consegui conquistar o mundo com esse talento que eu tenho. Mas todos veem que n\u00e3o tenho envolvimento nenhum&#8230; Tenho minha fam\u00edlia, e vivo em paz hoje em dia&#8230; Eu rodo o Brasil todo, fazendo shows e [com] isso j\u00e1 d\u00e1 pra ver que n\u00e3o tenho ligamento com o tr\u00e1fico de drogas.\u201d<\/p>\n<p>Perguntado sobre o que passou pela cabe\u00e7a ao ser acusado, o MC disse: \u201cTemos fam\u00edlia e a fam\u00edlia sofre por uma not\u00edcia que t\u00e1 dando ali, totalmente contr\u00e1ria [\u00e0 realidade]\u201d. MC Poze, que teve sua pris\u00e3o decretada pelo TJ-RJ no dia 6 de julho de 2020, entrou na lista de procurados pelo Estado do Rio de Janeiro e passou a ser considerado <a href=\"https:\/\/glo.bo\/35z1bOU\" target=\"_blank\" rel=\"noopener noreferrer\">foragido da justi\u00e7a<\/a>. At\u00e9 que tivesse sua <a href=\"https:\/\/glo.bo\/2TrTUdV\" target=\"_blank\" rel=\"noopener noreferrer\">pris\u00e3o revogada<\/a>, no dia 14 de julho de 2020. Segundo o <a href=\"https:\/\/glo.bo\/2TrTUdV\" target=\"_blank\" rel=\"noopener\"><em>G1<\/em><\/a> em uma de suas redes sociais o artista agradeceu pela decis\u00e3o: &#8220;Deu tudo certo. Obrigado papai do c\u00e9u. Estou livre. A Favela venceu.&#8221;<\/p>\n<p><a href=\"https:\/\/rioonwatch.org.br\/wp-content\/uploads\/2020\/10\/MC-Poze-considerado-foragido-da-justica-tem-seu-rosto-estampado-em-cartaz-de-procurados.-Foto_-Divulgacao_-Portal-dos-procurados.jpeg\"><img fetchpriority=\"high\" decoding=\"async\" class=\"aligncenter wp-image-51180 size-medium\" title=\"MC Poze, considerado foragido da Justi\u00e7a, tem seu rosto estampado em cartaz de procurados. Foto: Divulga\u00e7\u00e3o\/Portal dos procurados.\" src=\"https:\/\/rioonwatch.org.br\/wp-content\/uploads\/2020\/10\/MC-Poze-considerado-foragido-da-justica-tem-seu-rosto-estampado-em-cartaz-de-procurados.-Foto_-Divulgacao_-Portal-dos-procurados-620x443.jpeg\" alt=\"\" width=\"620\" height=\"443\" srcset=\"https:\/\/rioonwatch.org.br\/wp-content\/uploads\/2020\/10\/MC-Poze-considerado-foragido-da-justica-tem-seu-rosto-estampado-em-cartaz-de-procurados.-Foto_-Divulgacao_-Portal-dos-procurados-620x443.jpeg 620w, https:\/\/rioonwatch.org.br\/wp-content\/uploads\/2020\/10\/MC-Poze-considerado-foragido-da-justica-tem-seu-rosto-estampado-em-cartaz-de-procurados.-Foto_-Divulgacao_-Portal-dos-procurados-370x264.jpeg 370w, https:\/\/rioonwatch.org.br\/wp-content\/uploads\/2020\/10\/MC-Poze-considerado-foragido-da-justica-tem-seu-rosto-estampado-em-cartaz-de-procurados.-Foto_-Divulgacao_-Portal-dos-procurados-768x549.jpeg 768w, https:\/\/rioonwatch.org.br\/wp-content\/uploads\/2020\/10\/MC-Poze-considerado-foragido-da-justica-tem-seu-rosto-estampado-em-cartaz-de-procurados.-Foto_-Divulgacao_-Portal-dos-procurados.jpeg 984w\" sizes=\"(max-width: 620px) 100vw, 620px\" \/><\/a><\/p>\n<p>Em outro trecho <a href=\"https:\/\/bit.ly\/383Rr07\" target=\"_blank\" rel=\"noopener\">da entrevista<\/a> o cantor completa dizendo: \u201cQuando era morador de favela&#8230; [a gente] frequentava isso constantemente, ent\u00e3o s\u00f3 cantava o que via com nossos pr\u00f3prios olhos\u201d. E conclui: \u201cMinha defesa est\u00e1 correndo atr\u00e1s disso a\u00ed&#8230; porque o certo \u00e9 que eu n\u00e3o tenho nada a ver com isso a\u00ed&#8230; Isso vai virar m\u00fasica!\u201d Em 16 de outubro de 2020, de fato virou. O nome do funk \u00e9 o mesmo da campanha online <a href=\"https:\/\/bit.ly\/31K70HQ\" target=\"_blank\" rel=\"noopener noreferrer\">#mcn\u00e3o\u00e9bandido<\/a>, pedindo a liberdade de MC Poze e de outros MCs presos, como o <a href=\"https:\/\/bit.ly\/35Cf4vr\" target=\"_blank\" rel=\"noopener noreferrer\">MC Pel\u00e9 Johnson<\/a>, foragido desde 2016 e <a href=\"https:\/\/bit.ly\/34vfrc5\" target=\"_blank\" rel=\"noopener noreferrer\">preso em setembro de 2020<\/a>, tamb\u00e9m sob a acusa\u00e7\u00e3o de apologia ao tr\u00e1fico.<\/p>\n<p><iframe src=\"https:\/\/www.youtube.com\/embed\/FGd8odSxAVs\" width=\"620\" height=\"349\" frameborder=\"0\" allowfullscreen=\"allowfullscreen\"><span data-mce-type=\"bookmark\" style=\"display: inline-block; width: 0px; overflow: hidden; line-height: 0;\" class=\"mce_SELRES_start\">\ufeff<\/span><\/iframe><\/p>\n<h3>A Constante Estigmatiza\u00e7\u00e3o de Narrativas Realistas da M\u00fasica Negra<\/h3>\n<p>O <a href=\"https:\/\/bit.ly\/383Rr07\" target=\"_blank\" rel=\"noopener\">cantor diz que<\/a>, quando era morador de favela, enxergava tudo que traz nas letras de suas can\u00e7\u00f5es. Em contrapartida, o judici\u00e1rio brasileiro vem alegando nos \u00faltimos 30 anos o envolvimento da cultura funk\u2014e de outras produ\u00e7\u00f5es culturais negras e de favela\u2014com a ilicitude, sobretudo atrav\u00e9s da \u201capologia ao tr\u00e1fico de drogas\u201d ou da \u201cassocia\u00e7\u00e3o ao tr\u00e1fico\u201d. Foi com esse questionamento que, no programa <a href=\"https:\/\/bit.ly\/3e9S4YK\" target=\"_blank\" rel=\"noopener noreferrer\"><em>Roda Viva<\/em> do dia 27 de julho, o rapper Emicida<\/a> foi perguntado se o rap era condescendente com o crime organizado. Tal pergunta poderia ter sido sobre o funk, j\u00e1 que era focada nas produ\u00e7\u00f5es culturais faveladas. <a href=\"https:\/\/bit.ly\/3e9S4YK\" target=\"_blank\" rel=\"noopener\">Segundo a jornalista<\/a>, Vera Magalh\u00e3es, essa quest\u00e3o aparece muito no Twitter do programa afirmando que o rap &#8220;deixa de fazer uma cr\u00edtica mais dura ao crime organizado do que faz, por exemplo, \u00e0s for\u00e7as policiais e ao Estado&#8221;.<\/p>\n<p>Respondendo a isso, o cantor declarou:<\/p>\n<blockquote><p>&#8220;Desde quando narrar uma determinada situa\u00e7\u00e3o que est\u00e1 vinculada ao crime faz de voc\u00ea um apologista daquela situa\u00e7\u00e3o?&#8230; Se isso fizer de voc\u00ea um apologista daquela situa\u00e7\u00e3o, ent\u00e3o voc\u00ea tem que come\u00e7ar a pegar o Datena, que faz isso todo dia na televis\u00e3o&#8230; A m\u00fasica faz um retrato do lugar onde as pessoas vivem. Apologia ao crime \u00e9 a forma como o brasileiro vive.&#8221;<\/p><\/blockquote>\n<p>A constante estigmatiza\u00e7\u00e3o e criminaliza\u00e7\u00e3o da m\u00fasica negra, perpassa todos os ritmos da cultura preta na di\u00e1spora. Seja com os spirituals e o jazz, ou com o samba, o jongo, a capoeira, as m\u00fasicas de terreiro, o funk e tamb\u00e9m o rap. Um caso centen\u00e1rio dessa criminaliza\u00e7\u00e3o da cultura negra \u00e9 o de Jo\u00e3o Machado Guedes (1887-1974) conhecido como <a href=\"http:\/\/bit.ly\/1Mk6HkZ\" target=\"_blank\" rel=\"noopener noreferrer\">Jo\u00e3o da Baiana<\/a>. Conhecido como um grande pandeirista, o sambista <a href=\"https:\/\/bit.ly\/2UWwRbO\" target=\"_blank\" rel=\"noopener noreferrer\">teve seu instrumento musical<\/a>, o pandeiro, quebrado em uma festa da Igreja da Penha, no sub\u00farbio do Rio de Janeiro, pela pol\u00edcia em 1908.<\/p>\n<p>Cem anos depois, esta n\u00e3o \u00e9 uma l\u00f3gica ultrapassada. Ela tem sido cada vez mais usada como uma ferramenta, operada pelo Estado brasileiro, colocando atividades culturais na ilegalidade e encarcerando os artistas. \u00c0 imagem do que se fez com o samba, o racismo estrutural \u00e9 quem d\u00e1 a nota. \u00c9 como aponta a Comiss\u00e3o de Defesa do Estado Democr\u00e1tico de Direito da <a href=\"https:\/\/bit.ly\/3oGHBbU\" target=\"_blank\" rel=\"noopener noreferrer\">OAB-RJ<\/a>, ao fim de <a href=\"https:\/\/bit.ly\/3kzEK24\" target=\"_blank\" rel=\"noopener\">seu relat\u00f3rio<\/a>: &#8220;resignar-nos a conviver harmonicamente com condena\u00e7\u00f5es como a do Rennan [da Penha] levaria-nos ao desconfort\u00e1vel reconhecimento de que a presun\u00e7\u00e3o de inoc\u00eancia \u00e9 um privil\u00e9gio de poucos&#8221;.<\/p>\n<h3><strong>Conhe\u00e7a os Artistas Criminalizados Citados Nesta Mat\u00e9ria<\/strong><\/h3>\n<p><strong>MC R\u00d4MULO COSTA<\/strong> &#8211; Nascido em Cuiab\u00e1, Mato Grosso, o organizador de bailes funk e apresentador de shows e de programas de televis\u00e3o, e um dos fundadores da Furac\u00e3o 2000, <a href=\"https:\/\/bit.ly\/2KuoqT5\" target=\"_blank\" rel=\"noopener\">foi preso em novembro de 2000<\/a> por suposto envolvimento com o tr\u00e1fico de drogas do <a href=\"https:\/\/bit.ly\/3nRCzs1\" target=\"_blank\" rel=\"noopener noreferrer\">Morro do Chapad\u00e3o<\/a>, em <a href=\"http:\/\/bit.ly\/36ht2m6\" target=\"_blank\" rel=\"noopener noreferrer\">Costa Barros<\/a>, Rio de Janeiro. Foi inocentado por falta de provas.<\/p>\n<p><iframe src=\"https:\/\/www.youtube.com\/embed\/d4-LW2NIlAU\" width=\"620\" height=\"349\" frameborder=\"0\" allowfullscreen=\"allowfullscreen\"><span data-mce-type=\"bookmark\" style=\"display: inline-block; width: 0px; overflow: hidden; line-height: 0;\" class=\"mce_SELRES_start\">\ufeff<\/span><\/iframe><\/p>\n<p><strong>MC SAP\u00c3O<\/strong> &#8211; Cria do <a href=\"http:\/\/bit.ly\/2wIyn5a\" target=\"_blank\" rel=\"noopener noreferrer\">Complexo do Alem\u00e3o<\/a>, <a href=\"https:\/\/bit.ly\/34rhk9M\" target=\"_blank\" rel=\"noopener\">foi preso<\/a> por associa\u00e7\u00e3o ao tr\u00e1fico em 1999, ficando preso oito meses.<\/p>\n<p><a href=\"https:\/\/rioonwatch.org.br\/wp-content\/uploads\/2020\/10\/MC-Sapao.-Foto-Instagram-@sapao.jpg\"><img decoding=\"async\" class=\"wp-image-51230 size-medium aligncenter\" title=\"MC Sap\u00e3o. Foto: Instagram\/@sapao.\" src=\"https:\/\/rioonwatch.org.br\/wp-content\/uploads\/2020\/10\/MC-Sapao.-Foto-Instagram-@sapao-620x357.jpg\" alt=\"MC Sap\u00e3o. Foto: Instagram\/@sapao.\" width=\"620\" height=\"357\" srcset=\"https:\/\/rioonwatch.org.br\/wp-content\/uploads\/2020\/10\/MC-Sapao.-Foto-Instagram-@sapao-620x357.jpg 620w, https:\/\/rioonwatch.org.br\/wp-content\/uploads\/2020\/10\/MC-Sapao.-Foto-Instagram-@sapao-458x264.jpg 458w, https:\/\/rioonwatch.org.br\/wp-content\/uploads\/2020\/10\/MC-Sapao.-Foto-Instagram-@sapao.jpg 640w\" sizes=\"(max-width: 620px) 100vw, 620px\" \/><\/a><\/p>\n<p><strong>MC COLIBRI<\/strong> &#8211; Cria da <a href=\"https:\/\/bit.ly\/2Ztg5or\" target=\"_blank\" rel=\"noopener noreferrer\">Serrinha<\/a>, <a href=\"https:\/\/glo.bo\/3aaIsgk\" target=\"_blank\" rel=\"noopener\">foi acusado<\/a> de associa\u00e7\u00e3o ao tr\u00e1fico de drogas. Ficou <a href=\"http:\/\/glo.bo\/3dPxpZS\" target=\"_blank\" rel=\"noopener\">preso de 2006 at\u00e9 2009<\/a>.<\/p>\n<p><iframe src=\"https:\/\/www.youtube.com\/embed\/oWX9yFEtRPg\" width=\"620\" height=\"349\" frameborder=\"0\" allowfullscreen=\"allowfullscreen\"><span data-mce-type=\"bookmark\" style=\"display: inline-block; width: 0px; overflow: hidden; line-height: 0;\" class=\"mce_SELRES_start\">\ufeff<\/span><\/iframe><\/p>\n<p><strong>MC FRANK<\/strong> &#8211; Cria do Complexo do Alem\u00e3o, o MC foi denunciado e <a href=\"http:\/\/bit.ly\/3my0I5Q\" target=\"_blank\" rel=\"noopener\">preso por meses em 2010<\/a> por apologia ao tr\u00e1fico. Foi <a href=\"http:\/\/bit.ly\/2KeYZoX\" target=\"_blank\" rel=\"noopener\">libertado por decis\u00e3o do STJ, por falta de provas<\/a>.<\/p>\n<p><iframe src=\"https:\/\/www.youtube.com\/embed\/xNqVa-EmALI\" width=\"620\" height=\"349\" frameborder=\"0\" allowfullscreen=\"allowfullscreen\"><span data-mce-type=\"bookmark\" style=\"display: inline-block; width: 0px; overflow: hidden; line-height: 0;\" class=\"mce_SELRES_start\">\ufeff<\/span><\/iframe><\/p>\n<p><strong>MC SMITH<\/strong> &#8211; Cria do Complexo do Alem\u00e3o, foi denunciado e preso em 2010 por apologia ao tr\u00e1fico. Foi <a href=\"http:\/\/bit.ly\/2KeYZoX\" target=\"_blank\" rel=\"noopener\">libertado por decis\u00e3o do STJ, por falta de provas<\/a>.<\/p>\n<p><iframe src=\"https:\/\/www.youtube.com\/embed\/x7yxB4IG4UI\" width=\"620\" height=\"349\" frameborder=\"0\" allowfullscreen=\"allowfullscreen\"><span data-mce-type=\"bookmark\" style=\"display: inline-block; width: 0px; overflow: hidden; line-height: 0;\" class=\"mce_SELRES_start\">\ufeff<\/span><\/iframe><\/p>\n<p><strong>MC TIK\u00c3O<\/strong> &#8211; Cria da <a href=\"https:\/\/bit.ly\/2zui1C0\" target=\"_blank\" rel=\"noopener noreferrer\">Vila Kennedy<\/a>, foi denunciado e preso em 2010 por apologia ao tr\u00e1fico. Foi <a href=\"http:\/\/bit.ly\/2KeYZoX\" target=\"_blank\" rel=\"noopener\">libertado por decis\u00e3o do STJ, por falta de provas<\/a>.<\/p>\n<blockquote class=\"twitter-tweet\">\n<p dir=\"ltr\" lang=\"hu\">E a fera t\u00e1 de volta e em grande estilo &#x1f30d;&#x1f680;&#x2604;&#xfe0f;&#x1f4a5;&#x1f4a5;&#x1f4a5;&#x1f4a5; &#x2764;&#xfe0f;VK VK VK <a href=\"https:\/\/twitter.com\/hashtag\/NuncaFoiSorteSempreFoiDeus?src=hash&amp;ref_src=twsrc%5Etfw\">#NuncaFoiSorteSempreFoiDeus<\/a> <a href=\"https:\/\/t.co\/iUhYsGBXF1\">pic.twitter.com\/iUhYsGBXF1<\/a><\/p>\n<p>\u2014 MC TIK\u00c3O &#x1f680; (@mctikao) <a href=\"https:\/\/twitter.com\/mctikao\/status\/1298652625089560581?ref_src=twsrc%5Etfw\">August 26, 2020<\/a><\/p><\/blockquote>\n<p><script async src=\"https:\/\/platform.twitter.com\/widgets.js\" charset=\"utf-8\"><\/script><\/p>\n<p><strong>MC MAX<\/strong> &#8211; Cria do Complexo do Alem\u00e3o, foi denunciado e preso em 2010 por apologia ao tr\u00e1fico. Foi <a href=\"http:\/\/bit.ly\/2KeYZoX\" target=\"_blank\" rel=\"noopener\">libertado por decis\u00e3o do STJ, por falta de provas<\/a>.<\/p>\n<p><iframe src=\"https:\/\/www.youtube.com\/embed\/Nq9CxQJI8Bw\" width=\"620\" height=\"349\" frameborder=\"0\" allowfullscreen=\"allowfullscreen\"><span data-mce-type=\"bookmark\" style=\"display: inline-block; width: 0px; overflow: hidden; line-height: 0;\" class=\"mce_SELRES_start\">\ufeff<\/span><\/iframe><\/p>\n<p><strong>MC DIDO<\/strong> &#8211; Cria do <a href=\"http:\/\/bit.ly\/2Nus3If\" target=\"_blank\" rel=\"noopener noreferrer\">Morro do Borel<\/a>, indiciado e <a href=\"http:\/\/bit.ly\/2IXGJ2l\" target=\"_blank\" rel=\"noopener\">preso por associa\u00e7\u00e3o ao tr\u00e1fico, apologia ao tr\u00e1fico e forma\u00e7\u00e3o de quadrilha<\/a>, e tamb\u00e9m, em outro momento, <a href=\"http:\/\/bit.ly\/3mwawxf\" target=\"_blank\" rel=\"noopener\">detido por porte de drogas<\/a> pela UPP Borel.<\/p>\n<p><iframe src=\"https:\/\/www.youtube.com\/embed\/hKPFRG2a-vw\" width=\"620\" height=\"349\" frameborder=\"0\" allowfullscreen=\"allowfullscreen\"><span data-mce-type=\"bookmark\" style=\"display: inline-block; width: 0px; overflow: hidden; line-height: 0;\" class=\"mce_SELRES_start\">\ufeff<\/span><\/iframe><\/p>\n<p><strong>DJ IASMIN TURBININHA<\/strong> &#8211; Cria da <a href=\"http:\/\/bit.ly\/2J8Xt4f\" target=\"_blank\" rel=\"noopener noreferrer\">Mangueira<\/a>, foi convocada a depor em inqu\u00e9rito da Pol\u00edcia Civil sobre sua suposta rela\u00e7\u00e3o com o <a href=\"https:\/\/bit.ly\/3oM3pT3\" target=\"_blank\" rel=\"noopener noreferrer\">Comando Vermelho<\/a> na <a href=\"http:\/\/bit.ly\/2LMcg6I\" target=\"_blank\" rel=\"noopener noreferrer\">Nova Holanda<\/a>, no Complexo da Mar\u00e9, <a href=\"http:\/\/bit.ly\/33ajauD\" target=\"_blank\" rel=\"noopener\">gra\u00e7as a uma edi\u00e7\u00e3o do baile da Nova Holanda<\/a> que ela nem chegou a ir, apesar de haver sido anunciada como uma das atra\u00e7\u00f5es.<\/p>\n<p><iframe src=\"https:\/\/www.youtube.com\/embed\/8yzFgU5vSag\" width=\"620\" height=\"349\" frameborder=\"0\" allowfullscreen=\"allowfullscreen\"><span data-mce-type=\"bookmark\" style=\"display: inline-block; width: 0px; overflow: hidden; line-height: 0;\" class=\"mce_SELRES_start\">\ufeff<\/span><\/iframe><\/p>\n<p><strong>DJ POLYVOX<\/strong> &#8211; Cria da Mar\u00e9, foi convocado a depor em inqu\u00e9rito da <a href=\"https:\/\/bit.ly\/2Z6b593\" target=\"_blank\" rel=\"noopener noreferrer\">Pol\u00edcia Civil<\/a> sobre a <a href=\"http:\/\/bit.ly\/33ajauD\" target=\"_blank\" rel=\"noopener\">suposta rela\u00e7\u00e3o do Comando Vermelho com o baile funk da Nova Holanda<\/a>, no Complexo da Mar\u00e9, e a liga\u00e7\u00e3o do DJ com a fac\u00e7\u00e3o.<\/p>\n<blockquote class=\"twitter-tweet\">\n<p dir=\"ltr\" lang=\"pt\">Sequ\u00eancia de Patinete &#x1f6f4;&#x1f6f4; Ao Vivo na Nova Holanda &#x1f923; todo S\u00c1BAD\u00c3O at\u00e9 Meio DIAAA&#x1f1f3;&#x1f1f1;&#x1f1f3;&#x1f1f1;&#x1f525; <a href=\"https:\/\/t.co\/z63euOV0gW\">pic.twitter.com\/z63euOV0gW<\/a><\/p>\n<p>\u2014 POLYVOX &#x1f1f3;&#x1f1f1; (@Polyvox_Dj) <a href=\"https:\/\/twitter.com\/Polyvox_Dj\/status\/1140256988443611136?ref_src=twsrc%5Etfw\">June 16, 2019<\/a><\/p><\/blockquote>\n<p><script async src=\"https:\/\/platform.twitter.com\/widgets.js\" charset=\"utf-8\"><\/script><\/p>\n<p><strong>MC PEL\u00c9 JOHNSON<\/strong> &#8211; Cria do <a href=\"https:\/\/bit.ly\/35R78Gq\" target=\"_blank\" rel=\"noopener noreferrer\">Pav\u00e3o-Pav\u00e3ozinho<\/a>, era considerado <a href=\"http:\/\/bit.ly\/2KBsXDi\" target=\"_blank\" rel=\"noopener\">foragido da justi\u00e7a desde 2016, at\u00e9 ser preso em setembro de 2020<\/a>, tamb\u00e9m sob a acusa\u00e7\u00e3o de apologia ao tr\u00e1fico.<\/p>\n<blockquote class=\"twitter-tweet\">\n<p dir=\"ltr\" lang=\"pt\">UM POUCO DE RIMA NA HORA &#x270c;&#x1f3fd;&#x270c;&#x1f3fd;&#x1f3b5;&#x1f3b6;&#x1f6a9;&#x1f6a9; <a href=\"https:\/\/t.co\/nw2YtzVWKh\">pic.twitter.com\/nw2YtzVWKh<\/a><\/p>\n<p>\u2014 MC PELE JHONSON OFICIAL &#x270c;&#x1f3fd;&#x1f6a9;&#x1f94b;&#x1f1ea;&#x1f1f8; (@mcpelejhonso) <a href=\"https:\/\/twitter.com\/mcpelejhonso\/status\/1089534916159782912?ref_src=twsrc%5Etfw\">January 27, 2019<\/a><\/p><\/blockquote>\n<p><script async src=\"https:\/\/platform.twitter.com\/widgets.js\" charset=\"utf-8\"><\/script><\/p>\n<p><strong>MC GALO<\/strong> &#8211; Cria da <a href=\"https:\/\/bit.ly\/3dzwwUD\" target=\"_blank\" rel=\"noopener noreferrer\">Rocinha<\/a>, preso em 2010 depois de ser <a href=\"https:\/\/bit.ly\/31Cy8ss\" target=\"_blank\" rel=\"noopener noreferrer\">considerado foragido por onze anos<\/a>, desde 1999, quando a Justi\u00e7a expediu um mandado de pris\u00e3o em nome dele por associa\u00e7\u00e3o ao tr\u00e1fico de drogas, incita\u00e7\u00e3o ao crime e apologia as drogas.<\/p>\n<p><iframe style=\"border: none; overflow: hidden;\" src=\"https:\/\/www.facebook.com\/plugins\/video.php?height=314&amp;href=https%3A%2F%2Fweb.facebook.com%2Fbrigadasrio%2Fvideos%2F575239050080866%2F&amp;show_text=false&amp;width=620\" width=\"620\" height=\"349\" frameborder=\"0\" scrolling=\"no\" allowfullscreen=\"allowfullscreen\"><span data-mce-type=\"bookmark\" style=\"display: inline-block; width: 0px; overflow: hidden; line-height: 0;\" class=\"mce_SELRES_start\">\ufeff<\/span><\/iframe><\/p>\n<p><strong>MC CABELINHO <\/strong>&#8211; Cria da Nova Holanda, na Mar\u00e9, foi <a href=\"http:\/\/glo.bo\/3gVDi9r\" target=\"_blank\" rel=\"noopener\">intimado a depor<\/a> no dia 29 de outubro de 2020 por suposta apologia ao tr\u00e1fico. O MC nega essa alega\u00e7\u00e3o e aponta racismo como base do inqu\u00e9rito policial. O MC produz obra art\u00edstica ficcional.<\/p>\n<p><iframe src=\"https:\/\/www.youtube.com\/embed\/Ws63FBV88wE\" width=\"620\" height=\"349\" frameborder=\"0\" allowfullscreen=\"allowfullscreen\"><span data-mce-type=\"bookmark\" style=\"display: inline-block; width: 0px; overflow: hidden; line-height: 0;\" class=\"mce_SELRES_start\">\ufeff<\/span><\/iframe><\/p>\n<p><strong>MC MANEIRINHO<\/strong> &#8211; Cria do Morro do Serr\u00e3o, em <a href=\"http:\/\/bit.ly\/2xtrOnO\" target=\"_blank\" rel=\"noopener noreferrer\">Niter\u00f3i<\/a>, foi <a href=\"http:\/\/glo.bo\/34nKCWf\" target=\"_blank\" rel=\"noopener\">intimado a depor<\/a> no dia 29 de outubro de 2020 por suposta apologia ao tr\u00e1fico. O MC nega essa alega\u00e7\u00e3o.<\/p>\n<p><iframe src=\"https:\/\/www.youtube.com\/embed\/WEeXHzchEdA\" width=\"620\" height=\"349\" frameborder=\"0\" allowfullscreen=\"allowfullscreen\"><span data-mce-type=\"bookmark\" style=\"display: inline-block; width: 0px; overflow: hidden; line-height: 0;\" class=\"mce_SELRES_start\">\ufeff<\/span><\/iframe><\/p>\n<p><strong>DJ RENNAN DA PENHA<\/strong> &#8211; Cria do <a href=\"https:\/\/bit.ly\/3f3adY2\" target=\"_blank\" rel=\"noopener noreferrer\">Complexo da Penha<\/a>, o DJ foi <a href=\"http:\/\/bit.ly\/3nze8zS\" target=\"_blank\" rel=\"noopener\">denunciado e preso<\/a> por atuar na organiza\u00e7\u00e3o criminosa como &#8220;olheiro&#8221; ou &#8220;atividade&#8221;, por relatar nas redes sociais, segundo o judici\u00e1rio, a movimenta\u00e7\u00e3o de policiais na favela da <a href=\"http:\/\/bit.ly\/2PUK0Rs\" target=\"_blank\" rel=\"noopener noreferrer\">Penha<\/a>. <a href=\"http:\/\/glo.bo\/34mYMqC\" target=\"_blank\" rel=\"noopener\">Foi solto depois de meses na pris\u00e3o<\/a>, dias da decis\u00e3o do STF sobre sua pris\u00e3o em segunda inst\u00e2ncia.<\/p>\n<p><a href=\"https:\/\/rioonwatch.org.br\/wp-content\/uploads\/2020\/10\/DJ-Rennan-Penha-se-apresentando.-Foto-da-Revista-Epoca..jpg\"><img loading=\"lazy\" decoding=\"async\" class=\"aligncenter wp-image-51201 size-content\" title=\"DJ Rennan Penha se apresentando. Foto da Revista \u00c9poca.\" src=\"https:\/\/rioonwatch.org.br\/wp-content\/uploads\/2020\/10\/DJ-Rennan-Penha-se-apresentando.-Foto-da-Revista-Epoca.-620x264.jpg\" alt=\"\" width=\"620\" height=\"264\" srcset=\"https:\/\/rioonwatch.org.br\/wp-content\/uploads\/2020\/10\/DJ-Rennan-Penha-se-apresentando.-Foto-da-Revista-Epoca.-620x264.jpg 620w, https:\/\/rioonwatch.org.br\/wp-content\/uploads\/2020\/10\/DJ-Rennan-Penha-se-apresentando.-Foto-da-Revista-Epoca.-940x400.jpg 940w\" sizes=\"(max-width: 620px) 100vw, 620px\" \/><\/a><\/p>\n<p><strong>MC POZE<\/strong> &#8211; Cria da Favela do <a href=\"http:\/\/bit.ly\/2Tspc4f\" target=\"_blank\" rel=\"noopener\">Rodo<\/a>, <a href=\"http:\/\/bit.ly\/3frtfIu\" target=\"_blank\" rel=\"noopener\">denunciado e preso no estado do Mato Grosso<\/a> por tr\u00e1fico de drogas, organiza\u00e7\u00e3o criminosa, associa\u00e7\u00e3o ao tr\u00e1fico, incita\u00e7\u00e3o ao crime, apologia ao crime, corrup\u00e7\u00e3o de menores e fornecimento de bebidas alco\u00f3licas a menores, em 2019. Foi <a href=\"http:\/\/glo.bo\/2WmyQXT\" target=\"_blank\" rel=\"noopener\">libertado por falta de provas<\/a>. No Rio de Janeiro, chegou a ser considerado foragido depois de ter mandado de pris\u00e3o expedido por apologia ao tr\u00e1fico, em 2020. Responde ao processo em liberdade por enquanto.<\/p>\n<blockquote class=\"twitter-tweet\">\n<p dir=\"ltr\" lang=\"pt\">DEU TUDO CERTO &#x1f62d; OBRIGADO PAPI DO C\u00c9U ESTOU LIVREEEE A FAVELA VENCEUUUUUU !! &#x2764;&#xfe0f;&#x1f62d;&#x1f64f;&#x1f3fd;<br \/>\nQUEM SORRIU NA MINHA IDA PODE SUSTENTAAAAAA !! &#x2764;&#xfe0f;&#x1f645;&#x1f3fd;&#x200d;&#x2642;&#xfe0f; <a href=\"https:\/\/t.co\/yZewICuaVN\">pic.twitter.com\/yZewICuaVN<\/a><\/p>\n<p>\u2014 Mc Poze Do Rodo &#x1f6a9;&#x1f3b6; (@McPozedorodo) <a href=\"https:\/\/twitter.com\/McPozedorodo\/status\/1283158474252259334?ref_src=twsrc%5Etfw\">July 14, 2020<\/a><\/p><\/blockquote>\n<p><script async src=\"https:\/\/platform.twitter.com\/widgets.js\" charset=\"utf-8\"><\/script><\/p>\n<p><em>Ingra Maciel, moradora de\u00a0<a href=\"https:\/\/bit.ly\/3csVmo6\" target=\"_blank\" rel=\"noopener noreferrer\">Acari,<\/a>\u00a0tem 28 anos e \u00e9 formada em Hist\u00f3ria pela UFRJ, p\u00f3s-graduada em ensino de Hist\u00f3ria da \u00c1frica, pelo Col\u00e9gio Pedro II e auxiliar de pesquisa do Medialab da UFRJ. Na gradua\u00e7\u00e3o desenvolveu sua pesquisa acerca da criminaliza\u00e7\u00e3o do funk carioca e o seu processo de resist\u00eancia, e atualmente vem estudando o funk carioca a partir da perspectiva pedag\u00f3gica.<\/em><\/p>\n<hr \/>\n<h4><strong>Apoie nossos esfor\u00e7os para fornecer assist\u00eancia estrat\u00e9gica \u00e0s favelas do Rio incluindo o jornalismo hiperlocal, cr\u00edtico, inovador e incans\u00e1vel do <em>RioOnWatch<\/em><\/strong>\u2014<a href=\"http:\/\/bit.ly\/CatalisandoComunidades\">doe aqui<\/a>.<\/h4>\n<!-- AddThis Advanced Settings generic via filter on the_content --><!-- AddThis Share Buttons generic via filter on the_content -->","protected":false},"excerpt":{"rendered":"<div class=\"mh-excerpt\"><p>Click Here for English Esta \u00e9 a segunda de uma mat\u00e9ria de duas partes sobre a criminaliza\u00e7\u00e3o do funk. Esta segunda parte aborda depoimentos do MC Poze, a vis\u00e3o do cantor Emicida sobre a criminaliza\u00e7\u00e3o <a class=\"mh-excerpt-more\" href=\"https:\/\/rioonwatch.org.br\/?p=51829\" title=\"O Racismo Velado na Criminaliza\u00e7\u00e3o do Funk, Parte 2: \u2018N\u00e3o Tenta Destruir Isso!\u2019 [V\u00cdDEO]\">[&#8230;]<\/a><!-- AddThis Advanced Settings generic via filter on get_the_excerpt --><!-- AddThis Share Buttons generic via filter on get_the_excerpt --><\/p>\n<\/div>","protected":false},"author":167,"featured_media":52344,"comment_status":"closed","ping_status":"closed","sticky":false,"template":"","format":"standard","meta":{"_acf_changed":false,"_monsterinsights_skip_tracking":false,"_monsterinsights_sitenote_active":false,"_monsterinsights_sitenote_note":"","_monsterinsights_sitenote_category":0,"footnotes":""},"categories":[1621,1615,1625,1638],"tags":[386,334,704,1800,2717,217,575,1239,421,1185,502,607,2978,20,10,350,2151,439,498,2378,16,2746,2010,544],"writer":[2955],"translator":[],"source":[],"ilustrador":[],"fotografo":[],"class_list":{"0":"post-51829","1":"post","2":"type-post","3":"status-publish","4":"format-standard","5":"has-post-thumbnail","7":"category-destaque","8":"category-cultura-da-favela","9":"category-por-correspondentes-comunitarios","10":"category-video","11":"tag-estigma","12":"tag-arte","13":"tag-borel","14":"tag-chapadao","15":"tag-complexo-da-penha","16":"tag-complexo-do-alemao","17":"tag-costa-barros","18":"tag-criminalizacao-da-pobreza","19":"tag-cultura-da-favela","20":"tag-cv","21":"tag-funk","22":"tag-mangueira","23":"tag-morro-do-serrao","24":"tag-musica","25":"tag-niteroi","26":"tag-nova-holanda","27":"tag-oab","28":"tag-pavao-pavaozinho","29":"tag-penha","30":"tag-policia-civil","31":"tag-rocinha","32":"tag-favela-do-rola","33":"tag-serrinha","34":"tag-vila-kennedy","35":"writer-ingra-maciel"},"acf":[],"yoast_head":"<!-- This site is optimized with the Yoast SEO plugin v25.6 - https:\/\/yoast.com\/wordpress\/plugins\/seo\/ -->\n<title>O Racismo Velado na Criminaliza\u00e7\u00e3o do Funk, Parte 2: \u2018N\u00e3o Tenta Destruir Isso!\u2019 [V\u00cdDEO] - RioOnWatch<\/title>\n<meta name=\"robots\" content=\"index, follow, max-snippet:-1, max-image-preview:large, max-video-preview:-1\" \/>\n<link rel=\"canonical\" href=\"https:\/\/rioonwatch.org.br\/?p=51829\" \/>\n<meta property=\"og:locale\" content=\"pt_BR\" \/>\n<meta property=\"og:type\" content=\"article\" \/>\n<meta property=\"og:title\" content=\"O Racismo Velado na Criminaliza\u00e7\u00e3o do Funk, Parte 2: \u2018N\u00e3o Tenta Destruir Isso!\u2019 [V\u00cdDEO] - RioOnWatch\" \/>\n<meta property=\"og:description\" content=\"Click Here for English Esta \u00e9 a segunda de uma mat\u00e9ria de duas partes sobre a criminaliza\u00e7\u00e3o do funk. Esta segunda parte aborda depoimentos do MC Poze, a vis\u00e3o do cantor Emicida sobre a criminaliza\u00e7\u00e3o [...]\" \/>\n<meta property=\"og:url\" content=\"https:\/\/rioonwatch.org.br\/?p=51829\" \/>\n<meta property=\"og:site_name\" content=\"RioOnWatch\" \/>\n<meta property=\"article:published_time\" content=\"2021-01-08T14:37:00+00:00\" \/>\n<meta property=\"article:modified_time\" content=\"2024-06-20T19:19:18+00:00\" \/>\n<meta property=\"og:image\" content=\"https:\/\/rioonwatch.org.br\/wp-content\/uploads\/2020\/12\/MC-Poze-do-Rodo-e1607632993999.jpeg\" \/>\n\t<meta property=\"og:image:width\" content=\"960\" \/>\n\t<meta property=\"og:image:height\" content=\"803\" \/>\n\t<meta property=\"og:image:type\" content=\"image\/jpeg\" \/>\n<meta name=\"author\" content=\"Julio Santos Filho\" \/>\n<meta name=\"twitter:card\" content=\"summary_large_image\" \/>\n<meta name=\"twitter:label1\" content=\"Escrito por\" \/>\n\t<meta name=\"twitter:data1\" content=\"Julio Santos Filho\" \/>\n\t<meta name=\"twitter:label2\" content=\"Est. tempo de leitura\" \/>\n\t<meta name=\"twitter:data2\" content=\"9 minutos\" \/>\n<script type=\"application\/ld+json\" class=\"yoast-schema-graph\">{\"@context\":\"https:\/\/schema.org\",\"@graph\":[{\"@type\":\"Article\",\"@id\":\"https:\/\/rioonwatch.org.br\/?p=51829#article\",\"isPartOf\":{\"@id\":\"https:\/\/rioonwatch.org.br\/?p=51829\"},\"author\":{\"name\":\"Julio Santos Filho\",\"@id\":\"https:\/\/rioonwatch.org.br\/#\/schema\/person\/476bc75767957d3535b65b796667cd36\"},\"headline\":\"O Racismo Velado na Criminaliza\u00e7\u00e3o do Funk, Parte 2: \u2018N\u00e3o Tenta Destruir Isso!\u2019 [V\u00cdDEO]\",\"datePublished\":\"2021-01-08T14:37:00+00:00\",\"dateModified\":\"2024-06-20T19:19:18+00:00\",\"mainEntityOfPage\":{\"@id\":\"https:\/\/rioonwatch.org.br\/?p=51829\"},\"wordCount\":1876,\"publisher\":{\"@id\":\"https:\/\/rioonwatch.org.br\/#organization\"},\"image\":{\"@id\":\"https:\/\/rioonwatch.org.br\/?p=51829#primaryimage\"},\"thumbnailUrl\":\"https:\/\/rioonwatch.org.br\/wp-content\/uploads\/2020\/12\/MC-Poze-do-Rodo-e1607632993999.jpeg\",\"keywords\":[\"#StopFavelaStigma\",\"arte\",\"Borel\",\"Chapad\u00e3o\",\"Complexo da Penha\",\"Complexo do Alem\u00e3o\",\"Costa Barros\",\"criminaliza\u00e7\u00e3o da pobreza\",\"cultura da favela\",\"CV\",\"funk\",\"Mangueira\",\"Morro do Serr\u00e3o\",\"m\u00fasica\",\"Niter\u00f3i\",\"Nova Holanda\",\"OAB\",\"Pav\u00e3o-Pav\u00e3ozinho\",\"Penha\",\"Pol\u00edcia Civil\",\"Rocinha\",\"Rollas\",\"Serrinha\",\"Vila Kennedy\"],\"articleSection\":[\"*Destaque\",\"Cultura da Favela\",\"Escrito por Comunicadores Populares\",\"V\u00eddeo\"],\"inLanguage\":\"pt-BR\"},{\"@type\":\"WebPage\",\"@id\":\"https:\/\/rioonwatch.org.br\/?p=51829\",\"url\":\"https:\/\/rioonwatch.org.br\/?p=51829\",\"name\":\"O Racismo Velado na Criminaliza\u00e7\u00e3o do Funk, Parte 2: \u2018N\u00e3o Tenta Destruir Isso!\u2019 [V\u00cdDEO] - RioOnWatch\",\"isPartOf\":{\"@id\":\"https:\/\/rioonwatch.org.br\/#website\"},\"primaryImageOfPage\":{\"@id\":\"https:\/\/rioonwatch.org.br\/?p=51829#primaryimage\"},\"image\":{\"@id\":\"https:\/\/rioonwatch.org.br\/?p=51829#primaryimage\"},\"thumbnailUrl\":\"https:\/\/rioonwatch.org.br\/wp-content\/uploads\/2020\/12\/MC-Poze-do-Rodo-e1607632993999.jpeg\",\"datePublished\":\"2021-01-08T14:37:00+00:00\",\"dateModified\":\"2024-06-20T19:19:18+00:00\",\"breadcrumb\":{\"@id\":\"https:\/\/rioonwatch.org.br\/?p=51829#breadcrumb\"},\"inLanguage\":\"pt-BR\",\"potentialAction\":[{\"@type\":\"ReadAction\",\"target\":[\"https:\/\/rioonwatch.org.br\/?p=51829\"]}]},{\"@type\":\"ImageObject\",\"inLanguage\":\"pt-BR\",\"@id\":\"https:\/\/rioonwatch.org.br\/?p=51829#primaryimage\",\"url\":\"https:\/\/rioonwatch.org.br\/wp-content\/uploads\/2020\/12\/MC-Poze-do-Rodo-e1607632993999.jpeg\",\"contentUrl\":\"https:\/\/rioonwatch.org.br\/wp-content\/uploads\/2020\/12\/MC-Poze-do-Rodo-e1607632993999.jpeg\",\"width\":960,\"height\":803},{\"@type\":\"BreadcrumbList\",\"@id\":\"https:\/\/rioonwatch.org.br\/?p=51829#breadcrumb\",\"itemListElement\":[{\"@type\":\"ListItem\",\"position\":1,\"name\":\"In\u00edcio\",\"item\":\"https:\/\/rioonwatch.org.br\/\"},{\"@type\":\"ListItem\",\"position\":2,\"name\":\"O Racismo Velado na Criminaliza\u00e7\u00e3o do Funk, Parte 2: \u2018N\u00e3o Tenta Destruir Isso!\u2019 [V\u00cdDEO]\"}]},{\"@type\":\"WebSite\",\"@id\":\"https:\/\/rioonwatch.org.br\/#website\",\"url\":\"https:\/\/rioonwatch.org.br\/\",\"name\":\"RioOnWatch\",\"description\":\"relatos das favelas cariocas\",\"publisher\":{\"@id\":\"https:\/\/rioonwatch.org.br\/#organization\"},\"potentialAction\":[{\"@type\":\"SearchAction\",\"target\":{\"@type\":\"EntryPoint\",\"urlTemplate\":\"https:\/\/rioonwatch.org.br\/?s={search_term_string}\"},\"query-input\":{\"@type\":\"PropertyValueSpecification\",\"valueRequired\":true,\"valueName\":\"search_term_string\"}}],\"inLanguage\":\"pt-BR\"},{\"@type\":\"Organization\",\"@id\":\"https:\/\/rioonwatch.org.br\/#organization\",\"name\":\"RioOnWatch\",\"url\":\"https:\/\/rioonwatch.org.br\/\",\"logo\":{\"@type\":\"ImageObject\",\"inLanguage\":\"pt-BR\",\"@id\":\"https:\/\/rioonwatch.org.br\/#\/schema\/logo\/image\/\",\"url\":\"https:\/\/rioonwatch.org.br\/wp-content\/uploads\/2021\/06\/RioOnWatchcabecalhoPT11anos-2.png\",\"contentUrl\":\"https:\/\/rioonwatch.org.br\/wp-content\/uploads\/2021\/06\/RioOnWatchcabecalhoPT11anos-2.png\",\"width\":779,\"height\":277,\"caption\":\"RioOnWatch\"},\"image\":{\"@id\":\"https:\/\/rioonwatch.org.br\/#\/schema\/logo\/image\/\"}},{\"@type\":\"Person\",\"@id\":\"https:\/\/rioonwatch.org.br\/#\/schema\/person\/476bc75767957d3535b65b796667cd36\",\"name\":\"Julio Santos Filho\",\"image\":{\"@type\":\"ImageObject\",\"inLanguage\":\"pt-BR\",\"@id\":\"https:\/\/rioonwatch.org.br\/#\/schema\/person\/image\/\",\"url\":\"https:\/\/secure.gravatar.com\/avatar\/ca138f7666182a292a8ce4ca14fb81f8?s=96&d=blank&r=g\",\"contentUrl\":\"https:\/\/secure.gravatar.com\/avatar\/ca138f7666182a292a8ce4ca14fb81f8?s=96&d=blank&r=g\",\"caption\":\"Julio Santos Filho\"},\"url\":\"https:\/\/rioonwatch.org.br\/?author=167\"}]}<\/script>\n<!-- \/ Yoast SEO plugin. -->","yoast_head_json":{"title":"O Racismo Velado na Criminaliza\u00e7\u00e3o do Funk, Parte 2: \u2018N\u00e3o Tenta Destruir Isso!\u2019 [V\u00cdDEO] - RioOnWatch","robots":{"index":"index","follow":"follow","max-snippet":"max-snippet:-1","max-image-preview":"max-image-preview:large","max-video-preview":"max-video-preview:-1"},"canonical":"https:\/\/rioonwatch.org.br\/?p=51829","og_locale":"pt_BR","og_type":"article","og_title":"O Racismo Velado na Criminaliza\u00e7\u00e3o do Funk, Parte 2: \u2018N\u00e3o Tenta Destruir Isso!\u2019 [V\u00cdDEO] - RioOnWatch","og_description":"Click Here for English Esta \u00e9 a segunda de uma mat\u00e9ria de duas partes sobre a criminaliza\u00e7\u00e3o do funk. Esta segunda parte aborda depoimentos do MC Poze, a vis\u00e3o do cantor Emicida sobre a criminaliza\u00e7\u00e3o [...]","og_url":"https:\/\/rioonwatch.org.br\/?p=51829","og_site_name":"RioOnWatch","article_published_time":"2021-01-08T14:37:00+00:00","article_modified_time":"2024-06-20T19:19:18+00:00","og_image":[{"width":960,"height":803,"url":"https:\/\/rioonwatch.org.br\/wp-content\/uploads\/2020\/12\/MC-Poze-do-Rodo-e1607632993999.jpeg","type":"image\/jpeg"}],"author":"Julio Santos Filho","twitter_card":"summary_large_image","twitter_misc":{"Escrito por":"Julio Santos Filho","Est. tempo de leitura":"9 minutos"},"schema":{"@context":"https:\/\/schema.org","@graph":[{"@type":"Article","@id":"https:\/\/rioonwatch.org.br\/?p=51829#article","isPartOf":{"@id":"https:\/\/rioonwatch.org.br\/?p=51829"},"author":{"name":"Julio Santos Filho","@id":"https:\/\/rioonwatch.org.br\/#\/schema\/person\/476bc75767957d3535b65b796667cd36"},"headline":"O Racismo Velado na Criminaliza\u00e7\u00e3o do Funk, Parte 2: \u2018N\u00e3o Tenta Destruir Isso!\u2019 [V\u00cdDEO]","datePublished":"2021-01-08T14:37:00+00:00","dateModified":"2024-06-20T19:19:18+00:00","mainEntityOfPage":{"@id":"https:\/\/rioonwatch.org.br\/?p=51829"},"wordCount":1876,"publisher":{"@id":"https:\/\/rioonwatch.org.br\/#organization"},"image":{"@id":"https:\/\/rioonwatch.org.br\/?p=51829#primaryimage"},"thumbnailUrl":"https:\/\/rioonwatch.org.br\/wp-content\/uploads\/2020\/12\/MC-Poze-do-Rodo-e1607632993999.jpeg","keywords":["#StopFavelaStigma","arte","Borel","Chapad\u00e3o","Complexo da Penha","Complexo do Alem\u00e3o","Costa Barros","criminaliza\u00e7\u00e3o da pobreza","cultura da favela","CV","funk","Mangueira","Morro do Serr\u00e3o","m\u00fasica","Niter\u00f3i","Nova Holanda","OAB","Pav\u00e3o-Pav\u00e3ozinho","Penha","Pol\u00edcia Civil","Rocinha","Rollas","Serrinha","Vila Kennedy"],"articleSection":["*Destaque","Cultura da Favela","Escrito por Comunicadores Populares","V\u00eddeo"],"inLanguage":"pt-BR"},{"@type":"WebPage","@id":"https:\/\/rioonwatch.org.br\/?p=51829","url":"https:\/\/rioonwatch.org.br\/?p=51829","name":"O Racismo Velado na Criminaliza\u00e7\u00e3o do Funk, Parte 2: \u2018N\u00e3o Tenta Destruir Isso!\u2019 [V\u00cdDEO] - RioOnWatch","isPartOf":{"@id":"https:\/\/rioonwatch.org.br\/#website"},"primaryImageOfPage":{"@id":"https:\/\/rioonwatch.org.br\/?p=51829#primaryimage"},"image":{"@id":"https:\/\/rioonwatch.org.br\/?p=51829#primaryimage"},"thumbnailUrl":"https:\/\/rioonwatch.org.br\/wp-content\/uploads\/2020\/12\/MC-Poze-do-Rodo-e1607632993999.jpeg","datePublished":"2021-01-08T14:37:00+00:00","dateModified":"2024-06-20T19:19:18+00:00","breadcrumb":{"@id":"https:\/\/rioonwatch.org.br\/?p=51829#breadcrumb"},"inLanguage":"pt-BR","potentialAction":[{"@type":"ReadAction","target":["https:\/\/rioonwatch.org.br\/?p=51829"]}]},{"@type":"ImageObject","inLanguage":"pt-BR","@id":"https:\/\/rioonwatch.org.br\/?p=51829#primaryimage","url":"https:\/\/rioonwatch.org.br\/wp-content\/uploads\/2020\/12\/MC-Poze-do-Rodo-e1607632993999.jpeg","contentUrl":"https:\/\/rioonwatch.org.br\/wp-content\/uploads\/2020\/12\/MC-Poze-do-Rodo-e1607632993999.jpeg","width":960,"height":803},{"@type":"BreadcrumbList","@id":"https:\/\/rioonwatch.org.br\/?p=51829#breadcrumb","itemListElement":[{"@type":"ListItem","position":1,"name":"In\u00edcio","item":"https:\/\/rioonwatch.org.br\/"},{"@type":"ListItem","position":2,"name":"O Racismo Velado na Criminaliza\u00e7\u00e3o do Funk, Parte 2: \u2018N\u00e3o Tenta Destruir Isso!\u2019 [V\u00cdDEO]"}]},{"@type":"WebSite","@id":"https:\/\/rioonwatch.org.br\/#website","url":"https:\/\/rioonwatch.org.br\/","name":"RioOnWatch","description":"relatos das favelas cariocas","publisher":{"@id":"https:\/\/rioonwatch.org.br\/#organization"},"potentialAction":[{"@type":"SearchAction","target":{"@type":"EntryPoint","urlTemplate":"https:\/\/rioonwatch.org.br\/?s={search_term_string}"},"query-input":{"@type":"PropertyValueSpecification","valueRequired":true,"valueName":"search_term_string"}}],"inLanguage":"pt-BR"},{"@type":"Organization","@id":"https:\/\/rioonwatch.org.br\/#organization","name":"RioOnWatch","url":"https:\/\/rioonwatch.org.br\/","logo":{"@type":"ImageObject","inLanguage":"pt-BR","@id":"https:\/\/rioonwatch.org.br\/#\/schema\/logo\/image\/","url":"https:\/\/rioonwatch.org.br\/wp-content\/uploads\/2021\/06\/RioOnWatchcabecalhoPT11anos-2.png","contentUrl":"https:\/\/rioonwatch.org.br\/wp-content\/uploads\/2021\/06\/RioOnWatchcabecalhoPT11anos-2.png","width":779,"height":277,"caption":"RioOnWatch"},"image":{"@id":"https:\/\/rioonwatch.org.br\/#\/schema\/logo\/image\/"}},{"@type":"Person","@id":"https:\/\/rioonwatch.org.br\/#\/schema\/person\/476bc75767957d3535b65b796667cd36","name":"Julio Santos Filho","image":{"@type":"ImageObject","inLanguage":"pt-BR","@id":"https:\/\/rioonwatch.org.br\/#\/schema\/person\/image\/","url":"https:\/\/secure.gravatar.com\/avatar\/ca138f7666182a292a8ce4ca14fb81f8?s=96&d=blank&r=g","contentUrl":"https:\/\/secure.gravatar.com\/avatar\/ca138f7666182a292a8ce4ca14fb81f8?s=96&d=blank&r=g","caption":"Julio Santos Filho"},"url":"https:\/\/rioonwatch.org.br\/?author=167"}]}},"_links":{"self":[{"href":"https:\/\/rioonwatch.org.br\/index.php?rest_route=\/wp\/v2\/posts\/51829"}],"collection":[{"href":"https:\/\/rioonwatch.org.br\/index.php?rest_route=\/wp\/v2\/posts"}],"about":[{"href":"https:\/\/rioonwatch.org.br\/index.php?rest_route=\/wp\/v2\/types\/post"}],"author":[{"embeddable":true,"href":"https:\/\/rioonwatch.org.br\/index.php?rest_route=\/wp\/v2\/users\/167"}],"replies":[{"embeddable":true,"href":"https:\/\/rioonwatch.org.br\/index.php?rest_route=%2Fwp%2Fv2%2Fcomments&post=51829"}],"version-history":[{"count":28,"href":"https:\/\/rioonwatch.org.br\/index.php?rest_route=\/wp\/v2\/posts\/51829\/revisions"}],"predecessor-version":[{"id":53907,"href":"https:\/\/rioonwatch.org.br\/index.php?rest_route=\/wp\/v2\/posts\/51829\/revisions\/53907"}],"wp:featuredmedia":[{"embeddable":true,"href":"https:\/\/rioonwatch.org.br\/index.php?rest_route=\/wp\/v2\/media\/52344"}],"wp:attachment":[{"href":"https:\/\/rioonwatch.org.br\/index.php?rest_route=%2Fwp%2Fv2%2Fmedia&parent=51829"}],"wp:term":[{"taxonomy":"category","embeddable":true,"href":"https:\/\/rioonwatch.org.br\/index.php?rest_route=%2Fwp%2Fv2%2Fcategories&post=51829"},{"taxonomy":"post_tag","embeddable":true,"href":"https:\/\/rioonwatch.org.br\/index.php?rest_route=%2Fwp%2Fv2%2Ftags&post=51829"},{"taxonomy":"writer","embeddable":true,"href":"https:\/\/rioonwatch.org.br\/index.php?rest_route=%2Fwp%2Fv2%2Fwriter&post=51829"},{"taxonomy":"translator","embeddable":true,"href":"https:\/\/rioonwatch.org.br\/index.php?rest_route=%2Fwp%2Fv2%2Ftranslator&post=51829"},{"taxonomy":"source","embeddable":true,"href":"https:\/\/rioonwatch.org.br\/index.php?rest_route=%2Fwp%2Fv2%2Fsource&post=51829"},{"taxonomy":"ilustrador","embeddable":true,"href":"https:\/\/rioonwatch.org.br\/index.php?rest_route=%2Fwp%2Fv2%2Filustrador&post=51829"},{"taxonomy":"fotografo","embeddable":true,"href":"https:\/\/rioonwatch.org.br\/index.php?rest_route=%2Fwp%2Fv2%2Ffotografo&post=51829"}],"curies":[{"name":"wp","href":"https:\/\/api.w.org\/{rel}","templated":true}]}}