{"id":52019,"date":"2021-01-03T09:55:21","date_gmt":"2021-01-03T12:55:21","guid":{"rendered":"https:\/\/rioonwatch.org.br\/?p=52019"},"modified":"2024-04-24T11:05:18","modified_gmt":"2024-04-24T14:05:18","slug":"milicias-e-poder-parte-2-jose-claudio-alves-reflete-sobre-as-multiplas-faces-e-fases-das-milicias-no-rio","status":"publish","type":"post","link":"https:\/\/rioonwatch.org.br\/?p=52019","title":{"rendered":"Mil\u00edcias e Poder, Parte 2: Alves e Soares Refletem Sobre as M\u00faltiplas Faces e Fases das Mil\u00edcias no Rio"},"content":{"rendered":"<h4 style=\"text-align: right;\"><em><strong><a href=\"https:\/\/rioonwatch.org\/?p=71202\" target=\"_blank\" rel=\"noopener\">Click Here for English<img decoding=\"async\" class=\"alignright wp-image-15790 lazyloaded\" src=\"https:\/\/rioonwatch.org.br\/wp-content\/uploads\/2012\/08\/EN-standard-e1439583104716.jpg\" alt=\"\" width=\"20\" height=\"20\" data-src=\"https:\/\/rioonwatch.org.br\/wp-content\/uploads\/2012\/08\/EN-standard-e1439583104716.jpg\" \/><\/a><\/strong><\/em><\/h4>\n<p><em>Essa \u00e9 a segunda parte, de <a href=\"http:\/\/bit.ly\/2JJfbOS\" target=\"_blank\" rel=\"noopener\">uma mat\u00e9ria em duas partes<\/a>, <\/em><em>que discorre sobre a expans\u00e3o da mil\u00edcia no poder estatal na Regi\u00e3o Metropolitana do Rio de Janeiro. Essa segunda traz um breve hist\u00f3rico das mil\u00edcias desde a ditadura at\u00e9 os dias de hoje e os caminhos de sua infiltra\u00e7\u00e3o no Estado. Leia a parte 1 <a href=\"http:\/\/bit.ly\/2JJfbOS\" target=\"_blank\" rel=\"noopener noreferrer\">aqui<\/a>.<\/em><\/p>\n<p>Devido ao n\u00edvel de infiltra\u00e7\u00e3o e gest\u00e3o que possuem a partir do pr\u00f3prio Estado, as mil\u00edcias <a href=\"http:\/\/bit.ly\/2WvwQeD\" target=\"_blank\" rel=\"noopener\">n\u00e3o s\u00e3o mais apenas um poder paralelo<\/a>, garante o soci\u00f3logo <a href=\"https:\/\/bit.ly\/2TIBczq\" target=\"_blank\" rel=\"noopener noreferrer\">Jos\u00e9 Cl\u00e1udio Alves<\/a>, professor da\u00a0<a href=\"https:\/\/bit.ly\/36D8IMt\" target=\"_blank\" rel=\"noopener noreferrer\">UFRRJ<\/a>, que estuda o fen\u00f4meno h\u00e1 26 anos. Mas como se explica esta conjuntura pol\u00edtica-social criminosa no Rio de Janeiro?<\/p>\n<p><span style=\"font-weight: 400;\">Segundo o soci\u00f3logo, o poder das mil\u00edcias ultrapassa a gest\u00e3o de mercados e desemboca no acesso ao poder pol\u00edtico, convertendo controle territorial em poder, seja no \u00e2mbito legislativo ou no executivo. Uma \u00e1rea dominada por mil\u00edcias ao longo dos anos se torna um nicho eleitoral. A rela\u00e7\u00e3o entre legisladores e milicianos \u00e9 uma heran\u00e7a pol\u00edtica de vereadores e deputados ligados a<\/span>\u00a0<a href=\"https:\/\/bit.ly\/361uEAP\" target=\"_blank\" rel=\"noopener noreferrer\"><span style=\"font-weight: 400;\">grupos de exterm\u00ednio nos anos 1990<\/span><\/a><span style=\"font-weight: 400;\">, al\u00e9m do j\u00e1 tradicional v\u00ednculo com as pol\u00edcias.\u00a0<\/span><\/p>\n<p><span style=\"font-weight: 400;\">\u00c9 preciso enxergar a mil\u00edcia como uma face da acumula\u00e7\u00e3o hist\u00f3rica de poder de<\/span> <a href=\"http:\/\/bit.ly\/2cHLpHs\" target=\"_blank\" rel=\"noopener noreferrer\"><span style=\"font-weight: 400;\">grupos de exterm\u00ednio na Baixada Fluminense<\/span><\/a><span style=\"font-weight: 400;\">, agora expandida para diversas \u00e1reas do estado, segundo Jos\u00e9 Cl\u00e1udio. \u201cA pol\u00edcia sempre matou aos baldes, operando em v\u00e1rias \u00e1reas e matando gente pobre. Pouco importa quem seja ou a justificativa, com o argumento de que est\u00e1 combatendo o crime e de <a href=\"http:\/\/bit.ly\/3n92XwW\" target=\"_blank\" rel=\"noopener\">guerras \u00e0s drogas<\/a>, [a pol\u00edcia] mata. Isso sempre aconteceu. O que n\u00f3s temos agora \u00e9 um escancaramento disso com o bolsonarismo e a transforma\u00e7\u00e3o dessa ret\u00f3rica em plataforma pol\u00edtica&#8221;, ressalta.<\/span><\/p>\n<p><a href=\"https:\/\/rioonwatch.org.br\/wp-content\/uploads\/2020\/11\/Jose-claudio-alves.png\"><img fetchpriority=\"high\" decoding=\"async\" class=\"alignright wp-image-52020\" title=\"Jos\u00e9 Cl\u00e1udio Alves\" src=\"https:\/\/rioonwatch.org.br\/wp-content\/uploads\/2020\/11\/Jose-claudio-alves.png\" alt=\"\" width=\"300\" height=\"195\" srcset=\"https:\/\/rioonwatch.org.br\/wp-content\/uploads\/2020\/11\/Jose-claudio-alves.png 538w, https:\/\/rioonwatch.org.br\/wp-content\/uploads\/2020\/11\/Jose-claudio-alves-406x264.png 406w\" sizes=\"(max-width: 300px) 100vw, 300px\" \/><\/a><\/p>\n<p><span style=\"font-weight: 400;\">As \u00e1reas de mil\u00edcias s\u00e3o tamb\u00e9m celeiro para a emerg\u00eancia de lideran\u00e7as\u2014inclusive algumas evang\u00e9licas vinculadas ao fundamentalismo religioso\u2014que ganham capital pol\u00edtico nestas regi\u00f5es. O poder e a consolida\u00e7\u00e3o das mil\u00edcias \u00e9 ocasionado por um ac\u00famulo de din\u00e2micas econ\u00f4micas e sociais que aglutinam m\u00faltiplas faces ao longo de d\u00e9cadas, explica Jos\u00e9 Cl\u00e1udio. Vai do discurso que legitima a viol\u00eancia na sociedade, no estilo &#8220;<\/span><a href=\"http:\/\/bit.ly\/2x48dKG\" target=\"_blank\" rel=\"noopener noreferrer\"><span style=\"font-weight: 400;\">bandido bom \u00e9 bandido morto<\/span><\/a><span style=\"font-weight: 400;\">&#8220;<\/span><span style=\"font-weight: 400;\">\u2014<\/span><span style=\"font-weight: 400;\">ao projeto de querer<\/span> <a href=\"https:\/\/bit.ly\/369GI4J\" target=\"_blank\" rel=\"noopener noreferrer\"><span style=\"font-weight: 400;\">armar a popula\u00e7\u00e3o<\/span><\/a><span style=\"font-weight: 400;\"> e aprovar o<\/span> <a href=\"http:\/\/glo.bo\/3hrCF7D\" target=\"_blank\" rel=\"noopener noreferrer\"><span style=\"font-weight: 400;\">excludente de ilicitude<\/span><\/a><span style=\"font-weight: 400;\">. Enquanto isso, a fragmenta\u00e7\u00e3o da oposi\u00e7\u00e3o faz com que opositores n\u00e3o consigam responder a esta crise de representatividade pol\u00edtico-social.<\/span><\/p>\n<p><span style=\"font-weight: 400;\">Somando a essas camadas e processos, de acordo com Jos\u00e9 Cl\u00e1udio, h\u00e1 uma forte influ\u00eancia das mil\u00edcias junto a grupos neopentecostais evang\u00e9licos em territ\u00f3rios de favelas e periferias. <\/span><span style=\"font-weight: 400;\">&#8220;Quando voc\u00ea olha os ocupantes dos minist\u00e9rios, voc\u00ea vai ver que quem hoje ocupa cargos s\u00e3o aqueles que estavam e est\u00e3o fora das estruturas dominantes da sociedade historicamente. Quem t\u00e1 l\u00e1 \u00e9 o evang\u00e9lico que sempre se percebeu como um exclu\u00eddo, uma esp\u00e9cie de p\u00e1ria. Considerado e visto como <em>outsider<\/em>, ele v\u00ea eco de si agora, de outros &#8216;desamparados como ele&#8217;, ocupando cargos de poder&#8221;, pondera Jos\u00e9 Cl\u00e1udio.<\/span><\/p>\n<p><span style=\"font-weight: 400;\">Segundo ele, o fundamentalismo religioso ganha muito espa\u00e7o porque a dimens\u00e3o religiosa se transformou em um dos poucos lugares onde a popula\u00e7\u00e3o desamparada e mais pobre conseguiu se vincular a uma estrutura social para se salvar. Entregues &#8220;na bacia das almas&#8221; do modelo neoliberal de Estado, que foi degradando e destruindo prote\u00e7\u00f5es sociais no campo do trabalho, emprego e renda, habita\u00e7\u00e3o e mobilidade urbana, os mais pobres foram amparados pelas igrejas neopentecostais, que ocuparam ainda um lugar emocional importante frente ao desmonte do Estado para este segmento da popula\u00e7\u00e3o.<\/span><\/p>\n<p><a href=\"https:\/\/rioonwatch.org.br\/wp-content\/uploads\/2020\/11\/obra-tomografo-universal-rocinha.jpeg\"><img decoding=\"async\" class=\"aligncenter wp-image-51916 size-content\" title=\"Obra da prefeitura para instala\u00e7\u00e3o de um tom\u00f3grafo na Igreja Universal, na Rocinha, na gest\u00e3o de Marcelo Crivella.\" src=\"https:\/\/rioonwatch.org.br\/wp-content\/uploads\/2020\/11\/obra-tomografo-universal-rocinha-620x264.jpeg\" alt=\"\" width=\"620\" height=\"264\" srcset=\"https:\/\/rioonwatch.org.br\/wp-content\/uploads\/2020\/11\/obra-tomografo-universal-rocinha-620x264.jpeg 620w, https:\/\/rioonwatch.org.br\/wp-content\/uploads\/2020\/11\/obra-tomografo-universal-rocinha-940x400.jpeg 940w\" sizes=\"(max-width: 620px) 100vw, 620px\" \/><\/a><\/p>\n<p><span style=\"font-weight: 400;\">&#8220;Progressivamente tudo foi entregue a setores privados e isso cai em cima das costas dos mais pobres, os desamparados que n\u00e3o t\u00eam onde e com quem se proteger. Acharam na igreja um alento&#8221;, ressalta o professor da UFRRJ.<\/span><\/p>\n<p><span style=\"font-weight: 400;\">Ainda, h\u00e1 tamb\u00e9m o <a href=\"http:\/\/bit.ly\/38FND5A\" target=\"_blank\" rel=\"noopener\">esp\u00f3lio dos megaeventos<\/a><\/span> <span style=\"font-weight: 400;\">deixado pelos governos anteriores como um legado para as mil\u00edcias, que aprenderam com o Estado e por dentro do Estado como &#8220;transformar a cidade em um grande neg\u00f3cio para extra\u00e7\u00e3o de riquezas&#8221;, afirma Jos\u00e9 Cl\u00e1udio.<\/span><\/p>\n<p><span style=\"font-weight: 400;\">De acordo com ele, atualmente, o estado do Rio \u00e9 operado por uma &#8220;geopol\u00edtica miliciana\u201d que se estende para diversas \u00e1reas do<\/span> <a href=\"http:\/\/bit.ly\/1IuqD7P\" target=\"_blank\" rel=\"noopener noreferrer\"><span style=\"font-weight: 400;\">Grande Rio<\/span><\/a><span style=\"font-weight: 400;\">, com concentra\u00e7\u00e3o na<\/span> <a href=\"http:\/\/bit.ly\/2x3k8bw\" target=\"_blank\" rel=\"noopener noreferrer\"><span style=\"font-weight: 400;\">Zona Oeste<\/span><\/a><span style=\"font-weight: 400;\"> e nos munic\u00edpios da <a href=\"http:\/\/bit.ly\/32JVvht\" target=\"_blank\" rel=\"noopener\">Baixada Fluminense<\/a> como<\/span> <a href=\"http:\/\/bit.ly\/1xSlxft\" target=\"_blank\" rel=\"noopener noreferrer\"><span style=\"font-weight: 400;\">Duque de Caxias<\/span><\/a><span style=\"font-weight: 400;\">,<\/span> <a href=\"https:\/\/bit.ly\/2IEeohe\" target=\"_blank\" rel=\"noopener noreferrer\"><span style=\"font-weight: 400;\">Japeri<\/span><\/a><span style=\"font-weight: 400;\">,<\/span> <a href=\"http:\/\/bit.ly\/2YytCa6\" target=\"_blank\" rel=\"noopener noreferrer\"><span style=\"font-weight: 400;\">Nova Igua\u00e7u<\/span><\/a><span style=\"font-weight: 400;\">,<\/span> <a href=\"http:\/\/bit.ly\/32a7KVg\" target=\"_blank\" rel=\"noopener noreferrer\"><span style=\"font-weight: 400;\">Belford Roxo<\/span><\/a><span style=\"font-weight: 400;\">,<\/span> <a href=\"http:\/\/bit.ly\/1dZZnRL\" target=\"_blank\" rel=\"noopener noreferrer\"><span style=\"font-weight: 400;\">Queimados<\/span><\/a><span style=\"font-weight: 400;\">,<\/span> <a href=\"https:\/\/bit.ly\/2H1EVow\" target=\"_blank\" rel=\"noopener noreferrer\"><span style=\"font-weight: 400;\">Serop\u00e9dica<\/span><\/a><span style=\"font-weight: 400;\"> unidos pelo Arco Metropolitano, que desemboca at\u00e9 o Porto de Itagua\u00ed. Nesta din\u00e2mica, a mil\u00edcia tamb\u00e9m <a href=\"http:\/\/bit.ly\/3b0xlHi\" target=\"_blank\" rel=\"noopener\">passou a agir na<\/a><\/span> <span style=\"font-weight: 400;\">Zona Norte<\/span><span style=\"font-weight: 400;\"> e chegou, ainda que de <a href=\"http:\/\/bit.ly\/2L4MtbE\" target=\"_blank\" rel=\"noopener\">forma mais discreta, na Zona Sul<\/a> <\/span><span style=\"font-weight: 400;\">da capital do estado.<\/span><\/p>\n<p><span style=\"font-weight: 400;\">As \u00e1reas dominadas pela mil\u00edcia na Zona Norte servem como locais operativos para convocar homens a qualquer momento com o objetivo de disputar territ\u00f3rios com o tr\u00e1fico de drogas. Em geral, as mil\u00edcias, aliados a outras fac\u00e7\u00f5es como o Terceiro Comando Puro, entram em conflito com a fac\u00e7\u00e3o <a href=\"http:\/\/bit.ly\/3oM3pT3\" target=\"_blank\" rel=\"noopener\">Comando Vermelho<\/a>.<\/span><\/p>\n<p><span style=\"font-weight: 400;\">As mil\u00edcias s\u00e3o formadas geralmente por quadros das<\/span> <a href=\"http:\/\/bit.ly\/2x488q5\" target=\"_blank\" rel=\"noopener noreferrer\"><span style=\"font-weight: 400;\">Pol\u00edcias Militar<\/span><\/a><span style=\"font-weight: 400;\"> e<\/span>\u00a0<a href=\"https:\/\/bit.ly\/3mt6VQW\" target=\"_blank\" rel=\"noopener noreferrer\"><span style=\"font-weight: 400;\">Civil<\/span><\/a><span style=\"font-weight: 400;\"> e dos Bombeiros e dominam<\/span><span style=\"font-weight: 400;\"> cerca de <a href=\"http:\/\/bit.ly\/37VGuPh\" target=\"_blank\" rel=\"noopener\">25,5% dos bairros, totalizando 57,5% do territ\u00f3rio<\/a> da capital fluminense\u2014<\/span><span style=\"font-weight: 400;\">segundo <a href=\"https:\/\/bit.ly\/2FAANLv\" target=\"_blank\" rel=\"noopener\" data-link-track-dtm=\"\">pesquisa<\/a> realizada pelo Grupo de Estudos dos Novos Ilegalismos (GENI\/<a href=\"http:\/\/bit.ly\/2wR1FPk\" target=\"_blank\" rel=\"noopener\">UFF<\/a>), <a href=\"http:\/\/bit.ly\/3pa0VPh\" target=\"_blank\" rel=\"noopener\">Fogo Cruzado<\/a>, <a href=\"http:\/\/bit.ly\/3noXlPo\" target=\"_blank\" rel=\"noopener\">N\u00facleo de Estudos da Viol\u00eancia da USP<\/a>, <a href=\"http:\/\/bit.ly\/3rAHBM9\" target=\"_blank\" rel=\"noopener\">Pista News<\/a> e o Disque-Den\u00fancia\u2014al\u00e9m de dominar territ\u00f3rios e cidades da Regi\u00e3o Metropolitana.<\/span><\/p>\n<p><a href=\"https:\/\/rioonwatch.org.br\/wp-content\/uploads\/2020\/12\/ok-Mapa-Regao-Metropolitana-do-Rio-de-Janeiro-Renata-Gracie-ICICT-Fiocruz.jpg\"><img loading=\"lazy\" decoding=\"async\" class=\"aligncenter wp-image-52753 size-medium\" title=\"Mapa daRegi\u00e3o Metropolitana do Rio de Janeiro - Renata Gracie, ICICT-Fiocruz\" src=\"https:\/\/rioonwatch.org.br\/wp-content\/uploads\/2020\/12\/ok-Mapa-Regao-Metropolitana-do-Rio-de-Janeiro-Renata-Gracie-ICICT-Fiocruz-620x380.jpg\" alt=\"\" width=\"620\" height=\"380\" srcset=\"https:\/\/rioonwatch.org.br\/wp-content\/uploads\/2020\/12\/ok-Mapa-Regao-Metropolitana-do-Rio-de-Janeiro-Renata-Gracie-ICICT-Fiocruz-620x380.jpg 620w, https:\/\/rioonwatch.org.br\/wp-content\/uploads\/2020\/12\/ok-Mapa-Regao-Metropolitana-do-Rio-de-Janeiro-Renata-Gracie-ICICT-Fiocruz-431x264.jpg 431w, https:\/\/rioonwatch.org.br\/wp-content\/uploads\/2020\/12\/ok-Mapa-Regao-Metropolitana-do-Rio-de-Janeiro-Renata-Gracie-ICICT-Fiocruz.jpg 628w\" sizes=\"(max-width: 620px) 100vw, 620px\" \/><\/a><\/p>\n<p><span style=\"font-weight: 400;\">Hoje, as mil\u00edcias t\u00eam express\u00f5es tamb\u00e9m em <a href=\"https:\/\/bit.ly\/3nppZjC\" target=\"_blank\" rel=\"noopener\">15 estados do pa\u00eds<\/a><\/span><span style=\"font-weight: 400;\">. &#8220;Se voc\u00ea olhar para a estrutura das mil\u00edcias elas sempre ir\u00e3o atuar na l\u00f3gica de quem tem grana naquela regi\u00e3o. Ent\u00e3o, ao se interiorizar, os grupos milicianos est\u00e3o com o agroneg\u00f3cio, latifundi\u00e1rios, coron\u00e9is,<\/span> <a href=\"https:\/\/bit.ly\/3lJ6Toh\" target=\"_blank\" rel=\"noopener noreferrer\"><span style=\"font-weight: 400;\">grupos mineradores<\/span><\/a><span style=\"font-weight: 400;\">&#8220;<\/span><span style=\"font-weight: 400;\">, descreve Jos\u00e9 Cl\u00e1udio.<\/span><\/p>\n<h3><strong> Scuderie Le Cocq, CPI das Mil\u00edcias e Elei\u00e7\u00f5es<\/strong><\/h3>\n<p><span style=\"font-weight: 400;\">Em raz\u00e3o dos apontamentos da CPI das Mil\u00edcias, <a href=\"http:\/\/bit.ly\/2IqB05t\" target=\"_blank\" rel=\"noopener\">246 milicianos foram presos<\/a> no estado do Rio, em 2009. Um n\u00famero tr\u00eas vezes maior do que no ano anterior:<\/span> <a href=\"https:\/\/bit.ly\/2IqB05t\" target=\"_blank\" rel=\"noopener noreferrer\"><span style=\"font-weight: 400;\">78<\/span><\/a><span style=\"font-weight: 400;\">. O processo da CPI das Mil\u00edcias provocou uma reformula\u00e7\u00e3o dos grupos paramilitares que passaram a atuar de forma mais discreta, &#8220;<\/span><a href=\"https:\/\/bit.ly\/3ntRNU5\" target=\"_blank\" rel=\"noopener noreferrer\"><span style=\"font-weight: 400;\">No Sapatinho<\/span><\/a><span style=\"font-weight: 400;\">&#8220;<\/span><span style=\"font-weight: 400;\">, conforme revelou <a href=\"https:\/\/bit.ly\/34Ts5BA\" target=\"_blank\" rel=\"noopener\">a pesquisa<\/a> realizada pelo Laborat\u00f3rio de An\u00e1lise da Viol\u00eancia (<\/span><a href=\"http:\/\/bit.ly\/1mRSZzR\" target=\"_blank\" rel=\"noopener noreferrer\"><span style=\"font-weight: 400;\">LAV<\/span><\/a><span style=\"font-weight: 400;\">) da<\/span> <a href=\"http:\/\/bit.ly\/2KQx9xm\" target=\"_blank\" rel=\"noopener noreferrer\"><span style=\"font-weight: 400;\">UERJ<\/span><\/a><span style=\"font-weight: 400;\">.<\/span><\/p>\n<p><span style=\"font-weight: 400;\">Mas, a partir de 2010, o cerco \u00e0s mil\u00edcias caiu, atingindo o ponto mais baixo em 2013, com 55 pris\u00f5es, conforme aponta uma<\/span> <a href=\"https:\/\/bit.ly\/2Ivr2iJ\" target=\"_blank\" rel=\"noopener noreferrer\"><span style=\"font-weight: 400;\">reportagem da <em>Revista Piau\u00ed<\/em><\/span><\/a><span style=\"font-weight: 400;\"> junto \u00e0 Ag\u00eancia Lupa. &#8220;A CPI deveria se manter entre o tempo e o espa\u00e7o. Ela tem seu m\u00e9rito, mas tem uma limita\u00e7\u00e3o pr\u00f3pria por ser uma a\u00e7\u00e3o pol\u00edtica que se restringe ao \u00e2mbito parlamentar&#8221;, pondera o soci\u00f3logo Jos\u00e9 Cl\u00e1udio.<\/span><\/p>\n<p><span style=\"font-weight: 400;\">Em 2019, um grupo especializado do Minist\u00e9rio P\u00fablico do Estado do Rio de Janeiro, que combate as mil\u00edcias, <a href=\"http:\/\/bit.ly\/3nU8mJg\" target=\"_blank\" rel=\"noopener\">denunciou 1.060 pessoas e prendeu 336 acusados<\/a> por pertencer a mil\u00edcias. Desde 2012, a legisla\u00e7\u00e3o brasileira define mil\u00edcia no C\u00f3digo Penal no<\/span> <a href=\"https:\/\/bit.ly\/2UqpqcH\" target=\"_blank\" rel=\"noopener noreferrer\"><span style=\"font-weight: 400;\">Artigo 288<\/span><\/a><span style=\"font-weight: 400;\">, por\u00e9m, a tipifica\u00e7\u00e3o est\u00e1 desatualizada. A Lei 12.720 reconhece a atua\u00e7\u00e3o da mil\u00edcia &#8220;sobre o crime de exterm\u00ednio de seres humanos&#8221;, mas a atua\u00e7\u00e3o dos milicianos hoje envolve todo um leque de crimes, deixando sem previs\u00e3o legal boa parte das irregularidades cometidas pelos milicianos.\u00a0<\/span><\/p>\n<p><span style=\"font-weight: 400;\">Um <a href=\"http:\/\/bit.ly\/38IA31f\" target=\"_blank\" rel=\"noopener\">levantamento<\/a> realizado pelo<\/span> <a href=\"http:\/\/bit.ly\/2uOOkXZ\" target=\"_blank\" rel=\"noopener noreferrer\"><span style=\"font-weight: 400;\">F\u00f3rum Grita Baixada<\/span><\/a><span style=\"font-weight: 400;\"> mostra que nos \u00faltimos 60 meses, 25 pessoas ligadas a pol\u00edtica na<\/span><span style=\"font-weight: 400;\"> Baixada Fluminense<\/span><span style=\"font-weight: 400;\"> foram assassinadas. Por meio de an\u00e1lises de reportagens de jornais e sites de not\u00edcias, o F\u00f3rum elaborou um<\/span> <a href=\"https:\/\/bit.ly\/3puroqL\" target=\"_blank\" rel=\"noopener noreferrer\"><span style=\"font-weight: 400;\">levantamento identificando os registros de assassinatos<\/span><\/a><span style=\"font-weight: 400;\"> de pessoas vinculadas \u00e0 pol\u00edtica na regi\u00e3o desde 2016, per\u00edodo das \u00faltimas elei\u00e7\u00f5es municipais. O n\u00famero de pr\u00e9-candidatos, candidatos, gestores p\u00fablicos e cabos eleitorais<\/span> <a href=\"https:\/\/bit.ly\/3nlio5J\" target=\"_blank\" rel=\"noopener noreferrer\"><span style=\"font-weight: 400;\">assassinados na regi\u00e3o<\/span><\/a><span style=\"font-weight: 400;\"> chegou a 25 entre 2016 e 10 de novembro de 2020.<\/span><\/p>\n<p><span style=\"font-weight: 400;\">Para <a href=\"http:\/\/bit.ly\/38FVIHs\" target=\"_blank\" rel=\"noopener\">Luiz Eduardo Soares<\/a>, antrop\u00f3logo, especialista em pol\u00edtica de seguran\u00e7a p\u00fablica e ex-Secret\u00e1rio Nacional de Seguran\u00e7a P\u00fablica, esse estado miliciano tem ra\u00edzes hist\u00f3ricas na<\/span> <a href=\"https:\/\/bit.ly\/32Fqluf\" target=\"_blank\" rel=\"noopener noreferrer\"><span style=\"font-weight: 400;\">Scuderie<\/span> <span style=\"font-weight: 400;\">Le Cocq<\/span><\/a><span style=\"font-weight: 400;\">: grupo de matadores criado por policiais no Rio de Janeiro com o objetivo de vingar a morte do detetive Milton Le Cocq e de outros policiais.\u00a0<\/span><\/p>\n<p><span style=\"font-weight: 400;\"><a href=\"https:\/\/rioonwatch.org.br\/wp-content\/uploads\/2020\/11\/Pasquim-Sivuca.jpg\"><img loading=\"lazy\" decoding=\"async\" class=\"alignright wp-image-51690\" src=\"https:\/\/rioonwatch.org.br\/wp-content\/uploads\/2020\/11\/Pasquim-Sivuca.jpg\" alt=\"\" width=\"300\" height=\"410\" srcset=\"https:\/\/rioonwatch.org.br\/wp-content\/uploads\/2020\/11\/Pasquim-Sivuca.jpg 439w, https:\/\/rioonwatch.org.br\/wp-content\/uploads\/2020\/11\/Pasquim-Sivuca-193x264.jpg 193w\" sizes=\"(max-width: 300px) 100vw, 300px\" \/><\/a>Oficialmente, o grupo foi fundado apenas em 1984 para &#8220;aperfei\u00e7oar a moral e servir \u00e0 coletividade&#8221;, mas a Le Cocq existe desde a<\/span>\u00a0<a href=\"https:\/\/bit.ly\/39nMkZ2\" target=\"_blank\" rel=\"noopener noreferrer\"><span style=\"font-weight: 400;\">ditadura militar<\/span><\/a><span style=\"font-weight: 400;\">. Nas d\u00e9cadas de 1960, 1970 e 1980, pela sua \u201catua\u00e7\u00e3o\u201d, ficou conhecida popularmente como<\/span> <a href=\"https:\/\/rioonwatch.org.br\/?p=51060\" target=\"_blank\" rel=\"noopener noreferrer\"><span style=\"font-weight: 400;\">Esquadr\u00e3o da Morte<\/span><\/a><span style=\"font-weight: 400;\">.<\/span><\/p>\n<p><span style=\"font-weight: 400;\">&#8220;A Le Cocq ao longo dos anos 1960 se tornou o ovo da serpente. Atuavam sobretudo na Baixada Fluminense, na execu\u00e7\u00e3o de supostos criminosos, e depois passaram a ser pistoleiros atendendo o varejo de pol\u00edticos locais por motivos pessoais ou por atividades econ\u00f4micas, executando pessoas como profissionais do crime. Eram policiais. Foram treinados em pr\u00e1ticas de tortura e assassinatos para matar opositores pol\u00edticos do regime militar, mas com o fim da ditadura retornaram as seus batalh\u00f5es de origem. Nunca deixaram de fazer parte do Estado&#8221;, afirmou Luiz Eduardo, no webin\u00e1rio &#8220;<\/span><a href=\"https:\/\/bit.ly\/2UqGyPB\" target=\"_blank\" rel=\"noopener noreferrer\"><span style=\"font-weight: 400;\">Mil\u00edcias e Captura Eleitoral<\/span><\/a><span style=\"font-weight: 400;\">&#8220;, organizado pelo<\/span> <a href=\"https:\/\/bit.ly\/2IyTNLB\" target=\"_blank\" rel=\"noopener noreferrer\"><span style=\"font-weight: 400;\">Foro Intelig\u00eancia<\/span><\/a><span style=\"font-weight: 400;\">.\u00a0<\/span><\/p>\n<p><span style=\"font-weight: 400;\">O grupo tamb\u00e9m teve ramifica\u00e7\u00f5es em <a href=\"http:\/\/bit.ly\/2RR28KT\" target=\"_blank\" rel=\"noopener\">S\u00e3o Paulo<\/a> e Vit\u00f3ria. A <\/span><span style=\"font-weight: 400;\">Scuderie Le Cocq<\/span><span style=\"font-weight: 400;\"> foi<\/span> <a href=\"https:\/\/bit.ly\/2IttOFI\" target=\"_blank\" rel=\"noopener noreferrer\"><span style=\"font-weight: 400;\">extinta em 2004 pela Justi\u00e7a Federal<\/span><\/a><span style=\"font-weight: 400;\"> acatando o pedido do <a href=\"http:\/\/bit.ly\/3804IrX\" target=\"_blank\" rel=\"noopener\">Minist\u00e9rio P\u00fablico Federal<\/a>. No entanto, em 2015, <a href=\"http:\/\/bit.ly\/3rGVRDo\" target=\"_blank\" rel=\"noopener\">ressurgiu como Associa\u00e7\u00e3o Filantr\u00f3pica Scuderie Detetive Le Cocq<\/a> se propondo a &#8220;oferecer assist\u00eancia jur\u00eddica para policiais acusados de crime no exerc\u00edcio da fun\u00e7\u00e3o e a defender a revoga\u00e7\u00e3o do Estatuto do Desarmamento&#8221;<\/span><span style=\"font-weight: 400;\">.<\/span><\/p>\n<h3><b>Democracia x Ditadura<\/b><\/h3>\n<p><span style=\"font-weight: 400;\">&#8220;Na transi\u00e7\u00e3o pol\u00edtica, a gente foi mediado e negociado. Passamos direto para reconcilia\u00e7\u00e3o varrendo as feridas para debaixo do tapete. Fomos direto para o novo regime que se inaugurou com a <a href=\"http:\/\/bit.ly\/37V6hY3\" target=\"_blank\" rel=\"noopener\">Constitui\u00e7\u00e3o de 1988<\/a>. Os representantes do governo militar que tinham ainda alguma influ\u00eancia fizeram uma reserva no campo da seguran\u00e7a p\u00fablica e nas estruturas organizacionais forjadas pela ditadura&#8221;, avalia<\/span><span style=\"font-weight: 400;\"> Luiz Eduardo<\/span><span style=\"font-weight: 400;\">.\u00a0<\/span><\/p>\n<p><span style=\"font-weight: 400;\">Esta heran\u00e7a, explica Luiz Eduardo, persiste. A falta de reestrutura\u00e7\u00e3o das institui\u00e7\u00f5es policiais p\u00f3s-ditadura, fez com que diversos procedimentos ilegais n\u00e3o fossem alterados. Sem a reorganiza\u00e7\u00e3o, manteve-se uma cultura conservada dentro das pol\u00edcias, independente do fim do regime que segue convivendo com a democracia. &#8220;Indiv\u00edduos, homens e mulheres com valores, protocolos de a\u00e7\u00e3o forjados na estrutura anterior [da ditadura], t\u00eam incorporado como cultura e pr\u00e1tica esse modelo de pol\u00edcia.&#8221;<\/span><\/p>\n<p><a href=\"https:\/\/rioonwatch.org.br\/wp-content\/uploads\/2020\/11\/luiz-eduardo-soares.jpg\"><img loading=\"lazy\" decoding=\"async\" class=\"aligncenter wp-image-51697 size-content\" title=\"Luiz Eduardo Soares\" src=\"https:\/\/rioonwatch.org.br\/wp-content\/uploads\/2020\/11\/luiz-eduardo-soares-620x264.jpg\" alt=\"\" width=\"620\" height=\"264\" srcset=\"https:\/\/rioonwatch.org.br\/wp-content\/uploads\/2020\/11\/luiz-eduardo-soares-620x264.jpg 620w, https:\/\/rioonwatch.org.br\/wp-content\/uploads\/2020\/11\/luiz-eduardo-soares-940x400.jpg 940w\" sizes=\"(max-width: 620px) 100vw, 620px\" \/><\/a><\/p>\n<p><span style=\"font-weight: 400;\">&#8220;A \u00e1rea da seguran\u00e7a p\u00fablica n\u00e3o foi atingida pela democracia. Esse passado convive com todo o peso, resist\u00eancia e espessura, com a vibra\u00e7\u00e3o democr\u00e1tica da sociedade brasileira. \u00c9 um desenho paradoxal, uma dicotomia e dualidade&#8221;, analisa Luiz Eduardo.\u00a0<\/span><\/p>\n<p><span style=\"font-weight: 400;\">Para o antrop\u00f3logo, h\u00e1 dificuldade do poder civil elaborar e compreender a gravidade da situa\u00e7\u00e3o das mil\u00edcias, mas n\u00e3o \u00e9 mais poss\u00edvel manter o \u201csil\u00eancio negligente e c\u00famplice\u201d. No Brasil, especialmente na capital e estado do Rio de Janeiro, n\u00e3o existiria &#8220;epis\u00f3dios de<\/span><span style=\"font-weight: 400;\"> viol\u00eancia policial<\/span><span style=\"font-weight: 400;\"> rotinizados&#8221; caso segmentos numerosos da sociedade n\u00e3o fossem coniventes com a<\/span><span style=\"font-weight: 400;\"> viol\u00eancia do Estado<\/span><span style=\"font-weight: 400;\">.<\/span><\/p>\n<p><span style=\"font-weight: 400;\">&#8220;Do ponto de vista sociol\u00f3gico pode ser interessante, mas na pr\u00e1tica para o povo brasileiro \u00e9 dram\u00e1tico. A gente vive nesse conflito e embate: no enclave da anu\u00eancia das institui\u00e7\u00f5es republicanas aceitando o inaceit\u00e1vel e os aplausos da sociedade a essa cultura fascista e brutal, com vig\u00eancia de uma cultura democr\u00e1tica mais complexa do que podemos imaginar. N\u00e3o somos isso ou aquilo&#8221;, diz Luiz Eduardo.\u00a0<\/span><\/p>\n<h3><b>Interven\u00e7\u00e3o Militar x Mil\u00edcias<\/b><\/h3>\n<p><span style=\"font-weight: 400;\">Tanto para Luiz Eduardo Soares quanto para Jos\u00e9 Cl\u00e1udio Alves, a<\/span> <a href=\"http:\/\/bit.ly\/2t2ARfU\" target=\"_blank\" rel=\"noopener\"><span style=\"font-weight: 400;\">interven\u00e7\u00e3o federal realizada no Rio em 2018<\/span><\/a><span style=\"font-weight: 400;\">\u00a0pelas <a href=\"http:\/\/bit.ly\/3hrDs8I\" target=\"_blank\" rel=\"noopener\">For\u00e7as Armadas<\/a>, n\u00e3o conseguiu desmantelar as mil\u00edcias devido ao Estado ser a estrutura e o poder estruturante dos milicianos. As an\u00e1lises dos dois soci\u00f3logos citam o caso de<\/span> <a href=\"http:\/\/bit.ly\/2YHxjy4\" target=\"_blank\" rel=\"noopener noreferrer\"><span style=\"font-weight: 400;\">Marielle Franco<\/span><\/a> como exemplo<span style=\"font-weight: 400;\">, vereadora eleita com mais de 46.000 votos, cria da<\/span> <a href=\"http:\/\/bit.ly\/2K1s59x\" target=\"_blank\" rel=\"noopener noreferrer\"><span style=\"font-weight: 400;\">Mar\u00e9<\/span><\/a><span style=\"font-weight: 400;\">, executada a tiros em 14 de mar\u00e7o de 2018.<\/span><\/p>\n<p><span style=\"font-weight: 400;\">&#8220;As For\u00e7as Armadas que poderiam ser uma for\u00e7a capaz de atuar com independ\u00eancia para a democracia brasileira, n\u00e3o conseguem intervir e nem se interessam. E, se havia independ\u00eancia, isso n\u00e3o se manifestou na pr\u00e1tica. Os assassinatos de Marielle e Anderson s\u00e3o os sinais mais terr\u00edveis da insubordina\u00e7\u00e3o das mil\u00edcias&#8217;, opina Luiz Eduardo.\u00a0<\/span><\/p>\n<p><span style=\"font-weight: 400;\"><a href=\"https:\/\/rioonwatch.org.br\/wp-content\/uploads\/2020\/12\/Intervencao-Latuf.jpeg\"><img loading=\"lazy\" decoding=\"async\" class=\"wp-image-52749 alignright\" src=\"https:\/\/rioonwatch.org.br\/wp-content\/uploads\/2020\/12\/Intervencao-Latuf.jpeg\" alt=\"\" width=\"300\" height=\"434\" srcset=\"https:\/\/rioonwatch.org.br\/wp-content\/uploads\/2020\/12\/Intervencao-Latuf.jpeg 319w, https:\/\/rioonwatch.org.br\/wp-content\/uploads\/2020\/12\/Intervencao-Latuf-183x264.jpeg 183w\" sizes=\"(max-width: 300px) 100vw, 300px\" \/><\/a>&#8220;A morte de Marielle Franco e Anderson ocorre no momento da interven\u00e7\u00e3o federal no Rio em que o <a href=\"http:\/\/bit.ly\/2KKOqu6\" target=\"_blank\" rel=\"noopener\">General Braga Neto<\/a>, hoje Ministro da Casa Civil, estava ali gestionando um projeto pol\u00edtico de pretens\u00f5es nacionais. Isso mostra que essas figuras de poder j\u00e1 estavam se articulando\u201d, afirma Jos\u00e9 Cl\u00e1udio.\u00a0<\/span><\/p>\n<p><span style=\"font-weight: 400;\">\u201cO caso da Marielle n\u00e3o veio \u00e0 tona at\u00e9 o dia de hoje. A<\/span> <a href=\"http:\/\/bit.ly\/2t2ARfU\" target=\"_blank\" rel=\"noopener noreferrer\"><span style=\"font-weight: 400;\">interven\u00e7\u00e3o militar<\/span><\/a><span style=\"font-weight: 400;\"> foi incapaz de estabelecer conex\u00f5es para desvendar um crime t\u00e3o importante para a hist\u00f3ria da cidade e da justi\u00e7a social&#8221;, avaliou Jos\u00e9 Cl\u00e1udio.<\/span><\/p>\n<p><span style=\"font-weight: 400;\">Jos\u00e9 Cl\u00e1udio afirma que \u201co Brasil vive uma antidemocracia travestida de democracia que engana e prende a todos em um simulacro. Presos a essa concep\u00e7\u00e3o de democracia, ao abrimos uma porta ao inv\u00e9s de acessarmos um jardim de direitos, acabamos abrindo as portas de um por\u00e3o cheio de esqueletos&#8221;.<\/span><\/p>\n<p><span style=\"font-weight: 400;\">Com uma s\u00e9rie de reveses, a investiga\u00e7\u00e3o do assassinato de Marielle Franco e do motorista Anderson Gomes,<\/span> <span style=\"font-weight: 400;\">arrasta-se <a href=\"http:\/\/bit.ly\/2IIaGUs\" target=\"_blank\" rel=\"noopener\">h\u00e1 mais de 1.000 dias sem resposta<\/a><\/span><span style=\"font-weight: 400;\">. Duas pessoas foram acusadas de terem executado o crime, mas ainda n\u00e3o se sabe qual foi a motiva\u00e7\u00e3o do crime ou quem seriam os mandantes. <\/span><span style=\"font-weight: 400;\">Segundo as investiga\u00e7\u00f5es, a morte da vereadora est\u00e1 ligada a grupos milicianos do<\/span> <a href=\"https:\/\/glo.bo\/35rXiwf\" target=\"_blank\" rel=\"noopener noreferrer\"><span style=\"font-weight: 400;\">Escrit\u00f3rio do Crime<\/span><\/a><span style=\"font-weight: 400;\">.\u00a0<\/span><\/p>\n<p><em>Essa \u00e9 a segunda parte, de <a href=\"http:\/\/bit.ly\/2JJfbOS\" target=\"_blank\" rel=\"noopener\">uma mat\u00e9ria em<\/a><\/em><em> duas partes, que discorre sobre a expans\u00e3o da mil\u00edcia no poder estatal na Regi\u00e3o Metropolitana do Rio de Janeiro. Leia a parte 1 <a href=\"http:\/\/bit.ly\/2JJfbOS\" target=\"_blank\" rel=\"noopener noreferrer\">aqui<\/a>.<\/em><\/p>\n<hr \/>\n<h4><strong>Apoie nossos esfor\u00e7os para fornecer assist\u00eancia estrat\u00e9gica \u00e0s favelas do Rio, incluindo o jornalismo hiperlocal, cr\u00edtico, inovador e incans\u00e1vel do\u00a0<em>RioOnWatch<\/em><\/strong>\u2014<a href=\"http:\/\/bit.ly\/CatalisandoComunidades\">doe aqui<\/a>.<\/h4>\n<!-- AddThis Advanced Settings generic via filter on the_content --><!-- AddThis Share Buttons generic via filter on the_content -->","protected":false},"excerpt":{"rendered":"<div class=\"mh-excerpt\"><p>Click Here for English Essa \u00e9 a segunda parte, de uma mat\u00e9ria em duas partes, que discorre sobre a expans\u00e3o da mil\u00edcia no poder estatal na Regi\u00e3o Metropolitana do Rio de Janeiro. Essa segunda traz <a class=\"mh-excerpt-more\" href=\"https:\/\/rioonwatch.org.br\/?p=52019\" title=\"Mil\u00edcias e Poder, Parte 2: Alves e Soares Refletem Sobre as M\u00faltiplas Faces e Fases das Mil\u00edcias no Rio\">[&#8230;]<\/a><!-- AddThis Advanced Settings generic via filter on get_the_excerpt --><!-- AddThis Share Buttons generic via filter on get_the_excerpt --><\/p>\n<\/div>","protected":false},"author":165,"featured_media":52748,"comment_status":"closed","ping_status":"closed","sticky":false,"template":"","format":"standard","meta":{"_acf_changed":false,"_monsterinsights_skip_tracking":false,"_monsterinsights_sitenote_active":false,"_monsterinsights_sitenote_note":"","_monsterinsights_sitenote_category":0,"footnotes":""},"categories":[1621,1632,346,344,1620],"tags":[1259,959,1579,332,250,1185,479,1023,1091,457,3419,2815,2393,2179,1372,2546,2348,2269,1584,722,1069,2033,1240,482,2380,961,2378,774,1590,998,672,1592,2037,2474,920,52,218,184,383],"writer":[2800],"translator":[],"source":[],"ilustrador":[],"fotografo":[],"class_list":{"0":"post-52019","1":"post","2":"type-post","3":"status-publish","4":"format-standard","5":"has-post-thumbnail","7":"category-destaque","8":"category-pesquisa-e-analise","9":"category-denuncias","10":"category-politicas","11":"category-olhonaupp","12":"tag-assassinato","13":"tag-baixada-fluminense","14":"tag-belford-roxo","15":"tag-complexo-da-mare","16":"tag-cpi","17":"tag-cv","18":"tag-democracia","19":"tag-ditadura-militar","20":"tag-duque-de-caxias","21":"tag-eleicoes","22":"tag-espirito-santo","23":"tag-fogo-cruzado","24":"tag-forcas-armadas","25":"tag-forum-grita-baixada","26":"tag-grande-rio","27":"tag-igreja-evangelica","28":"tag-intervencao-militar","29":"tag-jair-bolsonaro","30":"tag-japeri","31":"tag-legado","32":"tag-luiz-eduardo-soares","33":"tag-marielle-franco","34":"tag-megaeventos","35":"tag-milicia","36":"tag-mpf","37":"tag-nova-iguacu","38":"tag-policia-civil","39":"tag-policia-militar","40":"tag-queimados","41":"tag-sao-paulo","42":"tag-seguranca-publica","43":"tag-seropedica","44":"tag-uerj","45":"tag-ufrrj","46":"tag-violencia-de-estado","47":"tag-violencia-policial","48":"tag-zona-norte","49":"tag-zona-oeste","50":"tag-zona-sul","51":"writer-tatiana-lima"},"acf":[],"yoast_head":"<!-- This site is optimized with the Yoast SEO plugin v25.6 - https:\/\/yoast.com\/wordpress\/plugins\/seo\/ -->\n<title>Mil\u00edcias e Poder, Parte 2: Alves e Soares Refletem Sobre as M\u00faltiplas Faces e Fases das Mil\u00edcias no Rio - RioOnWatch<\/title>\n<meta name=\"robots\" content=\"index, follow, max-snippet:-1, max-image-preview:large, max-video-preview:-1\" \/>\n<link rel=\"canonical\" href=\"https:\/\/rioonwatch.org.br\/?p=52019\" \/>\n<meta property=\"og:locale\" content=\"pt_BR\" \/>\n<meta property=\"og:type\" content=\"article\" \/>\n<meta property=\"og:title\" content=\"Mil\u00edcias e Poder, Parte 2: Alves e Soares Refletem Sobre as M\u00faltiplas Faces e Fases das Mil\u00edcias no Rio - RioOnWatch\" \/>\n<meta property=\"og:description\" content=\"Click Here for English Essa \u00e9 a segunda parte, de uma mat\u00e9ria em duas partes, que discorre sobre a expans\u00e3o da mil\u00edcia no poder estatal na Regi\u00e3o Metropolitana do Rio de Janeiro. Essa segunda traz [...]\" \/>\n<meta property=\"og:url\" content=\"https:\/\/rioonwatch.org.br\/?p=52019\" \/>\n<meta property=\"og:site_name\" content=\"RioOnWatch\" \/>\n<meta property=\"article:published_time\" content=\"2021-01-03T12:55:21+00:00\" \/>\n<meta property=\"article:modified_time\" content=\"2024-04-24T14:05:18+00:00\" \/>\n<meta property=\"og:image\" content=\"https:\/\/rioonwatch.org.br\/wp-content\/uploads\/2020\/12\/Escritorio-do-Crime-Latuf.jpeg\" \/>\n\t<meta property=\"og:image:width\" content=\"632\" \/>\n\t<meta property=\"og:image:height\" content=\"485\" \/>\n\t<meta property=\"og:image:type\" content=\"image\/jpeg\" \/>\n<meta name=\"author\" content=\"Tatiana Lima\" \/>\n<meta name=\"twitter:card\" content=\"summary_large_image\" \/>\n<meta name=\"twitter:label1\" content=\"Escrito por\" \/>\n\t<meta name=\"twitter:data1\" content=\"Tatiana Lima\" \/>\n\t<meta name=\"twitter:label2\" content=\"Est. tempo de leitura\" \/>\n\t<meta name=\"twitter:data2\" content=\"14 minutos\" \/>\n<script type=\"application\/ld+json\" class=\"yoast-schema-graph\">{\"@context\":\"https:\/\/schema.org\",\"@graph\":[{\"@type\":\"Article\",\"@id\":\"https:\/\/rioonwatch.org.br\/?p=52019#article\",\"isPartOf\":{\"@id\":\"https:\/\/rioonwatch.org.br\/?p=52019\"},\"author\":{\"name\":\"Tatiana Lima\",\"@id\":\"https:\/\/rioonwatch.org.br\/#\/schema\/person\/8fde974ee24e219acc413d63393ec551\"},\"headline\":\"Mil\u00edcias e Poder, Parte 2: Alves e Soares Refletem Sobre as M\u00faltiplas Faces e Fases das Mil\u00edcias no Rio\",\"datePublished\":\"2021-01-03T12:55:21+00:00\",\"dateModified\":\"2024-04-24T14:05:18+00:00\",\"mainEntityOfPage\":{\"@id\":\"https:\/\/rioonwatch.org.br\/?p=52019\"},\"wordCount\":2416,\"publisher\":{\"@id\":\"https:\/\/rioonwatch.org.br\/#organization\"},\"image\":{\"@id\":\"https:\/\/rioonwatch.org.br\/?p=52019#primaryimage\"},\"thumbnailUrl\":\"https:\/\/rioonwatch.org.br\/wp-content\/uploads\/2020\/12\/Escritorio-do-Crime-Latuf.jpeg\",\"keywords\":[\"assassinato\",\"Baixada Fluminense\",\"Belford Roxo\",\"Complexo da Mar\u00e9\",\"CPI\",\"CV\",\"Democracia\",\"Ditadura Militar\",\"Duque de Caxias\",\"Elei\u00e7\u00f5es\",\"Esp\u00edrito Santo\",\"Fogo Cruzado\",\"For\u00e7as Armadas\",\"F\u00f3rum Grita Baixada\",\"Grande Rio\",\"igreja evang\u00e9lica\",\"interven\u00e7\u00e3o militar\",\"Jair Bolsonaro\",\"Japeri\",\"Legado Ol\u00edmpico\",\"Luiz Eduardo Soares\",\"Marielle Franco\",\"Megaeventos\",\"Mil\u00edcia\",\"MPF\",\"Nova Igua\u00e7u\",\"Pol\u00edcia Civil\",\"Pol\u00edcia Militar\",\"Queimados\",\"S\u00e3o Paulo\",\"seguran\u00e7a p\u00fablica\",\"Serop\u00e9dica\",\"UERJ\",\"UFRRJ\",\"viol\u00eancia de Estado\",\"viol\u00eancia policial\",\"Zona Norte\",\"Zona Oeste\",\"Zona Sul\"],\"articleSection\":[\"*Destaque\",\"Dados e Pesquisa\",\"Den\u00fancias\",\"Pol\u00edticas\",\"Seguran\u00e7a P\u00fablica\"],\"inLanguage\":\"pt-BR\"},{\"@type\":\"WebPage\",\"@id\":\"https:\/\/rioonwatch.org.br\/?p=52019\",\"url\":\"https:\/\/rioonwatch.org.br\/?p=52019\",\"name\":\"Mil\u00edcias e Poder, Parte 2: Alves e Soares Refletem Sobre as M\u00faltiplas Faces e Fases das Mil\u00edcias no Rio - RioOnWatch\",\"isPartOf\":{\"@id\":\"https:\/\/rioonwatch.org.br\/#website\"},\"primaryImageOfPage\":{\"@id\":\"https:\/\/rioonwatch.org.br\/?p=52019#primaryimage\"},\"image\":{\"@id\":\"https:\/\/rioonwatch.org.br\/?p=52019#primaryimage\"},\"thumbnailUrl\":\"https:\/\/rioonwatch.org.br\/wp-content\/uploads\/2020\/12\/Escritorio-do-Crime-Latuf.jpeg\",\"datePublished\":\"2021-01-03T12:55:21+00:00\",\"dateModified\":\"2024-04-24T14:05:18+00:00\",\"breadcrumb\":{\"@id\":\"https:\/\/rioonwatch.org.br\/?p=52019#breadcrumb\"},\"inLanguage\":\"pt-BR\",\"potentialAction\":[{\"@type\":\"ReadAction\",\"target\":[\"https:\/\/rioonwatch.org.br\/?p=52019\"]}]},{\"@type\":\"ImageObject\",\"inLanguage\":\"pt-BR\",\"@id\":\"https:\/\/rioonwatch.org.br\/?p=52019#primaryimage\",\"url\":\"https:\/\/rioonwatch.org.br\/wp-content\/uploads\/2020\/12\/Escritorio-do-Crime-Latuf.jpeg\",\"contentUrl\":\"https:\/\/rioonwatch.org.br\/wp-content\/uploads\/2020\/12\/Escritorio-do-Crime-Latuf.jpeg\",\"width\":632,\"height\":485},{\"@type\":\"BreadcrumbList\",\"@id\":\"https:\/\/rioonwatch.org.br\/?p=52019#breadcrumb\",\"itemListElement\":[{\"@type\":\"ListItem\",\"position\":1,\"name\":\"In\u00edcio\",\"item\":\"https:\/\/rioonwatch.org.br\/\"},{\"@type\":\"ListItem\",\"position\":2,\"name\":\"Mil\u00edcias e Poder, Parte 2: Alves e Soares Refletem Sobre as M\u00faltiplas Faces e Fases das Mil\u00edcias no Rio\"}]},{\"@type\":\"WebSite\",\"@id\":\"https:\/\/rioonwatch.org.br\/#website\",\"url\":\"https:\/\/rioonwatch.org.br\/\",\"name\":\"RioOnWatch\",\"description\":\"relatos das favelas cariocas\",\"publisher\":{\"@id\":\"https:\/\/rioonwatch.org.br\/#organization\"},\"potentialAction\":[{\"@type\":\"SearchAction\",\"target\":{\"@type\":\"EntryPoint\",\"urlTemplate\":\"https:\/\/rioonwatch.org.br\/?s={search_term_string}\"},\"query-input\":{\"@type\":\"PropertyValueSpecification\",\"valueRequired\":true,\"valueName\":\"search_term_string\"}}],\"inLanguage\":\"pt-BR\"},{\"@type\":\"Organization\",\"@id\":\"https:\/\/rioonwatch.org.br\/#organization\",\"name\":\"RioOnWatch\",\"url\":\"https:\/\/rioonwatch.org.br\/\",\"logo\":{\"@type\":\"ImageObject\",\"inLanguage\":\"pt-BR\",\"@id\":\"https:\/\/rioonwatch.org.br\/#\/schema\/logo\/image\/\",\"url\":\"https:\/\/rioonwatch.org.br\/wp-content\/uploads\/2021\/06\/RioOnWatchcabecalhoPT11anos-2.png\",\"contentUrl\":\"https:\/\/rioonwatch.org.br\/wp-content\/uploads\/2021\/06\/RioOnWatchcabecalhoPT11anos-2.png\",\"width\":779,\"height\":277,\"caption\":\"RioOnWatch\"},\"image\":{\"@id\":\"https:\/\/rioonwatch.org.br\/#\/schema\/logo\/image\/\"}},{\"@type\":\"Person\",\"@id\":\"https:\/\/rioonwatch.org.br\/#\/schema\/person\/8fde974ee24e219acc413d63393ec551\",\"name\":\"Tatiana Lima\",\"image\":{\"@type\":\"ImageObject\",\"inLanguage\":\"pt-BR\",\"@id\":\"https:\/\/rioonwatch.org.br\/#\/schema\/person\/image\/\",\"url\":\"https:\/\/secure.gravatar.com\/avatar\/5fb587d000e124a9d6aae50aec42d39e?s=96&d=blank&r=g\",\"contentUrl\":\"https:\/\/secure.gravatar.com\/avatar\/5fb587d000e124a9d6aae50aec42d39e?s=96&d=blank&r=g\",\"caption\":\"Tatiana Lima\"},\"url\":\"https:\/\/rioonwatch.org.br\/?author=165\"}]}<\/script>\n<!-- \/ Yoast SEO plugin. -->","yoast_head_json":{"title":"Mil\u00edcias e Poder, Parte 2: Alves e Soares Refletem Sobre as M\u00faltiplas Faces e Fases das Mil\u00edcias no Rio - RioOnWatch","robots":{"index":"index","follow":"follow","max-snippet":"max-snippet:-1","max-image-preview":"max-image-preview:large","max-video-preview":"max-video-preview:-1"},"canonical":"https:\/\/rioonwatch.org.br\/?p=52019","og_locale":"pt_BR","og_type":"article","og_title":"Mil\u00edcias e Poder, Parte 2: Alves e Soares Refletem Sobre as M\u00faltiplas Faces e Fases das Mil\u00edcias no Rio - RioOnWatch","og_description":"Click Here for English Essa \u00e9 a segunda parte, de uma mat\u00e9ria em duas partes, que discorre sobre a expans\u00e3o da mil\u00edcia no poder estatal na Regi\u00e3o Metropolitana do Rio de Janeiro. Essa segunda traz [...]","og_url":"https:\/\/rioonwatch.org.br\/?p=52019","og_site_name":"RioOnWatch","article_published_time":"2021-01-03T12:55:21+00:00","article_modified_time":"2024-04-24T14:05:18+00:00","og_image":[{"width":632,"height":485,"url":"https:\/\/rioonwatch.org.br\/wp-content\/uploads\/2020\/12\/Escritorio-do-Crime-Latuf.jpeg","type":"image\/jpeg"}],"author":"Tatiana Lima","twitter_card":"summary_large_image","twitter_misc":{"Escrito por":"Tatiana Lima","Est. tempo de leitura":"14 minutos"},"schema":{"@context":"https:\/\/schema.org","@graph":[{"@type":"Article","@id":"https:\/\/rioonwatch.org.br\/?p=52019#article","isPartOf":{"@id":"https:\/\/rioonwatch.org.br\/?p=52019"},"author":{"name":"Tatiana Lima","@id":"https:\/\/rioonwatch.org.br\/#\/schema\/person\/8fde974ee24e219acc413d63393ec551"},"headline":"Mil\u00edcias e Poder, Parte 2: Alves e Soares Refletem Sobre as M\u00faltiplas Faces e Fases das Mil\u00edcias no Rio","datePublished":"2021-01-03T12:55:21+00:00","dateModified":"2024-04-24T14:05:18+00:00","mainEntityOfPage":{"@id":"https:\/\/rioonwatch.org.br\/?p=52019"},"wordCount":2416,"publisher":{"@id":"https:\/\/rioonwatch.org.br\/#organization"},"image":{"@id":"https:\/\/rioonwatch.org.br\/?p=52019#primaryimage"},"thumbnailUrl":"https:\/\/rioonwatch.org.br\/wp-content\/uploads\/2020\/12\/Escritorio-do-Crime-Latuf.jpeg","keywords":["assassinato","Baixada Fluminense","Belford Roxo","Complexo da Mar\u00e9","CPI","CV","Democracia","Ditadura Militar","Duque de Caxias","Elei\u00e7\u00f5es","Esp\u00edrito Santo","Fogo Cruzado","For\u00e7as Armadas","F\u00f3rum Grita Baixada","Grande Rio","igreja evang\u00e9lica","interven\u00e7\u00e3o militar","Jair Bolsonaro","Japeri","Legado Ol\u00edmpico","Luiz Eduardo Soares","Marielle Franco","Megaeventos","Mil\u00edcia","MPF","Nova Igua\u00e7u","Pol\u00edcia Civil","Pol\u00edcia Militar","Queimados","S\u00e3o Paulo","seguran\u00e7a p\u00fablica","Serop\u00e9dica","UERJ","UFRRJ","viol\u00eancia de Estado","viol\u00eancia policial","Zona Norte","Zona Oeste","Zona Sul"],"articleSection":["*Destaque","Dados e Pesquisa","Den\u00fancias","Pol\u00edticas","Seguran\u00e7a P\u00fablica"],"inLanguage":"pt-BR"},{"@type":"WebPage","@id":"https:\/\/rioonwatch.org.br\/?p=52019","url":"https:\/\/rioonwatch.org.br\/?p=52019","name":"Mil\u00edcias e Poder, Parte 2: Alves e Soares Refletem Sobre as M\u00faltiplas Faces e Fases das Mil\u00edcias no Rio - RioOnWatch","isPartOf":{"@id":"https:\/\/rioonwatch.org.br\/#website"},"primaryImageOfPage":{"@id":"https:\/\/rioonwatch.org.br\/?p=52019#primaryimage"},"image":{"@id":"https:\/\/rioonwatch.org.br\/?p=52019#primaryimage"},"thumbnailUrl":"https:\/\/rioonwatch.org.br\/wp-content\/uploads\/2020\/12\/Escritorio-do-Crime-Latuf.jpeg","datePublished":"2021-01-03T12:55:21+00:00","dateModified":"2024-04-24T14:05:18+00:00","breadcrumb":{"@id":"https:\/\/rioonwatch.org.br\/?p=52019#breadcrumb"},"inLanguage":"pt-BR","potentialAction":[{"@type":"ReadAction","target":["https:\/\/rioonwatch.org.br\/?p=52019"]}]},{"@type":"ImageObject","inLanguage":"pt-BR","@id":"https:\/\/rioonwatch.org.br\/?p=52019#primaryimage","url":"https:\/\/rioonwatch.org.br\/wp-content\/uploads\/2020\/12\/Escritorio-do-Crime-Latuf.jpeg","contentUrl":"https:\/\/rioonwatch.org.br\/wp-content\/uploads\/2020\/12\/Escritorio-do-Crime-Latuf.jpeg","width":632,"height":485},{"@type":"BreadcrumbList","@id":"https:\/\/rioonwatch.org.br\/?p=52019#breadcrumb","itemListElement":[{"@type":"ListItem","position":1,"name":"In\u00edcio","item":"https:\/\/rioonwatch.org.br\/"},{"@type":"ListItem","position":2,"name":"Mil\u00edcias e Poder, Parte 2: Alves e Soares Refletem Sobre as M\u00faltiplas Faces e Fases das Mil\u00edcias no Rio"}]},{"@type":"WebSite","@id":"https:\/\/rioonwatch.org.br\/#website","url":"https:\/\/rioonwatch.org.br\/","name":"RioOnWatch","description":"relatos das favelas cariocas","publisher":{"@id":"https:\/\/rioonwatch.org.br\/#organization"},"potentialAction":[{"@type":"SearchAction","target":{"@type":"EntryPoint","urlTemplate":"https:\/\/rioonwatch.org.br\/?s={search_term_string}"},"query-input":{"@type":"PropertyValueSpecification","valueRequired":true,"valueName":"search_term_string"}}],"inLanguage":"pt-BR"},{"@type":"Organization","@id":"https:\/\/rioonwatch.org.br\/#organization","name":"RioOnWatch","url":"https:\/\/rioonwatch.org.br\/","logo":{"@type":"ImageObject","inLanguage":"pt-BR","@id":"https:\/\/rioonwatch.org.br\/#\/schema\/logo\/image\/","url":"https:\/\/rioonwatch.org.br\/wp-content\/uploads\/2021\/06\/RioOnWatchcabecalhoPT11anos-2.png","contentUrl":"https:\/\/rioonwatch.org.br\/wp-content\/uploads\/2021\/06\/RioOnWatchcabecalhoPT11anos-2.png","width":779,"height":277,"caption":"RioOnWatch"},"image":{"@id":"https:\/\/rioonwatch.org.br\/#\/schema\/logo\/image\/"}},{"@type":"Person","@id":"https:\/\/rioonwatch.org.br\/#\/schema\/person\/8fde974ee24e219acc413d63393ec551","name":"Tatiana Lima","image":{"@type":"ImageObject","inLanguage":"pt-BR","@id":"https:\/\/rioonwatch.org.br\/#\/schema\/person\/image\/","url":"https:\/\/secure.gravatar.com\/avatar\/5fb587d000e124a9d6aae50aec42d39e?s=96&d=blank&r=g","contentUrl":"https:\/\/secure.gravatar.com\/avatar\/5fb587d000e124a9d6aae50aec42d39e?s=96&d=blank&r=g","caption":"Tatiana Lima"},"url":"https:\/\/rioonwatch.org.br\/?author=165"}]}},"_links":{"self":[{"href":"https:\/\/rioonwatch.org.br\/index.php?rest_route=\/wp\/v2\/posts\/52019"}],"collection":[{"href":"https:\/\/rioonwatch.org.br\/index.php?rest_route=\/wp\/v2\/posts"}],"about":[{"href":"https:\/\/rioonwatch.org.br\/index.php?rest_route=\/wp\/v2\/types\/post"}],"author":[{"embeddable":true,"href":"https:\/\/rioonwatch.org.br\/index.php?rest_route=\/wp\/v2\/users\/165"}],"replies":[{"embeddable":true,"href":"https:\/\/rioonwatch.org.br\/index.php?rest_route=%2Fwp%2Fv2%2Fcomments&post=52019"}],"version-history":[{"count":30,"href":"https:\/\/rioonwatch.org.br\/index.php?rest_route=\/wp\/v2\/posts\/52019\/revisions"}],"predecessor-version":[{"id":73096,"href":"https:\/\/rioonwatch.org.br\/index.php?rest_route=\/wp\/v2\/posts\/52019\/revisions\/73096"}],"wp:featuredmedia":[{"embeddable":true,"href":"https:\/\/rioonwatch.org.br\/index.php?rest_route=\/wp\/v2\/media\/52748"}],"wp:attachment":[{"href":"https:\/\/rioonwatch.org.br\/index.php?rest_route=%2Fwp%2Fv2%2Fmedia&parent=52019"}],"wp:term":[{"taxonomy":"category","embeddable":true,"href":"https:\/\/rioonwatch.org.br\/index.php?rest_route=%2Fwp%2Fv2%2Fcategories&post=52019"},{"taxonomy":"post_tag","embeddable":true,"href":"https:\/\/rioonwatch.org.br\/index.php?rest_route=%2Fwp%2Fv2%2Ftags&post=52019"},{"taxonomy":"writer","embeddable":true,"href":"https:\/\/rioonwatch.org.br\/index.php?rest_route=%2Fwp%2Fv2%2Fwriter&post=52019"},{"taxonomy":"translator","embeddable":true,"href":"https:\/\/rioonwatch.org.br\/index.php?rest_route=%2Fwp%2Fv2%2Ftranslator&post=52019"},{"taxonomy":"source","embeddable":true,"href":"https:\/\/rioonwatch.org.br\/index.php?rest_route=%2Fwp%2Fv2%2Fsource&post=52019"},{"taxonomy":"ilustrador","embeddable":true,"href":"https:\/\/rioonwatch.org.br\/index.php?rest_route=%2Fwp%2Fv2%2Filustrador&post=52019"},{"taxonomy":"fotografo","embeddable":true,"href":"https:\/\/rioonwatch.org.br\/index.php?rest_route=%2Fwp%2Fv2%2Ffotografo&post=52019"}],"curies":[{"name":"wp","href":"https:\/\/api.w.org\/{rel}","templated":true}]}}