{"id":52336,"date":"2021-01-07T09:48:59","date_gmt":"2021-01-07T12:48:59","guid":{"rendered":"https:\/\/rioonwatch.org.br\/?p=52336"},"modified":"2024-05-24T12:34:30","modified_gmt":"2024-05-24T15:34:30","slug":"artista-interdisciplinar-grada-kilomba-fala-da-urgencia-da-desobediencia-na-flup-do-rio","status":"publish","type":"post","link":"https:\/\/rioonwatch.org.br\/?p=52336","title":{"rendered":"Artista Interdisciplinar Grada Kilomba Fala da Urg\u00eancia da Desobedi\u00eancia na FLUP do Rio"},"content":{"rendered":"<p style=\"text-align: right;\"><em><strong><a href=\"http:\/\/bit.ly\/3lOivpc\" target=\"_blank\" rel=\"noopener noreferrer\">Click Here for English<\/a><a href=\"http:\/\/bit.ly\/3lOivpc\" target=\"_blank\" rel=\"noopener noreferrer\"><img decoding=\"async\" width=\"20\" height=\"20\" class=\"alignright wp-image-15790\" src=\"http:\/\/rioonwatch.org.br\/wp-content\/uploads\/2012\/08\/EN-standard-e1439583104716.jpg\" \/><\/a><\/strong><\/em><\/p>\n<p>Grada Kilomba, a <a href=\"https:\/\/bit.ly\/3lP2EGA\" target=\"_blank\" rel=\"noopener noreferrer\">artista interdisciplinar portuguesa<\/a> e escritora cujo trabalho investiga legados do colonialismo e do racismo, com base em elementos de performance, instala\u00e7\u00e3o e psicologia, encorajou uma gera\u00e7\u00e3o mais jovem de criadores a romper barreiras de forma semelhante, em uma discuss\u00e3o online que foi parte da Festa Liter\u00e1ria Urbana das Periferias (<a href=\"https:\/\/bit.ly\/3kCT1KI\" target=\"_blank\" rel=\"noopener noreferrer\">FLUP<\/a>) do Rio este ano. O festival tem acontecido desde 2012 por favelas e espa\u00e7os p\u00fablicos da cidade.<\/p>\n<p>&#8220;N\u00f3s precisamos dessa multiplicidade&#8221;, ela disse. &#8220;Todos temos nossas pr\u00f3prias quest\u00f5es, e precisamos encontrar nossas pr\u00f3prias respostas tamb\u00e9m&#8230; Eu acho que \u00e9 isso que \u00e9 o trabalho decolonial. Eu n\u00e3o posso obedecer a uma disciplina que me colocou como o outro&#8221;.<\/p>\n<p>Grada falou de seu trabalho como parte de um projeto antirracista global, que visa abordar como pessoas negras foram &#8220;fragmentadas de nossa hist\u00f3ria e separadas&#8221;. Ela comentou que passou a acreditar que o empoderamento n\u00e3o vem necessariamente de &#8220;ser a melhor&#8221;, mas de &#8220;ser voc\u00ea mesma&#8221;.<\/p>\n<p>A inclus\u00e3o de Kilomba na programa\u00e7\u00e3o digital da FLUP de 2020 se deu depois dela falar, em 2019, em um evento em parceria entre a FLUP e a Festa Liter\u00e1ria Internacional de Paraty (<a href=\"https:\/\/bit.ly\/3604ikh\" target=\"_blank\" rel=\"noopener noreferrer\">FLIP<\/a>), no Museu de Arte do Rio, atraindo um grande p\u00fablico. Posteriormente, ela assinou centenas de c\u00f3pias de seu livro, <em>Mem\u00f3rias da Planta\u00e7\u00e3o: Epis\u00f3dios de Racismo Cotidiano<\/em>, que foi a obra mais vendida na FLIP daquele ano. &#8220;N\u00f3s finalizamos a noite com o desejo incontrol\u00e1vel de, se n\u00e3o prolongar, de repeti-lo&#8221;, disse Daniele Bernardino, da FLUP, apresentando o evento deste ano.<\/p>\n<p>Escritores de todo o mundo foram inclu\u00eddos na <a href=\"https:\/\/bit.ly\/2UWj4lD\" target=\"_blank\" rel=\"noopener noreferrer\">programa\u00e7\u00e3o<\/a> do festival FLUP deste ano, em parte porque uma das duas escritoras celebradas pelo evento foi <a href=\"https:\/\/bit.ly\/2IRQbot\" target=\"_blank\" rel=\"noopener noreferrer\">L\u00e9lia Gonzalez<\/a>, &#8220;que j\u00e1 criou rela\u00e7\u00f5es com a di\u00e1spora global nos anos 1980&#8221;, escreveram os organizadores do festival. &#8220;N\u00f3s tomamos o cuidado de ouvir mulheres negras vindas das mais diversas realidades.&#8221;<\/p>\n<p>O evento com Grada ocorreu em parceria com o <a href=\"https:\/\/bit.ly\/2VgAB8a\" target=\"_blank\" rel=\"noopener noreferrer\">Festival Internacional de Autores de Toronto<\/a>, e ela discutiu sobre seu trabalho juntamente com o jornalista canadense Desmond Cole, cujo livro <em>The Skin We\u2019re In: A Year of Black Resistance and Power<\/em>, traz uma cr\u00f4nica do ano de 2017 atrav\u00e9s de hist\u00f3rias de racismo e da demoniza\u00e7\u00e3o da resist\u00eancia negra em todo o Canad\u00e1 em setores como policiamento, educa\u00e7\u00e3o e sistema de imigra\u00e7\u00e3o.<\/p>\n<p><a href=\"https:\/\/rioonwatch.org.br\/wp-content\/uploads\/2020\/12\/The-Skin-Were-In-is-a-nonfiction-livro_Desmond-Cole-_.png\"><img fetchpriority=\"high\" decoding=\"async\" class=\"aligncenter wp-image-52343 size-medium\" title=\"The Skin We're in \u00e9 um livro n\u00e3o ficcional Desmond Cole.\" src=\"https:\/\/rioonwatch.org.br\/wp-content\/uploads\/2020\/12\/The-Skin-Were-In-is-a-nonfiction-livro_Desmond-Cole-_-620x310.png\" alt=\"\" width=\"620\" height=\"349\" srcset=\"https:\/\/rioonwatch.org.br\/wp-content\/uploads\/2020\/12\/The-Skin-Were-In-is-a-nonfiction-livro_Desmond-Cole-_-580x326.png 580w, https:\/\/rioonwatch.org.br\/wp-content\/uploads\/2020\/12\/The-Skin-Were-In-is-a-nonfiction-livro_Desmond-Cole-_-174x98.png 174w\" sizes=\"(max-width: 620px) 100vw, 620px\" \/><\/a><\/p>\n<p>Desmond e Grada debateram o papel de escritores negros em um contexto global e as filosofias por tr\u00e1s de seus livros. <em>Mem\u00f3rias da Planta\u00e7\u00e3o<\/em> explora formas sutis, cotidianas de racismo como uma recria\u00e7\u00e3o da viol\u00eancia colonial e do trauma que continua a informar o presente. Seu livro foi escrito onze anos atr\u00e1s, mas apenas foi traduzido de forma bem-sucedida para o portugu\u00eas no ano passado\u2014ele foi originalmente publicado na <a href=\"http:\/\/gradakilomba.com\/bio\/\" target=\"_blank\" rel=\"noopener noreferrer\">Alemanha, onde ela mora<\/a>, em ingl\u00eas. Desmond e Grada falaram de como ambos os livros narram realidades que t\u00eam um elemento atemporal e sobre a import\u00e2ncia de dar testemunho. A cobertura de Desmond sobre racismo no policiamento ao longo dos anos o levou a <a href=\"https:\/\/bit.ly\/3nN2Yag\" target=\"_blank\" rel=\"noopener noreferrer\">Ferguson, Missouri<\/a>, depois do assassinato de Michael Brown, cometido por policiais em 2014, e o livro narra o assassinato do somali-canadense <a href=\"https:\/\/bit.ly\/33b9Whu\" target=\"_blank\" rel=\"noopener noreferrer\">Abdirahman Abdi<\/a> pela pol\u00edcia de Ottawa.<\/p>\n<p>Quando perguntados o que fizeram para se manterem a salvo durante o processo de escrita, Grada respondeu: &#8220;Para mim, nunca foi uma quest\u00e3o de seguran\u00e7a, mas uma quest\u00e3o de urg\u00eancia&#8230; Eu queria ter minhas perguntas respondidas, eu queria entender quem eu sou&#8221;, disse.<\/p>\n<p>Desmond relatou que muito de seu trabalho se constitui por &#8220;encontrar a mim mesmo em espa\u00e7os e olhar para experi\u00eancias e hist\u00f3rias que realmente mostram como n\u00f3s n\u00e3o estamos a salva e como este mundo n\u00e3o est\u00e1 nos oferecendo essa ideia de seguran\u00e7a&#8221;.<\/p>\n<p>O trabalho da luta da liberta\u00e7\u00e3o negra, ele disse, inclui sonhar grande sobre &#8220;o que a seguran\u00e7a seria nas atuais circunst\u00e2ncias&#8230; N\u00f3s n\u00e3o temos que nos comprometer com um Estado que se recusa a enxergar nossa humanidade, n\u00f3s temos que sonhar mais alto do que eles acreditam ser poss\u00edvel&#8221;.<\/p>\n<p>Enquanto ativistas pressionam por mudan\u00e7as grandes, sistem\u00e1ticas, ele comenta que as conex\u00f5es poss\u00edveis atrav\u00e9s da escrita s\u00e3o extremamente poderosas. &#8220;H\u00e1 um senso de que estamos sendo vistos e ouvidos contando hist\u00f3rias&#8221;, ele disse, &#8220;de que as experi\u00eancias que temos est\u00e3o se tornando reais&#8221;.<\/p>\n<p>Grada contou ao <em>El Pa\u00eds Brasil<\/em>, em uma entrevista em 2019, que um m\u00e9todo de decoloniza\u00e7\u00e3o \u00e9 a &#8220;desobedi\u00eancia po\u00e9tica&#8221;\u2014o nome de sua exibi\u00e7\u00e3o de 2019 na Pinacoteca de S\u00e3o Paulo, na qual contadores de hist\u00f3rias africanos recontam mitos greco-romanos.<\/p>\n<p><iframe title=\"#PinaLive | Bate-papo Grada Kilomba e Jochen Volz\" width=\"500\" height=\"281\" src=\"https:\/\/www.youtube.com\/embed\/XMMex7AsXck?feature=oembed\" frameborder=\"0\" allow=\"accelerometer; autoplay; clipboard-write; encrypted-media; gyroscope; picture-in-picture; web-share\" referrerpolicy=\"strict-origin-when-cross-origin\" allowfullscreen><\/iframe><\/p>\n<p>A desobedi\u00eancia po\u00e9tica \u00e9 um elemento central do comportamento pol\u00edtico brasileiro, com exemplos recentes no Grande Rio, incluindo a Ocupa\u00e7\u00e3o Cultural Art\u00edstica do Viradouro (OCA) sediada no Complexo do Viradouro, na cidade de Niter\u00f3i, onde moradores protestaram contra viola\u00e7\u00f5es de direitos humanos como o abuso da for\u00e7a policial, invas\u00f5es de casas, espancamentos e amea\u00e7as.<\/p>\n<p><iframe title=\"OCA   Ocupac\u0327a\u0303o Cultural e Arti\u0301stica do Viradouro Ac\u0327a\u0303o conjunta com Coletivo Madalena Anasta\u0301cia\" width=\"500\" height=\"281\" src=\"https:\/\/www.youtube.com\/embed\/8klqOxpZGaU?feature=oembed\" frameborder=\"0\" allow=\"accelerometer; autoplay; clipboard-write; encrypted-media; gyroscope; picture-in-picture; web-share\" referrerpolicy=\"strict-origin-when-cross-origin\" allowfullscreen><\/iframe><\/p>\n<p>Essa pode estar entre as muitas raz\u00f5es pelas quais o trabalho de Grada reverbera entre brasileiros e, especialmente, entre mulheres negras brasileiras. Na participa\u00e7\u00e3o de 2019 de Grada na FLUP, durante o evento, a audi\u00eancia chamou, com sucesso, para que a escritora e \u00edcone feminista negra, <a href=\"https:\/\/glo.bo\/2MhL40d\" target=\"_blank\" rel=\"noopener noreferrer\">Concei\u00e7\u00e3o Evaristo<\/a>, se juntasse a Grada no palco.<\/p>\n<p>&#8220;\u00c9 importante lembrar a uma gera\u00e7\u00e3o mais jovem que voc\u00eas devem ser experimentais e que n\u00e3o devem seguir o protocolo&#8221;, disse Grada na FLUP 2020. &#8220;Eu acho que o que \u00e9 realmente urgente \u00e9 quebrar as regras e ser desobediente. Criar uma nova linguagem e um novo vocabul\u00e1rio e um novo formato&#8221;.<\/p>\n<h3>Assista ao evento online <a href=\"https:\/\/bit.ly\/36yXs5w\" target=\"_blank\" rel=\"noopener noreferrer\">aqui<\/a> (\u00e0s 5:28):<\/h3>\n<p><iframe title=\"Flup Digital 2020 | #PraCegoVer Programa\u00e7\u00e3o Flup Pelo Mundo - dia 2\" width=\"500\" height=\"281\" src=\"https:\/\/www.youtube.com\/embed\/UvP5HV2lfks?feature=oembed\" frameborder=\"0\" allow=\"accelerometer; autoplay; clipboard-write; encrypted-media; gyroscope; picture-in-picture; web-share\" referrerpolicy=\"strict-origin-when-cross-origin\" allowfullscreen><\/iframe><\/p>\n<hr \/>\n<h4><strong>Apoie nossos esfor\u00e7os para fornecer assist\u00eancia estrat\u00e9gica \u00e0s favelas do Rio, incluindo o jornalismo hiperlocal, cr\u00edtico, inovador e incans\u00e1vel do <em>RioOnWatch<\/em><\/strong>\u2014<a href=\"http:\/\/bit.ly\/CatalisandoComunidades\">doe aqui<\/a>.<\/h4>\n<!-- AddThis Advanced Settings generic via filter on the_content --><!-- AddThis Share Buttons generic via filter on the_content -->","protected":false},"excerpt":{"rendered":"<div class=\"mh-excerpt\"><p>Click Here for English Grada Kilomba, a artista interdisciplinar portuguesa e escritora cujo trabalho investiga legados do colonialismo e do racismo, com base em elementos de performance, instala\u00e7\u00e3o e psicologia, encorajou uma gera\u00e7\u00e3o mais jovem <a class=\"mh-excerpt-more\" href=\"https:\/\/rioonwatch.org.br\/?p=52336\" title=\"Artista Interdisciplinar Grada Kilomba Fala da Urg\u00eancia da Desobedi\u00eancia na FLUP do Rio\">[&#8230;]<\/a><!-- AddThis Advanced Settings generic via filter on get_the_excerpt --><!-- AddThis Share Buttons generic via filter on get_the_excerpt --><\/p>\n<\/div>","protected":false},"author":165,"featured_media":52342,"comment_status":"closed","ping_status":"closed","sticky":false,"template":"","format":"standard","meta":{"_acf_changed":false,"_monsterinsights_skip_tracking":false,"_monsterinsights_sitenote_active":false,"_monsterinsights_sitenote_note":"","_monsterinsights_sitenote_category":0,"footnotes":""},"categories":[1621,1627,1626,1638],"tags":[386,329,3253,334,2902,333,514,1790,1372,511,915,1151,1304,10,31,2606,1364],"writer":[2948],"translator":[1895],"source":[],"ilustrador":[],"fotografo":[],"class_list":{"0":"post-52336","1":"post","2":"type-post","3":"status-publish","4":"format-standard","5":"has-post-thumbnail","7":"category-destaque","8":"category-relato-de-evento","9":"category-por-observadores-internacionais","10":"category-video","11":"tag-estigma","12":"tag-africa","13":"tag-antirracismo","14":"tag-arte","15":"tag-complexo-do-viradouro","16":"tag-diaspora","17":"tag-escravidao","18":"tag-feminismo","19":"tag-grande-rio","20":"tag-literatura","21":"tag-mes-da-consciencia-negra","22":"tag-organizacao","23":"tag-organizacao-criativa","24":"tag-niteroi","25":"tag-policia","26":"tag-portugal","27":"tag-violacoes","28":"writer-natalia-galicza","29":"translator-francine-oliveira"},"acf":[],"yoast_head":"<!-- This site is optimized with the Yoast SEO plugin v25.6 - https:\/\/yoast.com\/wordpress\/plugins\/seo\/ -->\n<title>Artista Interdisciplinar Grada Kilomba Fala da Urg\u00eancia da Desobedi\u00eancia na FLUP do Rio - RioOnWatch<\/title>\n<meta name=\"robots\" content=\"index, follow, max-snippet:-1, max-image-preview:large, max-video-preview:-1\" \/>\n<link rel=\"canonical\" href=\"https:\/\/rioonwatch.org.br\/?p=52336\" \/>\n<meta property=\"og:locale\" content=\"pt_BR\" \/>\n<meta property=\"og:type\" content=\"article\" \/>\n<meta property=\"og:title\" content=\"Artista Interdisciplinar Grada Kilomba Fala da Urg\u00eancia da Desobedi\u00eancia na FLUP do Rio - RioOnWatch\" \/>\n<meta property=\"og:description\" content=\"Click Here for English Grada Kilomba, a artista interdisciplinar portuguesa e escritora cujo trabalho investiga legados do colonialismo e do racismo, com base em elementos de performance, instala\u00e7\u00e3o e psicologia, encorajou uma gera\u00e7\u00e3o mais jovem [...]\" \/>\n<meta property=\"og:url\" content=\"https:\/\/rioonwatch.org.br\/?p=52336\" \/>\n<meta property=\"og:site_name\" content=\"RioOnWatch\" \/>\n<meta property=\"article:published_time\" content=\"2021-01-07T12:48:59+00:00\" \/>\n<meta property=\"article:modified_time\" content=\"2024-05-24T15:34:30+00:00\" \/>\n<meta property=\"og:image\" content=\"https:\/\/rioonwatch.org.br\/wp-content\/uploads\/2020\/12\/GRADA-KILOMBA-FOTO-Ze-de-Paiva.jpg\" \/>\n\t<meta property=\"og:image:width\" content=\"1024\" \/>\n\t<meta property=\"og:image:height\" content=\"386\" \/>\n\t<meta property=\"og:image:type\" content=\"image\/jpeg\" \/>\n<meta name=\"author\" content=\"Tatiana Lima\" \/>\n<meta name=\"twitter:card\" content=\"summary_large_image\" \/>\n<meta name=\"twitter:label1\" content=\"Escrito por\" \/>\n\t<meta name=\"twitter:data1\" content=\"Tatiana Lima\" \/>\n\t<meta name=\"twitter:label2\" content=\"Est. tempo de leitura\" \/>\n\t<meta name=\"twitter:data2\" content=\"5 minutos\" \/>\n<script type=\"application\/ld+json\" class=\"yoast-schema-graph\">{\"@context\":\"https:\/\/schema.org\",\"@graph\":[{\"@type\":\"Article\",\"@id\":\"https:\/\/rioonwatch.org.br\/?p=52336#article\",\"isPartOf\":{\"@id\":\"https:\/\/rioonwatch.org.br\/?p=52336\"},\"author\":{\"name\":\"Tatiana Lima\",\"@id\":\"https:\/\/rioonwatch.org.br\/#\/schema\/person\/8fde974ee24e219acc413d63393ec551\"},\"headline\":\"Artista Interdisciplinar Grada Kilomba Fala da Urg\u00eancia da Desobedi\u00eancia na FLUP do Rio\",\"datePublished\":\"2021-01-07T12:48:59+00:00\",\"dateModified\":\"2024-05-24T15:34:30+00:00\",\"mainEntityOfPage\":{\"@id\":\"https:\/\/rioonwatch.org.br\/?p=52336\"},\"wordCount\":1053,\"publisher\":{\"@id\":\"https:\/\/rioonwatch.org.br\/#organization\"},\"image\":{\"@id\":\"https:\/\/rioonwatch.org.br\/?p=52336#primaryimage\"},\"thumbnailUrl\":\"https:\/\/rioonwatch.org.br\/wp-content\/uploads\/2020\/12\/GRADA-KILOMBA-FOTO-Ze-de-Paiva.jpg\",\"keywords\":[\"#StopFavelaStigma\",\"\u00c1frica\",\"Antirracismo\",\"arte\",\"Complexo do Viradouro\",\"Di\u00e1spora Africana\",\"escravid\u00e3o\",\"feminismo\",\"Grande Rio\",\"literatura\",\"M\u00eas da Consci\u00eancia Negra\",\"mobiliza\u00e7\u00e3o\",\"mobiliza\u00e7\u00e3o criativa\",\"Niter\u00f3i\",\"pol\u00edcia\",\"Portugal\",\"viola\u00e7\u00f5es\"],\"articleSection\":[\"*Destaque\",\"Cobertura de Eventos\",\"Escrito por Aliados\",\"V\u00eddeo\"],\"inLanguage\":\"pt-BR\"},{\"@type\":\"WebPage\",\"@id\":\"https:\/\/rioonwatch.org.br\/?p=52336\",\"url\":\"https:\/\/rioonwatch.org.br\/?p=52336\",\"name\":\"Artista Interdisciplinar Grada Kilomba Fala da Urg\u00eancia da Desobedi\u00eancia na FLUP do Rio - RioOnWatch\",\"isPartOf\":{\"@id\":\"https:\/\/rioonwatch.org.br\/#website\"},\"primaryImageOfPage\":{\"@id\":\"https:\/\/rioonwatch.org.br\/?p=52336#primaryimage\"},\"image\":{\"@id\":\"https:\/\/rioonwatch.org.br\/?p=52336#primaryimage\"},\"thumbnailUrl\":\"https:\/\/rioonwatch.org.br\/wp-content\/uploads\/2020\/12\/GRADA-KILOMBA-FOTO-Ze-de-Paiva.jpg\",\"datePublished\":\"2021-01-07T12:48:59+00:00\",\"dateModified\":\"2024-05-24T15:34:30+00:00\",\"breadcrumb\":{\"@id\":\"https:\/\/rioonwatch.org.br\/?p=52336#breadcrumb\"},\"inLanguage\":\"pt-BR\",\"potentialAction\":[{\"@type\":\"ReadAction\",\"target\":[\"https:\/\/rioonwatch.org.br\/?p=52336\"]}]},{\"@type\":\"ImageObject\",\"inLanguage\":\"pt-BR\",\"@id\":\"https:\/\/rioonwatch.org.br\/?p=52336#primaryimage\",\"url\":\"https:\/\/rioonwatch.org.br\/wp-content\/uploads\/2020\/12\/GRADA-KILOMBA-FOTO-Ze-de-Paiva.jpg\",\"contentUrl\":\"https:\/\/rioonwatch.org.br\/wp-content\/uploads\/2020\/12\/GRADA-KILOMBA-FOTO-Ze-de-Paiva.jpg\",\"width\":1024,\"height\":386},{\"@type\":\"BreadcrumbList\",\"@id\":\"https:\/\/rioonwatch.org.br\/?p=52336#breadcrumb\",\"itemListElement\":[{\"@type\":\"ListItem\",\"position\":1,\"name\":\"In\u00edcio\",\"item\":\"https:\/\/rioonwatch.org.br\/\"},{\"@type\":\"ListItem\",\"position\":2,\"name\":\"Artista Interdisciplinar Grada Kilomba Fala da Urg\u00eancia da Desobedi\u00eancia na FLUP do Rio\"}]},{\"@type\":\"WebSite\",\"@id\":\"https:\/\/rioonwatch.org.br\/#website\",\"url\":\"https:\/\/rioonwatch.org.br\/\",\"name\":\"RioOnWatch\",\"description\":\"relatos das favelas cariocas\",\"publisher\":{\"@id\":\"https:\/\/rioonwatch.org.br\/#organization\"},\"potentialAction\":[{\"@type\":\"SearchAction\",\"target\":{\"@type\":\"EntryPoint\",\"urlTemplate\":\"https:\/\/rioonwatch.org.br\/?s={search_term_string}\"},\"query-input\":{\"@type\":\"PropertyValueSpecification\",\"valueRequired\":true,\"valueName\":\"search_term_string\"}}],\"inLanguage\":\"pt-BR\"},{\"@type\":\"Organization\",\"@id\":\"https:\/\/rioonwatch.org.br\/#organization\",\"name\":\"RioOnWatch\",\"url\":\"https:\/\/rioonwatch.org.br\/\",\"logo\":{\"@type\":\"ImageObject\",\"inLanguage\":\"pt-BR\",\"@id\":\"https:\/\/rioonwatch.org.br\/#\/schema\/logo\/image\/\",\"url\":\"https:\/\/rioonwatch.org.br\/wp-content\/uploads\/2021\/06\/RioOnWatchcabecalhoPT11anos-2.png\",\"contentUrl\":\"https:\/\/rioonwatch.org.br\/wp-content\/uploads\/2021\/06\/RioOnWatchcabecalhoPT11anos-2.png\",\"width\":779,\"height\":277,\"caption\":\"RioOnWatch\"},\"image\":{\"@id\":\"https:\/\/rioonwatch.org.br\/#\/schema\/logo\/image\/\"}},{\"@type\":\"Person\",\"@id\":\"https:\/\/rioonwatch.org.br\/#\/schema\/person\/8fde974ee24e219acc413d63393ec551\",\"name\":\"Tatiana Lima\",\"image\":{\"@type\":\"ImageObject\",\"inLanguage\":\"pt-BR\",\"@id\":\"https:\/\/rioonwatch.org.br\/#\/schema\/person\/image\/\",\"url\":\"https:\/\/secure.gravatar.com\/avatar\/5fb587d000e124a9d6aae50aec42d39e?s=96&d=blank&r=g\",\"contentUrl\":\"https:\/\/secure.gravatar.com\/avatar\/5fb587d000e124a9d6aae50aec42d39e?s=96&d=blank&r=g\",\"caption\":\"Tatiana Lima\"},\"url\":\"https:\/\/rioonwatch.org.br\/?author=165\"}]}<\/script>\n<!-- \/ Yoast SEO plugin. -->","yoast_head_json":{"title":"Artista Interdisciplinar Grada Kilomba Fala da Urg\u00eancia da Desobedi\u00eancia na FLUP do Rio - RioOnWatch","robots":{"index":"index","follow":"follow","max-snippet":"max-snippet:-1","max-image-preview":"max-image-preview:large","max-video-preview":"max-video-preview:-1"},"canonical":"https:\/\/rioonwatch.org.br\/?p=52336","og_locale":"pt_BR","og_type":"article","og_title":"Artista Interdisciplinar Grada Kilomba Fala da Urg\u00eancia da Desobedi\u00eancia na FLUP do Rio - RioOnWatch","og_description":"Click Here for English Grada Kilomba, a artista interdisciplinar portuguesa e escritora cujo trabalho investiga legados do colonialismo e do racismo, com base em elementos de performance, instala\u00e7\u00e3o e psicologia, encorajou uma gera\u00e7\u00e3o mais jovem [...]","og_url":"https:\/\/rioonwatch.org.br\/?p=52336","og_site_name":"RioOnWatch","article_published_time":"2021-01-07T12:48:59+00:00","article_modified_time":"2024-05-24T15:34:30+00:00","og_image":[{"width":1024,"height":386,"url":"https:\/\/rioonwatch.org.br\/wp-content\/uploads\/2020\/12\/GRADA-KILOMBA-FOTO-Ze-de-Paiva.jpg","type":"image\/jpeg"}],"author":"Tatiana Lima","twitter_card":"summary_large_image","twitter_misc":{"Escrito por":"Tatiana Lima","Est. tempo de leitura":"5 minutos"},"schema":{"@context":"https:\/\/schema.org","@graph":[{"@type":"Article","@id":"https:\/\/rioonwatch.org.br\/?p=52336#article","isPartOf":{"@id":"https:\/\/rioonwatch.org.br\/?p=52336"},"author":{"name":"Tatiana Lima","@id":"https:\/\/rioonwatch.org.br\/#\/schema\/person\/8fde974ee24e219acc413d63393ec551"},"headline":"Artista Interdisciplinar Grada Kilomba Fala da Urg\u00eancia da Desobedi\u00eancia na FLUP do Rio","datePublished":"2021-01-07T12:48:59+00:00","dateModified":"2024-05-24T15:34:30+00:00","mainEntityOfPage":{"@id":"https:\/\/rioonwatch.org.br\/?p=52336"},"wordCount":1053,"publisher":{"@id":"https:\/\/rioonwatch.org.br\/#organization"},"image":{"@id":"https:\/\/rioonwatch.org.br\/?p=52336#primaryimage"},"thumbnailUrl":"https:\/\/rioonwatch.org.br\/wp-content\/uploads\/2020\/12\/GRADA-KILOMBA-FOTO-Ze-de-Paiva.jpg","keywords":["#StopFavelaStigma","\u00c1frica","Antirracismo","arte","Complexo do Viradouro","Di\u00e1spora Africana","escravid\u00e3o","feminismo","Grande Rio","literatura","M\u00eas da Consci\u00eancia Negra","mobiliza\u00e7\u00e3o","mobiliza\u00e7\u00e3o criativa","Niter\u00f3i","pol\u00edcia","Portugal","viola\u00e7\u00f5es"],"articleSection":["*Destaque","Cobertura de Eventos","Escrito por Aliados","V\u00eddeo"],"inLanguage":"pt-BR"},{"@type":"WebPage","@id":"https:\/\/rioonwatch.org.br\/?p=52336","url":"https:\/\/rioonwatch.org.br\/?p=52336","name":"Artista Interdisciplinar Grada Kilomba Fala da Urg\u00eancia da Desobedi\u00eancia na FLUP do Rio - RioOnWatch","isPartOf":{"@id":"https:\/\/rioonwatch.org.br\/#website"},"primaryImageOfPage":{"@id":"https:\/\/rioonwatch.org.br\/?p=52336#primaryimage"},"image":{"@id":"https:\/\/rioonwatch.org.br\/?p=52336#primaryimage"},"thumbnailUrl":"https:\/\/rioonwatch.org.br\/wp-content\/uploads\/2020\/12\/GRADA-KILOMBA-FOTO-Ze-de-Paiva.jpg","datePublished":"2021-01-07T12:48:59+00:00","dateModified":"2024-05-24T15:34:30+00:00","breadcrumb":{"@id":"https:\/\/rioonwatch.org.br\/?p=52336#breadcrumb"},"inLanguage":"pt-BR","potentialAction":[{"@type":"ReadAction","target":["https:\/\/rioonwatch.org.br\/?p=52336"]}]},{"@type":"ImageObject","inLanguage":"pt-BR","@id":"https:\/\/rioonwatch.org.br\/?p=52336#primaryimage","url":"https:\/\/rioonwatch.org.br\/wp-content\/uploads\/2020\/12\/GRADA-KILOMBA-FOTO-Ze-de-Paiva.jpg","contentUrl":"https:\/\/rioonwatch.org.br\/wp-content\/uploads\/2020\/12\/GRADA-KILOMBA-FOTO-Ze-de-Paiva.jpg","width":1024,"height":386},{"@type":"BreadcrumbList","@id":"https:\/\/rioonwatch.org.br\/?p=52336#breadcrumb","itemListElement":[{"@type":"ListItem","position":1,"name":"In\u00edcio","item":"https:\/\/rioonwatch.org.br\/"},{"@type":"ListItem","position":2,"name":"Artista Interdisciplinar Grada Kilomba Fala da Urg\u00eancia da Desobedi\u00eancia na FLUP do Rio"}]},{"@type":"WebSite","@id":"https:\/\/rioonwatch.org.br\/#website","url":"https:\/\/rioonwatch.org.br\/","name":"RioOnWatch","description":"relatos das favelas cariocas","publisher":{"@id":"https:\/\/rioonwatch.org.br\/#organization"},"potentialAction":[{"@type":"SearchAction","target":{"@type":"EntryPoint","urlTemplate":"https:\/\/rioonwatch.org.br\/?s={search_term_string}"},"query-input":{"@type":"PropertyValueSpecification","valueRequired":true,"valueName":"search_term_string"}}],"inLanguage":"pt-BR"},{"@type":"Organization","@id":"https:\/\/rioonwatch.org.br\/#organization","name":"RioOnWatch","url":"https:\/\/rioonwatch.org.br\/","logo":{"@type":"ImageObject","inLanguage":"pt-BR","@id":"https:\/\/rioonwatch.org.br\/#\/schema\/logo\/image\/","url":"https:\/\/rioonwatch.org.br\/wp-content\/uploads\/2021\/06\/RioOnWatchcabecalhoPT11anos-2.png","contentUrl":"https:\/\/rioonwatch.org.br\/wp-content\/uploads\/2021\/06\/RioOnWatchcabecalhoPT11anos-2.png","width":779,"height":277,"caption":"RioOnWatch"},"image":{"@id":"https:\/\/rioonwatch.org.br\/#\/schema\/logo\/image\/"}},{"@type":"Person","@id":"https:\/\/rioonwatch.org.br\/#\/schema\/person\/8fde974ee24e219acc413d63393ec551","name":"Tatiana Lima","image":{"@type":"ImageObject","inLanguage":"pt-BR","@id":"https:\/\/rioonwatch.org.br\/#\/schema\/person\/image\/","url":"https:\/\/secure.gravatar.com\/avatar\/5fb587d000e124a9d6aae50aec42d39e?s=96&d=blank&r=g","contentUrl":"https:\/\/secure.gravatar.com\/avatar\/5fb587d000e124a9d6aae50aec42d39e?s=96&d=blank&r=g","caption":"Tatiana Lima"},"url":"https:\/\/rioonwatch.org.br\/?author=165"}]}},"_links":{"self":[{"href":"https:\/\/rioonwatch.org.br\/index.php?rest_route=\/wp\/v2\/posts\/52336"}],"collection":[{"href":"https:\/\/rioonwatch.org.br\/index.php?rest_route=\/wp\/v2\/posts"}],"about":[{"href":"https:\/\/rioonwatch.org.br\/index.php?rest_route=\/wp\/v2\/types\/post"}],"author":[{"embeddable":true,"href":"https:\/\/rioonwatch.org.br\/index.php?rest_route=\/wp\/v2\/users\/165"}],"replies":[{"embeddable":true,"href":"https:\/\/rioonwatch.org.br\/index.php?rest_route=%2Fwp%2Fv2%2Fcomments&post=52336"}],"version-history":[{"count":7,"href":"https:\/\/rioonwatch.org.br\/index.php?rest_route=\/wp\/v2\/posts\/52336\/revisions"}],"predecessor-version":[{"id":52971,"href":"https:\/\/rioonwatch.org.br\/index.php?rest_route=\/wp\/v2\/posts\/52336\/revisions\/52971"}],"wp:featuredmedia":[{"embeddable":true,"href":"https:\/\/rioonwatch.org.br\/index.php?rest_route=\/wp\/v2\/media\/52342"}],"wp:attachment":[{"href":"https:\/\/rioonwatch.org.br\/index.php?rest_route=%2Fwp%2Fv2%2Fmedia&parent=52336"}],"wp:term":[{"taxonomy":"category","embeddable":true,"href":"https:\/\/rioonwatch.org.br\/index.php?rest_route=%2Fwp%2Fv2%2Fcategories&post=52336"},{"taxonomy":"post_tag","embeddable":true,"href":"https:\/\/rioonwatch.org.br\/index.php?rest_route=%2Fwp%2Fv2%2Ftags&post=52336"},{"taxonomy":"writer","embeddable":true,"href":"https:\/\/rioonwatch.org.br\/index.php?rest_route=%2Fwp%2Fv2%2Fwriter&post=52336"},{"taxonomy":"translator","embeddable":true,"href":"https:\/\/rioonwatch.org.br\/index.php?rest_route=%2Fwp%2Fv2%2Ftranslator&post=52336"},{"taxonomy":"source","embeddable":true,"href":"https:\/\/rioonwatch.org.br\/index.php?rest_route=%2Fwp%2Fv2%2Fsource&post=52336"},{"taxonomy":"ilustrador","embeddable":true,"href":"https:\/\/rioonwatch.org.br\/index.php?rest_route=%2Fwp%2Fv2%2Filustrador&post=52336"},{"taxonomy":"fotografo","embeddable":true,"href":"https:\/\/rioonwatch.org.br\/index.php?rest_route=%2Fwp%2Fv2%2Ffotografo&post=52336"}],"curies":[{"name":"wp","href":"https:\/\/api.w.org\/{rel}","templated":true}]}}