{"id":52358,"date":"2020-12-18T19:39:50","date_gmt":"2020-12-18T22:39:50","guid":{"rendered":"https:\/\/rioonwatch.org.br\/?p=52358"},"modified":"2020-12-29T13:40:03","modified_gmt":"2020-12-29T16:40:03","slug":"3o-grande-encontro-da-rede-favela-sustentavel-parte-5-tours-virtuais-por-solucoes-energeticas-sustentaveis","status":"publish","type":"post","link":"https:\/\/rioonwatch.org.br\/?p=52358","title":{"rendered":"3\u00ba Grande Encontro, Parte 5: Tours Virtuais por Placas Solares das Favelas do Rio"},"content":{"rendered":"<p style=\"text-align: right;\"><em><strong><a href=\"http:\/\/bit.ly\/3nTukMB\" target=\"_blank\" rel=\"noopener noreferrer\">Click Here for English<\/a><a href=\"http:\/\/bit.ly\/3nTukMB\" target=\"_blank\" rel=\"noopener noreferrer\"><img decoding=\"async\" width=\"20\" height=\"20\" class=\"alignright wp-image-15790\" src=\"https:\/\/rioonwatch.org.br\/wp-content\/uploads\/2012\/08\/EN-standard-e1439583104716.jpg\" \/><\/a><\/strong><\/em><\/p>\n<p><em>Esta \u00e9 a quinta mat\u00e9ria cobrindo os <a href=\"https:\/\/bit.ly\/RFSEncontrao2020\" target=\"_blank\" rel=\"noopener\">eventos do 3\u00b0 Grande Encontro Anual da Rede Favela Sustent\u00e1vel<\/a>, que aconteceu remotamente no dia 7 de novembro de 2020.<\/em><\/p>\n<p><em>A <a href=\"http:\/\/www.bit.ly\/RFSMapa\" target=\"_blank\" rel=\"noopener noreferrer\">Rede Favela Sustent\u00e1vel<\/a>\u00a0(RFS) \u00e9 um projeto da\u00a0<a href=\"http:\/\/comcat.org\/\" target=\"_blank\" rel=\"noopener noreferrer\">Comunidades Catalisadoras<\/a> (ComCat)* desenhado para construir redes de solidariedade, dar visibilidade e desenvolver a\u00e7\u00f5es conjuntas que apoiem a expans\u00e3o de iniciativas comunit\u00e1rias que fortalecem a sustentabilidade ambiental e a resili\u00eancia social em favelas de toda a regi\u00e3o metropolitana\u00a0do Rio de Janeiro. O projeto come\u00e7ou em 2012 com a produ\u00e7\u00e3o do filme\u00a0<a href=\"http:\/\/bit.ly\/FavelaModelo\" target=\"_blank\" rel=\"noopener noreferrer\">Favela como Modelo Sustent\u00e1vel<\/a>, tendo continuidade em 2017 com o\u00a0<a href=\"http:\/\/www.bit.ly\/RFSMapa\" target=\"_blank\" rel=\"noopener noreferrer\">mapeamento de iniciativas de sustentabilidade<\/a>. Em 2018, o projeto organizou\u00a0<a href=\"http:\/\/bit.ly\/IntercambiosRFS\" target=\"_blank\" rel=\"noopener noreferrer\">interc\u00e2mbios locais<\/a>, especificamente, entre oito iniciativas mais duradouras e estabelecidas, e em seguida foi realizado <a href=\"http:\/\/bit.ly\/2k1wgXz\" target=\"_blank\" rel=\"noopener noreferrer\">o 1\u00b0 Grande Encontro que lan\u00e7ou a RFS<\/a> em 10 de novembro de 2018. <\/em><i><em>Em 2019, o projeto realizou uma <a href=\"http:\/\/bit.ly\/IntercambiosRFS\" target=\"_blank\" rel=\"noopener noreferrer\">segunda rodada de interc\u00e2mbios<\/a>\u2014dessa vez abertos a todos os membros da RFS e ao p\u00fablico em geral\u2014em projetos baseados em cinco favelas cariocas. As atividades de 2019 culminaram com o <a href=\"http:\/\/bit.ly\/RFS2oEncontro\" target=\"_blank\" rel=\"noopener noreferrer\">2\u00ba Grande Encontro Anual<\/a> de toda a Rede Favela Sustent\u00e1vel. <\/em><\/i><em>J\u00e1 em 2020, <i><span style=\"font-weight: 400;\">os Grupos de Trabalho seguiram se reunindo\u2014<\/span><\/i><i><span style=\"font-weight: 400;\">remotamente devido \u00e0 pandemia do novo <\/span><\/i><a href=\"http:\/\/bit.ly\/Covid19NasFavelas\" target=\"_blank\" rel=\"noopener noreferrer\"><i><span style=\"font-weight: 400;\">coronav\u00edrus<\/span><\/i><\/a><i><span style=\"font-weight: 400;\">\u2014<\/span><\/i><i><span style=\"font-weight: 400;\">realizando atividades variadas como rondas afetivas, <a href=\"http:\/\/bit.ly\/IntercambiosRFS\" target=\"_blank\" rel=\"noopener noreferrer\">aulas p\u00fablicas<\/a>, semin\u00e1rios, <a href=\"https:\/\/bit.ly\/2VQiC9e\" target=\"_blank\" rel=\"noopener noreferrer\">campanhas de capta\u00e7\u00e3o<\/a>, <a href=\"https:\/\/bit.ly\/CandidatosAssinamROW\" target=\"_blank\" rel=\"noopener noreferrer\">carta-compromisso com candidatos<\/a> e um <a href=\"http:\/\/bit.ly\/RFSDebateROW\" target=\"_blank\" rel=\"noopener noreferrer\">debate com os prefeit\u00e1veis<\/a>. Para fechar o ano<\/span><\/i>, a Rede Favela Sustent\u00e1vel realizou seu 3\u00ba Grande Encontro Anual, relatado abaixo e <a href=\"https:\/\/bit.ly\/RFSEncontrao2020\" target=\"_blank\" rel=\"noopener\">nesta s\u00e9rie<\/a>, <i><span style=\"font-weight: 400;\">com o objetivo de se encontrar como um todo, promover o <\/span><\/i><i><span style=\"font-weight: 400;\">fortalecimento<\/span><\/i><i><span style=\"font-weight: 400;\"> m\u00fatuo entre mobilizadores socioambientais, avaliar as atividades da RFS em 2020 e mapear propostas conjuntas para 2021.<\/span><\/i><\/em><\/p>\n<h3>Tours Virtuais por Projetos Descentralizados de Autonomia Energ\u00e9tica Sustent\u00e1vel<\/h3>\n<p>Ap\u00f3s os <a href=\"https:\/\/bit.ly\/RFSTourAgua\" target=\"_blank\" rel=\"noopener\">tours virtuais promovidos pelo GT \u00c1gua e Esgoto<\/a>,\u00a0o <a href=\"http:\/\/bit.ly\/3pcdpVV\" target=\"_blank\" rel=\"noopener\">GT Energia Solar da Rede Favela Sustent\u00e1vel<\/a> convidou os participantes do 3\u00ba Grande Encontro a conhecerem virtualmente algumas das placas solares j\u00e1 instaladas em favelas cariocas, no evento &#8220;Energia Solar nas Favelas \u00e9 Realidade: Tour pelas placas da Babil\u00f4nia e Santa Marta&#8221;. Falando diretamente da Associa\u00e7\u00e3o de Moradores do <a href=\"http:\/\/bit.ly\/2XP7USU\" target=\"_blank\" rel=\"noopener noreferrer\">Morro Santa Marta<\/a>, Ver\u00f4nica Moura e Leo El\u00e9trica (como \u00e9 conhecido Leonardo Luis Almeida Da Silva), do projeto <a href=\"http:\/\/bit.ly\/2snzPLD\" target=\"_blank\" rel=\"noopener noreferrer\">Insolar<\/a>, discutiram o impacto do projeto nos moradores e no territ\u00f3rio em si. \u201c[O projeto] foi criado junto com os moradores\u201d, explicou Ver\u00f4nica, complementando que a primeira a\u00e7\u00e3o em 2014 foi uma pesquisa, realizada pelos moradores, para identificar locais onde poderiam ser instaladas placas solares.<\/p>\n<h4>Veja as Placas Solares\u00a0<a href=\"http:\/\/bit.ly\/TourGTSolar\" target=\"_blank\" rel=\"noopener\">ao Vivo<\/a> Desde o Santa Marta:<\/h4>\n<p><iframe src=\"https:\/\/www.youtube.com\/embed\/EwRYWyt7Ir0?start=278\" width=\"620\" height=\"349\" frameborder=\"0\" allowfullscreen=\"allowfullscreen\"><span data-mce-type=\"bookmark\" style=\"display: inline-block; width: 0px; overflow: hidden; line-height: 0;\" class=\"mce_SELRES_start\">\ufeff<\/span><\/iframe><\/p>\n<p>Para concretizar o tour virtual, Ver\u00f4nica filmou a parte baixa de sua comunidade e mostrou placas instaladas na Associa\u00e7\u00e3o de Moradores, em uma creche, em uma escola de samba, em uma <a href=\"http:\/\/bit.ly\/2PhF62h\" target=\"_blank\" rel=\"noopener\">Cl\u00ednica da Fam\u00edlia<\/a>, e nos pontos do bondinho do plano inclinado da comunidade, comentando que h\u00e1 mais instala\u00e7\u00f5es na parte alta da comunidade. Leo observou que, no plano inclinado, as placas servem para abastecer um refletor e alguns pontos de USB para carregar celulares e afins. Leo mostrou tamb\u00e9m um equipamento que mede a quantidade de energia gerada na Associa\u00e7\u00e3o de Moradores e o equipamento de monitoramento online do sistema.<\/p>\n<p>Leo explicou que, antes da chegada do Insolar no Santa Marta, ele \u201cn\u00e3o tinha profiss\u00e3o\u201d mas que virou eletricista gra\u00e7as ao projeto e que, hoje em dia, tem a \u201coportunidade de fazer instala\u00e7\u00e3o fotovoltaica em outras empresas\u201d. Leo participou da primeira turma de forma\u00e7\u00e3o de instaladores promovida pela Insolar em 2016, uma forma\u00e7\u00e3o promovida para que os pr\u00f3prios moradores pudessem instalar as placas solares.<\/p>\n<p>Durante suas falas, ambos destacaram o valor emancipador que a energia renov\u00e1vel traz para as favelas: \u201cVoc\u00ea v\u00ea que d\u00e1 certo&#8230; ter uma energia limpa, voc\u00ea pode at\u00e9 vender [a energia] futuramente, isso \u00e9 fascinante\u201d, afirmou Ver\u00f4nica. &#8220;Nosso sonho \u00e9 que isso cres\u00e7a ainda mais dentro da nossa comunidade, que eu possa ter energia solar na minha casa, e que isso possa crescer pra outras comunidades&#8221;.<\/p>\n<p><strong><a href=\"https:\/\/rioonwatch.org.br\/wp-content\/uploads\/2020\/11\/Placas-solares-do-Insolar-Santa-Marta-na-associacao-de-moradores-da-favela-mostradas-por-Veronica-Moura-e-Leo-Eletrica-cujo-braco-aparece-na-foto..png\"><img fetchpriority=\"high\" decoding=\"async\" class=\"aligncenter wp-image-51877 size-content\" title=\"Placas solares do Insolar Santa Marta na associa\u00e7\u00e3o de moradores da favela mostradas por Veronica Moura e Leo El\u00e9trica (cujo bra\u00e7o aparece na foto).\" src=\"https:\/\/rioonwatch.org.br\/wp-content\/uploads\/2020\/11\/Placas-solares-do-Insolar-Santa-Marta-na-associacao-de-moradores-da-favela-mostradas-por-Veronica-Moura-e-Leo-Eletrica-cujo-braco-aparece-na-foto.-620x264.png\" alt=\"Placas solares do Insolar Santa Marta na associa\u00e7\u00e3o de moradores da favela mostradas por Veronica Moura e Leo El\u00e9trica (cujo bra\u00e7o aparece na foto).\" width=\"620\" height=\"264\" \/><\/a><\/strong><\/p>\n<p>&#8220;Muito interessante ver que isso \u00e9 uma realidade,&#8221; comentou Guilhereme Tavares do <a href=\"https:\/\/bit.ly\/2WjABoN\" target=\"_blank\" rel=\"noopener\">Litro de Luz<\/a>.\u00a0&#8220;A gente tem que sonhar mesmo! Junto a gente consegue ir mais longe.&#8221;<\/p>\n<p>\u00c9lida Nascimento do <a href=\"https:\/\/bit.ly\/3nfeCuh\" target=\"_blank\" rel=\"noopener\">Projeto Inclus\u00e3o<\/a> na comunidade do <a href=\"https:\/\/bit.ly\/2TYIcYD\" target=\"_blank\" rel=\"noopener\">\u00c9den<\/a> em <a href=\"http:\/\/bit.ly\/32hi3Hn\" target=\"_blank\" rel=\"noopener\">S\u00e3o Jo\u00e3o de Meriti<\/a> perguntou como eles conseguiram instalar tantas placas se o custo \u00e9 t\u00e3o alto. Ver\u00f4nica e Leo esclareceram que a Insolar busca financiamento para o momento de instala\u00e7\u00e3o, mas que o equipamento dura cerca de 25 anos, e que portanto, com a redu\u00e7\u00e3o no pre\u00e7o mensal da conta de luz, a longo prazo \u00e9 gerada uma economia significativa. &#8220;\u00c9 um investimento que vai voltar&#8221;, afirmou Leo.<\/p>\n<p>Dando seguimento ao evento, a <a href=\"https:\/\/youtu.be\/EwRYWyt7Ir0?t=1520\" target=\"_blank\" rel=\"noopener\">palavra foi passada para<\/a> o pessoal da <a href=\"http:\/\/bit.ly\/2KAjqet\" target=\"_blank\" rel=\"noopener noreferrer\">Revolusolar<\/a>, no <a href=\"https:\/\/bit.ly\/2UEUYv7\" target=\"_blank\" rel=\"noopener\">Morro da Babil\u00f4nia<\/a>. Adalberto Almeida, cofundador da iniciativa Revolusolar, \u00e9 o primeiro instalador de placas solares em favelas do Brasil. &#8220;Eu n\u00e3o acreditava que era poss\u00edvel ter energia atrav\u00e9s de pain\u00e9is solares. Depois que passamos a implementar o sistema, [vi] que \u00e9 poss\u00edvel.&#8221;<\/p>\n<p><a href=\"https:\/\/rioonwatch.org.br\/wp-content\/uploads\/2020\/12\/Eduardo-e-Adalberto-Revolusolar-rotated.jpg\"><img decoding=\"async\" class=\"aligncenter wp-image-52349 size-content\" title=\"Eduardo \u00c1vila e Adalberto Almeida da Revolusar no Morro da Babil\u00f4nia.\" src=\"https:\/\/rioonwatch.org.br\/wp-content\/uploads\/2020\/12\/Eduardo-e-Adalberto-Revolusolar-620x264.jpg\" alt=\"Eduardo \u00c1vila e Adalberto Almeida da Revolusar no Morro da Babil\u00f4nia.\" width=\"620\" height=\"264\" srcset=\"https:\/\/rioonwatch.org.br\/wp-content\/uploads\/2020\/12\/Eduardo-e-Adalberto-Revolusolar-620x264.jpg 620w, https:\/\/rioonwatch.org.br\/wp-content\/uploads\/2020\/12\/Eduardo-e-Adalberto-Revolusolar-940x400.jpg 940w\" sizes=\"(max-width: 620px) 100vw, 620px\" \/><\/a><\/p>\n<p>Eduardo \u00c1vila, atual diretor executivo da Revolusolar, informou que a iniciativa est\u00e1 no processo de constru\u00e7\u00e3o da <a href=\"http:\/\/bit.ly\/3oZgoAG\" target=\"_blank\" rel=\"noopener\">primeira cooperativa solar em favelas<\/a> do Brasil e do mundo. &#8220;\u00c9 um modelo que a gente vem desenhando para que seja sustent\u00e1vel e replic\u00e1vel em outras comunidades do Rio de Janeiro e do Brasil, n\u00e3o s\u00f3 em favelas mas em [comunidades] ind\u00edgenas e quilombolas tamb\u00e9m.&#8221;<\/p>\n<h4>Veja as Placas Solares\u00a0<a href=\"http:\/\/bit.ly\/TourGTSolar\" target=\"_blank\" rel=\"noopener\">ao Vivo<\/a> Desde a Babil\u00f4nia:<\/h4>\n<p><iframe src=\"https:\/\/www.youtube.com\/embed\/EwRYWyt7Ir0?start=1568\" width=\"620\" height=\"349\" frameborder=\"0\" allowfullscreen=\"allowfullscreen\"><span data-mce-type=\"bookmark\" style=\"display: inline-block; width: 0px; overflow: hidden; line-height: 0;\" class=\"mce_SELRES_start\">\ufeff<\/span><\/iframe><\/p>\n<p>A energia solar \u00e9 uma fonte de emprego fundamental para v\u00e1rias comunidades. Eduardo confirmou que o n\u00famero de empregos gerados pela energia solar \u00e9 imenso<i><em> (<\/em><\/i><a href=\"https:\/\/bit.ly\/39mPY7D\" target=\"_blank\" rel=\"noopener noreferrer\">200.000<\/a>) e que, at\u00e9\u00a0<a href=\"https:\/\/bit.ly\/3fCtlgr\" target=\"_blank\" rel=\"noopener noreferrer\">durante a pandemia, 40,000 empregos foram criados<\/a> a partir da energia solar no Brasil. Tanto a Revolusolar quanto a Insolar comentaram tamb\u00e9m da presen\u00e7a, ainda t\u00edmida por\u00e9m marcante, de mulheres nas forma\u00e7\u00f5es comunit\u00e1rias para instaladores de placas fotovoltaicas.<\/p>\n<p><a href=\"https:\/\/youtu.be\/EwRYWyt7Ir0?t=1520\" target=\"_blank\" rel=\"noopener\">Dando in\u00edcio ao tour virtual<\/a> em si, Eduardo informou que estava desconectando seu celular de uma tomada e come\u00e7ou a movimentar-se em dire\u00e7\u00e3o \u00e0 placa solar que estava abastecendo aquela tomada. O p\u00fablico p\u00f4de vislumbrar as placas do restaurante Estrelas da Babil\u00f4nia, que foram instaladas com participa\u00e7\u00e3o do pr\u00f3prio Adalberto. Eduardo acrescentou que junto a estas placas solares h\u00e1 tamb\u00e9m um <a href=\"https:\/\/bit.ly\/3qKL8qS\" target=\"_blank\" rel=\"noopener\">teto verde<\/a>, que &#8220;traz conforto t\u00e9rmico para a constru\u00e7\u00e3o e aumenta a efici\u00eancia energ\u00e9tica da gera\u00e7\u00e3o das placas.&#8221;<\/p>\n<p><a href=\"https:\/\/rioonwatch.org.br\/wp-content\/uploads\/2020\/12\/Adalberto-ALmeida-Placa-Solar-Babilonia.jpg\"><img loading=\"lazy\" decoding=\"async\" class=\"alignright wp-image-52350\" title=\"Adalberto Almeida observando os pain\u00e9is solares instalados no restaurante Estrelas da Babil\u00f4nia\" src=\"https:\/\/rioonwatch.org.br\/wp-content\/uploads\/2020\/12\/Adalberto-ALmeida-Placa-Solar-Babilonia.jpg\" alt=\"Adalberto Almeida observando os pain\u00e9is solares instalados no restaurante Estrelas da Babil\u00f4nia\" width=\"300\" height=\"405\" srcset=\"https:\/\/rioonwatch.org.br\/wp-content\/uploads\/2020\/12\/Adalberto-ALmeida-Placa-Solar-Babilonia.jpg 788w, https:\/\/rioonwatch.org.br\/wp-content\/uploads\/2020\/12\/Adalberto-ALmeida-Placa-Solar-Babilonia-459x620.jpg 459w, https:\/\/rioonwatch.org.br\/wp-content\/uploads\/2020\/12\/Adalberto-ALmeida-Placa-Solar-Babilonia-758x1024.jpg 758w, https:\/\/rioonwatch.org.br\/wp-content\/uploads\/2020\/12\/Adalberto-ALmeida-Placa-Solar-Babilonia-195x264.jpg 195w, https:\/\/rioonwatch.org.br\/wp-content\/uploads\/2020\/12\/Adalberto-ALmeida-Placa-Solar-Babilonia-768x1038.jpg 768w\" sizes=\"(max-width: 300px) 100vw, 300px\" \/><\/a>Adalberto explicou que nesses doze pain\u00e9is \u201cfoi onde tudo come\u00e7ou&#8230; Me emociona muito isso porque \u00e9 hist\u00f3rico. Vim de uma regi\u00e3o onde conheci eletricidade com 19 anos. Vim do interior do <a href=\"http:\/\/bit.ly\/2IVgycY\" target=\"_blank\" rel=\"noopener\">Nordeste<\/a>, e agora estou diante de um sistema que eu ajudei a criar&#8230; \u00c9 um orgulho para mim estar participando disso.\u201d<\/p>\n<p>Hans Rauschmayer da <a href=\"http:\/\/bit.ly\/2Qwq9Ih\" target=\"_blank\" rel=\"noopener\">Solarize Treinamentos<\/a> e tamb\u00e9m integrante do GT Solar contextualizou a situa\u00e7\u00e3o dizendo que &#8220;as concession\u00e1rias [de energia] sempre falaram que energia solar \u00e9 para rico. Rico bota placa no telhado e o pobre tem que pagar pela rede de energia [convencional]. Mas a gente est\u00e1 num momento em que [a energia solar] est\u00e1 realmente virando tecnologia para pobre, para toda a sociedade.&#8221;<\/p>\n<p>Hans lembrou que no ano passado <a href=\"http:\/\/bit.ly\/304zc6n\" target=\"_blank\" rel=\"noopener\">40 organiza\u00e7\u00f5es<\/a> da Rede Favela Sustent\u00e1vel <a href=\"http:\/\/bit.ly\/39LFo7N\" target=\"_blank\" rel=\"noopener\">assinaram um documento<\/a> enviado \u00e0 <a href=\"https:\/\/bit.ly\/3m8iL2b\" target=\"_blank\" rel=\"noopener\">ANEEL<\/a>, defendendo a n\u00e3o taxa\u00e7\u00e3o da energia solar, visando manter esta tecnologia acess\u00edvel, e que a mobiliza\u00e7\u00e3o teve um impacto a n\u00edvel nacional. &#8220;Isso gerou uma surpresa em fevereiro, quando Tiago Fraga do Grupo FRG, me ligou e disse &#8216;Hans, a gente quer doar um sistema solar para uma organiza\u00e7\u00e3o social.'&#8221;<\/p>\n<p>O GT Solar montou rapidamente um projeto para instalar as placas na <a href=\"http:\/\/bit.ly\/2rBjmCt\" target=\"_blank\" rel=\"noopener\">ONG SER Alzira de Aleluia<\/a>, no <a href=\"http:\/\/bit.ly\/2xCoB59\" target=\"_blank\" rel=\"noopener\">Vidigal<\/a>, que vai gerar uma economia de R$300 por m\u00eas na ONG. A instala\u00e7\u00e3o teve que ser adiada devido \u00e0 pandemia, mas o projeto ser\u00e1 implementado assim que poss\u00edvel. O GT tamb\u00e9m est\u00e1 com um <a href=\"https:\/\/bit.ly\/RFSQuestionarioSolar\" target=\"_blank\" rel=\"noopener noreferrer\">formul\u00e1rio aberto<\/a> para outras iniciativas da RFS que queiram colocar energia solar em suas sedes. Essas iniciativas ser\u00e3o convidadas a desenvolver pr\u00e9-projetos, para serem apresentados a financiadores.<\/p>\n<p>Muitos participantes do Grande Encontro demonstraram interesse em colaborar com as iniciativas de energia solar nas favelas e Hans fechou a atividade celebrando: &#8220;A Rede Favela Sustent\u00e1vel est\u00e1 conseguindo realizar tanta coisa, \u00e9 impressionante!&#8221;<\/p>\n<h4><em>Assista ao evento inteiro dos <a href=\"http:\/\/bit.ly\/TourGTSolar\" target=\"_blank\" rel=\"noopener noreferrer\">tours<\/a> dos projetos de energia solar da RFS.<\/em><\/h4>\n<p><em>Esta \u00e9 a quinta mat\u00e9ria cobrindo os <a href=\"https:\/\/bit.ly\/RFSEncontrao2020\" target=\"_blank\" rel=\"noopener\">eventos do 3\u00b0 Grande Encontro Anual da Rede Favela Sustent\u00e1vel<\/a>, que aconteceu remotamente no dia 7 de novembro de 2020.<\/em><\/p>\n<p><em>*<\/em><i data-stringify-type=\"italic\">A Rede Favela Sustent\u00e1vel (RFS) e o RioOnWatch s\u00e3o projetos da\u00a0<\/i><i data-stringify-type=\"italic\"><a class=\"c-link\" href=\"http:\/\/bit.ly\/2Ziqwv5\" target=\"_blank\" rel=\"noopener noreferrer\" data-stringify-link=\"http:\/\/bit.ly\/2Ziqwv5\" data-sk=\"tooltip_parent\" aria-describedby=\"sk-tooltip-6287\">Comunidades Catalisadoras<\/a><\/i><i data-stringify-type=\"italic\">. A RFS tem o apoio da\u00a0<a class=\"c-link\" href=\"http:\/\/bit.ly\/2sKLSD3\" target=\"_blank\" rel=\"noopener noreferrer\" data-stringify-link=\"http:\/\/bit.ly\/2sKLSD3\" data-sk=\"tooltip_parent\" aria-describedby=\"sk-tooltip-6288\">Funda\u00e7\u00e3o Heinrich B\u00f6ll Brasil<\/a>.<\/i><\/p>\n<hr \/>\n<h4><strong>Apoie nossos esfor\u00e7os para fornecer assist\u00eancia estrat\u00e9gica \u00e0s favelas do Rio, incluindo o jornalismo hiperlocal, cr\u00edtico, inovador e incans\u00e1vel do\u00a0<em>RioOnWatch<\/em><\/strong>\u2014<a href=\"http:\/\/bit.ly\/CatalisandoComunidades\">doe aqui<\/a>.<\/h4>\n<!-- AddThis Advanced Settings generic via filter on the_content --><!-- AddThis Share Buttons generic via filter on the_content -->","protected":false},"excerpt":{"rendered":"<div class=\"mh-excerpt\"><p>Click Here for English Esta \u00e9 a quinta mat\u00e9ria cobrindo os eventos do 3\u00b0 Grande Encontro Anual da Rede Favela Sustent\u00e1vel, que aconteceu remotamente no dia 7 de novembro de 2020. A Rede Favela Sustent\u00e1vel\u00a0(RFS) <a class=\"mh-excerpt-more\" href=\"https:\/\/rioonwatch.org.br\/?p=52358\" title=\"3\u00ba Grande Encontro, Parte 5: Tours Virtuais por Placas Solares das Favelas do Rio\">[&#8230;]<\/a><!-- AddThis Advanced Settings generic via filter on get_the_excerpt --><!-- AddThis Share Buttons generic via filter on get_the_excerpt --><\/p>\n<\/div>","protected":false},"author":167,"featured_media":52563,"comment_status":"closed","ping_status":"closed","sticky":false,"template":"","format":"standard","meta":{"_acf_changed":false,"_monsterinsights_skip_tracking":false,"_monsterinsights_sitenote_active":false,"_monsterinsights_sitenote_note":"","_monsterinsights_sitenote_category":0,"footnotes":""},"categories":[2753,2323,1621,1616,1612,342,1639],"tags":[826,2748,2866,1998,1096,2968,1151,1304,708,265,2901,180,112,2549,476,404,1457,2662,1441,578,354,383],"writer":[2035,2881],"translator":[],"source":[],"ilustrador":[],"fotografo":[],"class_list":{"0":"post-52358","1":"post","2":"type-post","3":"status-publish","4":"format-standard","5":"has-post-thumbnail","7":"category-covid19nasfavelas","8":"category-urbanismopopular","9":"category-destaque","10":"category-qualidades-da-favela","11":"category-sociedade-civil","12":"category-solucoes","13":"category-sustentabilidade","14":"tag-cooperativa","15":"tag-coronavirus","16":"tag-eden","17":"tag-energia-solar","18":"tag-favela-como-modelo-sustentavel","19":"tag-grande-encontro-rfs","20":"tag-organizacao","21":"tag-organizacao-criativa","22":"tag-morro-da-babilonia","23":"tag-nordeste","24":"tag-rfs","25":"tag-santa-marta","26":"tag-sao-joao-de-meriti","27":"tag-serie-intercambios-da-rfs","28":"tag-solucao-comunitaria","29":"tag-sustentabilidade","30":"tag-tecnologia","31":"tag-tecnologia-criativa","32":"tag-teto-verde","33":"tag-trabalho-e-renda","34":"tag-vidigal","35":"tag-zona-sul","36":"writer-clara-ferraz","37":"writer-julio-santos-filho"},"acf":[],"yoast_head":"<!-- This site is optimized with the Yoast SEO plugin v25.6 - https:\/\/yoast.com\/wordpress\/plugins\/seo\/ -->\n<title>3\u00ba Grande Encontro, Parte 5: Tours Virtuais por Placas Solares das Favelas do Rio - RioOnWatch<\/title>\n<meta name=\"robots\" content=\"index, follow, max-snippet:-1, max-image-preview:large, max-video-preview:-1\" \/>\n<link rel=\"canonical\" href=\"https:\/\/rioonwatch.org.br\/?p=52358\" \/>\n<meta property=\"og:locale\" content=\"pt_BR\" \/>\n<meta property=\"og:type\" content=\"article\" \/>\n<meta property=\"og:title\" content=\"3\u00ba Grande Encontro, Parte 5: Tours Virtuais por Placas Solares das Favelas do Rio - RioOnWatch\" \/>\n<meta property=\"og:description\" content=\"Click Here for English Esta \u00e9 a quinta mat\u00e9ria cobrindo os eventos do 3\u00b0 Grande Encontro Anual da Rede Favela Sustent\u00e1vel, que aconteceu remotamente no dia 7 de novembro de 2020. A Rede Favela Sustent\u00e1vel\u00a0(RFS) [...]\" \/>\n<meta property=\"og:url\" content=\"https:\/\/rioonwatch.org.br\/?p=52358\" \/>\n<meta property=\"og:site_name\" content=\"RioOnWatch\" \/>\n<meta property=\"article:published_time\" content=\"2020-12-18T22:39:50+00:00\" \/>\n<meta property=\"article:modified_time\" content=\"2020-12-29T16:40:03+00:00\" \/>\n<meta property=\"og:image\" content=\"https:\/\/rioonwatch.org.br\/wp-content\/uploads\/2020\/12\/Insolar.png\" \/>\n\t<meta property=\"og:image:width\" content=\"1440\" \/>\n\t<meta property=\"og:image:height\" content=\"656\" \/>\n\t<meta property=\"og:image:type\" content=\"image\/png\" \/>\n<meta name=\"author\" content=\"Julio Santos Filho\" \/>\n<meta name=\"twitter:card\" content=\"summary_large_image\" \/>\n<meta name=\"twitter:label1\" content=\"Escrito por\" \/>\n\t<meta name=\"twitter:data1\" content=\"Julio Santos Filho\" \/>\n\t<meta name=\"twitter:label2\" content=\"Est. tempo de leitura\" \/>\n\t<meta name=\"twitter:data2\" content=\"7 minutos\" \/>\n<script type=\"application\/ld+json\" class=\"yoast-schema-graph\">{\"@context\":\"https:\/\/schema.org\",\"@graph\":[{\"@type\":\"Article\",\"@id\":\"https:\/\/rioonwatch.org.br\/?p=52358#article\",\"isPartOf\":{\"@id\":\"https:\/\/rioonwatch.org.br\/?p=52358\"},\"author\":{\"name\":\"Julio Santos Filho\",\"@id\":\"https:\/\/rioonwatch.org.br\/#\/schema\/person\/476bc75767957d3535b65b796667cd36\"},\"headline\":\"3\u00ba Grande Encontro, Parte 5: Tours Virtuais por Placas Solares das Favelas do Rio\",\"datePublished\":\"2020-12-18T22:39:50+00:00\",\"dateModified\":\"2020-12-29T16:40:03+00:00\",\"mainEntityOfPage\":{\"@id\":\"https:\/\/rioonwatch.org.br\/?p=52358\"},\"wordCount\":1505,\"publisher\":{\"@id\":\"https:\/\/rioonwatch.org.br\/#organization\"},\"image\":{\"@id\":\"https:\/\/rioonwatch.org.br\/?p=52358#primaryimage\"},\"thumbnailUrl\":\"https:\/\/rioonwatch.org.br\/wp-content\/uploads\/2020\/12\/Insolar.png\",\"keywords\":[\"cooperativa\",\"coronav\u00edrus\",\"\u00c9den\",\"energia solar\",\"Favela Como Modelo Sustent\u00e1vel\",\"Grande Encontro RFS\",\"mobiliza\u00e7\u00e3o\",\"mobiliza\u00e7\u00e3o criativa\",\"Morro da Babil\u00f4nia\",\"Nordeste\",\"Rede Favela Sustent\u00e1vel\",\"Santa Marta\",\"S\u00e3o Jo\u00e3o de Meriti\",\"S\u00e9rie: Interc\u00e2mbios da RFS\",\"solu\u00e7\u00e3o comunit\u00e1ria\",\"sustentabilidade\",\"tecnologia\",\"tecnologia criativa\",\"teto verde\",\"Trabalho e renda\",\"Vidigal\",\"Zona Sul\"],\"articleSection\":[\"#Covid19NasFavelas\",\"#UrbanismoPopular\",\"*Destaque\",\"Qualidades da Favela\",\"Sociedade Civil\",\"Solu\u00e7\u00f5es\",\"Sustentabilidade\"],\"inLanguage\":\"pt-BR\"},{\"@type\":\"WebPage\",\"@id\":\"https:\/\/rioonwatch.org.br\/?p=52358\",\"url\":\"https:\/\/rioonwatch.org.br\/?p=52358\",\"name\":\"3\u00ba Grande Encontro, Parte 5: Tours Virtuais por Placas Solares das Favelas do Rio - RioOnWatch\",\"isPartOf\":{\"@id\":\"https:\/\/rioonwatch.org.br\/#website\"},\"primaryImageOfPage\":{\"@id\":\"https:\/\/rioonwatch.org.br\/?p=52358#primaryimage\"},\"image\":{\"@id\":\"https:\/\/rioonwatch.org.br\/?p=52358#primaryimage\"},\"thumbnailUrl\":\"https:\/\/rioonwatch.org.br\/wp-content\/uploads\/2020\/12\/Insolar.png\",\"datePublished\":\"2020-12-18T22:39:50+00:00\",\"dateModified\":\"2020-12-29T16:40:03+00:00\",\"breadcrumb\":{\"@id\":\"https:\/\/rioonwatch.org.br\/?p=52358#breadcrumb\"},\"inLanguage\":\"pt-BR\",\"potentialAction\":[{\"@type\":\"ReadAction\",\"target\":[\"https:\/\/rioonwatch.org.br\/?p=52358\"]}]},{\"@type\":\"ImageObject\",\"inLanguage\":\"pt-BR\",\"@id\":\"https:\/\/rioonwatch.org.br\/?p=52358#primaryimage\",\"url\":\"https:\/\/rioonwatch.org.br\/wp-content\/uploads\/2020\/12\/Insolar.png\",\"contentUrl\":\"https:\/\/rioonwatch.org.br\/wp-content\/uploads\/2020\/12\/Insolar.png\",\"width\":1440,\"height\":656},{\"@type\":\"BreadcrumbList\",\"@id\":\"https:\/\/rioonwatch.org.br\/?p=52358#breadcrumb\",\"itemListElement\":[{\"@type\":\"ListItem\",\"position\":1,\"name\":\"In\u00edcio\",\"item\":\"https:\/\/rioonwatch.org.br\/\"},{\"@type\":\"ListItem\",\"position\":2,\"name\":\"3\u00ba Grande Encontro, Parte 5: Tours Virtuais por Placas Solares das Favelas do Rio\"}]},{\"@type\":\"WebSite\",\"@id\":\"https:\/\/rioonwatch.org.br\/#website\",\"url\":\"https:\/\/rioonwatch.org.br\/\",\"name\":\"RioOnWatch\",\"description\":\"relatos das favelas cariocas\",\"publisher\":{\"@id\":\"https:\/\/rioonwatch.org.br\/#organization\"},\"potentialAction\":[{\"@type\":\"SearchAction\",\"target\":{\"@type\":\"EntryPoint\",\"urlTemplate\":\"https:\/\/rioonwatch.org.br\/?s={search_term_string}\"},\"query-input\":{\"@type\":\"PropertyValueSpecification\",\"valueRequired\":true,\"valueName\":\"search_term_string\"}}],\"inLanguage\":\"pt-BR\"},{\"@type\":\"Organization\",\"@id\":\"https:\/\/rioonwatch.org.br\/#organization\",\"name\":\"RioOnWatch\",\"url\":\"https:\/\/rioonwatch.org.br\/\",\"logo\":{\"@type\":\"ImageObject\",\"inLanguage\":\"pt-BR\",\"@id\":\"https:\/\/rioonwatch.org.br\/#\/schema\/logo\/image\/\",\"url\":\"https:\/\/rioonwatch.org.br\/wp-content\/uploads\/2021\/06\/RioOnWatchcabecalhoPT11anos-2.png\",\"contentUrl\":\"https:\/\/rioonwatch.org.br\/wp-content\/uploads\/2021\/06\/RioOnWatchcabecalhoPT11anos-2.png\",\"width\":779,\"height\":277,\"caption\":\"RioOnWatch\"},\"image\":{\"@id\":\"https:\/\/rioonwatch.org.br\/#\/schema\/logo\/image\/\"}},{\"@type\":\"Person\",\"@id\":\"https:\/\/rioonwatch.org.br\/#\/schema\/person\/476bc75767957d3535b65b796667cd36\",\"name\":\"Julio Santos Filho\",\"image\":{\"@type\":\"ImageObject\",\"inLanguage\":\"pt-BR\",\"@id\":\"https:\/\/rioonwatch.org.br\/#\/schema\/person\/image\/\",\"url\":\"https:\/\/secure.gravatar.com\/avatar\/ca138f7666182a292a8ce4ca14fb81f8?s=96&d=blank&r=g\",\"contentUrl\":\"https:\/\/secure.gravatar.com\/avatar\/ca138f7666182a292a8ce4ca14fb81f8?s=96&d=blank&r=g\",\"caption\":\"Julio Santos Filho\"},\"url\":\"https:\/\/rioonwatch.org.br\/?author=167\"}]}<\/script>\n<!-- \/ Yoast SEO plugin. -->","yoast_head_json":{"title":"3\u00ba Grande Encontro, Parte 5: Tours Virtuais por Placas Solares das Favelas do Rio - RioOnWatch","robots":{"index":"index","follow":"follow","max-snippet":"max-snippet:-1","max-image-preview":"max-image-preview:large","max-video-preview":"max-video-preview:-1"},"canonical":"https:\/\/rioonwatch.org.br\/?p=52358","og_locale":"pt_BR","og_type":"article","og_title":"3\u00ba Grande Encontro, Parte 5: Tours Virtuais por Placas Solares das Favelas do Rio - RioOnWatch","og_description":"Click Here for English Esta \u00e9 a quinta mat\u00e9ria cobrindo os eventos do 3\u00b0 Grande Encontro Anual da Rede Favela Sustent\u00e1vel, que aconteceu remotamente no dia 7 de novembro de 2020. A Rede Favela Sustent\u00e1vel\u00a0(RFS) [...]","og_url":"https:\/\/rioonwatch.org.br\/?p=52358","og_site_name":"RioOnWatch","article_published_time":"2020-12-18T22:39:50+00:00","article_modified_time":"2020-12-29T16:40:03+00:00","og_image":[{"width":1440,"height":656,"url":"https:\/\/rioonwatch.org.br\/wp-content\/uploads\/2020\/12\/Insolar.png","type":"image\/png"}],"author":"Julio Santos Filho","twitter_card":"summary_large_image","twitter_misc":{"Escrito por":"Julio Santos Filho","Est. tempo de leitura":"7 minutos"},"schema":{"@context":"https:\/\/schema.org","@graph":[{"@type":"Article","@id":"https:\/\/rioonwatch.org.br\/?p=52358#article","isPartOf":{"@id":"https:\/\/rioonwatch.org.br\/?p=52358"},"author":{"name":"Julio Santos Filho","@id":"https:\/\/rioonwatch.org.br\/#\/schema\/person\/476bc75767957d3535b65b796667cd36"},"headline":"3\u00ba Grande Encontro, Parte 5: Tours Virtuais por Placas Solares das Favelas do Rio","datePublished":"2020-12-18T22:39:50+00:00","dateModified":"2020-12-29T16:40:03+00:00","mainEntityOfPage":{"@id":"https:\/\/rioonwatch.org.br\/?p=52358"},"wordCount":1505,"publisher":{"@id":"https:\/\/rioonwatch.org.br\/#organization"},"image":{"@id":"https:\/\/rioonwatch.org.br\/?p=52358#primaryimage"},"thumbnailUrl":"https:\/\/rioonwatch.org.br\/wp-content\/uploads\/2020\/12\/Insolar.png","keywords":["cooperativa","coronav\u00edrus","\u00c9den","energia solar","Favela Como Modelo Sustent\u00e1vel","Grande Encontro RFS","mobiliza\u00e7\u00e3o","mobiliza\u00e7\u00e3o criativa","Morro da Babil\u00f4nia","Nordeste","Rede Favela Sustent\u00e1vel","Santa Marta","S\u00e3o Jo\u00e3o de Meriti","S\u00e9rie: Interc\u00e2mbios da RFS","solu\u00e7\u00e3o comunit\u00e1ria","sustentabilidade","tecnologia","tecnologia criativa","teto verde","Trabalho e renda","Vidigal","Zona Sul"],"articleSection":["#Covid19NasFavelas","#UrbanismoPopular","*Destaque","Qualidades da Favela","Sociedade Civil","Solu\u00e7\u00f5es","Sustentabilidade"],"inLanguage":"pt-BR"},{"@type":"WebPage","@id":"https:\/\/rioonwatch.org.br\/?p=52358","url":"https:\/\/rioonwatch.org.br\/?p=52358","name":"3\u00ba Grande Encontro, Parte 5: Tours Virtuais por Placas Solares das Favelas do Rio - RioOnWatch","isPartOf":{"@id":"https:\/\/rioonwatch.org.br\/#website"},"primaryImageOfPage":{"@id":"https:\/\/rioonwatch.org.br\/?p=52358#primaryimage"},"image":{"@id":"https:\/\/rioonwatch.org.br\/?p=52358#primaryimage"},"thumbnailUrl":"https:\/\/rioonwatch.org.br\/wp-content\/uploads\/2020\/12\/Insolar.png","datePublished":"2020-12-18T22:39:50+00:00","dateModified":"2020-12-29T16:40:03+00:00","breadcrumb":{"@id":"https:\/\/rioonwatch.org.br\/?p=52358#breadcrumb"},"inLanguage":"pt-BR","potentialAction":[{"@type":"ReadAction","target":["https:\/\/rioonwatch.org.br\/?p=52358"]}]},{"@type":"ImageObject","inLanguage":"pt-BR","@id":"https:\/\/rioonwatch.org.br\/?p=52358#primaryimage","url":"https:\/\/rioonwatch.org.br\/wp-content\/uploads\/2020\/12\/Insolar.png","contentUrl":"https:\/\/rioonwatch.org.br\/wp-content\/uploads\/2020\/12\/Insolar.png","width":1440,"height":656},{"@type":"BreadcrumbList","@id":"https:\/\/rioonwatch.org.br\/?p=52358#breadcrumb","itemListElement":[{"@type":"ListItem","position":1,"name":"In\u00edcio","item":"https:\/\/rioonwatch.org.br\/"},{"@type":"ListItem","position":2,"name":"3\u00ba Grande Encontro, Parte 5: Tours Virtuais por Placas Solares das Favelas do Rio"}]},{"@type":"WebSite","@id":"https:\/\/rioonwatch.org.br\/#website","url":"https:\/\/rioonwatch.org.br\/","name":"RioOnWatch","description":"relatos das favelas cariocas","publisher":{"@id":"https:\/\/rioonwatch.org.br\/#organization"},"potentialAction":[{"@type":"SearchAction","target":{"@type":"EntryPoint","urlTemplate":"https:\/\/rioonwatch.org.br\/?s={search_term_string}"},"query-input":{"@type":"PropertyValueSpecification","valueRequired":true,"valueName":"search_term_string"}}],"inLanguage":"pt-BR"},{"@type":"Organization","@id":"https:\/\/rioonwatch.org.br\/#organization","name":"RioOnWatch","url":"https:\/\/rioonwatch.org.br\/","logo":{"@type":"ImageObject","inLanguage":"pt-BR","@id":"https:\/\/rioonwatch.org.br\/#\/schema\/logo\/image\/","url":"https:\/\/rioonwatch.org.br\/wp-content\/uploads\/2021\/06\/RioOnWatchcabecalhoPT11anos-2.png","contentUrl":"https:\/\/rioonwatch.org.br\/wp-content\/uploads\/2021\/06\/RioOnWatchcabecalhoPT11anos-2.png","width":779,"height":277,"caption":"RioOnWatch"},"image":{"@id":"https:\/\/rioonwatch.org.br\/#\/schema\/logo\/image\/"}},{"@type":"Person","@id":"https:\/\/rioonwatch.org.br\/#\/schema\/person\/476bc75767957d3535b65b796667cd36","name":"Julio Santos Filho","image":{"@type":"ImageObject","inLanguage":"pt-BR","@id":"https:\/\/rioonwatch.org.br\/#\/schema\/person\/image\/","url":"https:\/\/secure.gravatar.com\/avatar\/ca138f7666182a292a8ce4ca14fb81f8?s=96&d=blank&r=g","contentUrl":"https:\/\/secure.gravatar.com\/avatar\/ca138f7666182a292a8ce4ca14fb81f8?s=96&d=blank&r=g","caption":"Julio Santos Filho"},"url":"https:\/\/rioonwatch.org.br\/?author=167"}]}},"_links":{"self":[{"href":"https:\/\/rioonwatch.org.br\/index.php?rest_route=\/wp\/v2\/posts\/52358"}],"collection":[{"href":"https:\/\/rioonwatch.org.br\/index.php?rest_route=\/wp\/v2\/posts"}],"about":[{"href":"https:\/\/rioonwatch.org.br\/index.php?rest_route=\/wp\/v2\/types\/post"}],"author":[{"embeddable":true,"href":"https:\/\/rioonwatch.org.br\/index.php?rest_route=\/wp\/v2\/users\/167"}],"replies":[{"embeddable":true,"href":"https:\/\/rioonwatch.org.br\/index.php?rest_route=%2Fwp%2Fv2%2Fcomments&post=52358"}],"version-history":[{"count":27,"href":"https:\/\/rioonwatch.org.br\/index.php?rest_route=\/wp\/v2\/posts\/52358\/revisions"}],"predecessor-version":[{"id":52733,"href":"https:\/\/rioonwatch.org.br\/index.php?rest_route=\/wp\/v2\/posts\/52358\/revisions\/52733"}],"wp:featuredmedia":[{"embeddable":true,"href":"https:\/\/rioonwatch.org.br\/index.php?rest_route=\/wp\/v2\/media\/52563"}],"wp:attachment":[{"href":"https:\/\/rioonwatch.org.br\/index.php?rest_route=%2Fwp%2Fv2%2Fmedia&parent=52358"}],"wp:term":[{"taxonomy":"category","embeddable":true,"href":"https:\/\/rioonwatch.org.br\/index.php?rest_route=%2Fwp%2Fv2%2Fcategories&post=52358"},{"taxonomy":"post_tag","embeddable":true,"href":"https:\/\/rioonwatch.org.br\/index.php?rest_route=%2Fwp%2Fv2%2Ftags&post=52358"},{"taxonomy":"writer","embeddable":true,"href":"https:\/\/rioonwatch.org.br\/index.php?rest_route=%2Fwp%2Fv2%2Fwriter&post=52358"},{"taxonomy":"translator","embeddable":true,"href":"https:\/\/rioonwatch.org.br\/index.php?rest_route=%2Fwp%2Fv2%2Ftranslator&post=52358"},{"taxonomy":"source","embeddable":true,"href":"https:\/\/rioonwatch.org.br\/index.php?rest_route=%2Fwp%2Fv2%2Fsource&post=52358"},{"taxonomy":"ilustrador","embeddable":true,"href":"https:\/\/rioonwatch.org.br\/index.php?rest_route=%2Fwp%2Fv2%2Filustrador&post=52358"},{"taxonomy":"fotografo","embeddable":true,"href":"https:\/\/rioonwatch.org.br\/index.php?rest_route=%2Fwp%2Fv2%2Ffotografo&post=52358"}],"curies":[{"name":"wp","href":"https:\/\/api.w.org\/{rel}","templated":true}]}}