{"id":52591,"date":"2020-12-29T22:31:32","date_gmt":"2020-12-30T01:31:32","guid":{"rendered":"https:\/\/rioonwatch.org.br\/?p=52591"},"modified":"2024-05-24T12:34:31","modified_gmt":"2024-05-24T15:34:31","slug":"educacao-e-tecnologia-nas-favelas-tela-preta-tech-realiza-primeira-jornada-da-educacao-favelada","status":"publish","type":"post","link":"https:\/\/rioonwatch.org.br\/?p=52591","title":{"rendered":"Educa\u00e7\u00e3o e Tecnologia nas Favelas: Tela Preta Tech Realiza Primeira Jornada da Educa\u00e7\u00e3o Favelada"},"content":{"rendered":"<p style=\"text-align: right;\"><em><strong><a href=\"https:\/\/bit.ly\/32TbEnj\" target=\"_blank\" rel=\"noopener noreferrer\">Click Here for English<\/a><a href=\"https:\/\/bit.ly\/32TbEnj\" target=\"_blank\" rel=\"noopener noreferrer\"><img decoding=\"async\" class=\"alignright wp-image-15790\" src=\"http:\/\/rioonwatch.org.br\/wp-content\/uploads\/2012\/08\/EN-standard-e1439583104716.jpg\" alt=\"\" width=\"20\" height=\"20\" \/><\/a><\/strong><\/em><\/p>\n<p><em>Esta mat\u00e9ria\u00a0<i data-stringify-type=\"italic\">faz parte de\u00a0<a href=\"https:\/\/bit.ly\/ROWeNECLES\" target=\"_blank\" rel=\"noopener noreferrer\">uma s\u00e9rie<\/a>\u00a0gerada por uma parceria do RioOnWatch com o\u00a0<a href=\"https:\/\/bit.ly\/33EFNGY\" target=\"_blank\" rel=\"noopener noreferrer\">N\u00facleo de Estudos Cr\u00edticos em Linguagem, Educa\u00e7\u00e3o e Sociedade (NECLES)<\/a>, da UFF, para produzir mat\u00e9rias que ser\u00e3o utilizadas como\u00a0recursos pedag\u00f3gicos em escolas p\u00fablicas de Niter\u00f3i.<\/i><\/em><\/p>\n<p>Tendo como <a href=\"https:\/\/bit.ly\/3nOVnsw\" target=\"_blank\" rel=\"noopener\">um dos seus prop\u00f3sitos<\/a> &#8220;entender que podemos e devemos utilizar a tecnologia em prol do desenvolvimento e crescimento socioecon\u00f4mico das favelas&#8221; nos dias 4, 6 e 8 de novembro foi realizada, pelo projeto <a href=\"http:\/\/bit.ly\/2WAQ3Nc\" target=\"_blank\" rel=\"noopener\">Tela Preta Tech<\/a>, a <a href=\"http:\/\/bit.ly\/2M1b8yp\" target=\"_blank\" rel=\"noopener\">1\u00aa Jornada da Educa\u00e7\u00e3o Favelada<\/a>, de forma online. Focando no contexto particular da <a href=\"http:\/\/bit.ly\/2lKjPQD\" target=\"_blank\" rel=\"noopener\">educa\u00e7\u00e3o nas favelas<\/a>, o evento reuniu educadores das comunidades e jovens moradores.<\/p>\n<p>O Tela Preta Tech, que organizou a Jornada, \u00e9 formado por uma <a href=\"https:\/\/telapretatech.com\/\">equipe de quatro mulheres<\/a>: <a href=\"https:\/\/bit.ly\/2JmFOZT\" target=\"_blank\" rel=\"noopener\">Livia Almeida<\/a>, graduanda em engenheira civil na <a href=\"http:\/\/bit.ly\/2XQ3Rma\" target=\"_blank\" rel=\"noopener\">UFRJ<\/a>;\u00a0<a href=\"https:\/\/bit.ly\/34ExvjH\" target=\"_blank\" rel=\"noopener\">Natacha Carvalho<\/a>, graduanda em letras na UFRJ; <a href=\"https:\/\/bit.ly\/2M1Iygk\" target=\"_blank\" rel=\"noopener\">Paloma Porfirio<\/a>, graduanda em ci\u00eancias sociais na UFRJ e <a href=\"https:\/\/bit.ly\/2LSeLXc\" target=\"_blank\" rel=\"noopener\">Renata Siqueira<\/a>, cientista social e doutoranda em engenharia de produ\u00e7\u00e3o pela COPPE\/UFRJ. O Tela Preta Tech surgiu ao longo deste ano sob a necessidade de uma linha de trabalho que unisse tecnologia e educa\u00e7\u00e3o nas \u00e1reas perif\u00e9ricas, atrav\u00e9s da <a href=\"https:\/\/rioonwatch.org.br\/?p=13726\" target=\"_blank\" rel=\"noopener\">inclus\u00e3o digital<\/a> e do empoderamento ativo principalmente das mulheres negras. O programa <a href=\"http:\/\/bit.ly\/34BRJdD\" target=\"_blank\" rel=\"noopener\">Ubuntu_Labe<\/a><i><em>\u2014<\/em><\/i>&#8220;de inova\u00e7\u00e3o aberta em cidades inteligentes para a redu\u00e7\u00e3o da desigualdade racial no Rio de Janeiro&#8221;<i><em>\u2014<\/em><\/i>serviu como um ponto de encontro para as fundadoras.<\/p>\n<p>A 1\u00aa Jornada da Educa\u00e7\u00e3o Favelada <a href=\"http:\/\/bit.ly\/2WAQ3Nc\" target=\"_blank\" rel=\"noopener\">foi o primeiro projeto<\/a> do Tela Preta Tech: &#8220;Observando as transforma\u00e7\u00f5es impostas pela pandemia, percebemos a necessidade de pautar a educa\u00e7\u00e3o e tecnologia a partir de outro olhar ainda n\u00e3o abordado. Assim nasce a 1\u00aa jornada de educa\u00e7\u00e3o favelada&#8221;.<\/p>\n<p>Entrevistada para essa reportagem, Renata afirmou que &#8220;a educa\u00e7\u00e3o \u00e9 o motor da transforma\u00e7\u00e3o. Ela desenvolve a consci\u00eancia cr\u00edtica para que as pessoas se entendam como indiv\u00edduos capazes de mudar sua realidade e a realidade dos outros&#8221;. J\u00e1 Paloma afirma que &#8220;a concep\u00e7\u00e3o de favela vem de um processo de neglig\u00eancia. A educa\u00e7\u00e3o amplia nossa vis\u00e3o e altera essa percep\u00e7\u00e3o negativa criada do territ\u00f3rio&#8221;. Natacha<i><em>\u2014<\/em><\/i>frente ao fato de que acesso \u00e0 educa\u00e7\u00e3o nas periferias, que j\u00e1 era limitado, ficou ainda mais <a href=\"http:\/\/bit.ly\/2ZYdxPa\" target=\"_blank\" rel=\"noopener\">comprometido pela chegada da pandemia<\/a> e da <a href=\"http:\/\/bit.ly\/30mm3ar\" target=\"_blank\" rel=\"noopener\">depend\u00eancia tecnol\u00f3gica<\/a><i><em>\u2014<\/em><\/i>refletiu que \u201ch\u00e1 discuss\u00f5es em curso sobre educa\u00e7\u00e3o h\u00edbrida e de como a educa\u00e7\u00e3o est\u00e1 migrando cada vez mais para meios tecnol\u00f3gicos. Mas isto n\u00e3o faz o menor sentido para as favelas, n\u00e3o h\u00e1 recursos&#8221;.<\/p>\n<p><a href=\"https:\/\/rioonwatch.org.br\/wp-content\/uploads\/2020\/12\/Flyer-1a-Jornada-de-Ed-Favelada.jpg\"><img fetchpriority=\"high\" decoding=\"async\" class=\"aligncenter size-content wp-image-52698\" src=\"https:\/\/rioonwatch.org.br\/wp-content\/uploads\/2020\/12\/Flyer-1a-Jornada-de-Ed-Favelada-620x264.jpg\" alt=\"\" width=\"620\" height=\"264\" \/><\/a><\/p>\n<p>No primeiro dia da Jornada o tema foi &#8220;Educa\u00e7\u00e3o Favelada&#8221;, tendo como palestrantes o educador popular e coordenador do <a href=\"http:\/\/bit.ly\/3rnKQXm\" target=\"_blank\" rel=\"noopener\">Unifavela<\/a>, <a href=\"https:\/\/bit.ly\/2KxoRwi\" target=\"_blank\" rel=\"noopener\">Laerte Bruno<\/a> e Renata Siqueira do Tela Preta Tech.<\/p>\n<p>&#8220;Quem est\u00e1 pensando em educa\u00e7\u00e3o?&#8221; perguntou Renata Siqueira dando in\u00edcio \u00e0 Jornada. &#8220;A educa\u00e7\u00e3o n\u00e3o \u00e9 para o estudante preto, favelado e marginal. Isto \u00e9 um problema quando a maioria da popula\u00e7\u00e3o n\u00e3o pertence \u00e0s classes A e B&#8221;. Nesta linha, Laerte destacou a import\u00e2ncia de uma aplica\u00e7\u00e3o contextualizada da educa\u00e7\u00e3o para conseguir potencializar a capacidade de seus alunos. &#8220;N\u00e3o se trata apenas de dar um conte\u00fado. Para uma progress\u00e3o efetiva voc\u00ea tem que se adaptar \u00e0 <a href=\"http:\/\/bit.ly\/2Il79bG\" target=\"_blank\" rel=\"noopener\">metodologia do territ\u00f3rio<\/a>, pois muitos adolescentes t\u00eam que combinar trabalho e estudos.&#8221;<\/p>\n<p>Segundo Laerte a <a href=\"http:\/\/bit.ly\/3rmMkAT\" target=\"_blank\" rel=\"noopener\">falta de refer\u00eancias<\/a> impede os mais jovens de se sentirem capacitados para concretizar seus sonhos. Neste contexto, um trabalho de estimula\u00e7\u00e3o correto na educa\u00e7\u00e3o \u00e9 essencial para uma orienta\u00e7\u00e3o eficiente. A escolha das narrativas do mundo palp\u00e1vel dos estudantes permite que eles se sintam identificados com seu ambiente. Laerte aponta a import\u00e2ncia de perceber as <a href=\"http:\/\/bit.ly\/2K5KW3l\" target=\"_blank\" rel=\"noopener\">favelas como pot\u00eancia<\/a>: &#8220;Para mim, a favela \u00e9 m\u00fasica, luz e ancestralidade&#8221;.<\/p>\n<p>Neste primeiro dia da Jornada houve consenso entre os educadores presentes de que as <a href=\"http:\/\/bit.ly\/3rpNQma\" target=\"_blank\" rel=\"noopener\">escolas p\u00fablicas<\/a> s\u00e3o pontos de refer\u00eancia para os bairros para al\u00e9m da educa\u00e7\u00e3o, pois fornecem alimenta\u00e7\u00e3o para alunos e inclus\u00e3o dos alunos em contextos culturais, e que a pandemia interrompeu este grande apoio local.<\/p>\n<p><a href=\"https:\/\/rioonwatch.org.br\/wp-content\/uploads\/2020\/12\/1a-Jornada-da-Educacao-Favelada-1.jpg\"><img decoding=\"async\" class=\"wp-image-52673 alignright\" src=\"https:\/\/rioonwatch.org.br\/wp-content\/uploads\/2020\/12\/1a-Jornada-da-Educacao-Favelada-1.jpg\" alt=\"\" width=\"300\" height=\"300\" srcset=\"https:\/\/rioonwatch.org.br\/wp-content\/uploads\/2020\/12\/1a-Jornada-da-Educacao-Favelada-1.jpg 1080w, https:\/\/rioonwatch.org.br\/wp-content\/uploads\/2020\/12\/1a-Jornada-da-Educacao-Favelada-1-620x620.jpg 620w, https:\/\/rioonwatch.org.br\/wp-content\/uploads\/2020\/12\/1a-Jornada-da-Educacao-Favelada-1-1024x1024.jpg 1024w, https:\/\/rioonwatch.org.br\/wp-content\/uploads\/2020\/12\/1a-Jornada-da-Educacao-Favelada-1-264x264.jpg 264w, https:\/\/rioonwatch.org.br\/wp-content\/uploads\/2020\/12\/1a-Jornada-da-Educacao-Favelada-1-768x768.jpg 768w\" sizes=\"(max-width: 300px) 100vw, 300px\" \/><\/a><\/p>\n<p>No segundo dia da Jornada o tema foi &#8220;Educa\u00e7\u00e3o e Tecnologias&#8221;, tendo como palestrantes Christian Bas\u00edlio, estudante de Gest\u00e3o P\u00fablica na UFRJ e co-fundador do Ubuntu_Labe e <a href=\"https:\/\/bit.ly\/3mX9af8\" target=\"_blank\" rel=\"noopener\">Gilberto Ramires<\/a>, graduando em tecnologias educacionais pela Universidade Est\u00e1cio de S\u00e1.<\/p>\n<p>Christian lembrou como j\u00e1 existem v\u00e1rias demonstra\u00e7\u00f5es tecnol\u00f3gicas dentro da favela: \u201cPara pensar tecnologia na favela \u00e9 preciso ampliar a vis\u00e3o e viv\u00eancia de tecnologia para al\u00e9m de redes sociais, que poderia come\u00e7ar pela constru\u00e7\u00e3o da valoriza\u00e7\u00e3o do que j\u00e1 se tem hoje na favela. A tecnologia \u00e9 n\u00f3s\u201d.<\/p>\n<p>Segundo Christian, o <a href=\"http:\/\/bit.ly\/34P3AFn\" target=\"_blank\" rel=\"noopener\">racismo algor\u00edtmico<\/a> \u00e9 uma caracter\u00edstica natural da tecnologia ocidental presente em tudo, desde Instragram e seus filtros branqueadores at\u00e9 os <a href=\"http:\/\/bit.ly\/2M4aNuI\" target=\"_blank\" rel=\"noopener\">dispositivos faciais de reconhecimento<\/a>. &#8220;A tecnologia \u00e9 moldada desta maneira porque \u00e9 um reflexo do mercado branco que a cria, promovendo a marginaliza\u00e7\u00e3o dos negros&#8230; Embora a tecnologia possa ser usada como um instrumento de mudan\u00e7a social, \u00e9 dif\u00edcil ter igualdade de oportunidades e atender \u00e0s exig\u00eancias socioecon\u00f4micas quando h\u00e1 barreiras de <a href=\"http:\/\/bit.ly\/31jgsPK\" target=\"_blank\" rel=\"noopener\">racismo estrutural<\/a> no meio&#8221;, argumentou Christian.<\/p>\n<p>Paloma Porfirio apontou como podemos reverter este processo de afastamento tecnol\u00f3gico atrav\u00e9s da adapta\u00e7\u00e3o do <a href=\"http:\/\/bit.ly\/3pxnPiZ\" target=\"_blank\" rel=\"noopener\">pensamento computacional<\/a>: &#8220;A tecnologia deve levar o estudante a se tornar um pensador criativo, a se desenvolver atrav\u00e9s de um trabalho coletivo que envolva a experimenta\u00e7\u00e3o de novas formas de se relacionar com o mundo&#8230; Incentivar os estudantes a ter essa criatividade \u00e9 essencial para desenvolver suas qualidades&#8221;. Segundo Paloma, para poder aplicar este <a href=\"http:\/\/bit.ly\/3aGDqbM\" target=\"_blank\" rel=\"noopener\">pensamento criativo<\/a>, \u00e9 necess\u00e1ria a uni\u00e3o de quatro elementos importantes: autoestima, impulso inicial; refer\u00eancias e acesso; apoio m\u00fatuo e for\u00e7a comunit\u00e1ria; e por fim, oportunidades.<\/p>\n<p>Gilberto pontuou que a tecnologia \u00e9 um conjunto de t\u00e9cnicas, implementadas de muitas maneiras diferentes, exemplificando que &#8220;o projeto <a href=\"http:\/\/bit.ly\/2KE6p5n\" target=\"_blank\" rel=\"noopener\">Marginal Yoga<\/a>, por exemplo, utiliza a tecnologia de autocuidado do corpo e a aplica na <a href=\"http:\/\/bit.ly\/32JVvht\" target=\"_blank\" rel=\"noopener\">Baixada Fluminense<\/a>&#8220;. Gilberto defendeu o conceito de <a href=\"http:\/\/bit.ly\/3hkR0Tv\" target=\"_blank\" rel=\"noopener\">afro-futurismo<\/a> como uma forma de contemplar as possibilidades reais da popula\u00e7\u00e3o preta ocupar e dirigir seu futuro atrav\u00e9s do poder coletivo. &#8220;Trabalhar com educa\u00e7\u00e3o \u00e9 trabalhar com responsabilidade&#8221;, concluiu.<\/p>\n<p>Renata Siqueira destacou que quando se fala de <a href=\"http:\/\/bit.ly\/2lKjPQD\" target=\"_blank\" rel=\"noopener\">educa\u00e7\u00e3o favelada<\/a>, mesmo que as trajet\u00f3rias sejam individuais, as conquistas s\u00e3o coletivas. Compartilhar as pr\u00f3prias experi\u00eancias a fim de compreender e empatizar com o outro proporciona um senso de ancestralidade e conex\u00e3o que permite valorizar n\u00e3o apenas a pr\u00f3pria experi\u00eancia, mas a experi\u00eancia do outro. &#8220;Isto \u00e9 o que \u00e9 conhecido como <a href=\"https:\/\/bit.ly\/3mUXhWW\" target=\"_blank\" rel=\"noopener\">quilombo de afeto<\/a>&#8220;, afirmou Renata.<\/p>\n<p><a href=\"https:\/\/rioonwatch.org.br\/wp-content\/uploads\/2020\/12\/Flyer-1a-Jornada-Ed-Favelada.jpg\"><img loading=\"lazy\" decoding=\"async\" class=\"wp-image-52693 alignright\" src=\"https:\/\/rioonwatch.org.br\/wp-content\/uploads\/2020\/12\/Flyer-1a-Jornada-Ed-Favelada.jpg\" alt=\"\" width=\"300\" height=\"300\" srcset=\"https:\/\/rioonwatch.org.br\/wp-content\/uploads\/2020\/12\/Flyer-1a-Jornada-Ed-Favelada.jpg 1080w, https:\/\/rioonwatch.org.br\/wp-content\/uploads\/2020\/12\/Flyer-1a-Jornada-Ed-Favelada-620x620.jpg 620w, https:\/\/rioonwatch.org.br\/wp-content\/uploads\/2020\/12\/Flyer-1a-Jornada-Ed-Favelada-1024x1024.jpg 1024w, https:\/\/rioonwatch.org.br\/wp-content\/uploads\/2020\/12\/Flyer-1a-Jornada-Ed-Favelada-264x264.jpg 264w, https:\/\/rioonwatch.org.br\/wp-content\/uploads\/2020\/12\/Flyer-1a-Jornada-Ed-Favelada-768x768.jpg 768w\" sizes=\"(max-width: 300px) 100vw, 300px\" \/><\/a>No terceiro dia da Jornada o tema foi &#8220;Favela e Futuro&#8221;, tendo como palestrantes <a href=\"https:\/\/bit.ly\/3honXOT\" target=\"_blank\" rel=\"noopener\">Rosa Diaz<\/a>, cientista social e coordenadora de projetos e relacionamento com OSCs do <a href=\"http:\/\/bit.ly\/2qRkT5i\">Atados<\/a> Rio e <a href=\"https:\/\/bit.ly\/34OFfiX\" target=\"_blank\" rel=\"noopener\">Gizelly Vinagre<\/a>, moradora de <a href=\"http:\/\/bit.ly\/2IEkISu\" target=\"_blank\" rel=\"noopener\">Guadalupe<\/a>, formada em Comiss\u00e1ria de V\u00f4o, graduanda em rela\u00e7\u00f5es internacionais na UFRJ e bolsista de Ci\u00eancias Cont\u00e1beis na Universidade Veiga de Almeida.<\/p>\n<p>Rosa Diaz explicou como a plataforma Atados utiliza socialmente a tecnologia, colocando futuros volunt\u00e1rios em contato com organiza\u00e7\u00f5es. &#8220;Em tempos de crise, a forma\u00e7\u00e3o de la\u00e7os entre pessoas \u00e9 importante para ser capaz de organizar e fazer mudan\u00e7as reais.&#8221; Rosa contou que durante a pandemia, as demandas aumentaram 45% em compara\u00e7\u00e3o com os anos anteriores, e houve tamb\u00e9m uma <a href=\"https:\/\/bit.ly\/3igtpCZ\" target=\"_blank\" rel=\"noopener\">grande mobiliza\u00e7\u00e3o digital para doa\u00e7\u00f5es<\/a>.<\/p>\n<p>&#8220;Sempre se diz que a favela \u00e9 a periferia, mas para mim \u00e9 o centro&#8221;, disse Renata. Junto com outros educadores, Renata faz parte do <a href=\"http:\/\/bit.ly\/3aGFKj0\" target=\"_blank\" rel=\"noopener\">Instituto Bola pra Frente<\/a> no <a href=\"http:\/\/bit.ly\/3bmenZ8\" target=\"_blank\" rel=\"noopener\">Complexo do Muqui\u00e7o<\/a>, na <a href=\"http:\/\/bit.ly\/2ETpYR1\" target=\"_blank\" rel=\"noopener\">Zona Norte<\/a>. \u201cTemos que colocar <a href=\"http:\/\/bit.ly\/2d30Pnn\" target=\"_blank\" rel=\"noopener\">nossa vis\u00e3o de mundo l\u00e1 fora<\/a> para que possamos nos reinventar criando refer\u00eancias&#8230; O Muqui\u00e7o no mundo e o mundo no Muqui\u00e7o&#8221;, disse Renata. O Instituto Bola pra Frente \u00e9 o \u00fanico lugar extra, no local, onde os estudantes podem ter acesso a atividades esportivas, educacionais e culturais com uma metodologia de educa\u00e7\u00e3o integrada.<\/p>\n<p>\u201cAtrav\u00e9s do projeto Bola pra Frente, em uma andan\u00e7a pela favela [do Muqui\u00e7o], descobri o motivo do padr\u00e3o das casas e a forma como \u00e9 visto de cima&#8230; tem a ver com os trabalhadores da ferrovia de <a href=\"http:\/\/bit.ly\/2TfUQRE\" target=\"_blank\" rel=\"noopener\">Deodoro<\/a>&#8230; inclusive meu av\u00f4 trabalhou [na ferrovia] e eu n\u00e3o sabia\u201d, disse uma das jovens participantes da Jornada.<\/p>\n<p>Giselly Vinagre que faz parte do Instituto Bola Pra Frente declarou que apesar das muitas dificuldades no seu processo educativo, o Instituto Bola Pra Frente lhe proporcionou seguran\u00e7a suficiente para continuar, e poder suficiente para dizer: &#8220;Eu quero n\u00e3o apenas que minha vida mude, mas tamb\u00e9m a vida dos outros&#8221;.<\/p>\n<h3>Assista Algumas Falas na 1\u00aa Jornada de Educa\u00e7\u00e3o Favelada, <a href=\"http:\/\/bit.ly\/3pngeTO\" target=\"_blank\" rel=\"noopener\">Aqui<\/a>:<\/h3>\n<p><iframe style=\"border: none; overflow: hidden;\" src=\"https:\/\/www.facebook.com\/plugins\/video.php?height=476&amp;href=https%3A%2F%2Fwww.facebook.com%2Ftelapretatech%2Fvideos%2F829671460939408%2F&amp;show_text=false&amp;width=267\" width=\"267\" height=\"476\" frameborder=\"0\" scrolling=\"no\" allowfullscreen=\"allowfullscreen\"><\/iframe><\/p>\n<hr \/>\n<h4><strong>Apoie nossos esfor\u00e7os para fornecer assist\u00eancia estrat\u00e9gica \u00e0s favelas do Rio, incluindo o jornalismo hiperlocal, cr\u00edtico, inovador e incans\u00e1vel do\u00a0<em>RioOnWatch<\/em><\/strong>\u2014<a href=\"http:\/\/bit.ly\/CatalisandoComunidades\">doe aqui<\/a>.<\/h4>\n<!-- AddThis Advanced Settings generic via filter on the_content --><!-- AddThis Share Buttons generic via filter on the_content -->","protected":false},"excerpt":{"rendered":"<div class=\"mh-excerpt\"><p>Click Here for English Esta mat\u00e9ria\u00a0faz parte de\u00a0uma s\u00e9rie\u00a0gerada por uma parceria do RioOnWatch com o\u00a0N\u00facleo de Estudos Cr\u00edticos em Linguagem, Educa\u00e7\u00e3o e Sociedade (NECLES), da UFF, para produzir mat\u00e9rias que ser\u00e3o utilizadas como\u00a0recursos pedag\u00f3gicos <a class=\"mh-excerpt-more\" href=\"https:\/\/rioonwatch.org.br\/?p=52591\" title=\"Educa\u00e7\u00e3o e Tecnologia nas Favelas: Tela Preta Tech Realiza Primeira Jornada da Educa\u00e7\u00e3o Favelada\">[&#8230;]<\/a><!-- AddThis Advanced Settings generic via filter on get_the_excerpt --><!-- AddThis Share Buttons generic via filter on get_the_excerpt --><\/p>\n<\/div>","protected":false},"author":129,"featured_media":52678,"comment_status":"closed","ping_status":"closed","sticky":false,"template":"","format":"standard","meta":{"_acf_changed":false,"_monsterinsights_skip_tracking":false,"_monsterinsights_sitenote_active":false,"_monsterinsights_sitenote_note":"","_monsterinsights_sitenote_category":0,"footnotes":""},"categories":[1621,1627,1615,1626,1612,342],"tags":[3253,959,1917,2748,2077,316,688,922,2779,2207,1307,2289,2959,1457,218],"writer":[2958],"translator":[],"source":[],"ilustrador":[],"fotografo":[],"class_list":{"0":"post-52591","1":"post","2":"type-post","3":"status-publish","4":"format-standard","5":"has-post-thumbnail","7":"category-destaque","8":"category-relato-de-evento","9":"category-cultura-da-favela","10":"category-por-observadores-internacionais","11":"category-sociedade-civil","12":"category-solucoes","13":"tag-antirracismo","14":"tag-baixada-fluminense","15":"tag-comunidade-x-academia","16":"tag-coronavirus","17":"tag-deodoro","18":"tag-educacao","19":"tag-empoderamento","20":"tag-evento","21":"tag-favela-do-muquico","22":"tag-guadalupe","23":"tag-inclusao","24":"tag-serie","25":"tag-serie-parceria-com-necles-uff","26":"tag-tecnologia","27":"tag-zona-norte","28":"writer-pilar-boyero"},"acf":[],"yoast_head":"<!-- This site is optimized with the Yoast SEO plugin v25.6 - https:\/\/yoast.com\/wordpress\/plugins\/seo\/ -->\n<title>Educa\u00e7\u00e3o e Tecnologia nas Favelas: Tela Preta Tech Realiza Primeira Jornada da Educa\u00e7\u00e3o Favelada - RioOnWatch<\/title>\n<meta name=\"robots\" content=\"index, follow, max-snippet:-1, max-image-preview:large, max-video-preview:-1\" \/>\n<link rel=\"canonical\" href=\"https:\/\/rioonwatch.org.br\/?p=52591\" \/>\n<meta property=\"og:locale\" content=\"pt_BR\" \/>\n<meta property=\"og:type\" content=\"article\" \/>\n<meta property=\"og:title\" content=\"Educa\u00e7\u00e3o e Tecnologia nas Favelas: Tela Preta Tech Realiza Primeira Jornada da Educa\u00e7\u00e3o Favelada - RioOnWatch\" \/>\n<meta property=\"og:description\" content=\"Click Here for English Esta mat\u00e9ria\u00a0faz parte de\u00a0uma s\u00e9rie\u00a0gerada por uma parceria do RioOnWatch com o\u00a0N\u00facleo de Estudos Cr\u00edticos em Linguagem, Educa\u00e7\u00e3o e Sociedade (NECLES), da UFF, para produzir mat\u00e9rias que ser\u00e3o utilizadas como\u00a0recursos pedag\u00f3gicos [...]\" \/>\n<meta property=\"og:url\" content=\"https:\/\/rioonwatch.org.br\/?p=52591\" \/>\n<meta property=\"og:site_name\" content=\"RioOnWatch\" \/>\n<meta property=\"article:published_time\" content=\"2020-12-30T01:31:32+00:00\" \/>\n<meta property=\"article:modified_time\" content=\"2024-05-24T15:34:31+00:00\" \/>\n<meta property=\"og:image\" content=\"https:\/\/rioonwatch.org.br\/wp-content\/uploads\/2020\/12\/Logo-Tela-Preta-Tech-ok.jpg\" \/>\n\t<meta property=\"og:image:width\" content=\"646\" \/>\n\t<meta property=\"og:image:height\" content=\"270\" \/>\n\t<meta property=\"og:image:type\" content=\"image\/jpeg\" \/>\n<meta name=\"author\" content=\"Admin\" \/>\n<meta name=\"twitter:card\" content=\"summary_large_image\" \/>\n<meta name=\"twitter:label1\" content=\"Escrito por\" \/>\n\t<meta name=\"twitter:data1\" content=\"Admin\" \/>\n\t<meta name=\"twitter:label2\" content=\"Est. tempo de leitura\" \/>\n\t<meta name=\"twitter:data2\" content=\"8 minutos\" \/>\n<script type=\"application\/ld+json\" class=\"yoast-schema-graph\">{\"@context\":\"https:\/\/schema.org\",\"@graph\":[{\"@type\":\"Article\",\"@id\":\"https:\/\/rioonwatch.org.br\/?p=52591#article\",\"isPartOf\":{\"@id\":\"https:\/\/rioonwatch.org.br\/?p=52591\"},\"author\":{\"name\":\"Admin\",\"@id\":\"https:\/\/rioonwatch.org.br\/#\/schema\/person\/11d64c290506f9df50c71b850c473f68\"},\"headline\":\"Educa\u00e7\u00e3o e Tecnologia nas Favelas: Tela Preta Tech Realiza Primeira Jornada da Educa\u00e7\u00e3o Favelada\",\"datePublished\":\"2020-12-30T01:31:32+00:00\",\"dateModified\":\"2024-05-24T15:34:31+00:00\",\"mainEntityOfPage\":{\"@id\":\"https:\/\/rioonwatch.org.br\/?p=52591\"},\"wordCount\":1525,\"publisher\":{\"@id\":\"https:\/\/rioonwatch.org.br\/#organization\"},\"image\":{\"@id\":\"https:\/\/rioonwatch.org.br\/?p=52591#primaryimage\"},\"thumbnailUrl\":\"https:\/\/rioonwatch.org.br\/wp-content\/uploads\/2020\/12\/Logo-Tela-Preta-Tech-ok.jpg\",\"keywords\":[\"Antirracismo\",\"Baixada Fluminense\",\"comunidade x academia\",\"coronav\u00edrus\",\"Deodoro\",\"educa\u00e7\u00e3o\",\"empoderamento\",\"evento\",\"Favela do Muqui\u00e7o\",\"Guadalupe\",\"inclus\u00e3o\",\"S\u00e9rie\",\"S\u00e9rie: Parceria com NECLES\/UFF\",\"tecnologia\",\"Zona Norte\"],\"articleSection\":[\"*Destaque\",\"Cobertura de Eventos\",\"Cultura da Favela\",\"Escrito por Aliados\",\"Sociedade Civil\",\"Solu\u00e7\u00f5es\"],\"inLanguage\":\"pt-BR\"},{\"@type\":\"WebPage\",\"@id\":\"https:\/\/rioonwatch.org.br\/?p=52591\",\"url\":\"https:\/\/rioonwatch.org.br\/?p=52591\",\"name\":\"Educa\u00e7\u00e3o e Tecnologia nas Favelas: Tela Preta Tech Realiza Primeira Jornada da Educa\u00e7\u00e3o Favelada - RioOnWatch\",\"isPartOf\":{\"@id\":\"https:\/\/rioonwatch.org.br\/#website\"},\"primaryImageOfPage\":{\"@id\":\"https:\/\/rioonwatch.org.br\/?p=52591#primaryimage\"},\"image\":{\"@id\":\"https:\/\/rioonwatch.org.br\/?p=52591#primaryimage\"},\"thumbnailUrl\":\"https:\/\/rioonwatch.org.br\/wp-content\/uploads\/2020\/12\/Logo-Tela-Preta-Tech-ok.jpg\",\"datePublished\":\"2020-12-30T01:31:32+00:00\",\"dateModified\":\"2024-05-24T15:34:31+00:00\",\"breadcrumb\":{\"@id\":\"https:\/\/rioonwatch.org.br\/?p=52591#breadcrumb\"},\"inLanguage\":\"pt-BR\",\"potentialAction\":[{\"@type\":\"ReadAction\",\"target\":[\"https:\/\/rioonwatch.org.br\/?p=52591\"]}]},{\"@type\":\"ImageObject\",\"inLanguage\":\"pt-BR\",\"@id\":\"https:\/\/rioonwatch.org.br\/?p=52591#primaryimage\",\"url\":\"https:\/\/rioonwatch.org.br\/wp-content\/uploads\/2020\/12\/Logo-Tela-Preta-Tech-ok.jpg\",\"contentUrl\":\"https:\/\/rioonwatch.org.br\/wp-content\/uploads\/2020\/12\/Logo-Tela-Preta-Tech-ok.jpg\",\"width\":646,\"height\":270},{\"@type\":\"BreadcrumbList\",\"@id\":\"https:\/\/rioonwatch.org.br\/?p=52591#breadcrumb\",\"itemListElement\":[{\"@type\":\"ListItem\",\"position\":1,\"name\":\"In\u00edcio\",\"item\":\"https:\/\/rioonwatch.org.br\/\"},{\"@type\":\"ListItem\",\"position\":2,\"name\":\"Educa\u00e7\u00e3o e Tecnologia nas Favelas: Tela Preta Tech Realiza Primeira Jornada da Educa\u00e7\u00e3o Favelada\"}]},{\"@type\":\"WebSite\",\"@id\":\"https:\/\/rioonwatch.org.br\/#website\",\"url\":\"https:\/\/rioonwatch.org.br\/\",\"name\":\"RioOnWatch\",\"description\":\"relatos das favelas cariocas\",\"publisher\":{\"@id\":\"https:\/\/rioonwatch.org.br\/#organization\"},\"potentialAction\":[{\"@type\":\"SearchAction\",\"target\":{\"@type\":\"EntryPoint\",\"urlTemplate\":\"https:\/\/rioonwatch.org.br\/?s={search_term_string}\"},\"query-input\":{\"@type\":\"PropertyValueSpecification\",\"valueRequired\":true,\"valueName\":\"search_term_string\"}}],\"inLanguage\":\"pt-BR\"},{\"@type\":\"Organization\",\"@id\":\"https:\/\/rioonwatch.org.br\/#organization\",\"name\":\"RioOnWatch\",\"url\":\"https:\/\/rioonwatch.org.br\/\",\"logo\":{\"@type\":\"ImageObject\",\"inLanguage\":\"pt-BR\",\"@id\":\"https:\/\/rioonwatch.org.br\/#\/schema\/logo\/image\/\",\"url\":\"https:\/\/rioonwatch.org.br\/wp-content\/uploads\/2021\/06\/RioOnWatchcabecalhoPT11anos-2.png\",\"contentUrl\":\"https:\/\/rioonwatch.org.br\/wp-content\/uploads\/2021\/06\/RioOnWatchcabecalhoPT11anos-2.png\",\"width\":779,\"height\":277,\"caption\":\"RioOnWatch\"},\"image\":{\"@id\":\"https:\/\/rioonwatch.org.br\/#\/schema\/logo\/image\/\"}},{\"@type\":\"Person\",\"@id\":\"https:\/\/rioonwatch.org.br\/#\/schema\/person\/11d64c290506f9df50c71b850c473f68\",\"name\":\"Admin\",\"image\":{\"@type\":\"ImageObject\",\"inLanguage\":\"pt-BR\",\"@id\":\"https:\/\/rioonwatch.org.br\/#\/schema\/person\/image\/\",\"url\":\"https:\/\/secure.gravatar.com\/avatar\/56211ac74568383903349a1485e3c325?s=96&d=blank&r=g\",\"contentUrl\":\"https:\/\/secure.gravatar.com\/avatar\/56211ac74568383903349a1485e3c325?s=96&d=blank&r=g\",\"caption\":\"Admin\"},\"url\":\"https:\/\/rioonwatch.org.br\/?author=129\"}]}<\/script>\n<!-- \/ Yoast SEO plugin. -->","yoast_head_json":{"title":"Educa\u00e7\u00e3o e Tecnologia nas Favelas: Tela Preta Tech Realiza Primeira Jornada da Educa\u00e7\u00e3o Favelada - RioOnWatch","robots":{"index":"index","follow":"follow","max-snippet":"max-snippet:-1","max-image-preview":"max-image-preview:large","max-video-preview":"max-video-preview:-1"},"canonical":"https:\/\/rioonwatch.org.br\/?p=52591","og_locale":"pt_BR","og_type":"article","og_title":"Educa\u00e7\u00e3o e Tecnologia nas Favelas: Tela Preta Tech Realiza Primeira Jornada da Educa\u00e7\u00e3o Favelada - RioOnWatch","og_description":"Click Here for English Esta mat\u00e9ria\u00a0faz parte de\u00a0uma s\u00e9rie\u00a0gerada por uma parceria do RioOnWatch com o\u00a0N\u00facleo de Estudos Cr\u00edticos em Linguagem, Educa\u00e7\u00e3o e Sociedade (NECLES), da UFF, para produzir mat\u00e9rias que ser\u00e3o utilizadas como\u00a0recursos pedag\u00f3gicos [...]","og_url":"https:\/\/rioonwatch.org.br\/?p=52591","og_site_name":"RioOnWatch","article_published_time":"2020-12-30T01:31:32+00:00","article_modified_time":"2024-05-24T15:34:31+00:00","og_image":[{"width":646,"height":270,"url":"https:\/\/rioonwatch.org.br\/wp-content\/uploads\/2020\/12\/Logo-Tela-Preta-Tech-ok.jpg","type":"image\/jpeg"}],"author":"Admin","twitter_card":"summary_large_image","twitter_misc":{"Escrito por":"Admin","Est. tempo de leitura":"8 minutos"},"schema":{"@context":"https:\/\/schema.org","@graph":[{"@type":"Article","@id":"https:\/\/rioonwatch.org.br\/?p=52591#article","isPartOf":{"@id":"https:\/\/rioonwatch.org.br\/?p=52591"},"author":{"name":"Admin","@id":"https:\/\/rioonwatch.org.br\/#\/schema\/person\/11d64c290506f9df50c71b850c473f68"},"headline":"Educa\u00e7\u00e3o e Tecnologia nas Favelas: Tela Preta Tech Realiza Primeira Jornada da Educa\u00e7\u00e3o Favelada","datePublished":"2020-12-30T01:31:32+00:00","dateModified":"2024-05-24T15:34:31+00:00","mainEntityOfPage":{"@id":"https:\/\/rioonwatch.org.br\/?p=52591"},"wordCount":1525,"publisher":{"@id":"https:\/\/rioonwatch.org.br\/#organization"},"image":{"@id":"https:\/\/rioonwatch.org.br\/?p=52591#primaryimage"},"thumbnailUrl":"https:\/\/rioonwatch.org.br\/wp-content\/uploads\/2020\/12\/Logo-Tela-Preta-Tech-ok.jpg","keywords":["Antirracismo","Baixada Fluminense","comunidade x academia","coronav\u00edrus","Deodoro","educa\u00e7\u00e3o","empoderamento","evento","Favela do Muqui\u00e7o","Guadalupe","inclus\u00e3o","S\u00e9rie","S\u00e9rie: Parceria com NECLES\/UFF","tecnologia","Zona Norte"],"articleSection":["*Destaque","Cobertura de Eventos","Cultura da Favela","Escrito por Aliados","Sociedade Civil","Solu\u00e7\u00f5es"],"inLanguage":"pt-BR"},{"@type":"WebPage","@id":"https:\/\/rioonwatch.org.br\/?p=52591","url":"https:\/\/rioonwatch.org.br\/?p=52591","name":"Educa\u00e7\u00e3o e Tecnologia nas Favelas: Tela Preta Tech Realiza Primeira Jornada da Educa\u00e7\u00e3o Favelada - RioOnWatch","isPartOf":{"@id":"https:\/\/rioonwatch.org.br\/#website"},"primaryImageOfPage":{"@id":"https:\/\/rioonwatch.org.br\/?p=52591#primaryimage"},"image":{"@id":"https:\/\/rioonwatch.org.br\/?p=52591#primaryimage"},"thumbnailUrl":"https:\/\/rioonwatch.org.br\/wp-content\/uploads\/2020\/12\/Logo-Tela-Preta-Tech-ok.jpg","datePublished":"2020-12-30T01:31:32+00:00","dateModified":"2024-05-24T15:34:31+00:00","breadcrumb":{"@id":"https:\/\/rioonwatch.org.br\/?p=52591#breadcrumb"},"inLanguage":"pt-BR","potentialAction":[{"@type":"ReadAction","target":["https:\/\/rioonwatch.org.br\/?p=52591"]}]},{"@type":"ImageObject","inLanguage":"pt-BR","@id":"https:\/\/rioonwatch.org.br\/?p=52591#primaryimage","url":"https:\/\/rioonwatch.org.br\/wp-content\/uploads\/2020\/12\/Logo-Tela-Preta-Tech-ok.jpg","contentUrl":"https:\/\/rioonwatch.org.br\/wp-content\/uploads\/2020\/12\/Logo-Tela-Preta-Tech-ok.jpg","width":646,"height":270},{"@type":"BreadcrumbList","@id":"https:\/\/rioonwatch.org.br\/?p=52591#breadcrumb","itemListElement":[{"@type":"ListItem","position":1,"name":"In\u00edcio","item":"https:\/\/rioonwatch.org.br\/"},{"@type":"ListItem","position":2,"name":"Educa\u00e7\u00e3o e Tecnologia nas Favelas: Tela Preta Tech Realiza Primeira Jornada da Educa\u00e7\u00e3o Favelada"}]},{"@type":"WebSite","@id":"https:\/\/rioonwatch.org.br\/#website","url":"https:\/\/rioonwatch.org.br\/","name":"RioOnWatch","description":"relatos das favelas cariocas","publisher":{"@id":"https:\/\/rioonwatch.org.br\/#organization"},"potentialAction":[{"@type":"SearchAction","target":{"@type":"EntryPoint","urlTemplate":"https:\/\/rioonwatch.org.br\/?s={search_term_string}"},"query-input":{"@type":"PropertyValueSpecification","valueRequired":true,"valueName":"search_term_string"}}],"inLanguage":"pt-BR"},{"@type":"Organization","@id":"https:\/\/rioonwatch.org.br\/#organization","name":"RioOnWatch","url":"https:\/\/rioonwatch.org.br\/","logo":{"@type":"ImageObject","inLanguage":"pt-BR","@id":"https:\/\/rioonwatch.org.br\/#\/schema\/logo\/image\/","url":"https:\/\/rioonwatch.org.br\/wp-content\/uploads\/2021\/06\/RioOnWatchcabecalhoPT11anos-2.png","contentUrl":"https:\/\/rioonwatch.org.br\/wp-content\/uploads\/2021\/06\/RioOnWatchcabecalhoPT11anos-2.png","width":779,"height":277,"caption":"RioOnWatch"},"image":{"@id":"https:\/\/rioonwatch.org.br\/#\/schema\/logo\/image\/"}},{"@type":"Person","@id":"https:\/\/rioonwatch.org.br\/#\/schema\/person\/11d64c290506f9df50c71b850c473f68","name":"Admin","image":{"@type":"ImageObject","inLanguage":"pt-BR","@id":"https:\/\/rioonwatch.org.br\/#\/schema\/person\/image\/","url":"https:\/\/secure.gravatar.com\/avatar\/56211ac74568383903349a1485e3c325?s=96&d=blank&r=g","contentUrl":"https:\/\/secure.gravatar.com\/avatar\/56211ac74568383903349a1485e3c325?s=96&d=blank&r=g","caption":"Admin"},"url":"https:\/\/rioonwatch.org.br\/?author=129"}]}},"_links":{"self":[{"href":"https:\/\/rioonwatch.org.br\/index.php?rest_route=\/wp\/v2\/posts\/52591"}],"collection":[{"href":"https:\/\/rioonwatch.org.br\/index.php?rest_route=\/wp\/v2\/posts"}],"about":[{"href":"https:\/\/rioonwatch.org.br\/index.php?rest_route=\/wp\/v2\/types\/post"}],"author":[{"embeddable":true,"href":"https:\/\/rioonwatch.org.br\/index.php?rest_route=\/wp\/v2\/users\/129"}],"replies":[{"embeddable":true,"href":"https:\/\/rioonwatch.org.br\/index.php?rest_route=%2Fwp%2Fv2%2Fcomments&post=52591"}],"version-history":[{"count":38,"href":"https:\/\/rioonwatch.org.br\/index.php?rest_route=\/wp\/v2\/posts\/52591\/revisions"}],"predecessor-version":[{"id":54845,"href":"https:\/\/rioonwatch.org.br\/index.php?rest_route=\/wp\/v2\/posts\/52591\/revisions\/54845"}],"wp:featuredmedia":[{"embeddable":true,"href":"https:\/\/rioonwatch.org.br\/index.php?rest_route=\/wp\/v2\/media\/52678"}],"wp:attachment":[{"href":"https:\/\/rioonwatch.org.br\/index.php?rest_route=%2Fwp%2Fv2%2Fmedia&parent=52591"}],"wp:term":[{"taxonomy":"category","embeddable":true,"href":"https:\/\/rioonwatch.org.br\/index.php?rest_route=%2Fwp%2Fv2%2Fcategories&post=52591"},{"taxonomy":"post_tag","embeddable":true,"href":"https:\/\/rioonwatch.org.br\/index.php?rest_route=%2Fwp%2Fv2%2Ftags&post=52591"},{"taxonomy":"writer","embeddable":true,"href":"https:\/\/rioonwatch.org.br\/index.php?rest_route=%2Fwp%2Fv2%2Fwriter&post=52591"},{"taxonomy":"translator","embeddable":true,"href":"https:\/\/rioonwatch.org.br\/index.php?rest_route=%2Fwp%2Fv2%2Ftranslator&post=52591"},{"taxonomy":"source","embeddable":true,"href":"https:\/\/rioonwatch.org.br\/index.php?rest_route=%2Fwp%2Fv2%2Fsource&post=52591"},{"taxonomy":"ilustrador","embeddable":true,"href":"https:\/\/rioonwatch.org.br\/index.php?rest_route=%2Fwp%2Fv2%2Filustrador&post=52591"},{"taxonomy":"fotografo","embeddable":true,"href":"https:\/\/rioonwatch.org.br\/index.php?rest_route=%2Fwp%2Fv2%2Ffotografo&post=52591"}],"curies":[{"name":"wp","href":"https:\/\/api.w.org\/{rel}","templated":true}]}}