{"id":52766,"date":"2021-01-05T09:15:33","date_gmt":"2021-01-05T12:15:33","guid":{"rendered":"https:\/\/rioonwatch.org.br\/?p=52766"},"modified":"2024-05-24T12:34:31","modified_gmt":"2024-05-24T15:34:31","slug":"enraizando-o-antirracismo-nas-favelas-desconstruindo-narrativas-sociais-sobre-racismo-no-rio-de-janeiro","status":"publish","type":"post","link":"https:\/\/rioonwatch.org.br\/?p=52766","title":{"rendered":"Enraizando o Antirracismo nas Favelas: Desconstruindo Narrativas Sociais sobre Racismo no Rio de Janeiro [PODCAST]"},"content":{"rendered":"<p style=\"text-align: right;\"><em><strong><a href=\"http:\/\/bit.ly\/AntiracistFavelaIntro\" target=\"_blank\" rel=\"noopener\">Click Here for English<\/a><a href=\"http:\/\/bit.ly\/AntiracistFavelaIntro\" target=\"_blank\" rel=\"noopener noreferrer\"><img decoding=\"async\" class=\"alignright wp-image-15790\" src=\"https:\/\/rioonwatch.org.br\/wp-content\/uploads\/2012\/08\/EN-standard-e1439583104716.jpg\" width=\"20\" height=\"20\" \/><\/a><\/strong><\/em><\/p>\n<p><em>Este editorial da in\u00edcio \u00e0 <a href=\"https:\/\/bit.ly\/SerieAntirracista\" rel=\"noopener\">s\u00e9rie do projeto antirracista do RioOnWatch<\/a>.<i data-stringify-type=\"italic\">\u00a0<\/i><\/em><em>Conhe\u00e7a o nosso projeto que trouxe conte\u00fados midi\u00e1ticos semanais ao longo de 2021:\u00a0<i><a href=\"http:\/\/bit.ly\/EnraizandoIntro\" rel=\"noopener\">Enraizando o Antirracismo nas Favelas<\/a>.<\/i><\/em><\/p>\n<p>Ao longo do ano de 2021, o <em>RioOnWatch <\/em>ir\u00e1 realizar\u00a0o projeto &#8220;<a href=\"https:\/\/bit.ly\/SerieAntirracista\" target=\"_blank\" rel=\"noopener\">Enraizando o Antirracismo nas Favelas: Desconstruindo Narrativas Sociais sobre Racismo no Rio de Janeiro<\/a><span style=\"font-weight: 400;\">\u201d\u2014propondo<\/span> um debate contra o racismo de dentro para fora, com foco nas vozes das favelas do Rio, tendo como meio o jornalismo comunit\u00e1rio para provocar o di\u00e1logo urgente que precisamos.<\/p>\n<blockquote><p>\u201cA gente n\u00e3o nasce negro, a gente se torna negro. \u00c9 uma conquista dura, cruel e que se desenvolve pela vida da gente afora. Uma pessoa negra que tem consci\u00eancia de sua negritude est\u00e1 na luta contra o racismo.\u201d \u2013\u00a0<a href=\"https:\/\/bit.ly\/382m1bX\" target=\"_blank\" rel=\"noopener\">L\u00e9lia Gonzalez<\/a><\/p><\/blockquote>\n<p><iframe src=\"https:\/\/w.soundcloud.com\/player\/?url=https%3A\/\/api.soundcloud.com\/tracks\/967099120&amp;color=%23ff5500&amp;auto_play=false&amp;hide_related=false&amp;show_comments=true&amp;show_user=true&amp;show_reposts=false&amp;show_teaser=true\" width=\"100%\" height=\"166\" frameborder=\"no\" scrolling=\"no\"><\/iframe><\/p>\n<div style=\"font-size: 10px; color: #cccccc; line-break: anywhere; word-break: normal; overflow: hidden; white-space: nowrap; text-overflow: ellipsis; font-family: Interstate,Lucida Grande,Lucida Sans Unicode,Lucida Sans,Garuda,Verdana,Tahoma,sans-serif; font-weight: 100;\"><span style=\"color: #333333;\">Ou\u00e7a o podcast desta mat\u00e9ria no<\/span>\u00a0<a class=\"c-link\" href=\"https:\/\/bit.ly\/3sxhLIA\" target=\"_blank\" rel=\"noopener noreferrer\" data-stringify-link=\"https:\/\/bit.ly\/3sxhLIA\" data-sk=\"tooltip_parent\">SoundCloud<\/a><span style=\"color: #333333;\">,<\/span> <a class=\"c-link\" href=\"https:\/\/spoti.fi\/37Sz9zB\" target=\"_blank\" rel=\"noopener noreferrer\" data-stringify-link=\"https:\/\/spoti.fi\/37Sz9zB\" data-sk=\"tooltip_parent\">Spotify<\/a><span style=\"color: #333333;\">,<\/span> <a class=\"c-link\" href=\"https:\/\/bit.ly\/2PhwfhBhttps:\/\/bit.ly\/2PhwfhBhttps:\/\/bit.ly\/2PhwfhBhttps:\/\/bit.ly\/2PhwfhBhttps:\/\/bit.ly\/2PhwfhBhttps:\/\/bit.ly\/2PhwfhBhttps:\/\/bit.ly\/2PhwfhBhttps:\/\/bit.ly\/2PhwfhBhttps:\/\/bit.ly\/2PhwfhBhttps:\/\/bit.ly\/2PhwfhBhttps:\/\/bit.ly\/2PhwfhBhttps:\/\/bit.ly\/2PhwfhBhttps:\/\/bit.ly\/2PhwfhBhttps:\/\/bit.ly\/2PhwfhBhttps:\/\/bit.ly\/2PhwfhBhttps:\/\/bit.ly\/2PhwfhBhttps:\/\/bit.ly\/2PhwfhBhttps:\/\/bit.ly\/2PhwfhBhttps:\/\/bit.ly\/2PhwfhBhttps:\/\/bit.ly\/2PhwfhBhttps:\/\/bit.ly\/2PhwfhBhttps:\/\/bit.ly\/2PhwfhBhttps:\/\/bit.ly\/2PhwfhBhttps:\/\/bit.ly\/2PhwfhBhttps:\/\/bit.ly\/2PhwfhBhttps:\/\/bit.ly\/2PhwfhBhttps:\/\/bit.ly\/2PhwfhBhttps:\/\/bit.ly\/2PhwfhBhttps:\/\/bit.ly\/2PhwfhBhttps:\/\/bit.ly\/2PhwfhBhttps:\/\/bit.ly\/2PhwfhB\" target=\"_blank\" rel=\"noopener noreferrer\" data-stringify-link=\"https:\/\/bit.ly\/2PhwfhBhttps:\/\/bit.ly\/2PhwfhBhttps:\/\/bit.ly\/2PhwfhBhttps:\/\/bit.ly\/2PhwfhBhttps:\/\/bit.ly\/2PhwfhBhttps:\/\/bit.ly\/2PhwfhBhttps:\/\/bit.ly\/2PhwfhBhttps:\/\/bit.ly\/2PhwfhBhttps:\/\/bit.ly\/2PhwfhBhttps:\/\/bit.ly\/2PhwfhBhttps:\/\/bit.ly\/2PhwfhBhttps:\/\/bit.ly\/2PhwfhBhttps:\/\/bit.ly\/2PhwfhBhttps:\/\/bit.ly\/2PhwfhBhttps:\/\/bit.ly\/2PhwfhBhttps:\/\/bit.ly\/2PhwfhBhttps:\/\/bit.ly\/2PhwfhBhttps:\/\/bit.ly\/2PhwfhBhttps:\/\/bit.ly\/2PhwfhBhttps:\/\/bit.ly\/2PhwfhBhttps:\/\/bit.ly\/2PhwfhBhttps:\/\/bit.ly\/2PhwfhBhttps:\/\/bit.ly\/2PhwfhBhttps:\/\/bit.ly\/2PhwfhBhttps:\/\/bit.ly\/2PhwfhBhttps:\/\/bit.ly\/2PhwfhBhttps:\/\/bit.ly\/2PhwfhBhttps:\/\/bit.ly\/2PhwfhBhttps:\/\/bit.ly\/2PhwfhBhttps:\/\/bit.ly\/2PhwfhBhttps:\/\/bit.ly\/2PhwfhB\" data-sk=\"tooltip_parent\">YouTube<\/a><span style=\"color: #333333;\"> e<\/span>\u00a0<a class=\"c-link\" href=\"https:\/\/bit.ly\/2M1m2o9\" target=\"_blank\" rel=\"noopener noreferrer\" data-stringify-link=\"https:\/\/bit.ly\/2M1m2o9\" data-sk=\"tooltip_parent\">outros<\/a><span style=\"color: #333333;\">.<\/span><\/div>\n<div>\n<hr \/>\n<\/div>\n<p>Durante todo o ano de 2021 <a href=\"https:\/\/bit.ly\/SerieAntirracista\" target=\"_blank\" rel=\"noopener\">ser\u00e3o publicados<\/a>, semanalmente no <em>RioOnWatch<\/em>, mat\u00e9rias, ilustra\u00e7\u00f5es, v\u00eddeos e podcasts majoritariamente realizados por comunicadores de favelas e negros. A a\u00e7\u00e3o antirrracista visou tr\u00eas eixos: mem\u00f3ria, atualidade e futuro\u2014o que remete ao conceito <a href=\"https:\/\/bit.ly\/38DzS7p\" target=\"_blank\" rel=\"noopener\">Sankofa<\/a>: San (voltar, retornar), Ko (ir), Fa (olhar, buscar, pegar)\u2014para trazer \u00e0 tona o debate do racismo e de ra\u00e7a, de modo a fornecer uma vis\u00e3o detalhada, multidimensional e interseccional sobre como o racismo estrutural funciona no Rio de Janeiro, do pessoal ao sist\u00eamico e anal\u00edtico, para poder transform\u00e1-lo.<\/p>\n<p><span style=\"font-weight: 400;\"><a href=\"http:\/\/bit.ly\/380LqlY\" target=\"_blank\" rel=\"noopener\">S\u00edmbolo Adinkra<\/a>\u2014um conjunto de s\u00edmbolos ideogr\u00e1ficos do povo <em>Akan<\/em>\u2014o Sankofa \u00e9 representado por um p\u00e1ssaro que voa para frente com a cabe\u00e7a voltada para a cauda, carregando no seu bico um ovo (o futuro). Apresenta-se de forma realista ou estilizada, em formato parecendo um cora\u00e7\u00e3o com dobras.<\/span><\/p>\n<p><a href=\"https:\/\/rioonwatch.org.br\/wp-content\/uploads\/2020\/12\/Sankofa-_Arte-SESC_SP-1.jpg\"><img fetchpriority=\"high\" decoding=\"async\" class=\"alignright wp-image-52769\" src=\"https:\/\/rioonwatch.org.br\/wp-content\/uploads\/2020\/12\/Sankofa-_Arte-SESC_SP-1-620x348.jpg\" alt=\"\" width=\"514\" height=\"289\" srcset=\"https:\/\/rioonwatch.org.br\/wp-content\/uploads\/2020\/12\/Sankofa-_Arte-SESC_SP-1-620x348.jpg 620w, https:\/\/rioonwatch.org.br\/wp-content\/uploads\/2020\/12\/Sankofa-_Arte-SESC_SP-1-470x264.jpg 470w, https:\/\/rioonwatch.org.br\/wp-content\/uploads\/2020\/12\/Sankofa-_Arte-SESC_SP-1-580x326.jpg 580w, https:\/\/rioonwatch.org.br\/wp-content\/uploads\/2020\/12\/Sankofa-_Arte-SESC_SP-1-174x98.jpg 174w, https:\/\/rioonwatch.org.br\/wp-content\/uploads\/2020\/12\/Sankofa-_Arte-SESC_SP-1.jpg 730w\" sizes=\"(max-width: 514px) 100vw, 514px\" \/><\/a><\/p>\n<p><span style=\"font-weight: 400;\">O s\u00edmbolo representa um retorno para adquirir conhecimento e sabedoria do passado, atrav\u00e9s de uma busca de heran\u00e7a cultural dos antepassados, em prol da constru\u00e7\u00e3o de um futuro melhor. Com isso, pode servir no contexto brasileiro para refletir o esfor\u00e7o fundamental de recuperar a ancestralidade e enfrentar as lutas e dificuldades hist\u00f3ricas e atuais, para que possamos de fato realizar uma sociedade melhor<\/span>.\u00a0Moldados em ferro e <a href=\"https:\/\/bit.ly\/38QQLvl\" target=\"_blank\" rel=\"noopener\">fixados em janelas, portas e port\u00f5es de casas por toda nossa regi\u00e3o<\/a><span style=\"font-weight: 400;\">, os s\u00edmbolos Sankofa lembram aos passantes\u2014que sabem ler\u2014que n\u00e3o \u00e9 tabu voltar para atr\u00e1s e recuperar o que esqueceu. De fato, este ato \u00e9 fundamental para realizar um futuro melhor para todos.<\/span><\/p>\n<p><span style=\"font-weight: 400;\">\u00c9 importante realizar que aquilo que n\u00e3o \u00e9 nomeado n\u00e3o pode ser reconhecido para ser combatido. O racismo no Brasil habita nas estruturas da sociedade, incluindo o sil\u00eancio e o eufemismo da not\u00edcia sobre desigualdade social.<\/span><\/p>\n<p><span style=\"font-weight: 400;\">Por isso, partindo do \u00f3bvio ao complexo, incluindo diversas dimens\u00f5es e perspectivas raciais, assumimos o compromisso ao longo de 2021 de publicar mais de 50 produtos midi\u00e1ticos bil\u00edngues\u2014em formato de narrativas textuais, audiovisuais, podcasts e ilustra\u00e7\u00f5es\u2014como uma a\u00e7\u00e3o antirracista p\u00fablica, sendo um por semana. Para participar, <a href=\"https:\/\/bit.ly\/PautasAntirracismo\" target=\"_blank\" rel=\"noopener\">preencha e envie o formul\u00e1rio<\/a> com sua proposta de pauta.<\/span><\/p>\n<p><span style=\"font-weight: 400;\">\u00c9 preciso tomar atitudes antirracistas, fazer a parte que nos cabe, apoiar e erguer vozes e amplific\u00e1-las em a\u00e7\u00f5es estrat\u00e9gicas para alterar rela\u00e7\u00f5es de poder para que, efetivamente, atendam aos interesses e \u00e0s necessidades de todos os cariocas.<\/span><\/p>\n<p><em>Sobre o artista: <\/em><em>David Amen \u00e9 cria do Complexo do Alem\u00e3o, co-fundador e produtor de comunica\u00e7\u00e3o do Instituto Ra\u00edzes em Movimento, jornalista, grafiteiro e ilustrador.<\/em><\/p>\n<p><em>Este editorial da in\u00edcio \u00e0 <a href=\"https:\/\/bit.ly\/SerieAntirracista\" rel=\"noopener\">s\u00e9rie do projeto antirracista do RioOnWatch<\/a>.<i data-stringify-type=\"italic\">\u00a0<\/i><\/em><em>Conhe\u00e7a o nosso projeto que trouxe conte\u00fados midi\u00e1ticos semanais ao longo de 2021:\u00a0<i><a href=\"http:\/\/bit.ly\/EnraizandoIntro\" rel=\"noopener\">Enraizando o Antirracismo nas Favelas<\/a>.<\/i><\/em><\/p>\n<h4><b data-stringify-type=\"bold\">Compartilhe com a gente a sua opini\u00e3o sobre essa mat\u00e9ria\u00a0<\/b><b data-stringify-type=\"bold\"><a class=\"c-link\" href=\"https:\/\/bit.ly\/OpineAntirracismo\" target=\"_blank\" rel=\"noopener noreferrer\" data-stringify-link=\"https:\/\/docs.google.com\/forms\/d\/e\/1FAIpQLSc6PJwxQ0eapYlfSfsr8fyibg8ODzXKpGhJjXe2-8Bbxrtp1g\/viewform\" data-sk=\"tooltip_parent\">clicando aqui<\/a>.<\/b><\/h4>\n<hr \/>\n<h4><strong>Apoie nossos esfor\u00e7os para fornecer assist\u00eancia estrat\u00e9gica \u00e0s favelas do Rio, incluindo o jornalismo hiperlocal, cr\u00edtico, inovador e incans\u00e1vel do\u00a0<em>RioOnWatch<\/em><\/strong>\u2014<a href=\"http:\/\/bit.ly\/CatalisandoComunidades\">doe aqui<\/a>.<\/h4>\n<!-- AddThis Advanced Settings generic via filter on the_content --><!-- AddThis Share Buttons generic via filter on the_content -->","protected":false},"excerpt":{"rendered":"<div class=\"mh-excerpt\"><p>Click Here for English Este editorial da in\u00edcio \u00e0 s\u00e9rie do projeto antirracista do RioOnWatch.\u00a0Conhe\u00e7a o nosso projeto que trouxe conte\u00fados midi\u00e1ticos semanais ao longo de 2021:\u00a0Enraizando o Antirracismo nas Favelas. Ao longo do ano <a class=\"mh-excerpt-more\" href=\"https:\/\/rioonwatch.org.br\/?p=52766\" title=\"Enraizando o Antirracismo nas Favelas: Desconstruindo Narrativas Sociais sobre Racismo no Rio de Janeiro [PODCAST]\">[&#8230;]<\/a><!-- AddThis Advanced Settings generic via filter on get_the_excerpt --><!-- AddThis Share Buttons generic via filter on get_the_excerpt --><\/p>\n<\/div>","protected":false},"author":165,"featured_media":52763,"comment_status":"closed","ping_status":"closed","sticky":false,"template":"template-full.php","format":"standard","meta":{"_acf_changed":false,"_monsterinsights_skip_tracking":false,"_monsterinsights_sitenote_active":false,"_monsterinsights_sitenote_note":"","_monsterinsights_sitenote_category":0,"footnotes":""},"categories":[1621,1631,2985,1612,342],"tags":[329,3253,333,469,1403,936,2974],"writer":[777],"translator":[],"source":[],"ilustrador":[3088],"fotografo":[],"class_list":{"0":"post-52766","1":"post","2":"type-post","3":"status-publish","4":"format-standard","5":"has-post-thumbnail","7":"category-destaque","8":"category-entendendo-o-rio","9":"category-podcast","10":"category-sociedade-civil","11":"category-solucoes","12":"tag-africa","13":"tag-antirracismo","14":"tag-diaspora","15":"tag-memoria","16":"tag-movimento-negro","17":"tag-raca","18":"tag-serie-antirracismo","19":"writer-rioonwatch","20":"ilustrador-david-amen"},"acf":[],"yoast_head":"<!-- This site is optimized with the Yoast SEO plugin v25.6 - https:\/\/yoast.com\/wordpress\/plugins\/seo\/ -->\n<title>Enraizando o Antirracismo nas Favelas: Desconstruindo Narrativas Sociais sobre Racismo no Rio de Janeiro [PODCAST] - RioOnWatch<\/title>\n<meta name=\"robots\" content=\"index, follow, max-snippet:-1, max-image-preview:large, max-video-preview:-1\" \/>\n<link rel=\"canonical\" href=\"https:\/\/rioonwatch.org.br\/?p=52766\" \/>\n<meta property=\"og:locale\" content=\"pt_BR\" \/>\n<meta property=\"og:type\" content=\"article\" \/>\n<meta property=\"og:title\" content=\"Enraizando o Antirracismo nas Favelas: Desconstruindo Narrativas Sociais sobre Racismo no Rio de Janeiro [PODCAST] - RioOnWatch\" \/>\n<meta property=\"og:description\" content=\"Click Here for English Este editorial da in\u00edcio \u00e0 s\u00e9rie do projeto antirracista do RioOnWatch.\u00a0Conhe\u00e7a o nosso projeto que trouxe conte\u00fados midi\u00e1ticos semanais ao longo de 2021:\u00a0Enraizando o Antirracismo nas Favelas. Ao longo do ano [...]\" \/>\n<meta property=\"og:url\" content=\"https:\/\/rioonwatch.org.br\/?p=52766\" \/>\n<meta property=\"og:site_name\" content=\"RioOnWatch\" \/>\n<meta property=\"article:published_time\" content=\"2021-01-05T12:15:33+00:00\" \/>\n<meta property=\"article:modified_time\" content=\"2024-05-24T15:34:31+00:00\" \/>\n<meta property=\"og:image\" content=\"https:\/\/rioonwatch.org.br\/wp-content\/uploads\/2020\/12\/Colagem-Digital-Arte-David-Amem.jpg\" \/>\n\t<meta property=\"og:image:width\" content=\"1280\" \/>\n\t<meta property=\"og:image:height\" content=\"907\" \/>\n\t<meta property=\"og:image:type\" content=\"image\/jpeg\" \/>\n<meta name=\"author\" content=\"Tatiana Lima\" \/>\n<meta name=\"twitter:card\" content=\"summary_large_image\" \/>\n<meta name=\"twitter:label1\" content=\"Escrito por\" \/>\n\t<meta name=\"twitter:data1\" content=\"Tatiana Lima\" \/>\n\t<meta name=\"twitter:label2\" content=\"Est. tempo de leitura\" \/>\n\t<meta name=\"twitter:data2\" content=\"4 minutos\" \/>\n<script type=\"application\/ld+json\" class=\"yoast-schema-graph\">{\"@context\":\"https:\/\/schema.org\",\"@graph\":[{\"@type\":\"Article\",\"@id\":\"https:\/\/rioonwatch.org.br\/?p=52766#article\",\"isPartOf\":{\"@id\":\"https:\/\/rioonwatch.org.br\/?p=52766\"},\"author\":{\"name\":\"Tatiana Lima\",\"@id\":\"https:\/\/rioonwatch.org.br\/#\/schema\/person\/8fde974ee24e219acc413d63393ec551\"},\"headline\":\"Enraizando o Antirracismo nas Favelas: Desconstruindo Narrativas Sociais sobre Racismo no Rio de Janeiro [PODCAST]\",\"datePublished\":\"2021-01-05T12:15:33+00:00\",\"dateModified\":\"2024-05-24T15:34:31+00:00\",\"mainEntityOfPage\":{\"@id\":\"https:\/\/rioonwatch.org.br\/?p=52766\"},\"wordCount\":683,\"publisher\":{\"@id\":\"https:\/\/rioonwatch.org.br\/#organization\"},\"image\":{\"@id\":\"https:\/\/rioonwatch.org.br\/?p=52766#primaryimage\"},\"thumbnailUrl\":\"https:\/\/rioonwatch.org.br\/wp-content\/uploads\/2020\/12\/Colagem-Digital-Arte-David-Amem.jpg\",\"keywords\":[\"\u00c1frica\",\"Antirracismo\",\"Di\u00e1spora Africana\",\"Mem\u00f3rias Faveladas\",\"Movimento negro\",\"ra\u00e7a\",\"S\u00e9rie: Antirracismo\"],\"articleSection\":[\"*Destaque\",\"Entendendo o Rio\",\"Epis\u00f3dios de Podcast\",\"Sociedade Civil\",\"Solu\u00e7\u00f5es\"],\"inLanguage\":\"pt-BR\"},{\"@type\":\"WebPage\",\"@id\":\"https:\/\/rioonwatch.org.br\/?p=52766\",\"url\":\"https:\/\/rioonwatch.org.br\/?p=52766\",\"name\":\"Enraizando o Antirracismo nas Favelas: Desconstruindo Narrativas Sociais sobre Racismo no Rio de Janeiro [PODCAST] - RioOnWatch\",\"isPartOf\":{\"@id\":\"https:\/\/rioonwatch.org.br\/#website\"},\"primaryImageOfPage\":{\"@id\":\"https:\/\/rioonwatch.org.br\/?p=52766#primaryimage\"},\"image\":{\"@id\":\"https:\/\/rioonwatch.org.br\/?p=52766#primaryimage\"},\"thumbnailUrl\":\"https:\/\/rioonwatch.org.br\/wp-content\/uploads\/2020\/12\/Colagem-Digital-Arte-David-Amem.jpg\",\"datePublished\":\"2021-01-05T12:15:33+00:00\",\"dateModified\":\"2024-05-24T15:34:31+00:00\",\"breadcrumb\":{\"@id\":\"https:\/\/rioonwatch.org.br\/?p=52766#breadcrumb\"},\"inLanguage\":\"pt-BR\",\"potentialAction\":[{\"@type\":\"ReadAction\",\"target\":[\"https:\/\/rioonwatch.org.br\/?p=52766\"]}]},{\"@type\":\"ImageObject\",\"inLanguage\":\"pt-BR\",\"@id\":\"https:\/\/rioonwatch.org.br\/?p=52766#primaryimage\",\"url\":\"https:\/\/rioonwatch.org.br\/wp-content\/uploads\/2020\/12\/Colagem-Digital-Arte-David-Amem.jpg\",\"contentUrl\":\"https:\/\/rioonwatch.org.br\/wp-content\/uploads\/2020\/12\/Colagem-Digital-Arte-David-Amem.jpg\",\"width\":1280,\"height\":907,\"caption\":\"Arte por David Amen\"},{\"@type\":\"BreadcrumbList\",\"@id\":\"https:\/\/rioonwatch.org.br\/?p=52766#breadcrumb\",\"itemListElement\":[{\"@type\":\"ListItem\",\"position\":1,\"name\":\"In\u00edcio\",\"item\":\"https:\/\/rioonwatch.org.br\/\"},{\"@type\":\"ListItem\",\"position\":2,\"name\":\"Enraizando o Antirracismo nas Favelas: Desconstruindo Narrativas Sociais sobre Racismo no Rio de Janeiro [PODCAST]\"}]},{\"@type\":\"WebSite\",\"@id\":\"https:\/\/rioonwatch.org.br\/#website\",\"url\":\"https:\/\/rioonwatch.org.br\/\",\"name\":\"RioOnWatch\",\"description\":\"relatos das favelas cariocas\",\"publisher\":{\"@id\":\"https:\/\/rioonwatch.org.br\/#organization\"},\"potentialAction\":[{\"@type\":\"SearchAction\",\"target\":{\"@type\":\"EntryPoint\",\"urlTemplate\":\"https:\/\/rioonwatch.org.br\/?s={search_term_string}\"},\"query-input\":{\"@type\":\"PropertyValueSpecification\",\"valueRequired\":true,\"valueName\":\"search_term_string\"}}],\"inLanguage\":\"pt-BR\"},{\"@type\":\"Organization\",\"@id\":\"https:\/\/rioonwatch.org.br\/#organization\",\"name\":\"RioOnWatch\",\"url\":\"https:\/\/rioonwatch.org.br\/\",\"logo\":{\"@type\":\"ImageObject\",\"inLanguage\":\"pt-BR\",\"@id\":\"https:\/\/rioonwatch.org.br\/#\/schema\/logo\/image\/\",\"url\":\"https:\/\/rioonwatch.org.br\/wp-content\/uploads\/2021\/06\/RioOnWatchcabecalhoPT11anos-2.png\",\"contentUrl\":\"https:\/\/rioonwatch.org.br\/wp-content\/uploads\/2021\/06\/RioOnWatchcabecalhoPT11anos-2.png\",\"width\":779,\"height\":277,\"caption\":\"RioOnWatch\"},\"image\":{\"@id\":\"https:\/\/rioonwatch.org.br\/#\/schema\/logo\/image\/\"}},{\"@type\":\"Person\",\"@id\":\"https:\/\/rioonwatch.org.br\/#\/schema\/person\/8fde974ee24e219acc413d63393ec551\",\"name\":\"Tatiana Lima\",\"image\":{\"@type\":\"ImageObject\",\"inLanguage\":\"pt-BR\",\"@id\":\"https:\/\/rioonwatch.org.br\/#\/schema\/person\/image\/\",\"url\":\"https:\/\/secure.gravatar.com\/avatar\/5fb587d000e124a9d6aae50aec42d39e?s=96&d=blank&r=g\",\"contentUrl\":\"https:\/\/secure.gravatar.com\/avatar\/5fb587d000e124a9d6aae50aec42d39e?s=96&d=blank&r=g\",\"caption\":\"Tatiana Lima\"},\"url\":\"https:\/\/rioonwatch.org.br\/?author=165\"}]}<\/script>\n<!-- \/ Yoast SEO plugin. -->","yoast_head_json":{"title":"Enraizando o Antirracismo nas Favelas: Desconstruindo Narrativas Sociais sobre Racismo no Rio de Janeiro [PODCAST] - RioOnWatch","robots":{"index":"index","follow":"follow","max-snippet":"max-snippet:-1","max-image-preview":"max-image-preview:large","max-video-preview":"max-video-preview:-1"},"canonical":"https:\/\/rioonwatch.org.br\/?p=52766","og_locale":"pt_BR","og_type":"article","og_title":"Enraizando o Antirracismo nas Favelas: Desconstruindo Narrativas Sociais sobre Racismo no Rio de Janeiro [PODCAST] - RioOnWatch","og_description":"Click Here for English Este editorial da in\u00edcio \u00e0 s\u00e9rie do projeto antirracista do RioOnWatch.\u00a0Conhe\u00e7a o nosso projeto que trouxe conte\u00fados midi\u00e1ticos semanais ao longo de 2021:\u00a0Enraizando o Antirracismo nas Favelas. Ao longo do ano [...]","og_url":"https:\/\/rioonwatch.org.br\/?p=52766","og_site_name":"RioOnWatch","article_published_time":"2021-01-05T12:15:33+00:00","article_modified_time":"2024-05-24T15:34:31+00:00","og_image":[{"width":1280,"height":907,"url":"https:\/\/rioonwatch.org.br\/wp-content\/uploads\/2020\/12\/Colagem-Digital-Arte-David-Amem.jpg","type":"image\/jpeg"}],"author":"Tatiana Lima","twitter_card":"summary_large_image","twitter_misc":{"Escrito por":"Tatiana Lima","Est. tempo de leitura":"4 minutos"},"schema":{"@context":"https:\/\/schema.org","@graph":[{"@type":"Article","@id":"https:\/\/rioonwatch.org.br\/?p=52766#article","isPartOf":{"@id":"https:\/\/rioonwatch.org.br\/?p=52766"},"author":{"name":"Tatiana Lima","@id":"https:\/\/rioonwatch.org.br\/#\/schema\/person\/8fde974ee24e219acc413d63393ec551"},"headline":"Enraizando o Antirracismo nas Favelas: Desconstruindo Narrativas Sociais sobre Racismo no Rio de Janeiro [PODCAST]","datePublished":"2021-01-05T12:15:33+00:00","dateModified":"2024-05-24T15:34:31+00:00","mainEntityOfPage":{"@id":"https:\/\/rioonwatch.org.br\/?p=52766"},"wordCount":683,"publisher":{"@id":"https:\/\/rioonwatch.org.br\/#organization"},"image":{"@id":"https:\/\/rioonwatch.org.br\/?p=52766#primaryimage"},"thumbnailUrl":"https:\/\/rioonwatch.org.br\/wp-content\/uploads\/2020\/12\/Colagem-Digital-Arte-David-Amem.jpg","keywords":["\u00c1frica","Antirracismo","Di\u00e1spora Africana","Mem\u00f3rias Faveladas","Movimento negro","ra\u00e7a","S\u00e9rie: Antirracismo"],"articleSection":["*Destaque","Entendendo o Rio","Epis\u00f3dios de Podcast","Sociedade Civil","Solu\u00e7\u00f5es"],"inLanguage":"pt-BR"},{"@type":"WebPage","@id":"https:\/\/rioonwatch.org.br\/?p=52766","url":"https:\/\/rioonwatch.org.br\/?p=52766","name":"Enraizando o Antirracismo nas Favelas: Desconstruindo Narrativas Sociais sobre Racismo no Rio de Janeiro [PODCAST] - RioOnWatch","isPartOf":{"@id":"https:\/\/rioonwatch.org.br\/#website"},"primaryImageOfPage":{"@id":"https:\/\/rioonwatch.org.br\/?p=52766#primaryimage"},"image":{"@id":"https:\/\/rioonwatch.org.br\/?p=52766#primaryimage"},"thumbnailUrl":"https:\/\/rioonwatch.org.br\/wp-content\/uploads\/2020\/12\/Colagem-Digital-Arte-David-Amem.jpg","datePublished":"2021-01-05T12:15:33+00:00","dateModified":"2024-05-24T15:34:31+00:00","breadcrumb":{"@id":"https:\/\/rioonwatch.org.br\/?p=52766#breadcrumb"},"inLanguage":"pt-BR","potentialAction":[{"@type":"ReadAction","target":["https:\/\/rioonwatch.org.br\/?p=52766"]}]},{"@type":"ImageObject","inLanguage":"pt-BR","@id":"https:\/\/rioonwatch.org.br\/?p=52766#primaryimage","url":"https:\/\/rioonwatch.org.br\/wp-content\/uploads\/2020\/12\/Colagem-Digital-Arte-David-Amem.jpg","contentUrl":"https:\/\/rioonwatch.org.br\/wp-content\/uploads\/2020\/12\/Colagem-Digital-Arte-David-Amem.jpg","width":1280,"height":907,"caption":"Arte por David Amen"},{"@type":"BreadcrumbList","@id":"https:\/\/rioonwatch.org.br\/?p=52766#breadcrumb","itemListElement":[{"@type":"ListItem","position":1,"name":"In\u00edcio","item":"https:\/\/rioonwatch.org.br\/"},{"@type":"ListItem","position":2,"name":"Enraizando o Antirracismo nas Favelas: Desconstruindo Narrativas Sociais sobre Racismo no Rio de Janeiro [PODCAST]"}]},{"@type":"WebSite","@id":"https:\/\/rioonwatch.org.br\/#website","url":"https:\/\/rioonwatch.org.br\/","name":"RioOnWatch","description":"relatos das favelas cariocas","publisher":{"@id":"https:\/\/rioonwatch.org.br\/#organization"},"potentialAction":[{"@type":"SearchAction","target":{"@type":"EntryPoint","urlTemplate":"https:\/\/rioonwatch.org.br\/?s={search_term_string}"},"query-input":{"@type":"PropertyValueSpecification","valueRequired":true,"valueName":"search_term_string"}}],"inLanguage":"pt-BR"},{"@type":"Organization","@id":"https:\/\/rioonwatch.org.br\/#organization","name":"RioOnWatch","url":"https:\/\/rioonwatch.org.br\/","logo":{"@type":"ImageObject","inLanguage":"pt-BR","@id":"https:\/\/rioonwatch.org.br\/#\/schema\/logo\/image\/","url":"https:\/\/rioonwatch.org.br\/wp-content\/uploads\/2021\/06\/RioOnWatchcabecalhoPT11anos-2.png","contentUrl":"https:\/\/rioonwatch.org.br\/wp-content\/uploads\/2021\/06\/RioOnWatchcabecalhoPT11anos-2.png","width":779,"height":277,"caption":"RioOnWatch"},"image":{"@id":"https:\/\/rioonwatch.org.br\/#\/schema\/logo\/image\/"}},{"@type":"Person","@id":"https:\/\/rioonwatch.org.br\/#\/schema\/person\/8fde974ee24e219acc413d63393ec551","name":"Tatiana Lima","image":{"@type":"ImageObject","inLanguage":"pt-BR","@id":"https:\/\/rioonwatch.org.br\/#\/schema\/person\/image\/","url":"https:\/\/secure.gravatar.com\/avatar\/5fb587d000e124a9d6aae50aec42d39e?s=96&d=blank&r=g","contentUrl":"https:\/\/secure.gravatar.com\/avatar\/5fb587d000e124a9d6aae50aec42d39e?s=96&d=blank&r=g","caption":"Tatiana Lima"},"url":"https:\/\/rioonwatch.org.br\/?author=165"}]}},"_links":{"self":[{"href":"https:\/\/rioonwatch.org.br\/index.php?rest_route=\/wp\/v2\/posts\/52766"}],"collection":[{"href":"https:\/\/rioonwatch.org.br\/index.php?rest_route=\/wp\/v2\/posts"}],"about":[{"href":"https:\/\/rioonwatch.org.br\/index.php?rest_route=\/wp\/v2\/types\/post"}],"author":[{"embeddable":true,"href":"https:\/\/rioonwatch.org.br\/index.php?rest_route=\/wp\/v2\/users\/165"}],"replies":[{"embeddable":true,"href":"https:\/\/rioonwatch.org.br\/index.php?rest_route=%2Fwp%2Fv2%2Fcomments&post=52766"}],"version-history":[{"count":54,"href":"https:\/\/rioonwatch.org.br\/index.php?rest_route=\/wp\/v2\/posts\/52766\/revisions"}],"predecessor-version":[{"id":60360,"href":"https:\/\/rioonwatch.org.br\/index.php?rest_route=\/wp\/v2\/posts\/52766\/revisions\/60360"}],"wp:featuredmedia":[{"embeddable":true,"href":"https:\/\/rioonwatch.org.br\/index.php?rest_route=\/wp\/v2\/media\/52763"}],"wp:attachment":[{"href":"https:\/\/rioonwatch.org.br\/index.php?rest_route=%2Fwp%2Fv2%2Fmedia&parent=52766"}],"wp:term":[{"taxonomy":"category","embeddable":true,"href":"https:\/\/rioonwatch.org.br\/index.php?rest_route=%2Fwp%2Fv2%2Fcategories&post=52766"},{"taxonomy":"post_tag","embeddable":true,"href":"https:\/\/rioonwatch.org.br\/index.php?rest_route=%2Fwp%2Fv2%2Ftags&post=52766"},{"taxonomy":"writer","embeddable":true,"href":"https:\/\/rioonwatch.org.br\/index.php?rest_route=%2Fwp%2Fv2%2Fwriter&post=52766"},{"taxonomy":"translator","embeddable":true,"href":"https:\/\/rioonwatch.org.br\/index.php?rest_route=%2Fwp%2Fv2%2Ftranslator&post=52766"},{"taxonomy":"source","embeddable":true,"href":"https:\/\/rioonwatch.org.br\/index.php?rest_route=%2Fwp%2Fv2%2Fsource&post=52766"},{"taxonomy":"ilustrador","embeddable":true,"href":"https:\/\/rioonwatch.org.br\/index.php?rest_route=%2Fwp%2Fv2%2Filustrador&post=52766"},{"taxonomy":"fotografo","embeddable":true,"href":"https:\/\/rioonwatch.org.br\/index.php?rest_route=%2Fwp%2Fv2%2Ffotografo&post=52766"}],"curies":[{"name":"wp","href":"https:\/\/api.w.org\/{rel}","templated":true}]}}