{"id":52798,"date":"2021-01-06T14:03:51","date_gmt":"2021-01-06T17:03:51","guid":{"rendered":"https:\/\/rioonwatch.org.br\/?p=52798"},"modified":"2024-05-24T12:34:31","modified_gmt":"2024-05-24T15:34:31","slug":"o-movimento-negro-organizado-hoje-vozes-da-coalizao-negra-por-direitos-desenraizandoracismo","status":"publish","type":"post","link":"https:\/\/rioonwatch.org.br\/?p=52798","title":{"rendered":"O Movimento Negro Organizado Hoje: Vozes da Coaliz\u00e3o Negra Por Direitos"},"content":{"rendered":"<p style=\"text-align: right;\"><em><strong><a href=\"http:\/\/bit.ly\/3oZCrre\" target=\"_blank\" rel=\"noopener noreferrer\">Click Here for English<\/a><a href=\"http:\/\/bit.ly\/3oZCrre\" target=\"_blank\" rel=\"noopener noreferrer\"><img decoding=\"async\" class=\"alignright wp-image-15790\" src=\"https:\/\/rioonwatch.org.br\/wp-content\/uploads\/2012\/08\/EN-standard-e1439583104716.jpg\" width=\"20\" height=\"20\" \/><\/a><\/strong><\/em><\/p>\n<p><em>Esta \u00e9 a segunda mat\u00e9ria de uma <a href=\"https:\/\/bit.ly\/CoalizaoNegra\" target=\"_blank\" rel=\"noopener\">s\u00e9rie de quatro sobre a Coaliz\u00e3o Negra por Direitos<\/a>\u00a0e d\u00e1 in\u00edcio a uma <a href=\"http:\/\/bit.ly\/DesenraizandoRacismo\" target=\"_blank\" rel=\"noopener\">s\u00e9rie de mat\u00e9rias do projeto antirracista do RioOnWatch<\/a>. Conhe\u00e7a o nosso projeto que trouxe conte\u00fados midi\u00e1ticos semanais ao longo de 2021\u2014<i><a href=\"http:\/\/bit.ly\/EnraizandoIntro\" target=\"_blank\" rel=\"noopener\">Enraizando o Antirracismo nas Favelas: Desconstruindo Narrativas Sociais sobre Racismo no Rio de Janeiro<\/a>.\u00a0<\/i><\/em><\/p>\n<p>31 de dezembro de 2020, no \u00faltimo dia do ano, com quase <a href=\"https:\/\/bit.ly\/2S6RReX\" target=\"_blank\" rel=\"noopener\">200.000 vidas<\/a> perdidas para a <a href=\"https:\/\/bit.ly\/2QZjDJI\" target=\"_blank\" rel=\"noopener\">Covid-19<\/a> no pa\u00eds, em uma pandemia que no Brasil <a href=\"https:\/\/bit.ly\/3rNxaVG\" target=\"_blank\" rel=\"noopener\">mata mais negros<\/a>, 81 lideran\u00e7as de movimentos negros de todo o pa\u00eds gravaram um manifesto, <a href=\"https:\/\/youtu.be\/lTdOuqHllMM\" target=\"_blank\" rel=\"noopener\">em v\u00eddeo<\/a>, para enviar sua mensagem ao povo brasileiro. Trata-se de mais uma a\u00e7\u00e3o de enfrentamento ao racismo da <a href=\"http:\/\/bit.ly\/3pLjJ7J\" target=\"_blank\" rel=\"noopener\">Coaliz\u00e3o Negra Por Direitos<\/a>, uma articula\u00e7\u00e3o com incid\u00eancia pol\u00edtica no <a href=\"http:\/\/bit.ly\/3b5OteA\" target=\"_blank\" rel=\"noopener\">Congresso Nacional<\/a> e f\u00f3runs internacionais. A Coaliza\u00e7\u00e3o re\u00fane mais de 150 coletivos, institui\u00e7\u00f5es e entidades do <a href=\"https:\/\/bit.ly\/2ED4jQ1\" target=\"_blank\" rel=\"noopener\">movimento negro<\/a> brasileiro de hoje.<\/p>\n<p>No v\u00eddeo <a href=\"https:\/\/youtu.be\/lTdOuqHllMM\" target=\"_blank\" rel=\"noopener\">Manifesto da Coaliz\u00e3o Negra Por Direitos | Por um 2021 Verdadeiramente Antirracista<\/a>, a <a href=\"http:\/\/bit.ly\/3hFCwh2\" target=\"_blank\" rel=\"noopener\">Coaliz\u00e3o<\/a> afirma que 2020 ser\u00e1 lembrado por cada uma das vidas arrancadas pela pandemia de coronav\u00edrus\u2014envia &#8220;sentimentos a cada uma das fam\u00edlias&#8221;\u2014mas ressalta que o ano de 2020 tamb\u00e9m &#8220;ser\u00e1 lembrado pela luta e resist\u00eancia do movimento negro, que ocupou o debate p\u00fablico como nunca antes&#8221;.<\/p>\n<p><iframe src=\"https:\/\/www.youtube.com\/embed\/lTdOuqHllMM\" width=\"620\" height=\"349\" frameborder=\"0\" allowfullscreen=\"allowfullscreen\"><span data-mce-type=\"bookmark\" style=\"display: inline-block; width: 0px; overflow: hidden; line-height: 0;\" class=\"mce_SELRES_start\">\ufeff<\/span><\/iframe><\/p>\n<blockquote><p>&#8220;Em 2021, a luta contra o racismo e pelas vidas negras continua! Este \u00e9 o manifesto da Coaliz\u00e3o Negra Por Direitos.&#8221;<\/p><\/blockquote>\n<p>Com dois anos de exist\u00eancia, <a href=\"https:\/\/bit.ly\/2IVTjiQ\" target=\"_blank\" rel=\"noopener noreferrer\">54 documentos p\u00fablicos<\/a> e diversas mobiliza\u00e7\u00f5es estrat\u00e9gicas de enfrentamento ao racismo\u2014entre elas a den\u00fancia de viola\u00e7\u00f5es de direitos do <a href=\"https:\/\/bit.ly\/3pNSdWy\" target=\"_blank\" rel=\"noopener\">Pacote Anticrime<\/a>, e o manifesto e campanha <a href=\"https:\/\/bit.ly\/389z3Eh\" target=\"_blank\" rel=\"noopener\">#ComRacismoN\u00e3oH\u00e1Democracia<\/a>\u2014a Coaliz\u00e3o Negra Por Direitos vem exercendo press\u00e3o estrat\u00e9gica na agenda nacional no debate p\u00fablico contra o racismo e a quest\u00e3o racial no Brasil.<\/p>\n<p><img fetchpriority=\"high\" decoding=\"async\" class=\"wp-image-52747 alignright\" src=\"https:\/\/rioonwatch.org.br\/wp-content\/uploads\/2020\/12\/AnuAfro.jpg\" alt=\"\" width=\"300\" height=\"205\" srcset=\"https:\/\/rioonwatch.org.br\/wp-content\/uploads\/2020\/12\/AnuAfro.jpg 498w, https:\/\/rioonwatch.org.br\/wp-content\/uploads\/2020\/12\/AnuAfro-386x264.jpg 386w\" sizes=\"(max-width: 300px) 100vw, 300px\" \/><\/p>\n<p>O manifesto &#8216;<a href=\"https:\/\/bit.ly\/34SZVX9\">Enquanto Houver Racismo, N\u00e3o Haver\u00e1 Democracia<\/a>!&#8217; j\u00e1 se tornou hist\u00f3rico, sendo um dos documentos mais importantes da hist\u00f3ria do movimento negro no Brasil. Em seis meses, <a href=\"https:\/\/bit.ly\/2WVEkZE\" target=\"_blank\" rel=\"noopener\">59.166 pessoas assinaram o manifesto em apoio a campanha<\/a>, dentre elas, 132 assinaturas s\u00e3o de personalidades brasileiras (negras e brancas), uma<span class=\"et_pb_fullwidth_header_subhead\"> para cada ano desde a aboli\u00e7\u00e3o no Brasil.\u00a0 <\/span><\/p>\n<p>A Coaliz\u00e3o Negra Por Direitos enquanto movimento pol\u00edtico \u00e9 um <a href=\"https:\/\/bit.ly\/30wtA6K\" target=\"_blank\" rel=\"noopener\">baob\u00e1 de vozes que unem as pontas<\/a> da hist\u00f3ria e temporalidades da articula\u00e7\u00e3o do movimento negro brasileiro contempor\u00e2neo. O <em>RioOnWatch<\/em> ouviu algumas destas vozes. Para todas perguntamos: &#8220;Qual \u00e9 a sua voz e lugar de voz dentro da Coaliz\u00e3o Negra Por Direitos?&#8221;<\/p>\n<p>Nesta mat\u00e9ria apresentamos uma pequena cartografia de vozes que participam da Coaliz\u00e3o Negra Por Direitos: &#8220;popula\u00e7\u00e3o negra organizada, mulheres negras, pessoas faveladas, perif\u00e9ricas, LGBTQIA+, que professam religi\u00f5es de matriz africana, quilombolas, pretos e pretas com distintas confiss\u00f5es de f\u00e9, povos do campo, das \u00e1guas e da floresta, trabalhadores explorados, informais e desempregados&#8221;, conforme apresenta o primeiro par\u00e1grafo do manifesto <a href=\"https:\/\/bit.ly\/34SZVX9\" target=\"_blank\" rel=\"noopener\">Enquanto Houver Racismo N\u00e3o Haver\u00e1 Democracia<\/a>.<\/p>\n<h3>&#8220;Eu sou essa voz de continuidade do legado do movimento negro organizado&#8221; &#8211; Douglas Belchior<\/h3>\n<p>De <a href=\"http:\/\/bit.ly\/2RR28KT\" target=\"_blank\" rel=\"noopener\">S\u00e3o Paulo<\/a>, nascido em 1978, Douglas Belchior formou-se em hist\u00f3ria pela PUC-SP. \u00c9 cofundador da <a href=\"https:\/\/bit.ly\/3nDdSiT\" target=\"_blank\" rel=\"noopener\">Uneafro Brasil<\/a>, rede de cursos para jovens e adultos da periferia, e cofundador da Coaliz\u00e3o Negra por Direitos.<\/p>\n<blockquote><p><a href=\"https:\/\/rioonwatch.org.br\/wp-content\/uploads\/2020\/12\/Foto-Arquivo-pessoal-Douglas-Belchior.jpg\"><img decoding=\"async\" class=\"alignright wp-image-52799\" src=\"https:\/\/rioonwatch.org.br\/wp-content\/uploads\/2020\/12\/Foto-Arquivo-pessoal-Douglas-Belchior.jpg\" alt=\"\" width=\"300\" height=\"200\" srcset=\"https:\/\/rioonwatch.org.br\/wp-content\/uploads\/2020\/12\/Foto-Arquivo-pessoal-Douglas-Belchior.jpg 2300w, https:\/\/rioonwatch.org.br\/wp-content\/uploads\/2020\/12\/Foto-Arquivo-pessoal-Douglas-Belchior-620x413.jpg 620w, https:\/\/rioonwatch.org.br\/wp-content\/uploads\/2020\/12\/Foto-Arquivo-pessoal-Douglas-Belchior-1024x683.jpg 1024w, https:\/\/rioonwatch.org.br\/wp-content\/uploads\/2020\/12\/Foto-Arquivo-pessoal-Douglas-Belchior-396x264.jpg 396w, https:\/\/rioonwatch.org.br\/wp-content\/uploads\/2020\/12\/Foto-Arquivo-pessoal-Douglas-Belchior-768x512.jpg 768w, https:\/\/rioonwatch.org.br\/wp-content\/uploads\/2020\/12\/Foto-Arquivo-pessoal-Douglas-Belchior-1536x1024.jpg 1536w, https:\/\/rioonwatch.org.br\/wp-content\/uploads\/2020\/12\/Foto-Arquivo-pessoal-Douglas-Belchior-2048x1365.jpg 2048w\" sizes=\"(max-width: 300px) 100vw, 300px\" \/><\/a>&#8220;Eu sou de uma organiza\u00e7\u00e3o chamada Uneafro. Eu sou uma voz que \u00e9 fruto da constru\u00e7\u00e3o hist\u00f3rica do movimento que teve resultados objetivos para a sociedade brasileira. Eu sou um dos que lutaram para haver pol\u00edticas de acesso \u00e0 universidade. Me formei em meio \u00e0 luta por cotas. A minha forma\u00e7\u00e3o foi junto ao movimento negro, acompanhando as lideran\u00e7as. Por isso, eu me considero como uma voz de continuidade. Eu me vejo como algu\u00e9m que recebeu o canudo como diz [a pe\u00e7a] \u201c<a href=\"http:\/\/glo.bo\/2MvIENu\" target=\"_blank\" rel=\"noopener\"><em>O Topo da Montanha<\/em><\/a>\u201d do Laz\u00e1ro Ramos e Ta\u00eds Ara\u00fajo&#8230; que recebe o bast\u00e3o dos mais velhos para continuar essa escola de luta do movimento negro organizado: continuidade do trabalho e de um ac\u00famulo pol\u00edtico. Eu reivindico a minha voz neste lugar. Uma voz de um homem negro pai de meninas e meninos. Uma voz tamb\u00e9m da transi\u00e7\u00e3o em termos de identidade racial e de g\u00eanero. Sou uma voz que consegue dialogar com os mais velhos como essa continuidade, mas tamb\u00e9m com essa nova gera\u00e7\u00e3o mais jovem dos coletivos negros nas universidades. Talvez por isso eu tenha ocupado este lugar na Coaliz\u00e3o de fazer a costura.&#8221;<\/p><\/blockquote>\n<h3><b>&#8220;Minha voz \u00e9 uma voz de ponte de um di\u00e1logo intergeracional\u201d &#8211; Winnie Bueno<br \/>\n<\/b><\/h3>\n<p>De Pelotas, no Rio Grande do Sul, Winnie Bueno \u00e9 escritora feminista, de 32 anos, e fundadora da <a href=\"http:\/\/bit.ly\/2LiJpIY\" target=\"_blank\" rel=\"noopener\">Winniteca<\/a>, programa de distribui\u00e7\u00e3o de livros para promover a mudan\u00e7a contra o racismo. \u00c9 tamb\u00e9m doutoranda em sociologia e Iyalorix\u00e1 do Il\u00ea A\u00ecy\u00e9 Orish\u00e1 Yemanj\u00e1.<\/p>\n<blockquote><p><a href=\"https:\/\/rioonwatch.org.br\/wp-content\/uploads\/2020\/12\/Winnie-Bueno-Foto-Marilia-Dias-Divulgacao.jpg\"><img loading=\"lazy\" decoding=\"async\" class=\"alignright wp-image-52806\" src=\"https:\/\/rioonwatch.org.br\/wp-content\/uploads\/2020\/12\/Winnie-Bueno-Foto-Marilia-Dias-Divulgacao.jpg\" alt=\"\" width=\"300\" height=\"180\" srcset=\"https:\/\/rioonwatch.org.br\/wp-content\/uploads\/2020\/12\/Winnie-Bueno-Foto-Marilia-Dias-Divulgacao.jpg 1086w, https:\/\/rioonwatch.org.br\/wp-content\/uploads\/2020\/12\/Winnie-Bueno-Foto-Marilia-Dias-Divulgacao-620x372.jpg 620w, https:\/\/rioonwatch.org.br\/wp-content\/uploads\/2020\/12\/Winnie-Bueno-Foto-Marilia-Dias-Divulgacao-1024x615.jpg 1024w, https:\/\/rioonwatch.org.br\/wp-content\/uploads\/2020\/12\/Winnie-Bueno-Foto-Marilia-Dias-Divulgacao-440x264.jpg 440w, https:\/\/rioonwatch.org.br\/wp-content\/uploads\/2020\/12\/Winnie-Bueno-Foto-Marilia-Dias-Divulgacao-768x461.jpg 768w\" sizes=\"(max-width: 300px) 100vw, 300px\" \/><\/a>\u201cParticipo da Coaliz\u00e3o Negra a partir de um lugar e conhecimento que \u00e9 bastante afetivo, de quem vem com a trajet\u00f3ria de reivindicar as figuras do movimento negro, sobretudo, as mulheres do movimento negro, atuando em di\u00e1logo com as redes sociais. [Eu] era levada pela minha m\u00e3e desde os seis anos para reuni\u00f5es do movimento negro na d\u00e9cada de 1990. Me inseri na Coaliz\u00e3o em 2019 representando a Renafro [<a href=\"https:\/\/bit.ly\/3aNHZkC\">Rede Nacional de Religi\u00f5es Afro-Brasileiras e Sa\u00fade<\/a>]. Apesar da discuss\u00e3o do racismo religioso ter uma super import\u00e2ncia na minha inf\u00e2ncia e na minha vida, eu tenho um di\u00e1logo com a juventude. Vejo minha voz como uma voz de ponte de um di\u00e1logo intergeracional entre a galera mais jovem com as lideran\u00e7as mais consolidadas, os mais velhos, embora eu ainda n\u00e3o seja mais t\u00e3o jovem. O movimento negro brasileiro sempre teve uma articula\u00e7\u00e3o hist\u00f3rica. Nunca foi passivo! Sempre foi sim, e \u00e9 ativo. A reivindica\u00e7\u00e3o sobre a perspectiva de democracia que se inscreve desde 1988 no contexto nacional, a den\u00fancia de todos esses sistemas de domina\u00e7\u00e3o a partir do racismo, tudo isso \u00e9 colocado pela atividade pol\u00edtica do movimento negro. Mas, sempre houve um silenciamento sobre isso, faz parte e configura o racismo.&#8221;<\/p><\/blockquote>\n<h3><b>&#8220;Minha voz \u00e9 a que bate de frente com esse sistema racista e desigual&#8221; &#8211; Anielle Franco<\/b><\/h3>\n<p>Do Rio de Janeiro, Anielle Franco \u00e9 mestra em Jornalismo e Ingl\u00eas pela Universidade da Carolina do Norte nos EUA e graduada em letras pela <a href=\"http:\/\/bit.ly\/2KQx9xm\" target=\"_blank\" rel=\"noopener\">UERJ<\/a>. Hoje atua como professora, escritora, e palestrante. \u00c9 colunista no <em>Portal UOL<\/em> e \u00e9 a atual diretora do <a href=\"https:\/\/bit.ly\/37RAeXw\" target=\"_blank\" rel=\"noopener\">Instituto Marielle Franco<\/a>, no Rio de Janeiro.<\/p>\n<blockquote><p><a href=\"https:\/\/rioonwatch.org.br\/wp-content\/uploads\/2020\/12\/Anielle-Franco_Arquivo-Pessoal.jpg\"><img loading=\"lazy\" decoding=\"async\" class=\"alignright wp-image-52807\" src=\"https:\/\/rioonwatch.org.br\/wp-content\/uploads\/2020\/12\/Anielle-Franco_Arquivo-Pessoal-620x264.jpg\" alt=\"\" width=\"300\" height=\"200\" srcset=\"https:\/\/rioonwatch.org.br\/wp-content\/uploads\/2020\/12\/Anielle-Franco_Arquivo-Pessoal-620x413.jpg 620w, https:\/\/rioonwatch.org.br\/wp-content\/uploads\/2020\/12\/Anielle-Franco_Arquivo-Pessoal-396x264.jpg 396w, https:\/\/rioonwatch.org.br\/wp-content\/uploads\/2020\/12\/Anielle-Franco_Arquivo-Pessoal.jpg 680w\" sizes=\"(max-width: 300px) 100vw, 300px\" \/><\/a>\u201cDesde 2018, eu me vejo neste lugar em que me sinto obrigada, n\u00e3o de uma maneira ruim, mas ainda assim obrigada, a ter uma voz mais ativa naquilo que a gente acreditava. Quando a gente [Instituto Marielle Franco] entra para a Coaliz\u00e3o, eu assumo de vez a voz que fala e que tenta inspirar outras mulheres negras a seguirem como a gente seguiu mesmo diante desse luto enorme que se tornou esse vazio em nossas vidas ap\u00f3s <a href=\"https:\/\/bit.ly\/2IIaGUs\" target=\"_blank\" rel=\"noopener\">a morte da minha irm\u00e3<\/a>. Minha voz hoje representa uma parcela grande desse pa\u00eds, mas eu n\u00e3o sou a \u00fanica a representar porque a gente de fato hoje inspira muita gente. Por\u00e9m, tem tamb\u00e9m o outro lado disso: o \u00f3dio. A gente sabe que existe, mas a gente tenta n\u00e3o se deixar levar por ele porque nossa voz, a voz do Instituto Marielle fora e dentro da Coaliz\u00e3o, \u00e9 uma voz que ecoa no mundo inteiro, \u00e9 uma voz de disputa de narrativas, de manuten\u00e7\u00e3o das hist\u00f3rias e legados, sejam eles quais forem. Ent\u00e3o eu diria que a minha voz est\u00e1 neste caminho de inspirar novas lideran\u00e7as no movimento negro organizado. De cuidar para que nenhuma outra fake news surja e tenta matar a <a href=\"http:\/\/bit.ly\/2YHxjy4\" target=\"_blank\" rel=\"noopener\">Mari<\/a> mais uma vez como j\u00e1 fizeram ou matem qualquer outro corpo e legado negro. Minha voz como participante da Coaliz\u00e3o vai no caminho para mostrar que quanto mais \u00e9 o sil\u00eancio, mais isso nos prejudica. \u00c9 uma voz para botar para fora e para bater de frente com esse sistema racista e desigual, que insiste em apagar quem foi Marielle, mas n\u00e3o s\u00f3 ela. Que insiste em apagar quem somos e nossas ra\u00edzes&#8230; apagar de onde a gente vem e para onde a gente vai e pode ir.\u201d<\/p><\/blockquote>\n<h3><b>&#8220;Minha Voz representa a voz dos negros e negras evang\u00e9licos brasileiros&#8221; &#8211; Ariovaldo Ramos<\/b><\/h3>\n<p>De S\u00e3o Paulo, Ariovaldo Ramos \u00e9 pastor evang\u00e9lico da Comunidade Crist\u00e3 Reformada de S\u00e3o Paulo. \u00c9 ex-presidente da Associa\u00e7\u00e3o Evang\u00e9lica Brasileira e um dos fundadores da <a href=\"https:\/\/bit.ly\/2WV1MGH\" target=\"_blank\" rel=\"noopener\">Frente de Evang\u00e9licos Pelo Estado de Direito<\/a>.<\/p>\n<blockquote><p><a href=\"https:\/\/rioonwatch.org.br\/wp-content\/uploads\/2020\/12\/Pastor-Ariovaldo-Ramos-_Arquivo-Pessoal.jpeg\"><img loading=\"lazy\" decoding=\"async\" class=\"alignright wp-image-52809\" src=\"https:\/\/rioonwatch.org.br\/wp-content\/uploads\/2020\/12\/Pastor-Ariovaldo-Ramos-_Arquivo-Pessoal.jpeg\" alt=\"\" width=\"300\" height=\"394\" srcset=\"https:\/\/rioonwatch.org.br\/wp-content\/uploads\/2020\/12\/Pastor-Ariovaldo-Ramos-_Arquivo-Pessoal.jpeg 780w, https:\/\/rioonwatch.org.br\/wp-content\/uploads\/2020\/12\/Pastor-Ariovaldo-Ramos-_Arquivo-Pessoal-472x620.jpeg 472w, https:\/\/rioonwatch.org.br\/wp-content\/uploads\/2020\/12\/Pastor-Ariovaldo-Ramos-_Arquivo-Pessoal-201x264.jpeg 201w, https:\/\/rioonwatch.org.br\/wp-content\/uploads\/2020\/12\/Pastor-Ariovaldo-Ramos-_Arquivo-Pessoal-768x1008.jpeg 768w\" sizes=\"(max-width: 300px) 100vw, 300px\" \/><\/a>&#8220;Falo em nome de um coletivo amplo, desse lugar e grupo do movimento negro, que \u00e9 enorme. A maior parte dos negros e negras brasileiras se professam evang\u00e9licos, majoritariamente, pentecostais. E a maioria dos evang\u00e9licos no Brasil \u00e9 composta por negros e negras. Somos <a href=\"https:\/\/bit.ly\/38SfC2d\" target=\"_blank\" rel=\"noopener\">mais de 8 milh\u00f5es<\/a>. Esse \u00e9 meu lugar de voz e representa\u00e7\u00e3o. Estamos na Coaliz\u00e3o Negra Por Direitos porque o nosso grande problema, e n\u00e3o s\u00f3 de negros e negras, mas de grupos de resist\u00eancias no Brasil, \u00e9 que n\u00f3s criamos uma profus\u00e3o de entidades cada qual com suas especificidades. Embora isso seja positivo por um aspecto, pulveriza a nossa voz. Separados, nossas vozes n\u00e3o criam a repercuss\u00e3o necess\u00e1ria para fazer valer a defesa de nossos direitos junto \u00e0s institui\u00e7\u00f5es do Estado. Nossa voz perde for\u00e7a. Por isso, a Coaliz\u00e3o \u00e9 extremamente importante, ela unifica o som. Faz reverberar o som da comunidade negra como um todo reivindicando uma postura antirracista por parte do Estado brasileiro. Transforma nossas vozes em uma pot\u00eancia que n\u00e3o possa deixar de ser ouvida. \u00c9 isso que a Coaliz\u00e3o Negra Por Direitos faz.&#8221;<\/p><\/blockquote>\n<h3>&#8220;Minha voz \u00e9 de uma mulher negra, l\u00e9sbica da Amaz\u00f4nia&#8221; &#8211; Darlah Farias<\/h3>\n<p><span class=\"image-byline\">Do Bel\u00e9m do Par\u00e1, Darlah Farias \u00e9 advogada, de 32 anos, e ativista do movimento negro. \u00c9 integrante da Comiss\u00e3o da Mulher e Direitos Humanos da Ordem dos Advogados do Brasil se\u00e7\u00e3o Par\u00e1 (<a href=\"http:\/\/bit.ly\/2IiXfJV\" target=\"_blank\" rel=\"noopener\">OAB<\/a>-PA). Integra tamb\u00e9m o <\/span><span class=\"aCOpRe\"><a href=\"https:\/\/bit.ly\/3pJlVM7\" target=\"_blank\" rel=\"noopener\">Coletivo Sapato Preto<\/a> L\u00e9sbicas Negras Amaz\u00f4nidas do Bel\u00e9m do Par\u00e1 e o Centro de Estudos e Defesa do Negro do Par\u00e1 (<a href=\"https:\/\/bit.ly\/35mF139\" target=\"_blank\" rel=\"noopener\">Cedenpa<\/a>), Ambas as institui\u00e7\u00f5es fazem parte da Coaliz\u00e3o Negra Por Direitos.<br \/>\n<\/span><\/p>\n<blockquote><p><a href=\"https:\/\/rioonwatch.org.br\/wp-content\/uploads\/2021\/01\/Darlah-Farias-Divulgacao.jpg\"><img loading=\"lazy\" decoding=\"async\" class=\"alignright wp-image-52891\" src=\"https:\/\/rioonwatch.org.br\/wp-content\/uploads\/2021\/01\/Darlah-Farias-Divulgacao.jpg\" alt=\"\" width=\"300\" height=\"209\" srcset=\"https:\/\/rioonwatch.org.br\/wp-content\/uploads\/2021\/01\/Darlah-Farias-Divulgacao.jpg 532w, https:\/\/rioonwatch.org.br\/wp-content\/uploads\/2021\/01\/Darlah-Farias-Divulgacao-380x264.jpg 380w\" sizes=\"(max-width: 300px) 100vw, 300px\" \/><\/a>&#8220;Minha voz \u00e9 de uma mulher negra, l\u00e9sbica da Amaz\u00f4nia. \u00c9 uma voz importante como todas as outras, mas se torna importante para a gente trazer para o <em>front<\/em> porque mostra na pr\u00e1tica aquilo que o movimento negro sempre fala: que n\u00e3o somos homog\u00eaneos, mas sim heterog\u00eaneos. S\u00e3o m\u00faltiplas facetas que se tem ali dentro da luta do movimento negro. A representatividade que eu trago atrav\u00e9s da minha fala e corpo \u00e9, inclusive, a minha territorialidade, pois enquanto mulher amaz\u00f4nica trago a visibilidade de uma Amaz\u00f4nia negra. N\u00f3s temos uma popula\u00e7\u00e3o autodeclarada como negra [e parda] aqui na <a href=\"https:\/\/bit.ly\/3n9yL4A\" target=\"_blank\" rel=\"noopener\">Amaz\u00f4nia de 71,9%<\/a>. Ent\u00e3o, minha participa\u00e7\u00e3o na Coaliz\u00e3o traz esta voz que fala deste lugar: de mulher cis negra l\u00e9sbica que traz para o debate a pauta da sexualidade para a gente tamb\u00e9m debater e combater a LGBTfobia que ainda existe na sociedade e dentro do movimento negro.&#8221;<\/p><\/blockquote>\n<h3>Nenhum Passo Atr\u00e1s<\/h3>\n<p>Para todas as vozes da Coaliz\u00e3o Negra Por Direitos, o racismo e a falta de igualdade racial no Brasil \u00e9 secular, por\u00e9m, <a href=\"http:\/\/bit.ly\/32Sscwc\">a partir do governo atual<\/a> o quadro racista <a href=\"http:\/\/bit.ly\/2LiEcRo\" target=\"_blank\" rel=\"noopener\">avan\u00e7ou em pr\u00e1ticas pol\u00edticas concretas<\/a>, como <a href=\"http:\/\/bit.ly\/32Sscwc\" target=\"_blank\" rel=\"noopener\">por exemplo<\/a>: o corte em 2019, da verba destinada para comunidades quilombolas e da redu\u00e7\u00e3o do financiamento ao programa de Enfrentamento ao Racismo e Promo\u00e7\u00e3o da Igualdade Racial.<\/p>\n<p>Por isso, as vozes das diferentes frentes dos movimentos negros no Brasil est\u00e3o em coaliz\u00e3o (pacto pol\u00edtico) para gritar que com racismo n\u00e3o h\u00e1 democracia e lutar por uma democracia antirracista. \u00c9 preciso que todos os setores da sociedade &#8220;sejam coerentes&#8221; e &#8220;pratiquem o que discursam&#8221;, conforme mais uma vez aponta no manifesto antirracista lan\u00e7ado em 31 de dezembro.<\/p>\n<figure id=\"attachment_52736\" aria-describedby=\"caption-attachment-52736\" style=\"width: 620px\" class=\"wp-caption aligncenter\"><a href=\"https:\/\/rioonwatch.org.br\/wp-content\/uploads\/2020\/12\/arte-colaizao-negra.png\"><img loading=\"lazy\" decoding=\"async\" class=\"wp-image-52736 size-medium\" src=\"https:\/\/rioonwatch.org.br\/wp-content\/uploads\/2020\/12\/arte-colaizao-negra-620x620.png\" alt=\"Arte original da mat\u00e9ria por Raquel Batista\" width=\"620\" height=\"620\" srcset=\"https:\/\/rioonwatch.org.br\/wp-content\/uploads\/2020\/12\/arte-colaizao-negra-620x620.png 620w, https:\/\/rioonwatch.org.br\/wp-content\/uploads\/2020\/12\/arte-colaizao-negra-264x264.png 264w, https:\/\/rioonwatch.org.br\/wp-content\/uploads\/2020\/12\/arte-colaizao-negra.png 768w\" sizes=\"(max-width: 620px) 100vw, 620px\" \/><\/a><figcaption id=\"caption-attachment-52736\" class=\"wp-caption-text\">Arte original da mat\u00e9ria por Raquel Batista<\/figcaption><\/figure>\n<p><em>Sobre a autora: <a href=\"https:\/\/bit.ly\/3o2YA7Q\" target=\"_blank\" rel=\"noopener\">Tatiana Lima<\/a> \u00e9 jornalista e comunicadora popular de cora\u00e7\u00e3o. Feminista negra, integrante do <a href=\"https:\/\/bit.ly\/3mZf3bS\" target=\"_blank\" rel=\"noopener\">Grupo de Pesquisa Pesquisadores Em Movimento<\/a> do Complexo do Alem\u00e3o, atua como rep\u00f3rter e gerenciadora de Redes do RioOnWatch. Cria de favela, negra de pele clara, mora no asfalto perif\u00e9rico do sub\u00farbio do Rio e \u00e9 doutoranda em comunica\u00e7\u00e3o pela <a href=\"http:\/\/bit.ly\/3h2kC6O\">UFF<\/a>.\u00a0<\/em><\/p>\n<p><em>Sobre a artista visual: <a href=\"https:\/\/bit.ly\/3hw17Vu\" target=\"_blank\" rel=\"noopener\">Raquel Batista<\/a> \u00e9 artista visual e <a href=\"https:\/\/bit.ly\/2WWA8Jd\" target=\"_blank\" rel=\"noopener\">trabalha como fot\u00f3grafa<\/a> e <a href=\"https:\/\/bit.ly\/2JzGE5K\" target=\"_blank\" rel=\"noopener\">ilustradora<\/a>. \u00c9 estudante na Escola de Belas Artes da <a href=\"http:\/\/bit.ly\/2KgADIe\" target=\"_blank\" rel=\"noopener\">UFRJ<\/a>, mulher negra e moradora da <a href=\"http:\/\/bit.ly\/2x3k8bw\" target=\"_blank\" rel=\"noopener\">Zona Oeste<\/a> do Rio.\u00a0<\/em><\/p>\n<p><em>Esta \u00e9 a segunda mat\u00e9ria de uma <a href=\"https:\/\/bit.ly\/CoalizaoNegra\" target=\"_blank\" rel=\"noopener\">s\u00e9rie de quatro sobre a Coaliz\u00e3o Negra por Direitos<\/a>\u00a0e d\u00e1 in\u00edcio a uma <a href=\"http:\/\/bit.ly\/DesenraizandoRacismo\" target=\"_blank\" rel=\"noopener\">s\u00e9rie de mat\u00e9rias do projeto antirracista do RioOnWatch<\/a>. Conhe\u00e7a o nosso projeto que trouxe conte\u00fados midi\u00e1ticos semanais ao longo de 2021\u2014<i><a href=\"http:\/\/bit.ly\/EnraizandoIntro\" target=\"_blank\" rel=\"noopener\">Enraizando o Antirracismo nas Favelas: Desconstruindo Narrativas Sociais sobre Racismo no Rio de Janeiro<\/a>.\u00a0<\/i><\/em><\/p>\n<h4><b data-stringify-type=\"bold\">Compartilhe com a gente a sua opini\u00e3o sobre essa mat\u00e9ria\u00a0<\/b><b data-stringify-type=\"bold\"><a class=\"c-link\" href=\"https:\/\/bit.ly\/OpineAntirracismo\" target=\"_blank\" rel=\"noopener noreferrer\" data-stringify-link=\"https:\/\/docs.google.com\/forms\/d\/e\/1FAIpQLSc6PJwxQ0eapYlfSfsr8fyibg8ODzXKpGhJjXe2-8Bbxrtp1g\/viewform\" data-sk=\"tooltip_parent\">clicando aqui<\/a>.<\/b><\/h4>\n<hr \/>\n<h4><strong>Apoie nossos esfor\u00e7os para fornecer assist\u00eancia estrat\u00e9gica \u00e0s favelas do Rio, incluindo o jornalismo hiperlocal, cr\u00edtico, inovador e incans\u00e1vel do\u00a0<em>RioOnWatch<\/em><\/strong>\u2014<a href=\"http:\/\/bit.ly\/CatalisandoComunidades\">doe aqui<\/a>.<\/h4>\n<!-- AddThis Advanced Settings generic via filter on the_content --><!-- AddThis Share Buttons generic via filter on the_content -->","protected":false},"excerpt":{"rendered":"<div class=\"mh-excerpt\"><p>Click Here for English Esta \u00e9 a segunda mat\u00e9ria de uma s\u00e9rie de quatro sobre a Coaliz\u00e3o Negra por Direitos\u00a0e d\u00e1 in\u00edcio a uma s\u00e9rie de mat\u00e9rias do projeto antirracista do RioOnWatch. Conhe\u00e7a o nosso <a class=\"mh-excerpt-more\" href=\"https:\/\/rioonwatch.org.br\/?p=52798\" title=\"O Movimento Negro Organizado Hoje: Vozes da Coaliz\u00e3o Negra Por Direitos\">[&#8230;]<\/a><!-- AddThis Advanced Settings generic via filter on get_the_excerpt --><!-- AddThis Share Buttons generic via filter on get_the_excerpt --><\/p>\n<\/div>","protected":false},"author":165,"featured_media":52813,"comment_status":"closed","ping_status":"closed","sticky":false,"template":"","format":"standard","meta":{"_acf_changed":false,"_monsterinsights_skip_tracking":false,"_monsterinsights_sitenote_active":false,"_monsterinsights_sitenote_note":"","_monsterinsights_sitenote_category":0,"footnotes":""},"categories":[2753,1621,1612,342],"tags":[2616,3253,2954,1564,479,42,2546,1837,2269,1398,2033,2151,838,126,1545,998,2974,2976,2037,2153,2193,1810,184],"writer":[2800],"translator":[],"source":[],"ilustrador":[3101],"fotografo":[],"class_list":{"0":"post-52798","1":"post","2":"type-post","3":"status-publish","4":"format-standard","5":"has-post-thumbnail","7":"category-covid19nasfavelas","8":"category-destaque","9":"category-sociedade-civil","10":"category-solucoes","11":"tag-amazonia","12":"tag-antirracismo","13":"tag-coalizao-negra-por-direitos","14":"tag-congresso","15":"tag-democracia","16":"tag-genero","17":"tag-igreja-evangelica","18":"tag-impeachment","19":"tag-jair-bolsonaro","20":"tag-lgbt","21":"tag-marielle-franco","22":"tag-oab","23":"tag-politica-publica","24":"tag-preconceito","25":"tag-puc","26":"tag-sao-paulo","27":"tag-serie-antirracismo","28":"tag-serie-coalizacao-negra","29":"tag-uerj","30":"tag-uff","31":"tag-ufrj","32":"tag-video","33":"tag-zona-oeste","34":"writer-tatiana-lima","35":"ilustrador-raquel-batista"},"acf":[],"yoast_head":"<!-- This site is optimized with the Yoast SEO plugin v25.6 - https:\/\/yoast.com\/wordpress\/plugins\/seo\/ -->\n<title>O Movimento Negro Organizado Hoje: Vozes da Coaliz\u00e3o Negra Por Direitos - RioOnWatch<\/title>\n<meta name=\"robots\" content=\"index, follow, max-snippet:-1, max-image-preview:large, max-video-preview:-1\" \/>\n<link rel=\"canonical\" href=\"https:\/\/rioonwatch.org.br\/?p=52798\" \/>\n<meta property=\"og:locale\" content=\"pt_BR\" \/>\n<meta property=\"og:type\" content=\"article\" \/>\n<meta property=\"og:title\" content=\"O Movimento Negro Organizado Hoje: Vozes da Coaliz\u00e3o Negra Por Direitos - RioOnWatch\" \/>\n<meta property=\"og:description\" content=\"Click Here for English Esta \u00e9 a segunda mat\u00e9ria de uma s\u00e9rie de quatro sobre a Coaliz\u00e3o Negra por Direitos\u00a0e d\u00e1 in\u00edcio a uma s\u00e9rie de mat\u00e9rias do projeto antirracista do RioOnWatch. Conhe\u00e7a o nosso [...]\" \/>\n<meta property=\"og:url\" content=\"https:\/\/rioonwatch.org.br\/?p=52798\" \/>\n<meta property=\"og:site_name\" content=\"RioOnWatch\" \/>\n<meta property=\"article:published_time\" content=\"2021-01-06T17:03:51+00:00\" \/>\n<meta property=\"article:modified_time\" content=\"2024-05-24T15:34:31+00:00\" \/>\n<meta property=\"og:image\" content=\"https:\/\/rioonwatch.org.br\/wp-content\/uploads\/2020\/12\/RIOONWATCH3.png\" \/>\n\t<meta property=\"og:image:width\" content=\"1804\" \/>\n\t<meta property=\"og:image:height\" content=\"768\" \/>\n\t<meta property=\"og:image:type\" content=\"image\/png\" \/>\n<meta name=\"author\" content=\"Tatiana Lima\" \/>\n<meta name=\"twitter:card\" content=\"summary_large_image\" \/>\n<meta name=\"twitter:label1\" content=\"Escrito por\" \/>\n\t<meta name=\"twitter:data1\" content=\"Tatiana Lima\" \/>\n\t<meta name=\"twitter:label2\" content=\"Est. tempo de leitura\" \/>\n\t<meta name=\"twitter:data2\" content=\"11 minutos\" \/>\n<script type=\"application\/ld+json\" class=\"yoast-schema-graph\">{\"@context\":\"https:\/\/schema.org\",\"@graph\":[{\"@type\":\"Article\",\"@id\":\"https:\/\/rioonwatch.org.br\/?p=52798#article\",\"isPartOf\":{\"@id\":\"https:\/\/rioonwatch.org.br\/?p=52798\"},\"author\":{\"name\":\"Tatiana Lima\",\"@id\":\"https:\/\/rioonwatch.org.br\/#\/schema\/person\/8fde974ee24e219acc413d63393ec551\"},\"headline\":\"O Movimento Negro Organizado Hoje: Vozes da Coaliz\u00e3o Negra Por Direitos\",\"datePublished\":\"2021-01-06T17:03:51+00:00\",\"dateModified\":\"2024-05-24T15:34:31+00:00\",\"mainEntityOfPage\":{\"@id\":\"https:\/\/rioonwatch.org.br\/?p=52798\"},\"wordCount\":2265,\"publisher\":{\"@id\":\"https:\/\/rioonwatch.org.br\/#organization\"},\"image\":{\"@id\":\"https:\/\/rioonwatch.org.br\/?p=52798#primaryimage\"},\"thumbnailUrl\":\"https:\/\/rioonwatch.org.br\/wp-content\/uploads\/2020\/12\/RIOONWATCH3.png\",\"keywords\":[\"Amaz\u00f4nia\",\"Antirracismo\",\"Coaliz\u00e3o Negra por Direitos\",\"Congresso\",\"Democracia\",\"g\u00eanero\",\"igreja evang\u00e9lica\",\"impeachment\",\"Jair Bolsonaro\",\"LGBTQIAPN+\",\"Marielle Franco\",\"OAB\",\"pol\u00edtica p\u00fablica\",\"preconceito\",\"PUC\",\"S\u00e3o Paulo\",\"S\u00e9rie: Antirracismo\",\"S\u00e9rie: Coaliza\u00e7\u00e3o Negra\",\"UERJ\",\"UFF\",\"UFRJ\",\"v\u00eddeo\",\"Zona Oeste\"],\"articleSection\":[\"#Covid19NasFavelas\",\"*Destaque\",\"Sociedade Civil\",\"Solu\u00e7\u00f5es\"],\"inLanguage\":\"pt-BR\"},{\"@type\":\"WebPage\",\"@id\":\"https:\/\/rioonwatch.org.br\/?p=52798\",\"url\":\"https:\/\/rioonwatch.org.br\/?p=52798\",\"name\":\"O Movimento Negro Organizado Hoje: Vozes da Coaliz\u00e3o Negra Por Direitos - RioOnWatch\",\"isPartOf\":{\"@id\":\"https:\/\/rioonwatch.org.br\/#website\"},\"primaryImageOfPage\":{\"@id\":\"https:\/\/rioonwatch.org.br\/?p=52798#primaryimage\"},\"image\":{\"@id\":\"https:\/\/rioonwatch.org.br\/?p=52798#primaryimage\"},\"thumbnailUrl\":\"https:\/\/rioonwatch.org.br\/wp-content\/uploads\/2020\/12\/RIOONWATCH3.png\",\"datePublished\":\"2021-01-06T17:03:51+00:00\",\"dateModified\":\"2024-05-24T15:34:31+00:00\",\"breadcrumb\":{\"@id\":\"https:\/\/rioonwatch.org.br\/?p=52798#breadcrumb\"},\"inLanguage\":\"pt-BR\",\"potentialAction\":[{\"@type\":\"ReadAction\",\"target\":[\"https:\/\/rioonwatch.org.br\/?p=52798\"]}]},{\"@type\":\"ImageObject\",\"inLanguage\":\"pt-BR\",\"@id\":\"https:\/\/rioonwatch.org.br\/?p=52798#primaryimage\",\"url\":\"https:\/\/rioonwatch.org.br\/wp-content\/uploads\/2020\/12\/RIOONWATCH3.png\",\"contentUrl\":\"https:\/\/rioonwatch.org.br\/wp-content\/uploads\/2020\/12\/RIOONWATCH3.png\",\"width\":1804,\"height\":768,\"caption\":\"Arte original por Raquel Batista\"},{\"@type\":\"BreadcrumbList\",\"@id\":\"https:\/\/rioonwatch.org.br\/?p=52798#breadcrumb\",\"itemListElement\":[{\"@type\":\"ListItem\",\"position\":1,\"name\":\"In\u00edcio\",\"item\":\"https:\/\/rioonwatch.org.br\/\"},{\"@type\":\"ListItem\",\"position\":2,\"name\":\"O Movimento Negro Organizado Hoje: Vozes da Coaliz\u00e3o Negra Por Direitos\"}]},{\"@type\":\"WebSite\",\"@id\":\"https:\/\/rioonwatch.org.br\/#website\",\"url\":\"https:\/\/rioonwatch.org.br\/\",\"name\":\"RioOnWatch\",\"description\":\"relatos das favelas cariocas\",\"publisher\":{\"@id\":\"https:\/\/rioonwatch.org.br\/#organization\"},\"potentialAction\":[{\"@type\":\"SearchAction\",\"target\":{\"@type\":\"EntryPoint\",\"urlTemplate\":\"https:\/\/rioonwatch.org.br\/?s={search_term_string}\"},\"query-input\":{\"@type\":\"PropertyValueSpecification\",\"valueRequired\":true,\"valueName\":\"search_term_string\"}}],\"inLanguage\":\"pt-BR\"},{\"@type\":\"Organization\",\"@id\":\"https:\/\/rioonwatch.org.br\/#organization\",\"name\":\"RioOnWatch\",\"url\":\"https:\/\/rioonwatch.org.br\/\",\"logo\":{\"@type\":\"ImageObject\",\"inLanguage\":\"pt-BR\",\"@id\":\"https:\/\/rioonwatch.org.br\/#\/schema\/logo\/image\/\",\"url\":\"https:\/\/rioonwatch.org.br\/wp-content\/uploads\/2021\/06\/RioOnWatchcabecalhoPT11anos-2.png\",\"contentUrl\":\"https:\/\/rioonwatch.org.br\/wp-content\/uploads\/2021\/06\/RioOnWatchcabecalhoPT11anos-2.png\",\"width\":779,\"height\":277,\"caption\":\"RioOnWatch\"},\"image\":{\"@id\":\"https:\/\/rioonwatch.org.br\/#\/schema\/logo\/image\/\"}},{\"@type\":\"Person\",\"@id\":\"https:\/\/rioonwatch.org.br\/#\/schema\/person\/8fde974ee24e219acc413d63393ec551\",\"name\":\"Tatiana Lima\",\"image\":{\"@type\":\"ImageObject\",\"inLanguage\":\"pt-BR\",\"@id\":\"https:\/\/rioonwatch.org.br\/#\/schema\/person\/image\/\",\"url\":\"https:\/\/secure.gravatar.com\/avatar\/5fb587d000e124a9d6aae50aec42d39e?s=96&d=blank&r=g\",\"contentUrl\":\"https:\/\/secure.gravatar.com\/avatar\/5fb587d000e124a9d6aae50aec42d39e?s=96&d=blank&r=g\",\"caption\":\"Tatiana Lima\"},\"url\":\"https:\/\/rioonwatch.org.br\/?author=165\"}]}<\/script>\n<!-- \/ Yoast SEO plugin. -->","yoast_head_json":{"title":"O Movimento Negro Organizado Hoje: Vozes da Coaliz\u00e3o Negra Por Direitos - RioOnWatch","robots":{"index":"index","follow":"follow","max-snippet":"max-snippet:-1","max-image-preview":"max-image-preview:large","max-video-preview":"max-video-preview:-1"},"canonical":"https:\/\/rioonwatch.org.br\/?p=52798","og_locale":"pt_BR","og_type":"article","og_title":"O Movimento Negro Organizado Hoje: Vozes da Coaliz\u00e3o Negra Por Direitos - RioOnWatch","og_description":"Click Here for English Esta \u00e9 a segunda mat\u00e9ria de uma s\u00e9rie de quatro sobre a Coaliz\u00e3o Negra por Direitos\u00a0e d\u00e1 in\u00edcio a uma s\u00e9rie de mat\u00e9rias do projeto antirracista do RioOnWatch. Conhe\u00e7a o nosso [...]","og_url":"https:\/\/rioonwatch.org.br\/?p=52798","og_site_name":"RioOnWatch","article_published_time":"2021-01-06T17:03:51+00:00","article_modified_time":"2024-05-24T15:34:31+00:00","og_image":[{"width":1804,"height":768,"url":"https:\/\/rioonwatch.org.br\/wp-content\/uploads\/2020\/12\/RIOONWATCH3.png","type":"image\/png"}],"author":"Tatiana Lima","twitter_card":"summary_large_image","twitter_misc":{"Escrito por":"Tatiana Lima","Est. tempo de leitura":"11 minutos"},"schema":{"@context":"https:\/\/schema.org","@graph":[{"@type":"Article","@id":"https:\/\/rioonwatch.org.br\/?p=52798#article","isPartOf":{"@id":"https:\/\/rioonwatch.org.br\/?p=52798"},"author":{"name":"Tatiana Lima","@id":"https:\/\/rioonwatch.org.br\/#\/schema\/person\/8fde974ee24e219acc413d63393ec551"},"headline":"O Movimento Negro Organizado Hoje: Vozes da Coaliz\u00e3o Negra Por Direitos","datePublished":"2021-01-06T17:03:51+00:00","dateModified":"2024-05-24T15:34:31+00:00","mainEntityOfPage":{"@id":"https:\/\/rioonwatch.org.br\/?p=52798"},"wordCount":2265,"publisher":{"@id":"https:\/\/rioonwatch.org.br\/#organization"},"image":{"@id":"https:\/\/rioonwatch.org.br\/?p=52798#primaryimage"},"thumbnailUrl":"https:\/\/rioonwatch.org.br\/wp-content\/uploads\/2020\/12\/RIOONWATCH3.png","keywords":["Amaz\u00f4nia","Antirracismo","Coaliz\u00e3o Negra por Direitos","Congresso","Democracia","g\u00eanero","igreja evang\u00e9lica","impeachment","Jair Bolsonaro","LGBTQIAPN+","Marielle Franco","OAB","pol\u00edtica p\u00fablica","preconceito","PUC","S\u00e3o Paulo","S\u00e9rie: Antirracismo","S\u00e9rie: Coaliza\u00e7\u00e3o Negra","UERJ","UFF","UFRJ","v\u00eddeo","Zona Oeste"],"articleSection":["#Covid19NasFavelas","*Destaque","Sociedade Civil","Solu\u00e7\u00f5es"],"inLanguage":"pt-BR"},{"@type":"WebPage","@id":"https:\/\/rioonwatch.org.br\/?p=52798","url":"https:\/\/rioonwatch.org.br\/?p=52798","name":"O Movimento Negro Organizado Hoje: Vozes da Coaliz\u00e3o Negra Por Direitos - RioOnWatch","isPartOf":{"@id":"https:\/\/rioonwatch.org.br\/#website"},"primaryImageOfPage":{"@id":"https:\/\/rioonwatch.org.br\/?p=52798#primaryimage"},"image":{"@id":"https:\/\/rioonwatch.org.br\/?p=52798#primaryimage"},"thumbnailUrl":"https:\/\/rioonwatch.org.br\/wp-content\/uploads\/2020\/12\/RIOONWATCH3.png","datePublished":"2021-01-06T17:03:51+00:00","dateModified":"2024-05-24T15:34:31+00:00","breadcrumb":{"@id":"https:\/\/rioonwatch.org.br\/?p=52798#breadcrumb"},"inLanguage":"pt-BR","potentialAction":[{"@type":"ReadAction","target":["https:\/\/rioonwatch.org.br\/?p=52798"]}]},{"@type":"ImageObject","inLanguage":"pt-BR","@id":"https:\/\/rioonwatch.org.br\/?p=52798#primaryimage","url":"https:\/\/rioonwatch.org.br\/wp-content\/uploads\/2020\/12\/RIOONWATCH3.png","contentUrl":"https:\/\/rioonwatch.org.br\/wp-content\/uploads\/2020\/12\/RIOONWATCH3.png","width":1804,"height":768,"caption":"Arte original por Raquel Batista"},{"@type":"BreadcrumbList","@id":"https:\/\/rioonwatch.org.br\/?p=52798#breadcrumb","itemListElement":[{"@type":"ListItem","position":1,"name":"In\u00edcio","item":"https:\/\/rioonwatch.org.br\/"},{"@type":"ListItem","position":2,"name":"O Movimento Negro Organizado Hoje: Vozes da Coaliz\u00e3o Negra Por Direitos"}]},{"@type":"WebSite","@id":"https:\/\/rioonwatch.org.br\/#website","url":"https:\/\/rioonwatch.org.br\/","name":"RioOnWatch","description":"relatos das favelas cariocas","publisher":{"@id":"https:\/\/rioonwatch.org.br\/#organization"},"potentialAction":[{"@type":"SearchAction","target":{"@type":"EntryPoint","urlTemplate":"https:\/\/rioonwatch.org.br\/?s={search_term_string}"},"query-input":{"@type":"PropertyValueSpecification","valueRequired":true,"valueName":"search_term_string"}}],"inLanguage":"pt-BR"},{"@type":"Organization","@id":"https:\/\/rioonwatch.org.br\/#organization","name":"RioOnWatch","url":"https:\/\/rioonwatch.org.br\/","logo":{"@type":"ImageObject","inLanguage":"pt-BR","@id":"https:\/\/rioonwatch.org.br\/#\/schema\/logo\/image\/","url":"https:\/\/rioonwatch.org.br\/wp-content\/uploads\/2021\/06\/RioOnWatchcabecalhoPT11anos-2.png","contentUrl":"https:\/\/rioonwatch.org.br\/wp-content\/uploads\/2021\/06\/RioOnWatchcabecalhoPT11anos-2.png","width":779,"height":277,"caption":"RioOnWatch"},"image":{"@id":"https:\/\/rioonwatch.org.br\/#\/schema\/logo\/image\/"}},{"@type":"Person","@id":"https:\/\/rioonwatch.org.br\/#\/schema\/person\/8fde974ee24e219acc413d63393ec551","name":"Tatiana Lima","image":{"@type":"ImageObject","inLanguage":"pt-BR","@id":"https:\/\/rioonwatch.org.br\/#\/schema\/person\/image\/","url":"https:\/\/secure.gravatar.com\/avatar\/5fb587d000e124a9d6aae50aec42d39e?s=96&d=blank&r=g","contentUrl":"https:\/\/secure.gravatar.com\/avatar\/5fb587d000e124a9d6aae50aec42d39e?s=96&d=blank&r=g","caption":"Tatiana Lima"},"url":"https:\/\/rioonwatch.org.br\/?author=165"}]}},"_links":{"self":[{"href":"https:\/\/rioonwatch.org.br\/index.php?rest_route=\/wp\/v2\/posts\/52798"}],"collection":[{"href":"https:\/\/rioonwatch.org.br\/index.php?rest_route=\/wp\/v2\/posts"}],"about":[{"href":"https:\/\/rioonwatch.org.br\/index.php?rest_route=\/wp\/v2\/types\/post"}],"author":[{"embeddable":true,"href":"https:\/\/rioonwatch.org.br\/index.php?rest_route=\/wp\/v2\/users\/165"}],"replies":[{"embeddable":true,"href":"https:\/\/rioonwatch.org.br\/index.php?rest_route=%2Fwp%2Fv2%2Fcomments&post=52798"}],"version-history":[{"count":59,"href":"https:\/\/rioonwatch.org.br\/index.php?rest_route=\/wp\/v2\/posts\/52798\/revisions"}],"predecessor-version":[{"id":60555,"href":"https:\/\/rioonwatch.org.br\/index.php?rest_route=\/wp\/v2\/posts\/52798\/revisions\/60555"}],"wp:featuredmedia":[{"embeddable":true,"href":"https:\/\/rioonwatch.org.br\/index.php?rest_route=\/wp\/v2\/media\/52813"}],"wp:attachment":[{"href":"https:\/\/rioonwatch.org.br\/index.php?rest_route=%2Fwp%2Fv2%2Fmedia&parent=52798"}],"wp:term":[{"taxonomy":"category","embeddable":true,"href":"https:\/\/rioonwatch.org.br\/index.php?rest_route=%2Fwp%2Fv2%2Fcategories&post=52798"},{"taxonomy":"post_tag","embeddable":true,"href":"https:\/\/rioonwatch.org.br\/index.php?rest_route=%2Fwp%2Fv2%2Ftags&post=52798"},{"taxonomy":"writer","embeddable":true,"href":"https:\/\/rioonwatch.org.br\/index.php?rest_route=%2Fwp%2Fv2%2Fwriter&post=52798"},{"taxonomy":"translator","embeddable":true,"href":"https:\/\/rioonwatch.org.br\/index.php?rest_route=%2Fwp%2Fv2%2Ftranslator&post=52798"},{"taxonomy":"source","embeddable":true,"href":"https:\/\/rioonwatch.org.br\/index.php?rest_route=%2Fwp%2Fv2%2Fsource&post=52798"},{"taxonomy":"ilustrador","embeddable":true,"href":"https:\/\/rioonwatch.org.br\/index.php?rest_route=%2Fwp%2Fv2%2Filustrador&post=52798"},{"taxonomy":"fotografo","embeddable":true,"href":"https:\/\/rioonwatch.org.br\/index.php?rest_route=%2Fwp%2Fv2%2Ffotografo&post=52798"}],"curies":[{"name":"wp","href":"https:\/\/api.w.org\/{rel}","templated":true}]}}