{"id":52815,"date":"2021-01-05T13:26:42","date_gmt":"2021-01-05T16:26:42","guid":{"rendered":"https:\/\/rioonwatch.org.br\/?p=52815"},"modified":"2021-07-09T15:06:30","modified_gmt":"2021-07-09T18:06:30","slug":"a-inseguranca-energetica-no-salgueiro-em-sao-goncalo-justicaenergetica","status":"publish","type":"post","link":"https:\/\/rioonwatch.org.br\/?p=52815","title":{"rendered":"A Inseguran\u00e7a Energ\u00e9tica no Salgueiro, em S\u00e3o Gon\u00e7alo #Justi\u00e7aEnerg\u00e9tica"},"content":{"rendered":"<p style=\"text-align: right;\"><em><strong><a href=\"http:\/\/bit.ly\/35WkxhI\" target=\"_blank\" rel=\"noopener noreferrer\">Click Here for English<\/a><a href=\"http:\/\/bit.ly\/35WkxhI\" target=\"_blank\" rel=\"noopener noreferrer\"><img decoding=\"async\" class=\"alignright wp-image-15790\" src=\"https:\/\/rioonwatch.org.br\/wp-content\/uploads\/2012\/08\/EN-standard-e1439583104716.jpg\" width=\"20\" height=\"20\" \/><\/a><\/strong><\/em><\/p>\n<p><em>Este relato traz a viv\u00eancia e as reflex\u00f5es de um jovem morador do Complexo do Salgueiro sobre a precariedade do fornecimento de energia em sua comunidade. Faz parte de uma <a href=\"http:\/\/bit.ly\/JusticaEnergeticaNasFavelas\" target=\"_blank\" rel=\"noopener\">s\u00e9rie sobre justi\u00e7a e efici\u00eancia energ\u00e9tica nas favelas<\/a> do Rio. \u00a0A mat\u00e9ria tamb\u00e9m f<i data-stringify-type=\"italic\">az parte de\u00a0<a href=\"https:\/\/bit.ly\/ROWeNECLES\" target=\"_blank\" rel=\"noopener noreferrer\">uma parceria<\/a> com o <a href=\"https:\/\/bit.ly\/33EFNGY\" target=\"_blank\" rel=\"noopener noreferrer\">N\u00facleo de Estudos Cr\u00edticos em Linguagem, Educa\u00e7\u00e3o e Sociedade (NECLES)<\/a>, da UFF, para que seja utilizada como um recurso pedag\u00f3gico em escolas p\u00fablicas de Niter\u00f3i.<\/i><\/em><\/p>\n<p><span style=\"font-weight: 400;\">Quem est\u00e1 na ponta e sofre com a desigualdade socioecon\u00f4mica, entende que a realidade do seu local de moradia \u00e9 diferente em compara\u00e7\u00e3o a de lugares ricos. Sou morador de favela desde quando eu nasci, presenciei e at\u00e9 hoje sofro na pele o abandono da popula\u00e7\u00e3o de baixa renda e vejo que essa quest\u00e3o fundamental, que s\u00f3 acirra a desigualdade, deve ser pautada na sociedade. <\/span><\/p>\n<p><span style=\"font-weight: 400;\">Eu moro no <a href=\"http:\/\/bit.ly\/2X5eLqH\">Complexo do Salgueiro<\/a>, <a href=\"http:\/\/bit.ly\/2KWOFkm\" target=\"_blank\" rel=\"noopener\">S\u00e3o Gon\u00e7alo<\/a>, e sempre enfrentei muitos desafios por in\u00fameros motivos, e um deles \u00e9 o fato de viver sem as garantias de direitos b\u00e1sicos. A <a href=\"http:\/\/bit.ly\/2L50J4b\" target=\"_blank\" rel=\"noopener\">precariedade dos servi\u00e7os prestados<\/a> nas favelas \u00e9 uma amea\u00e7a cr\u00f4nica a uma boa condi\u00e7\u00e3o de vida. Falar sobre a seguran\u00e7a energ\u00e9tica nas favelas, a falta de energia el\u00e9trica, e os impactos da aus\u00eancia deste servi\u00e7o para as pessoas em situa\u00e7\u00e3o de vulnerabilidade social se faz necess\u00e1rio e urgente.\u00a0<\/span><\/p>\n<p><a href=\"https:\/\/rioonwatch.org.br\/wp-content\/uploads\/2020\/12\/Salgueiro.jpg\"><img fetchpriority=\"high\" decoding=\"async\" class=\"aligncenter wp-image-52847 size-content\" title=\"Salgueiro Foto: Divulga\u00e7\u00e3o \/ O S\u00e3o Gon\u00e7alo\" src=\"https:\/\/rioonwatch.org.br\/wp-content\/uploads\/2020\/12\/Salgueiro-620x264.jpg\" alt=\"\" width=\"620\" height=\"264\" \/><\/a><\/p>\n<p><span style=\"font-weight: 400;\">Diversas s\u00e3o as lembran\u00e7as que tenho da minha experi\u00eancia com a falta de luz: de repente as l\u00e2mpadas ficavam todas apagadas, minha m\u00e3e rapidamente acendia as velas para clarear os c\u00f4modos da casa. Para quem sofre constantemente com a queda de energia, n\u00e3o podem faltar velas para iluminar as resid\u00eancias em meio \u00e0 escurid\u00e3o, mesmo em um tempo t\u00e3o \u201cmoderno\u201d. Nestes momentos, a minha fam\u00edlia se reunia na cal\u00e7ada junto com a vizinhan\u00e7a \u00e0 luz do luar, e assim fic\u00e1vamos por horas nos entretendo com brincadeiras, m\u00fasicas e hist\u00f3rias, \u00e0 espera da energia el\u00e9trica voltar.<\/span><\/p>\n<p><span style=\"font-weight: 400;\">Apesar do momento agrad\u00e1vel compartilhado em comunidade, no final das contas a viv\u00eancia \u00e9 muito dif\u00edcil. Popularmente chamada de \u201cqueda de luz\u201d, essa quest\u00e3o j\u00e1 faz parte da rotina de muitos, e a bastante tempo. A invisibilidade dos mais pobres resulta em in\u00fameras fam\u00edlias, no escuro, no calor, sem alimentos refrigerados e a \u00e1gua gelada. E em plena \u00e9poca em que a <a href=\"http:\/\/bit.ly\/3h9MsPN\" target=\"_blank\" rel=\"noopener\">internet se torna cada vez mais importante<\/a>, a conex\u00e3o \u00e9 interrompida, impossibilitando a gente de <a href=\"http:\/\/bit.ly\/30mm3ar\" target=\"_blank\" rel=\"noopener\">utilizar esse meio digital para estudar<\/a>, trabalhar e navegar nas redes sociais. Tais viv\u00eancias e realidades aumentam as dificuldades da rotina di\u00e1ria daqueles que j\u00e1 s\u00e3o marcados pelo medo, fome, e desamparo. Infelizmente, o desemprego no Brasil s\u00f3 cresce, e isso atinge diretamente essa parcela da popula\u00e7\u00e3o.<\/span><\/p>\n<p><a href=\"https:\/\/rioonwatch.org.br\/wp-content\/uploads\/2020\/12\/Seguranca-energetica-lar-no-Salgueiro.jpg\"><img decoding=\"async\" class=\"aligncenter wp-image-52830 size-content\" title=\"Detalhes de busca por luz em uma moradia no Salgueiro. Foto: Gabriel dos Santos Pereira Lima\" src=\"https:\/\/rioonwatch.org.br\/wp-content\/uploads\/2020\/12\/Seguranca-energetica-lar-no-Salgueiro-620x264.jpg\" alt=\"\" width=\"620\" height=\"264\" \/><\/a><\/p>\n<blockquote><p>&#8220;A falta de luz na minha vida \u00e9 apavorante, porque eu n\u00e3o gosto de ficar no escuro. \u00c9 muito ruim. Al\u00e9m do calor, n\u00f3s temos que enfrentar as picadas dos pernilongos, afeta a qualidade do sono, e estraga o pouco de alimento que tem na geladeira.&#8221; &#8211; Ant\u00f4nia*, moradora antiga do Salgueiro<\/p><\/blockquote>\n<p><span style=\"font-weight: 400;\">Com a precariedade do fornecimento de luz no Salgueiro, as pessoas buscam outras formas de sobreviver, optando por uma solu\u00e7\u00e3o emergencial, utilizando <a href=\"http:\/\/bit.ly\/2WYihBC\" target=\"_blank\" rel=\"noopener\">liga\u00e7\u00f5es el\u00e9tricas clandestinas<\/a>, o famoso, \u201cgato\u201d. Os <\/span><span style=\"font-weight: 400;\">&#8220;gatos&#8221; p\u00f5e as fam\u00edlias em risco de perder o pouco que t\u00eam, e \u00e9 comum isso acontecer. A perda por queima de equipamentos como televis\u00e3o, ventilador e geladeira ocorre devido a rede estar ligada \u00e0 eletricidade de alta voltagem. Tanto por ser um direito, quanto pelos altos riscos que o n\u00e3o fornecimento de energia imp\u00f5e \u00e0s comunidades, \u00e9 fundamental o acesso seguro aos servi\u00e7os de fornecimento de energia\u2014que s\u00e3o necess\u00e1rios e devem ser garantidos pelo poder p\u00fablico para dar uma vida digna a quem sofre na pele esse problema.<\/span><\/p>\n<p><span style=\"font-weight: 400;\"><a href=\"https:\/\/rioonwatch.org.br\/wp-content\/uploads\/2020\/12\/Seguranca-energetica-no-Salgueiro-e1609359341281.jpg\"><img loading=\"lazy\" decoding=\"async\" class=\"aligncenter wp-image-52821 size-medium\" title=\"Detalhes de instala\u00e7\u00f5es el\u00e9tricas em uma moradia no Salgueiro. Foto: Gabriel dos Santos Pereira Lima\" src=\"https:\/\/rioonwatch.org.br\/wp-content\/uploads\/2020\/12\/Seguranca-energetica-no-Salgueiro-e1609359341281-620x307.jpg\" alt=\"\" width=\"620\" height=\"307\" srcset=\"https:\/\/rioonwatch.org.br\/wp-content\/uploads\/2020\/12\/Seguranca-energetica-no-Salgueiro-e1609359341281-620x307.jpg 620w, https:\/\/rioonwatch.org.br\/wp-content\/uploads\/2020\/12\/Seguranca-energetica-no-Salgueiro-e1609359341281-533x264.jpg 533w, https:\/\/rioonwatch.org.br\/wp-content\/uploads\/2020\/12\/Seguranca-energetica-no-Salgueiro-e1609359341281-768x380.jpg 768w, https:\/\/rioonwatch.org.br\/wp-content\/uploads\/2020\/12\/Seguranca-energetica-no-Salgueiro-e1609359341281.jpg 870w\" sizes=\"(max-width: 620px) 100vw, 620px\" \/><\/a><\/span><\/p>\n<blockquote><p>&#8220;O uso do gato \u00e9 prejudicial para a gente&#8230; mesmo precisando usar desse meio. N\u00f3s aderimos ao gato por n\u00e3o termos condi\u00e7\u00f5es financeiras: ou pagamos a conta de luz ou compramos comida&#8230; e quando h\u00e1 alguma queima de eletrodom\u00e9sticos, por conta disso, n\u00e3o temos [mais acesso] \u00e0 garantia de perda [do aparelho].&#8221; &#8211; Jo\u00e3o*, morador do Salgueiro<\/p><\/blockquote>\n<p><span style=\"font-weight: 400;\">Mesmo diante dessas dificuldades, uma solu\u00e7\u00e3o, j\u00e1 existente e que pode remediar esse problema, \u00e9 a <a href=\"http:\/\/bit.ly\/3o3msIi\" target=\"_blank\" rel=\"noopener\">Tarifa Social de Energia El\u00e9trica (TSEE)<\/a>. <\/span><span style=\"font-weight: 400;\">Criada pelo <a href=\"http:\/\/bit.ly\/2Xalezr\" target=\"_blank\" rel=\"noopener\">Governo Federal<\/a> para fam\u00edlias de baixa renda, o programa oferece descontos na conta de energia. &#8220;A tarifa ter\u00e1 um desconto de 65% para os primeiros 30 kWh consumidos no m\u00eas. Para o consumo de 31 a 100 kWh\/m\u00eas, o desconto ser\u00e1 de 40%. Finalmente, a parcela de consumo entre 101 e 220 kWh no m\u00eas ter\u00e1 10% de desconto&#8221;, <a href=\"http:\/\/bit.ly\/3o3msIi\" target=\"_blank\" rel=\"noopener\">informa o site da ANEEL<\/a>. No entanto, uma not\u00edcia veiculada <a href=\"http:\/\/bit.ly\/3pzVatn\" target=\"_blank\" rel=\"noopener\">no jornal <em>RJ2<\/em> da <em>TV Globo<\/em><\/a> informa que no Rio de Janeiro, 250.000 clientes da <a href=\"http:\/\/bit.ly\/30VtS7W\" target=\"_blank\" rel=\"noopener\">Light<\/a>\u00a0podem receber a TSEE, por\u00e9m n\u00e3o fizeram o pedido. Isso se deve ao fato de que apesar de existirem algumas iniciativas para promover a <a href=\"https:\/\/bit.ly\/QueEJusticaEnergetica\" target=\"_blank\" rel=\"noopener\">justi\u00e7a energ\u00e9tica<\/a>, a escassez de conhecimento sobre direitos ainda \u00e9 um obst\u00e1culo entre a popula\u00e7\u00e3o de baixa renda para ter acesso \u00e0 TSEE, dentre outros direitos.<\/span><\/p>\n<p><a href=\"https:\/\/rioonwatch.org.br\/wp-content\/uploads\/2020\/12\/Post-do-RJ2.jpg\"><img loading=\"lazy\" decoding=\"async\" class=\"aligncenter wp-image-52834 size-medium\" title=\"Imagem na p\u00e1gina do Globoplay com a reportagem do RJ2\" src=\"https:\/\/rioonwatch.org.br\/wp-content\/uploads\/2020\/12\/Post-do-RJ2-620x222.jpg\" alt=\"\" width=\"620\" height=\"222\" srcset=\"https:\/\/rioonwatch.org.br\/wp-content\/uploads\/2020\/12\/Post-do-RJ2-620x222.jpg 620w, https:\/\/rioonwatch.org.br\/wp-content\/uploads\/2020\/12\/Post-do-RJ2.jpg 720w\" sizes=\"(max-width: 620px) 100vw, 620px\" \/><\/a><\/p>\n<p><span style=\"font-weight: 400;\">A acessibilidade no fornecimento de energia el\u00e9trica de qualidade \u00e9 um dos muitos desafios nas vidas de quem mora na favela. A quest\u00e3o \u00e9 preocupante por se tratar de quem sempre \u00e9 ignorado, e nunca foi priorizado. As autoridades devem exercer suas responsabilidades, criando mais projetos de pol\u00edticas afirmativas, voltadas para tem\u00e1ticas socioecon\u00f4micas e que <a href=\"http:\/\/bit.ly\/2IqNoOI\" target=\"_blank\" rel=\"noopener\">dialoguem, ou\u00e7am e compreendam<\/a> as reais necessidades e realidades de quem vive nesses territ\u00f3rios.<\/span><\/p>\n<p><span style=\"font-weight: 400;\"><a href=\"https:\/\/rioonwatch.org.br\/wp-content\/uploads\/2020\/12\/ODS-7.png\"><img loading=\"lazy\" decoding=\"async\" class=\"alignright wp-image-52841\" title=\"Objetivo 7\" src=\"https:\/\/rioonwatch.org.br\/wp-content\/uploads\/2020\/12\/ODS-7.png\" alt=\"\" width=\"300\" height=\"300\" srcset=\"https:\/\/rioonwatch.org.br\/wp-content\/uploads\/2020\/12\/ODS-7.png 466w, https:\/\/rioonwatch.org.br\/wp-content\/uploads\/2020\/12\/ODS-7-264x264.png 264w\" sizes=\"(max-width: 300px) 100vw, 300px\" \/><\/a>Em uma sociedade mais justa e em conson\u00e2ncia com os anseios de um novo s\u00e9culo, os governantes deveriam estar atentos \u00e0 <\/span><a href=\"http:\/\/bit.ly\/3pI6tQB\" target=\"_blank\" rel=\"noopener\">Agenda 2030<\/a> para o Desenvolvimento Sustent\u00e1vel da <a href=\"http:\/\/bit.ly\/33FuSyf\" target=\"_blank\" rel=\"noopener\">ONU<\/a>\u2014que traz um plano com 17 Objetivos de Desenvolvimento Sustent\u00e1vel &#8220;para erradicar a pobreza e promover vida digna para todos, dentro dos limites do planeta&#8221;\u2014e <span style=\"font-weight: 400;\">no que diz respeito \u00e0 justi\u00e7a e seguran\u00e7a energ\u00e9tica esta aten\u00e7\u00e3o deveria estar voltada para o <\/span><span style=\"font-weight: 400;\"><a href=\"http:\/\/bit.ly\/3rIWQmv\" target=\"_blank\" rel=\"noopener\">Objetivo 7<\/a>: &#8220;energia acess\u00edvel e limpa&#8221;, o que significaria expandir a infraestrutura, modernizando ou adaptando a tecnologia para o fornecimento de servi\u00e7os de energia modernos e sustent\u00e1veis para todos, inclusive nas favelas onde esta \u00e9 uma quest\u00e3o prec\u00e1ria e desafiadora mesmo em um per\u00edodo t\u00e3o moderno e tecnol\u00f3gico.\u00a0<\/span><\/p>\n<blockquote><p>&#8220;Eu acredito que a <a href=\"http:\/\/bit.ly\/3hQLpUN\" target=\"_blank\" rel=\"noopener\">utiliza\u00e7\u00e3o de energia solar,<\/a> atrav\u00e9s da implanta\u00e7\u00e3o de placas solares nas casas da favela, poder\u00e1 ser muito ben\u00e9fica&#8230; [seria bom] oferecer palestras para os moradores sobre a conscientiza\u00e7\u00e3o do uso adequado dos eletrodom\u00e9sticos, e assegurar o acesso \u00e0 energia el\u00e9trica de qualidade para pessoas de baixa renda.&#8221; &#8211; Luciana Pereira, moradora do Salgueiro<\/p><\/blockquote>\n<p><span style=\"font-weight: 400;\">A vida nunca foi f\u00e1cil para quem sobrevive diante dos riscos que se t\u00eam em ser pobre, preto e favelado, nesse mundo das desigualdades e preconceito. O que nos resta \u00e9 batalhar para atravessar as fronteiras que impedem a gente de sonhar com um futuro, onde todos possam ter os seus direitos \u00e0 energia acess\u00edvel e limpa realizados.\u00a0<\/span><\/p>\n<p><em>*Ant\u00f4nia e Jo\u00e3o s\u00e3o nomes fict\u00edcios usados nesse relato para resguardar a identidade dos moradores que vivem no Complexo do Salgueiro.<\/em><\/p>\n<figure id=\"attachment_52947\" aria-describedby=\"caption-attachment-52947\" style=\"width: 620px\" class=\"wp-caption aligncenter\"><a href=\"https:\/\/rioonwatch.org.br\/wp-content\/uploads\/2021\/01\/Rodrigo-Binarts-arte-Inseguranc\u0327a-Energe\u0301tica.jpg\"><img loading=\"lazy\" decoding=\"async\" class=\"wp-image-52947\" src=\"https:\/\/rioonwatch.org.br\/wp-content\/uploads\/2021\/01\/Rodrigo-Binarts-arte-Inseguranc\u0327a-Energe\u0301tica.jpg\" alt=\"\" width=\"620\" height=\"443\" srcset=\"https:\/\/rioonwatch.org.br\/wp-content\/uploads\/2021\/01\/Rodrigo-Binarts-arte-Inseguranc\u0327a-Energe\u0301tica.jpg 1162w, https:\/\/rioonwatch.org.br\/wp-content\/uploads\/2021\/01\/Rodrigo-Binarts-arte-Inseguranc\u0327a-Energe\u0301tica-620x443.jpg 620w, https:\/\/rioonwatch.org.br\/wp-content\/uploads\/2021\/01\/Rodrigo-Binarts-arte-Inseguranc\u0327a-Energe\u0301tica-881x629.jpg 881w, https:\/\/rioonwatch.org.br\/wp-content\/uploads\/2021\/01\/Rodrigo-Binarts-arte-Inseguranc\u0327a-Energe\u0301tica-768x549.jpg 768w, https:\/\/rioonwatch.org.br\/wp-content\/uploads\/2021\/01\/Rodrigo-Binarts-arte-Inseguranc\u0327a-Energe\u0301tica-1024x731.jpg 1024w\" sizes=\"(max-width: 620px) 100vw, 620px\" \/><\/a><figcaption id=\"caption-attachment-52947\" class=\"wp-caption-text\">Arte original por Rodrigo Binarts<\/figcaption><\/figure>\n<p><em>Sobre o autor: Gabriel dos Santos Pereira Lima, 20 anos, morador do Complexo do Salgueiro em S\u00e3o Gon\u00e7alo-RJ \u00e9 graduando em ci\u00eancia ambiental, na <a href=\"http:\/\/bit.ly\/2wR1FPk\" target=\"_blank\" rel=\"noopener\">UFF<\/a>. Gabriel acredita que atrav\u00e9s da educa\u00e7\u00e3o, podemos encontrar caminhos para transforma\u00e7\u00f5es de vidas.<\/em><\/p>\n<p><em>Sobre o artista: <span style=\"font-weight: 400;\">Rodrigo Binarts, 38 anos, \u00e9 artista pl\u00e1stico e m\u00fasico percussionista nascido e criado em Olavo Bilac, Duque de Caxias, na Baixada Fluminense. Rodrigo atua com trabalhos de grafite e percuss\u00e3o na ONG <a href=\"https:\/\/bit.ly\/31OCsVi\" target=\"_blank\" rel=\"noopener\">Terra dos Homens<\/a> e C.E. Guadalajara, onde \u00e9 coordenador do n\u00facleo de cultura.\u00a0<\/span><\/em><\/p>\n<p><em>Esta mat\u00e9ria faz parte de uma\u00a0<a href=\"http:\/\/bit.ly\/JusticaEnergeticaNasFavelas\" target=\"_blank\" rel=\"noopener\">s\u00e9rie sobre justi\u00e7a e efici\u00eancia energ\u00e9tica nas favelas<\/a> do Rio.<\/em><\/p>\n<hr \/>\n<h4><strong>Apoie nossos esfor\u00e7os para fornecer assist\u00eancia estrat\u00e9gica \u00e0s favelas do Rio, incluindo o jornalismo hiperlocal, cr\u00edtico, inovador e incans\u00e1vel do\u00a0<em>RioOnWatch<\/em><\/strong>\u2014<a href=\"http:\/\/bit.ly\/CatalisandoComunidades\">doe aqui<\/a>.<\/h4>\n<!-- AddThis Advanced Settings generic via filter on the_content --><!-- AddThis Share Buttons generic via filter on the_content -->","protected":false},"excerpt":{"rendered":"<div class=\"mh-excerpt\"><p>Click Here for English Este relato traz a viv\u00eancia e as reflex\u00f5es de um jovem morador do Complexo do Salgueiro sobre a precariedade do fornecimento de energia em sua comunidade. Faz parte de uma s\u00e9rie <a class=\"mh-excerpt-more\" href=\"https:\/\/rioonwatch.org.br\/?p=52815\" title=\"A Inseguran\u00e7a Energ\u00e9tica no Salgueiro, em S\u00e3o Gon\u00e7alo #Justi\u00e7aEnerg\u00e9tica\">[&#8230;]<\/a><!-- AddThis Advanced Settings generic via filter on get_the_excerpt --><!-- AddThis Share Buttons generic via filter on get_the_excerpt --><\/p>\n<\/div>","protected":false},"author":129,"featured_media":52947,"comment_status":"closed","ping_status":"closed","sticky":false,"template":"","format":"standard","meta":{"_acf_changed":false,"_monsterinsights_skip_tracking":false,"_monsterinsights_sitenote_active":false,"_monsterinsights_sitenote_note":"","_monsterinsights_sitenote_category":0,"footnotes":""},"categories":[1621,346,1625,1630,344,1639],"tags":[934,2733,1006,894,2291,413,561,1998,1306,2885,1811,1162,1372,1455,635,2975,1722,231,2289,2970,2959],"writer":[2973],"translator":[],"source":[],"ilustrador":[],"fotografo":[],"class_list":{"0":"post-52815","1":"post","2":"type-post","3":"status-publish","4":"format-standard","5":"has-post-thumbnail","7":"category-destaque","8":"category-denuncias","9":"category-por-correspondentes-comunitarios","10":"category-opiniao","11":"category-politicas","12":"category-sustentabilidade","13":"tag-acesso","14":"tag-aneel","15":"tag-asfalto-x-favela","16":"tag-baixa-qualidade-dos-servicos","17":"tag-complexo-do-salgueiro","18":"tag-desigualdade","19":"tag-eletricidade","20":"tag-energia-solar","21":"tag-exclusao","22":"tag-exclusao-digital","23":"tag-gambiarra","24":"tag-governo-federal","25":"tag-grande-rio","26":"tag-internet","27":"tag-light","28":"tag-ods","29":"tag-onu","30":"tag-sao-goncalo","31":"tag-serie","32":"tag-serie-justica-energetica","33":"tag-serie-parceria-com-necles-uff","34":"writer-gabriel-dos-santos-pereira-lima"},"acf":[],"yoast_head":"<!-- This site is optimized with the Yoast SEO plugin v25.6 - https:\/\/yoast.com\/wordpress\/plugins\/seo\/ -->\n<title>A Inseguran\u00e7a Energ\u00e9tica no Salgueiro, em S\u00e3o Gon\u00e7alo #Justi\u00e7aEnerg\u00e9tica - RioOnWatch<\/title>\n<meta name=\"robots\" content=\"index, follow, max-snippet:-1, max-image-preview:large, max-video-preview:-1\" \/>\n<link rel=\"canonical\" href=\"https:\/\/rioonwatch.org.br\/?p=52815\" \/>\n<meta property=\"og:locale\" content=\"pt_BR\" \/>\n<meta property=\"og:type\" content=\"article\" \/>\n<meta property=\"og:title\" content=\"A Inseguran\u00e7a Energ\u00e9tica no Salgueiro, em S\u00e3o Gon\u00e7alo #Justi\u00e7aEnerg\u00e9tica - RioOnWatch\" \/>\n<meta property=\"og:description\" content=\"Click Here for English Este relato traz a viv\u00eancia e as reflex\u00f5es de um jovem morador do Complexo do Salgueiro sobre a precariedade do fornecimento de energia em sua comunidade. Faz parte de uma s\u00e9rie [...]\" \/>\n<meta property=\"og:url\" content=\"https:\/\/rioonwatch.org.br\/?p=52815\" \/>\n<meta property=\"og:site_name\" content=\"RioOnWatch\" \/>\n<meta property=\"article:published_time\" content=\"2021-01-05T16:26:42+00:00\" \/>\n<meta property=\"article:modified_time\" content=\"2021-07-09T18:06:30+00:00\" \/>\n<meta property=\"og:image\" content=\"https:\/\/rioonwatch.org.br\/wp-content\/uploads\/2021\/01\/Rodrigo-Binarts-arte-Inseguranc\u0327a-Energe\u0301tica.jpg\" \/>\n\t<meta property=\"og:image:width\" content=\"1162\" \/>\n\t<meta property=\"og:image:height\" content=\"830\" \/>\n\t<meta property=\"og:image:type\" content=\"image\/jpeg\" \/>\n<meta name=\"author\" content=\"Admin\" \/>\n<meta name=\"twitter:card\" content=\"summary_large_image\" \/>\n<meta name=\"twitter:label1\" content=\"Escrito por\" \/>\n\t<meta name=\"twitter:data1\" content=\"Admin\" \/>\n\t<meta name=\"twitter:label2\" content=\"Est. tempo de leitura\" \/>\n\t<meta name=\"twitter:data2\" content=\"8 minutos\" \/>\n<script type=\"application\/ld+json\" class=\"yoast-schema-graph\">{\"@context\":\"https:\/\/schema.org\",\"@graph\":[{\"@type\":\"Article\",\"@id\":\"https:\/\/rioonwatch.org.br\/?p=52815#article\",\"isPartOf\":{\"@id\":\"https:\/\/rioonwatch.org.br\/?p=52815\"},\"author\":{\"name\":\"Admin\",\"@id\":\"https:\/\/rioonwatch.org.br\/#\/schema\/person\/11d64c290506f9df50c71b850c473f68\"},\"headline\":\"A Inseguran\u00e7a Energ\u00e9tica no Salgueiro, em S\u00e3o Gon\u00e7alo #Justi\u00e7aEnerg\u00e9tica\",\"datePublished\":\"2021-01-05T16:26:42+00:00\",\"dateModified\":\"2021-07-09T18:06:30+00:00\",\"mainEntityOfPage\":{\"@id\":\"https:\/\/rioonwatch.org.br\/?p=52815\"},\"wordCount\":1417,\"publisher\":{\"@id\":\"https:\/\/rioonwatch.org.br\/#organization\"},\"image\":{\"@id\":\"https:\/\/rioonwatch.org.br\/?p=52815#primaryimage\"},\"thumbnailUrl\":\"https:\/\/rioonwatch.org.br\/wp-content\/uploads\/2021\/01\/Rodrigo-Binarts-arte-Inseguranc\u0327a-Energe\u0301tica.jpg\",\"keywords\":[\"acesso\",\"ANEEL\",\"asfalto x favela\",\"baixa qualidade dos servi\u00e7os\",\"Complexo do Salgueiro\",\"desigualdade\",\"eletricidade\",\"energia solar\",\"exclus\u00e3o\",\"exclus\u00e3o digital\",\"gambiarra\",\"Governo Federal\",\"Grande Rio\",\"internet\",\"Light\",\"ODS\",\"ONU\",\"S\u00e3o Gon\u00e7alo\",\"S\u00e9rie\",\"S\u00e9rie: Justi\u00e7a Energ\u00e9tica\",\"S\u00e9rie: Parceria com NECLES\/UFF\"],\"articleSection\":[\"*Destaque\",\"Den\u00fancias\",\"Escrito por Comunicadores Populares\",\"Opini\u00e3o\",\"Pol\u00edticas\",\"Sustentabilidade\"],\"inLanguage\":\"pt-BR\"},{\"@type\":\"WebPage\",\"@id\":\"https:\/\/rioonwatch.org.br\/?p=52815\",\"url\":\"https:\/\/rioonwatch.org.br\/?p=52815\",\"name\":\"A Inseguran\u00e7a Energ\u00e9tica no Salgueiro, em S\u00e3o Gon\u00e7alo #Justi\u00e7aEnerg\u00e9tica - RioOnWatch\",\"isPartOf\":{\"@id\":\"https:\/\/rioonwatch.org.br\/#website\"},\"primaryImageOfPage\":{\"@id\":\"https:\/\/rioonwatch.org.br\/?p=52815#primaryimage\"},\"image\":{\"@id\":\"https:\/\/rioonwatch.org.br\/?p=52815#primaryimage\"},\"thumbnailUrl\":\"https:\/\/rioonwatch.org.br\/wp-content\/uploads\/2021\/01\/Rodrigo-Binarts-arte-Inseguranc\u0327a-Energe\u0301tica.jpg\",\"datePublished\":\"2021-01-05T16:26:42+00:00\",\"dateModified\":\"2021-07-09T18:06:30+00:00\",\"breadcrumb\":{\"@id\":\"https:\/\/rioonwatch.org.br\/?p=52815#breadcrumb\"},\"inLanguage\":\"pt-BR\",\"potentialAction\":[{\"@type\":\"ReadAction\",\"target\":[\"https:\/\/rioonwatch.org.br\/?p=52815\"]}]},{\"@type\":\"ImageObject\",\"inLanguage\":\"pt-BR\",\"@id\":\"https:\/\/rioonwatch.org.br\/?p=52815#primaryimage\",\"url\":\"https:\/\/rioonwatch.org.br\/wp-content\/uploads\/2021\/01\/Rodrigo-Binarts-arte-Inseguranc\u0327a-Energe\u0301tica.jpg\",\"contentUrl\":\"https:\/\/rioonwatch.org.br\/wp-content\/uploads\/2021\/01\/Rodrigo-Binarts-arte-Inseguranc\u0327a-Energe\u0301tica.jpg\",\"width\":1162,\"height\":830,\"caption\":\"Arte original por Rodrigo Binarts\"},{\"@type\":\"BreadcrumbList\",\"@id\":\"https:\/\/rioonwatch.org.br\/?p=52815#breadcrumb\",\"itemListElement\":[{\"@type\":\"ListItem\",\"position\":1,\"name\":\"In\u00edcio\",\"item\":\"https:\/\/rioonwatch.org.br\/\"},{\"@type\":\"ListItem\",\"position\":2,\"name\":\"A Inseguran\u00e7a Energ\u00e9tica no Salgueiro, em S\u00e3o Gon\u00e7alo #Justi\u00e7aEnerg\u00e9tica\"}]},{\"@type\":\"WebSite\",\"@id\":\"https:\/\/rioonwatch.org.br\/#website\",\"url\":\"https:\/\/rioonwatch.org.br\/\",\"name\":\"RioOnWatch\",\"description\":\"relatos das favelas cariocas\",\"publisher\":{\"@id\":\"https:\/\/rioonwatch.org.br\/#organization\"},\"potentialAction\":[{\"@type\":\"SearchAction\",\"target\":{\"@type\":\"EntryPoint\",\"urlTemplate\":\"https:\/\/rioonwatch.org.br\/?s={search_term_string}\"},\"query-input\":{\"@type\":\"PropertyValueSpecification\",\"valueRequired\":true,\"valueName\":\"search_term_string\"}}],\"inLanguage\":\"pt-BR\"},{\"@type\":\"Organization\",\"@id\":\"https:\/\/rioonwatch.org.br\/#organization\",\"name\":\"RioOnWatch\",\"url\":\"https:\/\/rioonwatch.org.br\/\",\"logo\":{\"@type\":\"ImageObject\",\"inLanguage\":\"pt-BR\",\"@id\":\"https:\/\/rioonwatch.org.br\/#\/schema\/logo\/image\/\",\"url\":\"https:\/\/rioonwatch.org.br\/wp-content\/uploads\/2021\/06\/RioOnWatchcabecalhoPT11anos-2.png\",\"contentUrl\":\"https:\/\/rioonwatch.org.br\/wp-content\/uploads\/2021\/06\/RioOnWatchcabecalhoPT11anos-2.png\",\"width\":779,\"height\":277,\"caption\":\"RioOnWatch\"},\"image\":{\"@id\":\"https:\/\/rioonwatch.org.br\/#\/schema\/logo\/image\/\"}},{\"@type\":\"Person\",\"@id\":\"https:\/\/rioonwatch.org.br\/#\/schema\/person\/11d64c290506f9df50c71b850c473f68\",\"name\":\"Admin\",\"image\":{\"@type\":\"ImageObject\",\"inLanguage\":\"pt-BR\",\"@id\":\"https:\/\/rioonwatch.org.br\/#\/schema\/person\/image\/\",\"url\":\"https:\/\/secure.gravatar.com\/avatar\/56211ac74568383903349a1485e3c325?s=96&d=blank&r=g\",\"contentUrl\":\"https:\/\/secure.gravatar.com\/avatar\/56211ac74568383903349a1485e3c325?s=96&d=blank&r=g\",\"caption\":\"Admin\"},\"url\":\"https:\/\/rioonwatch.org.br\/?author=129\"}]}<\/script>\n<!-- \/ Yoast SEO plugin. -->","yoast_head_json":{"title":"A Inseguran\u00e7a Energ\u00e9tica no Salgueiro, em S\u00e3o Gon\u00e7alo #Justi\u00e7aEnerg\u00e9tica - RioOnWatch","robots":{"index":"index","follow":"follow","max-snippet":"max-snippet:-1","max-image-preview":"max-image-preview:large","max-video-preview":"max-video-preview:-1"},"canonical":"https:\/\/rioonwatch.org.br\/?p=52815","og_locale":"pt_BR","og_type":"article","og_title":"A Inseguran\u00e7a Energ\u00e9tica no Salgueiro, em S\u00e3o Gon\u00e7alo #Justi\u00e7aEnerg\u00e9tica - RioOnWatch","og_description":"Click Here for English Este relato traz a viv\u00eancia e as reflex\u00f5es de um jovem morador do Complexo do Salgueiro sobre a precariedade do fornecimento de energia em sua comunidade. Faz parte de uma s\u00e9rie [...]","og_url":"https:\/\/rioonwatch.org.br\/?p=52815","og_site_name":"RioOnWatch","article_published_time":"2021-01-05T16:26:42+00:00","article_modified_time":"2021-07-09T18:06:30+00:00","og_image":[{"width":1162,"height":830,"url":"https:\/\/rioonwatch.org.br\/wp-content\/uploads\/2021\/01\/Rodrigo-Binarts-arte-Inseguranc\u0327a-Energe\u0301tica.jpg","type":"image\/jpeg"}],"author":"Admin","twitter_card":"summary_large_image","twitter_misc":{"Escrito por":"Admin","Est. tempo de leitura":"8 minutos"},"schema":{"@context":"https:\/\/schema.org","@graph":[{"@type":"Article","@id":"https:\/\/rioonwatch.org.br\/?p=52815#article","isPartOf":{"@id":"https:\/\/rioonwatch.org.br\/?p=52815"},"author":{"name":"Admin","@id":"https:\/\/rioonwatch.org.br\/#\/schema\/person\/11d64c290506f9df50c71b850c473f68"},"headline":"A Inseguran\u00e7a Energ\u00e9tica no Salgueiro, em S\u00e3o Gon\u00e7alo #Justi\u00e7aEnerg\u00e9tica","datePublished":"2021-01-05T16:26:42+00:00","dateModified":"2021-07-09T18:06:30+00:00","mainEntityOfPage":{"@id":"https:\/\/rioonwatch.org.br\/?p=52815"},"wordCount":1417,"publisher":{"@id":"https:\/\/rioonwatch.org.br\/#organization"},"image":{"@id":"https:\/\/rioonwatch.org.br\/?p=52815#primaryimage"},"thumbnailUrl":"https:\/\/rioonwatch.org.br\/wp-content\/uploads\/2021\/01\/Rodrigo-Binarts-arte-Inseguranc\u0327a-Energe\u0301tica.jpg","keywords":["acesso","ANEEL","asfalto x favela","baixa qualidade dos servi\u00e7os","Complexo do Salgueiro","desigualdade","eletricidade","energia solar","exclus\u00e3o","exclus\u00e3o digital","gambiarra","Governo Federal","Grande Rio","internet","Light","ODS","ONU","S\u00e3o Gon\u00e7alo","S\u00e9rie","S\u00e9rie: Justi\u00e7a Energ\u00e9tica","S\u00e9rie: Parceria com NECLES\/UFF"],"articleSection":["*Destaque","Den\u00fancias","Escrito por Comunicadores Populares","Opini\u00e3o","Pol\u00edticas","Sustentabilidade"],"inLanguage":"pt-BR"},{"@type":"WebPage","@id":"https:\/\/rioonwatch.org.br\/?p=52815","url":"https:\/\/rioonwatch.org.br\/?p=52815","name":"A Inseguran\u00e7a Energ\u00e9tica no Salgueiro, em S\u00e3o Gon\u00e7alo #Justi\u00e7aEnerg\u00e9tica - RioOnWatch","isPartOf":{"@id":"https:\/\/rioonwatch.org.br\/#website"},"primaryImageOfPage":{"@id":"https:\/\/rioonwatch.org.br\/?p=52815#primaryimage"},"image":{"@id":"https:\/\/rioonwatch.org.br\/?p=52815#primaryimage"},"thumbnailUrl":"https:\/\/rioonwatch.org.br\/wp-content\/uploads\/2021\/01\/Rodrigo-Binarts-arte-Inseguranc\u0327a-Energe\u0301tica.jpg","datePublished":"2021-01-05T16:26:42+00:00","dateModified":"2021-07-09T18:06:30+00:00","breadcrumb":{"@id":"https:\/\/rioonwatch.org.br\/?p=52815#breadcrumb"},"inLanguage":"pt-BR","potentialAction":[{"@type":"ReadAction","target":["https:\/\/rioonwatch.org.br\/?p=52815"]}]},{"@type":"ImageObject","inLanguage":"pt-BR","@id":"https:\/\/rioonwatch.org.br\/?p=52815#primaryimage","url":"https:\/\/rioonwatch.org.br\/wp-content\/uploads\/2021\/01\/Rodrigo-Binarts-arte-Inseguranc\u0327a-Energe\u0301tica.jpg","contentUrl":"https:\/\/rioonwatch.org.br\/wp-content\/uploads\/2021\/01\/Rodrigo-Binarts-arte-Inseguranc\u0327a-Energe\u0301tica.jpg","width":1162,"height":830,"caption":"Arte original por Rodrigo Binarts"},{"@type":"BreadcrumbList","@id":"https:\/\/rioonwatch.org.br\/?p=52815#breadcrumb","itemListElement":[{"@type":"ListItem","position":1,"name":"In\u00edcio","item":"https:\/\/rioonwatch.org.br\/"},{"@type":"ListItem","position":2,"name":"A Inseguran\u00e7a Energ\u00e9tica no Salgueiro, em S\u00e3o Gon\u00e7alo #Justi\u00e7aEnerg\u00e9tica"}]},{"@type":"WebSite","@id":"https:\/\/rioonwatch.org.br\/#website","url":"https:\/\/rioonwatch.org.br\/","name":"RioOnWatch","description":"relatos das favelas cariocas","publisher":{"@id":"https:\/\/rioonwatch.org.br\/#organization"},"potentialAction":[{"@type":"SearchAction","target":{"@type":"EntryPoint","urlTemplate":"https:\/\/rioonwatch.org.br\/?s={search_term_string}"},"query-input":{"@type":"PropertyValueSpecification","valueRequired":true,"valueName":"search_term_string"}}],"inLanguage":"pt-BR"},{"@type":"Organization","@id":"https:\/\/rioonwatch.org.br\/#organization","name":"RioOnWatch","url":"https:\/\/rioonwatch.org.br\/","logo":{"@type":"ImageObject","inLanguage":"pt-BR","@id":"https:\/\/rioonwatch.org.br\/#\/schema\/logo\/image\/","url":"https:\/\/rioonwatch.org.br\/wp-content\/uploads\/2021\/06\/RioOnWatchcabecalhoPT11anos-2.png","contentUrl":"https:\/\/rioonwatch.org.br\/wp-content\/uploads\/2021\/06\/RioOnWatchcabecalhoPT11anos-2.png","width":779,"height":277,"caption":"RioOnWatch"},"image":{"@id":"https:\/\/rioonwatch.org.br\/#\/schema\/logo\/image\/"}},{"@type":"Person","@id":"https:\/\/rioonwatch.org.br\/#\/schema\/person\/11d64c290506f9df50c71b850c473f68","name":"Admin","image":{"@type":"ImageObject","inLanguage":"pt-BR","@id":"https:\/\/rioonwatch.org.br\/#\/schema\/person\/image\/","url":"https:\/\/secure.gravatar.com\/avatar\/56211ac74568383903349a1485e3c325?s=96&d=blank&r=g","contentUrl":"https:\/\/secure.gravatar.com\/avatar\/56211ac74568383903349a1485e3c325?s=96&d=blank&r=g","caption":"Admin"},"url":"https:\/\/rioonwatch.org.br\/?author=129"}]}},"_links":{"self":[{"href":"https:\/\/rioonwatch.org.br\/index.php?rest_route=\/wp\/v2\/posts\/52815"}],"collection":[{"href":"https:\/\/rioonwatch.org.br\/index.php?rest_route=\/wp\/v2\/posts"}],"about":[{"href":"https:\/\/rioonwatch.org.br\/index.php?rest_route=\/wp\/v2\/types\/post"}],"author":[{"embeddable":true,"href":"https:\/\/rioonwatch.org.br\/index.php?rest_route=\/wp\/v2\/users\/129"}],"replies":[{"embeddable":true,"href":"https:\/\/rioonwatch.org.br\/index.php?rest_route=%2Fwp%2Fv2%2Fcomments&post=52815"}],"version-history":[{"count":39,"href":"https:\/\/rioonwatch.org.br\/index.php?rest_route=\/wp\/v2\/posts\/52815\/revisions"}],"predecessor-version":[{"id":56951,"href":"https:\/\/rioonwatch.org.br\/index.php?rest_route=\/wp\/v2\/posts\/52815\/revisions\/56951"}],"wp:featuredmedia":[{"embeddable":true,"href":"https:\/\/rioonwatch.org.br\/index.php?rest_route=\/wp\/v2\/media\/52947"}],"wp:attachment":[{"href":"https:\/\/rioonwatch.org.br\/index.php?rest_route=%2Fwp%2Fv2%2Fmedia&parent=52815"}],"wp:term":[{"taxonomy":"category","embeddable":true,"href":"https:\/\/rioonwatch.org.br\/index.php?rest_route=%2Fwp%2Fv2%2Fcategories&post=52815"},{"taxonomy":"post_tag","embeddable":true,"href":"https:\/\/rioonwatch.org.br\/index.php?rest_route=%2Fwp%2Fv2%2Ftags&post=52815"},{"taxonomy":"writer","embeddable":true,"href":"https:\/\/rioonwatch.org.br\/index.php?rest_route=%2Fwp%2Fv2%2Fwriter&post=52815"},{"taxonomy":"translator","embeddable":true,"href":"https:\/\/rioonwatch.org.br\/index.php?rest_route=%2Fwp%2Fv2%2Ftranslator&post=52815"},{"taxonomy":"source","embeddable":true,"href":"https:\/\/rioonwatch.org.br\/index.php?rest_route=%2Fwp%2Fv2%2Fsource&post=52815"},{"taxonomy":"ilustrador","embeddable":true,"href":"https:\/\/rioonwatch.org.br\/index.php?rest_route=%2Fwp%2Fv2%2Filustrador&post=52815"},{"taxonomy":"fotografo","embeddable":true,"href":"https:\/\/rioonwatch.org.br\/index.php?rest_route=%2Fwp%2Fv2%2Ffotografo&post=52815"}],"curies":[{"name":"wp","href":"https:\/\/api.w.org\/{rel}","templated":true}]}}