{"id":53112,"date":"2021-01-22T13:44:09","date_gmt":"2021-01-22T16:44:09","guid":{"rendered":"https:\/\/rioonwatch.org.br\/?p=53112"},"modified":"2024-05-24T12:34:30","modified_gmt":"2024-05-24T15:34:30","slug":"racismo-na-favela-como-os-moradores-entendem-o-preconceito-racial-podcast","status":"publish","type":"post","link":"https:\/\/rioonwatch.org.br\/?p=53112","title":{"rendered":"Racismo na Favela: Como os Moradores Entendem o Preconceito Racial [PODCAST]"},"content":{"rendered":"<p style=\"text-align: right;\"><em><strong><a href=\"http:\/\/bit.ly\/3rfCFLP\" target=\"_blank\" rel=\"noopener noreferrer\">Click Here for English<\/a><a href=\"http:\/\/bit.ly\/3rfCFLP\" target=\"_blank\" rel=\"noopener noreferrer\"><img decoding=\"async\" class=\"alignright wp-image-15790\" src=\"http:\/\/rioonwatch.org.br\/wp-content\/uploads\/2012\/08\/EN-standard-e1439583104716.jpg\" alt=\"\" width=\"20\" height=\"20\" \/><\/a><\/strong>\u00a0<\/em><\/p>\n<p><em>Esta mat\u00e9ria faz parte da\u00a0<a href=\"https:\/\/bit.ly\/SerieAntirracista\" rel=\"noopener\">s\u00e9rie do projeto antirracista do RioOnWatch<\/a>.<i data-stringify-type=\"italic\">\u00a0<\/i><\/em><em>Conhe\u00e7a o nosso projeto que trouxe conte\u00fados midi\u00e1ticos semanais ao longo de 2021:\u00a0<i><a href=\"http:\/\/bit.ly\/EnraizandoIntro\" rel=\"noopener\">Enraizando o Antirracismo nas Favelas<\/a>.<\/i><\/em><\/p>\n<p><iframe src=\"https:\/\/w.soundcloud.com\/player\/?url=https%3A\/\/api.soundcloud.com\/tracks\/970603141&amp;color=%23ff5500&amp;auto_play=false&amp;hide_related=false&amp;show_comments=true&amp;show_user=true&amp;show_reposts=false&amp;show_teaser=true\" width=\"100%\" height=\"166\" frameborder=\"no\" scrolling=\"no\"><\/iframe><\/p>\n<div style=\"font-size: 10px; color: #cccccc; line-break: anywhere; word-break: normal; overflow: hidden; white-space: nowrap; text-overflow: ellipsis; font-family: Interstate,Lucida Grande,Lucida Sans Unicode,Lucida Sans,Garuda,Verdana,Tahoma,sans-serif; font-weight: 100;\"><span style=\"color: #333333;\">Acesse<\/span> <a href=\"http:\/\/bit.ly\/364lYuD\" target=\"_blank\" rel=\"noopener\">acima<\/a> <span style=\"color: #808080;\"><span style=\"color: #333333;\">o podcast desta mat\u00e9ria, na \u00edntegra. Acesse tamb\u00e9m no<\/span> <a href=\"http:\/\/spoti.fi\/395Uw1y\" target=\"_blank\" rel=\"noopener\">Spotify<\/a><span style=\"color: #333333;\">,<\/span><\/span> <a href=\"https:\/\/bit.ly\/396s1AI\" target=\"_blank\" rel=\"noopener\">YouTube<\/a><span style=\"color: #333333;\">, e <\/span><a href=\"http:\/\/bit.ly\/2Y463YN\" target=\"_blank\" rel=\"noopener\">Anchor<\/a><span style=\"color: #333333;\">.<\/span><\/div>\n<hr \/>\n<p>Em 2020, houve momentos em que o racismo e o antirracismo foram pautas altamente debatidas mundo afora. Viol\u00eancias como a morte do norte-americano <a href=\"http:\/\/bit.ly\/2zn0w73\" target=\"_blank\" rel=\"noopener\">George Perry Floyd Jr.<\/a>, 47, acenderam uma luz de alerta no mundo sobre os crimes que, diariamente, s\u00e3o varridos <a href=\"http:\/\/bit.ly\/3ik1djB\" target=\"_blank\" rel=\"noopener\">para baixo<\/a> do tapete da <a href=\"http:\/\/bit.ly\/2qTopcb\" target=\"_blank\" rel=\"noopener\">branquitude<\/a>. O jogador de futebol americano <a href=\"http:\/\/nyti.ms\/3hCa2EJ\" target=\"_blank\" rel=\"noopener\">foi assassinado<\/a> em Mine\u00e1polis, no dia 25 de maio de 2020, asfixiado at\u00e9 a morte por um policial branco, <a href=\"https:\/\/bit.ly\/2LUmzIe\" target=\"_blank\" rel=\"noopener\">Derek Chauvin<\/a>, 44, que se ajoelhou em seu pesco\u00e7o por longos <a href=\"http:\/\/bit.ly\/3oR589Z\" target=\"_blank\" rel=\"noopener\">8 minutos e 46 segundos<\/a>, com George repetidamente falando aos quatro policiais presentes na cena do crime: \u201c<a href=\"http:\/\/bit.ly\/2M1olXN\" target=\"_blank\" rel=\"noopener\"><em>I can\u2019t breathe!<\/em><\/a>\u201d, em portugu\u00eas, \u201cN\u00e3o consigo respirar!\u201d. O assassinato causou indigna\u00e7\u00e3o \u00e0 popula\u00e7\u00e3o negra e a muitos americanos foram \u00e0s ruas protestar por George Floyd e por todos os negros que perderam sua vida pelo simples fato de serem pretos<em>\u2014<\/em>como <a href=\"http:\/\/bbc.in\/3ioKsnd\" target=\"_blank\" rel=\"noopener\">Breonna Taylor<\/a>, 26, e <a href=\"http:\/\/bbc.in\/3oSLQ47\" target=\"_blank\" rel=\"noopener\">Ahmaud Arbery<\/a>, 25, tamb\u00e9m assassinados pela pol\u00edcia no in\u00edcio de 2020 e tamb\u00e9m ajudando a levar ao <a href=\"http:\/\/bit.ly\/3swf3ns\" target=\"_blank\" rel=\"noopener\">Levante Negro de 2020<\/a>.<\/p>\n<p><a href=\"https:\/\/rioonwatch.org.br\/wp-content\/uploads\/2021\/01\/George-Floyd-Breonna-Taylor-e-Ahamaud-Arbery.-Ilustracao-do-site-Struggle-La-Lucha.jpg\"><img fetchpriority=\"high\" decoding=\"async\" class=\"alignright wp-image-53114\" title=\"George Floyd, Breonna Taylor e Ahamaud Arbery. Ilustra\u00e7\u00e3o do site Struggle-La Lucha\" src=\"https:\/\/rioonwatch.org.br\/wp-content\/uploads\/2021\/01\/George-Floyd-Breonna-Taylor-e-Ahamaud-Arbery.-Ilustracao-do-site-Struggle-La-Lucha-620x264.jpg\" alt=\"George Floyd, Breonna Taylor e Ahamaud Arbery. Ilustra\u00e7\u00e3o do site Struggle-La Lucha\" width=\"500\" height=\"214\" srcset=\"https:\/\/rioonwatch.org.br\/wp-content\/uploads\/2021\/01\/George-Floyd-Breonna-Taylor-e-Ahamaud-Arbery.-Ilustracao-do-site-Struggle-La-Lucha-620x264.jpg 620w, https:\/\/rioonwatch.org.br\/wp-content\/uploads\/2021\/01\/George-Floyd-Breonna-Taylor-e-Ahamaud-Arbery.-Ilustracao-do-site-Struggle-La-Lucha-1024x438.jpg 1024w, https:\/\/rioonwatch.org.br\/wp-content\/uploads\/2021\/01\/George-Floyd-Breonna-Taylor-e-Ahamaud-Arbery.-Ilustracao-do-site-Struggle-La-Lucha-617x264.jpg 617w, https:\/\/rioonwatch.org.br\/wp-content\/uploads\/2021\/01\/George-Floyd-Breonna-Taylor-e-Ahamaud-Arbery.-Ilustracao-do-site-Struggle-La-Lucha-768x329.jpg 768w, https:\/\/rioonwatch.org.br\/wp-content\/uploads\/2021\/01\/George-Floyd-Breonna-Taylor-e-Ahamaud-Arbery.-Ilustracao-do-site-Struggle-La-Lucha-940x400.jpg 940w, https:\/\/rioonwatch.org.br\/wp-content\/uploads\/2021\/01\/George-Floyd-Breonna-Taylor-e-Ahamaud-Arbery.-Ilustracao-do-site-Struggle-La-Lucha.jpg 1080w\" sizes=\"(max-width: 500px) 100vw, 500px\" \/><\/a><\/p>\n<p>Os protestos antirracistas nos Estados Unidos <a href=\"http:\/\/glo.bo\/3nTaOip\" target=\"_blank\" rel=\"noopener\">mobilizaram ativistas dos quatro cantos do mundo<\/a>, pessoas de v\u00e1rios pa\u00edses foram \u00e0s ruas protestar sob as frases \u201c<a href=\"http:\/\/bit.ly\/29EjKmu\" target=\"_blank\" rel=\"noopener\">Vidas negras importam<\/a>\u201d, \u201cEu n\u00e3o consigo respirar!\u201d, \u201c<a href=\"http:\/\/bit.ly\/2KqhUNM\" target=\"_blank\" rel=\"noopener\">M\u00e3os para cima, n\u00e3o atire!<\/a>\u201d, \u201c<a href=\"http:\/\/bit.ly\/3nQsvzg\" target=\"_blank\" rel=\"noopener\">Sem justi\u00e7a: sem paz! Sem pol\u00edcia racista!<\/a>\u201d e &#8220;<a href=\"https:\/\/bit.ly\/3surekN\" target=\"_blank\" rel=\"noopener\">Digam o nome dela!<\/a>&#8220;\u2014referindo-se \u00e0 Breonna Taylor, <a href=\"http:\/\/bit.ly\/2XNN98v\" target=\"_blank\" rel=\"noopener\">assassinada dentro de casa por policiais<\/a>, bem como a outras mulheres negras v\u00edtimas de viol\u00eancia policial. <a href=\"https:\/\/bit.ly\/3g3qmPh\" target=\"_blank\" rel=\"noopener\">Essas mortes galvanizaram<\/a> a maior onda de protestos em toda a hist\u00f3ria dos EUA, os maiores protestos raciais desde o assassinato de Dr. Martin Luther King Jr, nos anos 1960.<\/p>\n<p>No Brasil n\u00e3o foi diferente, muitos afro-brasileiros perderam suas vidas nas m\u00e3os do Estado em 2020, o que fez com que militantes de diversas cidades se levantassem contra o genoc\u00eddio do povo preto, <a href=\"http:\/\/glo.bo\/2Mk3T4r\" target=\"_blank\" rel=\"noopener\">no pa\u00eds em que a cada 23 minutos morre um jovem negro<\/a>, onde <a href=\"http:\/\/bit.ly\/3nSnSo4\" target=\"_blank\" rel=\"noopener\">75,7% de todas as pessoas assassinadas s\u00e3o negras<\/a>. Este n\u00famero \u00e9 bem parecido com aquele dos que foram assassinados durante interven\u00e7\u00e3o policial, <a href=\"http:\/\/bit.ly\/3oQMO0N\" target=\"_blank\" rel=\"noopener\">75,4% deles negros<\/a>, entre 2017 e 2018. Segundo o <a href=\"http:\/\/bit.ly\/3gOwJnV\" target=\"_blank\" rel=\"noopener\">Mapa da Desigualdade<\/a> da <a href=\"http:\/\/bit.ly\/2ZSEEuQ\" target=\"_blank\" rel=\"noopener\">Casa Fluminense<\/a>, h\u00e1 cinco <a href=\"http:\/\/glo.bo\/3gR2ahk\" target=\"_blank\" rel=\"noopener\">munic\u00edpios no estado do Rio de Janeiro onde 100% dos mortos pela pol\u00edcia entre junho de 2019 e maio de 2020 foram negros<\/a>. S\u00e3o eles: <a href=\"http:\/\/bit.ly\/2OvY7uU\" target=\"_blank\" rel=\"noopener\">Serop\u00e9dica<\/a>, Petr\u00f3polis, <a href=\"http:\/\/bit.ly\/30Vuzwc\" target=\"_blank\" rel=\"noopener\">Guapimirim<\/a>, Cachoeiras de Macacu e Rio Bonito. Sem falar que, ainda no estado do Rio, <a href=\"http:\/\/bit.ly\/309iuUF\" target=\"_blank\" rel=\"noopener\">91% das crian\u00e7as mortas por bala perdida foram crian\u00e7as negras<\/a>, entre 2016 e 2019.<\/p>\n<p><a href=\"https:\/\/rioonwatch.org.br\/wp-content\/uploads\/2021\/01\/Pessoas-negras-assassinadas-pelo-Estado.-Fonte-Mapa-das-Desigualdades-Casa-Fluminense.png\"><img decoding=\"async\" class=\"aligncenter wp-image-53116\" title=\"Pessoas negras assassinadas pelo Estado. Fonte: Mapa das Desigualdades\/Casa Fluminense\" src=\"https:\/\/rioonwatch.org.br\/wp-content\/uploads\/2021\/01\/Pessoas-negras-assassinadas-pelo-Estado.-Fonte-Mapa-das-Desigualdades-Casa-Fluminense.png\" alt=\"Pessoas negras assassinadas pelo Estado. Fonte: Mapa das Desigualdades\/Casa Fluminense\" width=\"1030\" height=\"579\" srcset=\"https:\/\/rioonwatch.org.br\/wp-content\/uploads\/2021\/01\/Pessoas-negras-assassinadas-pelo-Estado.-Fonte-Mapa-das-Desigualdades-Casa-Fluminense.png 1366w, https:\/\/rioonwatch.org.br\/wp-content\/uploads\/2021\/01\/Pessoas-negras-assassinadas-pelo-Estado.-Fonte-Mapa-das-Desigualdades-Casa-Fluminense-620x349.png 620w, https:\/\/rioonwatch.org.br\/wp-content\/uploads\/2021\/01\/Pessoas-negras-assassinadas-pelo-Estado.-Fonte-Mapa-das-Desigualdades-Casa-Fluminense-1024x576.png 1024w, https:\/\/rioonwatch.org.br\/wp-content\/uploads\/2021\/01\/Pessoas-negras-assassinadas-pelo-Estado.-Fonte-Mapa-das-Desigualdades-Casa-Fluminense-470x264.png 470w, https:\/\/rioonwatch.org.br\/wp-content\/uploads\/2021\/01\/Pessoas-negras-assassinadas-pelo-Estado.-Fonte-Mapa-das-Desigualdades-Casa-Fluminense-768x432.png 768w, https:\/\/rioonwatch.org.br\/wp-content\/uploads\/2021\/01\/Pessoas-negras-assassinadas-pelo-Estado.-Fonte-Mapa-das-Desigualdades-Casa-Fluminense-580x326.png 580w, https:\/\/rioonwatch.org.br\/wp-content\/uploads\/2021\/01\/Pessoas-negras-assassinadas-pelo-Estado.-Fonte-Mapa-das-Desigualdades-Casa-Fluminense-174x98.png 174w\" sizes=\"(max-width: 1030px) 100vw, 1030px\" \/><\/a><\/p>\n<p>O racismo existe e est\u00e1 enraizado na sociedade, ancorado em falas, comportamentos, atitudes, sistemas e narrativas que excluem e matam pessoas negras. Mas e na favela? Como a estrutura de preconceito racial se apresenta nos becos e vielas das comunidades cariocas?<\/p>\n<p><a href=\"https:\/\/rioonwatch.org.br\/wp-content\/uploads\/2021\/01\/Moradora-acredita-que-dentro-da-favela-existe-menos-racismo.-Foto-por-Gracilene-Firmino-scaled.jpg\"><img loading=\"lazy\" decoding=\"async\" class=\"aligncenter wp-image-53130\" title=\"Moradora acredita que dentro da favela existe menos racismo. Foto por: Gracilene Firmino\" src=\"https:\/\/rioonwatch.org.br\/wp-content\/uploads\/2021\/01\/Moradora-acredita-que-dentro-da-favela-existe-menos-racismo.-Foto-por-Gracilene-Firmino-scaled.jpg\" alt=\"Moradora acredita que dentro da favela existe menos racismo. Foto por: Gracilene Firmino\" width=\"1030\" height=\"685\" srcset=\"https:\/\/rioonwatch.org.br\/wp-content\/uploads\/2021\/01\/Moradora-acredita-que-dentro-da-favela-existe-menos-racismo.-Foto-por-Gracilene-Firmino-scaled.jpg 2560w, https:\/\/rioonwatch.org.br\/wp-content\/uploads\/2021\/01\/Moradora-acredita-que-dentro-da-favela-existe-menos-racismo.-Foto-por-Gracilene-Firmino-620x412.jpg 620w, https:\/\/rioonwatch.org.br\/wp-content\/uploads\/2021\/01\/Moradora-acredita-que-dentro-da-favela-existe-menos-racismo.-Foto-por-Gracilene-Firmino-1024x681.jpg 1024w, https:\/\/rioonwatch.org.br\/wp-content\/uploads\/2021\/01\/Moradora-acredita-que-dentro-da-favela-existe-menos-racismo.-Foto-por-Gracilene-Firmino-397x264.jpg 397w, https:\/\/rioonwatch.org.br\/wp-content\/uploads\/2021\/01\/Moradora-acredita-que-dentro-da-favela-existe-menos-racismo.-Foto-por-Gracilene-Firmino-768x511.jpg 768w, https:\/\/rioonwatch.org.br\/wp-content\/uploads\/2021\/01\/Moradora-acredita-que-dentro-da-favela-existe-menos-racismo.-Foto-por-Gracilene-Firmino-1536x1021.jpg 1536w, https:\/\/rioonwatch.org.br\/wp-content\/uploads\/2021\/01\/Moradora-acredita-que-dentro-da-favela-existe-menos-racismo.-Foto-por-Gracilene-Firmino-2048x1362.jpg 2048w\" sizes=\"(max-width: 1030px) 100vw, 1030px\" \/><\/a><\/p>\n<p>Segundo o ativista social e professor de Literatura e L\u00edngua Portuguesa, Jonas Di Andrade, 27, \u201ca favela \u00e9 um dos territ\u00f3rios que mais sofre com o racismo, principalmente advindo do estado e de seu aparato repressivo: a <a href=\"http:\/\/bit.ly\/3fW6s7q\" target=\"_blank\" rel=\"noopener\">Pol\u00edcia Militar<\/a>. Por meio das diversas viola\u00e7\u00f5es e viol\u00eancias f\u00edsicas e simb\u00f3licas, tendo em vista o grande n\u00famero de pessoas negras nesses lugares, percebe-se como o racismo opera e ceifa vidas, o que n\u00e3o acontece normalmente em bairros nobres onde h\u00e1 pessoas brancas\u201d.<\/p>\n<h3>Na Vis\u00e3o do Morador<\/h3>\n<p><a href=\"https:\/\/rioonwatch.org.br\/wp-content\/uploads\/2021\/01\/Para-Joyce-Barbosa-Mesmo-com-a-maioria-da-populac\u0327a\u0303o-sendo-preta-o-racismo-estrutural-esta\u0301-enraizado-na-favela.-Foto-do-acervo-pessoal-de-Joyce-Barbosa.png\"><img loading=\"lazy\" decoding=\"async\" class=\"alignright wp-image-53261\" title=\"Para Joyce Barbosa 'Mesmo com a maioria da populac\u0327a\u0303o sendo preta, o racismo estrutural esta\u0301 enraizado na favela'. Foto do acervo pessoal de Joyce Barbosa\" src=\"https:\/\/rioonwatch.org.br\/wp-content\/uploads\/2021\/01\/Para-Joyce-Barbosa-Mesmo-com-a-maioria-da-populac\u0327a\u0303o-sendo-preta-o-racismo-estrutural-esta\u0301-enraizado-na-favela.-Foto-do-acervo-pessoal-de-Joyce-Barbosa.png\" alt=\"Para Joyce Barbosa 'Mesmo com a maioria da populac\u0327a\u0303o sendo preta, o racismo estrutural esta\u0301 enraizado na favela'. Foto do acervo pessoal de Joyce Barbosa\" width=\"301\" height=\"215\" srcset=\"https:\/\/rioonwatch.org.br\/wp-content\/uploads\/2021\/01\/Para-Joyce-Barbosa-Mesmo-com-a-maioria-da-populac\u0327a\u0303o-sendo-preta-o-racismo-estrutural-esta\u0301-enraizado-na-favela.-Foto-do-acervo-pessoal-de-Joyce-Barbosa.png 741w, https:\/\/rioonwatch.org.br\/wp-content\/uploads\/2021\/01\/Para-Joyce-Barbosa-Mesmo-com-a-maioria-da-populac\u0327a\u0303o-sendo-preta-o-racismo-estrutural-esta\u0301-enraizado-na-favela.-Foto-do-acervo-pessoal-de-Joyce-Barbosa-620x443.png 620w, https:\/\/rioonwatch.org.br\/wp-content\/uploads\/2021\/01\/Para-Joyce-Barbosa-Mesmo-com-a-maioria-da-populac\u0327a\u0303o-sendo-preta-o-racismo-estrutural-esta\u0301-enraizado-na-favela.-Foto-do-acervo-pessoal-de-Joyce-Barbosa-369x264.png 369w\" sizes=\"(max-width: 301px) 100vw, 301px\" \/><\/a>Joyce Barbosa, 29, \u00e9 moradora da <a href=\"http:\/\/bit.ly\/3dzwwUD\" target=\"_blank\" rel=\"noopener\">Rocinha<\/a>, na <a href=\"http:\/\/bit.ly\/3ilwr9T\" target=\"_blank\" rel=\"noopener\">Zona Sul<\/a> do Rio, e define o racismo de forma direta: \u201cs\u00e3o a\u00e7\u00f5es, atos, falas que pessoas privilegiadas usam para discriminar outras que n\u00e3o s\u00e3o da mesma ra\u00e7a, etnia que a dela\u201d. A assistente financeira e graduanda em ci\u00eancias cont\u00e1beis acredita que o preconceito racial est\u00e1 em todo lugar. \u201cMesmo com a maioria da popula\u00e7\u00e3o sendo preta, o racismo estrutural est\u00e1 enraizado. At\u00e9 nas m\u00ednimas a\u00e7\u00f5es e falas tem racismo. At\u00e9 na favela.\u201d Mas acredita que na favela exista menos racismo que no asfalto. \u201cCreio que seja pelo fato de haver mais pretos como moradores. Entretanto, a favela \u00e9 menos racista por\u00e9m sofre mais racismo. Porque al\u00e9m de pretos, somos pobres, ent\u00e3o, os preconceitos se somam, de ra\u00e7a e o social tamb\u00e9m, acabam se misturando\u201d, argumenta.<\/p>\n<p><a href=\"https:\/\/rioonwatch.org.br\/wp-content\/uploads\/2021\/01\/Isaias-trajano-admite-Ja\u0301-tive-atitudes-racistas-e\u0301-uma-coisa-que-vem-da-minha-gerac\u0327a\u0303o-com-piadas-racistas-e-frases-racistas.-Foto-de-Acervo-pessoal-de-Isai\u0301as-Trajano.png\"><img loading=\"lazy\" decoding=\"async\" class=\"alignright wp-image-53259\" title=\"Isaias trajano admite 'Ja\u0301 tive atitudes racistas, e\u0301 uma coisa que vem da minha gerac\u0327a\u0303o com piadas racistas e frases racistas.' Foto de Acervo pessoal de Isai\u0301as Trajano\" src=\"https:\/\/rioonwatch.org.br\/wp-content\/uploads\/2021\/01\/Isaias-trajano-admite-Ja\u0301-tive-atitudes-racistas-e\u0301-uma-coisa-que-vem-da-minha-gerac\u0327a\u0303o-com-piadas-racistas-e-frases-racistas.-Foto-de-Acervo-pessoal-de-Isai\u0301as-Trajano.png\" alt=\"Isaias trajano admite 'Ja\u0301 tive atitudes racistas, e\u0301 uma coisa que vem da minha gerac\u0327a\u0303o com piadas racistas e frases racistas.' Foto de Acervo pessoal de Isai\u0301as Trajano\" width=\"300\" height=\"214\" srcset=\"https:\/\/rioonwatch.org.br\/wp-content\/uploads\/2021\/01\/Isaias-trajano-admite-Ja\u0301-tive-atitudes-racistas-e\u0301-uma-coisa-que-vem-da-minha-gerac\u0327a\u0303o-com-piadas-racistas-e-frases-racistas.-Foto-de-Acervo-pessoal-de-Isai\u0301as-Trajano.png 951w, https:\/\/rioonwatch.org.br\/wp-content\/uploads\/2021\/01\/Isaias-trajano-admite-Ja\u0301-tive-atitudes-racistas-e\u0301-uma-coisa-que-vem-da-minha-gerac\u0327a\u0303o-com-piadas-racistas-e-frases-racistas.-Foto-de-Acervo-pessoal-de-Isai\u0301as-Trajano-620x443.png 620w, https:\/\/rioonwatch.org.br\/wp-content\/uploads\/2021\/01\/Isaias-trajano-admite-Ja\u0301-tive-atitudes-racistas-e\u0301-uma-coisa-que-vem-da-minha-gerac\u0327a\u0303o-com-piadas-racistas-e-frases-racistas.-Foto-de-Acervo-pessoal-de-Isai\u0301as-Trajano-370x264.png 370w, https:\/\/rioonwatch.org.br\/wp-content\/uploads\/2021\/01\/Isaias-trajano-admite-Ja\u0301-tive-atitudes-racistas-e\u0301-uma-coisa-que-vem-da-minha-gerac\u0327a\u0303o-com-piadas-racistas-e-frases-racistas.-Foto-de-Acervo-pessoal-de-Isai\u0301as-Trajano-768x548.png 768w\" sizes=\"(max-width: 300px) 100vw, 300px\" \/><\/a>Para Isa\u00edas Trajano, 33, tamb\u00e9m morador da Rocinha, que se identifica como homem branco, o racismo est\u00e1 em toda parte e na hist\u00f3ria, mas ningu\u00e9m se identifica como racista. \u201cAs pessoas n\u00e3o se assumem racistas, v\u00e3o driblando de v\u00e1rias formas para tentar fugir de abordagens atuais e fazer valer atitudes e costumes tradicionalistas e racistas, mas em resumo \u00e9 mau car\u00e1ter. Infelizmente, j\u00e1 tive atitudes racistas, \u00e9 uma coisa que vem da minha gera\u00e7\u00e3o ainda, quando era mais novo replicava piadas racistas, frases racistas, etc. Mas tenho aprendido e evolu\u00eddo nesse ponto, acompanho conte\u00fados nas redes sociais e <em>influencers<\/em> que abordam o tema\u201d. O t\u00e9cnico de eletr\u00f4nica diz que j\u00e1 viu amigos negros, tamb\u00e9m moradores de favela, sofrerem racismo. \u201cPor ser branco, sempre sofri menos preconceito por morar na favela. Existia discrimina\u00e7\u00e3o depois que dizia onde morava, mas at\u00e9 chegar nesse ponto, conseguia chegar em lugares que meus amigos negros n\u00e3o chegavam. V\u00e1rias vezes fui parado pela pol\u00edcia com amigos negros e n\u00e3o fui revistado, por ser branco\u201d, conta, expondo a filtragem racial das pol\u00edcias fluminenses.<\/p>\n<p><a href=\"https:\/\/rioonwatch.org.br\/wp-content\/uploads\/2021\/01\/Elaine-Pacheco-se-pergunta-Qual-e\u0301-o-negro-que-nunca-foi-seguido-no-supermercado-ou-chamado-de-macaco.-Foto-de-acervo-pessoal-de-Elaine-Pacheco.png\"><img loading=\"lazy\" decoding=\"async\" class=\"alignright wp-image-53260\" title=\"Elaine Pacheco se pergunta 'Qual e\u0301 o negro que nunca foi seguido no supermercado ou chamado de macaco'. Foto de acervo pessoal de Elaine Pacheco\" src=\"https:\/\/rioonwatch.org.br\/wp-content\/uploads\/2021\/01\/Elaine-Pacheco-se-pergunta-Qual-e\u0301-o-negro-que-nunca-foi-seguido-no-supermercado-ou-chamado-de-macaco.-Foto-de-acervo-pessoal-de-Elaine-Pacheco.png\" alt=\"Elaine Pacheco se pergunta 'Qual e\u0301 o negro que nunca foi seguido no supermercado ou chamado de macaco'. Foto de acervo pessoal de Elaine Pacheco\" width=\"300\" height=\"192\" srcset=\"https:\/\/rioonwatch.org.br\/wp-content\/uploads\/2021\/01\/Elaine-Pacheco-se-pergunta-Qual-e\u0301-o-negro-que-nunca-foi-seguido-no-supermercado-ou-chamado-de-macaco.-Foto-de-acervo-pessoal-de-Elaine-Pacheco.png 1265w, https:\/\/rioonwatch.org.br\/wp-content\/uploads\/2021\/01\/Elaine-Pacheco-se-pergunta-Qual-e\u0301-o-negro-que-nunca-foi-seguido-no-supermercado-ou-chamado-de-macaco.-Foto-de-acervo-pessoal-de-Elaine-Pacheco-620x397.png 620w, https:\/\/rioonwatch.org.br\/wp-content\/uploads\/2021\/01\/Elaine-Pacheco-se-pergunta-Qual-e\u0301-o-negro-que-nunca-foi-seguido-no-supermercado-ou-chamado-de-macaco.-Foto-de-acervo-pessoal-de-Elaine-Pacheco-1024x656.png 1024w, https:\/\/rioonwatch.org.br\/wp-content\/uploads\/2021\/01\/Elaine-Pacheco-se-pergunta-Qual-e\u0301-o-negro-que-nunca-foi-seguido-no-supermercado-ou-chamado-de-macaco.-Foto-de-acervo-pessoal-de-Elaine-Pacheco-412x264.png 412w, https:\/\/rioonwatch.org.br\/wp-content\/uploads\/2021\/01\/Elaine-Pacheco-se-pergunta-Qual-e\u0301-o-negro-que-nunca-foi-seguido-no-supermercado-ou-chamado-de-macaco.-Foto-de-acervo-pessoal-de-Elaine-Pacheco-768x492.png 768w\" sizes=\"(max-width: 300px) 100vw, 300px\" \/><\/a>J\u00e1 para Elaine Pacheco, 42, mulher negra e moradora do <a href=\"http:\/\/bit.ly\/2ykrUy9\" target=\"_blank\" rel=\"noopener\">Complexo do Alem\u00e3o<\/a>, na <a href=\"http:\/\/bit.ly\/3qsTKRW\" target=\"_blank\" rel=\"noopener\">Zona Norte<\/a>, o racismo \u00e9 o preconceito com a cor de pele, classe social e religi\u00e3o. Para Elaine, o Brasil \u00e9 um dos pa\u00edses mais racistas do mundo e especificamente nas favelas o racismo acontece por parte da pol\u00edcia. \u201cAcho que racismo tem muito a ver com ignor\u00e2ncia e [falta de] car\u00e1ter. Eu j\u00e1 sofri racismo&#8230; qual \u00e9 o negro que nunca foi seguido no supermercado ou chamado de macaco? Antigamente eu n\u00e3o tinha vis\u00e3o disso, mas tem apelido que \u00e9 racista e as pessoas acham que \u00e9 s\u00f3 uma forma de falar\u201d, declara. A moradora do Alem\u00e3o destaca que existe um pr\u00e9-julgamento de que todo negro mora em comunidade. \u201cAcham que todo negro \u00e9 morador de periferia, as pessoas olham para o negro com olhar de favelado, baixa renda\u201d.<\/p>\n<p><a href=\"https:\/\/rioonwatch.org.br\/wp-content\/uploads\/2021\/01\/Glo\u0301ra-Alves-certifica-que-mesmo-morando-em-favela-na\u0303o-sofre-os-mesmos-preconceitos-que-os-negros-que-habitam-as-comunidades.-Foto-por-Vilma-Ribeiro.jpg\"><img loading=\"lazy\" decoding=\"async\" class=\"alignright wp-image-53254\" title=\"Glo\u0301ra Alves certifica que mesmo morando em favela, na\u0303o sofre os mesmos preconceitos que os negros que habitam as comunidades. Foto por Vilma Ribeiro\" src=\"https:\/\/rioonwatch.org.br\/wp-content\/uploads\/2021\/01\/Glo\u0301ra-Alves-certifica-que-mesmo-morando-em-favela-na\u0303o-sofre-os-mesmos-preconceitos-que-os-negros-que-habitam-as-comunidades.-Foto-por-Vilma-Ribeiro.jpg\" alt=\"Glo\u0301ra Alves certifica que mesmo morando em favela, na\u0303o sofre os mesmos preconceitos que os negros que habitam as comunidades. Foto por Vilma Ribeiro\" width=\"300\" height=\"200\" srcset=\"https:\/\/rioonwatch.org.br\/wp-content\/uploads\/2021\/01\/Glo\u0301ra-Alves-certifica-que-mesmo-morando-em-favela-na\u0303o-sofre-os-mesmos-preconceitos-que-os-negros-que-habitam-as-comunidades.-Foto-por-Vilma-Ribeiro.jpg 1280w, https:\/\/rioonwatch.org.br\/wp-content\/uploads\/2021\/01\/Glo\u0301ra-Alves-certifica-que-mesmo-morando-em-favela-na\u0303o-sofre-os-mesmos-preconceitos-que-os-negros-que-habitam-as-comunidades.-Foto-por-Vilma-Ribeiro-620x413.jpg 620w, https:\/\/rioonwatch.org.br\/wp-content\/uploads\/2021\/01\/Glo\u0301ra-Alves-certifica-que-mesmo-morando-em-favela-na\u0303o-sofre-os-mesmos-preconceitos-que-os-negros-que-habitam-as-comunidades.-Foto-por-Vilma-Ribeiro-1024x682.jpg 1024w, https:\/\/rioonwatch.org.br\/wp-content\/uploads\/2021\/01\/Glo\u0301ra-Alves-certifica-que-mesmo-morando-em-favela-na\u0303o-sofre-os-mesmos-preconceitos-que-os-negros-que-habitam-as-comunidades.-Foto-por-Vilma-Ribeiro-396x264.jpg 396w, https:\/\/rioonwatch.org.br\/wp-content\/uploads\/2021\/01\/Glo\u0301ra-Alves-certifica-que-mesmo-morando-em-favela-na\u0303o-sofre-os-mesmos-preconceitos-que-os-negros-que-habitam-as-comunidades.-Foto-por-Vilma-Ribeiro-768x512.jpg 768w\" sizes=\"(max-width: 300px) 100vw, 300px\" \/><\/a>Gl\u00f3ria Alves, 60, tamb\u00e9m mora no Complexo do Alem\u00e3o e afirma que, como mulher branca, j\u00e1 pronunciou diversos termos racistas. \u201cFoi sem saber que estava sendo racista e algumas palavras eu tento n\u00e3o pronunciar. Coisas como \u2018voc\u00ea est\u00e1 na minha lista negra\u2019, que a gente escutou a vida inteira e hoje j\u00e1 consegue enxergar que \u00e9 errado, mas ainda tem muita gente viciada, que fala sem pensar e ofende. Hoje eu j\u00e1 paro e penso, \u00e9 s\u00f3 querer que a gente aprende a tirar essas palavras do nosso vocabul\u00e1rio\u201d, confessa. Gl\u00f3ria certifica que, mesmo morando em favela, n\u00e3o sofre os mesmos preconceitos que os negros que habitam as comunidades. \u201cNunca fui parada por policiais em lugar nenhum. O \u00fanico problema \u00e9 dar meu endere\u00e7o para algum trabalho. Todos os dias fico sabendo de pessoas que sofrem algum tipo de preconceito, racismo mesmo, na TV, nas redes sociais\u201d, conta.<\/p>\n<p><a href=\"https:\/\/rioonwatch.org.br\/wp-content\/uploads\/2021\/01\/Jorge-Padilha-lamenta-As-pessoas-discriminam-por-achar-que-porque-moramos-na-favela-e-somos-pretos-somos-ladro\u0303es.-Foto-do-acervo-pessoal-de-Jorge-Padilha.jpg.png\"><img loading=\"lazy\" decoding=\"async\" class=\"alignright wp-image-53262\" title=\"Jorge Padilha lamenta 'As pessoas discriminam por achar que porque moramos na favela e somos pretos, somos ladro\u0303es'. Foto do acervo pessoal de Jorge Padilha.jpg\" src=\"https:\/\/rioonwatch.org.br\/wp-content\/uploads\/2021\/01\/Jorge-Padilha-lamenta-As-pessoas-discriminam-por-achar-que-porque-moramos-na-favela-e-somos-pretos-somos-ladro\u0303es.-Foto-do-acervo-pessoal-de-Jorge-Padilha.jpg.png\" alt=\"Jorge Padilha lamenta 'As pessoas discriminam por achar que porque moramos na favela e somos pretos, somos ladro\u0303es'. Foto do acervo pessoal de Jorge Padilha.jpg\" width=\"300\" height=\"168\" srcset=\"https:\/\/rioonwatch.org.br\/wp-content\/uploads\/2021\/01\/Jorge-Padilha-lamenta-As-pessoas-discriminam-por-achar-que-porque-moramos-na-favela-e-somos-pretos-somos-ladro\u0303es.-Foto-do-acervo-pessoal-de-Jorge-Padilha.jpg.png 1266w, https:\/\/rioonwatch.org.br\/wp-content\/uploads\/2021\/01\/Jorge-Padilha-lamenta-As-pessoas-discriminam-por-achar-que-porque-moramos-na-favela-e-somos-pretos-somos-ladro\u0303es.-Foto-do-acervo-pessoal-de-Jorge-Padilha.jpg-620x347.png 620w, https:\/\/rioonwatch.org.br\/wp-content\/uploads\/2021\/01\/Jorge-Padilha-lamenta-As-pessoas-discriminam-por-achar-que-porque-moramos-na-favela-e-somos-pretos-somos-ladro\u0303es.-Foto-do-acervo-pessoal-de-Jorge-Padilha.jpg-1024x573.png 1024w, https:\/\/rioonwatch.org.br\/wp-content\/uploads\/2021\/01\/Jorge-Padilha-lamenta-As-pessoas-discriminam-por-achar-que-porque-moramos-na-favela-e-somos-pretos-somos-ladro\u0303es.-Foto-do-acervo-pessoal-de-Jorge-Padilha.jpg-472x264.png 472w, https:\/\/rioonwatch.org.br\/wp-content\/uploads\/2021\/01\/Jorge-Padilha-lamenta-As-pessoas-discriminam-por-achar-que-porque-moramos-na-favela-e-somos-pretos-somos-ladro\u0303es.-Foto-do-acervo-pessoal-de-Jorge-Padilha.jpg-768x429.png 768w, https:\/\/rioonwatch.org.br\/wp-content\/uploads\/2021\/01\/Jorge-Padilha-lamenta-As-pessoas-discriminam-por-achar-que-porque-moramos-na-favela-e-somos-pretos-somos-ladro\u0303es.-Foto-do-acervo-pessoal-de-Jorge-Padilha.jpg-580x326.png 580w, https:\/\/rioonwatch.org.br\/wp-content\/uploads\/2021\/01\/Jorge-Padilha-lamenta-As-pessoas-discriminam-por-achar-que-porque-moramos-na-favela-e-somos-pretos-somos-ladro\u0303es.-Foto-do-acervo-pessoal-de-Jorge-Padilha.jpg-174x98.png 174w\" sizes=\"(max-width: 300px) 100vw, 300px\" \/><\/a>Barbeiro e morador da <a href=\"http:\/\/bit.ly\/2KY6nDO\" target=\"_blank\" rel=\"noopener\">Cidade de Deus<\/a>, na <a href=\"http:\/\/bit.ly\/2VcmBwc\" target=\"_blank\" rel=\"noopener\">Zona Oeste<\/a>, Jorge Padilha, 43, entende que racismo \u00e9 discriminar o outro pela cor da pele. Como homem negro, para ele existe racismo na favela e nos demais lugares do mundo, mas o fato de morar em comunidade agrava o preconceito. \u201cAs pessoas discriminam por achar que porque moramos na favela e somos pretos, somos ladr\u00f5es, sendo que na favela moram pessoas dignas como em qualquer outro lugar. Esse tipo de gente poderia se tornar um ser humano melhor se n\u00e3o deixassem a cor da pele interferir na nossa vida, porque o maior Criador nos fez sem nenhuma distin\u00e7\u00e3o de ra\u00e7a ou cor. Quem somos n\u00f3s para fazer isso?\u201d, questiona.<\/p>\n<p><a href=\"https:\/\/rioonwatch.org.br\/wp-content\/uploads\/2021\/01\/Moradores-de-favela-acreditam-que-na-favela-existe-menos-racismo.-Foto-por-Gracilene-Firmino.jpg\"><img loading=\"lazy\" decoding=\"async\" class=\"aligncenter wp-image-53127\" title=\"Moradores de favela acreditam que na favela existe menos racismo. Foto por: Gracilene Firmino\" src=\"https:\/\/rioonwatch.org.br\/wp-content\/uploads\/2021\/01\/Moradores-de-favela-acreditam-que-na-favela-existe-menos-racismo.-Foto-por-Gracilene-Firmino.jpg\" alt=\"Moradores de favela acreditam que na favela existe menos racismo. Foto por: Gracilene Firmino\" width=\"1030\" height=\"687\" srcset=\"https:\/\/rioonwatch.org.br\/wp-content\/uploads\/2021\/01\/Moradores-de-favela-acreditam-que-na-favela-existe-menos-racismo.-Foto-por-Gracilene-Firmino.jpg 1500w, https:\/\/rioonwatch.org.br\/wp-content\/uploads\/2021\/01\/Moradores-de-favela-acreditam-que-na-favela-existe-menos-racismo.-Foto-por-Gracilene-Firmino-620x413.jpg 620w, https:\/\/rioonwatch.org.br\/wp-content\/uploads\/2021\/01\/Moradores-de-favela-acreditam-que-na-favela-existe-menos-racismo.-Foto-por-Gracilene-Firmino-1024x683.jpg 1024w, https:\/\/rioonwatch.org.br\/wp-content\/uploads\/2021\/01\/Moradores-de-favela-acreditam-que-na-favela-existe-menos-racismo.-Foto-por-Gracilene-Firmino-396x264.jpg 396w, https:\/\/rioonwatch.org.br\/wp-content\/uploads\/2021\/01\/Moradores-de-favela-acreditam-que-na-favela-existe-menos-racismo.-Foto-por-Gracilene-Firmino-768x512.jpg 768w\" sizes=\"(max-width: 1030px) 100vw, 1030px\" \/><\/a><\/p>\n<h3>Afinal, o Que \u00e9 Racismo?<\/h3>\n<p><a href=\"https:\/\/rioonwatch.org.br\/wp-content\/uploads\/2021\/01\/Jonas-di-Andrade-afirma-A-favela-e\u0301-um-dos-territo\u0301rios-que-mais-sofrem-racismo-principalmente-advindo-do-estado-com-viole\u0302ncia-fi\u0301sica-e-simbo\u0301lica-.-Foto-por-Selma-Souza.jpg.png\"><img loading=\"lazy\" decoding=\"async\" class=\"alignright wp-image-53263\" title=\"Jonas di Andrade afirma 'A favela e\u0301 um dos territo\u0301rios que mais sofrem racismo, principalmente advindo do estado, com viole\u0302ncia fi\u0301sica e simbo\u0301lica . Foto por Selma Souza.jpg\" src=\"https:\/\/rioonwatch.org.br\/wp-content\/uploads\/2021\/01\/Jonas-di-Andrade-afirma-A-favela-e\u0301-um-dos-territo\u0301rios-que-mais-sofrem-racismo-principalmente-advindo-do-estado-com-viole\u0302ncia-fi\u0301sica-e-simbo\u0301lica-.-Foto-por-Selma-Souza.jpg.png\" alt=\"Jonas di Andrade afirma 'A favela e\u0301 um dos territo\u0301rios que mais sofrem racismo, principalmente advindo do estado, com viole\u0302ncia fi\u0301sica e simbo\u0301lica . Foto por Selma Souza.jpg\" width=\"300\" height=\"158\" srcset=\"https:\/\/rioonwatch.org.br\/wp-content\/uploads\/2021\/01\/Jonas-di-Andrade-afirma-A-favela-e\u0301-um-dos-territo\u0301rios-que-mais-sofrem-racismo-principalmente-advindo-do-estado-com-viole\u0302ncia-fi\u0301sica-e-simbo\u0301lica-.-Foto-por-Selma-Souza.jpg.png 852w, https:\/\/rioonwatch.org.br\/wp-content\/uploads\/2021\/01\/Jonas-di-Andrade-afirma-A-favela-e\u0301-um-dos-territo\u0301rios-que-mais-sofrem-racismo-principalmente-advindo-do-estado-com-viole\u0302ncia-fi\u0301sica-e-simbo\u0301lica-.-Foto-por-Selma-Souza.jpg-620x326.png 620w, https:\/\/rioonwatch.org.br\/wp-content\/uploads\/2021\/01\/Jonas-di-Andrade-afirma-A-favela-e\u0301-um-dos-territo\u0301rios-que-mais-sofrem-racismo-principalmente-advindo-do-estado-com-viole\u0302ncia-fi\u0301sica-e-simbo\u0301lica-.-Foto-por-Selma-Souza.jpg-502x264.png 502w, https:\/\/rioonwatch.org.br\/wp-content\/uploads\/2021\/01\/Jonas-di-Andrade-afirma-A-favela-e\u0301-um-dos-territo\u0301rios-que-mais-sofrem-racismo-principalmente-advindo-do-estado-com-viole\u0302ncia-fi\u0301sica-e-simbo\u0301lica-.-Foto-por-Selma-Souza.jpg-768x404.png 768w\" sizes=\"(max-width: 300px) 100vw, 300px\" \/><\/a>Jonas Di Andrade explica que o preconceito racial \u00e9 mais do que uma atitude, \u00e9 uma estrutura. \u201cRacismo, pela pr\u00f3pria palavra, diz respeito \u00e0 divis\u00e3o das pessoas por meio do crit\u00e9rio de ra\u00e7a, cor da pele. Levando em considera\u00e7\u00e3o o nosso passado colonial escravocrata, no qual pessoas arrancadas da \u00c1frica foram for\u00e7adas a vir para c\u00e1 no intuito de servir n\u00e3o s\u00f3 de m\u00e3o de obra, mas tamb\u00e9m de produto, herdamos um conjunto de pr\u00e1ticas sociais, pol\u00edticas, jur\u00eddicas, institucionais, de car\u00e1ter discriminat\u00f3rio. As pessoas, racializadas, n\u00e3o brancas, negras e ind\u00edgenas, s\u00e3o v\u00edtimas desse sistema de poder, que \u00e9 estrutural (e estruturante), individual e institucional\u201d, esclarece.<\/p>\n<p>O que muitas pessoas ainda t\u00eam d\u00favida \u00e9 sobre o antirracismo, que s\u00e3o pr\u00e1ticas de car\u00e1ter pol\u00edtico, social, institucional, individual, que t\u00eam por objetivo ir contra todo o sistema de poder que divida, desumanize, marginalize, estereotipe e subalternize pessoas racializadas (negros e ind\u00edgenas). Em <a href=\"http:\/\/bit.ly\/3sxIllN\" target=\"_blank\" rel=\"noopener\"><em>Pequeno Manual Antirracista<\/em><\/a>, de Djamila Ribeiro, a autora aborda que para ser antirracista \u00e9 preciso informar-se sobre o racismo, enxergar a negritude, reconhecer os privil\u00e9gios da branquitude, perceber o racismo internalizado em si, apoiar pol\u00edticas educacionais afirmativas, transformar o ambiente de trabalho com a inclus\u00e3o de funcion\u00e1rios negros, ler autores negros, questionar a cultura que se consome, conhecer desejos e afetos, e, por fim, combater a viol\u00eancia racial.<\/p>\n<p>&nbsp;<\/p>\n<h3>Favela e Racismo<\/h3>\n<p><a href=\"https:\/\/rioonwatch.org.br\/wp-content\/uploads\/2021\/01\/Protestos-que-aconteceram-em-junho-de-2020-mobilizaram-muitos-moradores-de-favelas.-Foto-por-Thiago-Lima.jpg\"><img loading=\"lazy\" decoding=\"async\" class=\"alignright wp-image-53126\" title=\"Protestos que aconteceram em junho de 2020, mobilizaram muitos moradores de favelas. Foto por: Thiago Lima\" src=\"https:\/\/rioonwatch.org.br\/wp-content\/uploads\/2021\/01\/Protestos-que-aconteceram-em-junho-de-2020-mobilizaram-muitos-moradores-de-favelas.-Foto-por-Thiago-Lima-613x264.jpg\" alt=\"Protestos que aconteceram em junho de 2020, mobilizaram muitos moradores de favelas. Foto por: Thiago Lima\" width=\"500\" height=\"333\" srcset=\"https:\/\/rioonwatch.org.br\/wp-content\/uploads\/2021\/01\/Protestos-que-aconteceram-em-junho-de-2020-mobilizaram-muitos-moradores-de-favelas.-Foto-por-Thiago-Lima-397x264.jpg 397w, https:\/\/rioonwatch.org.br\/wp-content\/uploads\/2021\/01\/Protestos-que-aconteceram-em-junho-de-2020-mobilizaram-muitos-moradores-de-favelas.-Foto-por-Thiago-Lima.jpg 613w\" sizes=\"(max-width: 500px) 100vw, 500px\" \/><\/a>O negro que n\u00e3o mora em favela tamb\u00e9m sofre racismo. No entanto, o negro favelado est\u00e1 na interse\u00e7\u00e3o entre o preconceito racial e a desigualdade social. Vale ressaltar que boa parte das pessoas que moram em comunidades n\u00e3o t\u00eam consci\u00eancia das opress\u00f5es que vivem e a educa\u00e7\u00e3o possui um papel importante neste contexto. \u201cA escola, que poderia ser um lugar de tomada de consci\u00eancia e de liberta\u00e7\u00e3o, tem sido um espa\u00e7o n\u00e3o s\u00f3 de reprodu\u00e7\u00e3o do racismo, e de outras viol\u00eancias concretas, mas tamb\u00e9m reprodu\u00e7\u00e3o das opress\u00f5es no \u00e2mbito do s\u00edmbolo, ou seja, n\u00e3o se valoriza a hist\u00f3ria africana e afro-brasileira, bem como a cultura e as artes destas popula\u00e7\u00f5es afrodescendentes em di\u00e1spora\u201d, afirma Jonas Di Andrade.<\/p>\n<p>Por fim, Jonas deixa uma mensagem: \u201co favelado, o negro favelado, precisa se conscientizar das diversas viola\u00e7\u00f5es e viol\u00eancias com os quais seus corpos lidam diariamente, precisa lutar n\u00e3o s\u00f3 por eles pr\u00f3prios, mas tamb\u00e9m por todos os outros que v\u00e3o ser acometidos pelo racismo. A educa\u00e7\u00e3o tem um papel fundamental nisso. Se tivermos investimento em educa\u00e7\u00e3o, colocando a \u00c1frica no centro, n\u00e3o mais a Europa, em uma abordagem afrocentrada, vamos conseguir caminhar para a constru\u00e7\u00e3o de uma sociedade antirracista\u201d.<\/p>\n<p><a href=\"https:\/\/rioonwatch.org.br\/wp-content\/uploads\/2021\/01\/Favelados-sofrem-mais-discriminacao-porque-o-preconceito-racial-e-o-social-se-misturam.-Foto-por-Thiago-Lima.jpg\"><img loading=\"lazy\" decoding=\"async\" class=\"aligncenter wp-image-53125\" title=\"Favelados sofrem mais discrimina\u00e7\u00e3o porque o preconceito racial e o social se misturam. Foto por: Thiago Lima\" src=\"https:\/\/rioonwatch.org.br\/wp-content\/uploads\/2021\/01\/Favelados-sofrem-mais-discriminacao-porque-o-preconceito-racial-e-o-social-se-misturam.-Foto-por-Thiago-Lima.jpg\" alt=\"Favelados sofrem mais discrimina\u00e7\u00e3o porque o preconceito racial e o social se misturam. Foto por: Thiago Lima\" width=\"1030\" height=\"620\" srcset=\"https:\/\/rioonwatch.org.br\/wp-content\/uploads\/2021\/01\/Favelados-sofrem-mais-discriminacao-porque-o-preconceito-racial-e-o-social-se-misturam.-Foto-por-Thiago-Lima.jpg 1440w, https:\/\/rioonwatch.org.br\/wp-content\/uploads\/2021\/01\/Favelados-sofrem-mais-discriminacao-porque-o-preconceito-racial-e-o-social-se-misturam.-Foto-por-Thiago-Lima-620x373.jpg 620w, https:\/\/rioonwatch.org.br\/wp-content\/uploads\/2021\/01\/Favelados-sofrem-mais-discriminacao-porque-o-preconceito-racial-e-o-social-se-misturam.-Foto-por-Thiago-Lima-1024x617.jpg 1024w, https:\/\/rioonwatch.org.br\/wp-content\/uploads\/2021\/01\/Favelados-sofrem-mais-discriminacao-porque-o-preconceito-racial-e-o-social-se-misturam.-Foto-por-Thiago-Lima-438x264.jpg 438w, https:\/\/rioonwatch.org.br\/wp-content\/uploads\/2021\/01\/Favelados-sofrem-mais-discriminacao-porque-o-preconceito-racial-e-o-social-se-misturam.-Foto-por-Thiago-Lima-768x462.jpg 768w\" sizes=\"(max-width: 1030px) 100vw, 1030px\" \/><\/a><\/p>\n<p><em>Sobre as autoras:<\/em><\/p>\n<p><em>Gracilene Firmino \u00e9 jornalista, formada pela Universidade do Estado do Rio de Janeiro (UERJ), tendo se especializado em produ\u00e7\u00e3o de conte\u00fado digital. Cria da Rocinha, \u00e9 comunicadora comunit\u00e1ria h\u00e1 oito anos. Hoje trabalha como jornalista no Voz das Comunidades e rep\u00f3rter do site FavelaDaRocinha.com. Gracilene j\u00e1 foi colaboradora da Ag\u00eancia de Not\u00edcias das Favelas e do jornal Fala Ro\u00e7a. <\/em><\/p>\n<p><em>Amanda Botelho tem 23 anos, \u00e9 carioca e cria de favela, formada em Jornalismo pela Unicarioca, e rep\u00f3rter do Voz das Comunidades.<\/em><\/p>\n<p><em>Sobre o artista: <\/em><em>David Amen \u00e9 cria do Complexo do Alem\u00e3o, co-fundador e produtor de comunica\u00e7\u00e3o do Instituto Ra\u00edzes em Movimento, jornalista, grafiteiro e ilustrador.<\/em><\/p>\n<p><em>Esta mat\u00e9ria faz parte da\u00a0<a href=\"https:\/\/bit.ly\/SerieAntirracista\" rel=\"noopener\">s\u00e9rie do projeto antirracista do RioOnWatch<\/a>.<i data-stringify-type=\"italic\">\u00a0<\/i><\/em><em>Conhe\u00e7a o nosso projeto que trouxe conte\u00fados midi\u00e1ticos semanais ao longo de 2021:\u00a0<i><a href=\"http:\/\/bit.ly\/EnraizandoIntro\" rel=\"noopener\">Enraizando o Antirracismo nas Favelas<\/a>.<\/i><\/em><\/p>\n<h4><b data-stringify-type=\"bold\">Compartilhe com a gente a sua opini\u00e3o sobre essa mat\u00e9ria\u00a0<\/b><b data-stringify-type=\"bold\"><a class=\"c-link\" href=\"https:\/\/bit.ly\/OpineAntirracismo\" target=\"_blank\" rel=\"noopener noreferrer\" data-stringify-link=\"https:\/\/docs.google.com\/forms\/d\/e\/1FAIpQLSc6PJwxQ0eapYlfSfsr8fyibg8ODzXKpGhJjXe2-8Bbxrtp1g\/viewform\" data-sk=\"tooltip_parent\">clicando aqui<\/a>.<\/b><\/h4>\n<hr \/>\n<h4><strong>Apoie nossos esfor\u00e7os para fornecer assist\u00eancia estrat\u00e9gica \u00e0s favelas do Rio, incluindo o jornalismo hiperlocal, cr\u00edtico, inovador e incans\u00e1vel do\u00a0<em>RioOnWatch<\/em><\/strong>\u2014<a href=\"http:\/\/bit.ly\/CatalisandoComunidades\">doe aqui<\/a>.<\/h4>\n<!-- AddThis Advanced Settings generic via filter on the_content --><!-- AddThis Share Buttons generic via filter on the_content -->","protected":false},"excerpt":{"rendered":"<div class=\"mh-excerpt\"><p>Click Here for English\u00a0 Esta mat\u00e9ria faz parte da\u00a0s\u00e9rie do projeto antirracista do RioOnWatch.\u00a0Conhe\u00e7a o nosso projeto que trouxe conte\u00fados midi\u00e1ticos semanais ao longo de 2021:\u00a0Enraizando o Antirracismo nas Favelas. Acesse acima o podcast desta <a class=\"mh-excerpt-more\" href=\"https:\/\/rioonwatch.org.br\/?p=53112\" title=\"Racismo na Favela: Como os Moradores Entendem o Preconceito Racial [PODCAST]\">[&#8230;]<\/a><!-- AddThis Advanced Settings generic via filter on get_the_excerpt --><!-- AddThis Share Buttons generic via filter on get_the_excerpt --><\/p>\n<\/div>","protected":false},"author":167,"featured_media":53113,"comment_status":"closed","ping_status":"closed","sticky":false,"template":"template-full.php","format":"standard","meta":{"_acf_changed":false,"_monsterinsights_skip_tracking":false,"_monsterinsights_sitenote_active":false,"_monsterinsights_sitenote_note":"","_monsterinsights_sitenote_category":0,"footnotes":""},"categories":[1621,1615,2985,1625],"tags":[3253,2159,2980,1580,554,217,333,818,2699,2952,1582,1970,2981,774,936,1591,16,2289,2974,1592,920,52,1144,218,184,383],"writer":[2986,2798],"translator":[],"source":[],"ilustrador":[3088],"fotografo":[],"class_list":{"0":"post-53112","1":"post","2":"type-post","3":"status-publish","4":"format-standard","5":"has-post-thumbnail","7":"category-destaque","8":"category-cultura-da-favela","9":"category-podcast","10":"category-por-correspondentes-comunitarios","11":"tag-antirracismo","12":"tag-black-lives-matter","13":"tag-branquitude","14":"tag-cachoeiras-de-macacu","15":"tag-cidade-de-deus","16":"tag-complexo-do-alemao","17":"tag-diaspora","18":"tag-eua","19":"tag-genocidio","20":"tag-george-floyd","21":"tag-guapimirim","22":"tag-negritude","23":"tag-petropolis","24":"tag-policia-militar","25":"tag-raca","26":"tag-rio-bonito","27":"tag-rocinha","28":"tag-serie","29":"tag-serie-antirracismo","30":"tag-seropedica","31":"tag-violencia-de-estado","32":"tag-violencia-policial","33":"tag-violencia-urbana","34":"tag-zona-norte","35":"tag-zona-oeste","36":"tag-zona-sul","37":"writer-amanda-botelho","38":"writer-gracilene-firmino","39":"ilustrador-david-amen"},"acf":[],"yoast_head":"<!-- This site is optimized with the Yoast SEO plugin v25.6 - https:\/\/yoast.com\/wordpress\/plugins\/seo\/ -->\n<title>Racismo na Favela: Como os Moradores Entendem o Preconceito Racial [PODCAST] - RioOnWatch<\/title>\n<meta name=\"robots\" content=\"index, follow, max-snippet:-1, max-image-preview:large, max-video-preview:-1\" \/>\n<link rel=\"canonical\" href=\"https:\/\/rioonwatch.org.br\/?p=53112\" \/>\n<meta property=\"og:locale\" content=\"pt_BR\" \/>\n<meta property=\"og:type\" content=\"article\" \/>\n<meta property=\"og:title\" content=\"Racismo na Favela: Como os Moradores Entendem o Preconceito Racial [PODCAST] - RioOnWatch\" \/>\n<meta property=\"og:description\" content=\"Click Here for English\u00a0 Esta mat\u00e9ria faz parte da\u00a0s\u00e9rie do projeto antirracista do RioOnWatch.\u00a0Conhe\u00e7a o nosso projeto que trouxe conte\u00fados midi\u00e1ticos semanais ao longo de 2021:\u00a0Enraizando o Antirracismo nas Favelas. Acesse acima o podcast desta [...]\" \/>\n<meta property=\"og:url\" content=\"https:\/\/rioonwatch.org.br\/?p=53112\" \/>\n<meta property=\"og:site_name\" content=\"RioOnWatch\" \/>\n<meta property=\"article:published_time\" content=\"2021-01-22T16:44:09+00:00\" \/>\n<meta property=\"article:modified_time\" content=\"2024-05-24T15:34:30+00:00\" \/>\n<meta property=\"og:image\" content=\"https:\/\/rioonwatch.org.br\/wp-content\/uploads\/2021\/01\/Racismo-e-Antirracismo-nas-favelas.-Arte-por-David-Amen-1477x629.jpg\" \/>\n\t<meta property=\"og:image:width\" content=\"1477\" \/>\n\t<meta property=\"og:image:height\" content=\"629\" \/>\n\t<meta property=\"og:image:type\" content=\"image\/jpeg\" \/>\n<meta name=\"author\" content=\"Julio Santos Filho\" \/>\n<meta name=\"twitter:card\" content=\"summary_large_image\" \/>\n<meta name=\"twitter:label1\" content=\"Escrito por\" \/>\n\t<meta name=\"twitter:data1\" content=\"Julio Santos Filho\" \/>\n\t<meta name=\"twitter:label2\" content=\"Est. tempo de leitura\" \/>\n\t<meta name=\"twitter:data2\" content=\"11 minutos\" \/>\n<script type=\"application\/ld+json\" class=\"yoast-schema-graph\">{\"@context\":\"https:\/\/schema.org\",\"@graph\":[{\"@type\":\"Article\",\"@id\":\"https:\/\/rioonwatch.org.br\/?p=53112#article\",\"isPartOf\":{\"@id\":\"https:\/\/rioonwatch.org.br\/?p=53112\"},\"author\":{\"name\":\"Julio Santos Filho\",\"@id\":\"https:\/\/rioonwatch.org.br\/#\/schema\/person\/476bc75767957d3535b65b796667cd36\"},\"headline\":\"Racismo na Favela: Como os Moradores Entendem o Preconceito Racial [PODCAST]\",\"datePublished\":\"2021-01-22T16:44:09+00:00\",\"dateModified\":\"2024-05-24T15:34:30+00:00\",\"mainEntityOfPage\":{\"@id\":\"https:\/\/rioonwatch.org.br\/?p=53112\"},\"wordCount\":2043,\"publisher\":{\"@id\":\"https:\/\/rioonwatch.org.br\/#organization\"},\"image\":{\"@id\":\"https:\/\/rioonwatch.org.br\/?p=53112#primaryimage\"},\"thumbnailUrl\":\"https:\/\/rioonwatch.org.br\/wp-content\/uploads\/2021\/01\/Racismo-e-Antirracismo-nas-favelas.-Arte-por-David-Amen.jpg\",\"keywords\":[\"Antirracismo\",\"Black Lives Matter\",\"branquitude\",\"Cachoeiras de Macacu\",\"Cidade de Deus\",\"Complexo do Alem\u00e3o\",\"Di\u00e1spora Africana\",\"EUA\",\"genoc\u00eddio\",\"George Floyd\",\"Guapimirim\",\"negritude\",\"Petr\u00f3polis\",\"Pol\u00edcia Militar\",\"ra\u00e7a\",\"Rio Bonito\",\"Rocinha\",\"S\u00e9rie\",\"S\u00e9rie: Antirracismo\",\"Serop\u00e9dica\",\"viol\u00eancia de Estado\",\"viol\u00eancia policial\",\"viol\u00eancia urbana\",\"Zona Norte\",\"Zona Oeste\",\"Zona Sul\"],\"articleSection\":[\"*Destaque\",\"Cultura da Favela\",\"Epis\u00f3dios de Podcast\",\"Escrito por Comunicadores Populares\"],\"inLanguage\":\"pt-BR\"},{\"@type\":\"WebPage\",\"@id\":\"https:\/\/rioonwatch.org.br\/?p=53112\",\"url\":\"https:\/\/rioonwatch.org.br\/?p=53112\",\"name\":\"Racismo na Favela: Como os Moradores Entendem o Preconceito Racial [PODCAST] - RioOnWatch\",\"isPartOf\":{\"@id\":\"https:\/\/rioonwatch.org.br\/#website\"},\"primaryImageOfPage\":{\"@id\":\"https:\/\/rioonwatch.org.br\/?p=53112#primaryimage\"},\"image\":{\"@id\":\"https:\/\/rioonwatch.org.br\/?p=53112#primaryimage\"},\"thumbnailUrl\":\"https:\/\/rioonwatch.org.br\/wp-content\/uploads\/2021\/01\/Racismo-e-Antirracismo-nas-favelas.-Arte-por-David-Amen.jpg\",\"datePublished\":\"2021-01-22T16:44:09+00:00\",\"dateModified\":\"2024-05-24T15:34:30+00:00\",\"breadcrumb\":{\"@id\":\"https:\/\/rioonwatch.org.br\/?p=53112#breadcrumb\"},\"inLanguage\":\"pt-BR\",\"potentialAction\":[{\"@type\":\"ReadAction\",\"target\":[\"https:\/\/rioonwatch.org.br\/?p=53112\"]}]},{\"@type\":\"ImageObject\",\"inLanguage\":\"pt-BR\",\"@id\":\"https:\/\/rioonwatch.org.br\/?p=53112#primaryimage\",\"url\":\"https:\/\/rioonwatch.org.br\/wp-content\/uploads\/2021\/01\/Racismo-e-Antirracismo-nas-favelas.-Arte-por-David-Amen.jpg\",\"contentUrl\":\"https:\/\/rioonwatch.org.br\/wp-content\/uploads\/2021\/01\/Racismo-e-Antirracismo-nas-favelas.-Arte-por-David-Amen.jpg\",\"width\":2480,\"height\":1056,\"caption\":\"Arte original por David Amen\"},{\"@type\":\"BreadcrumbList\",\"@id\":\"https:\/\/rioonwatch.org.br\/?p=53112#breadcrumb\",\"itemListElement\":[{\"@type\":\"ListItem\",\"position\":1,\"name\":\"In\u00edcio\",\"item\":\"https:\/\/rioonwatch.org.br\/\"},{\"@type\":\"ListItem\",\"position\":2,\"name\":\"Racismo na Favela: Como os Moradores Entendem o Preconceito Racial [PODCAST]\"}]},{\"@type\":\"WebSite\",\"@id\":\"https:\/\/rioonwatch.org.br\/#website\",\"url\":\"https:\/\/rioonwatch.org.br\/\",\"name\":\"RioOnWatch\",\"description\":\"relatos das favelas cariocas\",\"publisher\":{\"@id\":\"https:\/\/rioonwatch.org.br\/#organization\"},\"potentialAction\":[{\"@type\":\"SearchAction\",\"target\":{\"@type\":\"EntryPoint\",\"urlTemplate\":\"https:\/\/rioonwatch.org.br\/?s={search_term_string}\"},\"query-input\":{\"@type\":\"PropertyValueSpecification\",\"valueRequired\":true,\"valueName\":\"search_term_string\"}}],\"inLanguage\":\"pt-BR\"},{\"@type\":\"Organization\",\"@id\":\"https:\/\/rioonwatch.org.br\/#organization\",\"name\":\"RioOnWatch\",\"url\":\"https:\/\/rioonwatch.org.br\/\",\"logo\":{\"@type\":\"ImageObject\",\"inLanguage\":\"pt-BR\",\"@id\":\"https:\/\/rioonwatch.org.br\/#\/schema\/logo\/image\/\",\"url\":\"https:\/\/rioonwatch.org.br\/wp-content\/uploads\/2021\/06\/RioOnWatchcabecalhoPT11anos-2.png\",\"contentUrl\":\"https:\/\/rioonwatch.org.br\/wp-content\/uploads\/2021\/06\/RioOnWatchcabecalhoPT11anos-2.png\",\"width\":779,\"height\":277,\"caption\":\"RioOnWatch\"},\"image\":{\"@id\":\"https:\/\/rioonwatch.org.br\/#\/schema\/logo\/image\/\"}},{\"@type\":\"Person\",\"@id\":\"https:\/\/rioonwatch.org.br\/#\/schema\/person\/476bc75767957d3535b65b796667cd36\",\"name\":\"Julio Santos Filho\",\"image\":{\"@type\":\"ImageObject\",\"inLanguage\":\"pt-BR\",\"@id\":\"https:\/\/rioonwatch.org.br\/#\/schema\/person\/image\/\",\"url\":\"https:\/\/secure.gravatar.com\/avatar\/ca138f7666182a292a8ce4ca14fb81f8?s=96&d=blank&r=g\",\"contentUrl\":\"https:\/\/secure.gravatar.com\/avatar\/ca138f7666182a292a8ce4ca14fb81f8?s=96&d=blank&r=g\",\"caption\":\"Julio Santos Filho\"},\"url\":\"https:\/\/rioonwatch.org.br\/?author=167\"}]}<\/script>\n<!-- \/ Yoast SEO plugin. -->","yoast_head_json":{"title":"Racismo na Favela: Como os Moradores Entendem o Preconceito Racial [PODCAST] - RioOnWatch","robots":{"index":"index","follow":"follow","max-snippet":"max-snippet:-1","max-image-preview":"max-image-preview:large","max-video-preview":"max-video-preview:-1"},"canonical":"https:\/\/rioonwatch.org.br\/?p=53112","og_locale":"pt_BR","og_type":"article","og_title":"Racismo na Favela: Como os Moradores Entendem o Preconceito Racial [PODCAST] - RioOnWatch","og_description":"Click Here for English\u00a0 Esta mat\u00e9ria faz parte da\u00a0s\u00e9rie do projeto antirracista do RioOnWatch.\u00a0Conhe\u00e7a o nosso projeto que trouxe conte\u00fados midi\u00e1ticos semanais ao longo de 2021:\u00a0Enraizando o Antirracismo nas Favelas. Acesse acima o podcast desta [...]","og_url":"https:\/\/rioonwatch.org.br\/?p=53112","og_site_name":"RioOnWatch","article_published_time":"2021-01-22T16:44:09+00:00","article_modified_time":"2024-05-24T15:34:30+00:00","og_image":[{"width":1477,"height":629,"url":"https:\/\/rioonwatch.org.br\/wp-content\/uploads\/2021\/01\/Racismo-e-Antirracismo-nas-favelas.-Arte-por-David-Amen-1477x629.jpg","type":"image\/jpeg"}],"author":"Julio Santos Filho","twitter_card":"summary_large_image","twitter_misc":{"Escrito por":"Julio Santos Filho","Est. tempo de leitura":"11 minutos"},"schema":{"@context":"https:\/\/schema.org","@graph":[{"@type":"Article","@id":"https:\/\/rioonwatch.org.br\/?p=53112#article","isPartOf":{"@id":"https:\/\/rioonwatch.org.br\/?p=53112"},"author":{"name":"Julio Santos Filho","@id":"https:\/\/rioonwatch.org.br\/#\/schema\/person\/476bc75767957d3535b65b796667cd36"},"headline":"Racismo na Favela: Como os Moradores Entendem o Preconceito Racial [PODCAST]","datePublished":"2021-01-22T16:44:09+00:00","dateModified":"2024-05-24T15:34:30+00:00","mainEntityOfPage":{"@id":"https:\/\/rioonwatch.org.br\/?p=53112"},"wordCount":2043,"publisher":{"@id":"https:\/\/rioonwatch.org.br\/#organization"},"image":{"@id":"https:\/\/rioonwatch.org.br\/?p=53112#primaryimage"},"thumbnailUrl":"https:\/\/rioonwatch.org.br\/wp-content\/uploads\/2021\/01\/Racismo-e-Antirracismo-nas-favelas.-Arte-por-David-Amen.jpg","keywords":["Antirracismo","Black Lives Matter","branquitude","Cachoeiras de Macacu","Cidade de Deus","Complexo do Alem\u00e3o","Di\u00e1spora Africana","EUA","genoc\u00eddio","George Floyd","Guapimirim","negritude","Petr\u00f3polis","Pol\u00edcia Militar","ra\u00e7a","Rio Bonito","Rocinha","S\u00e9rie","S\u00e9rie: Antirracismo","Serop\u00e9dica","viol\u00eancia de Estado","viol\u00eancia policial","viol\u00eancia urbana","Zona Norte","Zona Oeste","Zona Sul"],"articleSection":["*Destaque","Cultura da Favela","Epis\u00f3dios de Podcast","Escrito por Comunicadores Populares"],"inLanguage":"pt-BR"},{"@type":"WebPage","@id":"https:\/\/rioonwatch.org.br\/?p=53112","url":"https:\/\/rioonwatch.org.br\/?p=53112","name":"Racismo na Favela: Como os Moradores Entendem o Preconceito Racial [PODCAST] - RioOnWatch","isPartOf":{"@id":"https:\/\/rioonwatch.org.br\/#website"},"primaryImageOfPage":{"@id":"https:\/\/rioonwatch.org.br\/?p=53112#primaryimage"},"image":{"@id":"https:\/\/rioonwatch.org.br\/?p=53112#primaryimage"},"thumbnailUrl":"https:\/\/rioonwatch.org.br\/wp-content\/uploads\/2021\/01\/Racismo-e-Antirracismo-nas-favelas.-Arte-por-David-Amen.jpg","datePublished":"2021-01-22T16:44:09+00:00","dateModified":"2024-05-24T15:34:30+00:00","breadcrumb":{"@id":"https:\/\/rioonwatch.org.br\/?p=53112#breadcrumb"},"inLanguage":"pt-BR","potentialAction":[{"@type":"ReadAction","target":["https:\/\/rioonwatch.org.br\/?p=53112"]}]},{"@type":"ImageObject","inLanguage":"pt-BR","@id":"https:\/\/rioonwatch.org.br\/?p=53112#primaryimage","url":"https:\/\/rioonwatch.org.br\/wp-content\/uploads\/2021\/01\/Racismo-e-Antirracismo-nas-favelas.-Arte-por-David-Amen.jpg","contentUrl":"https:\/\/rioonwatch.org.br\/wp-content\/uploads\/2021\/01\/Racismo-e-Antirracismo-nas-favelas.-Arte-por-David-Amen.jpg","width":2480,"height":1056,"caption":"Arte original por David Amen"},{"@type":"BreadcrumbList","@id":"https:\/\/rioonwatch.org.br\/?p=53112#breadcrumb","itemListElement":[{"@type":"ListItem","position":1,"name":"In\u00edcio","item":"https:\/\/rioonwatch.org.br\/"},{"@type":"ListItem","position":2,"name":"Racismo na Favela: Como os Moradores Entendem o Preconceito Racial [PODCAST]"}]},{"@type":"WebSite","@id":"https:\/\/rioonwatch.org.br\/#website","url":"https:\/\/rioonwatch.org.br\/","name":"RioOnWatch","description":"relatos das favelas cariocas","publisher":{"@id":"https:\/\/rioonwatch.org.br\/#organization"},"potentialAction":[{"@type":"SearchAction","target":{"@type":"EntryPoint","urlTemplate":"https:\/\/rioonwatch.org.br\/?s={search_term_string}"},"query-input":{"@type":"PropertyValueSpecification","valueRequired":true,"valueName":"search_term_string"}}],"inLanguage":"pt-BR"},{"@type":"Organization","@id":"https:\/\/rioonwatch.org.br\/#organization","name":"RioOnWatch","url":"https:\/\/rioonwatch.org.br\/","logo":{"@type":"ImageObject","inLanguage":"pt-BR","@id":"https:\/\/rioonwatch.org.br\/#\/schema\/logo\/image\/","url":"https:\/\/rioonwatch.org.br\/wp-content\/uploads\/2021\/06\/RioOnWatchcabecalhoPT11anos-2.png","contentUrl":"https:\/\/rioonwatch.org.br\/wp-content\/uploads\/2021\/06\/RioOnWatchcabecalhoPT11anos-2.png","width":779,"height":277,"caption":"RioOnWatch"},"image":{"@id":"https:\/\/rioonwatch.org.br\/#\/schema\/logo\/image\/"}},{"@type":"Person","@id":"https:\/\/rioonwatch.org.br\/#\/schema\/person\/476bc75767957d3535b65b796667cd36","name":"Julio Santos Filho","image":{"@type":"ImageObject","inLanguage":"pt-BR","@id":"https:\/\/rioonwatch.org.br\/#\/schema\/person\/image\/","url":"https:\/\/secure.gravatar.com\/avatar\/ca138f7666182a292a8ce4ca14fb81f8?s=96&d=blank&r=g","contentUrl":"https:\/\/secure.gravatar.com\/avatar\/ca138f7666182a292a8ce4ca14fb81f8?s=96&d=blank&r=g","caption":"Julio Santos Filho"},"url":"https:\/\/rioonwatch.org.br\/?author=167"}]}},"_links":{"self":[{"href":"https:\/\/rioonwatch.org.br\/index.php?rest_route=\/wp\/v2\/posts\/53112"}],"collection":[{"href":"https:\/\/rioonwatch.org.br\/index.php?rest_route=\/wp\/v2\/posts"}],"about":[{"href":"https:\/\/rioonwatch.org.br\/index.php?rest_route=\/wp\/v2\/types\/post"}],"author":[{"embeddable":true,"href":"https:\/\/rioonwatch.org.br\/index.php?rest_route=\/wp\/v2\/users\/167"}],"replies":[{"embeddable":true,"href":"https:\/\/rioonwatch.org.br\/index.php?rest_route=%2Fwp%2Fv2%2Fcomments&post=53112"}],"version-history":[{"count":40,"href":"https:\/\/rioonwatch.org.br\/index.php?rest_route=\/wp\/v2\/posts\/53112\/revisions"}],"predecessor-version":[{"id":53247,"href":"https:\/\/rioonwatch.org.br\/index.php?rest_route=\/wp\/v2\/posts\/53112\/revisions\/53247"}],"wp:featuredmedia":[{"embeddable":true,"href":"https:\/\/rioonwatch.org.br\/index.php?rest_route=\/wp\/v2\/media\/53113"}],"wp:attachment":[{"href":"https:\/\/rioonwatch.org.br\/index.php?rest_route=%2Fwp%2Fv2%2Fmedia&parent=53112"}],"wp:term":[{"taxonomy":"category","embeddable":true,"href":"https:\/\/rioonwatch.org.br\/index.php?rest_route=%2Fwp%2Fv2%2Fcategories&post=53112"},{"taxonomy":"post_tag","embeddable":true,"href":"https:\/\/rioonwatch.org.br\/index.php?rest_route=%2Fwp%2Fv2%2Ftags&post=53112"},{"taxonomy":"writer","embeddable":true,"href":"https:\/\/rioonwatch.org.br\/index.php?rest_route=%2Fwp%2Fv2%2Fwriter&post=53112"},{"taxonomy":"translator","embeddable":true,"href":"https:\/\/rioonwatch.org.br\/index.php?rest_route=%2Fwp%2Fv2%2Ftranslator&post=53112"},{"taxonomy":"source","embeddable":true,"href":"https:\/\/rioonwatch.org.br\/index.php?rest_route=%2Fwp%2Fv2%2Fsource&post=53112"},{"taxonomy":"ilustrador","embeddable":true,"href":"https:\/\/rioonwatch.org.br\/index.php?rest_route=%2Fwp%2Fv2%2Filustrador&post=53112"},{"taxonomy":"fotografo","embeddable":true,"href":"https:\/\/rioonwatch.org.br\/index.php?rest_route=%2Fwp%2Fv2%2Ffotografo&post=53112"}],"curies":[{"name":"wp","href":"https:\/\/api.w.org\/{rel}","templated":true}]}}