{"id":53157,"date":"2021-01-29T13:19:12","date_gmt":"2021-01-29T16:19:12","guid":{"rendered":"https:\/\/rioonwatch.org.br\/?p=53157"},"modified":"2024-05-24T12:34:29","modified_gmt":"2024-05-24T15:34:29","slug":"racismo-religioso-precisamos-falar-sobre-isso-desenraizandoracismo-podcast","status":"publish","type":"post","link":"https:\/\/rioonwatch.org.br\/?p=53157","title":{"rendered":"Racismo Religioso: Precisamos Falar Sobre Isso! [PODCAST]"},"content":{"rendered":"<p style=\"text-align: right;\"><em><strong><a href=\"http:\/\/bit.ly\/3jGTKf0\" target=\"_blank\" rel=\"noopener noreferrer\">Click Here for English<\/a><a href=\"http:\/\/bit.ly\/3jGTKf0\" target=\"_blank\" rel=\"noopener noreferrer\"><img decoding=\"async\" class=\"alignright wp-image-15790\" src=\"http:\/\/rioonwatch.org.br\/wp-content\/uploads\/2012\/08\/EN-standard-e1439583104716.jpg\" alt=\"\" width=\"20\" height=\"20\" \/><\/a><\/strong>\u00a0<\/em><\/p>\n<p><em>Esta mat\u00e9ria faz parte da\u00a0<a href=\"https:\/\/bit.ly\/SerieAntirracista\" rel=\"noopener\">s\u00e9rie do projeto antirracista do RioOnWatch<\/a>.<i data-stringify-type=\"italic\">\u00a0<\/i><\/em><em>Conhe\u00e7a o nosso projeto que trouxe conte\u00fados midi\u00e1ticos semanais ao longo de 2021:\u00a0<i><a href=\"http:\/\/bit.ly\/EnraizandoIntro\" rel=\"noopener\">Enraizando o Antirracismo nas Favelas<\/a>.<\/i><\/em><\/p>\n<p><iframe src=\"https:\/\/w.soundcloud.com\/player\/?url=https%3A\/\/api.soundcloud.com\/tracks\/974444359&amp;color=%23ff5500&amp;auto_play=false&amp;hide_related=false&amp;show_comments=true&amp;show_user=true&amp;show_reposts=false&amp;show_teaser=true\" width=\"100%\" height=\"166\" frameborder=\"no\" scrolling=\"no\"><\/iframe><\/p>\n<div style=\"font-size: 10px; color: #cccccc; line-break: anywhere; word-break: normal; overflow: hidden; white-space: nowrap; text-overflow: ellipsis; font-family: Interstate,Lucida Grande,Lucida Sans Unicode,Lucida Sans,Garuda,Verdana,Tahoma,sans-serif; font-weight: 100;\"><span style=\"color: #333333;\">Ou\u00e7a o podcast desta mat\u00e9ria no<\/span> <a class=\"c-link\" href=\"http:\/\/bit.ly\/3rXxO2j\" target=\"_blank\" rel=\"noopener noreferrer\" data-stringify-link=\"http:\/\/bit.ly\/3rXxO2j\" data-sk=\"tooltip_parent\">SoundCloud<\/a><span style=\"color: #333333;\">,<\/span><a class=\"c-link\" href=\"http:\/\/spoti.fi\/2NvvcK8\" target=\"_blank\" rel=\"noopener noreferrer\" data-stringify-link=\"http:\/\/spoti.fi\/2NvvcK8\" data-sk=\"tooltip_parent\"><span style=\"color: #333333;\">\u00a0<\/span>Spotify<\/a><span style=\"color: #333333;\">,<\/span><a class=\"c-link\" href=\"https:\/\/bit.ly\/2NojyAw\" target=\"_blank\" rel=\"noopener noreferrer\" data-stringify-link=\"https:\/\/bit.ly\/2NojyAw\" data-sk=\"tooltip_parent\"><span style=\"color: #333333;\">\u00a0<\/span>YouTube<\/a>\u00a0<span style=\"color: #333333;\">e<\/span><a class=\"c-link\" href=\"http:\/\/bit.ly\/37gpWkx\" target=\"_blank\" rel=\"noopener noreferrer\" data-stringify-link=\"http:\/\/bit.ly\/37gpWkx\" data-sk=\"tooltip_parent\">\u00a0outros<\/a><span style=\"color: #333333;\">.<\/span><\/div>\n<div>\n<hr \/>\n<\/div>\n<p>O lugar \u00e9 uma igreja, dessas que s\u00e3o universais, mundiais, internacionais, mas nunca s\u00e3o locais ou municipais. Em determinado momento, um rapaz se levanta, m\u00e3os para tr\u00e1s, voz distorcida, anda em dire\u00e7\u00e3o ao altar. O pastor pergunta: \u201cQuem est\u00e1 a\u00ed?\u201d Prontamente o esp\u00edrito se identifica: \u201c<a href=\"http:\/\/bit.ly\/3itmrLP\" target=\"_blank\" rel=\"noopener\">A Pombagira<\/a>!\u201d E segue, dizendo que est\u00e1 levando o tal jovem incorporado\u2014endemoniado ou possu\u00eddo, no jarg\u00e3o mais usual\u2014para a \u201cvida da homossexualidade\u201d. Essa cena \u00e9 t\u00e3o comum que podemos afirmar j\u00e1 t\u00ea-la visto na TV, ao vivo, ou escutado tal di\u00e1logo em alguma r\u00e1dio.<\/p>\n<p><iframe src=\"https:\/\/www.youtube.com\/embed\/6Qq3hTWMDbc\" width=\"1030\" height=\"563\" frameborder=\"0\" allowfullscreen=\"allowfullscreen\"><span data-mce-type=\"bookmark\" style=\"display: inline-block; width: 0px; overflow: hidden; line-height: 0;\" class=\"mce_SELRES_start\">\ufeff<\/span><span data-mce-type=\"bookmark\" style=\"display: inline-block; width: 0px; overflow: hidden; line-height: 0;\" class=\"mce_SELRES_start\">\ufeff<\/span><\/iframe><\/p>\n<p>Sabemos que todas as na\u00e7\u00f5es, ao longo dos tempos, desenvolveram seu relacionamento com o que julgavam ser sagrado: elementos da natureza como rios para determinados povos africanos, montanhas para alguns povos asi\u00e1ticos, astros no caso de alguns povos ind\u00edgenas, o <a href=\"http:\/\/bit.ly\/38Yfkb3\" target=\"_blank\" rel=\"noopener\">solo sagrado de Guarapiranga<\/a>, no caso da <a href=\"http:\/\/bit.ly\/35WQkPL\" target=\"_blank\" rel=\"noopener\">Igreja Messi\u00e2nica<\/a>, montes que s\u00e3o pontos frequentes de ora\u00e7\u00e3o e vig\u00edlia para evang\u00e9licos. Alguns nomes e hist\u00f3rias desses sagrados j\u00e1 nem existem mais. Outros tantos ainda surgir\u00e3o ao longo da hist\u00f3ria. Por que somente um deles estaria correto? E qual \u00e9 o crit\u00e9rio para afirmar que determinada religi\u00e3o \u00e9 certa e outra \u00e9 errada?<\/p>\n<p>Voc\u00ea sabia que a sua religi\u00e3o n\u00e3o existia at\u00e9 um tempo atr\u00e1s? A forma\u00e7\u00e3o religiosa do Brasil se deu com base na <a href=\"http:\/\/bit.ly\/3oY3O5j\" target=\"_blank\" rel=\"noopener\">coloniza\u00e7\u00e3o crist\u00e3 europeia<\/a>, contudo, desde a chegada da Fam\u00edlia Real, em 1808, alguns outros grupos religiosos puderam desenvolver sua f\u00e9 em solo brasileiro. \u00c9 o caso de <a href=\"http:\/\/bit.ly\/39REI1I\" target=\"_blank\" rel=\"noopener\">Anglicanos<\/a> e <a href=\"http:\/\/bit.ly\/2NmH3dr\" target=\"_blank\" rel=\"noopener\">Kardecistas<\/a>. Ao longo do s\u00e9culo XIX, na regi\u00e3o Central do Rio de Janeiro, come\u00e7aram a se estabelecer as chamadas \u201cmacumbas cariocas\u201d, que era um nome muito usado naquele tempo pra se referir \u00e0s religi\u00f5es de matrizes africanas. Essas macumbas eram frequentadas principalmente por pessoas negras e pobres, que moravam em corti\u00e7os da regi\u00e3o ou na primeira favela, hoje conhecida como <a href=\"http:\/\/bit.ly\/2KUZXFB\" target=\"_blank\" rel=\"noopener\">Morro da Provid\u00eancia<\/a>. Essas macumbas cariocas se tornaram lugares de desenvolvimento espiritual e de resist\u00eancia cultural \u00e0s constantes viol\u00eancias impostas aos corpos pretos e ao que eles representam culturalmente neste pa\u00eds. \u00c9 importante destacar que a <a href=\"http:\/\/bit.ly\/38X9h6I\" target=\"_blank\" rel=\"noopener\">Umbanda<\/a>, religi\u00e3o sistematizada no in\u00edcio do s\u00e9culo XX na cidade de <a href=\"http:\/\/bit.ly\/2KWOFkm\" target=\"_blank\" rel=\"noopener\">S\u00e3o Gon\u00e7alo<\/a>, no estado do Rio de Janeiro, teve um crescimento not\u00e1vel agregando negros e pobres e conquistando seu espa\u00e7o tamb\u00e9m entre a classe m\u00e9dia branca fluminense.<\/p>\n<p><a href=\"https:\/\/rioonwatch.org.br\/wp-content\/uploads\/2021\/01\/Morro-da-Favela-1924Tarsila-do-Amaral-oleo-sobre-tela-colecao-Hecilda-e-Sergio-Fadel-Rio-de-Janeiro-Brasil.jpg\"><img fetchpriority=\"high\" decoding=\"async\" class=\"aligncenter wp-image-53174\" title=\"'Morro da Favela', 1924,Tarsila do Amaral, \u00f3leo sobre tela, cole\u00e7\u00e3o Hecilda e S\u00e9rgio Fadel, Rio de Janeiro, Brasil\" src=\"https:\/\/rioonwatch.org.br\/wp-content\/uploads\/2021\/01\/Morro-da-Favela-1924Tarsila-do-Amaral-oleo-sobre-tela-colecao-Hecilda-e-Sergio-Fadel-Rio-de-Janeiro-Brasil.jpg\" alt=\"'Morro da Favela', 1924,Tarsila do Amaral, \u00f3leo sobre tela, cole\u00e7\u00e3o Hecilda e S\u00e9rgio Fadel, Rio de Janeiro, Brasil\" width=\"1030\" height=\"869\" srcset=\"https:\/\/rioonwatch.org.br\/wp-content\/uploads\/2021\/01\/Morro-da-Favela-1924Tarsila-do-Amaral-oleo-sobre-tela-colecao-Hecilda-e-Sergio-Fadel-Rio-de-Janeiro-Brasil.jpg 2048w, https:\/\/rioonwatch.org.br\/wp-content\/uploads\/2021\/01\/Morro-da-Favela-1924Tarsila-do-Amaral-oleo-sobre-tela-colecao-Hecilda-e-Sergio-Fadel-Rio-de-Janeiro-Brasil-620x523.jpg 620w, https:\/\/rioonwatch.org.br\/wp-content\/uploads\/2021\/01\/Morro-da-Favela-1924Tarsila-do-Amaral-oleo-sobre-tela-colecao-Hecilda-e-Sergio-Fadel-Rio-de-Janeiro-Brasil-1024x864.jpg 1024w, https:\/\/rioonwatch.org.br\/wp-content\/uploads\/2021\/01\/Morro-da-Favela-1924Tarsila-do-Amaral-oleo-sobre-tela-colecao-Hecilda-e-Sergio-Fadel-Rio-de-Janeiro-Brasil-313x264.jpg 313w, https:\/\/rioonwatch.org.br\/wp-content\/uploads\/2021\/01\/Morro-da-Favela-1924Tarsila-do-Amaral-oleo-sobre-tela-colecao-Hecilda-e-Sergio-Fadel-Rio-de-Janeiro-Brasil-768x648.jpg 768w, https:\/\/rioonwatch.org.br\/wp-content\/uploads\/2021\/01\/Morro-da-Favela-1924Tarsila-do-Amaral-oleo-sobre-tela-colecao-Hecilda-e-Sergio-Fadel-Rio-de-Janeiro-Brasil-1536x1296.jpg 1536w\" sizes=\"(max-width: 1030px) 100vw, 1030px\" \/><\/a><\/p>\n<p>Com o fortalecimento do movimento pentecostal, igrejas como a <a href=\"http:\/\/bit.ly\/2LDuYQA\" target=\"_blank\" rel=\"noopener\">Congrega\u00e7\u00e3o Crist\u00e3 no Brasil<\/a> (1910), <a href=\"http:\/\/bit.ly\/2rmyrTE\" target=\"_blank\" rel=\"noopener\">Assembl\u00e9ia de Deus<\/a> (1911), <a href=\"http:\/\/bit.ly\/39IQQBX\" target=\"_blank\" rel=\"noopener\">O Brasil para Cristo<\/a> (1955\/1956) e <a href=\"http:\/\/bit.ly\/2LKZAzu\" target=\"_blank\" rel=\"noopener\">Deus \u00e9 Amor<\/a> (1962) surgiram e se consolidaram, sobretudo, entre os mais pobres. O forte discurso de ataque \u00e0s religi\u00f5es de matrizes africanas ganhou espa\u00e7o fazendo com que <a href=\"http:\/\/bit.ly\/2XTgONt\" target=\"_blank\" rel=\"noopener\">negros e pobres se aliassem a estas organiza\u00e7\u00f5es religiosas<\/a> gerando assim outras igrejas chamadas de neopentecostais como a <a href=\"http:\/\/bit.ly\/2qNn23c\" target=\"_blank\" rel=\"noopener\">Igreja Universal do Reino de Deus<\/a> (1977), <a href=\"http:\/\/bit.ly\/3o6wWGl\" target=\"_blank\" rel=\"noopener\">Igreja Internacional da Gra\u00e7a de Deus<\/a> (1980), <a href=\"http:\/\/bit.ly\/38ZNz25\" target=\"_blank\" rel=\"noopener\">Igreja Renascer em Cristo<\/a> (1986) e <a href=\"http:\/\/bit.ly\/3sM7Hg3\" target=\"_blank\" rel=\"noopener\">Igreja Mundial do Poder de Deus<\/a> (1998). As maiores igrejas foram citadas aqui, mas n\u00e3o dar\u00edamos conta de listar tantas outras que iniciaram seus trabalhos e n\u00e3o foram \u00e0 frente por diversos motivos. Isso n\u00e3o ocorre s\u00f3 com igrejas evang\u00e9licas. Diversas outras religi\u00f5es desapareceram \u00e0 medida que a cultura e os povos que as sustentavam desapareceram tamb\u00e9m. As religi\u00f5es dos povos origin\u00e1rios do Brasil e do continente americano s\u00e3o exemplos de como a viol\u00eancia colonial visa exterminar vis\u00f5es de mundo que n\u00e3o colaboram com a sua expans\u00e3o.<\/p>\n<p>Pois \u00e9! Religi\u00e3o \u00e9 uma manifesta\u00e7\u00e3o da cultura de determinado povo e est\u00e1 ligada a esse povo e ao territ\u00f3rio no qual ele habita. A religi\u00e3o \u00e9 fruto da rela\u00e7\u00e3o de um povo com o seu sagrado e deste sagrado com os sagrados de outros povos. J\u00e1 reparou que a igreja da sua rua provavelmente \u00e9 diferente da igreja de mesmo nome l\u00e1 do outro bairro na outra ponta da cidade?<\/p>\n<p><a href=\"https:\/\/rioonwatch.org.br\/wp-content\/uploads\/2021\/01\/Ato-interreligioso.-Foto-de-Luciney-Martins.jpg\"><img decoding=\"async\" class=\"alignright wp-image-53164\" title=\"Ato interreligioso. Foto por: Luciney Martins\" src=\"https:\/\/rioonwatch.org.br\/wp-content\/uploads\/2021\/01\/Ato-interreligioso.-Foto-de-Luciney-Martins-620x264.jpg\" alt=\"Ato interreligioso. Foto por: Luciney Martins\" width=\"500\" height=\"314\" srcset=\"https:\/\/rioonwatch.org.br\/wp-content\/uploads\/2021\/01\/Ato-interreligioso.-Foto-de-Luciney-Martins-620x389.jpg 620w, https:\/\/rioonwatch.org.br\/wp-content\/uploads\/2021\/01\/Ato-interreligioso.-Foto-de-Luciney-Martins-420x264.jpg 420w, https:\/\/rioonwatch.org.br\/wp-content\/uploads\/2021\/01\/Ato-interreligioso.-Foto-de-Luciney-Martins-768x482.jpg 768w, https:\/\/rioonwatch.org.br\/wp-content\/uploads\/2021\/01\/Ato-interreligioso.-Foto-de-Luciney-Martins.jpg 780w\" sizes=\"(max-width: 500px) 100vw, 500px\" \/><\/a><\/p>\n<p>Infelizmente, ensinaram para a gente que a verdade est\u00e1 em nossas m\u00e3os e isso \u00e9 muito prejudicial a n\u00f3s todos e todas! J\u00e1 pensou se todo mundo pensasse igual? Que saco seria viver nesse mundo! A diversidade faz com que nosso mundo seja mais bonito e com que cada uma de n\u00f3s tenha assunto, perspectivas e pontos de vista diferentes sobre o mesmo tema.<\/p>\n<p><a href=\"https:\/\/rioonwatch.org.br\/wp-content\/uploads\/2021\/01\/Integrantes-da-Frente-de-evangelicos-pelo-estado-de-Direito-na-Passeata-em-defesa-da-liberdade-religiosa-em-Nova-Iguacu-2019.-Foto-por-@dmesquitt.jpg\"><img loading=\"lazy\" decoding=\"async\" class=\"alignright wp-image-53165\" title=\"Integrantes da Frente de evang\u00e9licos pelo estado de Direito na Passeata em defesa da liberdade religiosa em Nova Igua\u00e7u, 2019. Foto por: @dmesquitt\" src=\"https:\/\/rioonwatch.org.br\/wp-content\/uploads\/2021\/01\/Integrantes-da-Frente-de-evangelicos-pelo-estado-de-Direito-na-Passeata-em-defesa-da-liberdade-religiosa-em-Nova-Iguacu-2019.-Foto-por-@dmesquitt-620x413.jpg\" alt=\"Integrantes da Frente de evang\u00e9licos pelo estado de Direito na Passeata em defesa da liberdade religiosa em Nova Igua\u00e7u, 2019. Foto por: @dmesquitt\" width=\"500\" height=\"333\" srcset=\"https:\/\/rioonwatch.org.br\/wp-content\/uploads\/2021\/01\/Integrantes-da-Frente-de-evangelicos-pelo-estado-de-Direito-na-Passeata-em-defesa-da-liberdade-religiosa-em-Nova-Iguacu-2019.-Foto-por-@dmesquitt-620x413.jpg 620w, https:\/\/rioonwatch.org.br\/wp-content\/uploads\/2021\/01\/Integrantes-da-Frente-de-evangelicos-pelo-estado-de-Direito-na-Passeata-em-defesa-da-liberdade-religiosa-em-Nova-Iguacu-2019.-Foto-por-@dmesquitt-1024x683.jpg 1024w, https:\/\/rioonwatch.org.br\/wp-content\/uploads\/2021\/01\/Integrantes-da-Frente-de-evangelicos-pelo-estado-de-Direito-na-Passeata-em-defesa-da-liberdade-religiosa-em-Nova-Iguacu-2019.-Foto-por-@dmesquitt-396x264.jpg 396w, https:\/\/rioonwatch.org.br\/wp-content\/uploads\/2021\/01\/Integrantes-da-Frente-de-evangelicos-pelo-estado-de-Direito-na-Passeata-em-defesa-da-liberdade-religiosa-em-Nova-Iguacu-2019.-Foto-por-@dmesquitt-768x512.jpg 768w, https:\/\/rioonwatch.org.br\/wp-content\/uploads\/2021\/01\/Integrantes-da-Frente-de-evangelicos-pelo-estado-de-Direito-na-Passeata-em-defesa-da-liberdade-religiosa-em-Nova-Iguacu-2019.-Foto-por-@dmesquitt-1536x1024.jpg 1536w, https:\/\/rioonwatch.org.br\/wp-content\/uploads\/2021\/01\/Integrantes-da-Frente-de-evangelicos-pelo-estado-de-Direito-na-Passeata-em-defesa-da-liberdade-religiosa-em-Nova-Iguacu-2019.-Foto-por-@dmesquitt.jpg 2048w\" sizes=\"(max-width: 500px) 100vw, 500px\" \/><\/a><\/p>\n<p>Desde ent\u00e3o, algumas pessoas resolveram eleger um inimigo em comum para afirmarem sua verdade como a \u00fanica poss\u00edvel e usaram uma estrutura j\u00e1 existente para ficar mais f\u00e1cil convencer as pessoas disso: o racismo estrutural! A psic\u00f3loga <a href=\"http:\/\/bit.ly\/3biQV1M\" target=\"_blank\" rel=\"noopener\">Grada Kilomba<\/a> diz em seu livro <em>Mem\u00f3rias da Planta\u00e7\u00e3o: Epis\u00f3dios de Racismo Cotidiano<\/em>, de 2019, que \u201co racismo \u00e9 revelado em um n\u00edvel estrutural, pois pessoas negras e <em>people of color<\/em> est\u00e3o exclu\u00eddas da maioria das estruturas sociais e pol\u00edticas. Estruturas oficiais operam de uma maneira que privilegia manifestadamente seus sujeitos brancos, colocando membros de outros grupos racializados em uma desvantagem vis\u00edvel, fora das estruturas dominantes. Isso \u00e9 chamado de <a href=\"https:\/\/bit.ly\/2NjlRF4\" target=\"_blank\" rel=\"noopener\">racismo estrutural<\/a>.\u201d<\/p>\n<p>A vendedora Amanda Santos, moradora do AP do Itarar\u00e9, no <a href=\"http:\/\/bit.ly\/2ykrUy9\" target=\"_blank\" rel=\"noopener\">Complexo do Alem\u00e3o<\/a> destaca em entrevista que o racismo \u201c\u00e9 uma forma de demonstrar, de externar que o branco, que se julga uma ra\u00e7a superior, mesmo n\u00e3o sendo, obviamente, tenta anular os negros e as demais etnias\u201d.<\/p>\n<p><a href=\"https:\/\/rioonwatch.org.br\/wp-content\/uploads\/2021\/01\/Tweet-racista-do-deputado-Marco-Feliciano.-e1611012931560.jpg\"><img loading=\"lazy\" decoding=\"async\" class=\"alignright wp-image-53166\" title=\"Tweet racista do deputado Marco Feliciano.\" src=\"https:\/\/rioonwatch.org.br\/wp-content\/uploads\/2021\/01\/Tweet-racista-do-deputado-Marco-Feliciano.-e1611012931560.jpg\" alt=\"Tweet racista do deputado Marco Feliciano.\" width=\"300\" height=\"162\" srcset=\"https:\/\/rioonwatch.org.br\/wp-content\/uploads\/2021\/01\/Tweet-racista-do-deputado-Marco-Feliciano.-e1611012931560.jpg 578w, https:\/\/rioonwatch.org.br\/wp-content\/uploads\/2021\/01\/Tweet-racista-do-deputado-Marco-Feliciano.-e1611012931560-488x264.jpg 488w\" sizes=\"(max-width: 300px) 100vw, 300px\" \/><\/a>Quando a gente acredita que determinada \u201cra\u00e7a\u201d \u00e9 melhor do que a outra, se torna natural defendermos e darmos prefer\u00eancia a um e n\u00e3o ao outro. Por isso o racismo \u00e9 t\u00e3o nocivo para a nossa sociedade, ele divide e prejudica determinados grupos <a href=\"http:\/\/glo.bo\/38W7iiU\" target=\"_blank\" rel=\"noopener\">dando vantagem a outros<\/a>. Todos sabemos como o tratamento do Estado brasileiro \u00e9 diferente entre brancos e negros. Quantas pessoas em situa\u00e7\u00e3o de rua que vemos todos os dias s\u00e3o brancas? E quantos m\u00e9dicos negros se formam nas universidades p\u00fablicas brasileiras? Um m\u00e9dico que acredita que brancos s\u00e3o melhores que negros vai tratar brancos de forma mais digna. Um l\u00edder religioso que acredita que determinada religi\u00e3o \u00e9 pior do que a outra vai ensinar seus fi\u00e9is a combater os outros com o objetivo de elimin\u00e1-los, julgando-os como pr\u00e1ticas her\u00e9ticas, magia <em>negra<\/em>, bruxaria. Temos exemplos disso no legislativo brasileiro onde constantemente leis s\u00e3o votadas para dificultar a pr\u00e1tica do culto afro-brasileiro, leis que confundem e criam animosidades entre a sociedade e praticantes das religi\u00f5es afro. Em 2019, o <a href=\"http:\/\/bit.ly\/3sGrNIs\" target=\"_blank\" rel=\"noopener\">Supremo Tribunal Federal decidiu<\/a> que \u00e9 constitucional o sacrif\u00edcio de animais em cultos religiosos de matriz africana e p\u00f4s fim \u00e0s diversas tentativas de criminalizar a pr\u00e1tica ancestral de alimenta\u00e7\u00e3o dos povos de terreiro.<\/p>\n<p>Essa mensagem foi postada no Twitter do deputado federal <a href=\"https:\/\/bit.ly\/3qru746\" target=\"_blank\" rel=\"noopener\">Marco Feliciano<\/a> (<a href=\"http:\/\/bit.ly\/2TnmhKo\" target=\"_blank\" rel=\"noopener\">PSC<\/a>-SP) e logo depois da repercuss\u00e3o negativa que o tweet causou, foi apagada por ele. Mas at\u00e9 mesmo <a href=\"https:\/\/bit.ly\/3oXefpy\" target=\"_blank\" rel=\"noopener\">durante cultos televisionados a partir de sua igreja ele admite e reafirma sua fala racista como teologia<\/a>.<\/p>\n<h3>Quando foi que a gente passou a achar esse tipo de postura aceit\u00e1vel?<\/h3>\n<p><a href=\"https:\/\/rioonwatch.org.br\/wp-content\/uploads\/2021\/01\/Kabengele-Mununga..jpg\"><img loading=\"lazy\" decoding=\"async\" class=\"alignright wp-image-53175\" title=\"Kabengele Mununga\" src=\"https:\/\/rioonwatch.org.br\/wp-content\/uploads\/2021\/01\/Kabengele-Mununga..jpg\" alt=\"Kabengele Mununga\" width=\"300\" height=\"259\" srcset=\"https:\/\/rioonwatch.org.br\/wp-content\/uploads\/2021\/01\/Kabengele-Mununga..jpg 551w, https:\/\/rioonwatch.org.br\/wp-content\/uploads\/2021\/01\/Kabengele-Mununga.-306x264.jpg 306w\" sizes=\"(max-width: 300px) 100vw, 300px\" \/><\/a><\/p>\n<p>Discursos como estes fazem com que as pessoas entendam praticantes das religi\u00f5es africanas como amaldi\u00e7oados, menos humanos, frutos do mal e isso os torna vulner\u00e1veis a todo o tipo de viol\u00eancia.<\/p>\n<p>O professor <a href=\"https:\/\/bit.ly\/3iwd51R\" target=\"_blank\" rel=\"noopener\">Kabengele Munanga<\/a> em seu texto <em>Uma Abordagem Conceitual das No\u00e7\u00f5es de Ra\u00e7a, Racismo, Identidade e Etnia<\/em>, de 2004, conceitua racismo como \u201cuma cren\u00e7a na exist\u00eancia das ra\u00e7as naturalmente hierarquizadas pela rela\u00e7\u00e3o intr\u00ednseca entre o f\u00edsico e o moral, o f\u00edsico e o intelecto, o f\u00edsico e o cultural.\u201d<\/p>\n<p>Em outras palavras, podemos entender tamb\u00e9m que o racismo \u00e9 a cren\u00e7a de que determinadas pessoas s\u00e3o melhores do que as outras devido \u00e0 sua origem ou \u00e0 cor de sua pele. Esse conjunto de caracter\u00edsticas que chamamos de ra\u00e7a \u00e9 constru\u00eddo no nosso imagin\u00e1rio principalmente atrav\u00e9s da nossa educa\u00e7\u00e3o, ci\u00eancias, arte, teologia, paisagem e etc\u2026<\/p>\n<p>Toda vez que vemos em um templo religioso uma men\u00e7\u00e3o direta a outra religi\u00e3o como algo negativo, precisamos nos fazer a seguinte pergunta: a quem isso est\u00e1 beneficiando?<\/p>\n<blockquote class=\"twitter-tweet\">\n<p dir=\"ltr\" lang=\"pt\">Pedir a ben\u00e7\u00e3o pras nossas mais velhas \u00e9 uma coisa que aprendemos desde cedo no terreiro. Aprender com os mais experientes \u00e9 um fundamento tamb\u00e9m do cristianismo. Mas na verdade, tudo isso \u00e9 ensinamento do povo negro, em di\u00e1spora, desde sempre: nossos passos vieram de longe.<\/p>\n<p>\u2014 Pastor Henrique Vieira (@pastorhenriquev) <a href=\"https:\/\/twitter.com\/pastorhenriquev\/status\/1327248094824689665?ref_src=twsrc%5Etfw\">November 13, 2020<\/a><\/p><\/blockquote>\n<p><script async src=\"https:\/\/platform.twitter.com\/widgets.js\" charset=\"utf-8\"><\/script><\/p>\n<p>Algumas pessoas travam cruzadas e guerras santas contra inimigos em comum e esse inimigo tem diferentes origens \u00e9tnicas, apesar de serem geograficamente muito bem definidas: <em>s\u00e3o de \u00c1frica<\/em>. Inimigos que tamb\u00e9m t\u00eam cor de pele ou cor de f\u00e9: s\u00e3o (quase) sempre entidades sagradas negras das religi\u00f5es vindas da \u00c1frica as v\u00edtimas da intoler\u00e2ncia religiosa racista. Porque voc\u00ea nunca viu <a href=\"http:\/\/bit.ly\/2XSkfE2\" target=\"_blank\" rel=\"noopener\">Shiva<\/a>, <a href=\"http:\/\/bit.ly\/3sFEdQz\" target=\"_blank\" rel=\"noopener\">Vishnu<\/a> ou <a href=\"http:\/\/bit.ly\/3itqis9\" target=\"_blank\" rel=\"noopener\">Thor<\/a> \u201cbaixando\u201d nessas igrejas? Por que os inimigos eleitos s\u00e3o sempre de uma s\u00f3 matriz religiosa e vem de um s\u00f3 lugar do mundo? O racismo \u00e9 este fen\u00f4meno e quando est\u00e1 na religi\u00e3o se mostra como racismo religioso, fazendo com que as pessoas acreditem que a verdade delas \u00e9 melhor do que a verdade do outro, que elejam o outro e suas cren\u00e7as pretensamente demon\u00edacas e impuras como o inimigo e n\u00e3o se questionem a raz\u00e3o de serem sempre as mesmas entidades espirituais a se manifestarem e a serem combatidas e expulsas em cultos, sempre em nome de Jesus, de um <a href=\"http:\/\/bit.ly\/38V8rYe\" target=\"_blank\" rel=\"noopener\">Jesus branco de olhos azuis<\/a>.<\/p>\n<p>O <a href=\"http:\/\/glo.bo\/2XWPz4C\" target=\"_blank\" rel=\"noopener\">racismo naturaliza a opress\u00e3o \u00e0s pessoas negras em todos os campos de suas vidas<\/a>, inclusive em sua espiritualidade e em sua f\u00e9. Temos acompanhado, desde os tempos coloniais, a viol\u00eancia sistem\u00e1tica contra pessoas de <a href=\"http:\/\/bit.ly\/35UvAYO\" target=\"_blank\" rel=\"noopener\">religi\u00f5es de matrizes afro-brasileiras<\/a>, como a <a href=\"http:\/\/bit.ly\/38Vqj5a\" target=\"_blank\" rel=\"noopener\">Umbanda<\/a> ou o <a href=\"http:\/\/bit.ly\/366wpNu\" target=\"_blank\" rel=\"noopener\">Candombl\u00e9<\/a>. Ataques a templos, coa\u00e7\u00e3o do uso dos espa\u00e7os p\u00fablicos para rituais, bullying com crian\u00e7as iniciadas nas escolas, um <a href=\"http:\/\/glo.bo\/3qMbrwf\" target=\"_blank\" rel=\"noopener\">caso emblem\u00e1tico<\/a> deste tipo de viol\u00eancia foi o da menina Kaylane, 11, que foi agredida com uma pedrada em 2015, na zona norte do Rio de Janeiro, quando sa\u00eda de seu <em>ax\u00e9<\/em> com sua fam\u00edlia.<\/p>\n<p><a href=\"https:\/\/rioonwatch.org.br\/wp-content\/uploads\/2021\/01\/Fieis-de-religioes-de-matrizes-afro-na-Passeata-em-defesa-da-liberdade-religiosa-em-Nova-Iguacu-2019.-Foto-por-@dmesquitt.jpg\"><img loading=\"lazy\" decoding=\"async\" class=\"aligncenter wp-image-53168\" title=\"Fi\u00e9is de religi\u00f5es de matrizes afro na Passeata em defesa da liberdade religiosa em Nova Igua\u00e7u, 2019. Foto por: @dmesquitt\" src=\"https:\/\/rioonwatch.org.br\/wp-content\/uploads\/2021\/01\/Fieis-de-religioes-de-matrizes-afro-na-Passeata-em-defesa-da-liberdade-religiosa-em-Nova-Iguacu-2019.-Foto-por-@dmesquitt.jpg\" alt=\"Fi\u00e9is de religi\u00f5es de matrizes afro na Passeata em defesa da liberdade religiosa em Nova Igua\u00e7u, 2019. Foto por: @dmesquitt\" width=\"1030\" height=\"686\" srcset=\"https:\/\/rioonwatch.org.br\/wp-content\/uploads\/2021\/01\/Fieis-de-religioes-de-matrizes-afro-na-Passeata-em-defesa-da-liberdade-religiosa-em-Nova-Iguacu-2019.-Foto-por-@dmesquitt.jpg 2048w, https:\/\/rioonwatch.org.br\/wp-content\/uploads\/2021\/01\/Fieis-de-religioes-de-matrizes-afro-na-Passeata-em-defesa-da-liberdade-religiosa-em-Nova-Iguacu-2019.-Foto-por-@dmesquitt-620x413.jpg 620w, https:\/\/rioonwatch.org.br\/wp-content\/uploads\/2021\/01\/Fieis-de-religioes-de-matrizes-afro-na-Passeata-em-defesa-da-liberdade-religiosa-em-Nova-Iguacu-2019.-Foto-por-@dmesquitt-1024x683.jpg 1024w, https:\/\/rioonwatch.org.br\/wp-content\/uploads\/2021\/01\/Fieis-de-religioes-de-matrizes-afro-na-Passeata-em-defesa-da-liberdade-religiosa-em-Nova-Iguacu-2019.-Foto-por-@dmesquitt-396x264.jpg 396w, https:\/\/rioonwatch.org.br\/wp-content\/uploads\/2021\/01\/Fieis-de-religioes-de-matrizes-afro-na-Passeata-em-defesa-da-liberdade-religiosa-em-Nova-Iguacu-2019.-Foto-por-@dmesquitt-768x512.jpg 768w, https:\/\/rioonwatch.org.br\/wp-content\/uploads\/2021\/01\/Fieis-de-religioes-de-matrizes-afro-na-Passeata-em-defesa-da-liberdade-religiosa-em-Nova-Iguacu-2019.-Foto-por-@dmesquitt-1536x1024.jpg 1536w\" sizes=\"(max-width: 1030px) 100vw, 1030px\" \/><\/a><\/p>\n<p>No Brasil, o Minist\u00e9rio da Mulher, da Fam\u00edlia e dos Direitos Humanos \u00e9 o respons\u00e1vel pelo <a href=\"http:\/\/bit.ly\/2N8sGsP\" target=\"_blank\" rel=\"noopener\">Disque 100<\/a>, central telef\u00f4nica respons\u00e1vel por registrar casos de intoler\u00e2ncia religiosa e outras ocorr\u00eancias. Segundo <a href=\"https:\/\/bit.ly\/35Td4jA\" target=\"_blank\" rel=\"noopener\">dados oficiais<\/a> do Disque 100, em 2017, de todas as ocorr\u00eancias, as religi\u00f5es de matrizes africanas somaram 144 enquanto cat\u00f3licos somaram 31 e evang\u00e9licos 27. Em 2018, os segmentos mais atingidos foram, novamente, as religi\u00f5es de matrizes africanas (147), testemunhas de Jeov\u00e1 (31) e evang\u00e9licos (23).<\/p>\n<p><a href=\"https:\/\/rioonwatch.org.br\/wp-content\/uploads\/2021\/01\/Disque-100-Ministerio-da-Mulher-da-Familia-e-dos-Direitos-Humanos.png\"><img loading=\"lazy\" decoding=\"async\" class=\"alignright wp-image-53160\" title=\"Disque 100, Minist\u00e9rio da Mulher, da Fam\u00edlia e dos Direitos Humanos\" src=\"https:\/\/rioonwatch.org.br\/wp-content\/uploads\/2021\/01\/Disque-100-Ministerio-da-Mulher-da-Familia-e-dos-Direitos-Humanos-461x264.png\" alt=\"Disque 100, Minist\u00e9rio da Mulher, da Fam\u00edlia e dos Direitos Humanos\" width=\"300\" height=\"191\" srcset=\"https:\/\/rioonwatch.org.br\/wp-content\/uploads\/2021\/01\/Disque-100-Ministerio-da-Mulher-da-Familia-e-dos-Direitos-Humanos-414x264.png 414w, https:\/\/rioonwatch.org.br\/wp-content\/uploads\/2021\/01\/Disque-100-Ministerio-da-Mulher-da-Familia-e-dos-Direitos-Humanos.png 461w\" sizes=\"(max-width: 300px) 100vw, 300px\" \/><\/a>Precisamos lembrar que o Brasil \u00e9 um pa\u00eds laico, ou seja, n\u00e3o professa oficialmente f\u00e9 alguma. Al\u00e9m disso, \u00e9 proibido discriminar algu\u00e9m por sua f\u00e9: \u00e9 crime de acordo com a <a href=\"https:\/\/bit.ly\/3nYVh0k\" target=\"_blank\" rel=\"noopener\">Lei n\u00ba 7.716, de 5 de janeiro de 1989<\/a>, alterada pela <a href=\"https:\/\/bit.ly\/2LCoeSZ\" target=\"_blank\" rel=\"noopener\">Lei n\u00ba 9.459, de 15 de maio de 1997<\/a>.<\/p>\n<p>&nbsp;<\/p>\n<p>A melhor forma de garantir a pr\u00f3pria liberdade \u00e9 zelando pela liberdade do outro. Para evitar problemas maiores, ao se sentir violado ou discriminado em sua liberdade religiosa, re\u00fana provas: v\u00eddeos, \u00e1udios, <em>prints<\/em> das redes sociais, testemunhas de amea\u00e7as, agress\u00f5es e\/ou inj\u00farias p\u00fablicas, dentre outros. E, na d\u00favida, procure imediatamente \u00e0s autoridades: Disque 100!<\/p>\n<p><a href=\"https:\/\/rioonwatch.org.br\/wp-content\/uploads\/2021\/01\/Racismo-Religioso-Precisamos-Falar-Sobre-Isso-DesenraizandoRacismo-por-Natalia-S-Flores-scaled.jpg\"><img loading=\"lazy\" decoding=\"async\" class=\"aligncenter wp-image-53162 size-mh-magazine-slider\" title=\"Racismo Religioso Precisamos Falar Sobre Isso! #DesenraizandoRacismo por Natalia S Flores\" src=\"https:\/\/rioonwatch.org.br\/wp-content\/uploads\/2021\/01\/Racismo-Religioso-Precisamos-Falar-Sobre-Isso-DesenraizandoRacismo-por-Natalia-S-Flores-1030x438.jpg\" alt=\"Racismo Religioso Precisamos Falar Sobre Isso! #DesenraizandoRacismo por Natalia S Flores\" width=\"1030\" height=\"438\" srcset=\"https:\/\/rioonwatch.org.br\/wp-content\/uploads\/2021\/01\/Racismo-Religioso-Precisamos-Falar-Sobre-Isso-DesenraizandoRacismo-por-Natalia-S-Flores-1030x438.jpg 1030w, https:\/\/rioonwatch.org.br\/wp-content\/uploads\/2021\/01\/Racismo-Religioso-Precisamos-Falar-Sobre-Isso-DesenraizandoRacismo-por-Natalia-S-Flores-620x264.jpg 620w, https:\/\/rioonwatch.org.br\/wp-content\/uploads\/2021\/01\/Racismo-Religioso-Precisamos-Falar-Sobre-Isso-DesenraizandoRacismo-por-Natalia-S-Flores-940x400.jpg 940w\" sizes=\"(max-width: 1030px) 100vw, 1030px\" \/><\/a><\/p>\n<p><em>Sobre o autor: Jeferson Rodrigues \u00e9 cria do Complexo do Alem\u00e3o, de 34 anos, se formou professor de geografia pela Universidade Estadual do Rio de Janeiro (UERJ). Especialista em Administra\u00e7\u00e3o P\u00fablica pelo CEPERJ. Usa suas redes sociais para falar sobre a quest\u00e3o racial e a espiritualidade. Mant\u00e9m o canal <a href=\"http:\/\/bit.ly\/39MhREv\" target=\"_blank\" rel=\"noopener\">Dide<\/a> no YouTube onde dialoga sobre a quest\u00e3o racial entre integrantes das religi\u00f5es de matrizes afro-brasileiras.<\/em><\/p>\n<p><em>Sobre a artista: <span class=\"il\">Natalia<\/span>\u00a0de Souza\u00a0<span class=\"il\">Flores \u00e9<\/span> cria da Zona Norte e integrante das Brabas Crew. Formada em Design Gr\u00e1fico pela Unigranrio em 2017, trabalha como designer desde 2015. Lan\u00e7ou a revista em quadrinhos coletiva \u2018T\u00e1 no Gibi\u2019, em 2017 na Bienal do Livro. Sua tem\u00e1tica principal \u00e9 afro usando elementos cyberpunk, wica e ind\u00edgena.<\/em><\/p>\n<p><em>Esta mat\u00e9ria faz parte da\u00a0<a href=\"https:\/\/bit.ly\/SerieAntirracista\" rel=\"noopener\">s\u00e9rie do projeto antirracista do RioOnWatch<\/a>.<i data-stringify-type=\"italic\">\u00a0<\/i><\/em><em>Conhe\u00e7a o nosso projeto que trouxe conte\u00fados midi\u00e1ticos semanais ao longo de 2021:\u00a0<i><a href=\"http:\/\/bit.ly\/EnraizandoIntro\" rel=\"noopener\">Enraizando o Antirracismo nas Favelas<\/a>.<\/i><\/em><\/p>\n<h4><b data-stringify-type=\"bold\">Compartilhe com a gente a sua opini\u00e3o sobre essa mat\u00e9ria\u00a0<\/b><b data-stringify-type=\"bold\"><a class=\"c-link\" href=\"https:\/\/bit.ly\/OpineAntirracismo\" target=\"_blank\" rel=\"noopener noreferrer\" data-stringify-link=\"https:\/\/docs.google.com\/forms\/d\/e\/1FAIpQLSc6PJwxQ0eapYlfSfsr8fyibg8ODzXKpGhJjXe2-8Bbxrtp1g\/viewform\" data-sk=\"tooltip_parent\">clicando aqui<\/a>.<\/b><\/h4>\n<hr \/>\n<h4><strong>Apoie nossos esfor\u00e7os para fornecer assist\u00eancia estrat\u00e9gica \u00e0s favelas do Rio, incluindo o jornalismo hiperlocal, cr\u00edtico, inovador e incans\u00e1vel do\u00a0<em>RioOnWatch<\/em><\/strong>\u2014<a href=\"http:\/\/bit.ly\/CatalisandoComunidades\">doe aqui<\/a>.<\/h4>\n<!-- AddThis Advanced Settings generic via filter on the_content --><!-- AddThis Share Buttons generic via filter on the_content -->","protected":false},"excerpt":{"rendered":"<div class=\"mh-excerpt\"><p>Click Here for English\u00a0 Esta mat\u00e9ria faz parte da\u00a0s\u00e9rie do projeto antirracista do RioOnWatch.\u00a0Conhe\u00e7a o nosso projeto que trouxe conte\u00fados midi\u00e1ticos semanais ao longo de 2021:\u00a0Enraizando o Antirracismo nas Favelas. Ou\u00e7a o podcast desta mat\u00e9ria <a class=\"mh-excerpt-more\" href=\"https:\/\/rioonwatch.org.br\/?p=53157\" title=\"Racismo Religioso: Precisamos Falar Sobre Isso! [PODCAST]\">[&#8230;]<\/a><!-- AddThis Advanced Settings generic via filter on get_the_excerpt --><!-- AddThis Share Buttons generic via filter on get_the_excerpt --><\/p>\n<\/div>","protected":false},"author":167,"featured_media":53162,"comment_status":"closed","ping_status":"closed","sticky":false,"template":"template-full.php","format":"standard","meta":{"_acf_changed":false,"_monsterinsights_skip_tracking":false,"_monsterinsights_sitenote_active":false,"_monsterinsights_sitenote_note":"","_monsterinsights_sitenote_category":0,"footnotes":""},"categories":[1621,1615,2985,1625,1612],"tags":[3253,2980,1541,259,217,513,333,109,257,1970,125,2974,2206,30,218],"writer":[2982],"translator":[],"source":[],"ilustrador":[3120],"fotografo":[],"class_list":{"0":"post-53157","1":"post","2":"type-post","3":"status-publish","4":"format-standard","5":"has-post-thumbnail","7":"category-destaque","8":"category-cultura-da-favela","9":"category-podcast","10":"category-por-correspondentes-comunitarios","11":"category-sociedade-civil","12":"tag-antirracismo","13":"tag-branquitude","14":"tag-candomble","15":"tag-centro","16":"tag-complexo-do-alemao","17":"tag-cultura-afro-brasileira","18":"tag-diaspora","19":"tag-intolerancia-religiosa","20":"tag-providencia","21":"tag-negritude","22":"tag-religiao","23":"tag-serie-antirracismo","24":"tag-umbanda","25":"tag-violencia","26":"tag-zona-norte","27":"writer-jeferson-rodrigues","28":"ilustrador-natalia-de-souza-flores"},"acf":[],"yoast_head":"<!-- This site is optimized with the Yoast SEO plugin v25.6 - https:\/\/yoast.com\/wordpress\/plugins\/seo\/ -->\n<title>Racismo Religioso: Precisamos Falar Sobre Isso! [PODCAST] - RioOnWatch<\/title>\n<meta name=\"robots\" content=\"index, follow, max-snippet:-1, max-image-preview:large, max-video-preview:-1\" \/>\n<link rel=\"canonical\" href=\"https:\/\/rioonwatch.org.br\/?p=53157\" \/>\n<meta property=\"og:locale\" content=\"pt_BR\" \/>\n<meta property=\"og:type\" content=\"article\" \/>\n<meta property=\"og:title\" content=\"Racismo Religioso: Precisamos Falar Sobre Isso! [PODCAST] - RioOnWatch\" \/>\n<meta property=\"og:description\" content=\"Click Here for English\u00a0 Esta mat\u00e9ria faz parte da\u00a0s\u00e9rie do projeto antirracista do RioOnWatch.\u00a0Conhe\u00e7a o nosso projeto que trouxe conte\u00fados midi\u00e1ticos semanais ao longo de 2021:\u00a0Enraizando o Antirracismo nas Favelas. Ou\u00e7a o podcast desta mat\u00e9ria [...]\" \/>\n<meta property=\"og:url\" content=\"https:\/\/rioonwatch.org.br\/?p=53157\" \/>\n<meta property=\"og:site_name\" content=\"RioOnWatch\" \/>\n<meta property=\"article:published_time\" content=\"2021-01-29T16:19:12+00:00\" \/>\n<meta property=\"article:modified_time\" content=\"2024-05-24T15:34:29+00:00\" \/>\n<meta property=\"og:image\" content=\"https:\/\/rioonwatch.org.br\/wp-content\/uploads\/2021\/01\/Racismo-Religioso-Precisamos-Falar-Sobre-Isso-DesenraizandoRacismo-por-Natalia-S-Flores-scaled.jpg\" \/>\n\t<meta property=\"og:image:width\" content=\"2560\" \/>\n\t<meta property=\"og:image:height\" content=\"1070\" \/>\n\t<meta property=\"og:image:type\" content=\"image\/jpeg\" \/>\n<meta name=\"author\" content=\"Julio Santos Filho\" \/>\n<meta name=\"twitter:card\" content=\"summary_large_image\" \/>\n<meta name=\"twitter:label1\" content=\"Escrito por\" \/>\n\t<meta name=\"twitter:data1\" content=\"Julio Santos Filho\" \/>\n\t<meta name=\"twitter:label2\" content=\"Est. tempo de leitura\" \/>\n\t<meta name=\"twitter:data2\" content=\"11 minutos\" \/>\n<script type=\"application\/ld+json\" class=\"yoast-schema-graph\">{\"@context\":\"https:\/\/schema.org\",\"@graph\":[{\"@type\":\"Article\",\"@id\":\"https:\/\/rioonwatch.org.br\/?p=53157#article\",\"isPartOf\":{\"@id\":\"https:\/\/rioonwatch.org.br\/?p=53157\"},\"author\":{\"name\":\"Julio Santos Filho\",\"@id\":\"https:\/\/rioonwatch.org.br\/#\/schema\/person\/476bc75767957d3535b65b796667cd36\"},\"headline\":\"Racismo Religioso: Precisamos Falar Sobre Isso! [PODCAST]\",\"datePublished\":\"2021-01-29T16:19:12+00:00\",\"dateModified\":\"2024-05-24T15:34:29+00:00\",\"mainEntityOfPage\":{\"@id\":\"https:\/\/rioonwatch.org.br\/?p=53157\"},\"wordCount\":2163,\"publisher\":{\"@id\":\"https:\/\/rioonwatch.org.br\/#organization\"},\"image\":{\"@id\":\"https:\/\/rioonwatch.org.br\/?p=53157#primaryimage\"},\"thumbnailUrl\":\"https:\/\/rioonwatch.org.br\/wp-content\/uploads\/2021\/01\/Racismo-Religioso-Precisamos-Falar-Sobre-Isso-DesenraizandoRacismo-por-Natalia-S-Flores-scaled.jpg\",\"keywords\":[\"Antirracismo\",\"branquitude\",\"Candombl\u00e9\",\"Centro\",\"Complexo do Alem\u00e3o\",\"Cultura Afro-brasileira\",\"Di\u00e1spora Africana\",\"intoler\u00e2ncia religiosa\",\"Morro da Provid\u00eancia\",\"negritude\",\"religi\u00e3o\",\"S\u00e9rie: Antirracismo\",\"Umbanda\",\"viol\u00eancia\",\"Zona Norte\"],\"articleSection\":[\"*Destaque\",\"Cultura da Favela\",\"Epis\u00f3dios de Podcast\",\"Escrito por Comunicadores Populares\",\"Sociedade Civil\"],\"inLanguage\":\"pt-BR\"},{\"@type\":\"WebPage\",\"@id\":\"https:\/\/rioonwatch.org.br\/?p=53157\",\"url\":\"https:\/\/rioonwatch.org.br\/?p=53157\",\"name\":\"Racismo Religioso: Precisamos Falar Sobre Isso! [PODCAST] - RioOnWatch\",\"isPartOf\":{\"@id\":\"https:\/\/rioonwatch.org.br\/#website\"},\"primaryImageOfPage\":{\"@id\":\"https:\/\/rioonwatch.org.br\/?p=53157#primaryimage\"},\"image\":{\"@id\":\"https:\/\/rioonwatch.org.br\/?p=53157#primaryimage\"},\"thumbnailUrl\":\"https:\/\/rioonwatch.org.br\/wp-content\/uploads\/2021\/01\/Racismo-Religioso-Precisamos-Falar-Sobre-Isso-DesenraizandoRacismo-por-Natalia-S-Flores-scaled.jpg\",\"datePublished\":\"2021-01-29T16:19:12+00:00\",\"dateModified\":\"2024-05-24T15:34:29+00:00\",\"breadcrumb\":{\"@id\":\"https:\/\/rioonwatch.org.br\/?p=53157#breadcrumb\"},\"inLanguage\":\"pt-BR\",\"potentialAction\":[{\"@type\":\"ReadAction\",\"target\":[\"https:\/\/rioonwatch.org.br\/?p=53157\"]}]},{\"@type\":\"ImageObject\",\"inLanguage\":\"pt-BR\",\"@id\":\"https:\/\/rioonwatch.org.br\/?p=53157#primaryimage\",\"url\":\"https:\/\/rioonwatch.org.br\/wp-content\/uploads\/2021\/01\/Racismo-Religioso-Precisamos-Falar-Sobre-Isso-DesenraizandoRacismo-por-Natalia-S-Flores-scaled.jpg\",\"contentUrl\":\"https:\/\/rioonwatch.org.br\/wp-content\/uploads\/2021\/01\/Racismo-Religioso-Precisamos-Falar-Sobre-Isso-DesenraizandoRacismo-por-Natalia-S-Flores-scaled.jpg\",\"width\":2560,\"height\":1070,\"caption\":\"Arte original por Natalia S. Flores\"},{\"@type\":\"BreadcrumbList\",\"@id\":\"https:\/\/rioonwatch.org.br\/?p=53157#breadcrumb\",\"itemListElement\":[{\"@type\":\"ListItem\",\"position\":1,\"name\":\"In\u00edcio\",\"item\":\"https:\/\/rioonwatch.org.br\/\"},{\"@type\":\"ListItem\",\"position\":2,\"name\":\"Racismo Religioso: Precisamos Falar Sobre Isso! [PODCAST]\"}]},{\"@type\":\"WebSite\",\"@id\":\"https:\/\/rioonwatch.org.br\/#website\",\"url\":\"https:\/\/rioonwatch.org.br\/\",\"name\":\"RioOnWatch\",\"description\":\"relatos das favelas cariocas\",\"publisher\":{\"@id\":\"https:\/\/rioonwatch.org.br\/#organization\"},\"potentialAction\":[{\"@type\":\"SearchAction\",\"target\":{\"@type\":\"EntryPoint\",\"urlTemplate\":\"https:\/\/rioonwatch.org.br\/?s={search_term_string}\"},\"query-input\":{\"@type\":\"PropertyValueSpecification\",\"valueRequired\":true,\"valueName\":\"search_term_string\"}}],\"inLanguage\":\"pt-BR\"},{\"@type\":\"Organization\",\"@id\":\"https:\/\/rioonwatch.org.br\/#organization\",\"name\":\"RioOnWatch\",\"url\":\"https:\/\/rioonwatch.org.br\/\",\"logo\":{\"@type\":\"ImageObject\",\"inLanguage\":\"pt-BR\",\"@id\":\"https:\/\/rioonwatch.org.br\/#\/schema\/logo\/image\/\",\"url\":\"https:\/\/rioonwatch.org.br\/wp-content\/uploads\/2021\/06\/RioOnWatchcabecalhoPT11anos-2.png\",\"contentUrl\":\"https:\/\/rioonwatch.org.br\/wp-content\/uploads\/2021\/06\/RioOnWatchcabecalhoPT11anos-2.png\",\"width\":779,\"height\":277,\"caption\":\"RioOnWatch\"},\"image\":{\"@id\":\"https:\/\/rioonwatch.org.br\/#\/schema\/logo\/image\/\"}},{\"@type\":\"Person\",\"@id\":\"https:\/\/rioonwatch.org.br\/#\/schema\/person\/476bc75767957d3535b65b796667cd36\",\"name\":\"Julio Santos Filho\",\"image\":{\"@type\":\"ImageObject\",\"inLanguage\":\"pt-BR\",\"@id\":\"https:\/\/rioonwatch.org.br\/#\/schema\/person\/image\/\",\"url\":\"https:\/\/secure.gravatar.com\/avatar\/ca138f7666182a292a8ce4ca14fb81f8?s=96&d=blank&r=g\",\"contentUrl\":\"https:\/\/secure.gravatar.com\/avatar\/ca138f7666182a292a8ce4ca14fb81f8?s=96&d=blank&r=g\",\"caption\":\"Julio Santos Filho\"},\"url\":\"https:\/\/rioonwatch.org.br\/?author=167\"}]}<\/script>\n<!-- \/ Yoast SEO plugin. -->","yoast_head_json":{"title":"Racismo Religioso: Precisamos Falar Sobre Isso! [PODCAST] - RioOnWatch","robots":{"index":"index","follow":"follow","max-snippet":"max-snippet:-1","max-image-preview":"max-image-preview:large","max-video-preview":"max-video-preview:-1"},"canonical":"https:\/\/rioonwatch.org.br\/?p=53157","og_locale":"pt_BR","og_type":"article","og_title":"Racismo Religioso: Precisamos Falar Sobre Isso! [PODCAST] - RioOnWatch","og_description":"Click Here for English\u00a0 Esta mat\u00e9ria faz parte da\u00a0s\u00e9rie do projeto antirracista do RioOnWatch.\u00a0Conhe\u00e7a o nosso projeto que trouxe conte\u00fados midi\u00e1ticos semanais ao longo de 2021:\u00a0Enraizando o Antirracismo nas Favelas. Ou\u00e7a o podcast desta mat\u00e9ria [...]","og_url":"https:\/\/rioonwatch.org.br\/?p=53157","og_site_name":"RioOnWatch","article_published_time":"2021-01-29T16:19:12+00:00","article_modified_time":"2024-05-24T15:34:29+00:00","og_image":[{"width":2560,"height":1070,"url":"https:\/\/rioonwatch.org.br\/wp-content\/uploads\/2021\/01\/Racismo-Religioso-Precisamos-Falar-Sobre-Isso-DesenraizandoRacismo-por-Natalia-S-Flores-scaled.jpg","type":"image\/jpeg"}],"author":"Julio Santos Filho","twitter_card":"summary_large_image","twitter_misc":{"Escrito por":"Julio Santos Filho","Est. tempo de leitura":"11 minutos"},"schema":{"@context":"https:\/\/schema.org","@graph":[{"@type":"Article","@id":"https:\/\/rioonwatch.org.br\/?p=53157#article","isPartOf":{"@id":"https:\/\/rioonwatch.org.br\/?p=53157"},"author":{"name":"Julio Santos Filho","@id":"https:\/\/rioonwatch.org.br\/#\/schema\/person\/476bc75767957d3535b65b796667cd36"},"headline":"Racismo Religioso: Precisamos Falar Sobre Isso! [PODCAST]","datePublished":"2021-01-29T16:19:12+00:00","dateModified":"2024-05-24T15:34:29+00:00","mainEntityOfPage":{"@id":"https:\/\/rioonwatch.org.br\/?p=53157"},"wordCount":2163,"publisher":{"@id":"https:\/\/rioonwatch.org.br\/#organization"},"image":{"@id":"https:\/\/rioonwatch.org.br\/?p=53157#primaryimage"},"thumbnailUrl":"https:\/\/rioonwatch.org.br\/wp-content\/uploads\/2021\/01\/Racismo-Religioso-Precisamos-Falar-Sobre-Isso-DesenraizandoRacismo-por-Natalia-S-Flores-scaled.jpg","keywords":["Antirracismo","branquitude","Candombl\u00e9","Centro","Complexo do Alem\u00e3o","Cultura Afro-brasileira","Di\u00e1spora Africana","intoler\u00e2ncia religiosa","Morro da Provid\u00eancia","negritude","religi\u00e3o","S\u00e9rie: Antirracismo","Umbanda","viol\u00eancia","Zona Norte"],"articleSection":["*Destaque","Cultura da Favela","Epis\u00f3dios de Podcast","Escrito por Comunicadores Populares","Sociedade Civil"],"inLanguage":"pt-BR"},{"@type":"WebPage","@id":"https:\/\/rioonwatch.org.br\/?p=53157","url":"https:\/\/rioonwatch.org.br\/?p=53157","name":"Racismo Religioso: Precisamos Falar Sobre Isso! [PODCAST] - RioOnWatch","isPartOf":{"@id":"https:\/\/rioonwatch.org.br\/#website"},"primaryImageOfPage":{"@id":"https:\/\/rioonwatch.org.br\/?p=53157#primaryimage"},"image":{"@id":"https:\/\/rioonwatch.org.br\/?p=53157#primaryimage"},"thumbnailUrl":"https:\/\/rioonwatch.org.br\/wp-content\/uploads\/2021\/01\/Racismo-Religioso-Precisamos-Falar-Sobre-Isso-DesenraizandoRacismo-por-Natalia-S-Flores-scaled.jpg","datePublished":"2021-01-29T16:19:12+00:00","dateModified":"2024-05-24T15:34:29+00:00","breadcrumb":{"@id":"https:\/\/rioonwatch.org.br\/?p=53157#breadcrumb"},"inLanguage":"pt-BR","potentialAction":[{"@type":"ReadAction","target":["https:\/\/rioonwatch.org.br\/?p=53157"]}]},{"@type":"ImageObject","inLanguage":"pt-BR","@id":"https:\/\/rioonwatch.org.br\/?p=53157#primaryimage","url":"https:\/\/rioonwatch.org.br\/wp-content\/uploads\/2021\/01\/Racismo-Religioso-Precisamos-Falar-Sobre-Isso-DesenraizandoRacismo-por-Natalia-S-Flores-scaled.jpg","contentUrl":"https:\/\/rioonwatch.org.br\/wp-content\/uploads\/2021\/01\/Racismo-Religioso-Precisamos-Falar-Sobre-Isso-DesenraizandoRacismo-por-Natalia-S-Flores-scaled.jpg","width":2560,"height":1070,"caption":"Arte original por Natalia S. Flores"},{"@type":"BreadcrumbList","@id":"https:\/\/rioonwatch.org.br\/?p=53157#breadcrumb","itemListElement":[{"@type":"ListItem","position":1,"name":"In\u00edcio","item":"https:\/\/rioonwatch.org.br\/"},{"@type":"ListItem","position":2,"name":"Racismo Religioso: Precisamos Falar Sobre Isso! [PODCAST]"}]},{"@type":"WebSite","@id":"https:\/\/rioonwatch.org.br\/#website","url":"https:\/\/rioonwatch.org.br\/","name":"RioOnWatch","description":"relatos das favelas cariocas","publisher":{"@id":"https:\/\/rioonwatch.org.br\/#organization"},"potentialAction":[{"@type":"SearchAction","target":{"@type":"EntryPoint","urlTemplate":"https:\/\/rioonwatch.org.br\/?s={search_term_string}"},"query-input":{"@type":"PropertyValueSpecification","valueRequired":true,"valueName":"search_term_string"}}],"inLanguage":"pt-BR"},{"@type":"Organization","@id":"https:\/\/rioonwatch.org.br\/#organization","name":"RioOnWatch","url":"https:\/\/rioonwatch.org.br\/","logo":{"@type":"ImageObject","inLanguage":"pt-BR","@id":"https:\/\/rioonwatch.org.br\/#\/schema\/logo\/image\/","url":"https:\/\/rioonwatch.org.br\/wp-content\/uploads\/2021\/06\/RioOnWatchcabecalhoPT11anos-2.png","contentUrl":"https:\/\/rioonwatch.org.br\/wp-content\/uploads\/2021\/06\/RioOnWatchcabecalhoPT11anos-2.png","width":779,"height":277,"caption":"RioOnWatch"},"image":{"@id":"https:\/\/rioonwatch.org.br\/#\/schema\/logo\/image\/"}},{"@type":"Person","@id":"https:\/\/rioonwatch.org.br\/#\/schema\/person\/476bc75767957d3535b65b796667cd36","name":"Julio Santos Filho","image":{"@type":"ImageObject","inLanguage":"pt-BR","@id":"https:\/\/rioonwatch.org.br\/#\/schema\/person\/image\/","url":"https:\/\/secure.gravatar.com\/avatar\/ca138f7666182a292a8ce4ca14fb81f8?s=96&d=blank&r=g","contentUrl":"https:\/\/secure.gravatar.com\/avatar\/ca138f7666182a292a8ce4ca14fb81f8?s=96&d=blank&r=g","caption":"Julio Santos Filho"},"url":"https:\/\/rioonwatch.org.br\/?author=167"}]}},"_links":{"self":[{"href":"https:\/\/rioonwatch.org.br\/index.php?rest_route=\/wp\/v2\/posts\/53157"}],"collection":[{"href":"https:\/\/rioonwatch.org.br\/index.php?rest_route=\/wp\/v2\/posts"}],"about":[{"href":"https:\/\/rioonwatch.org.br\/index.php?rest_route=\/wp\/v2\/types\/post"}],"author":[{"embeddable":true,"href":"https:\/\/rioonwatch.org.br\/index.php?rest_route=\/wp\/v2\/users\/167"}],"replies":[{"embeddable":true,"href":"https:\/\/rioonwatch.org.br\/index.php?rest_route=%2Fwp%2Fv2%2Fcomments&post=53157"}],"version-history":[{"count":30,"href":"https:\/\/rioonwatch.org.br\/index.php?rest_route=\/wp\/v2\/posts\/53157\/revisions"}],"predecessor-version":[{"id":60597,"href":"https:\/\/rioonwatch.org.br\/index.php?rest_route=\/wp\/v2\/posts\/53157\/revisions\/60597"}],"wp:featuredmedia":[{"embeddable":true,"href":"https:\/\/rioonwatch.org.br\/index.php?rest_route=\/wp\/v2\/media\/53162"}],"wp:attachment":[{"href":"https:\/\/rioonwatch.org.br\/index.php?rest_route=%2Fwp%2Fv2%2Fmedia&parent=53157"}],"wp:term":[{"taxonomy":"category","embeddable":true,"href":"https:\/\/rioonwatch.org.br\/index.php?rest_route=%2Fwp%2Fv2%2Fcategories&post=53157"},{"taxonomy":"post_tag","embeddable":true,"href":"https:\/\/rioonwatch.org.br\/index.php?rest_route=%2Fwp%2Fv2%2Ftags&post=53157"},{"taxonomy":"writer","embeddable":true,"href":"https:\/\/rioonwatch.org.br\/index.php?rest_route=%2Fwp%2Fv2%2Fwriter&post=53157"},{"taxonomy":"translator","embeddable":true,"href":"https:\/\/rioonwatch.org.br\/index.php?rest_route=%2Fwp%2Fv2%2Ftranslator&post=53157"},{"taxonomy":"source","embeddable":true,"href":"https:\/\/rioonwatch.org.br\/index.php?rest_route=%2Fwp%2Fv2%2Fsource&post=53157"},{"taxonomy":"ilustrador","embeddable":true,"href":"https:\/\/rioonwatch.org.br\/index.php?rest_route=%2Fwp%2Fv2%2Filustrador&post=53157"},{"taxonomy":"fotografo","embeddable":true,"href":"https:\/\/rioonwatch.org.br\/index.php?rest_route=%2Fwp%2Fv2%2Ffotografo&post=53157"}],"curies":[{"name":"wp","href":"https:\/\/api.w.org\/{rel}","templated":true}]}}