{"id":53399,"date":"2021-02-08T12:06:15","date_gmt":"2021-02-08T15:06:15","guid":{"rendered":"https:\/\/rioonwatch.org.br\/?p=53399"},"modified":"2024-05-24T12:34:29","modified_gmt":"2024-05-24T15:34:29","slug":"enem-2021-expoe-desigualdade-e-retrocesso-na-educacao-opiniao","status":"publish","type":"post","link":"https:\/\/rioonwatch.org.br\/?p=53399","title":{"rendered":"ENEM 2021 Exp\u00f5e Desigualdade e Retrocesso na Educa\u00e7\u00e3o [OPINI\u00c3O]"},"content":{"rendered":"<p style=\"text-align: right;\"><em><strong><a href=\"http:\/\/bit.ly\/2M00KY7\" target=\"_blank\" rel=\"noopener noreferrer\">Click Here for English<\/a><a href=\"http:\/\/bit.ly\/2M00KY7\" target=\"_blank\" rel=\"noopener noreferrer\"><img decoding=\"async\" class=\"alignright wp-image-15790\" src=\"http:\/\/rioonwatch.org.br\/wp-content\/uploads\/2012\/08\/EN-standard-e1439583104716.jpg\" alt=\"\" width=\"20\" height=\"20\" \/><\/a><\/strong>\u00a0<\/em><\/p>\n<p style=\"text-align: left;\"><span style=\"font-weight: 400;\">A realiza\u00e7\u00e3o do Exame Nacional do Ensino M\u00e9dio (<a href=\"http:\/\/bit.ly\/2YKoLoC\" target=\"_blank\" rel=\"noopener\">ENEM<\/a>) <a href=\"http:\/\/bit.ly\/2SkMyH0\" target=\"_blank\" rel=\"noopener\">agora em janeiro e fevereiro<\/a> de 2021, \u00e9 a manifesta\u00e7\u00e3o mais expl\u00edcita de que os grupos dominantes do Brasil jamais ir\u00e3o aceitar pacificamente: o avan\u00e7o na <a href=\"http:\/\/bit.ly\/2ZYdxPa\">democratiza\u00e7\u00e3o do ensino superior<\/a>, por mais incipiente que ele seja. <a href=\"http:\/\/bit.ly\/2ZYdxPa\" target=\"_blank\" rel=\"noopener\">Em meio \u00e0 pandemia<\/a>, sem <a href=\"http:\/\/bit.ly\/30mm3ar\" target=\"_blank\" rel=\"noopener\">aulas presenciais praticamente todo o ano de 2020<\/a>, a realiza\u00e7\u00e3o da prova-chave do ensino superior brasileiro acontecer\u00e1\u00a0 a despeito da campanha <a href=\"http:\/\/bit.ly\/3rxcpgf\" target=\"_blank\" rel=\"noopener\">Adia Enem<\/a> da reivindica\u00e7\u00e3o da Uni\u00e3o Nacional dos Estudantes (<a href=\"http:\/\/bit.ly\/36DEWIK\" target=\"_blank\" rel=\"noopener\">UNE<\/a>) e da Uni\u00e3o Brasileira dos Estudantes Secundaristas (<a href=\"http:\/\/bit.ly\/2MMP22Z\" target=\"_blank\" rel=\"noopener\">UBES<\/a>) &#8220;por um ENEM em seguran\u00e7a e sem desigualdade&#8221;.<\/span><\/p>\n<h3>Conjuntura Pol\u00edtica<\/h3>\n<p style=\"text-align: left;\"><span style=\"font-weight: 400;\">A pr\u00f3pria exist\u00eancia de uma prova de sele\u00e7\u00e3o para acessar as universidades p\u00fablicas \u00e9 um instrumento de ratifica\u00e7\u00e3o das <a href=\"http:\/\/bit.ly\/2lKjPQD\">nossas desigualdades educacionais<\/a>. O papel do vestibular numa realidade social marcada por profundas diferen\u00e7as de classe atua para legitimar disparidades. Entretanto, \u00e9 importante destacar que nas duas \u00faltimas d\u00e9cadas, a luta de diferentes movimentos sociais se materializou em in\u00fameras <a href=\"http:\/\/bit.ly\/36C0w07\" target=\"_blank\" rel=\"noopener\">pol\u00edticas de a\u00e7\u00f5es afirmativas<\/a> que conseguiram vit\u00f3rias importantes no campo educacional. Por consequ\u00eancia, pela primeira vez na hist\u00f3ria <a href=\"http:\/\/bit.ly\/3oLYdOz\">das universidades p\u00fablicas<\/a>, a homogeneiza\u00e7\u00e3o racial branca de classe m\u00e9dia e alta foi posta em xeque nos seus mecanismos de reprodu\u00e7\u00e3o. <\/span>Como demonstra\u00e7\u00e3o disso, a pesquisa \u201c<a href=\"https:\/\/bit.ly\/3rcjm66\" target=\"_blank\" rel=\"noopener\">Desigualdades Sociais por Cor ou Ra\u00e7a no Brasil<\/a>\u201d, divulgada em 2019, mostrou que o \u00edndice de alunos pardos e negros matriculados em universidades p\u00fablicas chegou a 50,3%.<\/p>\n<p><span style=\"font-weight: 400;\">Dentro desse contexto de transforma\u00e7\u00f5es relevantes, as provas de sele\u00e7\u00e3o para o ensino superior\u2014como essas do exame nacional do ensino m\u00e9dio\u2014vinham sendo encaradas pela juventude perif\u00e9rica como um <a href=\"http:\/\/bit.ly\/2X9F6oK\">desafio n\u00e3o mais t\u00e3o imposs\u00edvel<\/a> de se superar. Isso porque, a for\u00e7a dos movimentos populares e do <a href=\"http:\/\/bit.ly\/3pLjJ7J\">movimento negro<\/a>, em particular, se mostrou e tem se mostrado durante todo esse tempo como uma aliada fundamental nos processos de <a href=\"http:\/\/bit.ly\/3tkMjyy\">conscientiza\u00e7\u00e3o pol\u00edtica de estudantes pobres<\/a>, desmistificando a ideia de meritocracia e construindo protagonismos na luta por direitos sociais.\u00a0<\/span><\/p>\n<p><span style=\"font-weight: 400;\">Evidentemente, esse movimento que de uma forma ou de outra tem modificado o perfil do corpo discente das universidades p\u00fablicas, provocou <a href=\"https:\/\/bit.ly\/2MuP53G\">rea\u00e7\u00f5es contundentes da elite<\/a> no pa\u00eds. Para eles era inadmiss\u00edvel compartilhar o mesmo <a href=\"http:\/\/bit.ly\/2ooOQus\" target=\"_blank\" rel=\"noopener\">espa\u00e7o historicamente elitizado<\/a>, com pessoas de pele escura e moradoras de bairros empobrecidos. Quem era essa \u201cral\u00e9\u201d que de uma hora pra outra achou que n\u00e3o deveria mais ocupar os subempregos ou se contentar com o ensino fundamental ofertado em <a href=\"http:\/\/bit.ly\/2MO3k3w\" target=\"_blank\" rel=\"noopener\">escolas p\u00fablicas<\/a> precarizadas?<\/span><\/p>\n<p><span style=\"font-weight: 400;\"><a href=\"https:\/\/rioonwatch.org.br\/wp-content\/uploads\/2021\/02\/FOTO-1.jpg\"><img fetchpriority=\"high\" decoding=\"async\" class=\"alignright wp-image-53400\" title=\"Protesto contra o Escola sem partido. Foto por: Alex Sander Magdyel\/Agencia RBS\" src=\"https:\/\/rioonwatch.org.br\/wp-content\/uploads\/2021\/02\/FOTO-1.jpg\" alt=\"\" width=\"300\" height=\"211\" srcset=\"https:\/\/rioonwatch.org.br\/wp-content\/uploads\/2021\/02\/FOTO-1.jpg 472w, https:\/\/rioonwatch.org.br\/wp-content\/uploads\/2021\/02\/FOTO-1-375x264.jpg 375w\" sizes=\"(max-width: 300px) 100vw, 300px\" \/><\/a>Aqueles que sempre se julgaram os protagonistas da Hist\u00f3ria jamais iriam aceitar pacificamente a ascens\u00e3o de uma classe que n\u00e3o fosse a sua. Por isso, incansavelmente batalham pelo fim das pol\u00edticas afirmativas. Por isso, criam projetos pedag\u00f3gicos, como o famigerado <\/span><a href=\"https:\/\/bit.ly\/2YHRhaE\">Escola Sem Partido<\/a>,<span style=\"font-weight: 400;\"> que recha\u00e7am o pensamento cr\u00edtico nos espa\u00e7os escolares. E, por isso, impuseram uma reforma no ensino m\u00e9dio atrav\u00e9s da <a href=\"https:\/\/bit.ly\/2O82uPP\" target=\"_blank\" rel=\"noopener\">MP 746\/2016<\/a> que, na pr\u00e1tica, suprime o direito \u00e0 integralidade das \u00e1reas de conhecimento no processo de forma\u00e7\u00e3o de todos os estudantes, conferindo um car\u00e1ter de ensino muito mais tecnicista e fortemente propenso a atender exclusivamente as demandas imediatas do mercado.\u00a0<\/span><\/p>\n<h3><strong>ENEM 2021 Silencia o Pensamento Cr\u00edtico<\/strong><\/h3>\n<p><span style=\"font-weight: 400;\">A atual conjuntura pol\u00edtica do Brasil marcada por um governo de extrema direita tem sido, nesse sentido, o palco perfeito para que a\u00e7\u00f5es de ressentidos, com a mentalidade escravocrata, tenham efeitos <a href=\"http:\/\/bit.ly\/3aznuqd\">devastadores nas pol\u00edticas educacionais<\/a>. N\u00e3o basta mais, por exemplo, o ENEM ser um instrumento de sele\u00e7\u00e3o classista. Na gest\u00e3o atual, \u00e9 preciso que seja tamb\u00e9m uma <a href=\"http:\/\/bit.ly\/3ausNqO\">prova meramente t\u00e9cnica<\/a>. N\u00e3o por acaso, o ENEM 2021 silenciou temas atuais relevantes como, por exemplo, as quest\u00f5es <a href=\"http:\/\/bit.ly\/2YJT13c\" target=\"_blank\" rel=\"noopener\">referentes ao racismo<\/a>, \u00e0 hist\u00f3ria do Brasil escravista ou mesmo ao per\u00edodo da ditadura civil militar\u2014<a href=\"http:\/\/bit.ly\/2MTut4Q\" target=\"_blank\" rel=\"noopener\">h\u00e1 dois anos ausente<\/a> nas quest\u00f5es do ENEM\u2014e pasmem <a href=\"http:\/\/bit.ly\/3pNoJIG\" target=\"_blank\" rel=\"noopener\">n\u00e3o teve nenhuma quest\u00e3o sobre a pandemia da Covid-19<\/a> na primeira fase do ENEM deste ano. <\/span><\/p>\n<p><span style=\"font-weight: 400;\">O professor Francisco Overlande que atua na rede p\u00fablica de ensino e tamb\u00e9m \u00e9 pesquisador e educador popular no <a href=\"http:\/\/bit.ly\/2K1s59x\" target=\"_blank\" rel=\"noopener\">Complexo da Mar\u00e9<\/a> apresenta um excelente diagn\u00f3stico sobre esse contexto: <\/span><span style=\"font-weight: 400;\">&#8220;Quando uma prova como o ENEM que por si s\u00f3 j\u00e1 \u00e9 extremamente nociva \u00e0s classes populares se nega tamb\u00e9m a abordar temas que s\u00e3o relevantes para a forma\u00e7\u00e3o dos jovens, isso contribui para um processo de exclus\u00e3o, de silenciamento. Na pr\u00e1tica, s\u00e3o as velhas elites pol\u00edticas e econ\u00f4micas dizendo pra esse jovem que falar de racismo ou de igualdade social n\u00e3o tem a menor import\u00e2ncia. O que ele precisa saber sobre isso, j\u00e1 foi dito pela narrativa oficial. Ou seja, [que] somos uma democracia \u00e9tnica, harmoniosa e com a virtude dos colonizadores&#8221;.<\/span><\/p>\n<p><span style=\"font-weight: 400;\">Todas essas a\u00e7\u00f5es podem parecer, em princ\u00edpio, despropositadas ou at\u00e9 mesmo sem consequ\u00eancias concretas para as pol\u00edticas de acesso ao ensino superior. Mas uma an\u00e1lise mais detalhada sobre essas estrat\u00e9gias de governo nos levam a concluir exatamente o contr\u00e1rio. Isso porque \u00e9 o conjunto da obra que vai ocasionando os efeitos perversos. Quando se <a href=\"http:\/\/glo.bo\/3jhaqcG\" target=\"_blank\" rel=\"noopener\">impede a forma\u00e7\u00e3o da consci\u00eancia cr\u00edtica<\/a> j\u00e1 na base do ensino p\u00fablico, quando se incuti nos mais pobres a falsa ideia de que o pragmatismo t\u00e9cnico serve mais do que um racioc\u00ednio questionador, ou quando se constr\u00f3i no imagin\u00e1rio popular que profiss\u00f5es de cunho intelectual n\u00e3o cabem aos trabalhadores comuns, apenas <a href=\"http:\/\/bbc.in\/2Wl4Eug\">um seleto grupo<\/a> acaba sendo visto como preparado para assumir os postos de comando no pa\u00eds.\u00a0<\/span><\/p>\n<p><span style=\"font-weight: 400;\">Portanto, dentro dessa conjuntura pol\u00edtica atual, a prova do ENEM se apresenta n\u00e3o somente como a consolida\u00e7\u00e3o desse projeto de poder. O ENEM ser\u00e1 um instrumento de sele\u00e7\u00e3o que exige do candidato um conhecimento extremamente raso do ponto de vista cr\u00edtico, sem qualquer conex\u00e3o com a realidade social e repleto de conte\u00fados escolares que privilegiam basicamente o aspecto da memoriza\u00e7\u00e3o. Ora, historicamente os estudantes das <a href=\"http:\/\/bit.ly\/3rpNQma\">escolas p\u00fablicas precarizadas<\/a> do Brasil sempre sofreram com a <a href=\"http:\/\/bit.ly\/3oFpYs0\" target=\"_blank\" rel=\"noopener\">falta de professores<\/a>, com disciplinas escolares ministradas pela metade, ou at\u00e9 mesmo com conte\u00fados escolares que praticamente sequer s\u00e3o apresentados em sala de aula. Esta \u00e9 uma realidade muito diferente das <a href=\"http:\/\/glo.bo\/2YDoHHr\">escolas particulares que as classes m\u00e9dia e alta<\/a> podem pagar: escolas que investem exatamente no excesso de conte\u00fados curriculares, disp\u00f5em de estruturas f\u00edsicas que permitem o estudo continuado e, principalmente, adotam estrat\u00e9gias de treinamento para superar provas de car\u00e1ter essencialmente t\u00e9cnico. Dessa maneira, alunos da rede privada acessam a <a href=\"http:\/\/bit.ly\/3rjrEsV\">maioria das vagas nas universidades p\u00fablicas<\/a> do pa\u00eds.<\/span><\/p>\n<p><a href=\"https:\/\/rioonwatch.org.br\/wp-content\/uploads\/2021\/02\/FOTO-2.jpg\"><img decoding=\"async\" class=\"aligncenter wp-image-53401 size-content\" title=\"Estudante de uma comunidade popular de Caxias estudando sem computador. Foto por: Gabriel Saboiu\/UOL\" src=\"https:\/\/rioonwatch.org.br\/wp-content\/uploads\/2021\/02\/FOTO-2-620x264.jpg\" alt=\"\" width=\"620\" height=\"264\" \/><\/a><\/p>\n<h3><strong>Retrocesso e Exclus\u00e3o<\/strong><\/h3>\n<p><span style=\"font-weight: 400;\">Todo esse conjunto de fatores no m\u00e9dio e longo prazo tem o potencial de minar gradativamente os sonhos da <a href=\"http:\/\/bit.ly\/3rFnxbG\">juventude perif\u00e9rica<\/a> ao acesso a educa\u00e7\u00e3o superior. Pouco a pouco, a autoestima vai sendo desconstru\u00edda. As dificuldades de se adequar v\u00e3o ganhando contornos maiores e, por fim, a propaganda massiva de que a <a href=\"http:\/\/bit.ly\/3rb3noS\">universidade n\u00e3o \u00e9 o lugar dos pobres<\/a> vai ganhando mais sentido na vida dos estudantes subalternizados. Da\u00ed, o resultado tende a se materializar no maior desejo dos privilegiados: um pa\u00eds cujos <a href=\"http:\/\/bit.ly\/36EdydI\">governantes se esfor\u00e7am em aprofundar nossas desigualdades<\/a> de classe, ra\u00e7a e g\u00eanero, conseguem manter os velhos grupos de exploradores no poder.\u00a0<\/span><\/p>\n<p><span style=\"font-weight: 400;\">Talvez, o ENEM de 2021 tenha sido at\u00e9 agora a maior idealiza\u00e7\u00e3o do que deseja essa classe que durante as duas \u00faltimas d\u00e9cadas tanto se ressentiu ao ver seus hist\u00f3ricos privil\u00e9gios amea\u00e7ados por pol\u00edticas p\u00fablicas inclusivas. Pol\u00edticas como as cotas raciais e sociais, o Programa Universidade para Todos (<a href=\"http:\/\/bit.ly\/3cACjv1\">PROUNI<\/a>), e as <a href=\"http:\/\/bit.ly\/2De5z8F\">bolsas de aux\u00edlio<\/a> para jovens universit\u00e1rios pobres, est\u00e3o todas sob amea\u00e7a. Uma prova que sequer deveria ter acontecido no pico de uma pandemia mortal, uma pandemia que o atual governo <a href=\"http:\/\/bit.ly\/3bYEJjn\" target=\"_blank\" rel=\"noopener\">genocida<\/a> fez quest\u00e3o de manter, <a href=\"http:\/\/bit.ly\/3rkbPSQ\">expondo de maneira criminosa<\/a> milh\u00f5es de pessoas em todo o Brasil. Uma prova que a maioria esmagadora dos estudantes precarizados pela falta de acesso ao estudo neste \u00faltimo ano possui probabilidades m\u00ednimas de superar. O <a href=\"http:\/\/bit.ly\/30mm3ar\" target=\"_blank\" rel=\"noopener\">ensino remoto esbarrou nas realidades prec\u00e1rias<\/a> de grande parte dos jovens perif\u00e9ricos, onde a internet poucas vezes p\u00f4de ser utilizada pela falta de aparelhos adequados ou mesmo o acesso a uma rede de conex\u00e3o est\u00e1vel.\u00a0<\/span><\/p>\n<p><span style=\"font-weight: 400;\">Realidade essa, que n\u00e3o foi vivenciada pelas classes de maior capital pol\u00edtico, social e econ\u00f4mico. Isso porque, dentro desse grupo, o acesso \u00e0s aulas por celular e internet r\u00e1pida <a href=\"http:\/\/bit.ly\/3h9MsPN\">n\u00e3o se constituiu como um obst\u00e1culo real<\/a>. Espa\u00e7os adequados para se concentrar exclusivamente aos estudos e a disponibilidade de tempo para praticar exerc\u00edcios tamb\u00e9m n\u00e3o se apresentaram como problemas concretos. Portanto, enquanto a maior parte dos estudantes pobres ficou seriamente prejudicada, este outro grupo de jovens acumulou ainda mais ferramentas para realizar o ENEM deste ano e, por conseguinte, ingressar no ensino p\u00fablico superior sem grandes dificuldades. <\/span><\/p>\n<p><span style=\"font-weight: 400;\">A fala de Ana Beatriz, 22 anos, aluna do pr\u00e9-vestibular comunit\u00e1rio do Centro de Estudos e A\u00e7\u00f5es Solid\u00e1rias da Mar\u00e9 (<a href=\"http:\/\/bit.ly\/2Mvr7mD\" target=\"_blank\" rel=\"noopener\">CEASM<\/a>)\u2014o mesmo onde estudou Marielle Franco\u2014reflete bem esse panorama de desigualdades agravado no contexto da pandemia. &#8220;<\/span><span style=\"font-weight: 400;\">E<\/span><span style=\"font-weight: 400;\">u ia fazer o ENEM. Mas n\u00e3o consegui estudar [no] ano passado. O clima em casa, e \u00e0s vezes a internet, n\u00e3o colaboravam. Medo de pegar Covid, porque eu continuo usando m\u00e1scara e minha m\u00e3e \u00e9 do grupo de risco. <\/span><span style=\"font-weight: 400;\">Tenho ansiedade, ent\u00e3o \u00e9 dif\u00edcil estudar em casa sozinha, s\u00f3 eu e a tela do computador&#8230; Meus sobrinhos, pessoas me chamando quando estou estudando, atrapalham. Dificuldade de me concentrar para estudar. E como n\u00e3o estudei, n\u00e3o queria ir fazer o ENEM e me sentir mal com as notas, mesmo sabendo que n\u00e3o estudei. E ainda tem a quest\u00e3o da Covid. Eu me cuidei at\u00e9 agora. N\u00e3o posso me arriscar. Minha m\u00e3e tem hipertens\u00e3o, e 56 anos. A\u00ed fico com receio. Fora a falta de vontade de estudar sozinha. Gosto de estudar em sala de aula, onde posso tirar d\u00favidas, [t\u00eam] colegas que ajudam&#8230; O clima onde posso me concentrar e posso estudar sem estresse&#8221;, descreve Ana Beatriz.<\/span><\/p>\n<p><a href=\"https:\/\/rioonwatch.org.br\/wp-content\/uploads\/2021\/02\/FOTO-3.jpg\"><img loading=\"lazy\" decoding=\"async\" class=\"aligncenter wp-image-53402 size-content\" title=\"Fachada do Centro de Estudos e A\u00e7\u00f5es Solid\u00e1rias da Mar\u00e9. Fonte: Rede Mem\u00f3ria da Mar\u00e9\" src=\"https:\/\/rioonwatch.org.br\/wp-content\/uploads\/2021\/02\/FOTO-3-620x264.jpg\" alt=\"\" width=\"620\" height=\"264\" \/><\/a><\/p>\n<p><span style=\"font-weight: 400;\">Por fim, <a href=\"http:\/\/bit.ly\/3tpyW04\" target=\"_blank\" rel=\"noopener\">foram mais de 50% de absten\u00e7\u00f5es<\/a>, sem mencionar aqueles que foram e sequer conseguiram entrar nas salas, numa prova em que nitidamente se encaminha para ser tudo aquilo que os conservadores extremistas tanto desejam. Um instrumento desconectado com a <a href=\"http:\/\/bit.ly\/3pLp2Uk\">realidade social do pa\u00eds<\/a>. Uma prova que n\u00e3o instiga a refletir sobre nosso passado escravocrata ou sobre os per\u00edodos de supress\u00e3o da democracia. Uma prova que deliberadamente\u2014n\u00e3o tenho d\u00favidas\u2014n\u00e3o foi elaborada para se pensar as quest\u00f5es chaves do Brasil nos s\u00e9culos XX e XXI. Mas ao contr\u00e1rio, apresentou temas de car\u00e1ter <a href=\"http:\/\/bit.ly\/2O886cR\" target=\"_blank\" rel=\"noopener\">claramente conteudista<\/a>, eurocentrados e completamente distantes do cotidiano de milh\u00f5es de estudantes das classes populares.\u00a0 N\u00e3o por acaso, o pastor Ministro da Educa\u00e7\u00e3o Milton Ribeiro <a href=\"http:\/\/bit.ly\/3pOon4j\" target=\"_blank\" rel=\"noopener\">disse que o ENEM de 2021 foi &#8220;um sucesso<\/a>&#8220;. Afinal de contas, ele cumpriu o que se prop\u00f4s. A velha elite de privilegiados vai adentrar tranquila nos espa\u00e7os educacionais que sempre julgou <a href=\"http:\/\/bit.ly\/2ooOQus\" target=\"_blank\" rel=\"noopener\">serem exclusivamente seus<\/a>.\u00a0<\/span><\/p>\n<p><em>Humberto Salustriano, cria da Mar\u00e9, milita no campo da educa\u00e7\u00e3o, principalmente nos pr\u00e9-vestibulares comunit\u00e1rios. \u00c9 p<span style=\"font-weight: 400;\">rofessor de Hist\u00f3ria na Rede de Ensino Municipal de Quissam\u00e3, na Regi\u00e3o Norte fluminense, e p<\/span><span style=\"font-weight: 400;\">esquisador do N\u00facleo de Estudos e Pesquisas Sociais da Mar\u00e9 (<a href=\"http:\/\/bit.ly\/3oQcWrv\" target=\"_blank\" rel=\"noopener\">NEPS-CEASM<\/a>).<\/span><\/em><\/p>\n<hr \/>\n<h4><strong>Apoie nossos esfor\u00e7os para fornecer assist\u00eancia estrat\u00e9gica \u00e0s favelas do Rio, incluindo o jornalismo hiperlocal, cr\u00edtico, inovador e incans\u00e1vel do\u00a0<em>RioOnWatch<\/em><\/strong>\u2014<a href=\"http:\/\/bit.ly\/CatalisandoComunidades\">doe aqui<\/a>.<\/h4>\n<!-- AddThis Advanced Settings generic via filter on the_content --><!-- AddThis Share Buttons generic via filter on the_content -->","protected":false},"excerpt":{"rendered":"<div class=\"mh-excerpt\"><p>Click Here for English\u00a0 A realiza\u00e7\u00e3o do Exame Nacional do Ensino M\u00e9dio (ENEM) agora em janeiro e fevereiro de 2021, \u00e9 a manifesta\u00e7\u00e3o mais expl\u00edcita de que os grupos dominantes do Brasil jamais ir\u00e3o aceitar <a class=\"mh-excerpt-more\" href=\"https:\/\/rioonwatch.org.br\/?p=53399\" title=\"ENEM 2021 Exp\u00f5e Desigualdade e Retrocesso na Educa\u00e7\u00e3o [OPINI\u00c3O]\">[&#8230;]<\/a><!-- AddThis Advanced Settings generic via filter on get_the_excerpt --><!-- AddThis Share Buttons generic via filter on get_the_excerpt --><\/p>\n<\/div>","protected":false},"author":171,"featured_media":53411,"comment_status":"closed","ping_status":"closed","sticky":false,"template":"","format":"standard","meta":{"_acf_changed":false,"_monsterinsights_skip_tracking":false,"_monsterinsights_sitenote_active":false,"_monsterinsights_sitenote_note":"","_monsterinsights_sitenote_category":0,"footnotes":""},"categories":[2753,1621,1631,1625,1630,344],"tags":[2402,3253,2357,332,1917,2748,479,413,2070,316,2642,2252,514,128,2269,755,104,239,218],"writer":[2993],"translator":[],"source":[],"ilustrador":[],"fotografo":[],"class_list":{"0":"post-53399","1":"post","2":"type-post","3":"status-publish","4":"format-standard","5":"has-post-thumbnail","7":"category-covid19nasfavelas","8":"category-destaque","9":"category-entendendo-o-rio","10":"category-por-correspondentes-comunitarios","11":"category-opiniao","12":"category-politicas","13":"tag-acesso-a-universidade","14":"tag-antirracismo","15":"tag-ceasm","16":"tag-complexo-da-mare","17":"tag-comunidade-x-academia","18":"tag-coronavirus","19":"tag-democracia","20":"tag-desigualdade","21":"tag-direito-a-educacao","22":"tag-educacao","23":"tag-enem","24":"tag-escolas-fechadas","25":"tag-escravidao","26":"tag-historia","27":"tag-jair-bolsonaro","28":"tag-lei","29":"tag-pvnc","30":"tag-universidade","31":"tag-zona-norte","32":"writer-humberto-salustriano"},"acf":[],"yoast_head":"<!-- This site is optimized with the Yoast SEO plugin v25.6 - https:\/\/yoast.com\/wordpress\/plugins\/seo\/ -->\n<title>ENEM 2021 Exp\u00f5e Desigualdade e Retrocesso na Educa\u00e7\u00e3o [OPINI\u00c3O] - RioOnWatch<\/title>\n<meta name=\"robots\" content=\"index, follow, max-snippet:-1, max-image-preview:large, max-video-preview:-1\" \/>\n<link rel=\"canonical\" href=\"https:\/\/rioonwatch.org.br\/?p=53399\" \/>\n<meta property=\"og:locale\" content=\"pt_BR\" \/>\n<meta property=\"og:type\" content=\"article\" \/>\n<meta property=\"og:title\" content=\"ENEM 2021 Exp\u00f5e Desigualdade e Retrocesso na Educa\u00e7\u00e3o [OPINI\u00c3O] - RioOnWatch\" \/>\n<meta property=\"og:description\" content=\"Click Here for English\u00a0 A realiza\u00e7\u00e3o do Exame Nacional do Ensino M\u00e9dio (ENEM) agora em janeiro e fevereiro de 2021, \u00e9 a manifesta\u00e7\u00e3o mais expl\u00edcita de que os grupos dominantes do Brasil jamais ir\u00e3o aceitar [...]\" \/>\n<meta property=\"og:url\" content=\"https:\/\/rioonwatch.org.br\/?p=53399\" \/>\n<meta property=\"og:site_name\" content=\"RioOnWatch\" \/>\n<meta property=\"article:published_time\" content=\"2021-02-08T15:06:15+00:00\" \/>\n<meta property=\"article:modified_time\" content=\"2024-05-24T15:34:29+00:00\" \/>\n<meta property=\"og:image\" content=\"https:\/\/rioonwatch.org.br\/wp-content\/uploads\/2021\/02\/Uso-de-mascara-se-torna-obrigatorio-no-Enem-2020-Foto-da-internet.png\" \/>\n\t<meta property=\"og:image:width\" content=\"820\" \/>\n\t<meta property=\"og:image:height\" content=\"582\" \/>\n\t<meta property=\"og:image:type\" content=\"image\/png\" \/>\n<meta name=\"author\" content=\"Pilar Boyero\" \/>\n<meta name=\"twitter:card\" content=\"summary_large_image\" \/>\n<meta name=\"twitter:label1\" content=\"Escrito por\" \/>\n\t<meta name=\"twitter:data1\" content=\"Pilar Boyero\" \/>\n\t<meta name=\"twitter:label2\" content=\"Est. tempo de leitura\" \/>\n\t<meta name=\"twitter:data2\" content=\"10 minutos\" \/>\n<script type=\"application\/ld+json\" class=\"yoast-schema-graph\">{\"@context\":\"https:\/\/schema.org\",\"@graph\":[{\"@type\":\"Article\",\"@id\":\"https:\/\/rioonwatch.org.br\/?p=53399#article\",\"isPartOf\":{\"@id\":\"https:\/\/rioonwatch.org.br\/?p=53399\"},\"author\":{\"name\":\"Pilar Boyero\",\"@id\":\"https:\/\/rioonwatch.org.br\/#\/schema\/person\/99325ca2615786ed4de3e8f885b17deb\"},\"headline\":\"ENEM 2021 Exp\u00f5e Desigualdade e Retrocesso na Educa\u00e7\u00e3o [OPINI\u00c3O]\",\"datePublished\":\"2021-02-08T15:06:15+00:00\",\"dateModified\":\"2024-05-24T15:34:29+00:00\",\"mainEntityOfPage\":{\"@id\":\"https:\/\/rioonwatch.org.br\/?p=53399\"},\"wordCount\":2003,\"publisher\":{\"@id\":\"https:\/\/rioonwatch.org.br\/#organization\"},\"image\":{\"@id\":\"https:\/\/rioonwatch.org.br\/?p=53399#primaryimage\"},\"thumbnailUrl\":\"https:\/\/rioonwatch.org.br\/wp-content\/uploads\/2021\/02\/Uso-de-mascara-se-torna-obrigatorio-no-Enem-2020-Foto-da-internet.png\",\"keywords\":[\"acesso \u00e0 universidade\",\"Antirracismo\",\"CEASM\",\"Complexo da Mar\u00e9\",\"comunidade x academia\",\"coronav\u00edrus\",\"Democracia\",\"desigualdade\",\"direito \u00e0 educa\u00e7\u00e3o\",\"educa\u00e7\u00e3o\",\"ENEM\",\"escolas fechadas\",\"escravid\u00e3o\",\"hist\u00f3ria\",\"Jair Bolsonaro\",\"lei\",\"Pr\u00e9-Vestibular\",\"universidade\",\"Zona Norte\"],\"articleSection\":[\"#Covid19NasFavelas\",\"*Destaque\",\"Entendendo o Rio\",\"Escrito por Comunicadores Populares\",\"Opini\u00e3o\",\"Pol\u00edticas\"],\"inLanguage\":\"pt-BR\"},{\"@type\":\"WebPage\",\"@id\":\"https:\/\/rioonwatch.org.br\/?p=53399\",\"url\":\"https:\/\/rioonwatch.org.br\/?p=53399\",\"name\":\"ENEM 2021 Exp\u00f5e Desigualdade e Retrocesso na Educa\u00e7\u00e3o [OPINI\u00c3O] - RioOnWatch\",\"isPartOf\":{\"@id\":\"https:\/\/rioonwatch.org.br\/#website\"},\"primaryImageOfPage\":{\"@id\":\"https:\/\/rioonwatch.org.br\/?p=53399#primaryimage\"},\"image\":{\"@id\":\"https:\/\/rioonwatch.org.br\/?p=53399#primaryimage\"},\"thumbnailUrl\":\"https:\/\/rioonwatch.org.br\/wp-content\/uploads\/2021\/02\/Uso-de-mascara-se-torna-obrigatorio-no-Enem-2020-Foto-da-internet.png\",\"datePublished\":\"2021-02-08T15:06:15+00:00\",\"dateModified\":\"2024-05-24T15:34:29+00:00\",\"breadcrumb\":{\"@id\":\"https:\/\/rioonwatch.org.br\/?p=53399#breadcrumb\"},\"inLanguage\":\"pt-BR\",\"potentialAction\":[{\"@type\":\"ReadAction\",\"target\":[\"https:\/\/rioonwatch.org.br\/?p=53399\"]}]},{\"@type\":\"ImageObject\",\"inLanguage\":\"pt-BR\",\"@id\":\"https:\/\/rioonwatch.org.br\/?p=53399#primaryimage\",\"url\":\"https:\/\/rioonwatch.org.br\/wp-content\/uploads\/2021\/02\/Uso-de-mascara-se-torna-obrigatorio-no-Enem-2020-Foto-da-internet.png\",\"contentUrl\":\"https:\/\/rioonwatch.org.br\/wp-content\/uploads\/2021\/02\/Uso-de-mascara-se-torna-obrigatorio-no-Enem-2020-Foto-da-internet.png\",\"width\":820,\"height\":582},{\"@type\":\"BreadcrumbList\",\"@id\":\"https:\/\/rioonwatch.org.br\/?p=53399#breadcrumb\",\"itemListElement\":[{\"@type\":\"ListItem\",\"position\":1,\"name\":\"In\u00edcio\",\"item\":\"https:\/\/rioonwatch.org.br\/\"},{\"@type\":\"ListItem\",\"position\":2,\"name\":\"ENEM 2021 Exp\u00f5e Desigualdade e Retrocesso na Educa\u00e7\u00e3o [OPINI\u00c3O]\"}]},{\"@type\":\"WebSite\",\"@id\":\"https:\/\/rioonwatch.org.br\/#website\",\"url\":\"https:\/\/rioonwatch.org.br\/\",\"name\":\"RioOnWatch\",\"description\":\"relatos das favelas cariocas\",\"publisher\":{\"@id\":\"https:\/\/rioonwatch.org.br\/#organization\"},\"potentialAction\":[{\"@type\":\"SearchAction\",\"target\":{\"@type\":\"EntryPoint\",\"urlTemplate\":\"https:\/\/rioonwatch.org.br\/?s={search_term_string}\"},\"query-input\":{\"@type\":\"PropertyValueSpecification\",\"valueRequired\":true,\"valueName\":\"search_term_string\"}}],\"inLanguage\":\"pt-BR\"},{\"@type\":\"Organization\",\"@id\":\"https:\/\/rioonwatch.org.br\/#organization\",\"name\":\"RioOnWatch\",\"url\":\"https:\/\/rioonwatch.org.br\/\",\"logo\":{\"@type\":\"ImageObject\",\"inLanguage\":\"pt-BR\",\"@id\":\"https:\/\/rioonwatch.org.br\/#\/schema\/logo\/image\/\",\"url\":\"https:\/\/rioonwatch.org.br\/wp-content\/uploads\/2021\/06\/RioOnWatchcabecalhoPT11anos-2.png\",\"contentUrl\":\"https:\/\/rioonwatch.org.br\/wp-content\/uploads\/2021\/06\/RioOnWatchcabecalhoPT11anos-2.png\",\"width\":779,\"height\":277,\"caption\":\"RioOnWatch\"},\"image\":{\"@id\":\"https:\/\/rioonwatch.org.br\/#\/schema\/logo\/image\/\"}},{\"@type\":\"Person\",\"@id\":\"https:\/\/rioonwatch.org.br\/#\/schema\/person\/99325ca2615786ed4de3e8f885b17deb\",\"name\":\"Pilar Boyero\",\"image\":{\"@type\":\"ImageObject\",\"inLanguage\":\"pt-BR\",\"@id\":\"https:\/\/rioonwatch.org.br\/#\/schema\/person\/image\/\",\"url\":\"https:\/\/secure.gravatar.com\/avatar\/62b3a7bbfe30f3344a954a3d3ac495f6?s=96&d=blank&r=g\",\"contentUrl\":\"https:\/\/secure.gravatar.com\/avatar\/62b3a7bbfe30f3344a954a3d3ac495f6?s=96&d=blank&r=g\",\"caption\":\"Pilar Boyero\"},\"url\":\"https:\/\/rioonwatch.org.br\/?author=171\"}]}<\/script>\n<!-- \/ Yoast SEO plugin. -->","yoast_head_json":{"title":"ENEM 2021 Exp\u00f5e Desigualdade e Retrocesso na Educa\u00e7\u00e3o [OPINI\u00c3O] - RioOnWatch","robots":{"index":"index","follow":"follow","max-snippet":"max-snippet:-1","max-image-preview":"max-image-preview:large","max-video-preview":"max-video-preview:-1"},"canonical":"https:\/\/rioonwatch.org.br\/?p=53399","og_locale":"pt_BR","og_type":"article","og_title":"ENEM 2021 Exp\u00f5e Desigualdade e Retrocesso na Educa\u00e7\u00e3o [OPINI\u00c3O] - RioOnWatch","og_description":"Click Here for English\u00a0 A realiza\u00e7\u00e3o do Exame Nacional do Ensino M\u00e9dio (ENEM) agora em janeiro e fevereiro de 2021, \u00e9 a manifesta\u00e7\u00e3o mais expl\u00edcita de que os grupos dominantes do Brasil jamais ir\u00e3o aceitar [...]","og_url":"https:\/\/rioonwatch.org.br\/?p=53399","og_site_name":"RioOnWatch","article_published_time":"2021-02-08T15:06:15+00:00","article_modified_time":"2024-05-24T15:34:29+00:00","og_image":[{"width":820,"height":582,"url":"https:\/\/rioonwatch.org.br\/wp-content\/uploads\/2021\/02\/Uso-de-mascara-se-torna-obrigatorio-no-Enem-2020-Foto-da-internet.png","type":"image\/png"}],"author":"Pilar Boyero","twitter_card":"summary_large_image","twitter_misc":{"Escrito por":"Pilar Boyero","Est. tempo de leitura":"10 minutos"},"schema":{"@context":"https:\/\/schema.org","@graph":[{"@type":"Article","@id":"https:\/\/rioonwatch.org.br\/?p=53399#article","isPartOf":{"@id":"https:\/\/rioonwatch.org.br\/?p=53399"},"author":{"name":"Pilar Boyero","@id":"https:\/\/rioonwatch.org.br\/#\/schema\/person\/99325ca2615786ed4de3e8f885b17deb"},"headline":"ENEM 2021 Exp\u00f5e Desigualdade e Retrocesso na Educa\u00e7\u00e3o [OPINI\u00c3O]","datePublished":"2021-02-08T15:06:15+00:00","dateModified":"2024-05-24T15:34:29+00:00","mainEntityOfPage":{"@id":"https:\/\/rioonwatch.org.br\/?p=53399"},"wordCount":2003,"publisher":{"@id":"https:\/\/rioonwatch.org.br\/#organization"},"image":{"@id":"https:\/\/rioonwatch.org.br\/?p=53399#primaryimage"},"thumbnailUrl":"https:\/\/rioonwatch.org.br\/wp-content\/uploads\/2021\/02\/Uso-de-mascara-se-torna-obrigatorio-no-Enem-2020-Foto-da-internet.png","keywords":["acesso \u00e0 universidade","Antirracismo","CEASM","Complexo da Mar\u00e9","comunidade x academia","coronav\u00edrus","Democracia","desigualdade","direito \u00e0 educa\u00e7\u00e3o","educa\u00e7\u00e3o","ENEM","escolas fechadas","escravid\u00e3o","hist\u00f3ria","Jair Bolsonaro","lei","Pr\u00e9-Vestibular","universidade","Zona Norte"],"articleSection":["#Covid19NasFavelas","*Destaque","Entendendo o Rio","Escrito por Comunicadores Populares","Opini\u00e3o","Pol\u00edticas"],"inLanguage":"pt-BR"},{"@type":"WebPage","@id":"https:\/\/rioonwatch.org.br\/?p=53399","url":"https:\/\/rioonwatch.org.br\/?p=53399","name":"ENEM 2021 Exp\u00f5e Desigualdade e Retrocesso na Educa\u00e7\u00e3o [OPINI\u00c3O] - RioOnWatch","isPartOf":{"@id":"https:\/\/rioonwatch.org.br\/#website"},"primaryImageOfPage":{"@id":"https:\/\/rioonwatch.org.br\/?p=53399#primaryimage"},"image":{"@id":"https:\/\/rioonwatch.org.br\/?p=53399#primaryimage"},"thumbnailUrl":"https:\/\/rioonwatch.org.br\/wp-content\/uploads\/2021\/02\/Uso-de-mascara-se-torna-obrigatorio-no-Enem-2020-Foto-da-internet.png","datePublished":"2021-02-08T15:06:15+00:00","dateModified":"2024-05-24T15:34:29+00:00","breadcrumb":{"@id":"https:\/\/rioonwatch.org.br\/?p=53399#breadcrumb"},"inLanguage":"pt-BR","potentialAction":[{"@type":"ReadAction","target":["https:\/\/rioonwatch.org.br\/?p=53399"]}]},{"@type":"ImageObject","inLanguage":"pt-BR","@id":"https:\/\/rioonwatch.org.br\/?p=53399#primaryimage","url":"https:\/\/rioonwatch.org.br\/wp-content\/uploads\/2021\/02\/Uso-de-mascara-se-torna-obrigatorio-no-Enem-2020-Foto-da-internet.png","contentUrl":"https:\/\/rioonwatch.org.br\/wp-content\/uploads\/2021\/02\/Uso-de-mascara-se-torna-obrigatorio-no-Enem-2020-Foto-da-internet.png","width":820,"height":582},{"@type":"BreadcrumbList","@id":"https:\/\/rioonwatch.org.br\/?p=53399#breadcrumb","itemListElement":[{"@type":"ListItem","position":1,"name":"In\u00edcio","item":"https:\/\/rioonwatch.org.br\/"},{"@type":"ListItem","position":2,"name":"ENEM 2021 Exp\u00f5e Desigualdade e Retrocesso na Educa\u00e7\u00e3o [OPINI\u00c3O]"}]},{"@type":"WebSite","@id":"https:\/\/rioonwatch.org.br\/#website","url":"https:\/\/rioonwatch.org.br\/","name":"RioOnWatch","description":"relatos das favelas cariocas","publisher":{"@id":"https:\/\/rioonwatch.org.br\/#organization"},"potentialAction":[{"@type":"SearchAction","target":{"@type":"EntryPoint","urlTemplate":"https:\/\/rioonwatch.org.br\/?s={search_term_string}"},"query-input":{"@type":"PropertyValueSpecification","valueRequired":true,"valueName":"search_term_string"}}],"inLanguage":"pt-BR"},{"@type":"Organization","@id":"https:\/\/rioonwatch.org.br\/#organization","name":"RioOnWatch","url":"https:\/\/rioonwatch.org.br\/","logo":{"@type":"ImageObject","inLanguage":"pt-BR","@id":"https:\/\/rioonwatch.org.br\/#\/schema\/logo\/image\/","url":"https:\/\/rioonwatch.org.br\/wp-content\/uploads\/2021\/06\/RioOnWatchcabecalhoPT11anos-2.png","contentUrl":"https:\/\/rioonwatch.org.br\/wp-content\/uploads\/2021\/06\/RioOnWatchcabecalhoPT11anos-2.png","width":779,"height":277,"caption":"RioOnWatch"},"image":{"@id":"https:\/\/rioonwatch.org.br\/#\/schema\/logo\/image\/"}},{"@type":"Person","@id":"https:\/\/rioonwatch.org.br\/#\/schema\/person\/99325ca2615786ed4de3e8f885b17deb","name":"Pilar Boyero","image":{"@type":"ImageObject","inLanguage":"pt-BR","@id":"https:\/\/rioonwatch.org.br\/#\/schema\/person\/image\/","url":"https:\/\/secure.gravatar.com\/avatar\/62b3a7bbfe30f3344a954a3d3ac495f6?s=96&d=blank&r=g","contentUrl":"https:\/\/secure.gravatar.com\/avatar\/62b3a7bbfe30f3344a954a3d3ac495f6?s=96&d=blank&r=g","caption":"Pilar Boyero"},"url":"https:\/\/rioonwatch.org.br\/?author=171"}]}},"_links":{"self":[{"href":"https:\/\/rioonwatch.org.br\/index.php?rest_route=\/wp\/v2\/posts\/53399"}],"collection":[{"href":"https:\/\/rioonwatch.org.br\/index.php?rest_route=\/wp\/v2\/posts"}],"about":[{"href":"https:\/\/rioonwatch.org.br\/index.php?rest_route=\/wp\/v2\/types\/post"}],"author":[{"embeddable":true,"href":"https:\/\/rioonwatch.org.br\/index.php?rest_route=\/wp\/v2\/users\/171"}],"replies":[{"embeddable":true,"href":"https:\/\/rioonwatch.org.br\/index.php?rest_route=%2Fwp%2Fv2%2Fcomments&post=53399"}],"version-history":[{"count":27,"href":"https:\/\/rioonwatch.org.br\/index.php?rest_route=\/wp\/v2\/posts\/53399\/revisions"}],"predecessor-version":[{"id":53643,"href":"https:\/\/rioonwatch.org.br\/index.php?rest_route=\/wp\/v2\/posts\/53399\/revisions\/53643"}],"wp:featuredmedia":[{"embeddable":true,"href":"https:\/\/rioonwatch.org.br\/index.php?rest_route=\/wp\/v2\/media\/53411"}],"wp:attachment":[{"href":"https:\/\/rioonwatch.org.br\/index.php?rest_route=%2Fwp%2Fv2%2Fmedia&parent=53399"}],"wp:term":[{"taxonomy":"category","embeddable":true,"href":"https:\/\/rioonwatch.org.br\/index.php?rest_route=%2Fwp%2Fv2%2Fcategories&post=53399"},{"taxonomy":"post_tag","embeddable":true,"href":"https:\/\/rioonwatch.org.br\/index.php?rest_route=%2Fwp%2Fv2%2Ftags&post=53399"},{"taxonomy":"writer","embeddable":true,"href":"https:\/\/rioonwatch.org.br\/index.php?rest_route=%2Fwp%2Fv2%2Fwriter&post=53399"},{"taxonomy":"translator","embeddable":true,"href":"https:\/\/rioonwatch.org.br\/index.php?rest_route=%2Fwp%2Fv2%2Ftranslator&post=53399"},{"taxonomy":"source","embeddable":true,"href":"https:\/\/rioonwatch.org.br\/index.php?rest_route=%2Fwp%2Fv2%2Fsource&post=53399"},{"taxonomy":"ilustrador","embeddable":true,"href":"https:\/\/rioonwatch.org.br\/index.php?rest_route=%2Fwp%2Fv2%2Filustrador&post=53399"},{"taxonomy":"fotografo","embeddable":true,"href":"https:\/\/rioonwatch.org.br\/index.php?rest_route=%2Fwp%2Fv2%2Ffotografo&post=53399"}],"curies":[{"name":"wp","href":"https:\/\/api.w.org\/{rel}","templated":true}]}}