{"id":53437,"date":"2021-02-06T14:30:30","date_gmt":"2021-02-06T17:30:30","guid":{"rendered":"https:\/\/rioonwatch.org.br\/?p=53437"},"modified":"2021-02-14T14:21:04","modified_gmt":"2021-02-14T17:21:04","slug":"recriando-raizes-transformando-empoderando-e-salvando-vidas-de-jovens-em-costa-barros-perfil","status":"publish","type":"post","link":"https:\/\/rioonwatch.org.br\/?p=53437","title":{"rendered":"Projeto &#8216;Recriando Ra\u00edzes&#8217; Transforma, Empodera e Salva Jovens em Costa Barros"},"content":{"rendered":"<p style=\"text-align: right;\"><em><strong><a href=\"http:\/\/bit.ly\/36M5Yh6\" target=\"_blank\" rel=\"noopener noreferrer\">Click Here for English<\/a><a href=\"http:\/\/bit.ly\/36M5Yh6\" target=\"_blank\" rel=\"noopener noreferrer\"><img decoding=\"async\" class=\"alignright wp-image-15790\" src=\"http:\/\/rioonwatch.org.br\/wp-content\/uploads\/2012\/08\/EN-standard-e1439583104716.jpg\" alt=\"\" width=\"20\" height=\"20\" \/><\/a><\/strong>\u00a0<\/em><\/p>\n<p><em>Esta \u00e9 a nossa mais recente mat\u00e9ria sobre\u00a0<a href=\"http:\/\/bit.ly\/Covid19NasFavelas\" target=\"_blank\" rel=\"noopener noreferrer\">a Covid-19 e seus impactos sobre as favelas<\/a>.<\/em><\/p>\n<h3><strong>\u2018Me Ajuda a Recriar Minha Vida\u2019<\/strong><\/h3>\n<p>Estas foram as \u00faltimas palavras que Ilma Rocha ouviria de um adolescente cuja vida terminaria tragicamente devido \u00e0 viol\u00eancia no Quitanda, <a href=\"http:\/\/bit.ly\/36ht2m6\" target=\"_blank\" rel=\"noopener\">Costa Barros<\/a> em 2006. No entanto, suas palavras de coragem ajudariam a desencadear um movimento para acabar com a viol\u00eancia e trazer vida \u00e0 sua comunidade por meio de projetos sociais voltados para o <a href=\"http:\/\/bit.ly\/3kD8w6q\" target=\"_blank\" rel=\"noopener\">empoderamento<\/a> de jovens e fam\u00edlias da regi\u00e3o. Costa Barros, na <a href=\"http:\/\/bit.ly\/2ETpYR1\" target=\"_blank\" rel=\"noopener\">Zona Norte<\/a>, \u00e9 um bairro formado, principalmente, por um conjunto de favelas. Esta \u00e1rea tem sido historicamente <a href=\"http:\/\/bit.ly\/2MDsHVS\" target=\"_blank\" rel=\"noopener\">descrita pela imprensa como devastada pelo crime<\/a> e frequentemente descrita por sua <a href=\"http:\/\/bit.ly\/3pRikw3\" target=\"_blank\" rel=\"noopener\">pen\u00faltima classifica\u00e7\u00e3o no \u00cdndice de Desenvolvimento Humano<\/a> no in\u00edcio dos anos 2000. Mas h\u00e1 muito mais l\u00e1, como uma forte vontade de progredir e muitos sonhos a serem realizados.<\/p>\n<p>Hoje Ilma ou, como a chamam os jovens que ela atende, Tia Ilma, conta essa lembran\u00e7a transformadora de 2006, que inspirou o nome e a vis\u00e3o do j\u00e1 consagrado projeto social conhecido como <a href=\"http:\/\/bit.ly\/36GEdqg\" target=\"_blank\" rel=\"noopener\">Recriando Ra\u00edzes<\/a>. Este momento de mudan\u00e7a de vida serviu como um catalisador para deixar sua antiga vida como cabeleireira e se dedicar a salvar outras pessoas. Recriando Ra\u00edzes \u00e9 uma homenagem ao jovem que ela n\u00e3o sabia como ajudar anos atr\u00e1s, mas cuja mem\u00f3ria serviria como uma lembran\u00e7a de seu compromisso com sua comunidade e sua vontade de fazer todo o poss\u00edvel para evitar a perda de outra vida jovem.<\/p>\n<p><a href=\"https:\/\/rioonwatch.org.br\/wp-content\/uploads\/2021\/02\/Lagartixa-Costa-Barros.-Foto-Julio-Ribeiro..jpg\"><img fetchpriority=\"high\" decoding=\"async\" class=\"aligncenter wp-image-53443 size-medium\" title=\"Espa\u00e7o comunit\u00e1rio recentemente renovado em Lagartixa, Costa Barros. Foto por J\u00falio Ribeiro\" src=\"https:\/\/rioonwatch.org.br\/wp-content\/uploads\/2021\/02\/Lagartixa-Costa-Barros.-Foto-Julio-Ribeiro.-620x465.jpg\" alt=\"\" width=\"620\" height=\"465\" srcset=\"https:\/\/rioonwatch.org.br\/wp-content\/uploads\/2021\/02\/Lagartixa-Costa-Barros.-Foto-Julio-Ribeiro.-620x465.jpg 620w, https:\/\/rioonwatch.org.br\/wp-content\/uploads\/2021\/02\/Lagartixa-Costa-Barros.-Foto-Julio-Ribeiro.-1024x768.jpg 1024w, https:\/\/rioonwatch.org.br\/wp-content\/uploads\/2021\/02\/Lagartixa-Costa-Barros.-Foto-Julio-Ribeiro.-352x264.jpg 352w, https:\/\/rioonwatch.org.br\/wp-content\/uploads\/2021\/02\/Lagartixa-Costa-Barros.-Foto-Julio-Ribeiro.-768x576.jpg 768w, https:\/\/rioonwatch.org.br\/wp-content\/uploads\/2021\/02\/Lagartixa-Costa-Barros.-Foto-Julio-Ribeiro.-174x131.jpg 174w, https:\/\/rioonwatch.org.br\/wp-content\/uploads\/2021\/02\/Lagartixa-Costa-Barros.-Foto-Julio-Ribeiro.-300x225.jpg 300w, https:\/\/rioonwatch.org.br\/wp-content\/uploads\/2021\/02\/Lagartixa-Costa-Barros.-Foto-Julio-Ribeiro.-70x53.jpg 70w, https:\/\/rioonwatch.org.br\/wp-content\/uploads\/2021\/02\/Lagartixa-Costa-Barros.-Foto-Julio-Ribeiro..jpg 1032w\" sizes=\"(max-width: 620px) 100vw, 620px\" \/><\/a><\/p>\n<p>Com o apoio da co-fundadora e amiga Alba Almeida, ela decidiu que fariam algo sobre a crise em sua comunidade e come\u00e7ou a <a href=\"http:\/\/bit.ly\/3tEVNVE\" target=\"_blank\" rel=\"noopener\">oferecer tran\u00e7ar cabelos gratuitamente, para jovens, fora de seu sal\u00e3o de beleza<\/a>. Vendo o impacto positivo e o interesse crescente, elas decidiram encontrar um espa\u00e7o para exibir filmes e fornecer um ref\u00fagio seguro para os jovens locais. Um membro da comunidade ofereceu um pequeno local para receber 60 crian\u00e7as do Quitanda, o que marcou o primeiro evento do Recriando Ra\u00edzes, e validou a necessidade de um espa\u00e7o seguro e com uma programa\u00e7\u00e3o para os jovens locais. E assim, come\u00e7ou a busca por um local para alugar para dar suporte a crian\u00e7as e jovens.<\/p>\n<p><a href=\"https:\/\/rioonwatch.org.br\/wp-content\/uploads\/2021\/02\/curso-de-eletronica-.Foto-Julio-Ribeiro.jpg\"><img decoding=\"async\" class=\"alignright wp-image-53446\" title=\"Alunos de um curso de Eletr\u00f4nica Residencial e Predial. Foto por J\u00falio Ribeiro\" src=\"https:\/\/rioonwatch.org.br\/wp-content\/uploads\/2021\/02\/curso-de-eletronica-.Foto-Julio-Ribeiro.jpg\" alt=\"\" width=\"300\" height=\"200\" \/><\/a><\/p>\n<p>A comunidade juntou-se e encontrou um local para alugar, mas as condi\u00e7\u00f5es n\u00e3o eram adequadas. Chuva, ratos e um telhado caindo consumiram o espa\u00e7o. N\u00e3o era o que eles imaginavam e com os recursos pessoais esgotados, Ilma pensou em fechar as portas do projeto. No entanto, um dia, as crian\u00e7as se reuniram e arrecadaram fundos para mant\u00ea-lo aberto. Depois de testemunhar a solidariedade e a uni\u00e3o dos jovens, ela sabia que Recriando Ra\u00edzes nunca mais fecharia suas portas, enquanto houvessem as crian\u00e7as e o apoio dos moradores da comunidade. Hoje, Recriando Ra\u00edzes recebe apoio n\u00e3o apenas de moradores, mas tamb\u00e9m de patrocinadores e organiza\u00e7\u00f5es que acreditam na miss\u00e3o e vis\u00e3o do projeto social local.<\/p>\n<h3><strong>\u2018A Comunidade \u00e9 Muito Unida\u2019<\/strong><\/h3>\n<p>Durante o surto do <a href=\"http:\/\/bit.ly\/2QZjDJI\" target=\"_blank\" rel=\"noopener\">coronav\u00edrus<\/a> e devido aos efeitos mais severos da <a href=\"http:\/\/bit.ly\/2vRUTfc\" target=\"_blank\" rel=\"noopener\">pandemia nas favelas<\/a>, moradores de favelas foram afetados de forma desproporcional pela falta de dados, servi\u00e7os de apoio do Estado e infraestrutura para manter as condi\u00e7\u00f5es de seguran\u00e7a sanit\u00e1rias para todos os moradores. H\u00e1 fam\u00edlias <a href=\"http:\/\/bit.ly\/2USJFjN\" target=\"_blank\" rel=\"noopener\">passando fome devido ao desemprego<\/a>, algumas <a href=\"http:\/\/bit.ly\/3fmvzzY\" target=\"_blank\" rel=\"noopener\">fam\u00edlias precisando de suprimentos sanit\u00e1rios<\/a> e algumas, mesmo aquelas com membros sofrendo de Covid-19, com acesso limitado a cuidados de sa\u00fade. No entanto, existe uma <a href=\"http:\/\/bit.ly\/2ZnWEM9\" target=\"_blank\" rel=\"noopener\">uni\u00e3o especial e solidariedade nas favelas<\/a>, particularmente vis\u00edvel em face da adversidade. Ilma acredita que esta \u00e9 a verdadeira magia e for\u00e7a de sua favela. Ela elabora mais explicando como a pr\u00f3pria comunidade \u00e9 ainda mais unida quando surgem desafios. Por exemplo, Recriando Ra\u00edzes ajudou a organizar a distribui\u00e7\u00e3o de alimentos e suprimentos para membros da comunidade necessitados por meio de uma iniciativa chamada <a href=\"http:\/\/bit.ly\/2Ln633v\" target=\"_blank\" rel=\"noopener\">Fome Nunca Mais<\/a>. Os moradores receberam cestas b\u00e1sicas e, em um ato de grande generosidade, muitos redistribu\u00edam suas cestas para outras fam\u00edlias que acreditavam que precisavam mais do que eles.<\/p>\n<p><iframe style=\"border: none; overflow: hidden;\" src=\"https:\/\/www.facebook.com\/plugins\/video.php?height=349&amp;href=https%3A%2F%2Fwww.facebook.com%2FONGrecriandoraizes%2Fvideos%2F861219234304402%2F&amp;show_text=false&amp;width=620\" width=\"620\" height=\"349\" frameborder=\"0\" scrolling=\"no\" allowfullscreen=\"allowfullscreen\"><span data-mce-type=\"bookmark\" style=\"display: inline-block; width: 0px; overflow: hidden; line-height: 0;\" class=\"mce_SELRES_start\">\ufeff<\/span><\/iframe><\/p>\n<p>Ilma relata essa demonstra\u00e7\u00e3o de solidariedade, que ajuda o Recriando Ra\u00edzes a continuar lutando pelas vidas de crian\u00e7as perdidas no crime, na viol\u00eancia e nas les\u00f5es autoprovocadas. Junto com a\u00e7\u00f5es essenciais, Recriando Ra\u00edzes executa sua iniciativa <span style=\"font-weight: 400;\"><a href=\"http:\/\/bit.ly\/2YMOAob\" target=\"_blank\" rel=\"noopener\">Jovens em Transforma\u00e7\u00e3o<\/a><\/span>. O projeto empodera e emancipa jovens locais, ensinando-lhes novas habilidades e incentivando-os a se tornarem empreendedores, com mais de 16 cursos em um per\u00edodo de oito meses. Existem cursos que v\u00e3o desde cabeleireiro e barbearia at\u00e9 inform\u00e1tica e telemarketing.<\/p>\n<p><a href=\"https:\/\/rioonwatch.org.br\/wp-content\/uploads\/2021\/02\/Imagem-do-Barber-Instrutor-Glaybson-ensinando-como-se-barbear-corretamente.-Foto-de-Julio-Ribeiro..jpg\"><img loading=\"lazy\" decoding=\"async\" class=\"alignright wp-image-53450\" title=\"Instrutor de barbearia, Glaybson, ensina como se barbear corretamente. Foto por J\u00falio Ribeiro\" src=\"https:\/\/rioonwatch.org.br\/wp-content\/uploads\/2021\/02\/Imagem-do-Barber-Instrutor-Glaybson-ensinando-como-se-barbear-corretamente.-Foto-de-Julio-Ribeiro..jpg\" alt=\"\" width=\"300\" height=\"200\" srcset=\"https:\/\/rioonwatch.org.br\/wp-content\/uploads\/2021\/02\/Imagem-do-Barber-Instrutor-Glaybson-ensinando-como-se-barbear-corretamente.-Foto-de-Julio-Ribeiro..jpg 512w, https:\/\/rioonwatch.org.br\/wp-content\/uploads\/2021\/02\/Imagem-do-Barber-Instrutor-Glaybson-ensinando-como-se-barbear-corretamente.-Foto-de-Julio-Ribeiro.-396x264.jpg 396w\" sizes=\"(max-width: 300px) 100vw, 300px\" \/><\/a><\/p>\n<p>Recriando Ra\u00edzes recentemente ampliou e renovou um espa\u00e7o na <a href=\"http:\/\/bit.ly\/3tupw3j\">Lagartixa<\/a>, uma comunidade dentro do complexo de favelas Costa Barros, e agora est\u00e1 <a href=\"http:\/\/bit.ly\/3oS73tS\">oferecendo cursos para mais de 1.800 jovens<\/a> por meio do <span style=\"font-weight: 400;\">Jovens em Transforma\u00e7\u00e3o<\/span>. Ilma explica como \u00e9 importante que os jovens aprendam habilidades e gerem uma renda que lhes ofere\u00e7a uma alternativa a uma vida de contratempos, permitindo que tenham orgulho de poder trabalhar e sustentar sua fam\u00edlia. Isso \u00e9 especialmente verdadeiro durante uma pandemia, quando o desemprego \u00e9 alto e h\u00e1 poucas oportunidades de emprego.<\/p>\n<p>Ilma teme que a pandemia j\u00e1 tenha prejudicado o progresso anterior, mas espera que o <a href=\"http:\/\/bit.ly\/3awZrrM\" target=\"_blank\" rel=\"noopener\">lan\u00e7amento de novos cursos do Quitanda e Lagartixa<\/a> em setembro de 2020 ajude a manter os jovens ocupados e longe dos perigos das ruas. Ela diz: \u201cPrecisamos agir r\u00e1pido, porque as fac\u00e7\u00f5es s\u00e3o r\u00e1pidas. Portanto, precisamos chegar aos [jovens] antes que as fac\u00e7\u00f5es fa\u00e7am\u201d. Ilma acredita firmemente que tudo o que os jovens precisam \u00e9 uma alternativa e algu\u00e9m que acredite neles. Assim que descobrirem isso, come\u00e7ar\u00e3o a sonhar novamente. Ela conta a hist\u00f3ria de uma conversa que teve com um jovem envolvido no crime, na qual perguntou-lhe seu nome, idade e por que ele estava vivendo a vida que estava vivendo. Ela perguntou: &#8220;Voc\u00ea estuda?&#8221; e o jovem respondeu: \u201cN\u00e3o. Eu parei na 5\u00aa s\u00e9rie\u201d. Ela continuou: &#8220;Voc\u00ea quer voltar para a escola?&#8221; Ele respondeu: &#8220;Quem vai me levar?&#8221; &#8220;Eu. Eu levo voc\u00ea \u201d, respondeu Ilma. Cerca de duas semanas depois, o jovem veio visitar Ilma e pediu para ser colocado na escola. Ele agora \u00e9 um aluno modelo e um dos muitos exemplos de jovens que mudaram suas vidas por causa de Ilma e do Recriando Ra\u00edzes.<\/p>\n<p><span style=\"font-weight: 400;\"><a href=\"https:\/\/rioonwatch.org.br\/wp-content\/uploads\/2021\/02\/Lagartixa-Costa-Barros.jpg\"><img loading=\"lazy\" decoding=\"async\" class=\"alignright wp-image-53453\" title=\"Orienta\u00e7\u00e3o de novos alunos na Lagartixa, Costa Barros. Foto por de J\u00falio Ribeiro.\" src=\"https:\/\/rioonwatch.org.br\/wp-content\/uploads\/2021\/02\/Lagartixa-Costa-Barros.jpg\" alt=\"\" width=\"300\" height=\"225\" \/><\/a>Recriando Ra\u00edzes <\/span>e a vis\u00e3o que Ilma tem para o projeto social continua crescendo e evoluindo. Ela levou um grupo de crian\u00e7as para visitar o <a href=\"http:\/\/bit.ly\/3rqc12J\" target=\"_blank\" rel=\"noopener\">Forte de Copacabana<\/a>, e muitas nunca tinham visto ou tocado o mar. Enquanto voltavam para o \u00f4nibus, uma crian\u00e7a perguntou se a \u00e1gua era realmente salgada, pois ela nunca havia tocado na \u00e1gua do mar. Ela explicou que muitos nascem, crescem e morrem nas favelas sem ver os monumentos e belezas naturais mundialmente famosos do Rio de Janeiro, como o Cristo Redentor e suas praias. Ela diz que um turista estrangeiro v\u00ea mais o Rio de Janeiro do que crian\u00e7as das favelas. \u201cEssa \u00e9 a nossa cultura! E n\u00e3o temos direito a isso!\u201d Ilma espera poder organizar muitas mais viagens como esta, mas enfrenta muitos desafios log\u00edsticos e burocr\u00e1ticos ao alugar transporte e organizar visitas a pontos tur\u00edsticos para os jovens. Ela espera n\u00e3o s\u00f3 levar crian\u00e7as, mas tamb\u00e9m suas fam\u00edlias. Ela observou que muitos dos pais dessas crian\u00e7as tiveram essas viagens negadas quando eram jovens. Ilma acha que as viagens em fam\u00edlia proporcionariam uma oportunidade especial para criar la\u00e7os. \u201cSe a fam\u00edlia \u00e9 boa, os filhos s\u00e3o bons.\u201d<\/p>\n<p><span style=\"font-weight: 400;\">Recriando Ra\u00edzes<\/span> espera expandir os servi\u00e7os de apoio \u00e0s fam\u00edlias, n\u00e3o apenas criando oportunidades de viagens, mas tamb\u00e9m apoiando mulheres de cada fam\u00edlia com oportunidades de gera\u00e7\u00e3o de renda e cria\u00e7\u00e3o de grupos de apoio com a ajuda de psic\u00f3logos treinados. Al\u00e9m dos servi\u00e7os de apoio \u00e0 fam\u00edlia, Ilma sabe que a chave para envolver os jovens \u00e9 atrav\u00e9s da m\u00fasica e do esporte. Ilma espera reformar duas quadras de futebol de sal\u00e3o e expandir os cursos de m\u00fasica para incluir rap e mais aulas de m\u00fasica contempor\u00e2nea. Moradores de outras \u00e1reas est\u00e3o pedindo que o <span style=\"font-weight: 400;\">Recriando Ra\u00edzes<\/span> venha para suas comunidades. \u201cVenha salvar vidas aqui\u201d \u00e9 um assunto comum que ela ouve de pessoas que vivem em favelas pr\u00f3ximas de Costa Barros. <span style=\"font-weight: 400;\">Recriando Ra\u00edzes<\/span> espera se expandir em breve para <a href=\"http:\/\/bit.ly\/2kfegcv\" target=\"_blank\" rel=\"noopener\">Pedreira,<\/a> Final Feliz e Obrigado Meu Deus, que s\u00e3o algumas das favelas mais negligenciadas do Complexo de Costa Barros. A atual sede fica no Quitanda, mas ela espera se instalar em outras comunidades de Costa Barros, como Tom Jobim, Terra Nova, Favelinha, Fim do Mundo e <a href=\"http:\/\/bit.ly\/3jK1FYt\" target=\"_blank\" rel=\"noopener\">Mangueirinha<\/a>.<\/p>\n<h3>&#8216;S.O.S. Costa Barros!&#8217;<\/h3>\n<p>Ilma diz que tem muitas outras ideias para apoiar os jovens. <span style=\"font-weight: 400;\">Recriando Ra\u00edzes<\/span> conta com o amplo apoio da comunidade e uma excelente equipe de funcion\u00e1rios e volunt\u00e1rios. Ilma est\u00e1 buscando ativamente apoio para poder oferecer uma bolsa a professores volunt\u00e1rios, pois s\u00e3o essenciais para os cursos ministrados no <span style=\"font-weight: 400;\">Recriando Ra\u00edzes<\/span>, e para reformar as \u00e1reas esportivas, pois est\u00e3o seriamente danificadas e precisam de grandes reparos. Ela tamb\u00e9m espera tornar a internet amplamente dispon\u00edvel no futuro, uma vez que, especialmente durante a pandemia da Covid-19, sua import\u00e2ncia para a vida dos moradores se tornou ainda mais clara. Apesar de tantos avan\u00e7os, Ilma afirma que ainda n\u00e3o s\u00e3o suficientes e que a pandemia s\u00f3 piora as coisas. Diz que ainda h\u00e1 muitas crian\u00e7as a sofrer e continua a defender e a procurar apoio para as v\u00e1rias iniciativas que ajudam jovens e fam\u00edlias de Costa Barros a recriar as suas vidas.<\/p>\n<p><a href=\"https:\/\/www.rioonwatch.org\/wp-content\/uploads\/2021\/02\/Image-of-building-and-residential-electronics-course.-Photo-by-Julio-Ribeiro..jpg\"><img loading=\"lazy\" decoding=\"async\" class=\"wp-image-64128 size-content aligncenter\" title=\"Curso de eletr\u00f4nica predial e residencial. Foto por J\u00falio Ribeiro\" src=\"https:\/\/www.rioonwatch.org\/wp-content\/uploads\/2021\/02\/Image-of-building-and-residential-electronics-course.-Photo-by-Julio-Ribeiro.-620x264.jpg\" alt=\"Image of building and residential electronics course. Photo by J\u00falio Ribeiro.\" width=\"620\" height=\"264\" \/><\/a><\/p>\n<p>Atualmente, Ilma e os integrantes do Recriando Ra\u00edzes est\u00e3o comemorando, j\u00e1 que <a href=\"http:\/\/bit.ly\/3aFgmZc\" target=\"_blank\" rel=\"noopener\">Tia Ilma ser\u00e1 a estrela convidada do Caldeir\u00e3o do Huck, neste s\u00e1bado, 6 de fevereiro<\/a>.<\/p>\n<h3>Mostre seu apoio <a href=\"http:\/\/bit.ly\/2N2BGjn\" target=\"_blank\" rel=\"noopener\">clicando aqui para fazer uma doa\u00e7\u00e3o diretamente<\/a> para Recriando Ra\u00edzes.<\/h3>\n<hr \/>\n<h4><strong>Apoie nossos esfor\u00e7os para fornecer assist\u00eancia estrat\u00e9gica \u00e0s favelas do Rio, incluindo o jornalismo hiperlocal, cr\u00edtico, inovador e incans\u00e1vel do <em>RioOnWatch<\/em><\/strong>\u2014<a href=\"http:\/\/bit.ly\/CatalisandoComunidades\">doe aqui<\/a>.<\/h4>\n<!-- AddThis Advanced Settings generic via filter on the_content --><!-- AddThis Share Buttons generic via filter on the_content -->","protected":false},"excerpt":{"rendered":"<div class=\"mh-excerpt\"><p>Click Here for English\u00a0 Esta \u00e9 a nossa mais recente mat\u00e9ria sobre\u00a0a Covid-19 e seus impactos sobre as favelas. \u2018Me Ajuda a Recriar Minha Vida\u2019 Estas foram as \u00faltimas palavras que Ilma Rocha ouviria de <a class=\"mh-excerpt-more\" href=\"https:\/\/rioonwatch.org.br\/?p=53437\" title=\"Projeto &#8216;Recriando Ra\u00edzes&#8217; Transforma, Empodera e Salva Jovens em Costa Barros\">[&#8230;]<\/a><!-- AddThis Advanced Settings generic via filter on get_the_excerpt --><!-- AddThis Share Buttons generic via filter on get_the_excerpt --><\/p>\n<\/div>","protected":false},"author":129,"featured_media":53439,"comment_status":"closed","ping_status":"closed","sticky":false,"template":"","format":"standard","meta":{"_acf_changed":false,"_monsterinsights_skip_tracking":false,"_monsterinsights_sitenote_active":false,"_monsterinsights_sitenote_note":"","_monsterinsights_sitenote_category":0,"footnotes":""},"categories":[1621,1629,1626,1388,1612,342],"tags":[386,1581,2748,575,81,413,2070,876,88,316,688,2997,2998,3000,2995,113,580,3001,576,358,700,672,2754,1347,476,1457,2999,578,218,184],"writer":[2994],"translator":[273],"source":[],"ilustrador":[],"fotografo":[],"class_list":{"0":"post-53437","1":"post","2":"type-post","3":"status-publish","4":"format-standard","5":"has-post-thumbnail","7":"category-destaque","8":"category-entrevistas-e-perfis","9":"category-por-observadores-internacionais","10":"category-formas-de-apoiar","11":"category-sociedade-civil","12":"category-solucoes","13":"tag-estigma","14":"tag-complexo-da-mangueirinha","15":"tag-coronavirus","16":"tag-costa-barros","17":"tag-cultura","18":"tag-desigualdade","19":"tag-direito-a-educacao","20":"tag-direitos-da-crianca","21":"tag-direitos-humanos","22":"tag-educacao","23":"tag-empoderamento","24":"tag-favela-tom-jobim","25":"tag-favelinha-costa-barros","26":"tag-fim-do-mundo","27":"tag-final-feliz","28":"tag-juventude","29":"tag-lagartixa","30":"tag-mangueirinha-costa-barros","31":"tag-morro-da-pedreira","32":"tag-organizacao-comunitaria","33":"tag-perfil","34":"tag-seguranca-publica","35":"tag-serie-covid-19-nas-favelas","36":"tag-solucao","37":"tag-solucao-comunitaria","38":"tag-tecnologia","39":"tag-terra-nova","40":"tag-trabalho-e-renda","41":"tag-zona-norte","42":"tag-zona-oeste","43":"writer-armando-torres","44":"translator-roseli-franco"},"acf":[],"yoast_head":"<!-- This site is optimized with the Yoast SEO plugin v25.6 - https:\/\/yoast.com\/wordpress\/plugins\/seo\/ -->\n<title>Projeto &#039;Recriando Ra\u00edzes&#039; Transforma, Empodera e Salva Jovens em Costa Barros - RioOnWatch<\/title>\n<meta name=\"robots\" content=\"index, follow, max-snippet:-1, max-image-preview:large, max-video-preview:-1\" \/>\n<link rel=\"canonical\" href=\"https:\/\/rioonwatch.org.br\/?p=53437\" \/>\n<meta property=\"og:locale\" content=\"pt_BR\" \/>\n<meta property=\"og:type\" content=\"article\" \/>\n<meta property=\"og:title\" content=\"Projeto &#039;Recriando Ra\u00edzes&#039; Transforma, Empodera e Salva Jovens em Costa Barros - RioOnWatch\" \/>\n<meta property=\"og:description\" content=\"Click Here for English\u00a0 Esta \u00e9 a nossa mais recente mat\u00e9ria sobre\u00a0a Covid-19 e seus impactos sobre as favelas. \u2018Me Ajuda a Recriar Minha Vida\u2019 Estas foram as \u00faltimas palavras que Ilma Rocha ouviria de [...]\" \/>\n<meta property=\"og:url\" content=\"https:\/\/rioonwatch.org.br\/?p=53437\" \/>\n<meta property=\"og:site_name\" content=\"RioOnWatch\" \/>\n<meta property=\"article:published_time\" content=\"2021-02-06T17:30:30+00:00\" \/>\n<meta property=\"article:modified_time\" content=\"2021-02-14T17:21:04+00:00\" \/>\n<meta property=\"og:image\" content=\"https:\/\/rioonwatch.org.br\/wp-content\/uploads\/2021\/02\/Imagm-de-Ilma-Rocha-do-novo-Recriando-Raizes-no-Lagartixa-em-Costa-Barros.-Foto-por-Julio-Ribeiro.jpg\" \/>\n\t<meta property=\"og:image:width\" content=\"960\" \/>\n\t<meta property=\"og:image:height\" content=\"640\" \/>\n\t<meta property=\"og:image:type\" content=\"image\/jpeg\" \/>\n<meta name=\"author\" content=\"Admin\" \/>\n<meta name=\"twitter:card\" content=\"summary_large_image\" \/>\n<meta name=\"twitter:label1\" content=\"Escrito por\" \/>\n\t<meta name=\"twitter:data1\" content=\"Admin\" \/>\n\t<meta name=\"twitter:label2\" content=\"Est. tempo de leitura\" \/>\n\t<meta name=\"twitter:data2\" content=\"9 minutos\" \/>\n<script type=\"application\/ld+json\" class=\"yoast-schema-graph\">{\"@context\":\"https:\/\/schema.org\",\"@graph\":[{\"@type\":\"Article\",\"@id\":\"https:\/\/rioonwatch.org.br\/?p=53437#article\",\"isPartOf\":{\"@id\":\"https:\/\/rioonwatch.org.br\/?p=53437\"},\"author\":{\"name\":\"Admin\",\"@id\":\"https:\/\/rioonwatch.org.br\/#\/schema\/person\/11d64c290506f9df50c71b850c473f68\"},\"headline\":\"Projeto &#8216;Recriando Ra\u00edzes&#8217; Transforma, Empodera e Salva Jovens em Costa Barros\",\"datePublished\":\"2021-02-06T17:30:30+00:00\",\"dateModified\":\"2021-02-14T17:21:04+00:00\",\"mainEntityOfPage\":{\"@id\":\"https:\/\/rioonwatch.org.br\/?p=53437\"},\"wordCount\":1753,\"publisher\":{\"@id\":\"https:\/\/rioonwatch.org.br\/#organization\"},\"image\":{\"@id\":\"https:\/\/rioonwatch.org.br\/?p=53437#primaryimage\"},\"thumbnailUrl\":\"https:\/\/rioonwatch.org.br\/wp-content\/uploads\/2021\/02\/Imagm-de-Ilma-Rocha-do-novo-Recriando-Raizes-no-Lagartixa-em-Costa-Barros.-Foto-por-Julio-Ribeiro.jpg\",\"keywords\":[\"#StopFavelaStigma\",\"Complexo da Mangueirinha\",\"coronav\u00edrus\",\"Costa Barros\",\"cultura\",\"desigualdade\",\"direito \u00e0 educa\u00e7\u00e3o\",\"direitos da crian\u00e7a\",\"Direitos Humanos\",\"educa\u00e7\u00e3o\",\"empoderamento\",\"Favela Tom Jobim\",\"Favelinha (Costa Barros)\",\"Fim do Mundo\",\"Final Feliz\",\"juventude\",\"Lagartixa\",\"Mangueirinha (Costa Barros)\",\"Morro da Pedreira\",\"organiza\u00e7\u00e3o comunit\u00e1ria\",\"perfil\",\"seguran\u00e7a p\u00fablica\",\"S\u00e9rie: Covid-19 Nas Favelas\",\"solu\u00e7\u00e3o\",\"solu\u00e7\u00e3o comunit\u00e1ria\",\"tecnologia\",\"Terra Nova\",\"Trabalho e renda\",\"Zona Norte\",\"Zona Oeste\"],\"articleSection\":[\"*Destaque\",\"Entrevistas e Perfis\",\"Escrito por Aliados\",\"Formas de Apoiar\",\"Sociedade Civil\",\"Solu\u00e7\u00f5es\"],\"inLanguage\":\"pt-BR\"},{\"@type\":\"WebPage\",\"@id\":\"https:\/\/rioonwatch.org.br\/?p=53437\",\"url\":\"https:\/\/rioonwatch.org.br\/?p=53437\",\"name\":\"Projeto 'Recriando Ra\u00edzes' Transforma, Empodera e Salva Jovens em Costa Barros - RioOnWatch\",\"isPartOf\":{\"@id\":\"https:\/\/rioonwatch.org.br\/#website\"},\"primaryImageOfPage\":{\"@id\":\"https:\/\/rioonwatch.org.br\/?p=53437#primaryimage\"},\"image\":{\"@id\":\"https:\/\/rioonwatch.org.br\/?p=53437#primaryimage\"},\"thumbnailUrl\":\"https:\/\/rioonwatch.org.br\/wp-content\/uploads\/2021\/02\/Imagm-de-Ilma-Rocha-do-novo-Recriando-Raizes-no-Lagartixa-em-Costa-Barros.-Foto-por-Julio-Ribeiro.jpg\",\"datePublished\":\"2021-02-06T17:30:30+00:00\",\"dateModified\":\"2021-02-14T17:21:04+00:00\",\"breadcrumb\":{\"@id\":\"https:\/\/rioonwatch.org.br\/?p=53437#breadcrumb\"},\"inLanguage\":\"pt-BR\",\"potentialAction\":[{\"@type\":\"ReadAction\",\"target\":[\"https:\/\/rioonwatch.org.br\/?p=53437\"]}]},{\"@type\":\"ImageObject\",\"inLanguage\":\"pt-BR\",\"@id\":\"https:\/\/rioonwatch.org.br\/?p=53437#primaryimage\",\"url\":\"https:\/\/rioonwatch.org.br\/wp-content\/uploads\/2021\/02\/Imagm-de-Ilma-Rocha-do-novo-Recriando-Raizes-no-Lagartixa-em-Costa-Barros.-Foto-por-Julio-Ribeiro.jpg\",\"contentUrl\":\"https:\/\/rioonwatch.org.br\/wp-content\/uploads\/2021\/02\/Imagm-de-Ilma-Rocha-do-novo-Recriando-Raizes-no-Lagartixa-em-Costa-Barros.-Foto-por-Julio-Ribeiro.jpg\",\"width\":960,\"height\":640},{\"@type\":\"BreadcrumbList\",\"@id\":\"https:\/\/rioonwatch.org.br\/?p=53437#breadcrumb\",\"itemListElement\":[{\"@type\":\"ListItem\",\"position\":1,\"name\":\"In\u00edcio\",\"item\":\"https:\/\/rioonwatch.org.br\/\"},{\"@type\":\"ListItem\",\"position\":2,\"name\":\"Projeto &#8216;Recriando Ra\u00edzes&#8217; Transforma, Empodera e Salva Jovens em Costa Barros\"}]},{\"@type\":\"WebSite\",\"@id\":\"https:\/\/rioonwatch.org.br\/#website\",\"url\":\"https:\/\/rioonwatch.org.br\/\",\"name\":\"RioOnWatch\",\"description\":\"relatos das favelas cariocas\",\"publisher\":{\"@id\":\"https:\/\/rioonwatch.org.br\/#organization\"},\"potentialAction\":[{\"@type\":\"SearchAction\",\"target\":{\"@type\":\"EntryPoint\",\"urlTemplate\":\"https:\/\/rioonwatch.org.br\/?s={search_term_string}\"},\"query-input\":{\"@type\":\"PropertyValueSpecification\",\"valueRequired\":true,\"valueName\":\"search_term_string\"}}],\"inLanguage\":\"pt-BR\"},{\"@type\":\"Organization\",\"@id\":\"https:\/\/rioonwatch.org.br\/#organization\",\"name\":\"RioOnWatch\",\"url\":\"https:\/\/rioonwatch.org.br\/\",\"logo\":{\"@type\":\"ImageObject\",\"inLanguage\":\"pt-BR\",\"@id\":\"https:\/\/rioonwatch.org.br\/#\/schema\/logo\/image\/\",\"url\":\"https:\/\/rioonwatch.org.br\/wp-content\/uploads\/2021\/06\/RioOnWatchcabecalhoPT11anos-2.png\",\"contentUrl\":\"https:\/\/rioonwatch.org.br\/wp-content\/uploads\/2021\/06\/RioOnWatchcabecalhoPT11anos-2.png\",\"width\":779,\"height\":277,\"caption\":\"RioOnWatch\"},\"image\":{\"@id\":\"https:\/\/rioonwatch.org.br\/#\/schema\/logo\/image\/\"}},{\"@type\":\"Person\",\"@id\":\"https:\/\/rioonwatch.org.br\/#\/schema\/person\/11d64c290506f9df50c71b850c473f68\",\"name\":\"Admin\",\"image\":{\"@type\":\"ImageObject\",\"inLanguage\":\"pt-BR\",\"@id\":\"https:\/\/rioonwatch.org.br\/#\/schema\/person\/image\/\",\"url\":\"https:\/\/secure.gravatar.com\/avatar\/56211ac74568383903349a1485e3c325?s=96&d=blank&r=g\",\"contentUrl\":\"https:\/\/secure.gravatar.com\/avatar\/56211ac74568383903349a1485e3c325?s=96&d=blank&r=g\",\"caption\":\"Admin\"},\"url\":\"https:\/\/rioonwatch.org.br\/?author=129\"}]}<\/script>\n<!-- \/ Yoast SEO plugin. -->","yoast_head_json":{"title":"Projeto 'Recriando Ra\u00edzes' Transforma, Empodera e Salva Jovens em Costa Barros - RioOnWatch","robots":{"index":"index","follow":"follow","max-snippet":"max-snippet:-1","max-image-preview":"max-image-preview:large","max-video-preview":"max-video-preview:-1"},"canonical":"https:\/\/rioonwatch.org.br\/?p=53437","og_locale":"pt_BR","og_type":"article","og_title":"Projeto 'Recriando Ra\u00edzes' Transforma, Empodera e Salva Jovens em Costa Barros - RioOnWatch","og_description":"Click Here for English\u00a0 Esta \u00e9 a nossa mais recente mat\u00e9ria sobre\u00a0a Covid-19 e seus impactos sobre as favelas. \u2018Me Ajuda a Recriar Minha Vida\u2019 Estas foram as \u00faltimas palavras que Ilma Rocha ouviria de [...]","og_url":"https:\/\/rioonwatch.org.br\/?p=53437","og_site_name":"RioOnWatch","article_published_time":"2021-02-06T17:30:30+00:00","article_modified_time":"2021-02-14T17:21:04+00:00","og_image":[{"width":960,"height":640,"url":"https:\/\/rioonwatch.org.br\/wp-content\/uploads\/2021\/02\/Imagm-de-Ilma-Rocha-do-novo-Recriando-Raizes-no-Lagartixa-em-Costa-Barros.-Foto-por-Julio-Ribeiro.jpg","type":"image\/jpeg"}],"author":"Admin","twitter_card":"summary_large_image","twitter_misc":{"Escrito por":"Admin","Est. tempo de leitura":"9 minutos"},"schema":{"@context":"https:\/\/schema.org","@graph":[{"@type":"Article","@id":"https:\/\/rioonwatch.org.br\/?p=53437#article","isPartOf":{"@id":"https:\/\/rioonwatch.org.br\/?p=53437"},"author":{"name":"Admin","@id":"https:\/\/rioonwatch.org.br\/#\/schema\/person\/11d64c290506f9df50c71b850c473f68"},"headline":"Projeto &#8216;Recriando Ra\u00edzes&#8217; Transforma, Empodera e Salva Jovens em Costa Barros","datePublished":"2021-02-06T17:30:30+00:00","dateModified":"2021-02-14T17:21:04+00:00","mainEntityOfPage":{"@id":"https:\/\/rioonwatch.org.br\/?p=53437"},"wordCount":1753,"publisher":{"@id":"https:\/\/rioonwatch.org.br\/#organization"},"image":{"@id":"https:\/\/rioonwatch.org.br\/?p=53437#primaryimage"},"thumbnailUrl":"https:\/\/rioonwatch.org.br\/wp-content\/uploads\/2021\/02\/Imagm-de-Ilma-Rocha-do-novo-Recriando-Raizes-no-Lagartixa-em-Costa-Barros.-Foto-por-Julio-Ribeiro.jpg","keywords":["#StopFavelaStigma","Complexo da Mangueirinha","coronav\u00edrus","Costa Barros","cultura","desigualdade","direito \u00e0 educa\u00e7\u00e3o","direitos da crian\u00e7a","Direitos Humanos","educa\u00e7\u00e3o","empoderamento","Favela Tom Jobim","Favelinha (Costa Barros)","Fim do Mundo","Final Feliz","juventude","Lagartixa","Mangueirinha (Costa Barros)","Morro da Pedreira","organiza\u00e7\u00e3o comunit\u00e1ria","perfil","seguran\u00e7a p\u00fablica","S\u00e9rie: Covid-19 Nas Favelas","solu\u00e7\u00e3o","solu\u00e7\u00e3o comunit\u00e1ria","tecnologia","Terra Nova","Trabalho e renda","Zona Norte","Zona Oeste"],"articleSection":["*Destaque","Entrevistas e Perfis","Escrito por Aliados","Formas de Apoiar","Sociedade Civil","Solu\u00e7\u00f5es"],"inLanguage":"pt-BR"},{"@type":"WebPage","@id":"https:\/\/rioonwatch.org.br\/?p=53437","url":"https:\/\/rioonwatch.org.br\/?p=53437","name":"Projeto 'Recriando Ra\u00edzes' Transforma, Empodera e Salva Jovens em Costa Barros - RioOnWatch","isPartOf":{"@id":"https:\/\/rioonwatch.org.br\/#website"},"primaryImageOfPage":{"@id":"https:\/\/rioonwatch.org.br\/?p=53437#primaryimage"},"image":{"@id":"https:\/\/rioonwatch.org.br\/?p=53437#primaryimage"},"thumbnailUrl":"https:\/\/rioonwatch.org.br\/wp-content\/uploads\/2021\/02\/Imagm-de-Ilma-Rocha-do-novo-Recriando-Raizes-no-Lagartixa-em-Costa-Barros.-Foto-por-Julio-Ribeiro.jpg","datePublished":"2021-02-06T17:30:30+00:00","dateModified":"2021-02-14T17:21:04+00:00","breadcrumb":{"@id":"https:\/\/rioonwatch.org.br\/?p=53437#breadcrumb"},"inLanguage":"pt-BR","potentialAction":[{"@type":"ReadAction","target":["https:\/\/rioonwatch.org.br\/?p=53437"]}]},{"@type":"ImageObject","inLanguage":"pt-BR","@id":"https:\/\/rioonwatch.org.br\/?p=53437#primaryimage","url":"https:\/\/rioonwatch.org.br\/wp-content\/uploads\/2021\/02\/Imagm-de-Ilma-Rocha-do-novo-Recriando-Raizes-no-Lagartixa-em-Costa-Barros.-Foto-por-Julio-Ribeiro.jpg","contentUrl":"https:\/\/rioonwatch.org.br\/wp-content\/uploads\/2021\/02\/Imagm-de-Ilma-Rocha-do-novo-Recriando-Raizes-no-Lagartixa-em-Costa-Barros.-Foto-por-Julio-Ribeiro.jpg","width":960,"height":640},{"@type":"BreadcrumbList","@id":"https:\/\/rioonwatch.org.br\/?p=53437#breadcrumb","itemListElement":[{"@type":"ListItem","position":1,"name":"In\u00edcio","item":"https:\/\/rioonwatch.org.br\/"},{"@type":"ListItem","position":2,"name":"Projeto &#8216;Recriando Ra\u00edzes&#8217; Transforma, Empodera e Salva Jovens em Costa Barros"}]},{"@type":"WebSite","@id":"https:\/\/rioonwatch.org.br\/#website","url":"https:\/\/rioonwatch.org.br\/","name":"RioOnWatch","description":"relatos das favelas cariocas","publisher":{"@id":"https:\/\/rioonwatch.org.br\/#organization"},"potentialAction":[{"@type":"SearchAction","target":{"@type":"EntryPoint","urlTemplate":"https:\/\/rioonwatch.org.br\/?s={search_term_string}"},"query-input":{"@type":"PropertyValueSpecification","valueRequired":true,"valueName":"search_term_string"}}],"inLanguage":"pt-BR"},{"@type":"Organization","@id":"https:\/\/rioonwatch.org.br\/#organization","name":"RioOnWatch","url":"https:\/\/rioonwatch.org.br\/","logo":{"@type":"ImageObject","inLanguage":"pt-BR","@id":"https:\/\/rioonwatch.org.br\/#\/schema\/logo\/image\/","url":"https:\/\/rioonwatch.org.br\/wp-content\/uploads\/2021\/06\/RioOnWatchcabecalhoPT11anos-2.png","contentUrl":"https:\/\/rioonwatch.org.br\/wp-content\/uploads\/2021\/06\/RioOnWatchcabecalhoPT11anos-2.png","width":779,"height":277,"caption":"RioOnWatch"},"image":{"@id":"https:\/\/rioonwatch.org.br\/#\/schema\/logo\/image\/"}},{"@type":"Person","@id":"https:\/\/rioonwatch.org.br\/#\/schema\/person\/11d64c290506f9df50c71b850c473f68","name":"Admin","image":{"@type":"ImageObject","inLanguage":"pt-BR","@id":"https:\/\/rioonwatch.org.br\/#\/schema\/person\/image\/","url":"https:\/\/secure.gravatar.com\/avatar\/56211ac74568383903349a1485e3c325?s=96&d=blank&r=g","contentUrl":"https:\/\/secure.gravatar.com\/avatar\/56211ac74568383903349a1485e3c325?s=96&d=blank&r=g","caption":"Admin"},"url":"https:\/\/rioonwatch.org.br\/?author=129"}]}},"_links":{"self":[{"href":"https:\/\/rioonwatch.org.br\/index.php?rest_route=\/wp\/v2\/posts\/53437"}],"collection":[{"href":"https:\/\/rioonwatch.org.br\/index.php?rest_route=\/wp\/v2\/posts"}],"about":[{"href":"https:\/\/rioonwatch.org.br\/index.php?rest_route=\/wp\/v2\/types\/post"}],"author":[{"embeddable":true,"href":"https:\/\/rioonwatch.org.br\/index.php?rest_route=\/wp\/v2\/users\/129"}],"replies":[{"embeddable":true,"href":"https:\/\/rioonwatch.org.br\/index.php?rest_route=%2Fwp%2Fv2%2Fcomments&post=53437"}],"version-history":[{"count":27,"href":"https:\/\/rioonwatch.org.br\/index.php?rest_route=\/wp\/v2\/posts\/53437\/revisions"}],"predecessor-version":[{"id":53599,"href":"https:\/\/rioonwatch.org.br\/index.php?rest_route=\/wp\/v2\/posts\/53437\/revisions\/53599"}],"wp:featuredmedia":[{"embeddable":true,"href":"https:\/\/rioonwatch.org.br\/index.php?rest_route=\/wp\/v2\/media\/53439"}],"wp:attachment":[{"href":"https:\/\/rioonwatch.org.br\/index.php?rest_route=%2Fwp%2Fv2%2Fmedia&parent=53437"}],"wp:term":[{"taxonomy":"category","embeddable":true,"href":"https:\/\/rioonwatch.org.br\/index.php?rest_route=%2Fwp%2Fv2%2Fcategories&post=53437"},{"taxonomy":"post_tag","embeddable":true,"href":"https:\/\/rioonwatch.org.br\/index.php?rest_route=%2Fwp%2Fv2%2Ftags&post=53437"},{"taxonomy":"writer","embeddable":true,"href":"https:\/\/rioonwatch.org.br\/index.php?rest_route=%2Fwp%2Fv2%2Fwriter&post=53437"},{"taxonomy":"translator","embeddable":true,"href":"https:\/\/rioonwatch.org.br\/index.php?rest_route=%2Fwp%2Fv2%2Ftranslator&post=53437"},{"taxonomy":"source","embeddable":true,"href":"https:\/\/rioonwatch.org.br\/index.php?rest_route=%2Fwp%2Fv2%2Fsource&post=53437"},{"taxonomy":"ilustrador","embeddable":true,"href":"https:\/\/rioonwatch.org.br\/index.php?rest_route=%2Fwp%2Fv2%2Filustrador&post=53437"},{"taxonomy":"fotografo","embeddable":true,"href":"https:\/\/rioonwatch.org.br\/index.php?rest_route=%2Fwp%2Fv2%2Ffotografo&post=53437"}],"curies":[{"name":"wp","href":"https:\/\/api.w.org\/{rel}","templated":true}]}}