{"id":53473,"date":"2021-02-09T10:26:14","date_gmt":"2021-02-09T13:26:14","guid":{"rendered":"https:\/\/rioonwatch.org.br\/?p=53473"},"modified":"2024-01-17T11:11:19","modified_gmt":"2024-01-17T14:11:19","slug":"campanha-vacina-pra-favela-ja-sera-lancada-no-dia-de-mobilizacao-para-enfrentamento-da-covid-19-nas-favelas","status":"publish","type":"post","link":"https:\/\/rioonwatch.org.br\/?p=53473","title":{"rendered":"Campanha &#8216;Vacina Pra Favela, J\u00e1!&#8217; Lan\u00e7ada no Dia de Enfrentamento da Covid-19 nas Favelas"},"content":{"rendered":"<div id=\"app\">\n<div id=\"publication-viewer\" class=\"publication-viewer\">\n<div class=\"publication-view\">\n<div class=\"wp-swipe-panel-group wp-first-panel-displayed wp-last-panel-displayed\">\n<div class=\"wp-swipe-panel-group-view\">\n<div class=\"wp-swipe-panel-group-panel article-panel wp-panel-active\">\n<div class=\"article crisp-theme sections-article-layout\" data-article-type=\"sections-article\">\n<div class=\"section single-column-section large-content-spacing-top large-content-spacing-bottom bottom-shadow hidden\" data-section-behavior=\"crisp-single-column\" data-layer=\"0\" data-layer-name=\"over\">\n<div class=\"section-view\">\n<div class=\"section-content\">\n<div class=\"section-content-view\">\n<div class=\"content-container\">\n<div id=\"app\">\n<div id=\"publication-viewer\" class=\"publication-viewer\">\n<div class=\"publication-view\">\n<div class=\"wp-swipe-panel-group wp-first-panel-displayed wp-last-panel-displayed\">\n<div class=\"wp-swipe-panel-group-view\">\n<div class=\"wp-swipe-panel-group-panel article-panel wp-panel-active\">\n<div class=\"article crisp-theme sections-article-layout\" data-article-type=\"sections-article\">\n<div class=\"section single-column-section large-content-spacing-top large-content-spacing-bottom bottom-shadow visible\" data-section-behavior=\"crisp-single-column\" data-layer=\"0\" data-layer-name=\"over\">\n<div class=\"section-view\">\n<div class=\"section-content\">\n<div class=\"section-content-view\">\n<div class=\"content-container\">\n<figure id=\"attachment_53487\" aria-describedby=\"caption-attachment-53487\" style=\"width: 620px\" class=\"wp-caption aligncenter\"><a href=\"https:\/\/rioonwatch.org.br\/wp-content\/uploads\/2021\/02\/vacina-covid19-favelas-Latuff-1.jpg\"><img fetchpriority=\"high\" decoding=\"async\" class=\"wp-image-53487\" title=\"Charge solid\u00e1ria por Carlos Latuff\" src=\"https:\/\/rioonwatch.org.br\/wp-content\/uploads\/2021\/02\/vacina-covid19-favelas-Latuff-1.jpg\" alt=\"Charge solid\u00e1ria por Carlos Latuff\" width=\"620\" height=\"349\" srcset=\"https:\/\/rioonwatch.org.br\/wp-content\/uploads\/2021\/02\/vacina-covid19-favelas-Latuff-1.jpg 1980w, https:\/\/rioonwatch.org.br\/wp-content\/uploads\/2021\/02\/vacina-covid19-favelas-Latuff-1-620x349.jpg 620w, https:\/\/rioonwatch.org.br\/wp-content\/uploads\/2021\/02\/vacina-covid19-favelas-Latuff-1-1024x577.jpg 1024w, https:\/\/rioonwatch.org.br\/wp-content\/uploads\/2021\/02\/vacina-covid19-favelas-Latuff-1-468x264.jpg 468w, https:\/\/rioonwatch.org.br\/wp-content\/uploads\/2021\/02\/vacina-covid19-favelas-Latuff-1-768x433.jpg 768w, https:\/\/rioonwatch.org.br\/wp-content\/uploads\/2021\/02\/vacina-covid19-favelas-Latuff-1-1536x866.jpg 1536w, https:\/\/rioonwatch.org.br\/wp-content\/uploads\/2021\/02\/vacina-covid19-favelas-Latuff-1-580x326.jpg 580w, https:\/\/rioonwatch.org.br\/wp-content\/uploads\/2021\/02\/vacina-covid19-favelas-Latuff-1-174x98.jpg 174w\" sizes=\"(max-width: 620px) 100vw, 620px\" \/><\/a><figcaption id=\"caption-attachment-53487\" class=\"wp-caption-text\">Charge solid\u00e1ria por Carlos Latuff<\/figcaption><\/figure>\n<p style=\"text-align: right;\"><em><strong><a href=\"http:\/\/bit.ly\/VaccinesForFavelas\" target=\"_blank\" rel=\"noopener noreferrer\">Click Here for English<\/a><a href=\"http:\/\/bit.ly\/VaccinesForFavelas\" target=\"_blank\" rel=\"noopener noreferrer\"><img decoding=\"async\" class=\"alignright wp-image-15790\" src=\"http:\/\/rioonwatch.org.br\/wp-content\/uploads\/2012\/08\/EN-standard-e1439583104716.jpg\" alt=\"\" width=\"20\" height=\"20\" \/><\/a><\/strong>\u00a0<\/em><\/p>\n<p>PARA LAN\u00c7AMENTO IMEDIATO [<a href=\"https:\/\/vacinaja.favela.info\" target=\"_blank\" rel=\"noopener noreferrer\">P\u00c1GINA DO RELEASE<\/a>]<\/p>\n<p class=\" \">9 de fevereiro de 2021\u2014O <a href=\"http:\/\/www.favela.info\/\" target=\"_blank\" rel=\"nofollow noopener noreferrer\">Painel Unificador Covid-19 nas Favelas<\/a> vem <a href=\"https:\/\/bit.ly\/ReleasePainelUnificador\" target=\"_blank\" rel=\"noopener\">desde julho<\/a> publicando dados sobre o alcance da Covid-19 nas favelas do Rio de Janeiro, na aus\u00eancia de dados produzidos e publicados na parte das prefeituras ou do Estado. Sabemos desde o come\u00e7o que a pandemia afeta as favelas de forma desproporcional, por\u00e9m as autoridades em nenhum momento realizaram pol\u00edticas voltadas especificamente para estes territ\u00f3rios.<\/p>\n<h4>Hoje, com a chegada da vacina, digamos um &#8216;basta!&#8217; \u00e0 pol\u00edtica de neglig\u00eancia. As favelas t\u00eam que ser priorizadas no Plano de Vacina\u00e7\u00e3o contra Covid-19.<\/h4>\n<p class=\" \">Seja pela falta d&#8217;\u00e1gua nas casas, acesso f\u00e1cil aos servi\u00e7os de sa\u00fade, altos \u00edndices de servidores essenciais e informais para os quais o isolamento social \u00e9 invi\u00e1vel, dificuldade de se isolar, alta densidade intergeracional nas moradias, falta de informa\u00e7\u00f5es adequadas, e in\u00fameros outros fatores, Al\u00e9m do mais, s\u00e3o as pessoas com mais dificuldade de seguir os protocolos de seguran\u00e7a, gastar com m\u00e1scaras. \u00c9 indiscut\u00edvel que devemos buscar formas de priorizar os moradores destes territ\u00f3rios na pol\u00edtica da vacina.<\/p>\n<p class=\" \">Por todos estes e muitos outros motivos, os coletivos e institui\u00e7\u00f5es por tr\u00e1s do Painel Unificador Covid-19 nas Favelas lan\u00e7am amanh\u00e3, dia 10 de fevereiro de 2021, junto ao <i><a href=\"http:\/\/bit.ly\/2MApDdi\" target=\"_blank\" rel=\"nofollow noopener noreferrer\">Dia Estadual de Mobiliza\u00e7\u00e3o para Enfrentamento da COVID-19 nas Favelas do Rio de Janeiro<\/a><\/i>,\u00a0a\u00a0<a href=\"http:\/\/vacinaja.favela.info\" target=\"_blank\" rel=\"noopener\">campanha &#8220;Vacina Pra Favela J\u00e1!&#8221;<\/a>\u00a0O\u00a0objetivo \u00e9 conclamar as autoridades do Rio de Janeiro a realizar de imediato a\u00e7\u00f5es que garantam acesso \u00e0s vacinas prioritariamente nas favelas.<\/p>\n<h2 class=\" text-center\"><span class=\"heading-content-wrapper\"><a id=\"page-content-vozes-do-painel-porque-priorizar-a-vacina\u00e7\u00e3o-nas-favelas\" class=\"page-heading-anchor\" title=\"Copy anchor link\" href=\"https:\/\/spark.adobe.com\/page\/hXDCZAxn941Na\/#vozes-do-painel-porque-priorizar-a-vacina%C3%A7%C3%A3o-nas-favelas\" aria-hidden=\"true\"><\/a><span class=\"heading-text\">Vozes do Painel: Porque priorizar a vacina\u00e7\u00e3o nas favelas?<\/span><\/span><\/h2>\n<blockquote>\n<p class=\" \">&#8220;Porque\u00a0boa parte da popula\u00e7\u00e3o da favela trabalha na linha de frente\u00a0e\u00a0<a href=\"http:\/\/bit.ly\/36QxB93\" target=\"_blank\" rel=\"nofollow noopener noreferrer\">usa transporte p\u00fablico<\/a>\u00a0(que em sua maioria est\u00e3o sempre al\u00e9m da capacidade e da possibilidade de distanciamento social). Al\u00e9m disso, a maioria dessa popula\u00e7\u00e3o, ao pegar Covid-19\u00a0vai depender totalmente do sistema p\u00fablico de sa\u00fade\u00a0que carece de leitos. Ainda mais, \u00e9 muito mais desafiador cumprir as medidas de distanciamento social e lavagem das m\u00e3os em territ\u00f3rios perif\u00e9ricos, pois a densidade habitacional \u00e9 maior e a\u00a0rede de saneamento b\u00e1sico \u00e9 escassa\u00a0em boa parte das localidades.&#8221;\u00a0\u2014\u00a0Amanda Scofano\u00a0(Doutoranda,\u00a0PUC-Rio)<\/p>\n<\/blockquote>\n<blockquote>\n<p class=\" \">&#8220;A popula\u00e7\u00e3o favelada e perif\u00e9rica deve ter prioridade na vacina\u00e7\u00e3o por alguns fatores. Primeiro porque geralmente estes\u00a0territ\u00f3rios s\u00e3o mais precarizados em rela\u00e7\u00e3o ao acesso a \u00e1gua, a quest\u00e3o da moradia\u2014com fam\u00edlias grandes e moradias pequenas onde todo mundo tem muito contato o tempo todo, o que dificulta a conten\u00e7\u00e3o do v\u00edrus. Em segundo lugar porque\u00a0s\u00e3o as pessoas\u00a0que moram nestes territ\u00f3rios,\u00a0que trabalham\u00a0em diversas \u00e1reas, inclusive \u00e1reas essenciais, embora n\u00e3o listados como tal. No setor de transporte e com\u00e9rcio de modo geral. Ent\u00e3o,\u00a0se n\u00f3s n\u00e3o formos vacinados, podemos continuar\u00a0promovendo a circula\u00e7\u00e3o do coronav\u00edrus. Porque trabalhamos em diversas partes da cidade, apesar de certa segrega\u00e7\u00e3o, n\u00e3o ficamos contidos na favela. Por mais que moremos neste lugar que j\u00e1 tem uma situa\u00e7\u00e3o mais prec\u00e1ria de prote\u00e7\u00e3o, tamb\u00e9m trabalhamos nestes diversos setores da sociedade, ent\u00e3o\u00a0se n\u00e3o tivermos protegidos, podemos espalhar o v\u00edrus por diversas partes da cidade.&#8221;\u00a0\u2014\u00a0Douglas Heliodoro\u00a0(Coletivo Conex\u00f5es Perif\u00e9ricas,\u00a0Rio das Pedras)<\/p>\n<\/blockquote>\n<blockquote><p>&#8220;Sugerimos acrescentar as popula\u00e7\u00f5es residentes em territ\u00f3rio de favela [como priorit\u00e1rias no Plano de Vacina\u00e7\u00e3o], pois s\u00e3o os cidad\u00e3os que t\u00eam mais dificuldades no acesso a servi\u00e7os de sa\u00fade\u00a0e que\u00a0convivem em condi\u00e7\u00f5es muito prop\u00edcias para dissemina\u00e7\u00e3o da doen\u00e7a: com domic\u00edlios pr\u00f3ximos uns dos outros, com poucos c\u00f4modos nos domic\u00edlios, concentra\u00e7\u00e3o de pessoas por domic\u00edlios, com menos acesso a servi\u00e7os de saneamento e onde grande parte de seus moradores n\u00e3o possuem v\u00ednculo empregat\u00edcio e, consequentemente\u00a0o trabalho presencial \u00e9 a \u00fanica possibilidade de aquisi\u00e7\u00e3o de recurso\u00a0para subsist\u00eancia de suas fam\u00edlias.&#8221;\u00a0\u2014\u00a0Renata Gracie\u00a0(vice-coordenadora do Laborat\u00f3rio de Informa\u00e7\u00e3o em Sa\u00fade-LIS\/ICICT\/Fiocruz)<\/p><\/blockquote>\n<blockquote><p>&#8220;Sabe-se que justamente essas pessoas, principalmente as que moram na periferia, passam mais tempo em deslocamento pela cidade e, consequentemente, tem uma possibilidade maior de ter contato com o v\u00edrus.&#8221; \u2014 Andressa Cabral Botelho (Mar\u00e9 de Not\u00edcias)<\/p><\/blockquote>\n<blockquote>\n<p class=\" \">&#8220;Imagina uma m\u00e3e, sem op\u00e7\u00e3o de ficar em casa\u00a0e tendo que sair para trabalhar, tentando convencer a filha\u2014que j\u00e1 perdeu um ano letivo\u2014a ficar parada em casa para diminuir a chance de a v\u00f3 pegar Covid?\u00a0Imposs\u00edvel, n\u00e9? Imagina isso numa favela onde crian\u00e7as est\u00e3o acostumadas com a comunidade como extens\u00e3o do lar? A crian\u00e7a sem escola pra ir, sem op\u00e7\u00e3o de ensino remoto, sem espa\u00e7o dentro de casa para brincar. Enquanto isso, a v\u00f3 sem acesso a testes ou sa\u00fade de qualidade caso adoe\u00e7a. Imagina o desespero di\u00e1rio desta m\u00e3e? Agora,\u00a0compare essa realidade com outras da nossa sociedade. De fam\u00edlias com lares separados por gera\u00e7\u00f5es, crian\u00e7as no ensino remoto, pais no trabalho virtual. N\u00e3o h\u00e1 d\u00favida que as favelas devam ter prioridade para a vacina, por uma\u00a0quest\u00e3o tanto pragm\u00e1tica quanto de justi\u00e7a social.&#8221;\u00a0\u2014\u00a0Theresa Williamson\u00a0(Comunidades Catalisadoras,\u00a0ComCat)<\/p>\n<\/blockquote>\n<blockquote>\n<p class=\" \">&#8220;As\u00a0favelas\u00a0deveriam ser as priorizadas porque s\u00e3o as [\u00e1reas da cidade] que\u00a0mais sofrem em todos os sentidos, por conta tanto da pandemia quanto outras doen\u00e7as, tuberculose, saneamento b\u00e1sico, falta d&#8217;\u00e1gua. Tendo em vista que muitas favelas tem a Cl\u00ednica da Fam\u00edlia, o que facilitaria um pouco mais para vacina\u00e7\u00e3o, o governo deveria priorizar estas fam\u00edlias que moram nestes lugares.&#8221;\u00a0\u2014\u00a0Ot\u00e1vio Alves Barros\u00a0(Presidente da Cooperativa Vale Encantado,\u00a0Alto da Boa Vista)<\/p>\n<\/blockquote>\n<blockquote><p>&#8220;A vacina\u00e7\u00e3o deve ser priorit\u00e1ria nas favelas por serem territ\u00f3rios historicamente invisibilizados. As pessoas que vivem nas favelas precisam buscar diariamente meios para sua sobreviv\u00eancia&#8230; precisaram tomar a decis\u00e3o de se expor ao v\u00edrus ou a falta de alimento. Pessoas que garantiram a continuidade de servi\u00e7os b\u00e1sicos na cidade, mas ao mesmo tempo est\u00e3o desprovidos desses servi\u00e7os no lugar onde moram. A vacina\u00e7\u00e3o deve ser priorit\u00e1ria pois desde o in\u00edcio, a conten\u00e7\u00e3o do v\u00edrus se mostrou um desafio em territ\u00f3rios onde n\u00e3o h\u00e1 saneamento b\u00e1sico, as moradias s\u00e3o extremamente prec\u00e1rias e as fam\u00edlias precisam dividir c\u00f4modos pequenos com v\u00e1rias pessoas. Garantir a vacina\u00e7\u00e3o priorit\u00e1ria nas favelas, \u00e9 garantir o cuidado a quem mais est\u00e1 vulner\u00e1vel e ao mesmo tempo, conter a propaga\u00e7\u00e3o do v\u00edrus.&#8221; \u2014 Andressa Good (TETO)<\/p><\/blockquote>\n<blockquote>\n<p class=\" \">&#8220;N\u00e3o contam com acesso f\u00e1cil aos servi\u00e7os de sa\u00fade. Quando s\u00e3o, passam pela perversidade de ver as unidades sendo sucateadas ou fechadas, a exemplo da UPA de Manguinhos, fechada no dia 6 de janeiro deste ano.&#8221;\u00a0&#8211;\u00a0Rachel Viana\u00a0(Pesquisadora de p\u00f3s-doutorado da Casa de Oswaldo Cruz e\u00a0professora da Rede Estadual do RJ)<\/p>\n<\/blockquote>\n<blockquote>\n<p class=\" \">&#8220;Na\u00a0favela\u00a0as pessoas s\u00e3o as mais prejudicadas, [s\u00e3o as pessoas] que est\u00e3o\u00a0na linha de frente [da pandemia].&#8221;\u00a0&#8211;\u00a0Ana Leila Gon\u00e7alves\u00a0(Presidente-Fundadora da Associa\u00e7\u00e3o Centro Social Fus\u00e3o\/Mesquita RJ)<\/p>\n<\/blockquote>\n<\/div>\n<\/div>\n<\/div>\n<\/div>\n<\/div>\n<\/div>\n<\/div>\n<\/div>\n<\/div>\n<\/div>\n<\/div>\n<\/div>\n<\/div>\n<\/div>\n<\/div>\n<\/div>\n<\/div>\n<div class=\"section fullscreen-photo-section caption-left visible\" data-section-behavior=\"crisp-fullscreen-photo\" data-layer=\"-1\" data-layer-name=\"under\" data-zoom-start=\"\" data-zoom-stop=\"\" data-zoom-to=\"\" data-zoom-from=\"\" data-fixed=\"\">\n<div class=\"section-view\">\n<div class=\"pull-quote\">\n<div class=\"pull-quote-view\">\n<div>\n<figure id=\"attachment_53495\" aria-describedby=\"caption-attachment-53495\" style=\"width: 620px\" class=\"wp-caption aligncenter\"><a href=\"https:\/\/rioonwatch.org.br\/wp-content\/uploads\/2021\/02\/Painel.png\"><img decoding=\"async\" class=\"wp-image-53495\" src=\"https:\/\/rioonwatch.org.br\/wp-content\/uploads\/2021\/02\/Painel.png\" alt=\"J\u00e1 ocorreram mais mortes nas favelas do Rio de Janeiro do que em 162 pa\u00edses inteiros. O n\u00famero de mortes nas favelas ultrapassa o de mortes no Paraguay (2846), Dinamarca (2216), Costa Rica (2692), Austr\u00e1lia (909), Venezuela (1240), Mo\u00e7ambique (465), Tail\u00e2ndia (79), Camar\u00f5es (474), Mal\u00e1sia (909), e muitos outros. Fonte: Painel Unificador Covid-19 nas Favelas (favela.info)\" width=\"620\" height=\"310\" srcset=\"https:\/\/rioonwatch.org.br\/wp-content\/uploads\/2021\/02\/Painel.png 1905w, https:\/\/rioonwatch.org.br\/wp-content\/uploads\/2021\/02\/Painel-620x310.png 620w, https:\/\/rioonwatch.org.br\/wp-content\/uploads\/2021\/02\/Painel-1024x511.png 1024w, https:\/\/rioonwatch.org.br\/wp-content\/uploads\/2021\/02\/Painel-529x264.png 529w, https:\/\/rioonwatch.org.br\/wp-content\/uploads\/2021\/02\/Painel-768x383.png 768w, https:\/\/rioonwatch.org.br\/wp-content\/uploads\/2021\/02\/Painel-1536x767.png 1536w\" sizes=\"(max-width: 620px) 100vw, 620px\" \/><\/a><figcaption id=\"caption-attachment-53495\" class=\"wp-caption-text\">J\u00e1 ocorreram mais mortes nas favelas do Rio de Janeiro do que em 162 pa\u00edses inteiros. O n\u00famero de mortes nas favelas ultrapassa o de mortes no Paraguay (2846), Dinamarca (2216), Costa Rica (2692), Austr\u00e1lia (909), Venezuela (1240), Mo\u00e7ambique (465), Tail\u00e2ndia (79), Camar\u00f5es (474), Mal\u00e1sia (909), e muitos outros. Fonte: Painel Unificador Covid-19 nas Favelas (favela.info)<\/figcaption><\/figure>\n<\/div>\n<div class=\"content-container\"><\/div>\n<\/div>\n<\/div>\n<\/div>\n<\/div>\n<div class=\"section single-column-section large-content-spacing-top large-content-spacing-bottom top-shadow visible\" data-section-behavior=\"crisp-single-column\" data-layer=\"1\" data-layer-name=\"over\">\n<div class=\"section-view\">\n<div class=\"section-content\">\n<div class=\"section-content-view\">\n<div class=\"content-container\">\n<h2 class=\" \"><span class=\"heading-content-wrapper\"><a id=\"page-content-como-o-governo-pode-priorizar-as-favelas\" class=\"page-heading-anchor\" title=\"Copy anchor link\" href=\"https:\/\/spark.adobe.com\/page\/hXDCZAxn941Na\/#como-o-governo-pode-priorizar-as-favelas\" aria-hidden=\"true\"><\/a><span class=\"heading-text\">Como o Governo Pode Priorizar as Favelas?<\/span><\/span><\/h2>\n<ol>\n<li class=\" \">Garantindo vacinas prioritariamente em postos e cl\u00ednicas da fam\u00edlia dentro e pr\u00f3ximas \u00e0s favelas, e a devida\u00a0infraestrutura para armazenamento\u00a0e distribui\u00e7\u00e3o das doses.<\/li>\n<li class=\" \">Priorizando servidores essenciais e vulner\u00e1veis, como motoristas, entregadores, caixas, faxineiras, cuidadores, trabalhadores de constru\u00e7\u00e3o e informais.<\/li>\n<li class=\" \">Garantindo vacinas prioritariamente aos professores da Rede P\u00fablica e seus alunos.<\/li>\n<li class=\" \">Realizando polos de vacina\u00e7\u00e3o em terminais de trem e \u00f4nibus.<\/li>\n<\/ol>\n<h2 class=\" \"><span class=\"heading-content-wrapper\"><a id=\"page-content-como-apoiar-a-campanha-vacina-pra-favela-j\u00e1\" class=\"page-heading-anchor\" title=\"Copy anchor link\" href=\"https:\/\/spark.adobe.com\/page\/hXDCZAxn941Na\/#como-apoiar-a-campanha-vacina-pra-favela-j%C3%A1\" aria-hidden=\"true\"><\/a><span class=\"heading-text\">Como Apoiar a Campanha &#8220;Vacina Pra Favela J\u00e1!&#8221;<\/span><\/span><\/h2>\n<p class=\" text-center\">Participe no dia 10 e al\u00e9m, divulgando a campanha <a href=\"http:\/\/vacinaja.favela.info\" target=\"_blank\" rel=\"noopener\">vacinaja.favela.info<\/a> pelas suas redes sociais\u00a0usando as hashtags\u00a0#VacinaPraFavelaJa\u00a0#FavelaContraPandemia #MobilizaFavela #FavelaResiste.<\/p>\n<p><iframe src=\"https:\/\/www.youtube.com\/embed\/WfJzh1-uVsQ\" width=\"620\" height=\"349\" frameborder=\"0\" allowfullscreen=\"allowfullscreen\"><span data-mce-type=\"bookmark\" style=\"display: inline-block; width: 0px; overflow: hidden; line-height: 0;\" class=\"mce_SELRES_start\">\ufeff<\/span><span data-mce-type=\"bookmark\" style=\"display: inline-block; width: 0px; overflow: hidden; line-height: 0;\" class=\"mce_SELRES_start\">\ufeff<\/span><\/iframe><\/p>\n<h2 class=\" \"><span class=\"heading-content-wrapper\"><a id=\"page-content-sobre-o-painel-unificador-covid-19-nas-favelas\" class=\"page-heading-anchor\" title=\"Copy anchor link\" href=\"https:\/\/spark.adobe.com\/page\/hXDCZAxn941Na\/#sobre-o-painel-unificador-covid-19-nas-favelas\" aria-hidden=\"true\"><\/a><span class=\"heading-text\">Sobre o Painel Unificador-Covid-19 nas Favelas<\/span><\/span><\/h2>\n<h3 class=\" \">Coletivos e organiza\u00e7\u00f5es que fazem parte do Painel Unificador Covid-19 nas Favelas:<\/h3>\n<p class=\" text-center\"><a href=\"https:\/\/bit.ly\/3fgbwCW\" target=\"_blank\" rel=\"nofollow noopener noreferrer\">A.M.I.G.A.S.<\/a>\u00a0|\u00a0<a href=\"https:\/\/bit.ly\/2ZwXbN1\" target=\"_blank\" rel=\"nofollow noopener noreferrer\">Centro Social Fus\u00e3o<\/a>\u00a0|\u00a0<a href=\"https:\/\/bit.ly\/2C05Iid\" target=\"_blank\" rel=\"nofollow noopener noreferrer\">Coletivo Conex\u00f5es Perif\u00e9ricas-RP<\/a>\u00a0|\u00a0<a href=\"https:\/\/covidporcep.rio.br\/\" target=\"_blank\" rel=\"nofollow noopener noreferrer\">Covid por CEP<\/a>\u00a0|\u00a0<a href=\"http:\/\/bit.ly\/2lbFqNb\" target=\"_blank\" rel=\"nofollow noopener noreferrer\">Data_Labe<\/a>\u00a0|\u00a0<a href=\"https:\/\/bit.ly\/3dcAaDa\" target=\"_blank\" rel=\"nofollow noopener noreferrer\">Fala Ro\u00e7a<\/a>\u00a0|\u00a0<a href=\"https:\/\/www.facebook.com\/coletivofavelavertical\/\" target=\"_blank\" rel=\"nofollow noopener noreferrer\">Favela Vertical<\/a>\u00a0|\u00a0<a href=\"https:\/\/bit.ly\/2ZEAIw6\" target=\"_blank\" rel=\"nofollow noopener noreferrer\">Fiocruz<\/a>\u00a0|\u00a0<a href=\"https:\/\/bit.ly\/3cZ2CZe\" target=\"_blank\" rel=\"nofollow noopener noreferrer\">F\u00f3rum Grita Baixada<\/a>\u00a0|\u00a0<a href=\"https:\/\/bit.ly\/30zcFAO\" target=\"_blank\" rel=\"nofollow noopener noreferrer\">Frente de Mobiliza\u00e7\u00e3o da Mar\u00e9<\/a>\u00a0|\u00a0<a href=\"https:\/\/www.iearaujodutra.com\/\" target=\"_blank\" rel=\"nofollow noopener noreferrer\">Instituto Educacional Araujo Dutra<\/a>\u00a0|\u00a0<a href=\"https:\/\/www.facebook.com\/LabJaca\/\" target=\"_blank\" rel=\"nofollow noopener noreferrer\">LabJaca<\/a>\u00a0|\u00a0<a href=\"https:\/\/mareonline.com.br\/\" target=\"_blank\" rel=\"nofollow noopener noreferrer\">Mar\u00e9 de Not\u00edcias<\/a>\u00a0|\u00a0<a href=\"http:\/\/bit.ly\/2xQ8oJQ\" target=\"_blank\" rel=\"nofollow noopener noreferrer\">Mulheres de Frente<\/a>\u00a0|\u00a0<a href=\"https:\/\/www.observatoriodefavelas.org.br\/\" target=\"_blank\" rel=\"nofollow noopener noreferrer\">Observat\u00f3rio de Favelas<\/a>\u00a0|\u00a0<a href=\"https:\/\/bit.ly\/3glWkF6\" target=\"_blank\" rel=\"nofollow noopener noreferrer\">PerifaConnection<\/a>\u00a0|\u00a0<a href=\"http:\/\/www.redesdamare.org.br\/?fbclid=IwAR2CewNeSRL_uEPbRpD65lk-okyp8TUWgUjmaAaolliNciWG_KMGIUhf_k0\" target=\"_blank\" rel=\"nofollow noopener noreferrer\">Redes da Mar\u00e9<\/a>\u00a0|\u00a0<a href=\"https:\/\/bit.ly\/2ZWsgZB\" target=\"_blank\" rel=\"nofollow noopener noreferrer\">SOS Provid\u00eancia<\/a>\u00a0|\u00a0<a href=\"http:\/\/bit.ly\/30l5RrX\" target=\"_blank\" rel=\"nofollow noopener noreferrer\">TETO<\/a>\u00a0|\u00a0<a href=\"http:\/\/bit.ly\/2JhMwyE\" target=\"_blank\" rel=\"nofollow noopener noreferrer\">Voz das Comunidades<\/a>\u00a0|\u00a0<a href=\"http:\/\/www.wikifavelas.com.br\/\" target=\"_blank\" rel=\"nofollow noopener noreferrer\">WikiFavelas<\/a><\/p>\n<p class=\" \">Links Relevantes do Painel Unificador Covid-19 nas Favelas<\/p>\n<h3 class=\" text-center\"><a href=\"http:\/\/www.favela.info\/\" target=\"_blank\" rel=\"nofollow noopener noreferrer\">O Painel<\/a>\u00a0|\u00a0<a href=\"http:\/\/metodologia.favela.info\/\" target=\"_blank\" rel=\"nofollow noopener noreferrer\">Nota T\u00e9cnica<\/a>\u00a0|\u00a0<a href=\"http:\/\/fb.favela.info\/\" target=\"_blank\" rel=\"nofollow noopener noreferrer\">Facebook<\/a>\u00a0|\u00a0<a href=\"https:\/\/bit.ly\/ColetivaPainelRelease1\" target=\"_blank\" rel=\"nofollow noopener noreferrer\">Release No. 1<\/a>\u00a0|\u00a0<a href=\"https:\/\/bit.ly\/ColetivaPainelRelease2\" target=\"_blank\" rel=\"nofollow noopener noreferrer\">Release No. 2<\/a>\u00a0|\u00a0<a href=\"https:\/\/bit.ly\/3kBDz2s\" target=\"_blank\" rel=\"nofollow noopener noreferrer\">Release No. 3<\/a>\u00a0|\u00a0<a href=\"https:\/\/bit.ly\/ColetivaPainelRelease4\" target=\"_blank\" rel=\"nofollow noopener noreferrer\">Release No. 4<\/a><\/h3>\n<h3 class=\" \">Cobertura do Painel Unificador na Imprensa:<\/h3>\n<p class=\" \"><em>CNN Brasil<\/em> \u2014 7 de janeiro, 2021\u00a0<a href=\"http:\/\/bit.ly\/2XlGmm8\" target=\"_blank\" rel=\"nofollow noopener noreferrer\">Fiocruz iniciar\u00e1 at\u00e9 fevereiro a\u00e7\u00f5es de combate \u00e0 Covid-19 nas favelas do Rio<\/a><\/p>\n<p class=\" \"><em>Ag\u00eancia de Not\u00edcias das Favelas<\/em> \u2013 28 de dezembro, 2020:\u00a0<a href=\"https:\/\/bit.ly\/2JsADru\" target=\"_blank\" rel=\"nofollow noopener noreferrer\">Import\u00e2ncia da relatoria local dos casos de Covid-19 nas favelas<\/a><\/p>\n<p class=\" \"><em>TVI24<\/em> \u2014 11 de dezembro, 2020\u00a0<a href=\"https:\/\/bit.ly\/3oRdUUO\" target=\"_blank\" rel=\"nofollow noopener noreferrer\">Se as Favelas do Rio de Janeiro Fossem um Pa\u00eds Seriam o 50\u00ba com Mais Mortos por Covid-19<\/a>\u00a0[TV Portugal]<\/p>\n<p class=\" \"><em>Meia Hora<\/em> \u2014 11 de dezembro, 2020:\u00a0<a href=\"https:\/\/bit.ly\/3a1a3Aq\" target=\"_blank\" rel=\"nofollow noopener noreferrer\">Maior Trag\u00e9dia Sanit\u00e1ria do Brasil<\/a><\/p>\n<p class=\" \"><em>Ag\u00eancia Brasil<\/em> \u2014 10 de dezembro, 2020:\u00a0<a href=\"https:\/\/bit.ly\/378GuLn\" target=\"_blank\" rel=\"nofollow noopener noreferrer\">Coletivos cobram medidas de prote\u00e7\u00e3o contra Covid-19 nas favelas do Rio<\/a><\/p>\n<p class=\" \"><em>R\u00e1dio Ag\u00eancia Nacional<\/em> \u2014 10 de dezembro, 2020:\u00a0<a href=\"https:\/\/bit.ly\/3gFarpC\" target=\"_blank\" rel=\"nofollow noopener noreferrer\">Favelas do Rio registram 2 mil mortes por Covid-19, segundo painel<\/a><\/p>\n<p class=\" \"><em>SBT Brasil<\/em> \u2014 10 de dezembro, 2020:<a href=\"https:\/\/bit.ly\/343Stbb\" target=\"_blank\" rel=\"nofollow noopener noreferrer\">\u00a0Favelas do Rio registram mais mortes por Covid-19 que 121 pa\u00edses<\/a><\/p>\n<p class=\" \"><em>Brasil de Fato<\/em> \u2014 10 de dezembro, 2020:\u00a0<a href=\"https:\/\/bit.ly\/3gAbJlF\" target=\"_blank\" rel=\"nofollow noopener noreferrer\">Painel das Favelas registra 56% mais casos de covid do que dados da Prefeitura do Rio<\/a><\/p>\n<p class=\" \"><em>O Dia<\/em> \u2014 9 de dezembro, 2020:\u00a0<a href=\"https:\/\/bit.ly\/2K68dnd\" target=\"_blank\" rel=\"nofollow noopener noreferrer\">Favelas do Rio de Janeiro possuem mais mortes por covid-19 do que 121 pa\u00edses<\/a><\/p>\n<p class=\" \"><em>CNN Sa\u00fade<\/em> \u2014 8 de dezembro, 2020:\u00a0<a href=\"https:\/\/bit.ly\/3oHapR6\" target=\"_blank\" rel=\"nofollow noopener noreferrer\">Favelas da Regi\u00e3o Metropolitana do RJ t\u00eam mais casos de Covid-19 que 142 pa\u00edses<\/a><\/p>\n<p class=\" \"><em>Icict\/Fiocruz<\/em> \u2014 8 de dezembro, 2020:\u00a0<a href=\"https:\/\/bit.ly\/3lXG8eR\" target=\"_blank\" rel=\"nofollow noopener noreferrer\">Transporte p\u00fablico na pandemia \u00e9 o tema da coletiva do Painel Unificador das Favelas, dia 10\/12, \u00e0s 14h<\/a><\/p>\n<p class=\" \"><em>Rede Covida<\/em> \u2014 30 de outubro, 2020\u00a0<a href=\"https:\/\/bit.ly\/38zupzY\" target=\"_blank\" rel=\"nofollow noopener noreferrer\">Iniciativa exalta como dados podem salvar vidas nas favelas do Rio<\/a><\/p>\n<p class=\" \"><em>Funda\u00e7\u00e3o Oswaldo Cruz<\/em> \u2014 26 de outubro, 2020:\u00a0<a href=\"https:\/\/bit.ly\/2Jjht6Z\" target=\"_blank\" rel=\"nofollow noopener noreferrer\">Painel Unificador Covid-19 nas Favelas lan\u00e7a v\u00eddeo sobre a import\u00e2ncia da coleta de dados na pandemia<\/a><\/p>\n<p class=\" \"><em>Correio da Manh\u00e3<\/em> \u2014 27 de outubro, 2020:\u00a0<a href=\"https:\/\/bit.ly\/2JcSx0V\" target=\"_blank\" rel=\"nofollow noopener noreferrer\">Painel Unificador Covid nas Favelas lan\u00e7a campanha<\/a><\/p>\n<p class=\" \"><em>Not\u00edcias Gerais<\/em> \u2014 27 de outubro, 2020:\u00a0<a href=\"https:\/\/bit.ly\/3ovuiev\" target=\"_blank\" rel=\"nofollow noopener noreferrer\">Campanha das Favelas Mostra Como Dados Podem Salvar Vidas<\/a><\/p>\n<p class=\" \"><em>Ag\u00eancia de Not\u00edcias das Favelas<\/em> \u2013 26 de outubro, 2020:\u00a0<a href=\"https:\/\/bit.ly\/34vOTYd\" target=\"_blank\" rel=\"nofollow noopener noreferrer\">Painel Unificado Covid-19 nas Favelas lan\u00e7a campanha sobre import\u00e2ncia do acesso \u00e0 informa\u00e7\u00e3o<\/a><\/p>\n<p class=\" \"><em>Projeto Colabora<\/em> \u2014 4 de outubro, 2020:\u00a0<a href=\"https:\/\/bit.ly\/33yUbSk\" target=\"_blank\" rel=\"nofollow noopener noreferrer\">Luta que vem de dentro<\/a><\/p>\n<p class=\" \"><em>R\u00e1dio Nacional<\/em> \u2014 20 de agosto, 2020:\u00a0<a href=\"https:\/\/bit.ly\/3aJ5x8h\" target=\"_blank\" rel=\"nofollow noopener noreferrer\">Rio de Janeiro registra 202 mil casos de Covid-19 e 15 mil mortos<\/a><\/p>\n<p class=\" \"><em>Ag\u00eancia Brasil<\/em> \u2014 13 de outubro, 2020:\u00a0<a href=\"https:\/\/bit.ly\/3iZEc4x\" target=\"_blank\" rel=\"nofollow noopener noreferrer\">Rio: 1,4 mil mortes por covid-19 foram em favelas, mostra painel<\/a><\/p>\n<p class=\" \"><em>Funda\u00e7\u00e3o Oswaldo Cruz<\/em> \u2014 12 de agosto, 2020:\u00a0<a href=\"https:\/\/bit.ly\/3gYfJw0\" target=\"_blank\" rel=\"nofollow noopener noreferrer\">Painel Unificador de Favelas realiza segunda coletiva nesta quinta-feira, 13\/08<\/a><\/p>\n<p class=\" \"><em>O Dia<\/em> \u2014 3 de agosto, 2020:\u00a0<a href=\"https:\/\/bit.ly\/PainelODia\" target=\"_blank\" rel=\"nofollow noopener noreferrer\">Sinal de Alerta na Mar\u00e9<\/a><\/p>\n<p class=\" \"><em>Shareable The Response Podcast<\/em> \u2014 28 de julho, 2020:\u00a0<a href=\"https:\/\/bit.ly\/ShareableDashboard\" target=\"_blank\" rel=\"nofollow noopener noreferrer\">The Response: Crowdsourcing data to fight the pandemic in Rio\u2019s favelas<\/a>\u00a0[PODCAST EUA]<\/p>\n<p class=\" \"><em>The Sociable<\/em> \u2014 27 de julho, 2020:\u00a0<a href=\"https:\/\/bit.ly\/39EUegH\" target=\"_blank\" rel=\"nofollow noopener noreferrer\">Neglected by govt, Brazilian favela organizations take COVID-19 data collection into their own hands<\/a>\u00a0[Colombia\/EUA]<\/p>\n<p class=\" \"><em>O Globo<\/em> \u2014 23 de julho, 2020:\u00a0<a href=\"https:\/\/bit.ly\/PainelUnificadorOGlobo\" target=\"_blank\" rel=\"nofollow noopener noreferrer\">Favelas contestam dados oficiais de mortes pelo coronav\u00edrus em comunidades do Rio e criam painel pr\u00f3prio<\/a><\/p>\n<p class=\" \"><em>Vax Before Travel<\/em> \u2014 14 de julho, 2020:\u00a0<a href=\"https:\/\/bit.ly\/38Wz8Kl\" target=\"_blank\" rel=\"nofollow noopener noreferrer\">Rio Resolves Outbreak Under-Reporting<\/a><\/p>\n<p class=\" \"><em>R\u00e1dio Ag\u00eancia Nacional<\/em> \u2014 10 de julho, 2020:\u00a0<a href=\"https:\/\/bit.ly\/2Ok7sFD\" target=\"_blank\" rel=\"nofollow noopener noreferrer\">Plataforma online vai reunir dados sobre a Covid-19 em 120 favelas do Rio de Janeiro<\/a><\/p>\n<p class=\" \"><em>Funda\u00e7\u00e3o Oswaldo Cruz<\/em> \u2014 10 de julho, 2020:\u00a0<a href=\"https:\/\/bit.ly\/3eu8n14\" target=\"_blank\" rel=\"nofollow noopener noreferrer\">Movimentos lan\u00e7am Painel Unificador Covid-19 nas Favelas<\/a><\/p>\n<p class=\" \"><em>SBT<\/em> \u2014 10 de julho, 2020:\u00a0<a href=\"https:\/\/bit.ly\/32ipLUb\" target=\"_blank\" rel=\"nofollow noopener noreferrer\">Covid-19: casos n\u00e3o registrados podem ser maiores do que o total de infectados na cidade<\/a>\u00a0[TV]<\/p>\n<p class=\" \"><em>Ag\u00eancia Brasil<\/em> \u2014 9 de julho, 2020:\u00a0<a href=\"https:\/\/bit.ly\/2Zfdu0Q\" target=\"_blank\" rel=\"nofollow noopener noreferrer\">ONG lan\u00e7a painel para coletar dados da Covid-19 em favelas by Alana Gandra, also \u00c9poca Neg\u00f3cios<\/a><\/p>\n<p class=\" \"><em>Ag\u00eancia de Not\u00edcias das Favelas<\/em> \u2014 9 de julho, 2020:\u00a0<a href=\"https:\/\/bit.ly\/38HZeRk\" target=\"_blank\" rel=\"nofollow noopener noreferrer\">Painel unifica dados sobre Covid-19 em favelas do Rio<\/a><\/p>\n<p class=\" \"><em>O Dia<\/em> \u2014 9 de julho, 2020:\u00a0<a href=\"https:\/\/bit.ly\/2BXTrer\" target=\"_blank\" rel=\"nofollow noopener noreferrer\">Covid-19: painel lan\u00e7ado por comunidades do Rio mostra alto n\u00famero de \u00f3bitos em favelas<\/a><\/p>\n<p class=\" \"><em>Reuters<\/em> \u2014 9 de julho, 2020:\u00a0<a href=\"https:\/\/reut.rs\/2W6w757\" target=\"_blank\" rel=\"nofollow noopener noreferrer\">Rio\u2019s favelas turn to technology to fight underreporting of coronavirus cases<\/a>\u00a0[EUA]<\/p>\n<p class=\" \"><em>G1<\/em> \u2014 9 de julho, 2020:\u00a0<a href=\"https:\/\/glo.bo\/38HPCFY\" target=\"_blank\" rel=\"nofollow noopener noreferrer\">Dados divulgados por entidades de favelas do Rio mostram n\u00fameros da Covid-19 maiores que os oficiais<\/a><\/p>\n<p class=\" \"><em>TV Globo<\/em> \/ Bom Dia Rio \u2014 9 de julho, 2020:\u00a0<a href=\"https:\/\/bit.ly\/2W0O98U\" target=\"_blank\" rel=\"nofollow noopener noreferrer\">Comunidades do Rio lan\u00e7am painel sobre n\u00famero de casos do coronav\u00edrus nas favelas<\/a>\u00a0[TV]<\/p>\n<h3 class=\" \">Contato:\u00a0covid19nasfavelas@comcat.org\u00a0ou (21) 991976444<\/h3>\n<\/div>\n<\/div>\n<\/div>\n<\/div>\n<\/div>\n<\/div>\n<\/div>\n<\/div>\n<\/div>\n<\/div>\n<\/div>\n<\/div>\n<!-- AddThis Advanced Settings generic via filter on the_content --><!-- AddThis Share Buttons generic via filter on the_content -->","protected":false},"excerpt":{"rendered":"<div class=\"mh-excerpt\"><p>Click Here for English\u00a0 PARA LAN\u00c7AMENTO IMEDIATO [P\u00c1GINA DO RELEASE] 9 de fevereiro de 2021\u2014O Painel Unificador Covid-19 nas Favelas vem desde julho publicando dados sobre o alcance da Covid-19 nas favelas do Rio de <a class=\"mh-excerpt-more\" href=\"https:\/\/rioonwatch.org.br\/?p=53473\" title=\"Campanha &#8216;Vacina Pra Favela, J\u00e1!&#8217; Lan\u00e7ada no Dia de Enfrentamento da Covid-19 nas Favelas\">[&#8230;]<\/a><!-- AddThis Advanced Settings generic via filter on get_the_excerpt --><!-- AddThis Share Buttons generic via filter on get_the_excerpt --><\/p>\n<\/div>","protected":false},"author":129,"featured_media":53539,"comment_status":"closed","ping_status":"closed","sticky":false,"template":"","format":"standard","meta":{"_acf_changed":false,"_monsterinsights_skip_tracking":false,"_monsterinsights_sitenote_active":false,"_monsterinsights_sitenote_note":"","_monsterinsights_sitenote_category":0,"footnotes":""},"categories":[2753,1621,1388,344,342],"tags":[1506,750,332,2748,2761,2146,1586,1151,1545,1107,3146,1393,294,2754,2816,2025,370,864,820],"writer":[2964],"translator":[],"source":[],"ilustrador":[],"fotografo":[],"class_list":{"0":"post-53473","1":"post","2":"type-post","3":"status-publish","4":"format-standard","5":"has-post-thumbnail","7":"category-covid19nasfavelas","8":"category-destaque","9":"category-formas-de-apoiar","10":"category-politicas","11":"category-solucoes","12":"tag-alto-da-boa-vista","13":"tag-clinica-da-familia","14":"tag-complexo-da-mare","15":"tag-coronavirus","16":"tag-direito-a-agua","17":"tag-fiocruz","18":"tag-mesquita","19":"tag-organizacao","20":"tag-puc","21":"tag-redes-da-mare","22":"tag-release","23":"tag-rio-das-pedras","24":"tag-saude","25":"tag-serie-covid-19-nas-favelas","26":"tag-subnotificacao","27":"tag-teto","28":"tag-transporte-publico","29":"tag-upa","30":"tag-vale-encantado","31":"writer-painel-unificador-covid-19-nas-favelas"},"acf":[],"yoast_head":"<!-- This site is optimized with the Yoast SEO plugin v25.6 - https:\/\/yoast.com\/wordpress\/plugins\/seo\/ -->\n<title>Campanha &#039;Vacina Pra Favela, J\u00e1!&#039; Lan\u00e7ada no Dia de Enfrentamento da Covid-19 nas Favelas - RioOnWatch<\/title>\n<meta name=\"robots\" content=\"index, follow, max-snippet:-1, max-image-preview:large, max-video-preview:-1\" \/>\n<link rel=\"canonical\" href=\"https:\/\/rioonwatch.org.br\/?p=53473\" \/>\n<meta property=\"og:locale\" content=\"pt_BR\" \/>\n<meta property=\"og:type\" content=\"article\" \/>\n<meta property=\"og:title\" content=\"Campanha &#039;Vacina Pra Favela, J\u00e1!&#039; Lan\u00e7ada no Dia de Enfrentamento da Covid-19 nas Favelas - RioOnWatch\" \/>\n<meta property=\"og:description\" content=\"Click Here for English\u00a0 PARA LAN\u00c7AMENTO IMEDIATO [P\u00c1GINA DO RELEASE] 9 de fevereiro de 2021\u2014O Painel Unificador Covid-19 nas Favelas vem desde julho publicando dados sobre o alcance da Covid-19 nas favelas do Rio de [...]\" \/>\n<meta property=\"og:url\" content=\"https:\/\/rioonwatch.org.br\/?p=53473\" \/>\n<meta property=\"og:site_name\" content=\"RioOnWatch\" \/>\n<meta property=\"article:published_time\" content=\"2021-02-09T13:26:14+00:00\" \/>\n<meta property=\"article:modified_time\" content=\"2024-01-17T14:11:19+00:00\" \/>\n<meta property=\"og:image\" content=\"https:\/\/rioonwatch.org.br\/wp-content\/uploads\/2021\/02\/Latuff.png\" \/>\n\t<meta property=\"og:image:width\" content=\"1966\" \/>\n\t<meta property=\"og:image:height\" content=\"943\" \/>\n\t<meta property=\"og:image:type\" content=\"image\/png\" \/>\n<meta name=\"author\" content=\"Admin\" \/>\n<meta name=\"twitter:card\" content=\"summary_large_image\" \/>\n<meta name=\"twitter:label1\" content=\"Escrito por\" \/>\n\t<meta name=\"twitter:data1\" content=\"Admin\" \/>\n\t<meta name=\"twitter:label2\" content=\"Est. tempo de leitura\" \/>\n\t<meta name=\"twitter:data2\" content=\"12 minutos\" \/>\n<script type=\"application\/ld+json\" class=\"yoast-schema-graph\">{\"@context\":\"https:\/\/schema.org\",\"@graph\":[{\"@type\":\"Article\",\"@id\":\"https:\/\/rioonwatch.org.br\/?p=53473#article\",\"isPartOf\":{\"@id\":\"https:\/\/rioonwatch.org.br\/?p=53473\"},\"author\":{\"name\":\"Admin\",\"@id\":\"https:\/\/rioonwatch.org.br\/#\/schema\/person\/11d64c290506f9df50c71b850c473f68\"},\"headline\":\"Campanha &#8216;Vacina Pra Favela, J\u00e1!&#8217; Lan\u00e7ada no Dia de Enfrentamento da Covid-19 nas Favelas\",\"datePublished\":\"2021-02-09T13:26:14+00:00\",\"dateModified\":\"2024-01-17T14:11:19+00:00\",\"mainEntityOfPage\":{\"@id\":\"https:\/\/rioonwatch.org.br\/?p=53473\"},\"wordCount\":2159,\"publisher\":{\"@id\":\"https:\/\/rioonwatch.org.br\/#organization\"},\"image\":{\"@id\":\"https:\/\/rioonwatch.org.br\/?p=53473#primaryimage\"},\"thumbnailUrl\":\"https:\/\/rioonwatch.org.br\/wp-content\/uploads\/2021\/02\/Latuff.png\",\"keywords\":[\"Alto da Boa Vista\",\"Cl\u00ednica da Fam\u00edlia\",\"Complexo da Mar\u00e9\",\"coronav\u00edrus\",\"direito \u00e0 \u00e1gua\",\"Fiocruz\",\"Mesquita\",\"mobiliza\u00e7\u00e3o\",\"PUC\",\"Redes da Mar\u00e9\",\"Release\",\"Rio das Pedras\",\"sa\u00fade\",\"S\u00e9rie: Covid-19 Nas Favelas\",\"subnotifica\u00e7\u00e3o\",\"TETO\",\"transporte p\u00fablico\",\"UPA\",\"Vale Encantado\"],\"articleSection\":[\"#Covid19NasFavelas\",\"*Destaque\",\"Formas de Apoiar\",\"Pol\u00edticas\",\"Solu\u00e7\u00f5es\"],\"inLanguage\":\"pt-BR\"},{\"@type\":\"WebPage\",\"@id\":\"https:\/\/rioonwatch.org.br\/?p=53473\",\"url\":\"https:\/\/rioonwatch.org.br\/?p=53473\",\"name\":\"Campanha 'Vacina Pra Favela, J\u00e1!' Lan\u00e7ada no Dia de Enfrentamento da Covid-19 nas Favelas - RioOnWatch\",\"isPartOf\":{\"@id\":\"https:\/\/rioonwatch.org.br\/#website\"},\"primaryImageOfPage\":{\"@id\":\"https:\/\/rioonwatch.org.br\/?p=53473#primaryimage\"},\"image\":{\"@id\":\"https:\/\/rioonwatch.org.br\/?p=53473#primaryimage\"},\"thumbnailUrl\":\"https:\/\/rioonwatch.org.br\/wp-content\/uploads\/2021\/02\/Latuff.png\",\"datePublished\":\"2021-02-09T13:26:14+00:00\",\"dateModified\":\"2024-01-17T14:11:19+00:00\",\"breadcrumb\":{\"@id\":\"https:\/\/rioonwatch.org.br\/?p=53473#breadcrumb\"},\"inLanguage\":\"pt-BR\",\"potentialAction\":[{\"@type\":\"ReadAction\",\"target\":[\"https:\/\/rioonwatch.org.br\/?p=53473\"]}]},{\"@type\":\"ImageObject\",\"inLanguage\":\"pt-BR\",\"@id\":\"https:\/\/rioonwatch.org.br\/?p=53473#primaryimage\",\"url\":\"https:\/\/rioonwatch.org.br\/wp-content\/uploads\/2021\/02\/Latuff.png\",\"contentUrl\":\"https:\/\/rioonwatch.org.br\/wp-content\/uploads\/2021\/02\/Latuff.png\",\"width\":1966,\"height\":943,\"caption\":\"Charge solid\u00e1ria por Carlos Latuff\"},{\"@type\":\"BreadcrumbList\",\"@id\":\"https:\/\/rioonwatch.org.br\/?p=53473#breadcrumb\",\"itemListElement\":[{\"@type\":\"ListItem\",\"position\":1,\"name\":\"In\u00edcio\",\"item\":\"https:\/\/rioonwatch.org.br\/\"},{\"@type\":\"ListItem\",\"position\":2,\"name\":\"Campanha &#8216;Vacina Pra Favela, J\u00e1!&#8217; Lan\u00e7ada no Dia de Enfrentamento da Covid-19 nas Favelas\"}]},{\"@type\":\"WebSite\",\"@id\":\"https:\/\/rioonwatch.org.br\/#website\",\"url\":\"https:\/\/rioonwatch.org.br\/\",\"name\":\"RioOnWatch\",\"description\":\"relatos das favelas cariocas\",\"publisher\":{\"@id\":\"https:\/\/rioonwatch.org.br\/#organization\"},\"potentialAction\":[{\"@type\":\"SearchAction\",\"target\":{\"@type\":\"EntryPoint\",\"urlTemplate\":\"https:\/\/rioonwatch.org.br\/?s={search_term_string}\"},\"query-input\":{\"@type\":\"PropertyValueSpecification\",\"valueRequired\":true,\"valueName\":\"search_term_string\"}}],\"inLanguage\":\"pt-BR\"},{\"@type\":\"Organization\",\"@id\":\"https:\/\/rioonwatch.org.br\/#organization\",\"name\":\"RioOnWatch\",\"url\":\"https:\/\/rioonwatch.org.br\/\",\"logo\":{\"@type\":\"ImageObject\",\"inLanguage\":\"pt-BR\",\"@id\":\"https:\/\/rioonwatch.org.br\/#\/schema\/logo\/image\/\",\"url\":\"https:\/\/rioonwatch.org.br\/wp-content\/uploads\/2021\/06\/RioOnWatchcabecalhoPT11anos-2.png\",\"contentUrl\":\"https:\/\/rioonwatch.org.br\/wp-content\/uploads\/2021\/06\/RioOnWatchcabecalhoPT11anos-2.png\",\"width\":779,\"height\":277,\"caption\":\"RioOnWatch\"},\"image\":{\"@id\":\"https:\/\/rioonwatch.org.br\/#\/schema\/logo\/image\/\"}},{\"@type\":\"Person\",\"@id\":\"https:\/\/rioonwatch.org.br\/#\/schema\/person\/11d64c290506f9df50c71b850c473f68\",\"name\":\"Admin\",\"image\":{\"@type\":\"ImageObject\",\"inLanguage\":\"pt-BR\",\"@id\":\"https:\/\/rioonwatch.org.br\/#\/schema\/person\/image\/\",\"url\":\"https:\/\/secure.gravatar.com\/avatar\/56211ac74568383903349a1485e3c325?s=96&d=blank&r=g\",\"contentUrl\":\"https:\/\/secure.gravatar.com\/avatar\/56211ac74568383903349a1485e3c325?s=96&d=blank&r=g\",\"caption\":\"Admin\"},\"url\":\"https:\/\/rioonwatch.org.br\/?author=129\"}]}<\/script>\n<!-- \/ Yoast SEO plugin. -->","yoast_head_json":{"title":"Campanha 'Vacina Pra Favela, J\u00e1!' Lan\u00e7ada no Dia de Enfrentamento da Covid-19 nas Favelas - RioOnWatch","robots":{"index":"index","follow":"follow","max-snippet":"max-snippet:-1","max-image-preview":"max-image-preview:large","max-video-preview":"max-video-preview:-1"},"canonical":"https:\/\/rioonwatch.org.br\/?p=53473","og_locale":"pt_BR","og_type":"article","og_title":"Campanha 'Vacina Pra Favela, J\u00e1!' Lan\u00e7ada no Dia de Enfrentamento da Covid-19 nas Favelas - RioOnWatch","og_description":"Click Here for English\u00a0 PARA LAN\u00c7AMENTO IMEDIATO [P\u00c1GINA DO RELEASE] 9 de fevereiro de 2021\u2014O Painel Unificador Covid-19 nas Favelas vem desde julho publicando dados sobre o alcance da Covid-19 nas favelas do Rio de [...]","og_url":"https:\/\/rioonwatch.org.br\/?p=53473","og_site_name":"RioOnWatch","article_published_time":"2021-02-09T13:26:14+00:00","article_modified_time":"2024-01-17T14:11:19+00:00","og_image":[{"width":1966,"height":943,"url":"https:\/\/rioonwatch.org.br\/wp-content\/uploads\/2021\/02\/Latuff.png","type":"image\/png"}],"author":"Admin","twitter_card":"summary_large_image","twitter_misc":{"Escrito por":"Admin","Est. tempo de leitura":"12 minutos"},"schema":{"@context":"https:\/\/schema.org","@graph":[{"@type":"Article","@id":"https:\/\/rioonwatch.org.br\/?p=53473#article","isPartOf":{"@id":"https:\/\/rioonwatch.org.br\/?p=53473"},"author":{"name":"Admin","@id":"https:\/\/rioonwatch.org.br\/#\/schema\/person\/11d64c290506f9df50c71b850c473f68"},"headline":"Campanha &#8216;Vacina Pra Favela, J\u00e1!&#8217; Lan\u00e7ada no Dia de Enfrentamento da Covid-19 nas Favelas","datePublished":"2021-02-09T13:26:14+00:00","dateModified":"2024-01-17T14:11:19+00:00","mainEntityOfPage":{"@id":"https:\/\/rioonwatch.org.br\/?p=53473"},"wordCount":2159,"publisher":{"@id":"https:\/\/rioonwatch.org.br\/#organization"},"image":{"@id":"https:\/\/rioonwatch.org.br\/?p=53473#primaryimage"},"thumbnailUrl":"https:\/\/rioonwatch.org.br\/wp-content\/uploads\/2021\/02\/Latuff.png","keywords":["Alto da Boa Vista","Cl\u00ednica da Fam\u00edlia","Complexo da Mar\u00e9","coronav\u00edrus","direito \u00e0 \u00e1gua","Fiocruz","Mesquita","mobiliza\u00e7\u00e3o","PUC","Redes da Mar\u00e9","Release","Rio das Pedras","sa\u00fade","S\u00e9rie: Covid-19 Nas Favelas","subnotifica\u00e7\u00e3o","TETO","transporte p\u00fablico","UPA","Vale Encantado"],"articleSection":["#Covid19NasFavelas","*Destaque","Formas de Apoiar","Pol\u00edticas","Solu\u00e7\u00f5es"],"inLanguage":"pt-BR"},{"@type":"WebPage","@id":"https:\/\/rioonwatch.org.br\/?p=53473","url":"https:\/\/rioonwatch.org.br\/?p=53473","name":"Campanha 'Vacina Pra Favela, J\u00e1!' Lan\u00e7ada no Dia de Enfrentamento da Covid-19 nas Favelas - RioOnWatch","isPartOf":{"@id":"https:\/\/rioonwatch.org.br\/#website"},"primaryImageOfPage":{"@id":"https:\/\/rioonwatch.org.br\/?p=53473#primaryimage"},"image":{"@id":"https:\/\/rioonwatch.org.br\/?p=53473#primaryimage"},"thumbnailUrl":"https:\/\/rioonwatch.org.br\/wp-content\/uploads\/2021\/02\/Latuff.png","datePublished":"2021-02-09T13:26:14+00:00","dateModified":"2024-01-17T14:11:19+00:00","breadcrumb":{"@id":"https:\/\/rioonwatch.org.br\/?p=53473#breadcrumb"},"inLanguage":"pt-BR","potentialAction":[{"@type":"ReadAction","target":["https:\/\/rioonwatch.org.br\/?p=53473"]}]},{"@type":"ImageObject","inLanguage":"pt-BR","@id":"https:\/\/rioonwatch.org.br\/?p=53473#primaryimage","url":"https:\/\/rioonwatch.org.br\/wp-content\/uploads\/2021\/02\/Latuff.png","contentUrl":"https:\/\/rioonwatch.org.br\/wp-content\/uploads\/2021\/02\/Latuff.png","width":1966,"height":943,"caption":"Charge solid\u00e1ria por Carlos Latuff"},{"@type":"BreadcrumbList","@id":"https:\/\/rioonwatch.org.br\/?p=53473#breadcrumb","itemListElement":[{"@type":"ListItem","position":1,"name":"In\u00edcio","item":"https:\/\/rioonwatch.org.br\/"},{"@type":"ListItem","position":2,"name":"Campanha &#8216;Vacina Pra Favela, J\u00e1!&#8217; Lan\u00e7ada no Dia de Enfrentamento da Covid-19 nas Favelas"}]},{"@type":"WebSite","@id":"https:\/\/rioonwatch.org.br\/#website","url":"https:\/\/rioonwatch.org.br\/","name":"RioOnWatch","description":"relatos das favelas cariocas","publisher":{"@id":"https:\/\/rioonwatch.org.br\/#organization"},"potentialAction":[{"@type":"SearchAction","target":{"@type":"EntryPoint","urlTemplate":"https:\/\/rioonwatch.org.br\/?s={search_term_string}"},"query-input":{"@type":"PropertyValueSpecification","valueRequired":true,"valueName":"search_term_string"}}],"inLanguage":"pt-BR"},{"@type":"Organization","@id":"https:\/\/rioonwatch.org.br\/#organization","name":"RioOnWatch","url":"https:\/\/rioonwatch.org.br\/","logo":{"@type":"ImageObject","inLanguage":"pt-BR","@id":"https:\/\/rioonwatch.org.br\/#\/schema\/logo\/image\/","url":"https:\/\/rioonwatch.org.br\/wp-content\/uploads\/2021\/06\/RioOnWatchcabecalhoPT11anos-2.png","contentUrl":"https:\/\/rioonwatch.org.br\/wp-content\/uploads\/2021\/06\/RioOnWatchcabecalhoPT11anos-2.png","width":779,"height":277,"caption":"RioOnWatch"},"image":{"@id":"https:\/\/rioonwatch.org.br\/#\/schema\/logo\/image\/"}},{"@type":"Person","@id":"https:\/\/rioonwatch.org.br\/#\/schema\/person\/11d64c290506f9df50c71b850c473f68","name":"Admin","image":{"@type":"ImageObject","inLanguage":"pt-BR","@id":"https:\/\/rioonwatch.org.br\/#\/schema\/person\/image\/","url":"https:\/\/secure.gravatar.com\/avatar\/56211ac74568383903349a1485e3c325?s=96&d=blank&r=g","contentUrl":"https:\/\/secure.gravatar.com\/avatar\/56211ac74568383903349a1485e3c325?s=96&d=blank&r=g","caption":"Admin"},"url":"https:\/\/rioonwatch.org.br\/?author=129"}]}},"_links":{"self":[{"href":"https:\/\/rioonwatch.org.br\/index.php?rest_route=\/wp\/v2\/posts\/53473"}],"collection":[{"href":"https:\/\/rioonwatch.org.br\/index.php?rest_route=\/wp\/v2\/posts"}],"about":[{"href":"https:\/\/rioonwatch.org.br\/index.php?rest_route=\/wp\/v2\/types\/post"}],"author":[{"embeddable":true,"href":"https:\/\/rioonwatch.org.br\/index.php?rest_route=\/wp\/v2\/users\/129"}],"replies":[{"embeddable":true,"href":"https:\/\/rioonwatch.org.br\/index.php?rest_route=%2Fwp%2Fv2%2Fcomments&post=53473"}],"version-history":[{"count":29,"href":"https:\/\/rioonwatch.org.br\/index.php?rest_route=\/wp\/v2\/posts\/53473\/revisions"}],"predecessor-version":[{"id":62761,"href":"https:\/\/rioonwatch.org.br\/index.php?rest_route=\/wp\/v2\/posts\/53473\/revisions\/62761"}],"wp:featuredmedia":[{"embeddable":true,"href":"https:\/\/rioonwatch.org.br\/index.php?rest_route=\/wp\/v2\/media\/53539"}],"wp:attachment":[{"href":"https:\/\/rioonwatch.org.br\/index.php?rest_route=%2Fwp%2Fv2%2Fmedia&parent=53473"}],"wp:term":[{"taxonomy":"category","embeddable":true,"href":"https:\/\/rioonwatch.org.br\/index.php?rest_route=%2Fwp%2Fv2%2Fcategories&post=53473"},{"taxonomy":"post_tag","embeddable":true,"href":"https:\/\/rioonwatch.org.br\/index.php?rest_route=%2Fwp%2Fv2%2Ftags&post=53473"},{"taxonomy":"writer","embeddable":true,"href":"https:\/\/rioonwatch.org.br\/index.php?rest_route=%2Fwp%2Fv2%2Fwriter&post=53473"},{"taxonomy":"translator","embeddable":true,"href":"https:\/\/rioonwatch.org.br\/index.php?rest_route=%2Fwp%2Fv2%2Ftranslator&post=53473"},{"taxonomy":"source","embeddable":true,"href":"https:\/\/rioonwatch.org.br\/index.php?rest_route=%2Fwp%2Fv2%2Fsource&post=53473"},{"taxonomy":"ilustrador","embeddable":true,"href":"https:\/\/rioonwatch.org.br\/index.php?rest_route=%2Fwp%2Fv2%2Filustrador&post=53473"},{"taxonomy":"fotografo","embeddable":true,"href":"https:\/\/rioonwatch.org.br\/index.php?rest_route=%2Fwp%2Fv2%2Ffotografo&post=53473"}],"curies":[{"name":"wp","href":"https:\/\/api.w.org\/{rel}","templated":true}]}}