{"id":53519,"date":"2021-02-12T17:32:35","date_gmt":"2021-02-12T20:32:35","guid":{"rendered":"https:\/\/rioonwatch.org.br\/?p=53519"},"modified":"2024-06-20T16:19:17","modified_gmt":"2024-06-20T19:19:17","slug":"a-chave-da-gaiola-o-funk-como-a-arte-libertadora-de-corpos-na-favela-podcast-desenraizandoracismo","status":"publish","type":"post","link":"https:\/\/rioonwatch.org.br\/?p=53519","title":{"rendered":"A Chave da Gaiola: O  Funk Como a Arte Libertadora de Corpos na Favela [PODCAST]"},"content":{"rendered":"<p style=\"text-align: right;\"><em><strong><a href=\"https:\/\/bit.ly\/3e8NNa1\" target=\"_blank\" rel=\"noopener noreferrer\">Click Here for English<\/a><a href=\"https:\/\/bit.ly\/3e8NNa1\" target=\"_blank\" rel=\"noopener noreferrer\"><img decoding=\"async\" class=\"alignright wp-image-15790\" src=\"http:\/\/rioonwatch.org.br\/wp-content\/uploads\/2012\/08\/EN-standard-e1439583104716.jpg\" alt=\"\" width=\"20\" height=\"20\" \/><\/a><br \/>\n<\/strong><\/em><\/p>\n<p><em>Esta mat\u00e9ria faz parte da\u00a0<a href=\"https:\/\/bit.ly\/SerieAntirracista\" rel=\"noopener\">s\u00e9rie do projeto antirracista do RioOnWatch<\/a>.<i data-stringify-type=\"italic\">\u00a0<\/i><\/em><em>Conhe\u00e7a o nosso projeto que trouxe conte\u00fados midi\u00e1ticos semanais ao longo de 2021:\u00a0<i><a href=\"http:\/\/bit.ly\/EnraizandoIntro\" rel=\"noopener\">Enraizando o Antirracismo nas Favelas<\/a>.<\/i><\/em><\/p>\n<p><iframe src=\"https:\/\/w.soundcloud.com\/player\/?url=https%3A\/\/api.soundcloud.com\/tracks\/983854684&amp;color=%23ff5500&amp;auto_play=false&amp;hide_related=false&amp;show_comments=true&amp;show_user=true&amp;show_reposts=false&amp;show_teaser=true\" width=\"100%\" height=\"166\" frameborder=\"no\" scrolling=\"no\"><\/iframe><\/p>\n<div style=\"font-size: 10px; color: #cccccc; line-break: anywhere; word-break: normal; overflow: hidden; white-space: nowrap; text-overflow: ellipsis; font-family: Interstate,Lucida Grande,Lucida Sans Unicode,Lucida Sans,Garuda,Verdana,Tahoma,sans-serif; font-weight: 100;\"><span style=\"color: #808080;\"><span style=\"color: #333333;\">Ou\u00e7a o podcast desta mat\u00e9ria no\u00a0<\/span><a class=\"c-link\" href=\"https:\/\/bit.ly\/3bGLTKN\" target=\"_blank\" rel=\"noopener noreferrer\" data-stringify-link=\"https:\/\/bit.ly\/3bGLTKN\" data-sk=\"tooltip_parent\">SoundCloud<\/a><span style=\"color: #333333;\">,\u00a0<\/span><a class=\"c-link\" href=\"https:\/\/spoti.fi\/3qZUsa9\" target=\"_blank\" rel=\"noopener noreferrer\" data-stringify-link=\"https:\/\/spoti.fi\/3qZUsa9\" data-sk=\"tooltip_parent\">Spotify<\/a><span style=\"color: #333333;\">,\u00a0<\/span><a class=\"c-link\" href=\"https:\/\/bit.ly\/3r34ck2\" target=\"_blank\" rel=\"noopener noreferrer\" data-stringify-link=\"https:\/\/bit.ly\/3r34ck2\" data-sk=\"tooltip_parent\">YouTube<\/a>\u00a0e\u00a0<a class=\"c-link\" href=\"https:\/\/bit.ly\/3aVDvb8\" target=\"_blank\" rel=\"noopener noreferrer\" data-stringify-link=\"https:\/\/bit.ly\/3aVDvb8\" data-sk=\"tooltip_parent\" aria-describedby=\"sk-tooltip-2252\">outros<\/a><span style=\"color: #333333;\">.<\/span><\/span><\/div>\n<div>\n<hr \/>\n<\/div>\n<p>Principal nome na cena funk da atualidade, \u00e9 imposs\u00edvel n\u00e3o se lembrar do <a href=\"https:\/\/bit.ly\/2J7me3i\" target=\"_blank\" rel=\"noopener noreferrer\">DJ Rennan da Penha<\/a> sem associ\u00e1-lo imediatamente ao <a href=\"http:\/\/bit.ly\/3a9KFZ5\" target=\"_blank\" rel=\"noopener\">Baile da Gaiola<\/a>, que acontecia no <a href=\"http:\/\/bit.ly\/3f3adY2\" target=\"_blank\" rel=\"noopener\">Complexo da Penha<\/a>, <a href=\"http:\/\/bit.ly\/2ETpYR1\" target=\"_blank\" rel=\"noopener\">Zona Norte<\/a>. O DJ ganhou fama e reconhecimento \u00e0 medida em que o baile, principal palco de divulga\u00e7\u00e3o do <a href=\"http:\/\/bit.ly\/3tP4oVz\" target=\"_blank\" rel=\"noopener\">150BPM<\/a>, ritmo que nasceu na <a href=\"http:\/\/bit.ly\/2LMcg6I\" target=\"_blank\" rel=\"noopener\">Nova Holanda<\/a> pelas m\u00e3os do <a href=\"https:\/\/bit.ly\/3kEyOVP\" target=\"_blank\" rel=\"noopener noreferrer\">DJ Polyvox<\/a>, tamb\u00e9m ganhava proje\u00e7\u00e3o e se afirmava como o principal ritmo da cidade. Apesar de n\u00e3o acontecer mais na mesma propor\u00e7\u00e3o astron\u00f4mica que antes, o baile ensaiou alguns retornos, mesmo em meio \u00e0 pandemia, mas sempre com menor p\u00fablico e menor propor\u00e7\u00e3o, se comparado \u00e0s edi\u00e7\u00f5es do passado. Em seu auge havia, em m\u00e9dia, 10.000 pessoas participando do baile no Complexo da Penha em dias normais de festa. J\u00e1 em dias de celebra\u00e7\u00f5es ou eventos especiais, quase 25.000 dan\u00e7avam pelas ruas da Penha, como aconteceu no <a href=\"https:\/\/bit.ly\/2MNaIwp\" target=\"_blank\" rel=\"noopener\">evento de anivers\u00e1rio do DJ Rennan<\/a>, em 2018.<\/p>\n<p><a href=\"https:\/\/rioonwatch.org.br\/wp-content\/uploads\/2021\/02\/Baile-da-Gaiola-visto-de-cima-captura-de-tela-do-clipe-Hoje-eu-Vou-parar-na-Gaiola-de-Rennan-da-Penha..png\"><img fetchpriority=\"high\" decoding=\"async\" class=\"aligncenter wp-image-53531\" title=\"Baile da Gaiola visto de cima, captura de tela do clipe 'Hoje eu Vou parar na Gaiola', de Rennan da Penha.\" src=\"https:\/\/rioonwatch.org.br\/wp-content\/uploads\/2021\/02\/Baile-da-Gaiola-visto-de-cima-captura-de-tela-do-clipe-Hoje-eu-Vou-parar-na-Gaiola-de-Rennan-da-Penha..png\" alt=\"Baile da Gaiola visto de cima, captura de tela do clipe 'Hoje eu Vou parar na Gaiola', de Rennan da Penha.\" width=\"1030\" height=\"430\" srcset=\"https:\/\/rioonwatch.org.br\/wp-content\/uploads\/2021\/02\/Baile-da-Gaiola-visto-de-cima-captura-de-tela-do-clipe-Hoje-eu-Vou-parar-na-Gaiola-de-Rennan-da-Penha..png 1793w, https:\/\/rioonwatch.org.br\/wp-content\/uploads\/2021\/02\/Baile-da-Gaiola-visto-de-cima-captura-de-tela-do-clipe-Hoje-eu-Vou-parar-na-Gaiola-de-Rennan-da-Penha.-620x259.png 620w, https:\/\/rioonwatch.org.br\/wp-content\/uploads\/2021\/02\/Baile-da-Gaiola-visto-de-cima-captura-de-tela-do-clipe-Hoje-eu-Vou-parar-na-Gaiola-de-Rennan-da-Penha.-1024x428.png 1024w, https:\/\/rioonwatch.org.br\/wp-content\/uploads\/2021\/02\/Baile-da-Gaiola-visto-de-cima-captura-de-tela-do-clipe-Hoje-eu-Vou-parar-na-Gaiola-de-Rennan-da-Penha.-768x321.png 768w, https:\/\/rioonwatch.org.br\/wp-content\/uploads\/2021\/02\/Baile-da-Gaiola-visto-de-cima-captura-de-tela-do-clipe-Hoje-eu-Vou-parar-na-Gaiola-de-Rennan-da-Penha.-1536x642.png 1536w\" sizes=\"(max-width: 1030px) 100vw, 1030px\" \/><\/a><\/p>\n<p>No auge do sucesso, em 2018, o Baile da Gaiola, al\u00e9m de reunir milhares de pessoas em ruas e becos da Penha, passou a ocupar novos espa\u00e7os f\u00edsicos, inclusive enquanto ideia e pot\u00eancia. N\u00e3o s\u00f3 no Rio, mas em v\u00e1rios estados do Brasil, as m\u00fasicas que embalaram o baile eram sucesso, assim como os podcasts do DJ Rennan que eram muito ouvidos e ainda est\u00e3o dispon\u00edveis em <a href=\"http:\/\/bit.ly\/3jKg1bN\" target=\"_blank\" rel=\"noopener\">seu canal no SoundCloud<\/a>. Mas era em sua cidade que o seu som mais conquistava estes outros espa\u00e7os: ele fez shows em v\u00e1rias casas de show e boates do Rio, transformando-as no pr\u00f3prio Baile da Gaiola, <a href=\"http:\/\/bit.ly\/2ZbYH6d\" target=\"_blank\" rel=\"noopener\">levando um pouco da Penha para toda a cidade<\/a>. Rennan quebrou uma hierarquia do palco enquanto espa\u00e7o de poder e conquistou um local que os DJs s\u00f3 tinham alcan\u00e7ado na cena da m\u00fasica eletr\u00f4nica: o centro do palco, o centro da cena.<\/p>\n<p><a href=\"https:\/\/rioonwatch.org.br\/wp-content\/uploads\/2021\/02\/DJ-Rennan-da-Penha-na-1a-Parada-LGBT-do-Baile-da-Gaiola-na-Penha.-Screenshot-Vice..jpeg\"><img decoding=\"async\" class=\"aligncenter wp-image-53541\" title=\"DJ Rennan da Penha e Mulher Pepita na 1\u00aa Parada LGBT+ do Baile da Gaiola na Penha. Screenshot VICE\" src=\"https:\/\/rioonwatch.org.br\/wp-content\/uploads\/2021\/02\/DJ-Rennan-da-Penha-na-1a-Parada-LGBT-do-Baile-da-Gaiola-na-Penha.-Screenshot-Vice..jpeg\" alt=\"DJ Rennan da Penha e Mulher Pepita na 1\u00aa Parada LGBT+ do Baile da Gaiola na Penha. Screenshot VICE\" width=\"1030\" height=\"686\" srcset=\"https:\/\/rioonwatch.org.br\/wp-content\/uploads\/2021\/02\/DJ-Rennan-da-Penha-na-1a-Parada-LGBT-do-Baile-da-Gaiola-na-Penha.-Screenshot-Vice..jpeg 2000w, https:\/\/rioonwatch.org.br\/wp-content\/uploads\/2021\/02\/DJ-Rennan-da-Penha-na-1a-Parada-LGBT-do-Baile-da-Gaiola-na-Penha.-Screenshot-Vice.-620x413.jpeg 620w, https:\/\/rioonwatch.org.br\/wp-content\/uploads\/2021\/02\/DJ-Rennan-da-Penha-na-1a-Parada-LGBT-do-Baile-da-Gaiola-na-Penha.-Screenshot-Vice.-1024x682.jpeg 1024w, https:\/\/rioonwatch.org.br\/wp-content\/uploads\/2021\/02\/DJ-Rennan-da-Penha-na-1a-Parada-LGBT-do-Baile-da-Gaiola-na-Penha.-Screenshot-Vice.-396x264.jpeg 396w, https:\/\/rioonwatch.org.br\/wp-content\/uploads\/2021\/02\/DJ-Rennan-da-Penha-na-1a-Parada-LGBT-do-Baile-da-Gaiola-na-Penha.-Screenshot-Vice.-768x512.jpeg 768w, https:\/\/rioonwatch.org.br\/wp-content\/uploads\/2021\/02\/DJ-Rennan-da-Penha-na-1a-Parada-LGBT-do-Baile-da-Gaiola-na-Penha.-Screenshot-Vice.-1536x1024.jpeg 1536w\" sizes=\"(max-width: 1030px) 100vw, 1030px\" \/><\/a><\/p>\n<p>Um favelado, era ele o principal DJ de um dos maiores bailes funk que a cidade j\u00e1 testemunhou. Afinal, n\u00e3o se tem registro de nenhum outro baile que tenha levado 25.000 pessoas por noite \u00e0 favela. Rennan chegou \u00e0s casas de show das mais diversas \u00e1reas do Rio, mas tamb\u00e9m de outros estados, como <a href=\"http:\/\/bit.ly\/3jNxAYI\" target=\"_blank\" rel=\"noopener\">Amazonas<\/a>, <a href=\"http:\/\/bit.ly\/2Z9Gk1O\" target=\"_blank\" rel=\"noopener\">Minas Gerais<\/a>, <a href=\"http:\/\/bit.ly\/3acQKnz\" target=\"_blank\" rel=\"noopener\">Esp\u00edrito Santo<\/a> e <a href=\"http:\/\/bit.ly\/2N0445M\" target=\"_blank\" rel=\"noopener\">S\u00e3o Paulo<\/a>. E \u00e9 claro que essa ousadia em romper fronteiras entre a favela e os espa\u00e7os fora dela sempre incomodou muita gente. Este inc\u00f4modo atingiu seu pico principalmente depois de promover a <a href=\"https:\/\/bit.ly\/3tQqgjl\" target=\"_blank\" rel=\"noopener\">1\u00aa Parada LGBT+ do Baile da Gaiola<\/a>, em 26 de janeiro de 2019, a primeira parada gay do bairro da <a href=\"http:\/\/bit.ly\/2PUK0Rs\" target=\"_blank\" rel=\"noopener\">Penha<\/a>.<\/p>\n<p><iframe src=\"https:\/\/www.youtube.com\/embed\/BRQrvtgW22o\" width=\"1030\" height=\"563\" frameborder=\"0\" allowfullscreen=\"allowfullscreen\"><span data-mce-type=\"bookmark\" style=\"display: inline-block; width: 0px; overflow: hidden; line-height: 0;\" class=\"mce_SELRES_start\">\ufeff<\/span><\/iframe><\/p>\n<p>A partir da Parada LGBT+, o baile n\u00e3o seria mais o mesmo. J\u00e1 na semana seguinte \u00e0 edi\u00e7\u00e3o especial do baile, em 2 de fevereiro de 2019, uma opera\u00e7\u00e3o policial feita \u00e0 tarde impediu a realiza\u00e7\u00e3o do evento. Sara de Souza, moradora do Complexo da Penha, confirma que em seguida o baile n\u00e3o aconteceu at\u00e9 o carnaval daquele ano. Marcela Menezes, tamb\u00e9m moradora e manicure local, lembra de <a href=\"https:\/\/glo.bo\/3jGw8ak\" target=\"_blank\" rel=\"noopener\">uma outra opera\u00e7\u00e3o que aconteceu alguns dias depois<\/a>. Ela ouviu os tiros de seu sal\u00e3o e se recorda que naquela noite n\u00e3o houve baile. Marcela tamb\u00e9m menciona ter ficado com um preju\u00edzo decorrente dessa opera\u00e7\u00e3o: um vidro de seu sal\u00e3o recebeu um tiro. Ela precisou troc\u00e1-lo \u00e0s pressas.<\/p>\n<div class=\"fb-post\" data-href=\"https:\/\/www.facebook.com\/VilaCruzeiroRJ\/posts\/2055395544555741\" data-width=\"500\" data-show-text=\"true\">\n<blockquote class=\"fb-xfbml-parse-ignore\" cite=\"https:\/\/www.facebook.com\/VilaCruzeiroRJ\/posts\/2055395544555741\"><p>&#x26a0;&#xfe0f;OPERA\u00c7\u00c3O NO COMPLEXO DA PENHA&#x26a0;&#xfe0f;<br \/>\nTERMINA COM 4 INOCENTES BALEADOS!<\/p>\n<p>Uma opera\u00e7\u00e3o policial realizada nas comunidades&#8230;<\/p>\n<p>Publicado por <a href=\"https:\/\/www.facebook.com\/VilaCruzeiroRJ\/\" target=\"_blank\" rel=\"noopener\">Vila Cruzeiro &#8211; RJ<\/a> em\u00a0<a href=\"https:\/\/www.facebook.com\/VilaCruzeiroRJ\/posts\/2055395544555741\" target=\"_blank\" rel=\"noopener\">Domingo, 17 de fevereiro de 2019<\/a><\/p><\/blockquote>\n<\/div>\n<p>Ambas Sara e Marcela afirmaram que o baile retornou na tradicional \u201cmicareta de carnaval\u201d. Na Rua do Caj\u00e1, o baile seguiu normalmente no fim de semana do carnaval e tamb\u00e9m no fim de semana seguinte, quando as escolas de samba do grupo especial fazem o desfile das campe\u00e3s na Marqu\u00eas de Sapuca\u00ed. Mas j\u00e1 no dia seguinte ao \u201cS\u00e1bado das Campe\u00e3s\u201d, o baile foi interrompido <a href=\"http:\/\/glo.bo\/3pekS66\" target=\"_blank\" rel=\"noopener\">\u00e0 tiros para impedir o show do Poesia Ac\u00fastica<\/a>, que encerraria a programa\u00e7\u00e3o da noite. Mesmo em meio \u00e0 confus\u00e3o, \u00e0 correria e ao tiroteio, era poss\u00edvel <a href=\"https:\/\/bit.ly\/2Z8kwn8\" target=\"_blank\" rel=\"noopener\">ouvir os gritos das pessoas desesperadas<\/a> ao verem o blindado da PM entrando no baile sem a m\u00ednima explica\u00e7\u00e3o. Esse epis\u00f3dio truculento silenciou de vez o Baile da Gaiola. Depois disso, ele n\u00e3o voltou a acontecer.<\/p>\n<p>Ter o baile interrompido por tiros deflagrados pelo blindado da <a href=\"http:\/\/bit.ly\/33KDbbS\" target=\"_blank\" rel=\"noopener\">Pol\u00edcia Militar<\/a>\u2014o <a href=\"http:\/\/bit.ly\/2zjcLkP\" target=\"_blank\" rel=\"noopener\">caveir\u00e3o<\/a>\u2014\u00e9 experimentar com o corpo o atravessamento da pol\u00edtica de morte do Estado, que estampa os jornais e que est\u00e1 nos notici\u00e1rios diariamente: agredindo, invadindo e matando os corpos negros e favelados. Interromper um baile como o da Gaiola \u00e9 limar as possibilidades de discurso, de entretenimento e de pot\u00eancia art\u00edstica desses corpos.<\/p>\n<p>Depois desses acontecimentos, em 22 de mar\u00e7o de 2019, o <a href=\"http:\/\/glo.bo\/3jHFgeL\" target=\"_blank\" rel=\"noopener\">DJ Rennan da Penha foi preso<\/a> por uma decis\u00e3o judicial de segunda inst\u00e2ncia. A <a href=\"https:\/\/bit.ly\/33dA2AA\" target=\"_blank\" rel=\"noopener\">pris\u00e3o do DJ \u00e9 decretada com base na revoga\u00e7\u00e3o<\/a> de uma decis\u00e3o judicial anterior, em primeira inst\u00e2ncia em 2016, que o havia absolvido por falta de provas na acusa\u00e7\u00e3o de associa\u00e7\u00e3o ao tr\u00e1fico de drogas do Complexo da Penha. \u00c9 bom lembrar, no entanto, que esta foi a segunda vez que o DJ foi preso no mesmo processo: em <a href=\"http:\/\/bit.ly\/375LLDn\" target=\"_blank\" rel=\"noopener\">20 de janeiro de 2016<\/a>, Rennan j\u00e1 havia sido preso provisoriamente, por seis meses, neste mesmo caso. A <a href=\"http:\/\/bit.ly\/3qfAnMq\" target=\"_blank\" rel=\"noopener\">decis\u00e3o de segunda inst\u00e2ncia afirmou<\/a> que Rennan atuou como \u201colheiro do tr\u00e1fico\u201d e que \u201corganizava bailes clandestinos\u201d. Al\u00e9m disso, a decis\u00e3o cita a atua\u00e7\u00e3o de Rennan em uma rede de comunica\u00e7\u00e3o alternativa entre os moradores da Penha, uma pr\u00e1tica comum nas favelas, para que os moradores fiquem atentos a riscos em geral, como opera\u00e7\u00f5es policiais, falta de \u00e1gua, chuvas fortes e outros assuntos importantes para a comunidade.<\/p>\n<p>H\u00e1 nesta condena\u00e7\u00e3o v\u00e1rias falhas\u2014como aponta Lu\u00eds Guilherme Vieira, integrante da Comiss\u00e3o de Defesa do Estado Democr\u00e1tico de Direito da <a href=\"https:\/\/bit.ly\/2IiXfJV\" target=\"_blank\" rel=\"noopener\">OAB<\/a> do Rio de Janeiro em uma <a href=\"http:\/\/bit.ly\/3aa1Zgq\" target=\"_blank\" rel=\"noopener\">mat\u00e9ria do <em>Fant\u00e1stico<\/em><\/a> de 31 de mar\u00e7o de 2019\u2014o que induz a criminaliza\u00e7\u00e3o da cultura popular, da cultura preta, como o baile funk. Era esperado de Rennan que ele abdicasse de sua identidade e das narrativas do cotidiano das favelas, que fosse ent\u00e3o o &#8220;bom negro&#8221;, que n\u00e3o propagasse um discurso libertador dos corpos e tampouco reivindicasse para si um protagonismo. Al\u00e9m disso, quando <a href=\"https:\/\/bit.ly\/2NklGcF\" target=\"_blank\" rel=\"noopener\">Frantz Fanon<\/a>, fil\u00f3sofo pol\u00edtico e militante, <a href=\"https:\/\/bit.ly\/2MWWRDG\" target=\"_blank\" rel=\"noopener\">fala do \u201cbom preto\u201d<\/a>, ele fala da reprodu\u00e7\u00e3o de um estere\u00f3tipo imposto pela branquidade. Trata-se de impor ao negro um subemprego est\u00e1vel, uma rotina regrada dentro do jogo de cerceamentos impostos socialmente pelas elites que subalternizam esses corpos negros h\u00e1 anos. E, acima de tudo, de negar seu direto \u00e0 arte e a ser legitimado enquanto artista.<\/p>\n<p><iframe src=\"https:\/\/www.youtube.com\/embed\/MgTwpbBSi-Y\" width=\"1030\" height=\"563\" frameborder=\"0\" allowfullscreen=\"allowfullscreen\"><span data-mce-type=\"bookmark\" style=\"display: inline-block; width: 0px; overflow: hidden; line-height: 0;\" class=\"mce_SELRES_start\">\ufeff<\/span><\/iframe><\/p>\n<p>No dia <a href=\"http:\/\/bit.ly\/3777PgF\" target=\"_blank\" rel=\"noopener\">24 de abril de 2019<\/a>, um m\u00eas depois de ter a pris\u00e3o decretada e o pedido de<em> habeas corpus<\/em> negado, Rennan se entrega \u00e0 pol\u00edcia. A sua liberdade s\u00f3 seria expedida em <a href=\"http:\/\/glo.bo\/3qffpxc\" target=\"_blank\" rel=\"noopener\">21 de novembro de 2019<\/a>, atrav\u00e9s de um <em>habeas corpus<\/em> concedido pelo Superior Tribunal de Justi\u00e7a (STJ). Rennan ficou fora da cena por sete meses, enclausurado apenas por ser um artista, por fazer de sua m\u00fasica um respiro de uma rotina t\u00e3o opressora. Preso por fazer um <a href=\"https:\/\/bit.ly\/2MN5255\" target=\"_blank\" rel=\"noopener\">registro de uma po\u00e9tica dos corpos<\/a> que vivem enclausurados pelas fronteiras estabelecidas pelo Estado, que encontram no \u201c<a href=\"http:\/\/bit.ly\/3aUYlpT\" target=\"_blank\" rel=\"noopener\">ritmo louco<\/a>\u201d\u2014como Rennan fala no seu podcast\u2014um espa\u00e7o onde podem vir a ser o que desejam.<\/p>\n<p>Nesse meio tempo, Rennan era assunto recorrente, sendo citado por muitos, e em <a href=\"http:\/\/bit.ly\/3rKpJ0O\" target=\"_blank\" rel=\"noopener\">notas de rep\u00fadio da OAB<\/a> em <a href=\"http:\/\/bit.ly\/3pffHD7\" target=\"_blank\" rel=\"noopener\">ve\u00edculos de not\u00edcia<\/a> com posicionamentos contr\u00e1rios \u00e0 sua pris\u00e3o. Ganhou at\u00e9 o <a href=\"https:\/\/bit.ly\/3tNlaV7\" target=\"_blank\" rel=\"noopener\">Pr\u00eamio MultiShow de M\u00fasica Brasileira em 2019<\/a> com \u201c<a href=\"https:\/\/bit.ly\/374PsJt\" target=\"_blank\" rel=\"noopener\">Hoje Eu Vou Parar na Gaiola<\/a>\u201d, que mostra como o baile se tornou uma pot\u00eancia para fora da Penha. Isso porque, o trecho final do clipe \u00e9 gravado no pr\u00f3prio baile, al\u00e9m de Rennan trazer um MC Paulista, MC Livinho, para cantar uma produ\u00e7\u00e3o feita por ele. O pr\u00eamio foi recebido das m\u00e3os de Anitta e Paulo Gustavo, por sua ex-namorada Lorena Vieira em um <a href=\"http:\/\/bit.ly\/3d3v0w6\" target=\"_blank\" rel=\"noopener\">discurso que pedia<\/a> sua liberdade, que aconteceu em novembro de 2019.<\/p>\n<p><a href=\"https:\/\/rioonwatch.org.br\/wp-content\/uploads\/2021\/02\/Rennan-da-Penha-assinando-contrato-com-a-Sony-Music.-Divulgacao-Sony.jpg\"><img loading=\"lazy\" decoding=\"async\" class=\"alignright wp-image-53529\" title=\"Rennan da Penha assinando contrato com a Sony Music. Divulga\u00e7\u00e3o Sony\" src=\"https:\/\/rioonwatch.org.br\/wp-content\/uploads\/2021\/02\/Rennan-da-Penha-assinando-contrato-com-a-Sony-Music.-Divulgacao-Sony-620x264.jpg\" alt=\"Rennan da Penha assinando contrato com a Sony Music. Divulga\u00e7\u00e3o Sony\" width=\"500\" height=\"301\" srcset=\"https:\/\/rioonwatch.org.br\/wp-content\/uploads\/2021\/02\/Rennan-da-Penha-assinando-contrato-com-a-Sony-Music.-Divulgacao-Sony-620x373.jpg 620w, https:\/\/rioonwatch.org.br\/wp-content\/uploads\/2021\/02\/Rennan-da-Penha-assinando-contrato-com-a-Sony-Music.-Divulgacao-Sony-439x264.jpg 439w, https:\/\/rioonwatch.org.br\/wp-content\/uploads\/2021\/02\/Rennan-da-Penha-assinando-contrato-com-a-Sony-Music.-Divulgacao-Sony.jpg 645w\" sizes=\"(max-width: 500px) 100vw, 500px\" \/><\/a><\/p>\n<p><span style=\"font-weight: 400;\">Ap\u00f3s recuperar sua liberdade, <\/span><span style=\"font-weight: 400;\">Rennan assinou um <\/span><a href=\"https:\/\/bit.ly\/3aekHUn\" target=\"_blank\" rel=\"noopener\"><span style=\"font-weight: 400;\">contrato com a Sony Music<\/span><\/a><span style=\"font-weight: 400;\"> para ser artista exclusivo e em janeiro de 2020 gravou um projeto audiovisual intitulado \u201c<\/span><a href=\"http:\/\/bit.ly\/3rNHmwu\" target=\"_blank\" rel=\"noopener\"><span style=\"font-weight: 400;\">Segue o Baile<\/span><\/a><span style=\"font-weight: 400;\">\u201d. A <\/span><i><span style=\"font-weight: 400;\">tracklist <\/span><\/i><span style=\"font-weight: 400;\">do projeto inclui v\u00e1rias m\u00fasicas novas, com a participa\u00e7\u00e3o de artistas j\u00e1 consagrados como: <\/span><a href=\"https:\/\/spoti.fi\/3d6xUR1\" target=\"_blank\" rel=\"noopener\"><span style=\"font-weight: 400;\">Pocah<\/span><\/a>,<span style=\"font-weight: 400;\">\u00a0<\/span><a href=\"https:\/\/spoti.fi\/3penMYS\" target=\"_blank\" rel=\"noopener\"><span style=\"font-weight: 400;\">Luiza Sonza e 3030<\/span><\/a>,<span style=\"font-weight: 400;\">\u00a0<\/span><a href=\"https:\/\/spoti.fi\/3qj7zCT\" target=\"_blank\" rel=\"noopener\"><span style=\"font-weight: 400;\">Mc Rebecca<\/span><\/a><span style=\"font-weight: 400;\">, e <\/span><a href=\"https:\/\/spoti.fi\/2MRL9uc\" target=\"_blank\" rel=\"noopener\"><span style=\"font-weight: 400;\">Thiaguinho MT e JS o M\u00e3o de Ouro<\/span><\/a><span style=\"font-weight: 400;\">. Al\u00e9m disso, os sucessos que ele consagrou no baile estavam presentes em forma de <em>medley<\/em>, compilados de m\u00fasicas, estruturados em tr\u00eas blocos: <\/span><a href=\"http:\/\/spoti.fi\/3u2yEwy\" target=\"_blank\" rel=\"noopener\"><span style=\"font-weight: 400;\">Me Solta \/ Brota na Penha \/ Eu Vou Passar<\/span><\/a><span style=\"font-weight: 400;\">; <\/span><a href=\"http:\/\/spoti.fi\/2NpaKdu\" target=\"_blank\" rel=\"noopener\"><span style=\"font-weight: 400;\">E Ai Nego Drama \/ Sabota Elas \/ Roda a Penha Malandra<\/span><\/a><span style=\"font-weight: 400;\">; e <\/span><a href=\"http:\/\/spoti.fi\/3d37NdH\" target=\"_blank\" rel=\"noopener\"><span style=\"font-weight: 400;\">Finalidade Era Ficar Em Casa \/ Olha Quem Brotou no Juramento \/ Desce Com o Cop\u00e3o<\/span><\/a><span style=\"font-weight: 400;\">, al\u00e9m do sucesso \u201cHoje eu Vou Parar na Gaiola&#8221;. Infelizmente a agenda de divulga\u00e7\u00e3o do projeto foi afetada por um motivo \u00f3bvio, <\/span><a href=\"http:\/\/bit.ly\/3rJay83\" target=\"_blank\" rel=\"noopener\"><span style=\"font-weight: 400;\">a pandemia<\/span><\/a><span style=\"font-weight: 400;\">, que impediu a realiza\u00e7\u00e3o da agenda de shows. Apesar disso, o projeto rendeu bons frutos: \u201c<\/span><a href=\"https:\/\/bit.ly\/2OACCMJ\" target=\"_blank\" rel=\"noopener\"><span style=\"font-weight: 400;\">Talarica<\/span><\/a><span style=\"font-weight: 400;\">\u201d se tornou um sucesso e <\/span><a href=\"http:\/\/bit.ly\/2LKJiGV\" target=\"_blank\" rel=\"noopener\"><span style=\"font-weight: 400;\">ganhou at\u00e9 um clipe<\/span><\/a><span style=\"font-weight: 400;\">.<\/span><span style=\"font-weight: 400;\"> Mais recentemente Rennan trabalhou com Luisa Sonza mais uma vez em sua nova <\/span><a href=\"https:\/\/bit.ly\/3b1mxaa\" target=\"_blank\" rel=\"noopener\"><span style=\"font-weight: 400;\">parceria com Pabllo Vittar e Anitta<\/span><\/a><span style=\"font-weight: 400;\">.<\/span><\/p>\n<p>Na onda das lives pand\u00eamicas, Rennan fez cinco no total: tr\u00eas no <a href=\"http:\/\/bit.ly\/3773bzd\" target=\"_blank\" rel=\"noopener\">Konteiner<\/a>, casa de show no Complexo da Penha, e duas em sua nova casa, no <a href=\"http:\/\/bit.ly\/2UPHP3F\" target=\"_blank\" rel=\"noopener\">Recreio dos Bandeirantes<\/a>, seu ref\u00fagio na reclus\u00e3o p\u00f3s-liberdade, para se distanciar da imagem de \u201ccria da Penha\u201d. Uma dessas lives foi para <a href=\"https:\/\/bit.ly\/2Zh9VGl\" target=\"_blank\" rel=\"noopener\">angariar doa\u00e7\u00f5es para a ONG Todxs<\/a>, mostrando a continua\u00e7\u00e3o do <a href=\"http:\/\/bit.ly\/3rFJxCc\" target=\"_blank\" rel=\"noopener\">compromisso do artista com o p\u00fablico LGBTQ+<\/a>, firmado em 2019 com a realiza\u00e7\u00e3o da Parada do Baile da Gaiola.<\/p>\n<p>Quando Rennan da Penha \u00e9 preso por ser um artista negro e favelado, surgem questionamentos: como falar de arte na favela? Como fazer com que a sociedade de forma mais ampla entenda que o funk \u00e9 uma arte? Como deixar claro que criar obras de arte sobre seus corpos, frequentemente invisibilizados pela arte branca do asfalto, n\u00e3o \u00e9 crime e sim liberdade de express\u00e3o?\u00a0Quando a sociedade ir\u00e1 compreender que descrever experi\u00eancias que estes corpos oprimidos t\u00eam entre si e com seu territ\u00f3rio \u00e9 um ato pol\u00edtico libertador?<\/p>\n<p><iframe src=\"https:\/\/www.youtube.com\/embed\/WahXNMMljHo\" width=\"1030\" height=\"563\" frameborder=\"0\" allowfullscreen=\"allowfullscreen\"><span data-mce-type=\"bookmark\" style=\"display: inline-block; width: 0px; overflow: hidden; line-height: 0;\" class=\"mce_SELRES_start\">\ufeff<\/span><span data-mce-type=\"bookmark\" style=\"display: inline-block; width: 0px; overflow: hidden; line-height: 0;\" class=\"mce_SELRES_start\">\ufeff<\/span><\/iframe><\/p>\n<p>\u00c9 preciso refletir sobre a arte e o papel dela no contempor\u00e2neo. Pensar como a arte contempor\u00e2nea n\u00e3o vem do nada, mas se faz a partir de um processo que retoma outros feitos do passado. O grafite est\u00e1 <a href=\"http:\/\/bit.ly\/2NfSHXj\" target=\"_blank\" rel=\"noopener\">nas paredes das ruas de cidades de v\u00e1rias culturas, h\u00e1 mil\u00eanios<\/a>, por exemplo, como demonstram achados arqueol\u00f3gicos de v\u00e1rios per\u00edodos da hist\u00f3ria, desde <a href=\"https:\/\/bit.ly\/3b3hVjO\" target=\"_blank\" rel=\"noopener\">pinturas rupestres no Brasil<\/a>, at\u00e9 <a href=\"http:\/\/bbc.in\/375A3IU\" target=\"_blank\" rel=\"noopener\">pelos muros da Roma Antiga<\/a>.<\/p>\n<p>O funk est\u00e1 nos ouvidos, mas tamb\u00e9m \u00e9 uma experi\u00eancia que retoma as <a href=\"http:\/\/bit.ly\/3d6mRY2\" target=\"_blank\" rel=\"noopener\">cantigas galego-portuguesas<\/a>, da regi\u00e3o da Gal\u00edcia, que eram entoadas pelos populares e que <a href=\"http:\/\/bit.ly\/2NhskAf\" target=\"_blank\" rel=\"noopener\">versavam sobre o corpo, desejo, o erotismo e a sexualidade<\/a> provocando sensa\u00e7\u00f5es nos corpos. Essa sensualidade presente desde as festas medievais chega nos dias de hoje, pelos caminhos da hist\u00f3ria, na forma dos pared\u00f5es dos bailes de favela. \u00c9 preciso estabelecer um di\u00e1logo que encontre a chave para compreender esse percurso, entendendo que mesmo nas culturas mais populares h\u00e1 heran\u00e7a hist\u00f3rica. \u00c9 necess\u00e1rio construir o conhecimento coletivamente, contemplando as ang\u00fastias e dores, as transformando em arte.<\/p>\n<p>Pode parecer imposs\u00edvel estabelecer esse di\u00e1logo \u00e0 primeira vista, mas \u00e9 de extrema import\u00e2ncia pensar que a chave que abre essa gaiola seja a do baile, seja a <a href=\"http:\/\/bit.ly\/3rHE7Xm\" target=\"_blank\" rel=\"noopener\">sa\u00edda do aprisionamento no territ\u00f3rio<\/a>, do encarceramento cotidiano desses indiv\u00edduos. A sa\u00edda n\u00e3o \u00e9 outra sen\u00e3o a arte! A <a href=\"http:\/\/bit.ly\/2SXdaAT\" target=\"_blank\" rel=\"noopener\">arte presente no cotidiano da favela<\/a> faz com que milh\u00f5es resistam pulsando livremente a vida, dan\u00e7ando, cantando e refletindo sobre suas trajet\u00f3rias com palavras e movimentos envolventes. \u00c9 somente a partir da experi\u00eancia da arte que eles poder\u00e3o se entender enquanto sujeitos questionadores, conscientes do seu lugar no mundo, nas estruturas de poder, e dispostos n\u00e3o apenas a se questionar, mas a se mobilizar e a resgatar suas hist\u00f3rias individuais, promovendo a mem\u00f3ria coletiva de seu territ\u00f3rio. Da\u00ed, podem tra\u00e7ar novos rumos para um futuro onde a favela e a sua arte n\u00e3o sejam julgadas, mas que sejam apreciadas.<\/p>\n<p>Coletivamente, precisamos <a href=\"http:\/\/bit.ly\/2XvC2zf\" target=\"_blank\" rel=\"noopener\">romper sempre as fronteiras do estigma<\/a>. Condena-se, principalmente o funk, pela tem\u00e1tica muito presente do sexo, por incitar o movimento, a dan\u00e7a e a liberdade dos corpos, por pensar o lugar do prazer em uma sociedade que mata e encarcera em pris\u00f5es cotidianas esses corpos que, aos fins de semana, enchiam as ruas da Penha e de centenas de outras favelas pelo Rio. \u00c9 extremamente libertador ser reconhecido e se ver representado em produ\u00e7\u00f5es musicais que narram o cotidiano da vida na favela. Fala-se que o funk \u00e9 machista, mas \u00e9 bom que fique claro: n\u00e3o \u00e9 apenas o funk que \u00e9 machista, \u00e9 a sociedade. N\u00e3o \u00e9 s\u00f3 o funk que fala sobre o corpo, a arte em geral sempre falou sobre isso. O funk chama aten\u00e7\u00e3o e mostra que os corpos negros n\u00e3o s\u00e3o objetos de trabalho, explora\u00e7\u00e3o e alvos de morte: eles pulsam vida, prazer, sentimentos. E est\u00e3o conscientes disso!<\/p>\n<p><em>Sobre o autor: Artur Vinicius Amaro, tamb\u00e9m conhecido pelo seu heter\u00f4nimo in Drag <a href=\"https:\/\/bit.ly\/3paUlqB\" target=\"_blank\" rel=\"noopener\">Vanubia Close<\/a>, tem sua hist\u00f3ria e narrativa constru\u00eddas e, como um corpo que se comunica e que \u00e9 atravessado pelas ruas e becos do complexo da Penha, \u00e9 estudante de Letras da UFRJ em seu \u00faltimo per\u00edodo de gradua\u00e7\u00e3o, onde pesquisa o funk carioca, mais especificamente em seu recorte contempor\u00e2neo, o 150BPM e o 170BPM.<\/em><\/p>\n<p><em>Sobre o artista: <\/em><em><a href=\"https:\/\/bit.ly\/3aaDQGG\" target=\"_blank\" rel=\"noopener\">David Amen<\/a> \u00e9 cria do Complexo do Alem\u00e3o, co-fundador e produtor de comunica\u00e7\u00e3o do Instituto Ra\u00edzes em Movimento, jornalista, grafiteiro e ilustrador.<\/em><\/p>\n<p><em>Esta mat\u00e9ria faz parte da\u00a0<a href=\"https:\/\/bit.ly\/SerieAntirracista\" rel=\"noopener\">s\u00e9rie do projeto antirracista do RioOnWatch<\/a>.<i data-stringify-type=\"italic\">\u00a0<\/i><\/em><em>Conhe\u00e7a o nosso projeto que trouxe conte\u00fados midi\u00e1ticos semanais ao longo de 2021:\u00a0<i><a href=\"http:\/\/bit.ly\/EnraizandoIntro\" rel=\"noopener\">Enraizando o Antirracismo nas Favelas<\/a>.<\/i><\/em><\/p>\n<h4><b data-stringify-type=\"bold\">Compartilhe com a gente a sua opini\u00e3o sobre essa mat\u00e9ria\u00a0<\/b><b data-stringify-type=\"bold\"><a class=\"c-link\" href=\"https:\/\/bit.ly\/OpineAntirracismo\" target=\"_blank\" rel=\"noopener noreferrer\" data-stringify-link=\"https:\/\/docs.google.com\/forms\/d\/e\/1FAIpQLSc6PJwxQ0eapYlfSfsr8fyibg8ODzXKpGhJjXe2-8Bbxrtp1g\/viewform\" data-sk=\"tooltip_parent\">clicando aqui<\/a>.<\/b><\/h4>\n<hr \/>\n<h4><strong>Apoie nossos esfor\u00e7os para fornecer assist\u00eancia estrat\u00e9gica \u00e0s favelas do Rio, incluindo o jornalismo hiperlocal, cr\u00edtico, inovador e incans\u00e1vel do\u00a0<em>RioOnWatch<\/em><\/strong>\u2014<a href=\"http:\/\/bit.ly\/CatalisandoComunidades\">doe aqui<\/a>.<\/h4>\n<!-- AddThis Advanced Settings generic via filter on the_content --><!-- AddThis Share Buttons generic via filter on the_content -->","protected":false},"excerpt":{"rendered":"<div class=\"mh-excerpt\"><p>Click Here for English Esta mat\u00e9ria faz parte da\u00a0s\u00e9rie do projeto antirracista do RioOnWatch.\u00a0Conhe\u00e7a o nosso projeto que trouxe conte\u00fados midi\u00e1ticos semanais ao longo de 2021:\u00a0Enraizando o Antirracismo nas Favelas. Ou\u00e7a o podcast desta mat\u00e9ria <a class=\"mh-excerpt-more\" href=\"https:\/\/rioonwatch.org.br\/?p=53519\" title=\"A Chave da Gaiola: O  Funk Como a Arte Libertadora de Corpos na Favela [PODCAST]\">[&#8230;]<\/a><!-- AddThis Advanced Settings generic via filter on get_the_excerpt --><!-- AddThis Share Buttons generic via filter on get_the_excerpt --><\/p>\n<\/div>","protected":false},"author":167,"featured_media":53533,"comment_status":"closed","ping_status":"closed","sticky":false,"template":"template-full.php","format":"standard","meta":{"_acf_changed":false,"_monsterinsights_skip_tracking":false,"_monsterinsights_sitenote_active":false,"_monsterinsights_sitenote_note":"","_monsterinsights_sitenote_category":0,"footnotes":""},"categories":[1621,1615,2985,1625,1630,1638],"tags":[386,3253,334,2980,2379,2717,1239,513,421,422,502,2253,1024,719,1398,1900,469,20,1970,758,498,2378,774,1412,1718,2974,562,1810,1001,920,218],"writer":[3003],"translator":[],"source":[],"ilustrador":[3088],"fotografo":[],"class_list":{"0":"post-53519","1":"post","2":"type-post","3":"status-publish","4":"format-standard","5":"has-post-thumbnail","7":"category-destaque","8":"category-cultura-da-favela","9":"category-podcast","10":"category-por-correspondentes-comunitarios","11":"category-opiniao","12":"category-video","13":"tag-estigma","14":"tag-antirracismo","15":"tag-arte","16":"tag-branquitude","17":"tag-caveirao","18":"tag-complexo-da-penha","19":"tag-criminalizacao-da-pobreza","20":"tag-cultura-afro-brasileira","21":"tag-cultura-da-favela","22":"tag-cultura-de-rua","23":"tag-funk","24":"tag-guerra-as-drogas","25":"tag-intimidacao-policial","26":"tag-lazer","27":"tag-lgbt","28":"tag-liberdade-de-expressao","29":"tag-memoria","30":"tag-musica","31":"tag-negritude","32":"tag-orgulho-comunitario","33":"tag-penha","34":"tag-policia-civil","35":"tag-policia-militar","36":"tag-producao-cultural","37":"tag-rap","38":"tag-serie-antirracismo","39":"tag-trafico-de-drogas","40":"tag-video","41":"tag-vila-cruzeiro","42":"tag-violencia-de-estado","43":"tag-zona-norte","44":"writer-artur-vinicius-amaro","45":"ilustrador-david-amen"},"acf":[],"yoast_head":"<!-- This site is optimized with the Yoast SEO plugin v25.6 - https:\/\/yoast.com\/wordpress\/plugins\/seo\/ -->\n<title>A Chave da Gaiola: O Funk Como a Arte Libertadora de Corpos na Favela [PODCAST] - RioOnWatch<\/title>\n<meta name=\"robots\" content=\"index, follow, max-snippet:-1, max-image-preview:large, max-video-preview:-1\" \/>\n<link rel=\"canonical\" href=\"https:\/\/rioonwatch.org.br\/?p=53519\" \/>\n<meta property=\"og:locale\" content=\"pt_BR\" \/>\n<meta property=\"og:type\" content=\"article\" \/>\n<meta property=\"og:title\" content=\"A Chave da Gaiola: O Funk Como a Arte Libertadora de Corpos na Favela [PODCAST] - RioOnWatch\" \/>\n<meta property=\"og:description\" content=\"Click Here for English Esta mat\u00e9ria faz parte da\u00a0s\u00e9rie do projeto antirracista do RioOnWatch.\u00a0Conhe\u00e7a o nosso projeto que trouxe conte\u00fados midi\u00e1ticos semanais ao longo de 2021:\u00a0Enraizando o Antirracismo nas Favelas. Ou\u00e7a o podcast desta mat\u00e9ria [...]\" \/>\n<meta property=\"og:url\" content=\"https:\/\/rioonwatch.org.br\/?p=53519\" \/>\n<meta property=\"og:site_name\" content=\"RioOnWatch\" \/>\n<meta property=\"article:published_time\" content=\"2021-02-12T20:32:35+00:00\" \/>\n<meta property=\"article:modified_time\" content=\"2024-06-20T19:19:17+00:00\" \/>\n<meta property=\"og:image\" content=\"https:\/\/rioonwatch.org.br\/wp-content\/uploads\/2021\/02\/Arte-original-por-David-Amen.jpg\" \/>\n\t<meta property=\"og:image:width\" content=\"2480\" \/>\n\t<meta property=\"og:image:height\" content=\"1056\" \/>\n\t<meta property=\"og:image:type\" content=\"image\/jpeg\" \/>\n<meta name=\"author\" content=\"Julio Santos Filho\" \/>\n<meta name=\"twitter:card\" content=\"summary_large_image\" \/>\n<meta name=\"twitter:label1\" content=\"Escrito por\" \/>\n\t<meta name=\"twitter:data1\" content=\"Julio Santos Filho\" \/>\n\t<meta name=\"twitter:label2\" content=\"Est. tempo de leitura\" \/>\n\t<meta name=\"twitter:data2\" content=\"12 minutos\" \/>\n<script type=\"application\/ld+json\" class=\"yoast-schema-graph\">{\"@context\":\"https:\/\/schema.org\",\"@graph\":[{\"@type\":\"Article\",\"@id\":\"https:\/\/rioonwatch.org.br\/?p=53519#article\",\"isPartOf\":{\"@id\":\"https:\/\/rioonwatch.org.br\/?p=53519\"},\"author\":{\"name\":\"Julio Santos Filho\",\"@id\":\"https:\/\/rioonwatch.org.br\/#\/schema\/person\/476bc75767957d3535b65b796667cd36\"},\"headline\":\"A Chave da Gaiola: O Funk Como a Arte Libertadora de Corpos na Favela [PODCAST]\",\"datePublished\":\"2021-02-12T20:32:35+00:00\",\"dateModified\":\"2024-06-20T19:19:17+00:00\",\"mainEntityOfPage\":{\"@id\":\"https:\/\/rioonwatch.org.br\/?p=53519\"},\"wordCount\":2525,\"publisher\":{\"@id\":\"https:\/\/rioonwatch.org.br\/#organization\"},\"image\":{\"@id\":\"https:\/\/rioonwatch.org.br\/?p=53519#primaryimage\"},\"thumbnailUrl\":\"https:\/\/rioonwatch.org.br\/wp-content\/uploads\/2021\/02\/Arte-original-por-David-Amen.jpg\",\"keywords\":[\"#StopFavelaStigma\",\"Antirracismo\",\"arte\",\"branquitude\",\"caveir\u00e3o\",\"Complexo da Penha\",\"criminaliza\u00e7\u00e3o da pobreza\",\"Cultura Afro-brasileira\",\"cultura da favela\",\"cultura de rua\",\"funk\",\"guerra \u00e0s drogas\",\"intimida\u00e7\u00e3o policial\",\"lazer\",\"LGBTQIAPN+\",\"liberdade de express\u00e3o\",\"Mem\u00f3rias Faveladas\",\"m\u00fasica\",\"negritude\",\"orgulho comunit\u00e1rio\",\"Penha\",\"Pol\u00edcia Civil\",\"Pol\u00edcia Militar\",\"produ\u00e7\u00e3o cultural\",\"rap\",\"S\u00e9rie: Antirracismo\",\"tr\u00e1fico de drogas\",\"v\u00eddeo\",\"Vila Cruzeiro\",\"viol\u00eancia de Estado\",\"Zona Norte\"],\"articleSection\":[\"*Destaque\",\"Cultura da Favela\",\"Epis\u00f3dios de Podcast\",\"Escrito por Comunicadores Populares\",\"Opini\u00e3o\",\"V\u00eddeo\"],\"inLanguage\":\"pt-BR\"},{\"@type\":\"WebPage\",\"@id\":\"https:\/\/rioonwatch.org.br\/?p=53519\",\"url\":\"https:\/\/rioonwatch.org.br\/?p=53519\",\"name\":\"A Chave da Gaiola: O Funk Como a Arte Libertadora de Corpos na Favela [PODCAST] - RioOnWatch\",\"isPartOf\":{\"@id\":\"https:\/\/rioonwatch.org.br\/#website\"},\"primaryImageOfPage\":{\"@id\":\"https:\/\/rioonwatch.org.br\/?p=53519#primaryimage\"},\"image\":{\"@id\":\"https:\/\/rioonwatch.org.br\/?p=53519#primaryimage\"},\"thumbnailUrl\":\"https:\/\/rioonwatch.org.br\/wp-content\/uploads\/2021\/02\/Arte-original-por-David-Amen.jpg\",\"datePublished\":\"2021-02-12T20:32:35+00:00\",\"dateModified\":\"2024-06-20T19:19:17+00:00\",\"breadcrumb\":{\"@id\":\"https:\/\/rioonwatch.org.br\/?p=53519#breadcrumb\"},\"inLanguage\":\"pt-BR\",\"potentialAction\":[{\"@type\":\"ReadAction\",\"target\":[\"https:\/\/rioonwatch.org.br\/?p=53519\"]}]},{\"@type\":\"ImageObject\",\"inLanguage\":\"pt-BR\",\"@id\":\"https:\/\/rioonwatch.org.br\/?p=53519#primaryimage\",\"url\":\"https:\/\/rioonwatch.org.br\/wp-content\/uploads\/2021\/02\/Arte-original-por-David-Amen.jpg\",\"contentUrl\":\"https:\/\/rioonwatch.org.br\/wp-content\/uploads\/2021\/02\/Arte-original-por-David-Amen.jpg\",\"width\":2480,\"height\":1056,\"caption\":\"Arte original por David Amen\"},{\"@type\":\"BreadcrumbList\",\"@id\":\"https:\/\/rioonwatch.org.br\/?p=53519#breadcrumb\",\"itemListElement\":[{\"@type\":\"ListItem\",\"position\":1,\"name\":\"In\u00edcio\",\"item\":\"https:\/\/rioonwatch.org.br\/\"},{\"@type\":\"ListItem\",\"position\":2,\"name\":\"A Chave da Gaiola: O Funk Como a Arte Libertadora de Corpos na Favela [PODCAST]\"}]},{\"@type\":\"WebSite\",\"@id\":\"https:\/\/rioonwatch.org.br\/#website\",\"url\":\"https:\/\/rioonwatch.org.br\/\",\"name\":\"RioOnWatch\",\"description\":\"relatos das favelas cariocas\",\"publisher\":{\"@id\":\"https:\/\/rioonwatch.org.br\/#organization\"},\"potentialAction\":[{\"@type\":\"SearchAction\",\"target\":{\"@type\":\"EntryPoint\",\"urlTemplate\":\"https:\/\/rioonwatch.org.br\/?s={search_term_string}\"},\"query-input\":{\"@type\":\"PropertyValueSpecification\",\"valueRequired\":true,\"valueName\":\"search_term_string\"}}],\"inLanguage\":\"pt-BR\"},{\"@type\":\"Organization\",\"@id\":\"https:\/\/rioonwatch.org.br\/#organization\",\"name\":\"RioOnWatch\",\"url\":\"https:\/\/rioonwatch.org.br\/\",\"logo\":{\"@type\":\"ImageObject\",\"inLanguage\":\"pt-BR\",\"@id\":\"https:\/\/rioonwatch.org.br\/#\/schema\/logo\/image\/\",\"url\":\"https:\/\/rioonwatch.org.br\/wp-content\/uploads\/2021\/06\/RioOnWatchcabecalhoPT11anos-2.png\",\"contentUrl\":\"https:\/\/rioonwatch.org.br\/wp-content\/uploads\/2021\/06\/RioOnWatchcabecalhoPT11anos-2.png\",\"width\":779,\"height\":277,\"caption\":\"RioOnWatch\"},\"image\":{\"@id\":\"https:\/\/rioonwatch.org.br\/#\/schema\/logo\/image\/\"}},{\"@type\":\"Person\",\"@id\":\"https:\/\/rioonwatch.org.br\/#\/schema\/person\/476bc75767957d3535b65b796667cd36\",\"name\":\"Julio Santos Filho\",\"image\":{\"@type\":\"ImageObject\",\"inLanguage\":\"pt-BR\",\"@id\":\"https:\/\/rioonwatch.org.br\/#\/schema\/person\/image\/\",\"url\":\"https:\/\/secure.gravatar.com\/avatar\/ca138f7666182a292a8ce4ca14fb81f8?s=96&d=blank&r=g\",\"contentUrl\":\"https:\/\/secure.gravatar.com\/avatar\/ca138f7666182a292a8ce4ca14fb81f8?s=96&d=blank&r=g\",\"caption\":\"Julio Santos Filho\"},\"url\":\"https:\/\/rioonwatch.org.br\/?author=167\"}]}<\/script>\n<!-- \/ Yoast SEO plugin. -->","yoast_head_json":{"title":"A Chave da Gaiola: O Funk Como a Arte Libertadora de Corpos na Favela [PODCAST] - RioOnWatch","robots":{"index":"index","follow":"follow","max-snippet":"max-snippet:-1","max-image-preview":"max-image-preview:large","max-video-preview":"max-video-preview:-1"},"canonical":"https:\/\/rioonwatch.org.br\/?p=53519","og_locale":"pt_BR","og_type":"article","og_title":"A Chave da Gaiola: O Funk Como a Arte Libertadora de Corpos na Favela [PODCAST] - RioOnWatch","og_description":"Click Here for English Esta mat\u00e9ria faz parte da\u00a0s\u00e9rie do projeto antirracista do RioOnWatch.\u00a0Conhe\u00e7a o nosso projeto que trouxe conte\u00fados midi\u00e1ticos semanais ao longo de 2021:\u00a0Enraizando o Antirracismo nas Favelas. Ou\u00e7a o podcast desta mat\u00e9ria [...]","og_url":"https:\/\/rioonwatch.org.br\/?p=53519","og_site_name":"RioOnWatch","article_published_time":"2021-02-12T20:32:35+00:00","article_modified_time":"2024-06-20T19:19:17+00:00","og_image":[{"width":2480,"height":1056,"url":"https:\/\/rioonwatch.org.br\/wp-content\/uploads\/2021\/02\/Arte-original-por-David-Amen.jpg","type":"image\/jpeg"}],"author":"Julio Santos Filho","twitter_card":"summary_large_image","twitter_misc":{"Escrito por":"Julio Santos Filho","Est. tempo de leitura":"12 minutos"},"schema":{"@context":"https:\/\/schema.org","@graph":[{"@type":"Article","@id":"https:\/\/rioonwatch.org.br\/?p=53519#article","isPartOf":{"@id":"https:\/\/rioonwatch.org.br\/?p=53519"},"author":{"name":"Julio Santos Filho","@id":"https:\/\/rioonwatch.org.br\/#\/schema\/person\/476bc75767957d3535b65b796667cd36"},"headline":"A Chave da Gaiola: O Funk Como a Arte Libertadora de Corpos na Favela [PODCAST]","datePublished":"2021-02-12T20:32:35+00:00","dateModified":"2024-06-20T19:19:17+00:00","mainEntityOfPage":{"@id":"https:\/\/rioonwatch.org.br\/?p=53519"},"wordCount":2525,"publisher":{"@id":"https:\/\/rioonwatch.org.br\/#organization"},"image":{"@id":"https:\/\/rioonwatch.org.br\/?p=53519#primaryimage"},"thumbnailUrl":"https:\/\/rioonwatch.org.br\/wp-content\/uploads\/2021\/02\/Arte-original-por-David-Amen.jpg","keywords":["#StopFavelaStigma","Antirracismo","arte","branquitude","caveir\u00e3o","Complexo da Penha","criminaliza\u00e7\u00e3o da pobreza","Cultura Afro-brasileira","cultura da favela","cultura de rua","funk","guerra \u00e0s drogas","intimida\u00e7\u00e3o policial","lazer","LGBTQIAPN+","liberdade de express\u00e3o","Mem\u00f3rias Faveladas","m\u00fasica","negritude","orgulho comunit\u00e1rio","Penha","Pol\u00edcia Civil","Pol\u00edcia Militar","produ\u00e7\u00e3o cultural","rap","S\u00e9rie: Antirracismo","tr\u00e1fico de drogas","v\u00eddeo","Vila Cruzeiro","viol\u00eancia de Estado","Zona Norte"],"articleSection":["*Destaque","Cultura da Favela","Epis\u00f3dios de Podcast","Escrito por Comunicadores Populares","Opini\u00e3o","V\u00eddeo"],"inLanguage":"pt-BR"},{"@type":"WebPage","@id":"https:\/\/rioonwatch.org.br\/?p=53519","url":"https:\/\/rioonwatch.org.br\/?p=53519","name":"A Chave da Gaiola: O Funk Como a Arte Libertadora de Corpos na Favela [PODCAST] - RioOnWatch","isPartOf":{"@id":"https:\/\/rioonwatch.org.br\/#website"},"primaryImageOfPage":{"@id":"https:\/\/rioonwatch.org.br\/?p=53519#primaryimage"},"image":{"@id":"https:\/\/rioonwatch.org.br\/?p=53519#primaryimage"},"thumbnailUrl":"https:\/\/rioonwatch.org.br\/wp-content\/uploads\/2021\/02\/Arte-original-por-David-Amen.jpg","datePublished":"2021-02-12T20:32:35+00:00","dateModified":"2024-06-20T19:19:17+00:00","breadcrumb":{"@id":"https:\/\/rioonwatch.org.br\/?p=53519#breadcrumb"},"inLanguage":"pt-BR","potentialAction":[{"@type":"ReadAction","target":["https:\/\/rioonwatch.org.br\/?p=53519"]}]},{"@type":"ImageObject","inLanguage":"pt-BR","@id":"https:\/\/rioonwatch.org.br\/?p=53519#primaryimage","url":"https:\/\/rioonwatch.org.br\/wp-content\/uploads\/2021\/02\/Arte-original-por-David-Amen.jpg","contentUrl":"https:\/\/rioonwatch.org.br\/wp-content\/uploads\/2021\/02\/Arte-original-por-David-Amen.jpg","width":2480,"height":1056,"caption":"Arte original por David Amen"},{"@type":"BreadcrumbList","@id":"https:\/\/rioonwatch.org.br\/?p=53519#breadcrumb","itemListElement":[{"@type":"ListItem","position":1,"name":"In\u00edcio","item":"https:\/\/rioonwatch.org.br\/"},{"@type":"ListItem","position":2,"name":"A Chave da Gaiola: O Funk Como a Arte Libertadora de Corpos na Favela [PODCAST]"}]},{"@type":"WebSite","@id":"https:\/\/rioonwatch.org.br\/#website","url":"https:\/\/rioonwatch.org.br\/","name":"RioOnWatch","description":"relatos das favelas cariocas","publisher":{"@id":"https:\/\/rioonwatch.org.br\/#organization"},"potentialAction":[{"@type":"SearchAction","target":{"@type":"EntryPoint","urlTemplate":"https:\/\/rioonwatch.org.br\/?s={search_term_string}"},"query-input":{"@type":"PropertyValueSpecification","valueRequired":true,"valueName":"search_term_string"}}],"inLanguage":"pt-BR"},{"@type":"Organization","@id":"https:\/\/rioonwatch.org.br\/#organization","name":"RioOnWatch","url":"https:\/\/rioonwatch.org.br\/","logo":{"@type":"ImageObject","inLanguage":"pt-BR","@id":"https:\/\/rioonwatch.org.br\/#\/schema\/logo\/image\/","url":"https:\/\/rioonwatch.org.br\/wp-content\/uploads\/2021\/06\/RioOnWatchcabecalhoPT11anos-2.png","contentUrl":"https:\/\/rioonwatch.org.br\/wp-content\/uploads\/2021\/06\/RioOnWatchcabecalhoPT11anos-2.png","width":779,"height":277,"caption":"RioOnWatch"},"image":{"@id":"https:\/\/rioonwatch.org.br\/#\/schema\/logo\/image\/"}},{"@type":"Person","@id":"https:\/\/rioonwatch.org.br\/#\/schema\/person\/476bc75767957d3535b65b796667cd36","name":"Julio Santos Filho","image":{"@type":"ImageObject","inLanguage":"pt-BR","@id":"https:\/\/rioonwatch.org.br\/#\/schema\/person\/image\/","url":"https:\/\/secure.gravatar.com\/avatar\/ca138f7666182a292a8ce4ca14fb81f8?s=96&d=blank&r=g","contentUrl":"https:\/\/secure.gravatar.com\/avatar\/ca138f7666182a292a8ce4ca14fb81f8?s=96&d=blank&r=g","caption":"Julio Santos Filho"},"url":"https:\/\/rioonwatch.org.br\/?author=167"}]}},"_links":{"self":[{"href":"https:\/\/rioonwatch.org.br\/index.php?rest_route=\/wp\/v2\/posts\/53519"}],"collection":[{"href":"https:\/\/rioonwatch.org.br\/index.php?rest_route=\/wp\/v2\/posts"}],"about":[{"href":"https:\/\/rioonwatch.org.br\/index.php?rest_route=\/wp\/v2\/types\/post"}],"author":[{"embeddable":true,"href":"https:\/\/rioonwatch.org.br\/index.php?rest_route=\/wp\/v2\/users\/167"}],"replies":[{"embeddable":true,"href":"https:\/\/rioonwatch.org.br\/index.php?rest_route=%2Fwp%2Fv2%2Fcomments&post=53519"}],"version-history":[{"count":32,"href":"https:\/\/rioonwatch.org.br\/index.php?rest_route=\/wp\/v2\/posts\/53519\/revisions"}],"predecessor-version":[{"id":60380,"href":"https:\/\/rioonwatch.org.br\/index.php?rest_route=\/wp\/v2\/posts\/53519\/revisions\/60380"}],"wp:featuredmedia":[{"embeddable":true,"href":"https:\/\/rioonwatch.org.br\/index.php?rest_route=\/wp\/v2\/media\/53533"}],"wp:attachment":[{"href":"https:\/\/rioonwatch.org.br\/index.php?rest_route=%2Fwp%2Fv2%2Fmedia&parent=53519"}],"wp:term":[{"taxonomy":"category","embeddable":true,"href":"https:\/\/rioonwatch.org.br\/index.php?rest_route=%2Fwp%2Fv2%2Fcategories&post=53519"},{"taxonomy":"post_tag","embeddable":true,"href":"https:\/\/rioonwatch.org.br\/index.php?rest_route=%2Fwp%2Fv2%2Ftags&post=53519"},{"taxonomy":"writer","embeddable":true,"href":"https:\/\/rioonwatch.org.br\/index.php?rest_route=%2Fwp%2Fv2%2Fwriter&post=53519"},{"taxonomy":"translator","embeddable":true,"href":"https:\/\/rioonwatch.org.br\/index.php?rest_route=%2Fwp%2Fv2%2Ftranslator&post=53519"},{"taxonomy":"source","embeddable":true,"href":"https:\/\/rioonwatch.org.br\/index.php?rest_route=%2Fwp%2Fv2%2Fsource&post=53519"},{"taxonomy":"ilustrador","embeddable":true,"href":"https:\/\/rioonwatch.org.br\/index.php?rest_route=%2Fwp%2Fv2%2Filustrador&post=53519"},{"taxonomy":"fotografo","embeddable":true,"href":"https:\/\/rioonwatch.org.br\/index.php?rest_route=%2Fwp%2Fv2%2Ffotografo&post=53519"}],"curies":[{"name":"wp","href":"https:\/\/api.w.org\/{rel}","templated":true}]}}