{"id":53983,"date":"2021-03-13T18:47:40","date_gmt":"2021-03-13T21:47:40","guid":{"rendered":"https:\/\/rioonwatch.org.br\/?p=53983"},"modified":"2021-10-19T19:25:48","modified_gmt":"2021-10-19T22:25:48","slug":"eficiencia-energetica-nunca-vi-nem-comi-e-muito-menos-ouvi-falar","status":"publish","type":"post","link":"https:\/\/rioonwatch.org.br\/?p=53983","title":{"rendered":"Efici\u00eancia Energ\u00e9tica: Nunca Vi, Nem Comi e Muito Menos Ouvi Falar!"},"content":{"rendered":"<p style=\"text-align: right;\"><em><strong><a href=\"https:\/\/bit.ly\/3hvHH5a\" target=\"_blank\" rel=\"noopener noreferrer\">Click Here for English<\/a><a href=\"https:\/\/bit.ly\/3hvHH5a\" target=\"_blank\" rel=\"noopener noreferrer\"><img decoding=\"async\" class=\"alignright wp-image-15790\" src=\"http:\/\/rioonwatch.org.br\/wp-content\/uploads\/2012\/08\/EN-standard-e1439583104716.jpg\" alt=\"\" width=\"20\" height=\"20\" \/><\/a><\/strong><\/em><\/p>\n<p><em>Esta pesquisa <\/em><em>faz parte de uma\u00a0<a href=\"http:\/\/bit.ly\/JusticaEnergeticaNasFavelas\" target=\"_blank\" rel=\"noopener\">s\u00e9rie sobre justi\u00e7a e efici\u00eancia energ\u00e9tica nas favelas<\/a> do Rio.<\/em><\/p>\n<p><span style=\"font-weight: 400;\">Voc\u00ea j\u00e1 ouviu falar em <a href=\"http:\/\/bit.ly\/3rE6xlz\" target=\"_blank\" rel=\"noopener\">efici\u00eancia energ\u00e9tica<\/a>? Essa foi uma das principais perguntas feitas aos moradores do <a href=\"http:\/\/bit.ly\/35UY443\" target=\"_blank\" rel=\"noopener\">Conjunto Esperan\u00e7a<\/a>, no <a href=\"http:\/\/bit.ly\/2wIyn5a\" target=\"_blank\" rel=\"noopener\">Complexo da Mar\u00e9<\/a>, <a href=\"http:\/\/bit.ly\/2ETpYR1\" target=\"_blank\" rel=\"noopener\">Zona Norte<\/a>, durante uma pesquisa realizada por mim, Aline Marieta, uma arquiteta da comunidade. A inten\u00e7\u00e3o era entender o quanto as pessoas estavam sabendo sobre o que \u00e9, e explicar como aplic\u00e1-la no dia a dia.<\/span><\/p>\n<p><span style=\"font-weight: 400;\">Efici\u00eancia energ\u00e9tica nada mais \u00e9 do que fazer o uso racional da energia. Um produto eficiente energeticamente \u00e9 aquele que realiza sua fun\u00e7\u00e3o, enquanto consome a menor quantidade de energia poss\u00edvel, como por exemplo, os aparelhos de eletrodom\u00e9sticos de hoje em dia, que geralmente v\u00eam com o <a href=\"http:\/\/bit.ly\/38u28dw\" target=\"_blank\" rel=\"noopener\">selo Procel<\/a> indicando <\/span><a href=\"http:\/\/www.inmetro.gov.br\/consumidor\/pbeselo.asp\"><span style=\"font-weight: 400;\">o quanto o produto \u00e9 eficiente<\/span><\/a><span style=\"font-weight: 400;\"> energeticamente. \u00c9 muito importante ficar atento a essas informa\u00e7\u00f5es porque os produtos que est\u00e3o ultrapassados no mercado e n\u00e3o t\u00eam essa indica\u00e7\u00e3o, deveriam ser retirados, tanto das vendas quanto das linhas de produ\u00e7\u00e3o da empresa respons\u00e1vel. Para que as empresas repensem sobre o modelo em quest\u00e3o e refa\u00e7am com mais efici\u00eancia energ\u00e9tica, \u00e9 preciso tirar esses produtos das prateleiras.<\/span><\/p>\n<p><span style=\"font-weight: 400;\">Outro uso eficiente de energia s\u00e3o os pain\u00e9is solares, que <a href=\"http:\/\/bit.ly\/2pydxFs\" target=\"_blank\" rel=\"noopener\">captam a luz do sol e geram energia<\/a> para abastecer uma casa \u00e0 noite, por\u00e9m n\u00e3o s\u00e3o produtos com pre\u00e7os t\u00e3o acess\u00edveis, o que gera um impedimento para sua aquisi\u00e7\u00e3o. Contudo, a longo prazo o uso das placas causariam uma grande redu\u00e7\u00e3o na conta de luz ou at\u00e9 mesmo a anula\u00e7\u00e3o desse servi\u00e7o, compensando o investimento feito, al\u00e9m de que, j\u00e1 existem bancos que trabalham com o <a href=\"http:\/\/bit.ly\/3coZ03A\" target=\"_blank\" rel=\"noopener\">financiamento dos pain\u00e9is<\/a>. Em outras favelas do Rio de Janeiro, inclusive <\/span><a href=\"https:\/\/rioonwatch.org.br\/?p=52358\"><span style=\"font-weight: 400;\">no morro Santa Marta<\/span><\/a><span style=\"font-weight: 400;\">, isso foi feito pelos pr\u00f3prios moradores.<\/span><\/p>\n<p><span style=\"font-weight: 400;\">A realiza\u00e7\u00e3o da efici\u00eancia energ\u00e9tica \u00e9 importante tanto para o meio ambiente como para quem faz uso de energia el\u00e9trica no dia a dia e \u00e9 obrigado a pagar, mesmo <a href=\"http:\/\/bit.ly\/2ZYJept\" target=\"_blank\" rel=\"noopener\">sendo absurdos os valores e taxas cobradas<\/a> nas contas de luz. A economia de energia gera uma rea\u00e7\u00e3o em cadeia: menos gasto de energia em casa, gera menos <a href=\"https:\/\/bit.ly\/3dstBQ0\" target=\"_blank\" rel=\"noopener\">energia gerada nas usinas<\/a>, o que gera menos danos ao meio ambiente e por consequ\u00eancia menos cat\u00e1strofes ambientais. Com isso, efici\u00eancia energ\u00e9tica \u00e9 de suma import\u00e2ncia para todos: seja na conta de luz pessoal ou na garantia de um ambiente saud\u00e1vel.<\/span><\/p>\n<p><a href=\"https:\/\/rioonwatch.org.br\/wp-content\/uploads\/2021\/03\/Predios-construidos-no-Projeto-Rio.png\"><img fetchpriority=\"high\" decoding=\"async\" class=\"aligncenter wp-image-54046 size-content\" title=\"Predios construidos no Projeto Rio. Foto: Aline Marieta\" src=\"https:\/\/rioonwatch.org.br\/wp-content\/uploads\/2021\/03\/Predios-construidos-no-Projeto-Rio-620x264.png\" alt=\"Predios construidos no Projeto Rio. Foto: Aline Marieta\" width=\"620\" height=\"264\" \/><\/a><\/p>\n<p><span style=\"font-weight: 400;\">Para entender a percep\u00e7\u00e3o dos moradores de uma favela das 16 do Complexo da Mar\u00e9 sobre o tema, foi realizada entre os dias 1-7 de fevereiro de 2021 uma s\u00e9rie de entrevistas detalhadas em 16 moradias, sendo oito apartamentos e oito casas. Embora efici\u00eancia energ\u00e9tica seja um tema t\u00e3o importante, atrav\u00e9s dessa pesquisa percebemos que pouco (ou nada) se sabe a respeito, com essas informa\u00e7\u00f5es chegando apenas para as classes mais privilegiadas.<\/span><\/p>\n<p><a href=\"https:\/\/bit.ly\/2Nl5dlf\" target=\"_blank\" rel=\"noopener\"><span style=\"font-weight: 400;\">Segundo o Instituto Pereira Passos (IPP)<\/span><\/a><span style=\"font-weight: 400;\">, a popula\u00e7\u00e3o carioca cresceu 8% entre 2000 e 2010. Contudo, a varia\u00e7\u00e3o da popula\u00e7\u00e3o residente em favelas foi de 19%, enquanto n\u00e3o favelada, de apenas 5%. Em outras palavras, a popula\u00e7\u00e3o das favelas cresceu em um ritmo quase quatro vezes maior que a do restante da cidade. Se a popula\u00e7\u00e3o favelada n\u00e3o conhece a economia energ\u00e9tica, imagina o impacto que este crescimento gera no consumo de energia.\u00a0<\/span><\/p>\n<p><span style=\"font-weight: 400;\">Um <\/span><a href=\"http:\/\/bit.ly\/3rBIbsx\" target=\"_blank\" rel=\"noopener\"><span style=\"font-weight: 400;\">levantamento do Geofusion<\/span><\/a><span style=\"font-weight: 400;\"> realizado em 2015 apontou que o bairro da Mar\u00e9 est\u00e1 entre os dez mais povoados do Brasil. Ele fica em 6\u00ba lugar, com o total de 30.585 pessoas por km\u00b2. Naquela \u00e9poca, a popula\u00e7\u00e3o total era de 132.977 habitantes, mas hoje o bairro j\u00e1 tem 140.000 habitantes, segundo o <\/span><a href=\"https:\/\/bit.ly\/2OjOSRP\" target=\"_blank\" rel=\"noopener\"><span style=\"font-weight: 400;\">Censo da Redes da Mar\u00e9<\/span><\/a><span style=\"font-weight: 400;\">. \u00c9 justamente em espa\u00e7os como esse que o assunto da \u201cefici\u00eancia energ\u00e9tica\u201d deveria ser amplamente divulgado, e onde as informa\u00e7\u00f5es mais deveriam chegar. Mas \u00e9 onde elas menos est\u00e3o chegando.\u00a0<\/span><\/p>\n<p><span style=\"font-weight: 400;\">A pesquisa aconteceu no Conjunto Esperan\u00e7a, mais conhecido pelos moradores como Palace, e deixou evidente o quanto esse tema ainda \u00e9 desconhecido pela popula\u00e7\u00e3o local. A boa not\u00edcia \u00e9 que embora o assunto seja desconhecido, n\u00e3o quer dizer que os moradores n\u00e3o tenham consci\u00eancia ambiental e fazem gastos desnecess\u00e1rios de energia. A troca de l\u00e2mpadas incandescentes pelas fluorescentes ou de LED, que s\u00e3o l\u00e2mpadas energeticamente mais eficientes e que duram bem mais, por exemplo, est\u00e1 entre as escolhas de efici\u00eancia comuns aos moradores, mesmo tendo uma diferen\u00e7a consider\u00e1vel no valor desses produtos.<\/span><\/p>\n<figure id=\"attachment_54003\" aria-describedby=\"caption-attachment-54003\" style=\"width: 620px\" class=\"wp-caption aligncenter\"><a href=\"https:\/\/rioonwatch.org.br\/wp-content\/uploads\/2021\/03\/Infografico-uso-de-lampada.png\"><img decoding=\"async\" class=\"wp-image-54003 size-medium\" src=\"https:\/\/rioonwatch.org.br\/wp-content\/uploads\/2021\/03\/Infografico-uso-de-lampada-620x308.png\" alt=\"\" width=\"620\" height=\"308\" srcset=\"https:\/\/rioonwatch.org.br\/wp-content\/uploads\/2021\/03\/Infografico-uso-de-lampada-620x308.png 620w, https:\/\/rioonwatch.org.br\/wp-content\/uploads\/2021\/03\/Infografico-uso-de-lampada-531x264.png 531w, https:\/\/rioonwatch.org.br\/wp-content\/uploads\/2021\/03\/Infografico-uso-de-lampada-768x382.png 768w, https:\/\/rioonwatch.org.br\/wp-content\/uploads\/2021\/03\/Infografico-uso-de-lampada.png 966w\" sizes=\"(max-width: 620px) 100vw, 620px\" \/><\/a><figcaption id=\"caption-attachment-54003\" class=\"wp-caption-text\">Gr\u00e1fico do tipo de l\u00e2mpada usado entre os entrevistados.<\/figcaption><\/figure>\n<p><span style=\"font-weight: 400;\">Os apartamentos onde vivem oito dos entrevistados fazem parte de um conjunto habitacional que nasceu em 1982, na segunda fase de crescimento da Mar\u00e9 atrav\u00e9s da interven\u00e7\u00e3o do poder p\u00fablico com o <\/span><a href=\"http:\/\/bit.ly\/2upxtLo\"><span style=\"font-weight: 400;\">Projeto Rio<\/span><\/a><span style=\"font-weight: 400;\">. O objetivo era reassentar as pessoas que anteriormente moravam em casas de palafitas no <a href=\"http:\/\/bit.ly\/329sBby\" target=\"_blank\" rel=\"noopener\">Parque Uni\u00e3o<\/a>. Primeiramente, <\/span><a href=\"https:\/\/rioonwatch.org.br\/?p=23997\"><span style=\"font-weight: 400;\">a comunidade surgiu com a constru\u00e7\u00e3o<\/span><\/a><span style=\"font-weight: 400;\"> de 35 conjuntos habitacionais com apartamentos de 40m\u00b2. Cada apartamento era constitu\u00eddo por uma planta b\u00e1sica de quatro c\u00f4modos: uma sala, um quarto, uma cozinha e um banheiro.<\/span><\/p>\n<p><span style=\"font-weight: 400;\">Embora grande parte do territ\u00f3rio tenha sido planejado e constru\u00eddo seguindo um projeto do governo, isso n\u00e3o quer dizer que a arquitetura dos pr\u00e9dios foi pensada de maneira eficiente. Em conversa com os moradores, percebemos as mesmas queixas, seja nos apartamentos do governo ou nas casas autoconstru\u00eddas, em rela\u00e7\u00e3o ao excesso de sol que bate nos quartos e salas, na maior parte do dia, o que dificulta a perman\u00eancia nesses espa\u00e7os sem o uso de ventiladores. O lado bom \u00e9 que eles conseguem aproveitar a luz do sol para economizar luz. Tendo claridade o suficiente durante quase todo o dia, \u00e9 dispens\u00e1vel o uso de ilumina\u00e7\u00e3o artificial.<\/span><\/p>\n<p><a href=\"https:\/\/rioonwatch.org.br\/wp-content\/uploads\/2021\/03\/Foto-Area-do-Conjunto-Esperanca.jpg\"><img loading=\"lazy\" decoding=\"async\" class=\"aligncenter wp-image-54004 size-medium\" title=\"Foto A\u00e9rea dos primeiros apartamentos do Conjunto Esperan\u00e7a. Fonte: CEASM\" src=\"https:\/\/rioonwatch.org.br\/wp-content\/uploads\/2021\/03\/Foto-Area-do-Conjunto-Esperanca-620x450.jpg\" alt=\"\" width=\"620\" height=\"450\" srcset=\"https:\/\/rioonwatch.org.br\/wp-content\/uploads\/2021\/03\/Foto-Area-do-Conjunto-Esperanca-620x450.jpg 620w, https:\/\/rioonwatch.org.br\/wp-content\/uploads\/2021\/03\/Foto-Area-do-Conjunto-Esperanca-364x264.jpg 364w, https:\/\/rioonwatch.org.br\/wp-content\/uploads\/2021\/03\/Foto-Area-do-Conjunto-Esperanca-768x557.jpg 768w, https:\/\/rioonwatch.org.br\/wp-content\/uploads\/2021\/03\/Foto-Area-do-Conjunto-Esperanca.jpg 900w\" sizes=\"(max-width: 620px) 100vw, 620px\" \/><\/a><\/p>\n<p><span style=\"font-weight: 400;\">Os apartamentos tamb\u00e9m n\u00e3o foram planejados para contemplar o crescimento das fam\u00edlias e a possibilidade de ter crian\u00e7as ou visitas. Com o aumento dos moradores por apartamento, foi necess\u00e1rio fazer a divis\u00e3o das salas para se ter mais um quarto. Esta a\u00e7\u00e3o passou a dificultar a ventila\u00e7\u00e3o cruzada desses espa\u00e7os, porque a \u00fanica janela que tinha era nas salas, que acabavam fazendo parte do \u201cnovo\u201d c\u00f4modo.\u00a0<\/span><\/p>\n<p><span style=\"font-weight: 400;\">Parte dos moradores dessas \u00e1reas \u00e9 composta pelos antigos moradores das palafitas que ganharam o im\u00f3vel. Outra parte dos habitantes foi morar l\u00e1 por indica\u00e7\u00e3o da fam\u00edlia e amigos. A \u00e1rea \u00e9 bem localizada e tem f\u00e1cil acesso aos demais bairros do Rio de Janeiro. Tem transporte p\u00fablico e com\u00e9rcio funcionando por 24 horas, todos os dias da semana. A comunidade \u00e9 uma das que tem menor express\u00e3o populacional na Mar\u00e9, com menos de <\/span><a href=\"https:\/\/bit.ly\/2OjOSRP\" target=\"_blank\" rel=\"noopener\"><span style=\"font-weight: 400;\">6.000 habitantes<\/span><\/a><span style=\"font-weight: 400;\">.<\/span><\/p>\n<p><span style=\"font-weight: 400;\">Uma caracter\u00edstica da regi\u00e3o, quando surgiu, \u00e9 que era apenas para acomodar um conjunto habitacional com apartamentos e suas respectivas garagens, sem espa\u00e7o para com\u00e9rcio. A solu\u00e7\u00e3o encontrada pela popula\u00e7\u00e3o para este equ\u00edvoco no planejamento foi a ocupa\u00e7\u00e3o das margens do <a href=\"http:\/\/bit.ly\/3t92XAl\" target=\"_blank\" rel=\"noopener\">Canal do Cunha<\/a>. Ali surgiu o \u201cVala Shopping\u201d (como era conhecido na \u00e9poca), e assim surgiu a outra parte da mesma comunidade, com casas autoconstru\u00eddas, tendo com\u00e9rcio no t\u00e9rreo e as casas no pavimento de cima. Muitos desses ocupantes foram morar nas casas do Conjunto Esperan\u00e7a pela possibilidade de construir suas pr\u00f3prias moradias e trabalhar por l\u00e1.<\/span><\/p>\n<p><a href=\"https:\/\/rioonwatch.org.br\/wp-content\/uploads\/2021\/03\/Casas-autoconstrui\u0301das-as-margens-do-Rio.png\"><img loading=\"lazy\" decoding=\"async\" class=\"aligncenter wp-image-54043 size-content\" title=\"Casas autoconstrui\u0301das as margens do Rio. Foto: Aline Marieta\" src=\"https:\/\/rioonwatch.org.br\/wp-content\/uploads\/2021\/03\/Casas-autoconstrui\u0301das-as-margens-do-Rio-620x264.png\" alt=\"Casas autoconstrui\u0301das as margens do Rio. Foto: Aline Marieta\" width=\"620\" height=\"264\" srcset=\"https:\/\/rioonwatch.org.br\/wp-content\/uploads\/2021\/03\/Casas-autoconstrui\u0301das-as-margens-do-Rio-620x264.png 620w, https:\/\/rioonwatch.org.br\/wp-content\/uploads\/2021\/03\/Casas-autoconstrui\u0301das-as-margens-do-Rio-940x400.png 940w\" sizes=\"(max-width: 620px) 100vw, 620px\" \/><\/a><\/p>\n<p><span style=\"font-weight: 400;\">Um tra\u00e7o comum dessas autoconstru\u00e7\u00f5es \u00e9 que elas est\u00e3o divididas entre dois tipos de moradia: casas espa\u00e7osas e arejadas, principalmente as que ficam nos fundos dos terrenos; e kitinetes com pouco espa\u00e7o e quase nada de ventila\u00e7\u00e3o cruzada.\u00a0<\/span><\/p>\n<p><span style=\"font-weight: 400;\">A pesquisa foi feita ao longo de dez dias entre os moradores dessas duas tipologias: oito das casas autoconstru\u00eddas da favela, e oito apartamentos do conjunto origin\u00e1rio (hoje modificado pelos moradores). Foram feitas 26 perguntas, entre elas, sobre efici\u00eancia energ\u00e9tica e seus usos, para que pud\u00e9ssemos entender a realidade que eles vivem em rela\u00e7\u00e3o ao assunto.<\/span><\/p>\n<figure id=\"attachment_54005\" aria-describedby=\"caption-attachment-54005\" style=\"width: 592px\" class=\"wp-caption aligncenter\"><a href=\"https:\/\/rioonwatch.org.br\/wp-content\/uploads\/2021\/03\/Infografico-pessoas-que-pagam-luz.png\"><img loading=\"lazy\" decoding=\"async\" class=\"wp-image-54005 size-full\" title=\"Gr\u00e1fico da quantidade de pessoas que pagam luz entre os entrevistados.\" src=\"https:\/\/rioonwatch.org.br\/wp-content\/uploads\/2021\/03\/Infografico-pessoas-que-pagam-luz.png\" alt=\"\" width=\"592\" height=\"362\" \/><\/a><figcaption id=\"caption-attachment-54005\" class=\"wp-caption-text\">Gr\u00e1fico da quantidade de pessoas que pagam luz entre os entrevistados.<\/figcaption><\/figure>\n<p><span style=\"font-weight: 400;\">Das pessoas entrevistadas, pelo menos 31,3% pagam alguma taxa de energia ou pagam luz normalmente. Por\u00e9m, relatam valores absurdos em rela\u00e7\u00e3o ao consumo e servi\u00e7os prestados. Al\u00e9m disso, a quantidade de tens\u00e3o fornecida pela empresa respons\u00e1vel n\u00e3o \u00e9 suficiente para atender toda a popula\u00e7\u00e3o da Mar\u00e9, o que resulta em v\u00e1rias queixas sobre <a href=\"https:\/\/bit.ly\/2MB78VD\" target=\"_blank\" rel=\"noopener\">queda de energia e falta de luz<\/a> no ver\u00e3o.<\/span><\/p>\n<p>Existe um <span style=\"font-weight: 400;\"><a href=\"http:\/\/bit.ly\/3l92qeP\" target=\"_blank\" rel=\"noopener\">Dispositivo de Prote\u00e7\u00e3o contra Surtos (DPS)<\/a><\/span> que s\u00f3 pode ser instalado atrav\u00e9s de um aterramento. Ele \u00e9 uma prote\u00e7\u00e3o contra os surtos atmosf\u00e9ricos externos e sobrecargas el\u00e9tricas como, por exemplo, quando tem uma queda de energia. Geralmente ela volta com uma tens\u00e3o mais alta do que a normal, o que \u00e0s vezes \u00e9 suficiente para queimar os aparelhos que estiverem conectados na tomada. Mas como ambas tipologias de moradia na Mar\u00e9 foram feitas sem aterramento, fica impossibilitada a instala\u00e7\u00e3o de um DPS. Entre este e outros problemas encontrados na rede el\u00e9trica da comunidade, temos tamb\u00e9m a aus\u00eancia de instala\u00e7\u00f5es feitas de acordo com as normas de seguran\u00e7a, da <span style=\"font-weight: 400;\"><a href=\"https:\/\/bit.ly\/2NaEYS2\" target=\"_blank\" rel=\"noopener\">Associa\u00e7\u00e3o Brasileira de Normas T\u00e9cnicas (ABNT)<\/a><\/span>, tanto nos apartamentos que foram constru\u00eddos pelo Projeto Rio quanto nas autoconstru\u00e7\u00f5es.<\/p>\n<p><a href=\"https:\/\/rioonwatch.org.br\/wp-content\/uploads\/2021\/03\/Dia-de-alagamento.png\"><img loading=\"lazy\" decoding=\"async\" class=\"aligncenter wp-image-54045 size-content\" title=\"Dia de alagamento. Foto: Aline Marieta\" src=\"https:\/\/rioonwatch.org.br\/wp-content\/uploads\/2021\/03\/Dia-de-alagamento-620x264.png\" alt=\"Dia de alagamento. Foto: Aline Marieta\" width=\"620\" height=\"264\" \/><\/a><\/p>\n<p><span style=\"font-weight: 400;\">Durante a pesquisa para essa mat\u00e9ria, teve um <\/span><a href=\"http:\/\/bit.ly\/3l6Nuy4\" target=\"_blank\" rel=\"noopener\"><span style=\"font-weight: 400;\">dia de muita chuva<\/span><\/a><span style=\"font-weight: 400;\"> no Rio que al\u00e9m de alagar v\u00e1rios lugares na Mar\u00e9, foi chuva o suficiente para ter v\u00e1rias quedas de energia, o que resultou na perda de um dos meus eletrodom\u00e9sticos. Em uma consulta r\u00e1pida pelas redes sociais, constatamos que essa, infelizmente, \u00e9<\/span>\u00a0<a href=\"https:\/\/bit.ly\/3pi6c79\" target=\"_blank\" rel=\"noopener\"><span style=\"font-weight: 400;\">a realidade de muitos<\/span><\/a><span style=\"font-weight: 400;\">. Com as frequentes quedas de energia, um eletr\u00f4nico ou eletrodom\u00e9stico pode ser danificado ou dado perda total.<\/span><\/p>\n<p><span style=\"font-weight: 400;\">Mas o que isso tem a ver com a efici\u00eancia energ\u00e9tica? Tudo! Se as instala\u00e7\u00f5es fossem feitas de acordo com as normas de instala\u00e7\u00f5es el\u00e9tricas e tivesse esse DPS recomendado pela norma, a perda de produtos por este motivo n\u00e3o seria t\u00e3o frequente.<\/span><\/p>\n<figure id=\"attachment_54006\" aria-describedby=\"caption-attachment-54006\" style=\"width: 610px\" class=\"wp-caption aligncenter\"><a href=\"https:\/\/rioonwatch.org.br\/wp-content\/uploads\/2021\/03\/Infografico-Eficiencia-energetica.png\"><img loading=\"lazy\" decoding=\"async\" class=\"wp-image-54006 size-full\" title=\"Gr\u00e1fico mostrando umas das perguntas feitas aos moradores sobre efici\u00eancia energ\u00e9tica.\" src=\"https:\/\/rioonwatch.org.br\/wp-content\/uploads\/2021\/03\/Infografico-Eficiencia-energetica.png\" alt=\"\" width=\"610\" height=\"379\" srcset=\"https:\/\/rioonwatch.org.br\/wp-content\/uploads\/2021\/03\/Infografico-Eficiencia-energetica.png 610w, https:\/\/rioonwatch.org.br\/wp-content\/uploads\/2021\/03\/Infografico-Eficiencia-energetica-425x264.png 425w\" sizes=\"(max-width: 610px) 100vw, 610px\" \/><\/a><figcaption id=\"caption-attachment-54006\" class=\"wp-caption-text\">Gr\u00e1fico mostrando umas das perguntas feitas aos moradores sobre efici\u00eancia energ\u00e9tica.<\/figcaption><\/figure>\n<p><span style=\"font-weight: 400;\">Observando o urbanismo local \u00e9 f\u00e1cil identificar algumas \u00e1rvores pelas ruas e uma vasta vegeta\u00e7\u00e3o, pertencente \u00e0 extens\u00e3o do campus da <a href=\"http:\/\/bit.ly\/2WDhuUk\" target=\"_blank\" rel=\"noopener\">Fiocruz<\/a> que fica na entrada do Conjunto Esperan\u00e7a. Todavia n\u00e3o s\u00e3o suficientes para amenizar os dias e <\/span><a href=\"http:\/\/bit.ly\/1RiZS9W\"><span style=\"font-weight: 400;\">noites mais calorentas<\/span><\/a><span style=\"font-weight: 400;\">, o que faz com que 90% dos entrevistados tenham aparelhos de ar condicionado em casa e usem durante toda a noite.<\/span><\/p>\n<p><a href=\"https:\/\/rioonwatch.org.br\/wp-content\/uploads\/2021\/03\/Rua-que-separa-pre\u0301dios-das-casas-autoconstrui\u0301das.png\"><img loading=\"lazy\" decoding=\"async\" class=\"aligncenter wp-image-54044\" title=\"Rua Jos\u00e9 Moreira Pequeno, antiga 'Vala Shopping'. Foto: Aline Marieta\" src=\"https:\/\/rioonwatch.org.br\/wp-content\/uploads\/2021\/03\/Rua-que-separa-pre\u0301dios-das-casas-autoconstrui\u0301das.png\" alt=\"Rua Jos\u00e9 Moreira Pequeno, antiga 'Vala Shopping'. Foto: Aline Marieta\" width=\"620\" height=\"726\" srcset=\"https:\/\/rioonwatch.org.br\/wp-content\/uploads\/2021\/03\/Rua-que-separa-pre\u0301dios-das-casas-autoconstrui\u0301das.png 852w, https:\/\/rioonwatch.org.br\/wp-content\/uploads\/2021\/03\/Rua-que-separa-pre\u0301dios-das-casas-autoconstrui\u0301das-529x620.png 529w, https:\/\/rioonwatch.org.br\/wp-content\/uploads\/2021\/03\/Rua-que-separa-pre\u0301dios-das-casas-autoconstrui\u0301das-225x264.png 225w, https:\/\/rioonwatch.org.br\/wp-content\/uploads\/2021\/03\/Rua-que-separa-pre\u0301dios-das-casas-autoconstrui\u0301das-768x900.png 768w\" sizes=\"(max-width: 620px) 100vw, 620px\" \/><\/a><\/p>\n<p><span style=\"font-weight: 400;\">Os apartamentos que t\u00eam fachada leste, norte e oeste, s\u00e3o os que mais sofrem com o calor durante o dia. Estes ficam expostos quase o dia inteiro ao sol, principalmente os apartamentos das laterais que acabam pegando o sol da manh\u00e3 em uma parede, e o sol da tarde em outra. As casas que t\u00eam a fachada virada para a rua ficam ao noroeste e tamb\u00e9m acabam pegando mais do sol da tarde que \u00e9 o mais forte.\u00a0<\/span><\/p>\n<figure id=\"attachment_54008\" aria-describedby=\"caption-attachment-54008\" style=\"width: 620px\" class=\"wp-caption aligncenter\"><a href=\"https:\/\/rioonwatch.org.br\/wp-content\/uploads\/2021\/03\/Infografico-Iluminacao.png\"><img loading=\"lazy\" decoding=\"async\" class=\"wp-image-54008 size-medium\" title=\"Gr\u00e1fico representativo da quantidade de incid\u00eancia solar nas casas\/apartamentos da regi\u00e3o.\" src=\"https:\/\/rioonwatch.org.br\/wp-content\/uploads\/2021\/03\/Infografico-Iluminacao-620x380.png\" alt=\"\" width=\"620\" height=\"380\" srcset=\"https:\/\/rioonwatch.org.br\/wp-content\/uploads\/2021\/03\/Infografico-Iluminacao-620x380.png 620w, https:\/\/rioonwatch.org.br\/wp-content\/uploads\/2021\/03\/Infografico-Iluminacao-431x264.png 431w, https:\/\/rioonwatch.org.br\/wp-content\/uploads\/2021\/03\/Infografico-Iluminacao-768x470.png 768w, https:\/\/rioonwatch.org.br\/wp-content\/uploads\/2021\/03\/Infografico-Iluminacao.png 784w\" sizes=\"(max-width: 620px) 100vw, 620px\" \/><\/a><figcaption id=\"caption-attachment-54008\" class=\"wp-caption-text\">Gr\u00e1fico representativo da quantidade de incid\u00eancia solar nas casas\/apartamentos da regi\u00e3o.<\/figcaption><\/figure>\n<p><span style=\"font-weight: 400;\">Ao compararmos as casas autoconstru\u00eddas com os apartamentos, deparamos com um ponto importante de compara\u00e7\u00e3o: apesar de tamb\u00e9m terem bastante incid\u00eancia solar, geralmente as casas t\u00eam uma boa ventila\u00e7\u00e3o cruzada e ambientes mais amplos do que os apartamentos, que permitem a circula\u00e7\u00e3o do vento. Elas t\u00eam um conforto t\u00e9rmico melhor, principalmente nas casas constru\u00eddas nos t\u00e9rreos e nos fundos dos terrenos.\u00a0<\/span><\/p>\n<p><span style=\"font-weight: 400;\">Algumas coisas poderiam ser feitas para melhorar a sensa\u00e7\u00e3o t\u00e9rmica e, consequentemente a qualidade de vida, dos moradores das autoconstru\u00e7\u00f5es e apartamentos no Conjunto Esperan\u00e7a na Mar\u00e9. A planta\u00e7\u00e3o de \u00e1rvores ao redor dos pr\u00e9dios, uso de brise ou \u201ccortinas\u201d de plantas nas janelas das fachadas, e o cultivo de plantas dentro de casa mesmo ajudariam. Uma outra solu\u00e7\u00e3o de grande valia e com experi\u00eancia <a href=\"http:\/\/bit.ly\/3rKu83R\" target=\"_blank\" rel=\"noopener\">j\u00e1 comprovada na regi\u00e3o<\/a>, \u00e9 o <\/span><span style=\"font-weight: 400;\">teto verde<\/span><span style=\"font-weight: 400;\">. O uso de vegeta\u00e7\u00e3o nos telhados reduziria a sensa\u00e7\u00e3o t\u00e9rmica, e tamb\u00e9m purificaria o ar, al\u00e9m de diminuir consideravelmente o consumo de energia. No telhado verde tamb\u00e9m seria poss\u00edvel fazer uma <a href=\"http:\/\/bit.ly\/3eaHjEV\" target=\"_blank\" rel=\"noopener\">horta periurbana<\/a>, que \u00e9 quando se planta hortali\u00e7as e sementes nos meios perif\u00e9ricos. Mesmo estando no meio de uma favela, ter\u00edamos excelentes espa\u00e7os de intera\u00e7\u00e3o com a possibilidade de colheita e de desfrutar o clima de natureza.<\/span><\/p>\n<p><em>Sobre a artista:\u00a0<a href=\"https:\/\/bit.ly\/3hw17Vu\" target=\"_blank\" rel=\"noopener\">Raquel Batista<\/a>\u00a0\u00e9 artista visual e\u00a0<a href=\"https:\/\/bit.ly\/2WWA8Jd\" target=\"_blank\" rel=\"noopener\">trabalha como fot\u00f3grafa<\/a>\u00a0e\u00a0<a href=\"https:\/\/bit.ly\/2JzGE5K\" target=\"_blank\" rel=\"noopener\">ilustradora<\/a>. \u00c9 estudante na Escola de Belas Artes da\u00a0<a href=\"http:\/\/bit.ly\/2KgADIe\" target=\"_blank\" rel=\"noopener\">UFRJ<\/a>, mulher negra e moradora da\u00a0<a href=\"http:\/\/bit.ly\/2x3k8bw\" target=\"_blank\" rel=\"noopener\">Zona Oeste<\/a>\u00a0do Rio.\u00a0<\/em><\/p>\n<p><em>Sobre a escritora: Aline Marieta, 32 anos, \u00e9 arquiteta e urbanista. Nascida em <a href=\"http:\/\/bit.ly\/2RR28KT\" target=\"_blank\" rel=\"noopener\">S\u00e3o Paulo<\/a>, foi criada nas favelas da Zona Norte do Rio e hoje mora no Complexo da Mar\u00e9. \u00c9 criadora do <a href=\"http:\/\/bit.ly\/3qAo7Wp\" target=\"_blank\" rel=\"noopener\">@edificandodecoracao<\/a> e membro do coletivo <a href=\"http:\/\/bit.ly\/2IrPdgy\" target=\"_blank\" rel=\"noopener\">Eco Mar\u00e9<\/a>, que visa levar para a favela a tem\u00e1tica ambiental e conscientizar os moradores sobre a import\u00e2ncia desse tema.<\/em><\/p>\n<p><em>Esta pesquisa faz parte de uma\u00a0<a href=\"http:\/\/bit.ly\/JusticaEnergeticaNasFavelas\" target=\"_blank\" rel=\"noopener\">s\u00e9rie sobre justi\u00e7a e efici\u00eancia energ\u00e9tica nas favelas<\/a> do Rio. Para contribuir com esta pauta, <a href=\"https:\/\/bit.ly\/PautasEnergia\" target=\"_blank\" rel=\"noopener\">clique aqui<\/a>.<\/em><\/p>\n<hr \/>\n<h4><strong>Apoie nossos esfor\u00e7os para fornecer assist\u00eancia estrat\u00e9gica \u00e0s favelas do Rio, incluindo o jornalismo hiperlocal, cr\u00edtico, inovador e incans\u00e1vel do\u00a0<em>RioOnWatch<\/em><\/strong>\u2014<a href=\"http:\/\/bit.ly\/CatalisandoComunidades\">doe aqui<\/a>.<\/h4>\n<!-- AddThis Advanced Settings generic via filter on the_content --><!-- AddThis Share Buttons generic via filter on the_content -->","protected":false},"excerpt":{"rendered":"<div class=\"mh-excerpt\"><p>Click Here for English Esta pesquisa faz parte de uma\u00a0s\u00e9rie sobre justi\u00e7a e efici\u00eancia energ\u00e9tica nas favelas do Rio. Voc\u00ea j\u00e1 ouviu falar em efici\u00eancia energ\u00e9tica? Essa foi uma das principais perguntas feitas aos moradores <a class=\"mh-excerpt-more\" href=\"https:\/\/rioonwatch.org.br\/?p=53983\" title=\"Efici\u00eancia Energ\u00e9tica: Nunca Vi, Nem Comi e Muito Menos Ouvi Falar!\">[&#8230;]<\/a><!-- AddThis Advanced Settings generic via filter on get_the_excerpt --><!-- AddThis Share Buttons generic via filter on get_the_excerpt --><\/p>\n<\/div>","protected":false},"author":129,"featured_media":54000,"comment_status":"closed","ping_status":"closed","sticky":false,"template":"","format":"standard","meta":{"_acf_changed":false,"_monsterinsights_skip_tracking":false,"_monsterinsights_sitenote_active":false,"_monsterinsights_sitenote_note":"","_monsterinsights_sitenote_category":0,"footnotes":""},"categories":[1857,2323,1621,1632,1625,1639],"tags":[332,1481,561,1998,2146,1148,1523,635,349,588,2155,1107,180,998,2289,2970,404,1441,2193,218],"writer":[3018],"translator":[],"source":[],"ilustrador":[3101],"fotografo":[],"class_list":{"0":"post-53983","1":"post","2":"type-post","3":"status-publish","4":"format-standard","5":"has-post-thumbnail","7":"category-olhonaurbanizacao","8":"category-urbanismopopular","9":"category-destaque","10":"category-pesquisa-e-analise","11":"category-por-correspondentes-comunitarios","12":"category-sustentabilidade","13":"tag-complexo-da-mare","14":"tag-conjunto-esperanca","15":"tag-eletricidade","16":"tag-energia-solar","17":"tag-fiocruz","18":"tag-ilhas-de-calor","19":"tag-instituto-pereira-passos-ipp","20":"tag-light","21":"tag-parque-uniao","22":"tag-pesquisa","23":"tag-projeto-rio","24":"tag-redes-da-mare","25":"tag-santa-marta","26":"tag-sao-paulo","27":"tag-serie","28":"tag-serie-justica-energetica","29":"tag-sustentabilidade","30":"tag-teto-verde","31":"tag-ufrj","32":"tag-zona-norte","33":"writer-aline-marieta","34":"ilustrador-raquel-batista"},"acf":[],"yoast_head":"<!-- This site is optimized with the Yoast SEO plugin v25.6 - https:\/\/yoast.com\/wordpress\/plugins\/seo\/ -->\n<title>Efici\u00eancia Energ\u00e9tica: Nunca Vi, Nem Comi e Muito Menos Ouvi Falar! - RioOnWatch<\/title>\n<meta name=\"robots\" content=\"index, follow, max-snippet:-1, max-image-preview:large, max-video-preview:-1\" \/>\n<link rel=\"canonical\" href=\"https:\/\/rioonwatch.org.br\/?p=53983\" \/>\n<meta property=\"og:locale\" content=\"pt_BR\" \/>\n<meta property=\"og:type\" content=\"article\" \/>\n<meta property=\"og:title\" content=\"Efici\u00eancia Energ\u00e9tica: Nunca Vi, Nem Comi e Muito Menos Ouvi Falar! - RioOnWatch\" \/>\n<meta property=\"og:description\" content=\"Click Here for English Esta pesquisa faz parte de uma\u00a0s\u00e9rie sobre justi\u00e7a e efici\u00eancia energ\u00e9tica nas favelas do Rio. Voc\u00ea j\u00e1 ouviu falar em efici\u00eancia energ\u00e9tica? Essa foi uma das principais perguntas feitas aos moradores [...]\" \/>\n<meta property=\"og:url\" content=\"https:\/\/rioonwatch.org.br\/?p=53983\" \/>\n<meta property=\"og:site_name\" content=\"RioOnWatch\" \/>\n<meta property=\"article:published_time\" content=\"2021-03-13T21:47:40+00:00\" \/>\n<meta property=\"article:modified_time\" content=\"2021-10-19T22:25:48+00:00\" \/>\n<meta property=\"og:image\" content=\"https:\/\/rioonwatch.org.br\/wp-content\/uploads\/2021\/03\/Eficiencia-energetica-1030x439.png\" \/>\n\t<meta property=\"og:image:width\" content=\"1030\" \/>\n\t<meta property=\"og:image:height\" content=\"439\" \/>\n\t<meta property=\"og:image:type\" content=\"image\/png\" \/>\n<meta name=\"author\" content=\"Admin\" \/>\n<meta name=\"twitter:card\" content=\"summary_large_image\" \/>\n<meta name=\"twitter:label1\" content=\"Escrito por\" \/>\n\t<meta name=\"twitter:data1\" content=\"Admin\" \/>\n\t<meta name=\"twitter:label2\" content=\"Est. tempo de leitura\" \/>\n\t<meta name=\"twitter:data2\" content=\"12 minutos\" \/>\n<script type=\"application\/ld+json\" class=\"yoast-schema-graph\">{\"@context\":\"https:\/\/schema.org\",\"@graph\":[{\"@type\":\"Article\",\"@id\":\"https:\/\/rioonwatch.org.br\/?p=53983#article\",\"isPartOf\":{\"@id\":\"https:\/\/rioonwatch.org.br\/?p=53983\"},\"author\":{\"name\":\"Admin\",\"@id\":\"https:\/\/rioonwatch.org.br\/#\/schema\/person\/11d64c290506f9df50c71b850c473f68\"},\"headline\":\"Efici\u00eancia Energ\u00e9tica: Nunca Vi, Nem Comi e Muito Menos Ouvi Falar!\",\"datePublished\":\"2021-03-13T21:47:40+00:00\",\"dateModified\":\"2021-10-19T22:25:48+00:00\",\"mainEntityOfPage\":{\"@id\":\"https:\/\/rioonwatch.org.br\/?p=53983\"},\"wordCount\":2309,\"publisher\":{\"@id\":\"https:\/\/rioonwatch.org.br\/#organization\"},\"image\":{\"@id\":\"https:\/\/rioonwatch.org.br\/?p=53983#primaryimage\"},\"thumbnailUrl\":\"https:\/\/rioonwatch.org.br\/wp-content\/uploads\/2021\/03\/Eficiencia-energetica.png\",\"keywords\":[\"Complexo da Mar\u00e9\",\"Conjunto Esperan\u00e7a\",\"eletricidade\",\"energia solar\",\"Fiocruz\",\"Ilhas de Calor\",\"Instituto Pereira Passos (IPP)\",\"Light\",\"Parque Uni\u00e3o\",\"pesquisa\",\"Projeto Rio\",\"Redes da Mar\u00e9\",\"Santa Marta\",\"S\u00e3o Paulo\",\"S\u00e9rie\",\"S\u00e9rie: Justi\u00e7a Energ\u00e9tica\",\"sustentabilidade\",\"teto verde\",\"UFRJ\",\"Zona Norte\"],\"articleSection\":[\"#OlhoNaUrbaniza\u00e7\u00e3o\",\"#UrbanismoPopular\",\"*Destaque\",\"Dados e Pesquisa\",\"Escrito por Comunicadores Populares\",\"Sustentabilidade\"],\"inLanguage\":\"pt-BR\"},{\"@type\":\"WebPage\",\"@id\":\"https:\/\/rioonwatch.org.br\/?p=53983\",\"url\":\"https:\/\/rioonwatch.org.br\/?p=53983\",\"name\":\"Efici\u00eancia Energ\u00e9tica: Nunca Vi, Nem Comi e Muito Menos Ouvi Falar! - RioOnWatch\",\"isPartOf\":{\"@id\":\"https:\/\/rioonwatch.org.br\/#website\"},\"primaryImageOfPage\":{\"@id\":\"https:\/\/rioonwatch.org.br\/?p=53983#primaryimage\"},\"image\":{\"@id\":\"https:\/\/rioonwatch.org.br\/?p=53983#primaryimage\"},\"thumbnailUrl\":\"https:\/\/rioonwatch.org.br\/wp-content\/uploads\/2021\/03\/Eficiencia-energetica.png\",\"datePublished\":\"2021-03-13T21:47:40+00:00\",\"dateModified\":\"2021-10-19T22:25:48+00:00\",\"breadcrumb\":{\"@id\":\"https:\/\/rioonwatch.org.br\/?p=53983#breadcrumb\"},\"inLanguage\":\"pt-BR\",\"potentialAction\":[{\"@type\":\"ReadAction\",\"target\":[\"https:\/\/rioonwatch.org.br\/?p=53983\"]}]},{\"@type\":\"ImageObject\",\"inLanguage\":\"pt-BR\",\"@id\":\"https:\/\/rioonwatch.org.br\/?p=53983#primaryimage\",\"url\":\"https:\/\/rioonwatch.org.br\/wp-content\/uploads\/2021\/03\/Eficiencia-energetica.png\",\"contentUrl\":\"https:\/\/rioonwatch.org.br\/wp-content\/uploads\/2021\/03\/Eficiencia-energetica.png\",\"width\":4960,\"height\":2112,\"caption\":\"Arte original por Raquel Batista\"},{\"@type\":\"BreadcrumbList\",\"@id\":\"https:\/\/rioonwatch.org.br\/?p=53983#breadcrumb\",\"itemListElement\":[{\"@type\":\"ListItem\",\"position\":1,\"name\":\"In\u00edcio\",\"item\":\"https:\/\/rioonwatch.org.br\/\"},{\"@type\":\"ListItem\",\"position\":2,\"name\":\"Efici\u00eancia Energ\u00e9tica: Nunca Vi, Nem Comi e Muito Menos Ouvi Falar!\"}]},{\"@type\":\"WebSite\",\"@id\":\"https:\/\/rioonwatch.org.br\/#website\",\"url\":\"https:\/\/rioonwatch.org.br\/\",\"name\":\"RioOnWatch\",\"description\":\"relatos das favelas cariocas\",\"publisher\":{\"@id\":\"https:\/\/rioonwatch.org.br\/#organization\"},\"potentialAction\":[{\"@type\":\"SearchAction\",\"target\":{\"@type\":\"EntryPoint\",\"urlTemplate\":\"https:\/\/rioonwatch.org.br\/?s={search_term_string}\"},\"query-input\":{\"@type\":\"PropertyValueSpecification\",\"valueRequired\":true,\"valueName\":\"search_term_string\"}}],\"inLanguage\":\"pt-BR\"},{\"@type\":\"Organization\",\"@id\":\"https:\/\/rioonwatch.org.br\/#organization\",\"name\":\"RioOnWatch\",\"url\":\"https:\/\/rioonwatch.org.br\/\",\"logo\":{\"@type\":\"ImageObject\",\"inLanguage\":\"pt-BR\",\"@id\":\"https:\/\/rioonwatch.org.br\/#\/schema\/logo\/image\/\",\"url\":\"https:\/\/rioonwatch.org.br\/wp-content\/uploads\/2021\/06\/RioOnWatchcabecalhoPT11anos-2.png\",\"contentUrl\":\"https:\/\/rioonwatch.org.br\/wp-content\/uploads\/2021\/06\/RioOnWatchcabecalhoPT11anos-2.png\",\"width\":779,\"height\":277,\"caption\":\"RioOnWatch\"},\"image\":{\"@id\":\"https:\/\/rioonwatch.org.br\/#\/schema\/logo\/image\/\"}},{\"@type\":\"Person\",\"@id\":\"https:\/\/rioonwatch.org.br\/#\/schema\/person\/11d64c290506f9df50c71b850c473f68\",\"name\":\"Admin\",\"image\":{\"@type\":\"ImageObject\",\"inLanguage\":\"pt-BR\",\"@id\":\"https:\/\/rioonwatch.org.br\/#\/schema\/person\/image\/\",\"url\":\"https:\/\/secure.gravatar.com\/avatar\/56211ac74568383903349a1485e3c325?s=96&d=blank&r=g\",\"contentUrl\":\"https:\/\/secure.gravatar.com\/avatar\/56211ac74568383903349a1485e3c325?s=96&d=blank&r=g\",\"caption\":\"Admin\"},\"url\":\"https:\/\/rioonwatch.org.br\/?author=129\"}]}<\/script>\n<!-- \/ Yoast SEO plugin. -->","yoast_head_json":{"title":"Efici\u00eancia Energ\u00e9tica: Nunca Vi, Nem Comi e Muito Menos Ouvi Falar! - RioOnWatch","robots":{"index":"index","follow":"follow","max-snippet":"max-snippet:-1","max-image-preview":"max-image-preview:large","max-video-preview":"max-video-preview:-1"},"canonical":"https:\/\/rioonwatch.org.br\/?p=53983","og_locale":"pt_BR","og_type":"article","og_title":"Efici\u00eancia Energ\u00e9tica: Nunca Vi, Nem Comi e Muito Menos Ouvi Falar! - RioOnWatch","og_description":"Click Here for English Esta pesquisa faz parte de uma\u00a0s\u00e9rie sobre justi\u00e7a e efici\u00eancia energ\u00e9tica nas favelas do Rio. Voc\u00ea j\u00e1 ouviu falar em efici\u00eancia energ\u00e9tica? Essa foi uma das principais perguntas feitas aos moradores [...]","og_url":"https:\/\/rioonwatch.org.br\/?p=53983","og_site_name":"RioOnWatch","article_published_time":"2021-03-13T21:47:40+00:00","article_modified_time":"2021-10-19T22:25:48+00:00","og_image":[{"width":1030,"height":439,"url":"https:\/\/rioonwatch.org.br\/wp-content\/uploads\/2021\/03\/Eficiencia-energetica-1030x439.png","type":"image\/png"}],"author":"Admin","twitter_card":"summary_large_image","twitter_misc":{"Escrito por":"Admin","Est. tempo de leitura":"12 minutos"},"schema":{"@context":"https:\/\/schema.org","@graph":[{"@type":"Article","@id":"https:\/\/rioonwatch.org.br\/?p=53983#article","isPartOf":{"@id":"https:\/\/rioonwatch.org.br\/?p=53983"},"author":{"name":"Admin","@id":"https:\/\/rioonwatch.org.br\/#\/schema\/person\/11d64c290506f9df50c71b850c473f68"},"headline":"Efici\u00eancia Energ\u00e9tica: Nunca Vi, Nem Comi e Muito Menos Ouvi Falar!","datePublished":"2021-03-13T21:47:40+00:00","dateModified":"2021-10-19T22:25:48+00:00","mainEntityOfPage":{"@id":"https:\/\/rioonwatch.org.br\/?p=53983"},"wordCount":2309,"publisher":{"@id":"https:\/\/rioonwatch.org.br\/#organization"},"image":{"@id":"https:\/\/rioonwatch.org.br\/?p=53983#primaryimage"},"thumbnailUrl":"https:\/\/rioonwatch.org.br\/wp-content\/uploads\/2021\/03\/Eficiencia-energetica.png","keywords":["Complexo da Mar\u00e9","Conjunto Esperan\u00e7a","eletricidade","energia solar","Fiocruz","Ilhas de Calor","Instituto Pereira Passos (IPP)","Light","Parque Uni\u00e3o","pesquisa","Projeto Rio","Redes da Mar\u00e9","Santa Marta","S\u00e3o Paulo","S\u00e9rie","S\u00e9rie: Justi\u00e7a Energ\u00e9tica","sustentabilidade","teto verde","UFRJ","Zona Norte"],"articleSection":["#OlhoNaUrbaniza\u00e7\u00e3o","#UrbanismoPopular","*Destaque","Dados e Pesquisa","Escrito por Comunicadores Populares","Sustentabilidade"],"inLanguage":"pt-BR"},{"@type":"WebPage","@id":"https:\/\/rioonwatch.org.br\/?p=53983","url":"https:\/\/rioonwatch.org.br\/?p=53983","name":"Efici\u00eancia Energ\u00e9tica: Nunca Vi, Nem Comi e Muito Menos Ouvi Falar! - RioOnWatch","isPartOf":{"@id":"https:\/\/rioonwatch.org.br\/#website"},"primaryImageOfPage":{"@id":"https:\/\/rioonwatch.org.br\/?p=53983#primaryimage"},"image":{"@id":"https:\/\/rioonwatch.org.br\/?p=53983#primaryimage"},"thumbnailUrl":"https:\/\/rioonwatch.org.br\/wp-content\/uploads\/2021\/03\/Eficiencia-energetica.png","datePublished":"2021-03-13T21:47:40+00:00","dateModified":"2021-10-19T22:25:48+00:00","breadcrumb":{"@id":"https:\/\/rioonwatch.org.br\/?p=53983#breadcrumb"},"inLanguage":"pt-BR","potentialAction":[{"@type":"ReadAction","target":["https:\/\/rioonwatch.org.br\/?p=53983"]}]},{"@type":"ImageObject","inLanguage":"pt-BR","@id":"https:\/\/rioonwatch.org.br\/?p=53983#primaryimage","url":"https:\/\/rioonwatch.org.br\/wp-content\/uploads\/2021\/03\/Eficiencia-energetica.png","contentUrl":"https:\/\/rioonwatch.org.br\/wp-content\/uploads\/2021\/03\/Eficiencia-energetica.png","width":4960,"height":2112,"caption":"Arte original por Raquel Batista"},{"@type":"BreadcrumbList","@id":"https:\/\/rioonwatch.org.br\/?p=53983#breadcrumb","itemListElement":[{"@type":"ListItem","position":1,"name":"In\u00edcio","item":"https:\/\/rioonwatch.org.br\/"},{"@type":"ListItem","position":2,"name":"Efici\u00eancia Energ\u00e9tica: Nunca Vi, Nem Comi e Muito Menos Ouvi Falar!"}]},{"@type":"WebSite","@id":"https:\/\/rioonwatch.org.br\/#website","url":"https:\/\/rioonwatch.org.br\/","name":"RioOnWatch","description":"relatos das favelas cariocas","publisher":{"@id":"https:\/\/rioonwatch.org.br\/#organization"},"potentialAction":[{"@type":"SearchAction","target":{"@type":"EntryPoint","urlTemplate":"https:\/\/rioonwatch.org.br\/?s={search_term_string}"},"query-input":{"@type":"PropertyValueSpecification","valueRequired":true,"valueName":"search_term_string"}}],"inLanguage":"pt-BR"},{"@type":"Organization","@id":"https:\/\/rioonwatch.org.br\/#organization","name":"RioOnWatch","url":"https:\/\/rioonwatch.org.br\/","logo":{"@type":"ImageObject","inLanguage":"pt-BR","@id":"https:\/\/rioonwatch.org.br\/#\/schema\/logo\/image\/","url":"https:\/\/rioonwatch.org.br\/wp-content\/uploads\/2021\/06\/RioOnWatchcabecalhoPT11anos-2.png","contentUrl":"https:\/\/rioonwatch.org.br\/wp-content\/uploads\/2021\/06\/RioOnWatchcabecalhoPT11anos-2.png","width":779,"height":277,"caption":"RioOnWatch"},"image":{"@id":"https:\/\/rioonwatch.org.br\/#\/schema\/logo\/image\/"}},{"@type":"Person","@id":"https:\/\/rioonwatch.org.br\/#\/schema\/person\/11d64c290506f9df50c71b850c473f68","name":"Admin","image":{"@type":"ImageObject","inLanguage":"pt-BR","@id":"https:\/\/rioonwatch.org.br\/#\/schema\/person\/image\/","url":"https:\/\/secure.gravatar.com\/avatar\/56211ac74568383903349a1485e3c325?s=96&d=blank&r=g","contentUrl":"https:\/\/secure.gravatar.com\/avatar\/56211ac74568383903349a1485e3c325?s=96&d=blank&r=g","caption":"Admin"},"url":"https:\/\/rioonwatch.org.br\/?author=129"}]}},"_links":{"self":[{"href":"https:\/\/rioonwatch.org.br\/index.php?rest_route=\/wp\/v2\/posts\/53983"}],"collection":[{"href":"https:\/\/rioonwatch.org.br\/index.php?rest_route=\/wp\/v2\/posts"}],"about":[{"href":"https:\/\/rioonwatch.org.br\/index.php?rest_route=\/wp\/v2\/types\/post"}],"author":[{"embeddable":true,"href":"https:\/\/rioonwatch.org.br\/index.php?rest_route=\/wp\/v2\/users\/129"}],"replies":[{"embeddable":true,"href":"https:\/\/rioonwatch.org.br\/index.php?rest_route=%2Fwp%2Fv2%2Fcomments&post=53983"}],"version-history":[{"count":24,"href":"https:\/\/rioonwatch.org.br\/index.php?rest_route=\/wp\/v2\/posts\/53983\/revisions"}],"predecessor-version":[{"id":56945,"href":"https:\/\/rioonwatch.org.br\/index.php?rest_route=\/wp\/v2\/posts\/53983\/revisions\/56945"}],"wp:featuredmedia":[{"embeddable":true,"href":"https:\/\/rioonwatch.org.br\/index.php?rest_route=\/wp\/v2\/media\/54000"}],"wp:attachment":[{"href":"https:\/\/rioonwatch.org.br\/index.php?rest_route=%2Fwp%2Fv2%2Fmedia&parent=53983"}],"wp:term":[{"taxonomy":"category","embeddable":true,"href":"https:\/\/rioonwatch.org.br\/index.php?rest_route=%2Fwp%2Fv2%2Fcategories&post=53983"},{"taxonomy":"post_tag","embeddable":true,"href":"https:\/\/rioonwatch.org.br\/index.php?rest_route=%2Fwp%2Fv2%2Ftags&post=53983"},{"taxonomy":"writer","embeddable":true,"href":"https:\/\/rioonwatch.org.br\/index.php?rest_route=%2Fwp%2Fv2%2Fwriter&post=53983"},{"taxonomy":"translator","embeddable":true,"href":"https:\/\/rioonwatch.org.br\/index.php?rest_route=%2Fwp%2Fv2%2Ftranslator&post=53983"},{"taxonomy":"source","embeddable":true,"href":"https:\/\/rioonwatch.org.br\/index.php?rest_route=%2Fwp%2Fv2%2Fsource&post=53983"},{"taxonomy":"ilustrador","embeddable":true,"href":"https:\/\/rioonwatch.org.br\/index.php?rest_route=%2Fwp%2Fv2%2Filustrador&post=53983"},{"taxonomy":"fotografo","embeddable":true,"href":"https:\/\/rioonwatch.org.br\/index.php?rest_route=%2Fwp%2Fv2%2Ffotografo&post=53983"}],"curies":[{"name":"wp","href":"https:\/\/api.w.org\/{rel}","templated":true}]}}