{"id":54103,"date":"2021-03-24T18:19:08","date_gmt":"2021-03-24T21:19:08","guid":{"rendered":"https:\/\/rioonwatch.org.br\/?p=54103"},"modified":"2024-05-24T12:31:13","modified_gmt":"2024-05-24T15:31:13","slug":"marielle-franco-presente-ao-redor-do-mundo-nao-serei-interrompida","status":"publish","type":"post","link":"https:\/\/rioonwatch.org.br\/?p=54103","title":{"rendered":"Marielle Franco Presente Ao Redor do Mundo: &#8216;N\u00e3o Serei Interrompida!&#8217;"},"content":{"rendered":"<p style=\"text-align: right;\"><em><strong><a href=\"https:\/\/bit.ly\/3srpDv0\" target=\"_blank\" rel=\"noopener noreferrer\">Click Here for English<\/a><a href=\"https:\/\/bit.ly\/3srpDv0\" target=\"_blank\" rel=\"noopener noreferrer\"><img decoding=\"async\" class=\"alignright wp-image-15790\" src=\"http:\/\/rioonwatch.org.br\/wp-content\/uploads\/2012\/08\/EN-standard-e1439583104716.jpg\" alt=\"\" width=\"20\" height=\"20\" \/><\/a><\/strong>\u00a0<\/em><\/p>\n<blockquote>\n<article id=\"c-news\" class=\"c-news\" role=\"main\"><em>&#8220;H\u00e1 uma dor que n\u00e3o cessa na cidade carioca, ocasionada pela viol\u00eancia contra a democracia que afetou a muitos. Na rua cujo nome remete ao falecido l\u00edder m\u00e1ximo cat\u00f3lico, Jo\u00e3o Paulo Primeiro, a Vereadora <a href=\"http:\/\/bit.ly\/2ZubT41\" target=\"_blank\" rel=\"noopener\">Marielle Franco<\/a> teve sua vida subtra\u00edda do conv\u00edvio dos seus, em vil ato que buscou, sobremaneira, calar sua voz. Se na ocasi\u00e3o a per\u00edcia contou todas as balas poss\u00edveis que perfuraram o carro em que estava, conduzido pelo motorista <a href=\"http:\/\/bit.ly\/2VNDP1f\" target=\"_blank\" rel=\"noopener\">Anderson Gomes<\/a> que foi igualmente retirado da vida, imposs\u00edvel foi o c\u00e1lculo de todas as pessoas atingidas e que, no comum da mesma dor, ergueram suas vozes em um s\u00f3 coro por justi\u00e7a: quem mandou matar?<\/em>&#8221; \u2014 <em>H\u00e9rcules da Silva Xavier Ferreira<\/em><\/article>\n<\/blockquote>\n<article role=\"main\"><\/article>\n<article role=\"main\"><\/article>\n<p>Depois de tr\u00eas anos, ainda n\u00e3o temos a resposta para esse crime. Quem mandou matar Marielle Franco? E por qu\u00ea? O texto de H\u00e9rcules da Silva Xavier Ferreira que abre o verbete &#8220;<a href=\"https:\/\/bit.ly\/3vH1GCr\">Mapeamento das homenagens a Marielle Franco<\/a>&#8220;, do <a href=\"https:\/\/bit.ly\/2RFI3sp\">Dicion\u00e1rio de Favelas Marielle Franco<\/a>\u2014plataforma virtual de acesso p\u00fablico para a cole\u00e7\u00e3o e produ\u00e7\u00e3o de conhecimentos sobre favelas\u2014segue sendo atual, infelizmente. \u00c9 tamb\u00e9m uma s\u00edntese do sentimento que ecoa pelas cidades: Rio de Janeiro, S\u00e3o Paulo, Buenos Aires, Berlim, Lisboa, Paris, Floren\u00e7a, Amsterd\u00e3, Washington, D.C&#8230; e muitos outros lugares espalhados por tantas cidades do mundo, que guardam em algum lugar uma homenagem para essa filha do <a href=\"http:\/\/bit.ly\/2K1s59x\" target=\"_blank\" rel=\"noopener\">Complexo da Mar\u00e9<\/a>, que ousou &#8220;n\u00e3o ser interrompida&#8221; na sua resist\u00eancia e luta pelo direito \u00e0 favela.<\/p>\n<p><a href=\"https:\/\/rioonwatch.org.br\/wp-content\/uploads\/2021\/03\/Beth-Santos_Prefeitura-do-Rio.jpg\"><img fetchpriority=\"high\" decoding=\"async\" class=\"aligncenter wp-image-54142 size-content\" title=\"Foto: Beth Santos \/ Prefeitura do Rio\" src=\"https:\/\/rioonwatch.org.br\/wp-content\/uploads\/2021\/03\/Beth-Santos_Prefeitura-do-Rio-620x264.jpg\" alt=\"Foto: Beth Santos \/ Prefeitura do Rio\" width=\"620\" height=\"264\" \/><\/a><\/p>\n<p>Do Brasil aos Estados Unidos, da Am\u00e9rica Latina \u00e0 Europa, todos gritam juntos por justi\u00e7a. Mas, no Rio de Janeiro, cidade em que a Marielle nasceu e foi criada, somente depois de tr\u00eas anos, a Prefeitura do Rio de Janeiro <a href=\"http:\/\/bit.ly\/30ZxrZr\" target=\"_blank\" rel=\"noopener\">inaugurou uma placa em homenagem \u00e0 vereadora<\/a> na Cinel\u00e2ndia, em frente \u00e0 <a href=\"http:\/\/bit.ly\/2P7wf3I\" target=\"_blank\" rel=\"noopener\">C\u00e2mara dos Vereadores<\/a>, no dia em que sua morte completou tr\u00eas anos. Na placa, h\u00e1 as seguintes frases: &#8220;Mulher negra, favelada, LGBT e defensora dos direitos humanos. Brutalmente assassinada em 14 de mar\u00e7o de 2018 por lutar por uma sociedade mais justa&#8221;.<\/p>\n<article class=\"c-news\" role=\"main\">\n<div class=\"mc-column content-text active-extra-styles \" data-block-type=\"unstyled\" data-block-weight=\"24\" data-block-id=\"5\">\n<p data-track-category=\"Link no Texto\" data-track-links=\"\"><a href=\"https:\/\/rioonwatch.org.br\/wp-content\/uploads\/2021\/03\/A-familia-de-Marielle-esteve-presente-na-homenagem-\u2013-Beth-Santos-_Prefeitura-do-Rio.jpg\"><img decoding=\"async\" class=\"aligncenter wp-image-54141\" title=\"A fam\u00edlia de Marielle esteve presente na homenagem. Foto: Beth Santos \/ Prefeitura do Rio\" src=\"https:\/\/rioonwatch.org.br\/wp-content\/uploads\/2021\/03\/A-familia-de-Marielle-esteve-presente-na-homenagem-\u2013-Beth-Santos-_Prefeitura-do-Rio.jpg\" alt=\"\" width=\"620\" height=\"473\" srcset=\"https:\/\/rioonwatch.org.br\/wp-content\/uploads\/2021\/03\/A-familia-de-Marielle-esteve-presente-na-homenagem-\u2013-Beth-Santos-_Prefeitura-do-Rio.jpg 768w, https:\/\/rioonwatch.org.br\/wp-content\/uploads\/2021\/03\/A-familia-de-Marielle-esteve-presente-na-homenagem-\u2013-Beth-Santos-_Prefeitura-do-Rio-620x473.jpg 620w, https:\/\/rioonwatch.org.br\/wp-content\/uploads\/2021\/03\/A-familia-de-Marielle-esteve-presente-na-homenagem-\u2013-Beth-Santos-_Prefeitura-do-Rio-346x264.jpg 346w, https:\/\/rioonwatch.org.br\/wp-content\/uploads\/2021\/03\/A-familia-de-Marielle-esteve-presente-na-homenagem-\u2013-Beth-Santos-_Prefeitura-do-Rio-70x53.jpg 70w\" sizes=\"(max-width: 620px) 100vw, 620px\" \/><\/a><\/p>\n<\/div>\n<p>Participaram do ato familiares de Marielle (filha, pais e <a href=\"http:\/\/bit.ly\/3v29oXz\" target=\"_blank\" rel=\"noopener\">irm\u00e3<\/a>), o Prefeito <a href=\"http:\/\/bit.ly\/2H9hSrV\" target=\"_blank\" rel=\"noopener\">Eduardo Paes<\/a> e o Deputado Federal <a href=\"http:\/\/bit.ly\/2P2niW1\" target=\"_blank\" rel=\"noopener\">Marcelo Freixo<\/a>. Ao redor do mundo, a defensora dos direitos humanos, bissexual, negra e cria do Complexo da Mar\u00e9, \u00e9 homenageada desde <a href=\"https:\/\/bit.ly\/39vim5v\" target=\"_blank\" rel=\"noopener\">sua morte<\/a>.<\/p>\n<p>&#8220;Acho incr\u00edvel todas as homenagens porque fortalecem a gente a seguir essa luta e mostra que estamos do lado certo da hist\u00f3ria. \u00c9 uma luta pela mem\u00f3ria dela, por justi\u00e7a e para que a democracia brasileira fique reconhecida n\u00e3o pela impunidade, mas pelo lado certo da hist\u00f3ria. \u00c9 uma luta muito importante para mim. O reconhecimento do <a href=\"https:\/\/bit.ly\/34LUo5s\" target=\"_blank\" rel=\"noopener\">Instituto<\/a> [Marielle Franco] e as homenagens em si v\u00eam como for\u00e7a e prova de que esse legado n\u00e3o \u00e9 s\u00f3 nosso, ele \u00e9 coletivo e gigante como ela&#8221;, afirma Anielle Franco.<\/p>\n<p>Marielle Franco e o motorista Anderson Gomes <a href=\"https:\/\/glo.bo\/3tJh5Ao\" target=\"_blank\" rel=\"noopener\">foram assassinados a tiros<\/a> na noite de 14 de mar\u00e7o de 2018, quando a parlamentar saiu de uma atividade pol\u00edtica na Lapa em dire\u00e7\u00e3o a casa dela. A fam\u00edlia da vereadora acredita que a identidade dos mandantes do crime poder\u00e1 ser revelada ap\u00f3s o julgamento dos r\u00e9us presos, em acordo de colabora\u00e7\u00e3o premiada para redu\u00e7\u00e3o da pena, caso sejam condenados.<\/p>\n<p><a href=\"https:\/\/rioonwatch.org.br\/wp-content\/uploads\/2021\/03\/Foto-Arquivo-Pessoal-Anielle-Franco.jpg\"><img loading=\"lazy\" decoding=\"async\" class=\"aligncenter wp-image-54170 size-content\" title=\"Foto: Arquivo Pessoal de Anielle Franco\" src=\"https:\/\/rioonwatch.org.br\/wp-content\/uploads\/2021\/03\/Foto-Arquivo-Pessoal-Anielle-Franco-620x264.jpg\" alt=\"\" width=\"620\" height=\"264\" srcset=\"https:\/\/rioonwatch.org.br\/wp-content\/uploads\/2021\/03\/Foto-Arquivo-Pessoal-Anielle-Franco-620x264.jpg 620w, https:\/\/rioonwatch.org.br\/wp-content\/uploads\/2021\/03\/Foto-Arquivo-Pessoal-Anielle-Franco-940x400.jpg 940w\" sizes=\"(max-width: 620px) 100vw, 620px\" \/><\/a><\/p>\n<p>At\u00e9 o momento, al\u00e9m da sociedade n\u00e3o saber quem mandou matar Marielle Franco e por qu\u00ea, tamb\u00e9m <a href=\"https:\/\/glo.bo\/3eWJsqP\">os acusados da execu\u00e7\u00e3o do crime<\/a>, o policial militar reformado Ronnie Lessa e o ex-PM \u00c9lcio Vieira de Queiroz, n\u00e3o foram julgados. Ambos est\u00e3o detidos no pres\u00eddio federal de Porto Velho (RO) e v\u00e3o a j\u00fari popular, por\u00e9m, ainda n\u00e3o h\u00e1 uma data para o julgamento acontecer.<\/p>\n<\/article>\n<div>\n<p>Uma <a href=\"https:\/\/glo.bo\/3eUu2U3\">for\u00e7a-tarefa, institu\u00edda no dia 12 de mar\u00e7o<\/a> deste ano pelo Minist\u00e9rio P\u00fablico do Rio, investiga o caso. A for\u00e7a-tarefa fez um acordo judicial com o Facebook para obter dados que ajudem a identificar os mandantes do crime. O \u00f3rg\u00e3o recebeu representantes do Instituto Marielle Franco e da <a href=\"https:\/\/bit.ly\/3n36WLZ\" target=\"_blank\" rel=\"noopener\">Anistia Internacional<\/a> para prestar informa\u00e7\u00f5es sobre o andamento das investiga\u00e7\u00f5es, de acordo com <a href=\"https:\/\/bit.ly\/30XG32P\">informa\u00e7\u00f5es do portal <em>UOL<\/em><\/a>.<\/p>\n<p>O local escolhido pela Prefeitura do Rio de Janeiro para colocar a placa em rever\u00eancia \u00e0 parlamentar \u00e9 simb\u00f3lico, mas at\u00e9 hoje nenhuma rua sequer ou pra\u00e7a da cidade foi renomeado com seu nome. A placa foi colocada em frente da C\u00e2mara dos Vereadores na qual Marielle atuou, e que no mesmo local, sete meses ap\u00f3s o assassinato de Marielle, uma placa parecida que imitava sinaliza\u00e7\u00f5es oficiais com nome de rua, ap\u00f3s afixada e comemorada por ativistas, foi violentamente destru\u00edda.<\/p>\n<p>A placa simb\u00f3lica original foi <a href=\"http:\/\/bit.ly\/2J8jOO3\">retirada e quebrada pelos ent\u00e3o candidatos<\/a> Rodrigo Amorim (a deputado estadual) e Daniel Oliveira (a deputado federal), ambos do Partido Social Liberal (<a href=\"https:\/\/bit.ly\/2T4vw1T\" target=\"_blank\" rel=\"noopener\">PSL<\/a>). Dias depois, os candidatos <a href=\"http:\/\/bit.ly\/2IKkuJd\" target=\"_blank\" rel=\"noopener\">levaram a placa a um ato pol\u00edtico em Petr\u00f3polis<\/a> e foram registrados, em um v\u00eddeo postado nas redes sociais, exibindo a placa quebrada ao meio.<\/p>\n<p><a href=\"https:\/\/rioonwatch.org.br\/wp-content\/uploads\/2021\/03\/AFP-C.Souza_.jpg\"><img loading=\"lazy\" decoding=\"async\" class=\"aligncenter wp-image-54151 size-content\" title=\"Ato distribui mil placas com nome de Marielle no Rio. Foto: C.Souza \/ AFP\" src=\"https:\/\/rioonwatch.org.br\/wp-content\/uploads\/2021\/03\/AFP-C.Souza_-620x264.jpg\" alt=\"\" width=\"620\" height=\"264\" \/><\/a><br \/>\n\u00c0 \u00e9poca, o ato de quebrar a placa Rua Marielle Franco pelos deputados levou manifestantes para \u00e0s ruas\u2014em 14 de outubro de 2018\u2014da <a href=\"https:\/\/bit.ly\/3lzvvAA\" target=\"_blank\" rel=\"noopener\">Cinel\u00e2ndia<\/a>, no <a href=\"http:\/\/bit.ly\/2x1dXEP\" target=\"_blank\" rel=\"noopener\">Centro<\/a>, para um ato em homenagem a Marielle Franco e de resist\u00eancia pedindo justi\u00e7a. O protesto condenou a destrui\u00e7\u00e3o da placa com o nome da vereadora, pelos ent\u00e3o candidatos a deputado estadual Rodrigo Amorim e deputado federal Daniel Oliveira.<\/p>\n<\/div>\n<p>O ato foi uma iniciativa do site de humor<em> <a href=\"https:\/\/bit.ly\/3cOVwrt\">Sensacionalista<\/a><\/em>, que criou uma campanha de financiamento coletivo a fim de arrecadar R$2000 para confeccionar 100 placas em homenagem a Marielle. &#8220;Eles rasgam uma, n\u00f3s fazemos 100&#8221;, <a href=\"https:\/\/bit.ly\/3cUu5g6\">dizia a p\u00e1gina em um site de vaquinha virtual,<\/a> de acordo com a <em>Carta Capital<\/em>.<\/p>\n<p>Rodrigo Amorim, eleito deputado estadual em 2018, <a href=\"https:\/\/glo.bo\/30Y4AVr\">pendurou como decora\u00e7\u00e3o parte da placa quebrada<\/a> emoldurada em seu gabinete na Assembleia Legislativa do Rio. Daniel Silveira, agora tamb\u00e9m deputado, h\u00e1 um m\u00eas atr\u00e1s, foi <a href=\"https:\/\/bit.ly\/3s6H4RW\">preso no carnaval<\/a>, depois de amea\u00e7ar ministros do STF nas redes sociais.<\/p>\n<p><a href=\"https:\/\/rioonwatch.org.br\/wp-content\/uploads\/2021\/03\/Foto-de-Leitor-enviada-ao-jornal-O-Globo.jpg\"><img loading=\"lazy\" decoding=\"async\" class=\"aligncenter wp-image-54152 size-content\" title=\"Rodrigo Amorim, pendurou como decora\u00e7\u00e3o, parte da placa quebrada emoldurada em seu gabinete na Assembleia Legislativa do Rio. Foto de Leitor enviada ao jornal O Globo.\" src=\"https:\/\/rioonwatch.org.br\/wp-content\/uploads\/2021\/03\/Foto-de-Leitor-enviada-ao-jornal-O-Globo-620x264.jpg\" alt=\"\" width=\"620\" height=\"264\" srcset=\"https:\/\/rioonwatch.org.br\/wp-content\/uploads\/2021\/03\/Foto-de-Leitor-enviada-ao-jornal-O-Globo-620x264.jpg 620w, https:\/\/rioonwatch.org.br\/wp-content\/uploads\/2021\/03\/Foto-de-Leitor-enviada-ao-jornal-O-Globo-940x400.jpg 940w\" sizes=\"(max-width: 620px) 100vw, 620px\" \/><\/a><\/p>\n<p>De l\u00e1 para c\u00e1, a placa\u2014que traz elementos de uma placa de l\u00e1pide com a data de nascimento e de morte, por assassinato, e o CEP do local do crime\u2014tornou-se um s\u00edmbolo de luta por justi\u00e7a. De acordo com o site<em> <a href=\"https:\/\/bit.ly\/3s3EzA0\">Rua Marielle Franco<\/a><\/em>, &#8220;mais de 18.000 placas da Rua Marielle Franco j\u00e1 foram produzidas desde que tentaram destruir essa homenagem&#8221;. O site disponibiliza a arte para ser baixada com o objetivo de &#8220;levar as placas para todos os cantos e mostrar que a Mari \u00e9 do tamanho do mundo!&#8221;<\/p>\n<p>Hoje, placas &#8220;Rua Marielle Franco&#8221; est\u00e3o dentro de casas ao redor do mundo em sua homenagem. Al\u00e9m disso, monumentos, bolsa de estudos e at\u00e9 jardins levam seu nome em rever\u00eancia ao seu <a href=\"https:\/\/bit.ly\/38pQ7GO\" target=\"_blank\" rel=\"noopener\">legado<\/a> da Europa aos Estados Unidos e Am\u00e9rica Latina, mas em seu pr\u00f3prio pa\u00eds e na cidade do Rio de Janeiro, a Rua Marielle Franco segue sendo um sonho de justi\u00e7a da fam\u00edlia, amigos e sociedade em honra a seu nome, hist\u00f3ria e legado no Brasil.<\/p>\n<p>O funeral de Marielle foi realizado dentro da C\u00e2mara dos Vereadores sob aplausos e l\u00e1grimas de milhares de pessoas. A placa simb\u00f3lica colocada pela prefeitura na Cinel\u00e2ndia, portanto, trata-se de uma homenagem no lugar no qual tantas vezes Marielle cruzou tanto na vida quanto na morte.<\/p>\n<p><a href=\"https:\/\/rioonwatch.org.br\/wp-content\/uploads\/2021\/03\/Foto-Leon-Diniz-scaled.jpg\"><img loading=\"lazy\" decoding=\"async\" class=\"wp-image-54165 aligncenter\" title=\"Marielle e Claudia Santiago na Pra\u00e7a da Cinel\u00e2ndia no Dia Municipal da Comunica\u00e7\u00e3o Popular.\" src=\"https:\/\/rioonwatch.org.br\/wp-content\/uploads\/2021\/03\/Foto-Leon-Diniz-620x264.jpg\" alt=\"\" width=\"620\" height=\"264\" srcset=\"https:\/\/rioonwatch.org.br\/wp-content\/uploads\/2021\/03\/Foto-Leon-Diniz-620x264.jpg 620w, https:\/\/rioonwatch.org.br\/wp-content\/uploads\/2021\/03\/Foto-Leon-Diniz-940x400.jpg 940w\" sizes=\"(max-width: 620px) 100vw, 620px\" \/><\/a><\/p>\n<h3>Brasil: S\u00e3o Paulo<\/h3>\n<p>Localizada na Cardeal Arcoverde com a Rua Cristiano Viana, em Pinheiros, SP, existe desde 20 de mar\u00e7o de 2018, a Escadaria Marielle Franco\u2014como hoje \u00e9 conhecida. Constru\u00edda em 1972, a escadaria, originalmente pintada de branco, virou point de grafiteiros. Foram d\u00e9cadas de cabo de guerra entre a prefeitura\u2014que pintava tudo de branco e deixava a escadaria \u00e0 pr\u00f3pria sorte\u2014e grafiteiros e pichadores.<\/p>\n<p><a href=\"https:\/\/rioonwatch.org.br\/wp-content\/uploads\/2021\/03\/homangem-em-sp.jpg\"><img loading=\"lazy\" decoding=\"async\" class=\"aligncenter wp-image-54159 size-medium\" title=\"Escadaria Marielle Franco, em S\u00e3o Paulo\" src=\"https:\/\/rioonwatch.org.br\/wp-content\/uploads\/2021\/03\/homangem-em-sp-620x412.jpg\" alt=\"\" width=\"620\" height=\"412\" srcset=\"https:\/\/rioonwatch.org.br\/wp-content\/uploads\/2021\/03\/homangem-em-sp-620x412.jpg 620w, https:\/\/rioonwatch.org.br\/wp-content\/uploads\/2021\/03\/homangem-em-sp-398x264.jpg 398w, https:\/\/rioonwatch.org.br\/wp-content\/uploads\/2021\/03\/homangem-em-sp.jpg 693w\" sizes=\"(max-width: 620px) 100vw, 620px\" \/><\/a><\/p>\n<p>Essa din\u00e2mica mudou quando a escadaria foi ocupada por ativistas para homenagear Marielle Franco. A partir da\u00ed, foram meses de novo cabo de guerra entre a prefeitura e ativistas, uma vez que a homenagem n\u00e3o \u00e9 uma rever\u00eancia oficial \u00e0 mem\u00f3ria da vereadora. Antes das elei\u00e7\u00f5es a imagem de Marielle foi alvo de depreda\u00e7\u00e3o. Jogaram tinta vermelha sobre ela. Mas, de novo, ativistas foram l\u00e1 e colocaram outra foto dela sorridente por cima. Menor, mas sempre sorridente. Em janeiro de 2019, a subprefeitura, novamente, foi l\u00e1 para pintar tudo de branco com a justificativa de que faria reparos na escadaria. Mas, n\u00e3o contavam com o Sr. Francisco, ocupante do espa\u00e7o abandonado abaixo da escadaria. Ele impediu que pintassem sobre a foto da vereadora, conforme <a href=\"https:\/\/bit.ly\/2P6XDPl\">registrado pelo portal<em> UOL<\/em><\/a>.<\/p>\n<h3><b>Fran\u00e7a: Jardim e Parada de \u00f4nibus<\/b><\/h3>\n<p>Em <a href=\"http:\/\/glo.bo\/3txdUMe\">2019,<\/a> a capital francesa inaugurou um jardim em homenagem a Marielle Franco com a presen\u00e7a de seus pais e filha na cerim\u00f4nia de abertura. O jardim suspenso est\u00e1 <a href=\"http:\/\/bit.ly\/2NtGzCs\">localizado<\/a> ao lado da Gare de l\u2019Est, uma das principais esta\u00e7\u00f5es de metr\u00f4 de Paris. \u00c9 <a href=\"http:\/\/bit.ly\/2P3GqGu\">um espa\u00e7o de 2,600 m\u00b2 e que possui cerca de 70 \u00e1rvores,<\/a> a maioria frut\u00edferas\u2014o que traz uma simbologia do legado de Marielle Franco como fruto de resist\u00eancia.<\/p>\n<p><a href=\"https:\/\/rioonwatch.org.br\/wp-content\/uploads\/2021\/03\/Jacques-Demarthon-AFP.jpg\"><img loading=\"lazy\" decoding=\"async\" class=\"aligncenter wp-image-54107 size-medium\" title=\"Foto: Jacques Demarthon \/ AFP\" src=\"https:\/\/rioonwatch.org.br\/wp-content\/uploads\/2021\/03\/Jacques-Demarthon-AFP-620x348.jpg\" alt=\"\" width=\"620\" height=\"348\" srcset=\"https:\/\/rioonwatch.org.br\/wp-content\/uploads\/2021\/03\/Jacques-Demarthon-AFP-620x348.jpg 620w, https:\/\/rioonwatch.org.br\/wp-content\/uploads\/2021\/03\/Jacques-Demarthon-AFP-471x264.jpg 471w, https:\/\/rioonwatch.org.br\/wp-content\/uploads\/2021\/03\/Jacques-Demarthon-AFP-768x431.jpg 768w, https:\/\/rioonwatch.org.br\/wp-content\/uploads\/2021\/03\/Jacques-Demarthon-AFP-580x326.jpg 580w, https:\/\/rioonwatch.org.br\/wp-content\/uploads\/2021\/03\/Jacques-Demarthon-AFP-174x98.jpg 174w, https:\/\/rioonwatch.org.br\/wp-content\/uploads\/2021\/03\/Jacques-Demarthon-AFP.jpg 776w\" sizes=\"(max-width: 620px) 100vw, 620px\" \/><\/a><\/p>\n<p>Para a prefeitura parisiense, a iniciativa do projeto representou o \u201cengajamento da capital na defesa dos direitos humanos pelo mundo, mas tamb\u00e9m da defesa dos pol\u00edticos em perigo\u201d, de acordo com o <a href=\"https:\/\/bit.ly\/3eZNWNz\">comunicado divulgado no dia anterior \u00e0 inaugura\u00e7\u00e3o do jardim<\/a>.<\/p>\n<figure id=\"attachment_54104\" aria-describedby=\"caption-attachment-54104\" style=\"width: 620px\" class=\"wp-caption aligncenter\"><a href=\"https:\/\/rioonwatch.org.br\/wp-content\/uploads\/2021\/03\/Jardim-Suspenso-Marielle-Franco-_Foto_Hypeness.png\"><img loading=\"lazy\" decoding=\"async\" class=\"wp-image-54104 size-medium\" title=\"Jardim Suspenso Marielle Franco, ao lado da Gare de l\u2019Est. Foto: Hypeness\" src=\"https:\/\/rioonwatch.org.br\/wp-content\/uploads\/2021\/03\/Jardim-Suspenso-Marielle-Franco-_Foto_Hypeness-620x460.png\" alt=\"\" width=\"620\" height=\"460\" srcset=\"https:\/\/rioonwatch.org.br\/wp-content\/uploads\/2021\/03\/Jardim-Suspenso-Marielle-Franco-_Foto_Hypeness-620x460.png 620w, https:\/\/rioonwatch.org.br\/wp-content\/uploads\/2021\/03\/Jardim-Suspenso-Marielle-Franco-_Foto_Hypeness-356x264.png 356w, https:\/\/rioonwatch.org.br\/wp-content\/uploads\/2021\/03\/Jardim-Suspenso-Marielle-Franco-_Foto_Hypeness-768x570.png 768w, https:\/\/rioonwatch.org.br\/wp-content\/uploads\/2021\/03\/Jardim-Suspenso-Marielle-Franco-_Foto_Hypeness-70x53.png 70w, https:\/\/rioonwatch.org.br\/wp-content\/uploads\/2021\/03\/Jardim-Suspenso-Marielle-Franco-_Foto_Hypeness.png 868w\" sizes=\"(max-width: 620px) 100vw, 620px\" \/><\/a><figcaption id=\"caption-attachment-54104\" class=\"wp-caption-text\">Jardim Suspenso Marielle Franco, ao lado da Gare de l\u2019Est. Foto: Hypeness<\/figcaption><\/figure>\n<p>Na cidade de Grenoble, no sudeste da Fran\u00e7a, Marielle foi lembrada na mudan\u00e7a oficial do nome de uma <a href=\"http:\/\/bit.ly\/3r22IFL\">parada de \u00f4nibus<\/a>, em uma iniciativa da cidade para \u201chonrar personagens fortes da hist\u00f3ria\u201d. H\u00e1 alguns anos, a cidade vem se comprometendo com um processo em favor da igualdade entre homens e mulheres. V\u00e1rias ruas, pra\u00e7as e instala\u00e7\u00f5es foram renomeadas com nomes femininos para tornar as mulheres mais vis\u00edveis no espa\u00e7o p\u00fablico.<\/p>\n<figure id=\"attachment_54162\" aria-describedby=\"caption-attachment-54162\" style=\"width: 620px\" class=\"wp-caption aligncenter\"><a href=\"https:\/\/rioonwatch.org.br\/wp-content\/uploads\/2021\/03\/2-Grenoble1.png\"><img loading=\"lazy\" decoding=\"async\" class=\"wp-image-54162 size-content\" src=\"https:\/\/rioonwatch.org.br\/wp-content\/uploads\/2021\/03\/2-Grenoble1-620x264.png\" alt=\"\" width=\"620\" height=\"264\" srcset=\"https:\/\/rioonwatch.org.br\/wp-content\/uploads\/2021\/03\/2-Grenoble1-620x264.png 620w, https:\/\/rioonwatch.org.br\/wp-content\/uploads\/2021\/03\/2-Grenoble1-940x400.png 940w\" sizes=\"(max-width: 620px) 100vw, 620px\" \/><\/a><figcaption id=\"caption-attachment-54162\" class=\"wp-caption-text\">Parada de \u00f4nibus &#8220;Marielle Franco &#8211; Rondeau&#8221;, Grenoble<\/figcaption><\/figure>\n<p>A escolha do nome de Marielle foi uma sugest\u00e3o de visitantes na exposi\u00e7\u00e3o \u201c<em><a href=\"http:\/\/bit.ly\/38USTmO\">Femmes \u00e0 l\u2019Honneur<\/a><\/em>\u201d (Mulheres em Destaque) de 2018, acatada por se encaixar nos quesitos de \u201cexemplaridade de vida, universalidade da mensagem transmitida ao longo de sua jornada e a coer\u00eancia com o territ\u00f3rio e ra\u00edzes locais\u201d.<\/p>\n<h3><b>Portugal: Rua Marielle Franco e Mural no Panor\u00e2mico de Monsanto<\/b><\/h3>\n<p>Tamb\u00e9m em 2019, a <a href=\"http:\/\/bit.ly\/38USSiE\">C\u00e2mara de Lisboa aprovou uma proposta<\/a> para dar o nome da vereadora e ativista brasileira a uma rua da capital portuguesa. Na ocasi\u00e3o da aprova\u00e7\u00e3o, os vereadores destacaram o trabalho da ativista: &#8220;Marielle Franco empenhou-se na luta pelos direitos humanos, especialmente em defesa dos direitos das mulheres negras e dos moradores de favelas e periferias, e na den\u00fancia da viol\u00eancia policial&#8221;, afirmou a nota divulgada pelo gabinete do vereador Manuel Grilo.<\/p>\n<figure id=\"attachment_54111\" aria-describedby=\"caption-attachment-54111\" style=\"width: 620px\" class=\"wp-caption aligncenter\"><a href=\"https:\/\/rioonwatch.org.br\/wp-content\/uploads\/2021\/03\/FotoPortugal-Afora.jpg\"><img loading=\"lazy\" decoding=\"async\" class=\"wp-image-54111 size-medium\" title=\"Pintura-retrato em alto relevo da vereadora no Panor\u00e2mico de Monsanto por Vhils.\" src=\"https:\/\/rioonwatch.org.br\/wp-content\/uploads\/2021\/03\/FotoPortugal-Afora-620x378.jpg\" alt=\"\" width=\"620\" height=\"378\" srcset=\"https:\/\/rioonwatch.org.br\/wp-content\/uploads\/2021\/03\/FotoPortugal-Afora-620x378.jpg 620w, https:\/\/rioonwatch.org.br\/wp-content\/uploads\/2021\/03\/FotoPortugal-Afora.jpg 714w\" sizes=\"(max-width: 620px) 100vw, 620px\" \/><\/a><figcaption id=\"caption-attachment-54111\" class=\"wp-caption-text\">Pintura-retrato em alto relevo da vereadora no Panor\u00e2mico de Monsanto pelo escultor Vhils.<\/figcaption><\/figure>\n<p>Apesar de ter sido apresentada pelo bloco de esquerda da C\u00e2mara, a proposta <a href=\"http:\/\/glo.bo\/3bZ2f2P\">foi aceita por unanimidade entre os vereadores<\/a>. Uma comiss\u00e3o municipal ir\u00e1 propor qual ser\u00e1 a rua da homenagem.<\/p>\n<p>Marielle Franco j\u00e1 tinha sido homenageada pelo artista pl\u00e1stico portugu\u00eas Vhils, no <a href=\"http:\/\/bit.ly\/3bZpwBV\">Panor\u00e2mico de Monsanto<\/a>, em 2018. A homenagem faz parte do projeto Brave Walls, da Anistia Internacional. Em um muro de pouco mais de tr\u00eas metros de altura, <a href=\"https:\/\/bit.ly\/3tzfXzj\">Vhils<\/a> fez uma <a href=\"https:\/\/bit.ly\/3ttZwUQ\">pintura-retrato em alto relevo<\/a> da vereadora, usando apenas a cor branca. Vhils \u00e9 conhecido entre os cariocas que frequentam o Morro da Provid\u00eancia, primeira favela brasileira, onde passou uma temporada em 2012, em parceria com o fot\u00f3grafo local Maur\u00edcio Hora, realizando uma <a href=\"https:\/\/bit.ly\/2OXpZMe\" target=\"_blank\" rel=\"noopener\">s\u00e9rie de retratos marcantes em alto relevo<\/a> de pessoas removidas pela Prefeitura do Rio nas paredes das casas demolidas.<\/p>\n<p>\u201cCom esta obra em <a href=\"https:\/\/bit.ly\/3kq9UZR\" target=\"_blank\" rel=\"noopener\">Portugal<\/a> quisemos dar a maior visibilidade poss\u00edvel ao <a href=\"https:\/\/bit.ly\/3vCZdZZ\">caso de Marielle Franco<\/a>\u2014n\u00e3o s\u00f3 para celebrar a sua vida, t\u00e3o inspiradora, e continuar a luta pelas suas causas, mas tamb\u00e9m para garantir que \u00e9 feita justi\u00e7a no seu assassinato. \u00c9 a express\u00e3o da arte, de forma pac\u00edfica e aud\u00edvel, a exigir justi\u00e7a e direitos humanos\u201d, refere Pedro Neto, diretor executivo da <a href=\"https:\/\/bit.ly\/2P7BGzC\">Anistia Internacional<\/a>\u00a0de Portugal.<\/p>\n<h3><b>It\u00e1lia: Terra\u00e7o Biblioteca Oblate, Floren\u00e7a<\/b><\/h3>\n<p>Em 2019, a cidade de Floren\u00e7a, na It\u00e1lia, aprovou nomear o terra\u00e7o da <a href=\"http:\/\/bit.ly\/3cPYQ5w\">Biblioteca Oblate<\/a> em <a href=\"https:\/\/bit.ly\/3cROZMS\">homenagem a Marielle<\/a>. \u201cDo terra\u00e7o, uma vista magn\u00edfica da C\u00fapula de Brunelleschi permitir\u00e1 preservar a mem\u00f3ria de Marielle e promover uma reflex\u00e3o cont\u00ednua sobre os temas da integra\u00e7\u00e3o e dos direitos humanos fundamentais\u201d, disse o <a href=\"https:\/\/bit.ly\/2P4dIoL\">vereador Luca Milani<\/a>.<\/p>\n<figure id=\"attachment_54112\" aria-describedby=\"caption-attachment-54112\" style=\"width: 620px\" class=\"wp-caption aligncenter\"><a href=\"https:\/\/rioonwatch.org.br\/wp-content\/uploads\/2021\/03\/terraco-da-biblioteca.jpg\"><img loading=\"lazy\" decoding=\"async\" class=\"wp-image-54112 size-content\" title=\"Terra\u00e7o da Biblioteca Oblate\" src=\"https:\/\/rioonwatch.org.br\/wp-content\/uploads\/2021\/03\/terraco-da-biblioteca-620x264.jpg\" alt=\"\" width=\"620\" height=\"264\" \/><\/a><figcaption id=\"caption-attachment-54112\" class=\"wp-caption-text\">Terra\u00e7o Marielle Franco da Biblioteca Oblate<\/figcaption><\/figure>\n<p>Ap\u00f3s o <a href=\"https:\/\/bit.ly\/3r4C66R\">sinal verde da administra\u00e7\u00e3o da cidade<\/a>, foi iniciado o processo que levar\u00e1, ap\u00f3s resolu\u00e7\u00e3o espec\u00edfica dos conselhos municipais, a titula\u00e7\u00e3o do terra\u00e7o com este nome.<\/p>\n<h3><b>Holanda: Fachada de Museu<\/b><\/h3>\n<p>Na capital holandesa, a obra de grafite na fachada do <a href=\"https:\/\/bit.ly\/3lubXgF\">Museu Stedelijk<\/a>, um dos espa\u00e7os culturais mais importantes da Europa, foi realizada para lembrar o nome e a hist\u00f3ria de Marielle. \u201cUm ano sem respostas\u201d \u00e9 a mensagem que a artists carioca <a href=\"https:\/\/bit.ly\/3qXluOt\">Panmela Castro<\/a> gravou em Amsterd\u00e3. Ela foi escolhida para realizar a arte no Festival Feminista Mama Cash.<\/p>\n<p><iframe src=\"https:\/\/www.youtube.com\/embed\/_eLbC58myqM\" width=\"620\" height=\"349\" frameborder=\"0\" allowfullscreen=\"allowfullscreen\" data-mce-fragment=\"1\"><span data-mce-type=\"bookmark\" style=\"display: inline-block; width: 0px; overflow: hidden; line-height: 0;\" class=\"mce_SELRES_start\">\ufeff<\/span><\/iframe><\/p>\n<p>A obra, <a href=\"https:\/\/bit.ly\/38Upmtu\">realizada durante o Dia Internacional da Mulher de 2019<\/a>, lembrou o anivers\u00e1rio de um ano do assassinato da vereadora. O grafite exibia duas personagens femininas unidas pelos olhos e pelos cabelos, dentro do conceito de \u201csororidade\u201d, para representar a uni\u00e3o das mulheres atrav\u00e9s da dor e do sofrimento m\u00fatuo devido ao machismo e racismo.<\/p>\n<h3><b>Estados Unidos: Bolsa de Estudos<\/b><\/h3>\n<p>Na capital, Washington, DC, uma das universidades mais prestigiadas dos Estados Unidos, a <a href=\"https:\/\/bit.ly\/38UXaqg\">Universidade John Hopkins<\/a>, criou a &#8220;<a href=\"https:\/\/bit.ly\/3tt6mdk\">bolsa de estudos Marielle Franco<\/a>&#8220;, em homenagem a Marielle Franco. A bolsa \u00e9 destinada aos alunos que t\u00eam o desejo de desenvolver pesquisas ligadas \u00e0 justi\u00e7a social e aos direitos humanos na Am\u00e9rica Latina. A bolsa pertence ao <a href=\"https:\/\/bit.ly\/3rZysfW\">Programa de Estudos Latino-Americanos (LASP)<\/a> da <a href=\"https:\/\/bit.ly\/3lsbmMJ\" target=\"_blank\" rel=\"noopener noreferrer external\" data-wpel-link=\"external\">School of Advanced International Studies<\/a> (SAIS), na Johns Hopkins.<\/p>\n<p><a href=\"https:\/\/rioonwatch.org.br\/wp-content\/uploads\/2021\/03\/Bolsa-SAIS.png\"><img loading=\"lazy\" decoding=\"async\" class=\"aligncenter wp-image-54245\" src=\"https:\/\/rioonwatch.org.br\/wp-content\/uploads\/2021\/03\/Bolsa-SAIS.png\" alt=\"\" width=\"629\" height=\"532\" srcset=\"https:\/\/rioonwatch.org.br\/wp-content\/uploads\/2021\/03\/Bolsa-SAIS.png 1313w, https:\/\/rioonwatch.org.br\/wp-content\/uploads\/2021\/03\/Bolsa-SAIS-620x524.png 620w, https:\/\/rioonwatch.org.br\/wp-content\/uploads\/2021\/03\/Bolsa-SAIS-1024x866.png 1024w, https:\/\/rioonwatch.org.br\/wp-content\/uploads\/2021\/03\/Bolsa-SAIS-312x264.png 312w, https:\/\/rioonwatch.org.br\/wp-content\/uploads\/2021\/03\/Bolsa-SAIS-768x649.png 768w\" sizes=\"(max-width: 629px) 100vw, 629px\" \/><\/a><\/p>\n<p><a href=\"https:\/\/glo.bo\/3vG8IHB\">Segundo a universidade<\/a>, a bolsa de estudos ser\u00e1 concedida anualmente para apoiar estudantes de mestrado comprometidos com o avan\u00e7o da justi\u00e7a social, igualdade e representa\u00e7\u00e3o pol\u00edtica mais ampla. Os candidatos devem ainda ter como foco o estudo sobre a Am\u00e9rica Latina.<\/p>\n<h3><b>Alemanha: Mural Marielle Franco, Berlim<\/b><\/h3>\n<p>Mesmo em tempos de pandemia, Marielle continua se mantendo presente ao redor do mundo, como demonstra o mural em sua homenagem inaugurado no dia 8 de mar\u00e7o de 2021, Dia Internacional Da Mulher, na capital alem\u00e3. O mural tem cerca de 100 metros quadrados e est\u00e1 localizado na lateral de um pr\u00e9dio no bairro de Kreuzberg, em Berlim.<\/p>\n<p><a href=\"https:\/\/rioonwatch.org.br\/wp-content\/uploads\/2021\/03\/3-Berlim.jpg\"><img loading=\"lazy\" decoding=\"async\" class=\"aligncenter size-content wp-image-54175\" src=\"https:\/\/rioonwatch.org.br\/wp-content\/uploads\/2021\/03\/3-Berlim-620x264.jpg\" alt=\"\" width=\"620\" height=\"264\" srcset=\"https:\/\/rioonwatch.org.br\/wp-content\/uploads\/2021\/03\/3-Berlim-620x264.jpg 620w, https:\/\/rioonwatch.org.br\/wp-content\/uploads\/2021\/03\/3-Berlim-940x400.jpg 940w\" sizes=\"(max-width: 620px) 100vw, 620px\" \/><\/a><\/p>\n<div class=\"col col--md-1-1 col--lg-12-18\">\n<div class=\"c-news__content\">\n<div class=\"c-news__body\" data-share-text=\"\" data-news-content-text=\"\" data-disable-copy=\"\" data-continue-reading=\"\" data-continue-reading-hide-others=\".js-continue-reading-hidden\">\n<p>A pintura foi criada pela <a href=\"https:\/\/bit.ly\/30U81N1\">artista russa Katerina Voronina<\/a> com o suporte da Anistia Internacional e do <a href=\"https:\/\/bit.ly\/3eURMHM\">museu de arte urbana contempor\u00e2nea Urban Nation<\/a>. A obra faz parte da s\u00e9rie &#8220;<a href=\"https:\/\/bit.ly\/3r08TtR\">Brave Walls<\/a>&#8220;, que procura atrair a aten\u00e7\u00e3o para a necessidade de prote\u00e7\u00e3o de ativistas de direitos humanos, e j\u00e1 realizou interven\u00e7\u00f5es semelhantes em mais de 20 pa\u00edses, incluindo outro mural em homenagem \u00e0 Marielle Franco, em Lisboa. &#8220;Marielle Franco me impressionou profundamente. Ela era uma mulher forte e corajosa, que lutou sem hesitar contra estruturas de poder e infelizmente perdeu a sua vida como resultado disso&#8221;, <a href=\"http:\/\/bit.ly\/38Tv12Z\">afirmou a artista<\/a> ao portal <em>DW<\/em>.<\/p>\n<h3><b>Argentina: Esta\u00e7\u00e3o de Metr\u00f4<\/b><\/h3>\n<p>Uma placa em homenagem \u00e0 Marielle foi inaugurada na esta\u00e7\u00e3o de metr\u00f4 Rio de Janeiro, no bairro de Caballito, em Buenos Aires. O nome da vereadora tamb\u00e9m passou a nomear a esta\u00e7\u00e3o, renomeada para Rio de Janeiro-Marielle Franco.<\/p>\n<p>A autoriza\u00e7\u00e3o para a coloca\u00e7\u00e3o do tributo foi dada no \u00faltimo dia 12 de mar\u00e7o pelo Parlamento da Cidade da capital argentina, que tem status de prov\u00edncia. A proposta foi encaminhada pela deputada Mar\u00eda Bielli a pedido do <a href=\"https:\/\/bit.ly\/3cJM2hf\">Coletivo Passarinho<\/a>\u2014grupo formado por brasileiros que moram em Buenos Aires.<\/p>\n<p>&#8220;Na Argentina, Marielle \u00e9 elogiada de modo transversal, pela defesa dos negros, dos moradores de favelas, das mulheres e dos direitos humanos. Aqui, devido \u00e0 ditadura militar [1976-1983], um assassinato que pode estar relacionado ao Estado chama muito a aten\u00e7\u00e3o&#8221;, diz Renata Ben\u00edtez, integrante do coletivo, ao <a href=\"https:\/\/bit.ly\/3twZmfC\">jornal <em>Folha de S. Paulo<\/em><\/a>.<\/p>\n<p><a href=\"https:\/\/rioonwatch.org.br\/wp-content\/uploads\/2021\/03\/Foto-@Oskaralerta-_Estaccao-de-metro-em-Buenos-Aires.jpg\"><img loading=\"lazy\" decoding=\"async\" class=\"aligncenter wp-image-54117\" title=\"Esta\u00e7\u00e3o de metr\u00f4 em Buenos Aires. Foto: @Oskaralerta\" src=\"https:\/\/rioonwatch.org.br\/wp-content\/uploads\/2021\/03\/Foto-@Oskaralerta-_Estaccao-de-metro-em-Buenos-Aires.jpg\" alt=\"\" width=\"620\" height=\"620\" srcset=\"https:\/\/rioonwatch.org.br\/wp-content\/uploads\/2021\/03\/Foto-@Oskaralerta-_Estaccao-de-metro-em-Buenos-Aires.jpg 960w, https:\/\/rioonwatch.org.br\/wp-content\/uploads\/2021\/03\/Foto-@Oskaralerta-_Estaccao-de-metro-em-Buenos-Aires-620x620.jpg 620w, https:\/\/rioonwatch.org.br\/wp-content\/uploads\/2021\/03\/Foto-@Oskaralerta-_Estaccao-de-metro-em-Buenos-Aires-264x264.jpg 264w, https:\/\/rioonwatch.org.br\/wp-content\/uploads\/2021\/03\/Foto-@Oskaralerta-_Estaccao-de-metro-em-Buenos-Aires-768x768.jpg 768w\" sizes=\"(max-width: 620px) 100vw, 620px\" \/><\/a><\/p>\n<hr \/>\n<h4><strong>Apoie nossos esfor\u00e7os para fornecer assist\u00eancia estrat\u00e9gica \u00e0s favelas do Rio, incluindo o jornalismo hiperlocal, cr\u00edtico, inovador e incans\u00e1vel do <em>RioOnWatch<\/em><\/strong>\u2014<a href=\"http:\/\/bit.ly\/CatalisandoComunidades\">doe aqui<\/a>.<\/h4>\n<\/div>\n<\/div>\n<\/div>\n<!-- AddThis Advanced Settings generic via filter on the_content --><!-- AddThis Share Buttons generic via filter on the_content -->","protected":false},"excerpt":{"rendered":"<div class=\"mh-excerpt\"><p>Click Here for English\u00a0 &#8220;H\u00e1 uma dor que n\u00e3o cessa na cidade carioca, ocasionada pela viol\u00eancia contra a democracia que afetou a muitos. Na rua cujo nome remete ao falecido l\u00edder m\u00e1ximo cat\u00f3lico, Jo\u00e3o Paulo <a class=\"mh-excerpt-more\" href=\"https:\/\/rioonwatch.org.br\/?p=54103\" title=\"Marielle Franco Presente Ao Redor do Mundo: &#8216;N\u00e3o Serei Interrompida!&#8217;\">[&#8230;]<\/a><!-- AddThis Advanced Settings generic via filter on get_the_excerpt --><!-- AddThis Share Buttons generic via filter on get_the_excerpt --><\/p>\n<\/div>","protected":false},"author":165,"featured_media":54111,"comment_status":"closed","ping_status":"closed","sticky":false,"template":"","format":"standard","meta":{"_acf_changed":false,"_monsterinsights_skip_tracking":false,"_monsterinsights_sitenote_active":false,"_monsterinsights_sitenote_note":"","_monsterinsights_sitenote_category":0,"footnotes":""},"categories":[2323,1621,1612,342],"tags":[1170,1796,3253,1259,2309,1754,259,405,332,1431,3143,88,484,818,1885,1314,2557,2312,1398,483,2033,2605,2531,2981,2606,998,1810,1144],"writer":[2800],"translator":[],"source":[],"ilustrador":[],"fotografo":[],"class_list":{"0":"post-54103","1":"post","2":"type-post","3":"status-publish","4":"format-standard","5":"has-post-thumbnail","7":"category-urbanismopopular","8":"category-destaque","9":"category-sociedade-civil","10":"category-solucoes","11":"tag-america-latina","12":"tag-anistia-internacional","13":"tag-antirracismo","14":"tag-assassinato","15":"tag-buenos-aires","16":"tag-camara-dos-vereadores","17":"tag-centro","18":"tag-cinelandia","19":"tag-complexo-da-mare","20":"tag-dia-internacional-da-mulher","21":"tag-direito-a-favela","22":"tag-direitos-humanos","23":"tag-prefeito-eduardo-paes","24":"tag-eua","25":"tag-europa","26":"tag-grafite","27":"tag-lapa","28":"tag-legado-de-marielle","29":"tag-lgbt","30":"tag-marcelo-freixo","31":"tag-marielle-franco","32":"tag-paris","33":"tag-psl","34":"tag-petropolis","35":"tag-portugal","36":"tag-sao-paulo","37":"tag-video","38":"tag-violencia-urbana","39":"writer-tatiana-lima"},"acf":[],"yoast_head":"<!-- This site is optimized with the Yoast SEO plugin v25.6 - https:\/\/yoast.com\/wordpress\/plugins\/seo\/ -->\n<title>Marielle Franco Presente Ao Redor do Mundo: &#039;N\u00e3o Serei Interrompida!&#039; - RioOnWatch<\/title>\n<meta name=\"robots\" content=\"index, follow, max-snippet:-1, max-image-preview:large, max-video-preview:-1\" \/>\n<link rel=\"canonical\" href=\"https:\/\/rioonwatch.org.br\/?p=54103\" \/>\n<meta property=\"og:locale\" content=\"pt_BR\" \/>\n<meta property=\"og:type\" content=\"article\" \/>\n<meta property=\"og:title\" content=\"Marielle Franco Presente Ao Redor do Mundo: &#039;N\u00e3o Serei Interrompida!&#039; - RioOnWatch\" \/>\n<meta property=\"og:description\" content=\"Click Here for English\u00a0 &#8220;H\u00e1 uma dor que n\u00e3o cessa na cidade carioca, ocasionada pela viol\u00eancia contra a democracia que afetou a muitos. Na rua cujo nome remete ao falecido l\u00edder m\u00e1ximo cat\u00f3lico, Jo\u00e3o Paulo [...]\" \/>\n<meta property=\"og:url\" content=\"https:\/\/rioonwatch.org.br\/?p=54103\" \/>\n<meta property=\"og:site_name\" content=\"RioOnWatch\" \/>\n<meta property=\"article:published_time\" content=\"2021-03-24T21:19:08+00:00\" \/>\n<meta property=\"article:modified_time\" content=\"2024-05-24T15:31:13+00:00\" \/>\n<meta property=\"og:image\" content=\"https:\/\/rioonwatch.org.br\/wp-content\/uploads\/2021\/03\/FotoPortugal-Afora.jpg\" \/>\n\t<meta property=\"og:image:width\" content=\"714\" \/>\n\t<meta property=\"og:image:height\" content=\"435\" \/>\n\t<meta property=\"og:image:type\" content=\"image\/jpeg\" \/>\n<meta name=\"author\" content=\"Tatiana Lima\" \/>\n<meta name=\"twitter:card\" content=\"summary_large_image\" \/>\n<meta name=\"twitter:label1\" content=\"Escrito por\" \/>\n\t<meta name=\"twitter:data1\" content=\"Tatiana Lima\" \/>\n\t<meta name=\"twitter:label2\" content=\"Est. tempo de leitura\" \/>\n\t<meta name=\"twitter:data2\" content=\"15 minutos\" \/>\n<script type=\"application\/ld+json\" class=\"yoast-schema-graph\">{\"@context\":\"https:\/\/schema.org\",\"@graph\":[{\"@type\":\"Article\",\"@id\":\"https:\/\/rioonwatch.org.br\/?p=54103#article\",\"isPartOf\":{\"@id\":\"https:\/\/rioonwatch.org.br\/?p=54103\"},\"author\":{\"name\":\"Tatiana Lima\",\"@id\":\"https:\/\/rioonwatch.org.br\/#\/schema\/person\/8fde974ee24e219acc413d63393ec551\"},\"headline\":\"Marielle Franco Presente Ao Redor do Mundo: &#8216;N\u00e3o Serei Interrompida!&#8217;\",\"datePublished\":\"2021-03-24T21:19:08+00:00\",\"dateModified\":\"2024-05-24T15:31:13+00:00\",\"mainEntityOfPage\":{\"@id\":\"https:\/\/rioonwatch.org.br\/?p=54103\"},\"wordCount\":2814,\"publisher\":{\"@id\":\"https:\/\/rioonwatch.org.br\/#organization\"},\"image\":{\"@id\":\"https:\/\/rioonwatch.org.br\/?p=54103#primaryimage\"},\"thumbnailUrl\":\"https:\/\/rioonwatch.org.br\/wp-content\/uploads\/2021\/03\/FotoPortugal-Afora.jpg\",\"keywords\":[\"Am\u00e9rica Latina\",\"Anistia Internacional\",\"Antirracismo\",\"assassinato\",\"Buenos Aires\",\"C\u00e2mara dos Vereadores\",\"Centro\",\"Cinel\u00e2ndia\",\"Complexo da Mar\u00e9\",\"Dia Internacional da Mulher\",\"Direito \u00e0 favela\",\"Direitos Humanos\",\"Eduardo Paes\",\"EUA\",\"Europa\",\"grafite\",\"Lapa\",\"Legado de Marielle\",\"LGBTQIAPN+\",\"Marcelo Freixo\",\"Marielle Franco\",\"Paris\",\"Partido Social Liberal (PSL)\",\"Petr\u00f3polis\",\"Portugal\",\"S\u00e3o Paulo\",\"v\u00eddeo\",\"viol\u00eancia urbana\"],\"articleSection\":[\"#UrbanismoPopular\",\"*Destaque\",\"Sociedade Civil\",\"Solu\u00e7\u00f5es\"],\"inLanguage\":\"pt-BR\"},{\"@type\":\"WebPage\",\"@id\":\"https:\/\/rioonwatch.org.br\/?p=54103\",\"url\":\"https:\/\/rioonwatch.org.br\/?p=54103\",\"name\":\"Marielle Franco Presente Ao Redor do Mundo: 'N\u00e3o Serei Interrompida!' - RioOnWatch\",\"isPartOf\":{\"@id\":\"https:\/\/rioonwatch.org.br\/#website\"},\"primaryImageOfPage\":{\"@id\":\"https:\/\/rioonwatch.org.br\/?p=54103#primaryimage\"},\"image\":{\"@id\":\"https:\/\/rioonwatch.org.br\/?p=54103#primaryimage\"},\"thumbnailUrl\":\"https:\/\/rioonwatch.org.br\/wp-content\/uploads\/2021\/03\/FotoPortugal-Afora.jpg\",\"datePublished\":\"2021-03-24T21:19:08+00:00\",\"dateModified\":\"2024-05-24T15:31:13+00:00\",\"breadcrumb\":{\"@id\":\"https:\/\/rioonwatch.org.br\/?p=54103#breadcrumb\"},\"inLanguage\":\"pt-BR\",\"potentialAction\":[{\"@type\":\"ReadAction\",\"target\":[\"https:\/\/rioonwatch.org.br\/?p=54103\"]}]},{\"@type\":\"ImageObject\",\"inLanguage\":\"pt-BR\",\"@id\":\"https:\/\/rioonwatch.org.br\/?p=54103#primaryimage\",\"url\":\"https:\/\/rioonwatch.org.br\/wp-content\/uploads\/2021\/03\/FotoPortugal-Afora.jpg\",\"contentUrl\":\"https:\/\/rioonwatch.org.br\/wp-content\/uploads\/2021\/03\/FotoPortugal-Afora.jpg\",\"width\":714,\"height\":435},{\"@type\":\"BreadcrumbList\",\"@id\":\"https:\/\/rioonwatch.org.br\/?p=54103#breadcrumb\",\"itemListElement\":[{\"@type\":\"ListItem\",\"position\":1,\"name\":\"In\u00edcio\",\"item\":\"https:\/\/rioonwatch.org.br\/\"},{\"@type\":\"ListItem\",\"position\":2,\"name\":\"Marielle Franco Presente Ao Redor do Mundo: &#8216;N\u00e3o Serei Interrompida!&#8217;\"}]},{\"@type\":\"WebSite\",\"@id\":\"https:\/\/rioonwatch.org.br\/#website\",\"url\":\"https:\/\/rioonwatch.org.br\/\",\"name\":\"RioOnWatch\",\"description\":\"relatos das favelas cariocas\",\"publisher\":{\"@id\":\"https:\/\/rioonwatch.org.br\/#organization\"},\"potentialAction\":[{\"@type\":\"SearchAction\",\"target\":{\"@type\":\"EntryPoint\",\"urlTemplate\":\"https:\/\/rioonwatch.org.br\/?s={search_term_string}\"},\"query-input\":{\"@type\":\"PropertyValueSpecification\",\"valueRequired\":true,\"valueName\":\"search_term_string\"}}],\"inLanguage\":\"pt-BR\"},{\"@type\":\"Organization\",\"@id\":\"https:\/\/rioonwatch.org.br\/#organization\",\"name\":\"RioOnWatch\",\"url\":\"https:\/\/rioonwatch.org.br\/\",\"logo\":{\"@type\":\"ImageObject\",\"inLanguage\":\"pt-BR\",\"@id\":\"https:\/\/rioonwatch.org.br\/#\/schema\/logo\/image\/\",\"url\":\"https:\/\/rioonwatch.org.br\/wp-content\/uploads\/2021\/06\/RioOnWatchcabecalhoPT11anos-2.png\",\"contentUrl\":\"https:\/\/rioonwatch.org.br\/wp-content\/uploads\/2021\/06\/RioOnWatchcabecalhoPT11anos-2.png\",\"width\":779,\"height\":277,\"caption\":\"RioOnWatch\"},\"image\":{\"@id\":\"https:\/\/rioonwatch.org.br\/#\/schema\/logo\/image\/\"}},{\"@type\":\"Person\",\"@id\":\"https:\/\/rioonwatch.org.br\/#\/schema\/person\/8fde974ee24e219acc413d63393ec551\",\"name\":\"Tatiana Lima\",\"image\":{\"@type\":\"ImageObject\",\"inLanguage\":\"pt-BR\",\"@id\":\"https:\/\/rioonwatch.org.br\/#\/schema\/person\/image\/\",\"url\":\"https:\/\/secure.gravatar.com\/avatar\/5fb587d000e124a9d6aae50aec42d39e?s=96&d=blank&r=g\",\"contentUrl\":\"https:\/\/secure.gravatar.com\/avatar\/5fb587d000e124a9d6aae50aec42d39e?s=96&d=blank&r=g\",\"caption\":\"Tatiana Lima\"},\"url\":\"https:\/\/rioonwatch.org.br\/?author=165\"}]}<\/script>\n<!-- \/ Yoast SEO plugin. -->","yoast_head_json":{"title":"Marielle Franco Presente Ao Redor do Mundo: 'N\u00e3o Serei Interrompida!' - RioOnWatch","robots":{"index":"index","follow":"follow","max-snippet":"max-snippet:-1","max-image-preview":"max-image-preview:large","max-video-preview":"max-video-preview:-1"},"canonical":"https:\/\/rioonwatch.org.br\/?p=54103","og_locale":"pt_BR","og_type":"article","og_title":"Marielle Franco Presente Ao Redor do Mundo: 'N\u00e3o Serei Interrompida!' - RioOnWatch","og_description":"Click Here for English\u00a0 &#8220;H\u00e1 uma dor que n\u00e3o cessa na cidade carioca, ocasionada pela viol\u00eancia contra a democracia que afetou a muitos. Na rua cujo nome remete ao falecido l\u00edder m\u00e1ximo cat\u00f3lico, Jo\u00e3o Paulo [...]","og_url":"https:\/\/rioonwatch.org.br\/?p=54103","og_site_name":"RioOnWatch","article_published_time":"2021-03-24T21:19:08+00:00","article_modified_time":"2024-05-24T15:31:13+00:00","og_image":[{"width":714,"height":435,"url":"https:\/\/rioonwatch.org.br\/wp-content\/uploads\/2021\/03\/FotoPortugal-Afora.jpg","type":"image\/jpeg"}],"author":"Tatiana Lima","twitter_card":"summary_large_image","twitter_misc":{"Escrito por":"Tatiana Lima","Est. tempo de leitura":"15 minutos"},"schema":{"@context":"https:\/\/schema.org","@graph":[{"@type":"Article","@id":"https:\/\/rioonwatch.org.br\/?p=54103#article","isPartOf":{"@id":"https:\/\/rioonwatch.org.br\/?p=54103"},"author":{"name":"Tatiana Lima","@id":"https:\/\/rioonwatch.org.br\/#\/schema\/person\/8fde974ee24e219acc413d63393ec551"},"headline":"Marielle Franco Presente Ao Redor do Mundo: &#8216;N\u00e3o Serei Interrompida!&#8217;","datePublished":"2021-03-24T21:19:08+00:00","dateModified":"2024-05-24T15:31:13+00:00","mainEntityOfPage":{"@id":"https:\/\/rioonwatch.org.br\/?p=54103"},"wordCount":2814,"publisher":{"@id":"https:\/\/rioonwatch.org.br\/#organization"},"image":{"@id":"https:\/\/rioonwatch.org.br\/?p=54103#primaryimage"},"thumbnailUrl":"https:\/\/rioonwatch.org.br\/wp-content\/uploads\/2021\/03\/FotoPortugal-Afora.jpg","keywords":["Am\u00e9rica Latina","Anistia Internacional","Antirracismo","assassinato","Buenos Aires","C\u00e2mara dos Vereadores","Centro","Cinel\u00e2ndia","Complexo da Mar\u00e9","Dia Internacional da Mulher","Direito \u00e0 favela","Direitos Humanos","Eduardo Paes","EUA","Europa","grafite","Lapa","Legado de Marielle","LGBTQIAPN+","Marcelo Freixo","Marielle Franco","Paris","Partido Social Liberal (PSL)","Petr\u00f3polis","Portugal","S\u00e3o Paulo","v\u00eddeo","viol\u00eancia urbana"],"articleSection":["#UrbanismoPopular","*Destaque","Sociedade Civil","Solu\u00e7\u00f5es"],"inLanguage":"pt-BR"},{"@type":"WebPage","@id":"https:\/\/rioonwatch.org.br\/?p=54103","url":"https:\/\/rioonwatch.org.br\/?p=54103","name":"Marielle Franco Presente Ao Redor do Mundo: 'N\u00e3o Serei Interrompida!' - RioOnWatch","isPartOf":{"@id":"https:\/\/rioonwatch.org.br\/#website"},"primaryImageOfPage":{"@id":"https:\/\/rioonwatch.org.br\/?p=54103#primaryimage"},"image":{"@id":"https:\/\/rioonwatch.org.br\/?p=54103#primaryimage"},"thumbnailUrl":"https:\/\/rioonwatch.org.br\/wp-content\/uploads\/2021\/03\/FotoPortugal-Afora.jpg","datePublished":"2021-03-24T21:19:08+00:00","dateModified":"2024-05-24T15:31:13+00:00","breadcrumb":{"@id":"https:\/\/rioonwatch.org.br\/?p=54103#breadcrumb"},"inLanguage":"pt-BR","potentialAction":[{"@type":"ReadAction","target":["https:\/\/rioonwatch.org.br\/?p=54103"]}]},{"@type":"ImageObject","inLanguage":"pt-BR","@id":"https:\/\/rioonwatch.org.br\/?p=54103#primaryimage","url":"https:\/\/rioonwatch.org.br\/wp-content\/uploads\/2021\/03\/FotoPortugal-Afora.jpg","contentUrl":"https:\/\/rioonwatch.org.br\/wp-content\/uploads\/2021\/03\/FotoPortugal-Afora.jpg","width":714,"height":435},{"@type":"BreadcrumbList","@id":"https:\/\/rioonwatch.org.br\/?p=54103#breadcrumb","itemListElement":[{"@type":"ListItem","position":1,"name":"In\u00edcio","item":"https:\/\/rioonwatch.org.br\/"},{"@type":"ListItem","position":2,"name":"Marielle Franco Presente Ao Redor do Mundo: &#8216;N\u00e3o Serei Interrompida!&#8217;"}]},{"@type":"WebSite","@id":"https:\/\/rioonwatch.org.br\/#website","url":"https:\/\/rioonwatch.org.br\/","name":"RioOnWatch","description":"relatos das favelas cariocas","publisher":{"@id":"https:\/\/rioonwatch.org.br\/#organization"},"potentialAction":[{"@type":"SearchAction","target":{"@type":"EntryPoint","urlTemplate":"https:\/\/rioonwatch.org.br\/?s={search_term_string}"},"query-input":{"@type":"PropertyValueSpecification","valueRequired":true,"valueName":"search_term_string"}}],"inLanguage":"pt-BR"},{"@type":"Organization","@id":"https:\/\/rioonwatch.org.br\/#organization","name":"RioOnWatch","url":"https:\/\/rioonwatch.org.br\/","logo":{"@type":"ImageObject","inLanguage":"pt-BR","@id":"https:\/\/rioonwatch.org.br\/#\/schema\/logo\/image\/","url":"https:\/\/rioonwatch.org.br\/wp-content\/uploads\/2021\/06\/RioOnWatchcabecalhoPT11anos-2.png","contentUrl":"https:\/\/rioonwatch.org.br\/wp-content\/uploads\/2021\/06\/RioOnWatchcabecalhoPT11anos-2.png","width":779,"height":277,"caption":"RioOnWatch"},"image":{"@id":"https:\/\/rioonwatch.org.br\/#\/schema\/logo\/image\/"}},{"@type":"Person","@id":"https:\/\/rioonwatch.org.br\/#\/schema\/person\/8fde974ee24e219acc413d63393ec551","name":"Tatiana Lima","image":{"@type":"ImageObject","inLanguage":"pt-BR","@id":"https:\/\/rioonwatch.org.br\/#\/schema\/person\/image\/","url":"https:\/\/secure.gravatar.com\/avatar\/5fb587d000e124a9d6aae50aec42d39e?s=96&d=blank&r=g","contentUrl":"https:\/\/secure.gravatar.com\/avatar\/5fb587d000e124a9d6aae50aec42d39e?s=96&d=blank&r=g","caption":"Tatiana Lima"},"url":"https:\/\/rioonwatch.org.br\/?author=165"}]}},"_links":{"self":[{"href":"https:\/\/rioonwatch.org.br\/index.php?rest_route=\/wp\/v2\/posts\/54103"}],"collection":[{"href":"https:\/\/rioonwatch.org.br\/index.php?rest_route=\/wp\/v2\/posts"}],"about":[{"href":"https:\/\/rioonwatch.org.br\/index.php?rest_route=\/wp\/v2\/types\/post"}],"author":[{"embeddable":true,"href":"https:\/\/rioonwatch.org.br\/index.php?rest_route=\/wp\/v2\/users\/165"}],"replies":[{"embeddable":true,"href":"https:\/\/rioonwatch.org.br\/index.php?rest_route=%2Fwp%2Fv2%2Fcomments&post=54103"}],"version-history":[{"count":62,"href":"https:\/\/rioonwatch.org.br\/index.php?rest_route=\/wp\/v2\/posts\/54103\/revisions"}],"predecessor-version":[{"id":54544,"href":"https:\/\/rioonwatch.org.br\/index.php?rest_route=\/wp\/v2\/posts\/54103\/revisions\/54544"}],"wp:featuredmedia":[{"embeddable":true,"href":"https:\/\/rioonwatch.org.br\/index.php?rest_route=\/wp\/v2\/media\/54111"}],"wp:attachment":[{"href":"https:\/\/rioonwatch.org.br\/index.php?rest_route=%2Fwp%2Fv2%2Fmedia&parent=54103"}],"wp:term":[{"taxonomy":"category","embeddable":true,"href":"https:\/\/rioonwatch.org.br\/index.php?rest_route=%2Fwp%2Fv2%2Fcategories&post=54103"},{"taxonomy":"post_tag","embeddable":true,"href":"https:\/\/rioonwatch.org.br\/index.php?rest_route=%2Fwp%2Fv2%2Ftags&post=54103"},{"taxonomy":"writer","embeddable":true,"href":"https:\/\/rioonwatch.org.br\/index.php?rest_route=%2Fwp%2Fv2%2Fwriter&post=54103"},{"taxonomy":"translator","embeddable":true,"href":"https:\/\/rioonwatch.org.br\/index.php?rest_route=%2Fwp%2Fv2%2Ftranslator&post=54103"},{"taxonomy":"source","embeddable":true,"href":"https:\/\/rioonwatch.org.br\/index.php?rest_route=%2Fwp%2Fv2%2Fsource&post=54103"},{"taxonomy":"ilustrador","embeddable":true,"href":"https:\/\/rioonwatch.org.br\/index.php?rest_route=%2Fwp%2Fv2%2Filustrador&post=54103"},{"taxonomy":"fotografo","embeddable":true,"href":"https:\/\/rioonwatch.org.br\/index.php?rest_route=%2Fwp%2Fv2%2Ffotografo&post=54103"}],"curies":[{"name":"wp","href":"https:\/\/api.w.org\/{rel}","templated":true}]}}