{"id":54316,"date":"2021-04-02T08:13:29","date_gmt":"2021-04-02T11:13:29","guid":{"rendered":"https:\/\/rioonwatch.org.br\/?p=54316"},"modified":"2024-05-24T12:31:13","modified_gmt":"2024-05-24T15:31:13","slug":"feirinha-da-pavuna-patrimonio-da-populacao-negra-do-rio-de-janeiro-podcast","status":"publish","type":"post","link":"https:\/\/rioonwatch.org.br\/?p=54316","title":{"rendered":"Feirinha da Pavuna, Patrim\u00f4nio da Popula\u00e7\u00e3o Negra do Rio de Janeiro [PODCAST]"},"content":{"rendered":"<p style=\"text-align: right;\"><em><strong><a href=\"https:\/\/bit.ly\/32ZMu6B\" target=\"_blank\" rel=\"noopener noreferrer\">Click Here for English<\/a><a href=\"https:\/\/bit.ly\/32ZMu6B\" target=\"_blank\" rel=\"noopener noreferrer\"><img decoding=\"async\" class=\"alignright wp-image-15790\" src=\"http:\/\/rioonwatch.org.br\/wp-content\/uploads\/2012\/08\/EN-standard-e1439583104716.jpg\" alt=\"\" width=\"20\" height=\"20\" \/><\/a><\/strong><\/em><\/p>\n<p><em>Esta mat\u00e9ria faz parte da <a href=\"http:\/\/bit.ly\/DesenraizandoRacismo\" target=\"_blank\" rel=\"noopener\">s\u00e9rie de mat\u00e9rias do projeto antirracista do RioOnWatch<\/a>. Conhe\u00e7a o nosso projeto que traz conte\u00fados midi\u00e1ticos semanais ao longo de 2021:\u00a0<i><a href=\"http:\/\/bit.ly\/EnraizandoIntro\" target=\"_blank\" rel=\"noopener\">Enraizando o Antirracismo nas Favelas<\/a>.<\/i><i>\u00a0P<\/i><i>ara contribuir com essa pauta,\u00a0<a href=\"https:\/\/bit.ly\/PautasAntirracismo\">clique aqui<\/a>.<\/i><\/em><\/p>\n<p><iframe src=\"https:\/\/w.soundcloud.com\/player\/?url=https%3A\/\/api.soundcloud.com\/tracks\/1020039418&amp;color=%23ff5500&amp;auto_play=false&amp;hide_related=false&amp;show_comments=true&amp;show_user=true&amp;show_reposts=false&amp;show_teaser=true\" width=\"100%\" height=\"166\" frameborder=\"no\" scrolling=\"no\"><\/iframe><\/p>\n<div style=\"font-size: 10px; color: #cccccc; line-break: anywhere; word-break: normal; overflow: hidden; white-space: nowrap; text-overflow: ellipsis; font-family: Interstate,Lucida Grande,Lucida Sans Unicode,Lucida Sans,Garuda,Verdana,Tahoma,sans-serif; font-weight: 100;\">\n<p><span style=\"color: #808080;\"><span style=\"color: #333333;\">Ou\u00e7a o podcast desta mat\u00e9ria no<\/span> <a class=\"c-link\" href=\"https:\/\/bit.ly\/31BZ2jO\" target=\"_blank\" rel=\"noopener noreferrer\" data-stringify-link=\"https:\/\/bit.ly\/31BZ2jO\" data-sk=\"tooltip_parent\">SoundCloud<\/a><span style=\"color: #333333;\">,\u00a0<\/span><a class=\"c-link\" href=\"https:\/\/spoti.fi\/3m6xywa\" target=\"_blank\" rel=\"noopener noreferrer\" data-stringify-link=\"https:\/\/spoti.fi\/3m6xywa\" data-sk=\"tooltip_parent\">Spotify<\/a><span style=\"color: #333333;\">,<\/span>\u00a0<a class=\"c-link\" href=\"https:\/\/bit.ly\/39uCDJs\" target=\"_blank\" rel=\"noopener noreferrer\" data-stringify-link=\"https:\/\/bit.ly\/39uCDJs\" data-sk=\"tooltip_parent\">YouTube<\/a>\u00a0<span style=\"color: #333333;\">e\u00a0<\/span><a class=\"c-link\" href=\"https:\/\/bit.ly\/3ubUZXH\" target=\"_blank\" rel=\"noopener noreferrer\" data-stringify-link=\"https:\/\/bit.ly\/3ubUZXH\" data-sk=\"tooltip_parent\">outros<\/a><span style=\"color: #333333;\">.\u00a0<\/span><\/span><\/p>\n<hr \/>\n<\/div>\n<p><span style=\"font-weight: 400;\">Enquanto tomo um caf\u00e9, ou\u00e7o no fundo um samba e o canto dos p\u00e1ssaros que passeiam todas as manh\u00e3s pelas palmeiras que arejam meu quintal. N\u00e3o fosse a pandemia, com certeza essa semana eu j\u00e1 teria frequentado algumas vezes, um dos pontos mais movimentados do bairro: a <a href=\"https:\/\/bit.ly\/3diUbJI\" target=\"_blank\" rel=\"noopener\">Feirinha da Pavuna<\/a>. De um lado, feirantes e suas barracas de legumes, frutas e verduras. Do outro, um pouco de tudo o que \u00e9 necess\u00e1rio em um lar.<\/span><\/p>\n<p><span style=\"font-weight: 400;\">Logo ali, bem pr\u00f3ximo \u00e0 feirinha, fica o<\/span>\u00a0<a href=\"https:\/\/bit.ly\/2PI7DPa\" target=\"_blank\" rel=\"noopener\"><span style=\"font-weight: 400;\">Gr\u00eamio Recreativo Quilombo Acari<\/span><\/a><span style=\"font-weight: 400;\">, fundado na segunda metade da d\u00e9cada de 1970 por compositores como <\/span><a href=\"https:\/\/bit.ly\/3sFMFz4\" target=\"_blank\" rel=\"noopener\"><span style=\"font-weight: 400;\">Wilson Moreira<\/span><\/a><span style=\"font-weight: 400;\">, <\/span><a href=\"https:\/\/bit.ly\/3w9kF94\" target=\"_blank\" rel=\"noopener\"><span style=\"font-weight: 400;\">Paulinho da Viola<\/span><\/a><span style=\"font-weight: 400;\">, <\/span><a href=\"https:\/\/bit.ly\/3rG771x\" target=\"_blank\" rel=\"noopener\"><span style=\"font-weight: 400;\">Candeia<\/span><\/a><span style=\"font-weight: 400;\"> e <\/span><a href=\"https:\/\/bit.ly\/39veP8y\" target=\"_blank\" rel=\"noopener\"><span style=\"font-weight: 400;\">Nei Lopes<\/span><\/a><span style=\"font-weight: 400;\">, na tentativa de romper com as grandes escolas de samba que estavam em uma crescente comercializa\u00e7\u00e3o. Ancestralidade e <a href=\"https:\/\/bit.ly\/3frVPLT\" target=\"_blank\" rel=\"noopener\">identidade negras<\/a> territorializadas.<\/span><\/p>\n<h3>O Contexto Local<\/h3>\n<p><span style=\"font-weight: 400;\">No entorno da feira livre h\u00e1 muitas favelas, de onde v\u00eam muitos de seus frequentadores, dentre elas os <a href=\"https:\/\/bit.ly\/31zEk4b\" target=\"_blank\" rel=\"noopener\">Complexos da Pedreira<\/a>, do <a href=\"https:\/\/bit.ly\/2QKXK3F\" target=\"_blank\" rel=\"noopener\">Chapad\u00e3o<\/a>, de Barros Filho e o de <a href=\"https:\/\/bit.ly\/3csVmo6\" target=\"_blank\" rel=\"noopener\">Acari<\/a>. A <a href=\"http:\/\/bit.ly\/2lv9jwu\" target=\"_blank\" rel=\"noopener\">Pavuna<\/a> ocupa um lugar de destaque no imagin\u00e1rio carioca, em parte constru\u00eddo pela hist\u00f3ria oral da cultura popular negra, como no funk <\/span><a href=\"https:\/\/bit.ly\/2QXh267\" target=\"_blank\" rel=\"noopener\"><i><span style=\"font-weight: 400;\">Endere\u00e7o dos Bailes<\/span><\/i><\/a><span style=\"font-weight: 400;\">, mas tamb\u00e9m pela <a href=\"http:\/\/bit.ly\/2KFIy3x\" target=\"_blank\" rel=\"noopener\">narrativa midi\u00e1tica<\/a> da <a href=\"http:\/\/bit.ly\/32xTGok\" target=\"_blank\" rel=\"noopener\">pobreza<\/a> e da <a href=\"http:\/\/bit.ly\/2nWdgfe\" target=\"_blank\" rel=\"noopener\">viol\u00eancia<\/a>. \u00c9 um bairro culturalmente e numericamente negro: 62,07% da Pavuna \u00e9 negra, seja no asfalto (<\/span><span style=\"font-weight: 400;\">57,07%) <\/span><span style=\"font-weight: 400;\">ou na favela (<\/span><span style=\"font-weight: 400;\">68,71%), de acordo com<\/span> <a href=\"https:\/\/bit.ly\/31yg4iP\" target=\"_blank\" rel=\"noopener\"><span style=\"font-weight: 400;\">dados levantados a partir do censo de 2010 por pesquisadores da UFRJ<\/span><\/a>:<\/p>\n<table style=\"height: 121px;\" width=\"620\">\n<tbody>\n<tr>\n<td rowspan=\"2\"><span style=\"font-weight: 400;\">Pavuna<\/span><\/td>\n<td><span style=\"font-weight: 400;\">Brancos<\/span><\/td>\n<td><span style=\"font-weight: 400;\">Negros<\/span><\/td>\n<td><span style=\"font-weight: 400;\">Outros<\/span><\/td>\n<td><span style=\"font-weight: 400;\">Total<\/span><\/td>\n<\/tr>\n<tr>\n<td><span style=\"font-weight: 400;\">36,94<\/span><\/td>\n<td><span style=\"font-weight: 400;\">62,07<\/span><\/td>\n<td><span style=\"font-weight: 400;\">0,99<\/span><\/td>\n<td><span style=\"font-weight: 400;\">100<\/span><\/td>\n<\/tr>\n<tr>\n<td><span style=\"font-weight: 400;\">Asfalto<\/span><\/td>\n<td><span style=\"font-weight: 400;\">41,94<\/span><\/td>\n<td><span style=\"font-weight: 400;\">57,17<\/span><\/td>\n<td><span style=\"font-weight: 400;\">0,89<\/span><\/td>\n<td><span style=\"font-weight: 400;\">100<\/span><\/td>\n<\/tr>\n<tr>\n<td><span style=\"font-weight: 400;\">Favela<\/span><\/td>\n<td><span style=\"font-weight: 400;\">30,17<\/span><\/td>\n<td><span style=\"font-weight: 400;\">68,71<\/span><\/td>\n<td><span style=\"font-weight: 400;\">1,12<\/span><\/td>\n<td><span style=\"font-weight: 400;\">100<\/span><\/td>\n<\/tr>\n<\/tbody>\n<\/table>\n<p><span style=\"font-weight: 400;\"><a href=\"https:\/\/rioonwatch.org.br\/wp-content\/uploads\/2021\/04\/Composic\u0327a\u0303o-racial-da-Pavuna.png\"><img fetchpriority=\"high\" decoding=\"async\" class=\"alignright wp-image-54414\" src=\"https:\/\/rioonwatch.org.br\/wp-content\/uploads\/2021\/04\/Composic\u0327a\u0303o-racial-da-Pavuna.png\" alt=\"Composic\u0327a\u0303o racial da Pavuna\" width=\"250\" height=\"285\" srcset=\"https:\/\/rioonwatch.org.br\/wp-content\/uploads\/2021\/04\/Composic\u0327a\u0303o-racial-da-Pavuna.png 298w, https:\/\/rioonwatch.org.br\/wp-content\/uploads\/2021\/04\/Composic\u0327a\u0303o-racial-da-Pavuna-231x264.png 231w\" sizes=\"(max-width: 250px) 100vw, 250px\" \/><\/a>A feirinha me traz pessoalmente as mais diversas mem\u00f3rias da inf\u00e2ncia e da juventude em um dos bairros com o <\/span><a href=\"http:\/\/bit.ly\/2EZ4S6v\" target=\"_blank\" rel=\"noopener\"><span style=\"font-weight: 400;\">menor \u00cdndice de Desenvolvimento Social<\/span><\/a><span style=\"font-weight: 400;\"> da capital carioca,\u00a0de <\/span><a href=\"https:\/\/bit.ly\/3dCV547\" target=\"_blank\" rel=\"noopener\"><span style=\"font-weight: 400;\">0,790<\/span><\/a><span style=\"font-weight: 400;\">. Este baixo desempenho, devido a <a href=\"https:\/\/bit.ly\/3sFUuVu\" target=\"_blank\" rel=\"noopener\">pol\u00edticas p\u00fablicas ineficientes para a regi\u00e3o<\/a>, traz consequ\u00eancias diferentes para os moradores de acordo com ra\u00e7a e classe.<\/span><\/p>\n<p><span style=\"font-weight: 400;\">A <a href=\"https:\/\/bit.ly\/3r6GvaZ\" target=\"_blank\" rel=\"noopener\">interseccionalidade<\/a> das desigua<\/span>ldades entre pavunenses n\u00e3o \u00e9 um fen\u00f4meno isolado do bairro. A cidade do Rio de Janeiro evidencia a mesma tend\u00eancia hist\u00f3rica. H\u00e1 <a href=\"https:\/\/bit.ly\/38xwP1j\" target=\"_blank\" rel=\"noopener\">diferen\u00e7as entre negros e brancos<\/a> quanto a postos de trabalho dispon\u00edveis, \u00e0 empregabilidade, \u00e0 renda e ao acesso \u00e0 educa\u00e7\u00e3o. De acordo com dados do <a href=\"https:\/\/bit.ly\/2NaEATc\" target=\"_blank\" rel=\"noopener\">Censo 2010<\/a>, enquanto no Rio de Janeiro 61,16% dos trabalhadores empregados formalmente completaram o ensino m\u00e9dio, na Pavuna, o n\u00famero \u00e9 de apenas 50%. N\u00edveis de escolaridade menores resultam em sal\u00e1rios menores e possibilidades de acesso mais limitadas. Logo, partindo-se ainda dos dados do Censo 2010, dispostos desta vez, no gr\u00e1fico abaixo, \u00e9 poss\u00edvel afirmar que o bairro da Pavuna, majoritariamente negro, tem moradores com n\u00edveis de educa\u00e7\u00e3o mais baixos que a m\u00e9dia da cidade, assim limitando a empregabilidade dos pavunenses e for\u00e7ando a m\u00e9dia da renda na regi\u00e3o tamb\u00e9m para baixo da m\u00e9dia da cidade do Rio.<\/p>\n<p><a href=\"https:\/\/rioonwatch.org.br\/wp-content\/uploads\/2021\/03\/2.png\"><img decoding=\"async\" class=\"aligncenter wp-image-54321 size-medium\" title=\"Porcentagem de Ocupados de Acordo com N\u00edvel de Educa\u00e7\u00e3o, segundo dados do Censo 2010.\" src=\"https:\/\/rioonwatch.org.br\/wp-content\/uploads\/2021\/03\/2-620x382.png\" alt=\"\" width=\"620\" height=\"382\" srcset=\"https:\/\/rioonwatch.org.br\/wp-content\/uploads\/2021\/03\/2-620x382.png 620w, https:\/\/rioonwatch.org.br\/wp-content\/uploads\/2021\/03\/2-1024x632.png 1024w, https:\/\/rioonwatch.org.br\/wp-content\/uploads\/2021\/03\/2-428x264.png 428w, https:\/\/rioonwatch.org.br\/wp-content\/uploads\/2021\/03\/2-768x474.png 768w, https:\/\/rioonwatch.org.br\/wp-content\/uploads\/2021\/03\/2.png 1031w\" sizes=\"(max-width: 620px) 100vw, 620px\" \/><\/a><\/p>\n<p><span style=\"font-weight: 400;\">O <a href=\"http:\/\/bit.ly\/2lYYNgW\" target=\"_blank\" rel=\"noopener\">racismo estrutural<\/a> junto \u00e0 falta de acesso \u00e0 educa\u00e7\u00e3o, e <a href=\"https:\/\/bit.ly\/2ZYdxPa\" target=\"_blank\" rel=\"noopener\">educa\u00e7\u00e3o de baixa qualidade de forma geral<\/a>, funcionam como pilar central da reprodu\u00e7\u00e3o da desigualdade racial. S\u00e3o condi\u00e7\u00f5es convenientes para a manuten\u00e7\u00e3o de si mesmas, elas se auto reproduzem, se auto mant\u00eam. \u00c9 como se o concreto de uma viga de um pr\u00e9dio se auto preservasse, eliminando a necessidade de constante manuten\u00e7\u00e3o. \u00c9, provavelmente, por ser t\u00e3o desigual que o <\/span><span style=\"font-weight: 400;\">bairro <a href=\"https:\/\/bit.ly\/3m5pEDe\" target=\"_blank\" rel=\"noopener\">carrega em sua <\/a><\/span><span style=\"font-weight: 400;\">hist\u00f3ria<\/span><span style=\"font-weight: 400;\"> a luta e a resist\u00eancia cotidiana<\/span><span style=\"font-weight: 400;\">, na busca di\u00e1ria pela sobreviv\u00eancia.<\/span><\/p>\n<p><span style=\"font-weight: 400;\"><a href=\"https:\/\/rioonwatch.org.br\/wp-content\/uploads\/2021\/03\/Pavuna-e-um-bairro-de-trabalhadores-negros-que-desde-sempre-lutam-por-sua-sobrevivencia-e-por-direitos.-Na-foto-uma-visita-do-presidente-Dutra-a-Pavuna-na-decada-de-1950..jpg\"><img loading=\"lazy\" decoding=\"async\" class=\"alignright wp-image-54388\" title=\"Pavuna \u00e9 um bairro de trabalhadores negros que, desde sempre, lutam por sua sobreviv\u00eancia e por direitos. Na foto uma visita do presidente Dutra a Pavuna, na d\u00e9cada de 1950.\" src=\"https:\/\/rioonwatch.org.br\/wp-content\/uploads\/2021\/03\/Pavuna-e-um-bairro-de-trabalhadores-negros-que-desde-sempre-lutam-por-sua-sobrevivencia-e-por-direitos.-Na-foto-uma-visita-do-presidente-Dutra-a-Pavuna-na-decada-de-1950.-368x264.jpg\" alt=\"Pavuna \u00e9 um bairro de trabalhadores negros que, desde sempre, lutam por sua sobreviv\u00eancia e por direitos. Na foto uma visita do presidente Dutra a Pavuna, na d\u00e9cada de 1950.\" width=\"300\" height=\"215\" srcset=\"https:\/\/rioonwatch.org.br\/wp-content\/uploads\/2021\/03\/Pavuna-e-um-bairro-de-trabalhadores-negros-que-desde-sempre-lutam-por-sua-sobrevivencia-e-por-direitos.-Na-foto-uma-visita-do-presidente-Dutra-a-Pavuna-na-decada-de-1950.-368x264.jpg 368w, https:\/\/rioonwatch.org.br\/wp-content\/uploads\/2021\/03\/Pavuna-e-um-bairro-de-trabalhadores-negros-que-desde-sempre-lutam-por-sua-sobrevivencia-e-por-direitos.-Na-foto-uma-visita-do-presidente-Dutra-a-Pavuna-na-decada-de-1950.-620x444.jpg 620w, https:\/\/rioonwatch.org.br\/wp-content\/uploads\/2021\/03\/Pavuna-e-um-bairro-de-trabalhadores-negros-que-desde-sempre-lutam-por-sua-sobrevivencia-e-por-direitos.-Na-foto-uma-visita-do-presidente-Dutra-a-Pavuna-na-decada-de-1950..jpg 653w\" sizes=\"(max-width: 300px) 100vw, 300px\" \/><\/a>O bairro tamb\u00e9m enfrenta <\/span><a href=\"https:\/\/glo.bo\/3wftJcD\" target=\"_blank\" rel=\"noopener\"><span style=\"font-weight: 400;\">altos \u00edndices de viol\u00eancia urbana<\/span><\/a><span style=\"font-weight: 400;\">, outro produto do abandono hist\u00f3rico que tamb\u00e9m impacta desproporcionalme<\/span><span style=\"font-weight: 400;\">nte pavunenses <\/span><span style=\"font-weight: 400;\">negros, pobres e das favelas do bairro. Em 2017, organiza\u00e7\u00f5es como <a href=\"https:\/\/bit.ly\/3pa0VPh\" target=\"_blank\" rel=\"noopener\">Fogo Cruzado<\/a>, Funda\u00e7\u00e3o Get\u00falio Vargas (<a href=\"https:\/\/bit.ly\/3m7KbXT\" target=\"_blank\" rel=\"noopener\">FGV<\/a>) e a <\/span><span style=\"font-weight: 400;\">Diretoria de<\/span><span style=\"font-weight: 400;\"> An\u00e1lise de Pol\u00edticas P\u00fablicas<\/span><span style=\"font-weight: 400;\"> (<a href=\"http:\/\/bit.ly\/2p5DXuS\" target=\"_blank\" rel=\"noopener\">Dapp<\/a><\/span><span style=\"font-weight: 400;\">) levantaram, a partir de dados do Instituto de Seguran\u00e7a P\u00fablica (<a href=\"https:\/\/bit.ly\/3eoMUqm\" target=\"_blank\" rel=\"noopener\">ISP<\/a>), que a regi\u00e3o da grande Pavuna\u2014e bairros do entorno\u2014<a href=\"https:\/\/glo.bo\/3wftJcD\" target=\"_blank\" rel=\"noopener\">\u00e9 a mais violenta<\/a> da cidade do Rio de Janeiro. Com muita frequ\u00eancia <a href=\"https:\/\/bit.ly\/3sRXHBa\" target=\"_blank\" rel=\"noopener\">acontece viol\u00eancia armada<\/a>, com forte participa\u00e7\u00e3o do Estado.<\/span><\/p>\n<h3>Feirinha da Pavuna: Patrim\u00f4nio Cultural<\/h3>\n<p><span style=\"font-weight: 400;\">Contudo, apesar da narrativa midi\u00e1tica do medo, a tradicional Feirinha da Pavuna continua sendo uma imagem cl\u00e1ssica do sub\u00farbio carioca. L\u00e1 se vende de tudo um pouco. A diversidade \u00e9 caracter\u00edstica central das 298 barracas do mercado. Elas funcionam praticamente todos os dias da semana, entre oito horas da manh\u00e3 e oito horas da noite. Segundo o feirante Fabio de Souza, &#8220;este hor\u00e1rio de funcionamento \u00e9 um pouco mais expandido em rela\u00e7\u00e3o a outras feiras da cidade gra\u00e7as ao direito de assentamento concedido \u00e0 localidade pela prefeitura\u201d.\u00a0<\/span><\/p>\n<p><iframe title=\"YouTube video player\" src=\"https:\/\/www.youtube.com\/embed\/kcl2Octs3yY\" width=\"620\" height=\"349\" frameborder=\"0\" allowfullscreen=\"allowfullscreen\"><span data-mce-type=\"bookmark\" style=\"display: inline-block; width: 0px; overflow: hidden; line-height: 0;\" class=\"mce_SELRES_start\">\ufeff<\/span><\/iframe><\/p>\n<p><span style=\"font-weight: 400;\">\u00c9 dif\u00edcil encontrar algum suburbano que nunca tenha ouvido falar desse mercado popular, por conta de sua import\u00e2ncia cultural e hist\u00f3rica. Entre um trago na bebida, um jogo, um encontro, uma barraca e uma venda, \u00e9 poss\u00edvel ver e ouvir o que a Pavuna tem. O com\u00e9rcio de rua local tem, aproximadamente, 50 anos de exist\u00eancia e se estende at\u00e9 a cal\u00e7ada da cidade vizinha de <a href=\"http:\/\/bit.ly\/2ma11KL\" target=\"_blank\" rel=\"noopener\">S\u00e3o Jo\u00e3o de Meriti<\/a>. O limite entre o munic\u00edpio da <a href=\"http:\/\/bit.ly\/32JVvht\" target=\"_blank\" rel=\"noopener\">Baixada Fluminense<\/a> e o bairro carioca \u00e9 o rio que deu origem ao nome do bairro: o Rio Pavuna.<\/span><\/p>\n<p><span style=\"font-weight: 400;\">Pavuna tem sua origem na l\u00edngua <\/span><a href=\"https:\/\/bit.ly\/3mhuVru\" target=\"_blank\" rel=\"noopener\"><span style=\"font-weight: 400;\">Tupi e significa \u201clugar de trevas\u201d ou \u201clagoa escura<\/span><\/a><span style=\"font-weight: 400;\">\u201d<\/span><span style=\"font-weight: 400;\">, que n\u00e3o define o imagin\u00e1rio popular sobre o bairro. Marca maior \u00e9 uma composi\u00e7\u00e3o de <a href=\"https:\/\/bit.ly\/2PIKHiL\" target=\"_blank\" rel=\"noopener\">Jovelina P\u00e9rola Negra<\/a>, o samba <\/span><a href=\"https:\/\/bit.ly\/31A6X0O\" target=\"_blank\" rel=\"noopener\"><i><span style=\"font-weight: 400;\">Feirinha da Pavuna (Confus\u00e3o de Legumes)<\/span><\/i><\/a><span style=\"font-weight: 400;\">, composto ap\u00f3s Jovelina ter presenciado uma briga na feira, enquanto passava pela localidade na d\u00e9cada de 1980.<\/span><\/p>\n<p><iframe title=\"YouTube video player\" src=\"https:\/\/www.youtube.com\/embed\/eOQEbD1t1qA\" width=\"620\" height=\"349\" frameborder=\"0\" allowfullscreen=\"allowfullscreen\"><span data-mce-type=\"bookmark\" style=\"display: inline-block; width: 0px; overflow: hidden; line-height: 0;\" class=\"mce_SELRES_start\">\ufeff<\/span><\/iframe><\/p>\n<p><span style=\"font-weight: 400;\"><a href=\"https:\/\/bit.ly\/3wdNXn3\" target=\"_blank\" rel=\"noopener\">Jovelina fez hist\u00f3ria no samba<\/a>, ficando conhecida por seu repert\u00f3rio musical e por sua voz marcante. Jovelina foi uma das poucas sambistas e compositoras a ganhar reconhecimento em um meio ainda t\u00e3o masculino. A saudosa cantora deixou um enorme legado art\u00edstico para o bairro, mesmo sendo moradora do munic\u00edpio vizinho de <a href=\"http:\/\/bit.ly\/32a7KVg\" target=\"_blank\" rel=\"noopener\">Belford Roxo<\/a>.<\/span><\/p>\n<p><a href=\"https:\/\/rioonwatch.org.br\/wp-content\/uploads\/2021\/03\/Jovelina-Perola-Negra.jpg\"><img loading=\"lazy\" decoding=\"async\" class=\"aligncenter wp-image-54375\" title=\"Jovelina P\u00e9rola Negra\" src=\"https:\/\/rioonwatch.org.br\/wp-content\/uploads\/2021\/03\/Jovelina-Perola-Negra.jpg\" alt=\"Jovelina P\u00e9rola Negra\" width=\"620\" height=\"465\" srcset=\"https:\/\/rioonwatch.org.br\/wp-content\/uploads\/2021\/03\/Jovelina-Perola-Negra.jpg 800w, https:\/\/rioonwatch.org.br\/wp-content\/uploads\/2021\/03\/Jovelina-Perola-Negra-620x465.jpg 620w, https:\/\/rioonwatch.org.br\/wp-content\/uploads\/2021\/03\/Jovelina-Perola-Negra-352x264.jpg 352w, https:\/\/rioonwatch.org.br\/wp-content\/uploads\/2021\/03\/Jovelina-Perola-Negra-768x576.jpg 768w, https:\/\/rioonwatch.org.br\/wp-content\/uploads\/2021\/03\/Jovelina-Perola-Negra-174x131.jpg 174w, https:\/\/rioonwatch.org.br\/wp-content\/uploads\/2021\/03\/Jovelina-Perola-Negra-300x225.jpg 300w, https:\/\/rioonwatch.org.br\/wp-content\/uploads\/2021\/03\/Jovelina-Perola-Negra-70x53.jpg 70w\" sizes=\"(max-width: 620px) 100vw, 620px\" \/><\/a><\/p>\n<p><span style=\"font-weight: 400;\">A Feirinha da Pavuna foi declarada <\/span><a href=\"https:\/\/bit.ly\/3m9ERmF\" target=\"_blank\" rel=\"noopener\"><span style=\"font-weight: 400;\">patrim\u00f4nio cultural imaterial da cidade<\/span><\/a><span style=\"font-weight: 400;\"> em 2014, atrav\u00e9s da <\/span><a href=\"https:\/\/bit.ly\/3m9ERmF\" target=\"_blank\" rel=\"noopener\"><span style=\"font-weight: 400;\">Lei N \u00ba 5.787\/2014<\/span><\/a><span style=\"font-weight: 400;\">. Orgulho de muitos trabalhadores locais, que diariamente sustentam suas fam\u00edlias a partir de suas vendas, a feira s\u00f3 teve esse reconhecimento hist\u00f3rico ap\u00f3s uma forte <\/span><span style=\"font-weight: 400;\"><a href=\"https:\/\/bit.ly\/3rF9sJV\" target=\"_blank\" rel=\"noopener\">campanha nas redes sociais<\/a> mobilizada a partir da Arena Carioca Jovelina P\u00e9rola Negra<\/span><span style=\"font-weight: 400;\">, aparelho cultural popular e p\u00fablico mantido pela Prefeitura do Rio de Janeiro, na Pavuna. Tomba-se a luta de trabalhadores e moradores da Pavuna.<\/span><\/p>\n<p><a href=\"https:\/\/rioonwatch.org.br\/wp-content\/uploads\/2021\/03\/Arena-Jovelina-Perola-Negra-toda-reformada-referencia-de-producao-cultural-no-suburbio-carioca.-Fotos-Marcos-de-Paula-Prefeitura-do-Rio.jpg\"><img loading=\"lazy\" decoding=\"async\" class=\"aligncenter wp-image-54380 size-content\" title=\"Arena Jovelina P\u00e9rola Negra, toda reformada refer\u00eancia de produ\u00e7\u00e3o cultural no sub\u00farbio carioca. Fotos Marcos de Paula\/Prefeitura do Rio\" src=\"https:\/\/rioonwatch.org.br\/wp-content\/uploads\/2021\/03\/Arena-Jovelina-Perola-Negra-toda-reformada-referencia-de-producao-cultural-no-suburbio-carioca.-Fotos-Marcos-de-Paula-Prefeitura-do-Rio-620x264.jpg\" alt=\"Arena Jovelina P\u00e9rola Negra, toda reformada refer\u00eancia de produ\u00e7\u00e3o cultural no sub\u00farbio carioca. Fotos Marcos de Paula\/Prefeitura do Rio\" width=\"620\" height=\"264\" srcset=\"https:\/\/rioonwatch.org.br\/wp-content\/uploads\/2021\/03\/Arena-Jovelina-Perola-Negra-toda-reformada-referencia-de-producao-cultural-no-suburbio-carioca.-Fotos-Marcos-de-Paula-Prefeitura-do-Rio-620x264.jpg 620w, https:\/\/rioonwatch.org.br\/wp-content\/uploads\/2021\/03\/Arena-Jovelina-Perola-Negra-toda-reformada-referencia-de-producao-cultural-no-suburbio-carioca.-Fotos-Marcos-de-Paula-Prefeitura-do-Rio-940x400.jpg 940w\" sizes=\"(max-width: 620px) 100vw, 620px\" \/><\/a><\/p>\n<p><span style=\"font-weight: 400;\">N\u00e3o apenas como um local de compras, mas de muita sociabilidade, moradores diariamente frequentam o com\u00e9rcio, confraternizam, compram e criam la\u00e7os na feira e em bares da localidade; neg\u00f3cios nascidos dos la\u00e7os de solidariedade de uma popula\u00e7\u00e3o majoritariamente negra e migrante.<\/span><\/p>\n<p><span style=\"font-weight: 400;\">Outro espa\u00e7o bastante frequentado na regi\u00e3o \u00e9 o Beco da Teresa, sobre o Rio Pavuna. O beco \u00e9 bastante conhecido pela venda de alimentos t\u00edpicos do nordeste e por frequentadores que se encontram para socializar, beber e comer pratos nordestinos. Entre uma barraca e outra, ao som de um forr\u00f3, os mais antigos encontram-se frequentemente para uma conversa.\u00a0<\/span><\/p>\n<h3>O Cora\u00e7\u00e3o da Pavuna por uma Frequentadora, um Trabalhador e a Associa\u00e7\u00e3o dos Comerciantes Informais<\/h3>\n<p><a href=\"https:\/\/rioonwatch.org.br\/wp-content\/uploads\/2021\/03\/Placa-Turistica-da-Feirinha-da-Pavuna-colocada-pela-Prefeitura-do-Rio-de-Janeiro.-Foto-do-Google-Street-View-1.jpg\"><img loading=\"lazy\" decoding=\"async\" class=\"aligncenter wp-image-54378 size-content\" title=\"Placa Tur\u00edstica da Feirinha da Pavuna colocada pela Prefeitura do Rio de Janeiro. Foto do Google Street View\" src=\"https:\/\/rioonwatch.org.br\/wp-content\/uploads\/2021\/03\/Placa-Turistica-da-Feirinha-da-Pavuna-colocada-pela-Prefeitura-do-Rio-de-Janeiro.-Foto-do-Google-Street-View-1-620x264.jpg\" alt=\"Placa tur\u00edstica da Feirinha da Pavuna colocada pela Prefeitura do Rio de Janeiro. Foto do Google Street View\" width=\"620\" height=\"264\" \/><\/a><\/p>\n<p><span style=\"font-weight: 400;\">A frequentadora Zenaide Feitosa, 64 anos, \u00e9 moradora e comerciante no Parque Col\u00fambia, um bairro vizinho. Ela diz frequentar o espa\u00e7o desde o ano de 1984, quando come\u00e7ou a morar na regi\u00e3o. Atualmente, sua ida \u00e0 feira ficou bastante reduzida por conta dos cuidados em rela\u00e7\u00e3o ao <a href=\"https:\/\/bit.ly\/2xOpNGB\" target=\"_blank\" rel=\"noopener\">coronav\u00edrus<\/a>, por pertencer ao grupo de risco devido \u00e0 idade. No entanto, Zenaide afirma que, mensalmente, quando tira alguns dias para pagar suas contas no banco, ela passa na feira e realiza algumas compras.\u00a0<\/span><\/p>\n<p><span style=\"font-weight: 400;\">Zenaide fala com bastante entusiasmo sobre sua rela\u00e7\u00e3o com a feira, das lembran\u00e7as das comidas a granel que comprava, de um parque infantil onde suas filhas brincavam quando pequenas. Segundo a cliente, quando n\u00e3o se encontra o que se quer em uma barraca, \u00e9 quase certo de se encontrar no feirante vizinho, destacando a variedade de produtos vendidos.<\/span><\/p>\n<p><span style=\"font-weight: 400;\">J\u00e1 F\u00e1bio de Souza, 41 anos, conta sua hist\u00f3ria enquanto trabalhador da Feirinha da Pavuna. Filho de camel\u00f4, passou a trabalhar aos sete anos como ajudante de lanterneiro, para trazer renda para casa. F\u00e1bio afirma j\u00e1 ter trabalhado em diversas regi\u00f5es da cidade, mas nunca ter ficado parado. J\u00e1 fez um pouco de tudo ao longo da vida para sustentar sua fam\u00edlia. F\u00e1bio foi vendedor de ma\u00e7\u00e3 do amor, de doces, de produtos em sinais de tr\u00e2nsito e durante o carnaval. Depois foi camel\u00f4 com seu pai na Rua dos Romeiros, na <a href=\"https:\/\/bit.ly\/31jPWcp\" target=\"_blank\" rel=\"noopener\">Penha<\/a>, e tamb\u00e9m trabalhou no transporte p\u00fablico vendendo mercadorias. F\u00e1bio conta que teve uma pequena padaria e uma locadora na Pavuna, mas que precisou vend\u00ea-las por conta do alto \u00edndice de assaltos e alta generalizada de pre\u00e7os, o impedindo de manter suas lojas abertas.<\/span><\/p>\n<p><span style=\"font-weight: 400;\"><a href=\"https:\/\/rioonwatch.org.br\/wp-content\/uploads\/2021\/03\/Fabio-de-Souza-e-feirante-na-Feirinha-da-Pavuna-de-onde-tira-todo-seu-sustento-e-de-seus-familiares.-Foto-de-Fabio-de-Souza.jpeg\"><img loading=\"lazy\" decoding=\"async\" class=\"aligncenter wp-image-54383 size-content\" title=\"F\u00e1bio de Souza \u00e9 feirante na Feirinha da Pavuna, de onde tira todo seu sustento e de seus familiares. Foto de F\u00e1bio de Souza\" src=\"https:\/\/rioonwatch.org.br\/wp-content\/uploads\/2021\/03\/Fabio-de-Souza-e-feirante-na-Feirinha-da-Pavuna-de-onde-tira-todo-seu-sustento-e-de-seus-familiares.-Foto-de-Fabio-de-Souza-620x264.jpeg\" alt=\"F\u00e1bio de Souza \u00e9 feirante na Feirinha da Pavuna, de onde tira todo seu sustento e de seus familiares. Foto de F\u00e1bio de Souza\" width=\"620\" height=\"264\" srcset=\"https:\/\/rioonwatch.org.br\/wp-content\/uploads\/2021\/03\/Fabio-de-Souza-e-feirante-na-Feirinha-da-Pavuna-de-onde-tira-todo-seu-sustento-e-de-seus-familiares.-Foto-de-Fabio-de-Souza-620x264.jpeg 620w, https:\/\/rioonwatch.org.br\/wp-content\/uploads\/2021\/03\/Fabio-de-Souza-e-feirante-na-Feirinha-da-Pavuna-de-onde-tira-todo-seu-sustento-e-de-seus-familiares.-Foto-de-Fabio-de-Souza-940x400.jpeg 940w\" sizes=\"(max-width: 620px) 100vw, 620px\" \/><\/a><\/span><\/p>\n<p><span style=\"font-weight: 400;\">Gosto pela arte da venda junto \u00e0 necessidade de renda fizeram com que F\u00e1bio n\u00e3o desistisse do seu pr\u00f3prio neg\u00f3cio e montasse sua primeira banca na Feirinha da Pavuna em 2011. Com R$300 que pegou emprestado, F\u00e1bio come\u00e7ou uma pequena barraca de frutas. Ele conseguiu expandi-la depois de algum retorno financeiro. Hoje, com bastante orgulho, ele narra a import\u00e2ncia de seu trabalho para empregar familiares, entre eles seu pai, sua esposa e seu sogro.<\/span><\/p>\n<p><span style=\"font-weight: 400;\">F\u00e1bio diz que tem clientes que v\u00eam de <a href=\"https:\/\/bit.ly\/3ds4Bqz\" target=\"_blank\" rel=\"noopener\">Botafogo<\/a>, <a href=\"http:\/\/bit.ly\/2SwXdyH\" target=\"_blank\" rel=\"noopener\">Tijuca<\/a>, <a href=\"http:\/\/bit.ly\/1m4QAQR\" target=\"_blank\" rel=\"noopener\">Campo Grande<\/a>, Cabu\u00e7u e at\u00e9 mesmo de <a href=\"http:\/\/bit.ly\/2HlYEfp\" target=\"_blank\" rel=\"noopener\">Niter\u00f3i<\/a>. Eles fazem quest\u00e3o de comprar na Pavuna porque o pre\u00e7o \u00e9 bem mais em conta. \u201cEles pedem para refor\u00e7ar a bolsa porque eles est\u00e3o vindo de longe\u201d. Para ele, a feira \u00e9 \u201co cora\u00e7\u00e3o da Pavuna, de uma import\u00e2ncia n\u00e3o s\u00f3 econ\u00f4mica, mas tamb\u00e9m social, porque [veja s\u00f3] h\u00e1 quanto tempo estamos ali, fazendo de tudo para regularizar o mercado, mantendo o pre\u00e7o da mercadoria mesmo quando \u00e0s vezes sobe demais. Baixamos nossa margem, mas mantemos o mesmo pre\u00e7o&#8230; o \u00f3leo&#8230; [e outras] coisas duplicaram de valor e n\u00f3s continuamos com o sacol\u00e3o a R$1,99. E n\u00e3o \u00e9 porque n\u00f3s estamos pagando mais barato n\u00e3o! \u00c9 porque estamos mantendo o pre\u00e7o. Vamos ao mercado, levantamos de madrugada, rodamos v\u00e1rias horas no <a href=\"https:\/\/bit.ly\/2UKEq68\" target=\"_blank\" rel=\"noopener\">Ceasa<\/a> e brigamos por pre\u00e7os para poder manter o melhor para o morador da Pavuna e dos bairros vizinhos\u201d.<\/span><\/p>\n<p><span style=\"font-weight: 400;\">C\u00e1tia Santana, 47 anos, feirante, ocupa atualmente a vice-presid\u00eancia da <a href=\"https:\/\/bit.ly\/3rG9H7I\" target=\"_blank\" rel=\"noopener\">Associa\u00e7\u00e3o dos Comerciantes Informais da Pavuna (A.C.I.P.)<\/a>, institui\u00e7\u00e3o que busca ordenar o com\u00e9rcio e luta por pol\u00edticas p\u00fablicas para os trabalhadores do mercado popular a c\u00e9u aberto. Ela tamb\u00e9m fala da <a href=\"https:\/\/bit.ly\/2Rku5Mf\" target=\"_blank\" rel=\"noopener\">aus\u00eancia do poder p\u00fablico<\/a>: &#8220;Muitas coisas precisam ser feitas para n\u00f3s, <a href=\"https:\/\/glo.bo\/2wYGwpX\" target=\"_blank\" rel=\"noopener\">trabalhadores informais<\/a>, pois n\u00e3o temos nenhum tipo de assist\u00eancia, estamos abandonados pelo poder p\u00fablico&#8230; eles s\u00f3 v\u00eam aqui fazer <a href=\"https:\/\/glo.bo\/2PIkIbe\" target=\"_blank\" rel=\"noopener\">apreens\u00f5es de mercadorias e barracas<\/a>. Precisamos de parcerias de trabalho com o poder p\u00fablico&#8230; tentamos ordenar a Feirinha da Pavuna, mas n\u00e3o temos suporte. Assim junto com os diretores da A.C.I.P. tentamos dar tranquilidade aos trabalhadores informais\u201d.<\/span><\/p>\n<p><span style=\"font-weight: 400;\">Ela lembra da rela\u00e7\u00e3o de gera\u00e7\u00f5es de sua fam\u00edlia com a feira: \u201ccomecei trabalhar na Feira da Pavuna com nove anos de idade, com minha m\u00e3e. Gra\u00e7as a Deus e \u00e0 Feira da Pavuna minha m\u00e3e me criou, eu criei meu filho e ele cria os dele\u201d.<\/span><\/p>\n<p><span style=\"font-weight: 400;\">\u00c9 poss\u00edvel encontrar nas falas de C\u00e1tia e F\u00e1bio, trabalhadores da Feirinha da Pavuna\u2014ambos feirantes, trabalhadores que se articulam para assegurar a perman\u00eancia da feira, melhorias e dignidade\u2014uma forte liga\u00e7\u00e3o social e pol\u00edtica com o territ\u00f3rio, suas corporeidades e narrativas. Ao longo de gera\u00e7\u00f5es, solidariedades e lutas territorializadas no espa\u00e7o suburbano d\u00e3o origem \u00e0 Feirinha da Pavuna, patrim\u00f4nio da popula\u00e7\u00e3o negra do Rio de Janeiro.<\/span><\/p>\n<p><em>Sobre a autora: <\/em><em>Ingra Maciel, moradora de\u00a0<a href=\"https:\/\/bit.ly\/3csVmo6\" target=\"_blank\" rel=\"noopener noreferrer\">Acari,<\/a>\u00a0tem 28 anos e \u00e9 formada em Hist\u00f3ria pela UFRJ, p\u00f3s-graduada em ensino de Hist\u00f3ria da \u00c1frica, pelo Col\u00e9gio Pedro II e auxiliar de pesquisa do Medialab da UFRJ. Na gradua\u00e7\u00e3o desenvolveu <a href=\"https:\/\/bit.ly\/33dA2AA\" target=\"_blank\" rel=\"noopener\">sua pesquisa acerca da criminaliza\u00e7\u00e3o do funk carioca<\/a> e o seu processo de resist\u00eancia, e atualmente vem estudando o funk carioca a partir da perspectiva pedag\u00f3gica.<\/em><\/p>\n<p><em>Sobre a artista: <span class=\"il\">Natalia<\/span>\u00a0de Souza\u00a0<span class=\"il\">Flores \u00e9<\/span> cria da Zona Norte e integrante das Brabas Crew. Formada em Design Gr\u00e1fico pela Unigranrio em 2017, trabalha como designer desde 2015. Lan\u00e7ou a revista em quadrinhos coletiva \u2018T\u00e1 no Gibi\u2019, em 2017 na Bienal do Livro. Sua tem\u00e1tica principal \u00e9 afro usando elementos cyberpunk, wica e ind\u00edgena.<\/em><\/p>\n<p><em>Esta mat\u00e9ria faz parte da\u00a0<a href=\"http:\/\/bit.ly\/DesenraizandoRacismo\" target=\"_blank\" rel=\"noopener\">s\u00e9rie de mat\u00e9rias do projeto antirracista do RioOnWatch<\/a>. Conhe\u00e7a o nosso projeto que traz conte\u00fados midi\u00e1ticos semanais ao longo de 2021:\u00a0<i><a href=\"http:\/\/bit.ly\/EnraizandoIntro\" target=\"_blank\" rel=\"noopener\">Enraizando o Antirracismo nas Favelas<\/a>.<\/i><i>\u00a0P<\/i><i>ara contribuir com essa pauta,\u00a0<a href=\"https:\/\/bit.ly\/PautasAntirracismo\">clique aqui<\/a>.<\/i><\/em><\/p>\n<h4><b data-stringify-type=\"bold\">Compartilhe com a gente a sua opini\u00e3o sobre essa mat\u00e9ria\u00a0<\/b><b data-stringify-type=\"bold\"><a class=\"c-link\" href=\"https:\/\/bit.ly\/OpineAntirracismo\" target=\"_blank\" rel=\"noopener noreferrer\" data-stringify-link=\"https:\/\/docs.google.com\/forms\/d\/e\/1FAIpQLSc6PJwxQ0eapYlfSfsr8fyibg8ODzXKpGhJjXe2-8Bbxrtp1g\/viewform\" data-sk=\"tooltip_parent\">clicando aqui<\/a>.<\/b><\/h4>\n<hr \/>\n<h4><strong>Apoie nossos esfor\u00e7os para fornecer assist\u00eancia estrat\u00e9gica \u00e0s favelas do Rio, incluindo o jornalismo hiperlocal, cr\u00edtico, inovador e incans\u00e1vel do\u00a0<em>RioOnWatch<\/em><\/strong>\u2014<a href=\"http:\/\/bit.ly\/CatalisandoComunidades\">doe aqui<\/a>.<\/h4>\n<!-- AddThis Advanced Settings generic via filter on the_content --><!-- AddThis Share Buttons generic via filter on the_content -->","protected":false},"excerpt":{"rendered":"<div class=\"mh-excerpt\"><p>Click Here for English Esta mat\u00e9ria faz parte da s\u00e9rie de mat\u00e9rias do projeto antirracista do RioOnWatch. Conhe\u00e7a o nosso projeto que traz conte\u00fados midi\u00e1ticos semanais ao longo de 2021:\u00a0Enraizando o Antirracismo nas Favelas.\u00a0Para contribuir <a class=\"mh-excerpt-more\" href=\"https:\/\/rioonwatch.org.br\/?p=54316\" title=\"Feirinha da Pavuna, Patrim\u00f4nio da Popula\u00e7\u00e3o Negra do Rio de Janeiro [PODCAST]\">[&#8230;]<\/a><!-- AddThis Advanced Settings generic via filter on get_the_excerpt --><!-- AddThis Share Buttons generic via filter on get_the_excerpt --><\/p>\n<\/div>","protected":false},"author":172,"featured_media":54374,"comment_status":"closed","ping_status":"closed","sticky":false,"template":"","format":"standard","meta":{"_acf_changed":false,"_monsterinsights_skip_tracking":false,"_monsterinsights_sitenote_active":false,"_monsterinsights_sitenote_note":"","_monsterinsights_sitenote_category":0,"footnotes":""},"categories":[1621,1615,2985,1625,1612],"tags":[592,934,299,3253,959,1579,1696,436,2071,1800,506,1736,2748,575,421,422,413,2343,316,2520,502,60,128,2760,1103,324,2165,576,1760,1970,10,358,1360,498,899,2637,650,112,2974,2797,578,1144,218],"writer":[2955],"translator":[],"source":[],"ilustrador":[],"fotografo":[],"class_list":{"0":"post-54316","1":"post","2":"type-post","3":"status-publish","4":"format-standard","5":"has-post-thumbnail","7":"category-destaque","8":"category-cultura-da-favela","9":"category-podcast","10":"category-por-correspondentes-comunitarios","11":"category-sociedade-civil","12":"tag-acari","13":"tag-acesso","14":"tag-alimentacao","15":"tag-antirracismo","16":"tag-baixada-fluminense","17":"tag-belford-roxo","18":"tag-botafogo","19":"tag-campo-grande","20":"tag-censo","21":"tag-chapadao","22":"tag-comercio-local","23":"tag-complexo-da-pedreira","24":"tag-coronavirus","25":"tag-costa-barros","26":"tag-cultura-da-favela","27":"tag-cultura-de-rua","28":"tag-desigualdade","29":"tag-economia-informal","30":"tag-educacao","31":"tag-fgv","32":"tag-funk","33":"tag-tijuca","34":"tag-historia","35":"tag-idh","36":"tag-informalidade","37":"tag-infraestrutura","38":"tag-isp","39":"tag-morro-da-pedreira","40":"tag-narrativa-midiatica","41":"tag-negritude","42":"tag-niteroi","43":"tag-organizacao-comunitaria","44":"tag-pavuna","45":"tag-penha","46":"tag-preservacao-de-cultura","47":"tag-previdencia","48":"tag-samba","49":"tag-sao-joao-de-meriti","50":"tag-serie-antirracismo","51":"tag-soberania-alimentar","52":"tag-trabalho-e-renda","53":"tag-violencia-urbana","54":"tag-zona-norte","55":"writer-ingra-maciel"},"acf":[],"yoast_head":"<!-- This site is optimized with the Yoast SEO plugin v25.6 - https:\/\/yoast.com\/wordpress\/plugins\/seo\/ -->\n<title>Feirinha da Pavuna, Patrim\u00f4nio da Popula\u00e7\u00e3o Negra do Rio de Janeiro [PODCAST] - RioOnWatch<\/title>\n<meta name=\"robots\" content=\"index, follow, max-snippet:-1, max-image-preview:large, max-video-preview:-1\" \/>\n<link rel=\"canonical\" href=\"https:\/\/rioonwatch.org.br\/?p=54316\" \/>\n<meta property=\"og:locale\" content=\"pt_BR\" \/>\n<meta property=\"og:type\" content=\"article\" \/>\n<meta property=\"og:title\" content=\"Feirinha da Pavuna, Patrim\u00f4nio da Popula\u00e7\u00e3o Negra do Rio de Janeiro [PODCAST] - RioOnWatch\" \/>\n<meta property=\"og:description\" content=\"Click Here for English Esta mat\u00e9ria faz parte da s\u00e9rie de mat\u00e9rias do projeto antirracista do RioOnWatch. Conhe\u00e7a o nosso projeto que traz conte\u00fados midi\u00e1ticos semanais ao longo de 2021:\u00a0Enraizando o Antirracismo nas Favelas.\u00a0Para contribuir [...]\" \/>\n<meta property=\"og:url\" content=\"https:\/\/rioonwatch.org.br\/?p=54316\" \/>\n<meta property=\"og:site_name\" content=\"RioOnWatch\" \/>\n<meta property=\"article:published_time\" content=\"2021-04-02T11:13:29+00:00\" \/>\n<meta property=\"article:modified_time\" content=\"2024-05-24T15:31:13+00:00\" \/>\n<meta property=\"og:image\" content=\"https:\/\/rioonwatch.org.br\/wp-content\/uploads\/2021\/03\/Arte-original-Natalia-S.-Flores.jpg\" \/>\n\t<meta property=\"og:image:width\" content=\"2480\" \/>\n\t<meta property=\"og:image:height\" content=\"1056\" \/>\n\t<meta property=\"og:image:type\" content=\"image\/jpeg\" \/>\n<meta name=\"author\" content=\"Gabriela Buffon Vargas\" \/>\n<meta name=\"twitter:card\" content=\"summary_large_image\" \/>\n<meta name=\"twitter:label1\" content=\"Escrito por\" \/>\n\t<meta name=\"twitter:data1\" content=\"Gabriela Buffon Vargas\" \/>\n\t<meta name=\"twitter:label2\" content=\"Est. tempo de leitura\" \/>\n\t<meta name=\"twitter:data2\" content=\"11 minutos\" \/>\n<script type=\"application\/ld+json\" class=\"yoast-schema-graph\">{\"@context\":\"https:\/\/schema.org\",\"@graph\":[{\"@type\":\"Article\",\"@id\":\"https:\/\/rioonwatch.org.br\/?p=54316#article\",\"isPartOf\":{\"@id\":\"https:\/\/rioonwatch.org.br\/?p=54316\"},\"author\":{\"name\":\"Gabriela Buffon Vargas\",\"@id\":\"https:\/\/rioonwatch.org.br\/#\/schema\/person\/25e77d79d09696eba4e7e9fde4e5aeb8\"},\"headline\":\"Feirinha da Pavuna, Patrim\u00f4nio da Popula\u00e7\u00e3o Negra do Rio de Janeiro [PODCAST]\",\"datePublished\":\"2021-04-02T11:13:29+00:00\",\"dateModified\":\"2024-05-24T15:31:13+00:00\",\"mainEntityOfPage\":{\"@id\":\"https:\/\/rioonwatch.org.br\/?p=54316\"},\"wordCount\":2285,\"publisher\":{\"@id\":\"https:\/\/rioonwatch.org.br\/#organization\"},\"image\":{\"@id\":\"https:\/\/rioonwatch.org.br\/?p=54316#primaryimage\"},\"thumbnailUrl\":\"https:\/\/rioonwatch.org.br\/wp-content\/uploads\/2021\/03\/Arte-original-Natalia-S.-Flores.jpg\",\"keywords\":[\"Acari\",\"acesso\",\"alimenta\u00e7\u00e3o\",\"Antirracismo\",\"Baixada Fluminense\",\"Belford Roxo\",\"Botafogo\",\"Campo Grande\",\"censo\",\"Chapad\u00e3o\",\"com\u00e9rcio local\",\"Complexo da Pedreira\",\"coronav\u00edrus\",\"Costa Barros\",\"cultura da favela\",\"cultura de rua\",\"desigualdade\",\"economia informal\",\"educa\u00e7\u00e3o\",\"FGV\",\"funk\",\"Grande Tijuca\",\"hist\u00f3ria\",\"IDH\",\"informalidade\",\"infraestrutura\",\"ISP\",\"Morro da Pedreira\",\"narrativa midi\u00e1tica\",\"negritude\",\"Niter\u00f3i\",\"organiza\u00e7\u00e3o comunit\u00e1ria\",\"Pavuna\",\"Penha\",\"preserva\u00e7\u00e3o de cultura\",\"previd\u00eancia\",\"samba\",\"S\u00e3o Jo\u00e3o de Meriti\",\"S\u00e9rie: Antirracismo\",\"soberania alimentar\",\"Trabalho e renda\",\"viol\u00eancia urbana\",\"Zona Norte\"],\"articleSection\":[\"*Destaque\",\"Cultura da Favela\",\"Epis\u00f3dios de Podcast\",\"Escrito por Comunicadores Populares\",\"Sociedade Civil\"],\"inLanguage\":\"pt-BR\"},{\"@type\":\"WebPage\",\"@id\":\"https:\/\/rioonwatch.org.br\/?p=54316\",\"url\":\"https:\/\/rioonwatch.org.br\/?p=54316\",\"name\":\"Feirinha da Pavuna, Patrim\u00f4nio da Popula\u00e7\u00e3o Negra do Rio de Janeiro [PODCAST] - RioOnWatch\",\"isPartOf\":{\"@id\":\"https:\/\/rioonwatch.org.br\/#website\"},\"primaryImageOfPage\":{\"@id\":\"https:\/\/rioonwatch.org.br\/?p=54316#primaryimage\"},\"image\":{\"@id\":\"https:\/\/rioonwatch.org.br\/?p=54316#primaryimage\"},\"thumbnailUrl\":\"https:\/\/rioonwatch.org.br\/wp-content\/uploads\/2021\/03\/Arte-original-Natalia-S.-Flores.jpg\",\"datePublished\":\"2021-04-02T11:13:29+00:00\",\"dateModified\":\"2024-05-24T15:31:13+00:00\",\"breadcrumb\":{\"@id\":\"https:\/\/rioonwatch.org.br\/?p=54316#breadcrumb\"},\"inLanguage\":\"pt-BR\",\"potentialAction\":[{\"@type\":\"ReadAction\",\"target\":[\"https:\/\/rioonwatch.org.br\/?p=54316\"]}]},{\"@type\":\"ImageObject\",\"inLanguage\":\"pt-BR\",\"@id\":\"https:\/\/rioonwatch.org.br\/?p=54316#primaryimage\",\"url\":\"https:\/\/rioonwatch.org.br\/wp-content\/uploads\/2021\/03\/Arte-original-Natalia-S.-Flores.jpg\",\"contentUrl\":\"https:\/\/rioonwatch.org.br\/wp-content\/uploads\/2021\/03\/Arte-original-Natalia-S.-Flores.jpg\",\"width\":2480,\"height\":1056,\"caption\":\"Arte original por Natalia S. Flores\"},{\"@type\":\"BreadcrumbList\",\"@id\":\"https:\/\/rioonwatch.org.br\/?p=54316#breadcrumb\",\"itemListElement\":[{\"@type\":\"ListItem\",\"position\":1,\"name\":\"In\u00edcio\",\"item\":\"https:\/\/rioonwatch.org.br\/\"},{\"@type\":\"ListItem\",\"position\":2,\"name\":\"Feirinha da Pavuna, Patrim\u00f4nio da Popula\u00e7\u00e3o Negra do Rio de Janeiro [PODCAST]\"}]},{\"@type\":\"WebSite\",\"@id\":\"https:\/\/rioonwatch.org.br\/#website\",\"url\":\"https:\/\/rioonwatch.org.br\/\",\"name\":\"RioOnWatch\",\"description\":\"relatos das favelas cariocas\",\"publisher\":{\"@id\":\"https:\/\/rioonwatch.org.br\/#organization\"},\"potentialAction\":[{\"@type\":\"SearchAction\",\"target\":{\"@type\":\"EntryPoint\",\"urlTemplate\":\"https:\/\/rioonwatch.org.br\/?s={search_term_string}\"},\"query-input\":{\"@type\":\"PropertyValueSpecification\",\"valueRequired\":true,\"valueName\":\"search_term_string\"}}],\"inLanguage\":\"pt-BR\"},{\"@type\":\"Organization\",\"@id\":\"https:\/\/rioonwatch.org.br\/#organization\",\"name\":\"RioOnWatch\",\"url\":\"https:\/\/rioonwatch.org.br\/\",\"logo\":{\"@type\":\"ImageObject\",\"inLanguage\":\"pt-BR\",\"@id\":\"https:\/\/rioonwatch.org.br\/#\/schema\/logo\/image\/\",\"url\":\"https:\/\/rioonwatch.org.br\/wp-content\/uploads\/2021\/06\/RioOnWatchcabecalhoPT11anos-2.png\",\"contentUrl\":\"https:\/\/rioonwatch.org.br\/wp-content\/uploads\/2021\/06\/RioOnWatchcabecalhoPT11anos-2.png\",\"width\":779,\"height\":277,\"caption\":\"RioOnWatch\"},\"image\":{\"@id\":\"https:\/\/rioonwatch.org.br\/#\/schema\/logo\/image\/\"}},{\"@type\":\"Person\",\"@id\":\"https:\/\/rioonwatch.org.br\/#\/schema\/person\/25e77d79d09696eba4e7e9fde4e5aeb8\",\"name\":\"Gabriela Buffon Vargas\",\"image\":{\"@type\":\"ImageObject\",\"inLanguage\":\"pt-BR\",\"@id\":\"https:\/\/rioonwatch.org.br\/#\/schema\/person\/image\/\",\"url\":\"https:\/\/secure.gravatar.com\/avatar\/34a2277c2e01615d25b508b80749bf0b?s=96&d=blank&r=g\",\"contentUrl\":\"https:\/\/secure.gravatar.com\/avatar\/34a2277c2e01615d25b508b80749bf0b?s=96&d=blank&r=g\",\"caption\":\"Gabriela Buffon Vargas\"},\"url\":\"https:\/\/rioonwatch.org.br\/?author=172\"}]}<\/script>\n<!-- \/ Yoast SEO plugin. -->","yoast_head_json":{"title":"Feirinha da Pavuna, Patrim\u00f4nio da Popula\u00e7\u00e3o Negra do Rio de Janeiro [PODCAST] - RioOnWatch","robots":{"index":"index","follow":"follow","max-snippet":"max-snippet:-1","max-image-preview":"max-image-preview:large","max-video-preview":"max-video-preview:-1"},"canonical":"https:\/\/rioonwatch.org.br\/?p=54316","og_locale":"pt_BR","og_type":"article","og_title":"Feirinha da Pavuna, Patrim\u00f4nio da Popula\u00e7\u00e3o Negra do Rio de Janeiro [PODCAST] - RioOnWatch","og_description":"Click Here for English Esta mat\u00e9ria faz parte da s\u00e9rie de mat\u00e9rias do projeto antirracista do RioOnWatch. Conhe\u00e7a o nosso projeto que traz conte\u00fados midi\u00e1ticos semanais ao longo de 2021:\u00a0Enraizando o Antirracismo nas Favelas.\u00a0Para contribuir [...]","og_url":"https:\/\/rioonwatch.org.br\/?p=54316","og_site_name":"RioOnWatch","article_published_time":"2021-04-02T11:13:29+00:00","article_modified_time":"2024-05-24T15:31:13+00:00","og_image":[{"width":2480,"height":1056,"url":"https:\/\/rioonwatch.org.br\/wp-content\/uploads\/2021\/03\/Arte-original-Natalia-S.-Flores.jpg","type":"image\/jpeg"}],"author":"Gabriela Buffon Vargas","twitter_card":"summary_large_image","twitter_misc":{"Escrito por":"Gabriela Buffon Vargas","Est. tempo de leitura":"11 minutos"},"schema":{"@context":"https:\/\/schema.org","@graph":[{"@type":"Article","@id":"https:\/\/rioonwatch.org.br\/?p=54316#article","isPartOf":{"@id":"https:\/\/rioonwatch.org.br\/?p=54316"},"author":{"name":"Gabriela Buffon Vargas","@id":"https:\/\/rioonwatch.org.br\/#\/schema\/person\/25e77d79d09696eba4e7e9fde4e5aeb8"},"headline":"Feirinha da Pavuna, Patrim\u00f4nio da Popula\u00e7\u00e3o Negra do Rio de Janeiro [PODCAST]","datePublished":"2021-04-02T11:13:29+00:00","dateModified":"2024-05-24T15:31:13+00:00","mainEntityOfPage":{"@id":"https:\/\/rioonwatch.org.br\/?p=54316"},"wordCount":2285,"publisher":{"@id":"https:\/\/rioonwatch.org.br\/#organization"},"image":{"@id":"https:\/\/rioonwatch.org.br\/?p=54316#primaryimage"},"thumbnailUrl":"https:\/\/rioonwatch.org.br\/wp-content\/uploads\/2021\/03\/Arte-original-Natalia-S.-Flores.jpg","keywords":["Acari","acesso","alimenta\u00e7\u00e3o","Antirracismo","Baixada Fluminense","Belford Roxo","Botafogo","Campo Grande","censo","Chapad\u00e3o","com\u00e9rcio local","Complexo da Pedreira","coronav\u00edrus","Costa Barros","cultura da favela","cultura de rua","desigualdade","economia informal","educa\u00e7\u00e3o","FGV","funk","Grande Tijuca","hist\u00f3ria","IDH","informalidade","infraestrutura","ISP","Morro da Pedreira","narrativa midi\u00e1tica","negritude","Niter\u00f3i","organiza\u00e7\u00e3o comunit\u00e1ria","Pavuna","Penha","preserva\u00e7\u00e3o de cultura","previd\u00eancia","samba","S\u00e3o Jo\u00e3o de Meriti","S\u00e9rie: Antirracismo","soberania alimentar","Trabalho e renda","viol\u00eancia urbana","Zona Norte"],"articleSection":["*Destaque","Cultura da Favela","Epis\u00f3dios de Podcast","Escrito por Comunicadores Populares","Sociedade Civil"],"inLanguage":"pt-BR"},{"@type":"WebPage","@id":"https:\/\/rioonwatch.org.br\/?p=54316","url":"https:\/\/rioonwatch.org.br\/?p=54316","name":"Feirinha da Pavuna, Patrim\u00f4nio da Popula\u00e7\u00e3o Negra do Rio de Janeiro [PODCAST] - RioOnWatch","isPartOf":{"@id":"https:\/\/rioonwatch.org.br\/#website"},"primaryImageOfPage":{"@id":"https:\/\/rioonwatch.org.br\/?p=54316#primaryimage"},"image":{"@id":"https:\/\/rioonwatch.org.br\/?p=54316#primaryimage"},"thumbnailUrl":"https:\/\/rioonwatch.org.br\/wp-content\/uploads\/2021\/03\/Arte-original-Natalia-S.-Flores.jpg","datePublished":"2021-04-02T11:13:29+00:00","dateModified":"2024-05-24T15:31:13+00:00","breadcrumb":{"@id":"https:\/\/rioonwatch.org.br\/?p=54316#breadcrumb"},"inLanguage":"pt-BR","potentialAction":[{"@type":"ReadAction","target":["https:\/\/rioonwatch.org.br\/?p=54316"]}]},{"@type":"ImageObject","inLanguage":"pt-BR","@id":"https:\/\/rioonwatch.org.br\/?p=54316#primaryimage","url":"https:\/\/rioonwatch.org.br\/wp-content\/uploads\/2021\/03\/Arte-original-Natalia-S.-Flores.jpg","contentUrl":"https:\/\/rioonwatch.org.br\/wp-content\/uploads\/2021\/03\/Arte-original-Natalia-S.-Flores.jpg","width":2480,"height":1056,"caption":"Arte original por Natalia S. Flores"},{"@type":"BreadcrumbList","@id":"https:\/\/rioonwatch.org.br\/?p=54316#breadcrumb","itemListElement":[{"@type":"ListItem","position":1,"name":"In\u00edcio","item":"https:\/\/rioonwatch.org.br\/"},{"@type":"ListItem","position":2,"name":"Feirinha da Pavuna, Patrim\u00f4nio da Popula\u00e7\u00e3o Negra do Rio de Janeiro [PODCAST]"}]},{"@type":"WebSite","@id":"https:\/\/rioonwatch.org.br\/#website","url":"https:\/\/rioonwatch.org.br\/","name":"RioOnWatch","description":"relatos das favelas cariocas","publisher":{"@id":"https:\/\/rioonwatch.org.br\/#organization"},"potentialAction":[{"@type":"SearchAction","target":{"@type":"EntryPoint","urlTemplate":"https:\/\/rioonwatch.org.br\/?s={search_term_string}"},"query-input":{"@type":"PropertyValueSpecification","valueRequired":true,"valueName":"search_term_string"}}],"inLanguage":"pt-BR"},{"@type":"Organization","@id":"https:\/\/rioonwatch.org.br\/#organization","name":"RioOnWatch","url":"https:\/\/rioonwatch.org.br\/","logo":{"@type":"ImageObject","inLanguage":"pt-BR","@id":"https:\/\/rioonwatch.org.br\/#\/schema\/logo\/image\/","url":"https:\/\/rioonwatch.org.br\/wp-content\/uploads\/2021\/06\/RioOnWatchcabecalhoPT11anos-2.png","contentUrl":"https:\/\/rioonwatch.org.br\/wp-content\/uploads\/2021\/06\/RioOnWatchcabecalhoPT11anos-2.png","width":779,"height":277,"caption":"RioOnWatch"},"image":{"@id":"https:\/\/rioonwatch.org.br\/#\/schema\/logo\/image\/"}},{"@type":"Person","@id":"https:\/\/rioonwatch.org.br\/#\/schema\/person\/25e77d79d09696eba4e7e9fde4e5aeb8","name":"Gabriela Buffon Vargas","image":{"@type":"ImageObject","inLanguage":"pt-BR","@id":"https:\/\/rioonwatch.org.br\/#\/schema\/person\/image\/","url":"https:\/\/secure.gravatar.com\/avatar\/34a2277c2e01615d25b508b80749bf0b?s=96&d=blank&r=g","contentUrl":"https:\/\/secure.gravatar.com\/avatar\/34a2277c2e01615d25b508b80749bf0b?s=96&d=blank&r=g","caption":"Gabriela Buffon Vargas"},"url":"https:\/\/rioonwatch.org.br\/?author=172"}]}},"_links":{"self":[{"href":"https:\/\/rioonwatch.org.br\/index.php?rest_route=\/wp\/v2\/posts\/54316"}],"collection":[{"href":"https:\/\/rioonwatch.org.br\/index.php?rest_route=\/wp\/v2\/posts"}],"about":[{"href":"https:\/\/rioonwatch.org.br\/index.php?rest_route=\/wp\/v2\/types\/post"}],"author":[{"embeddable":true,"href":"https:\/\/rioonwatch.org.br\/index.php?rest_route=\/wp\/v2\/users\/172"}],"replies":[{"embeddable":true,"href":"https:\/\/rioonwatch.org.br\/index.php?rest_route=%2Fwp%2Fv2%2Fcomments&post=54316"}],"version-history":[{"count":70,"href":"https:\/\/rioonwatch.org.br\/index.php?rest_route=\/wp\/v2\/posts\/54316\/revisions"}],"predecessor-version":[{"id":56912,"href":"https:\/\/rioonwatch.org.br\/index.php?rest_route=\/wp\/v2\/posts\/54316\/revisions\/56912"}],"wp:featuredmedia":[{"embeddable":true,"href":"https:\/\/rioonwatch.org.br\/index.php?rest_route=\/wp\/v2\/media\/54374"}],"wp:attachment":[{"href":"https:\/\/rioonwatch.org.br\/index.php?rest_route=%2Fwp%2Fv2%2Fmedia&parent=54316"}],"wp:term":[{"taxonomy":"category","embeddable":true,"href":"https:\/\/rioonwatch.org.br\/index.php?rest_route=%2Fwp%2Fv2%2Fcategories&post=54316"},{"taxonomy":"post_tag","embeddable":true,"href":"https:\/\/rioonwatch.org.br\/index.php?rest_route=%2Fwp%2Fv2%2Ftags&post=54316"},{"taxonomy":"writer","embeddable":true,"href":"https:\/\/rioonwatch.org.br\/index.php?rest_route=%2Fwp%2Fv2%2Fwriter&post=54316"},{"taxonomy":"translator","embeddable":true,"href":"https:\/\/rioonwatch.org.br\/index.php?rest_route=%2Fwp%2Fv2%2Ftranslator&post=54316"},{"taxonomy":"source","embeddable":true,"href":"https:\/\/rioonwatch.org.br\/index.php?rest_route=%2Fwp%2Fv2%2Fsource&post=54316"},{"taxonomy":"ilustrador","embeddable":true,"href":"https:\/\/rioonwatch.org.br\/index.php?rest_route=%2Fwp%2Fv2%2Filustrador&post=54316"},{"taxonomy":"fotografo","embeddable":true,"href":"https:\/\/rioonwatch.org.br\/index.php?rest_route=%2Fwp%2Fv2%2Ffotografo&post=54316"}],"curies":[{"name":"wp","href":"https:\/\/api.w.org\/{rel}","templated":true}]}}