{"id":54525,"date":"2021-04-21T10:59:32","date_gmt":"2021-04-21T13:59:32","guid":{"rendered":"https:\/\/rioonwatch.org.br\/?p=54525"},"modified":"2021-04-27T09:55:42","modified_gmt":"2021-04-27T12:55:42","slug":"favelas-lutam-para-contabilizar-seus-mortos-em-meio-ao-furor-do-coronavirus","status":"publish","type":"post","link":"https:\/\/rioonwatch.org.br\/?p=54525","title":{"rendered":"Favelas Lutam para Contabilizar Seus Mortos em Meio ao Furor do Coronav\u00edrus"},"content":{"rendered":"<p style=\"text-align: right;\"><em><strong><a href=\"https:\/\/reut.rs\/3gfaMB9\" target=\"_blank\" rel=\"noopener noreferrer\">Click Here for English<\/a><a href=\"https:\/\/reut.rs\/3gfaMB9\" target=\"_blank\" rel=\"noopener noreferrer\"><img decoding=\"async\" class=\"alignright wp-image-15790\" src=\"http:\/\/rioonwatch.org.br\/wp-content\/uploads\/2012\/08\/EN-standard-e1439583104716.jpg\" alt=\"\" width=\"20\" height=\"20\" \/><\/a><\/strong><\/em><\/p>\n<p><i data-stringify-type=\"italic\">Esta \u00e9 nossa mat\u00e9ria mais recente sobre\u00a0<\/i><i data-stringify-type=\"italic\"><a class=\"c-link\" href=\"http:\/\/bit.ly\/Covid19NasFavelas\" target=\"_blank\" rel=\"noopener noreferrer\" data-stringify-link=\"http:\/\/bit.ly\/Covid19NasFavelas\" data-sk=\"tooltip_parent\">o novo coronav\u00edrus e seus impactos sobre as favelas<\/a>. <\/i><i><em>Leia a mat\u00e9ria original por <a class=\"TextLabel__text-label___3oCVw TextLabel__black-to-orange___23uc0 TextLabel__serif___3lOpX Byline-author-2BSir\" href=\"https:\/\/reut.rs\/3dnRJCP\" target=\"_blank\" rel=\"noopener\">Fabio Teixeira<\/a>, em ingl\u00eas, no Reuters\u00a0<a href=\"https:\/\/reut.rs\/3gfaMB9\" target=\"_blank\" rel=\"noopener noreferrer\">aqui<\/a><\/em><em>.\u00a0<\/em><\/i><i><em>O RioOnWatch traduz mat\u00e9rias do ingl\u00eas para que brasileiros possam ter acesso e acompanhar temas ou an\u00e1lises cobertos fora do pa\u00eds que nem sempre s\u00e3o cobertos no Brasil.\u00a0<\/em><\/i><\/p>\n<p><span style=\"font-weight: 400;\">Antes mesmo de come\u00e7ar a \u00e1rdua tarefa de contabilizar as mortes por <a href=\"https:\/\/bit.ly\/2xOpNGB\" target=\"_blank\" rel=\"noopener\">coronav\u00edrus<\/a> nas favelas, Anna Paula Salles e sua equipe negociam o acesso com traficantes de drogas e mil\u00edcias armadas que as controlam.<\/span><\/p>\n<p><span style=\"font-weight: 400;\">\u00c9 um trabalho perigoso\u2014em uma visita a uma favela em <a href=\"https:\/\/bit.ly\/2X1gPhx\" target=\"_blank\" rel=\"noopener\">Itagua\u00ed<\/a>, uma cidade do estado do Rio, a equipe composta por mulheres teve que fugir para se salvar depois de ser pega em meio a um tiroteio entre fac\u00e7\u00f5es de traficantes e a pol\u00edcia.<\/span><\/p>\n<p><span style=\"font-weight: 400;\">Anna Paula v\u00ea uma contagem precisa das v\u00edtimas [da Covid-19] como uma parte crucial da luta contra a pandemia em um pa\u00eds que enfrenta um <a href=\"https:\/\/bit.ly\/3uWwJcn\" target=\"_blank\" rel=\"noopener\">aumento brutal de mortes por Covid-19<\/a>.<\/span><\/p>\n<p><span style=\"font-weight: 400;\">Na primeira semana de abril, o n\u00famero de mortes di\u00e1rias no <a href=\"https:\/\/bit.ly\/3mrHZud\" target=\"_blank\" rel=\"noopener\">Brasil ultrapassou 4.000<\/a> pela primeira vez, aproximando-se do recorde de um \u00fanico dia que os <a href=\"https:\/\/bit.ly\/2y11XaE\" target=\"_blank\" rel=\"noopener\">Estados Unidos<\/a> registraram em 20 de janeiro de 4.405 mortes.<\/span><\/p>\n<p><span style=\"font-weight: 400;\">Mas aqueles que tentam contar as mortes nas favelas do Rio acreditam que o verdadeiro n\u00famero de mortos \u00e9 ainda pior, com muitos casos e mortes n\u00e3o notificados pelas autoridades.<\/span><\/p>\n<p><span style=\"font-weight: 400;\">\u201cEstamos em estado de guerra\u201d, disse Anna Paula, que perdeu parentes pr\u00f3ximos e muitos amigos para a doen\u00e7a. \u201cA contagem nunca para.\u201d<\/span><\/p>\n<p><span style=\"font-weight: 400;\">Dados do governo mostram 226 mortes por Covid-19 em todo Itagua\u00ed desde o in\u00edcio da pandemia, mas Anna Paula e sua equipe <a href=\"http:\/\/www.favela.info\" target=\"_blank\" rel=\"noopener\">contabilizaram 212 mortes<\/a> apenas em uma favela, do Engenho.<\/span><\/p>\n<p><span style=\"font-weight: 400;\">A senhora de 51 anos \u00e9 um dos v\u00e1rios colaboradores de <a href=\"http:\/\/www.favela.info\" target=\"_blank\" rel=\"noopener\">um painel lan\u00e7ado<\/a> no ano passado pela organiza\u00e7\u00e3o sem fins lucrativos <a href=\"http:\/\/bit.ly\/2Ziqwv5\" target=\"_blank\" rel=\"noopener\">Comunidades Catalisadoras<\/a>* [com 20 parceiros, entre eles os coletivos de Anna Paula e Douglas]. O painel re\u00fane dados do coronav\u00edrus em favelas do Rio para tentar dar uma imagem mais verdadeira do impacto devastador.<\/span><\/p>\n<p><span style=\"font-weight: 400;\">A Comunidades Catalisadoras se baseia em informa\u00e7\u00f5es do governo e de relat\u00f3rios de not\u00edcias, mas tamb\u00e9m em um grupo de relatores baseados em favelas, geralmente lideran\u00e7as locais. Um ano depois, muitos deles est\u00e3o sentindo o desgaste.<\/span><\/p>\n<p><span style=\"font-weight: 400;\">\u201c\u00c9 um trabalho estressante\u201d, disse Anna Paula \u00e0 <em>Thomson Reuters Foundation<\/em> por telefone. \u201cPrecisamos entrar de forma muito estrat\u00e9gica e com foco.\u201d<\/span><\/p>\n<figure id=\"attachment_54532\" aria-describedby=\"caption-attachment-54532\" style=\"width: 620px\" class=\"wp-caption aligncenter\"><a href=\"https:\/\/rioonwatch.org.br\/wp-content\/uploads\/2021\/04\/Painel-Covid.jpg\"><img fetchpriority=\"high\" decoding=\"async\" class=\"wp-image-54532 size-medium\" title=\"Painel Unificador Covid-19 nas Favelas (PUF), em 17\/04\/2021\" src=\"https:\/\/rioonwatch.org.br\/wp-content\/uploads\/2021\/04\/Painel-Covid-620x295.jpg\" alt=\"\" width=\"620\" height=\"295\" srcset=\"https:\/\/rioonwatch.org.br\/wp-content\/uploads\/2021\/04\/Painel-Covid-620x295.jpg 620w, https:\/\/rioonwatch.org.br\/wp-content\/uploads\/2021\/04\/Painel-Covid-1024x487.jpg 1024w, https:\/\/rioonwatch.org.br\/wp-content\/uploads\/2021\/04\/Painel-Covid-555x264.jpg 555w, https:\/\/rioonwatch.org.br\/wp-content\/uploads\/2021\/04\/Painel-Covid-768x365.jpg 768w, https:\/\/rioonwatch.org.br\/wp-content\/uploads\/2021\/04\/Painel-Covid-1536x731.jpg 1536w, https:\/\/rioonwatch.org.br\/wp-content\/uploads\/2021\/04\/Painel-Covid.jpg 1919w\" sizes=\"(max-width: 620px) 100vw, 620px\" \/><\/a><figcaption id=\"caption-attachment-54532\" class=\"wp-caption-text\">Painel Unificador Covid-19 nas Favelas, <a href=\"http:\/\/www.favela.info\" target=\"_blank\" rel=\"noopener\">www.favela.info<\/a><\/figcaption><\/figure>\n<h3><strong>Estigma<\/strong><\/h3>\n<p><span style=\"font-weight: 400;\">O Brasil est\u00e1 lutando contra um surto de coronav\u00edrus que est\u00e1 saindo do controle, com hospitais lotados e com <a href=\"https:\/\/glo.bo\/3dpstMH\" target=\"_blank\" rel=\"noopener\">poucos suprimentos essenciais<\/a>.<\/span><\/p>\n<p><span style=\"font-weight: 400;\">Douglas Heliodoro desistiu de contar as mortes por coronav\u00edrus em sua favela depois que os moradores pararam de responder \u00e0s suas pesquisas, temendo que fossem obrigados a entrar em quarentena.<\/span><\/p>\n<p><span style=\"font-weight: 400;\">Para muitos dos mais de 60.000 moradores de <a href=\"https:\/\/bit.ly\/2WpaNbr\" target=\"_blank\" rel=\"noopener\">Rio das Pedras<\/a>, ter que ficar em casa em vez de ir para o trabalho significaria n\u00e3o <a href=\"https:\/\/bit.ly\/3r2xUVw\" target=\"_blank\" rel=\"noopener\">poder colocar comida na mesa<\/a>.<\/span><\/p>\n<p><span style=\"font-weight: 400;\">\u201cEles temem o estigma\u201d, disse Douglas, um mobilizador comunit\u00e1rio que tamb\u00e9m dirige um coletivo local. \u201cH\u00e1 muita (subnotifica\u00e7\u00e3o), mas ouvimos de boca em boca que muitas pessoas est\u00e3o morrendo.\u201d<\/span><\/p>\n<p><span style=\"font-weight: 400;\">Essa \u00e9 a realidade enfrentada pela maioria das cerca de 1,3 milh\u00e3o de pessoas que vivem nas favelas do Rio, onde as taxas de infec\u00e7\u00e3o por Covid-19 s\u00e3o mais altas devido \u00e0 m\u00e1 nutri\u00e7\u00e3o, moradias apertadas e problemas de sa\u00fade.<\/span><\/p>\n<p><span style=\"font-weight: 400;\">No m\u00eas passado, a Comunidades Catalisadoras e dezenas de outras institui\u00e7\u00f5es com foco em favelas publicaram uma <a href=\"http:\/\/bit.ly\/CartaAbertaVacinaPraFavelaJa\" target=\"_blank\" rel=\"noopener\">carta aberta<\/a> dizendo que os moradores deveriam ter prioridade nas vacinas.<\/span><\/p>\n<p><span style=\"font-weight: 400;\">\u201c<a href=\"https:\/\/bit.ly\/3eNxuwS\" target=\"_blank\" rel=\"noopener\">H\u00e1 muita subnotifica\u00e7\u00e3o<\/a> e \u00e9 maior nas favelas\u201d, disse Theresa Williamson, diretora da Comunidades Catalisadoras. \u201cCom os dados que temos&#8230; j\u00e1 sabemos que (as favelas) s\u00e3o mais vulner\u00e1veis.\u201d<\/span><\/p>\n<p><span style=\"font-weight: 400;\">O <a href=\"http:\/\/www.favela.info\" target=\"_blank\" rel=\"noopener\">painel<\/a> coordenado pela Comunidades Catalisadoras traz informa\u00e7\u00f5es de 230 das cerca de 1.000 favelas do munic\u00edpio e mostra 3.943 mortes (em 17\/04).\u00a0<\/span><\/p>\n<p><span style=\"font-weight: 400;\">Theresa disse que a utiliza\u00e7\u00e3o de dados p\u00fablicos tem melhorado [com a aplica\u00e7\u00e3o de uma metodologia de contagem por \u00e1rea de influ\u00eancia de CEPs, realizado por uma parceira do painel, da Fiocruz], mas muitos dos relatores locais mudaram o foco das suas a\u00e7\u00f5es para <a href=\"https:\/\/bit.ly\/3qYVu5y\" target=\"_blank\" rel=\"noopener\">alimentar os necessitados<\/a> e aumentar a conscientiza\u00e7\u00e3o, ao inv\u00e9s de contar casos.**<\/span><\/p>\n<p><span style=\"font-weight: 400;\">Em janeiro a situa\u00e7\u00e3o piorou com o fim de um subs\u00eddio governamental, aumentando a demanda por distribui\u00e7\u00e3o de alimentos.<\/span><\/p>\n<p><span style=\"font-weight: 400;\">Douglas est\u00e1 entre os que agora se concentram em ajudar, distribuindo alimentos b\u00e1sicos e difundindo a conscientiza\u00e7\u00e3o sobre a vacina.<\/span><\/p>\n<p><span style=\"font-weight: 400;\">\u201cEstou angustiado porque h\u00e1 t\u00e3o pouco que posso fazer\u201d, disse ele.<\/span><\/p>\n<h3><strong>N\u00e3o \u00c9 Apenas um N\u00famero<\/strong><\/h3>\n<p><span style=\"font-weight: 400;\">Um lugar onde as mortes ainda est\u00e3o sendo contadas por uma organiza\u00e7\u00e3o local \u00e9 a <a href=\"http:\/\/bit.ly\/2K1s59x\" target=\"_blank\" rel=\"noopener\">Mar\u00e9<\/a>, um complexo de 16 favelas que abriga mais de 140.000 pessoas, onde [a Fiocruz,] o principal instituto epidemiol\u00f3gico p\u00fablico do Brasil abriu um centro de testes gratuito em parceria com organiza\u00e7\u00f5es sem fins lucrativos locais.<\/span><\/p>\n<p><span style=\"font-weight: 400;\">O centro faz da Mar\u00e9 uma das poucas favelas com uma avalia\u00e7\u00e3o precisa do peso do coronav\u00edrus na popula\u00e7\u00e3o, disse Daniele Moura, que coordena a comunica\u00e7\u00e3o da <a href=\"http:\/\/bit.ly\/2XBdKrx\" target=\"_blank\" rel=\"noopener\">Redes da Mar\u00e9<\/a>, uma das organiza\u00e7\u00f5es sem fins lucrativos envolvidas.<\/span><\/p>\n<p><span style=\"font-weight: 400;\">A Mar\u00e9 atualmente lidera o <a href=\"http:\/\/www.favela.info\" target=\"_blank\" rel=\"noopener\">painel<\/a> coordenado pela Comunidades Catalisadoras em n\u00famero de casos, com 3.287 confirmados e 171 mortes (em 17\/04).<\/span><\/p>\n<p><span style=\"font-weight: 400;\">Ter uma contagem precisa, no entanto, n\u00e3o ameniza a dor de quem perdeu algu\u00e9m com a doen\u00e7a, disse Daniele, cujo pai morreu de Covid-19.<\/span><\/p>\n<p><span style=\"font-weight: 400;\">\u201cTenho uma grande dificuldade pessoal em ver este n\u00famero apenas como uma figura\u201d, disse Daniele. \u201cQuando eu vejo, lembro que meu pai est\u00e1 entre eles.\u201d<\/span><\/p>\n<p><em>*Comunidades Catalisadoras \u00e9 a organiza\u00e7\u00e3o sem fins lucrativos que publica o RioOnWatch. <\/em><\/p>\n<p><em>**Pequenos revis\u00f5es foram feitas, nessa vers\u00e3o em portugu\u00eas, para corrigir informa\u00e7\u00f5es com base no conhecimento interno que o RioOnWatch tem de como funciona o Painel Unificador.<\/em><\/p>\n<hr \/>\n<h4><strong>Apoie nossos esfor\u00e7os para fornecer assist\u00eancia estrat\u00e9gica \u00e0s favelas do Rio durante a pandemia da Covid-19, incluindo o jornalismo hiperlocal, cr\u00edtico, inovador e incans\u00e1vel do\u00a0<em>RioOnWatch<\/em><\/strong>\u2014<a href=\"http:\/\/bit.ly\/CatalisandoComunidades\">doe aqui<\/a>.<\/h4>\n<!-- AddThis Advanced Settings generic via filter on the_content --><!-- AddThis Share Buttons generic via filter on the_content -->","protected":false},"excerpt":{"rendered":"<div class=\"mh-excerpt\"><p>Click Here for English Esta \u00e9 nossa mat\u00e9ria mais recente sobre\u00a0o novo coronav\u00edrus e seus impactos sobre as favelas. Leia a mat\u00e9ria original por Fabio Teixeira, em ingl\u00eas, no Reuters\u00a0aqui.\u00a0O RioOnWatch traduz mat\u00e9rias do ingl\u00eas <a class=\"mh-excerpt-more\" href=\"https:\/\/rioonwatch.org.br\/?p=54525\" title=\"Favelas Lutam para Contabilizar Seus Mortos em Meio ao Furor do Coronav\u00edrus\">[&#8230;]<\/a><!-- AddThis Advanced Settings generic via filter on get_the_excerpt --><!-- AddThis Share Buttons generic via filter on get_the_excerpt --><\/p>\n<\/div>","protected":false},"author":129,"featured_media":54534,"comment_status":"closed","ping_status":"closed","sticky":false,"template":"","format":"standard","meta":{"_acf_changed":false,"_monsterinsights_skip_tracking":false,"_monsterinsights_sitenote_active":false,"_monsterinsights_sitenote_note":"","_monsterinsights_sitenote_category":0,"footnotes":""},"categories":[2753,1621,1612,1634],"tags":[332,2748,818,1583,1151,358,1107,1393,294,2754,2816,1168],"writer":[3024],"translator":[1971],"source":[],"ilustrador":[],"fotografo":[],"class_list":{"0":"post-54525","1":"post","2":"type-post","3":"status-publish","4":"format-standard","5":"has-post-thumbnail","7":"category-covid19nasfavelas","8":"category-destaque","9":"category-sociedade-civil","10":"category-traducoes","11":"tag-complexo-da-mare","12":"tag-coronavirus","13":"tag-eua","14":"tag-itaguai","15":"tag-organizacao","16":"tag-organizacao-comunitaria","17":"tag-redes-da-mare","18":"tag-rio-das-pedras","19":"tag-saude","20":"tag-serie-covid-19-nas-favelas","21":"tag-subnotificacao","22":"tag-traducao","23":"writer-fabio-teixeira","24":"translator-geovanna-giannini"},"acf":[],"yoast_head":"<!-- This site is optimized with the Yoast SEO plugin v25.6 - https:\/\/yoast.com\/wordpress\/plugins\/seo\/ -->\n<title>Favelas Lutam para Contabilizar Seus Mortos em Meio ao Furor do Coronav\u00edrus - RioOnWatch<\/title>\n<meta name=\"robots\" content=\"index, follow, max-snippet:-1, max-image-preview:large, max-video-preview:-1\" \/>\n<link rel=\"canonical\" href=\"https:\/\/rioonwatch.org.br\/?p=54525\" \/>\n<meta property=\"og:locale\" content=\"pt_BR\" \/>\n<meta property=\"og:type\" content=\"article\" \/>\n<meta property=\"og:title\" content=\"Favelas Lutam para Contabilizar Seus Mortos em Meio ao Furor do Coronav\u00edrus - RioOnWatch\" \/>\n<meta property=\"og:description\" content=\"Click Here for English Esta \u00e9 nossa mat\u00e9ria mais recente sobre\u00a0o novo coronav\u00edrus e seus impactos sobre as favelas. Leia a mat\u00e9ria original por Fabio Teixeira, em ingl\u00eas, no Reuters\u00a0aqui.\u00a0O RioOnWatch traduz mat\u00e9rias do ingl\u00eas [...]\" \/>\n<meta property=\"og:url\" content=\"https:\/\/rioonwatch.org.br\/?p=54525\" \/>\n<meta property=\"og:site_name\" content=\"RioOnWatch\" \/>\n<meta property=\"article:published_time\" content=\"2021-04-21T13:59:32+00:00\" \/>\n<meta property=\"article:modified_time\" content=\"2021-04-27T12:55:42+00:00\" \/>\n<meta property=\"og:image\" content=\"https:\/\/rioonwatch.org.br\/wp-content\/uploads\/2021\/04\/Um-voluntario-carrega-caixa-de-mantomentos-para-doacoes-na-Rocinha.-Foto-Leo-Correa-AP.jpg\" \/>\n\t<meta property=\"og:image:width\" content=\"890\" \/>\n\t<meta property=\"og:image:height\" content=\"534\" \/>\n\t<meta property=\"og:image:type\" content=\"image\/jpeg\" \/>\n<meta name=\"author\" content=\"Admin\" \/>\n<meta name=\"twitter:card\" content=\"summary_large_image\" \/>\n<meta name=\"twitter:label1\" content=\"Escrito por\" \/>\n\t<meta name=\"twitter:data1\" content=\"Admin\" \/>\n\t<meta name=\"twitter:label2\" content=\"Est. tempo de leitura\" \/>\n\t<meta name=\"twitter:data2\" content=\"5 minutos\" \/>\n<script type=\"application\/ld+json\" class=\"yoast-schema-graph\">{\"@context\":\"https:\/\/schema.org\",\"@graph\":[{\"@type\":\"Article\",\"@id\":\"https:\/\/rioonwatch.org.br\/?p=54525#article\",\"isPartOf\":{\"@id\":\"https:\/\/rioonwatch.org.br\/?p=54525\"},\"author\":{\"name\":\"Admin\",\"@id\":\"https:\/\/rioonwatch.org.br\/#\/schema\/person\/11d64c290506f9df50c71b850c473f68\"},\"headline\":\"Favelas Lutam para Contabilizar Seus Mortos em Meio ao Furor do Coronav\u00edrus\",\"datePublished\":\"2021-04-21T13:59:32+00:00\",\"dateModified\":\"2021-04-27T12:55:42+00:00\",\"mainEntityOfPage\":{\"@id\":\"https:\/\/rioonwatch.org.br\/?p=54525\"},\"wordCount\":1062,\"publisher\":{\"@id\":\"https:\/\/rioonwatch.org.br\/#organization\"},\"image\":{\"@id\":\"https:\/\/rioonwatch.org.br\/?p=54525#primaryimage\"},\"thumbnailUrl\":\"https:\/\/rioonwatch.org.br\/wp-content\/uploads\/2021\/04\/Um-voluntario-carrega-caixa-de-mantomentos-para-doacoes-na-Rocinha.-Foto-Leo-Correa-AP.jpg\",\"keywords\":[\"Complexo da Mar\u00e9\",\"coronav\u00edrus\",\"EUA\",\"Itagua\u00ed\",\"mobiliza\u00e7\u00e3o\",\"organiza\u00e7\u00e3o comunit\u00e1ria\",\"Redes da Mar\u00e9\",\"Rio das Pedras\",\"sa\u00fade\",\"S\u00e9rie: Covid-19 Nas Favelas\",\"subnotifica\u00e7\u00e3o\",\"tradu\u00e7\u00e3o\"],\"articleSection\":[\"#Covid19NasFavelas\",\"*Destaque\",\"Sociedade Civil\",\"Traduzidas do Ingl\u00eas\"],\"inLanguage\":\"pt-BR\"},{\"@type\":\"WebPage\",\"@id\":\"https:\/\/rioonwatch.org.br\/?p=54525\",\"url\":\"https:\/\/rioonwatch.org.br\/?p=54525\",\"name\":\"Favelas Lutam para Contabilizar Seus Mortos em Meio ao Furor do Coronav\u00edrus - RioOnWatch\",\"isPartOf\":{\"@id\":\"https:\/\/rioonwatch.org.br\/#website\"},\"primaryImageOfPage\":{\"@id\":\"https:\/\/rioonwatch.org.br\/?p=54525#primaryimage\"},\"image\":{\"@id\":\"https:\/\/rioonwatch.org.br\/?p=54525#primaryimage\"},\"thumbnailUrl\":\"https:\/\/rioonwatch.org.br\/wp-content\/uploads\/2021\/04\/Um-voluntario-carrega-caixa-de-mantomentos-para-doacoes-na-Rocinha.-Foto-Leo-Correa-AP.jpg\",\"datePublished\":\"2021-04-21T13:59:32+00:00\",\"dateModified\":\"2021-04-27T12:55:42+00:00\",\"breadcrumb\":{\"@id\":\"https:\/\/rioonwatch.org.br\/?p=54525#breadcrumb\"},\"inLanguage\":\"pt-BR\",\"potentialAction\":[{\"@type\":\"ReadAction\",\"target\":[\"https:\/\/rioonwatch.org.br\/?p=54525\"]}]},{\"@type\":\"ImageObject\",\"inLanguage\":\"pt-BR\",\"@id\":\"https:\/\/rioonwatch.org.br\/?p=54525#primaryimage\",\"url\":\"https:\/\/rioonwatch.org.br\/wp-content\/uploads\/2021\/04\/Um-voluntario-carrega-caixa-de-mantomentos-para-doacoes-na-Rocinha.-Foto-Leo-Correa-AP.jpg\",\"contentUrl\":\"https:\/\/rioonwatch.org.br\/wp-content\/uploads\/2021\/04\/Um-voluntario-carrega-caixa-de-mantomentos-para-doacoes-na-Rocinha.-Foto-Leo-Correa-AP.jpg\",\"width\":890,\"height\":534},{\"@type\":\"BreadcrumbList\",\"@id\":\"https:\/\/rioonwatch.org.br\/?p=54525#breadcrumb\",\"itemListElement\":[{\"@type\":\"ListItem\",\"position\":1,\"name\":\"In\u00edcio\",\"item\":\"https:\/\/rioonwatch.org.br\/\"},{\"@type\":\"ListItem\",\"position\":2,\"name\":\"Favelas Lutam para Contabilizar Seus Mortos em Meio ao Furor do Coronav\u00edrus\"}]},{\"@type\":\"WebSite\",\"@id\":\"https:\/\/rioonwatch.org.br\/#website\",\"url\":\"https:\/\/rioonwatch.org.br\/\",\"name\":\"RioOnWatch\",\"description\":\"relatos das favelas cariocas\",\"publisher\":{\"@id\":\"https:\/\/rioonwatch.org.br\/#organization\"},\"potentialAction\":[{\"@type\":\"SearchAction\",\"target\":{\"@type\":\"EntryPoint\",\"urlTemplate\":\"https:\/\/rioonwatch.org.br\/?s={search_term_string}\"},\"query-input\":{\"@type\":\"PropertyValueSpecification\",\"valueRequired\":true,\"valueName\":\"search_term_string\"}}],\"inLanguage\":\"pt-BR\"},{\"@type\":\"Organization\",\"@id\":\"https:\/\/rioonwatch.org.br\/#organization\",\"name\":\"RioOnWatch\",\"url\":\"https:\/\/rioonwatch.org.br\/\",\"logo\":{\"@type\":\"ImageObject\",\"inLanguage\":\"pt-BR\",\"@id\":\"https:\/\/rioonwatch.org.br\/#\/schema\/logo\/image\/\",\"url\":\"https:\/\/rioonwatch.org.br\/wp-content\/uploads\/2021\/06\/RioOnWatchcabecalhoPT11anos-2.png\",\"contentUrl\":\"https:\/\/rioonwatch.org.br\/wp-content\/uploads\/2021\/06\/RioOnWatchcabecalhoPT11anos-2.png\",\"width\":779,\"height\":277,\"caption\":\"RioOnWatch\"},\"image\":{\"@id\":\"https:\/\/rioonwatch.org.br\/#\/schema\/logo\/image\/\"}},{\"@type\":\"Person\",\"@id\":\"https:\/\/rioonwatch.org.br\/#\/schema\/person\/11d64c290506f9df50c71b850c473f68\",\"name\":\"Admin\",\"image\":{\"@type\":\"ImageObject\",\"inLanguage\":\"pt-BR\",\"@id\":\"https:\/\/rioonwatch.org.br\/#\/schema\/person\/image\/\",\"url\":\"https:\/\/secure.gravatar.com\/avatar\/56211ac74568383903349a1485e3c325?s=96&d=blank&r=g\",\"contentUrl\":\"https:\/\/secure.gravatar.com\/avatar\/56211ac74568383903349a1485e3c325?s=96&d=blank&r=g\",\"caption\":\"Admin\"},\"url\":\"https:\/\/rioonwatch.org.br\/?author=129\"}]}<\/script>\n<!-- \/ Yoast SEO plugin. -->","yoast_head_json":{"title":"Favelas Lutam para Contabilizar Seus Mortos em Meio ao Furor do Coronav\u00edrus - RioOnWatch","robots":{"index":"index","follow":"follow","max-snippet":"max-snippet:-1","max-image-preview":"max-image-preview:large","max-video-preview":"max-video-preview:-1"},"canonical":"https:\/\/rioonwatch.org.br\/?p=54525","og_locale":"pt_BR","og_type":"article","og_title":"Favelas Lutam para Contabilizar Seus Mortos em Meio ao Furor do Coronav\u00edrus - RioOnWatch","og_description":"Click Here for English Esta \u00e9 nossa mat\u00e9ria mais recente sobre\u00a0o novo coronav\u00edrus e seus impactos sobre as favelas. Leia a mat\u00e9ria original por Fabio Teixeira, em ingl\u00eas, no Reuters\u00a0aqui.\u00a0O RioOnWatch traduz mat\u00e9rias do ingl\u00eas [...]","og_url":"https:\/\/rioonwatch.org.br\/?p=54525","og_site_name":"RioOnWatch","article_published_time":"2021-04-21T13:59:32+00:00","article_modified_time":"2021-04-27T12:55:42+00:00","og_image":[{"width":890,"height":534,"url":"https:\/\/rioonwatch.org.br\/wp-content\/uploads\/2021\/04\/Um-voluntario-carrega-caixa-de-mantomentos-para-doacoes-na-Rocinha.-Foto-Leo-Correa-AP.jpg","type":"image\/jpeg"}],"author":"Admin","twitter_card":"summary_large_image","twitter_misc":{"Escrito por":"Admin","Est. tempo de leitura":"5 minutos"},"schema":{"@context":"https:\/\/schema.org","@graph":[{"@type":"Article","@id":"https:\/\/rioonwatch.org.br\/?p=54525#article","isPartOf":{"@id":"https:\/\/rioonwatch.org.br\/?p=54525"},"author":{"name":"Admin","@id":"https:\/\/rioonwatch.org.br\/#\/schema\/person\/11d64c290506f9df50c71b850c473f68"},"headline":"Favelas Lutam para Contabilizar Seus Mortos em Meio ao Furor do Coronav\u00edrus","datePublished":"2021-04-21T13:59:32+00:00","dateModified":"2021-04-27T12:55:42+00:00","mainEntityOfPage":{"@id":"https:\/\/rioonwatch.org.br\/?p=54525"},"wordCount":1062,"publisher":{"@id":"https:\/\/rioonwatch.org.br\/#organization"},"image":{"@id":"https:\/\/rioonwatch.org.br\/?p=54525#primaryimage"},"thumbnailUrl":"https:\/\/rioonwatch.org.br\/wp-content\/uploads\/2021\/04\/Um-voluntario-carrega-caixa-de-mantomentos-para-doacoes-na-Rocinha.-Foto-Leo-Correa-AP.jpg","keywords":["Complexo da Mar\u00e9","coronav\u00edrus","EUA","Itagua\u00ed","mobiliza\u00e7\u00e3o","organiza\u00e7\u00e3o comunit\u00e1ria","Redes da Mar\u00e9","Rio das Pedras","sa\u00fade","S\u00e9rie: Covid-19 Nas Favelas","subnotifica\u00e7\u00e3o","tradu\u00e7\u00e3o"],"articleSection":["#Covid19NasFavelas","*Destaque","Sociedade Civil","Traduzidas do Ingl\u00eas"],"inLanguage":"pt-BR"},{"@type":"WebPage","@id":"https:\/\/rioonwatch.org.br\/?p=54525","url":"https:\/\/rioonwatch.org.br\/?p=54525","name":"Favelas Lutam para Contabilizar Seus Mortos em Meio ao Furor do Coronav\u00edrus - RioOnWatch","isPartOf":{"@id":"https:\/\/rioonwatch.org.br\/#website"},"primaryImageOfPage":{"@id":"https:\/\/rioonwatch.org.br\/?p=54525#primaryimage"},"image":{"@id":"https:\/\/rioonwatch.org.br\/?p=54525#primaryimage"},"thumbnailUrl":"https:\/\/rioonwatch.org.br\/wp-content\/uploads\/2021\/04\/Um-voluntario-carrega-caixa-de-mantomentos-para-doacoes-na-Rocinha.-Foto-Leo-Correa-AP.jpg","datePublished":"2021-04-21T13:59:32+00:00","dateModified":"2021-04-27T12:55:42+00:00","breadcrumb":{"@id":"https:\/\/rioonwatch.org.br\/?p=54525#breadcrumb"},"inLanguage":"pt-BR","potentialAction":[{"@type":"ReadAction","target":["https:\/\/rioonwatch.org.br\/?p=54525"]}]},{"@type":"ImageObject","inLanguage":"pt-BR","@id":"https:\/\/rioonwatch.org.br\/?p=54525#primaryimage","url":"https:\/\/rioonwatch.org.br\/wp-content\/uploads\/2021\/04\/Um-voluntario-carrega-caixa-de-mantomentos-para-doacoes-na-Rocinha.-Foto-Leo-Correa-AP.jpg","contentUrl":"https:\/\/rioonwatch.org.br\/wp-content\/uploads\/2021\/04\/Um-voluntario-carrega-caixa-de-mantomentos-para-doacoes-na-Rocinha.-Foto-Leo-Correa-AP.jpg","width":890,"height":534},{"@type":"BreadcrumbList","@id":"https:\/\/rioonwatch.org.br\/?p=54525#breadcrumb","itemListElement":[{"@type":"ListItem","position":1,"name":"In\u00edcio","item":"https:\/\/rioonwatch.org.br\/"},{"@type":"ListItem","position":2,"name":"Favelas Lutam para Contabilizar Seus Mortos em Meio ao Furor do Coronav\u00edrus"}]},{"@type":"WebSite","@id":"https:\/\/rioonwatch.org.br\/#website","url":"https:\/\/rioonwatch.org.br\/","name":"RioOnWatch","description":"relatos das favelas cariocas","publisher":{"@id":"https:\/\/rioonwatch.org.br\/#organization"},"potentialAction":[{"@type":"SearchAction","target":{"@type":"EntryPoint","urlTemplate":"https:\/\/rioonwatch.org.br\/?s={search_term_string}"},"query-input":{"@type":"PropertyValueSpecification","valueRequired":true,"valueName":"search_term_string"}}],"inLanguage":"pt-BR"},{"@type":"Organization","@id":"https:\/\/rioonwatch.org.br\/#organization","name":"RioOnWatch","url":"https:\/\/rioonwatch.org.br\/","logo":{"@type":"ImageObject","inLanguage":"pt-BR","@id":"https:\/\/rioonwatch.org.br\/#\/schema\/logo\/image\/","url":"https:\/\/rioonwatch.org.br\/wp-content\/uploads\/2021\/06\/RioOnWatchcabecalhoPT11anos-2.png","contentUrl":"https:\/\/rioonwatch.org.br\/wp-content\/uploads\/2021\/06\/RioOnWatchcabecalhoPT11anos-2.png","width":779,"height":277,"caption":"RioOnWatch"},"image":{"@id":"https:\/\/rioonwatch.org.br\/#\/schema\/logo\/image\/"}},{"@type":"Person","@id":"https:\/\/rioonwatch.org.br\/#\/schema\/person\/11d64c290506f9df50c71b850c473f68","name":"Admin","image":{"@type":"ImageObject","inLanguage":"pt-BR","@id":"https:\/\/rioonwatch.org.br\/#\/schema\/person\/image\/","url":"https:\/\/secure.gravatar.com\/avatar\/56211ac74568383903349a1485e3c325?s=96&d=blank&r=g","contentUrl":"https:\/\/secure.gravatar.com\/avatar\/56211ac74568383903349a1485e3c325?s=96&d=blank&r=g","caption":"Admin"},"url":"https:\/\/rioonwatch.org.br\/?author=129"}]}},"_links":{"self":[{"href":"https:\/\/rioonwatch.org.br\/index.php?rest_route=\/wp\/v2\/posts\/54525"}],"collection":[{"href":"https:\/\/rioonwatch.org.br\/index.php?rest_route=\/wp\/v2\/posts"}],"about":[{"href":"https:\/\/rioonwatch.org.br\/index.php?rest_route=\/wp\/v2\/types\/post"}],"author":[{"embeddable":true,"href":"https:\/\/rioonwatch.org.br\/index.php?rest_route=\/wp\/v2\/users\/129"}],"replies":[{"embeddable":true,"href":"https:\/\/rioonwatch.org.br\/index.php?rest_route=%2Fwp%2Fv2%2Fcomments&post=54525"}],"version-history":[{"count":14,"href":"https:\/\/rioonwatch.org.br\/index.php?rest_route=\/wp\/v2\/posts\/54525\/revisions"}],"predecessor-version":[{"id":54554,"href":"https:\/\/rioonwatch.org.br\/index.php?rest_route=\/wp\/v2\/posts\/54525\/revisions\/54554"}],"wp:featuredmedia":[{"embeddable":true,"href":"https:\/\/rioonwatch.org.br\/index.php?rest_route=\/wp\/v2\/media\/54534"}],"wp:attachment":[{"href":"https:\/\/rioonwatch.org.br\/index.php?rest_route=%2Fwp%2Fv2%2Fmedia&parent=54525"}],"wp:term":[{"taxonomy":"category","embeddable":true,"href":"https:\/\/rioonwatch.org.br\/index.php?rest_route=%2Fwp%2Fv2%2Fcategories&post=54525"},{"taxonomy":"post_tag","embeddable":true,"href":"https:\/\/rioonwatch.org.br\/index.php?rest_route=%2Fwp%2Fv2%2Ftags&post=54525"},{"taxonomy":"writer","embeddable":true,"href":"https:\/\/rioonwatch.org.br\/index.php?rest_route=%2Fwp%2Fv2%2Fwriter&post=54525"},{"taxonomy":"translator","embeddable":true,"href":"https:\/\/rioonwatch.org.br\/index.php?rest_route=%2Fwp%2Fv2%2Ftranslator&post=54525"},{"taxonomy":"source","embeddable":true,"href":"https:\/\/rioonwatch.org.br\/index.php?rest_route=%2Fwp%2Fv2%2Fsource&post=54525"},{"taxonomy":"ilustrador","embeddable":true,"href":"https:\/\/rioonwatch.org.br\/index.php?rest_route=%2Fwp%2Fv2%2Filustrador&post=54525"},{"taxonomy":"fotografo","embeddable":true,"href":"https:\/\/rioonwatch.org.br\/index.php?rest_route=%2Fwp%2Fv2%2Ffotografo&post=54525"}],"curies":[{"name":"wp","href":"https:\/\/api.w.org\/{rel}","templated":true}]}}