{"id":5453,"date":"2013-03-27T12:31:56","date_gmt":"2013-03-27T15:31:56","guid":{"rendered":"http:\/\/rioonwatch.org.br\/?p=5453"},"modified":"2026-04-14T10:01:15","modified_gmt":"2026-04-14T13:01:15","slug":"vila-autodromo-sofre-pressao-da-prefeitura-para-aceitar-reassentamento","status":"publish","type":"post","link":"https:\/\/rioonwatch.org.br\/?p=5453","title":{"rendered":"Vila Aut\u00f3dromo Sofre Press\u00e3o da Prefeitura para Aceitar Reassentamento"},"content":{"rendered":"<p style=\"text-align: right;\"><em><strong><a href=\"http:\/\/bit.ly\/1rbs17C\" target=\"_blank\" rel=\"noopener noreferrer\">Click Here for English<img decoding=\"async\" width=\"20\" height=\"20\" class=\"alignright wp-image-15790\" src=\"http:\/\/rioonwatch.org.br\/wp-content\/uploads\/2012\/08\/EN-standard-e1439583104716.jpg\" alt=\"\" \/><\/a><\/strong><\/em><\/p>\n<p>\u201cN\u00f3s estamos aqui hoje porque a Prefeitura est\u00e1 fazendo press\u00e3o psicol\u00f3gica [nos moradores da Vila Aut\u00f3dromo]\u201d, explica Lucia Cerqueira, representante da Pastoral das Favelas, grupo de mobiliza\u00e7\u00e3o comunit\u00e1ria da Igreja Cat\u00f3lica,\u00a0em Jacarepagu\u00e1. A Pastoral e outros agentes de uma rede que inclui defensores p\u00fablicos, organiza\u00e7\u00f5es de defesa da moradia e jornalistas, responderam a uma requisi\u00e7\u00e3o urgente na segunda-feira, 4 de mar\u00e7o, para se mobilizar contra o batalh\u00e3o de agentes municipais que tentam incessantemente convencer os moradores dessa pequena comunidade do Rio de Janeiro a fazerem parte do \u201c<a href=\"http:\/\/bit.ly\/YIrLtS\" target=\"_blank\" rel=\"noopener noreferrer\">Parque Carioca<\/a>\u201d, projeto de reassentamento habitacional atualmente em constru\u00e7\u00e3o pela Prefeitura.<\/p>\n<p>A <a href=\"http:\/\/bit.ly\/Nfddvg\">Vila Aut\u00f3dromo<\/a> \u00e9 uma comunidade com uma longa hist\u00f3ria de <a href=\"http:\/\/bit.ly\/Yk51Pa\">resist\u00eancia<\/a> contra arbitr\u00e1rias e injustas tentativas de <a href=\"http:\/\/bit.ly\/X51Qvb\">remo\u00e7\u00e3o<\/a>, uma luta que culminou com uma concess\u00e3o de uso de 99 anos por parte do governo estadual em 1994. Agora que o Parque Ol\u00edmpico ser\u00e1 constru\u00eddo na vizinhan\u00e7a, a Prefeitura espera convencer os seus habitantes a se mudarem. Embora o governo municipal considere a remo\u00e7\u00e3o da Vila Aut\u00f3dromo como inevit\u00e1vel, Alexandre Mendes, Defensor P\u00fablico do Rio de Janeiro, explicou que a comunidade est\u00e1 \u201cjudicialmente segura\u201d e que os moradores n\u00e3o t\u00eam obriga\u00e7\u00e3o de aceitar o plano de reassentamento.<\/p>\n<p><a href=\"http:\/\/rioonwatch.org.br\/wp-content\/uploads\/2013\/03\/vila-auto-pref-visit-march1.jpg\" rel=\"attachment wp-att-5458\"><img fetchpriority=\"high\" decoding=\"async\" class=\"aligncenter wp-image-5458 size-content\" title=\"Agentes do munic\u00edpio entram na casa de uma moradora\" src=\"http:\/\/rioonwatch.org.br\/wp-content\/uploads\/2013\/03\/vila-auto-pref-visit-march1-620x264.jpg\" alt=\"\" width=\"620\" height=\"264\" srcset=\"https:\/\/rioonwatch.org.br\/wp-content\/uploads\/2013\/03\/vila-auto-pref-visit-march1-620x264.jpg 620w, https:\/\/rioonwatch.org.br\/wp-content\/uploads\/2013\/03\/vila-auto-pref-visit-march1-940x400.jpg 940w\" sizes=\"(max-width: 620px) 100vw, 620px\" \/><\/a><\/p>\n<p>Os agentes p\u00fablicos presentes dizem aos moradores que est\u00e3o l\u00e1 simplesmente para realizar um &#8220;cadastro social&#8221; da Vila Aut\u00f3dromo, a fim de registrar informa\u00e7\u00f5es sobre as fam\u00edlias e as propriedades. Os moradores, entretanto, veem essa medida como uma t\u00e1tica de intimida\u00e7\u00e3o destinada a coagir fam\u00edlias com uma compreens\u00e3o limitada de seus direitos legais a aceitar o reassentamento habitacional. Nessas visitas, que incluem quest\u00f5es pessoais e uma visita intrusiva da propriedade, os agentes dizem que se os moradores n\u00e3o aproveitarem esta &#8220;oportunidade&#8221;, correm o risco de perder tudo. Como um morador explicou sardonicamente, &#8220;\u00e9 bom voc\u00ea sair, aceitar o jogo deles, ou a sua casa vai ser derrubada, a casa vai ao ch\u00e3o&#8230; aceite o jogo deles ou perca tudo!&#8221;<\/p>\n<p>Por mais de uma semana, a Prefeitura mandou dezenas de representantes para a Vila Aut\u00f3dromo que distribu\u00edam ansiosamente panfletos coloridos promovendo o condom\u00ednio &#8220;Parque Carioca&#8221;, com conclus\u00e3o prevista para fevereiro de 2014. Eles foram acompanhados na segunda-feira, 04 de mar\u00e7o, por um grupo de moradores contra a medida e simpatizantes que informavam as fam\u00edlias do seu direito de permanecer em suas casas, se assim o escolherem, exortando-os a n\u00e3o assinar nenhum contrato sem informa\u00e7\u00f5es completas.<\/p>\n<p>Os empregados do munic\u00edpio se recusaram a responder a quaisquer perguntas sobre o prop\u00f3sito de sua visita prolongada na comunidade: &#8220;Esperem o chefe, Pedro Paulo, que ele vai responder suas perguntas&#8221;. Na quinta-feira, o deputado federal Pedro Paulo, apelidado de &#8220;o bra\u00e7o direito do sub-prefeito\u201d, rispidamente me encaminhou para o departamento de comunica\u00e7\u00e3o. &#8220;Eu n\u00e3o estou autorizado a dizer nada&#8221;, ele me disse.<\/p>\n<p><a href=\"http:\/\/rioonwatch.org.br\/wp-content\/uploads\/2013\/03\/vila-auto-pref-visit-march2.jpg\" rel=\"attachment wp-att-5459\"><img decoding=\"async\" class=\"aligncenter wp-image-5459\" title=\"Representantes da Prefeitura discutiram com moradores\" src=\"http:\/\/rioonwatch.org.br\/wp-content\/uploads\/2013\/03\/vila-auto-pref-visit-march2.jpg\" alt=\"\" width=\"620\" height=\"465\" srcset=\"https:\/\/rioonwatch.org.br\/wp-content\/uploads\/2013\/03\/vila-auto-pref-visit-march2.jpg 960w, https:\/\/rioonwatch.org.br\/wp-content\/uploads\/2013\/03\/vila-auto-pref-visit-march2-352x264.jpg 352w, https:\/\/rioonwatch.org.br\/wp-content\/uploads\/2013\/03\/vila-auto-pref-visit-march2-620x465.jpg 620w, https:\/\/rioonwatch.org.br\/wp-content\/uploads\/2013\/03\/vila-auto-pref-visit-march2-174x131.jpg 174w, https:\/\/rioonwatch.org.br\/wp-content\/uploads\/2013\/03\/vila-auto-pref-visit-march2-300x225.jpg 300w, https:\/\/rioonwatch.org.br\/wp-content\/uploads\/2013\/03\/vila-auto-pref-visit-march2-70x53.jpg 70w\" sizes=\"(max-width: 620px) 100vw, 620px\" \/><\/a><\/p>\n<p>Discuss\u00f5es conflituosas surgiram em v\u00e1rios casos, na medida em que a resist\u00eancia da comunidade frustrava o trabalho dos coordenadores da Prefeitura. Inalva, moradora e uma das diretoras da Associa\u00e7\u00e3o de Moradores, seguia os representantes da Prefeitura a cada resid\u00eancia visitada e alegremente encorajava as pessoas a constru\u00edrem mais andares em sua casa, criarem os seus filhos e ignorar a propaganda da cidade. As autoridades come\u00e7aram a gritar e ficaram cada vez mais defensivas &#8211; &#8220;N\u00f3s estamos falando aqui!&#8221; &#8211; e insistiram em seus pr\u00f3prios longos relacionamentos com os moradores &#8211; &#8220;Eu conhe\u00e7o esse homem desde que eu era jovem, n\u00e3o \u00e9 verdade?&#8221;<\/p>\n<p>Alguns minutos depois, um dos coordenadores municipais come\u00e7ou a insultar a sempre calma Inalva, ordenando-lhe a &#8220;ir procurar um tanque para lavar a roupa!&#8221; Na medida em que a briga se tornou mais agressiva e menos coerente, o coordenador come\u00e7ou a gritar com os organizadores da comunidade, chamando Inalva de \u201cmulher louca\u201d e tentando justificar a presen\u00e7a da Prefeitura l\u00e1.<\/p>\n<p>Lucia, da Pastoral de Favelas, explicou que a Prefeitura muitas vezes contrata desempregados de outras comunidades, que n\u00e3o necessariamente est\u00e3o em risco de remo\u00e7\u00e3o, a fim de fazer o trabalho de porta \u00e0 porta na Vila Aut\u00f3dromo, uma t\u00e1tica que causa danos nas tentativas de mobiliza\u00e7\u00e3o de massa. &#8220;Em outras palavras, eles usam os pobres contra os pobres&#8221;.<\/p>\n<p>Al\u00e9m disso, os moradores expressaram diversas preocupa\u00e7\u00f5es sobre o projeto habitacional &#8220;Parque Carioca&#8221;, e sobre as formas manipulativas em que ele est\u00e1 sendo anunciado para as pessoas. &#8220;Eu n\u00e3o sou v\u00edtima!&#8221;, exclamou um residente idoso da Vila Aut\u00f3dromo, referindo-se \u00e0 maneira paternalista pela qual a Prefeitura promove o projeto de reassentamento da comunidade.<\/p>\n<p><a href=\"http:\/\/rioonwatch.org.br\/wp-content\/uploads\/2013\/03\/Parque_Carioca_Vila_Aut_dromo.jpg\" rel=\"attachment wp-att-5460\"><img loading=\"lazy\" decoding=\"async\" class=\"aligncenter wp-image-5460 size-content\" title=\"&quot;Parque Carioca&quot;\" src=\"http:\/\/rioonwatch.org.br\/wp-content\/uploads\/2013\/03\/Parque_Carioca_Vila_Aut_dromo-500x264.jpg\" alt=\"\" width=\"500\" height=\"264\" \/><\/a><\/p>\n<p>O projeto residencial &#8220;Parque Carioca&#8221; est\u00e1 sendo apresentado para a comunidade por meio de panfletos que mostram apartamentos estilizados e glamorosos. A Prefeitura tamb\u00e9m levou grupos de moradores da Vila Aut\u00f3dromo para ver um apartamento-modelo totalmente mobiliado e decorado &#8211; &#8220;um apartamento de novela&#8221;, um morador observou. Na realidade, as unidades habitacionais financiadas pelo programa federal <a href=\"http:\/\/bit.ly\/Y4U9oJ\">Minha Casa, Minha Vida<\/a> s\u00e3o pequenas (40 metros quadrados para dois quartos), imp\u00f5e in\u00fameras <a href=\"http:\/\/bit.ly\/14hydza\" target=\"_blank\" rel=\"noopener noreferrer\">regras artificiais<\/a> e despesas adicionais sobre os residentes, al\u00e9m de serem conhecidos pela constru\u00e7\u00e3o e manuten\u00e7\u00e3o de <a href=\"http:\/\/glo.bo\/YAHely\" target=\"_blank\" rel=\"noopener noreferrer\">p\u00e9ssima qualidade<\/a>, para n\u00e3o mencionar o fato de privar os moradores do estilo de vida da qual muitos se beneficiam na comunidade.<\/p>\n<p>Al\u00e9m disso, as lideran\u00e7as comunit\u00e1rias e os defensores p\u00fablicos est\u00e3o preocupados com as fam\u00edlias que assinam um <a href=\"http:\/\/bit.ly\/14hydza\" target=\"_blank\" rel=\"noopener noreferrer\">contrato de reassentamento<\/a> sem o completo entendimento das suas cl\u00e1usulas complicadas e das suas restri\u00e7\u00f5es. Por exemplo, os moradores est\u00e3o proibidos de vender, alugar ou emprestar a unidade de habita\u00e7\u00e3o por 10 anos. A casa tamb\u00e9m pode ser tirada dos moradores dentro de alguns meses se houver falta de pagamento. Alexandre Mendes, que atualmente est\u00e1 prestando assist\u00eancia jur\u00eddica para a comunidade, explicou que o governo municipal &#8220;divulga que a pessoa vai receber uma casa com um t\u00edtulo de propriedade e que \u00e9 a pessoa que vai ser dona daquela casa, mas isso n\u00e3o \u00e9 a verdade\u201d.<\/p>\n<p>Finalmente, os moradores est\u00e3o preocupados com os custos elevados das resid\u00eancias do &#8220;Parque Carioca&#8221;. Uma moradora, Tereza, estima que o custo mensal com g\u00e1s, luz, \u00e1gua, condom\u00ednio, taxas de manuten\u00e7\u00e3o da piscina, quadra de v\u00f4lei, campo de futebol e \u00e1rea social totalizariam cerca de R$500,00 a R$600,00. Ela tamb\u00e9m destacou uma contradi\u00e7\u00e3o importante no processo de reassentamento: as fam\u00edlias da Vila Aut\u00f3dromo com mais dinheiro e capacidade de pagar os custos do &#8220;Parque Carioca&#8221; preferir\u00e3o ficar nas casas nas quais investiram nos \u00faltimos anos. Por um outro lado, as fam\u00edlias com menos meios financeiros est\u00e3o considerando aceitar a op\u00e7\u00e3o de uma nova moradia, mas provavelmente ser\u00e3o incapazes de arcar com os custos de tal empreitada, correndo o risco de provocar calotes.<\/p>\n<p><a href=\"http:\/\/rioonwatch.org.br\/wp-content\/uploads\/2013\/03\/vila-auto-pref-march-2013.jpg\" rel=\"attachment wp-att-5461\"><img loading=\"lazy\" decoding=\"async\" class=\"aligncenter wp-image-5461 size-content\" title=\"Representantes da Prefeitura na Vila Aut\u00f3dromo\" src=\"http:\/\/rioonwatch.org.br\/wp-content\/uploads\/2013\/03\/vila-auto-pref-march-2013-620x264.jpg\" alt=\"\" width=\"620\" height=\"264\" srcset=\"https:\/\/rioonwatch.org.br\/wp-content\/uploads\/2013\/03\/vila-auto-pref-march-2013-620x264.jpg 620w, https:\/\/rioonwatch.org.br\/wp-content\/uploads\/2013\/03\/vila-auto-pref-march-2013-940x400.jpg 940w\" sizes=\"(max-width: 620px) 100vw, 620px\" \/><\/a><\/p>\n<p>Moradores afirmam que a prefeitura deseja que a comunidade seja realocada n\u00e3o pelo fato de acontecerem os <a href=\"http:\/\/bit.ly\/PkLXlQ\">Jogos Ol\u00edmpicos<\/a> perto da regi\u00e3o, mas sim como uma &#8220;troca de favores&#8221; entre o Prefeito e poderosas empresas que construir\u00e3o condom\u00ednios de luxo no local como parte do &#8220;<a href=\"http:\/\/bit.ly\/WtswbJ\">legado p\u00f3s-Jogos Ol\u00edmpicos<\/a>&#8220;. Claudio Silva, antigo morador e professor de Educa\u00e7\u00e3o F\u00edsica, explica que, para as construtoras, a presen\u00e7a cont\u00ednua da Vila Aut\u00f3dromo ir\u00e1 desvalorizar esses investimentos imobili\u00e1rios. Ele argumenta que o esporte &#8211; &#8220;algo que os cariocas adoram!&#8221; &#8211; n\u00e3o deveria trazer dor para essas fam\u00edlias. &#8220;N\u00f3s n\u00e3o somos contra os mega-eventos, n\u00e3o somos contra o desenvolvimento nacional. Queremos que os Jogos Ol\u00edmpicos aconte\u00e7am para que o Rio de Janeiro receba um grande n\u00famero de turistas. Mas as pessoas n\u00e3o devem sofrer tanto para isso&#8230; Estamos pagando um pre\u00e7o alto para um evento que dura t\u00e3o poucos dias\u201d, ele disse.<\/p>\n<p>Ao longo das pr\u00f3ximas semanas, os defensores p\u00fablicos e l\u00edderes comunit\u00e1rios far\u00e3o reuni\u00f5es e visitas em cada casa a fim de garantir o acesso de todos \u00e0 informa\u00e7\u00e3o completa. Desta forma, eles planejam que os moradores saibam do seu direito legal de permanecer na Vila Aut\u00f3dromo, garantindo que eles n\u00e3o ser\u00e3o pressionados pelos panfletos coloridos, complicados contratos, ou pela presen\u00e7a f\u00edsica de membros da Prefeitura em suas casas.<\/p>\n<p>Outro objetivo dos defensores da Vila Aut\u00f3dromo \u00e9 fortalecer e defender o\u00a0<a href=\"http:\/\/bit.ly\/OOcZln\">plano alternativo<\/a>\u00a0da comunidade, desenvolvido com planejadores urbanos e arquitetos da UFRJ e UFF. Tal plano mostra que, utilizando apenas um ter\u00e7o dos recursos p\u00fablicos do plano de reassentamento, a urbaniza\u00e7\u00e3o da comunidade ocorreria sem interferir com as constru\u00e7\u00f5es ol\u00edmpicas, economizando assim dinheiro p\u00fablico. Com apenas 11 ruas, em sua maioria largas, lotes grandes e casas bem consolidadas, a urbaniza\u00e7\u00e3o da comunidade \u00e9 um investimento econ\u00f4mico. &#8220;N\u00f3s queremos fazer parte do legado social [das Olimp\u00edadas]&#8221;, explicou Claudio. Ele e outros moradores pedem desenvolvimento e investimento na Vila Aut\u00f3dromo, em oposi\u00e7\u00e3o \u00e0 neglig\u00eancia ou coer\u00e7\u00e3o de seus direitos legais. &#8220;Queremos respeito do munic\u00edpio como cidad\u00e3os brasileiros&#8221;.<\/p>\n<p>Os moradores sabem que a lei est\u00e1 ao seu lado e est\u00e3o trabalhando para manter canais de comunica\u00e7\u00e3o abertos, evitando que as coisas n\u00e3o acabem em um jogo de intimida\u00e7\u00e3o. Embora seja uma longa batalha, esta \u00e9 uma que os moradores j\u00e1 lutaram e venceram antes.<\/p>\n<p>&#8220;Meu sonho \u00e9 ficar aqui!&#8221;, disse Tereza com l\u00e1grimas nos olhos. &#8220;Eu quero viver na Vila Aut\u00f3dromo at\u00e9 o fim de meus dias&#8221;.<\/p>\n<!-- AddThis Advanced Settings generic via filter on the_content --><!-- AddThis Share Buttons generic via filter on the_content -->","protected":false},"excerpt":{"rendered":"<div class=\"mh-excerpt\"><p>Click Here for English \u201cN\u00f3s estamos aqui hoje porque a Prefeitura est\u00e1 fazendo press\u00e3o psicol\u00f3gica [nos moradores da Vila Aut\u00f3dromo]\u201d, explica Lucia Cerqueira, representante da Pastoral das Favelas, grupo de mobiliza\u00e7\u00e3o comunit\u00e1ria da Igreja Cat\u00f3lica,\u00a0em <a class=\"mh-excerpt-more\" href=\"https:\/\/rioonwatch.org.br\/?p=5453\" title=\"Vila Aut\u00f3dromo Sofre Press\u00e3o da Prefeitura para Aceitar Reassentamento\">[&#8230;]<\/a><!-- AddThis Advanced Settings generic via filter on get_the_excerpt --><!-- AddThis Share Buttons generic via filter on get_the_excerpt --><\/p>\n<\/div>","protected":false},"author":132,"featured_media":5455,"comment_status":"closed","ping_status":"closed","sticky":false,"template":"","format":"standard","meta":{"_acf_changed":false,"_monsterinsights_skip_tracking":false,"_monsterinsights_sitenote_active":false,"_monsterinsights_sitenote_note":"","_monsterinsights_sitenote_category":0,"footnotes":""},"categories":[1614,1635,346,344],"tags":[655,656,538,424,396,2548,755,1240,246,1151,78,86,14,499,55,184],"writer":[653],"translator":[654],"source":[],"ilustrador":[],"fotografo":[],"class_list":{"0":"post-5453","1":"post","2":"type-post","3":"status-publish","4":"format-standard","5":"has-post-thumbnail","7":"category-olhonasremocoes","8":"category-1635","9":"category-denuncias","10":"category-politicas","11":"tag-associacao-de-moradores","12":"tag-concessao-de-uso","13":"tag-conjunto-residencial","14":"tag-direito-a-moradia","15":"tag-especulacao-imobiliaria","16":"tag-igreja-catolica","17":"tag-lei","18":"tag-megaeventos","19":"tag-minha-casa-minha-vida","20":"tag-organizacao","21":"tag-olimpiadas","22":"tag-pastoral-de-favelas","23":"tag-remocao","24":"tag-terror-psicologico","25":"tag-vila-autodromo","26":"tag-zona-oeste","27":"writer-kate-steiker-ginzberg","28":"translator-vinicius-menezes-rangel-de-sa"},"acf":[],"yoast_head":"<!-- This site is optimized with the Yoast SEO plugin v25.6 - https:\/\/yoast.com\/wordpress\/plugins\/seo\/ -->\n<title>Vila Aut\u00f3dromo Sofre Press\u00e3o da Prefeitura para Aceitar Reassentamento - RioOnWatch<\/title>\n<meta name=\"robots\" content=\"index, follow, max-snippet:-1, max-image-preview:large, max-video-preview:-1\" \/>\n<link rel=\"canonical\" href=\"https:\/\/rioonwatch.org.br\/?p=5453\" \/>\n<meta property=\"og:locale\" content=\"pt_BR\" \/>\n<meta property=\"og:type\" content=\"article\" \/>\n<meta property=\"og:title\" content=\"Vila Aut\u00f3dromo Sofre Press\u00e3o da Prefeitura para Aceitar Reassentamento - RioOnWatch\" \/>\n<meta property=\"og:description\" content=\"Click Here for English \u201cN\u00f3s estamos aqui hoje porque a Prefeitura est\u00e1 fazendo press\u00e3o psicol\u00f3gica [nos moradores da Vila Aut\u00f3dromo]\u201d, explica Lucia Cerqueira, representante da Pastoral das Favelas, grupo de mobiliza\u00e7\u00e3o comunit\u00e1ria da Igreja Cat\u00f3lica,\u00a0em [...]\" \/>\n<meta property=\"og:url\" content=\"https:\/\/rioonwatch.org.br\/?p=5453\" \/>\n<meta property=\"og:site_name\" content=\"RioOnWatch\" \/>\n<meta property=\"article:published_time\" content=\"2013-03-27T15:31:56+00:00\" \/>\n<meta property=\"article:modified_time\" content=\"2026-04-14T13:01:15+00:00\" \/>\n<meta property=\"og:image\" content=\"https:\/\/rioonwatch.org.br\/wp-content\/uploads\/2013\/03\/vila-auto-pref2.jpg\" \/>\n\t<meta property=\"og:image:width\" content=\"960\" \/>\n\t<meta property=\"og:image:height\" content=\"720\" \/>\n\t<meta property=\"og:image:type\" content=\"image\/jpeg\" \/>\n<meta name=\"author\" content=\"Felicity\" \/>\n<meta name=\"twitter:card\" content=\"summary_large_image\" \/>\n<meta name=\"twitter:label1\" content=\"Escrito por\" \/>\n\t<meta name=\"twitter:data1\" content=\"Felicity\" \/>\n\t<meta name=\"twitter:label2\" content=\"Est. tempo de leitura\" \/>\n\t<meta name=\"twitter:data2\" content=\"8 minutos\" \/>\n<script type=\"application\/ld+json\" class=\"yoast-schema-graph\">{\"@context\":\"https:\/\/schema.org\",\"@graph\":[{\"@type\":\"Article\",\"@id\":\"https:\/\/rioonwatch.org.br\/?p=5453#article\",\"isPartOf\":{\"@id\":\"https:\/\/rioonwatch.org.br\/?p=5453\"},\"author\":{\"name\":\"Felicity\",\"@id\":\"https:\/\/rioonwatch.org.br\/#\/schema\/person\/4d05cf5053c358ab740b3edd75a173f2\"},\"headline\":\"Vila Aut\u00f3dromo Sofre Press\u00e3o da Prefeitura para Aceitar Reassentamento\",\"datePublished\":\"2013-03-27T15:31:56+00:00\",\"dateModified\":\"2026-04-14T13:01:15+00:00\",\"mainEntityOfPage\":{\"@id\":\"https:\/\/rioonwatch.org.br\/?p=5453\"},\"wordCount\":1641,\"publisher\":{\"@id\":\"https:\/\/rioonwatch.org.br\/#organization\"},\"image\":{\"@id\":\"https:\/\/rioonwatch.org.br\/?p=5453#primaryimage\"},\"thumbnailUrl\":\"https:\/\/rioonwatch.org.br\/wp-content\/uploads\/2013\/03\/vila-auto-pref2.jpg\",\"keywords\":[\"Associa\u00e7\u00e3o de Moradores\",\"concess\u00e3o de uso\",\"conjunto residencial\",\"Direito \u00e0 Moradia\",\"especula\u00e7\u00e3o imobili\u00e1ria\",\"Igreja Cat\u00f3lica\",\"lei\",\"Megaeventos\",\"Minha Casa Minha Vida\",\"mobiliza\u00e7\u00e3o\",\"Olimp\u00edadas\",\"Pastoral das Favelas\",\"Remo\u00e7\u00e3o\",\"terror psicol\u00f3gico\",\"Vila Aut\u00f3dromo\",\"Zona Oeste\"],\"articleSection\":[\"#OlhoNasRemo\u00e7\u00f5es\",\"#Rio2016\",\"Den\u00fancias\",\"Pol\u00edticas\"],\"inLanguage\":\"pt-BR\"},{\"@type\":\"WebPage\",\"@id\":\"https:\/\/rioonwatch.org.br\/?p=5453\",\"url\":\"https:\/\/rioonwatch.org.br\/?p=5453\",\"name\":\"Vila Aut\u00f3dromo Sofre Press\u00e3o da Prefeitura para Aceitar Reassentamento - RioOnWatch\",\"isPartOf\":{\"@id\":\"https:\/\/rioonwatch.org.br\/#website\"},\"primaryImageOfPage\":{\"@id\":\"https:\/\/rioonwatch.org.br\/?p=5453#primaryimage\"},\"image\":{\"@id\":\"https:\/\/rioonwatch.org.br\/?p=5453#primaryimage\"},\"thumbnailUrl\":\"https:\/\/rioonwatch.org.br\/wp-content\/uploads\/2013\/03\/vila-auto-pref2.jpg\",\"datePublished\":\"2013-03-27T15:31:56+00:00\",\"dateModified\":\"2026-04-14T13:01:15+00:00\",\"breadcrumb\":{\"@id\":\"https:\/\/rioonwatch.org.br\/?p=5453#breadcrumb\"},\"inLanguage\":\"pt-BR\",\"potentialAction\":[{\"@type\":\"ReadAction\",\"target\":[\"https:\/\/rioonwatch.org.br\/?p=5453\"]}]},{\"@type\":\"ImageObject\",\"inLanguage\":\"pt-BR\",\"@id\":\"https:\/\/rioonwatch.org.br\/?p=5453#primaryimage\",\"url\":\"https:\/\/rioonwatch.org.br\/wp-content\/uploads\/2013\/03\/vila-auto-pref2.jpg\",\"contentUrl\":\"https:\/\/rioonwatch.org.br\/wp-content\/uploads\/2013\/03\/vila-auto-pref2.jpg\",\"width\":960,\"height\":720},{\"@type\":\"BreadcrumbList\",\"@id\":\"https:\/\/rioonwatch.org.br\/?p=5453#breadcrumb\",\"itemListElement\":[{\"@type\":\"ListItem\",\"position\":1,\"name\":\"In\u00edcio\",\"item\":\"https:\/\/rioonwatch.org.br\/\"},{\"@type\":\"ListItem\",\"position\":2,\"name\":\"Vila Aut\u00f3dromo Sofre Press\u00e3o da Prefeitura para Aceitar Reassentamento\"}]},{\"@type\":\"WebSite\",\"@id\":\"https:\/\/rioonwatch.org.br\/#website\",\"url\":\"https:\/\/rioonwatch.org.br\/\",\"name\":\"RioOnWatch\",\"description\":\"relatos das favelas cariocas\",\"publisher\":{\"@id\":\"https:\/\/rioonwatch.org.br\/#organization\"},\"potentialAction\":[{\"@type\":\"SearchAction\",\"target\":{\"@type\":\"EntryPoint\",\"urlTemplate\":\"https:\/\/rioonwatch.org.br\/?s={search_term_string}\"},\"query-input\":{\"@type\":\"PropertyValueSpecification\",\"valueRequired\":true,\"valueName\":\"search_term_string\"}}],\"inLanguage\":\"pt-BR\"},{\"@type\":\"Organization\",\"@id\":\"https:\/\/rioonwatch.org.br\/#organization\",\"name\":\"RioOnWatch\",\"url\":\"https:\/\/rioonwatch.org.br\/\",\"logo\":{\"@type\":\"ImageObject\",\"inLanguage\":\"pt-BR\",\"@id\":\"https:\/\/rioonwatch.org.br\/#\/schema\/logo\/image\/\",\"url\":\"https:\/\/rioonwatch.org.br\/wp-content\/uploads\/2021\/06\/RioOnWatchcabecalhoPT11anos-2.png\",\"contentUrl\":\"https:\/\/rioonwatch.org.br\/wp-content\/uploads\/2021\/06\/RioOnWatchcabecalhoPT11anos-2.png\",\"width\":779,\"height\":277,\"caption\":\"RioOnWatch\"},\"image\":{\"@id\":\"https:\/\/rioonwatch.org.br\/#\/schema\/logo\/image\/\"}},{\"@type\":\"Person\",\"@id\":\"https:\/\/rioonwatch.org.br\/#\/schema\/person\/4d05cf5053c358ab740b3edd75a173f2\",\"name\":\"Felicity\",\"image\":{\"@type\":\"ImageObject\",\"inLanguage\":\"pt-BR\",\"@id\":\"https:\/\/rioonwatch.org.br\/#\/schema\/person\/image\/\",\"url\":\"https:\/\/secure.gravatar.com\/avatar\/bfc904486dc0bba6015410a00fe3fc27?s=96&d=blank&r=g\",\"contentUrl\":\"https:\/\/secure.gravatar.com\/avatar\/bfc904486dc0bba6015410a00fe3fc27?s=96&d=blank&r=g\",\"caption\":\"Felicity\"},\"url\":\"https:\/\/rioonwatch.org.br\/?author=132\"}]}<\/script>\n<!-- \/ Yoast SEO plugin. -->","yoast_head_json":{"title":"Vila Aut\u00f3dromo Sofre Press\u00e3o da Prefeitura para Aceitar Reassentamento - RioOnWatch","robots":{"index":"index","follow":"follow","max-snippet":"max-snippet:-1","max-image-preview":"max-image-preview:large","max-video-preview":"max-video-preview:-1"},"canonical":"https:\/\/rioonwatch.org.br\/?p=5453","og_locale":"pt_BR","og_type":"article","og_title":"Vila Aut\u00f3dromo Sofre Press\u00e3o da Prefeitura para Aceitar Reassentamento - RioOnWatch","og_description":"Click Here for English \u201cN\u00f3s estamos aqui hoje porque a Prefeitura est\u00e1 fazendo press\u00e3o psicol\u00f3gica [nos moradores da Vila Aut\u00f3dromo]\u201d, explica Lucia Cerqueira, representante da Pastoral das Favelas, grupo de mobiliza\u00e7\u00e3o comunit\u00e1ria da Igreja Cat\u00f3lica,\u00a0em [...]","og_url":"https:\/\/rioonwatch.org.br\/?p=5453","og_site_name":"RioOnWatch","article_published_time":"2013-03-27T15:31:56+00:00","article_modified_time":"2026-04-14T13:01:15+00:00","og_image":[{"width":960,"height":720,"url":"https:\/\/rioonwatch.org.br\/wp-content\/uploads\/2013\/03\/vila-auto-pref2.jpg","type":"image\/jpeg"}],"author":"Felicity","twitter_card":"summary_large_image","twitter_misc":{"Escrito por":"Felicity","Est. tempo de leitura":"8 minutos"},"schema":{"@context":"https:\/\/schema.org","@graph":[{"@type":"Article","@id":"https:\/\/rioonwatch.org.br\/?p=5453#article","isPartOf":{"@id":"https:\/\/rioonwatch.org.br\/?p=5453"},"author":{"name":"Felicity","@id":"https:\/\/rioonwatch.org.br\/#\/schema\/person\/4d05cf5053c358ab740b3edd75a173f2"},"headline":"Vila Aut\u00f3dromo Sofre Press\u00e3o da Prefeitura para Aceitar Reassentamento","datePublished":"2013-03-27T15:31:56+00:00","dateModified":"2026-04-14T13:01:15+00:00","mainEntityOfPage":{"@id":"https:\/\/rioonwatch.org.br\/?p=5453"},"wordCount":1641,"publisher":{"@id":"https:\/\/rioonwatch.org.br\/#organization"},"image":{"@id":"https:\/\/rioonwatch.org.br\/?p=5453#primaryimage"},"thumbnailUrl":"https:\/\/rioonwatch.org.br\/wp-content\/uploads\/2013\/03\/vila-auto-pref2.jpg","keywords":["Associa\u00e7\u00e3o de Moradores","concess\u00e3o de uso","conjunto residencial","Direito \u00e0 Moradia","especula\u00e7\u00e3o imobili\u00e1ria","Igreja Cat\u00f3lica","lei","Megaeventos","Minha Casa Minha Vida","mobiliza\u00e7\u00e3o","Olimp\u00edadas","Pastoral das Favelas","Remo\u00e7\u00e3o","terror psicol\u00f3gico","Vila Aut\u00f3dromo","Zona Oeste"],"articleSection":["#OlhoNasRemo\u00e7\u00f5es","#Rio2016","Den\u00fancias","Pol\u00edticas"],"inLanguage":"pt-BR"},{"@type":"WebPage","@id":"https:\/\/rioonwatch.org.br\/?p=5453","url":"https:\/\/rioonwatch.org.br\/?p=5453","name":"Vila Aut\u00f3dromo Sofre Press\u00e3o da Prefeitura para Aceitar Reassentamento - RioOnWatch","isPartOf":{"@id":"https:\/\/rioonwatch.org.br\/#website"},"primaryImageOfPage":{"@id":"https:\/\/rioonwatch.org.br\/?p=5453#primaryimage"},"image":{"@id":"https:\/\/rioonwatch.org.br\/?p=5453#primaryimage"},"thumbnailUrl":"https:\/\/rioonwatch.org.br\/wp-content\/uploads\/2013\/03\/vila-auto-pref2.jpg","datePublished":"2013-03-27T15:31:56+00:00","dateModified":"2026-04-14T13:01:15+00:00","breadcrumb":{"@id":"https:\/\/rioonwatch.org.br\/?p=5453#breadcrumb"},"inLanguage":"pt-BR","potentialAction":[{"@type":"ReadAction","target":["https:\/\/rioonwatch.org.br\/?p=5453"]}]},{"@type":"ImageObject","inLanguage":"pt-BR","@id":"https:\/\/rioonwatch.org.br\/?p=5453#primaryimage","url":"https:\/\/rioonwatch.org.br\/wp-content\/uploads\/2013\/03\/vila-auto-pref2.jpg","contentUrl":"https:\/\/rioonwatch.org.br\/wp-content\/uploads\/2013\/03\/vila-auto-pref2.jpg","width":960,"height":720},{"@type":"BreadcrumbList","@id":"https:\/\/rioonwatch.org.br\/?p=5453#breadcrumb","itemListElement":[{"@type":"ListItem","position":1,"name":"In\u00edcio","item":"https:\/\/rioonwatch.org.br\/"},{"@type":"ListItem","position":2,"name":"Vila Aut\u00f3dromo Sofre Press\u00e3o da Prefeitura para Aceitar Reassentamento"}]},{"@type":"WebSite","@id":"https:\/\/rioonwatch.org.br\/#website","url":"https:\/\/rioonwatch.org.br\/","name":"RioOnWatch","description":"relatos das favelas cariocas","publisher":{"@id":"https:\/\/rioonwatch.org.br\/#organization"},"potentialAction":[{"@type":"SearchAction","target":{"@type":"EntryPoint","urlTemplate":"https:\/\/rioonwatch.org.br\/?s={search_term_string}"},"query-input":{"@type":"PropertyValueSpecification","valueRequired":true,"valueName":"search_term_string"}}],"inLanguage":"pt-BR"},{"@type":"Organization","@id":"https:\/\/rioonwatch.org.br\/#organization","name":"RioOnWatch","url":"https:\/\/rioonwatch.org.br\/","logo":{"@type":"ImageObject","inLanguage":"pt-BR","@id":"https:\/\/rioonwatch.org.br\/#\/schema\/logo\/image\/","url":"https:\/\/rioonwatch.org.br\/wp-content\/uploads\/2021\/06\/RioOnWatchcabecalhoPT11anos-2.png","contentUrl":"https:\/\/rioonwatch.org.br\/wp-content\/uploads\/2021\/06\/RioOnWatchcabecalhoPT11anos-2.png","width":779,"height":277,"caption":"RioOnWatch"},"image":{"@id":"https:\/\/rioonwatch.org.br\/#\/schema\/logo\/image\/"}},{"@type":"Person","@id":"https:\/\/rioonwatch.org.br\/#\/schema\/person\/4d05cf5053c358ab740b3edd75a173f2","name":"Felicity","image":{"@type":"ImageObject","inLanguage":"pt-BR","@id":"https:\/\/rioonwatch.org.br\/#\/schema\/person\/image\/","url":"https:\/\/secure.gravatar.com\/avatar\/bfc904486dc0bba6015410a00fe3fc27?s=96&d=blank&r=g","contentUrl":"https:\/\/secure.gravatar.com\/avatar\/bfc904486dc0bba6015410a00fe3fc27?s=96&d=blank&r=g","caption":"Felicity"},"url":"https:\/\/rioonwatch.org.br\/?author=132"}]}},"_links":{"self":[{"href":"https:\/\/rioonwatch.org.br\/index.php?rest_route=\/wp\/v2\/posts\/5453"}],"collection":[{"href":"https:\/\/rioonwatch.org.br\/index.php?rest_route=\/wp\/v2\/posts"}],"about":[{"href":"https:\/\/rioonwatch.org.br\/index.php?rest_route=\/wp\/v2\/types\/post"}],"author":[{"embeddable":true,"href":"https:\/\/rioonwatch.org.br\/index.php?rest_route=\/wp\/v2\/users\/132"}],"replies":[{"embeddable":true,"href":"https:\/\/rioonwatch.org.br\/index.php?rest_route=%2Fwp%2Fv2%2Fcomments&post=5453"}],"version-history":[{"count":15,"href":"https:\/\/rioonwatch.org.br\/index.php?rest_route=\/wp\/v2\/posts\/5453\/revisions"}],"predecessor-version":[{"id":29039,"href":"https:\/\/rioonwatch.org.br\/index.php?rest_route=\/wp\/v2\/posts\/5453\/revisions\/29039"}],"wp:featuredmedia":[{"embeddable":true,"href":"https:\/\/rioonwatch.org.br\/index.php?rest_route=\/wp\/v2\/media\/5455"}],"wp:attachment":[{"href":"https:\/\/rioonwatch.org.br\/index.php?rest_route=%2Fwp%2Fv2%2Fmedia&parent=5453"}],"wp:term":[{"taxonomy":"category","embeddable":true,"href":"https:\/\/rioonwatch.org.br\/index.php?rest_route=%2Fwp%2Fv2%2Fcategories&post=5453"},{"taxonomy":"post_tag","embeddable":true,"href":"https:\/\/rioonwatch.org.br\/index.php?rest_route=%2Fwp%2Fv2%2Ftags&post=5453"},{"taxonomy":"writer","embeddable":true,"href":"https:\/\/rioonwatch.org.br\/index.php?rest_route=%2Fwp%2Fv2%2Fwriter&post=5453"},{"taxonomy":"translator","embeddable":true,"href":"https:\/\/rioonwatch.org.br\/index.php?rest_route=%2Fwp%2Fv2%2Ftranslator&post=5453"},{"taxonomy":"source","embeddable":true,"href":"https:\/\/rioonwatch.org.br\/index.php?rest_route=%2Fwp%2Fv2%2Fsource&post=5453"},{"taxonomy":"ilustrador","embeddable":true,"href":"https:\/\/rioonwatch.org.br\/index.php?rest_route=%2Fwp%2Fv2%2Filustrador&post=5453"},{"taxonomy":"fotografo","embeddable":true,"href":"https:\/\/rioonwatch.org.br\/index.php?rest_route=%2Fwp%2Fv2%2Ffotografo&post=5453"}],"curies":[{"name":"wp","href":"https:\/\/api.w.org\/{rel}","templated":true}]}}