{"id":54568,"date":"2021-04-28T12:14:32","date_gmt":"2021-04-28T15:14:32","guid":{"rendered":"https:\/\/rioonwatch.org.br\/?p=54568"},"modified":"2021-12-20T15:38:25","modified_gmt":"2021-12-20T18:38:25","slug":"como-anda-a-luz-no-jacarezinho","status":"publish","type":"post","link":"https:\/\/rioonwatch.org.br\/?p=54568","title":{"rendered":"Como Anda a Luz no Jacarezinho?"},"content":{"rendered":"<p style=\"text-align: right;\"><em><strong><a href=\"https:\/\/bit.ly\/3yQbI5N\" target=\"_blank\" rel=\"noopener noreferrer\">Click Here for English<\/a><a href=\"https:\/\/bit.ly\/3yQbI5N\" target=\"_blank\" rel=\"noopener noreferrer\"><img decoding=\"async\" class=\"alignright wp-image-15790\" src=\"http:\/\/rioonwatch.org.br\/wp-content\/uploads\/2012\/08\/EN-standard-e1439583104716.jpg\" alt=\"\" width=\"20\" height=\"20\" \/><\/a><\/strong><\/em><\/p>\n<p><em>Esta pesquisa <\/em><em>faz parte de uma\u00a0<a href=\"http:\/\/bit.ly\/JusticaEnergeticaNasFavelas\" target=\"_blank\" rel=\"noopener\">s\u00e9rie sobre justi\u00e7a e efici\u00eancia energ\u00e9tica nas favelas<\/a> do Rio.<\/em><\/p>\n<p><span style=\"font-weight: 400;\">Os problemas com energia el\u00e9trica nas favelas s\u00e3o cr\u00f4nicos e v\u00eam desde o seu surgimento. O Estado <a href=\"https:\/\/bit.ly\/2L50J4b\" target=\"_blank\" rel=\"noopener\">falha ao entregar um servi\u00e7o de baixa qualidade<\/a>, e moradores\u2014<a href=\"http:\/\/bit.ly\/2WYihBC\" target=\"_blank\" rel=\"noopener\">com improvisos<\/a>\u2014acabam <a href=\"https:\/\/bit.ly\/3dC1xrK\" target=\"_blank\" rel=\"noopener\">sobrecarregando as redes<\/a> e com isso toda a popula\u00e7\u00e3o das favelas sofre. S\u00e3o dias sem energia em suas casas, alimentos e <a href=\"https:\/\/bit.ly\/2MB78VD\" target=\"_blank\" rel=\"noopener\">eletrodom\u00e9sticos perdidos<\/a> e segundo os moradores, tudo isso piora no ver\u00e3o.<\/span><\/p>\n<p><a href=\"https:\/\/rioonwatch.org.br\/wp-content\/uploads\/2021\/04\/Jacarezinho.jpg\"><img fetchpriority=\"high\" decoding=\"async\" class=\"aligncenter wp-image-54597 size-content\" title=\"Favela do Jacarezinho\" src=\"https:\/\/rioonwatch.org.br\/wp-content\/uploads\/2021\/04\/Jacarezinho-620x264.jpg\" alt=\"\" width=\"620\" height=\"264\" srcset=\"https:\/\/rioonwatch.org.br\/wp-content\/uploads\/2021\/04\/Jacarezinho-620x264.jpg 620w, https:\/\/rioonwatch.org.br\/wp-content\/uploads\/2021\/04\/Jacarezinho-940x400.jpg 940w\" sizes=\"(max-width: 620px) 100vw, 620px\" \/><\/a><\/p>\n<p><span style=\"font-weight: 400;\">Um levantamento* de dados foi realizado entre 4 e 24 de mar\u00e7o pelo Laborat\u00f3rio de Dados e Narrativas na Favela do Jacarezinho (<a href=\"https:\/\/bit.ly\/3nsbhtg\" target=\"_blank\" rel=\"noopener\">LabJaca<\/a>) sobre a percep\u00e7\u00e3o de moradores da favela sobre a energia el\u00e9trica. A pesquisa no <a href=\"http:\/\/bit.ly\/2MMIK37\" target=\"_blank\" rel=\"noopener\">Jacarezinho<\/a>, <a href=\"http:\/\/bit.ly\/2ETpYR1\" target=\"_blank\" rel=\"noopener\">Zona Norte<\/a>, trouxe em n\u00fameros um cen\u00e1rio j\u00e1 bem conhecido e frequentemente falado pelos moradores. <\/span><span style=\"font-weight: 400;\">Dentre os 40 entrevistados, 50% afirmam que sofrem com a falta de luz pelo menos uma vez por semana, 12,5% dizem faltar luz duas vezes por semana, 6,3% garantem que sofrem do problema tr\u00eas vezes ou mais na semana. Neste cen\u00e1rio, 68.8% sofrem com falta de luz pelo menos semanalmente. J\u00e1 que 18,8% n\u00e3o souberam responder, isso deixa s\u00f3 12,4% afirmando que falta luz menos que semanalmente.<\/span><\/p>\n<p><a href=\"https:\/\/rioonwatch.org.br\/wp-content\/uploads\/2021\/04\/Com-que-frequencia-falta-luz-na-sua-residencia-1.jpg\"><img decoding=\"async\" class=\"aligncenter wp-image-54737 size-full\" title=\"Com que frequ\u00eancia falta luz na sua resid\u00eancia?\" src=\"https:\/\/rioonwatch.org.br\/wp-content\/uploads\/2021\/04\/Com-que-frequencia-falta-luz-na-sua-residencia-1.jpg\" alt=\"Com que frequ\u00eancia falta luz na sua resid\u00eancia?\" width=\"620\" height=\"457\" srcset=\"https:\/\/rioonwatch.org.br\/wp-content\/uploads\/2021\/04\/Com-que-frequencia-falta-luz-na-sua-residencia-1.jpg 620w, https:\/\/rioonwatch.org.br\/wp-content\/uploads\/2021\/04\/Com-que-frequencia-falta-luz-na-sua-residencia-1-358x264.jpg 358w, https:\/\/rioonwatch.org.br\/wp-content\/uploads\/2021\/04\/Com-que-frequencia-falta-luz-na-sua-residencia-1-70x53.jpg 70w\" sizes=\"(max-width: 620px) 100vw, 620px\" \/><\/a><\/p>\n<p><span style=\"font-weight: 400;\">Quando foi perguntado qual foi o maior per\u00edodo que ficaram sem luz, o resultado foi abismante: 25% dos moradores entrevistados j\u00e1 sofreram a falta de luz por mais de uma semana cont\u00ednua. Este bloco se comp\u00f4s dos: 5% que afirmaram ficar sem luz por duas semanas; 10% que relataram ficaram at\u00e9 tr\u00eas semanas sem luz; 5% que afirmaram ficar mais de um m\u00eas sem luz; e 5% que afirmaram ficar mais de dois meses sem luz na sua resid\u00eancia sem que nada fosse feito.<\/span><a href=\"https:\/\/rioonwatch.org.br\/wp-content\/uploads\/2021\/04\/Qual-o-maior-periodo-que-voce-ficou-sem-luz-em-casa-ok3.jpg\"><img loading=\"lazy\" decoding=\"async\" class=\"aligncenter size-medium wp-image-54591\" src=\"https:\/\/rioonwatch.org.br\/wp-content\/uploads\/2021\/04\/Qual-o-maior-periodo-que-voce-ficou-sem-luz-em-casa-ok3-620x454.jpg\" alt=\"\" width=\"620\" height=\"454\" srcset=\"https:\/\/rioonwatch.org.br\/wp-content\/uploads\/2021\/04\/Qual-o-maior-periodo-que-voce-ficou-sem-luz-em-casa-ok3-620x454.jpg 620w, https:\/\/rioonwatch.org.br\/wp-content\/uploads\/2021\/04\/Qual-o-maior-periodo-que-voce-ficou-sem-luz-em-casa-ok3-360x264.jpg 360w, https:\/\/rioonwatch.org.br\/wp-content\/uploads\/2021\/04\/Qual-o-maior-periodo-que-voce-ficou-sem-luz-em-casa-ok3.jpg 738w\" sizes=\"(max-width: 620px) 100vw, 620px\" \/><\/a><\/p>\n<p><span style=\"font-weight: 400;\">Como podemos ver no gr\u00e1fico abaixo 72,7% dos entrevistados afirmaram que h\u00e1 menos de um m\u00eas tiveram falta de luz em casa.\u00a0<\/span><\/p>\n<p><a href=\"https:\/\/rioonwatch.org.br\/wp-content\/uploads\/2021\/04\/Quando-foi-a-ultima-vez-que-voce-ficou-sem-luz-em-casa2.jpg\"><img loading=\"lazy\" decoding=\"async\" class=\"aligncenter size-medium wp-image-54586\" src=\"https:\/\/rioonwatch.org.br\/wp-content\/uploads\/2021\/04\/Quando-foi-a-ultima-vez-que-voce-ficou-sem-luz-em-casa2-620x467.jpg\" alt=\"\" width=\"620\" height=\"467\" \/><\/a><span style=\"font-weight: 400;\">Imagine o preju\u00edzo de ficar dias sem luz: para come\u00e7ar os alimentos da geladeira estragam, e com a frequ\u00eancia com que falta luz na comunidade, muitos eletrodom\u00e9sticos e eletr\u00f4nicos s\u00e3o danificados.<\/span><\/p>\n<p><span style=\"font-weight: 400;\">Tamb\u00e9m perguntamos sobre isso aos moradores e dentre todos os entrevistados, apenas 36% n\u00e3o tiveram preju\u00edzos financeiros com os apag\u00f5es. Os demais se dividem em problemas variados desde dos 42% que declararam que ficam dias sem luz e por isso perdem alimentos e os cerca de 22% que relataram que perderam eletrodom\u00e9sticos variados como geladeira\u2014o mais frequente na lista\u2014seguido de freezers, computadores, aparelhos de som, televis\u00e3o e demais aparelhos mantidos na rede el\u00e9trica.<\/span><\/p>\n<p><span style=\"font-weight: 400;\">Esses problemas s\u00e3o grav\u00edssimos e esses preju\u00edzos n\u00e3o s\u00e3o cobertos pelo Estado nem pela ag\u00eancia administradora de abastecimento de energia no Rio de Janeiro, a <a href=\"https:\/\/bit.ly\/30VtS7W\" target=\"_blank\" rel=\"noopener\">Light<\/a>. Seguindo o princ\u00edpio da dignidade humana, a garantia do acesso \u00e0 energia el\u00e9trica \u00e9 um direito fundamental, indispens\u00e1vel para assegurar qualidade de vida para o cidad\u00e3o brasileiro. Conforme o <a href=\"https:\/\/bit.ly\/3n6ZjVU\" target=\"_blank\" rel=\"noopener\">artigo 22, da Lei n.\u00ba 8.078<\/a> de 1990: <\/span><span style=\"font-weight: 400;\">\u201cos \u00f3rg\u00e3os p\u00fablicos, por si ou suas empresas, concession\u00e1rias, permission\u00e1rias ou sob qualquer outra forma de empreendimento, s\u00e3o obrigados a fornecer servi\u00e7os adequados, eficientes, seguros e, quanto aos essenciais cont\u00ednuos\u201d.<\/span><\/p>\n<p><span style=\"font-weight: 400;\">No entanto, apesar desse reconhecimento da Lei, o prec\u00e1rio servi\u00e7o de abastecimento de energia el\u00e9trica nas favelas confronta o regime de Estado democr\u00e1tico de direito que pressup\u00f5e a garantia de direitos b\u00e1sicos para a popula\u00e7\u00e3o. No caso do servi\u00e7o de energia el\u00e9trica nas favelas\u2014como ficou demonstrado no levantamento que o LabJaca realizou no Jacarezinho\u2014n\u00e3o \u00e9 garantido um servi\u00e7o qualificado. Isso s\u00f3 nos leva a crer que para certos grupos sociais esse bem \u00e9 negligenciado.<\/span><\/p>\n<h3><b>Quando Isso Acontece a Quem Recorrer?<\/b><\/h3>\n<p><span style=\"font-weight: 400;\">As op\u00e7\u00f5es sobre a quem recorrer n\u00e3o s\u00e3o tantas. Perguntamos aos moradores a quem eles recorrem quando falta luz em suas casas e fizemos essa nuvem de palavras com as respostas geradas. Fica n\u00edtida a rede de apoio montada dentro da pr\u00f3pria comunidade, sendo ela formada pela associa\u00e7\u00e3o, eletricistas da favela e parentes como mais citados, mas essa rede tamb\u00e9m denota a falta de confian\u00e7a na pr\u00f3pria Light e no poder p\u00fablico para resolver eventuais demandas. \u00c9 comum o pedido de socorro a Associa\u00e7\u00e3o de Moradores em posts nos grupos da comunidade com foto de postes pegando fogo. A Associa\u00e7\u00e3o refor\u00e7a que a falta de manuten\u00e7\u00e3o somada a sobrecarga de energia gera risco para os moradores e principalmente para as crian\u00e7as da favela.\u00a0<\/span><\/p>\n<p><a href=\"https:\/\/rioonwatch.org.br\/wp-content\/uploads\/2021\/04\/Nuvem-JacaLab.png\"><img loading=\"lazy\" decoding=\"async\" class=\"aligncenter wp-image-54593 size-medium\" src=\"https:\/\/rioonwatch.org.br\/wp-content\/uploads\/2021\/04\/Nuvem-JacaLab-620x465.png\" alt=\"\" width=\"620\" height=\"465\" srcset=\"https:\/\/rioonwatch.org.br\/wp-content\/uploads\/2021\/04\/Nuvem-JacaLab-620x465.png 620w, https:\/\/rioonwatch.org.br\/wp-content\/uploads\/2021\/04\/Nuvem-JacaLab-1024x768.png 1024w, https:\/\/rioonwatch.org.br\/wp-content\/uploads\/2021\/04\/Nuvem-JacaLab-352x264.png 352w, https:\/\/rioonwatch.org.br\/wp-content\/uploads\/2021\/04\/Nuvem-JacaLab-768x576.png 768w, https:\/\/rioonwatch.org.br\/wp-content\/uploads\/2021\/04\/Nuvem-JacaLab-1536x1152.png 1536w, https:\/\/rioonwatch.org.br\/wp-content\/uploads\/2021\/04\/Nuvem-JacaLab-2048x1536.png 2048w, https:\/\/rioonwatch.org.br\/wp-content\/uploads\/2021\/04\/Nuvem-JacaLab-174x131.png 174w, https:\/\/rioonwatch.org.br\/wp-content\/uploads\/2021\/04\/Nuvem-JacaLab-300x225.png 300w, https:\/\/rioonwatch.org.br\/wp-content\/uploads\/2021\/04\/Nuvem-JacaLab-70x53.png 70w\" sizes=\"(max-width: 620px) 100vw, 620px\" \/><\/a><\/p>\n<h3><b>Tudo Piora no Ver\u00e3o<\/b><\/h3>\n<p><span style=\"font-weight: 400;\">Ver\u00e3o \u00e9 \u00e9poca de praia, cervejinha e divers\u00e3o, mas tamb\u00e9m revela muitos problemas da cidade do Rio, como alagamentos e deslizamentos causados pelas chuvas e os temidos apag\u00f5es na favela. Durante o ver\u00e3o muita gente est\u00e1 de f\u00e9rias, os estabelecimentos consomem mais energia para manter geladeiras, freezers e ar condicionados ligados. Os moradores tamb\u00e9m ligam seus aparelhos de ar condicionado na busca de fugir do calor e com isso acontecem muitas sobrecargas na rede el\u00e9trica, uma rede prec\u00e1ria e sem manuten\u00e7\u00e3o. Quando perguntamos aos moradores em qual per\u00edodo do ano os problemas com a energia el\u00e9trica se tornam mais frequentes tivemos o \u00fanico dado levantado 100% igual, os moradores em sua totalidade apontam o ver\u00e3o como a \u00e9poca com mais problemas relacionados \u00e0 luz.<\/span><\/p>\n<p><span style=\"font-weight: 400;\">&#8220;Eu vivo aqui h\u00e1 43 anos, tem gente que vive h\u00e1 50, 60 [anos] e desde sempre \u00e9 a mesma coisa, principalmente no ver\u00e3o com as quedas de luz que estragam os nossos aparelhos e as nossas coisas&#8221;, afirma J\u00falio C\u00e9sar, um articulador social local e criador do <a href=\"https:\/\/bit.ly\/3v1QGyC\" target=\"_blank\" rel=\"noopener\">JCR\u00c9 Facilitador<\/a>.<\/span><\/p>\n<p><span style=\"font-weight: 400;\">Os dados apresentados mostram as consequ\u00eancias geradas pelos constantes apag\u00f5es e os longos per\u00edodos sem luz, mas os causadores do problema s\u00e3o diversos e variam desde a responsabiliza\u00e7\u00e3o de institui\u00e7\u00f5es como a <a href=\"https:\/\/bit.ly\/3dEWDM7\" target=\"_blank\" rel=\"noopener\">RioLuz<\/a>, que peca na manuten\u00e7\u00e3o dos fios e postes, at\u00e9 a sobrecarga na rede el\u00e9trica gerada pelos pr\u00f3prios moradores como mostramos novamente na nuvem de palavras.<\/span><\/p>\n<p><a href=\"https:\/\/rioonwatch.org.br\/wp-content\/uploads\/2021\/04\/Nuvem-LabJaca-.png\"><img loading=\"lazy\" decoding=\"async\" class=\"aligncenter wp-image-54595 size-medium\" src=\"https:\/\/rioonwatch.org.br\/wp-content\/uploads\/2021\/04\/Nuvem-LabJaca--620x465.png\" alt=\"\" width=\"620\" height=\"465\" srcset=\"https:\/\/rioonwatch.org.br\/wp-content\/uploads\/2021\/04\/Nuvem-LabJaca--620x465.png 620w, https:\/\/rioonwatch.org.br\/wp-content\/uploads\/2021\/04\/Nuvem-LabJaca--1024x768.png 1024w, https:\/\/rioonwatch.org.br\/wp-content\/uploads\/2021\/04\/Nuvem-LabJaca--352x264.png 352w, https:\/\/rioonwatch.org.br\/wp-content\/uploads\/2021\/04\/Nuvem-LabJaca--768x576.png 768w, https:\/\/rioonwatch.org.br\/wp-content\/uploads\/2021\/04\/Nuvem-LabJaca--1536x1152.png 1536w, https:\/\/rioonwatch.org.br\/wp-content\/uploads\/2021\/04\/Nuvem-LabJaca--2048x1536.png 2048w, https:\/\/rioonwatch.org.br\/wp-content\/uploads\/2021\/04\/Nuvem-LabJaca--174x131.png 174w, https:\/\/rioonwatch.org.br\/wp-content\/uploads\/2021\/04\/Nuvem-LabJaca--300x225.png 300w, https:\/\/rioonwatch.org.br\/wp-content\/uploads\/2021\/04\/Nuvem-LabJaca--70x53.png 70w\" sizes=\"(max-width: 620px) 100vw, 620px\" \/><\/a><\/p>\n<p><span style=\"font-weight: 400;\">A favela que queremos passa pela cobran\u00e7a de medidas efetivas das institui\u00e7\u00f5es respons\u00e1veis, mas tamb\u00e9m por campanhas publicit\u00e1rias voltadas para essas \u00e1reas que tratem sobre a conscientiza\u00e7\u00e3o dos seus moradores. Desse modo, \u00e9 urgente desafiar o <a href=\"http:\/\/bit.ly\/2x39npy\" target=\"_blank\" rel=\"noopener\">estigma<\/a> de que a favela \u00e9 lugar de ilegalidade e desordem, para evitar essa segrega\u00e7\u00e3o e encar\u00e1-la desde j\u00e1 como parte da cidade.\u00a0<\/span><\/p>\n<h3><b>Mas Afinal, de Quem \u00c9 a Responsabilidade?<\/b><\/h3>\n<p><span style=\"font-weight: 400;\">Na percep\u00e7\u00e3o de 31,6% dos entrevistados os pr\u00f3prios moradores s\u00e3o respons\u00e1veis pelo problema causado. S\u00e3o relatos como o de vizinhos que puxam um gato em uma fia\u00e7\u00e3o que j\u00e1 est\u00e1 prejudicada, pessoas que n\u00e3o t\u00eam entendimento sobre circuitos el\u00e9tricos colocando a m\u00e3o em redes que levam luz \u00e0 casa de centenas de pessoas.<\/span><\/p>\n<p><span style=\"font-weight: 400;\">&#8220;A gente tamb\u00e9m enxerga uma responsabiliza\u00e7\u00e3o muito grande do governo que ao mesmo tempo que exige que <a href=\"http:\/\/bit.ly\/2fhyVEk\" target=\"_blank\" rel=\"noopener\">a gente pague os impostos<\/a> n\u00e3o entregam o servi\u00e7o decente pelo que estamos pagando. Mas isso \u00e9 mais do que s\u00f3 uma problem\u00e1tica com a Light, com o governo. \u00c9 uma quest\u00e3o comportamental dos moradores tamb\u00e9m, que precisam entender que economizar luz est\u00e1 ligado a quest\u00e3o ambiental, est\u00e1 ligado a uma melhoria estrutural da pr\u00f3pria favela&#8221;, declara J\u00falio C\u00e9sar.<\/span><\/p>\n<p><span style=\"font-weight: 400;\">Mas apesar da autocr\u00edtica de moradores em reconhecer que tamb\u00e9m s\u00e3o parte do problema, principalmente sobrecarregando a rede, as institui\u00e7\u00f5es que deveriam cuidar e entregar um bom servi\u00e7o falham. 21% dos entrevistados acreditam que o governo \u00e9 o principal respons\u00e1vel pelo servi\u00e7o ruim na luz da favela. S\u00e3o relatados <a href=\"https:\/\/bit.ly\/2Rku5Mf\" target=\"_blank\" rel=\"noopener\">anos de aus\u00eancia do Estado nos quais necessidades b\u00e1sicas<\/a> como saneamento e energia el\u00e9trica s\u00e3o negados e por isso a insatisfa\u00e7\u00e3o.<\/span><\/p>\n<p><span style=\"font-weight: 400;\">Outros 21% acreditam que a Light \u00e9 a respons\u00e1vel pela m\u00e1 presta\u00e7\u00e3o do servi\u00e7o. Entramos em contato com a empresa por telefone e e-mail, mas at\u00e9 o fechamento da mat\u00e9ria n\u00e3o tivemos resposta. O mesmo se diz sobre a RioLuz, que tamb\u00e9m n\u00e3o respondeu aos questionamentos at\u00e9 o fechamento.\u00a0<\/span><\/p>\n<p><span style=\"font-weight: 400;\">*O levantamento foi feito atrav\u00e9s de um formul\u00e1rio distribu\u00eddo online e respeitou todos os protocolos sanit\u00e1rios recomendados pela <a href=\"https:\/\/bit.ly\/3jcXDaQ\" target=\"_blank\" rel=\"noopener\">Organiza\u00e7\u00e3o Mundial de Sa\u00fade<\/a>. Com isso, e pelo n\u00famero de respostas, existem limita\u00e7\u00f5es na capacidade de generaliza\u00e7\u00e3o dos dados para toda a favela. Por\u00e9m os dados apresentados s\u00e3o fundamentais para impulsionar uma importante reflex\u00e3o sobre o grau e impacto da inseguran\u00e7a energ\u00e9tica na favela, e a urg\u00eancia de mudar este quadro.<\/span><\/p>\n<p>Sobre os autores: <em><a href=\"https:\/\/bit.ly\/3vbpFZr\" target=\"_blank\" rel=\"noopener\">Bruno Sousa<\/a>, jornalista e pesquisador, \u00e9 um dos cofundadores do LabJaca, onde \u00e9 o coordenador de comunica\u00e7\u00e3o e tamb\u00e9m atua na \u00e1rea de pesquisa. Atualmente, est\u00e1 envolvido em uma pesquisa sobre reconhecimento facial aplicado a seguran\u00e7a p\u00fablica no Brasil no <a href=\"https:\/\/bit.ly\/3xfxKOJ\" target=\"_blank\" rel=\"noopener\">CESeC<\/a>. Bruno colabora para ve\u00edculos como UOL, The Intercept Brasil e Huffpost.<\/em><\/p>\n<p><em><a href=\"https:\/\/bit.ly\/2Pdi5OH\" target=\"_blank\" rel=\"noopener\">Thiago Nascimento<\/a>, 23 anos, rela\u00e7\u00f5es p\u00fablicas e comunica\u00e7\u00e3o no LabJaca, \u00e9 graduando em Direito na <a href=\"http:\/\/bit.ly\/2KQx9xm\" target=\"_blank\" rel=\"noopener\">UERJ<\/a>, coordenador adjunto do <a href=\"https:\/\/bit.ly\/2QSWueM\" target=\"_blank\" rel=\"noopener\">IBCCRIM &#8211; Rio<\/a>, empreendedor pela <a href=\"https:\/\/bit.ly\/3vg5YQa\" target=\"_blank\" rel=\"noopener\">Reciclar Design<\/a>, gestor do<a href=\"https:\/\/bit.ly\/2PcuW3E\" target=\"_blank\" rel=\"noopener\"> Jacar\u00e9 Basquete<\/a> e criador da <a href=\"https:\/\/bit.ly\/3aPJjTp\" target=\"_blank\" rel=\"noopener\">Campanha Jaca Contra o Corona<\/a>.<\/em><\/p>\n<p><em>Sobre a artista:\u00a0<span class=\"il\">Natalia<\/span>\u00a0de Souza\u00a0<span class=\"il\">Flores \u00e9<\/span>\u00a0cria da Zona Norte e integrante das <a href=\"https:\/\/bit.ly\/3xbZnrY\" target=\"_blank\" rel=\"noopener\">Brabas Crew<\/a>. Formada em Design Gr\u00e1fico pela Unigranrio em 2017, trabalha como designer desde 2015. Lan\u00e7ou a revista em quadrinhos coletiva \u2018T\u00e1 no Gibi\u2019, em 2017 na Bienal do Livro. Sua tem\u00e1tica principal \u00e9 afro usando elementos cyberpunk, wica e ind\u00edgena.<\/em><\/p>\n<p><em>Esta mat\u00e9ria faz parte de uma\u00a0<a href=\"http:\/\/bit.ly\/JusticaEnergeticaNasFavelas\" target=\"_blank\" rel=\"noopener\">s\u00e9rie sobre justi\u00e7a e efici\u00eancia energ\u00e9tica nas favelas<\/a> do Rio.<\/em><\/p>\n<hr \/>\n<h4><strong>Apoie nossos esfor\u00e7os para fornecer assist\u00eancia estrat\u00e9gica \u00e0s favelas do Rio, incluindo o jornalismo hiperlocal, cr\u00edtico, inovador e incans\u00e1vel do\u00a0<em>RioOnWatch<\/em><\/strong>\u2014<a href=\"http:\/\/bit.ly\/CatalisandoComunidades\">doe aqui<\/a>.<\/h4>\n<!-- AddThis Advanced Settings generic via filter on the_content --><!-- AddThis Share Buttons generic via filter on the_content -->","protected":false},"excerpt":{"rendered":"<div class=\"mh-excerpt\"><p>Click Here for English Esta pesquisa faz parte de uma\u00a0s\u00e9rie sobre justi\u00e7a e efici\u00eancia energ\u00e9tica nas favelas do Rio. Os problemas com energia el\u00e9trica nas favelas s\u00e3o cr\u00f4nicos e v\u00eam desde o seu surgimento. O <a class=\"mh-excerpt-more\" href=\"https:\/\/rioonwatch.org.br\/?p=54568\" title=\"Como Anda a Luz no Jacarezinho?\">[&#8230;]<\/a><!-- AddThis Advanced Settings generic via filter on get_the_excerpt --><!-- AddThis Share Buttons generic via filter on get_the_excerpt --><\/p>\n<\/div>","protected":false},"author":129,"featured_media":54573,"comment_status":"closed","ping_status":"closed","sticky":false,"template":"","format":"standard","meta":{"_acf_changed":false,"_monsterinsights_skip_tracking":false,"_monsterinsights_sitenote_active":false,"_monsterinsights_sitenote_note":"","_monsterinsights_sitenote_category":0,"footnotes":""},"categories":[1621,1632,1625,344],"tags":[894,2425,876,561,599,755,635,417,2790,588,279,2289,2970,218],"writer":[3025,3026],"translator":[],"source":[],"ilustrador":[],"fotografo":[],"class_list":{"0":"post-54568","1":"post","2":"type-post","3":"status-publish","4":"format-standard","5":"has-post-thumbnail","7":"category-destaque","8":"category-pesquisa-e-analise","9":"category-por-correspondentes-comunitarios","10":"category-politicas","11":"tag-baixa-qualidade-dos-servicos","12":"tag-cesec","13":"tag-direitos-da-crianca","14":"tag-eletricidade","15":"tag-jacarezinho","16":"tag-lei","17":"tag-light","18":"tag-negligencia-do-estado","19":"tag-oms","20":"tag-pesquisa","21":"tag-seguranca","22":"tag-serie","23":"tag-serie-justica-energetica","24":"tag-zona-norte","25":"writer-bruno-sousa","26":"writer-thiago-nascimento"},"acf":[],"yoast_head":"<!-- This site is optimized with the Yoast SEO plugin v25.6 - https:\/\/yoast.com\/wordpress\/plugins\/seo\/ -->\n<title>Como Anda a Luz no Jacarezinho? - RioOnWatch<\/title>\n<meta name=\"robots\" content=\"index, follow, max-snippet:-1, max-image-preview:large, max-video-preview:-1\" \/>\n<link rel=\"canonical\" href=\"https:\/\/rioonwatch.org.br\/?p=54568\" \/>\n<meta property=\"og:locale\" content=\"pt_BR\" \/>\n<meta property=\"og:type\" content=\"article\" \/>\n<meta property=\"og:title\" content=\"Como Anda a Luz no Jacarezinho? - RioOnWatch\" \/>\n<meta property=\"og:description\" content=\"Click Here for English Esta pesquisa faz parte de uma\u00a0s\u00e9rie sobre justi\u00e7a e efici\u00eancia energ\u00e9tica nas favelas do Rio. Os problemas com energia el\u00e9trica nas favelas s\u00e3o cr\u00f4nicos e v\u00eam desde o seu surgimento. O [...]\" \/>\n<meta property=\"og:url\" content=\"https:\/\/rioonwatch.org.br\/?p=54568\" \/>\n<meta property=\"og:site_name\" content=\"RioOnWatch\" \/>\n<meta property=\"article:published_time\" content=\"2021-04-28T15:14:32+00:00\" \/>\n<meta property=\"article:modified_time\" content=\"2021-12-20T18:38:25+00:00\" \/>\n<meta property=\"og:image\" content=\"https:\/\/rioonwatch.org.br\/wp-content\/uploads\/2021\/04\/Arte-original-por-Natalia-S.-Flores.jpg\" \/>\n\t<meta property=\"og:image:width\" content=\"2480\" \/>\n\t<meta property=\"og:image:height\" content=\"1056\" \/>\n\t<meta property=\"og:image:type\" content=\"image\/jpeg\" \/>\n<meta name=\"author\" content=\"Admin\" \/>\n<meta name=\"twitter:card\" content=\"summary_large_image\" \/>\n<meta name=\"twitter:label1\" content=\"Escrito por\" \/>\n\t<meta name=\"twitter:data1\" content=\"Admin\" \/>\n\t<meta name=\"twitter:label2\" content=\"Est. tempo de leitura\" \/>\n\t<meta name=\"twitter:data2\" content=\"9 minutos\" \/>\n<script type=\"application\/ld+json\" class=\"yoast-schema-graph\">{\"@context\":\"https:\/\/schema.org\",\"@graph\":[{\"@type\":\"Article\",\"@id\":\"https:\/\/rioonwatch.org.br\/?p=54568#article\",\"isPartOf\":{\"@id\":\"https:\/\/rioonwatch.org.br\/?p=54568\"},\"author\":{\"name\":\"Admin\",\"@id\":\"https:\/\/rioonwatch.org.br\/#\/schema\/person\/11d64c290506f9df50c71b850c473f68\"},\"headline\":\"Como Anda a Luz no Jacarezinho?\",\"datePublished\":\"2021-04-28T15:14:32+00:00\",\"dateModified\":\"2021-12-20T18:38:25+00:00\",\"mainEntityOfPage\":{\"@id\":\"https:\/\/rioonwatch.org.br\/?p=54568\"},\"wordCount\":1670,\"publisher\":{\"@id\":\"https:\/\/rioonwatch.org.br\/#organization\"},\"image\":{\"@id\":\"https:\/\/rioonwatch.org.br\/?p=54568#primaryimage\"},\"thumbnailUrl\":\"https:\/\/rioonwatch.org.br\/wp-content\/uploads\/2021\/04\/Arte-original-por-Natalia-S.-Flores.jpg\",\"keywords\":[\"baixa qualidade dos servi\u00e7os\",\"CESeC\",\"direitos da crian\u00e7a\",\"eletricidade\",\"Jacarezinho\",\"lei\",\"Light\",\"Neglig\u00eancia do Estado\",\"OMS\",\"pesquisa\",\"seguran\u00e7a\",\"S\u00e9rie\",\"S\u00e9rie: Justi\u00e7a Energ\u00e9tica\",\"Zona Norte\"],\"articleSection\":[\"*Destaque\",\"Dados e Pesquisa\",\"Escrito por Comunicadores Populares\",\"Pol\u00edticas\"],\"inLanguage\":\"pt-BR\"},{\"@type\":\"WebPage\",\"@id\":\"https:\/\/rioonwatch.org.br\/?p=54568\",\"url\":\"https:\/\/rioonwatch.org.br\/?p=54568\",\"name\":\"Como Anda a Luz no Jacarezinho? - RioOnWatch\",\"isPartOf\":{\"@id\":\"https:\/\/rioonwatch.org.br\/#website\"},\"primaryImageOfPage\":{\"@id\":\"https:\/\/rioonwatch.org.br\/?p=54568#primaryimage\"},\"image\":{\"@id\":\"https:\/\/rioonwatch.org.br\/?p=54568#primaryimage\"},\"thumbnailUrl\":\"https:\/\/rioonwatch.org.br\/wp-content\/uploads\/2021\/04\/Arte-original-por-Natalia-S.-Flores.jpg\",\"datePublished\":\"2021-04-28T15:14:32+00:00\",\"dateModified\":\"2021-12-20T18:38:25+00:00\",\"breadcrumb\":{\"@id\":\"https:\/\/rioonwatch.org.br\/?p=54568#breadcrumb\"},\"inLanguage\":\"pt-BR\",\"potentialAction\":[{\"@type\":\"ReadAction\",\"target\":[\"https:\/\/rioonwatch.org.br\/?p=54568\"]}]},{\"@type\":\"ImageObject\",\"inLanguage\":\"pt-BR\",\"@id\":\"https:\/\/rioonwatch.org.br\/?p=54568#primaryimage\",\"url\":\"https:\/\/rioonwatch.org.br\/wp-content\/uploads\/2021\/04\/Arte-original-por-Natalia-S.-Flores.jpg\",\"contentUrl\":\"https:\/\/rioonwatch.org.br\/wp-content\/uploads\/2021\/04\/Arte-original-por-Natalia-S.-Flores.jpg\",\"width\":2480,\"height\":1056,\"caption\":\"Arte original por Natalia S. Flores\"},{\"@type\":\"BreadcrumbList\",\"@id\":\"https:\/\/rioonwatch.org.br\/?p=54568#breadcrumb\",\"itemListElement\":[{\"@type\":\"ListItem\",\"position\":1,\"name\":\"In\u00edcio\",\"item\":\"https:\/\/rioonwatch.org.br\/\"},{\"@type\":\"ListItem\",\"position\":2,\"name\":\"Como Anda a Luz no Jacarezinho?\"}]},{\"@type\":\"WebSite\",\"@id\":\"https:\/\/rioonwatch.org.br\/#website\",\"url\":\"https:\/\/rioonwatch.org.br\/\",\"name\":\"RioOnWatch\",\"description\":\"relatos das favelas cariocas\",\"publisher\":{\"@id\":\"https:\/\/rioonwatch.org.br\/#organization\"},\"potentialAction\":[{\"@type\":\"SearchAction\",\"target\":{\"@type\":\"EntryPoint\",\"urlTemplate\":\"https:\/\/rioonwatch.org.br\/?s={search_term_string}\"},\"query-input\":{\"@type\":\"PropertyValueSpecification\",\"valueRequired\":true,\"valueName\":\"search_term_string\"}}],\"inLanguage\":\"pt-BR\"},{\"@type\":\"Organization\",\"@id\":\"https:\/\/rioonwatch.org.br\/#organization\",\"name\":\"RioOnWatch\",\"url\":\"https:\/\/rioonwatch.org.br\/\",\"logo\":{\"@type\":\"ImageObject\",\"inLanguage\":\"pt-BR\",\"@id\":\"https:\/\/rioonwatch.org.br\/#\/schema\/logo\/image\/\",\"url\":\"https:\/\/rioonwatch.org.br\/wp-content\/uploads\/2021\/06\/RioOnWatchcabecalhoPT11anos-2.png\",\"contentUrl\":\"https:\/\/rioonwatch.org.br\/wp-content\/uploads\/2021\/06\/RioOnWatchcabecalhoPT11anos-2.png\",\"width\":779,\"height\":277,\"caption\":\"RioOnWatch\"},\"image\":{\"@id\":\"https:\/\/rioonwatch.org.br\/#\/schema\/logo\/image\/\"}},{\"@type\":\"Person\",\"@id\":\"https:\/\/rioonwatch.org.br\/#\/schema\/person\/11d64c290506f9df50c71b850c473f68\",\"name\":\"Admin\",\"image\":{\"@type\":\"ImageObject\",\"inLanguage\":\"pt-BR\",\"@id\":\"https:\/\/rioonwatch.org.br\/#\/schema\/person\/image\/\",\"url\":\"https:\/\/secure.gravatar.com\/avatar\/56211ac74568383903349a1485e3c325?s=96&d=blank&r=g\",\"contentUrl\":\"https:\/\/secure.gravatar.com\/avatar\/56211ac74568383903349a1485e3c325?s=96&d=blank&r=g\",\"caption\":\"Admin\"},\"url\":\"https:\/\/rioonwatch.org.br\/?author=129\"}]}<\/script>\n<!-- \/ Yoast SEO plugin. -->","yoast_head_json":{"title":"Como Anda a Luz no Jacarezinho? - RioOnWatch","robots":{"index":"index","follow":"follow","max-snippet":"max-snippet:-1","max-image-preview":"max-image-preview:large","max-video-preview":"max-video-preview:-1"},"canonical":"https:\/\/rioonwatch.org.br\/?p=54568","og_locale":"pt_BR","og_type":"article","og_title":"Como Anda a Luz no Jacarezinho? - RioOnWatch","og_description":"Click Here for English Esta pesquisa faz parte de uma\u00a0s\u00e9rie sobre justi\u00e7a e efici\u00eancia energ\u00e9tica nas favelas do Rio. Os problemas com energia el\u00e9trica nas favelas s\u00e3o cr\u00f4nicos e v\u00eam desde o seu surgimento. O [...]","og_url":"https:\/\/rioonwatch.org.br\/?p=54568","og_site_name":"RioOnWatch","article_published_time":"2021-04-28T15:14:32+00:00","article_modified_time":"2021-12-20T18:38:25+00:00","og_image":[{"width":2480,"height":1056,"url":"https:\/\/rioonwatch.org.br\/wp-content\/uploads\/2021\/04\/Arte-original-por-Natalia-S.-Flores.jpg","type":"image\/jpeg"}],"author":"Admin","twitter_card":"summary_large_image","twitter_misc":{"Escrito por":"Admin","Est. tempo de leitura":"9 minutos"},"schema":{"@context":"https:\/\/schema.org","@graph":[{"@type":"Article","@id":"https:\/\/rioonwatch.org.br\/?p=54568#article","isPartOf":{"@id":"https:\/\/rioonwatch.org.br\/?p=54568"},"author":{"name":"Admin","@id":"https:\/\/rioonwatch.org.br\/#\/schema\/person\/11d64c290506f9df50c71b850c473f68"},"headline":"Como Anda a Luz no Jacarezinho?","datePublished":"2021-04-28T15:14:32+00:00","dateModified":"2021-12-20T18:38:25+00:00","mainEntityOfPage":{"@id":"https:\/\/rioonwatch.org.br\/?p=54568"},"wordCount":1670,"publisher":{"@id":"https:\/\/rioonwatch.org.br\/#organization"},"image":{"@id":"https:\/\/rioonwatch.org.br\/?p=54568#primaryimage"},"thumbnailUrl":"https:\/\/rioonwatch.org.br\/wp-content\/uploads\/2021\/04\/Arte-original-por-Natalia-S.-Flores.jpg","keywords":["baixa qualidade dos servi\u00e7os","CESeC","direitos da crian\u00e7a","eletricidade","Jacarezinho","lei","Light","Neglig\u00eancia do Estado","OMS","pesquisa","seguran\u00e7a","S\u00e9rie","S\u00e9rie: Justi\u00e7a Energ\u00e9tica","Zona Norte"],"articleSection":["*Destaque","Dados e Pesquisa","Escrito por Comunicadores Populares","Pol\u00edticas"],"inLanguage":"pt-BR"},{"@type":"WebPage","@id":"https:\/\/rioonwatch.org.br\/?p=54568","url":"https:\/\/rioonwatch.org.br\/?p=54568","name":"Como Anda a Luz no Jacarezinho? - RioOnWatch","isPartOf":{"@id":"https:\/\/rioonwatch.org.br\/#website"},"primaryImageOfPage":{"@id":"https:\/\/rioonwatch.org.br\/?p=54568#primaryimage"},"image":{"@id":"https:\/\/rioonwatch.org.br\/?p=54568#primaryimage"},"thumbnailUrl":"https:\/\/rioonwatch.org.br\/wp-content\/uploads\/2021\/04\/Arte-original-por-Natalia-S.-Flores.jpg","datePublished":"2021-04-28T15:14:32+00:00","dateModified":"2021-12-20T18:38:25+00:00","breadcrumb":{"@id":"https:\/\/rioonwatch.org.br\/?p=54568#breadcrumb"},"inLanguage":"pt-BR","potentialAction":[{"@type":"ReadAction","target":["https:\/\/rioonwatch.org.br\/?p=54568"]}]},{"@type":"ImageObject","inLanguage":"pt-BR","@id":"https:\/\/rioonwatch.org.br\/?p=54568#primaryimage","url":"https:\/\/rioonwatch.org.br\/wp-content\/uploads\/2021\/04\/Arte-original-por-Natalia-S.-Flores.jpg","contentUrl":"https:\/\/rioonwatch.org.br\/wp-content\/uploads\/2021\/04\/Arte-original-por-Natalia-S.-Flores.jpg","width":2480,"height":1056,"caption":"Arte original por Natalia S. Flores"},{"@type":"BreadcrumbList","@id":"https:\/\/rioonwatch.org.br\/?p=54568#breadcrumb","itemListElement":[{"@type":"ListItem","position":1,"name":"In\u00edcio","item":"https:\/\/rioonwatch.org.br\/"},{"@type":"ListItem","position":2,"name":"Como Anda a Luz no Jacarezinho?"}]},{"@type":"WebSite","@id":"https:\/\/rioonwatch.org.br\/#website","url":"https:\/\/rioonwatch.org.br\/","name":"RioOnWatch","description":"relatos das favelas cariocas","publisher":{"@id":"https:\/\/rioonwatch.org.br\/#organization"},"potentialAction":[{"@type":"SearchAction","target":{"@type":"EntryPoint","urlTemplate":"https:\/\/rioonwatch.org.br\/?s={search_term_string}"},"query-input":{"@type":"PropertyValueSpecification","valueRequired":true,"valueName":"search_term_string"}}],"inLanguage":"pt-BR"},{"@type":"Organization","@id":"https:\/\/rioonwatch.org.br\/#organization","name":"RioOnWatch","url":"https:\/\/rioonwatch.org.br\/","logo":{"@type":"ImageObject","inLanguage":"pt-BR","@id":"https:\/\/rioonwatch.org.br\/#\/schema\/logo\/image\/","url":"https:\/\/rioonwatch.org.br\/wp-content\/uploads\/2021\/06\/RioOnWatchcabecalhoPT11anos-2.png","contentUrl":"https:\/\/rioonwatch.org.br\/wp-content\/uploads\/2021\/06\/RioOnWatchcabecalhoPT11anos-2.png","width":779,"height":277,"caption":"RioOnWatch"},"image":{"@id":"https:\/\/rioonwatch.org.br\/#\/schema\/logo\/image\/"}},{"@type":"Person","@id":"https:\/\/rioonwatch.org.br\/#\/schema\/person\/11d64c290506f9df50c71b850c473f68","name":"Admin","image":{"@type":"ImageObject","inLanguage":"pt-BR","@id":"https:\/\/rioonwatch.org.br\/#\/schema\/person\/image\/","url":"https:\/\/secure.gravatar.com\/avatar\/56211ac74568383903349a1485e3c325?s=96&d=blank&r=g","contentUrl":"https:\/\/secure.gravatar.com\/avatar\/56211ac74568383903349a1485e3c325?s=96&d=blank&r=g","caption":"Admin"},"url":"https:\/\/rioonwatch.org.br\/?author=129"}]}},"_links":{"self":[{"href":"https:\/\/rioonwatch.org.br\/index.php?rest_route=\/wp\/v2\/posts\/54568"}],"collection":[{"href":"https:\/\/rioonwatch.org.br\/index.php?rest_route=\/wp\/v2\/posts"}],"about":[{"href":"https:\/\/rioonwatch.org.br\/index.php?rest_route=\/wp\/v2\/types\/post"}],"author":[{"embeddable":true,"href":"https:\/\/rioonwatch.org.br\/index.php?rest_route=\/wp\/v2\/users\/129"}],"replies":[{"embeddable":true,"href":"https:\/\/rioonwatch.org.br\/index.php?rest_route=%2Fwp%2Fv2%2Fcomments&post=54568"}],"version-history":[{"count":38,"href":"https:\/\/rioonwatch.org.br\/index.php?rest_route=\/wp\/v2\/posts\/54568\/revisions"}],"predecessor-version":[{"id":56941,"href":"https:\/\/rioonwatch.org.br\/index.php?rest_route=\/wp\/v2\/posts\/54568\/revisions\/56941"}],"wp:featuredmedia":[{"embeddable":true,"href":"https:\/\/rioonwatch.org.br\/index.php?rest_route=\/wp\/v2\/media\/54573"}],"wp:attachment":[{"href":"https:\/\/rioonwatch.org.br\/index.php?rest_route=%2Fwp%2Fv2%2Fmedia&parent=54568"}],"wp:term":[{"taxonomy":"category","embeddable":true,"href":"https:\/\/rioonwatch.org.br\/index.php?rest_route=%2Fwp%2Fv2%2Fcategories&post=54568"},{"taxonomy":"post_tag","embeddable":true,"href":"https:\/\/rioonwatch.org.br\/index.php?rest_route=%2Fwp%2Fv2%2Ftags&post=54568"},{"taxonomy":"writer","embeddable":true,"href":"https:\/\/rioonwatch.org.br\/index.php?rest_route=%2Fwp%2Fv2%2Fwriter&post=54568"},{"taxonomy":"translator","embeddable":true,"href":"https:\/\/rioonwatch.org.br\/index.php?rest_route=%2Fwp%2Fv2%2Ftranslator&post=54568"},{"taxonomy":"source","embeddable":true,"href":"https:\/\/rioonwatch.org.br\/index.php?rest_route=%2Fwp%2Fv2%2Fsource&post=54568"},{"taxonomy":"ilustrador","embeddable":true,"href":"https:\/\/rioonwatch.org.br\/index.php?rest_route=%2Fwp%2Fv2%2Filustrador&post=54568"},{"taxonomy":"fotografo","embeddable":true,"href":"https:\/\/rioonwatch.org.br\/index.php?rest_route=%2Fwp%2Fv2%2Ffotografo&post=54568"}],"curies":[{"name":"wp","href":"https:\/\/api.w.org\/{rel}","templated":true}]}}