{"id":54745,"date":"2021-05-04T11:31:59","date_gmt":"2021-05-04T14:31:59","guid":{"rendered":"https:\/\/rioonwatch.org.br\/?p=54745"},"modified":"2024-05-24T12:31:12","modified_gmt":"2024-05-24T15:31:12","slug":"mc-martina-o-virus-que-parou-o-pais-entenda-video-desenraizandoracismo","status":"publish","type":"post","link":"https:\/\/rioonwatch.org.br\/?p=54745","title":{"rendered":"MC Martina: &#8216;O V\u00edrus que Parou o Pa\u00eds&#8217; [V\u00cdDEO] #DesenraizandoRacismo"},"content":{"rendered":"<p><iframe title=\"YouTube video player\" src=\"https:\/\/www.youtube.com\/embed\/0GHJ6JsSfL0\" width=\"620\" height=\"349\" frameborder=\"0\" allowfullscreen=\"allowfullscreen\"><span data-mce-type=\"bookmark\" style=\"display: inline-block; width: 0px; overflow: hidden; line-height: 0;\" class=\"mce_SELRES_start\">\ufeff<\/span><span data-mce-type=\"bookmark\" style=\"display: inline-block; width: 0px; overflow: hidden; line-height: 0;\" class=\"mce_SELRES_start\">\ufeff<\/span><\/iframe><\/p>\n<p style=\"text-align: right;\"><em><strong><a href=\"https:\/\/bit.ly\/2T3zXNM\" target=\"_blank\" rel=\"noopener noreferrer\">Click Here for English<\/a><a href=\"https:\/\/bit.ly\/2T3zXNM\" target=\"_blank\" rel=\"noopener noreferrer\"><img decoding=\"async\" class=\"alignright wp-image-15790\" src=\"http:\/\/rioonwatch.org.br\/wp-content\/uploads\/2012\/08\/EN-standard-e1439583104716.jpg\" alt=\"\" width=\"20\" height=\"20\" \/><\/a><\/strong><\/em><\/p>\n<p><em>Esta <a href=\"http:\/\/bit.ly\/MCMartinaYT\" target=\"_blank\" rel=\"noopener\">v\u00eddeo-poesia marginal<\/a> faz parte da nossa s\u00e9rie sobre <a class=\"c-link\" href=\"http:\/\/bit.ly\/Covid19NasFavelas\" target=\"_blank\" rel=\"noopener noreferrer\" data-stringify-link=\"http:\/\/bit.ly\/Covid19NasFavelas\" data-sk=\"tooltip_parent\">a Covid-19 e seus impactos sobre as favelas<\/a>\u00a0e tamb\u00e9m\u00a0<a href=\"http:\/\/bit.ly\/DesenraizandoRacismo\" target=\"_blank\" rel=\"noopener\">do projeto antirracista do RioOnWatch<\/a>. Conhe\u00e7a o nosso projeto que traz conte\u00fados midi\u00e1ticos semanais ao longo de 2021:\u00a0<i><a href=\"http:\/\/bit.ly\/EnraizandoIntro\" target=\"_blank\" rel=\"noopener\">Enraizando o Antirracismo nas Favelas<\/a>.<\/i><\/em><\/p>\n<p>MC Martina narra os <a href=\"https:\/\/bit.ly\/cKCH0z\" target=\"_blank\" rel=\"noopener\">impactos da pandemia nas favelas<\/a> e como a pandemia exp\u00f5e o <a href=\"http:\/\/bit.ly\/1KiFeTl\" target=\"_blank\" rel=\"noopener\">racismo<\/a> e a <a href=\"https:\/\/bit.ly\/2Rku5Mf\" target=\"_blank\" rel=\"noopener\">falta<\/a> de <a href=\"http:\/\/bit.ly\/1XvDqvk\" target=\"_blank\" rel=\"noopener\">acesso a direitos b\u00e1sicos<\/a> que h\u00e1 d\u00e9cadas assola as favelas e periferias em sua v\u00eddeo-poesia antirracista. A partir de viv\u00eancias de mulher preta presenciando essa <a href=\"https:\/\/bit.ly\/12EvidenciasNecropolitica\" target=\"_blank\" rel=\"noopener\">trag\u00e9dia social<\/a>, Sabrina Martina nos conta poeticamente &#8220;como \u00e9 ser um corpo preto nessa d\u00e9cada&#8221;. A poeta, slammer e MC \u00e9 cria do <a href=\"http:\/\/bit.ly\/2wIyn5a\" target=\"_blank\" rel=\"noopener\">Complexo do Alem\u00e3o<\/a>, na <a href=\"http:\/\/bit.ly\/2ETpYR1\" target=\"_blank\" rel=\"noopener\">Zona Norte<\/a> do Rio de Janeiro.<\/p>\n<h3>Transcri\u00e7\u00e3o da poesia marginal, &#8216;<a href=\"http:\/\/bit.ly\/MCMartinaYT\" target=\"_blank\" rel=\"noopener\">O V\u00edrus que Parou a Na\u00e7\u00e3o<\/a>&#8216;:<\/h3>\n<blockquote>\n<h4>O V\u00edrus que Parou a Na\u00e7\u00e3o<\/h4>\n<p><span style=\"font-weight: 400;\">O v\u00edrus que parou a na\u00e7\u00e3o: da China ao Alem\u00e3o, da Europa ao Complexo do Alem\u00e3o <\/span><\/p>\n<p><span style=\"font-weight: 400;\">Topei esse desafio e brotei aqui pra te passar a vis\u00e3o<\/span><\/p>\n<p><span style=\"font-weight: 400;\">Falaram que devo ficar em casa, mas como se direto falta luz e \u00e1gua?<\/span><\/p>\n<p><span style=\"font-weight: 400;\">Que devo lavar as m\u00e3os constantemente, mas voc\u00ea j\u00e1 viu a qualidade que a CEDAE fornece \u00e1gua pra gente?<\/span><\/p>\n<p><span style=\"font-weight: 400;\">Somos frutos da desigualdade, a mis\u00e9ria diariamente tira nossa humanidade, \u00e1lcool em gel \u00e9 indispens\u00e1vel, mas dentro de casa a comida \u00e9 o mais importante! Por isso, atente-se \u00e0s informa\u00e7\u00f5es: Coletivo Papo Reto, Voz, Frente CDD e Amar\u00e9v\u00ea d\u00e3o aulas de gest\u00e3o em meio a essa crise, mas o que parte meu cora\u00e7\u00e3o \u00e9 ver a viol\u00eancia dom\u00e9stica batendo recorde em meio a isso tudo.<\/span><\/p>\n<p><span style=\"font-weight: 400;\">Ou\u00e7o gritos, vejo crescer em propor\u00e7\u00f5es alarmantes a taxa de feminic\u00eddio, mais pessoas procurando o que comer em meio ao lixo e, mesmo assim, muitos agem como se nada tivesse acontecido.<\/span><\/p>\n<p><span style=\"font-weight: 400;\">Eu acho que s\u00f3 vai cair a ficha quando os n\u00fameros se transformarem nos seus amigos ou em algum ente querido. Atente-se aos perigos!<\/span><\/p>\n<p><span style=\"font-weight: 400;\">Pois estamos no mesmo mar, s\u00f3 que eles no iate e a gente num barco furado por causa dos tiros.<\/span><\/p>\n<p><span style=\"font-weight: 400;\">Fica em casa, cria, acende uma vela, amanh\u00e3 bebe uma cerveja e aumenta o som quem sabe assim abafa os tiros da viela.<\/span><\/p>\n<p><span style=\"font-weight: 400;\">Respira fundo! Pensa que tem um prop\u00f3sito maior por tr\u00e1s disso tudo e que uma coisa \u00e9 fato: nenhum roteiro adaptado de Netflix ou de novela conseguiria descrever como \u00e9 ser um corpo preto nessa d\u00e9cada.<\/span><\/p>\n<h4>Entenda<\/h4>\n<p><span style=\"font-weight: 400;\">J\u00e1 pensou se combatessem o racismo igual combatem o coronav\u00edrus? <\/span><\/p>\n<p><span style=\"font-weight: 400;\">Entenda: o que escrevo \u00e9 a consequ\u00eancia da causa<\/span><\/p>\n<p><span style=\"font-weight: 400;\">Que s\u00f3 te causaria interesse se fosse na cal\u00e7ada.<\/span><\/p>\n<p><span style=\"font-weight: 400;\">Em outras palavras: entretenimento com causa. <\/span><\/p>\n<p><span style=\"font-weight: 400;\">E a milit\u00e2ncia me fala: <\/span><span style=\"font-weight: 400;\">\u201cMartina, n\u00e3o acredite em contos de fardas<\/span><\/p>\n<p><span style=\"font-weight: 400;\">V\u00e1 pra rua ou melhor, fique em casa e transforme seu luto, \u00f3dio e m\u00e1goas em algo positivo e depois vem dar uma palestra pra gente de gra\u00e7a.<\/span><\/p>\n<p><span style=\"font-weight: 400;\">Ah, perae, toma uma cesta-b\u00e1sica.\u201d<\/span><\/p>\n<p><span style=\"font-weight: 400;\">\u00c9 a esquerda lucrando com o nosso \u00f3dio, luto, mis\u00e9ria e um bom discurso<\/span><span style=\"font-weight: 400;\"><br \/>\n<\/span><\/p>\n<p><span style=\"font-weight: 400;\">A direita pisando em noix com tudo<\/span><\/p>\n<p><span style=\"font-weight: 400;\">N\u00e3o deu tempo de dar espa\u00e7o ao luto e mortes viram produtos. Em tempos onde hospitais s\u00e3o de fachada<\/span><\/p>\n<p><span style=\"font-weight: 400;\">N\u00e3o se surpreenda se amanh\u00e3 a maior parte das mortes forem da popula\u00e7\u00e3o preta ou <\/span>favelada.<\/p>\n<p><span style=\"font-weight: 400;\">E eu, entre o v\u00edrus e a bala, n\u00e3o posso deixar faltar nada em casa. Me fala, ser\u00e1 que se botar essa m\u00e1scara a fome n\u00e3o me acha?<\/span><\/p>\n<p><span style=\"font-weight: 400;\">Em meses isolada, faltou \u00e1gua, luz, foram v\u00e1rios dias sem acesso a internet. Fora meu celular que parou de funcionar.<\/span><\/p>\n<p><span style=\"font-weight: 400;\">Se eu desse uma volta aqui pelo morro, nunca mais iria parar de rimar.<\/span><\/p>\n<p><span style=\"font-weight: 400;\">Se desde 1888 o racismo s\u00f3 causasse efeitos colaterais nos brancos, n\u00e3o haveria tantas m\u00e3es em prantos.<\/span><\/p>\n<p><span style=\"font-weight: 400;\">E eu, entre o v\u00edrus e a bala, mais uma vez eu falo e repito: n\u00e3o posso deixar faltar nada em casa! <\/span><span style=\"font-weight: 400;\">\u2014 MC Martina<\/span><\/p><\/blockquote>\n<p><em><a href=\"https:\/\/bit.ly\/3eD3FQP\" target=\"_blank\" rel=\"noopener\">MC Martina<\/a>, como tamb\u00e9m \u00e9 conhecida Sabrina Martina, vem diretamente do Complexo do Alem\u00e3o, \u00e9 rapper, poeta e produtora. MC Martina J\u00e1 vem deixando sua marca na cena cultural do pa\u00eds. Idealizadora do <a href=\"http:\/\/bit.ly\/2Lkm6cF\" target=\"_blank\" rel=\"noopener\">Slam Laje<\/a>, a primeira batalha de poesia falada do Complexo do Alem\u00e3o, e um dos slams pioneiros a serem realizados dentro de uma favela no estado do Rio de Janeiro.<\/em><\/p>\n<p><em>Diretor do v\u00eddeo: Luiz Neto, morador do Complexo de Alem\u00e3o, \u00e9 estudante de Hist\u00f3ria da Arte na <a href=\"http:\/\/bit.ly\/2XQ3Rma\" target=\"_blank\" rel=\"noopener\">UFRJ<\/a> e participa de diversas iniciativas que atuam dentro da favela, como o <a href=\"https:\/\/bit.ly\/3gXdV93\" target=\"_blank\" rel=\"noopener\">Descolando Ideias<\/a>, <a href=\"https:\/\/bit.ly\/2RoKCl1\" target=\"_blank\" rel=\"noopener\">Centro Cultural Oca dos Curumins<\/a> e <a href=\"https:\/\/bit.ly\/2WMCnzX\" target=\"_blank\" rel=\"noopener\">EDUCAP<\/a>. Luiz atua ajudando a desenvolver projetos e a\u00e7\u00f5es que engajam os moradores.<\/em><\/p>\n<p><em>Essa mat\u00e9ria \u00e9 parte de uma\u00a0<a href=\"http:\/\/bit.ly\/DesenraizandoRacismo\" target=\"_blank\" rel=\"noopener\">s\u00e9rie de mat\u00e9rias do projeto antirracista do RioOnWatch<\/a>. Conhe\u00e7a o nosso projeto que traz conte\u00fados midi\u00e1ticos semanais ao longo de 2021:\u00a0<i><a href=\"http:\/\/bit.ly\/EnraizandoIntro\" target=\"_blank\" rel=\"noopener\">Enraizando o Antirracismo nas Favelas<\/a>. P<\/i><i>ara contribuir com essa pauta,\u00a0<a href=\"https:\/\/bit.ly\/PautasAntirracismo\">clique aqui<\/a>.<\/i><\/em><\/p>\n<h4><b data-stringify-type=\"bold\">Compartilhe com a gente a sua opini\u00e3o sobre essa mat\u00e9ria\u00a0<\/b><b data-stringify-type=\"bold\"><a class=\"c-link\" href=\"https:\/\/bit.ly\/OpineAntirracismo\" target=\"_blank\" rel=\"noopener noreferrer\" data-stringify-link=\"https:\/\/docs.google.com\/forms\/d\/e\/1FAIpQLSc6PJwxQ0eapYlfSfsr8fyibg8ODzXKpGhJjXe2-8Bbxrtp1g\/viewform\" data-sk=\"tooltip_parent\">clicando aqui<\/a>.<\/b><\/h4>\n<hr \/>\n<h4><strong>Apoie nossos esfor\u00e7os para fornecer assist\u00eancia estrat\u00e9gica \u00e0s favelas do Rio, incluindo o jornalismo hiperlocal, cr\u00edtico, inovador e incans\u00e1vel do\u00a0<em>RioOnWatch<\/em><\/strong>\u2014<a href=\"http:\/\/bit.ly\/CatalisandoComunidades\">doe aqui<\/a>.<\/h4>\n<!-- AddThis Advanced Settings generic via filter on the_content --><!-- AddThis Share Buttons generic via filter on the_content -->","protected":false},"excerpt":{"rendered":"<div class=\"mh-excerpt\"><p>\ufeff\ufeff Click Here for English Esta v\u00eddeo-poesia marginal faz parte da nossa s\u00e9rie sobre a Covid-19 e seus impactos sobre as favelas\u00a0e tamb\u00e9m\u00a0do projeto antirracista do RioOnWatch. Conhe\u00e7a o nosso projeto que traz conte\u00fados midi\u00e1ticos <a class=\"mh-excerpt-more\" href=\"https:\/\/rioonwatch.org.br\/?p=54745\" title=\"MC Martina: &#8216;O V\u00edrus que Parou o Pa\u00eds&#8217; [V\u00cdDEO] #DesenraizandoRacismo\">[&#8230;]<\/a><!-- AddThis Advanced Settings generic via filter on get_the_excerpt --><!-- AddThis Share Buttons generic via filter on get_the_excerpt --><\/p>\n<\/div>","protected":false},"author":167,"featured_media":54923,"comment_status":"closed","ping_status":"closed","sticky":false,"template":"","format":"standard","meta":{"_acf_changed":false,"_monsterinsights_skip_tracking":false,"_monsterinsights_sitenote_active":false,"_monsterinsights_sitenote_note":"","_monsterinsights_sitenote_category":0,"footnotes":""},"categories":[2753,1621,1615,1625,1638],"tags":[3253,334,620,332,217,2748,2761,1418,2391,349,102,2289,2974,2671,1810,2003,218],"writer":[3032,3033],"translator":[],"source":[],"ilustrador":[],"fotografo":[],"class_list":{"0":"post-54745","1":"post","2":"type-post","3":"status-publish","4":"format-standard","5":"has-post-thumbnail","7":"category-covid19nasfavelas","8":"category-destaque","9":"category-cultura-da-favela","10":"category-por-correspondentes-comunitarios","11":"category-video","12":"tag-antirracismo","13":"tag-arte","14":"tag-cedae","15":"tag-complexo-da-mare","16":"tag-complexo-do-alemao","17":"tag-coronavirus","18":"tag-direito-a-agua","19":"tag-coletivo-papo-reto","20":"tag-mare-vive","21":"tag-parque-uniao","22":"tag-poesia","23":"tag-serie","24":"tag-serie-antirracismo","25":"tag-slam","26":"tag-video","27":"tag-voz-das-comunidades","28":"tag-zona-norte","29":"writer-luiz-neto","30":"writer-mc-martina"},"acf":[],"yoast_head":"<!-- This site is optimized with the Yoast SEO plugin v25.6 - https:\/\/yoast.com\/wordpress\/plugins\/seo\/ -->\n<title>MC Martina: &#039;O V\u00edrus que Parou o Pa\u00eds&#039; [V\u00cdDEO] #DesenraizandoRacismo - RioOnWatch<\/title>\n<meta name=\"robots\" content=\"index, follow, max-snippet:-1, max-image-preview:large, max-video-preview:-1\" \/>\n<link rel=\"canonical\" href=\"https:\/\/rioonwatch.org.br\/?p=54745\" \/>\n<meta property=\"og:locale\" content=\"pt_BR\" \/>\n<meta property=\"og:type\" content=\"article\" \/>\n<meta property=\"og:title\" content=\"MC Martina: &#039;O V\u00edrus que Parou o Pa\u00eds&#039; [V\u00cdDEO] #DesenraizandoRacismo - RioOnWatch\" \/>\n<meta property=\"og:description\" content=\"\ufeff\ufeff Click Here for English Esta v\u00eddeo-poesia marginal faz parte da nossa s\u00e9rie sobre a Covid-19 e seus impactos sobre as favelas\u00a0e tamb\u00e9m\u00a0do projeto antirracista do RioOnWatch. Conhe\u00e7a o nosso projeto que traz conte\u00fados midi\u00e1ticos [...]\" \/>\n<meta property=\"og:url\" content=\"https:\/\/rioonwatch.org.br\/?p=54745\" \/>\n<meta property=\"og:site_name\" content=\"RioOnWatch\" \/>\n<meta property=\"article:published_time\" content=\"2021-05-04T14:31:59+00:00\" \/>\n<meta property=\"article:modified_time\" content=\"2024-05-24T15:31:12+00:00\" \/>\n<meta property=\"og:image\" content=\"https:\/\/rioonwatch.org.br\/wp-content\/uploads\/2021\/05\/MC-Martina-1.png\" \/>\n\t<meta property=\"og:image:width\" content=\"1640\" \/>\n\t<meta property=\"og:image:height\" content=\"917\" \/>\n\t<meta property=\"og:image:type\" content=\"image\/png\" \/>\n<meta name=\"author\" content=\"Julio Santos Filho\" \/>\n<meta name=\"twitter:card\" content=\"summary_large_image\" \/>\n<meta name=\"twitter:label1\" content=\"Escrito por\" \/>\n\t<meta name=\"twitter:data1\" content=\"Julio Santos Filho\" \/>\n\t<meta name=\"twitter:label2\" content=\"Est. tempo de leitura\" \/>\n\t<meta name=\"twitter:data2\" content=\"4 minutos\" \/>\n<script type=\"application\/ld+json\" class=\"yoast-schema-graph\">{\"@context\":\"https:\/\/schema.org\",\"@graph\":[{\"@type\":\"Article\",\"@id\":\"https:\/\/rioonwatch.org.br\/?p=54745#article\",\"isPartOf\":{\"@id\":\"https:\/\/rioonwatch.org.br\/?p=54745\"},\"author\":{\"name\":\"Julio Santos Filho\",\"@id\":\"https:\/\/rioonwatch.org.br\/#\/schema\/person\/476bc75767957d3535b65b796667cd36\"},\"headline\":\"MC Martina: &#8216;O V\u00edrus que Parou o Pa\u00eds&#8217; [V\u00cdDEO] #DesenraizandoRacismo\",\"datePublished\":\"2021-05-04T14:31:59+00:00\",\"dateModified\":\"2024-05-24T15:31:12+00:00\",\"mainEntityOfPage\":{\"@id\":\"https:\/\/rioonwatch.org.br\/?p=54745\"},\"wordCount\":909,\"publisher\":{\"@id\":\"https:\/\/rioonwatch.org.br\/#organization\"},\"image\":{\"@id\":\"https:\/\/rioonwatch.org.br\/?p=54745#primaryimage\"},\"thumbnailUrl\":\"https:\/\/rioonwatch.org.br\/wp-content\/uploads\/2021\/05\/MC-Martina-1.png\",\"keywords\":[\"Antirracismo\",\"arte\",\"CEDAE\",\"Complexo da Mar\u00e9\",\"Complexo do Alem\u00e3o\",\"coronav\u00edrus\",\"direito \u00e0 \u00e1gua\",\"Instituto Papo Reto\",\"Mar\u00e9 Vive\",\"Parque Uni\u00e3o\",\"poesia\",\"S\u00e9rie\",\"S\u00e9rie: Antirracismo\",\"slam\",\"v\u00eddeo\",\"Voz das Comunidades\",\"Zona Norte\"],\"articleSection\":[\"#Covid19NasFavelas\",\"*Destaque\",\"Cultura da Favela\",\"Escrito por Comunicadores Populares\",\"V\u00eddeo\"],\"inLanguage\":\"pt-BR\"},{\"@type\":\"WebPage\",\"@id\":\"https:\/\/rioonwatch.org.br\/?p=54745\",\"url\":\"https:\/\/rioonwatch.org.br\/?p=54745\",\"name\":\"MC Martina: 'O V\u00edrus que Parou o Pa\u00eds' [V\u00cdDEO] #DesenraizandoRacismo - RioOnWatch\",\"isPartOf\":{\"@id\":\"https:\/\/rioonwatch.org.br\/#website\"},\"primaryImageOfPage\":{\"@id\":\"https:\/\/rioonwatch.org.br\/?p=54745#primaryimage\"},\"image\":{\"@id\":\"https:\/\/rioonwatch.org.br\/?p=54745#primaryimage\"},\"thumbnailUrl\":\"https:\/\/rioonwatch.org.br\/wp-content\/uploads\/2021\/05\/MC-Martina-1.png\",\"datePublished\":\"2021-05-04T14:31:59+00:00\",\"dateModified\":\"2024-05-24T15:31:12+00:00\",\"breadcrumb\":{\"@id\":\"https:\/\/rioonwatch.org.br\/?p=54745#breadcrumb\"},\"inLanguage\":\"pt-BR\",\"potentialAction\":[{\"@type\":\"ReadAction\",\"target\":[\"https:\/\/rioonwatch.org.br\/?p=54745\"]}]},{\"@type\":\"ImageObject\",\"inLanguage\":\"pt-BR\",\"@id\":\"https:\/\/rioonwatch.org.br\/?p=54745#primaryimage\",\"url\":\"https:\/\/rioonwatch.org.br\/wp-content\/uploads\/2021\/05\/MC-Martina-1.png\",\"contentUrl\":\"https:\/\/rioonwatch.org.br\/wp-content\/uploads\/2021\/05\/MC-Martina-1.png\",\"width\":1640,\"height\":917},{\"@type\":\"BreadcrumbList\",\"@id\":\"https:\/\/rioonwatch.org.br\/?p=54745#breadcrumb\",\"itemListElement\":[{\"@type\":\"ListItem\",\"position\":1,\"name\":\"In\u00edcio\",\"item\":\"https:\/\/rioonwatch.org.br\/\"},{\"@type\":\"ListItem\",\"position\":2,\"name\":\"MC Martina: &#8216;O V\u00edrus que Parou o Pa\u00eds&#8217; [V\u00cdDEO] #DesenraizandoRacismo\"}]},{\"@type\":\"WebSite\",\"@id\":\"https:\/\/rioonwatch.org.br\/#website\",\"url\":\"https:\/\/rioonwatch.org.br\/\",\"name\":\"RioOnWatch\",\"description\":\"relatos das favelas cariocas\",\"publisher\":{\"@id\":\"https:\/\/rioonwatch.org.br\/#organization\"},\"potentialAction\":[{\"@type\":\"SearchAction\",\"target\":{\"@type\":\"EntryPoint\",\"urlTemplate\":\"https:\/\/rioonwatch.org.br\/?s={search_term_string}\"},\"query-input\":{\"@type\":\"PropertyValueSpecification\",\"valueRequired\":true,\"valueName\":\"search_term_string\"}}],\"inLanguage\":\"pt-BR\"},{\"@type\":\"Organization\",\"@id\":\"https:\/\/rioonwatch.org.br\/#organization\",\"name\":\"RioOnWatch\",\"url\":\"https:\/\/rioonwatch.org.br\/\",\"logo\":{\"@type\":\"ImageObject\",\"inLanguage\":\"pt-BR\",\"@id\":\"https:\/\/rioonwatch.org.br\/#\/schema\/logo\/image\/\",\"url\":\"https:\/\/rioonwatch.org.br\/wp-content\/uploads\/2021\/06\/RioOnWatchcabecalhoPT11anos-2.png\",\"contentUrl\":\"https:\/\/rioonwatch.org.br\/wp-content\/uploads\/2021\/06\/RioOnWatchcabecalhoPT11anos-2.png\",\"width\":779,\"height\":277,\"caption\":\"RioOnWatch\"},\"image\":{\"@id\":\"https:\/\/rioonwatch.org.br\/#\/schema\/logo\/image\/\"}},{\"@type\":\"Person\",\"@id\":\"https:\/\/rioonwatch.org.br\/#\/schema\/person\/476bc75767957d3535b65b796667cd36\",\"name\":\"Julio Santos Filho\",\"image\":{\"@type\":\"ImageObject\",\"inLanguage\":\"pt-BR\",\"@id\":\"https:\/\/rioonwatch.org.br\/#\/schema\/person\/image\/\",\"url\":\"https:\/\/secure.gravatar.com\/avatar\/ca138f7666182a292a8ce4ca14fb81f8?s=96&d=blank&r=g\",\"contentUrl\":\"https:\/\/secure.gravatar.com\/avatar\/ca138f7666182a292a8ce4ca14fb81f8?s=96&d=blank&r=g\",\"caption\":\"Julio Santos Filho\"},\"url\":\"https:\/\/rioonwatch.org.br\/?author=167\"}]}<\/script>\n<!-- \/ Yoast SEO plugin. -->","yoast_head_json":{"title":"MC Martina: 'O V\u00edrus que Parou o Pa\u00eds' [V\u00cdDEO] #DesenraizandoRacismo - RioOnWatch","robots":{"index":"index","follow":"follow","max-snippet":"max-snippet:-1","max-image-preview":"max-image-preview:large","max-video-preview":"max-video-preview:-1"},"canonical":"https:\/\/rioonwatch.org.br\/?p=54745","og_locale":"pt_BR","og_type":"article","og_title":"MC Martina: 'O V\u00edrus que Parou o Pa\u00eds' [V\u00cdDEO] #DesenraizandoRacismo - RioOnWatch","og_description":"\ufeff\ufeff Click Here for English Esta v\u00eddeo-poesia marginal faz parte da nossa s\u00e9rie sobre a Covid-19 e seus impactos sobre as favelas\u00a0e tamb\u00e9m\u00a0do projeto antirracista do RioOnWatch. Conhe\u00e7a o nosso projeto que traz conte\u00fados midi\u00e1ticos [...]","og_url":"https:\/\/rioonwatch.org.br\/?p=54745","og_site_name":"RioOnWatch","article_published_time":"2021-05-04T14:31:59+00:00","article_modified_time":"2024-05-24T15:31:12+00:00","og_image":[{"width":1640,"height":917,"url":"https:\/\/rioonwatch.org.br\/wp-content\/uploads\/2021\/05\/MC-Martina-1.png","type":"image\/png"}],"author":"Julio Santos Filho","twitter_card":"summary_large_image","twitter_misc":{"Escrito por":"Julio Santos Filho","Est. tempo de leitura":"4 minutos"},"schema":{"@context":"https:\/\/schema.org","@graph":[{"@type":"Article","@id":"https:\/\/rioonwatch.org.br\/?p=54745#article","isPartOf":{"@id":"https:\/\/rioonwatch.org.br\/?p=54745"},"author":{"name":"Julio Santos Filho","@id":"https:\/\/rioonwatch.org.br\/#\/schema\/person\/476bc75767957d3535b65b796667cd36"},"headline":"MC Martina: &#8216;O V\u00edrus que Parou o Pa\u00eds&#8217; [V\u00cdDEO] #DesenraizandoRacismo","datePublished":"2021-05-04T14:31:59+00:00","dateModified":"2024-05-24T15:31:12+00:00","mainEntityOfPage":{"@id":"https:\/\/rioonwatch.org.br\/?p=54745"},"wordCount":909,"publisher":{"@id":"https:\/\/rioonwatch.org.br\/#organization"},"image":{"@id":"https:\/\/rioonwatch.org.br\/?p=54745#primaryimage"},"thumbnailUrl":"https:\/\/rioonwatch.org.br\/wp-content\/uploads\/2021\/05\/MC-Martina-1.png","keywords":["Antirracismo","arte","CEDAE","Complexo da Mar\u00e9","Complexo do Alem\u00e3o","coronav\u00edrus","direito \u00e0 \u00e1gua","Instituto Papo Reto","Mar\u00e9 Vive","Parque Uni\u00e3o","poesia","S\u00e9rie","S\u00e9rie: Antirracismo","slam","v\u00eddeo","Voz das Comunidades","Zona Norte"],"articleSection":["#Covid19NasFavelas","*Destaque","Cultura da Favela","Escrito por Comunicadores Populares","V\u00eddeo"],"inLanguage":"pt-BR"},{"@type":"WebPage","@id":"https:\/\/rioonwatch.org.br\/?p=54745","url":"https:\/\/rioonwatch.org.br\/?p=54745","name":"MC Martina: 'O V\u00edrus que Parou o Pa\u00eds' [V\u00cdDEO] #DesenraizandoRacismo - RioOnWatch","isPartOf":{"@id":"https:\/\/rioonwatch.org.br\/#website"},"primaryImageOfPage":{"@id":"https:\/\/rioonwatch.org.br\/?p=54745#primaryimage"},"image":{"@id":"https:\/\/rioonwatch.org.br\/?p=54745#primaryimage"},"thumbnailUrl":"https:\/\/rioonwatch.org.br\/wp-content\/uploads\/2021\/05\/MC-Martina-1.png","datePublished":"2021-05-04T14:31:59+00:00","dateModified":"2024-05-24T15:31:12+00:00","breadcrumb":{"@id":"https:\/\/rioonwatch.org.br\/?p=54745#breadcrumb"},"inLanguage":"pt-BR","potentialAction":[{"@type":"ReadAction","target":["https:\/\/rioonwatch.org.br\/?p=54745"]}]},{"@type":"ImageObject","inLanguage":"pt-BR","@id":"https:\/\/rioonwatch.org.br\/?p=54745#primaryimage","url":"https:\/\/rioonwatch.org.br\/wp-content\/uploads\/2021\/05\/MC-Martina-1.png","contentUrl":"https:\/\/rioonwatch.org.br\/wp-content\/uploads\/2021\/05\/MC-Martina-1.png","width":1640,"height":917},{"@type":"BreadcrumbList","@id":"https:\/\/rioonwatch.org.br\/?p=54745#breadcrumb","itemListElement":[{"@type":"ListItem","position":1,"name":"In\u00edcio","item":"https:\/\/rioonwatch.org.br\/"},{"@type":"ListItem","position":2,"name":"MC Martina: &#8216;O V\u00edrus que Parou o Pa\u00eds&#8217; [V\u00cdDEO] #DesenraizandoRacismo"}]},{"@type":"WebSite","@id":"https:\/\/rioonwatch.org.br\/#website","url":"https:\/\/rioonwatch.org.br\/","name":"RioOnWatch","description":"relatos das favelas cariocas","publisher":{"@id":"https:\/\/rioonwatch.org.br\/#organization"},"potentialAction":[{"@type":"SearchAction","target":{"@type":"EntryPoint","urlTemplate":"https:\/\/rioonwatch.org.br\/?s={search_term_string}"},"query-input":{"@type":"PropertyValueSpecification","valueRequired":true,"valueName":"search_term_string"}}],"inLanguage":"pt-BR"},{"@type":"Organization","@id":"https:\/\/rioonwatch.org.br\/#organization","name":"RioOnWatch","url":"https:\/\/rioonwatch.org.br\/","logo":{"@type":"ImageObject","inLanguage":"pt-BR","@id":"https:\/\/rioonwatch.org.br\/#\/schema\/logo\/image\/","url":"https:\/\/rioonwatch.org.br\/wp-content\/uploads\/2021\/06\/RioOnWatchcabecalhoPT11anos-2.png","contentUrl":"https:\/\/rioonwatch.org.br\/wp-content\/uploads\/2021\/06\/RioOnWatchcabecalhoPT11anos-2.png","width":779,"height":277,"caption":"RioOnWatch"},"image":{"@id":"https:\/\/rioonwatch.org.br\/#\/schema\/logo\/image\/"}},{"@type":"Person","@id":"https:\/\/rioonwatch.org.br\/#\/schema\/person\/476bc75767957d3535b65b796667cd36","name":"Julio Santos Filho","image":{"@type":"ImageObject","inLanguage":"pt-BR","@id":"https:\/\/rioonwatch.org.br\/#\/schema\/person\/image\/","url":"https:\/\/secure.gravatar.com\/avatar\/ca138f7666182a292a8ce4ca14fb81f8?s=96&d=blank&r=g","contentUrl":"https:\/\/secure.gravatar.com\/avatar\/ca138f7666182a292a8ce4ca14fb81f8?s=96&d=blank&r=g","caption":"Julio Santos Filho"},"url":"https:\/\/rioonwatch.org.br\/?author=167"}]}},"_links":{"self":[{"href":"https:\/\/rioonwatch.org.br\/index.php?rest_route=\/wp\/v2\/posts\/54745"}],"collection":[{"href":"https:\/\/rioonwatch.org.br\/index.php?rest_route=\/wp\/v2\/posts"}],"about":[{"href":"https:\/\/rioonwatch.org.br\/index.php?rest_route=\/wp\/v2\/types\/post"}],"author":[{"embeddable":true,"href":"https:\/\/rioonwatch.org.br\/index.php?rest_route=\/wp\/v2\/users\/167"}],"replies":[{"embeddable":true,"href":"https:\/\/rioonwatch.org.br\/index.php?rest_route=%2Fwp%2Fv2%2Fcomments&post=54745"}],"version-history":[{"count":25,"href":"https:\/\/rioonwatch.org.br\/index.php?rest_route=\/wp\/v2\/posts\/54745\/revisions"}],"predecessor-version":[{"id":56909,"href":"https:\/\/rioonwatch.org.br\/index.php?rest_route=\/wp\/v2\/posts\/54745\/revisions\/56909"}],"wp:featuredmedia":[{"embeddable":true,"href":"https:\/\/rioonwatch.org.br\/index.php?rest_route=\/wp\/v2\/media\/54923"}],"wp:attachment":[{"href":"https:\/\/rioonwatch.org.br\/index.php?rest_route=%2Fwp%2Fv2%2Fmedia&parent=54745"}],"wp:term":[{"taxonomy":"category","embeddable":true,"href":"https:\/\/rioonwatch.org.br\/index.php?rest_route=%2Fwp%2Fv2%2Fcategories&post=54745"},{"taxonomy":"post_tag","embeddable":true,"href":"https:\/\/rioonwatch.org.br\/index.php?rest_route=%2Fwp%2Fv2%2Ftags&post=54745"},{"taxonomy":"writer","embeddable":true,"href":"https:\/\/rioonwatch.org.br\/index.php?rest_route=%2Fwp%2Fv2%2Fwriter&post=54745"},{"taxonomy":"translator","embeddable":true,"href":"https:\/\/rioonwatch.org.br\/index.php?rest_route=%2Fwp%2Fv2%2Ftranslator&post=54745"},{"taxonomy":"source","embeddable":true,"href":"https:\/\/rioonwatch.org.br\/index.php?rest_route=%2Fwp%2Fv2%2Fsource&post=54745"},{"taxonomy":"ilustrador","embeddable":true,"href":"https:\/\/rioonwatch.org.br\/index.php?rest_route=%2Fwp%2Fv2%2Filustrador&post=54745"},{"taxonomy":"fotografo","embeddable":true,"href":"https:\/\/rioonwatch.org.br\/index.php?rest_route=%2Fwp%2Fv2%2Ffotografo&post=54745"}],"curies":[{"name":"wp","href":"https:\/\/api.w.org\/{rel}","templated":true}]}}