{"id":54750,"date":"2021-04-29T10:22:33","date_gmt":"2021-04-29T13:22:33","guid":{"rendered":"https:\/\/rioonwatch.org.br\/?p=54750"},"modified":"2022-08-29T18:15:52","modified_gmt":"2022-08-29T21:15:52","slug":"divulgacao-coletiva-de-imprensa-sobre-a-fome-causada-pela-covid-19-hoje","status":"publish","type":"post","link":"https:\/\/rioonwatch.org.br\/?p=54750","title":{"rendered":"Divulga\u00e7\u00e3o: Coletiva de Imprensa Sobre a Fome Causada pela Covid-19, HOJE"},"content":{"rendered":"<p style=\"text-align: right;\"><em><strong><a href=\"https:\/\/bit.ly\/3nuKv3q\" target=\"_blank\" rel=\"noopener noreferrer\">Click Here for English<\/a><a href=\"https:\/\/bit.ly\/3nuKv3q\" target=\"_blank\" rel=\"noopener noreferrer\"><img decoding=\"async\" class=\"alignright wp-image-15790\" src=\"http:\/\/rioonwatch.org.br\/wp-content\/uploads\/2012\/08\/EN-standard-e1439583104716.jpg\" alt=\"\" width=\"20\" height=\"20\" \/><\/a><\/strong><\/em><\/p>\n<p>PARA LAN\u00c7AMENTO IMEDIATO [<a href=\"http:\/\/bit.ly\/ColetivaPainelRelease6\" target=\"_blank\" rel=\"noopener noreferrer\">PDF DO RELEASE<\/a>]<\/p>\n<p style=\"text-align: center;\"><b><i>\u2018UM ANO DE DERROTAS! QUAL A SOLU\u00c7\u00c3O?\u2019<\/i><\/b><\/p>\n<p style=\"text-align: center;\"><i>Painel Unificador Covid-19 nas Favelas realiza sua quarta coletiva de imprensa junto da Rede Favela Sustent\u00e1vel nesta quinta-feira, 29 de abril, \u00e0s 14h.\u00a0<\/i><\/p>\n<p style=\"text-align: center;\"><a href=\"http:\/\/bit.ly\/ColetivaPainel4Inscricao\"><i>Clique aqui para se inscrever<\/i><\/a><i>.<\/i><\/p>\n<p><b>28 de abril de 2021 \u2014\u00a0<\/b>Dez meses ap\u00f3s lan\u00e7ar o Painel Unificador Covid-19 nas Favelas (<a href=\"http:\/\/www.favela.info\/\">www.favela.info<\/a>),\u00a0<b>coletivos da sociedade civil fluminense voltam a denunciar a falta de pol\u00edticas p\u00fablicas\u00a0<\/b>de combate ao novo coronav\u00edrus. Desta vez, a pauta \u00e9 m\u00faltipla e aterrorizante: o ac\u00famulo de mortes nas favelas do Estado do Rio de Janeiro por Covid-19 vem sendo agravado por in\u00fameros outros fatores: desde a inseguran\u00e7a alimentar \u00e0 evas\u00e3o escolar, da sa\u00fade mental \u00e0 sobrecarga nos movimentos comunit\u00e1rios, e muito mais.<\/p>\n<p>N\u00e3o perca a\u00a0<b>coletiva<\/b>\u00a0de imprensa\u00a0<b>\u201cUm Ano de Derrotas! Qual a Solu\u00e7\u00e3o?\u201d<\/b>\u00a0que juntar\u00e1\u00a0<b>15 mini-falas cr\u00edticas e urgentes de lideran\u00e7as de favelas<\/b>\u00a0do Painel Unificador Covid-19 nas Favelas e da Rede Favela Sustent\u00e1vel, representando a regi\u00e3o metropolitana do Rio.\u00a0<b>Ser\u00e3o abordados os temas das derrotas<\/b>\u00a0para al\u00e9m do massacre imposto pela neglig\u00eancia estatal em torno da Covid-19: inseguran\u00e7a alimentar e retorno da fome; dificuldade de acesso \u00e0 sa\u00fade, testagem e vacina; retorno das opera\u00e7\u00f5es policiais; impactos da evas\u00e3o escolar; sa\u00fade mental; e viol\u00eancia dom\u00e9stica.<\/p>\n<p>A quarta coletiva do Painel acontecer\u00e1 na\u00a0<b>quinta-feira, 29 de abril<\/b>. Nela, os 22 coletivos que comp\u00f5em o Painel e 27 outras organiza\u00e7\u00f5es assinantes da carta em prol da\u00a0<a href=\"http:\/\/vacinaja.favela.info\/\">Vacina Pra Favela, J\u00e1!<\/a>\u00a0ir\u00e3o\u00a0<b>denunciar a fome e demandar pol\u00edticas urgentes de combate ao cont\u00e1gio<\/b>\u00a0do coronav\u00edrus nas favelas.\u00a0<b>Abordaremos<\/b>\u00a0<b>as poss\u00edveis solu\u00e7\u00f5es<\/b>: aux\u00edlio emergencial, campanhas por alimentos, e acesso priorit\u00e1rio \u00e0 vacinas nas favelas.<\/p>\n<p>O Painel Unificador, que com a passagem de tempo vem acessando novas fontes de dados sobre o alcance do coronav\u00edrus nas favelas,\u00a0<b>hoje reporta 44.799 casos e 4.379 \u00f3bitos nas favelas da regi\u00e3o metropolitana<\/b>, sendo 39.961 casos e 3.457 \u00f3bitos em favelas dentro do munic\u00edpio do Rio de Janeiro. O Painel Unificador\u00a0<b>representa hoje, 66% dos domic\u00edlios das favelas na cidade do Rio<\/b>.<\/p>\n<p>Se juntando ao Painel para esta coletiva, a\u00a0<b>Rede Favela Sustent\u00e1vel<\/b>\u00a0\u00e9 uma rede de base comunit\u00e1ria integrando\u00a0<b>centenas de iniciativas socioambientais nas favelas<\/b>\u00a0da Grande Rio, desde hortas comunit\u00e1rias e sistemas de esgotamento comunit\u00e1rio a museus e projetos de energia solar. Por\u00e9m,\u00a0<b>desde o in\u00edcio da pandemia todos os projetos integrantes da\u00a0<\/b><a href=\"http:\/\/www.favelasustentavel.org\/\"><b>Rede<\/b><\/a><b>\u00a0voltaram suas a\u00e7\u00f5es para atenderem<\/b>\u00a0as demandas por preven\u00e7\u00e3o e resposta\u00a0<b>\u00e0 Covid-19 em seus territ\u00f3rios<\/b>.<\/p>\n<p>J\u00e1 ocorreram\u00a0<b>mais mortes nas favelas do Rio de Janeiro do que em 164 pa\u00edses inteiros<\/b>. O Painel Unificador Covid-19 nas Favelas \u00e9 realizado atrav\u00e9s de uma\u00a0<b>metodologia altamente participativa<\/b>\u00a0que, na atual falta de testagem em massa na maioria dos territ\u00f3rios, compreende que as informa\u00e7\u00f5es oriundas de uma base local qualificada s\u00e3o as que se aproximam mais da realidade. A partir de fontes locais, o Painel come\u00e7ou a montar sua base de dados em julho de 2020 e a\u00a0<b>cada semana vem adicionando novas fontes<\/b>. Mais recentemente, optamos por uma metodologia de Zona de Influ\u00eancia de C\u00f3digos de Endere\u00e7os Postais (CEPs), identificando os que melhor representam \u00e1reas de favela. Assim, a partir de dados por CEP,\u00a0<b>conseguimos at\u00e9 26\/04 abranger 268 favelas<\/b>, sendo seis em munic\u00edpios vizinhos, em especial Itagua\u00ed.<\/p>\n<p><b>Nesta coletiva<\/b>\u00a0realizada\u00a0<b>no<\/b>\u00a0<b>d\u00e9cimo m\u00eas do Painel<\/b>, apresentaremos os\u00a0<b>novos dados preocupantes<\/b>\u00a0e<b>\u00a0um debate<\/b>\u00a0<b>com lideran\u00e7as comunit\u00e1rias de favela<\/b>\u00a0descrevendo a realidade deste momento cr\u00edtico da pandemia \u2014 e dando voz \u00e0s suas demandas. Haver\u00e1 tamb\u00e9m o<b>\u00a0lan\u00e7amento de uma campanha internacional por doa\u00e7\u00f5es<\/b>\u00a0de alimentos e divulga\u00e7\u00e3o de uma\u00a0<a href=\"http:\/\/bit.ly\/CampanhasCovidFavelas\">lista completa de campanhas comunit\u00e1rias<\/a>\u00a0por cestas b\u00e1sicas.<\/p>\n<h3><b>Verifique a agenda da quarta coletiva do Painel Unificador:\u00a0<\/b><\/h3>\n<p><b>14h00-14h10<\/b>\u00a0Introdu\u00e7\u00e3o e lan\u00e7amento da campanha internacional;<br \/>\n<b>14h10-14h20<\/b>\u00a0Apresenta\u00e7\u00e3o dos dados atuais do Painel Unificador;<br \/>\n<b>14h20-15h<\/b>\u00a0Participa\u00e7\u00e3o de lideran\u00e7as comunit\u00e1rias refletindo sobre a situa\u00e7\u00e3o atual em suas comunidades e poss\u00edveis solu\u00e7\u00f5es neste momento cr\u00edtico da pandemia;<br \/>\n<b>15h00-15h30<\/b>\u00a0Perguntas e respostas dos jornalistas<\/p>\n<h3>Para esta coletiva, j\u00e1 foram confirmados apresenta\u00e7\u00f5es ou depoimentos dos seguintes integrantes do Painel e da Rede Favela Sustent\u00e1vel:<\/h3>\n<ol>\n<li aria-level=\"1\">Ana Leila Gon\u00e7alves \u2013 Centro Social Fus\u00e3o, Mesquita<\/li>\n<li aria-level=\"1\">Ana Santos \u2013 Centro de Educa\u00e7\u00e3o Multicultural, Complexo da Penha<\/li>\n<li aria-level=\"1\">Andressa Cabral Botelho \u2013 Mar\u00e9 de Not\u00edcias, Complexo da Mar\u00e9<\/li>\n<li aria-level=\"1\">Anna Paulade Albuquerque Sales \u2013 A.M.I.G.A.S. (Associa\u00e7\u00e3o de Mulheres de Itagua\u00ed Guerreiras e Articuladoras Sociais)<\/li>\n<li aria-level=\"1\">Douglas Heliodoro \u2013 Coletivo Conex\u00f5es Perif\u00e9ricas, Rio das Pedras<\/li>\n<li aria-level=\"1\">Emerson de Souza \u2013 Associa\u00e7\u00e3o de Moradores do Horto Florestal<\/li>\n<li aria-level=\"1\">F\u00e1bio Leon \u2013 F\u00f3rum Grita Baixada<\/li>\n<li aria-level=\"1\">Geiza de Andrade \u2013 Educadora socioambiental, Vila Kennedy<\/li>\n<li aria-level=\"1\">Iara de Oliveira \u2013 Alfazendo, Cidade de Deus<\/li>\n<li aria-level=\"1\">Irenaldo Hon\u00f3rio da Silva \u2013 T\u00e9cnico de Enfermagem, Comunidade Pica-Pau Cordovil<\/li>\n<li>K\u00e1dina Bastos \u2013 Fazendo M\u00e1gica com Tecido, Vila Alian\u00e7a<\/li>\n<li aria-level=\"1\">Laurinda Delgado \u2013 Semeando Cor\u00e9ia, Mesquita<\/li>\n<li aria-level=\"1\">Nill Santos \u2013 Mulheres de Atitude e Compromisso Social (AMAC), Duque de Caxias<\/li>\n<li aria-level=\"1\">Rachel Viana \u2013 Professora da rede Estadual do RJ<\/li>\n<li aria-level=\"1\">Renata Gracie \u2013 Icict\/Fiocruz<\/li>\n<li aria-level=\"1\">T\u00e2nia Alexandre da Silva \u2013 Associa\u00e7\u00e3o de Mulheres Edson Passos (AMEPA), Comunidade Cosmorama, Mesquita<\/li>\n<li aria-level=\"1\">Theresa Williamson \u2013 Diretora Executiva, Comunidades Catalisadoras (ComCat)<\/li>\n<\/ol>\n<h3>SERVI\u00c7O: Quarta Coletiva de Imprensa<\/h3>\n<p>QUANDO:\u00a0<b>Quinta-feira, 29 de abril de 2021, das 14 \u00e0s 15:30 horas\u00a0<\/b><\/p>\n<p>ONDE:\u00a0No Zoom.\u00a0<a href=\"https:\/\/bit.ly\/ColetivaPainel4Inscricao\">Inscri\u00e7\u00f5es para imprensa, assessores parlamentares e mobilizadores de favela aqui<\/a>. Grande p\u00fablico: assista ao vivo\u00a0<a href=\"http:\/\/fb.favela.info\/\">no Facebook aqui<\/a>.<\/p>\n<h3>CR\u00c9DITOS<\/h3>\n<p><b>Realiza\u00e7\u00e3o:<\/b>\u00a0<a href=\"https:\/\/comcat.org\/\">Comunidades Catalisadoras<\/a>\u00a0(ComCat)<\/p>\n<p><b>Parceiros:\u00a0<\/b><a href=\"https:\/\/bit.ly\/3fgbwCW\">A.M.I.G.A.S.<\/a>\u00a0|\u00a0<a href=\"https:\/\/bit.ly\/2ZwXbN1\">Centro Social Fus\u00e3o<\/a>\u00a0|\u00a0<a href=\"https:\/\/bit.ly\/2C05Iid\">Coletivo Conex\u00f5es Perif\u00e9ricas-RP<\/a>\u00a0|\u00a0<a href=\"https:\/\/covidporcep.rio.br\/\">Covid por CEP<\/a>\u00a0|\u00a0<a href=\"http:\/\/bit.ly\/2lbFqNb\">Data_Labe<\/a> |\u00a0<a href=\"http:\/\/www.wikifavelas.com.br\/\">Dicion\u00e1rio de Favelas Marielle Franco<\/a> | <a href=\"https:\/\/bit.ly\/3dcAaDa\">Fala Ro\u00e7a<\/a>\u00a0|\u00a0<a href=\"https:\/\/www.facebook.com\/coletivofavelavertical\/\">Favela Vertical<\/a>\u00a0|\u00a0<a href=\"https:\/\/bit.ly\/2ZEAIw6\">Fiocruz<\/a>\u00a0|\u00a0<a href=\"https:\/\/bit.ly\/3cZ2CZe\">F\u00f3rum Grita Baixada<\/a>\u00a0|\u00a0<a href=\"https:\/\/bit.ly\/30zcFAO\">Frente de Mobiliza\u00e7\u00e3o da Mar\u00e9<\/a>\u00a0|\u00a0<a href=\"https:\/\/www.iearaujodutra.com\/\">Instituto Educacional Araujo Dutra<\/a>\u00a0|\u00a0<a href=\"https:\/\/www.facebook.com\/LabJaca\/\">LabJaca<\/a>\u00a0|\u00a0<a href=\"https:\/\/mareonline.com.br\/\">Mar\u00e9 de Not\u00edcias<\/a>\u00a0|\u00a0<a href=\"http:\/\/bit.ly\/2xQ8oJQ\">Mulheres de Frente<\/a>\u00a0|\u00a0<a href=\"https:\/\/www.observatoriodefavelas.org.br\/\">Observat\u00f3rio de Favelas<\/a>\u00a0|\u00a0<a href=\"https:\/\/bit.ly\/3glWkF6\">PerifaConnection<\/a>\u00a0|\u00a0<a href=\"http:\/\/www.redesdamare.org.br\/?fbclid=IwAR2CewNeSRL_uEPbRpD65lk-okyp8TUWgUjmaAaolliNciWG_KMGIUhf_k0\">Redes da Mar\u00e9<\/a>\u00a0|\u00a0<a href=\"https:\/\/bit.ly\/2ZWsgZB\">SOS Provid\u00eancia<\/a>\u00a0|\u00a0<a href=\"http:\/\/bit.ly\/30l5RrX\">TETO<\/a>\u00a0|\u00a0<a href=\"http:\/\/bit.ly\/2JhMwyE\">Voz das Comunidades<\/a><\/p>\n<p><b>Desenvolvimento e atualiza\u00e7\u00f5es:\u00a0<\/b><a href=\"https:\/\/www.esri.com\/fr-fr\/home\">Esri \u2013 Environmental Systems Research Institute<\/a><br \/>\n<b>Dados Demogr\u00e1ficos:\u00a0<\/b><a href=\"http:\/\/www.data.rio\/datasets\/limite-favelas\">Prefeitura Rio e IBGE 2010<\/a><br \/>\n<b>Tecnologia de integra\u00e7\u00e3o:\u00a0<\/b><a href=\"http:\/\/www.integromat.com\/\">Integromat<\/a><br \/>\n<b>V\u00eddeo de divulga\u00e7\u00e3o:<\/b>\u00a0<a href=\"https:\/\/www.facebook.com\/LabJaca\/\">LabJaca<\/a>\u00a0(veja\u00a0<a href=\"http:\/\/video.favela.info\/\">video.favela.info<\/a>)<\/p>\n<p><i>\u00a0#DadosSalvamVidas #DadosS\u00e3oPoder #Covid19NasFavelas #PainelUnificadorDasFavelas<\/i><\/p>\n<h3>CONTATOS<\/h3>\n<p><b>Painel Unificador\/ComCat:\u00a0<\/b><a href=\"mailto:contato@favela.info\">contato@favela.info<\/a>\u00a0WhatsApp +55-21-991976444<br \/>\n<b>Internacional\/ingl\u00eas:\u00a0<\/b><a href=\"mailto:press@catcomm.org\">press@catcomm.org<\/a>\u00a0+1-301-637-7360<br \/>\n<b>Facebook do Painel Unificador:<\/b>\u00a0<a href=\"http:\/\/fb.favela.info\/\">fb.favela.info<\/a><\/p>\n<!-- AddThis Advanced Settings generic via filter on the_content --><!-- AddThis Share Buttons generic via filter on the_content -->","protected":false},"excerpt":{"rendered":"<div class=\"mh-excerpt\"><p>Click Here for English PARA LAN\u00c7AMENTO IMEDIATO [PDF DO RELEASE] \u2018UM ANO DE DERROTAS! QUAL A SOLU\u00c7\u00c3O?\u2019 Painel Unificador Covid-19 nas Favelas realiza sua quarta coletiva de imprensa junto da Rede Favela Sustent\u00e1vel nesta quinta-feira, <a class=\"mh-excerpt-more\" href=\"https:\/\/rioonwatch.org.br\/?p=54750\" title=\"Divulga\u00e7\u00e3o: Coletiva de Imprensa Sobre a Fome Causada pela Covid-19, HOJE\">[&#8230;]<\/a><!-- AddThis Advanced Settings generic via filter on get_the_excerpt --><!-- AddThis Share Buttons generic via filter on get_the_excerpt --><\/p>\n<\/div>","protected":false},"author":129,"featured_media":54753,"comment_status":"closed","ping_status":"closed","sticky":false,"template":"","format":"standard","meta":{"_acf_changed":false,"_monsterinsights_skip_tracking":false,"_monsterinsights_sitenote_active":false,"_monsterinsights_sitenote_note":"","_monsterinsights_sitenote_category":0,"footnotes":""},"categories":[1632,346,1388,1612,342],"tags":[554,332,2717,217,2748,2214,709,88,1091,2146,2179,2755,1372,733,2230,1583,599,1586,417,663,358,426,838,839,1107,3146,1393,2754,1109,380,2600,1347,476,2816,230,544],"writer":[3028],"translator":[],"source":[],"ilustrador":[],"fotografo":[],"class_list":{"0":"post-54750","1":"post","2":"type-post","3":"status-publish","4":"format-standard","5":"has-post-thumbnail","7":"category-pesquisa-e-analise","8":"category-denuncias","9":"category-formas-de-apoiar","10":"category-sociedade-civil","11":"category-solucoes","12":"tag-cidade-de-deus","13":"tag-complexo-da-mare","14":"tag-complexo-da-penha","15":"tag-complexo-do-alemao","16":"tag-coronavirus","17":"tag-dados","18":"tag-debate","19":"tag-direitos-humanos","20":"tag-duque-de-caxias","21":"tag-fiocruz","22":"tag-forum-grita-baixada","23":"tag-gardenia-azul","24":"tag-grande-rio","25":"tag-horto","26":"tag-fome","27":"tag-itaguai","28":"tag-jacarezinho","29":"tag-mesquita","30":"tag-negligencia-do-estado","31":"tag-observatorio-de-favelas","32":"tag-organizacao-comunitaria","33":"tag-pica-pau","34":"tag-politica-publica","35":"tag-prioridades-publicas-equivocadas","36":"tag-redes-da-mare","37":"tag-release","38":"tag-rio-das-pedras","39":"tag-serie-covid-19-nas-favelas","40":"tag-sociedade-civil","41":"tag-solidariedade","42":"tag-solidariedade-internacional","43":"tag-solucao","44":"tag-solucao-comunitaria","45":"tag-subnotificacao","46":"tag-vila-alianca","47":"tag-vila-kennedy","48":"writer-painel-unificador-das-favelas"},"acf":[],"yoast_head":"<!-- This site is optimized with the Yoast SEO plugin v25.6 - https:\/\/yoast.com\/wordpress\/plugins\/seo\/ -->\n<title>Divulga\u00e7\u00e3o: Coletiva de Imprensa Sobre a Fome Causada pela Covid-19, HOJE - RioOnWatch<\/title>\n<meta name=\"robots\" content=\"index, follow, max-snippet:-1, max-image-preview:large, max-video-preview:-1\" \/>\n<link rel=\"canonical\" href=\"https:\/\/rioonwatch.org.br\/?p=54750\" \/>\n<meta property=\"og:locale\" content=\"pt_BR\" \/>\n<meta property=\"og:type\" content=\"article\" \/>\n<meta property=\"og:title\" content=\"Divulga\u00e7\u00e3o: Coletiva de Imprensa Sobre a Fome Causada pela Covid-19, HOJE - RioOnWatch\" \/>\n<meta property=\"og:description\" content=\"Click Here for English PARA LAN\u00c7AMENTO IMEDIATO [PDF DO RELEASE] \u2018UM ANO DE DERROTAS! QUAL A SOLU\u00c7\u00c3O?\u2019 Painel Unificador Covid-19 nas Favelas realiza sua quarta coletiva de imprensa junto da Rede Favela Sustent\u00e1vel nesta quinta-feira, [...]\" \/>\n<meta property=\"og:url\" content=\"https:\/\/rioonwatch.org.br\/?p=54750\" \/>\n<meta property=\"og:site_name\" content=\"RioOnWatch\" \/>\n<meta property=\"article:published_time\" content=\"2021-04-29T13:22:33+00:00\" \/>\n<meta property=\"article:modified_time\" content=\"2022-08-29T21:15:52+00:00\" \/>\n<meta property=\"og:image\" content=\"https:\/\/rioonwatch.org.br\/wp-content\/uploads\/2021\/04\/Painel.png\" \/>\n\t<meta property=\"og:image:width\" content=\"1797\" \/>\n\t<meta property=\"og:image:height\" content=\"560\" \/>\n\t<meta property=\"og:image:type\" content=\"image\/png\" \/>\n<meta name=\"author\" content=\"Admin\" \/>\n<meta name=\"twitter:card\" content=\"summary_large_image\" \/>\n<meta name=\"twitter:label1\" content=\"Escrito por\" \/>\n\t<meta name=\"twitter:data1\" content=\"Admin\" \/>\n\t<meta name=\"twitter:label2\" content=\"Est. tempo de leitura\" \/>\n\t<meta name=\"twitter:data2\" content=\"5 minutos\" \/>\n<script type=\"application\/ld+json\" class=\"yoast-schema-graph\">{\"@context\":\"https:\/\/schema.org\",\"@graph\":[{\"@type\":\"Article\",\"@id\":\"https:\/\/rioonwatch.org.br\/?p=54750#article\",\"isPartOf\":{\"@id\":\"https:\/\/rioonwatch.org.br\/?p=54750\"},\"author\":{\"name\":\"Admin\",\"@id\":\"https:\/\/rioonwatch.org.br\/#\/schema\/person\/11d64c290506f9df50c71b850c473f68\"},\"headline\":\"Divulga\u00e7\u00e3o: Coletiva de Imprensa Sobre a Fome Causada pela Covid-19, HOJE\",\"datePublished\":\"2021-04-29T13:22:33+00:00\",\"dateModified\":\"2022-08-29T21:15:52+00:00\",\"mainEntityOfPage\":{\"@id\":\"https:\/\/rioonwatch.org.br\/?p=54750\"},\"wordCount\":1097,\"publisher\":{\"@id\":\"https:\/\/rioonwatch.org.br\/#organization\"},\"image\":{\"@id\":\"https:\/\/rioonwatch.org.br\/?p=54750#primaryimage\"},\"thumbnailUrl\":\"https:\/\/rioonwatch.org.br\/wp-content\/uploads\/2021\/04\/Painel.png\",\"keywords\":[\"Cidade de Deus\",\"Complexo da Mar\u00e9\",\"Complexo da Penha\",\"Complexo do Alem\u00e3o\",\"coronav\u00edrus\",\"dados\",\"debate\",\"Direitos Humanos\",\"Duque de Caxias\",\"Fiocruz\",\"F\u00f3rum Grita Baixada\",\"Gard\u00eania Azul\",\"Grande Rio\",\"Horto\",\"Inseguran\u00e7a alimentar\",\"Itagua\u00ed\",\"Jacarezinho\",\"Mesquita\",\"Neglig\u00eancia do Estado\",\"Observat\u00f3rio de Favelas\",\"organiza\u00e7\u00e3o comunit\u00e1ria\",\"Pica-Pau\",\"pol\u00edtica p\u00fablica\",\"prioridades p\u00fablicas equivocadas\",\"Redes da Mar\u00e9\",\"Release\",\"Rio das Pedras\",\"S\u00e9rie: Covid-19 Nas Favelas\",\"sociedade civil\",\"solidariedade\",\"solidariedade internacional\",\"solu\u00e7\u00e3o\",\"solu\u00e7\u00e3o comunit\u00e1ria\",\"subnotifica\u00e7\u00e3o\",\"Vila Alian\u00e7a\",\"Vila Kennedy\"],\"articleSection\":[\"Dados e Pesquisa\",\"Den\u00fancias\",\"Formas de Apoiar\",\"Sociedade Civil\",\"Solu\u00e7\u00f5es\"],\"inLanguage\":\"pt-BR\"},{\"@type\":\"WebPage\",\"@id\":\"https:\/\/rioonwatch.org.br\/?p=54750\",\"url\":\"https:\/\/rioonwatch.org.br\/?p=54750\",\"name\":\"Divulga\u00e7\u00e3o: Coletiva de Imprensa Sobre a Fome Causada pela Covid-19, HOJE - RioOnWatch\",\"isPartOf\":{\"@id\":\"https:\/\/rioonwatch.org.br\/#website\"},\"primaryImageOfPage\":{\"@id\":\"https:\/\/rioonwatch.org.br\/?p=54750#primaryimage\"},\"image\":{\"@id\":\"https:\/\/rioonwatch.org.br\/?p=54750#primaryimage\"},\"thumbnailUrl\":\"https:\/\/rioonwatch.org.br\/wp-content\/uploads\/2021\/04\/Painel.png\",\"datePublished\":\"2021-04-29T13:22:33+00:00\",\"dateModified\":\"2022-08-29T21:15:52+00:00\",\"breadcrumb\":{\"@id\":\"https:\/\/rioonwatch.org.br\/?p=54750#breadcrumb\"},\"inLanguage\":\"pt-BR\",\"potentialAction\":[{\"@type\":\"ReadAction\",\"target\":[\"https:\/\/rioonwatch.org.br\/?p=54750\"]}]},{\"@type\":\"ImageObject\",\"inLanguage\":\"pt-BR\",\"@id\":\"https:\/\/rioonwatch.org.br\/?p=54750#primaryimage\",\"url\":\"https:\/\/rioonwatch.org.br\/wp-content\/uploads\/2021\/04\/Painel.png\",\"contentUrl\":\"https:\/\/rioonwatch.org.br\/wp-content\/uploads\/2021\/04\/Painel.png\",\"width\":1797,\"height\":560},{\"@type\":\"BreadcrumbList\",\"@id\":\"https:\/\/rioonwatch.org.br\/?p=54750#breadcrumb\",\"itemListElement\":[{\"@type\":\"ListItem\",\"position\":1,\"name\":\"In\u00edcio\",\"item\":\"https:\/\/rioonwatch.org.br\/\"},{\"@type\":\"ListItem\",\"position\":2,\"name\":\"Divulga\u00e7\u00e3o: Coletiva de Imprensa Sobre a Fome Causada pela Covid-19, HOJE\"}]},{\"@type\":\"WebSite\",\"@id\":\"https:\/\/rioonwatch.org.br\/#website\",\"url\":\"https:\/\/rioonwatch.org.br\/\",\"name\":\"RioOnWatch\",\"description\":\"relatos das favelas cariocas\",\"publisher\":{\"@id\":\"https:\/\/rioonwatch.org.br\/#organization\"},\"potentialAction\":[{\"@type\":\"SearchAction\",\"target\":{\"@type\":\"EntryPoint\",\"urlTemplate\":\"https:\/\/rioonwatch.org.br\/?s={search_term_string}\"},\"query-input\":{\"@type\":\"PropertyValueSpecification\",\"valueRequired\":true,\"valueName\":\"search_term_string\"}}],\"inLanguage\":\"pt-BR\"},{\"@type\":\"Organization\",\"@id\":\"https:\/\/rioonwatch.org.br\/#organization\",\"name\":\"RioOnWatch\",\"url\":\"https:\/\/rioonwatch.org.br\/\",\"logo\":{\"@type\":\"ImageObject\",\"inLanguage\":\"pt-BR\",\"@id\":\"https:\/\/rioonwatch.org.br\/#\/schema\/logo\/image\/\",\"url\":\"https:\/\/rioonwatch.org.br\/wp-content\/uploads\/2021\/06\/RioOnWatchcabecalhoPT11anos-2.png\",\"contentUrl\":\"https:\/\/rioonwatch.org.br\/wp-content\/uploads\/2021\/06\/RioOnWatchcabecalhoPT11anos-2.png\",\"width\":779,\"height\":277,\"caption\":\"RioOnWatch\"},\"image\":{\"@id\":\"https:\/\/rioonwatch.org.br\/#\/schema\/logo\/image\/\"}},{\"@type\":\"Person\",\"@id\":\"https:\/\/rioonwatch.org.br\/#\/schema\/person\/11d64c290506f9df50c71b850c473f68\",\"name\":\"Admin\",\"image\":{\"@type\":\"ImageObject\",\"inLanguage\":\"pt-BR\",\"@id\":\"https:\/\/rioonwatch.org.br\/#\/schema\/person\/image\/\",\"url\":\"https:\/\/secure.gravatar.com\/avatar\/56211ac74568383903349a1485e3c325?s=96&d=blank&r=g\",\"contentUrl\":\"https:\/\/secure.gravatar.com\/avatar\/56211ac74568383903349a1485e3c325?s=96&d=blank&r=g\",\"caption\":\"Admin\"},\"url\":\"https:\/\/rioonwatch.org.br\/?author=129\"}]}<\/script>\n<!-- \/ Yoast SEO plugin. -->","yoast_head_json":{"title":"Divulga\u00e7\u00e3o: Coletiva de Imprensa Sobre a Fome Causada pela Covid-19, HOJE - RioOnWatch","robots":{"index":"index","follow":"follow","max-snippet":"max-snippet:-1","max-image-preview":"max-image-preview:large","max-video-preview":"max-video-preview:-1"},"canonical":"https:\/\/rioonwatch.org.br\/?p=54750","og_locale":"pt_BR","og_type":"article","og_title":"Divulga\u00e7\u00e3o: Coletiva de Imprensa Sobre a Fome Causada pela Covid-19, HOJE - RioOnWatch","og_description":"Click Here for English PARA LAN\u00c7AMENTO IMEDIATO [PDF DO RELEASE] \u2018UM ANO DE DERROTAS! QUAL A SOLU\u00c7\u00c3O?\u2019 Painel Unificador Covid-19 nas Favelas realiza sua quarta coletiva de imprensa junto da Rede Favela Sustent\u00e1vel nesta quinta-feira, [...]","og_url":"https:\/\/rioonwatch.org.br\/?p=54750","og_site_name":"RioOnWatch","article_published_time":"2021-04-29T13:22:33+00:00","article_modified_time":"2022-08-29T21:15:52+00:00","og_image":[{"width":1797,"height":560,"url":"https:\/\/rioonwatch.org.br\/wp-content\/uploads\/2021\/04\/Painel.png","type":"image\/png"}],"author":"Admin","twitter_card":"summary_large_image","twitter_misc":{"Escrito por":"Admin","Est. tempo de leitura":"5 minutos"},"schema":{"@context":"https:\/\/schema.org","@graph":[{"@type":"Article","@id":"https:\/\/rioonwatch.org.br\/?p=54750#article","isPartOf":{"@id":"https:\/\/rioonwatch.org.br\/?p=54750"},"author":{"name":"Admin","@id":"https:\/\/rioonwatch.org.br\/#\/schema\/person\/11d64c290506f9df50c71b850c473f68"},"headline":"Divulga\u00e7\u00e3o: Coletiva de Imprensa Sobre a Fome Causada pela Covid-19, HOJE","datePublished":"2021-04-29T13:22:33+00:00","dateModified":"2022-08-29T21:15:52+00:00","mainEntityOfPage":{"@id":"https:\/\/rioonwatch.org.br\/?p=54750"},"wordCount":1097,"publisher":{"@id":"https:\/\/rioonwatch.org.br\/#organization"},"image":{"@id":"https:\/\/rioonwatch.org.br\/?p=54750#primaryimage"},"thumbnailUrl":"https:\/\/rioonwatch.org.br\/wp-content\/uploads\/2021\/04\/Painel.png","keywords":["Cidade de Deus","Complexo da Mar\u00e9","Complexo da Penha","Complexo do Alem\u00e3o","coronav\u00edrus","dados","debate","Direitos Humanos","Duque de Caxias","Fiocruz","F\u00f3rum Grita Baixada","Gard\u00eania Azul","Grande Rio","Horto","Inseguran\u00e7a alimentar","Itagua\u00ed","Jacarezinho","Mesquita","Neglig\u00eancia do Estado","Observat\u00f3rio de Favelas","organiza\u00e7\u00e3o comunit\u00e1ria","Pica-Pau","pol\u00edtica p\u00fablica","prioridades p\u00fablicas equivocadas","Redes da Mar\u00e9","Release","Rio das Pedras","S\u00e9rie: Covid-19 Nas Favelas","sociedade civil","solidariedade","solidariedade internacional","solu\u00e7\u00e3o","solu\u00e7\u00e3o comunit\u00e1ria","subnotifica\u00e7\u00e3o","Vila Alian\u00e7a","Vila Kennedy"],"articleSection":["Dados e Pesquisa","Den\u00fancias","Formas de Apoiar","Sociedade Civil","Solu\u00e7\u00f5es"],"inLanguage":"pt-BR"},{"@type":"WebPage","@id":"https:\/\/rioonwatch.org.br\/?p=54750","url":"https:\/\/rioonwatch.org.br\/?p=54750","name":"Divulga\u00e7\u00e3o: Coletiva de Imprensa Sobre a Fome Causada pela Covid-19, HOJE - RioOnWatch","isPartOf":{"@id":"https:\/\/rioonwatch.org.br\/#website"},"primaryImageOfPage":{"@id":"https:\/\/rioonwatch.org.br\/?p=54750#primaryimage"},"image":{"@id":"https:\/\/rioonwatch.org.br\/?p=54750#primaryimage"},"thumbnailUrl":"https:\/\/rioonwatch.org.br\/wp-content\/uploads\/2021\/04\/Painel.png","datePublished":"2021-04-29T13:22:33+00:00","dateModified":"2022-08-29T21:15:52+00:00","breadcrumb":{"@id":"https:\/\/rioonwatch.org.br\/?p=54750#breadcrumb"},"inLanguage":"pt-BR","potentialAction":[{"@type":"ReadAction","target":["https:\/\/rioonwatch.org.br\/?p=54750"]}]},{"@type":"ImageObject","inLanguage":"pt-BR","@id":"https:\/\/rioonwatch.org.br\/?p=54750#primaryimage","url":"https:\/\/rioonwatch.org.br\/wp-content\/uploads\/2021\/04\/Painel.png","contentUrl":"https:\/\/rioonwatch.org.br\/wp-content\/uploads\/2021\/04\/Painel.png","width":1797,"height":560},{"@type":"BreadcrumbList","@id":"https:\/\/rioonwatch.org.br\/?p=54750#breadcrumb","itemListElement":[{"@type":"ListItem","position":1,"name":"In\u00edcio","item":"https:\/\/rioonwatch.org.br\/"},{"@type":"ListItem","position":2,"name":"Divulga\u00e7\u00e3o: Coletiva de Imprensa Sobre a Fome Causada pela Covid-19, HOJE"}]},{"@type":"WebSite","@id":"https:\/\/rioonwatch.org.br\/#website","url":"https:\/\/rioonwatch.org.br\/","name":"RioOnWatch","description":"relatos das favelas cariocas","publisher":{"@id":"https:\/\/rioonwatch.org.br\/#organization"},"potentialAction":[{"@type":"SearchAction","target":{"@type":"EntryPoint","urlTemplate":"https:\/\/rioonwatch.org.br\/?s={search_term_string}"},"query-input":{"@type":"PropertyValueSpecification","valueRequired":true,"valueName":"search_term_string"}}],"inLanguage":"pt-BR"},{"@type":"Organization","@id":"https:\/\/rioonwatch.org.br\/#organization","name":"RioOnWatch","url":"https:\/\/rioonwatch.org.br\/","logo":{"@type":"ImageObject","inLanguage":"pt-BR","@id":"https:\/\/rioonwatch.org.br\/#\/schema\/logo\/image\/","url":"https:\/\/rioonwatch.org.br\/wp-content\/uploads\/2021\/06\/RioOnWatchcabecalhoPT11anos-2.png","contentUrl":"https:\/\/rioonwatch.org.br\/wp-content\/uploads\/2021\/06\/RioOnWatchcabecalhoPT11anos-2.png","width":779,"height":277,"caption":"RioOnWatch"},"image":{"@id":"https:\/\/rioonwatch.org.br\/#\/schema\/logo\/image\/"}},{"@type":"Person","@id":"https:\/\/rioonwatch.org.br\/#\/schema\/person\/11d64c290506f9df50c71b850c473f68","name":"Admin","image":{"@type":"ImageObject","inLanguage":"pt-BR","@id":"https:\/\/rioonwatch.org.br\/#\/schema\/person\/image\/","url":"https:\/\/secure.gravatar.com\/avatar\/56211ac74568383903349a1485e3c325?s=96&d=blank&r=g","contentUrl":"https:\/\/secure.gravatar.com\/avatar\/56211ac74568383903349a1485e3c325?s=96&d=blank&r=g","caption":"Admin"},"url":"https:\/\/rioonwatch.org.br\/?author=129"}]}},"_links":{"self":[{"href":"https:\/\/rioonwatch.org.br\/index.php?rest_route=\/wp\/v2\/posts\/54750"}],"collection":[{"href":"https:\/\/rioonwatch.org.br\/index.php?rest_route=\/wp\/v2\/posts"}],"about":[{"href":"https:\/\/rioonwatch.org.br\/index.php?rest_route=\/wp\/v2\/types\/post"}],"author":[{"embeddable":true,"href":"https:\/\/rioonwatch.org.br\/index.php?rest_route=\/wp\/v2\/users\/129"}],"replies":[{"embeddable":true,"href":"https:\/\/rioonwatch.org.br\/index.php?rest_route=%2Fwp%2Fv2%2Fcomments&post=54750"}],"version-history":[{"count":13,"href":"https:\/\/rioonwatch.org.br\/index.php?rest_route=\/wp\/v2\/posts\/54750\/revisions"}],"predecessor-version":[{"id":54794,"href":"https:\/\/rioonwatch.org.br\/index.php?rest_route=\/wp\/v2\/posts\/54750\/revisions\/54794"}],"wp:featuredmedia":[{"embeddable":true,"href":"https:\/\/rioonwatch.org.br\/index.php?rest_route=\/wp\/v2\/media\/54753"}],"wp:attachment":[{"href":"https:\/\/rioonwatch.org.br\/index.php?rest_route=%2Fwp%2Fv2%2Fmedia&parent=54750"}],"wp:term":[{"taxonomy":"category","embeddable":true,"href":"https:\/\/rioonwatch.org.br\/index.php?rest_route=%2Fwp%2Fv2%2Fcategories&post=54750"},{"taxonomy":"post_tag","embeddable":true,"href":"https:\/\/rioonwatch.org.br\/index.php?rest_route=%2Fwp%2Fv2%2Ftags&post=54750"},{"taxonomy":"writer","embeddable":true,"href":"https:\/\/rioonwatch.org.br\/index.php?rest_route=%2Fwp%2Fv2%2Fwriter&post=54750"},{"taxonomy":"translator","embeddable":true,"href":"https:\/\/rioonwatch.org.br\/index.php?rest_route=%2Fwp%2Fv2%2Ftranslator&post=54750"},{"taxonomy":"source","embeddable":true,"href":"https:\/\/rioonwatch.org.br\/index.php?rest_route=%2Fwp%2Fv2%2Fsource&post=54750"},{"taxonomy":"ilustrador","embeddable":true,"href":"https:\/\/rioonwatch.org.br\/index.php?rest_route=%2Fwp%2Fv2%2Filustrador&post=54750"},{"taxonomy":"fotografo","embeddable":true,"href":"https:\/\/rioonwatch.org.br\/index.php?rest_route=%2Fwp%2Fv2%2Ffotografo&post=54750"}],"curies":[{"name":"wp","href":"https:\/\/api.w.org\/{rel}","templated":true}]}}