{"id":54762,"date":"2021-05-17T09:41:41","date_gmt":"2021-05-17T12:41:41","guid":{"rendered":"https:\/\/rioonwatch.org.br\/?p=54762"},"modified":"2024-05-24T12:31:10","modified_gmt":"2024-05-24T15:31:10","slug":"educacao-cientifica-e-negritude-mulheres-negras-na-ciencia-podcast-desenraizandoracismo","status":"publish","type":"post","link":"https:\/\/rioonwatch.org.br\/?p=54762","title":{"rendered":"Educa\u00e7\u00e3o Cient\u00edfica e Negritude: Mulheres Negras na Ci\u00eancia [PODCAST]"},"content":{"rendered":"<p style=\"text-align: right;\"><em><strong><a href=\"https:\/\/bit.ly\/3FkhwGW\" target=\"_blank\" rel=\"noopener noreferrer\">Click Here for English<\/a><a href=\"https:\/\/bit.ly\/3FkhwGW\" target=\"_blank\" rel=\"noopener noreferrer\"><img decoding=\"async\" class=\"alignright wp-image-15790\" src=\"http:\/\/rioonwatch.org.br\/wp-content\/uploads\/2012\/08\/EN-standard-e1439583104716.jpg\" alt=\"\" width=\"20\" height=\"20\" \/><\/a><\/strong><\/em><\/p>\n<p><em>Esta mat\u00e9ria faz parte da <a href=\"https:\/\/bit.ly\/DesenraizandoRacismo\" target=\"_blank\" rel=\"noopener\">s\u00e9rie do projeto antirracista do RioOnWatch<\/a>. Conhe\u00e7a o nosso projeto que traz conte\u00fados midi\u00e1ticos semanais ao longo de 2021: <a href=\"http:\/\/bit.ly\/EnraizandoIntro\" target=\"_blank\" rel=\"noopener\">Enraizando o Antirracismo nas Favelas<\/a>. Para contribuir com essa pauta, <a href=\"https:\/\/bit.ly\/PautasAntirracismo\">clique aqui<\/a>.<\/em><\/p>\n<p><iframe src=\"https:\/\/w.soundcloud.com\/player\/?url=https%3A\/\/api.soundcloud.com\/tracks\/1044868477&amp;color=%23ff5500&amp;auto_play=false&amp;hide_related=false&amp;show_comments=true&amp;show_user=true&amp;show_reposts=false&amp;show_teaser=true\" width=\"100%\" height=\"166\" frameborder=\"no\" scrolling=\"no\"><\/iframe><\/p>\n<div style=\"font-size: 10px; color: #cccccc; line-break: anywhere; word-break: normal; overflow: hidden; white-space: nowrap; text-overflow: ellipsis; font-family: Interstate,Lucida Grande,Lucida Sans Unicode,Lucida Sans,Garuda,Verdana,Tahoma,sans-serif; font-weight: 100;\"><span style=\"color: #808080;\">Ou\u00e7a o podcast desta mat\u00e9ria no<\/span>\u00a0<a class=\"c-link\" href=\"https:\/\/bit.ly\/3vSBpke\" target=\"_blank\" rel=\"noopener noreferrer\" data-stringify-link=\"https:\/\/bit.ly\/3vSBpke\" data-sk=\"tooltip_parent\">SoundCloud<\/a>,\u00a0<a class=\"c-link\" href=\"https:\/\/spoti.fi\/3hnTwKT\" target=\"_blank\" rel=\"noopener noreferrer\" data-stringify-link=\"https:\/\/spoti.fi\/3hnTwKT\" data-sk=\"tooltip_parent\">Spotify<\/a>,\u00a0<a class=\"c-link\" href=\"https:\/\/bit.ly\/3eyqZ3r\" target=\"_blank\" rel=\"noopener noreferrer\" data-stringify-link=\"https:\/\/bit.ly\/3eyqZ3r\" data-sk=\"tooltip_parent\">YouTube<\/a><span style=\"color: #808080;\">\u00a0e\u00a0<\/span><a class=\"c-link\" href=\"https:\/\/bit.ly\/3tr4nG1\" target=\"_blank\" rel=\"noopener noreferrer\" data-stringify-link=\"https:\/\/bit.ly\/3tr4nG1\" data-sk=\"tooltip_parent\">outros<\/a>.<\/div>\n<hr \/>\n<p>O tema <a href=\"https:\/\/bit.ly\/3y637f7\" target=\"_blank\" rel=\"noopener\">educa\u00e7\u00e3o cient\u00edfica<\/a> ainda \u00e9 muito distante dos assuntos que pairam pelos corredores das escolas brasileiras, principalmente, no que diz respeito \u00e0s meninas. Entre as ci\u00eancias e o universo feminino existe uma lacuna consider\u00e1vel. As jovens n\u00e3o s\u00e3o incentivadas a pensar na ci\u00eancia ou a faz\u00ea-la. Isso acontece de maneira t\u00e3o sistem\u00e1tica que parece algo intencional quando, na verdade, \u00e9 um problema estrutural. Inconsciente ou conscientemente, existem alguns espa\u00e7os que s\u00e3o projetados para n\u00e3o ter a presen\u00e7a de mulheres. Quando pensamos, por exemplo, na matem\u00e1tica a <a href=\"https:\/\/bit.ly\/3e2ox4C\" target=\"_blank\" rel=\"noopener\">predomin\u00e2ncia de homens \u00e9 incontest\u00e1vel<\/a>.<\/p>\n<p>Quando se trata de algumas profiss\u00f5es, principalmente as que tangem as ci\u00eancias humanas e da sa\u00fade, percebemos uma mudan\u00e7a significativa nessa configura\u00e7\u00e3o. L\u00e1, podemos observar um <a href=\"https:\/\/bit.ly\/3eFqbcU\" target=\"_blank\" rel=\"noopener\">n\u00famero muito grande de mulheres<\/a>. \u00c9 poss\u00edvel considerar que at\u00e9 nas profiss\u00f5es acad\u00eamicas existe um lugar destinado para elas, e isso tem se tornado cada vez mais uma regra. S\u00e3o raras as exce\u00e7\u00f5es que caminham na contram\u00e3o desses fatos.<\/p>\n<p><a href=\"https:\/\/rioonwatch.org.br\/wp-content\/uploads\/2021\/05\/Hilda-da-Silva-Gomes-exige-respeito-com-relacao-a-sua-cor..jpg\"><img fetchpriority=\"high\" decoding=\"async\" class=\"alignright wp-image-54934\" title=\"A cientista da Fiocruz Hilda da Silva Gomes exige respeito com rela\u00e7\u00e3o \u00e0 sua cor.\" src=\"https:\/\/rioonwatch.org.br\/wp-content\/uploads\/2021\/05\/Hilda-da-Silva-Gomes-exige-respeito-com-relacao-a-sua-cor.-270x264.jpg\" alt=\"A cientista da Fiocruz Hilda da Silva Gomes exige respeito com rela\u00e7\u00e3o \u00e0 sua cor.\" width=\"300\" height=\"450\" srcset=\"https:\/\/rioonwatch.org.br\/wp-content\/uploads\/2021\/05\/Hilda-da-Silva-Gomes-exige-respeito-com-relacao-a-sua-cor.-176x264.jpg 176w, https:\/\/rioonwatch.org.br\/wp-content\/uploads\/2021\/05\/Hilda-da-Silva-Gomes-exige-respeito-com-relacao-a-sua-cor..jpg 270w\" sizes=\"(max-width: 300px) 100vw, 300px\" \/><\/a><\/p>\n<p><a href=\"https:\/\/bit.ly\/3xwtQRD\" target=\"_blank\" rel=\"noopener\">Hilda da Silva Gomes<\/a>, 59, \u00e9 bi\u00f3loga e educadora do <a href=\"http:\/\/bit.ly\/1os55uV\" target=\"_blank\" rel=\"noopener\">Museu da Vida<\/a>, e trabalha em uma institui\u00e7\u00e3o de refer\u00eancia internacional, a <a href=\"http:\/\/bit.ly\/2mf6Pze\" target=\"_blank\" rel=\"noopener\">Fiocruz<\/a>. L\u00e1, ela e outras duas educadoras desenvolvem projetos voltados para a juventude perif\u00e9rica: o <a href=\"https:\/\/bit.ly\/3e0Cosc\" target=\"_blank\" rel=\"noopener\">Pr\u00f3-Cultural<\/a> (Programa de Inicia\u00e7\u00e3o \u00e0 Produ\u00e7\u00e3o Cultural do Museu da Vida\/Fiocruz) e <a href=\"https:\/\/bit.ly\/3vuFD1e\" target=\"_blank\" rel=\"noopener\">Meninas Negras na Ci\u00eancia<\/a> que visa a divulga\u00e7\u00e3o cient\u00edfica como estrat\u00e9gia de promo\u00e7\u00e3o da sa\u00fade, cidadania e empoderamento. O trabalho realizado pelas educadoras do museu visa eliminar a lacuna estrutural existente entre a juventude negra e o acesso \u00e0 ci\u00eancia.<\/p>\n<p><a href=\"https:\/\/bit.ly\/3aQJPQP\" target=\"_blank\" rel=\"noopener\">Dificilmente essas meninas s\u00e3o ou ser\u00e3o estimuladas<\/a> no espa\u00e7o escolar, com isso se torna essencial ir al\u00e9m do espa\u00e7o educacional para preencher esse papel de est\u00edmulo e de orienta\u00e7\u00e3o. O que acontece \u00e9 que muitas vezes nem no ambiente familiar essas meninas-mulheres s\u00e3o motivadas e encorajadas a pensar em profiss\u00f5es voltadas para o fazer cient\u00edfico.<\/p>\n<p><a href=\"https:\/\/rioonwatch.org.br\/wp-content\/uploads\/2021\/04\/Thayna-Rodrigues.jpg\"><img decoding=\"async\" class=\"wp-image-54783 alignright\" title=\"Thayn\u00e1 Rodrigues. Foto de arquivo pessoal Thayn\u00e1 Rodrigues\" src=\"https:\/\/rioonwatch.org.br\/wp-content\/uploads\/2021\/04\/Thayna-Rodrigues-620x620.jpg\" alt=\"Thayn\u00e1 Rodrigues. Foto de arquivo pessoal Thayn\u00e1 Rodrigues\" width=\"300\" height=\"300\" srcset=\"https:\/\/rioonwatch.org.br\/wp-content\/uploads\/2021\/04\/Thayna-Rodrigues-620x620.jpg 620w, https:\/\/rioonwatch.org.br\/wp-content\/uploads\/2021\/04\/Thayna-Rodrigues-264x264.jpg 264w, https:\/\/rioonwatch.org.br\/wp-content\/uploads\/2021\/04\/Thayna-Rodrigues.jpg 720w\" sizes=\"(max-width: 300px) 100vw, 300px\" \/><\/a><\/p>\n<p>Thayn\u00e1 Rodrigues, 23, estudante de medicina, moradora do <a href=\"http:\/\/bit.ly\/11x89ZX\" target=\"_blank\" rel=\"noopener\">Pav\u00e3o-Pav\u00e3ozinho<\/a>, na <a href=\"http:\/\/bit.ly\/2WL6FUi\" target=\"_blank\" rel=\"noopener\">Zona Sul<\/a>, revelou que seu interesse pela ci\u00eancia veio com o advento dos estudos. Contou que desde o ensino fundamental se manteve interessada pela \u00e1rea da ci\u00eancia. Entusiasmada, relatou a sua curiosidade em saber dos seres vivos, animais, florestas. Foi ainda na inf\u00e2ncia que o interesse pela biologia marinha despertou. Thayn\u00e1 disse que, mesmo tendo mudado de biologia para medicina, a ci\u00eancia foi a sua melhor descoberta: \u201cEu via isso [a biologia marinha] como algo curioso, que poderia agregar alguma coisa, que eu poderia estar conhecendo sempre pontos desconhecidos. Ent\u00e3o, a partir do momento que eu conheci tal coisa, uma outra coisa estava ali \u00e0 espera para ser conhecida. Eu acho que isso \u00e9 bom, isso que intriga sobre a ci\u00eancia. Apesar de a gente [supor] conhecer tudo, a gente sempre tem muito mais a conhecer\u201d, contou Thayn\u00e1 empolgada.<\/p>\n<p>Pertencente a uma gera\u00e7\u00e3o diferente, mas com sonhos e desejos iguais, Hilda Gomes cresceu na ro\u00e7a, rodeada de \u00e1rvores e animais, e relatou que seu interesse pela ci\u00eancia tamb\u00e9m come\u00e7ou pela curiosidade. Primeiro de seguir uma fila de formigas, depois pela maravilha de experimentar diversas frutas das \u00e1rvores, de observar o arco-\u00edris e de sentir o cheiro da chuva na terra molhada.<\/p>\n<p><a href=\"https:\/\/rioonwatch.org.br\/wp-content\/uploads\/2021\/04\/Enedina-Alves-Marques.png\"><img loading=\"lazy\" decoding=\"async\" class=\"alignright wp-image-54785\" title=\"Enedina Alves Marques (1913-1981), a primeira mulher negra a se formar em engenharia civil no Brasil, no calend\u00e1rio \u201cCientistas Negras\u201d.\" src=\"https:\/\/rioonwatch.org.br\/wp-content\/uploads\/2021\/04\/Enedina-Alves-Marques-435x620.png\" alt=\"Enedina Alves Marques (1913-1981), a primeira mulher negra a se formar em engenharia civil no Brasil, no calend\u00e1rio \u201cCientistas Negras\u201d.\" width=\"300\" height=\"428\" srcset=\"https:\/\/rioonwatch.org.br\/wp-content\/uploads\/2021\/04\/Enedina-Alves-Marques-435x620.png 435w, https:\/\/rioonwatch.org.br\/wp-content\/uploads\/2021\/04\/Enedina-Alves-Marques-185x264.png 185w, https:\/\/rioonwatch.org.br\/wp-content\/uploads\/2021\/04\/Enedina-Alves-Marques.png 521w\" sizes=\"(max-width: 300px) 100vw, 300px\" \/><\/a><\/p>\n<p>Mas essa nem sempre \u00e9 a realidade para a maioria das meninas que querem embarcar no campo da educa\u00e7\u00e3o cient\u00edfica. Muitas delas n\u00e3o t\u00eam nem o direito \u00e0 inf\u00e2ncia. Quando paramos para fazer o recorte de ra\u00e7a, a situa\u00e7\u00e3o fica ainda pior. O que nos faz questionar: <a href=\"https:\/\/bit.ly\/2Rb0Heg\" target=\"_blank\" rel=\"noopener\">as meninas negras podem fazer ci\u00eancia<\/a>? Existe espa\u00e7o para mulheres negras nas ci\u00eancias? \u00c9 uma pergunta que faz a ret\u00f3rica ficar embargada! O racismo estrutural n\u00e3o permite \u00e0s meninas negras sonhar. At\u00e9 quando elas sonham, s\u00e3o rapidamente lembradas que n\u00e3o podem permanecer no sonho. A realidade dessas meninas exige que \u201celas n\u00e3o percam tempo com isso\u201d. E o lugar que deveria ser da ci\u00eancia \u00e9 ocupado pelas frustra\u00e7\u00f5es.<\/p>\n<p>Pressionadas a ter uma profiss\u00e3o e a trazer renda para casa, geralmente, elas s\u00e3o motivadas a cursar cursos r\u00e1pidos, que as prepare velozmente para o mercado de trabalho. Nesse cen\u00e1rio, as possibilidades de inser\u00e7\u00e3o de mulheres negras na educa\u00e7\u00e3o cient\u00edfica, resultado de anos de ac\u00famulo educacional, s\u00e3o reduzidas, refor\u00e7ando a ideia de que mulheres n\u00e3o podem ocupar fun\u00e7\u00f5es \u201cpensadas para o homem\u201d. Ent\u00e3o elas precisam, de alguma forma, ocupar as profiss\u00f5es atreladas ao que seria feminino: professora, enfermeira, cuidadora de idosos e de crian\u00e7as, empregadas dom\u00e9sticas.<\/p>\n<p><a href=\"https:\/\/rioonwatch.org.br\/wp-content\/uploads\/2021\/04\/Katemari-Rosa-fisica-e-professora-da-UFBA-no-calendario-Cientistas-Negras..png\"><img loading=\"lazy\" decoding=\"async\" class=\"wp-image-54781 alignright\" title=\"Katemari Rosa, f\u00edsica e professora da UFBA, no calend\u00e1rio \u201cCientistas Negras\u201d.\" src=\"https:\/\/rioonwatch.org.br\/wp-content\/uploads\/2021\/04\/Katemari-Rosa-fisica-e-professora-da-UFBA-no-calendario-Cientistas-Negras.-440x620.png\" alt=\"Katemari Rosa, f\u00edsica e professora da UFBA, no calend\u00e1rio \u201cCientistas Negras\u201d.\" width=\"300\" height=\"423\" \/><\/a>Recentemente, o <a href=\"https:\/\/glo.bo\/3gN5xJi\" target=\"_blank\" rel=\"noopener\"><em>G1<\/em> divulgou uma pesquisa<\/a> que aponta a predomin\u00e2ncia masculina no n\u00famero de pesquisadores no Brasil. As mulheres pesquisadoras com doutorado no Brasil s\u00e3o 31.394, pouco mais de 40% do total de cientistas doutores do pa\u00eds. Apesar das mulheres serem minoria na ci\u00eancia, elas representam um n\u00famero expressivo, principalmente quando levamos em considera\u00e7\u00e3o o contexto no qual o <a href=\"https:\/\/bit.ly\/3bJn9D8\" target=\"_blank\" rel=\"noopener\">governo atual corta recursos<\/a> de pesquisas cient\u00edficas, <a href=\"https:\/\/bit.ly\/3u2DSb2\" target=\"_blank\" rel=\"noopener\">n\u00e3o incentiva jovens<\/a> a perseguirem a educa\u00e7\u00e3o cient\u00edfica e <a href=\"https:\/\/bit.ly\/3u4djCq\" target=\"_blank\" rel=\"noopener\">reproduz o machismo<\/a> at\u00e9 com um certo orgulho.<\/p>\n<p>Ainda segundo a mat\u00e9ria, a <a href=\"https:\/\/bit.ly\/3aPdoCm\" target=\"_blank\" rel=\"noopener\">Plataforma Lattes<\/a> gerou dados que mostram a real disparidade entre homens e mulheres. Para quem n\u00e3o sabe o que \u00e9 a Plataforma Lattes, ela \u00e9 uma esp\u00e9cie de curr\u00edculo vitae acad\u00eamico, no qual estudantes e pesquisadores em diversas \u00e1reas v\u00e3o construindo a sua trajet\u00f3ria de feitos acad\u00eamicos, num espa\u00e7o virtual. Nesta plataforma, as\/os cientistas ganham visibilidade compartilhando suas pesquisas individuais ou em grupos de estudos formados pelos professores universit\u00e1rios.<\/p>\n<p><a href=\"https:\/\/rioonwatch.org.br\/wp-content\/uploads\/2021\/04\/Infografico-Doutorados-Cientificos-no-Brasil-por-genero-e-area.jpg\"><img loading=\"lazy\" decoding=\"async\" class=\"aligncenter wp-image-54787\" title=\"Infogr\u00e1fico Doutorados Cient\u00edficos no Brasil, por g\u00eanero e \u00e1rea - Foto: Rodrigo Sanchez\/G1\" src=\"https:\/\/rioonwatch.org.br\/wp-content\/uploads\/2021\/04\/Infografico-Doutorados-Cientificos-no-Brasil-por-genero-e-area.jpg\" alt=\"Infogr\u00e1fico Doutorados Cient\u00edficos no Brasil, por g\u00eanero e \u00e1rea \u2014 Foto: Rodrigo Sanchez\/G1\" width=\"620\" height=\"1165\" srcset=\"https:\/\/rioonwatch.org.br\/wp-content\/uploads\/2021\/04\/Infografico-Doutorados-Cientificos-no-Brasil-por-genero-e-area.jpg 640w, https:\/\/rioonwatch.org.br\/wp-content\/uploads\/2021\/04\/Infografico-Doutorados-Cientificos-no-Brasil-por-genero-e-area-330x620.jpg 330w, https:\/\/rioonwatch.org.br\/wp-content\/uploads\/2021\/04\/Infografico-Doutorados-Cientificos-no-Brasil-por-genero-e-area-545x1024.jpg 545w, https:\/\/rioonwatch.org.br\/wp-content\/uploads\/2021\/04\/Infografico-Doutorados-Cientificos-no-Brasil-por-genero-e-area-140x264.jpg 140w\" sizes=\"(max-width: 620px) 100vw, 620px\" \/><\/a><\/p>\n<p><a href=\"https:\/\/rioonwatch.org.br\/wp-content\/uploads\/2021\/04\/Nedir-do-Espirito-Santo.png\"><img loading=\"lazy\" decoding=\"async\" class=\"wp-image-54792 alignright\" title=\"Nedir do Esp\u00edrito Santo, matem\u00e1tica formada pela UFF, no calend\u00e1rio \u201cCientistas Negras\u201d.\" src=\"https:\/\/rioonwatch.org.br\/wp-content\/uploads\/2021\/04\/Nedir-do-Espirito-Santo-437x620.png\" alt=\"Nedir do Esp\u00edrito Santo, matem\u00e1tica formada pela UFF, no calend\u00e1rio \u201cCientistas Negras\u201d.\" width=\"300\" height=\"426\" srcset=\"https:\/\/rioonwatch.org.br\/wp-content\/uploads\/2021\/04\/Nedir-do-Espirito-Santo-437x620.png 437w, https:\/\/rioonwatch.org.br\/wp-content\/uploads\/2021\/04\/Nedir-do-Espirito-Santo-186x264.png 186w, https:\/\/rioonwatch.org.br\/wp-content\/uploads\/2021\/04\/Nedir-do-Espirito-Santo.png 524w\" sizes=\"(max-width: 300px) 100vw, 300px\" \/><\/a>Na totalidade dos dados informados na pesquisa, o Brasil tem 77.895 pesquisadores nas cinco maiores \u00e1reas de conhecimento a n\u00edvel de doutorado; destes 59,69% s\u00e3o homens e 40,31% s\u00e3o mulheres. Tendo em vista que as <a href=\"https:\/\/bit.ly\/3xza48k\" target=\"_blank\" rel=\"noopener\">mulheres s\u00e3o 51,8% da popula\u00e7\u00e3o do Brasil e os homens 48,2%<\/a>, \u00e9 evidente a despropor\u00e7\u00e3o da presen\u00e7a de mulheres na pesquisa, apesar de parecer pouca diferen\u00e7a. Por outro lado, ainda segundo dados levantados pelo <a href=\"https:\/\/bit.ly\/2QFjTAR\" target=\"_blank\" rel=\"noopener\"><em>Open Box da Ci\u00eancia<\/em><\/a>, enquanto os homens numericamente dominam as ci\u00eancias exatas (68,9%) e nas engenharias (74%), nas ci\u00eancias da sa\u00fade as mulheres s\u00e3o maioria, chegando a quase 60%.<\/p>\n<p>Junto \u00e0 falta de mulheres em algumas \u00e1reas e espa\u00e7os da ci\u00eancia, h\u00e1 tamb\u00e9m a <a href=\"https:\/\/glo.bo\/3nESPOk\" target=\"_blank\" rel=\"noopener\">diferen\u00e7a salarial entre homens e mulheres<\/a> que joga contra elas: uma trabalhadora brasileira <a href=\"https:\/\/bit.ly\/3361Aap\" target=\"_blank\" rel=\"noopener\">ganha em m\u00e9dia 77%<\/a> do que ganha um trabalhador brasileiro. E, mesmo com uma porcentagem expressiva de mulheres ocupando cargos nos departamentos de sa\u00fade, elas ainda ganham <a href=\"https:\/\/bit.ly\/3eM8BD4\" target=\"_blank\" rel=\"noopener\">menos que os homens nas mesmas fun\u00e7\u00f5es<\/a>. Esse fato se repete para mulheres em muitas outras fun\u00e7\u00f5es e profiss\u00f5es, dentro e fora da ci\u00eancia. O <a href=\"https:\/\/bit.ly\/3vyodRl\">machismo estrutural<\/a> determina espa\u00e7os, renda e acessos. E, al\u00e9m disso, o racismo tamb\u00e9m opera. Logo, se uma profissional for negra, a inser\u00e7\u00e3o dela no mercado de trabalho vai ser ainda mais dif\u00edcil.<\/p>\n<p><a href=\"https:\/\/rioonwatch.org.br\/wp-content\/uploads\/2021\/04\/As-cientistas-Katherine-Johnson-Dorothy-Vaughan-e-Mary-Jackson-junto-ao-elenco-do-filme-Estrelas-alem-do-Tempo.png\"><img loading=\"lazy\" decoding=\"async\" class=\"aligncenter wp-image-54790 size-content\" title=\"As cientistas Katherine Johnson, Dorothy Vaughan e Mary Jackson junto ao elenco do filme \u201cEstrelas al\u00e9m do Tempo\u201d\" src=\"https:\/\/rioonwatch.org.br\/wp-content\/uploads\/2021\/04\/As-cientistas-Katherine-Johnson-Dorothy-Vaughan-e-Mary-Jackson-junto-ao-elenco-do-filme-Estrelas-alem-do-Tempo-620x264.png\" alt=\"As cientistas Katherine Johnson, Dorothy Vaughan e Mary Jackson junto ao elenco do filme \u201cEstrelas al\u00e9m do Tempo\u201d\" width=\"620\" height=\"264\" srcset=\"https:\/\/rioonwatch.org.br\/wp-content\/uploads\/2021\/04\/As-cientistas-Katherine-Johnson-Dorothy-Vaughan-e-Mary-Jackson-junto-ao-elenco-do-filme-Estrelas-alem-do-Tempo-620x264.png 620w, https:\/\/rioonwatch.org.br\/wp-content\/uploads\/2021\/04\/As-cientistas-Katherine-Johnson-Dorothy-Vaughan-e-Mary-Jackson-junto-ao-elenco-do-filme-Estrelas-alem-do-Tempo-940x400.png 940w\" sizes=\"(max-width: 620px) 100vw, 620px\" \/><\/a><\/p>\n<p>O filme <a href=\"https:\/\/bit.ly\/2PBo9ko\" target=\"_blank\" rel=\"noopener\"><em>Estrelas Al\u00e9m do Tempo<\/em><\/a> apresenta a jornada da mulher negra em um espa\u00e7o n\u00e3o pensado para ela. Em meio \u00e0 <a href=\"https:\/\/bit.ly\/2SNpF47\" target=\"_blank\" rel=\"noopener\">Guerra Fria<\/a> e em plena <a href=\"https:\/\/bit.ly\/3eHQIoG\">segrega\u00e7\u00e3o racial <\/a><a href=\"https:\/\/bit.ly\/3eHQIoG\" target=\"_blank\" rel=\"noopener\">nos Estados Unidos dos anos 1960<\/a>, tr\u00eas mulheres negras integram a equipe respons\u00e1vel por levar o primeiro homem \u00e0 lua. Elas tiveram que mostrar, a duras penas, que tinham dom\u00ednio sobre seus of\u00edcios, tinham que provar o valor de suas credenciais acad\u00eamicas de excel\u00eancia a todo o tempo. Quantas mulheres negras tiveram que passar pelo mesmo para conquistar o respeito merecido?<\/p>\n<p><a href=\"https:\/\/rioonwatch.org.br\/wp-content\/uploads\/2021\/04\/Sonia-Guimaraes.png\"><img loading=\"lazy\" decoding=\"async\" class=\"wp-image-54791 alignright\" title=\"S\u00f4nia Guimar\u00e3es, f\u00edsica e professora do Instituto Tecnol\u00f3gico da Aeron\u00e1utica (ITA), no calend\u00e1rio \u201cCientistas Negras\u201d\" src=\"https:\/\/rioonwatch.org.br\/wp-content\/uploads\/2021\/04\/Sonia-Guimaraes-435x620.png\" alt=\"S\u00f4nia Guimar\u00e3es, f\u00edsica e professora do Instituto Tecnol\u00f3gico da Aeron\u00e1utica (ITA), no calend\u00e1rio \u201cCientistas Negras\u201d\" width=\"300\" height=\"427\" srcset=\"https:\/\/rioonwatch.org.br\/wp-content\/uploads\/2021\/04\/Sonia-Guimaraes-435x620.png 435w, https:\/\/rioonwatch.org.br\/wp-content\/uploads\/2021\/04\/Sonia-Guimaraes-185x264.png 185w, https:\/\/rioonwatch.org.br\/wp-content\/uploads\/2021\/04\/Sonia-Guimaraes.png 521w\" sizes=\"(max-width: 300px) 100vw, 300px\" \/><\/a>Em 2020, sob a supervis\u00e3o de Hilda Gomes, <a href=\"https:\/\/bit.ly\/3eFkURs\" target=\"_blank\" rel=\"noopener\">Josel\u00ed Maria Silva dos Santos<\/a> criou o <a href=\"https:\/\/bit.ly\/2RaQM8x\" target=\"_blank\" rel=\"noopener\">calend\u00e1rio de divulga\u00e7\u00e3o cient\u00edfica Cientistas Negras<\/a>. Nele temos nomes como: <a href=\"https:\/\/bit.ly\/2Rb5EDS\" target=\"_blank\" rel=\"noopener\">Enedina Alves Marques<\/a> (1913-1981), a primeira mulher negra a se formar em engenharia civil no Brasil; <a href=\"https:\/\/bit.ly\/3aOPHKr\" target=\"_blank\" rel=\"noopener\">Katemari Rosa<\/a>, f\u00edsica e professora da <a href=\"https:\/\/bit.ly\/3e2Dioj\" target=\"_blank\" rel=\"noopener\">UFBA<\/a>; <a href=\"https:\/\/bit.ly\/2QFm1IR\" target=\"_blank\" rel=\"noopener\">Nedir do Esp\u00edrito Santo<\/a>, matem\u00e1tica formada pela <a href=\"https:\/\/bit.ly\/3h2kC6O\" target=\"_blank\" rel=\"noopener\">UFF<\/a>; <a href=\"https:\/\/bit.ly\/3gRWdDY\" target=\"_blank\" rel=\"noopener\">S\u00f4nia Guimar\u00e3es<\/a>, f\u00edsica e professora do Instituto Tecnol\u00f3gico da Aeron\u00e1utica (<a href=\"https:\/\/bit.ly\/3eIIRHl\" target=\"_blank\" rel=\"noopener\">ITA<\/a>); <a href=\"https:\/\/bit.ly\/3t84hCV\" target=\"_blank\" rel=\"noopener\">Joana D\u2019Arc F\u00e9lix de Souza<\/a>, qu\u00edmica e docente e pesquisadora na <a href=\"https:\/\/bit.ly\/2Px181S\" target=\"_blank\" rel=\"noopener\">ETEC Prof. Carmelino Correa Jr.<\/a>, em Franca, interior de S\u00e3o Paulo; entre outras.<\/p>\n<p>Ao ganhar o pr\u00eamio Emmy Awards de melhor atriz, Viola Davis citou <a href=\"https:\/\/bbc.in\/3nzgfVm\">Harriet Tubman<\/a> (1822-1913) no discurso: \u201cA \u00fanica coisa que separa a mulher de cor de qualquer coisa \u00e9 a oportunidade\u201d. Mesmo que o n\u00famero de mulheres na ci\u00eancia seja menor que o de homens, elas existem. Principalmente, as mulheres negras.<\/p>\n<p>Giovanna Barbosa da Cunha, 19, \u00e9 estudante de engenharia qu\u00edmica pela <a href=\"https:\/\/bit.ly\/36D8IMt\" target=\"_blank\" rel=\"noopener\">UFRRJ<\/a> e acredita que, com foco nos estudos, ela pode alcan\u00e7ar lugares inimagin\u00e1veis para uma mulher negra, e que pode com essa conquista, ser uma refer\u00eancia para outras meninas-mulheres, mostrando que elas tamb\u00e9m s\u00e3o capazes. Que este tamb\u00e9m \u00e9 o lugar delas.<\/p>\n<p><a href=\"https:\/\/rioonwatch.org.br\/wp-content\/uploads\/2021\/05\/Giovanna.jpg\"><img loading=\"lazy\" decoding=\"async\" class=\"aligncenter wp-image-55164 size-content\" title=\"Giovanna Barbosa da Cunha comemora a entrada na universidade.\" src=\"https:\/\/rioonwatch.org.br\/wp-content\/uploads\/2021\/05\/Giovanna-620x264.jpg\" alt=\"\" width=\"620\" height=\"264\" srcset=\"https:\/\/rioonwatch.org.br\/wp-content\/uploads\/2021\/05\/Giovanna-620x264.jpg 620w, https:\/\/rioonwatch.org.br\/wp-content\/uploads\/2021\/05\/Giovanna-940x400.jpg 940w\" sizes=\"(max-width: 620px) 100vw, 620px\" \/><\/a><\/p>\n<p>Confirma-se a cren\u00e7a de Giovanna, de Thayn\u00e1 e de tantas outras meninas e mulheres, de que o fazer cient\u00edfico \u00e9 tamb\u00e9m um of\u00edcio \u201cde mulher\u201d. No ano passado, com o prospecto de avan\u00e7o do coronav\u00edrus no pa\u00eds, o Brasil p\u00f4de conhecer <a href=\"https:\/\/bit.ly\/3nVaCRh\" target=\"_blank\" rel=\"noopener\">Jaqueline Goes de Jesus<\/a>, 31, uma jovem cientista biom\u00e9dica baiana e negra que integrou a equipe de pesquisadores na <a href=\"https:\/\/bit.ly\/33kiiTU\" target=\"_blank\" rel=\"noopener\">Faculdade de Medicina<\/a> da <a href=\"https:\/\/www5.usp.br\/\">USP<\/a>, respons\u00e1vel pelo <a href=\"https:\/\/bit.ly\/3hbDdQS\" target=\"_blank\" rel=\"noopener\">sequenciamento do genoma do v\u00edrus SARS-CoV-2<\/a>. Esse feito foi <a href=\"https:\/\/bit.ly\/3tkvEd5\" target=\"_blank\" rel=\"noopener\">alcan\u00e7ado em apenas 48h<\/a> ap\u00f3s a confirma\u00e7\u00e3o do primeiro caso da doen\u00e7a no Brasil. Assim como Jaqueline, que foi revelada para o Brasil em meio \u00e0 pandemia, quantas Hildas, Thayn\u00e1s, Josel\u00eds, Enedinas, Katemaris, Nedirs, S\u00f4nias, Joanas, Giovannas e outras Jaquelines est\u00e3o no seu fazer cient\u00edfico esperando a oportunidade chegar? A ci\u00eancia tem que ser cada vez mais \u201ccoisa de mulher\u201d.<\/p>\n<p><a href=\"https:\/\/rioonwatch.org.br\/wp-content\/uploads\/2021\/04\/Equipe-de-pesquisadoras-da-Faculdade-de-Medicina-da-USP.jpg\"><img loading=\"lazy\" decoding=\"async\" class=\"aligncenter wp-image-54793 size-content\" title=\"Equipe de pesquisadoras da Faculdade de Medicina da USP sequencia o genoma do novo coronav\u00edrus apenas 48h depois da primeira infec\u00e7\u00e3o no pa\u00eds, com Jaqueline na ponta a direita.\" src=\"https:\/\/rioonwatch.org.br\/wp-content\/uploads\/2021\/04\/Equipe-de-pesquisadoras-da-Faculdade-de-Medicina-da-USP-620x264.jpg\" alt=\"Equipe de pesquisadoras da Faculdade de Medicina da USP sequencia o genoma do novo coronav\u00edrus apenas 48h depois da primeira infec\u00e7\u00e3o no pa\u00eds.\" width=\"620\" height=\"264\" srcset=\"https:\/\/rioonwatch.org.br\/wp-content\/uploads\/2021\/04\/Equipe-de-pesquisadoras-da-Faculdade-de-Medicina-da-USP-620x264.jpg 620w, https:\/\/rioonwatch.org.br\/wp-content\/uploads\/2021\/04\/Equipe-de-pesquisadoras-da-Faculdade-de-Medicina-da-USP-940x400.jpg 940w\" sizes=\"(max-width: 620px) 100vw, 620px\" \/><\/a><\/p>\n<p><em>Sobre a autora: <a href=\"https:\/\/bit.ly\/3fsN4Qb\" target=\"_blank\" rel=\"noopener\">Cynthia Rachel Pereira Lima<\/a>,\u00a0carioca, moradora da <a href=\"http:\/\/bit.ly\/2ETpYR1\" target=\"_blank\" rel=\"noopener\">Zona Norte<\/a>, \u00e9 mestranda de Literaturas Africanas na <a href=\"http:\/\/bit.ly\/2wR1FPk\" target=\"_blank\" rel=\"noopener\">UFF<\/a>. Cynthia criou o coletivo <a href=\"http:\/\/bit.ly\/2YDDnrL\" target=\"_blank\" rel=\"noopener\">@encruzilhadafeminina<\/a> de Arte Negra. Nele escreve e dirige pe\u00e7as teatrais. Comp\u00f5e o projeto <a href=\"https:\/\/bit.ly\/3eZEFDt\" target=\"_blank\" rel=\"noopener\">@pretonopalco<\/a> que registra a cena negra. Ela \u00e9 professora de literatura volunt\u00e1ria do Instituto de Forma\u00e7\u00e3o Humana e Educa\u00e7\u00e3o Popular (<a href=\"https:\/\/bit.ly\/3uDtKpw\" target=\"_blank\" rel=\"noopener\">IFHEP<\/a>).<\/em><\/p>\n<p><em>Sobre a artista: <a href=\"https:\/\/bit.ly\/3hw17Vu\" target=\"_blank\" rel=\"noopener\">Raquel Batista<\/a>\u00a0\u00e9 artista visual e\u00a0<a href=\"https:\/\/bit.ly\/2WWA8Jd\" target=\"_blank\" rel=\"noopener\">trabalha como fot\u00f3grafa<\/a>\u00a0e\u00a0<a href=\"https:\/\/bit.ly\/2JzGE5K\" target=\"_blank\" rel=\"noopener\">ilustradora<\/a>. \u00c9 estudante na Escola de Belas Artes da\u00a0<a href=\"http:\/\/bit.ly\/2KgADIe\" target=\"_blank\" rel=\"noopener\">UFRJ<\/a>, mulher negra e moradora da\u00a0<a href=\"http:\/\/bit.ly\/2x3k8bw\" target=\"_blank\" rel=\"noopener\">Zona Oeste<\/a> do Rio. <\/em><em><span data-sheets-value=\"{&quot;1&quot;:2,&quot;2&quot;:&quot; Com 19 anos, graduanda em educa\u00e7\u00e3o art\u00edstica pela UFRJ, \u00e9 artista visual e moradora da zona oeste. Trabalhar como ilustradora, desenhista e fot\u00f3grafa. Seu objetivo \u00e9 atrav\u00e9s da arte representar pessoas, que como eu, uma jovem negra e perif\u00e9rica, nem sempre s\u00e3o vistas.&quot;}\" data-sheets-userformat=\"{&quot;2&quot;:33565633,&quot;3&quot;:{&quot;1&quot;:0},&quot;9&quot;:1,&quot;10&quot;:1,&quot;11&quot;:4,&quot;12&quot;:0,&quot;14&quot;:{&quot;1&quot;:2,&quot;2&quot;:0},&quot;16&quot;:9,&quot;28&quot;:1}\">Seu objetivo \u00e9 atrav\u00e9s da arte representar pessoas, que como ela, uma jovem negra e perif\u00e9rica, nem sempre s\u00e3o vistas.<\/span><\/em><\/p>\n<p><em>Esta mat\u00e9ria faz parte da\u00a0<a href=\"http:\/\/bit.ly\/DesenraizandoRacismo\" target=\"_blank\" rel=\"noopener\">s\u00e9rie de mat\u00e9rias do projeto antirracista do RioOnWatch<\/a>. Conhe\u00e7a o nosso projeto que traz conte\u00fados midi\u00e1ticos semanais ao longo de 2021:\u00a0<i><a href=\"http:\/\/bit.ly\/EnraizandoIntro\" target=\"_blank\" rel=\"noopener\">Enraizando o Antirracismo nas Favelas<\/a>.<\/i><i>\u00a0P<\/i><i>ara contribuir com essa pauta,\u00a0<a href=\"https:\/\/bit.ly\/PautasAntirracismo\" target=\"_blank\" rel=\"noopener\">clique aqui<\/a>.<\/i><\/em><\/p>\n<h4><b data-stringify-type=\"bold\">Compartilhe com a gente a sua opini\u00e3o sobre essa mat\u00e9ria\u00a0<\/b><b data-stringify-type=\"bold\"><a class=\"c-link\" href=\"https:\/\/bit.ly\/OpineAntirracismo\" target=\"_blank\" rel=\"noopener noreferrer\" data-stringify-link=\"https:\/\/docs.google.com\/forms\/d\/e\/1FAIpQLSc6PJwxQ0eapYlfSfsr8fyibg8ODzXKpGhJjXe2-8Bbxrtp1g\/viewform\" data-sk=\"tooltip_parent\">clicando aqui<\/a>.<\/b><\/h4>\n<hr \/>\n<h4><b data-stringify-type=\"bold\">Apoie nossos esfor\u00e7os para fornecer apoio estrat\u00e9gico \u00e0s favelas do Rio, incluindo o jornalismo hiperlocal, cr\u00edtico, inovador e incans\u00e1vel do\u00a0<\/b><b data-stringify-type=\"bold\"><i data-stringify-type=\"italic\">RioOnWatch<\/i><\/b>\u2014<strong><a class=\"c-link\" href=\"http:\/\/www.bit.ly\/ApoieROW\" target=\"_blank\" rel=\"noopener noreferrer\" data-stringify-link=\"http:\/\/www.bit.ly\/ApoieROW\" data-sk=\"tooltip_parent\">doe aqui<\/a>.<\/strong><\/h4>\n<!-- AddThis Advanced Settings generic via filter on the_content --><!-- AddThis Share Buttons generic via filter on the_content -->","protected":false},"excerpt":{"rendered":"<div class=\"mh-excerpt\"><p>Click Here for English Esta mat\u00e9ria faz parte da s\u00e9rie do projeto antirracista do RioOnWatch. Conhe\u00e7a o nosso projeto que traz conte\u00fados midi\u00e1ticos semanais ao longo de 2021: Enraizando o Antirracismo nas Favelas. Para contribuir <a class=\"mh-excerpt-more\" href=\"https:\/\/rioonwatch.org.br\/?p=54762\" title=\"Educa\u00e7\u00e3o Cient\u00edfica e Negritude: Mulheres Negras na Ci\u00eancia [PODCAST]\">[&#8230;]<\/a><!-- AddThis Advanced Settings generic via filter on get_the_excerpt --><!-- AddThis Share Buttons generic via filter on get_the_excerpt --><\/p>\n<\/div>","protected":false},"author":172,"featured_media":54930,"comment_status":"closed","ping_status":"closed","sticky":false,"template":"","format":"standard","meta":{"_acf_changed":false,"_monsterinsights_skip_tracking":false,"_monsterinsights_sitenote_active":false,"_monsterinsights_sitenote_note":"","_monsterinsights_sitenote_category":0,"footnotes":""},"categories":[1621,1632,2985,1625,344,1612,342],"tags":[386,2402,3253,832,81,413,2070,316,1790,2146,42,1970,439,2451,126,936,2432,432,294,814,2289,2974,578,2153,2193,2474,218,184,383],"writer":[3045],"translator":[],"source":[],"ilustrador":[3101],"fotografo":[],"class_list":{"0":"post-54762","1":"post","2":"type-post","3":"status-publish","4":"format-standard","5":"has-post-thumbnail","7":"category-destaque","8":"category-pesquisa-e-analise","9":"category-podcast","10":"category-por-correspondentes-comunitarios","11":"category-politicas","12":"category-sociedade-civil","13":"category-solucoes","14":"tag-estigma","15":"tag-acesso-a-universidade","16":"tag-antirracismo","17":"tag-cidadania","18":"tag-cultura","19":"tag-desigualdade","20":"tag-direito-a-educacao","21":"tag-educacao","22":"tag-feminismo","23":"tag-fiocruz","24":"tag-genero","25":"tag-negritude","26":"tag-pavao-pavaozinho","27":"tag-politicas-publicas","28":"tag-preconceito","29":"tag-raca","30":"tag-representatividade","31":"tag-resistencia","32":"tag-saude","33":"tag-segregacao","34":"tag-serie","35":"tag-serie-antirracismo","36":"tag-trabalho-e-renda","37":"tag-uff","38":"tag-ufrj","39":"tag-ufrrj","40":"tag-zona-norte","41":"tag-zona-oeste","42":"tag-zona-sul","43":"writer-cynthia-rachel-pereira-lima","44":"ilustrador-raquel-batista"},"acf":[],"yoast_head":"<!-- This site is optimized with the Yoast SEO plugin v25.6 - https:\/\/yoast.com\/wordpress\/plugins\/seo\/ -->\n<title>Educa\u00e7\u00e3o Cient\u00edfica e Negritude: Mulheres Negras na Ci\u00eancia [PODCAST] - RioOnWatch<\/title>\n<meta name=\"robots\" content=\"index, follow, max-snippet:-1, max-image-preview:large, max-video-preview:-1\" \/>\n<link rel=\"canonical\" href=\"https:\/\/rioonwatch.org.br\/?p=54762\" \/>\n<meta property=\"og:locale\" content=\"pt_BR\" \/>\n<meta property=\"og:type\" content=\"article\" \/>\n<meta property=\"og:title\" content=\"Educa\u00e7\u00e3o Cient\u00edfica e Negritude: Mulheres Negras na Ci\u00eancia [PODCAST] - RioOnWatch\" \/>\n<meta property=\"og:description\" content=\"Click Here for English Esta mat\u00e9ria faz parte da s\u00e9rie do projeto antirracista do RioOnWatch. Conhe\u00e7a o nosso projeto que traz conte\u00fados midi\u00e1ticos semanais ao longo de 2021: Enraizando o Antirracismo nas Favelas. Para contribuir [...]\" \/>\n<meta property=\"og:url\" content=\"https:\/\/rioonwatch.org.br\/?p=54762\" \/>\n<meta property=\"og:site_name\" content=\"RioOnWatch\" \/>\n<meta property=\"article:published_time\" content=\"2021-05-17T12:41:41+00:00\" \/>\n<meta property=\"article:modified_time\" content=\"2024-05-24T15:31:10+00:00\" \/>\n<meta property=\"og:image\" content=\"https:\/\/rioonwatch.org.br\/wp-content\/uploads\/2021\/05\/Arte-original-por-Raquel-Batista.png\" \/>\n\t<meta property=\"og:image:width\" content=\"2167\" \/>\n\t<meta property=\"og:image:height\" content=\"922\" \/>\n\t<meta property=\"og:image:type\" content=\"image\/png\" \/>\n<meta name=\"author\" content=\"Gabriela Buffon Vargas\" \/>\n<meta name=\"twitter:card\" content=\"summary_large_image\" \/>\n<meta name=\"twitter:label1\" content=\"Escrito por\" \/>\n\t<meta name=\"twitter:data1\" content=\"Gabriela Buffon Vargas\" \/>\n\t<meta name=\"twitter:label2\" content=\"Est. tempo de leitura\" \/>\n\t<meta name=\"twitter:data2\" content=\"10 minutos\" \/>\n<script type=\"application\/ld+json\" class=\"yoast-schema-graph\">{\"@context\":\"https:\/\/schema.org\",\"@graph\":[{\"@type\":\"Article\",\"@id\":\"https:\/\/rioonwatch.org.br\/?p=54762#article\",\"isPartOf\":{\"@id\":\"https:\/\/rioonwatch.org.br\/?p=54762\"},\"author\":{\"name\":\"Gabriela Buffon Vargas\",\"@id\":\"https:\/\/rioonwatch.org.br\/#\/schema\/person\/25e77d79d09696eba4e7e9fde4e5aeb8\"},\"headline\":\"Educa\u00e7\u00e3o Cient\u00edfica e Negritude: Mulheres Negras na Ci\u00eancia [PODCAST]\",\"datePublished\":\"2021-05-17T12:41:41+00:00\",\"dateModified\":\"2024-05-24T15:31:10+00:00\",\"mainEntityOfPage\":{\"@id\":\"https:\/\/rioonwatch.org.br\/?p=54762\"},\"wordCount\":1935,\"publisher\":{\"@id\":\"https:\/\/rioonwatch.org.br\/#organization\"},\"image\":{\"@id\":\"https:\/\/rioonwatch.org.br\/?p=54762#primaryimage\"},\"thumbnailUrl\":\"https:\/\/rioonwatch.org.br\/wp-content\/uploads\/2021\/05\/Arte-original-por-Raquel-Batista.png\",\"keywords\":[\"#StopFavelaStigma\",\"acesso \u00e0 universidade\",\"Antirracismo\",\"cidadania\",\"cultura\",\"desigualdade\",\"direito \u00e0 educa\u00e7\u00e3o\",\"educa\u00e7\u00e3o\",\"feminismo\",\"Fiocruz\",\"g\u00eanero\",\"negritude\",\"Pav\u00e3o-Pav\u00e3ozinho\",\"pol\u00edticas p\u00fablicas\",\"preconceito\",\"ra\u00e7a\",\"representatividade\",\"resist\u00eancia\",\"sa\u00fade\",\"segrega\u00e7\u00e3o\",\"S\u00e9rie\",\"S\u00e9rie: Antirracismo\",\"Trabalho e renda\",\"UFF\",\"UFRJ\",\"UFRRJ\",\"Zona Norte\",\"Zona Oeste\",\"Zona Sul\"],\"articleSection\":[\"*Destaque\",\"Dados e Pesquisa\",\"Epis\u00f3dios de Podcast\",\"Escrito por Comunicadores Populares\",\"Pol\u00edticas\",\"Sociedade Civil\",\"Solu\u00e7\u00f5es\"],\"inLanguage\":\"pt-BR\"},{\"@type\":\"WebPage\",\"@id\":\"https:\/\/rioonwatch.org.br\/?p=54762\",\"url\":\"https:\/\/rioonwatch.org.br\/?p=54762\",\"name\":\"Educa\u00e7\u00e3o Cient\u00edfica e Negritude: Mulheres Negras na Ci\u00eancia [PODCAST] - RioOnWatch\",\"isPartOf\":{\"@id\":\"https:\/\/rioonwatch.org.br\/#website\"},\"primaryImageOfPage\":{\"@id\":\"https:\/\/rioonwatch.org.br\/?p=54762#primaryimage\"},\"image\":{\"@id\":\"https:\/\/rioonwatch.org.br\/?p=54762#primaryimage\"},\"thumbnailUrl\":\"https:\/\/rioonwatch.org.br\/wp-content\/uploads\/2021\/05\/Arte-original-por-Raquel-Batista.png\",\"datePublished\":\"2021-05-17T12:41:41+00:00\",\"dateModified\":\"2024-05-24T15:31:10+00:00\",\"breadcrumb\":{\"@id\":\"https:\/\/rioonwatch.org.br\/?p=54762#breadcrumb\"},\"inLanguage\":\"pt-BR\",\"potentialAction\":[{\"@type\":\"ReadAction\",\"target\":[\"https:\/\/rioonwatch.org.br\/?p=54762\"]}]},{\"@type\":\"ImageObject\",\"inLanguage\":\"pt-BR\",\"@id\":\"https:\/\/rioonwatch.org.br\/?p=54762#primaryimage\",\"url\":\"https:\/\/rioonwatch.org.br\/wp-content\/uploads\/2021\/05\/Arte-original-por-Raquel-Batista.png\",\"contentUrl\":\"https:\/\/rioonwatch.org.br\/wp-content\/uploads\/2021\/05\/Arte-original-por-Raquel-Batista.png\",\"width\":2167,\"height\":922,\"caption\":\"Arte original por Raquel Batista\"},{\"@type\":\"BreadcrumbList\",\"@id\":\"https:\/\/rioonwatch.org.br\/?p=54762#breadcrumb\",\"itemListElement\":[{\"@type\":\"ListItem\",\"position\":1,\"name\":\"In\u00edcio\",\"item\":\"https:\/\/rioonwatch.org.br\/\"},{\"@type\":\"ListItem\",\"position\":2,\"name\":\"Educa\u00e7\u00e3o Cient\u00edfica e Negritude: Mulheres Negras na Ci\u00eancia [PODCAST]\"}]},{\"@type\":\"WebSite\",\"@id\":\"https:\/\/rioonwatch.org.br\/#website\",\"url\":\"https:\/\/rioonwatch.org.br\/\",\"name\":\"RioOnWatch\",\"description\":\"relatos das favelas cariocas\",\"publisher\":{\"@id\":\"https:\/\/rioonwatch.org.br\/#organization\"},\"potentialAction\":[{\"@type\":\"SearchAction\",\"target\":{\"@type\":\"EntryPoint\",\"urlTemplate\":\"https:\/\/rioonwatch.org.br\/?s={search_term_string}\"},\"query-input\":{\"@type\":\"PropertyValueSpecification\",\"valueRequired\":true,\"valueName\":\"search_term_string\"}}],\"inLanguage\":\"pt-BR\"},{\"@type\":\"Organization\",\"@id\":\"https:\/\/rioonwatch.org.br\/#organization\",\"name\":\"RioOnWatch\",\"url\":\"https:\/\/rioonwatch.org.br\/\",\"logo\":{\"@type\":\"ImageObject\",\"inLanguage\":\"pt-BR\",\"@id\":\"https:\/\/rioonwatch.org.br\/#\/schema\/logo\/image\/\",\"url\":\"https:\/\/rioonwatch.org.br\/wp-content\/uploads\/2021\/06\/RioOnWatchcabecalhoPT11anos-2.png\",\"contentUrl\":\"https:\/\/rioonwatch.org.br\/wp-content\/uploads\/2021\/06\/RioOnWatchcabecalhoPT11anos-2.png\",\"width\":779,\"height\":277,\"caption\":\"RioOnWatch\"},\"image\":{\"@id\":\"https:\/\/rioonwatch.org.br\/#\/schema\/logo\/image\/\"}},{\"@type\":\"Person\",\"@id\":\"https:\/\/rioonwatch.org.br\/#\/schema\/person\/25e77d79d09696eba4e7e9fde4e5aeb8\",\"name\":\"Gabriela Buffon Vargas\",\"image\":{\"@type\":\"ImageObject\",\"inLanguage\":\"pt-BR\",\"@id\":\"https:\/\/rioonwatch.org.br\/#\/schema\/person\/image\/\",\"url\":\"https:\/\/secure.gravatar.com\/avatar\/34a2277c2e01615d25b508b80749bf0b?s=96&d=blank&r=g\",\"contentUrl\":\"https:\/\/secure.gravatar.com\/avatar\/34a2277c2e01615d25b508b80749bf0b?s=96&d=blank&r=g\",\"caption\":\"Gabriela Buffon Vargas\"},\"url\":\"https:\/\/rioonwatch.org.br\/?author=172\"}]}<\/script>\n<!-- \/ Yoast SEO plugin. -->","yoast_head_json":{"title":"Educa\u00e7\u00e3o Cient\u00edfica e Negritude: Mulheres Negras na Ci\u00eancia [PODCAST] - RioOnWatch","robots":{"index":"index","follow":"follow","max-snippet":"max-snippet:-1","max-image-preview":"max-image-preview:large","max-video-preview":"max-video-preview:-1"},"canonical":"https:\/\/rioonwatch.org.br\/?p=54762","og_locale":"pt_BR","og_type":"article","og_title":"Educa\u00e7\u00e3o Cient\u00edfica e Negritude: Mulheres Negras na Ci\u00eancia [PODCAST] - RioOnWatch","og_description":"Click Here for English Esta mat\u00e9ria faz parte da s\u00e9rie do projeto antirracista do RioOnWatch. Conhe\u00e7a o nosso projeto que traz conte\u00fados midi\u00e1ticos semanais ao longo de 2021: Enraizando o Antirracismo nas Favelas. Para contribuir [...]","og_url":"https:\/\/rioonwatch.org.br\/?p=54762","og_site_name":"RioOnWatch","article_published_time":"2021-05-17T12:41:41+00:00","article_modified_time":"2024-05-24T15:31:10+00:00","og_image":[{"width":2167,"height":922,"url":"https:\/\/rioonwatch.org.br\/wp-content\/uploads\/2021\/05\/Arte-original-por-Raquel-Batista.png","type":"image\/png"}],"author":"Gabriela Buffon Vargas","twitter_card":"summary_large_image","twitter_misc":{"Escrito por":"Gabriela Buffon Vargas","Est. tempo de leitura":"10 minutos"},"schema":{"@context":"https:\/\/schema.org","@graph":[{"@type":"Article","@id":"https:\/\/rioonwatch.org.br\/?p=54762#article","isPartOf":{"@id":"https:\/\/rioonwatch.org.br\/?p=54762"},"author":{"name":"Gabriela Buffon Vargas","@id":"https:\/\/rioonwatch.org.br\/#\/schema\/person\/25e77d79d09696eba4e7e9fde4e5aeb8"},"headline":"Educa\u00e7\u00e3o Cient\u00edfica e Negritude: Mulheres Negras na Ci\u00eancia [PODCAST]","datePublished":"2021-05-17T12:41:41+00:00","dateModified":"2024-05-24T15:31:10+00:00","mainEntityOfPage":{"@id":"https:\/\/rioonwatch.org.br\/?p=54762"},"wordCount":1935,"publisher":{"@id":"https:\/\/rioonwatch.org.br\/#organization"},"image":{"@id":"https:\/\/rioonwatch.org.br\/?p=54762#primaryimage"},"thumbnailUrl":"https:\/\/rioonwatch.org.br\/wp-content\/uploads\/2021\/05\/Arte-original-por-Raquel-Batista.png","keywords":["#StopFavelaStigma","acesso \u00e0 universidade","Antirracismo","cidadania","cultura","desigualdade","direito \u00e0 educa\u00e7\u00e3o","educa\u00e7\u00e3o","feminismo","Fiocruz","g\u00eanero","negritude","Pav\u00e3o-Pav\u00e3ozinho","pol\u00edticas p\u00fablicas","preconceito","ra\u00e7a","representatividade","resist\u00eancia","sa\u00fade","segrega\u00e7\u00e3o","S\u00e9rie","S\u00e9rie: Antirracismo","Trabalho e renda","UFF","UFRJ","UFRRJ","Zona Norte","Zona Oeste","Zona Sul"],"articleSection":["*Destaque","Dados e Pesquisa","Epis\u00f3dios de Podcast","Escrito por Comunicadores Populares","Pol\u00edticas","Sociedade Civil","Solu\u00e7\u00f5es"],"inLanguage":"pt-BR"},{"@type":"WebPage","@id":"https:\/\/rioonwatch.org.br\/?p=54762","url":"https:\/\/rioonwatch.org.br\/?p=54762","name":"Educa\u00e7\u00e3o Cient\u00edfica e Negritude: Mulheres Negras na Ci\u00eancia [PODCAST] - RioOnWatch","isPartOf":{"@id":"https:\/\/rioonwatch.org.br\/#website"},"primaryImageOfPage":{"@id":"https:\/\/rioonwatch.org.br\/?p=54762#primaryimage"},"image":{"@id":"https:\/\/rioonwatch.org.br\/?p=54762#primaryimage"},"thumbnailUrl":"https:\/\/rioonwatch.org.br\/wp-content\/uploads\/2021\/05\/Arte-original-por-Raquel-Batista.png","datePublished":"2021-05-17T12:41:41+00:00","dateModified":"2024-05-24T15:31:10+00:00","breadcrumb":{"@id":"https:\/\/rioonwatch.org.br\/?p=54762#breadcrumb"},"inLanguage":"pt-BR","potentialAction":[{"@type":"ReadAction","target":["https:\/\/rioonwatch.org.br\/?p=54762"]}]},{"@type":"ImageObject","inLanguage":"pt-BR","@id":"https:\/\/rioonwatch.org.br\/?p=54762#primaryimage","url":"https:\/\/rioonwatch.org.br\/wp-content\/uploads\/2021\/05\/Arte-original-por-Raquel-Batista.png","contentUrl":"https:\/\/rioonwatch.org.br\/wp-content\/uploads\/2021\/05\/Arte-original-por-Raquel-Batista.png","width":2167,"height":922,"caption":"Arte original por Raquel Batista"},{"@type":"BreadcrumbList","@id":"https:\/\/rioonwatch.org.br\/?p=54762#breadcrumb","itemListElement":[{"@type":"ListItem","position":1,"name":"In\u00edcio","item":"https:\/\/rioonwatch.org.br\/"},{"@type":"ListItem","position":2,"name":"Educa\u00e7\u00e3o Cient\u00edfica e Negritude: Mulheres Negras na Ci\u00eancia [PODCAST]"}]},{"@type":"WebSite","@id":"https:\/\/rioonwatch.org.br\/#website","url":"https:\/\/rioonwatch.org.br\/","name":"RioOnWatch","description":"relatos das favelas cariocas","publisher":{"@id":"https:\/\/rioonwatch.org.br\/#organization"},"potentialAction":[{"@type":"SearchAction","target":{"@type":"EntryPoint","urlTemplate":"https:\/\/rioonwatch.org.br\/?s={search_term_string}"},"query-input":{"@type":"PropertyValueSpecification","valueRequired":true,"valueName":"search_term_string"}}],"inLanguage":"pt-BR"},{"@type":"Organization","@id":"https:\/\/rioonwatch.org.br\/#organization","name":"RioOnWatch","url":"https:\/\/rioonwatch.org.br\/","logo":{"@type":"ImageObject","inLanguage":"pt-BR","@id":"https:\/\/rioonwatch.org.br\/#\/schema\/logo\/image\/","url":"https:\/\/rioonwatch.org.br\/wp-content\/uploads\/2021\/06\/RioOnWatchcabecalhoPT11anos-2.png","contentUrl":"https:\/\/rioonwatch.org.br\/wp-content\/uploads\/2021\/06\/RioOnWatchcabecalhoPT11anos-2.png","width":779,"height":277,"caption":"RioOnWatch"},"image":{"@id":"https:\/\/rioonwatch.org.br\/#\/schema\/logo\/image\/"}},{"@type":"Person","@id":"https:\/\/rioonwatch.org.br\/#\/schema\/person\/25e77d79d09696eba4e7e9fde4e5aeb8","name":"Gabriela Buffon Vargas","image":{"@type":"ImageObject","inLanguage":"pt-BR","@id":"https:\/\/rioonwatch.org.br\/#\/schema\/person\/image\/","url":"https:\/\/secure.gravatar.com\/avatar\/34a2277c2e01615d25b508b80749bf0b?s=96&d=blank&r=g","contentUrl":"https:\/\/secure.gravatar.com\/avatar\/34a2277c2e01615d25b508b80749bf0b?s=96&d=blank&r=g","caption":"Gabriela Buffon Vargas"},"url":"https:\/\/rioonwatch.org.br\/?author=172"}]}},"_links":{"self":[{"href":"https:\/\/rioonwatch.org.br\/index.php?rest_route=\/wp\/v2\/posts\/54762"}],"collection":[{"href":"https:\/\/rioonwatch.org.br\/index.php?rest_route=\/wp\/v2\/posts"}],"about":[{"href":"https:\/\/rioonwatch.org.br\/index.php?rest_route=\/wp\/v2\/types\/post"}],"author":[{"embeddable":true,"href":"https:\/\/rioonwatch.org.br\/index.php?rest_route=\/wp\/v2\/users\/172"}],"replies":[{"embeddable":true,"href":"https:\/\/rioonwatch.org.br\/index.php?rest_route=%2Fwp%2Fv2%2Fcomments&post=54762"}],"version-history":[{"count":51,"href":"https:\/\/rioonwatch.org.br\/index.php?rest_route=\/wp\/v2\/posts\/54762\/revisions"}],"predecessor-version":[{"id":60180,"href":"https:\/\/rioonwatch.org.br\/index.php?rest_route=\/wp\/v2\/posts\/54762\/revisions\/60180"}],"wp:featuredmedia":[{"embeddable":true,"href":"https:\/\/rioonwatch.org.br\/index.php?rest_route=\/wp\/v2\/media\/54930"}],"wp:attachment":[{"href":"https:\/\/rioonwatch.org.br\/index.php?rest_route=%2Fwp%2Fv2%2Fmedia&parent=54762"}],"wp:term":[{"taxonomy":"category","embeddable":true,"href":"https:\/\/rioonwatch.org.br\/index.php?rest_route=%2Fwp%2Fv2%2Fcategories&post=54762"},{"taxonomy":"post_tag","embeddable":true,"href":"https:\/\/rioonwatch.org.br\/index.php?rest_route=%2Fwp%2Fv2%2Ftags&post=54762"},{"taxonomy":"writer","embeddable":true,"href":"https:\/\/rioonwatch.org.br\/index.php?rest_route=%2Fwp%2Fv2%2Fwriter&post=54762"},{"taxonomy":"translator","embeddable":true,"href":"https:\/\/rioonwatch.org.br\/index.php?rest_route=%2Fwp%2Fv2%2Ftranslator&post=54762"},{"taxonomy":"source","embeddable":true,"href":"https:\/\/rioonwatch.org.br\/index.php?rest_route=%2Fwp%2Fv2%2Fsource&post=54762"},{"taxonomy":"ilustrador","embeddable":true,"href":"https:\/\/rioonwatch.org.br\/index.php?rest_route=%2Fwp%2Fv2%2Filustrador&post=54762"},{"taxonomy":"fotografo","embeddable":true,"href":"https:\/\/rioonwatch.org.br\/index.php?rest_route=%2Fwp%2Fv2%2Ffotografo&post=54762"}],"curies":[{"name":"wp","href":"https:\/\/api.w.org\/{rel}","templated":true}]}}