{"id":54826,"date":"2021-05-20T10:22:29","date_gmt":"2021-05-20T13:22:29","guid":{"rendered":"https:\/\/rioonwatch.org.br\/?p=54826"},"modified":"2024-05-24T12:31:10","modified_gmt":"2024-05-24T15:31:10","slug":"agricultores-tradicionais-do-macico-da-pedra-branca-e-os-dilemas-energeticos-da-urbanizacao-do-carvao-a-eletricidade","status":"publish","type":"post","link":"https:\/\/rioonwatch.org.br\/?p=54826","title":{"rendered":"Povos da Pedra Branca e os Dilemas Energ\u00e9ticos da Urbaniza\u00e7\u00e3o: Do Carv\u00e3o \u00e0 Eletricidade"},"content":{"rendered":"<p style=\"text-align: right;\"><em><strong><a href=\"https:\/\/bit.ly\/3CA8eWN\" target=\"_blank\" rel=\"noopener noreferrer\">Click Here for English<\/a><a href=\"https:\/\/bit.ly\/3CA8eWN\" target=\"_blank\" rel=\"noopener noreferrer\"><img decoding=\"async\" class=\"alignright wp-image-15790\" src=\"http:\/\/rioonwatch.org.br\/wp-content\/uploads\/2012\/08\/EN-standard-e1439583104716.jpg\" alt=\"\" width=\"20\" height=\"20\" \/><\/a><\/strong><\/em><\/p>\n<p><em>Esta mat\u00e9ria <\/em><em>faz parte de uma\u00a0<a href=\"http:\/\/bit.ly\/JusticaEnergeticaNasFavelas\" target=\"_blank\" rel=\"noopener\">s\u00e9rie sobre justi\u00e7a e efici\u00eancia energ\u00e9tica nas favelas<\/a> do Rio, e tamb\u00e9m faz parte da <a href=\"http:\/\/bit.ly\/DesenraizandoRacismo\" target=\"_blank\" rel=\"noopener\">s\u00e9rie de mat\u00e9rias do projeto antirracista do RioOnWatch<\/a>. <\/em><\/p>\n<p><span style=\"font-weight: 400;\">No in\u00edcio do s\u00e9culo XX, o Rio de Janeiro, ent\u00e3o capital do Brasil, no bojo das reformas urbanas de <\/span><a href=\"http:\/\/bit.ly\/2wBfvVI\" target=\"_blank\" rel=\"noopener\"><span style=\"font-weight: 400;\">Pereira Passos<\/span><\/a>\u2014<span style=\"font-weight: 400;\">um prefeito motivado a <\/span><a href=\"http:\/\/bit.ly\/1OWOi5a\" target=\"_blank\" rel=\"noopener\"><span style=\"font-weight: 400;\">tornar a capital uma cidade moderna<\/span><\/a><span style=\"font-weight: 400;\">\u2014adotou o sistema de ilumina\u00e7\u00e3o el\u00e9trica, tanto nas vias p\u00fablicas, como nas resid\u00eancias. Essa primeira rede atenderia somente a <\/span><a href=\"https:\/\/bit.ly\/31Q7DQa\" target=\"_blank\" rel=\"noopener\"><span style=\"font-weight: 400;\">Zona Portu\u00e1ria<\/span><\/a><span style=\"font-weight: 400;\"> e seus entornos, onde habitava a aristocracia. A pol\u00edtica higienista ao mesmo tempo em que trazia a luz el\u00e9trica para o <\/span><a href=\"http:\/\/bit.ly\/2x1dXEP\" target=\"_blank\" rel=\"noopener\"><span style=\"font-weight: 400;\">Centro da cidade<\/span><\/a><span style=\"font-weight: 400;\">, removia de l\u00e1 o <\/span><a href=\"https:\/\/bit.ly\/2QhiU9y\" target=\"_blank\" rel=\"noopener\"><span style=\"font-weight: 400;\">povo negro e pobre, que era jogado \u00e0s margens<\/span><\/a><span style=\"font-weight: 400;\"> da capital.<\/span><\/p>\n<p><span style=\"font-weight: 400;\">Muitas s\u00e3o as hist\u00f3rias apagadas que se relacionam \u00e0 urbaniza\u00e7\u00e3o do Rio e \u00e0 reforma do Pereira Passos. \u00c9 importante compreender as for\u00e7as produtivas que permitiram uma transforma\u00e7\u00e3o t\u00e3o acelerada e de t\u00e3o grandes propor\u00e7\u00f5es no Centro do Rio. Investigar a for\u00e7a de trabalho, os materiais e as estrat\u00e9gias log\u00edsticas empregadas neste projeto pode jogar luz sobre esse per\u00edodo e suas cicatrizes.\u00a0<\/span><\/p>\n<p><span style=\"font-weight: 400;\">Algumas perguntas s\u00e3o especialmente interessantes para trazer uma contribui\u00e7\u00e3o hist\u00f3rica: Qual foi a principal matriz energ\u00e9tica envolvida na transforma\u00e7\u00e3o da nossa cidade no come\u00e7o do s\u00e9culo XX? Quem eram os produtores e fornecedores dessa energia e de onde ela foi extra\u00edda? Como a hist\u00f3ria desse processo se relaciona com as atuais (in)justi\u00e7as energ\u00e9ticas na cidade?<\/span><\/p>\n<h3>Carvoeiros: Um Elo entre a Floresta e a Cidade<\/h3>\n<p><span style=\"font-weight: 400;\">O <\/span><a href=\"https:\/\/bit.ly\/3sXzXes\" target=\"_blank\" rel=\"noopener\"><span style=\"font-weight: 400;\">Maci\u00e7o da Pedra Branca<\/span><\/a><span style=\"font-weight: 400;\">, na <\/span><a href=\"http:\/\/bit.ly\/2x3k8bw\" target=\"_blank\" rel=\"noopener\"><span style=\"font-weight: 400;\">Zona Oeste<\/span><\/a><span style=\"font-weight: 400;\"> da cidade do Rio de Janeiro, faz parte de uma das maiores reservas naturais urbanas do mundo: o <\/span><a href=\"http:\/\/bit.ly\/17oBBb2\" target=\"_blank\" rel=\"noopener\"><span style=\"font-weight: 400;\">Parque Estadual da Pedra Branca<\/span><\/a><span style=\"font-weight: 400;\">. Nele est\u00e3o localizados at\u00e9 hoje tr\u00eas quilombos: <\/span><a href=\"http:\/\/bit.ly\/2jXRlCd\" target=\"_blank\" rel=\"noopener\"><span style=\"font-weight: 400;\">Camorim<\/span><\/a><span style=\"font-weight: 400;\">, no bairro de mesmo nome, <\/span><a href=\"http:\/\/bit.ly\/1UkCFVs\" target=\"_blank\" rel=\"noopener\"><span style=\"font-weight: 400;\">Cafund\u00e1 Astrogilda<\/span><\/a><span style=\"font-weight: 400;\">, em <\/span><a href=\"http:\/\/bit.ly\/29Mlmx2\" target=\"_blank\" rel=\"noopener\"><span style=\"font-weight: 400;\">Vargem Grande<\/span><\/a><span style=\"font-weight: 400;\">, e <\/span><a href=\"https:\/\/bit.ly\/3ueDhTV\" target=\"_blank\" rel=\"noopener\"><span style=\"font-weight: 400;\">Dona Bilina<\/span><\/a><span style=\"font-weight: 400;\"> em <\/span><a href=\"http:\/\/bit.ly\/1m4QAQR\" target=\"_blank\" rel=\"noopener\"><span style=\"font-weight: 400;\">Campo Grande<\/span><\/a><span style=\"font-weight: 400;\">. A <\/span><span style=\"font-weight: 400;\">regi\u00e3o no passado <a href=\"https:\/\/bit.ly\/3aWBVFP\" target=\"_blank\" rel=\"noopener\">era um grande engenho<\/a><\/span><span style=\"font-weight: 400;\">, de suas matas vinha a lenha que gerava energia para as produ\u00e7\u00f5es de a\u00e7\u00facar, de caf\u00e9 e de carv\u00e3o durante os s\u00e9culos XVII, XVIII e XIX.\u00a0<\/span><\/p>\n<p><a href=\"https:\/\/rioonwatch.org.br\/wp-content\/uploads\/2021\/04\/Mapa-do-Macico-da-Pedra-Branca-um-dos-ultimos-trechos-originais-de-Mata-Atlantica-da-cidade-do-Rio-de-Janeiro..jpg\"><img fetchpriority=\"high\" decoding=\"async\" class=\"aligncenter wp-image-54831 size-medium\" title=\"Mapa do Maci\u00e7o da Pedra Branca, um dos \u00faltimos trechos originais de Mata Atl\u00e2ntica da cidade do Rio de Janeiro.\" src=\"https:\/\/rioonwatch.org.br\/wp-content\/uploads\/2021\/04\/Mapa-do-Macico-da-Pedra-Branca-um-dos-ultimos-trechos-originais-de-Mata-Atlantica-da-cidade-do-Rio-de-Janeiro.-620x432.jpg\" alt=\"Mapa do Maci\u00e7o da Pedra Branca, um dos \u00faltimos trechos originais de Mata Atl\u00e2ntica da cidade do Rio de Janeiro.\" width=\"620\" height=\"432\" srcset=\"https:\/\/rioonwatch.org.br\/wp-content\/uploads\/2021\/04\/Mapa-do-Macico-da-Pedra-Branca-um-dos-ultimos-trechos-originais-de-Mata-Atlantica-da-cidade-do-Rio-de-Janeiro.-620x432.jpg 620w, https:\/\/rioonwatch.org.br\/wp-content\/uploads\/2021\/04\/Mapa-do-Macico-da-Pedra-Branca-um-dos-ultimos-trechos-originais-de-Mata-Atlantica-da-cidade-do-Rio-de-Janeiro.-1024x713.jpg 1024w, https:\/\/rioonwatch.org.br\/wp-content\/uploads\/2021\/04\/Mapa-do-Macico-da-Pedra-Branca-um-dos-ultimos-trechos-originais-de-Mata-Atlantica-da-cidade-do-Rio-de-Janeiro.-379x264.jpg 379w, https:\/\/rioonwatch.org.br\/wp-content\/uploads\/2021\/04\/Mapa-do-Macico-da-Pedra-Branca-um-dos-ultimos-trechos-originais-de-Mata-Atlantica-da-cidade-do-Rio-de-Janeiro.-768x535.jpg 768w, https:\/\/rioonwatch.org.br\/wp-content\/uploads\/2021\/04\/Mapa-do-Macico-da-Pedra-Branca-um-dos-ultimos-trechos-originais-de-Mata-Atlantica-da-cidade-do-Rio-de-Janeiro..jpg 1050w\" sizes=\"(max-width: 620px) 100vw, 620px\" \/><\/a><\/p>\n<p><span style=\"font-weight: 400;\">Ap\u00f3s a <\/span><a href=\"https:\/\/bit.ly\/2QrHPrs\" target=\"_blank\" rel=\"noopener\"><span style=\"font-weight: 400;\">aboli\u00e7\u00e3o legal da escravatura<\/span><\/a><span style=\"font-weight: 400;\"> no Brasil, a mata continuou sendo utilizada como fonte de <\/span><a href=\"https:\/\/bit.ly\/3eMi0KO\" target=\"_blank\" rel=\"noopener\"><span style=\"font-weight: 400;\">carv\u00e3o vegetal<\/span><\/a><span style=\"font-weight: 400;\">, como mostra pesquisa liderada pelo Professor Dr. Rog\u00e9rio Oliveira. Em diversos locais do <\/span><span style=\"font-weight: 400;\">Maci\u00e7o da Pedra Branca foram encontrados <a href=\"https:\/\/glo.bo\/3eM57QM\" target=\"_blank\" rel=\"noopener\">vest\u00edgios de pequenas carvoarias<\/a><\/span><span style=\"font-weight: 400;\"> feitas com a t\u00e9cnica do &#8220;<a href=\"https:\/\/glo.bo\/3nPHjzq\" target=\"_blank\" rel=\"noopener\">bal\u00e3o de carv\u00e3o<\/a>&#8220;. O levantamento j\u00e1 conta com mais de 1000 carvoarias identificadas. \u00c9 prov\u00e1vel que os carvoeiros fossem indiv\u00edduos antes escravizados nos engenhos da regi\u00e3o do Maci\u00e7o e que viram a produ\u00e7\u00e3o de carv\u00e3o como possibilidade de sobreviv\u00eancia ap\u00f3s a aboli\u00e7\u00e3o. Essas pessoas viviam na e da floresta. Nos locais onde foram encontradas as carvoarias, \u00e9 poss\u00edvel vislumbrar tamb\u00e9m o cultivo de plantas de uso ritual\u00edstico, aliment\u00edcio e medicinal, bem como ru\u00ednas de pedras; poss\u00edveis abrigos dos carvoeiros.<\/span><\/p>\n<p><span style=\"font-weight: 400;\"><a href=\"https:\/\/rioonwatch.org.br\/wp-content\/uploads\/2021\/04\/O-terreno-no-meio-da-mata-era-preparado-criando-uma-plataforma-para-o-forno.-Infografia-por-Renato-Carvalho-O-Globo.jpg\"><img decoding=\"async\" class=\"aligncenter wp-image-54832 size-content\" title=\"O terreno no meio da mata era preparado, criando uma plataforma para o forno. Infografia por: Renato Carvalho\/O Globo\" src=\"https:\/\/rioonwatch.org.br\/wp-content\/uploads\/2021\/04\/O-terreno-no-meio-da-mata-era-preparado-criando-uma-plataforma-para-o-forno.-Infografia-por-Renato-Carvalho-O-Globo-620x264.jpg\" alt=\"O terreno no meio da mata era preparado, criando uma plataforma para o forno. Infografia por: Renato Carvalho\/O Globo\" width=\"620\" height=\"264\" srcset=\"https:\/\/rioonwatch.org.br\/wp-content\/uploads\/2021\/04\/O-terreno-no-meio-da-mata-era-preparado-criando-uma-plataforma-para-o-forno.-Infografia-por-Renato-Carvalho-O-Globo-620x264.jpg 620w, https:\/\/rioonwatch.org.br\/wp-content\/uploads\/2021\/04\/O-terreno-no-meio-da-mata-era-preparado-criando-uma-plataforma-para-o-forno.-Infografia-por-Renato-Carvalho-O-Globo-940x400.jpg 940w\" sizes=\"(max-width: 620px) 100vw, 620px\" \/><\/a><\/span><\/p>\n<p>Na \u00e9poca da urbaniza\u00e7\u00e3o da cidade o carv\u00e3o era a principal matriz energ\u00e9tica<span style=\"font-weight: 400;\"> e indispens\u00e1vel em diversas atividades da constru\u00e7\u00e3o civil. Um dos usos mais intensos ocorria na forja e amola\u00e7\u00e3o das ferramentas utilizadas para lapidar as <\/span><a href=\"https:\/\/glo.bo\/3xJOmhJ\" target=\"_blank\" rel=\"noopener\"><span style=\"font-weight: 400;\">rochas que eram usadas no cal\u00e7amento das ruas<\/span><\/a><span style=\"font-weight: 400;\"> e como elemento estrutural dos grandes pr\u00e9dios que hoje vemos no Centro da cidade.<\/span><\/p>\n<p><img loading=\"lazy\" decoding=\"async\" class=\"wp-image-54833 size-medium aligncenter\" title=\"A constru\u00e7\u00e3o do 'Bal\u00e3o de Carv\u00e3o', t\u00e9cnica de quilombos e comunidades negras perif\u00e9ricas para a produ\u00e7\u00e3o do insumo. Infografia por: Renato Carvalho\/O Globo\" src=\"https:\/\/rioonwatch.org.br\/wp-content\/uploads\/2021\/04\/A-construcao-do-Balao-de-Carvao-tecnica-de-quilombos-e-comunidades-negras-perifericas-para-a-producao-do-insumo.-Infografia-por-Renato-Carvalho-O-Globo-620x372.jpg\" alt=\"A constru\u00e7\u00e3o do 'Bal\u00e3o de Carv\u00e3o', t\u00e9cnica de quilombos e comunidades negras perif\u00e9ricas para a produ\u00e7\u00e3o do insumo. Infografia por: Renato Carvalho\/O Globo\" width=\"620\" height=\"372\" srcset=\"https:\/\/rioonwatch.org.br\/wp-content\/uploads\/2021\/04\/A-construcao-do-Balao-de-Carvao-tecnica-de-quilombos-e-comunidades-negras-perifericas-para-a-producao-do-insumo.-Infografia-por-Renato-Carvalho-O-Globo-620x372.jpg 620w, https:\/\/rioonwatch.org.br\/wp-content\/uploads\/2021\/04\/A-construcao-do-Balao-de-Carvao-tecnica-de-quilombos-e-comunidades-negras-perifericas-para-a-producao-do-insumo.-Infografia-por-Renato-Carvalho-O-Globo-1024x615.jpg 1024w, https:\/\/rioonwatch.org.br\/wp-content\/uploads\/2021\/04\/A-construcao-do-Balao-de-Carvao-tecnica-de-quilombos-e-comunidades-negras-perifericas-para-a-producao-do-insumo.-Infografia-por-Renato-Carvalho-O-Globo-440x264.jpg 440w, https:\/\/rioonwatch.org.br\/wp-content\/uploads\/2021\/04\/A-construcao-do-Balao-de-Carvao-tecnica-de-quilombos-e-comunidades-negras-perifericas-para-a-producao-do-insumo.-Infografia-por-Renato-Carvalho-O-Globo-768x461.jpg 768w, https:\/\/rioonwatch.org.br\/wp-content\/uploads\/2021\/04\/A-construcao-do-Balao-de-Carvao-tecnica-de-quilombos-e-comunidades-negras-perifericas-para-a-producao-do-insumo.-Infografia-por-Renato-Carvalho-O-Globo.jpg 1086w\" sizes=\"(max-width: 620px) 100vw, 620px\" \/><\/p>\n<p><span style=\"font-weight: 400;\">Pode-se dizer ent\u00e3o que ao Maci\u00e7o da Pedra Branca coube alimentar as caldeiras e forjas que transformaram a paisagem do Centro na reforma de Pereira Passos, transferindo quantidades abissais de energia da floresta para a cidade. Longe dos olhos ofuscados pelas l\u00e2mpadas el\u00e9tricas da aristocracia carioca, era o\u00a0<\/span><span style=\"font-weight: 400;\"><a href=\"https:\/\/glo.bo\/3gWNlNi\" target=\"_blank\" rel=\"noopener\">povo negro rec\u00e9m liberto que desbravava<\/a> a mata e que, com suas tecnologias carvoeiras<\/span><span style=\"font-weight: 400;\">, transferia para o Centro do Rio a energia da floresta. O carv\u00e3o trazido da long\u00ednqua Zona Oeste e o trabalho de uma multid\u00e3o de invis\u00edveis transformava em realidade o sonho de uma metr\u00f3pole para poucos. Portanto, olhar para o espa\u00e7o urbano do Rio de Janeiro \u00e9 tamb\u00e9m olhar para a floresta e para o trabalho exaustivo da produ\u00e7\u00e3o de carv\u00e3o, feito por pessoas negras abandonadas pelo Estado.<\/span><\/p>\n<p><a href=\"https:\/\/rioonwatch.org.br\/wp-content\/uploads\/2021\/04\/Ilustracao-de-um-balao-de-carvao-e-de-carvoeiros-cariocas.-Fonte-Correa-O-Sertao-Carioca-1933..png\"><img loading=\"lazy\" decoding=\"async\" class=\"aligncenter wp-image-54835 size-content\" title=\"Ilustra\u00e7\u00e3o de um bal\u00e3o de carv\u00e3o e de carvoeiros cariocas. Fonte: Corr\u00eaa\/O Sert\u00e3o Carioca (1933).\" src=\"https:\/\/rioonwatch.org.br\/wp-content\/uploads\/2021\/04\/Ilustracao-de-um-balao-de-carvao-e-de-carvoeiros-cariocas.-Fonte-Correa-O-Sertao-Carioca-1933.-620x264.png\" alt=\"Ilustra\u00e7\u00e3o de um bal\u00e3o de carv\u00e3o e de carvoeiros cariocas. Fonte: Corr\u00eaa\/O Sert\u00e3o Carioca (1933).\" width=\"620\" height=\"264\" \/><\/a><\/p>\n<h3>Os Habitantes do Maci\u00e7o no S\u00e9culo XXI<\/h3>\n<p><span style=\"font-weight: 400;\">Nessa mesma regi\u00e3o hoje habitam <\/span><a href=\"http:\/\/bit.ly\/2J0uLQx\" target=\"_blank\" rel=\"noopener\"><span style=\"font-weight: 400;\">agricultores tradicionais<\/span><\/a><span style=\"font-weight: 400;\">\u2014<\/span><a href=\"https:\/\/bit.ly\/3eRUcoE\" target=\"_blank\" rel=\"noopener\"><span style=\"font-weight: 400;\">alguns descendentes diretos dos carvoeiros<\/span><\/a><span style=\"font-weight: 400;\"> do in\u00edcio do s\u00e9culo XX\u2014todos herdeiros da tradi\u00e7\u00e3o do povo da floresta. Ao mesmo tempo que retiram da terra seu sustento, <\/span><a href=\"http:\/\/bit.ly\/2FopbJV\" target=\"_blank\" rel=\"noopener\"><span style=\"font-weight: 400;\">garantem alimento saud\u00e1vel para a cidade<\/span><\/a><span style=\"font-weight: 400;\">. Voc\u00ea vai encontr\u00e1-los nas feiras <a href=\"http:\/\/bit.ly\/2PfAWGK\" target=\"_blank\" rel=\"noopener\">agroecol\u00f3gicas<\/a> pela cidade. <\/span><span style=\"font-weight: 400;\">Da sa\u00fade da floresta <a href=\"https:\/\/bit.ly\/3nEZY0Q\" target=\"_blank\" rel=\"noopener\">depende a sobreviv\u00eancia<\/a> desses agricultores<\/span><span style=\"font-weight: 400;\">. Por isso, ao contr\u00e1rio do senso comum sobre a presen\u00e7a humana em unidades de conserva\u00e7\u00e3o, essas mulheres e homens s\u00e3o verdadeiros <a href=\"http:\/\/bit.ly\/2xu2H6N\" target=\"_blank\" rel=\"noopener\">guardi\u00f5es da floresta<\/a>.<\/span><\/p>\n<p><span style=\"font-weight: 400;\">A natureza clandestina dos <a href=\"https:\/\/bit.ly\/34mhrnh\" target=\"_blank\" rel=\"noopener\">quilombos<\/a>, o longo movimento de expans\u00e3o dos limites urbanos da cidade para a Zona Oeste, a <\/span><span style=\"font-weight: 400;\"><a href=\"https:\/\/bit.ly\/3gWQPja\" target=\"_blank\" rel=\"noopener\">criminaliza\u00e7\u00e3o da agricultura<\/a> no Maci\u00e7o a partir da institui\u00e7\u00e3o da Unidade de Conserva\u00e7\u00e3o<\/span><span style=\"font-weight: 400;\"> al\u00e9m da pr\u00f3pria <\/span><span style=\"font-weight: 400;\"><a href=\"https:\/\/glo.bo\/3eQT2tt\" target=\"_blank\" rel=\"noopener\">tentativa de apagamento<\/a> de uma voca\u00e7\u00e3o sertaneja do Rio de Janeiro<\/span><span style=\"font-weight: 400;\"> mantiveram esses agricultores em pontos remotos do Maci\u00e7o. Isolados da infraestrutura da cidade, permaneceram em seus territ\u00f3rios porque t\u00eam com a terra uma <a href=\"https:\/\/bit.ly\/2Xgzmbx\" target=\"_blank\" rel=\"noopener\">rela\u00e7\u00e3o de pertencimento<\/a>.<\/span><\/p>\n<p><span style=\"font-weight: 400;\">Ao manter seu modo de vida, os agricultores do Maci\u00e7o acabaram por sacrificar seu <\/span><span style=\"font-weight: 400;\">acesso<\/span><span style=\"font-weight: 400;\"> aos servi\u00e7os de sa\u00fade e educa\u00e7\u00e3o e ficaram apartados das redes de distribui\u00e7\u00e3o de energia el\u00e9trica e telecomunica\u00e7\u00f5es, em alguns casos at\u00e9 hoje. Apesar de seus modos de vida carregados de ancestralidade estarem <a href=\"https:\/\/bit.ly\/3nHxyn4\" target=\"_blank\" rel=\"noopener\">adaptados \u00e0 aus\u00eancia de energia el\u00e9trica<\/a> muitos direitos lhes s\u00e3o negados por essa exclus\u00e3o, um sacrif\u00edcio que n\u00e3o deveria existir, pois esses servi\u00e7os essenciais deveriam ser assegurados tamb\u00e9m a essa popula\u00e7\u00e3o, ainda que respeitando seu modo de vida e territ\u00f3rio.<\/span><\/p>\n<p><span style=\"font-weight: 400;\">Aqui se apresenta a contradi\u00e7\u00e3o que norteia essa mat\u00e9ria: aos herdeiros dos trabalhadores, que produziram a matriz energ\u00e9tica usada na urbaniza\u00e7\u00e3o do Centro da cidade no in\u00edcio do s\u00e9culo XX, \u00e9 negado o acesso \u00e0 energia mais de um s\u00e9culo depois.<\/span><\/p>\n<p><span style=\"font-weight: 400;\">O agricultor Francisco Caldeira vive em um desses s\u00edtios remotos em Vargem Grande. Ele relata as dificuldades de n\u00e3o contar com a eletricidade: \u201cQueria poder ter luz durante a noite, uma geladeira para conservar os alimentos e uma tomada para carregar o celular. Uma televis\u00e3o tamb\u00e9m faz muita falta, principalmente de noite.\u201d\u00a0<\/span><\/p>\n<p><a href=\"https:\/\/rioonwatch.org.br\/wp-content\/uploads\/2021\/04\/Casa-de-Francisco-Caldeira-um-dos-agricultores-tradicionais-do-Macico-da-Pedra-Branca.-Foto-por-Francisco-Caldeira.jpeg\"><img loading=\"lazy\" decoding=\"async\" class=\"aligncenter wp-image-54838 size-medium\" title=\"Casa de Francisco Caldeira, um dos agricultores tradicionais do Maci\u00e7o da Pedra Branca. Foto por: Francisco Caldeira\" src=\"https:\/\/rioonwatch.org.br\/wp-content\/uploads\/2021\/04\/Casa-de-Francisco-Caldeira-um-dos-agricultores-tradicionais-do-Macico-da-Pedra-Branca.-Foto-por-Francisco-Caldeira-620x349.jpeg\" alt=\"Casa de Francisco Caldeira, um dos agricultores tradicionais do Maci\u00e7o da Pedra Branca. Foto por: Francisco Caldeira\" width=\"620\" height=\"349\" srcset=\"https:\/\/rioonwatch.org.br\/wp-content\/uploads\/2021\/04\/Casa-de-Francisco-Caldeira-um-dos-agricultores-tradicionais-do-Macico-da-Pedra-Branca.-Foto-por-Francisco-Caldeira-620x349.jpeg 620w, https:\/\/rioonwatch.org.br\/wp-content\/uploads\/2021\/04\/Casa-de-Francisco-Caldeira-um-dos-agricultores-tradicionais-do-Macico-da-Pedra-Branca.-Foto-por-Francisco-Caldeira-1024x576.jpeg 1024w, https:\/\/rioonwatch.org.br\/wp-content\/uploads\/2021\/04\/Casa-de-Francisco-Caldeira-um-dos-agricultores-tradicionais-do-Macico-da-Pedra-Branca.-Foto-por-Francisco-Caldeira-469x264.jpeg 469w, https:\/\/rioonwatch.org.br\/wp-content\/uploads\/2021\/04\/Casa-de-Francisco-Caldeira-um-dos-agricultores-tradicionais-do-Macico-da-Pedra-Branca.-Foto-por-Francisco-Caldeira-768x432.jpeg 768w, https:\/\/rioonwatch.org.br\/wp-content\/uploads\/2021\/04\/Casa-de-Francisco-Caldeira-um-dos-agricultores-tradicionais-do-Macico-da-Pedra-Branca.-Foto-por-Francisco-Caldeira-580x326.jpeg 580w, https:\/\/rioonwatch.org.br\/wp-content\/uploads\/2021\/04\/Casa-de-Francisco-Caldeira-um-dos-agricultores-tradicionais-do-Macico-da-Pedra-Branca.-Foto-por-Francisco-Caldeira-174x98.jpeg 174w, https:\/\/rioonwatch.org.br\/wp-content\/uploads\/2021\/04\/Casa-de-Francisco-Caldeira-um-dos-agricultores-tradicionais-do-Macico-da-Pedra-Branca.-Foto-por-Francisco-Caldeira.jpeg 1032w\" sizes=\"(max-width: 620px) 100vw, 620px\" \/><\/a><\/p>\n<p><span style=\"font-weight: 400;\">Francisco sabe da import\u00e2ncia que a voz dos agricultores cariocas tem para a cidade. Ele \u00e9 uma figura bem conhecida nos debates de <\/span><a href=\"http:\/\/bit.ly\/2PfAWGK\" target=\"_blank\" rel=\"noopener\"><span style=\"font-weight: 400;\">agroecologia<\/span><\/a><span style=\"font-weight: 400;\"> e, apesar do isolamento geogr\u00e1fico, presidiu o <\/span><a href=\"https:\/\/bit.ly\/2RgPiJZ\" target=\"_blank\" rel=\"noopener\"><span style=\"font-weight: 400;\">Conselho de Seguran\u00e7a Alimentar e Nutricional<\/span><\/a><span style=\"font-weight: 400;\"> da cidade em 2014 e 2015.\u00a0<\/span><\/p>\n<p><a href=\"https:\/\/rioonwatch.org.br\/wp-content\/uploads\/2021\/04\/Feira-da-Roca-Agroecologia-e-Cultura-FRAC-Vargem-Grande..jpeg\"><img loading=\"lazy\" decoding=\"async\" class=\"wp-image-54839 alignright\" title=\"Feira da Ro\u00e7a Agroecologia e Cultura- FRAC, Vargem Grande.\" src=\"https:\/\/rioonwatch.org.br\/wp-content\/uploads\/2021\/04\/Feira-da-Roca-Agroecologia-e-Cultura-FRAC-Vargem-Grande.-465x620.jpeg\" alt=\"Feira da Ro\u00e7a Agroecologia e Cultura- FRAC, Vargem Grande.\" width=\"300\" height=\"400\" srcset=\"https:\/\/rioonwatch.org.br\/wp-content\/uploads\/2021\/04\/Feira-da-Roca-Agroecologia-e-Cultura-FRAC-Vargem-Grande.-465x620.jpeg 465w, https:\/\/rioonwatch.org.br\/wp-content\/uploads\/2021\/04\/Feira-da-Roca-Agroecologia-e-Cultura-FRAC-Vargem-Grande.-768x1024.jpeg 768w, https:\/\/rioonwatch.org.br\/wp-content\/uploads\/2021\/04\/Feira-da-Roca-Agroecologia-e-Cultura-FRAC-Vargem-Grande.-198x264.jpeg 198w, https:\/\/rioonwatch.org.br\/wp-content\/uploads\/2021\/04\/Feira-da-Roca-Agroecologia-e-Cultura-FRAC-Vargem-Grande..jpeg 960w\" sizes=\"(max-width: 300px) 100vw, 300px\" \/><\/a><\/p>\n<p><span style=\"font-weight: 400;\">Os agricultores do Maci\u00e7o reconhecem a import\u00e2ncia de sua presen\u00e7a na floresta mas tamb\u00e9m sabem que apartados da cidade perdem a voz. O acesso \u00e0 <\/span><span style=\"font-weight: 400;\">eletricidade<\/span><span style=\"font-weight: 400;\"> facilita a integra\u00e7\u00e3o deste povo com o conjunto da sociedade. \u00c9 garantia de sa\u00fade, bem-estar e tamb\u00e9m da consolida\u00e7\u00e3o de direitos pol\u00edticos.<\/span><\/p>\n<p><span style=\"font-weight: 400;\">Haver\u00e1 quem diga que se a eletricidade \u00e9 t\u00e3o importante para os moradores do Maci\u00e7o, bastaria eles se mudarem para onde tem.<\/span> <a href=\"https:\/\/bit.ly\/3vzblu8\" target=\"_blank\" rel=\"noopener\">N\u00e3o reconhecem<\/a><span style=\"font-weight: 400;\">\u00a0a exist\u00eancia deles nem enquanto agricultores<\/span><span style=\"font-weight: 400;\"> e <\/span><span style=\"font-weight: 400;\"><a href=\"https:\/\/bit.ly\/3gWQPja\" target=\"_blank\" rel=\"noopener\">nem enquanto moradores<\/a> daquele territ\u00f3rio<\/span><span style=\"font-weight: 400;\">. Esse n\u00e3o-reconhecimento estaria relacionado com o desejo de uma cidade homogeneizada, n\u00e3o rural, e a tentativa de apagar a <\/span><a href=\"http:\/\/bit.ly\/1PvnCUM\" target=\"_blank\" rel=\"noopener\"><span style=\"font-weight: 400;\">voca\u00e7\u00e3o sertaneja do Rio<\/span><\/a><span style=\"font-weight: 400;\">, uma metr\u00f3pole moderna e eminentemente urbana. Alguns, imbu\u00eddos dessa l\u00f3gica colonial e urbanizadora,<\/span><span style=\"font-weight: 400;\"> se condoer\u00e3o das pr\u00f3ximas gera\u00e7\u00f5es desses agricultores e se perguntar\u00e3o \u201cPor que eles n\u00e3o v\u00eam para a cidade? Para que n\u00e3o estejam fadados a tantas restri\u00e7\u00f5es\u201d. Mas \u00e9 preciso reconhecer tamb\u00e9m a import\u00e2ncia que estes agricultores t\u00eam para a cidade da qual fazem parte. Garantir-lhes o direito de viver na floresta sem exigir que abram m\u00e3o dos avan\u00e7os civilizat\u00f3rios \u00e9 garantir alimento de qualidade para os cariocas, a continuidade de saberes de cuidado ancestrais e a sa\u00fade do Maci\u00e7o da Pedra Branca.<\/span><\/p>\n<p><a href=\"https:\/\/rioonwatch.org.br\/wp-content\/uploads\/2021\/05\/Retrato-do-paraibano-Jose-de-Araujo-de-50-anos-com-uma-lamparina-sentado-na-porta-da-casa-onde-mora.-Foto-por-Daniel-Marenco-Agencia-O-Globo.jpg\"><img loading=\"lazy\" decoding=\"async\" class=\"aligncenter wp-image-54887 size-content\" title=\"Retrato do paraibano Jos\u00e9 de Ara\u00fajo, 50, com uma lamparina (sua \u00fanica fonte de luz a noite), sentado na porta da casa onde mora. Foto por: Daniel Marenco\/Ag\u00eancia O Globo\" src=\"https:\/\/rioonwatch.org.br\/wp-content\/uploads\/2021\/05\/Retrato-do-paraibano-Jose-de-Araujo-de-50-anos-com-uma-lamparina-sentado-na-porta-da-casa-onde-mora.-Foto-por-Daniel-Marenco-Agencia-O-Globo-620x264.jpg\" alt=\"Retrato do paraibano Jos\u00e9 de Ara\u00fajo, 50, com uma lamparina (sua \u00fanica fonte de luz a noite), sentado na porta da casa onde mora. Foto por: Daniel Marenco\/Ag\u00eancia O Globo\" width=\"620\" height=\"264\" srcset=\"https:\/\/rioonwatch.org.br\/wp-content\/uploads\/2021\/05\/Retrato-do-paraibano-Jose-de-Araujo-de-50-anos-com-uma-lamparina-sentado-na-porta-da-casa-onde-mora.-Foto-por-Daniel-Marenco-Agencia-O-Globo-620x264.jpg 620w, https:\/\/rioonwatch.org.br\/wp-content\/uploads\/2021\/05\/Retrato-do-paraibano-Jose-de-Araujo-de-50-anos-com-uma-lamparina-sentado-na-porta-da-casa-onde-mora.-Foto-por-Daniel-Marenco-Agencia-O-Globo-940x400.jpg 940w\" sizes=\"(max-width: 620px) 100vw, 620px\" \/><\/a><\/p>\n<h3>Caminhos para a Justi\u00e7a Energ\u00e9tica no Territ\u00f3rio<\/h3>\n<p><span style=\"font-weight: 400;\">Em 2002, a <\/span><a href=\"https:\/\/bit.ly\/3gV0oii\" target=\"_blank\" rel=\"noopener\"><span style=\"font-weight: 400;\">Lei 10.438<\/span><\/a><span style=\"font-weight: 400;\"> definiu a universaliza\u00e7\u00e3o do servi\u00e7o p\u00fablico de energia el\u00e9trica, garantindo que todos tenham direito \u00e0 eletricidade. A <\/span><span style=\"font-weight: 400;\">ANEEL (Ag\u00eancia Nacional de Energia El\u00e9trica), reconhece o acesso universalizado <a href=\"https:\/\/bit.ly\/33fF137\" target=\"_blank\" rel=\"noopener\">na \u00e1rea de concess\u00e3o<\/a> da Light no Rio de Janeiro desde 2004<\/span><span style=\"font-weight: 400;\">, de acordo com o despacho N\u00ba991 de 5 de abril de 2007. Ou seja, para a Light, toda a popula\u00e7\u00e3o carioca tem acesso \u00e0 eletricidade.<\/span><\/p>\n<p><span style=\"font-weight: 400;\">A hist\u00f3ria do Sr. Francisco e a de outros agricultores demonstra que <a href=\"http:\/\/bit.ly\/2MjPU9s\" target=\"_blank\" rel=\"noopener\">n\u00e3o \u00e9 bem assim<\/a>. Apesar do reconhecimento formal da universaliza\u00e7\u00e3o, a cidade do Rio de Janeiro apresenta complexidades territoriais que exigem da distribuidora, do poder p\u00fablico e da sociedade como um todo um esfor\u00e7o investigativo e vontade pol\u00edtica para a garantia real desse direito.\u00a0<\/span><\/p>\n<p><span style=\"font-weight: 400;\">Uma tecnologia com grande <\/span><a href=\"https:\/\/bit.ly\/3xzTLrL\" target=\"_blank\" rel=\"noopener\"><span style=\"font-weight: 400;\">potencial para eletrifica\u00e7\u00e3o de \u00e1reas isoladas<\/span><\/a><span style=\"font-weight: 400;\">, \u00e9 a <\/span><a href=\"http:\/\/bit.ly\/2pydxFs\" target=\"_blank\" rel=\"noopener\"><span style=\"font-weight: 400;\">energia solar<\/span><\/a><span style=\"font-weight: 400;\">. Esta tecnologia utiliza pain\u00e9is que transformam a luz do sol em energia el\u00e9trica. Sua utiliza\u00e7\u00e3o tem se popularizado no Brasil, desde grandes usinas centralizadas a pequenos geradores residenciais. Um dos usos mais consolidados dos sistemas fotovoltaicos utiliza baterias para levar energia a locais onde n\u00e3o h\u00e1 rede de distribui\u00e7\u00e3o. No <\/span><a href=\"https:\/\/bit.ly\/2RjsRDM\" target=\"_blank\" rel=\"noopener\"><span style=\"font-weight: 400;\">Pantanal sul-mato-grossense<\/span><\/a><span style=\"font-weight: 400;\"> e na <\/span><a href=\"https:\/\/bit.ly\/3xAmI6O\" target=\"_blank\" rel=\"noopener\"><span style=\"font-weight: 400;\">Amaz\u00f4nia<\/span><\/a><span style=\"font-weight: 400;\">, por exemplo, geradores fotovoltaicos associados a baterias est\u00e3o sendo utilizados pela concession\u00e1ria de energia para universaliza\u00e7\u00e3o do acesso em comunidades remotas.\u00a0<\/span><\/p>\n<p><span style=\"font-weight: 400;\">Para de fato tornar universal o acesso \u00e0 energia em nossa cidade, \u00e9 necess\u00e1rio enfrentar o desafio de lev\u00e1-la aos agricultores do Maci\u00e7o. N\u00e3o \u00e9 uma tarefa simples do ponto de vista t\u00e9cnico porque foge ao padr\u00e3o. Dentre as possibilidades existentes caber\u00e1 \u00e0 distribuidora avaliar a melhor forma de garantir esse direito, considerando as solu\u00e7\u00f5es mais adequadas \u00e0s restri\u00e7\u00f5es de uma unidade de conserva\u00e7\u00e3o, seus impactos socioambientais e custos.<\/span><\/p>\n<p>Sobre os autores:<\/p>\n<p><em>Iamni Torres Jager \u00e9 educadora popular, bi\u00f3loga, mestre em Ci\u00eancia, Tecnologia e Educa\u00e7\u00e3o e doutoranda, e moradora do Quilombo do Camorim. Milita em movimentos sociais sobretudo os da regi\u00e3o da <a href=\"https:\/\/bit.ly\/3cEuW2M\" target=\"_blank\" rel=\"noopener\">Baixada de Jacarepagu\u00e1<\/a>, na luta por moradia, seguran\u00e7a alimentar e economia popular a partir de um vi\u00e9s agroecol\u00f3gico. Integra a <a href=\"https:\/\/bit.ly\/3aZc8N8\" target=\"_blank\" rel=\"noopener\">Teia de Solidariedade da Zona Oeste<\/a>, a <a href=\"http:\/\/bit.ly\/2SYIyNp\" target=\"_blank\" rel=\"noopener\">Coletiva Popular de Mulheres da Zona Oeste<\/a>, o <a href=\"http:\/\/bit.ly\/2x9MT4d\" target=\"_blank\" rel=\"noopener\">Plano Popular das Vargens<\/a>, a <a href=\"http:\/\/bit.ly\/2kYdVKP\" target=\"_blank\" rel=\"noopener\">Rede de Mulheres da Rede Carioca de Agricultura Urbana<\/a>, o <a href=\"https:\/\/bit.ly\/3vACnkQ\" target=\"_blank\" rel=\"noopener\">N\u00facleo de Investiga\u00e7\u00e3o em Ensino, Hist\u00f3ria da Ci\u00eancia e Cultura<\/a> e o <a href=\"https:\/\/bit.ly\/3aYgSCE\" target=\"_blank\" rel=\"noopener\">International History, Philosophy, Science Teaching Group<\/a>.<\/em><\/p>\n<p><em>Antonio Alonso \u00e9 morador do Quilombo do Camorim e estudante de Administra\u00e7\u00e3o P\u00fablica, al\u00e9m de servidor p\u00fablico. Hoje atua como integrador na <a href=\"https:\/\/bit.ly\/3teUtHw\" target=\"_blank\" rel=\"noopener\">Mirassol Energia Solar Fotovoltaica<\/a>, com a miss\u00e3o de realizar instala\u00e7\u00f5es de sistemas fotovoltaicos no Rio de Janeiro, agregando ao trabalho de planejamento e execu\u00e7\u00e3o, moradores da comunidade quilombola, com prioridade para a m\u00e3o de obra feminina.\u00a0 <\/em><\/p>\n<p><em>Sobre a artista:\u00a0<span class=\"il\">Natalia<\/span>\u00a0de Souza\u00a0<span class=\"il\">Flores \u00e9<\/span>\u00a0cria da Zona Norte e integrante das\u00a0<a href=\"https:\/\/bit.ly\/3xbZnrY\" target=\"_blank\" rel=\"noopener\">Brabas Crew<\/a>. Formada em Design Gr\u00e1fico pela Unigranrio em 2017, trabalha como designer desde 2015. Lan\u00e7ou a revista em quadrinhos coletiva \u2018T\u00e1 no Gibi\u2019, em 2017 na Bienal do Livro. Sua tem\u00e1tica principal \u00e9 afro usando elementos cyberpunk, wica e ind\u00edgena.<\/em><\/p>\n<p><em>Esta mat\u00e9ria <\/em><em>faz parte de uma\u00a0<a href=\"http:\/\/bit.ly\/JusticaEnergeticaNasFavelas\" target=\"_blank\" rel=\"noopener\">s\u00e9rie sobre justi\u00e7a e efici\u00eancia energ\u00e9tica nas favelas<\/a> do Rio, e tamb\u00e9m faz parte da <a href=\"http:\/\/bit.ly\/DesenraizandoRacismo\" target=\"_blank\" rel=\"noopener\">s\u00e9rie de mat\u00e9rias do projeto antirracista do RioOnWatch<\/a>.<\/em><\/p>\n<h4><b data-stringify-type=\"bold\">Compartilhe com a gente a sua opini\u00e3o sobre essa mat\u00e9ria\u00a0<\/b><b data-stringify-type=\"bold\"><a class=\"c-link\" href=\"https:\/\/bit.ly\/OpineAntirracismo\" target=\"_blank\" rel=\"noopener noreferrer\" data-stringify-link=\"https:\/\/docs.google.com\/forms\/d\/e\/1FAIpQLSc6PJwxQ0eapYlfSfsr8fyibg8ODzXKpGhJjXe2-8Bbxrtp1g\/viewform\" data-sk=\"tooltip_parent\">clicando aqui<\/a>.<\/b><\/h4>\n<hr \/>\n<h4><b data-stringify-type=\"bold\">Apoie nossos esfor\u00e7os para fornecer apoio estrat\u00e9gico \u00e0s favelas do Rio, incluindo o jornalismo hiperlocal, cr\u00edtico, inovador e incans\u00e1vel do\u00a0<\/b><b data-stringify-type=\"bold\"><i data-stringify-type=\"italic\">RioOnWatch<\/i><\/b>\u2014<strong><a class=\"c-link\" href=\"http:\/\/www.bit.ly\/ApoieROW\" target=\"_blank\" rel=\"noopener noreferrer\" data-stringify-link=\"http:\/\/www.bit.ly\/ApoieROW\" data-sk=\"tooltip_parent\">doe aqui<\/a>.<\/strong><\/h4>\n<!-- AddThis Advanced Settings generic via filter on the_content --><!-- AddThis Share Buttons generic via filter on the_content -->","protected":false},"excerpt":{"rendered":"<div class=\"mh-excerpt\"><p>Click Here for English Esta mat\u00e9ria faz parte de uma\u00a0s\u00e9rie sobre justi\u00e7a e efici\u00eancia energ\u00e9tica nas favelas do Rio, e tamb\u00e9m faz parte da s\u00e9rie de mat\u00e9rias do projeto antirracista do RioOnWatch. No in\u00edcio do <a class=\"mh-excerpt-more\" href=\"https:\/\/rioonwatch.org.br\/?p=54826\" title=\"Povos da Pedra Branca e os Dilemas Energ\u00e9ticos da Urbaniza\u00e7\u00e3o: Do Carv\u00e3o \u00e0 Eletricidade\">[&#8230;]<\/a><!-- AddThis Advanced Settings generic via filter on get_the_excerpt --><!-- AddThis Share Buttons generic via filter on get_the_excerpt --><\/p>\n<\/div>","protected":false},"author":167,"featured_media":54885,"comment_status":"closed","ping_status":"closed","sticky":false,"template":"","format":"standard","meta":{"_acf_changed":false,"_monsterinsights_skip_tracking":false,"_monsterinsights_sitenote_active":false,"_monsterinsights_sitenote_note":"","_monsterinsights_sitenote_category":0,"footnotes":""},"categories":[1621,1632,1625,344,1616,342,1639],"tags":[2274,301,300,299,2616,3253,436,259,898,561,1998,514,128,566,567,2571,1740,3047,494,2539,2974,2970,404,1725,184],"writer":[3035,3036],"translator":[],"source":[],"ilustrador":[],"fotografo":[],"class_list":{"0":"post-54826","1":"post","2":"type-post","3":"status-publish","4":"format-standard","5":"has-post-thumbnail","7":"category-destaque","8":"category-pesquisa-e-analise","9":"category-por-correspondentes-comunitarios","10":"category-politicas","11":"category-qualidades-da-favela","12":"category-solucoes","13":"category-sustentabilidade","14":"tag-abolicao","15":"tag-agroecologia","16":"tag-agrofloresta","17":"tag-alimentacao","18":"tag-amazonia","19":"tag-antirracismo","20":"tag-campo-grande","21":"tag-centro","22":"tag-comunidades-tradicionais","23":"tag-eletricidade","24":"tag-energia-solar","25":"tag-escravidao","26":"tag-historia","27":"tag-parque-estadual-da-pedra-branca","28":"tag-quilombo","29":"tag-quilombo-cafunda-astrogilda","30":"tag-quilombo-do-camorim","31":"tag-quilombo-dona-bilina","32":"tag-regiao-do-porto","33":"tag-sentimento-de-pertencimento","34":"tag-serie-antirracismo","35":"tag-serie-justica-energetica","36":"tag-sustentabilidade","37":"tag-vargem-grande","38":"tag-zona-oeste","39":"writer-antonio-alonso","40":"writer-iamni-torres-jager"},"acf":[],"yoast_head":"<!-- This site is optimized with the Yoast SEO plugin v25.6 - https:\/\/yoast.com\/wordpress\/plugins\/seo\/ -->\n<title>Povos da Pedra Branca e os Dilemas Energ\u00e9ticos da Urbaniza\u00e7\u00e3o: Do Carv\u00e3o \u00e0 Eletricidade - RioOnWatch<\/title>\n<meta name=\"robots\" content=\"index, follow, max-snippet:-1, max-image-preview:large, max-video-preview:-1\" \/>\n<link rel=\"canonical\" href=\"https:\/\/rioonwatch.org.br\/?p=54826\" \/>\n<meta property=\"og:locale\" content=\"pt_BR\" \/>\n<meta property=\"og:type\" content=\"article\" \/>\n<meta property=\"og:title\" content=\"Povos da Pedra Branca e os Dilemas Energ\u00e9ticos da Urbaniza\u00e7\u00e3o: Do Carv\u00e3o \u00e0 Eletricidade - RioOnWatch\" \/>\n<meta property=\"og:description\" content=\"Click Here for English Esta mat\u00e9ria faz parte de uma\u00a0s\u00e9rie sobre justi\u00e7a e efici\u00eancia energ\u00e9tica nas favelas do Rio, e tamb\u00e9m faz parte da s\u00e9rie de mat\u00e9rias do projeto antirracista do RioOnWatch. No in\u00edcio do [...]\" \/>\n<meta property=\"og:url\" content=\"https:\/\/rioonwatch.org.br\/?p=54826\" \/>\n<meta property=\"og:site_name\" content=\"RioOnWatch\" \/>\n<meta property=\"article:published_time\" content=\"2021-05-20T13:22:29+00:00\" \/>\n<meta property=\"article:modified_time\" content=\"2024-05-24T15:31:10+00:00\" \/>\n<meta property=\"og:image\" content=\"https:\/\/rioonwatch.org.br\/wp-content\/uploads\/2021\/05\/Arte-original-por-Natalia-S.-Flores-scaled.jpg\" \/>\n\t<meta property=\"og:image:width\" content=\"2560\" \/>\n\t<meta property=\"og:image:height\" content=\"1093\" \/>\n\t<meta property=\"og:image:type\" content=\"image\/jpeg\" \/>\n<meta name=\"author\" content=\"Julio Santos Filho\" \/>\n<meta name=\"twitter:card\" content=\"summary_large_image\" \/>\n<meta name=\"twitter:label1\" content=\"Escrito por\" \/>\n\t<meta name=\"twitter:data1\" content=\"Julio Santos Filho\" \/>\n\t<meta name=\"twitter:label2\" content=\"Est. tempo de leitura\" \/>\n\t<meta name=\"twitter:data2\" content=\"10 minutos\" \/>\n<script type=\"application\/ld+json\" class=\"yoast-schema-graph\">{\"@context\":\"https:\/\/schema.org\",\"@graph\":[{\"@type\":\"Article\",\"@id\":\"https:\/\/rioonwatch.org.br\/?p=54826#article\",\"isPartOf\":{\"@id\":\"https:\/\/rioonwatch.org.br\/?p=54826\"},\"author\":{\"name\":\"Julio Santos Filho\",\"@id\":\"https:\/\/rioonwatch.org.br\/#\/schema\/person\/476bc75767957d3535b65b796667cd36\"},\"headline\":\"Povos da Pedra Branca e os Dilemas Energ\u00e9ticos da Urbaniza\u00e7\u00e3o: Do Carv\u00e3o \u00e0 Eletricidade\",\"datePublished\":\"2021-05-20T13:22:29+00:00\",\"dateModified\":\"2024-05-24T15:31:10+00:00\",\"mainEntityOfPage\":{\"@id\":\"https:\/\/rioonwatch.org.br\/?p=54826\"},\"wordCount\":2051,\"publisher\":{\"@id\":\"https:\/\/rioonwatch.org.br\/#organization\"},\"image\":{\"@id\":\"https:\/\/rioonwatch.org.br\/?p=54826#primaryimage\"},\"thumbnailUrl\":\"https:\/\/rioonwatch.org.br\/wp-content\/uploads\/2021\/05\/Arte-original-por-Natalia-S.-Flores-scaled.jpg\",\"keywords\":[\"Aboli\u00e7\u00e3o\",\"agroecologia\",\"agrofloresta\",\"alimenta\u00e7\u00e3o\",\"Amaz\u00f4nia\",\"Antirracismo\",\"Campo Grande\",\"Centro\",\"comunidades tradicionais\",\"eletricidade\",\"energia solar\",\"escravid\u00e3o\",\"hist\u00f3ria\",\"Parque Estadual da Pedra Branca\",\"Quilombo\",\"Quilombo Cafund\u00e1 Astrogilda\",\"Quilombo do Camorim\",\"Quilombo Dona Bilina\",\"Regi\u00e3o do Porto\",\"sentimento de pertencimento\",\"S\u00e9rie: Antirracismo\",\"S\u00e9rie: Justi\u00e7a Energ\u00e9tica\",\"sustentabilidade\",\"Vargem Grande\",\"Zona Oeste\"],\"articleSection\":[\"*Destaque\",\"Dados e Pesquisa\",\"Escrito por Comunicadores Populares\",\"Pol\u00edticas\",\"Qualidades da Favela\",\"Solu\u00e7\u00f5es\",\"Sustentabilidade\"],\"inLanguage\":\"pt-BR\"},{\"@type\":\"WebPage\",\"@id\":\"https:\/\/rioonwatch.org.br\/?p=54826\",\"url\":\"https:\/\/rioonwatch.org.br\/?p=54826\",\"name\":\"Povos da Pedra Branca e os Dilemas Energ\u00e9ticos da Urbaniza\u00e7\u00e3o: Do Carv\u00e3o \u00e0 Eletricidade - RioOnWatch\",\"isPartOf\":{\"@id\":\"https:\/\/rioonwatch.org.br\/#website\"},\"primaryImageOfPage\":{\"@id\":\"https:\/\/rioonwatch.org.br\/?p=54826#primaryimage\"},\"image\":{\"@id\":\"https:\/\/rioonwatch.org.br\/?p=54826#primaryimage\"},\"thumbnailUrl\":\"https:\/\/rioonwatch.org.br\/wp-content\/uploads\/2021\/05\/Arte-original-por-Natalia-S.-Flores-scaled.jpg\",\"datePublished\":\"2021-05-20T13:22:29+00:00\",\"dateModified\":\"2024-05-24T15:31:10+00:00\",\"breadcrumb\":{\"@id\":\"https:\/\/rioonwatch.org.br\/?p=54826#breadcrumb\"},\"inLanguage\":\"pt-BR\",\"potentialAction\":[{\"@type\":\"ReadAction\",\"target\":[\"https:\/\/rioonwatch.org.br\/?p=54826\"]}]},{\"@type\":\"ImageObject\",\"inLanguage\":\"pt-BR\",\"@id\":\"https:\/\/rioonwatch.org.br\/?p=54826#primaryimage\",\"url\":\"https:\/\/rioonwatch.org.br\/wp-content\/uploads\/2021\/05\/Arte-original-por-Natalia-S.-Flores-scaled.jpg\",\"contentUrl\":\"https:\/\/rioonwatch.org.br\/wp-content\/uploads\/2021\/05\/Arte-original-por-Natalia-S.-Flores-scaled.jpg\",\"width\":2560,\"height\":1093,\"caption\":\"Arte original por Natalia S. Flores\"},{\"@type\":\"BreadcrumbList\",\"@id\":\"https:\/\/rioonwatch.org.br\/?p=54826#breadcrumb\",\"itemListElement\":[{\"@type\":\"ListItem\",\"position\":1,\"name\":\"In\u00edcio\",\"item\":\"https:\/\/rioonwatch.org.br\/\"},{\"@type\":\"ListItem\",\"position\":2,\"name\":\"Povos da Pedra Branca e os Dilemas Energ\u00e9ticos da Urbaniza\u00e7\u00e3o: Do Carv\u00e3o \u00e0 Eletricidade\"}]},{\"@type\":\"WebSite\",\"@id\":\"https:\/\/rioonwatch.org.br\/#website\",\"url\":\"https:\/\/rioonwatch.org.br\/\",\"name\":\"RioOnWatch\",\"description\":\"relatos das favelas cariocas\",\"publisher\":{\"@id\":\"https:\/\/rioonwatch.org.br\/#organization\"},\"potentialAction\":[{\"@type\":\"SearchAction\",\"target\":{\"@type\":\"EntryPoint\",\"urlTemplate\":\"https:\/\/rioonwatch.org.br\/?s={search_term_string}\"},\"query-input\":{\"@type\":\"PropertyValueSpecification\",\"valueRequired\":true,\"valueName\":\"search_term_string\"}}],\"inLanguage\":\"pt-BR\"},{\"@type\":\"Organization\",\"@id\":\"https:\/\/rioonwatch.org.br\/#organization\",\"name\":\"RioOnWatch\",\"url\":\"https:\/\/rioonwatch.org.br\/\",\"logo\":{\"@type\":\"ImageObject\",\"inLanguage\":\"pt-BR\",\"@id\":\"https:\/\/rioonwatch.org.br\/#\/schema\/logo\/image\/\",\"url\":\"https:\/\/rioonwatch.org.br\/wp-content\/uploads\/2021\/06\/RioOnWatchcabecalhoPT11anos-2.png\",\"contentUrl\":\"https:\/\/rioonwatch.org.br\/wp-content\/uploads\/2021\/06\/RioOnWatchcabecalhoPT11anos-2.png\",\"width\":779,\"height\":277,\"caption\":\"RioOnWatch\"},\"image\":{\"@id\":\"https:\/\/rioonwatch.org.br\/#\/schema\/logo\/image\/\"}},{\"@type\":\"Person\",\"@id\":\"https:\/\/rioonwatch.org.br\/#\/schema\/person\/476bc75767957d3535b65b796667cd36\",\"name\":\"Julio Santos Filho\",\"image\":{\"@type\":\"ImageObject\",\"inLanguage\":\"pt-BR\",\"@id\":\"https:\/\/rioonwatch.org.br\/#\/schema\/person\/image\/\",\"url\":\"https:\/\/secure.gravatar.com\/avatar\/ca138f7666182a292a8ce4ca14fb81f8?s=96&d=blank&r=g\",\"contentUrl\":\"https:\/\/secure.gravatar.com\/avatar\/ca138f7666182a292a8ce4ca14fb81f8?s=96&d=blank&r=g\",\"caption\":\"Julio Santos Filho\"},\"url\":\"https:\/\/rioonwatch.org.br\/?author=167\"}]}<\/script>\n<!-- \/ Yoast SEO plugin. -->","yoast_head_json":{"title":"Povos da Pedra Branca e os Dilemas Energ\u00e9ticos da Urbaniza\u00e7\u00e3o: Do Carv\u00e3o \u00e0 Eletricidade - RioOnWatch","robots":{"index":"index","follow":"follow","max-snippet":"max-snippet:-1","max-image-preview":"max-image-preview:large","max-video-preview":"max-video-preview:-1"},"canonical":"https:\/\/rioonwatch.org.br\/?p=54826","og_locale":"pt_BR","og_type":"article","og_title":"Povos da Pedra Branca e os Dilemas Energ\u00e9ticos da Urbaniza\u00e7\u00e3o: Do Carv\u00e3o \u00e0 Eletricidade - RioOnWatch","og_description":"Click Here for English Esta mat\u00e9ria faz parte de uma\u00a0s\u00e9rie sobre justi\u00e7a e efici\u00eancia energ\u00e9tica nas favelas do Rio, e tamb\u00e9m faz parte da s\u00e9rie de mat\u00e9rias do projeto antirracista do RioOnWatch. No in\u00edcio do [...]","og_url":"https:\/\/rioonwatch.org.br\/?p=54826","og_site_name":"RioOnWatch","article_published_time":"2021-05-20T13:22:29+00:00","article_modified_time":"2024-05-24T15:31:10+00:00","og_image":[{"width":2560,"height":1093,"url":"https:\/\/rioonwatch.org.br\/wp-content\/uploads\/2021\/05\/Arte-original-por-Natalia-S.-Flores-scaled.jpg","type":"image\/jpeg"}],"author":"Julio Santos Filho","twitter_card":"summary_large_image","twitter_misc":{"Escrito por":"Julio Santos Filho","Est. tempo de leitura":"10 minutos"},"schema":{"@context":"https:\/\/schema.org","@graph":[{"@type":"Article","@id":"https:\/\/rioonwatch.org.br\/?p=54826#article","isPartOf":{"@id":"https:\/\/rioonwatch.org.br\/?p=54826"},"author":{"name":"Julio Santos Filho","@id":"https:\/\/rioonwatch.org.br\/#\/schema\/person\/476bc75767957d3535b65b796667cd36"},"headline":"Povos da Pedra Branca e os Dilemas Energ\u00e9ticos da Urbaniza\u00e7\u00e3o: Do Carv\u00e3o \u00e0 Eletricidade","datePublished":"2021-05-20T13:22:29+00:00","dateModified":"2024-05-24T15:31:10+00:00","mainEntityOfPage":{"@id":"https:\/\/rioonwatch.org.br\/?p=54826"},"wordCount":2051,"publisher":{"@id":"https:\/\/rioonwatch.org.br\/#organization"},"image":{"@id":"https:\/\/rioonwatch.org.br\/?p=54826#primaryimage"},"thumbnailUrl":"https:\/\/rioonwatch.org.br\/wp-content\/uploads\/2021\/05\/Arte-original-por-Natalia-S.-Flores-scaled.jpg","keywords":["Aboli\u00e7\u00e3o","agroecologia","agrofloresta","alimenta\u00e7\u00e3o","Amaz\u00f4nia","Antirracismo","Campo Grande","Centro","comunidades tradicionais","eletricidade","energia solar","escravid\u00e3o","hist\u00f3ria","Parque Estadual da Pedra Branca","Quilombo","Quilombo Cafund\u00e1 Astrogilda","Quilombo do Camorim","Quilombo Dona Bilina","Regi\u00e3o do Porto","sentimento de pertencimento","S\u00e9rie: Antirracismo","S\u00e9rie: Justi\u00e7a Energ\u00e9tica","sustentabilidade","Vargem Grande","Zona Oeste"],"articleSection":["*Destaque","Dados e Pesquisa","Escrito por Comunicadores Populares","Pol\u00edticas","Qualidades da Favela","Solu\u00e7\u00f5es","Sustentabilidade"],"inLanguage":"pt-BR"},{"@type":"WebPage","@id":"https:\/\/rioonwatch.org.br\/?p=54826","url":"https:\/\/rioonwatch.org.br\/?p=54826","name":"Povos da Pedra Branca e os Dilemas Energ\u00e9ticos da Urbaniza\u00e7\u00e3o: Do Carv\u00e3o \u00e0 Eletricidade - RioOnWatch","isPartOf":{"@id":"https:\/\/rioonwatch.org.br\/#website"},"primaryImageOfPage":{"@id":"https:\/\/rioonwatch.org.br\/?p=54826#primaryimage"},"image":{"@id":"https:\/\/rioonwatch.org.br\/?p=54826#primaryimage"},"thumbnailUrl":"https:\/\/rioonwatch.org.br\/wp-content\/uploads\/2021\/05\/Arte-original-por-Natalia-S.-Flores-scaled.jpg","datePublished":"2021-05-20T13:22:29+00:00","dateModified":"2024-05-24T15:31:10+00:00","breadcrumb":{"@id":"https:\/\/rioonwatch.org.br\/?p=54826#breadcrumb"},"inLanguage":"pt-BR","potentialAction":[{"@type":"ReadAction","target":["https:\/\/rioonwatch.org.br\/?p=54826"]}]},{"@type":"ImageObject","inLanguage":"pt-BR","@id":"https:\/\/rioonwatch.org.br\/?p=54826#primaryimage","url":"https:\/\/rioonwatch.org.br\/wp-content\/uploads\/2021\/05\/Arte-original-por-Natalia-S.-Flores-scaled.jpg","contentUrl":"https:\/\/rioonwatch.org.br\/wp-content\/uploads\/2021\/05\/Arte-original-por-Natalia-S.-Flores-scaled.jpg","width":2560,"height":1093,"caption":"Arte original por Natalia S. Flores"},{"@type":"BreadcrumbList","@id":"https:\/\/rioonwatch.org.br\/?p=54826#breadcrumb","itemListElement":[{"@type":"ListItem","position":1,"name":"In\u00edcio","item":"https:\/\/rioonwatch.org.br\/"},{"@type":"ListItem","position":2,"name":"Povos da Pedra Branca e os Dilemas Energ\u00e9ticos da Urbaniza\u00e7\u00e3o: Do Carv\u00e3o \u00e0 Eletricidade"}]},{"@type":"WebSite","@id":"https:\/\/rioonwatch.org.br\/#website","url":"https:\/\/rioonwatch.org.br\/","name":"RioOnWatch","description":"relatos das favelas cariocas","publisher":{"@id":"https:\/\/rioonwatch.org.br\/#organization"},"potentialAction":[{"@type":"SearchAction","target":{"@type":"EntryPoint","urlTemplate":"https:\/\/rioonwatch.org.br\/?s={search_term_string}"},"query-input":{"@type":"PropertyValueSpecification","valueRequired":true,"valueName":"search_term_string"}}],"inLanguage":"pt-BR"},{"@type":"Organization","@id":"https:\/\/rioonwatch.org.br\/#organization","name":"RioOnWatch","url":"https:\/\/rioonwatch.org.br\/","logo":{"@type":"ImageObject","inLanguage":"pt-BR","@id":"https:\/\/rioonwatch.org.br\/#\/schema\/logo\/image\/","url":"https:\/\/rioonwatch.org.br\/wp-content\/uploads\/2021\/06\/RioOnWatchcabecalhoPT11anos-2.png","contentUrl":"https:\/\/rioonwatch.org.br\/wp-content\/uploads\/2021\/06\/RioOnWatchcabecalhoPT11anos-2.png","width":779,"height":277,"caption":"RioOnWatch"},"image":{"@id":"https:\/\/rioonwatch.org.br\/#\/schema\/logo\/image\/"}},{"@type":"Person","@id":"https:\/\/rioonwatch.org.br\/#\/schema\/person\/476bc75767957d3535b65b796667cd36","name":"Julio Santos Filho","image":{"@type":"ImageObject","inLanguage":"pt-BR","@id":"https:\/\/rioonwatch.org.br\/#\/schema\/person\/image\/","url":"https:\/\/secure.gravatar.com\/avatar\/ca138f7666182a292a8ce4ca14fb81f8?s=96&d=blank&r=g","contentUrl":"https:\/\/secure.gravatar.com\/avatar\/ca138f7666182a292a8ce4ca14fb81f8?s=96&d=blank&r=g","caption":"Julio Santos Filho"},"url":"https:\/\/rioonwatch.org.br\/?author=167"}]}},"_links":{"self":[{"href":"https:\/\/rioonwatch.org.br\/index.php?rest_route=\/wp\/v2\/posts\/54826"}],"collection":[{"href":"https:\/\/rioonwatch.org.br\/index.php?rest_route=\/wp\/v2\/posts"}],"about":[{"href":"https:\/\/rioonwatch.org.br\/index.php?rest_route=\/wp\/v2\/types\/post"}],"author":[{"embeddable":true,"href":"https:\/\/rioonwatch.org.br\/index.php?rest_route=\/wp\/v2\/users\/167"}],"replies":[{"embeddable":true,"href":"https:\/\/rioonwatch.org.br\/index.php?rest_route=%2Fwp%2Fv2%2Fcomments&post=54826"}],"version-history":[{"count":50,"href":"https:\/\/rioonwatch.org.br\/index.php?rest_route=\/wp\/v2\/posts\/54826\/revisions"}],"predecessor-version":[{"id":59135,"href":"https:\/\/rioonwatch.org.br\/index.php?rest_route=\/wp\/v2\/posts\/54826\/revisions\/59135"}],"wp:featuredmedia":[{"embeddable":true,"href":"https:\/\/rioonwatch.org.br\/index.php?rest_route=\/wp\/v2\/media\/54885"}],"wp:attachment":[{"href":"https:\/\/rioonwatch.org.br\/index.php?rest_route=%2Fwp%2Fv2%2Fmedia&parent=54826"}],"wp:term":[{"taxonomy":"category","embeddable":true,"href":"https:\/\/rioonwatch.org.br\/index.php?rest_route=%2Fwp%2Fv2%2Fcategories&post=54826"},{"taxonomy":"post_tag","embeddable":true,"href":"https:\/\/rioonwatch.org.br\/index.php?rest_route=%2Fwp%2Fv2%2Ftags&post=54826"},{"taxonomy":"writer","embeddable":true,"href":"https:\/\/rioonwatch.org.br\/index.php?rest_route=%2Fwp%2Fv2%2Fwriter&post=54826"},{"taxonomy":"translator","embeddable":true,"href":"https:\/\/rioonwatch.org.br\/index.php?rest_route=%2Fwp%2Fv2%2Ftranslator&post=54826"},{"taxonomy":"source","embeddable":true,"href":"https:\/\/rioonwatch.org.br\/index.php?rest_route=%2Fwp%2Fv2%2Fsource&post=54826"},{"taxonomy":"ilustrador","embeddable":true,"href":"https:\/\/rioonwatch.org.br\/index.php?rest_route=%2Fwp%2Fv2%2Filustrador&post=54826"},{"taxonomy":"fotografo","embeddable":true,"href":"https:\/\/rioonwatch.org.br\/index.php?rest_route=%2Fwp%2Fv2%2Ffotografo&post=54826"}],"curies":[{"name":"wp","href":"https:\/\/api.w.org\/{rel}","templated":true}]}}