{"id":55295,"date":"2021-05-21T14:53:18","date_gmt":"2021-05-21T17:53:18","guid":{"rendered":"https:\/\/rioonwatch.org.br\/?p=55295"},"modified":"2021-05-24T13:44:08","modified_gmt":"2021-05-24T16:44:08","slug":"audiencia-publica-de-enfrentamento-a-miseria-no-rio-de-janeiro-identifica-acoes-de-combate-a-fome-video","status":"publish","type":"post","link":"https:\/\/rioonwatch.org.br\/?p=55295","title":{"rendered":"Audi\u00eancia P\u00fablica de Enfrentamento \u00e0 Mis\u00e9ria Identifica A\u00e7\u00f5es de Combate \u00e0 Fome"},"content":{"rendered":"<p style=\"text-align: right;\"><em><strong><a href=\"https:\/\/bit.ly\/3eQ9NX0\" target=\"_blank\" rel=\"noopener noreferrer\">Click Here for English<\/a><a href=\"https:\/\/bit.ly\/3eQ9NX0\" target=\"_blank\" rel=\"noopener noreferrer\"><img decoding=\"async\" class=\"alignright wp-image-15790\" src=\"http:\/\/rioonwatch.org.br\/wp-content\/uploads\/2012\/08\/EN-standard-e1439583104716.jpg\" alt=\"\" width=\"20\" height=\"20\" \/><\/a><\/strong><\/em><\/p>\n<p><i data-stringify-type=\"italic\">Esta \u00e9 nossa mat\u00e9ria mais recente sobre\u00a0<\/i><i data-stringify-type=\"italic\"><a class=\"c-link\" href=\"http:\/\/bit.ly\/Covid19NasFavelas\" target=\"_blank\" rel=\"noopener noreferrer\" data-stringify-link=\"http:\/\/bit.ly\/Covid19NasFavelas\" data-sk=\"tooltip_parent\">o coronav\u00edrus e seus impactos sobre as favelas<\/a>.<\/i><\/p>\n<p><a href=\"https:\/\/rioonwatch.org.br\/wp-content\/uploads\/2021\/05\/Enfrentando-a-Miseria-e-a-Extrema-Pobreza-no-estado-do-Rio-de-Janeiro-e-a-primeira-de-uma-serie-de-audiencias-publicas-da-Comissao-Especial-de-Combate-a-Miseria-da-ALERJ..png\"><img fetchpriority=\"high\" decoding=\"async\" class=\"wp-image-55305 alignright\" title=\"'Enfrentando a Mis\u00e9ria e a Extrema Pobreza no estado do Rio de Janeiro' \u00e9 a primeira de uma s\u00e9rie de audi\u00eancias p\u00fablicas da Comiss\u00e3o Especial de Combate \u00e0 Mis\u00e9ria da ALERJ.\" src=\"https:\/\/rioonwatch.org.br\/wp-content\/uploads\/2021\/05\/Enfrentando-a-Miseria-e-a-Extrema-Pobreza-no-estado-do-Rio-de-Janeiro-e-a-primeira-de-uma-serie-de-audiencias-publicas-da-Comissao-Especial-de-Combate-a-Miseria-da-ALERJ..png\" alt=\"'Enfrentando a Mis\u00e9ria e a Extrema Pobreza no estado do Rio de Janeiro' \u00e9 a primeira de uma s\u00e9rie de audi\u00eancias p\u00fablicas da Comiss\u00e3o Especial de Combate \u00e0 Mis\u00e9ria da ALERJ.\" width=\"300\" height=\"300\" srcset=\"https:\/\/rioonwatch.org.br\/wp-content\/uploads\/2021\/05\/Enfrentando-a-Miseria-e-a-Extrema-Pobreza-no-estado-do-Rio-de-Janeiro-e-a-primeira-de-uma-serie-de-audiencias-publicas-da-Comissao-Especial-de-Combate-a-Miseria-da-ALERJ..png 609w, https:\/\/rioonwatch.org.br\/wp-content\/uploads\/2021\/05\/Enfrentando-a-Miseria-e-a-Extrema-Pobreza-no-estado-do-Rio-de-Janeiro-e-a-primeira-de-uma-serie-de-audiencias-publicas-da-Comissao-Especial-de-Combate-a-Miseria-da-ALERJ.-264x264.png 264w\" sizes=\"(max-width: 300px) 100vw, 300px\" \/><\/a>No dia 7 de maio, a deputada estadual do Rio de Janeiro Renata Souza organizou a audi\u00eancia p\u00fablica \u201c<a href=\"https:\/\/bit.ly\/3u2Az33\" target=\"_blank\" rel=\"noopener\">O Enfrentamento \u00e0 Mis\u00e9ria e \u00e0 Extrema Pobreza no Estado do Rio de Janeiro<\/a>\u201d, na Assembleia Legislativa do Estado do Rio (<a href=\"http:\/\/bit.ly\/2yL8t1X\" target=\"_blank\" rel=\"noopener\">ALERJ<\/a>), onde atua desde 2018, ano em que se tornou a <a href=\"https:\/\/glo.bo\/2TpHeWq\" target=\"_blank\" rel=\"noopener\">primeira mulher negra a presidir<\/a> a <a href=\"http:\/\/bit.ly\/2L2rRzD\" target=\"_blank\" rel=\"noopener\">Comiss\u00e3o de Direitos Humanos e Cidadania<\/a> da ALERJ. Ao longo de sua carreira como deputada estadual, ela tem defendido uma s\u00e9rie de iniciativas voltadas \u00e0 promo\u00e7\u00e3o da cidadania e ao enfrentamento da mis\u00e9ria e da extrema pobreza, como a <a href=\"https:\/\/bit.ly\/33DGYqx\" target=\"_blank\" rel=\"noopener\">Lei 8.972\/20<\/a>, que concedeu \u00e0 Fiocruz, R$20 milh\u00f5es para <a href=\"https:\/\/bit.ly\/3o6Vuk1\" target=\"_blank\" rel=\"noopener\">implementar um plano de trabalho para o enfrentamento da Covid-19 nas favelas<\/a>, com recursos pr\u00f3prios da ALERJ.<\/p>\n<p>\u201cA pobreza \u00e9 uma realidade enfrentada por grande parte da popula\u00e7\u00e3o, em especial aos milhares de brasileiros que tiveram suas vidas afetadas pelo novo coronav\u00edrus. Al\u00e9m das lament\u00e1veis 400.000 mortes em todo pa\u00eds e quase 45.000 mortes s\u00f3 no estado do Rio de Janeiro, a pandemia <a href=\"https:\/\/bit.ly\/3o7HBC1\" target=\"_blank\" rel=\"noopener\">arrastou outros milhares para fome e para mis\u00e9ria<\/a>, devido \u00e0 falta de pol\u00edticas p\u00fablicas que garantam a seguran\u00e7a alimentar e a dignidade humana\u201d, denunciou Renata Souza.<\/p>\n<p><a href=\"https:\/\/rioonwatch.org.br\/wp-content\/uploads\/2021\/05\/Renata-Souza-PSOL-RJ-e-deputada-estadual-do-Rio-de-Janeiroe-primeira-mulher-negra-se-tornar-presidente-da-Comissao-de-Direitos-Humanos-e-Cidadania-da-ALERJ.jpg\"><img decoding=\"async\" class=\"alignright wp-image-55304\" title=\"Renata Souza (PSOL-RJ) \u00e9 deputada estadual do Rio de Janeiro e primeira mulher negra se tornar presidente da Comiss\u00e3o de Direitos Humanos e Cidadania da ALERJ\" src=\"https:\/\/rioonwatch.org.br\/wp-content\/uploads\/2021\/05\/Renata-Souza-PSOL-RJ-e-deputada-estadual-do-Rio-de-Janeiroe-primeira-mulher-negra-se-tornar-presidente-da-Comissao-de-Direitos-Humanos-e-Cidadania-da-ALERJ-471x264.jpg\" alt=\"Renata Souza (PSOL-RJ) \u00e9 deputada estadual do Rio de Janeiroe primeira mulher negra se tornar presidente da Comiss\u00e3o de Direitos Humanos e Cidadania da ALERJ\" width=\"300\" height=\"168\" srcset=\"https:\/\/rioonwatch.org.br\/wp-content\/uploads\/2021\/05\/Renata-Souza-PSOL-RJ-e-deputada-estadual-do-Rio-de-Janeiroe-primeira-mulher-negra-se-tornar-presidente-da-Comissao-de-Direitos-Humanos-e-Cidadania-da-ALERJ-471x264.jpg 471w, https:\/\/rioonwatch.org.br\/wp-content\/uploads\/2021\/05\/Renata-Souza-PSOL-RJ-e-deputada-estadual-do-Rio-de-Janeiroe-primeira-mulher-negra-se-tornar-presidente-da-Comissao-de-Direitos-Humanos-e-Cidadania-da-ALERJ-620x348.jpg 620w, https:\/\/rioonwatch.org.br\/wp-content\/uploads\/2021\/05\/Renata-Souza-PSOL-RJ-e-deputada-estadual-do-Rio-de-Janeiroe-primeira-mulher-negra-se-tornar-presidente-da-Comissao-de-Direitos-Humanos-e-Cidadania-da-ALERJ-768x431.jpg 768w, https:\/\/rioonwatch.org.br\/wp-content\/uploads\/2021\/05\/Renata-Souza-PSOL-RJ-e-deputada-estadual-do-Rio-de-Janeiroe-primeira-mulher-negra-se-tornar-presidente-da-Comissao-de-Direitos-Humanos-e-Cidadania-da-ALERJ-580x326.jpg 580w, https:\/\/rioonwatch.org.br\/wp-content\/uploads\/2021\/05\/Renata-Souza-PSOL-RJ-e-deputada-estadual-do-Rio-de-Janeiroe-primeira-mulher-negra-se-tornar-presidente-da-Comissao-de-Direitos-Humanos-e-Cidadania-da-ALERJ-174x98.jpg 174w, https:\/\/rioonwatch.org.br\/wp-content\/uploads\/2021\/05\/Renata-Souza-PSOL-RJ-e-deputada-estadual-do-Rio-de-Janeiroe-primeira-mulher-negra-se-tornar-presidente-da-Comissao-de-Direitos-Humanos-e-Cidadania-da-ALERJ.jpg 806w\" sizes=\"(max-width: 300px) 100vw, 300px\" \/><\/a>A deputada iniciou a audi\u00eancia, realizada por uma nova Comiss\u00e3o Especial de Combate \u00e0 Mis\u00e9ria e \u00e0 Pobreza Extrema, mencionando como foi \u201csimb\u00f3lico ter a audi\u00eancia naquele dia, no dia seguinte ao <a href=\"https:\/\/bit.ly\/3uzoyD6\" target=\"_blank\" rel=\"noopener\">massacre do Jacarezinho<\/a>\u201d, que segundo ela representa a <a href=\"http:\/\/bit.ly\/2PALm3Q\" target=\"_blank\" rel=\"noopener\">desumaniza\u00e7\u00e3o da popula\u00e7\u00e3o carioca em situa\u00e7\u00e3o de pobreza<\/a>.<\/p>\n<p>Durante a audi\u00eancia, diversos profissionais de diferentes organiza\u00e7\u00f5es e poderes governamentais contribu\u00edram para a an\u00e1lise da situa\u00e7\u00e3o atual nos n\u00edveis estadual e nacional, como o secret\u00e1rio de Desenvolvimento Social e Direitos Humanos, <a href=\"https:\/\/bit.ly\/3uGZZ7c\" target=\"_blank\" rel=\"noopener\">Bruno Dauaire<\/a>; <a href=\"https:\/\/bit.ly\/3uE2k2M\" target=\"_blank\" rel=\"noopener\">Fl\u00e1via Oliveira<\/a>, jornalista e colunista de economia; deputados estaduais <a href=\"https:\/\/bit.ly\/3vQtUtY\" target=\"_blank\" rel=\"noopener\">Waldeck Carneiro<\/a>, <a href=\"http:\/\/bit.ly\/2Wza5tM\" target=\"_blank\" rel=\"noopener\">Flavio Serafini<\/a>, e <a href=\"https:\/\/bit.ly\/3fcTlPA\" target=\"_blank\" rel=\"noopener\">Enfermeira Rejane<\/a>; Valcler Rangel, diretor de rela\u00e7\u00f5es interinstitucionais da <a href=\"https:\/\/bit.ly\/2WWkKw0\" target=\"_blank\" rel=\"noopener\">Fiocruz<\/a>; <a href=\"https:\/\/bit.ly\/2R45BKs\" target=\"_blank\" rel=\"noopener\">Eduardo Suplicy<\/a>, vereador de S\u00e3o Paulo; Luana Carvalho, coordenadora nacional do <a href=\"https:\/\/bit.ly\/3oDKWJl\" target=\"_blank\" rel=\"noopener\">MST<\/a>; Cely Gomes, coordenadora estadual do <a href=\"http:\/\/bit.ly\/2Jk6dV5\" target=\"_blank\" rel=\"noopener\">MTST<\/a> e da iniciativa das <a href=\"https:\/\/bit.ly\/2Rpdla4\" target=\"_blank\" rel=\"noopener\">Cozinhas Solid\u00e1rias<\/a>; Mauro Os\u00f3rio, <a href=\"https:\/\/bit.ly\/3bf8kaH\" target=\"_blank\" rel=\"noopener\">diretor da Assessoria Fiscal da ALERJ<\/a>; <a href=\"https:\/\/bit.ly\/3w3jW8L\" target=\"_blank\" rel=\"noopener\">Rodrigo Afonso<\/a>, diretor-executivo da <a href=\"https:\/\/bit.ly\/3bZ10xV\" target=\"_blank\" rel=\"noopener\">A\u00e7\u00e3o da Cidadania<\/a>; Lucia Xavier, representante da <a href=\"https:\/\/bit.ly\/CoalizaoROW1\" target=\"_blank\" rel=\"noopener\">Coaliz\u00e3o Negra por Direitos<\/a>; e, por fim, <a href=\"https:\/\/bit.ly\/2RaUbV6\" target=\"_blank\" rel=\"noopener\">Leandro Ferreira<\/a>, presidente da <a href=\"https:\/\/bit.ly\/3uEL25z\" target=\"_blank\" rel=\"noopener\">Rede Brasileira de Renda B\u00e1sica<\/a>.<\/p>\n<p><a href=\"https:\/\/rioonwatch.org.br\/wp-content\/uploads\/2021\/05\/Bruno-Dauaire-PSC-RJ-secretario-estadual-de-Desenvolvimento-Social-e-Humano.jpg\"><img loading=\"lazy\" decoding=\"async\" class=\"wp-image-55307 alignright\" title=\"Bruno Dauaire (PSC-RJ) secret\u00e1rio estadual de Desenvolvimento Social e Humano\" src=\"https:\/\/rioonwatch.org.br\/wp-content\/uploads\/2021\/05\/Bruno-Dauaire-PSC-RJ-secretario-estadual-de-Desenvolvimento-Social-e-Humano.jpg\" alt=\"Bruno Dauaire (PSC-RJ) secret\u00e1rio estadual de Desenvolvimento Social e Humano\" width=\"300\" height=\"168\" srcset=\"https:\/\/rioonwatch.org.br\/wp-content\/uploads\/2021\/05\/Bruno-Dauaire-PSC-RJ-secretario-estadual-de-Desenvolvimento-Social-e-Humano.jpg 696w, https:\/\/rioonwatch.org.br\/wp-content\/uploads\/2021\/05\/Bruno-Dauaire-PSC-RJ-secretario-estadual-de-Desenvolvimento-Social-e-Humano-620x347.jpg 620w, https:\/\/rioonwatch.org.br\/wp-content\/uploads\/2021\/05\/Bruno-Dauaire-PSC-RJ-secretario-estadual-de-Desenvolvimento-Social-e-Humano-471x264.jpg 471w, https:\/\/rioonwatch.org.br\/wp-content\/uploads\/2021\/05\/Bruno-Dauaire-PSC-RJ-secretario-estadual-de-Desenvolvimento-Social-e-Humano-580x326.jpg 580w, https:\/\/rioonwatch.org.br\/wp-content\/uploads\/2021\/05\/Bruno-Dauaire-PSC-RJ-secretario-estadual-de-Desenvolvimento-Social-e-Humano-174x98.jpg 174w\" sizes=\"(max-width: 300px) 100vw, 300px\" \/><\/a>Bruno Dauaire come\u00e7ou citando a miss\u00e3o do Estado de reabrir dez restaurantes populares que oferecem comida por um real e entregam 1,7 milh\u00e3o de refei\u00e7\u00f5es por meio do programa <a href=\"https:\/\/bit.ly\/3o72FIZ\" target=\"_blank\" rel=\"noopener\">RJ Alimenta<\/a>. Al\u00e9m disso, foi estabelecida uma parceria entre a <a href=\"https:\/\/bit.ly\/2RM6HKw\" target=\"_blank\" rel=\"noopener\">Secretaria de Agricultura Familiar e Cooperativismo<\/a> e os agricultores familiares para a entrega de alimentos \u00e0s comunidades. Por fim, o programa <a href=\"https:\/\/bit.ly\/3bjfzhP\" target=\"_blank\" rel=\"noopener\">Supera Rio<\/a> foi citado pelo secret\u00e1rio, que come\u00e7aria este m\u00eas no Rio atendendo <a href=\"https:\/\/glo.bo\/3f2aQmZ\" target=\"_blank\" rel=\"noopener\">200.000 fam\u00edlias na linha de pobreza e abaixo<\/a>. De acordo com Renata Souza, precisamos de um calend\u00e1rio de a\u00e7\u00f5es espec\u00edfico, considerando que 55% da popula\u00e7\u00e3o vive atualmente em situa\u00e7\u00e3o de inseguran\u00e7a alimentar.<\/p>\n<p><a href=\"https:\/\/rioonwatch.org.br\/wp-content\/uploads\/2021\/05\/Jornalista-Flavia-Oliveira.jpg\"><img loading=\"lazy\" decoding=\"async\" class=\"wp-image-55308 alignright\" title=\"Jornalista Fl\u00e1via Oliveira\" src=\"https:\/\/rioonwatch.org.br\/wp-content\/uploads\/2021\/05\/Jornalista-Flavia-Oliveira.jpg\" alt=\"Jornalista Fl\u00e1via Oliveira\" width=\"300\" height=\"297\" srcset=\"https:\/\/rioonwatch.org.br\/wp-content\/uploads\/2021\/05\/Jornalista-Flavia-Oliveira.jpg 1200w, https:\/\/rioonwatch.org.br\/wp-content\/uploads\/2021\/05\/Jornalista-Flavia-Oliveira-620x614.jpg 620w, https:\/\/rioonwatch.org.br\/wp-content\/uploads\/2021\/05\/Jornalista-Flavia-Oliveira-1024x1014.jpg 1024w, https:\/\/rioonwatch.org.br\/wp-content\/uploads\/2021\/05\/Jornalista-Flavia-Oliveira-267x264.jpg 267w, https:\/\/rioonwatch.org.br\/wp-content\/uploads\/2021\/05\/Jornalista-Flavia-Oliveira-768x760.jpg 768w\" sizes=\"(max-width: 300px) 100vw, 300px\" \/><\/a>Durante a interven\u00e7\u00e3o de Fl\u00e1via Oliveira, ela afirmou que as <a href=\"https:\/\/bit.ly\/2RAtCc1\" target=\"_blank\" rel=\"noopener\">pol\u00edticas sociais implementadas pelo presidente dos Estados Unidos<\/a>, Joseph Biden, durante a pandemia para ajudar as fam\u00edlias mais pobres, promovendo ajuda em \u00e1reas como educa\u00e7\u00e3o, seguran\u00e7a alimentar e transfer\u00eancia de renda, deviam servir como modelo para o governo brasileiro. No Brasil, programas como o <a href=\"http:\/\/bit.ly\/34yCCPV\" target=\"_blank\" rel=\"noopener\">Bolsa Fam\u00edlia<\/a> e o <a href=\"https:\/\/bit.ly\/3yoXKYq\" target=\"_blank\" rel=\"noopener\">Aux\u00edlio Emergencial<\/a> t\u00eam contribu\u00eddo para uma <a href=\"https:\/\/bit.ly\/3fhY5U0\" target=\"_blank\" rel=\"noopener\">queda menos acentuada do PIB nacional<\/a>. Quase um ter\u00e7o da popula\u00e7\u00e3o depende destes tipos de pol\u00edticas que <a href=\"https:\/\/bit.ly\/CampanhasCovidFavelas\" target=\"_blank\" rel=\"noopener\">n\u00e3o s\u00e3o suficientes<\/a> para o enfrentamento da pobreza estrutural, que continua a <a href=\"https:\/\/bit.ly\/3rFOz22\" target=\"_blank\" rel=\"noopener\">afetar mais os negros<\/a>, especialmente <a href=\"https:\/\/bit.ly\/2Q9hmhZ\" target=\"_blank\" rel=\"noopener\">as mulheres<\/a> negras.<\/p>\n<p>\u201cVoc\u00ea quer atingir os extremamente pobres e usa um aplicativo de <em>smartphone<\/em>, isso s\u00f3 poderia ser desenhado por um governo que n\u00e3o tem a menor ideia do que seja a crise social e a vulnerabilidade da popula\u00e7\u00e3o brasileira\u201d, declarou Fl\u00e1via Oliveira.<\/p>\n<p><a href=\"https:\/\/rioonwatch.org.br\/wp-content\/uploads\/2021\/05\/Waldeck-Carneiro-PT-RJ-deputado-estadual-do-Rio-de-Janeiro.jpg\"><img loading=\"lazy\" decoding=\"async\" class=\"alignright wp-image-55309\" title=\"Waldeck Carneiro (PT-RJ) deputado estadual do Rio de Janeiro\" src=\"https:\/\/rioonwatch.org.br\/wp-content\/uploads\/2021\/05\/Waldeck-Carneiro-PT-RJ-deputado-estadual-do-Rio-de-Janeiro.jpg\" alt=\"Waldeck Carneiro (PT-RJ) deputado estadual do Rio de Janeiro\" width=\"300\" height=\"168\" srcset=\"https:\/\/rioonwatch.org.br\/wp-content\/uploads\/2021\/05\/Waldeck-Carneiro-PT-RJ-deputado-estadual-do-Rio-de-Janeiro.jpg 806w, https:\/\/rioonwatch.org.br\/wp-content\/uploads\/2021\/05\/Waldeck-Carneiro-PT-RJ-deputado-estadual-do-Rio-de-Janeiro-620x348.jpg 620w, https:\/\/rioonwatch.org.br\/wp-content\/uploads\/2021\/05\/Waldeck-Carneiro-PT-RJ-deputado-estadual-do-Rio-de-Janeiro-471x264.jpg 471w, https:\/\/rioonwatch.org.br\/wp-content\/uploads\/2021\/05\/Waldeck-Carneiro-PT-RJ-deputado-estadual-do-Rio-de-Janeiro-768x431.jpg 768w, https:\/\/rioonwatch.org.br\/wp-content\/uploads\/2021\/05\/Waldeck-Carneiro-PT-RJ-deputado-estadual-do-Rio-de-Janeiro-580x326.jpg 580w, https:\/\/rioonwatch.org.br\/wp-content\/uploads\/2021\/05\/Waldeck-Carneiro-PT-RJ-deputado-estadual-do-Rio-de-Janeiro-174x98.jpg 174w\" sizes=\"(max-width: 300px) 100vw, 300px\" \/><\/a>De modo semelhante, o Deputado Estadual Waldeck Carneiro mencionou a necessidade de pol\u00edticas estruturais e nacionais para enfrentar a pobreza e a vulnerabilidade em diferentes dimens\u00f5es. Al\u00e9m disso, em dezembro de 2020 foi aprovada a <a href=\"https:\/\/bit.ly\/3bffYlp\" target=\"_blank\" rel=\"noopener\">Lei 9131\/20<\/a> que institui um plano de desenvolvimento, cidadania e direitos nas favelas, que daria amplo poder ao executivo para ter pol\u00edticas duradouras para enfrentar esse fen\u00f4meno social.<\/p>\n<p>Al\u00e9m disso, o Deputado Waldeck Carneiro denunciou a <a href=\"https:\/\/glo.bo\/3oc4vbE\" target=\"_blank\" rel=\"noopener\">fala do governador<\/a> do Rio de Janeiro, Cl\u00e1udio Castro, sobre a chacina no Jacarezinho cometida pela <a href=\"http:\/\/bit.ly\/2V9wzjo\" target=\"_blank\" rel=\"noopener\">Policia Civil<\/a> do Rio de Janeiro na v\u00e9spera da audi\u00eancia como uma \u201copera\u00e7\u00e3o de intelig\u00eancia\u201d, ao que a Deputada Renata Souza adicionou, \u201cN\u00e3o \u00e9 poss\u00edvel haver pena de morte no Brasil, um massacre [realizado pela Pol\u00edcia Civil] nunca ser\u00e1 considerado um sucesso\u201d. O deputado continuou analisando o qu\u00e3o absurda foi a opera\u00e7\u00e3o policial por \u201c<a href=\"http:\/\/bit.ly\/2x3RgQw\" target=\"_blank\" rel=\"noopener\">tratar as pessoas como descart\u00e1veis<\/a>\u201d.<\/p>\n<p><a href=\"https:\/\/rioonwatch.org.br\/wp-content\/uploads\/2021\/05\/Flavio-Serafini-PSOL-RJ-deputado-estadual-Rio-de-Janeiro.jpg\"><img loading=\"lazy\" decoding=\"async\" class=\"alignright wp-image-55310\" title=\"Flavio Serafini (PSOL-RJ) deputado estadual Rio de Janeiro\" src=\"https:\/\/rioonwatch.org.br\/wp-content\/uploads\/2021\/05\/Flavio-Serafini-PSOL-RJ-deputado-estadual-Rio-de-Janeiro.jpg\" alt=\"Flavio Serafini (PSOL-RJ) deputado estadual Rio de Janeiro\" width=\"300\" height=\"168\" srcset=\"https:\/\/rioonwatch.org.br\/wp-content\/uploads\/2021\/05\/Flavio-Serafini-PSOL-RJ-deputado-estadual-Rio-de-Janeiro.jpg 806w, https:\/\/rioonwatch.org.br\/wp-content\/uploads\/2021\/05\/Flavio-Serafini-PSOL-RJ-deputado-estadual-Rio-de-Janeiro-620x348.jpg 620w, https:\/\/rioonwatch.org.br\/wp-content\/uploads\/2021\/05\/Flavio-Serafini-PSOL-RJ-deputado-estadual-Rio-de-Janeiro-471x264.jpg 471w, https:\/\/rioonwatch.org.br\/wp-content\/uploads\/2021\/05\/Flavio-Serafini-PSOL-RJ-deputado-estadual-Rio-de-Janeiro-768x431.jpg 768w, https:\/\/rioonwatch.org.br\/wp-content\/uploads\/2021\/05\/Flavio-Serafini-PSOL-RJ-deputado-estadual-Rio-de-Janeiro-580x326.jpg 580w, https:\/\/rioonwatch.org.br\/wp-content\/uploads\/2021\/05\/Flavio-Serafini-PSOL-RJ-deputado-estadual-Rio-de-Janeiro-174x98.jpg 174w\" sizes=\"(max-width: 300px) 100vw, 300px\" \/><\/a>&#8220;Nos \u00faltimos anos, o <a href=\"https:\/\/bit.ly\/2RnUv33\" target=\"_blank\" rel=\"noopener\">Brasil atingiu um recorde de desemprego<\/a>, com um <a href=\"https:\/\/bit.ly\/340xt50\" target=\"_blank\" rel=\"noopener\">n\u00famero crescente de trabalhadores prec\u00e1rios<\/a>. Por isso, h\u00e1 necessidade de pol\u00edticas p\u00fablicas permanentes. Com a situa\u00e7\u00e3o atual, <a href=\"https:\/\/bbc.in\/2Rpqm3q\" target=\"_blank\" rel=\"noopener\">a expectativa de vida j\u00e1 baixou dois anos<\/a>&#8220;, disse Flavio Serafini. Valcler Rangel acrescentou uma fala sobre a sinergia entre pobreza e desigualdade e a import\u00e2ncia de que as pol\u00edticas p\u00fablicas de enfrentamento \u00e0 pobreza sejam constru\u00eddas pela popula\u00e7\u00e3o do Rio de Janeiro.<\/p>\n<p>\u201cRecentemente, observamos uma tend\u00eancia de <a href=\"https:\/\/bit.ly\/3bWHlBi\" target=\"_blank\" rel=\"noopener\">alta dos pre\u00e7os dos alimentos<\/a>, em parte ocasionada pela falta de pol\u00edticas p\u00fablicas federais para a agricultura familiar. Por isso, os agricultores continuam subordinados \u00e0s pol\u00edticas de explora\u00e7\u00e3o, recebendo escassas quantias pelo seu trabalho, e a popula\u00e7\u00e3o n\u00e3o recebendo alimentos que os saciam\u201d, disse Luana Carvalho.<\/p>\n<p>Se somarmos a falta de uma pol\u00edtica nacional de apoio \u00e0 agricultura familiar, \u00e0 maior taxa de desemprego dos \u00faltimos anos, mais a aus\u00eancia de estat\u00edsticas confi\u00e1veis, e a cont\u00ednua deteriora\u00e7\u00e3o das estrat\u00e9gias de combate \u00e0 fome desde 2016, o resultado \u00e9 um cen\u00e1rio assustador, repleto de possibilidades terr\u00edveis, especialmente para quem vive em favelas ou periferias urbanas.<\/p>\n<p>&#8220;Se algu\u00e9m est\u00e1 com fome, automaticamente todos os outros direitos s\u00e3o negados\u201d, acrescentou Rodrigo Afonso.<\/p>\n<p>\u201c<a href=\"https:\/\/bit.ly\/2AMnzIY\" target=\"_blank\" rel=\"noopener\">73% da popula\u00e7\u00e3o<\/a> que vive na pobreza \u00e9 negra e faltam pol\u00edticas voltadas para essa popula\u00e7\u00e3o, que os tratem como verdadeiros cidad\u00e3os. Vemos essa desigualdade dentro da pr\u00f3pria cidade do Rio e sabemos que essas pol\u00edticas podem funcionar. Enquanto os bairros mais ricos se beneficiam delas, as \u00e1reas mais pobres da cidade ainda lutam para ter acesso a um bom transporte, saneamento b\u00e1sico ou coleta de lixo\u201d, criticou Lucia Xavier, cuja campanha \u201c<a href=\"https:\/\/bit.ly\/3r2xUVw\" target=\"_blank\" rel=\"noopener\">Tem Gente Com Fome<\/a>\u201d j\u00e1 <a href=\"https:\/\/bit.ly\/3cJ7CCC\" target=\"_blank\" rel=\"noopener\">arrecadou R$11 milh\u00f5es<\/a>.<\/p>\n<p>Todos os participantes denunciaram a <a href=\"https:\/\/glo.bo\/3tGsz7k\" target=\"_blank\" rel=\"noopener\">chacina no Jacarezinho, que deixou 27 mortos<\/a> na manh\u00e3 anterior na comunidade do Jacarezinho, na <a href=\"http:\/\/bit.ly\/2ETpYR1\" target=\"_blank\" rel=\"noopener\">Zona Norte<\/a>. Alguns participantes denunciaram a pena de morte <em>de facto<\/em> para brasileiros negros e moradores de favelas na forma da viol\u00eancia policial, <a href=\"https:\/\/bit.ly\/3wkaoGw\" target=\"_blank\" rel=\"noopener\">perfilamento racial<\/a>,\u00a0racismo e <a href=\"http:\/\/bit.ly\/2K4oKp8\" target=\"_blank\" rel=\"noopener\">necropol\u00edtica<\/a>. O que \u00e9, exatamente, o que a juventude negra de favela vem clamando: \u201c<a href=\"https:\/\/bit.ly\/2ASLeXZ\" target=\"_blank\" rel=\"noopener\">Nem de Tiro, Nem de Covid, Nem de Fome! O Povo Negro Quer Viver!<\/a>\u201d<\/p>\n<h3>Assista \u00e0 Audi\u00eancia P\u00fablica Completa <a href=\"https:\/\/bit.ly\/3u2Az33\" target=\"_blank\" rel=\"noopener\">Aqui<\/a>:<\/h3>\n<p><iframe title=\"YouTube video player\" src=\"https:\/\/www.youtube.com\/embed\/iCPJkNrLeas\" width=\"620\" height=\"349\" frameborder=\"0\" allowfullscreen=\"allowfullscreen\"><span data-mce-type=\"bookmark\" style=\"display: inline-block; width: 0px; overflow: hidden; line-height: 0;\" class=\"mce_SELRES_start\">\ufeff<\/span><\/iframe><\/p>\n<hr \/>\n<h4><b data-stringify-type=\"bold\">Apoie nossos esfor\u00e7os para fornecer apoio estrat\u00e9gico \u00e0s favelas do Rio, incluindo o jornalismo hiperlocal, cr\u00edtico, inovador e incans\u00e1vel do\u00a0<\/b><b data-stringify-type=\"bold\"><i data-stringify-type=\"italic\">RioOnWatch<\/i><\/b>\u2014<strong><a class=\"c-link\" href=\"http:\/\/www.bit.ly\/ApoieROW\" target=\"_blank\" rel=\"noopener noreferrer\" data-stringify-link=\"http:\/\/www.bit.ly\/ApoieROW\" data-sk=\"tooltip_parent\">doe aqui<\/a>.<\/strong><\/h4>\n<!-- AddThis Advanced Settings generic via filter on the_content --><!-- AddThis Share Buttons generic via filter on the_content -->","protected":false},"excerpt":{"rendered":"<div class=\"mh-excerpt\"><p>Click Here for English Esta \u00e9 nossa mat\u00e9ria mais recente sobre\u00a0o coronav\u00edrus e seus impactos sobre as favelas. No dia 7 de maio, a deputada estadual do Rio de Janeiro Renata Souza organizou a audi\u00eancia <a class=\"mh-excerpt-more\" href=\"https:\/\/rioonwatch.org.br\/?p=55295\" title=\"Audi\u00eancia P\u00fablica de Enfrentamento \u00e0 Mis\u00e9ria Identifica A\u00e7\u00f5es de Combate \u00e0 Fome\">[&#8230;]<\/a><!-- AddThis Advanced Settings generic via filter on get_the_excerpt --><!-- AddThis Share Buttons generic via filter on get_the_excerpt --><\/p>\n<\/div>","protected":false},"author":167,"featured_media":55299,"comment_status":"closed","ping_status":"closed","sticky":false,"template":"","format":"standard","meta":{"_acf_changed":false,"_monsterinsights_skip_tracking":false,"_monsterinsights_sitenote_active":false,"_monsterinsights_sitenote_note":"","_monsterinsights_sitenote_category":0,"footnotes":""},"categories":[2753,1621,1627,1626,344,1612,342,1638],"tags":[1852,787,2967,2954,1515,2748,413,2146,2396,1307,2230,1403,1775,1217,1984,727,2514,1989,2491,2754,2797,1347,578,2657],"writer":[3046],"translator":[],"source":[],"ilustrador":[],"fotografo":[],"class_list":{"0":"post-55295","1":"post","2":"type-post","3":"status-publish","4":"format-standard","5":"has-post-thumbnail","7":"category-covid19nasfavelas","8":"category-destaque","9":"category-relato-de-evento","10":"category-por-observadores-internacionais","11":"category-politicas","12":"category-sociedade-civil","13":"category-solucoes","14":"category-video","15":"tag-alerj","16":"tag-chacina","17":"tag-claudio-castro","18":"tag-coalizao-negra-por-direitos","19":"tag-comissao-de-direitos-humanos-alerj","20":"tag-coronavirus","21":"tag-desigualdade","22":"tag-fiocruz","23":"tag-flavio-serafini","24":"tag-inclusao","25":"tag-fome","26":"tag-movimento-negro","27":"tag-mst","28":"tag-mtst","29":"tag-pcdob","30":"tag-pobreza","31":"tag-psc","32":"tag-psol","33":"tag-renata-souza-psol","34":"tag-serie-covid-19-nas-favelas","35":"tag-soberania-alimentar","36":"tag-solucao","37":"tag-trabalho-e-renda","38":"tag-waldeck-carneiro-da-silva-pt","39":"writer-eduardo-antunez-rolle"},"acf":[],"yoast_head":"<!-- This site is optimized with the Yoast SEO plugin v25.6 - https:\/\/yoast.com\/wordpress\/plugins\/seo\/ -->\n<title>Audi\u00eancia P\u00fablica de Enfrentamento \u00e0 Mis\u00e9ria Identifica A\u00e7\u00f5es de Combate \u00e0 Fome - RioOnWatch<\/title>\n<meta name=\"robots\" content=\"index, follow, max-snippet:-1, max-image-preview:large, max-video-preview:-1\" \/>\n<link rel=\"canonical\" href=\"https:\/\/rioonwatch.org.br\/?p=55295\" \/>\n<meta property=\"og:locale\" content=\"pt_BR\" \/>\n<meta property=\"og:type\" content=\"article\" \/>\n<meta property=\"og:title\" content=\"Audi\u00eancia P\u00fablica de Enfrentamento \u00e0 Mis\u00e9ria Identifica A\u00e7\u00f5es de Combate \u00e0 Fome - RioOnWatch\" \/>\n<meta property=\"og:description\" content=\"Click Here for English Esta \u00e9 nossa mat\u00e9ria mais recente sobre\u00a0o coronav\u00edrus e seus impactos sobre as favelas. No dia 7 de maio, a deputada estadual do Rio de Janeiro Renata Souza organizou a audi\u00eancia [...]\" \/>\n<meta property=\"og:url\" content=\"https:\/\/rioonwatch.org.br\/?p=55295\" \/>\n<meta property=\"og:site_name\" content=\"RioOnWatch\" \/>\n<meta property=\"article:published_time\" content=\"2021-05-21T17:53:18+00:00\" \/>\n<meta property=\"article:modified_time\" content=\"2021-05-24T16:44:08+00:00\" \/>\n<meta property=\"og:image\" content=\"https:\/\/rioonwatch.org.br\/wp-content\/uploads\/2021\/05\/Protesto-no-Jacarezinho-enquanto-acontecia-a-audiencia-publica-na-manha-do-dia-7-de-maio-manha-seguinte-a-Chacina-do-Jacarezinho..jpeg\" \/>\n\t<meta property=\"og:image:width\" content=\"1200\" \/>\n\t<meta property=\"og:image:height\" content=\"670\" \/>\n\t<meta property=\"og:image:type\" content=\"image\/jpeg\" \/>\n<meta name=\"author\" content=\"Julio Santos Filho\" \/>\n<meta name=\"twitter:card\" content=\"summary_large_image\" \/>\n<meta name=\"twitter:label1\" content=\"Escrito por\" \/>\n\t<meta name=\"twitter:data1\" content=\"Julio Santos Filho\" \/>\n\t<meta name=\"twitter:label2\" content=\"Est. tempo de leitura\" \/>\n\t<meta name=\"twitter:data2\" content=\"7 minutos\" \/>\n<script type=\"application\/ld+json\" class=\"yoast-schema-graph\">{\"@context\":\"https:\/\/schema.org\",\"@graph\":[{\"@type\":\"Article\",\"@id\":\"https:\/\/rioonwatch.org.br\/?p=55295#article\",\"isPartOf\":{\"@id\":\"https:\/\/rioonwatch.org.br\/?p=55295\"},\"author\":{\"name\":\"Julio Santos Filho\",\"@id\":\"https:\/\/rioonwatch.org.br\/#\/schema\/person\/476bc75767957d3535b65b796667cd36\"},\"headline\":\"Audi\u00eancia P\u00fablica de Enfrentamento \u00e0 Mis\u00e9ria Identifica A\u00e7\u00f5es de Combate \u00e0 Fome\",\"datePublished\":\"2021-05-21T17:53:18+00:00\",\"dateModified\":\"2021-05-24T16:44:08+00:00\",\"mainEntityOfPage\":{\"@id\":\"https:\/\/rioonwatch.org.br\/?p=55295\"},\"wordCount\":1272,\"publisher\":{\"@id\":\"https:\/\/rioonwatch.org.br\/#organization\"},\"image\":{\"@id\":\"https:\/\/rioonwatch.org.br\/?p=55295#primaryimage\"},\"thumbnailUrl\":\"https:\/\/rioonwatch.org.br\/wp-content\/uploads\/2021\/05\/Protesto-no-Jacarezinho-enquanto-acontecia-a-audiencia-publica-na-manha-do-dia-7-de-maio-manha-seguinte-a-Chacina-do-Jacarezinho..jpeg\",\"keywords\":[\"Alerj\",\"chacina\",\"Cl\u00e1udio Castro\",\"Coaliz\u00e3o Negra por Direitos\",\"Comiss\u00e3o de Direitos Humanos - Alerj\",\"coronav\u00edrus\",\"desigualdade\",\"Fiocruz\",\"Fl\u00e1vio Serafini\",\"inclus\u00e3o\",\"Inseguran\u00e7a alimentar\",\"Movimento negro\",\"MST\",\"MTST\",\"PCdoB\",\"pobreza\",\"PSC\",\"PSOL\",\"Renata Souza\",\"S\u00e9rie: Covid-19 Nas Favelas\",\"soberania alimentar\",\"solu\u00e7\u00e3o\",\"Trabalho e renda\",\"Waldeck Carneiro da Silva (PSB)\"],\"articleSection\":[\"#Covid19NasFavelas\",\"*Destaque\",\"Cobertura de Eventos\",\"Escrito por Aliados\",\"Pol\u00edticas\",\"Sociedade Civil\",\"Solu\u00e7\u00f5es\",\"V\u00eddeo\"],\"inLanguage\":\"pt-BR\"},{\"@type\":\"WebPage\",\"@id\":\"https:\/\/rioonwatch.org.br\/?p=55295\",\"url\":\"https:\/\/rioonwatch.org.br\/?p=55295\",\"name\":\"Audi\u00eancia P\u00fablica de Enfrentamento \u00e0 Mis\u00e9ria Identifica A\u00e7\u00f5es de Combate \u00e0 Fome - RioOnWatch\",\"isPartOf\":{\"@id\":\"https:\/\/rioonwatch.org.br\/#website\"},\"primaryImageOfPage\":{\"@id\":\"https:\/\/rioonwatch.org.br\/?p=55295#primaryimage\"},\"image\":{\"@id\":\"https:\/\/rioonwatch.org.br\/?p=55295#primaryimage\"},\"thumbnailUrl\":\"https:\/\/rioonwatch.org.br\/wp-content\/uploads\/2021\/05\/Protesto-no-Jacarezinho-enquanto-acontecia-a-audiencia-publica-na-manha-do-dia-7-de-maio-manha-seguinte-a-Chacina-do-Jacarezinho..jpeg\",\"datePublished\":\"2021-05-21T17:53:18+00:00\",\"dateModified\":\"2021-05-24T16:44:08+00:00\",\"breadcrumb\":{\"@id\":\"https:\/\/rioonwatch.org.br\/?p=55295#breadcrumb\"},\"inLanguage\":\"pt-BR\",\"potentialAction\":[{\"@type\":\"ReadAction\",\"target\":[\"https:\/\/rioonwatch.org.br\/?p=55295\"]}]},{\"@type\":\"ImageObject\",\"inLanguage\":\"pt-BR\",\"@id\":\"https:\/\/rioonwatch.org.br\/?p=55295#primaryimage\",\"url\":\"https:\/\/rioonwatch.org.br\/wp-content\/uploads\/2021\/05\/Protesto-no-Jacarezinho-enquanto-acontecia-a-audiencia-publica-na-manha-do-dia-7-de-maio-manha-seguinte-a-Chacina-do-Jacarezinho..jpeg\",\"contentUrl\":\"https:\/\/rioonwatch.org.br\/wp-content\/uploads\/2021\/05\/Protesto-no-Jacarezinho-enquanto-acontecia-a-audiencia-publica-na-manha-do-dia-7-de-maio-manha-seguinte-a-Chacina-do-Jacarezinho..jpeg\",\"width\":1200,\"height\":670,\"caption\":\"Protesto no Jacarezinho enquanto acontecia a audi\u00eancia p\u00fablica na manh\u00e3 do dia 7 de maio, manh\u00e3 seguinte \u00e0 Chacina do Jacarezinho.\"},{\"@type\":\"BreadcrumbList\",\"@id\":\"https:\/\/rioonwatch.org.br\/?p=55295#breadcrumb\",\"itemListElement\":[{\"@type\":\"ListItem\",\"position\":1,\"name\":\"In\u00edcio\",\"item\":\"https:\/\/rioonwatch.org.br\/\"},{\"@type\":\"ListItem\",\"position\":2,\"name\":\"Audi\u00eancia P\u00fablica de Enfrentamento \u00e0 Mis\u00e9ria Identifica A\u00e7\u00f5es de Combate \u00e0 Fome\"}]},{\"@type\":\"WebSite\",\"@id\":\"https:\/\/rioonwatch.org.br\/#website\",\"url\":\"https:\/\/rioonwatch.org.br\/\",\"name\":\"RioOnWatch\",\"description\":\"relatos das favelas cariocas\",\"publisher\":{\"@id\":\"https:\/\/rioonwatch.org.br\/#organization\"},\"potentialAction\":[{\"@type\":\"SearchAction\",\"target\":{\"@type\":\"EntryPoint\",\"urlTemplate\":\"https:\/\/rioonwatch.org.br\/?s={search_term_string}\"},\"query-input\":{\"@type\":\"PropertyValueSpecification\",\"valueRequired\":true,\"valueName\":\"search_term_string\"}}],\"inLanguage\":\"pt-BR\"},{\"@type\":\"Organization\",\"@id\":\"https:\/\/rioonwatch.org.br\/#organization\",\"name\":\"RioOnWatch\",\"url\":\"https:\/\/rioonwatch.org.br\/\",\"logo\":{\"@type\":\"ImageObject\",\"inLanguage\":\"pt-BR\",\"@id\":\"https:\/\/rioonwatch.org.br\/#\/schema\/logo\/image\/\",\"url\":\"https:\/\/rioonwatch.org.br\/wp-content\/uploads\/2021\/06\/RioOnWatchcabecalhoPT11anos-2.png\",\"contentUrl\":\"https:\/\/rioonwatch.org.br\/wp-content\/uploads\/2021\/06\/RioOnWatchcabecalhoPT11anos-2.png\",\"width\":779,\"height\":277,\"caption\":\"RioOnWatch\"},\"image\":{\"@id\":\"https:\/\/rioonwatch.org.br\/#\/schema\/logo\/image\/\"}},{\"@type\":\"Person\",\"@id\":\"https:\/\/rioonwatch.org.br\/#\/schema\/person\/476bc75767957d3535b65b796667cd36\",\"name\":\"Julio Santos Filho\",\"image\":{\"@type\":\"ImageObject\",\"inLanguage\":\"pt-BR\",\"@id\":\"https:\/\/rioonwatch.org.br\/#\/schema\/person\/image\/\",\"url\":\"https:\/\/secure.gravatar.com\/avatar\/ca138f7666182a292a8ce4ca14fb81f8?s=96&d=blank&r=g\",\"contentUrl\":\"https:\/\/secure.gravatar.com\/avatar\/ca138f7666182a292a8ce4ca14fb81f8?s=96&d=blank&r=g\",\"caption\":\"Julio Santos Filho\"},\"url\":\"https:\/\/rioonwatch.org.br\/?author=167\"}]}<\/script>\n<!-- \/ Yoast SEO plugin. -->","yoast_head_json":{"title":"Audi\u00eancia P\u00fablica de Enfrentamento \u00e0 Mis\u00e9ria Identifica A\u00e7\u00f5es de Combate \u00e0 Fome - RioOnWatch","robots":{"index":"index","follow":"follow","max-snippet":"max-snippet:-1","max-image-preview":"max-image-preview:large","max-video-preview":"max-video-preview:-1"},"canonical":"https:\/\/rioonwatch.org.br\/?p=55295","og_locale":"pt_BR","og_type":"article","og_title":"Audi\u00eancia P\u00fablica de Enfrentamento \u00e0 Mis\u00e9ria Identifica A\u00e7\u00f5es de Combate \u00e0 Fome - RioOnWatch","og_description":"Click Here for English Esta \u00e9 nossa mat\u00e9ria mais recente sobre\u00a0o coronav\u00edrus e seus impactos sobre as favelas. No dia 7 de maio, a deputada estadual do Rio de Janeiro Renata Souza organizou a audi\u00eancia [...]","og_url":"https:\/\/rioonwatch.org.br\/?p=55295","og_site_name":"RioOnWatch","article_published_time":"2021-05-21T17:53:18+00:00","article_modified_time":"2021-05-24T16:44:08+00:00","og_image":[{"width":1200,"height":670,"url":"https:\/\/rioonwatch.org.br\/wp-content\/uploads\/2021\/05\/Protesto-no-Jacarezinho-enquanto-acontecia-a-audiencia-publica-na-manha-do-dia-7-de-maio-manha-seguinte-a-Chacina-do-Jacarezinho..jpeg","type":"image\/jpeg"}],"author":"Julio Santos Filho","twitter_card":"summary_large_image","twitter_misc":{"Escrito por":"Julio Santos Filho","Est. tempo de leitura":"7 minutos"},"schema":{"@context":"https:\/\/schema.org","@graph":[{"@type":"Article","@id":"https:\/\/rioonwatch.org.br\/?p=55295#article","isPartOf":{"@id":"https:\/\/rioonwatch.org.br\/?p=55295"},"author":{"name":"Julio Santos Filho","@id":"https:\/\/rioonwatch.org.br\/#\/schema\/person\/476bc75767957d3535b65b796667cd36"},"headline":"Audi\u00eancia P\u00fablica de Enfrentamento \u00e0 Mis\u00e9ria Identifica A\u00e7\u00f5es de Combate \u00e0 Fome","datePublished":"2021-05-21T17:53:18+00:00","dateModified":"2021-05-24T16:44:08+00:00","mainEntityOfPage":{"@id":"https:\/\/rioonwatch.org.br\/?p=55295"},"wordCount":1272,"publisher":{"@id":"https:\/\/rioonwatch.org.br\/#organization"},"image":{"@id":"https:\/\/rioonwatch.org.br\/?p=55295#primaryimage"},"thumbnailUrl":"https:\/\/rioonwatch.org.br\/wp-content\/uploads\/2021\/05\/Protesto-no-Jacarezinho-enquanto-acontecia-a-audiencia-publica-na-manha-do-dia-7-de-maio-manha-seguinte-a-Chacina-do-Jacarezinho..jpeg","keywords":["Alerj","chacina","Cl\u00e1udio Castro","Coaliz\u00e3o Negra por Direitos","Comiss\u00e3o de Direitos Humanos - Alerj","coronav\u00edrus","desigualdade","Fiocruz","Fl\u00e1vio Serafini","inclus\u00e3o","Inseguran\u00e7a alimentar","Movimento negro","MST","MTST","PCdoB","pobreza","PSC","PSOL","Renata Souza","S\u00e9rie: Covid-19 Nas Favelas","soberania alimentar","solu\u00e7\u00e3o","Trabalho e renda","Waldeck Carneiro da Silva (PSB)"],"articleSection":["#Covid19NasFavelas","*Destaque","Cobertura de Eventos","Escrito por Aliados","Pol\u00edticas","Sociedade Civil","Solu\u00e7\u00f5es","V\u00eddeo"],"inLanguage":"pt-BR"},{"@type":"WebPage","@id":"https:\/\/rioonwatch.org.br\/?p=55295","url":"https:\/\/rioonwatch.org.br\/?p=55295","name":"Audi\u00eancia P\u00fablica de Enfrentamento \u00e0 Mis\u00e9ria Identifica A\u00e7\u00f5es de Combate \u00e0 Fome - RioOnWatch","isPartOf":{"@id":"https:\/\/rioonwatch.org.br\/#website"},"primaryImageOfPage":{"@id":"https:\/\/rioonwatch.org.br\/?p=55295#primaryimage"},"image":{"@id":"https:\/\/rioonwatch.org.br\/?p=55295#primaryimage"},"thumbnailUrl":"https:\/\/rioonwatch.org.br\/wp-content\/uploads\/2021\/05\/Protesto-no-Jacarezinho-enquanto-acontecia-a-audiencia-publica-na-manha-do-dia-7-de-maio-manha-seguinte-a-Chacina-do-Jacarezinho..jpeg","datePublished":"2021-05-21T17:53:18+00:00","dateModified":"2021-05-24T16:44:08+00:00","breadcrumb":{"@id":"https:\/\/rioonwatch.org.br\/?p=55295#breadcrumb"},"inLanguage":"pt-BR","potentialAction":[{"@type":"ReadAction","target":["https:\/\/rioonwatch.org.br\/?p=55295"]}]},{"@type":"ImageObject","inLanguage":"pt-BR","@id":"https:\/\/rioonwatch.org.br\/?p=55295#primaryimage","url":"https:\/\/rioonwatch.org.br\/wp-content\/uploads\/2021\/05\/Protesto-no-Jacarezinho-enquanto-acontecia-a-audiencia-publica-na-manha-do-dia-7-de-maio-manha-seguinte-a-Chacina-do-Jacarezinho..jpeg","contentUrl":"https:\/\/rioonwatch.org.br\/wp-content\/uploads\/2021\/05\/Protesto-no-Jacarezinho-enquanto-acontecia-a-audiencia-publica-na-manha-do-dia-7-de-maio-manha-seguinte-a-Chacina-do-Jacarezinho..jpeg","width":1200,"height":670,"caption":"Protesto no Jacarezinho enquanto acontecia a audi\u00eancia p\u00fablica na manh\u00e3 do dia 7 de maio, manh\u00e3 seguinte \u00e0 Chacina do Jacarezinho."},{"@type":"BreadcrumbList","@id":"https:\/\/rioonwatch.org.br\/?p=55295#breadcrumb","itemListElement":[{"@type":"ListItem","position":1,"name":"In\u00edcio","item":"https:\/\/rioonwatch.org.br\/"},{"@type":"ListItem","position":2,"name":"Audi\u00eancia P\u00fablica de Enfrentamento \u00e0 Mis\u00e9ria Identifica A\u00e7\u00f5es de Combate \u00e0 Fome"}]},{"@type":"WebSite","@id":"https:\/\/rioonwatch.org.br\/#website","url":"https:\/\/rioonwatch.org.br\/","name":"RioOnWatch","description":"relatos das favelas cariocas","publisher":{"@id":"https:\/\/rioonwatch.org.br\/#organization"},"potentialAction":[{"@type":"SearchAction","target":{"@type":"EntryPoint","urlTemplate":"https:\/\/rioonwatch.org.br\/?s={search_term_string}"},"query-input":{"@type":"PropertyValueSpecification","valueRequired":true,"valueName":"search_term_string"}}],"inLanguage":"pt-BR"},{"@type":"Organization","@id":"https:\/\/rioonwatch.org.br\/#organization","name":"RioOnWatch","url":"https:\/\/rioonwatch.org.br\/","logo":{"@type":"ImageObject","inLanguage":"pt-BR","@id":"https:\/\/rioonwatch.org.br\/#\/schema\/logo\/image\/","url":"https:\/\/rioonwatch.org.br\/wp-content\/uploads\/2021\/06\/RioOnWatchcabecalhoPT11anos-2.png","contentUrl":"https:\/\/rioonwatch.org.br\/wp-content\/uploads\/2021\/06\/RioOnWatchcabecalhoPT11anos-2.png","width":779,"height":277,"caption":"RioOnWatch"},"image":{"@id":"https:\/\/rioonwatch.org.br\/#\/schema\/logo\/image\/"}},{"@type":"Person","@id":"https:\/\/rioonwatch.org.br\/#\/schema\/person\/476bc75767957d3535b65b796667cd36","name":"Julio Santos Filho","image":{"@type":"ImageObject","inLanguage":"pt-BR","@id":"https:\/\/rioonwatch.org.br\/#\/schema\/person\/image\/","url":"https:\/\/secure.gravatar.com\/avatar\/ca138f7666182a292a8ce4ca14fb81f8?s=96&d=blank&r=g","contentUrl":"https:\/\/secure.gravatar.com\/avatar\/ca138f7666182a292a8ce4ca14fb81f8?s=96&d=blank&r=g","caption":"Julio Santos Filho"},"url":"https:\/\/rioonwatch.org.br\/?author=167"}]}},"_links":{"self":[{"href":"https:\/\/rioonwatch.org.br\/index.php?rest_route=\/wp\/v2\/posts\/55295"}],"collection":[{"href":"https:\/\/rioonwatch.org.br\/index.php?rest_route=\/wp\/v2\/posts"}],"about":[{"href":"https:\/\/rioonwatch.org.br\/index.php?rest_route=\/wp\/v2\/types\/post"}],"author":[{"embeddable":true,"href":"https:\/\/rioonwatch.org.br\/index.php?rest_route=\/wp\/v2\/users\/167"}],"replies":[{"embeddable":true,"href":"https:\/\/rioonwatch.org.br\/index.php?rest_route=%2Fwp%2Fv2%2Fcomments&post=55295"}],"version-history":[{"count":24,"href":"https:\/\/rioonwatch.org.br\/index.php?rest_route=\/wp\/v2\/posts\/55295\/revisions"}],"predecessor-version":[{"id":55368,"href":"https:\/\/rioonwatch.org.br\/index.php?rest_route=\/wp\/v2\/posts\/55295\/revisions\/55368"}],"wp:featuredmedia":[{"embeddable":true,"href":"https:\/\/rioonwatch.org.br\/index.php?rest_route=\/wp\/v2\/media\/55299"}],"wp:attachment":[{"href":"https:\/\/rioonwatch.org.br\/index.php?rest_route=%2Fwp%2Fv2%2Fmedia&parent=55295"}],"wp:term":[{"taxonomy":"category","embeddable":true,"href":"https:\/\/rioonwatch.org.br\/index.php?rest_route=%2Fwp%2Fv2%2Fcategories&post=55295"},{"taxonomy":"post_tag","embeddable":true,"href":"https:\/\/rioonwatch.org.br\/index.php?rest_route=%2Fwp%2Fv2%2Ftags&post=55295"},{"taxonomy":"writer","embeddable":true,"href":"https:\/\/rioonwatch.org.br\/index.php?rest_route=%2Fwp%2Fv2%2Fwriter&post=55295"},{"taxonomy":"translator","embeddable":true,"href":"https:\/\/rioonwatch.org.br\/index.php?rest_route=%2Fwp%2Fv2%2Ftranslator&post=55295"},{"taxonomy":"source","embeddable":true,"href":"https:\/\/rioonwatch.org.br\/index.php?rest_route=%2Fwp%2Fv2%2Fsource&post=55295"},{"taxonomy":"ilustrador","embeddable":true,"href":"https:\/\/rioonwatch.org.br\/index.php?rest_route=%2Fwp%2Fv2%2Filustrador&post=55295"},{"taxonomy":"fotografo","embeddable":true,"href":"https:\/\/rioonwatch.org.br\/index.php?rest_route=%2Fwp%2Fv2%2Ffotografo&post=55295"}],"curies":[{"name":"wp","href":"https:\/\/api.w.org\/{rel}","templated":true}]}}