{"id":55318,"date":"2021-05-24T12:59:51","date_gmt":"2021-05-24T15:59:51","guid":{"rendered":"https:\/\/rioonwatch.org.br\/?p=55318"},"modified":"2021-07-28T12:16:08","modified_gmt":"2021-07-28T15:16:08","slug":"trabalhadores-e-ambientalistas-denunciam-esvaziamento-no-programa-municipal-hortas-cariocas","status":"publish","type":"post","link":"https:\/\/rioonwatch.org.br\/?p=55318","title":{"rendered":"Ambientalistas Denunciam Esvaziamento no Programa Municipal Hortas Cariocas"},"content":{"rendered":"<p style=\"text-align: right;\"><em><strong><a href=\"https:\/\/bit.ly\/2UQVtqa\" target=\"_blank\" rel=\"noopener noreferrer\">Click Here for English<\/a><a href=\"https:\/\/bit.ly\/2UQVtqa\" target=\"_blank\" rel=\"noopener noreferrer\"><img decoding=\"async\" class=\"alignright wp-image-15790\" src=\"http:\/\/rioonwatch.org.br\/wp-content\/uploads\/2012\/08\/EN-standard-e1439583104716.jpg\" alt=\"\" width=\"20\" height=\"20\" \/><\/a><\/strong><\/em><\/p>\n<p>Cortes no servi\u00e7o de apoio t\u00e9cnico, atraso no pagamento das bolsas e falta de insumos: essas s\u00e3o algumas das den\u00fancias feitas por trabalhadores do programa <a href=\"https:\/\/bit.ly\/2TiJNbp\">Hortas Cariocas<\/a>, projeto de hortas comunit\u00e1rias coordenado pela Secretaria Municipal de Meio Ambiente (<a href=\"https:\/\/bit.ly\/343GCcL\" target=\"_blank\" rel=\"noopener\">SMAC<\/a>) do Rio de Janeiro. Os problemas come\u00e7aram em fevereiro deste ano e j\u00e1 provocaram a perda de milhares de mudas. O suposto desmonte do programa foi <a href=\"https:\/\/bit.ly\/3faZdKE\" target=\"_blank\" rel=\"noopener\">alvo de uma representa\u00e7\u00e3o<\/a> do <a href=\"https:\/\/bit.ly\/2S9MeQ0\">Movimento Ba\u00eda Viva<\/a> junto aos Minist\u00e9rios P\u00fablicos Estadual e Federal. O documento destaca a import\u00e2ncia do Hortas Cariocas como pol\u00edtica p\u00fablica de seguran\u00e7a alimentar do munic\u00edpio, especialmente no per\u00edodo de pandemia com o <a href=\"https:\/\/bit.ly\/3r2xUVw\">crescimento da fome entre os mais pobres<\/a>.<\/p>\n<p>Criado em 2006, o programa utiliza terrenos ociosos em favelas e unidades de ensino para a planta\u00e7\u00e3o de verduras e legumes, utilizando m\u00e3o de obra do pr\u00f3prio territ\u00f3rio no cultivo dos alimentos. Atualmente, 49 hortas est\u00e3o ativas, das quais 25 funcionam dentro de unidades escolares. Uma parte dos alimentos produzidos \u00e9 distribu\u00edda de forma gratuita \u00e0s fam\u00edlias em situa\u00e7\u00e3o de vulnerabilidade social. Apesar do <a href=\"https:\/\/bit.ly\/3wdgsAq\">reconhecimento internacional<\/a> como pol\u00edtica p\u00fablica socioambiental, com gera\u00e7\u00e3o de emprego e garantia de seguran\u00e7a alimentar, o programa vem sofrendo cortes que afetam o seu funcionamento.<\/p>\n<p>Na Horta Dirce Teixeira, no <a href=\"http:\/\/bit.ly\/2mcrYgA\" target=\"_blank\" rel=\"noopener\">Canal do Anil<\/a>, <a href=\"http:\/\/bit.ly\/2x3k8bw\" target=\"_blank\" rel=\"noopener\">Zona Oeste<\/a>, foram perdidas cerca de 80.000 mudas entre fevereiro e maio. O espa\u00e7o, que tem como fun\u00e7\u00e3o principal o cultivo de mudas para as demais 48 hortas do programa, est\u00e1 sem equipe t\u00e9cnica h\u00e1 tr\u00eas meses. Segundo Cl\u00e1udia Fraga, respons\u00e1vel pela unidade, dois engenheiros agr\u00f4nomos trabalhavam dando suporte ao manejo da terra e no transporte das mudas. Por\u00e9m, ap\u00f3s o vencimento do contrato em fevereiro, os hortel\u00e3os ficaram desassistidos.<\/p>\n<p>\u201cN\u00e3o temos como escoar as mudas para outras hortas sem os engenheiros. Morreram mais de 80.000 mudas, tivemos que dar para os bichos comerem\u201d, conta Cl\u00e1udia, que trabalha h\u00e1 cinco anos no Hortas Cariocas. Os brotos, que j\u00e1 n\u00e3o serviam para a alimenta\u00e7\u00e3o humana, viraram comida de galinhas e tartarugas, como demonstram as imagens anexadas \u00e0 representa\u00e7\u00e3o do Movimento Ba\u00eda Viva ao Minist\u00e9rio P\u00fablico. Al\u00e9m do apoio log\u00edstico, a equipe t\u00e9cnica exercia um papel fundamental para o funcionamento das hortas. Segundo Cl\u00e1udia, os engenheiros eram os respons\u00e1veis \u201cpelo controle de pragas, pelos insumos nas planta\u00e7\u00f5es e pelas instru\u00e7\u00f5es aos hortel\u00e3os no cultivo da terra\u201d.<\/p>\n<p><a href=\"https:\/\/rioonwatch.org.br\/wp-content\/uploads\/2021\/05\/anil_animais.jpg\"><img fetchpriority=\"high\" decoding=\"async\" class=\"aligncenter wp-image-55329 size-medium\" title=\"Na horta de Anil, mudas de hortali\u00e7as foram dadas aos animais Foto: Reprodu\u00e7\u00e3o Movimento Ba\u00eda Viva\" src=\"https:\/\/rioonwatch.org.br\/wp-content\/uploads\/2021\/05\/anil_animais-620x414.jpg\" alt=\"Na horta de Anil, mudas de hortali\u00e7as foram dadas aos animais Foto: Reprodu\u00e7\u00e3o Movimento Ba\u00eda Viva\" width=\"620\" height=\"414\" srcset=\"https:\/\/rioonwatch.org.br\/wp-content\/uploads\/2021\/05\/anil_animais-620x414.jpg 620w, https:\/\/rioonwatch.org.br\/wp-content\/uploads\/2021\/05\/anil_animais-396x264.jpg 396w, https:\/\/rioonwatch.org.br\/wp-content\/uploads\/2021\/05\/anil_animais.jpg 643w\" sizes=\"(max-width: 620px) 100vw, 620px\" \/><\/a><\/p>\n<p>Os impactos tamb\u00e9m s\u00e3o vistos no <a href=\"https:\/\/bit.ly\/3wl26OE\">projeto-piloto de cultivo de til\u00e1pias<\/a>, que funciona na Horta Dirce Teixeira. A produ\u00e7\u00e3o de peixes, iniciada no final do ano passado, \u00e9 in\u00e9dita e tinha como objetivo refor\u00e7ar a alimenta\u00e7\u00e3o das comunidades durante a pandemia. Por\u00e9m, sem a equipe t\u00e9cnica, os preju\u00edzos no projeto come\u00e7am a ser contabilizados. \u201cJ\u00e1 perdemos mais de 200 peixes por falta de apoio t\u00e9cnico. Dou comida, lavo os filtros, mas sem instru\u00e7\u00e3o n\u00e3o temos o que fazer\u201d, explica Cl\u00e1udia.<\/p>\n<p>Apenas na horta comunit\u00e1ria de <a href=\"http:\/\/bit.ly\/37jLc7e\" target=\"_blank\" rel=\"noopener\">Campo Grande<\/a>, tamb\u00e9m na Zona Oeste, as perdas giram em torno de 60.000 mudas. A unidade tamb\u00e9m faz germina\u00e7\u00e3o, mas tem seu trabalho focado no plantio de hortali\u00e7as. Todo m\u00eas, cerca de 500 hortali\u00e7as eram doadas pelo projeto. Nos \u00faltimos meses, sem o apoio t\u00e9cnico necess\u00e1rio, os hortel\u00e3os viram a produ\u00e7\u00e3o diminuir. Al\u00e9m da dificuldade em receber as mudas para o plantio, manter a terra f\u00e9rtil e sem pragas tem sido dif\u00edcil. \u201cO clima mudou, a gente agora est\u00e1 no outono, ent\u00e3o come\u00e7a a aparecer muitas pragas nas nossas planta\u00e7\u00f5es. Como a gente n\u00e3o usa nenhum tipo de agrot\u00f3xico, a gente faz tudo org\u00e2nico, os engenheiros agr\u00f4nomos ensinavam a fazer calda pimenta, calda de cebola, essas coisas que espantam os bichos sem contaminar as hortali\u00e7as\u201d, explica um trabalhador da unidade, que pediu para n\u00e3o ter o nome divulgado.<\/p>\n<p><a href=\"https:\/\/rioonwatch.org.br\/wp-content\/uploads\/2021\/05\/santissimo-_doacao-e1621456052939.jpg\"><img decoding=\"async\" class=\"alignright wp-image-55325\" title=\"Parte da produ\u00e7\u00e3o das hortas \u00e9 doada para pessoas em vulnerabilidade social Foto: Reprodu\u00e7\u00e3o Ba\u00eda Viva\" src=\"https:\/\/rioonwatch.org.br\/wp-content\/uploads\/2021\/05\/santissimo-_doacao-e1621456052939-393x264.jpg\" alt=\"Parte da produ\u00e7\u00e3o das hortas \u00e9 doada para pessoas em vulnerabilidade social Foto: Reprodu\u00e7\u00e3o Ba\u00eda Viva\" width=\"300\" height=\"202\" srcset=\"https:\/\/rioonwatch.org.br\/wp-content\/uploads\/2021\/05\/santissimo-_doacao-e1621456052939-393x264.jpg 393w, https:\/\/rioonwatch.org.br\/wp-content\/uploads\/2021\/05\/santissimo-_doacao-e1621456052939.jpg 577w\" sizes=\"(max-width: 300px) 100vw, 300px\" \/><\/a><\/p>\n<p>O impasse no contrato de apoio t\u00e9cnico esvaziou a horta comunit\u00e1ria localizada no <a href=\"https:\/\/bit.ly\/3whLZRU\" target=\"_blank\" rel=\"noopener\">Morro do S\u00e3o Carlos<\/a>, no <a href=\"https:\/\/bit.ly\/3hKCELb\" target=\"_blank\" rel=\"noopener\">Est\u00e1cio<\/a>, Zona Central, como conta uma trabalhadora da unidade. \u201cA terra t\u00e1 fraca, a gente n\u00e3o sabe o que a terra est\u00e1 precisando. Estamos sem receber mudas, tamb\u00e9m. A horta est\u00e1 sem produ\u00e7\u00e3o, os moradores falam que nunca viram essa horta t\u00e3o vazia\u201d, conta a horteloa que tamb\u00e9m prefere n\u00e3o ser identificada.<\/p>\n<p>O contrato que previa a presta\u00e7\u00e3o de servi\u00e7o de tr\u00eas engenheiros agr\u00f4nomos, alguns t\u00e9cnicos e ve\u00edculos para transportar insumos, como mudas e adubo, venceu em fevereiro e n\u00e3o foi renovado. Procurada, a Secretaria Municipal de Meio Ambiente n\u00e3o comentou sobre o apoio t\u00e9cnico, mas informou, por meio de nota que o or\u00e7amento previsto para o programa neste ano \u00e9 de R$ 1,68 milh\u00e3o, \u201co que representa 50,8% a mais do que o investido em 2020\u201d. No entanto, segundo den\u00fancia do Movimento Ba\u00eda Viva, o plano or\u00e7ament\u00e1rio s\u00f3 contempla o custeio das bolsas-aux\u00edlios e \u201cn\u00e3o prev\u00ea a manuten\u00e7\u00e3o do apoio t\u00e9cnico, log\u00edstico e administrativo t\u00e3o vital para a manuten\u00e7\u00e3o das atividades do programa\u201d. O Movimento ressalta ainda que o per\u00edodo de vig\u00eancia desse apoio, entre 2018 e fevereiro de 2021, coincide com o franco crescimento das unidades produtivas e das premia\u00e7\u00f5es que comprovam o \u00eaxito desse trabalho.<\/p>\n<p>No ano passado, o programa Hortas Cariocas foi inclu\u00eddo na <a href=\"https:\/\/bit.ly\/33Xn2yT\">lista de a\u00e7\u00f5es classificadas como essenciais<\/a> para alcan\u00e7ar os Objetivos de Desenvolvimento Sustent\u00e1vel (<a href=\"https:\/\/bit.ly\/348nESl\" target=\"_blank\" rel=\"noopener\">ODS<\/a>) da <a href=\"https:\/\/bit.ly\/33FuSyf\" target=\"_blank\" rel=\"noopener\">ONU<\/a>. A partir disso, o projeto passou a integrar a agenda da institui\u00e7\u00e3o, que pretende incentivar programas de desenvolvimento sustent\u00e1vel em v\u00e1rios pa\u00edses. No ano anterior, em 2019, outro reconhecimento internacional: o Hortas Cariocas recebeu <a href=\"https:\/\/bit.ly\/3oCFI0x\" target=\"_blank\" rel=\"noopener\">men\u00e7\u00e3o honrosa<\/a> na categoria Food Productions (Sistemas Alimentares Urbanos), no encontro conhecido como Pacto de Mil\u00e3o, que aconteceu na Fran\u00e7a.<\/p>\n<p><a href=\"https:\/\/rioonwatch.org.br\/wp-content\/uploads\/2021\/05\/Anil.jpg\"><img loading=\"lazy\" decoding=\"async\" class=\"aligncenter wp-image-55320 size-full\" title=\"Hortas Cariocas produzem 80 toneladas de alimentos por ano Foto: Reprodu\u00e7\u00e3o Movimento Ba\u00eda Viva\" src=\"https:\/\/rioonwatch.org.br\/wp-content\/uploads\/2021\/05\/Anil.jpg\" alt=\"Hortas Cariocas produzem 80 toneladas de alimentos por ano Foto: Reprodu\u00e7\u00e3o Movimento Ba\u00eda Viva\" width=\"652\" height=\"356\" srcset=\"https:\/\/rioonwatch.org.br\/wp-content\/uploads\/2021\/05\/Anil.jpg 652w, https:\/\/rioonwatch.org.br\/wp-content\/uploads\/2021\/05\/Anil-620x339.jpg 620w, https:\/\/rioonwatch.org.br\/wp-content\/uploads\/2021\/05\/Anil-484x264.jpg 484w\" sizes=\"(max-width: 652px) 100vw, 652px\" \/><\/a><\/p>\n<p>O Hortas Cariocas produz, anualmente, cerca de 80 toneladas de alimentos, segundo dados da SMAC. Al\u00e9m da <a href=\"https:\/\/bit.ly\/2S73zJF\">produ\u00e7\u00e3o de alimentos org\u00e2nicos<\/a>, o projeto tamb\u00e9m \u00e9 respons\u00e1vel por gerar emprego e renda nas comunidades. As bolsas-aux\u00edlio dos hortel\u00e3os variam entre R$500 a R$630 mensais. Para complementar a renda, uma parte da produ\u00e7\u00e3o \u00e9 doada e a outra vendida pelos trabalhadores. Os problemas denunciados s\u00e3o sentidos na mesa e, tamb\u00e9m, na renda das fam\u00edlias envolvidas no programa. Segundo Hortel\u00e3os ouvidos nesta reportagem, os aux\u00edlios pagos pela prefeitura tamb\u00e9m come\u00e7aram a apresentar atrasos em fevereiro deste ano: \u201cTem um m\u00eas atrasado que eles n\u00e3o pagaram ainda, que \u00e9 o m\u00eas de abril. A gente recebeu o m\u00eas de mar\u00e7o agora e falta o de abril. N\u00f3s estamos em maio\u201d, explica o trabalhador da Horta de Campo Grande.<\/p>\n<h3><strong>Den\u00fancias Sugerem Esvaziamento do Mutir\u00e3o de Reflorestamento <\/strong><\/h3>\n<p>Parte dos problemas denunciados no programa Hortas Cariocas repete-se em outro grande projeto ambiental do munic\u00edpio, o Mutir\u00e3o de Reflorestamento. Em mar\u00e7o deste ano, <a href=\"https:\/\/bit.ly\/3v3w5KJ\">o Movimento Ba\u00eda Viva encaminhou uma den\u00fancia<\/a> aos Minist\u00e9rios P\u00fablico Estadual e Federal sobre cortes or\u00e7ament\u00e1rios e demiss\u00f5es em massa de funcion\u00e1rios do programa. O documento ressalta que o Mutir\u00e3o j\u00e1 chegou a ter 1000 colaboradores divididos em equipes com 15 pessoas cada, mas que esse quantitativo vem caindo a cada gest\u00e3o. No come\u00e7o de 2021, houve uma nova redu\u00e7\u00e3o na equipe, que at\u00e9 ent\u00e3o se mantinha com apenas 453 trabalhadores. Segundo o Movimento Ba\u00eda Viva, \u201ccaso seja mantida esta decis\u00e3o equivocada, chegamos ao n\u00famero m\u00ednimo de reflorestadores das \u00faltimas d\u00e9cadas\u201d.<\/p>\n<p>O <a href=\"https:\/\/bit.ly\/3f1Cdxx\">Mutir\u00e3o Reflorestamento foi criado no final dos anos 1980<\/a> em um per\u00edodo em que a cidade do Rio sofria com deslizamentos de encostas nos morros e favelas durante os per\u00edodos de chuvas fortes que provocavam impactos socioambientais e mortes. Foi uma iniciativa pioneira na contrata\u00e7\u00e3o de m\u00e3o de obra local para projetos ambientais. O\u00a0programa j\u00e1 plantou mais de dez milh\u00f5es de mudas em 3,4 mil hectares de \u00e1rea de morros e encostas em 92 bairros do munic\u00edpio. O projeto \u00e9 \u201cum exemplo de que \u00e9 poss\u00edvel aliar reflorestamento com gera\u00e7\u00e3o de renda e trabalho entre os mais pobres\u201d, defende o Movimento Ba\u00eda Viva.<\/p>\n<p><a href=\"https:\/\/rioonwatch.org.br\/wp-content\/uploads\/2021\/05\/Mutirao-de-reflorestamento.jpg\"><img loading=\"lazy\" decoding=\"async\" class=\"aligncenter wp-image-55331\" title=\"Replantio de mudas na Encosta da Avenida Niemeyer Foto: Hudson Pontes\/Prefeitura do Rio\" src=\"https:\/\/rioonwatch.org.br\/wp-content\/uploads\/2021\/05\/Mutirao-de-reflorestamento.jpg\" alt=\"\" width=\"620\" height=\"413\" srcset=\"https:\/\/rioonwatch.org.br\/wp-content\/uploads\/2021\/05\/Mutirao-de-reflorestamento.jpg 1152w, https:\/\/rioonwatch.org.br\/wp-content\/uploads\/2021\/05\/Mutirao-de-reflorestamento-620x413.jpg 620w, https:\/\/rioonwatch.org.br\/wp-content\/uploads\/2021\/05\/Mutirao-de-reflorestamento-1024x683.jpg 1024w, https:\/\/rioonwatch.org.br\/wp-content\/uploads\/2021\/05\/Mutirao-de-reflorestamento-396x264.jpg 396w, https:\/\/rioonwatch.org.br\/wp-content\/uploads\/2021\/05\/Mutirao-de-reflorestamento-768x512.jpg 768w\" sizes=\"(max-width: 620px) 100vw, 620px\" \/><\/a><\/p>\n<p>Uma trabalhadora ouvida pela reportagem, que pediu para n\u00e3o ser identificada, contou que desde fevereiro as bolsas-aux\u00edlio t\u00eam sido pagas com atraso \u00e0s equipes do programa. Em mar\u00e7o, o valor chegou a ser reduzido, segundo a funcion\u00e1ria: \u201cMandaram v\u00e1rios agentes ambientais embora e reduziram em R$100 a bolsa dos agentes e em R$470 o aux\u00edlio dos supervisores\u201d. O valor pago aos agentes de reflorestamento \u00e9 inferior a um sal\u00e1rio m\u00ednimo.<\/p>\n<p>A redu\u00e7\u00e3o or\u00e7ament\u00e1ria tamb\u00e9m afetou o funcionamento dos projetos que integram o programa Mutir\u00e3o de Reflorestamento, como as a\u00e7\u00f5es de educa\u00e7\u00e3o ambiental m\u00f3vel e o pr\u00f3prio plantio, como explica a trabalhadora: \u201cO Mutir\u00e3o n\u00e3o tem mais contrato com caminh\u00e3o para transportar as mudas, os engenheiros est\u00e3o se virando para levar na picape, isso quando tem carro. Sem transporte como v\u00e3o levar os materiais as mudas para as \u00e1reas de reflorestamento?\u201d, questiona.<\/p>\n<p>Procurada para comentar as den\u00fancias no Hortas Cariocas e Mutir\u00e3o de Reflorestamento, a Secretaria Municipal de Meio Ambiente do Rio refor\u00e7ou a import\u00e2ncia dos programas para a pol\u00edtica ambiental da atual gest\u00e3o. Em nota informou que \u201co programa Hortas Cariocas est\u00e1 consolidado. A gest\u00e3o atual da Prefeitura planeja aplicar, em 2021, R$ 1,68 milh\u00e3o no programa, o que representa 50,8% a mais do que o investido em 2020. Os repasses no primeiro trimestre superaram os do mesmo per\u00edodo do ano passado. Uma diretriz clara \u00e9 levar os recursos naturais \u00e0s regi\u00f5es que mais precisam\u201d. Sobre o Mutir\u00e3o de Reflorestamento, a SMAC disse que \u201ca equipe t\u00e9cnica de engenheiros florestais da Secretaria de Meio Ambiente da Cidade possui um planejamento que assegura a atua\u00e7\u00e3o da Secretaria nos quase 4.000 hectares de \u00e1reas recuperadas da cidade\u201d.<\/p>\n<hr \/>\n<h4><b data-stringify-type=\"bold\">Apoie nossos esfor\u00e7os para fornecer apoio estrat\u00e9gico \u00e0s favelas do Rio, incluindo o jornalismo hiperlocal, cr\u00edtico, inovador e incans\u00e1vel do\u00a0<\/b><b data-stringify-type=\"bold\"><i data-stringify-type=\"italic\">RioOnWatch<\/i><\/b>\u2014<strong><a class=\"c-link\" href=\"http:\/\/www.bit.ly\/ApoieROW\" target=\"_blank\" rel=\"noopener noreferrer\" data-stringify-link=\"http:\/\/www.bit.ly\/ApoieROW\" data-sk=\"tooltip_parent\">doe aqui<\/a>.<\/strong><\/h4>\n<!-- AddThis Advanced Settings generic via filter on the_content --><!-- AddThis Share Buttons generic via filter on the_content -->","protected":false},"excerpt":{"rendered":"<div class=\"mh-excerpt\"><p>Click Here for English Cortes no servi\u00e7o de apoio t\u00e9cnico, atraso no pagamento das bolsas e falta de insumos: essas s\u00e3o algumas das den\u00fancias feitas por trabalhadores do programa Hortas Cariocas, projeto de hortas comunit\u00e1rias <a class=\"mh-excerpt-more\" href=\"https:\/\/rioonwatch.org.br\/?p=55318\" title=\"Ambientalistas Denunciam Esvaziamento no Programa Municipal Hortas Cariocas\">[&#8230;]<\/a><!-- AddThis Advanced Settings generic via filter on get_the_excerpt --><!-- AddThis Share Buttons generic via filter on get_the_excerpt --><\/p>\n<\/div>","protected":false},"author":173,"featured_media":55321,"comment_status":"closed","ping_status":"closed","sticky":false,"template":"","format":"standard","meta":{"_acf_changed":false,"_monsterinsights_skip_tracking":false,"_monsterinsights_sitenote_active":false,"_monsterinsights_sitenote_note":"","_monsterinsights_sitenote_category":0,"footnotes":""},"categories":[1621,346,344,342,1639],"tags":[301,299,436,54,484,1147,1929,2126,1097,3048,106,417,2975,1722,358,2451,297,1434,1347,404,184],"writer":[2817],"translator":[],"source":[],"ilustrador":[],"fotografo":[],"class_list":{"0":"post-55318","1":"post","2":"type-post","3":"status-publish","4":"format-standard","5":"has-post-thumbnail","7":"category-destaque","8":"category-denuncias","9":"category-politicas","10":"category-solucoes","11":"category-sustentabilidade","12":"tag-agroecologia","13":"tag-alimentacao","14":"tag-campo-grande","15":"tag-anil","16":"tag-prefeito-eduardo-paes","17":"tag-espacos-verdes","18":"tag-estacio","19":"tag-feira-organica","20":"tag-horta-comunitaria","21":"tag-hortas-cariocas","22":"tag-meio-ambiente","23":"tag-negligencia-do-estado","24":"tag-ods","25":"tag-onu","26":"tag-organizacao-comunitaria","27":"tag-politicas-publicas","28":"tag-reflorestamento","29":"tag-sao-carlos","30":"tag-solucao","31":"tag-sustentabilidade","32":"tag-zona-oeste","33":"writer-jaqueline-suarez"},"acf":[],"yoast_head":"<!-- This site is optimized with the Yoast SEO plugin v25.6 - https:\/\/yoast.com\/wordpress\/plugins\/seo\/ -->\n<title>Ambientalistas Denunciam Esvaziamento no Programa Municipal Hortas Cariocas - RioOnWatch<\/title>\n<meta name=\"robots\" content=\"index, follow, max-snippet:-1, max-image-preview:large, max-video-preview:-1\" \/>\n<link rel=\"canonical\" href=\"https:\/\/rioonwatch.org.br\/?p=55318\" \/>\n<meta property=\"og:locale\" content=\"pt_BR\" \/>\n<meta property=\"og:type\" content=\"article\" \/>\n<meta property=\"og:title\" content=\"Ambientalistas Denunciam Esvaziamento no Programa Municipal Hortas Cariocas - RioOnWatch\" \/>\n<meta property=\"og:description\" content=\"Click Here for English Cortes no servi\u00e7o de apoio t\u00e9cnico, atraso no pagamento das bolsas e falta de insumos: essas s\u00e3o algumas das den\u00fancias feitas por trabalhadores do programa Hortas Cariocas, projeto de hortas comunit\u00e1rias [...]\" \/>\n<meta property=\"og:url\" content=\"https:\/\/rioonwatch.org.br\/?p=55318\" \/>\n<meta property=\"og:site_name\" content=\"RioOnWatch\" \/>\n<meta property=\"article:published_time\" content=\"2021-05-24T15:59:51+00:00\" \/>\n<meta property=\"article:modified_time\" content=\"2021-07-28T15:16:08+00:00\" \/>\n<meta property=\"og:image\" content=\"https:\/\/rioonwatch.org.br\/wp-content\/uploads\/2021\/05\/santissimo-e1621454160640.jpg\" \/>\n\t<meta property=\"og:image:width\" content=\"614\" \/>\n\t<meta property=\"og:image:height\" content=\"264\" \/>\n\t<meta property=\"og:image:type\" content=\"image\/jpeg\" \/>\n<meta name=\"author\" content=\"Jaqueline Suarez\" \/>\n<meta name=\"twitter:card\" content=\"summary_large_image\" \/>\n<meta name=\"twitter:label1\" content=\"Escrito por\" \/>\n\t<meta name=\"twitter:data1\" content=\"Jaqueline Suarez\" \/>\n\t<meta name=\"twitter:label2\" content=\"Est. tempo de leitura\" \/>\n\t<meta name=\"twitter:data2\" content=\"8 minutos\" \/>\n<script type=\"application\/ld+json\" class=\"yoast-schema-graph\">{\"@context\":\"https:\/\/schema.org\",\"@graph\":[{\"@type\":\"Article\",\"@id\":\"https:\/\/rioonwatch.org.br\/?p=55318#article\",\"isPartOf\":{\"@id\":\"https:\/\/rioonwatch.org.br\/?p=55318\"},\"author\":{\"name\":\"Jaqueline Suarez\",\"@id\":\"https:\/\/rioonwatch.org.br\/#\/schema\/person\/27a3e25cbd933699e83d02c984584792\"},\"headline\":\"Ambientalistas Denunciam Esvaziamento no Programa Municipal Hortas Cariocas\",\"datePublished\":\"2021-05-24T15:59:51+00:00\",\"dateModified\":\"2021-07-28T15:16:08+00:00\",\"mainEntityOfPage\":{\"@id\":\"https:\/\/rioonwatch.org.br\/?p=55318\"},\"wordCount\":1764,\"publisher\":{\"@id\":\"https:\/\/rioonwatch.org.br\/#organization\"},\"image\":{\"@id\":\"https:\/\/rioonwatch.org.br\/?p=55318#primaryimage\"},\"thumbnailUrl\":\"https:\/\/rioonwatch.org.br\/wp-content\/uploads\/2021\/05\/santissimo-e1621454160640.jpg\",\"keywords\":[\"agroecologia\",\"alimenta\u00e7\u00e3o\",\"Campo Grande\",\"Canal do Anil\",\"Eduardo Paes\",\"espa\u00e7os verdes\",\"Est\u00e1cio\",\"feira org\u00e2nica\",\"horta comunit\u00e1ria\",\"Hortas Cariocas\",\"meio ambiente\",\"Neglig\u00eancia do Estado\",\"ODS\",\"ONU\",\"organiza\u00e7\u00e3o comunit\u00e1ria\",\"pol\u00edticas p\u00fablicas\",\"reflorestamento\",\"S\u00e3o Carlos\",\"solu\u00e7\u00e3o\",\"sustentabilidade\",\"Zona Oeste\"],\"articleSection\":[\"*Destaque\",\"Den\u00fancias\",\"Pol\u00edticas\",\"Solu\u00e7\u00f5es\",\"Sustentabilidade\"],\"inLanguage\":\"pt-BR\"},{\"@type\":\"WebPage\",\"@id\":\"https:\/\/rioonwatch.org.br\/?p=55318\",\"url\":\"https:\/\/rioonwatch.org.br\/?p=55318\",\"name\":\"Ambientalistas Denunciam Esvaziamento no Programa Municipal Hortas Cariocas - RioOnWatch\",\"isPartOf\":{\"@id\":\"https:\/\/rioonwatch.org.br\/#website\"},\"primaryImageOfPage\":{\"@id\":\"https:\/\/rioonwatch.org.br\/?p=55318#primaryimage\"},\"image\":{\"@id\":\"https:\/\/rioonwatch.org.br\/?p=55318#primaryimage\"},\"thumbnailUrl\":\"https:\/\/rioonwatch.org.br\/wp-content\/uploads\/2021\/05\/santissimo-e1621454160640.jpg\",\"datePublished\":\"2021-05-24T15:59:51+00:00\",\"dateModified\":\"2021-07-28T15:16:08+00:00\",\"breadcrumb\":{\"@id\":\"https:\/\/rioonwatch.org.br\/?p=55318#breadcrumb\"},\"inLanguage\":\"pt-BR\",\"potentialAction\":[{\"@type\":\"ReadAction\",\"target\":[\"https:\/\/rioonwatch.org.br\/?p=55318\"]}]},{\"@type\":\"ImageObject\",\"inLanguage\":\"pt-BR\",\"@id\":\"https:\/\/rioonwatch.org.br\/?p=55318#primaryimage\",\"url\":\"https:\/\/rioonwatch.org.br\/wp-content\/uploads\/2021\/05\/santissimo-e1621454160640.jpg\",\"contentUrl\":\"https:\/\/rioonwatch.org.br\/wp-content\/uploads\/2021\/05\/santissimo-e1621454160640.jpg\",\"width\":614,\"height\":264},{\"@type\":\"BreadcrumbList\",\"@id\":\"https:\/\/rioonwatch.org.br\/?p=55318#breadcrumb\",\"itemListElement\":[{\"@type\":\"ListItem\",\"position\":1,\"name\":\"In\u00edcio\",\"item\":\"https:\/\/rioonwatch.org.br\/\"},{\"@type\":\"ListItem\",\"position\":2,\"name\":\"Ambientalistas Denunciam Esvaziamento no Programa Municipal Hortas Cariocas\"}]},{\"@type\":\"WebSite\",\"@id\":\"https:\/\/rioonwatch.org.br\/#website\",\"url\":\"https:\/\/rioonwatch.org.br\/\",\"name\":\"RioOnWatch\",\"description\":\"relatos das favelas cariocas\",\"publisher\":{\"@id\":\"https:\/\/rioonwatch.org.br\/#organization\"},\"potentialAction\":[{\"@type\":\"SearchAction\",\"target\":{\"@type\":\"EntryPoint\",\"urlTemplate\":\"https:\/\/rioonwatch.org.br\/?s={search_term_string}\"},\"query-input\":{\"@type\":\"PropertyValueSpecification\",\"valueRequired\":true,\"valueName\":\"search_term_string\"}}],\"inLanguage\":\"pt-BR\"},{\"@type\":\"Organization\",\"@id\":\"https:\/\/rioonwatch.org.br\/#organization\",\"name\":\"RioOnWatch\",\"url\":\"https:\/\/rioonwatch.org.br\/\",\"logo\":{\"@type\":\"ImageObject\",\"inLanguage\":\"pt-BR\",\"@id\":\"https:\/\/rioonwatch.org.br\/#\/schema\/logo\/image\/\",\"url\":\"https:\/\/rioonwatch.org.br\/wp-content\/uploads\/2021\/06\/RioOnWatchcabecalhoPT11anos-2.png\",\"contentUrl\":\"https:\/\/rioonwatch.org.br\/wp-content\/uploads\/2021\/06\/RioOnWatchcabecalhoPT11anos-2.png\",\"width\":779,\"height\":277,\"caption\":\"RioOnWatch\"},\"image\":{\"@id\":\"https:\/\/rioonwatch.org.br\/#\/schema\/logo\/image\/\"}},{\"@type\":\"Person\",\"@id\":\"https:\/\/rioonwatch.org.br\/#\/schema\/person\/27a3e25cbd933699e83d02c984584792\",\"name\":\"Jaqueline Suarez\",\"image\":{\"@type\":\"ImageObject\",\"inLanguage\":\"pt-BR\",\"@id\":\"https:\/\/rioonwatch.org.br\/#\/schema\/person\/image\/\",\"url\":\"https:\/\/secure.gravatar.com\/avatar\/7ea8c4643047d9478a10b734302473c0?s=96&d=blank&r=g\",\"contentUrl\":\"https:\/\/secure.gravatar.com\/avatar\/7ea8c4643047d9478a10b734302473c0?s=96&d=blank&r=g\",\"caption\":\"Jaqueline Suarez\"},\"url\":\"https:\/\/rioonwatch.org.br\/?author=173\"}]}<\/script>\n<!-- \/ Yoast SEO plugin. -->","yoast_head_json":{"title":"Ambientalistas Denunciam Esvaziamento no Programa Municipal Hortas Cariocas - RioOnWatch","robots":{"index":"index","follow":"follow","max-snippet":"max-snippet:-1","max-image-preview":"max-image-preview:large","max-video-preview":"max-video-preview:-1"},"canonical":"https:\/\/rioonwatch.org.br\/?p=55318","og_locale":"pt_BR","og_type":"article","og_title":"Ambientalistas Denunciam Esvaziamento no Programa Municipal Hortas Cariocas - RioOnWatch","og_description":"Click Here for English Cortes no servi\u00e7o de apoio t\u00e9cnico, atraso no pagamento das bolsas e falta de insumos: essas s\u00e3o algumas das den\u00fancias feitas por trabalhadores do programa Hortas Cariocas, projeto de hortas comunit\u00e1rias [...]","og_url":"https:\/\/rioonwatch.org.br\/?p=55318","og_site_name":"RioOnWatch","article_published_time":"2021-05-24T15:59:51+00:00","article_modified_time":"2021-07-28T15:16:08+00:00","og_image":[{"width":614,"height":264,"url":"https:\/\/rioonwatch.org.br\/wp-content\/uploads\/2021\/05\/santissimo-e1621454160640.jpg","type":"image\/jpeg"}],"author":"Jaqueline Suarez","twitter_card":"summary_large_image","twitter_misc":{"Escrito por":"Jaqueline Suarez","Est. tempo de leitura":"8 minutos"},"schema":{"@context":"https:\/\/schema.org","@graph":[{"@type":"Article","@id":"https:\/\/rioonwatch.org.br\/?p=55318#article","isPartOf":{"@id":"https:\/\/rioonwatch.org.br\/?p=55318"},"author":{"name":"Jaqueline Suarez","@id":"https:\/\/rioonwatch.org.br\/#\/schema\/person\/27a3e25cbd933699e83d02c984584792"},"headline":"Ambientalistas Denunciam Esvaziamento no Programa Municipal Hortas Cariocas","datePublished":"2021-05-24T15:59:51+00:00","dateModified":"2021-07-28T15:16:08+00:00","mainEntityOfPage":{"@id":"https:\/\/rioonwatch.org.br\/?p=55318"},"wordCount":1764,"publisher":{"@id":"https:\/\/rioonwatch.org.br\/#organization"},"image":{"@id":"https:\/\/rioonwatch.org.br\/?p=55318#primaryimage"},"thumbnailUrl":"https:\/\/rioonwatch.org.br\/wp-content\/uploads\/2021\/05\/santissimo-e1621454160640.jpg","keywords":["agroecologia","alimenta\u00e7\u00e3o","Campo Grande","Canal do Anil","Eduardo Paes","espa\u00e7os verdes","Est\u00e1cio","feira org\u00e2nica","horta comunit\u00e1ria","Hortas Cariocas","meio ambiente","Neglig\u00eancia do Estado","ODS","ONU","organiza\u00e7\u00e3o comunit\u00e1ria","pol\u00edticas p\u00fablicas","reflorestamento","S\u00e3o Carlos","solu\u00e7\u00e3o","sustentabilidade","Zona Oeste"],"articleSection":["*Destaque","Den\u00fancias","Pol\u00edticas","Solu\u00e7\u00f5es","Sustentabilidade"],"inLanguage":"pt-BR"},{"@type":"WebPage","@id":"https:\/\/rioonwatch.org.br\/?p=55318","url":"https:\/\/rioonwatch.org.br\/?p=55318","name":"Ambientalistas Denunciam Esvaziamento no Programa Municipal Hortas Cariocas - RioOnWatch","isPartOf":{"@id":"https:\/\/rioonwatch.org.br\/#website"},"primaryImageOfPage":{"@id":"https:\/\/rioonwatch.org.br\/?p=55318#primaryimage"},"image":{"@id":"https:\/\/rioonwatch.org.br\/?p=55318#primaryimage"},"thumbnailUrl":"https:\/\/rioonwatch.org.br\/wp-content\/uploads\/2021\/05\/santissimo-e1621454160640.jpg","datePublished":"2021-05-24T15:59:51+00:00","dateModified":"2021-07-28T15:16:08+00:00","breadcrumb":{"@id":"https:\/\/rioonwatch.org.br\/?p=55318#breadcrumb"},"inLanguage":"pt-BR","potentialAction":[{"@type":"ReadAction","target":["https:\/\/rioonwatch.org.br\/?p=55318"]}]},{"@type":"ImageObject","inLanguage":"pt-BR","@id":"https:\/\/rioonwatch.org.br\/?p=55318#primaryimage","url":"https:\/\/rioonwatch.org.br\/wp-content\/uploads\/2021\/05\/santissimo-e1621454160640.jpg","contentUrl":"https:\/\/rioonwatch.org.br\/wp-content\/uploads\/2021\/05\/santissimo-e1621454160640.jpg","width":614,"height":264},{"@type":"BreadcrumbList","@id":"https:\/\/rioonwatch.org.br\/?p=55318#breadcrumb","itemListElement":[{"@type":"ListItem","position":1,"name":"In\u00edcio","item":"https:\/\/rioonwatch.org.br\/"},{"@type":"ListItem","position":2,"name":"Ambientalistas Denunciam Esvaziamento no Programa Municipal Hortas Cariocas"}]},{"@type":"WebSite","@id":"https:\/\/rioonwatch.org.br\/#website","url":"https:\/\/rioonwatch.org.br\/","name":"RioOnWatch","description":"relatos das favelas cariocas","publisher":{"@id":"https:\/\/rioonwatch.org.br\/#organization"},"potentialAction":[{"@type":"SearchAction","target":{"@type":"EntryPoint","urlTemplate":"https:\/\/rioonwatch.org.br\/?s={search_term_string}"},"query-input":{"@type":"PropertyValueSpecification","valueRequired":true,"valueName":"search_term_string"}}],"inLanguage":"pt-BR"},{"@type":"Organization","@id":"https:\/\/rioonwatch.org.br\/#organization","name":"RioOnWatch","url":"https:\/\/rioonwatch.org.br\/","logo":{"@type":"ImageObject","inLanguage":"pt-BR","@id":"https:\/\/rioonwatch.org.br\/#\/schema\/logo\/image\/","url":"https:\/\/rioonwatch.org.br\/wp-content\/uploads\/2021\/06\/RioOnWatchcabecalhoPT11anos-2.png","contentUrl":"https:\/\/rioonwatch.org.br\/wp-content\/uploads\/2021\/06\/RioOnWatchcabecalhoPT11anos-2.png","width":779,"height":277,"caption":"RioOnWatch"},"image":{"@id":"https:\/\/rioonwatch.org.br\/#\/schema\/logo\/image\/"}},{"@type":"Person","@id":"https:\/\/rioonwatch.org.br\/#\/schema\/person\/27a3e25cbd933699e83d02c984584792","name":"Jaqueline Suarez","image":{"@type":"ImageObject","inLanguage":"pt-BR","@id":"https:\/\/rioonwatch.org.br\/#\/schema\/person\/image\/","url":"https:\/\/secure.gravatar.com\/avatar\/7ea8c4643047d9478a10b734302473c0?s=96&d=blank&r=g","contentUrl":"https:\/\/secure.gravatar.com\/avatar\/7ea8c4643047d9478a10b734302473c0?s=96&d=blank&r=g","caption":"Jaqueline Suarez"},"url":"https:\/\/rioonwatch.org.br\/?author=173"}]}},"_links":{"self":[{"href":"https:\/\/rioonwatch.org.br\/index.php?rest_route=\/wp\/v2\/posts\/55318"}],"collection":[{"href":"https:\/\/rioonwatch.org.br\/index.php?rest_route=\/wp\/v2\/posts"}],"about":[{"href":"https:\/\/rioonwatch.org.br\/index.php?rest_route=\/wp\/v2\/types\/post"}],"author":[{"embeddable":true,"href":"https:\/\/rioonwatch.org.br\/index.php?rest_route=\/wp\/v2\/users\/173"}],"replies":[{"embeddable":true,"href":"https:\/\/rioonwatch.org.br\/index.php?rest_route=%2Fwp%2Fv2%2Fcomments&post=55318"}],"version-history":[{"count":20,"href":"https:\/\/rioonwatch.org.br\/index.php?rest_route=\/wp\/v2\/posts\/55318\/revisions"}],"predecessor-version":[{"id":57387,"href":"https:\/\/rioonwatch.org.br\/index.php?rest_route=\/wp\/v2\/posts\/55318\/revisions\/57387"}],"wp:featuredmedia":[{"embeddable":true,"href":"https:\/\/rioonwatch.org.br\/index.php?rest_route=\/wp\/v2\/media\/55321"}],"wp:attachment":[{"href":"https:\/\/rioonwatch.org.br\/index.php?rest_route=%2Fwp%2Fv2%2Fmedia&parent=55318"}],"wp:term":[{"taxonomy":"category","embeddable":true,"href":"https:\/\/rioonwatch.org.br\/index.php?rest_route=%2Fwp%2Fv2%2Fcategories&post=55318"},{"taxonomy":"post_tag","embeddable":true,"href":"https:\/\/rioonwatch.org.br\/index.php?rest_route=%2Fwp%2Fv2%2Ftags&post=55318"},{"taxonomy":"writer","embeddable":true,"href":"https:\/\/rioonwatch.org.br\/index.php?rest_route=%2Fwp%2Fv2%2Fwriter&post=55318"},{"taxonomy":"translator","embeddable":true,"href":"https:\/\/rioonwatch.org.br\/index.php?rest_route=%2Fwp%2Fv2%2Ftranslator&post=55318"},{"taxonomy":"source","embeddable":true,"href":"https:\/\/rioonwatch.org.br\/index.php?rest_route=%2Fwp%2Fv2%2Fsource&post=55318"},{"taxonomy":"ilustrador","embeddable":true,"href":"https:\/\/rioonwatch.org.br\/index.php?rest_route=%2Fwp%2Fv2%2Filustrador&post=55318"},{"taxonomy":"fotografo","embeddable":true,"href":"https:\/\/rioonwatch.org.br\/index.php?rest_route=%2Fwp%2Fv2%2Ffotografo&post=55318"}],"curies":[{"name":"wp","href":"https:\/\/api.w.org\/{rel}","templated":true}]}}