{"id":55455,"date":"2021-06-02T11:29:27","date_gmt":"2021-06-02T14:29:27","guid":{"rendered":"https:\/\/rioonwatch.org.br\/?p=55455"},"modified":"2021-09-29T08:32:41","modified_gmt":"2021-09-29T11:32:41","slug":"no-brasil-energia-nao-e-direito-social","status":"publish","type":"post","link":"https:\/\/rioonwatch.org.br\/?p=55455","title":{"rendered":"No Brasil, Energia N\u00e3o \u00c9 Direito Social"},"content":{"rendered":"<p style=\"text-align: right;\"><em><strong><a href=\"https:\/\/bit.ly\/3zzgjtz\" target=\"_blank\" rel=\"noopener noreferrer\">Click Here for English<\/a><a href=\"https:\/\/bit.ly\/3zzgjtz\" target=\"_blank\" rel=\"noopener noreferrer\"><img decoding=\"async\" class=\"alignright wp-image-15790\" src=\"http:\/\/rioonwatch.org.br\/wp-content\/uploads\/2012\/08\/EN-standard-e1439583104716.jpg\" alt=\"\" width=\"20\" height=\"20\" \/><\/a><\/strong><\/em><\/p>\n<p><em>Esta mat\u00e9ria\u00a0<\/em><em>faz parte de uma\u00a0<a href=\"http:\/\/bit.ly\/JusticaEnergeticaNasFavelas\" target=\"_blank\" rel=\"noopener\">s\u00e9rie sobre justi\u00e7a e efici\u00eancia energ\u00e9tica nas favelas<\/a> do Rio.<\/em><\/p>\n<p><span style=\"font-weight: 400;\">H\u00e1 meses, moradores da <\/span><a href=\"http:\/\/bit.ly\/16w2zz1\" target=\"_blank\" rel=\"noopener\"><span style=\"font-weight: 400;\">Rocinha<\/span><\/a><span style=\"font-weight: 400;\"> criaram um grupo no WhatsApp para reclamar sobre as quedas no fornecimento de energia el\u00e9trica e a falta de \u00e1gua nas casas, <\/span><a href=\"https:\/\/bit.ly\/3u08FFn\" target=\"_blank\" rel=\"noopener\"><span style=\"font-weight: 400;\">problemas recorrentes<\/span><\/a><span style=\"font-weight: 400;\"> para quem mora na favela. At\u00e9 hoje, o<\/span><span style=\"font-weight: 400;\">\u00a0<\/span><span style=\"font-weight: 400;\">acesso \u00e0 energia el\u00e9trica ainda <\/span><a href=\"https:\/\/bit.ly\/JusticaEnergeticaNasFavelas\" target=\"_blank\" rel=\"noopener\"><span style=\"font-weight: 400;\">n\u00e3o \u00e9 um direito social garantido<\/span><\/a><span style=\"font-weight: 400;\"> pela <\/span><a href=\"http:\/\/bit.ly\/RsgHDt\" target=\"_blank\" rel=\"noopener\"><span style=\"font-weight: 400;\">Constitui\u00e7\u00e3o Federal<\/span><\/a><span style=\"font-weight: 400;\">.\u00a0<\/span><\/p>\n<p><span style=\"font-weight: 400;\">Em 2017, o S<\/span><span style=\"font-weight: 400;\">enador Telm\u00e1rio Mota de Roraima <\/span><span style=\"font-weight: 400;\">apresentou a Proposta de Emenda Constitucional 44\/2017 (<\/span><a href=\"https:\/\/bit.ly\/3i27diW\" target=\"_blank\" rel=\"noopener\"><span style=\"font-weight: 400;\">PEC44\/2017<\/span><\/a><span style=\"font-weight: 400;\">) para, enfim, categorizar o <\/span><a href=\"https:\/\/bit.ly\/3uqCe2o\" target=\"_blank\" rel=\"noopener\"><span style=\"font-weight: 400;\">acesso \u00e0 energia el\u00e9trica como direito social<\/span><\/a><span style=\"font-weight: 400;\">. Segundo ele, o acesso \u00e0 energia el\u00e9trica \u00e9 de fundamental import\u00e2ncia para \u201cgarantir a dignidade humana\u201d, pois <\/span><a href=\"https:\/\/bit.ly\/3pi6c79\" target=\"_blank\" rel=\"noopener\"><span style=\"font-weight: 400;\">possibilita o uso e acesso de diversos bens e servi\u00e7os <\/span><\/a><span style=\"font-weight: 400;\">que dependem de fontes el\u00e9tricas<\/span><span style=\"font-weight: 400;\">.<\/span><\/p>\n<blockquote><p><span style=\"font-weight: 400;\">\u201cQuando a gente torna [o acesso \u00e0 energia el\u00e9trica] um direito social previsto na Constitui\u00e7\u00e3o, assim como a educa\u00e7\u00e3o, sa\u00fade, transporte, seguran\u00e7a, previd\u00eancia etc, isso passa a ser uma obriga\u00e7\u00e3o e n\u00e3o um programa do governo &#8216;A&#8217; ou um programa do governo &#8216;B&#8217;\u201d, <a href=\"https:\/\/bit.ly\/3uqCe2o\" target=\"_blank\" rel=\"noopener\">declarou<\/a> Telm\u00e1rio na \u00e9poca.<\/span><\/p><\/blockquote>\n<p><a href=\"https:\/\/rioonwatch.org.br\/wp-content\/uploads\/2021\/05\/Arte-sobre-os-Direitos-Sociais-garantidos-na-Constituicao-Federal-do-Brasil.-Arte-de-Senado-Federal..jpg\"><img fetchpriority=\"high\" decoding=\"async\" class=\"aligncenter wp-image-55457 size-medium\" title=\"Arte sobre os Direitos Sociais garantidos na Constitui\u00e7ao Federal do Brasil. Arte do Senado Federal.\" src=\"https:\/\/rioonwatch.org.br\/wp-content\/uploads\/2021\/05\/Arte-sobre-os-Direitos-Sociais-garantidos-na-Constituicao-Federal-do-Brasil.-Arte-de-Senado-Federal.-620x620.jpg\" alt=\"Arte sobre os Direitos Sociais garantidos na Constitui\u00e7ao Federal do Brasil. Arte de Senado Federal.\" width=\"620\" height=\"620\" srcset=\"https:\/\/rioonwatch.org.br\/wp-content\/uploads\/2021\/05\/Arte-sobre-os-Direitos-Sociais-garantidos-na-Constituicao-Federal-do-Brasil.-Arte-de-Senado-Federal.-620x620.jpg 620w, https:\/\/rioonwatch.org.br\/wp-content\/uploads\/2021\/05\/Arte-sobre-os-Direitos-Sociais-garantidos-na-Constituicao-Federal-do-Brasil.-Arte-de-Senado-Federal.-264x264.jpg 264w, https:\/\/rioonwatch.org.br\/wp-content\/uploads\/2021\/05\/Arte-sobre-os-Direitos-Sociais-garantidos-na-Constituicao-Federal-do-Brasil.-Arte-de-Senado-Federal..jpg 650w\" sizes=\"(max-width: 620px) 100vw, 620px\" \/><\/a><\/p>\n<p><span style=\"font-weight: 400;\">Os chamados direitos sociais referem-se \u00e0 qualidade de vida dos indiv\u00edduos e devem ser garantidos pelo Estado. O <\/span><a href=\"https:\/\/bit.ly\/3fw43SB\" target=\"_blank\" rel=\"noopener\"><span style=\"font-weight: 400;\">artigo 6\u00ba<\/span><\/a><span style=\"font-weight: 400;\"> da Constitui\u00e7\u00e3o de 1988 define uma s\u00e9rie de direitos sociais, sendo eles: <\/span><span style=\"font-weight: 400;\">educa\u00e7\u00e3o<\/span><span style=\"font-weight: 400;\">, <\/span><span style=\"font-weight: 400;\">sa\u00fade<\/span><span style=\"font-weight: 400;\">, <\/span><span style=\"font-weight: 400;\">alimenta\u00e7\u00e3o<\/span><span style=\"font-weight: 400;\">, <\/span><span style=\"font-weight: 400;\">trabalho<\/span><span style=\"font-weight: 400;\">, <\/span><span style=\"font-weight: 400;\">moradia<\/span><span style=\"font-weight: 400;\">, <\/span><span style=\"font-weight: 400;\">transporte<\/span><span style=\"font-weight: 400;\">, <\/span><span style=\"font-weight: 400;\">lazer<\/span><span style=\"font-weight: 400;\">, <\/span><span style=\"font-weight: 400;\">seguran\u00e7a<\/span><span style=\"font-weight: 400;\">, <\/span><span style=\"font-weight: 400;\">previd\u00eancia social<\/span><span style=\"font-weight: 400;\">, <\/span><span style=\"font-weight: 400;\">prote\u00e7\u00e3o \u00e0 maternidade<\/span><span style=\"font-weight: 400;\"> e <\/span><span style=\"font-weight: 400;\">\u00e0 inf\u00e2ncia<\/span><span style=\"font-weight: 400;\"> e a <\/span><span style=\"font-weight: 400;\">assist\u00eancia aos desamparados<\/span><span style=\"font-weight: 400;\">.<\/span><\/p>\n<p><a href=\"https:\/\/rioonwatch.org.br\/wp-content\/uploads\/2021\/06\/Rocinha-scaled.jpg\"><img decoding=\"async\" class=\"aligncenter wp-image-55488 size-content\" title=\"Casas na Rocinha\" src=\"https:\/\/rioonwatch.org.br\/wp-content\/uploads\/2021\/06\/Rocinha-620x264.jpg\" alt=\"Casas na Rocinha\" width=\"620\" height=\"264\" srcset=\"https:\/\/rioonwatch.org.br\/wp-content\/uploads\/2021\/06\/Rocinha-620x264.jpg 620w, https:\/\/rioonwatch.org.br\/wp-content\/uploads\/2021\/06\/Rocinha-940x400.jpg 940w\" sizes=\"(max-width: 620px) 100vw, 620px\" \/><\/a><\/p>\n<p><span style=\"font-weight: 400;\">A PEC da energia el\u00e9trica est\u00e1 na <\/span><a href=\"https:\/\/bit.ly\/34sZzpO\" target=\"_blank\" rel=\"noopener\"><span style=\"font-weight: 400;\">Comiss\u00e3o de Constitui\u00e7\u00e3o, Justi\u00e7a e Cidadania (CCJ)<\/span><\/a><span style=\"font-weight: 400;\"> e o relator \u00e9 o S<\/span><span style=\"font-weight: 400;\">enador Zequinha Marinho do Par\u00e1,<\/span><span style=\"font-weight: 400;\"> escolhido em 2019. O assunto est\u00e1 pronto para ser discutido na CCJ, desde outubro do mesmo ano, estando parado at\u00e9 hoje na comiss\u00e3o. Com a paralisia das discuss\u00f5es no Senado, a <\/span><a href=\"https:\/\/bit.ly\/2Rku5Mf\" target=\"_blank\" rel=\"noopener\"><span style=\"font-weight: 400;\">neglig\u00eancia<\/span><\/a><span style=\"font-weight: 400;\"> no setor el\u00e9trico ainda n\u00e3o \u00e9 constitucionalmente vista como viola\u00e7\u00e3o de direitos sociais.<\/span><\/p>\n<p><a href=\"https:\/\/rioonwatch.org.br\/wp-content\/uploads\/2021\/06\/Rede-ele\u0301trica-na-Provide\u0302ncia-por-Antoine-Horenbeek.jpg\"><img loading=\"lazy\" decoding=\"async\" class=\"aligncenter wp-image-55489 size-content\" title=\"Rede ele\u0301trica na Provide\u0302ncia. Por Antoine Horenbeek\" src=\"https:\/\/rioonwatch.org.br\/wp-content\/uploads\/2021\/06\/Rede-ele\u0301trica-na-Provide\u0302ncia-por-Antoine-Horenbeek-620x264.jpg\" alt=\"Rede ele\u0301trica na Provide\u0302ncia. Por Antoine Horenbeek\" width=\"620\" height=\"264\" srcset=\"https:\/\/rioonwatch.org.br\/wp-content\/uploads\/2021\/06\/Rede-ele\u0301trica-na-Provide\u0302ncia-por-Antoine-Horenbeek-620x264.jpg 620w, https:\/\/rioonwatch.org.br\/wp-content\/uploads\/2021\/06\/Rede-ele\u0301trica-na-Provide\u0302ncia-por-Antoine-Horenbeek-940x400.jpg 940w\" sizes=\"(max-width: 620px) 100vw, 620px\" \/><\/a><\/p>\n<p><span style=\"font-weight: 400;\">O senador paraense apresentou <\/span><a href=\"https:\/\/bit.ly\/3uIBFkQ\" target=\"_blank\" rel=\"noopener\"><span style=\"font-weight: 400;\">um voto favor\u00e1vel \u00e0 proposta<\/span><\/a><span style=\"font-weight: 400;\"> de emenda n\u00b0 77\/2019 que sugere modifica\u00e7\u00e3o no <\/span><i><span style=\"font-weight: 400;\">caput <\/span><\/i><span style=\"font-weight: 400;\">artigo 6\u00b0 da Constitui\u00e7\u00e3o, incluindo a energia el\u00e9trica como direito social:<\/span><\/p>\n<blockquote><p><span style=\"font-weight: 400;\">\u201cArt. 6\u00ba S\u00e3o direitos sociais a educa\u00e7\u00e3o, a sa\u00fade, a alimenta\u00e7\u00e3o, o trabalho, a moradia, o acesso \u00e0 energia el\u00e9trica, mediante pagamento de pre\u00e7o justo pelo consumo, o transporte, o lazer, a seguran\u00e7a, a previd\u00eancia social, a prote\u00e7\u00e3o \u00e0 maternidade e \u00e0 inf\u00e2ncia, a assist\u00eancia aos desamparados, na forma desta Constitui\u00e7\u00e3o.\u201d<\/span><\/p><\/blockquote>\n<p><span style=\"font-weight: 400;\">Enquanto o assunto n\u00e3o caminha no Senado, os <\/span><span style=\"font-weight: 400;\">moradores de favelas continuam driblando <\/span><a href=\"https:\/\/bit.ly\/3aZrHou\" target=\"_blank\" rel=\"noopener\"><span style=\"font-weight: 400;\">os problemas da falta de energia como podem<\/span><\/a><span style=\"font-weight: 400;\">. A casa em que Jhonatas* mora h\u00e1 15 anos na Rocinha n\u00e3o possui rel\u00f3gio da <\/span><a href=\"http:\/\/bit.ly\/1lqbsRD\"><span style=\"font-weight: 400;\">Light<\/span><\/a><span style=\"font-weight: 400;\">, empresa concession\u00e1ria de luz da cidade do Rio.\u00a0<\/span><\/p>\n<p><span style=\"font-weight: 400;\">A energia da casa \u00e9 de uma liga\u00e7\u00e3o clandestina que vem de um poste que passa pelo beco pr\u00f3ximo a casa dele. \u201cPaguei R$100 para um vizinho que sabe mexer com el\u00e9trica para ele puxar uma rede para minha casa. J\u00e1 solicitei formalmente a Light, mas nunca fui atendido. Eu at\u00e9 tinha um rel\u00f3gio do modelo antigo e eles vieram trocar por um aparelho novo e nunca mais voltaram\u201d, lembrou Jhonatas.<\/span><\/p>\n<p><span style=\"font-weight: 400;\">N\u00e3o \u00e9 s\u00f3 Jhonatas que enfrenta a falta de rel\u00f3gio em casa. Sem o aparelho, moradores acabam recorrendo ao \u201c<\/span><a href=\"https:\/\/bit.ly\/3psR9aq\" target=\"_blank\" rel=\"noopener\"><span style=\"font-weight: 400;\">gato<\/span><\/a><span style=\"font-weight: 400;\">\u201d para <a href=\"https:\/\/bit.ly\/2WYihBC\" target=\"_blank\" rel=\"noopener\">ter acesso \u00e0 eletricidade<\/a>, por neglig\u00eancia da Light. Por isso, a rede que abastece a Rocinha sofre com <a href=\"https:\/\/bit.ly\/3mIunJw\" target=\"_blank\" rel=\"noopener\">quedas no fornecimento de energia el\u00e9trica<\/a> devido a sobrecarga causada pelas muitas liga\u00e7\u00f5es clandestinas. Sem controle e manuten\u00e7\u00e3o das instala\u00e7\u00f5es, <a href=\"https:\/\/bit.ly\/2MB78VD\" target=\"_blank\" rel=\"noopener\">\u00e9 comum ocorrer apag\u00f5es<\/a> <\/span><span style=\"font-weight: 400;\">em diferentes localidades.<\/span><\/p>\n<blockquote class=\"twitter-tweet\">\n<p dir=\"ltr\" lang=\"pt\">Desde ontem sem energia el\u00e9trica l\u00e1 em casa. Perdi tudo da geladeira. Outros moradores perderam alimentos. Sem falar da falta de \u00e1gua.<\/p>\n<p>\u2014 Michel Silva (@eumichelsilva) <a href=\"https:\/\/twitter.com\/eumichelsilva\/status\/1355864056985497604?ref_src=twsrc%5Etfw\">January 31, 2021<\/a><\/p><\/blockquote>\n<p><script async src=\"https:\/\/platform.twitter.com\/widgets.js\" charset=\"utf-8\"><\/script><\/p>\n<p><span style=\"font-weight: 400;\">A empregada dom\u00e9stica, Deise Marques, 38, mora em uma localidade na parte alta da Rocinha. Quando ela vai trabalhar, desliga todos os aparelhos eletrodom\u00e9sticos das tomadas com medo de queimarem devido ao inadequado servi\u00e7o de energia el\u00e9trica. O microondas comprado h\u00e1 tr\u00eas meses \u00e9 o item que recebe mais aten\u00e7\u00e3o. Mesmo com garantia, ela teme perder o produto e n\u00e3o conseguir outro, porque n\u00e3o tem como comprovar o preju\u00edzo com a central de atendimento da Light. Embora ela tenha rel\u00f3gio e pague a <\/span><a href=\"http:\/\/bit.ly\/1miVn08\" target=\"_blank\" rel=\"noopener\"><span style=\"font-weight: 400;\">tarifa social<\/span><\/a><span style=\"font-weight: 400;\">, Deise n\u00e3o conseguiu ser ressarcida pela concession\u00e1ria quando um liquidificador queimou em um dia que o fornecimento de energia el\u00e9trica sofreu quatro interrup\u00e7\u00f5es seguidas, <\/span><a href=\"https:\/\/bit.ly\/2MB78VD\" target=\"_blank\" rel=\"noopener\"><span style=\"font-weight: 400;\">como tamb\u00e9m \u00e9 rotina em outras favelas<\/span><\/a><span style=\"font-weight: 400;\">.<\/span><\/p>\n<blockquote class=\"twitter-tweet\">\n<p dir=\"ltr\" lang=\"pt\">Moradores me procurando pedindo ajuda para comprar eletrodom\u00e9sticos de segunda m\u00e3o porque est\u00e3o perdendo os aparelhos com as quedas de luz da Light. \u00c9 geladeira, microondas, TV e etc. Consegui arrumar uma geladeira por 300 reais pra uma m\u00e3e solo com 4 filhos. T\u00e1 foda!<\/p>\n<p>\u2014 Michel Silva (@eumichelsilva) <a href=\"https:\/\/twitter.com\/eumichelsilva\/status\/1356959904158859264?ref_src=twsrc%5Etfw\">February 3, 2021<\/a><\/p><\/blockquote>\n<p><script async src=\"https:\/\/platform.twitter.com\/widgets.js\" charset=\"utf-8\"><\/script><\/p>\n<p><span style=\"font-weight: 400;\">Nos primeiros tr\u00eas meses de 2021, a Light registrou preju\u00edzo l\u00edquido de R$41,8 milh\u00f5es, ap\u00f3s ter lucrado R$166,7 milh\u00f5es no primeiro trimestre de 2020. A queda nos lucros n\u00e3o significa que a culpa seja das comunidades. Mas no<\/span><span style=\"font-weight: 400;\">\u00a0<\/span><span style=\"font-weight: 400;\">balan\u00e7o de resultados <\/span><a href=\"https:\/\/bit.ly\/3c3NHyy\" target=\"_blank\" rel=\"noopener\"><span style=\"font-weight: 400;\">divulgado no site da empresa<\/span><\/a><span style=\"font-weight: 400;\">, a Light afirma que criou uma nova estrutura dentro da empresa para se relacionar com as comunidades, como j\u00e1 acontece em <\/span><a href=\"https:\/\/bit.ly\/2P6Xuf7\" target=\"_blank\" rel=\"noopener\"><span style=\"font-weight: 400;\">concession\u00e1rias que servem outros munic\u00edpios<\/span><\/a><span style=\"font-weight: 400;\">. Existe <a href=\"https:\/\/bit.ly\/3c3NHyy\" target=\"_blank\" rel=\"noopener\">um plano de trabalho<\/a> dividido em tr\u00eas vertentes: \u201c<\/span><a href=\"https:\/\/bit.ly\/3bHe3qq\" target=\"_blank\" rel=\"noopener\"><span style=\"font-weight: 400;\">relacionamento estrutural com uso de efici\u00eancia energ\u00e9tica<\/span><\/a><span style=\"font-weight: 400;\">, conscientiza\u00e7\u00e3o, educa\u00e7\u00e3o [ambiental] e <\/span><a href=\"https:\/\/bit.ly\/2KArI7P\" target=\"_blank\" rel=\"noopener\"><span style=\"font-weight: 400;\">gera\u00e7\u00e3o de renda<\/span><\/a><span style=\"font-weight: 400;\"> para reverter o contexto socioecon\u00f4mico desfavor\u00e1vel; a\u00e7\u00f5es imediatas de curto prazo, como regulariza\u00e7\u00e3o, retorno da leitura e entrega de contas, atendimento emergencial sob demanda e aumento do cadastro na Tarifa Social\u201d.<\/span><\/p>\n<p><a href=\"https:\/\/rioonwatch.org.br\/wp-content\/uploads\/2021\/05\/Light-escolheu-tres-comunidades-na-Zona-Sul-do-Rio-de-Janeiro-para-receber-um-projeto-piloto-Babilonia-Ladeira-dos-Tabajaras-e-Chapeu-Mangueira-todas-localizadas-no-bairro-de-Copacabana.-1.jpg\"><img loading=\"lazy\" decoding=\"async\" class=\"aligncenter wp-image-55465 size-full\" title=\"Light escolheu tr\u00eas comunidades na Zona Sul do Rio de Janeiro para receber um projeto piloto, Babil\u00f4nia, Ladeira dos Tabajaras e Chap\u00e9u Mangueira, todas localizadas no bairro de Copacabana.\" src=\"https:\/\/rioonwatch.org.br\/wp-content\/uploads\/2021\/05\/Light-escolheu-tres-comunidades-na-Zona-Sul-do-Rio-de-Janeiro-para-receber-um-projeto-piloto-Babilonia-Ladeira-dos-Tabajaras-e-Chapeu-Mangueira-todas-localizadas-no-bairro-de-Copacabana.-1.jpg\" alt=\"Light escolheu tr\u00eas comunidades na Zona Sul do Rio de Janeiro para receber um projeto piloto, Babil\u00f4nia, Ladeira dos Tabajaras e Chap\u00e9u Mangueira, todas localizadas no bairro de Copacabana.\" width=\"576\" height=\"354\" srcset=\"https:\/\/rioonwatch.org.br\/wp-content\/uploads\/2021\/05\/Light-escolheu-tres-comunidades-na-Zona-Sul-do-Rio-de-Janeiro-para-receber-um-projeto-piloto-Babilonia-Ladeira-dos-Tabajaras-e-Chapeu-Mangueira-todas-localizadas-no-bairro-de-Copacabana.-1.jpg 576w, https:\/\/rioonwatch.org.br\/wp-content\/uploads\/2021\/05\/Light-escolheu-tres-comunidades-na-Zona-Sul-do-Rio-de-Janeiro-para-receber-um-projeto-piloto-Babilonia-Ladeira-dos-Tabajaras-e-Chapeu-Mangueira-todas-localizadas-no-bairro-de-Copacabana.-1-430x264.jpg 430w\" sizes=\"(max-width: 576px) 100vw, 576px\" \/><\/a><\/p>\n<p><span style=\"font-weight: 400;\">Para isso, a Light escolheu tr\u00eas comunidades na <\/span><a href=\"http:\/\/bit.ly\/1mNsDyk\" target=\"_blank\" rel=\"noopener\"><span style=\"font-weight: 400;\">Zona Sul<\/span><\/a><span style=\"font-weight: 400;\">\u00a0para receber um projeto piloto, <\/span><a href=\"http:\/\/bit.ly\/110zVNZ\" target=\"_blank\" rel=\"noopener\"><span style=\"font-weight: 400;\">Babil\u00f4nia<\/span><\/a><span style=\"font-weight: 400;\">, <\/span><a href=\"http:\/\/bit.ly\/18t2kEo\" target=\"_blank\" rel=\"noopener\"><span style=\"font-weight: 400;\">Ladeira dos Tabajaras<\/span><\/a><span style=\"font-weight: 400;\"> e <\/span><a href=\"http:\/\/bit.ly\/2KUhdtg\" target=\"_blank\" rel=\"noopener\"><span style=\"font-weight: 400;\">Chap\u00e9u Mangueira<\/span><\/a><span style=\"font-weight: 400;\">, todas localizadas no bairro de <\/span><a href=\"http:\/\/bit.ly\/1H6bGrX\" target=\"_blank\" rel=\"noopener\"><span style=\"font-weight: 400;\">Copacabana<\/span><\/a> e <a href=\"https:\/\/bit.ly\/3yWrfkN\" target=\"_blank\" rel=\"noopener\">Leme<\/a><span style=\"font-weight: 400;\">. Segundo a companhia, h\u00e1 uma comunica\u00e7\u00e3o cont\u00ednua com 180 lideran\u00e7as comunit\u00e1rias. Se der certo, o projeto ser\u00e1 expandido para outras comunidades atendidas pela empresa.<\/span><\/p>\n<p><span style=\"font-weight: 400;\">Entre 2019 e 2021, enviamos 7 pedidos de informa\u00e7\u00e3o \u00e0 Light por e-mail para apurar interrup\u00e7\u00f5es e a moderniza\u00e7\u00e3o da rede de abastecimento de energia el\u00e9trica na Rocinha. Nenhum e-mail foi respondido at\u00e9 hoje.<\/span><\/p>\n<p><em>Sobre o autor: <a href=\"https:\/\/bit.ly\/34uhLzb\" target=\"_blank\" rel=\"noopener\">Michel Silva<\/a> \u00e9 jornalista pela PUC-Rio, 26 anos, nascido e criado na favela da Rocinha. Em 2013, ajudou a fundar o jornal <a href=\"https:\/\/bit.ly\/3lrUwNx\" target=\"_blank\" rel=\"noopener\">Fala Ro\u00e7a<\/a>, com vers\u00e3o impressa e digital. J\u00e1 trabalhou com mem\u00f3ria e fotografia no Instituto Moreira Salles, foi apurador de informa\u00e7\u00f5es na Record TV Rio e, em 2016 a 2017, atuou como correspondente local do The Guardian. A partir dessa experi\u00eancia, tamb\u00e9m participou da funda\u00e7\u00e3o do Favela em Pauta. Tamb\u00e9m \u00e9 integrante do USBEAlumni.<\/em><\/p>\n<p><em>Sobre a artista: <span style=\"font-weight: 400;\"><a href=\"https:\/\/bit.ly\/34uTitA\" target=\"_blank\" rel=\"noopener\">Anna Paula Rodrigues<\/a> \u00e9 designer e ilustradora freelancer, formada em desenho industrial pela <a href=\"http:\/\/bit.ly\/2XQ3Rma\" target=\"_blank\" rel=\"noopener\">UFRJ<\/a>. Anna Paula\u2014que atua com a quest\u00e3o antirracista quanto a est\u00e9tica e beleza\u2014trabalha como designer gr\u00e1fica em diversas ONGs do Rio de Janeiro.<\/span><\/em><\/p>\n<p><em>Esta mat\u00e9ria\u00a0<\/em><em>faz parte de uma\u00a0<a href=\"http:\/\/bit.ly\/JusticaEnergeticaNasFavelas\" target=\"_blank\" rel=\"noopener\">s\u00e9rie sobre justi\u00e7a e efici\u00eancia energ\u00e9tica nas favelas<\/a> do Rio.<\/em><\/p>\n<hr \/>\n<h4><b data-stringify-type=\"bold\">Apoie nossos esfor\u00e7os para fornecer apoio estrat\u00e9gico \u00e0s favelas do Rio, incluindo o jornalismo hiperlocal, cr\u00edtico, inovador e incans\u00e1vel do\u00a0<\/b><b data-stringify-type=\"bold\"><i data-stringify-type=\"italic\">RioOnWatch<\/i><\/b>\u2014<strong><a class=\"c-link\" href=\"http:\/\/www.bit.ly\/ApoieROW\" target=\"_blank\" rel=\"noopener noreferrer\" data-stringify-link=\"http:\/\/www.bit.ly\/ApoieROW\" data-sk=\"tooltip_parent\">doe aqui<\/a>.<\/strong><\/h4>\n<!-- AddThis Advanced Settings generic via filter on the_content --><!-- AddThis Share Buttons generic via filter on the_content -->","protected":false},"excerpt":{"rendered":"<div class=\"mh-excerpt\"><p>Click Here for English Esta mat\u00e9ria\u00a0faz parte de uma\u00a0s\u00e9rie sobre justi\u00e7a e efici\u00eancia energ\u00e9tica nas favelas do Rio. H\u00e1 meses, moradores da Rocinha criaram um grupo no WhatsApp para reclamar sobre as quedas no fornecimento <a class=\"mh-excerpt-more\" href=\"https:\/\/rioonwatch.org.br\/?p=55455\" title=\"No Brasil, Energia N\u00e3o \u00c9 Direito Social\">[&#8230;]<\/a><!-- AddThis Advanced Settings generic via filter on get_the_excerpt --><!-- AddThis Share Buttons generic via filter on get_the_excerpt --><\/p>\n<\/div>","protected":false},"author":167,"featured_media":55460,"comment_status":"closed","ping_status":"closed","sticky":false,"template":"","format":"standard","meta":{"_acf_changed":false,"_monsterinsights_skip_tracking":false,"_monsterinsights_sitenote_active":false,"_monsterinsights_sitenote_note":"","_monsterinsights_sitenote_category":0,"footnotes":""},"categories":[1621,1625,344,1639],"tags":[934,2988,1910,630,1226,931,88,561,1874,1811,324,282,635,708,417,838,2919,2514,2410,1545,16,2289,2970,93,2193,1364,383],"writer":[3051],"translator":[],"source":[],"ilustrador":[],"fotografo":[],"class_list":{"0":"post-55455","1":"post","2":"type-post","3":"status-publish","4":"format-standard","5":"has-post-thumbnail","7":"category-destaque","8":"category-por-correspondentes-comunitarios","9":"category-politicas","10":"category-sustentabilidade","11":"tag-acesso","12":"tag-apagao","13":"tag-auto-construcao","14":"tag-chapeu-mangueira","15":"tag-constituicao","16":"tag-copacabana","17":"tag-direitos-humanos","18":"tag-eletricidade","19":"tag-fala-roca","20":"tag-gambiarra","21":"tag-infraestrutura","22":"tag-leme","23":"tag-light","24":"tag-morro-da-babilonia","25":"tag-negligencia-do-estado","26":"tag-politica-publica","27":"tag-pros","28":"tag-psc","29":"tag-ptb","30":"tag-puc","31":"tag-rocinha","32":"tag-serie","33":"tag-serie-justica-energetica","34":"tag-tabajaras","35":"tag-ufrj","36":"tag-violacoes","37":"tag-zona-sul","38":"writer-michel-silva"},"acf":[],"yoast_head":"<!-- This site is optimized with the Yoast SEO plugin v25.6 - https:\/\/yoast.com\/wordpress\/plugins\/seo\/ -->\n<title>No Brasil, Energia N\u00e3o \u00c9 Direito Social - RioOnWatch<\/title>\n<meta name=\"robots\" content=\"index, follow, max-snippet:-1, max-image-preview:large, max-video-preview:-1\" \/>\n<link rel=\"canonical\" href=\"https:\/\/rioonwatch.org.br\/?p=55455\" \/>\n<meta property=\"og:locale\" content=\"pt_BR\" \/>\n<meta property=\"og:type\" content=\"article\" \/>\n<meta property=\"og:title\" content=\"No Brasil, Energia N\u00e3o \u00c9 Direito Social - RioOnWatch\" \/>\n<meta property=\"og:description\" content=\"Click Here for English Esta mat\u00e9ria\u00a0faz parte de uma\u00a0s\u00e9rie sobre justi\u00e7a e efici\u00eancia energ\u00e9tica nas favelas do Rio. H\u00e1 meses, moradores da Rocinha criaram um grupo no WhatsApp para reclamar sobre as quedas no fornecimento [...]\" \/>\n<meta property=\"og:url\" content=\"https:\/\/rioonwatch.org.br\/?p=55455\" \/>\n<meta property=\"og:site_name\" content=\"RioOnWatch\" \/>\n<meta property=\"article:published_time\" content=\"2021-06-02T14:29:27+00:00\" \/>\n<meta property=\"article:modified_time\" content=\"2021-09-29T11:32:41+00:00\" \/>\n<meta property=\"og:image\" content=\"https:\/\/rioonwatch.org.br\/wp-content\/uploads\/2021\/05\/Arte-original-por-Anna-Paula-Rodrigues.jpg\" \/>\n\t<meta property=\"og:image:width\" content=\"2480\" \/>\n\t<meta property=\"og:image:height\" content=\"1056\" \/>\n\t<meta property=\"og:image:type\" content=\"image\/jpeg\" \/>\n<meta name=\"author\" content=\"Julio Santos Filho\" \/>\n<meta name=\"twitter:card\" content=\"summary_large_image\" \/>\n<meta name=\"twitter:label1\" content=\"Escrito por\" \/>\n\t<meta name=\"twitter:data1\" content=\"Julio Santos Filho\" \/>\n\t<meta name=\"twitter:label2\" content=\"Est. tempo de leitura\" \/>\n\t<meta name=\"twitter:data2\" content=\"6 minutos\" \/>\n<script type=\"application\/ld+json\" class=\"yoast-schema-graph\">{\"@context\":\"https:\/\/schema.org\",\"@graph\":[{\"@type\":\"Article\",\"@id\":\"https:\/\/rioonwatch.org.br\/?p=55455#article\",\"isPartOf\":{\"@id\":\"https:\/\/rioonwatch.org.br\/?p=55455\"},\"author\":{\"name\":\"Julio Santos Filho\",\"@id\":\"https:\/\/rioonwatch.org.br\/#\/schema\/person\/476bc75767957d3535b65b796667cd36\"},\"headline\":\"No Brasil, Energia N\u00e3o \u00c9 Direito Social\",\"datePublished\":\"2021-06-02T14:29:27+00:00\",\"dateModified\":\"2021-09-29T11:32:41+00:00\",\"mainEntityOfPage\":{\"@id\":\"https:\/\/rioonwatch.org.br\/?p=55455\"},\"wordCount\":1234,\"publisher\":{\"@id\":\"https:\/\/rioonwatch.org.br\/#organization\"},\"image\":{\"@id\":\"https:\/\/rioonwatch.org.br\/?p=55455#primaryimage\"},\"thumbnailUrl\":\"https:\/\/rioonwatch.org.br\/wp-content\/uploads\/2021\/05\/Arte-original-por-Anna-Paula-Rodrigues.jpg\",\"keywords\":[\"acesso\",\"apag\u00e3o\",\"autoconstru\u00e7\u00e3o\",\"Chap\u00e9u Mangueira\",\"constitui\u00e7\u00e3o\",\"Copacabana\",\"Direitos Humanos\",\"eletricidade\",\"Fala Ro\u00e7a\",\"gambiarra\",\"infraestrutura\",\"Leme\",\"Light\",\"Morro da Babil\u00f4nia\",\"Neglig\u00eancia do Estado\",\"pol\u00edtica p\u00fablica\",\"PROS\",\"PSC\",\"PTB\",\"PUC\",\"Rocinha\",\"S\u00e9rie\",\"S\u00e9rie: Justi\u00e7a Energ\u00e9tica\",\"Tabajaras\",\"UFRJ\",\"viola\u00e7\u00f5es\",\"Zona Sul\"],\"articleSection\":[\"*Destaque\",\"Escrito por Comunicadores Populares\",\"Pol\u00edticas\",\"Sustentabilidade\"],\"inLanguage\":\"pt-BR\"},{\"@type\":\"WebPage\",\"@id\":\"https:\/\/rioonwatch.org.br\/?p=55455\",\"url\":\"https:\/\/rioonwatch.org.br\/?p=55455\",\"name\":\"No Brasil, Energia N\u00e3o \u00c9 Direito Social - RioOnWatch\",\"isPartOf\":{\"@id\":\"https:\/\/rioonwatch.org.br\/#website\"},\"primaryImageOfPage\":{\"@id\":\"https:\/\/rioonwatch.org.br\/?p=55455#primaryimage\"},\"image\":{\"@id\":\"https:\/\/rioonwatch.org.br\/?p=55455#primaryimage\"},\"thumbnailUrl\":\"https:\/\/rioonwatch.org.br\/wp-content\/uploads\/2021\/05\/Arte-original-por-Anna-Paula-Rodrigues.jpg\",\"datePublished\":\"2021-06-02T14:29:27+00:00\",\"dateModified\":\"2021-09-29T11:32:41+00:00\",\"breadcrumb\":{\"@id\":\"https:\/\/rioonwatch.org.br\/?p=55455#breadcrumb\"},\"inLanguage\":\"pt-BR\",\"potentialAction\":[{\"@type\":\"ReadAction\",\"target\":[\"https:\/\/rioonwatch.org.br\/?p=55455\"]}]},{\"@type\":\"ImageObject\",\"inLanguage\":\"pt-BR\",\"@id\":\"https:\/\/rioonwatch.org.br\/?p=55455#primaryimage\",\"url\":\"https:\/\/rioonwatch.org.br\/wp-content\/uploads\/2021\/05\/Arte-original-por-Anna-Paula-Rodrigues.jpg\",\"contentUrl\":\"https:\/\/rioonwatch.org.br\/wp-content\/uploads\/2021\/05\/Arte-original-por-Anna-Paula-Rodrigues.jpg\",\"width\":2480,\"height\":1056,\"caption\":\"Arte original por Anna Paula Rodrigues\"},{\"@type\":\"BreadcrumbList\",\"@id\":\"https:\/\/rioonwatch.org.br\/?p=55455#breadcrumb\",\"itemListElement\":[{\"@type\":\"ListItem\",\"position\":1,\"name\":\"In\u00edcio\",\"item\":\"https:\/\/rioonwatch.org.br\/\"},{\"@type\":\"ListItem\",\"position\":2,\"name\":\"No Brasil, Energia N\u00e3o \u00c9 Direito Social\"}]},{\"@type\":\"WebSite\",\"@id\":\"https:\/\/rioonwatch.org.br\/#website\",\"url\":\"https:\/\/rioonwatch.org.br\/\",\"name\":\"RioOnWatch\",\"description\":\"relatos das favelas cariocas\",\"publisher\":{\"@id\":\"https:\/\/rioonwatch.org.br\/#organization\"},\"potentialAction\":[{\"@type\":\"SearchAction\",\"target\":{\"@type\":\"EntryPoint\",\"urlTemplate\":\"https:\/\/rioonwatch.org.br\/?s={search_term_string}\"},\"query-input\":{\"@type\":\"PropertyValueSpecification\",\"valueRequired\":true,\"valueName\":\"search_term_string\"}}],\"inLanguage\":\"pt-BR\"},{\"@type\":\"Organization\",\"@id\":\"https:\/\/rioonwatch.org.br\/#organization\",\"name\":\"RioOnWatch\",\"url\":\"https:\/\/rioonwatch.org.br\/\",\"logo\":{\"@type\":\"ImageObject\",\"inLanguage\":\"pt-BR\",\"@id\":\"https:\/\/rioonwatch.org.br\/#\/schema\/logo\/image\/\",\"url\":\"https:\/\/rioonwatch.org.br\/wp-content\/uploads\/2021\/06\/RioOnWatchcabecalhoPT11anos-2.png\",\"contentUrl\":\"https:\/\/rioonwatch.org.br\/wp-content\/uploads\/2021\/06\/RioOnWatchcabecalhoPT11anos-2.png\",\"width\":779,\"height\":277,\"caption\":\"RioOnWatch\"},\"image\":{\"@id\":\"https:\/\/rioonwatch.org.br\/#\/schema\/logo\/image\/\"}},{\"@type\":\"Person\",\"@id\":\"https:\/\/rioonwatch.org.br\/#\/schema\/person\/476bc75767957d3535b65b796667cd36\",\"name\":\"Julio Santos Filho\",\"image\":{\"@type\":\"ImageObject\",\"inLanguage\":\"pt-BR\",\"@id\":\"https:\/\/rioonwatch.org.br\/#\/schema\/person\/image\/\",\"url\":\"https:\/\/secure.gravatar.com\/avatar\/ca138f7666182a292a8ce4ca14fb81f8?s=96&d=blank&r=g\",\"contentUrl\":\"https:\/\/secure.gravatar.com\/avatar\/ca138f7666182a292a8ce4ca14fb81f8?s=96&d=blank&r=g\",\"caption\":\"Julio Santos Filho\"},\"url\":\"https:\/\/rioonwatch.org.br\/?author=167\"}]}<\/script>\n<!-- \/ Yoast SEO plugin. -->","yoast_head_json":{"title":"No Brasil, Energia N\u00e3o \u00c9 Direito Social - RioOnWatch","robots":{"index":"index","follow":"follow","max-snippet":"max-snippet:-1","max-image-preview":"max-image-preview:large","max-video-preview":"max-video-preview:-1"},"canonical":"https:\/\/rioonwatch.org.br\/?p=55455","og_locale":"pt_BR","og_type":"article","og_title":"No Brasil, Energia N\u00e3o \u00c9 Direito Social - RioOnWatch","og_description":"Click Here for English Esta mat\u00e9ria\u00a0faz parte de uma\u00a0s\u00e9rie sobre justi\u00e7a e efici\u00eancia energ\u00e9tica nas favelas do Rio. H\u00e1 meses, moradores da Rocinha criaram um grupo no WhatsApp para reclamar sobre as quedas no fornecimento [...]","og_url":"https:\/\/rioonwatch.org.br\/?p=55455","og_site_name":"RioOnWatch","article_published_time":"2021-06-02T14:29:27+00:00","article_modified_time":"2021-09-29T11:32:41+00:00","og_image":[{"width":2480,"height":1056,"url":"https:\/\/rioonwatch.org.br\/wp-content\/uploads\/2021\/05\/Arte-original-por-Anna-Paula-Rodrigues.jpg","type":"image\/jpeg"}],"author":"Julio Santos Filho","twitter_card":"summary_large_image","twitter_misc":{"Escrito por":"Julio Santos Filho","Est. tempo de leitura":"6 minutos"},"schema":{"@context":"https:\/\/schema.org","@graph":[{"@type":"Article","@id":"https:\/\/rioonwatch.org.br\/?p=55455#article","isPartOf":{"@id":"https:\/\/rioonwatch.org.br\/?p=55455"},"author":{"name":"Julio Santos Filho","@id":"https:\/\/rioonwatch.org.br\/#\/schema\/person\/476bc75767957d3535b65b796667cd36"},"headline":"No Brasil, Energia N\u00e3o \u00c9 Direito Social","datePublished":"2021-06-02T14:29:27+00:00","dateModified":"2021-09-29T11:32:41+00:00","mainEntityOfPage":{"@id":"https:\/\/rioonwatch.org.br\/?p=55455"},"wordCount":1234,"publisher":{"@id":"https:\/\/rioonwatch.org.br\/#organization"},"image":{"@id":"https:\/\/rioonwatch.org.br\/?p=55455#primaryimage"},"thumbnailUrl":"https:\/\/rioonwatch.org.br\/wp-content\/uploads\/2021\/05\/Arte-original-por-Anna-Paula-Rodrigues.jpg","keywords":["acesso","apag\u00e3o","autoconstru\u00e7\u00e3o","Chap\u00e9u Mangueira","constitui\u00e7\u00e3o","Copacabana","Direitos Humanos","eletricidade","Fala Ro\u00e7a","gambiarra","infraestrutura","Leme","Light","Morro da Babil\u00f4nia","Neglig\u00eancia do Estado","pol\u00edtica p\u00fablica","PROS","PSC","PTB","PUC","Rocinha","S\u00e9rie","S\u00e9rie: Justi\u00e7a Energ\u00e9tica","Tabajaras","UFRJ","viola\u00e7\u00f5es","Zona Sul"],"articleSection":["*Destaque","Escrito por Comunicadores Populares","Pol\u00edticas","Sustentabilidade"],"inLanguage":"pt-BR"},{"@type":"WebPage","@id":"https:\/\/rioonwatch.org.br\/?p=55455","url":"https:\/\/rioonwatch.org.br\/?p=55455","name":"No Brasil, Energia N\u00e3o \u00c9 Direito Social - RioOnWatch","isPartOf":{"@id":"https:\/\/rioonwatch.org.br\/#website"},"primaryImageOfPage":{"@id":"https:\/\/rioonwatch.org.br\/?p=55455#primaryimage"},"image":{"@id":"https:\/\/rioonwatch.org.br\/?p=55455#primaryimage"},"thumbnailUrl":"https:\/\/rioonwatch.org.br\/wp-content\/uploads\/2021\/05\/Arte-original-por-Anna-Paula-Rodrigues.jpg","datePublished":"2021-06-02T14:29:27+00:00","dateModified":"2021-09-29T11:32:41+00:00","breadcrumb":{"@id":"https:\/\/rioonwatch.org.br\/?p=55455#breadcrumb"},"inLanguage":"pt-BR","potentialAction":[{"@type":"ReadAction","target":["https:\/\/rioonwatch.org.br\/?p=55455"]}]},{"@type":"ImageObject","inLanguage":"pt-BR","@id":"https:\/\/rioonwatch.org.br\/?p=55455#primaryimage","url":"https:\/\/rioonwatch.org.br\/wp-content\/uploads\/2021\/05\/Arte-original-por-Anna-Paula-Rodrigues.jpg","contentUrl":"https:\/\/rioonwatch.org.br\/wp-content\/uploads\/2021\/05\/Arte-original-por-Anna-Paula-Rodrigues.jpg","width":2480,"height":1056,"caption":"Arte original por Anna Paula Rodrigues"},{"@type":"BreadcrumbList","@id":"https:\/\/rioonwatch.org.br\/?p=55455#breadcrumb","itemListElement":[{"@type":"ListItem","position":1,"name":"In\u00edcio","item":"https:\/\/rioonwatch.org.br\/"},{"@type":"ListItem","position":2,"name":"No Brasil, Energia N\u00e3o \u00c9 Direito Social"}]},{"@type":"WebSite","@id":"https:\/\/rioonwatch.org.br\/#website","url":"https:\/\/rioonwatch.org.br\/","name":"RioOnWatch","description":"relatos das favelas cariocas","publisher":{"@id":"https:\/\/rioonwatch.org.br\/#organization"},"potentialAction":[{"@type":"SearchAction","target":{"@type":"EntryPoint","urlTemplate":"https:\/\/rioonwatch.org.br\/?s={search_term_string}"},"query-input":{"@type":"PropertyValueSpecification","valueRequired":true,"valueName":"search_term_string"}}],"inLanguage":"pt-BR"},{"@type":"Organization","@id":"https:\/\/rioonwatch.org.br\/#organization","name":"RioOnWatch","url":"https:\/\/rioonwatch.org.br\/","logo":{"@type":"ImageObject","inLanguage":"pt-BR","@id":"https:\/\/rioonwatch.org.br\/#\/schema\/logo\/image\/","url":"https:\/\/rioonwatch.org.br\/wp-content\/uploads\/2021\/06\/RioOnWatchcabecalhoPT11anos-2.png","contentUrl":"https:\/\/rioonwatch.org.br\/wp-content\/uploads\/2021\/06\/RioOnWatchcabecalhoPT11anos-2.png","width":779,"height":277,"caption":"RioOnWatch"},"image":{"@id":"https:\/\/rioonwatch.org.br\/#\/schema\/logo\/image\/"}},{"@type":"Person","@id":"https:\/\/rioonwatch.org.br\/#\/schema\/person\/476bc75767957d3535b65b796667cd36","name":"Julio Santos Filho","image":{"@type":"ImageObject","inLanguage":"pt-BR","@id":"https:\/\/rioonwatch.org.br\/#\/schema\/person\/image\/","url":"https:\/\/secure.gravatar.com\/avatar\/ca138f7666182a292a8ce4ca14fb81f8?s=96&d=blank&r=g","contentUrl":"https:\/\/secure.gravatar.com\/avatar\/ca138f7666182a292a8ce4ca14fb81f8?s=96&d=blank&r=g","caption":"Julio Santos Filho"},"url":"https:\/\/rioonwatch.org.br\/?author=167"}]}},"_links":{"self":[{"href":"https:\/\/rioonwatch.org.br\/index.php?rest_route=\/wp\/v2\/posts\/55455"}],"collection":[{"href":"https:\/\/rioonwatch.org.br\/index.php?rest_route=\/wp\/v2\/posts"}],"about":[{"href":"https:\/\/rioonwatch.org.br\/index.php?rest_route=\/wp\/v2\/types\/post"}],"author":[{"embeddable":true,"href":"https:\/\/rioonwatch.org.br\/index.php?rest_route=\/wp\/v2\/users\/167"}],"replies":[{"embeddable":true,"href":"https:\/\/rioonwatch.org.br\/index.php?rest_route=%2Fwp%2Fv2%2Fcomments&post=55455"}],"version-history":[{"count":26,"href":"https:\/\/rioonwatch.org.br\/index.php?rest_route=\/wp\/v2\/posts\/55455\/revisions"}],"predecessor-version":[{"id":56940,"href":"https:\/\/rioonwatch.org.br\/index.php?rest_route=\/wp\/v2\/posts\/55455\/revisions\/56940"}],"wp:featuredmedia":[{"embeddable":true,"href":"https:\/\/rioonwatch.org.br\/index.php?rest_route=\/wp\/v2\/media\/55460"}],"wp:attachment":[{"href":"https:\/\/rioonwatch.org.br\/index.php?rest_route=%2Fwp%2Fv2%2Fmedia&parent=55455"}],"wp:term":[{"taxonomy":"category","embeddable":true,"href":"https:\/\/rioonwatch.org.br\/index.php?rest_route=%2Fwp%2Fv2%2Fcategories&post=55455"},{"taxonomy":"post_tag","embeddable":true,"href":"https:\/\/rioonwatch.org.br\/index.php?rest_route=%2Fwp%2Fv2%2Ftags&post=55455"},{"taxonomy":"writer","embeddable":true,"href":"https:\/\/rioonwatch.org.br\/index.php?rest_route=%2Fwp%2Fv2%2Fwriter&post=55455"},{"taxonomy":"translator","embeddable":true,"href":"https:\/\/rioonwatch.org.br\/index.php?rest_route=%2Fwp%2Fv2%2Ftranslator&post=55455"},{"taxonomy":"source","embeddable":true,"href":"https:\/\/rioonwatch.org.br\/index.php?rest_route=%2Fwp%2Fv2%2Fsource&post=55455"},{"taxonomy":"ilustrador","embeddable":true,"href":"https:\/\/rioonwatch.org.br\/index.php?rest_route=%2Fwp%2Fv2%2Filustrador&post=55455"},{"taxonomy":"fotografo","embeddable":true,"href":"https:\/\/rioonwatch.org.br\/index.php?rest_route=%2Fwp%2Fv2%2Ffotografo&post=55455"}],"curies":[{"name":"wp","href":"https:\/\/api.w.org\/{rel}","templated":true}]}}