{"id":55526,"date":"2021-09-14T11:09:29","date_gmt":"2021-09-14T14:09:29","guid":{"rendered":"https:\/\/rioonwatch.org.br\/?p=55526"},"modified":"2022-01-05T16:35:47","modified_gmt":"2022-01-05T19:35:47","slug":"termos-territoriais-coletivos-e-coworking","status":"publish","type":"post","link":"https:\/\/rioonwatch.org.br\/?p=55526","title":{"rendered":"Termos Territoriais Coletivos e Coworking"},"content":{"rendered":"<p style=\"text-align: right;\"><em><strong><a href=\"https:\/\/bit.ly\/3BXcoaD\" target=\"_blank\" rel=\"noopener noreferrer\">Click Here for English<\/a><a href=\"https:\/\/bit.ly\/3BXcoaD\" target=\"_blank\" rel=\"noopener noreferrer\"><img decoding=\"async\" class=\"alignright wp-image-15790\" src=\"http:\/\/rioonwatch.org.br\/wp-content\/uploads\/2012\/08\/EN-standard-e1439583104716.jpg\" alt=\"\" width=\"20\" height=\"20\" \/><\/a><\/strong><\/em><\/p>\n<p><i><em>Leia a mat\u00e9ria original por Laura Moss<\/em><\/i><i><em>, em ingl\u00eas, no site da Wrigleys <a href=\"https:\/\/bit.ly\/3BXcoaD\" target=\"_blank\" rel=\"noopener noreferrer\">aqui<\/a><\/em><em>.\u00a0<\/em><\/i><i><em>O RioOnWatch traduz mat\u00e9rias do ingl\u00eas para que brasileiros possam ter acesso e acompanhar temas ou an\u00e1lises cobertos fora do pa\u00eds que nem sempre s\u00e3o cobertos no Brasil.\u00a0<\/em><\/i><\/p>\n<p><span style=\"font-weight: 400;\">Em um<\/span><span style=\"font-weight: 400;\"> mundo p\u00f3s-<a href=\"https:\/\/bit.ly\/2QZjDJI\" target=\"_blank\" rel=\"noopener\">Covid<\/a>, os <a href=\"http:\/\/bit.ly\/TTCsNoRioOnWatch\" target=\"_blank\" rel=\"noopener\">Termos Territoriais Coletivos<\/a> (TTCs) poderiam assumir um papel vanguarda se oferecessem espa\u00e7os de <\/span><i><span style=\"font-weight: 400;\">coworking<\/span><\/i><span style=\"font-weight: 400;\">, isto \u00e9, de escrit\u00f3rios compartilhados.<\/span><\/p>\n<p>O trabalho de <i>home office <\/i>traz benef\u00edcios significativos. Recuperar aquele tempo anteriormente gasto no deslocamento traz maior equil\u00edbrio entre trabalho e vida pessoal, e ajuda a evitar o excesso de emiss\u00f5es de g\u00e1s carb\u00f4nico. Com o trabalho remoto as empresas tamb\u00e9m economizam, reduzindo assim, a necessidade de grandes escrit\u00f3rios nos centros urbanos.<\/p>\n<p><span style=\"font-weight: 400;\">Portanto, \u00e9 necess\u00e1rio encontrar um meio-termo entre o trabalho a partir de casa e o trabalho dentro da empresa em tempo integral. Essa lacuna poderia ser preenchida pelos escrit\u00f3rios flex\u00edveis com servi\u00e7os, compartilhados entre empresas, e perto das pessoas que vivem em \u00e1reas mais afastadas, cidades pequenas, e vilas.<\/span><\/p>\n<p><span style=\"font-weight: 400;\">Tais espa\u00e7os de <\/span><i><span style=\"font-weight: 400;\">coworking<\/span><\/i><span style=\"font-weight: 400;\"> poderiam ser montados em lojas vazias, escrit\u00f3rios ou at\u00e9 em bares. Proporcionariam ainda um compromisso para os que moram a certa dist\u00e2ncia do local de trabalho e que n\u00e3o querem ter de viajar at\u00e9 o centro da cidade para trabalhar, mas que tamb\u00e9m preferem n\u00e3o trabalhar de casa.<\/span><\/p>\n<p><a href=\"https:\/\/rioonwatch.org.br\/wp-content\/uploads\/2021\/09\/coronavirus-homeoffice-dificuldades-1.jpg\"><img fetchpriority=\"high\" decoding=\"async\" class=\"aligncenter wp-image-58175 size-content\" title=\"Home Office. Foto: Stefan Wermuth\/Bloomberg via Getty Images\/Getty Images\" src=\"https:\/\/rioonwatch.org.br\/wp-content\/uploads\/2021\/09\/coronavirus-homeoffice-dificuldades-1-620x264.jpg\" alt=\"\" width=\"620\" height=\"264\" \/><\/a><\/p>\n<h3>Os Termos Territoriais Coletivos Poderiam Ajudar?<\/h3>\n<p><span style=\"font-weight: 400;\">A cria\u00e7\u00e3o de espa\u00e7os compartilhados (<\/span><i><span style=\"font-weight: 400;\">coworking<\/span><\/i><span style=\"font-weight: 400;\">) seria uma agrega\u00e7\u00e3o natural aos <a href=\"https:\/\/bit.ly\/3AD0ZMW\" target=\"_blank\" rel=\"noopener\">Termos Territoriais Coletivos<\/a>. A defini\u00e7\u00e3o legal de um TTC determina que ele deve n\u00e3o apenas ser dono da terra, mas tamb\u00e9m gerenciar o territ\u00f3rio e outros ativos que ir\u00e3o atender aos interesses sociais, econ\u00f4micos e ambientais da comunidade local. Os espa\u00e7os de <\/span><i><span style=\"font-weight: 400;\">coworking <\/span><\/i><span style=\"font-weight: 400;\">poderiam potencialmente trazer os seguintes benef\u00edcios:<\/span><\/p>\n<ol>\n<li><span style=\"font-weight: 400;\">Socialmente, a cria\u00e7\u00e3o de um local da comunidade onde as pessoas podem trabalhar em conjunto. A uni\u00e3o de diferentes neg\u00f3cios e setores em um mesmo local poderia levar a uma explos\u00e3o de criatividade e novas ideias.<\/span><\/li>\n<li>Economicamente, os espa\u00e7os de <i>coworking <\/i>poderiam trazer aos TTCs valiosos fluxos de renda. Ao mesmo tempo, o TTC poderia reaproveitar escrit\u00f3rios desocupados e espa\u00e7os abandonados por outras empresas, contribuindo assim, para a restaura\u00e7\u00e3o do lugar. Poderia, al\u00e9m disso, acrescentar espa\u00e7os de trabalho para pequenas empresas, ajudando a gerar novos empregos e oportunidades de aprendizado para os moradores.<\/li>\n<li>Ambientalmente, o Termo Territorial Coletivo ajudaria a retirar a necessidade de pessoas cobrirem grandes dist\u00e2ncias para chegar ao trabalho, reduzindo a emiss\u00e3o de g\u00e1s carb\u00f4nico.<\/li>\n<\/ol>\n<p><span style=\"font-weight: 400;\">A perman\u00eancia de tais servi\u00e7os no ambiente comunit\u00e1rio iria trazer benef\u00edcios para a pr\u00f3pria comunidade no longo prazo.<\/span><\/p>\n<p><span style=\"font-weight: 400;\">Os seguintes pontos precisariam ser levados em conta pelos TTCs para a compra de im\u00f3veis:<\/span><\/p>\n<ul>\n<li><span style=\"font-weight: 400;\">O TTC precisaria investigar se tais atividades s\u00e3o permiss\u00edveis diante de seu objeto. Isso ser\u00e1 particularmente importante para TTCs com fins filantr\u00f3picos.<\/span><\/li>\n<li>Como em qualquer atividade nova, o TTC deve estar certo de que as atividades respeitam os interesses de sua organiza\u00e7\u00e3o. O conselho precisaria criar um plano de neg\u00f3cios completo a fim de garantir gera\u00e7\u00e3o de receita suficiente para cobrir os custos.<\/li>\n<\/ul>\n<p><span style=\"font-weight: 400;\">Temos conhecimento de alguns Termos Territoriais Coletivos que j\u00e1 t\u00eam a procura de espa\u00e7os de <\/span><i><span style=\"font-weight: 400;\">coworking<\/span><\/i><span style=\"font-weight: 400;\"> como parte de suas atividades. Seria interessante conhecer outros grupos que j\u00e1 consideram este modelo.\u00a0<\/span><\/p>\n<hr \/>\n<div class=\"entry clearfix\">\n<h4><b data-stringify-type=\"bold\">Apoie nossos esfor\u00e7os para fornecer apoio estrat\u00e9gico \u00e0s favelas do Rio, incluindo o jornalismo hiperlocal, cr\u00edtico, inovador e incans\u00e1vel do\u00a0<\/b><b data-stringify-type=\"bold\"><i data-stringify-type=\"italic\">RioOnWatch<\/i><\/b>\u2014<b data-stringify-type=\"bold\"><a class=\"c-link\" href=\"http:\/\/www.bit.ly\/ApoieROW\" target=\"_blank\" rel=\"noopener noreferrer\" data-stringify-link=\"http:\/\/www.bit.ly\/ApoieROW\" data-sk=\"tooltip_parent\">doe aqui<\/a><\/b><b data-stringify-type=\"bold\">.<\/b><\/h4>\n<\/div>\n<!-- AddThis Advanced Settings generic via filter on the_content --><!-- AddThis Share Buttons generic via filter on the_content -->","protected":false},"excerpt":{"rendered":"<div class=\"mh-excerpt\"><p>Click Here for English Leia a mat\u00e9ria original por Laura Moss, em ingl\u00eas, no site da Wrigleys aqui.\u00a0O RioOnWatch traduz mat\u00e9rias do ingl\u00eas para que brasileiros possam ter acesso e acompanhar temas ou an\u00e1lises cobertos <a class=\"mh-excerpt-more\" href=\"https:\/\/rioonwatch.org.br\/?p=55526\" title=\"Termos Territoriais Coletivos e Coworking\">[&#8230;]<\/a><!-- AddThis Advanced Settings generic via filter on get_the_excerpt --><!-- AddThis Share Buttons generic via filter on get_the_excerpt --><\/p>\n<\/div>","protected":false},"author":172,"featured_media":58178,"comment_status":"closed","ping_status":"closed","sticky":false,"template":"","format":"standard","meta":{"_acf_changed":false,"_monsterinsights_skip_tracking":false,"_monsterinsights_sitenote_active":false,"_monsterinsights_sitenote_note":"","_monsterinsights_sitenote_category":0,"footnotes":""},"categories":[2323,342,1634],"tags":[948,2748,424,909,106,1037,1347,711,578,1168],"writer":[3082],"translator":[3057],"source":[],"ilustrador":[],"fotografo":[],"class_list":{"0":"post-55526","1":"post","2":"type-post","3":"status-publish","4":"format-standard","5":"has-post-thumbnail","7":"category-urbanismopopular","8":"category-solucoes","9":"category-traducoes","10":"tag-coletivo","11":"tag-coronavirus","12":"tag-direito-a-moradia","13":"tag-habitacao-acessivel","14":"tag-meio-ambiente","15":"tag-moradia","16":"tag-solucao","17":"tag-clt","18":"tag-trabalho-e-renda","19":"tag-traducao","20":"writer-laura-moss","21":"translator-marcos-liberato"},"acf":[],"yoast_head":"<!-- This site is optimized with the Yoast SEO plugin v25.6 - https:\/\/yoast.com\/wordpress\/plugins\/seo\/ -->\n<title>Termos Territoriais Coletivos e Coworking - RioOnWatch<\/title>\n<meta name=\"robots\" content=\"index, follow, max-snippet:-1, max-image-preview:large, max-video-preview:-1\" \/>\n<link rel=\"canonical\" href=\"https:\/\/rioonwatch.org.br\/?p=55526\" \/>\n<meta property=\"og:locale\" content=\"pt_BR\" \/>\n<meta property=\"og:type\" content=\"article\" \/>\n<meta property=\"og:title\" content=\"Termos Territoriais Coletivos e Coworking - RioOnWatch\" \/>\n<meta property=\"og:description\" content=\"Click Here for English Leia a mat\u00e9ria original por Laura Moss, em ingl\u00eas, no site da Wrigleys aqui.\u00a0O RioOnWatch traduz mat\u00e9rias do ingl\u00eas para que brasileiros possam ter acesso e acompanhar temas ou an\u00e1lises cobertos [...]\" \/>\n<meta property=\"og:url\" content=\"https:\/\/rioonwatch.org.br\/?p=55526\" \/>\n<meta property=\"og:site_name\" content=\"RioOnWatch\" \/>\n<meta property=\"article:published_time\" content=\"2021-09-14T14:09:29+00:00\" \/>\n<meta property=\"article:modified_time\" content=\"2022-01-05T19:35:47+00:00\" \/>\n<meta property=\"og:image\" content=\"https:\/\/rioonwatch.org.br\/wp-content\/uploads\/2021\/09\/CLT_GabyFeBland1-881x629.png\" \/>\n\t<meta property=\"og:image:width\" content=\"881\" \/>\n\t<meta property=\"og:image:height\" content=\"629\" \/>\n\t<meta property=\"og:image:type\" content=\"image\/png\" \/>\n<meta name=\"author\" content=\"Gabriela Buffon Vargas\" \/>\n<meta name=\"twitter:card\" content=\"summary_large_image\" \/>\n<meta name=\"twitter:label1\" content=\"Escrito por\" \/>\n\t<meta name=\"twitter:data1\" content=\"Gabriela Buffon Vargas\" \/>\n\t<meta name=\"twitter:label2\" content=\"Est. tempo de leitura\" \/>\n\t<meta name=\"twitter:data2\" content=\"3 minutos\" \/>\n<script type=\"application\/ld+json\" class=\"yoast-schema-graph\">{\"@context\":\"https:\/\/schema.org\",\"@graph\":[{\"@type\":\"Article\",\"@id\":\"https:\/\/rioonwatch.org.br\/?p=55526#article\",\"isPartOf\":{\"@id\":\"https:\/\/rioonwatch.org.br\/?p=55526\"},\"author\":{\"name\":\"Gabriela Buffon Vargas\",\"@id\":\"https:\/\/rioonwatch.org.br\/#\/schema\/person\/25e77d79d09696eba4e7e9fde4e5aeb8\"},\"headline\":\"Termos Territoriais Coletivos e Coworking\",\"datePublished\":\"2021-09-14T14:09:29+00:00\",\"dateModified\":\"2022-01-05T19:35:47+00:00\",\"mainEntityOfPage\":{\"@id\":\"https:\/\/rioonwatch.org.br\/?p=55526\"},\"wordCount\":630,\"publisher\":{\"@id\":\"https:\/\/rioonwatch.org.br\/#organization\"},\"image\":{\"@id\":\"https:\/\/rioonwatch.org.br\/?p=55526#primaryimage\"},\"thumbnailUrl\":\"https:\/\/rioonwatch.org.br\/wp-content\/uploads\/2021\/09\/CLT_GabyFeBland1.png\",\"keywords\":[\"coletivo\",\"coronav\u00edrus\",\"Direito \u00e0 Moradia\",\"habita\u00e7\u00e3o acess\u00edvel\",\"meio ambiente\",\"moradia\",\"solu\u00e7\u00e3o\",\"Termo Territorial Coletivo (TTC) \/ Community Land Trust (CLT)\",\"Trabalho e renda\",\"tradu\u00e7\u00e3o\"],\"articleSection\":[\"#UrbanismoPopular\",\"Solu\u00e7\u00f5es\",\"Traduzidas do Ingl\u00eas\"],\"inLanguage\":\"pt-BR\"},{\"@type\":\"WebPage\",\"@id\":\"https:\/\/rioonwatch.org.br\/?p=55526\",\"url\":\"https:\/\/rioonwatch.org.br\/?p=55526\",\"name\":\"Termos Territoriais Coletivos e Coworking - RioOnWatch\",\"isPartOf\":{\"@id\":\"https:\/\/rioonwatch.org.br\/#website\"},\"primaryImageOfPage\":{\"@id\":\"https:\/\/rioonwatch.org.br\/?p=55526#primaryimage\"},\"image\":{\"@id\":\"https:\/\/rioonwatch.org.br\/?p=55526#primaryimage\"},\"thumbnailUrl\":\"https:\/\/rioonwatch.org.br\/wp-content\/uploads\/2021\/09\/CLT_GabyFeBland1.png\",\"datePublished\":\"2021-09-14T14:09:29+00:00\",\"dateModified\":\"2022-01-05T19:35:47+00:00\",\"breadcrumb\":{\"@id\":\"https:\/\/rioonwatch.org.br\/?p=55526#breadcrumb\"},\"inLanguage\":\"pt-BR\",\"potentialAction\":[{\"@type\":\"ReadAction\",\"target\":[\"https:\/\/rioonwatch.org.br\/?p=55526\"]}]},{\"@type\":\"ImageObject\",\"inLanguage\":\"pt-BR\",\"@id\":\"https:\/\/rioonwatch.org.br\/?p=55526#primaryimage\",\"url\":\"https:\/\/rioonwatch.org.br\/wp-content\/uploads\/2021\/09\/CLT_GabyFeBland1.png\",\"contentUrl\":\"https:\/\/rioonwatch.org.br\/wp-content\/uploads\/2021\/09\/CLT_GabyFeBland1.png\",\"width\":2048,\"height\":1463},{\"@type\":\"BreadcrumbList\",\"@id\":\"https:\/\/rioonwatch.org.br\/?p=55526#breadcrumb\",\"itemListElement\":[{\"@type\":\"ListItem\",\"position\":1,\"name\":\"In\u00edcio\",\"item\":\"https:\/\/rioonwatch.org.br\/\"},{\"@type\":\"ListItem\",\"position\":2,\"name\":\"Termos Territoriais Coletivos e Coworking\"}]},{\"@type\":\"WebSite\",\"@id\":\"https:\/\/rioonwatch.org.br\/#website\",\"url\":\"https:\/\/rioonwatch.org.br\/\",\"name\":\"RioOnWatch\",\"description\":\"relatos das favelas cariocas\",\"publisher\":{\"@id\":\"https:\/\/rioonwatch.org.br\/#organization\"},\"potentialAction\":[{\"@type\":\"SearchAction\",\"target\":{\"@type\":\"EntryPoint\",\"urlTemplate\":\"https:\/\/rioonwatch.org.br\/?s={search_term_string}\"},\"query-input\":{\"@type\":\"PropertyValueSpecification\",\"valueRequired\":true,\"valueName\":\"search_term_string\"}}],\"inLanguage\":\"pt-BR\"},{\"@type\":\"Organization\",\"@id\":\"https:\/\/rioonwatch.org.br\/#organization\",\"name\":\"RioOnWatch\",\"url\":\"https:\/\/rioonwatch.org.br\/\",\"logo\":{\"@type\":\"ImageObject\",\"inLanguage\":\"pt-BR\",\"@id\":\"https:\/\/rioonwatch.org.br\/#\/schema\/logo\/image\/\",\"url\":\"https:\/\/rioonwatch.org.br\/wp-content\/uploads\/2021\/06\/RioOnWatchcabecalhoPT11anos-2.png\",\"contentUrl\":\"https:\/\/rioonwatch.org.br\/wp-content\/uploads\/2021\/06\/RioOnWatchcabecalhoPT11anos-2.png\",\"width\":779,\"height\":277,\"caption\":\"RioOnWatch\"},\"image\":{\"@id\":\"https:\/\/rioonwatch.org.br\/#\/schema\/logo\/image\/\"}},{\"@type\":\"Person\",\"@id\":\"https:\/\/rioonwatch.org.br\/#\/schema\/person\/25e77d79d09696eba4e7e9fde4e5aeb8\",\"name\":\"Gabriela Buffon Vargas\",\"image\":{\"@type\":\"ImageObject\",\"inLanguage\":\"pt-BR\",\"@id\":\"https:\/\/rioonwatch.org.br\/#\/schema\/person\/image\/\",\"url\":\"https:\/\/secure.gravatar.com\/avatar\/34a2277c2e01615d25b508b80749bf0b?s=96&d=blank&r=g\",\"contentUrl\":\"https:\/\/secure.gravatar.com\/avatar\/34a2277c2e01615d25b508b80749bf0b?s=96&d=blank&r=g\",\"caption\":\"Gabriela Buffon Vargas\"},\"url\":\"https:\/\/rioonwatch.org.br\/?author=172\"}]}<\/script>\n<!-- \/ Yoast SEO plugin. -->","yoast_head_json":{"title":"Termos Territoriais Coletivos e Coworking - RioOnWatch","robots":{"index":"index","follow":"follow","max-snippet":"max-snippet:-1","max-image-preview":"max-image-preview:large","max-video-preview":"max-video-preview:-1"},"canonical":"https:\/\/rioonwatch.org.br\/?p=55526","og_locale":"pt_BR","og_type":"article","og_title":"Termos Territoriais Coletivos e Coworking - RioOnWatch","og_description":"Click Here for English Leia a mat\u00e9ria original por Laura Moss, em ingl\u00eas, no site da Wrigleys aqui.\u00a0O RioOnWatch traduz mat\u00e9rias do ingl\u00eas para que brasileiros possam ter acesso e acompanhar temas ou an\u00e1lises cobertos [...]","og_url":"https:\/\/rioonwatch.org.br\/?p=55526","og_site_name":"RioOnWatch","article_published_time":"2021-09-14T14:09:29+00:00","article_modified_time":"2022-01-05T19:35:47+00:00","og_image":[{"width":881,"height":629,"url":"https:\/\/rioonwatch.org.br\/wp-content\/uploads\/2021\/09\/CLT_GabyFeBland1-881x629.png","type":"image\/png"}],"author":"Gabriela Buffon Vargas","twitter_card":"summary_large_image","twitter_misc":{"Escrito por":"Gabriela Buffon Vargas","Est. tempo de leitura":"3 minutos"},"schema":{"@context":"https:\/\/schema.org","@graph":[{"@type":"Article","@id":"https:\/\/rioonwatch.org.br\/?p=55526#article","isPartOf":{"@id":"https:\/\/rioonwatch.org.br\/?p=55526"},"author":{"name":"Gabriela Buffon Vargas","@id":"https:\/\/rioonwatch.org.br\/#\/schema\/person\/25e77d79d09696eba4e7e9fde4e5aeb8"},"headline":"Termos Territoriais Coletivos e Coworking","datePublished":"2021-09-14T14:09:29+00:00","dateModified":"2022-01-05T19:35:47+00:00","mainEntityOfPage":{"@id":"https:\/\/rioonwatch.org.br\/?p=55526"},"wordCount":630,"publisher":{"@id":"https:\/\/rioonwatch.org.br\/#organization"},"image":{"@id":"https:\/\/rioonwatch.org.br\/?p=55526#primaryimage"},"thumbnailUrl":"https:\/\/rioonwatch.org.br\/wp-content\/uploads\/2021\/09\/CLT_GabyFeBland1.png","keywords":["coletivo","coronav\u00edrus","Direito \u00e0 Moradia","habita\u00e7\u00e3o acess\u00edvel","meio ambiente","moradia","solu\u00e7\u00e3o","Termo Territorial Coletivo (TTC) \/ Community Land Trust (CLT)","Trabalho e renda","tradu\u00e7\u00e3o"],"articleSection":["#UrbanismoPopular","Solu\u00e7\u00f5es","Traduzidas do Ingl\u00eas"],"inLanguage":"pt-BR"},{"@type":"WebPage","@id":"https:\/\/rioonwatch.org.br\/?p=55526","url":"https:\/\/rioonwatch.org.br\/?p=55526","name":"Termos Territoriais Coletivos e Coworking - RioOnWatch","isPartOf":{"@id":"https:\/\/rioonwatch.org.br\/#website"},"primaryImageOfPage":{"@id":"https:\/\/rioonwatch.org.br\/?p=55526#primaryimage"},"image":{"@id":"https:\/\/rioonwatch.org.br\/?p=55526#primaryimage"},"thumbnailUrl":"https:\/\/rioonwatch.org.br\/wp-content\/uploads\/2021\/09\/CLT_GabyFeBland1.png","datePublished":"2021-09-14T14:09:29+00:00","dateModified":"2022-01-05T19:35:47+00:00","breadcrumb":{"@id":"https:\/\/rioonwatch.org.br\/?p=55526#breadcrumb"},"inLanguage":"pt-BR","potentialAction":[{"@type":"ReadAction","target":["https:\/\/rioonwatch.org.br\/?p=55526"]}]},{"@type":"ImageObject","inLanguage":"pt-BR","@id":"https:\/\/rioonwatch.org.br\/?p=55526#primaryimage","url":"https:\/\/rioonwatch.org.br\/wp-content\/uploads\/2021\/09\/CLT_GabyFeBland1.png","contentUrl":"https:\/\/rioonwatch.org.br\/wp-content\/uploads\/2021\/09\/CLT_GabyFeBland1.png","width":2048,"height":1463},{"@type":"BreadcrumbList","@id":"https:\/\/rioonwatch.org.br\/?p=55526#breadcrumb","itemListElement":[{"@type":"ListItem","position":1,"name":"In\u00edcio","item":"https:\/\/rioonwatch.org.br\/"},{"@type":"ListItem","position":2,"name":"Termos Territoriais Coletivos e Coworking"}]},{"@type":"WebSite","@id":"https:\/\/rioonwatch.org.br\/#website","url":"https:\/\/rioonwatch.org.br\/","name":"RioOnWatch","description":"relatos das favelas cariocas","publisher":{"@id":"https:\/\/rioonwatch.org.br\/#organization"},"potentialAction":[{"@type":"SearchAction","target":{"@type":"EntryPoint","urlTemplate":"https:\/\/rioonwatch.org.br\/?s={search_term_string}"},"query-input":{"@type":"PropertyValueSpecification","valueRequired":true,"valueName":"search_term_string"}}],"inLanguage":"pt-BR"},{"@type":"Organization","@id":"https:\/\/rioonwatch.org.br\/#organization","name":"RioOnWatch","url":"https:\/\/rioonwatch.org.br\/","logo":{"@type":"ImageObject","inLanguage":"pt-BR","@id":"https:\/\/rioonwatch.org.br\/#\/schema\/logo\/image\/","url":"https:\/\/rioonwatch.org.br\/wp-content\/uploads\/2021\/06\/RioOnWatchcabecalhoPT11anos-2.png","contentUrl":"https:\/\/rioonwatch.org.br\/wp-content\/uploads\/2021\/06\/RioOnWatchcabecalhoPT11anos-2.png","width":779,"height":277,"caption":"RioOnWatch"},"image":{"@id":"https:\/\/rioonwatch.org.br\/#\/schema\/logo\/image\/"}},{"@type":"Person","@id":"https:\/\/rioonwatch.org.br\/#\/schema\/person\/25e77d79d09696eba4e7e9fde4e5aeb8","name":"Gabriela Buffon Vargas","image":{"@type":"ImageObject","inLanguage":"pt-BR","@id":"https:\/\/rioonwatch.org.br\/#\/schema\/person\/image\/","url":"https:\/\/secure.gravatar.com\/avatar\/34a2277c2e01615d25b508b80749bf0b?s=96&d=blank&r=g","contentUrl":"https:\/\/secure.gravatar.com\/avatar\/34a2277c2e01615d25b508b80749bf0b?s=96&d=blank&r=g","caption":"Gabriela Buffon Vargas"},"url":"https:\/\/rioonwatch.org.br\/?author=172"}]}},"_links":{"self":[{"href":"https:\/\/rioonwatch.org.br\/index.php?rest_route=\/wp\/v2\/posts\/55526"}],"collection":[{"href":"https:\/\/rioonwatch.org.br\/index.php?rest_route=\/wp\/v2\/posts"}],"about":[{"href":"https:\/\/rioonwatch.org.br\/index.php?rest_route=\/wp\/v2\/types\/post"}],"author":[{"embeddable":true,"href":"https:\/\/rioonwatch.org.br\/index.php?rest_route=\/wp\/v2\/users\/172"}],"replies":[{"embeddable":true,"href":"https:\/\/rioonwatch.org.br\/index.php?rest_route=%2Fwp%2Fv2%2Fcomments&post=55526"}],"version-history":[{"count":16,"href":"https:\/\/rioonwatch.org.br\/index.php?rest_route=\/wp\/v2\/posts\/55526\/revisions"}],"predecessor-version":[{"id":60089,"href":"https:\/\/rioonwatch.org.br\/index.php?rest_route=\/wp\/v2\/posts\/55526\/revisions\/60089"}],"wp:featuredmedia":[{"embeddable":true,"href":"https:\/\/rioonwatch.org.br\/index.php?rest_route=\/wp\/v2\/media\/58178"}],"wp:attachment":[{"href":"https:\/\/rioonwatch.org.br\/index.php?rest_route=%2Fwp%2Fv2%2Fmedia&parent=55526"}],"wp:term":[{"taxonomy":"category","embeddable":true,"href":"https:\/\/rioonwatch.org.br\/index.php?rest_route=%2Fwp%2Fv2%2Fcategories&post=55526"},{"taxonomy":"post_tag","embeddable":true,"href":"https:\/\/rioonwatch.org.br\/index.php?rest_route=%2Fwp%2Fv2%2Ftags&post=55526"},{"taxonomy":"writer","embeddable":true,"href":"https:\/\/rioonwatch.org.br\/index.php?rest_route=%2Fwp%2Fv2%2Fwriter&post=55526"},{"taxonomy":"translator","embeddable":true,"href":"https:\/\/rioonwatch.org.br\/index.php?rest_route=%2Fwp%2Fv2%2Ftranslator&post=55526"},{"taxonomy":"source","embeddable":true,"href":"https:\/\/rioonwatch.org.br\/index.php?rest_route=%2Fwp%2Fv2%2Fsource&post=55526"},{"taxonomy":"ilustrador","embeddable":true,"href":"https:\/\/rioonwatch.org.br\/index.php?rest_route=%2Fwp%2Fv2%2Filustrador&post=55526"},{"taxonomy":"fotografo","embeddable":true,"href":"https:\/\/rioonwatch.org.br\/index.php?rest_route=%2Fwp%2Fv2%2Ffotografo&post=55526"}],"curies":[{"name":"wp","href":"https:\/\/api.w.org\/{rel}","templated":true}]}}