{"id":55819,"date":"2021-06-18T12:03:30","date_gmt":"2021-06-18T15:03:30","guid":{"rendered":"https:\/\/rioonwatch.org.br\/?p=55819"},"modified":"2021-07-31T15:18:07","modified_gmt":"2021-07-31T18:18:07","slug":"apesar-da-pandemia-14-301-familias-removidas-no-brasil-o-caso-da-igreja-da-graca-de-deus-zona-norte-de-sao-paulo","status":"publish","type":"post","link":"https:\/\/rioonwatch.org.br\/?p=55819","title":{"rendered":"Apesar da Pandemia, 14.301 Fam\u00edlias Removidas no Brasil: O Caso da Igreja da Gra\u00e7a de Deus"},"content":{"rendered":"<p style=\"text-align: right;\"><em><strong><a href=\"https:\/\/bit.ly\/3xGHukS\" target=\"_blank\" rel=\"noopener noreferrer\">Click Here for English<\/a><a href=\"https:\/\/bit.ly\/3xGHukS\" target=\"_blank\" rel=\"noopener noreferrer\"><img decoding=\"async\" class=\"alignright wp-image-15790\" src=\"http:\/\/rioonwatch.org.br\/wp-content\/uploads\/2012\/08\/EN-standard-e1439583104716.jpg\" alt=\"\" width=\"20\" height=\"20\" \/><\/a><\/strong><\/em><\/p>\n<p><i data-stringify-type=\"italic\">Esta \u00e9 nossa mat\u00e9ria mais recente sobre\u00a0<\/i><i data-stringify-type=\"italic\"><a class=\"c-link\" href=\"http:\/\/bit.ly\/Covid19NasFavelas\" target=\"_blank\" rel=\"noopener noreferrer\" data-stringify-link=\"http:\/\/bit.ly\/Covid19NasFavelas\" data-sk=\"tooltip_parent\">o coronav\u00edrus e seus impactos sobre as favelas<\/a>.<\/i><\/p>\n<p><span style=\"font-weight: 400;\">Na manh\u00e3 do dia 28 de maio, a <a href=\"http:\/\/bit.ly\/2x488q5\" target=\"_blank\" rel=\"noopener\">Pol\u00edcia Militar<\/a> desapropriou a fam\u00edlia de Cleuza Maria de Toledo, que morava na <a href=\"https:\/\/bit.ly\/3uKMbHW\" target=\"_blank\" rel=\"noopener\">Ocupa\u00e7\u00e3o Penha Brasil<\/a>, no distrito de Cachoeirinha, Zona Norte de<a href=\"http:\/\/bit.ly\/2RR28KT\" target=\"_blank\" rel=\"noopener\"> S\u00e3o Paulo<\/a>.\u00a0<\/span><span style=\"font-weight: 400;\">Sem casa, recorreu \u00e0 ajuda de familiares durante os primeiros dias fora da ocupa\u00e7\u00e3o. Assim como ela, outras cerca de 230 fam\u00edlias tiveram que conseguir um abrigo em meio \u00e0 pandemia, ap\u00f3s muitas delas perderem a renda para o aluguel, como\u00a0<a href=\"https:\/\/bit.ly\/3eeqETl\" target=\"_blank\" rel=\"noopener noreferrer\">mostrou uma reportagem na <em>Folha de S\u00e3o Paulo<\/em><\/a><em>.<\/em><\/span><\/p>\n<p><span style=\"font-weight: 400;\">Cleuza viu na ocupa\u00e7\u00e3o a chance de ficar enquanto n\u00e3o conseguia melhores condi\u00e7\u00f5es para viver com as filhas, de 9 e 19 anos, sendo que uma delas t\u00eam defici\u00eancia intelectual. \u201c\u00c9 esquizofr\u00eanica e com autismo. N\u00e3o posso trabalhar porque cuido dela\u201d, ressalta.\u00a0<\/span><\/p>\n<p><a href=\"https:\/\/rioonwatch.org.br\/wp-content\/uploads\/2021\/06\/Cartaz-de-uma-moradora-da-ocupacao-durante-manifestacao-para-cancelamento-do-despejo-_-Divulgacao.jpg\"><img fetchpriority=\"high\" decoding=\"async\" class=\"aligncenter wp-image-55824 size-medium\" title=\"Cartaz de uma moradora da ocupa\u00e7\u00e3o durante manifesta\u00e7\u00e3o para cancelamento da remo\u00e7\u00e3o.\" src=\"https:\/\/rioonwatch.org.br\/wp-content\/uploads\/2021\/06\/Cartaz-de-uma-moradora-da-ocupacao-durante-manifestacao-para-cancelamento-do-despejo-_-Divulgacao-620x349.jpg\" alt=\"\" width=\"620\" height=\"349\" srcset=\"https:\/\/rioonwatch.org.br\/wp-content\/uploads\/2021\/06\/Cartaz-de-uma-moradora-da-ocupacao-durante-manifestacao-para-cancelamento-do-despejo-_-Divulgacao-620x349.jpg 620w, https:\/\/rioonwatch.org.br\/wp-content\/uploads\/2021\/06\/Cartaz-de-uma-moradora-da-ocupacao-durante-manifestacao-para-cancelamento-do-despejo-_-Divulgacao-469x264.jpg 469w, https:\/\/rioonwatch.org.br\/wp-content\/uploads\/2021\/06\/Cartaz-de-uma-moradora-da-ocupacao-durante-manifestacao-para-cancelamento-do-despejo-_-Divulgacao-768x432.jpg 768w, https:\/\/rioonwatch.org.br\/wp-content\/uploads\/2021\/06\/Cartaz-de-uma-moradora-da-ocupacao-durante-manifestacao-para-cancelamento-do-despejo-_-Divulgacao-580x326.jpg 580w, https:\/\/rioonwatch.org.br\/wp-content\/uploads\/2021\/06\/Cartaz-de-uma-moradora-da-ocupacao-durante-manifestacao-para-cancelamento-do-despejo-_-Divulgacao-174x98.jpg 174w, https:\/\/rioonwatch.org.br\/wp-content\/uploads\/2021\/06\/Cartaz-de-uma-moradora-da-ocupacao-durante-manifestacao-para-cancelamento-do-despejo-_-Divulgacao.jpg 960w\" sizes=\"(max-width: 620px) 100vw, 620px\" \/><\/a><\/p>\n<p><span style=\"font-weight: 400;\">Em abril, ela j\u00e1 previa que, se ocorresse a reintegra\u00e7\u00e3o, n\u00e3o teria para onde ir. Uma das maiores preocupa\u00e7\u00f5es, naquela \u00e9poca, era a agita\u00e7\u00e3o da filha com a mudan\u00e7a. \u201cA mente dela fica descontrolada. Ela entende esse conflito de sair de uma casa e fica alterada\u201d.<\/span><\/p>\n<p><span style=\"font-weight: 400;\">A reintegra\u00e7\u00e3o foi poss\u00edvel ap\u00f3s autoriza\u00e7\u00e3o da ju\u00edza Paula Fernanda de Souza Vasconcelos Navarro, a pedido da Igreja Internacional da Gra\u00e7a de Deus, dona do terreno, que \u00e9 comandada pelo <a href=\"https:\/\/bit.ly\/2TARdKg\" target=\"_blank\" rel=\"noopener\">milion\u00e1rio pastor evang\u00e9lico R.R. Soares<\/a>, detentor de v\u00e1rias empresas no pa\u00eds.\u00a0<\/span><\/p>\n<p><span style=\"font-weight: 400;\">Sob o risco de remo\u00e7\u00e3o, os moradores se reuniram e um dia antes da desocupa\u00e7\u00e3o, protestaram contra a remo\u00e7\u00e3o em frente \u00e0 Segunda Subse\u00e7\u00e3o de Direito Privado do Tribunal de Justi\u00e7a, na S\u00e9, Zona Central da capital paulista. <\/span><span style=\"font-weight: 400;\">Al\u00e9m disso, a Defensoria P\u00fablica de S\u00e3o Paulo <a href=\"https:\/\/bit.ly\/3q1fqWh\" target=\"_blank\" rel=\"noopener\">pediu a suspens\u00e3o<\/a> do cumprimento da ordem de reintegra\u00e7\u00e3o de posse. O pedido foi negado na segunda inst\u00e2ncia.\u00a0<\/span><\/p>\n<p><a href=\"https:\/\/rioonwatch.org.br\/wp-content\/uploads\/2021\/06\/Moradores-em-uma-das-acoes-no-centro-da-cidade-em-que-pediam-a-permanencia-no-terreno-_-Divulgacao.jpg\"><img decoding=\"async\" class=\"aligncenter wp-image-55827 size-content\" title=\"Moradores em uma das a\u00e7\u00f5es no Centro da cidade em que pediam a perman\u00eancia no terreno.\" src=\"https:\/\/rioonwatch.org.br\/wp-content\/uploads\/2021\/06\/Moradores-em-uma-das-acoes-no-centro-da-cidade-em-que-pediam-a-permanencia-no-terreno-_-Divulgacao-620x264.jpg\" alt=\"\" width=\"620\" height=\"264\" srcset=\"https:\/\/rioonwatch.org.br\/wp-content\/uploads\/2021\/06\/Moradores-em-uma-das-acoes-no-centro-da-cidade-em-que-pediam-a-permanencia-no-terreno-_-Divulgacao-620x264.jpg 620w, https:\/\/rioonwatch.org.br\/wp-content\/uploads\/2021\/06\/Moradores-em-uma-das-acoes-no-centro-da-cidade-em-que-pediam-a-permanencia-no-terreno-_-Divulgacao-940x400.jpg 940w\" sizes=\"(max-width: 620px) 100vw, 620px\" \/><\/a><\/p>\n<p><span style=\"font-weight: 400;\">Na decis\u00e3o, o relator do caso, Ricardo Pessoa de Mello Belli <a href=\"https:\/\/bit.ly\/35oPwSX\" target=\"_blank\" rel=\"noopener\">afirmou que<\/a> \u201ca protela\u00e7\u00e3o do cumprimento da ordem liminar, para aguardo de provid\u00eancias do Poder P\u00fablico destinadas a promover o assentamento dos r\u00e9us, n\u00e3o teria outro efeito que n\u00e3o o de agigantar a invas\u00e3o\u201d. Para o magistrado, manter as pessoas s\u00f3 aumentaria o n\u00famero de ocupantes.\u00a0<\/span><\/p>\n<p><span style=\"font-weight: 400;\">L\u00edder comunit\u00e1rio no local, Alexandre Fernandes da Silva, diz que o n\u00famero de pessoas era grande por conta da pandemia, que tirou a renda dos mais pobres. \u201cAs fam\u00edlias n\u00e3o tinham condi\u00e7\u00f5es financeiras para o aluguel e outras despesas. As fam\u00edlias foram para este terreno por conta disso\u201d, ressalta.<\/span><\/p>\n<p><span style=\"font-weight: 400;\">No geral, Alexandre diz que as fam\u00edlias ocupantes eram de baixa renda, que j\u00e1 tinham sido removidas de suas casas por motivos do n\u00e3o pagamento de alugu\u00e9is, al\u00e9m de fam\u00edlias que, desempregadas, ficaram sem as parcelas do aux\u00edlio emergencial.\u00a0<\/span><\/p>\n<p><a href=\"https:\/\/rioonwatch.org.br\/wp-content\/uploads\/2021\/06\/Policiais-durante-a-acao-de-despejo-das-centenas-de-familias-no-terreno-da-Igreja-Internacional-do-Reino-de-Deus-_-Divulgacao.jpg\"><img loading=\"lazy\" decoding=\"async\" class=\"aligncenter wp-image-55828 size-content\" title=\"Policiais durante a a\u00e7\u00e3o de despejo das centenas de fam\u00edlias no terreno da Igreja da Gra\u00e7a de Deus.\" src=\"https:\/\/rioonwatch.org.br\/wp-content\/uploads\/2021\/06\/Policiais-durante-a-acao-de-despejo-das-centenas-de-familias-no-terreno-da-Igreja-Internacional-do-Reino-de-Deus-_-Divulgacao-620x264.jpg\" alt=\"\" width=\"620\" height=\"264\" srcset=\"https:\/\/rioonwatch.org.br\/wp-content\/uploads\/2021\/06\/Policiais-durante-a-acao-de-despejo-das-centenas-de-familias-no-terreno-da-Igreja-Internacional-do-Reino-de-Deus-_-Divulgacao-620x264.jpg 620w, https:\/\/rioonwatch.org.br\/wp-content\/uploads\/2021\/06\/Policiais-durante-a-acao-de-despejo-das-centenas-de-familias-no-terreno-da-Igreja-Internacional-do-Reino-de-Deus-_-Divulgacao-940x400.jpg 940w\" sizes=\"(max-width: 620px) 100vw, 620px\" \/><\/a><\/p>\n<p><span style=\"font-weight: 400;\">Depois da reintegra\u00e7\u00e3o, as fam\u00edlias se dispersaram. Algumas foram acolhidas em outras comunidades na regi\u00e3o e em outros bairros, como Barra Funda e Jardim Peri. \u201cOutras ficaram na cal\u00e7ada ou em um albergue p\u00fablico\u201d, comenta Alexandre.<\/span><\/p>\n<p><span style=\"font-weight: 400;\">A remo\u00e7\u00e3o de fam\u00edlias pobres durante a pandemia n\u00e3o \u00e9 novidade. Em junho do ano passado, <\/span><span style=\"font-weight: 400;\"><a href=\"https:\/\/bit.ly\/2CsHwWj\" target=\"_blank\" rel=\"noopener\">cerca de 900 pessoas<\/a> foram removidas <a href=\"https:\/\/glo.bo\/3gztYGY\" target=\"_blank\" rel=\"noopener noreferrer\">em um terreno chamado Roseira,<\/a>\u00a0em\u00a0<a href=\"https:\/\/bit.ly\/35wJf7M\" target=\"_blank\" rel=\"noopener noreferrer\">Guaianases<\/a>, Zona Leste de S\u00e3o Paulo.<\/span><\/p>\n<p><span style=\"font-weight: 400;\">Sobre a desocupa\u00e7\u00e3o, a Prefeitura de S\u00e3o Paulo e a Igreja Internacional da Gra\u00e7a de Deus n\u00e3o responderam at\u00e9 a publica\u00e7\u00e3o desta reportagem.<\/span><\/p>\n<h3><b>Remo\u00e7\u00f5es no Pa\u00eds<\/b><\/h3>\n<p><span style=\"font-weight: 400;\">Novos dados da <a href=\"https:\/\/bit.ly\/3gsIfYP\" target=\"_blank\" rel=\"noopener\">Campanha Despejo Zero<\/a> apontam que, pelo menos <a href=\"https:\/\/bit.ly\/2S0sbUH\">14.301 fam\u00edlias<\/a> foram removidas, no per\u00edodo de mar\u00e7o do ano passado at\u00e9 06 de junho deste ano, apesar da pandemia. Atualmente, 84.092 fam\u00edlias est\u00e3o amea\u00e7adas de remo\u00e7\u00e3o no Brasil.<\/span><\/p>\n<p><span style=\"font-weight: 400;\"><a href=\"https:\/\/rioonwatch.org.br\/wp-content\/uploads\/2021\/06\/Despejo-Zero-Ao-menos-14.301-familias-foram-removidas-no-Brasil-durante-a-pandemia.jpg\"><img loading=\"lazy\" decoding=\"async\" class=\"wp-image-55839 size-medium aligncenter\" title=\"Ao menos 14.301 fam\u00edlias foram removidas no Brasil durante a pandemia.\" src=\"https:\/\/rioonwatch.org.br\/wp-content\/uploads\/2021\/06\/Despejo-Zero-Ao-menos-14.301-familias-foram-removidas-no-Brasil-durante-a-pandemia-620x620.jpg\" alt=\"\" width=\"620\" height=\"620\" srcset=\"https:\/\/rioonwatch.org.br\/wp-content\/uploads\/2021\/06\/Despejo-Zero-Ao-menos-14.301-familias-foram-removidas-no-Brasil-durante-a-pandemia-620x620.jpg 620w, https:\/\/rioonwatch.org.br\/wp-content\/uploads\/2021\/06\/Despejo-Zero-Ao-menos-14.301-familias-foram-removidas-no-Brasil-durante-a-pandemia-264x264.jpg 264w, https:\/\/rioonwatch.org.br\/wp-content\/uploads\/2021\/06\/Despejo-Zero-Ao-menos-14.301-familias-foram-removidas-no-Brasil-durante-a-pandemia-768x767.jpg 768w, https:\/\/rioonwatch.org.br\/wp-content\/uploads\/2021\/06\/Despejo-Zero-Ao-menos-14.301-familias-foram-removidas-no-Brasil-durante-a-pandemia.jpg 913w\" sizes=\"(max-width: 620px) 100vw, 620px\" \/><\/a><\/span><\/p>\n<p><span style=\"font-weight: 400;\">De acordo com organizadores da campanha, os n\u00fameros, que certamente est\u00e3o subestimados, s\u00e3o monitorados por meio de den\u00fancias e levantamentos feitos pelos movimentos sociais organizados, institui\u00e7\u00f5es ligadas ao tema e pelas <a href=\"https:\/\/bit.ly\/2F6okiw\" target=\"_blank\" rel=\"noopener\">Defensorias P\u00fablicas<\/a> estaduais.<\/span><\/p>\n<p><span style=\"font-weight: 400;\">A campanha, formada em junho de 2020, j\u00e1 no contexto da pandemia, tem se tornado cada vez mais capilarizada. \u201cTanto porque os n\u00fameros de amea\u00e7as e despejos coletivos n\u00e3o param de aumentar, como por conta de sua incid\u00eancia pol\u00edtica\u201d, comenta Benedito Roberto Barbosa, o Dito, advogado da <a href=\"https:\/\/bit.ly\/3q3htsR\" target=\"_blank\" rel=\"noopener\">Uni\u00e3o dos Movimentos de Moradia de S\u00e3o Paulo<\/a> e articulador da campanha Despejo Zero.\u00a0<\/span><\/p>\n<p><span style=\"font-weight: 400;\"><a href=\"https:\/\/rioonwatch.org.br\/wp-content\/uploads\/2021\/06\/Ao-menos-54-comunidades-tiveram-seus-casos-de-remocao-suspensos-por-ora.jpg\"><img loading=\"lazy\" decoding=\"async\" class=\"alignright wp-image-55845\" title=\"Ao menos 54 comunidades tiveram seus casos de remo\u00e7\u00e3o suspensos por ora.\" src=\"https:\/\/rioonwatch.org.br\/wp-content\/uploads\/2021\/06\/Ao-menos-54-comunidades-tiveram-seus-casos-de-remocao-suspensos-por-ora.jpg\" alt=\"\" width=\"300\" height=\"300\" srcset=\"https:\/\/rioonwatch.org.br\/wp-content\/uploads\/2021\/06\/Ao-menos-54-comunidades-tiveram-seus-casos-de-remocao-suspensos-por-ora.jpg 913w, https:\/\/rioonwatch.org.br\/wp-content\/uploads\/2021\/06\/Ao-menos-54-comunidades-tiveram-seus-casos-de-remocao-suspensos-por-ora-620x620.jpg 620w, https:\/\/rioonwatch.org.br\/wp-content\/uploads\/2021\/06\/Ao-menos-54-comunidades-tiveram-seus-casos-de-remocao-suspensos-por-ora-264x264.jpg 264w, https:\/\/rioonwatch.org.br\/wp-content\/uploads\/2021\/06\/Ao-menos-54-comunidades-tiveram-seus-casos-de-remocao-suspensos-por-ora-768x769.jpg 768w\" sizes=\"(max-width: 300px) 100vw, 300px\" \/><\/a>Segundo dados da pr\u00f3pria campanha, a articula\u00e7\u00e3o nacional contribuiu diretamente para a suspens\u00e3o de pelo menos 54 casos. Na pr\u00e1tica, <a href=\"https:\/\/bit.ly\/3gsIfYP\" target=\"_blank\" rel=\"noopener\">7.356 fam\u00edlias n\u00e3o foram removidas<\/a> no pa\u00eds, devido a suspen\u00e7\u00f5es geradas pela mobiliza\u00e7\u00e3o popular.<\/span><\/p>\n<p><span style=\"font-weight: 400;\">No dia 3 deste m\u00eas, o ministro do Supremo Tribunal Federal (<a href=\"https:\/\/bit.ly\/2Z8BO45\" target=\"_blank\" rel=\"noopener\">STF<\/a>) Lu\u00eds Roberto Barroso <a href=\"https:\/\/bit.ly\/3d3nLnp\" target=\"_blank\" rel=\"noopener\">suspendeu por seis meses<\/a> ordens e medidas de desocupa\u00e7\u00e3o de pessoas vulner\u00e1veis que j\u00e1 estavam nos espa\u00e7os antes de 20 de mar\u00e7o de 2020, dia em que foi decretado o per\u00edodo de calamidade p\u00fablica em decorr\u00eancia da pandemia do coronav\u00edrus.<\/span><\/p>\n<p><span style=\"font-weight: 400;\">A medida adotada foi vista como \u201cuma importante vit\u00f3ria\u201d pelos movimentos de moradia. Outra a\u00e7\u00e3o que tramita no Senado Federal e que pode favorecer as popula\u00e7\u00f5es \u00e9 o <a href=\"https:\/\/bit.ly\/2SxhJV2\" target=\"_blank\" rel=\"noopener\">Projeto de Lei 827\/2020<\/a> que pro\u00edbe o despejo coletivo at\u00e9 o fim de 2021, com a suspens\u00e3o dos atos praticados desde 20 de mar\u00e7o de 2020, com exce\u00e7\u00e3o das a\u00e7\u00f5es j\u00e1 conclu\u00eddas.<\/span><\/p>\n<hr \/>\n<h4><b data-stringify-type=\"bold\">Apoie nossos esfor\u00e7os para fornecer apoio estrat\u00e9gico \u00e0s favelas do Rio, incluindo o jornalismo hiperlocal, cr\u00edtico, inovador e incans\u00e1vel do\u00a0<\/b><b data-stringify-type=\"bold\"><i data-stringify-type=\"italic\">RioOnWatch<\/i><\/b>\u2014<a class=\"c-link\" href=\"http:\/\/www.bit.ly\/ApoieROW\" target=\"_blank\" rel=\"noopener noreferrer\" data-stringify-link=\"http:\/\/www.bit.ly\/ApoieROW\" data-sk=\"tooltip_parent\">doe aqui<\/a>.<\/h4>\n<!-- AddThis Advanced Settings generic via filter on the_content --><!-- AddThis Share Buttons generic via filter on the_content -->","protected":false},"excerpt":{"rendered":"<div class=\"mh-excerpt\"><p>Click Here for English Esta \u00e9 nossa mat\u00e9ria mais recente sobre\u00a0o coronav\u00edrus e seus impactos sobre as favelas. Na manh\u00e3 do dia 28 de maio, a Pol\u00edcia Militar desapropriou a fam\u00edlia de Cleuza Maria de <a class=\"mh-excerpt-more\" href=\"https:\/\/rioonwatch.org.br\/?p=55819\" title=\"Apesar da Pandemia, 14.301 Fam\u00edlias Removidas no Brasil: O Caso da Igreja da Gra\u00e7a de Deus\">[&#8230;]<\/a><!-- AddThis Advanced Settings generic via filter on get_the_excerpt --><!-- AddThis Share Buttons generic via filter on get_the_excerpt --><\/p>\n<\/div>","protected":false},"author":129,"featured_media":55822,"comment_status":"closed","ping_status":"closed","sticky":false,"template":"","format":"standard","meta":{"_acf_changed":false,"_monsterinsights_skip_tracking":false,"_monsterinsights_sitenote_active":false,"_monsterinsights_sitenote_note":"","_monsterinsights_sitenote_category":0,"footnotes":""},"categories":[2753,1614,1621,346,1625,344],"tags":[1221,2748,90,831,424,2891,2546,755,1151,407,14,998,2882],"writer":[2792],"translator":[],"source":[],"ilustrador":[],"fotografo":[],"class_list":{"0":"post-55819","1":"post","2":"type-post","3":"status-publish","4":"format-standard","5":"has-post-thumbnail","7":"category-covid19nasfavelas","8":"category-olhonasremocoes","9":"category-destaque","10":"category-denuncias","11":"category-por-correspondentes-comunitarios","12":"category-politicas","13":"tag-comparacao-nacional","14":"tag-coronavirus","15":"tag-defensoria-publica","16":"tag-direito-a-cidade","17":"tag-direito-a-moradia","18":"tag-guaianases","19":"tag-igreja-evangelica","20":"tag-lei","21":"tag-organizacao","22":"tag-ocupacao","23":"tag-remocao","24":"tag-sao-paulo","25":"tag-stf","26":"writer-lucas-veloso"},"acf":[],"yoast_head":"<!-- This site is optimized with the Yoast SEO plugin v25.6 - https:\/\/yoast.com\/wordpress\/plugins\/seo\/ -->\n<title>Apesar da Pandemia, 14.301 Fam\u00edlias Removidas no Brasil: O Caso da Igreja da Gra\u00e7a de Deus - RioOnWatch<\/title>\n<meta name=\"robots\" content=\"index, follow, max-snippet:-1, max-image-preview:large, max-video-preview:-1\" \/>\n<link rel=\"canonical\" href=\"https:\/\/rioonwatch.org.br\/?p=55819\" \/>\n<meta property=\"og:locale\" content=\"pt_BR\" \/>\n<meta property=\"og:type\" content=\"article\" \/>\n<meta property=\"og:title\" content=\"Apesar da Pandemia, 14.301 Fam\u00edlias Removidas no Brasil: O Caso da Igreja da Gra\u00e7a de Deus - RioOnWatch\" \/>\n<meta property=\"og:description\" content=\"Click Here for English Esta \u00e9 nossa mat\u00e9ria mais recente sobre\u00a0o coronav\u00edrus e seus impactos sobre as favelas. Na manh\u00e3 do dia 28 de maio, a Pol\u00edcia Militar desapropriou a fam\u00edlia de Cleuza Maria de [...]\" \/>\n<meta property=\"og:url\" content=\"https:\/\/rioonwatch.org.br\/?p=55819\" \/>\n<meta property=\"og:site_name\" content=\"RioOnWatch\" \/>\n<meta property=\"article:published_time\" content=\"2021-06-18T15:03:30+00:00\" \/>\n<meta property=\"article:modified_time\" content=\"2021-07-31T18:18:07+00:00\" \/>\n<meta property=\"og:image\" content=\"https:\/\/rioonwatch.org.br\/wp-content\/uploads\/2021\/06\/Vista-dos-barracos-montados-pelas-familias-desde-dezembro-passado-_-Leu-Britto.jpg\" \/>\n\t<meta property=\"og:image:width\" content=\"2048\" \/>\n\t<meta property=\"og:image:height\" content=\"1365\" \/>\n\t<meta property=\"og:image:type\" content=\"image\/jpeg\" \/>\n<meta name=\"author\" content=\"Admin\" \/>\n<meta name=\"twitter:card\" content=\"summary_large_image\" \/>\n<meta name=\"twitter:label1\" content=\"Escrito por\" \/>\n\t<meta name=\"twitter:data1\" content=\"Admin\" \/>\n\t<meta name=\"twitter:label2\" content=\"Est. tempo de leitura\" \/>\n\t<meta name=\"twitter:data2\" content=\"5 minutos\" \/>\n<script type=\"application\/ld+json\" class=\"yoast-schema-graph\">{\"@context\":\"https:\/\/schema.org\",\"@graph\":[{\"@type\":\"Article\",\"@id\":\"https:\/\/rioonwatch.org.br\/?p=55819#article\",\"isPartOf\":{\"@id\":\"https:\/\/rioonwatch.org.br\/?p=55819\"},\"author\":{\"name\":\"Admin\",\"@id\":\"https:\/\/rioonwatch.org.br\/#\/schema\/person\/11d64c290506f9df50c71b850c473f68\"},\"headline\":\"Apesar da Pandemia, 14.301 Fam\u00edlias Removidas no Brasil: O Caso da Igreja da Gra\u00e7a de Deus\",\"datePublished\":\"2021-06-18T15:03:30+00:00\",\"dateModified\":\"2021-07-31T18:18:07+00:00\",\"mainEntityOfPage\":{\"@id\":\"https:\/\/rioonwatch.org.br\/?p=55819\"},\"wordCount\":966,\"publisher\":{\"@id\":\"https:\/\/rioonwatch.org.br\/#organization\"},\"image\":{\"@id\":\"https:\/\/rioonwatch.org.br\/?p=55819#primaryimage\"},\"thumbnailUrl\":\"https:\/\/rioonwatch.org.br\/wp-content\/uploads\/2021\/06\/Vista-dos-barracos-montados-pelas-familias-desde-dezembro-passado-_-Leu-Britto.jpg\",\"keywords\":[\"compara\u00e7\u00e3o nacional\",\"coronav\u00edrus\",\"Defensoria P\u00fablica\",\"Direito \u00e0 Cidade\",\"Direito \u00e0 Moradia\",\"Guaianases\",\"igreja evang\u00e9lica\",\"lei\",\"mobiliza\u00e7\u00e3o\",\"Ocupa\u00e7\u00e3o\",\"Remo\u00e7\u00e3o\",\"S\u00e3o Paulo\",\"STF\"],\"articleSection\":[\"#Covid19NasFavelas\",\"#OlhoNasRemo\u00e7\u00f5es\",\"*Destaque\",\"Den\u00fancias\",\"Escrito por Comunicadores Populares\",\"Pol\u00edticas\"],\"inLanguage\":\"pt-BR\"},{\"@type\":\"WebPage\",\"@id\":\"https:\/\/rioonwatch.org.br\/?p=55819\",\"url\":\"https:\/\/rioonwatch.org.br\/?p=55819\",\"name\":\"Apesar da Pandemia, 14.301 Fam\u00edlias Removidas no Brasil: O Caso da Igreja da Gra\u00e7a de Deus - RioOnWatch\",\"isPartOf\":{\"@id\":\"https:\/\/rioonwatch.org.br\/#website\"},\"primaryImageOfPage\":{\"@id\":\"https:\/\/rioonwatch.org.br\/?p=55819#primaryimage\"},\"image\":{\"@id\":\"https:\/\/rioonwatch.org.br\/?p=55819#primaryimage\"},\"thumbnailUrl\":\"https:\/\/rioonwatch.org.br\/wp-content\/uploads\/2021\/06\/Vista-dos-barracos-montados-pelas-familias-desde-dezembro-passado-_-Leu-Britto.jpg\",\"datePublished\":\"2021-06-18T15:03:30+00:00\",\"dateModified\":\"2021-07-31T18:18:07+00:00\",\"breadcrumb\":{\"@id\":\"https:\/\/rioonwatch.org.br\/?p=55819#breadcrumb\"},\"inLanguage\":\"pt-BR\",\"potentialAction\":[{\"@type\":\"ReadAction\",\"target\":[\"https:\/\/rioonwatch.org.br\/?p=55819\"]}]},{\"@type\":\"ImageObject\",\"inLanguage\":\"pt-BR\",\"@id\":\"https:\/\/rioonwatch.org.br\/?p=55819#primaryimage\",\"url\":\"https:\/\/rioonwatch.org.br\/wp-content\/uploads\/2021\/06\/Vista-dos-barracos-montados-pelas-familias-desde-dezembro-passado-_-Leu-Britto.jpg\",\"contentUrl\":\"https:\/\/rioonwatch.org.br\/wp-content\/uploads\/2021\/06\/Vista-dos-barracos-montados-pelas-familias-desde-dezembro-passado-_-Leu-Britto.jpg\",\"width\":2048,\"height\":1365},{\"@type\":\"BreadcrumbList\",\"@id\":\"https:\/\/rioonwatch.org.br\/?p=55819#breadcrumb\",\"itemListElement\":[{\"@type\":\"ListItem\",\"position\":1,\"name\":\"In\u00edcio\",\"item\":\"https:\/\/rioonwatch.org.br\/\"},{\"@type\":\"ListItem\",\"position\":2,\"name\":\"Apesar da Pandemia, 14.301 Fam\u00edlias Removidas no Brasil: O Caso da Igreja da Gra\u00e7a de Deus\"}]},{\"@type\":\"WebSite\",\"@id\":\"https:\/\/rioonwatch.org.br\/#website\",\"url\":\"https:\/\/rioonwatch.org.br\/\",\"name\":\"RioOnWatch\",\"description\":\"relatos das favelas cariocas\",\"publisher\":{\"@id\":\"https:\/\/rioonwatch.org.br\/#organization\"},\"potentialAction\":[{\"@type\":\"SearchAction\",\"target\":{\"@type\":\"EntryPoint\",\"urlTemplate\":\"https:\/\/rioonwatch.org.br\/?s={search_term_string}\"},\"query-input\":{\"@type\":\"PropertyValueSpecification\",\"valueRequired\":true,\"valueName\":\"search_term_string\"}}],\"inLanguage\":\"pt-BR\"},{\"@type\":\"Organization\",\"@id\":\"https:\/\/rioonwatch.org.br\/#organization\",\"name\":\"RioOnWatch\",\"url\":\"https:\/\/rioonwatch.org.br\/\",\"logo\":{\"@type\":\"ImageObject\",\"inLanguage\":\"pt-BR\",\"@id\":\"https:\/\/rioonwatch.org.br\/#\/schema\/logo\/image\/\",\"url\":\"https:\/\/rioonwatch.org.br\/wp-content\/uploads\/2021\/06\/RioOnWatchcabecalhoPT11anos-2.png\",\"contentUrl\":\"https:\/\/rioonwatch.org.br\/wp-content\/uploads\/2021\/06\/RioOnWatchcabecalhoPT11anos-2.png\",\"width\":779,\"height\":277,\"caption\":\"RioOnWatch\"},\"image\":{\"@id\":\"https:\/\/rioonwatch.org.br\/#\/schema\/logo\/image\/\"}},{\"@type\":\"Person\",\"@id\":\"https:\/\/rioonwatch.org.br\/#\/schema\/person\/11d64c290506f9df50c71b850c473f68\",\"name\":\"Admin\",\"image\":{\"@type\":\"ImageObject\",\"inLanguage\":\"pt-BR\",\"@id\":\"https:\/\/rioonwatch.org.br\/#\/schema\/person\/image\/\",\"url\":\"https:\/\/secure.gravatar.com\/avatar\/56211ac74568383903349a1485e3c325?s=96&d=blank&r=g\",\"contentUrl\":\"https:\/\/secure.gravatar.com\/avatar\/56211ac74568383903349a1485e3c325?s=96&d=blank&r=g\",\"caption\":\"Admin\"},\"url\":\"https:\/\/rioonwatch.org.br\/?author=129\"}]}<\/script>\n<!-- \/ Yoast SEO plugin. -->","yoast_head_json":{"title":"Apesar da Pandemia, 14.301 Fam\u00edlias Removidas no Brasil: O Caso da Igreja da Gra\u00e7a de Deus - RioOnWatch","robots":{"index":"index","follow":"follow","max-snippet":"max-snippet:-1","max-image-preview":"max-image-preview:large","max-video-preview":"max-video-preview:-1"},"canonical":"https:\/\/rioonwatch.org.br\/?p=55819","og_locale":"pt_BR","og_type":"article","og_title":"Apesar da Pandemia, 14.301 Fam\u00edlias Removidas no Brasil: O Caso da Igreja da Gra\u00e7a de Deus - RioOnWatch","og_description":"Click Here for English Esta \u00e9 nossa mat\u00e9ria mais recente sobre\u00a0o coronav\u00edrus e seus impactos sobre as favelas. Na manh\u00e3 do dia 28 de maio, a Pol\u00edcia Militar desapropriou a fam\u00edlia de Cleuza Maria de [...]","og_url":"https:\/\/rioonwatch.org.br\/?p=55819","og_site_name":"RioOnWatch","article_published_time":"2021-06-18T15:03:30+00:00","article_modified_time":"2021-07-31T18:18:07+00:00","og_image":[{"width":2048,"height":1365,"url":"https:\/\/rioonwatch.org.br\/wp-content\/uploads\/2021\/06\/Vista-dos-barracos-montados-pelas-familias-desde-dezembro-passado-_-Leu-Britto.jpg","type":"image\/jpeg"}],"author":"Admin","twitter_card":"summary_large_image","twitter_misc":{"Escrito por":"Admin","Est. tempo de leitura":"5 minutos"},"schema":{"@context":"https:\/\/schema.org","@graph":[{"@type":"Article","@id":"https:\/\/rioonwatch.org.br\/?p=55819#article","isPartOf":{"@id":"https:\/\/rioonwatch.org.br\/?p=55819"},"author":{"name":"Admin","@id":"https:\/\/rioonwatch.org.br\/#\/schema\/person\/11d64c290506f9df50c71b850c473f68"},"headline":"Apesar da Pandemia, 14.301 Fam\u00edlias Removidas no Brasil: O Caso da Igreja da Gra\u00e7a de Deus","datePublished":"2021-06-18T15:03:30+00:00","dateModified":"2021-07-31T18:18:07+00:00","mainEntityOfPage":{"@id":"https:\/\/rioonwatch.org.br\/?p=55819"},"wordCount":966,"publisher":{"@id":"https:\/\/rioonwatch.org.br\/#organization"},"image":{"@id":"https:\/\/rioonwatch.org.br\/?p=55819#primaryimage"},"thumbnailUrl":"https:\/\/rioonwatch.org.br\/wp-content\/uploads\/2021\/06\/Vista-dos-barracos-montados-pelas-familias-desde-dezembro-passado-_-Leu-Britto.jpg","keywords":["compara\u00e7\u00e3o nacional","coronav\u00edrus","Defensoria P\u00fablica","Direito \u00e0 Cidade","Direito \u00e0 Moradia","Guaianases","igreja evang\u00e9lica","lei","mobiliza\u00e7\u00e3o","Ocupa\u00e7\u00e3o","Remo\u00e7\u00e3o","S\u00e3o Paulo","STF"],"articleSection":["#Covid19NasFavelas","#OlhoNasRemo\u00e7\u00f5es","*Destaque","Den\u00fancias","Escrito por Comunicadores Populares","Pol\u00edticas"],"inLanguage":"pt-BR"},{"@type":"WebPage","@id":"https:\/\/rioonwatch.org.br\/?p=55819","url":"https:\/\/rioonwatch.org.br\/?p=55819","name":"Apesar da Pandemia, 14.301 Fam\u00edlias Removidas no Brasil: O Caso da Igreja da Gra\u00e7a de Deus - RioOnWatch","isPartOf":{"@id":"https:\/\/rioonwatch.org.br\/#website"},"primaryImageOfPage":{"@id":"https:\/\/rioonwatch.org.br\/?p=55819#primaryimage"},"image":{"@id":"https:\/\/rioonwatch.org.br\/?p=55819#primaryimage"},"thumbnailUrl":"https:\/\/rioonwatch.org.br\/wp-content\/uploads\/2021\/06\/Vista-dos-barracos-montados-pelas-familias-desde-dezembro-passado-_-Leu-Britto.jpg","datePublished":"2021-06-18T15:03:30+00:00","dateModified":"2021-07-31T18:18:07+00:00","breadcrumb":{"@id":"https:\/\/rioonwatch.org.br\/?p=55819#breadcrumb"},"inLanguage":"pt-BR","potentialAction":[{"@type":"ReadAction","target":["https:\/\/rioonwatch.org.br\/?p=55819"]}]},{"@type":"ImageObject","inLanguage":"pt-BR","@id":"https:\/\/rioonwatch.org.br\/?p=55819#primaryimage","url":"https:\/\/rioonwatch.org.br\/wp-content\/uploads\/2021\/06\/Vista-dos-barracos-montados-pelas-familias-desde-dezembro-passado-_-Leu-Britto.jpg","contentUrl":"https:\/\/rioonwatch.org.br\/wp-content\/uploads\/2021\/06\/Vista-dos-barracos-montados-pelas-familias-desde-dezembro-passado-_-Leu-Britto.jpg","width":2048,"height":1365},{"@type":"BreadcrumbList","@id":"https:\/\/rioonwatch.org.br\/?p=55819#breadcrumb","itemListElement":[{"@type":"ListItem","position":1,"name":"In\u00edcio","item":"https:\/\/rioonwatch.org.br\/"},{"@type":"ListItem","position":2,"name":"Apesar da Pandemia, 14.301 Fam\u00edlias Removidas no Brasil: O Caso da Igreja da Gra\u00e7a de Deus"}]},{"@type":"WebSite","@id":"https:\/\/rioonwatch.org.br\/#website","url":"https:\/\/rioonwatch.org.br\/","name":"RioOnWatch","description":"relatos das favelas cariocas","publisher":{"@id":"https:\/\/rioonwatch.org.br\/#organization"},"potentialAction":[{"@type":"SearchAction","target":{"@type":"EntryPoint","urlTemplate":"https:\/\/rioonwatch.org.br\/?s={search_term_string}"},"query-input":{"@type":"PropertyValueSpecification","valueRequired":true,"valueName":"search_term_string"}}],"inLanguage":"pt-BR"},{"@type":"Organization","@id":"https:\/\/rioonwatch.org.br\/#organization","name":"RioOnWatch","url":"https:\/\/rioonwatch.org.br\/","logo":{"@type":"ImageObject","inLanguage":"pt-BR","@id":"https:\/\/rioonwatch.org.br\/#\/schema\/logo\/image\/","url":"https:\/\/rioonwatch.org.br\/wp-content\/uploads\/2021\/06\/RioOnWatchcabecalhoPT11anos-2.png","contentUrl":"https:\/\/rioonwatch.org.br\/wp-content\/uploads\/2021\/06\/RioOnWatchcabecalhoPT11anos-2.png","width":779,"height":277,"caption":"RioOnWatch"},"image":{"@id":"https:\/\/rioonwatch.org.br\/#\/schema\/logo\/image\/"}},{"@type":"Person","@id":"https:\/\/rioonwatch.org.br\/#\/schema\/person\/11d64c290506f9df50c71b850c473f68","name":"Admin","image":{"@type":"ImageObject","inLanguage":"pt-BR","@id":"https:\/\/rioonwatch.org.br\/#\/schema\/person\/image\/","url":"https:\/\/secure.gravatar.com\/avatar\/56211ac74568383903349a1485e3c325?s=96&d=blank&r=g","contentUrl":"https:\/\/secure.gravatar.com\/avatar\/56211ac74568383903349a1485e3c325?s=96&d=blank&r=g","caption":"Admin"},"url":"https:\/\/rioonwatch.org.br\/?author=129"}]}},"_links":{"self":[{"href":"https:\/\/rioonwatch.org.br\/index.php?rest_route=\/wp\/v2\/posts\/55819"}],"collection":[{"href":"https:\/\/rioonwatch.org.br\/index.php?rest_route=\/wp\/v2\/posts"}],"about":[{"href":"https:\/\/rioonwatch.org.br\/index.php?rest_route=\/wp\/v2\/types\/post"}],"author":[{"embeddable":true,"href":"https:\/\/rioonwatch.org.br\/index.php?rest_route=\/wp\/v2\/users\/129"}],"replies":[{"embeddable":true,"href":"https:\/\/rioonwatch.org.br\/index.php?rest_route=%2Fwp%2Fv2%2Fcomments&post=55819"}],"version-history":[{"count":23,"href":"https:\/\/rioonwatch.org.br\/index.php?rest_route=\/wp\/v2\/posts\/55819\/revisions"}],"predecessor-version":[{"id":57536,"href":"https:\/\/rioonwatch.org.br\/index.php?rest_route=\/wp\/v2\/posts\/55819\/revisions\/57536"}],"wp:featuredmedia":[{"embeddable":true,"href":"https:\/\/rioonwatch.org.br\/index.php?rest_route=\/wp\/v2\/media\/55822"}],"wp:attachment":[{"href":"https:\/\/rioonwatch.org.br\/index.php?rest_route=%2Fwp%2Fv2%2Fmedia&parent=55819"}],"wp:term":[{"taxonomy":"category","embeddable":true,"href":"https:\/\/rioonwatch.org.br\/index.php?rest_route=%2Fwp%2Fv2%2Fcategories&post=55819"},{"taxonomy":"post_tag","embeddable":true,"href":"https:\/\/rioonwatch.org.br\/index.php?rest_route=%2Fwp%2Fv2%2Ftags&post=55819"},{"taxonomy":"writer","embeddable":true,"href":"https:\/\/rioonwatch.org.br\/index.php?rest_route=%2Fwp%2Fv2%2Fwriter&post=55819"},{"taxonomy":"translator","embeddable":true,"href":"https:\/\/rioonwatch.org.br\/index.php?rest_route=%2Fwp%2Fv2%2Ftranslator&post=55819"},{"taxonomy":"source","embeddable":true,"href":"https:\/\/rioonwatch.org.br\/index.php?rest_route=%2Fwp%2Fv2%2Fsource&post=55819"},{"taxonomy":"ilustrador","embeddable":true,"href":"https:\/\/rioonwatch.org.br\/index.php?rest_route=%2Fwp%2Fv2%2Filustrador&post=55819"},{"taxonomy":"fotografo","embeddable":true,"href":"https:\/\/rioonwatch.org.br\/index.php?rest_route=%2Fwp%2Fv2%2Ffotografo&post=55819"}],"curies":[{"name":"wp","href":"https:\/\/api.w.org\/{rel}","templated":true}]}}