{"id":55849,"date":"2021-06-27T11:20:40","date_gmt":"2021-06-27T14:20:40","guid":{"rendered":"https:\/\/rioonwatch.org.br\/?p=55849"},"modified":"2021-07-28T13:51:59","modified_gmt":"2021-07-28T16:51:59","slug":"com-aumentos-em-plena-pandemia-mobilizadores-buscam-garantir-um-botijao-de-gas-e-evitar-retorno-a-lenha","status":"publish","type":"post","link":"https:\/\/rioonwatch.org.br\/?p=55849","title":{"rendered":"Com Aumentos em Plena Pandemia, Mobilizadores Buscam Garantir G\u00e1s e Evitar Lenha"},"content":{"rendered":"<p style=\"text-align: right;\"><em><strong><a href=\"https:\/\/bit.ly\/3jZtK0K\" target=\"_blank\" rel=\"noopener noreferrer\">Click Here for English<\/a><a href=\"https:\/\/bit.ly\/3jZtK0K\" target=\"_blank\" rel=\"noopener noreferrer\"><img decoding=\"async\" class=\"alignright wp-image-15790\" src=\"http:\/\/rioonwatch.org.br\/wp-content\/uploads\/2012\/08\/EN-standard-e1439583104716.jpg\" alt=\"\" width=\"20\" height=\"20\" \/><\/a><\/strong><\/em><\/p>\n<p><em>Esta mat\u00e9ria\u00a0<\/em><em>faz parte de uma\u00a0<a href=\"http:\/\/bit.ly\/JusticaEnergeticaNasFavelas\" target=\"_blank\" rel=\"noopener\">s\u00e9rie sobre justi\u00e7a e efici\u00eancia energ\u00e9tica nas favelas<\/a>\u00a0do Rio e sobre<\/em><i data-stringify-type=\"italic\">\u00a0<\/i><i data-stringify-type=\"italic\"><a class=\"c-link\" href=\"http:\/\/bit.ly\/Covid19NasFavelas\" target=\"_blank\" rel=\"noopener noreferrer\" data-stringify-link=\"http:\/\/bit.ly\/Covid19NasFavelas\" data-sk=\"tooltip_parent\">o coronav\u00edrus e seus impactos sobre as favelas<\/a>.<\/i><\/p>\n<p><span style=\"font-weight: 400;\">A popula\u00e7\u00e3o brasileira vivencia uma recess\u00e3o hist\u00f3rica, exacerbada pela crise sanit\u00e1ria do <a href=\"https:\/\/bit.ly\/2QZjDJI\" target=\"_blank\" rel=\"noopener\">coronav\u00edrus<\/a>. Segundo dados divulgados pelo <a href=\"http:\/\/bit.ly\/2VttR6f\" target=\"_blank\" rel=\"noopener\">IBGE<\/a>, a taxa de desemprego chega a <a href=\"https:\/\/bit.ly\/35WicmE\" target=\"_blank\" rel=\"noopener\">quase 15%<\/a>.<\/span><span style=\"font-weight: 400;\"> A incerteza de um sal\u00e1rio regular, a diminu\u00edda <a href=\"https:\/\/bit.ly\/2U3cf4A\" target=\"_blank\" rel=\"noopener\">tamb\u00e9m no trabalho informal<\/a> e o <a href=\"https:\/\/bit.ly\/3dlUx3c\" target=\"_blank\" rel=\"noopener\">baixo valor ou aus\u00eancia do aux\u00edlio emergencial<\/a> aumentam a press\u00e3o sobre os trabalhadores que precisam garantir o sustento financeiro para si e seus familiares.\u00a0<\/span><\/p>\n<p><span style=\"font-weight: 400;\">Dentre as dificuldades geradas pela pandemia e pela necessidade do isolamento social <a href=\"https:\/\/glo.bo\/3hqEtOX\" target=\"_blank\" rel=\"noopener\">est\u00e1 o aumento no pre\u00e7o do g\u00e1s de cozinha<\/a>. Para <\/span><span style=\"font-weight: 400;\">entendermos <a href=\"https:\/\/bit.ly\/2TuowPb\" target=\"_blank\" rel=\"noopener\">como ocorreu esse acr\u00e9scimo<\/a><\/span><span style=\"font-weight: 400;\">, voltaremos em abril de 2019, quando o ministro da economia Paulo Guedes, afirmou em entrevista que o valor do g\u00e1s reduziria pela metade em dois anos. Na ocasi\u00e3o o <\/span><a href=\"https:\/\/bit.ly\/3piiXzm\" target=\"_blank\" rel=\"noopener\"><span style=\"font-weight: 400;\">pre\u00e7o m\u00e9dio do botij\u00e3o era de R$69,42<\/span><\/a><span style=\"font-weight: 400;\">. Dois anos depois, o botij\u00e3o de g\u00e1s<\/span> <a href=\"https:\/\/bit.ly\/3yORxFH\" target=\"_blank\" rel=\"noopener\"><span style=\"font-weight: 400;\">chega a mais R$100 em algumas capitais<\/span><\/a><span style=\"font-weight: 400;\">, e recentemente, n<\/span><span style=\"font-weight: 400;\">o dia 14 de junho, o g\u00e1s de cozinha <a href=\"https:\/\/bit.ly\/2S41Zsj\" target=\"_blank\" rel=\"noopener\">teve mais um aumento de quase 6%<\/a>.<\/span><\/p>\n<p><span style=\"font-weight: 400;\">Mudan\u00e7a na gest\u00e3o da Petrobras, pre\u00e7o internacional do barril de petr\u00f3leo e varia\u00e7\u00e3o do d\u00f3lar <a href=\"https:\/\/bit.ly\/3sLTGhT\" target=\"_blank\" rel=\"noopener\">s\u00e3o as explica\u00e7\u00f5es para a alta na precifica\u00e7\u00e3o do g\u00e1s<\/a>. Antony Devalle, diretor do <a href=\"https:\/\/bit.ly\/3xqx5t5\" target=\"_blank\" rel=\"noopener\">Sindicato dos Petroleiros do Rio de Janeiro<\/a>, explica que \u201cmesmo o Brasil sendo um grande produtor de petr\u00f3leo, tendo capacidade instalada para produzir muitos derivados e para produzir basicamente em reais, a pol\u00edtica do Programa de Parcerias de Investimentos (<a href=\"https:\/\/bit.ly\/2S3dujH\" target=\"_blank\" rel=\"noopener\">PPI<\/a>) favorece os importadores de derivados [com o pre\u00e7o em d\u00f3lar] e a privatiza\u00e7\u00e3o do sistema Petrobras, com destaque para a privatiza\u00e7\u00e3o das refinarias. Como consequ\u00eancia, o encarecimento do botij\u00e3o de g\u00e1s pesa no bolso do pobre e muitas fam\u00edlias est\u00e3o tendo que improvisar com alternativas como lenha e querosene, de forma bastante arriscada. O Brasil, mesmo com dimens\u00f5es continentais, \u00e9 um pa\u00eds sobretudo rodovi\u00e1rio. O diesel mais caro significa comida mais cara e, portanto, mais fome.\u201d<\/span><\/p>\n<p><a href=\"https:\/\/rioonwatch.org.br\/wp-content\/uploads\/2021\/06\/Acao-de-distribuicao-de-gas.jpeg\"><img fetchpriority=\"high\" decoding=\"async\" class=\"aligncenter wp-image-55855 size-content\" title=\"A\u00e7\u00e3o de solidariedade promovido pela FUP e CMP-RJ ofereceu botij\u00f5es de g\u00e1s de cozinha a R$40 para 200 fam\u00edlias moradoras de ocupa\u00e7\u00f5es localizadas na Zona Portu\u00e1ria. Foto: Pablo Vergara \/ Brasil de Fato\" src=\"https:\/\/rioonwatch.org.br\/wp-content\/uploads\/2021\/06\/Acao-de-distribuicao-de-gas-620x264.jpeg\" alt=\"\" width=\"620\" height=\"264\" \/><\/a><\/p>\n<h3 align=\"justify\">Mobiliza\u00e7\u00f5es Nacionais para o Acesso ao G\u00e1s de Cozinha<\/h3>\n<p class=\"western\" style=\"text-align: left;\" align=\"justify\">Esse quadro levou a Federa\u00e7\u00e3o \u00danica dos Petroleiros (<a href=\"https:\/\/bit.ly\/2SW2Mfe\" target=\"_blank\" rel=\"noopener\">FUP<\/a>) e seus sindicatos a realizarem a\u00e7\u00f5es, onde ofertaram botij\u00f5es de g\u00e1s de cozinha por menos da metade do valor m\u00e9dio que vem sendo cobrado em todo o pa\u00eds no escopo da campanha &#8220;<a href=\"https:\/\/bit.ly\/3zCoMwj\" target=\"_blank\" rel=\"noopener\">Combust\u00edvel a Pre\u00e7o Justo<\/a>&#8220;, em parceria com a Central de Movimentos Populares (<a href=\"https:\/\/bit.ly\/3gRFfW8\" target=\"_blank\" rel=\"noopener\">CMP<\/a>) e outras organiza\u00e7\u00f5es locais. As mobiliza\u00e7\u00f5es ocorreram no dia 29 de abril, em 11 cidades.<\/p>\n<p style=\"text-align: left;\" align=\"justify\"><span style=\"font-weight: 400;\">No Rio de Janeiro a campanha &#8220;Combust\u00edvel a Pre\u00e7o Justo&#8221; <\/span><span style=\"font-weight: 400;\">promoveu uma a\u00e7\u00e3o com a venda de botij\u00f5es de g\u00e1s por R$40,00, no <a href=\"https:\/\/bit.ly\/2JhyrCA\" target=\"_blank\" rel=\"noopener\">Quilombo da Gamboa<\/a>, na <a href=\"https:\/\/bit.ly\/37DChjM\" target=\"_blank\" rel=\"noopener\">Regi\u00e3o Portu\u00e1ria<\/a>, \u00e1rea da cidade que carrega um <a href=\"http:\/\/bit.ly\/2SOkrTj\" target=\"_blank\" rel=\"noopener\">simbolismo ancestral<\/a>. Foram vendidos cerca de 180 botij\u00f5es de g\u00e1s e, respectivamente, 180 fam\u00edlias da regi\u00e3o foram atendidas.<\/span><\/p>\n<blockquote class=\"instagram-media\" style=\"background: #FFF; border: 0; border-radius: 3px; box-shadow: 0 0 1px 0 rgba(0,0,0,0.5),0 1px 10px 0 rgba(0,0,0,0.15); margin: 1px; max-width: 540px; min-width: 326px; padding: 0; width: calc(100% - 2px);\" data-instgrm-captioned=\"\" data-instgrm-permalink=\"https:\/\/www.instagram.com\/p\/COS_QehrFQp\/?utm_source=ig_embed&amp;utm_campaign=loading\" data-instgrm-version=\"13\">\n<div style=\"padding: 16px;\">\n<p>&nbsp;<\/p>\n<div style=\"display: flex; flex-direction: row; align-items: center;\">\n<div style=\"background-color: #f4f4f4; border-radius: 50%; flex-grow: 0; height: 40px; margin-right: 14px; width: 40px;\"><\/div>\n<div style=\"display: flex; flex-direction: column; flex-grow: 1; justify-content: center;\">\n<div style=\"background-color: #f4f4f4; border-radius: 4px; flex-grow: 0; height: 14px; margin-bottom: 6px; width: 100px;\"><\/div>\n<div style=\"background-color: #f4f4f4; border-radius: 4px; flex-grow: 0; height: 14px; width: 60px;\"><\/div>\n<\/div>\n<\/div>\n<div style=\"padding: 19% 0;\"><\/div>\n<div style=\"display: block; height: 50px; margin: 0 auto 12px; width: 50px;\"><\/div>\n<div style=\"padding-top: 8px;\">\n<div style=\"color: #3897f0; font-family: Arial,sans-serif; font-size: 14px; font-style: normal; font-weight: 550; line-height: 18px;\">Ver essa foto no Instagram<\/div>\n<\/div>\n<div style=\"padding: 12.5% 0;\"><\/div>\n<div style=\"display: flex; flex-direction: row; margin-bottom: 14px; align-items: center;\">\n<div>\n<div style=\"background-color: #f4f4f4; border-radius: 50%; height: 12.5px; width: 12.5px; transform: translateX(0px) translateY(7px);\"><\/div>\n<div style=\"background-color: #f4f4f4; height: 12.5px; transform: rotate(-45deg) translateX(3px) translateY(1px); width: 12.5px; flex-grow: 0; margin-right: 14px; margin-left: 2px;\"><\/div>\n<div style=\"background-color: #f4f4f4; border-radius: 50%; height: 12.5px; width: 12.5px; transform: translateX(9px) translateY(-18px);\"><\/div>\n<\/div>\n<div style=\"margin-left: 8px;\">\n<div style=\"background-color: #f4f4f4; border-radius: 50%; flex-grow: 0; height: 20px; width: 20px;\"><\/div>\n<div style=\"width: 0; height: 0; border-top: 2px solid transparent; border-left: 6px solid #f4f4f4; border-bottom: 2px solid transparent; transform: translateX(16px) translateY(-4px) rotate(30deg);\"><\/div>\n<\/div>\n<div style=\"margin-left: auto;\">\n<div style=\"width: 0px; border-top: 8px solid #F4F4F4; border-right: 8px solid transparent; transform: translateY(16px);\"><\/div>\n<div style=\"background-color: #f4f4f4; flex-grow: 0; height: 12px; width: 16px; transform: translateY(-4px);\"><\/div>\n<div style=\"width: 0; height: 0; border-top: 8px solid #F4F4F4; border-left: 8px solid transparent; transform: translateY(-4px) translateX(8px);\"><\/div>\n<\/div>\n<\/div>\n<div style=\"display: flex; flex-direction: column; flex-grow: 1; justify-content: center; margin-bottom: 24px;\">\n<div style=\"background-color: #f4f4f4; border-radius: 4px; flex-grow: 0; height: 14px; margin-bottom: 6px; width: 224px;\"><\/div>\n<div style=\"background-color: #f4f4f4; border-radius: 4px; flex-grow: 0; height: 14px; width: 144px;\"><\/div>\n<\/div>\n<p>&nbsp;<\/p>\n<p style=\"color: #c9c8cd; font-family: Arial,sans-serif; font-size: 14px; line-height: 17px; margin-bottom: 0; margin-top: 8px; overflow: hidden; padding: 8px 0 7px; text-align: center; text-overflow: ellipsis; white-space: nowrap;\"><a style=\"color: #c9c8cd; font-family: Arial,sans-serif; font-size: 14px; font-style: normal; font-weight: normal; line-height: 17px; text-decoration: none;\" href=\"https:\/\/www.instagram.com\/p\/COS_QehrFQp\/?utm_source=ig_embed&amp;utm_campaign=loading\" target=\"_blank\" rel=\"noopener\">Uma publica\u00e7\u00e3o compartilhada por Petroleiro Solid\u00e1rio RJ (@petroleirosolidariorj)<\/a><\/p>\n<\/div>\n<\/blockquote>\n<p><script async src=\"\/\/www.instagram.com\/embed.js\"><\/script><\/p>\n<p style=\"text-align: left;\" align=\"justify\"><a href=\"https:\/\/bit.ly\/3zCoMwj\" target=\"_blank\" rel=\"noopener\">De acordo com a FUP<\/a>, &#8220;o principal objetivo da campanha &#8216;Combust\u00edveis a Pre\u00e7o Justo&#8217; \u00e9 alertar a popula\u00e7\u00e3o sobre como a pol\u00edtica adotada pela Petrobr\u00e1s em outubro de 2016, baseada no Pre\u00e7o de Paridade de Importa\u00e7\u00e3o (PPI), vem afetando n\u00e3o apenas os pre\u00e7os dos combust\u00edveis, mas tamb\u00e9m causando um efeito cascata de eleva\u00e7\u00e3o de pre\u00e7os em outros setores da economia, como os de alimentos e transportes&#8221;.<\/p>\n<p><span style=\"font-weight: 400;\"><a href=\"https:\/\/rioonwatch.org.br\/wp-content\/uploads\/2021\/06\/Alegria-e-resiliencia-sao-as-palavras-de-ordem-das-Batistas.-Fotoarquivo-pessoal..jpeg\"><img decoding=\"async\" class=\"alignright wp-image-55892\" title=\"Regina C\u00e9lia Batista cercada por suas filhas.\" src=\"https:\/\/rioonwatch.org.br\/wp-content\/uploads\/2021\/06\/Alegria-e-resiliencia-sao-as-palavras-de-ordem-das-Batistas.-Fotoarquivo-pessoal..jpeg\" alt=\"\" width=\"300\" height=\"351\" srcset=\"https:\/\/rioonwatch.org.br\/wp-content\/uploads\/2021\/06\/Alegria-e-resiliencia-sao-as-palavras-de-ordem-das-Batistas.-Fotoarquivo-pessoal..jpeg 687w, https:\/\/rioonwatch.org.br\/wp-content\/uploads\/2021\/06\/Alegria-e-resiliencia-sao-as-palavras-de-ordem-das-Batistas.-Fotoarquivo-pessoal.-530x620.jpeg 530w, https:\/\/rioonwatch.org.br\/wp-content\/uploads\/2021\/06\/Alegria-e-resiliencia-sao-as-palavras-de-ordem-das-Batistas.-Fotoarquivo-pessoal.-226x264.jpeg 226w\" sizes=\"(max-width: 300px) 100vw, 300px\" \/><\/a>Neste cen\u00e1rio, quem t\u00eam suas vidas seriamente impactadas s\u00e3o pessoas perif\u00e9ricas como Regina C\u00e9lia Batista, 44 anos, moradora do Morro da Aparecida, em <a href=\"http:\/\/bit.ly\/32hi3Hn\" target=\"_blank\" rel=\"noopener\">S\u00e3o Jo\u00e3o de Meriti<\/a> na <a href=\"http:\/\/bit.ly\/32JVvht\" target=\"_blank\" rel=\"noopener\">Baixada Fluminense<\/a>. Regina, que sente o impacto da pandemia em suas diversas esferas, diz: \u201cEu acredito que o governo realmente precisa intervir para baixar esses pre\u00e7os. Estamos vivendo de forma indigna pois n\u00e3o podemos comer direito e agora n\u00e3o temos condi\u00e7\u00f5es de comprar um g\u00e1s. Aqui em S\u00e3o Jo\u00e3o de Meriti o g\u00e1s custa em torno de R$82,00 \u00e0 vista. Se for no carro tem acr\u00e9scimo. Eu conhe\u00e7o uma pessoa que mora em <a href=\"https:\/\/bit.ly\/2ZuV10G\" target=\"_blank\" rel=\"noopener\">Bangu<\/a>, que teve que fazer comida no fog\u00e3o \u00e0 lenha pois n\u00e3o tinha dinheiro para comprar no dia. Muitas pessoas n\u00e3o est\u00e3o conseguindo comer com o valor do aux\u00edlio emergencial. Eu n\u00e3o tive a sorte de receber, n\u00e3o entrei na lista. Existem muitas fam\u00edlias que hoje n\u00e3o t\u00eam p\u00e3o e leite para alimentar seus filhos. Eu, como m\u00e3e solo, h\u00e1 sete meses sem trabalhar e sem renda, vivo de bicos. Est\u00e1 dif\u00edcil pra tanta gente brasileira. Nosso pa\u00eds est\u00e1 vivendo uma <a href=\"https:\/\/bit.ly\/3o7HBC1\" target=\"_blank\" rel=\"noopener\">epidemia de pobreza<\/a> tamb\u00e9m\u201d.<\/span><\/p>\n<h3>Mobiliza\u00e7\u00e3o Comunit\u00e1ria pelo G\u00e1s no Morro da Provid\u00eancia<\/h3>\n<p><span style=\"font-weight: 400;\">No in\u00edcio da pandemia, em mar\u00e7o de 2020, Cosme Felippsen<em>\u2014<\/em>ativista, guia de turismo comunit\u00e1rio, morador do <a href=\"https:\/\/bit.ly\/2DGGRBi\" target=\"_blank\" rel=\"noopener\">Morro da Provid\u00eancia<\/a> e criador do tour hist\u00f3rico <a href=\"https:\/\/bit.ly\/2TVNMOy\" target=\"_blank\" rel=\"noopener\">Rol\u00e9 dos Favelados<\/a><em>\u2014<\/em>perdeu uma grande parte da sua renda, devido o cancelamento das atividades de turismo. Com a queda brusca de renda, ele ficou sem recursos para comprar g\u00e1s para sua fam\u00edlia e teve que contar com a solidariedade de uma amiga. <\/span><\/p>\n<p><span style=\"font-weight: 400;\">Em mar\u00e7o de 2020, Cosme e seus vizinhos criaram o Comit\u00ea de Crise <a href=\"https:\/\/bit.ly\/3gZBsog\" target=\"_blank\" rel=\"noopener\">SOS Provid\u00eancia<\/a>. Ele conta que, na ocasi\u00e3o, nos grupos de WhatsApp da comunidade os integrantes do comit\u00ea ouviam com muita frequ\u00eancia a reclama\u00e7\u00e3o da falta de g\u00e1s, e receberam relatos que algumas fam\u00edlias estavam utilizando carv\u00e3o para fazer fogo e cozinhar seus alimentos. Foi a partir desta escuta e da sua experi\u00eancia, que Cosme detectou que as a\u00e7\u00f5es de doa\u00e7\u00f5es de cestas b\u00e1sicas e itens de higiene n\u00e3o eram suficientes, pois tamb\u00e9m era necess\u00e1rio g\u00e1s para cozinhar os alimentos. Com base nesta realidade, o SOS Provid\u00eancia criou a campanha &#8220;Um G\u00e1s para as Mulheres da Provid\u00eancia&#8221;.<\/span><\/p>\n<p><a href=\"https:\/\/rioonwatch.org.br\/wp-content\/uploads\/2021\/06\/1a-Acao-Um-Gas-para-as-Mulheres.jpeg\"><img loading=\"lazy\" decoding=\"async\" class=\"aligncenter wp-image-55985 size-content\" title=\"Mulheres recebem o recurso para a compra do g\u00e1s, atrav\u00e9s da Campanha Um G\u00e1s para Provid\u00eancia.\" src=\"https:\/\/rioonwatch.org.br\/wp-content\/uploads\/2021\/06\/1a-Acao-Um-Gas-para-as-Mulheres-620x264.jpeg\" alt=\"\" width=\"620\" height=\"264\" srcset=\"https:\/\/rioonwatch.org.br\/wp-content\/uploads\/2021\/06\/1a-Acao-Um-Gas-para-as-Mulheres-620x264.jpeg 620w, https:\/\/rioonwatch.org.br\/wp-content\/uploads\/2021\/06\/1a-Acao-Um-Gas-para-as-Mulheres-940x400.jpeg 940w\" sizes=\"(max-width: 620px) 100vw, 620px\" \/><\/a><\/p>\n<p>A primeira a\u00e7\u00e3o da campanha foi organizada pelo <a href=\"https:\/\/bit.ly\/36ueTCI\" target=\"_blank\" rel=\"noopener\">Rol\u00e9 dos Favelados<\/a>, em agosto de 2020, com o objetivo de entregar R$100,00 para 100 mulheres da Provid\u00eancia. Atrav\u00e9s da divulga\u00e7\u00e3o e cadastramento, via redes sociais e WhatsApp, a a\u00e7\u00e3o conseguiu arrecadar R$6.879,03 e atender a 66 mulheres, <span style=\"font-weight: 400;\">77% delas negras ou pardas e somente 1% com ensino superior.<\/span><\/p>\n<p><a href=\"https:\/\/rioonwatch.org.br\/wp-content\/uploads\/2021\/06\/Taina-de-Paula.jpeg\"><img loading=\"lazy\" decoding=\"async\" class=\"aligncenter wp-image-55987 size-content\" title=\"A arquiteta e urbanista Tain\u00e1 de Paula fala as mulheres da Provid\u00eancia no dia da entrega dos recursos da campanha Um G\u00e1s para as Mulheres da Provid\u00eancia.\" src=\"https:\/\/rioonwatch.org.br\/wp-content\/uploads\/2021\/06\/Taina-de-Paula-620x264.jpeg\" alt=\"\" width=\"620\" height=\"264\" srcset=\"https:\/\/rioonwatch.org.br\/wp-content\/uploads\/2021\/06\/Taina-de-Paula-620x264.jpeg 620w, https:\/\/rioonwatch.org.br\/wp-content\/uploads\/2021\/06\/Taina-de-Paula-940x400.jpeg 940w\" sizes=\"(max-width: 620px) 100vw, 620px\" \/><\/a><\/p>\n<p><span style=\"font-weight: 400;\">No dia da entrega do recurso para o g\u00e1s, a campanha &#8220;Um G\u00e1s para as Mulheres da Provid\u00eancia&#8221; trouxe mais um g\u00e1s para as mulheres contempladas, na forma de palestras com mulheres negras expoentes. As convidadas foram: a arquiteta e urbanista, vereadora <a href=\"https:\/\/bit.ly\/3wOcija\" target=\"_blank\" rel=\"noopener\">Tain\u00e1 de Paula<\/a>; a artista pl\u00e1stica Dayse Gomis; e <a href=\"https:\/\/bit.ly\/3xXgqhd\" target=\"_blank\" rel=\"noopener\">Rute Sales<\/a> uma das fundadoras do <a href=\"https:\/\/bit.ly\/3gZcMgR\" target=\"_blank\" rel=\"noopener\">Movimento Moleque<\/a>. No encontro tamb\u00e9m estiveram presentes v\u00e1rias integrantes do movimento <a href=\"https:\/\/bit.ly\/3fj3hVD\" target=\"_blank\" rel=\"noopener\">M\u00e3es de Manguinhos<\/a>.<\/span><\/p>\n<p><a href=\"https:\/\/rioonwatch.org.br\/wp-content\/uploads\/2021\/06\/Jessica-Castro.jpeg\"><img loading=\"lazy\" decoding=\"async\" class=\"alignright wp-image-55990\" title=\"Jessica Castro no segundo encontro da campanha Um G\u00e1s para as Mulheres da Provid\u00eancia.\" src=\"https:\/\/rioonwatch.org.br\/wp-content\/uploads\/2021\/06\/Jessica-Castro.jpeg\" alt=\"\" width=\"300\" height=\"533\" srcset=\"https:\/\/rioonwatch.org.br\/wp-content\/uploads\/2021\/06\/Jessica-Castro.jpeg 720w, https:\/\/rioonwatch.org.br\/wp-content\/uploads\/2021\/06\/Jessica-Castro-349x620.jpeg 349w, https:\/\/rioonwatch.org.br\/wp-content\/uploads\/2021\/06\/Jessica-Castro-576x1024.jpeg 576w, https:\/\/rioonwatch.org.br\/wp-content\/uploads\/2021\/06\/Jessica-Castro-149x264.jpeg 149w\" sizes=\"(max-width: 300px) 100vw, 300px\" \/><\/a>Em novembro de 2020, ocorreu a segunda a\u00e7\u00e3o da <a href=\"https:\/\/bit.ly\/3qk6VpA\" target=\"_blank\" rel=\"noopener\">campanha<\/a> &#8220;<span style=\"font-weight: 400;\">Um G\u00e1s para as Mulheres da Provid\u00eancia&#8221;, desta vez organizada em ampla parceria com grupos integrantes do <\/span>SOS Provid\u00eancia, sendo eles o Rol\u00e9 dos Favelados, a <a href=\"https:\/\/bit.ly\/3dlzBt7\" target=\"_blank\" rel=\"noopener\">Casa Amarela<\/a>, o <a href=\"https:\/\/bit.ly\/3x2ok8A\" target=\"_blank\" rel=\"noopener\">Rio Mem\u00f3ria A\u00e7\u00e3o<\/a> e a <a href=\"https:\/\/bit.ly\/3xEFr08\" target=\"_blank\" rel=\"noopener\">Galeria da Provid\u00eancia<\/a>. A a\u00e7\u00e3o atendeu 100 mulheres. O encontro, para a entrega do apoio de R$100,00 para o g\u00e1s, contou com palestras das convidadas: <a href=\"https:\/\/bit.ly\/2FBdRez\" target=\"_blank\" rel=\"noopener\">Deize Carvalho<\/a>, fundadora do N\u00facleo de M\u00e3es V\u00edtima Pav\u00e3o-Pav\u00e3ozinho e Cantagalo; <a href=\"https:\/\/bit.ly\/3wPqacR\" target=\"_blank\" rel=\"noopener\">Jessica Castro<\/a>, jongueira e poetisa; <a href=\"https:\/\/bit.ly\/2SiwPgK\" target=\"_blank\" rel=\"noopener\">Isadora Gran<\/a>, poetisa e Viviane Azevedo, assistente social e pastora. T<span style=\"font-weight: 400;\">amb\u00e9m estiveram presentes v\u00e1rias integrantes do M\u00e3es de Manguinhos.<\/span><\/p>\n<p><span style=\"font-weight: 400;\">Hugo Oliveira, que mora na Provid\u00eancia desde crian\u00e7a, \u00e9 coordenador do SOS Provid\u00eancia e diz que ver tantas fam\u00edlias beneficiadas fez ele sentir alegria e indigna\u00e7\u00e3o: \u201cAlegria por poder fortalecer algumas das mulheres que nos viram crescer e que s\u00e3o refer\u00eancias diretas e indiretas para n\u00f3s, por ser m\u00e3es, tias e av\u00f3s dos nossos amigos; e a oportunidade de devolver para o nosso territ\u00f3rio um pouco do carinho e cuidado que recebemos durante nossa cria\u00e7\u00e3o. [Isso] \u00e9 a manuten\u00e7\u00e3o do senso comunit\u00e1rio. A indigna\u00e7\u00e3o \u00e9 ver um governo incompetente em atender a classe mais necessitada e ver fazerem muito pouco, para n\u00e3o dizer nada, em favor do cuidado e prote\u00e7\u00e3o de parte da popula\u00e7\u00e3o que sustenta a base da estrutura social. <a href=\"https:\/\/bit.ly\/2VN4Ft6\" target=\"_blank\" rel=\"noopener\">Temos que ser n\u00f3s<\/a>, novamente, a ter que enfrentar <a href=\"https:\/\/bit.ly\/2USJFjN\" target=\"_blank\" rel=\"noopener\">opera\u00e7\u00e3o policial e exposi\u00e7\u00e3o ao v\u00edrus<\/a> para n\u00e3o deixarmos os nossos passarem necessidades\u201d.<\/span><\/p>\n<p><span style=\"font-weight: 400;\"><a href=\"https:\/\/rioonwatch.org.br\/wp-content\/uploads\/2021\/06\/Um-gas-para-a-Providencia.jpeg\"><img loading=\"lazy\" decoding=\"async\" class=\"wp-image-55983 alignright\" src=\"https:\/\/rioonwatch.org.br\/wp-content\/uploads\/2021\/06\/Um-gas-para-a-Providencia-620x620.jpeg\" alt=\"\" width=\"300\" height=\"300\" srcset=\"https:\/\/rioonwatch.org.br\/wp-content\/uploads\/2021\/06\/Um-gas-para-a-Providencia-620x620.jpeg 620w, https:\/\/rioonwatch.org.br\/wp-content\/uploads\/2021\/06\/Um-gas-para-a-Providencia-1024x1024.jpeg 1024w, https:\/\/rioonwatch.org.br\/wp-content\/uploads\/2021\/06\/Um-gas-para-a-Providencia-264x264.jpeg 264w, https:\/\/rioonwatch.org.br\/wp-content\/uploads\/2021\/06\/Um-gas-para-a-Providencia-768x768.jpeg 768w, https:\/\/rioonwatch.org.br\/wp-content\/uploads\/2021\/06\/Um-gas-para-a-Providencia.jpeg 1080w\" sizes=\"(max-width: 300px) 100vw, 300px\" \/><\/a>Uma das beneficiadas da campanha &#8220;Um G\u00e1s para as Mulheres da Provid\u00eancia&#8221;, Silmara dos Santos, 33 anos, m\u00e3e de dois adolescentes, conta como est\u00e1 sendo superar a crise financeira com a ajuda de mobilizadores da comunidade: &#8220;Com essa crise de desempregos estamos com muitas dificuldades para arrumar um trabalho. As dificuldades aparecem a cada dia, n\u00e3o somente a falta do g\u00e1s, mas tamb\u00e9m temos muitas outras preocupa\u00e7\u00f5es. Foi muito gratificante poder ter essa grande ajuda do Rol\u00e9 dos Favelados. Eu consegui fazer o alimento para os meus filhos. J\u00e1 para n\u00f3s mulheres da Provid\u00eancia tamb\u00e9m foi maravilhoso participar daquela linda palestra sobre as mulheres. Desde j\u00e1 agrade\u00e7o \u00e0 ajuda&#8221;.<\/span><\/p>\n<p>Para a conscientiza\u00e7\u00e3o a campanha \u201cUm G\u00e1s para as Mulheres da Provid\u00eancia\u201d criou o panfleto, abaixo, com dicas para economia de g\u00e1s.<\/p>\n<p><a href=\"https:\/\/rioonwatch.org.br\/wp-content\/uploads\/2021\/06\/Dicas-para-economia-de-gas-mais-uma-estrategia-de-comunicacao-do-projeto-Um-gas-para-as-mulheres-da-Providencia.-Foto-arquivo-pessoal..jpeg\"><img loading=\"lazy\" decoding=\"async\" class=\"aligncenter wp-image-56299 size-medium\" title=\"Panfleto de dicas para economia de g\u00e1s que faz parte da estrat\u00e9gia de comunica\u00e7\u00e3o da campanha \u201cUm G\u00e1s para as Mulheres da Provid\u00eancia\u201d.\" src=\"https:\/\/rioonwatch.org.br\/wp-content\/uploads\/2021\/06\/Dicas-para-economia-de-gas-mais-uma-estrategia-de-comunicacao-do-projeto-Um-gas-para-as-mulheres-da-Providencia.-Foto-arquivo-pessoal.-620x620.jpeg\" alt=\"\" width=\"620\" height=\"620\" srcset=\"https:\/\/rioonwatch.org.br\/wp-content\/uploads\/2021\/06\/Dicas-para-economia-de-gas-mais-uma-estrategia-de-comunicacao-do-projeto-Um-gas-para-as-mulheres-da-Providencia.-Foto-arquivo-pessoal.-620x620.jpeg 620w, https:\/\/rioonwatch.org.br\/wp-content\/uploads\/2021\/06\/Dicas-para-economia-de-gas-mais-uma-estrategia-de-comunicacao-do-projeto-Um-gas-para-as-mulheres-da-Providencia.-Foto-arquivo-pessoal.-1024x1024.jpeg 1024w, https:\/\/rioonwatch.org.br\/wp-content\/uploads\/2021\/06\/Dicas-para-economia-de-gas-mais-uma-estrategia-de-comunicacao-do-projeto-Um-gas-para-as-mulheres-da-Providencia.-Foto-arquivo-pessoal.-264x264.jpeg 264w, https:\/\/rioonwatch.org.br\/wp-content\/uploads\/2021\/06\/Dicas-para-economia-de-gas-mais-uma-estrategia-de-comunicacao-do-projeto-Um-gas-para-as-mulheres-da-Providencia.-Foto-arquivo-pessoal.-768x768.jpeg 768w, https:\/\/rioonwatch.org.br\/wp-content\/uploads\/2021\/06\/Dicas-para-economia-de-gas-mais-uma-estrategia-de-comunicacao-do-projeto-Um-gas-para-as-mulheres-da-Providencia.-Foto-arquivo-pessoal..jpeg 1080w\" sizes=\"(max-width: 620px) 100vw, 620px\" \/><\/a><\/p>\n<p><span style=\"font-weight: 400;\">Atualmente, o SOS Provid\u00eancia est\u00e1 iniciando uma campanha mais ampla, que visa atuar em quatro pilares: territ\u00f3rio, sa\u00fade, educa\u00e7\u00e3o e solu\u00e7\u00f5es. <a href=\"https:\/\/bit.ly\/35SuDzI\" target=\"_blank\" rel=\"noopener\">Conhe\u00e7a e apoie a campanha aqui<\/a>.<\/span><\/p>\n<h3><b> Romantiza\u00e7\u00e3o da Pobreza e a<\/b><b> Naturaliza\u00e7\u00e3o da Precariedade<\/b><\/h3>\n<p><span style=\"font-weight: 400;\">A chegada da pandemia trouxe \u00e0 luz problemas existentes como o <a href=\"https:\/\/bit.ly\/3h1QqtW\" target=\"_blank\" rel=\"noopener\">sucateamento da sa\u00fade p\u00fablica<\/a>, e reativou problemas hist\u00f3ricos <a href=\"https:\/\/bit.ly\/3o7HBC1\" target=\"_blank\" rel=\"noopener\">como a fome<\/a>. Mesmo com o risco iminente de ser contaminado pela Covid-19, muitos brasileiros s\u00e3o submetidos a <a href=\"https:\/\/bit.ly\/3tqGG1J\" target=\"_blank\" rel=\"noopener\">transportes p\u00fablicos lotados<\/a>, poucos equipamentos de seguran\u00e7a individual e principalmente a desumaniza\u00e7\u00e3o do indiv\u00edduo. Um estudo feito em 2019 e publicado pelo IBGE mostrou que <a href=\"https:\/\/bit.ly\/3rFOz22\" target=\"_blank\" rel=\"noopener\">75,2% entre os mais pobres s\u00e3o negros<\/a>. Logo, podemos deduzir que a maioria das pessoas mais prejudicadas pelo aumento do g\u00e1s de cozinha s\u00e3o pessoas pretas.\u00a0<\/span><\/p>\n<p><span style=\"font-weight: 400;\">Com mais de <a href=\"https:\/\/bit.ly\/3gPNIJ4\" target=\"_blank\" rel=\"noopener\">8.000 seguidores no Instagram<\/a>, Joyce Salvador, moradora do bairro Olavo Bilac, em <a href=\"http:\/\/bit.ly\/2KMwrB3\" target=\"_blank\" rel=\"noopener\">Duque de Caxias<\/a>, m\u00e3e solo de duas crian\u00e7as, recebe diariamente mensagens de m\u00e3es de favelas contando a realidade que est\u00e3o vivendo nestes tempos de pandemia:<\/span><\/p>\n<p><span style=\"font-weight: 400;\"><a href=\"https:\/\/rioonwatch.org.br\/wp-content\/uploads\/2021\/06\/Joyce.jpeg\"><img loading=\"lazy\" decoding=\"async\" class=\"aligncenter wp-image-56226 size-content\" title=\"Joyce Salvador e seus pequenos. Foto: Victor Vieira\" src=\"https:\/\/rioonwatch.org.br\/wp-content\/uploads\/2021\/06\/Joyce-620x264.jpeg\" alt=\"\" width=\"620\" height=\"264\" \/><\/a><\/span><\/p>\n<blockquote><p><span style=\"font-weight: 400;\">&#8220;Eu moro na casa do meu av\u00f4, minha renda vem de publicidade que fa\u00e7o, mas o que me segura \u00e9 o aux\u00edlio emergencial de R$375,00. Vejo muitas pessoas pr\u00f3ximas falando como \u00e9 poss\u00edvel economizar o g\u00e1s com a compra de fog\u00e3o el\u00e9trico para assar ou esquentar comida, o que acaba tendo <a href=\"https:\/\/bit.ly\/3dC1xrK\" target=\"_blank\" rel=\"noopener\">um custo na conta de luz<\/a>. A m\u00eddia em geral s\u00f3 mostra o que quer sobre favela e pobreza. Esses meios de comunica\u00e7\u00e3o colocam os mais desfavorecidos como coitadinhos. A gente se vira como pode porque n\u00e3o temos ajuda de nenhum governante. <\/span><\/p>\n<p><span style=\"font-weight: 400;\">Todos os dias chegam recados nas minhas redes [sociais] de m\u00e3es pretas cheias de incertezas do que v\u00e3o colocar na mesa no dia seguinte. Ent\u00e3o, voc\u00ea acha mesmo que uma m\u00e3e gostaria de acordar na madrugada para preparar o almo\u00e7o a base de fog\u00e3o a lenha que s\u00f3 ficaria pronto \u00e0s 12h, com madeira nociva para os pulm\u00f5es? A resposta \u00e9 clara e \u00f3bvia: n\u00e3o. Queremos um m\u00ednimo de conforto para nossa fam\u00edlia. <\/span><\/p>\n<p><span style=\"font-weight: 400;\">No per\u00edodo de isolamento social contei com a ajuda de cestas b\u00e1sicas dos coletivos da Baixada Fluminense como o <a href=\"https:\/\/bit.ly\/3j7jUJy\" target=\"_blank\" rel=\"noopener\">Movimenta Caxias<\/a> <\/span><span style=\"font-weight: 400;\">e n\u00e3o tenho vergonha de pegar [as cestas]. Eu s\u00f3 tenho dois filhos e para mulheres que t\u00eam cinco crian\u00e7as ou mais, com certeza uma cesta de alimento por m\u00eas n\u00e3o \u00e9 o suficiente. Precisamos parar de romantizar o que n\u00e3o \u00e9 nada rom\u00e2ntico.&#8221;<\/span><\/p><\/blockquote>\n<p><span style=\"font-weight: 400;\">Roberto Gomes Iberu, coordenador estadual da <a href=\"https:\/\/bit.ly\/3qjs9nB\" target=\"_blank\" rel=\"noopener\">CMP-RJ<\/a>, morador do Santo Cristo<em>\u2014<\/em>que atuou na campanha &#8220;Combust\u00edvel a Pre\u00e7o Justo&#8221;, em abril no Quilombo da Gamboa<em>\u2014<\/em>tamb\u00e9m se manifestou quanto \u00e0 romantiza\u00e7\u00e3o da luta pela sobreviv\u00eancia da popula\u00e7\u00e3o economicamente vulner\u00e1vel da cidade, que leva a naturaliza\u00e7\u00e3o da precariedade:<\/span><\/p>\n<p><a href=\"https:\/\/rioonwatch.org.br\/wp-content\/uploads\/2021\/06\/Roberto-Gomes-Iberu-cientista-social-mostra-a-forca-da-sociedade-organizada-em-acao-na-Zona-Portuaria.-Foto-arquivo-pessoal.jpeg\"><img loading=\"lazy\" decoding=\"async\" class=\"aligncenter wp-image-56296 size-content\" title=\"Roberto Gomes Iberu, cientista social em a\u00e7\u00e3o da sociedade organizada na Zona Portu\u00e1ria. Foto: arquivo pessoal\" src=\"https:\/\/rioonwatch.org.br\/wp-content\/uploads\/2021\/06\/Roberto-Gomes-Iberu-cientista-social-mostra-a-forca-da-sociedade-organizada-em-acao-na-Zona-Portuaria.-Foto-arquivo-pessoal-620x264.jpeg\" alt=\"\" width=\"620\" height=\"264\" srcset=\"https:\/\/rioonwatch.org.br\/wp-content\/uploads\/2021\/06\/Roberto-Gomes-Iberu-cientista-social-mostra-a-forca-da-sociedade-organizada-em-acao-na-Zona-Portuaria.-Foto-arquivo-pessoal-620x264.jpeg 620w, https:\/\/rioonwatch.org.br\/wp-content\/uploads\/2021\/06\/Roberto-Gomes-Iberu-cientista-social-mostra-a-forca-da-sociedade-organizada-em-acao-na-Zona-Portuaria.-Foto-arquivo-pessoal-940x400.jpeg 940w\" sizes=\"(max-width: 620px) 100vw, 620px\" \/><\/a><\/p>\n<blockquote><p><span style=\"font-weight: 400;\">\u201cNesse per\u00edodo de grande caos no mundo, principalmente nos pa\u00edses chamados de &#8216;perif\u00e9ricos&#8217;, observamos o quanto \u00e9 cruel, quando responsabilizamos os pr\u00f3prios sujeitos de construir seu pr\u00f3prio destino. Sabemos que n\u00e3o \u00e9 bem assim dentro de uma sociedade capitalista, e porque n\u00e3o dizer tamb\u00e9m atravessada pelo racismo estrutural. N\u00e3o h\u00e1 qualquer dignidade ao vermos fam\u00edlias inteiras nas ruas das grandes cidades, catando papel\u00e3o, para garantir suas refei\u00e7\u00f5es di\u00e1rias. Muitos [indiv\u00edduos] acham &#8216;lindo&#8217; ao ver tal cena nas ruas, mas n\u00e3o reconhecem que o Estado n\u00e3o cumpre seu papel. <\/span><\/p>\n<p><span style=\"font-weight: 400;\">Mesmo dentro do sistema capitalista, minimamente, os menos favorecidos precisam ter dinheiro, para ter a m\u00ednima dignidade que seja. Quando muitas vezes ouvimos que grana n\u00e3o traz felicidade, certamente quem reproduz tal fal\u00e1cia, nunca viveu em um estado de miserabilidade, mas se regozijam, quando dizem que os pobres t\u00eam que aceitar suas vidas do jeito que a mesma \u00e9. Com a chegada da pandemia, tais romantiza\u00e7\u00f5es se tornaram mais evidentes. <a href=\"https:\/\/bit.ly\/3jpyagW\" target=\"_blank\" rel=\"noopener\">M\u00eddias diversas<\/a> fazem quest\u00e3o de evidenciar em suas reportagens que \u00e9 &#8216;lindo&#8217; ver fam\u00edlias inteiras vivendo em situa\u00e7\u00e3o de rua, cozinhando sua pr\u00f3pria alimenta\u00e7\u00e3o nas esquinas e debaixo de marquises.<\/span><span style=\"font-weight: 400;\"> Seria mesmo [isso] algo natural?\u201d<\/span><\/p><\/blockquote>\n<h3><b>Aspectos Energ\u00e9ticos e Sociais do <\/b><b>G\u00e1s Domiciliar<\/b><\/h3>\n<p><span style=\"font-weight: 400;\"><a href=\"https:\/\/rioonwatch.org.br\/wp-content\/uploads\/2021\/06\/Alessandra-Goncalves.jpeg\"><img loading=\"lazy\" decoding=\"async\" class=\"alignright wp-image-56298\" title=\"No Laborat\u00f3rio de Doen\u00e7as Parasit\u00e1rias da UFRRJ, Alessandra Gon\u00e7alves em mais uma aula pr\u00e1tica. Foto: arquivo pessoal\" src=\"https:\/\/rioonwatch.org.br\/wp-content\/uploads\/2021\/06\/Alessandra-Goncalves.jpeg\" alt=\"\" width=\"300\" height=\"400\" srcset=\"https:\/\/rioonwatch.org.br\/wp-content\/uploads\/2021\/06\/Alessandra-Goncalves.jpeg 800w, https:\/\/rioonwatch.org.br\/wp-content\/uploads\/2021\/06\/Alessandra-Goncalves-465x620.jpeg 465w, https:\/\/rioonwatch.org.br\/wp-content\/uploads\/2021\/06\/Alessandra-Goncalves-768x1024.jpeg 768w, https:\/\/rioonwatch.org.br\/wp-content\/uploads\/2021\/06\/Alessandra-Goncalves-198x264.jpeg 198w\" sizes=\"(max-width: 300px) 100vw, 300px\" \/><\/a>O g\u00e1s de cozinha, g\u00e1s liquefeito de petr\u00f3leo (GLP), \u00e9 resultado do refinamento do petr\u00f3leo cru e do g\u00e1s do subsolo, e \u00e9 composto basicamente de propano e butano. Por sua origem ser do petr\u00f3leo, sua <a href=\"https:\/\/bit.ly\/3wRrBaX\" target=\"_blank\" rel=\"noopener\">fonte de energia n\u00e3o renov\u00e1vel<\/a>. <\/span><span style=\"font-weight: 400;\">O g\u00e1s possui grande aplicabilidade com alto poder calor\u00edfico, e quando comparado a outras fontes advindas do petr\u00f3leo, tem um menor impacto ambiental. Um estudo feito pelo Sindig\u00e1s mostrou que <a href=\"https:\/\/bit.ly\/2Uwextk\" target=\"_blank\" rel=\"noopener\">mais de 95% da popula\u00e7\u00e3o do pa\u00eds utilizava o GLP em 2011<\/a>, sendo mais comum nas resid\u00eancias do que \u00e1gua e luz el\u00e9trica. S\u00f3 com esse dado \u00e9 poss\u00edvel perceber a import\u00e2ncia desse tipo de energia.<\/span><\/p>\n<p><span style=\"font-weight: 400;\">Alessandra Gon\u00e7alves, 23 anos, graduanda em Qu\u00edmica Industrial pela <a href=\"https:\/\/bit.ly\/36D8IMt\" target=\"_blank\" rel=\"noopener\">UFRRJ<\/a>, moradora de <a href=\"http:\/\/bit.ly\/2OvY7uU\" target=\"_blank\" rel=\"noopener\">Serop\u00e9dica<\/a>, nos explica como os estudos sobre o g\u00e1s domiciliar v\u00e3o al\u00e9m das tradicionais mat\u00e9rias f\u00edsica e qu\u00edmica:<\/span><\/p>\n<blockquote><p><span style=\"font-weight: 400;\">\u201cAcredito que \u00e9 poss\u00edvel lidar com essa quest\u00e3o de maneira interdisciplinar, visto que o aumento do g\u00e1s de cozinha pode conversar com a hist\u00f3ria, geografia e at\u00e9 sociologia. Dessa forma seria poss\u00edvel avaliar os impactos desse evento de uma forma geral, de maneira a entender a realidade na sua totalidade, visualizando todas as influ\u00eancias e pormenores e, por fim, analisar as consequ\u00eancias geradas. Al\u00e9m disso, acredito que n\u00e3o s\u00f3 o valor do g\u00e1s e seus motivos deveriam ser aplicados ao ensino, mas diversas outras quest\u00f5es como o estudo da constitui\u00e7\u00e3o, no\u00e7\u00f5es financeiras, quest\u00f5es de sustentabilidade, sexualidade, infla\u00e7\u00e3o e muitos outros assuntos. <\/span><\/p>\n<p><span style=\"font-weight: 400;\">Nos tornamos adultos que sabem a <a href=\"https:\/\/bit.ly\/3gTsau4\" target=\"_blank\" rel=\"noopener\">f\u00f3rmula de Bhaskara<\/a><\/span><span style=\"font-weight: 400;\">, mas n\u00e3o aprendemos sobre nossos direitos e deveres civis, nem sobre a fun\u00e7\u00e3o de um deputado. Adultos sem pensamento cr\u00edtico, que por consequ\u00eancia aceitam as condi\u00e7\u00f5es impostas pelo governo. Segundo a constitui\u00e7\u00e3o, todo poder emana do povo. Ent\u00e3o, como \u00e9 poss\u00edvel um povo t\u00e3o sofrido ainda estar no mapa da fome? Nossos representantes est\u00e3o ganhando e roubando aos montes e, infelizmente, o mais interessante para eles \u00e9 que continuamos um povo sem vis\u00e3o hol\u00edstica de nosso pa\u00eds, usamos antolhos invis\u00edveis.\u201d<\/span><\/p><\/blockquote>\n<p><i><span style=\"font-weight: 400;\">Sobre a autora: <a href=\"https:\/\/bit.ly\/2SVKpXZ\" target=\"_blank\" rel=\"noopener\">Beatriz Carvalho<\/a>, cria de <\/span><\/i><a href=\"http:\/\/bit.ly\/2GsjdJU\"><i><span style=\"font-weight: 400;\">Vilar dos Teles<\/span><\/i><\/a><i><span style=\"font-weight: 400;\"> em <\/span><\/i><a href=\"http:\/\/bit.ly\/32hi3Hn\"><i><span style=\"font-weight: 400;\">S\u00e3o Jo\u00e3o de Meriti<\/span><\/i><\/a><i><span style=\"font-weight: 400;\">, \u00e9 jornalista, m\u00eddia-ativista, feminista e toca o <\/span><\/i><a href=\"http:\/\/bit.ly\/2HB9Zv0\"><i><span style=\"font-weight: 400;\">Mulheres de Frente<\/span><\/i><\/a><i><span style=\"font-weight: 400;\">.<\/span><\/i><\/p>\n<p><i><span style=\"font-weight: 400;\">Sobre o colaborador: <a href=\"https:\/\/bit.ly\/3wVEHnq\" target=\"_blank\" rel=\"noopener\">Cosme Felippsen<\/a> \u00e9 morador do Morro da Provid\u00eancia, guia de turismo, criador do Rol\u00e9 dos Favelados<em>\u2014<\/em>um guiamento que j\u00e1 levou mais de 7.000 pessoas a conhecer a hist\u00f3ria do Morro da Provid\u00eancia\u2014, e coordenador do comit\u00ea de crise SOS Provid\u00eancia. Atualmente, o SOS Provid\u00eancia est\u00e1 iniciando uma campanha mais ampla, que visa atuar em quatro pilares: territ\u00f3rio, sa\u00fade, educa\u00e7\u00e3o e solu\u00e7\u00f5es. <a href=\"https:\/\/bit.ly\/35SuDzI\" target=\"_blank\" rel=\"noopener\">Conhe\u00e7a e apoie a campanha aqui<\/a>.<\/span><\/i><\/p>\n<p><em>Sobre a artista:\u00a0<a href=\"https:\/\/bit.ly\/34uTitA\" target=\"_blank\" rel=\"noopener\">Anna Paula Rodrigues<\/a>\u00a0\u00e9 designer e ilustradora freelancer, formada em desenho industrial pela\u00a0<a href=\"http:\/\/bit.ly\/2XQ3Rma\" target=\"_blank\" rel=\"noopener\">UFRJ<\/a>. Anna Paula\u2014que atua com a quest\u00e3o antirracista quanto a est\u00e9tica e beleza\u2014trabalha como designer gr\u00e1fica em diversas ONGs do Rio de Janeiro.<\/em><\/p>\n<p><em>Esta mat\u00e9ria\u00a0<\/em><em>faz parte de uma\u00a0<a href=\"https:\/\/bit.ly\/3hMQ2jz\" target=\"_blank\" rel=\"noopener\">s\u00e9rie sobre justi\u00e7a e efici\u00eancia energ\u00e9tica nas favelas<\/a>\u00a0do Rio.<\/em><\/p>\n<hr \/>\n<h4><b data-stringify-type=\"bold\">Apoie nossos esfor\u00e7os para fornecer apoio estrat\u00e9gico \u00e0s favelas do Rio, incluindo o jornalismo hiperlocal, cr\u00edtico, inovador e incans\u00e1vel do\u00a0<\/b><b data-stringify-type=\"bold\"><i data-stringify-type=\"italic\">RioOnWatch<\/i><\/b>\u2014<strong><a class=\"c-link\" href=\"http:\/\/www.bit.ly\/ApoieROW\" target=\"_blank\" rel=\"noopener noreferrer\" data-stringify-link=\"http:\/\/www.bit.ly\/ApoieROW\" data-sk=\"tooltip_parent\">doe aqui<\/a>.<\/strong><\/h4>\n<!-- AddThis Advanced Settings generic via filter on the_content --><!-- AddThis Share Buttons generic via filter on the_content -->","protected":false},"excerpt":{"rendered":"<div class=\"mh-excerpt\"><p>Click Here for English Esta mat\u00e9ria\u00a0faz parte de uma\u00a0s\u00e9rie sobre justi\u00e7a e efici\u00eancia energ\u00e9tica nas favelas\u00a0do Rio e sobre\u00a0o coronav\u00edrus e seus impactos sobre as favelas. A popula\u00e7\u00e3o brasileira vivencia uma recess\u00e3o hist\u00f3rica, exacerbada pela <a class=\"mh-excerpt-more\" href=\"https:\/\/rioonwatch.org.br\/?p=55849\" title=\"Com Aumentos em Plena Pandemia, Mobilizadores Buscam Garantir G\u00e1s e Evitar Lenha\">[&#8230;]<\/a><!-- AddThis Advanced Settings generic via filter on get_the_excerpt --><!-- AddThis Share Buttons generic via filter on get_the_excerpt --><\/p>\n<\/div>","protected":false},"author":129,"featured_media":55851,"comment_status":"closed","ping_status":"closed","sticky":false,"template":"","format":"standard","meta":{"_acf_changed":false,"_monsterinsights_skip_tracking":false,"_monsterinsights_sitenote_active":false,"_monsterinsights_sitenote_note":"","_monsterinsights_sitenote_category":0,"footnotes":""},"categories":[2753,1621,346,1625,1388,1612,1639],"tags":[959,235,259,2748,1091,587,3062,42,2344,2161,1151,257,3061,1830,980,494,2349,112,2289,2754,2970,1592,2492,2474],"writer":[2466],"translator":[],"source":[],"ilustrador":[],"fotografo":[],"class_list":{"0":"post-55849","1":"post","2":"type-post","3":"status-publish","4":"format-standard","5":"has-post-thumbnail","7":"category-covid19nasfavelas","8":"category-destaque","9":"category-denuncias","10":"category-por-correspondentes-comunitarios","11":"category-formas-de-apoiar","12":"category-sociedade-civil","13":"category-sustentabilidade","14":"tag-baixada-fluminense","15":"tag-bangu","16":"tag-centro","17":"tag-coronavirus","18":"tag-duque-de-caxias","19":"tag-gamboa","20":"tag-gas","21":"tag-genero","22":"tag-ibge","23":"tag-maes-de-manguinhos","24":"tag-organizacao","25":"tag-providencia","26":"tag-movimento-moleque","27":"tag-nos-por-nos","28":"tag-quilombo-da-gamboa","29":"tag-regiao-do-porto","30":"tag-role-dos-favelados","31":"tag-sao-joao-de-meriti","32":"tag-serie","33":"tag-serie-covid-19-nas-favelas","34":"tag-serie-justica-energetica","35":"tag-seropedica","36":"tag-taina-de-paula","37":"tag-ufrrj","38":"writer-beatriz-carvalho"},"acf":[],"yoast_head":"<!-- This site is optimized with the Yoast SEO plugin v25.6 - https:\/\/yoast.com\/wordpress\/plugins\/seo\/ -->\n<title>Com Aumentos em Plena Pandemia, Mobilizadores Buscam Garantir G\u00e1s e Evitar Lenha - RioOnWatch<\/title>\n<meta name=\"robots\" content=\"index, follow, max-snippet:-1, max-image-preview:large, max-video-preview:-1\" \/>\n<link rel=\"canonical\" href=\"https:\/\/rioonwatch.org.br\/?p=55849\" \/>\n<meta property=\"og:locale\" content=\"pt_BR\" \/>\n<meta property=\"og:type\" content=\"article\" \/>\n<meta property=\"og:title\" content=\"Com Aumentos em Plena Pandemia, Mobilizadores Buscam Garantir G\u00e1s e Evitar Lenha - RioOnWatch\" \/>\n<meta property=\"og:description\" content=\"Click Here for English Esta mat\u00e9ria\u00a0faz parte de uma\u00a0s\u00e9rie sobre justi\u00e7a e efici\u00eancia energ\u00e9tica nas favelas\u00a0do Rio e sobre\u00a0o coronav\u00edrus e seus impactos sobre as favelas. A popula\u00e7\u00e3o brasileira vivencia uma recess\u00e3o hist\u00f3rica, exacerbada pela [...]\" \/>\n<meta property=\"og:url\" content=\"https:\/\/rioonwatch.org.br\/?p=55849\" \/>\n<meta property=\"og:site_name\" content=\"RioOnWatch\" \/>\n<meta property=\"article:published_time\" content=\"2021-06-27T14:20:40+00:00\" \/>\n<meta property=\"article:modified_time\" content=\"2021-07-28T16:51:59+00:00\" \/>\n<meta property=\"og:image\" content=\"https:\/\/rioonwatch.org.br\/wp-content\/uploads\/2021\/06\/Arte-original-por-Anna-Paula-Rodrigues.jpg\" \/>\n\t<meta property=\"og:image:width\" content=\"2480\" \/>\n\t<meta property=\"og:image:height\" content=\"1056\" \/>\n\t<meta property=\"og:image:type\" content=\"image\/jpeg\" \/>\n<meta name=\"author\" content=\"Admin\" \/>\n<meta name=\"twitter:card\" content=\"summary_large_image\" \/>\n<meta name=\"twitter:label1\" content=\"Escrito por\" \/>\n\t<meta name=\"twitter:data1\" content=\"Admin\" \/>\n\t<meta name=\"twitter:label2\" content=\"Est. tempo de leitura\" \/>\n\t<meta name=\"twitter:data2\" content=\"14 minutos\" \/>\n<script type=\"application\/ld+json\" class=\"yoast-schema-graph\">{\"@context\":\"https:\/\/schema.org\",\"@graph\":[{\"@type\":\"Article\",\"@id\":\"https:\/\/rioonwatch.org.br\/?p=55849#article\",\"isPartOf\":{\"@id\":\"https:\/\/rioonwatch.org.br\/?p=55849\"},\"author\":{\"name\":\"Admin\",\"@id\":\"https:\/\/rioonwatch.org.br\/#\/schema\/person\/11d64c290506f9df50c71b850c473f68\"},\"headline\":\"Com Aumentos em Plena Pandemia, Mobilizadores Buscam Garantir G\u00e1s e Evitar Lenha\",\"datePublished\":\"2021-06-27T14:20:40+00:00\",\"dateModified\":\"2021-07-28T16:51:59+00:00\",\"mainEntityOfPage\":{\"@id\":\"https:\/\/rioonwatch.org.br\/?p=55849\"},\"wordCount\":2917,\"publisher\":{\"@id\":\"https:\/\/rioonwatch.org.br\/#organization\"},\"image\":{\"@id\":\"https:\/\/rioonwatch.org.br\/?p=55849#primaryimage\"},\"thumbnailUrl\":\"https:\/\/rioonwatch.org.br\/wp-content\/uploads\/2021\/06\/Arte-original-por-Anna-Paula-Rodrigues.jpg\",\"keywords\":[\"Baixada Fluminense\",\"Bangu\",\"Centro\",\"coronav\u00edrus\",\"Duque de Caxias\",\"Gamboa\",\"g\u00e1s\",\"g\u00eanero\",\"IBGE\",\"M\u00e3es de Manguinhos\",\"mobiliza\u00e7\u00e3o\",\"Morro da Provid\u00eancia\",\"Movimento Moleque\",\"N\u00f3s por N\u00f3s\",\"Quilombo da Gamboa\",\"Regi\u00e3o do Porto\",\"Rol\u00e9 dos Favelados\",\"S\u00e3o Jo\u00e3o de Meriti\",\"S\u00e9rie\",\"S\u00e9rie: Covid-19 Nas Favelas\",\"S\u00e9rie: Justi\u00e7a Energ\u00e9tica\",\"Serop\u00e9dica\",\"Tain\u00e1 de Paula (PT)\",\"UFRRJ\"],\"articleSection\":[\"#Covid19NasFavelas\",\"*Destaque\",\"Den\u00fancias\",\"Escrito por Comunicadores Populares\",\"Formas de Apoiar\",\"Sociedade Civil\",\"Sustentabilidade\"],\"inLanguage\":\"pt-BR\"},{\"@type\":\"WebPage\",\"@id\":\"https:\/\/rioonwatch.org.br\/?p=55849\",\"url\":\"https:\/\/rioonwatch.org.br\/?p=55849\",\"name\":\"Com Aumentos em Plena Pandemia, Mobilizadores Buscam Garantir G\u00e1s e Evitar Lenha - RioOnWatch\",\"isPartOf\":{\"@id\":\"https:\/\/rioonwatch.org.br\/#website\"},\"primaryImageOfPage\":{\"@id\":\"https:\/\/rioonwatch.org.br\/?p=55849#primaryimage\"},\"image\":{\"@id\":\"https:\/\/rioonwatch.org.br\/?p=55849#primaryimage\"},\"thumbnailUrl\":\"https:\/\/rioonwatch.org.br\/wp-content\/uploads\/2021\/06\/Arte-original-por-Anna-Paula-Rodrigues.jpg\",\"datePublished\":\"2021-06-27T14:20:40+00:00\",\"dateModified\":\"2021-07-28T16:51:59+00:00\",\"breadcrumb\":{\"@id\":\"https:\/\/rioonwatch.org.br\/?p=55849#breadcrumb\"},\"inLanguage\":\"pt-BR\",\"potentialAction\":[{\"@type\":\"ReadAction\",\"target\":[\"https:\/\/rioonwatch.org.br\/?p=55849\"]}]},{\"@type\":\"ImageObject\",\"inLanguage\":\"pt-BR\",\"@id\":\"https:\/\/rioonwatch.org.br\/?p=55849#primaryimage\",\"url\":\"https:\/\/rioonwatch.org.br\/wp-content\/uploads\/2021\/06\/Arte-original-por-Anna-Paula-Rodrigues.jpg\",\"contentUrl\":\"https:\/\/rioonwatch.org.br\/wp-content\/uploads\/2021\/06\/Arte-original-por-Anna-Paula-Rodrigues.jpg\",\"width\":2480,\"height\":1056,\"caption\":\"Arte original por Anna Paula Rodrigues\"},{\"@type\":\"BreadcrumbList\",\"@id\":\"https:\/\/rioonwatch.org.br\/?p=55849#breadcrumb\",\"itemListElement\":[{\"@type\":\"ListItem\",\"position\":1,\"name\":\"In\u00edcio\",\"item\":\"https:\/\/rioonwatch.org.br\/\"},{\"@type\":\"ListItem\",\"position\":2,\"name\":\"Com Aumentos em Plena Pandemia, Mobilizadores Buscam Garantir G\u00e1s e Evitar Lenha\"}]},{\"@type\":\"WebSite\",\"@id\":\"https:\/\/rioonwatch.org.br\/#website\",\"url\":\"https:\/\/rioonwatch.org.br\/\",\"name\":\"RioOnWatch\",\"description\":\"relatos das favelas cariocas\",\"publisher\":{\"@id\":\"https:\/\/rioonwatch.org.br\/#organization\"},\"potentialAction\":[{\"@type\":\"SearchAction\",\"target\":{\"@type\":\"EntryPoint\",\"urlTemplate\":\"https:\/\/rioonwatch.org.br\/?s={search_term_string}\"},\"query-input\":{\"@type\":\"PropertyValueSpecification\",\"valueRequired\":true,\"valueName\":\"search_term_string\"}}],\"inLanguage\":\"pt-BR\"},{\"@type\":\"Organization\",\"@id\":\"https:\/\/rioonwatch.org.br\/#organization\",\"name\":\"RioOnWatch\",\"url\":\"https:\/\/rioonwatch.org.br\/\",\"logo\":{\"@type\":\"ImageObject\",\"inLanguage\":\"pt-BR\",\"@id\":\"https:\/\/rioonwatch.org.br\/#\/schema\/logo\/image\/\",\"url\":\"https:\/\/rioonwatch.org.br\/wp-content\/uploads\/2021\/06\/RioOnWatchcabecalhoPT11anos-2.png\",\"contentUrl\":\"https:\/\/rioonwatch.org.br\/wp-content\/uploads\/2021\/06\/RioOnWatchcabecalhoPT11anos-2.png\",\"width\":779,\"height\":277,\"caption\":\"RioOnWatch\"},\"image\":{\"@id\":\"https:\/\/rioonwatch.org.br\/#\/schema\/logo\/image\/\"}},{\"@type\":\"Person\",\"@id\":\"https:\/\/rioonwatch.org.br\/#\/schema\/person\/11d64c290506f9df50c71b850c473f68\",\"name\":\"Admin\",\"image\":{\"@type\":\"ImageObject\",\"inLanguage\":\"pt-BR\",\"@id\":\"https:\/\/rioonwatch.org.br\/#\/schema\/person\/image\/\",\"url\":\"https:\/\/secure.gravatar.com\/avatar\/56211ac74568383903349a1485e3c325?s=96&d=blank&r=g\",\"contentUrl\":\"https:\/\/secure.gravatar.com\/avatar\/56211ac74568383903349a1485e3c325?s=96&d=blank&r=g\",\"caption\":\"Admin\"},\"url\":\"https:\/\/rioonwatch.org.br\/?author=129\"}]}<\/script>\n<!-- \/ Yoast SEO plugin. -->","yoast_head_json":{"title":"Com Aumentos em Plena Pandemia, Mobilizadores Buscam Garantir G\u00e1s e Evitar Lenha - RioOnWatch","robots":{"index":"index","follow":"follow","max-snippet":"max-snippet:-1","max-image-preview":"max-image-preview:large","max-video-preview":"max-video-preview:-1"},"canonical":"https:\/\/rioonwatch.org.br\/?p=55849","og_locale":"pt_BR","og_type":"article","og_title":"Com Aumentos em Plena Pandemia, Mobilizadores Buscam Garantir G\u00e1s e Evitar Lenha - RioOnWatch","og_description":"Click Here for English Esta mat\u00e9ria\u00a0faz parte de uma\u00a0s\u00e9rie sobre justi\u00e7a e efici\u00eancia energ\u00e9tica nas favelas\u00a0do Rio e sobre\u00a0o coronav\u00edrus e seus impactos sobre as favelas. A popula\u00e7\u00e3o brasileira vivencia uma recess\u00e3o hist\u00f3rica, exacerbada pela [...]","og_url":"https:\/\/rioonwatch.org.br\/?p=55849","og_site_name":"RioOnWatch","article_published_time":"2021-06-27T14:20:40+00:00","article_modified_time":"2021-07-28T16:51:59+00:00","og_image":[{"width":2480,"height":1056,"url":"https:\/\/rioonwatch.org.br\/wp-content\/uploads\/2021\/06\/Arte-original-por-Anna-Paula-Rodrigues.jpg","type":"image\/jpeg"}],"author":"Admin","twitter_card":"summary_large_image","twitter_misc":{"Escrito por":"Admin","Est. tempo de leitura":"14 minutos"},"schema":{"@context":"https:\/\/schema.org","@graph":[{"@type":"Article","@id":"https:\/\/rioonwatch.org.br\/?p=55849#article","isPartOf":{"@id":"https:\/\/rioonwatch.org.br\/?p=55849"},"author":{"name":"Admin","@id":"https:\/\/rioonwatch.org.br\/#\/schema\/person\/11d64c290506f9df50c71b850c473f68"},"headline":"Com Aumentos em Plena Pandemia, Mobilizadores Buscam Garantir G\u00e1s e Evitar Lenha","datePublished":"2021-06-27T14:20:40+00:00","dateModified":"2021-07-28T16:51:59+00:00","mainEntityOfPage":{"@id":"https:\/\/rioonwatch.org.br\/?p=55849"},"wordCount":2917,"publisher":{"@id":"https:\/\/rioonwatch.org.br\/#organization"},"image":{"@id":"https:\/\/rioonwatch.org.br\/?p=55849#primaryimage"},"thumbnailUrl":"https:\/\/rioonwatch.org.br\/wp-content\/uploads\/2021\/06\/Arte-original-por-Anna-Paula-Rodrigues.jpg","keywords":["Baixada Fluminense","Bangu","Centro","coronav\u00edrus","Duque de Caxias","Gamboa","g\u00e1s","g\u00eanero","IBGE","M\u00e3es de Manguinhos","mobiliza\u00e7\u00e3o","Morro da Provid\u00eancia","Movimento Moleque","N\u00f3s por N\u00f3s","Quilombo da Gamboa","Regi\u00e3o do Porto","Rol\u00e9 dos Favelados","S\u00e3o Jo\u00e3o de Meriti","S\u00e9rie","S\u00e9rie: Covid-19 Nas Favelas","S\u00e9rie: Justi\u00e7a Energ\u00e9tica","Serop\u00e9dica","Tain\u00e1 de Paula (PT)","UFRRJ"],"articleSection":["#Covid19NasFavelas","*Destaque","Den\u00fancias","Escrito por Comunicadores Populares","Formas de Apoiar","Sociedade Civil","Sustentabilidade"],"inLanguage":"pt-BR"},{"@type":"WebPage","@id":"https:\/\/rioonwatch.org.br\/?p=55849","url":"https:\/\/rioonwatch.org.br\/?p=55849","name":"Com Aumentos em Plena Pandemia, Mobilizadores Buscam Garantir G\u00e1s e Evitar Lenha - RioOnWatch","isPartOf":{"@id":"https:\/\/rioonwatch.org.br\/#website"},"primaryImageOfPage":{"@id":"https:\/\/rioonwatch.org.br\/?p=55849#primaryimage"},"image":{"@id":"https:\/\/rioonwatch.org.br\/?p=55849#primaryimage"},"thumbnailUrl":"https:\/\/rioonwatch.org.br\/wp-content\/uploads\/2021\/06\/Arte-original-por-Anna-Paula-Rodrigues.jpg","datePublished":"2021-06-27T14:20:40+00:00","dateModified":"2021-07-28T16:51:59+00:00","breadcrumb":{"@id":"https:\/\/rioonwatch.org.br\/?p=55849#breadcrumb"},"inLanguage":"pt-BR","potentialAction":[{"@type":"ReadAction","target":["https:\/\/rioonwatch.org.br\/?p=55849"]}]},{"@type":"ImageObject","inLanguage":"pt-BR","@id":"https:\/\/rioonwatch.org.br\/?p=55849#primaryimage","url":"https:\/\/rioonwatch.org.br\/wp-content\/uploads\/2021\/06\/Arte-original-por-Anna-Paula-Rodrigues.jpg","contentUrl":"https:\/\/rioonwatch.org.br\/wp-content\/uploads\/2021\/06\/Arte-original-por-Anna-Paula-Rodrigues.jpg","width":2480,"height":1056,"caption":"Arte original por Anna Paula Rodrigues"},{"@type":"BreadcrumbList","@id":"https:\/\/rioonwatch.org.br\/?p=55849#breadcrumb","itemListElement":[{"@type":"ListItem","position":1,"name":"In\u00edcio","item":"https:\/\/rioonwatch.org.br\/"},{"@type":"ListItem","position":2,"name":"Com Aumentos em Plena Pandemia, Mobilizadores Buscam Garantir G\u00e1s e Evitar Lenha"}]},{"@type":"WebSite","@id":"https:\/\/rioonwatch.org.br\/#website","url":"https:\/\/rioonwatch.org.br\/","name":"RioOnWatch","description":"relatos das favelas cariocas","publisher":{"@id":"https:\/\/rioonwatch.org.br\/#organization"},"potentialAction":[{"@type":"SearchAction","target":{"@type":"EntryPoint","urlTemplate":"https:\/\/rioonwatch.org.br\/?s={search_term_string}"},"query-input":{"@type":"PropertyValueSpecification","valueRequired":true,"valueName":"search_term_string"}}],"inLanguage":"pt-BR"},{"@type":"Organization","@id":"https:\/\/rioonwatch.org.br\/#organization","name":"RioOnWatch","url":"https:\/\/rioonwatch.org.br\/","logo":{"@type":"ImageObject","inLanguage":"pt-BR","@id":"https:\/\/rioonwatch.org.br\/#\/schema\/logo\/image\/","url":"https:\/\/rioonwatch.org.br\/wp-content\/uploads\/2021\/06\/RioOnWatchcabecalhoPT11anos-2.png","contentUrl":"https:\/\/rioonwatch.org.br\/wp-content\/uploads\/2021\/06\/RioOnWatchcabecalhoPT11anos-2.png","width":779,"height":277,"caption":"RioOnWatch"},"image":{"@id":"https:\/\/rioonwatch.org.br\/#\/schema\/logo\/image\/"}},{"@type":"Person","@id":"https:\/\/rioonwatch.org.br\/#\/schema\/person\/11d64c290506f9df50c71b850c473f68","name":"Admin","image":{"@type":"ImageObject","inLanguage":"pt-BR","@id":"https:\/\/rioonwatch.org.br\/#\/schema\/person\/image\/","url":"https:\/\/secure.gravatar.com\/avatar\/56211ac74568383903349a1485e3c325?s=96&d=blank&r=g","contentUrl":"https:\/\/secure.gravatar.com\/avatar\/56211ac74568383903349a1485e3c325?s=96&d=blank&r=g","caption":"Admin"},"url":"https:\/\/rioonwatch.org.br\/?author=129"}]}},"_links":{"self":[{"href":"https:\/\/rioonwatch.org.br\/index.php?rest_route=\/wp\/v2\/posts\/55849"}],"collection":[{"href":"https:\/\/rioonwatch.org.br\/index.php?rest_route=\/wp\/v2\/posts"}],"about":[{"href":"https:\/\/rioonwatch.org.br\/index.php?rest_route=\/wp\/v2\/types\/post"}],"author":[{"embeddable":true,"href":"https:\/\/rioonwatch.org.br\/index.php?rest_route=\/wp\/v2\/users\/129"}],"replies":[{"embeddable":true,"href":"https:\/\/rioonwatch.org.br\/index.php?rest_route=%2Fwp%2Fv2%2Fcomments&post=55849"}],"version-history":[{"count":73,"href":"https:\/\/rioonwatch.org.br\/index.php?rest_route=\/wp\/v2\/posts\/55849\/revisions"}],"predecessor-version":[{"id":57394,"href":"https:\/\/rioonwatch.org.br\/index.php?rest_route=\/wp\/v2\/posts\/55849\/revisions\/57394"}],"wp:featuredmedia":[{"embeddable":true,"href":"https:\/\/rioonwatch.org.br\/index.php?rest_route=\/wp\/v2\/media\/55851"}],"wp:attachment":[{"href":"https:\/\/rioonwatch.org.br\/index.php?rest_route=%2Fwp%2Fv2%2Fmedia&parent=55849"}],"wp:term":[{"taxonomy":"category","embeddable":true,"href":"https:\/\/rioonwatch.org.br\/index.php?rest_route=%2Fwp%2Fv2%2Fcategories&post=55849"},{"taxonomy":"post_tag","embeddable":true,"href":"https:\/\/rioonwatch.org.br\/index.php?rest_route=%2Fwp%2Fv2%2Ftags&post=55849"},{"taxonomy":"writer","embeddable":true,"href":"https:\/\/rioonwatch.org.br\/index.php?rest_route=%2Fwp%2Fv2%2Fwriter&post=55849"},{"taxonomy":"translator","embeddable":true,"href":"https:\/\/rioonwatch.org.br\/index.php?rest_route=%2Fwp%2Fv2%2Ftranslator&post=55849"},{"taxonomy":"source","embeddable":true,"href":"https:\/\/rioonwatch.org.br\/index.php?rest_route=%2Fwp%2Fv2%2Fsource&post=55849"},{"taxonomy":"ilustrador","embeddable":true,"href":"https:\/\/rioonwatch.org.br\/index.php?rest_route=%2Fwp%2Fv2%2Filustrador&post=55849"},{"taxonomy":"fotografo","embeddable":true,"href":"https:\/\/rioonwatch.org.br\/index.php?rest_route=%2Fwp%2Fv2%2Ffotografo&post=55849"}],"curies":[{"name":"wp","href":"https:\/\/api.w.org\/{rel}","templated":true}]}}