{"id":5592,"date":"2013-04-24T12:19:57","date_gmt":"2013-04-24T15:19:57","guid":{"rendered":"http:\/\/rioonwatch.org.br\/?p=5592"},"modified":"2015-08-14T19:39:29","modified_gmt":"2015-08-14T22:39:29","slug":"apos-um-estupro-de-alta-visibilidade-rio-corta-vans-usadas-pelos-pobres","status":"publish","type":"post","link":"https:\/\/rioonwatch.org.br\/?p=5592","title":{"rendered":"Ap\u00f3s Estupro de Alta Visibilidade, Rio Corta Vans Usadas Pelos Pobres"},"content":{"rendered":"<p><em>Para vers\u00e3o original em ingl\u00eas da mat\u00e9ria por David Lavin na revista The Atlantic clique\u00a0<a href=\"http:\/\/bit.ly\/XEuRSw\" target=\"_blank\">aqui<\/a>.<\/em><\/p>\n<article id=\"article\">\n<h4><em>Ao inv\u00e9s de melhorar a efic\u00e1cia da policia, a cidade inexplicavelmente corta uma importante forma de transporte.<\/em><\/h4>\n<div>\n<p><em>RIO DE JANEIRO&#8211;<\/em>Depois que uma <a href=\"http:\/\/glo.bo\/10zELsp\" target=\"_blank\">brasileira<\/a> foi estuprada por operadores de van aqui, a pol\u00edcia n\u00e3o fez nada. Quando um <a href=\"http:\/\/glo.bo\/144JXph\" target=\"_blank\">casal<\/a> de turistas foram sequestrados e violentados pelos mesmos homens uma semana depois, a pol\u00edcia pegou os suspeitos rapidamente. Em seguida a Prefeitura usou o incidente para implementar uma mudan\u00e7a na pol\u00edtica de transportes que d\u00e1 a ilus\u00e3o de seguran\u00e7a, sem abordar as verdadeiras quest\u00f5es por detr\u00e1s do crime.<\/p>\n<p>A Prefeitura do Rio usou o evento para <a href=\"http:\/\/glo.bo\/10zDC4a\" target=\"_blank\">banir o transporte p\u00fablico das vans<\/a> nas \u00e1reas mais visitadas da cidade, prejudicando os pobres da cidade enquanto n\u00e3o faz nada para mudar atitudes sobre estupro.<\/p>\n<p>Os detalhes do sequestro brutal e estupro do casal de estrangeiros no Rio de Janeiro tem sido amplamente cobertos pelas m\u00eddias nacionais e internacionais, mas a resposta da Prefeitura sugere que estupros aqui n\u00e3o s\u00e3o tratados com seriedade e ressalta a realidade que justi\u00e7a para os mais abastados e para os estrangeiros aqui \u00e9 dramaticamente diferente daquela para o pobre. O epis\u00f3dio \u00e9 ainda outro exemplo da maneira em que o foco nas Olimp\u00edadas est\u00e1 direcionando as pol\u00edticas p\u00fablicas no Rio. A cidade coloca problemas reais debaixo do tapete a fim de manter a imagem do Rio e servir \u00e0s necessidades de seus h\u00f3spedes estrangeiros.<\/p>\n<blockquote><p>A resposta da Prefeitura sugere que o estupro n\u00e3o \u00e9 tratado como um problema s\u00e9rio. E \u00e9 mais um exemplo da forma como o foco na pr\u00f3xima Olimp\u00edada est\u00e1 dirigindo a pol\u00edtica p\u00fablica no Rio de Janeiro.<\/p><\/blockquote>\n<p>Em 30 de mar\u00e7o, dois estrangeiros foram sequestrados, ap\u00f3s embarcar no transporte p\u00fablico, no caso uma das milhares de vans ub\u00edquas que perpassam o Rio de Janeiro. \u00c9 prov\u00e1vel que escolheram pegar uma van ao inv\u00e9s de t\u00e1xi ou \u00f4nibus porque as vans s\u00e3o muito mais baratas que os t\u00e1xis e s\u00e3o vistas como mais r\u00e1pidas em compara\u00e7\u00e3o ao sistema p\u00fablico de \u00f4nibus. Originalmente, estas companhias de vans se desenvolveram para servir as favelas, local de moradia de milh\u00f5es de cariocas. H\u00e1 muito ignorados ou negligenciados pelo sistema formal de transporte, os moradores das favelas desenvolveram seu pr\u00f3prio sistema de transporte informal, que hoje tem centenas de rotas e tem sido absorvido pelo sistema formal.<\/p>\n<p>Os dois turistas estavam indo para uma \u00e1rea badalada para curtir a noite quando foram capturados pelo motorista da van e dois c\u00famplices, iniciando uma jornada horr\u00edvel, durante a qual a mulher foi estuprada pelos tr\u00eas homens e bateram em seu companheiro com uma barra de metal antes que os dois fossem lan\u00e7ados num ponto de \u00f4nibus na periferia da cidade.<\/p>\n<p>Quando os detalhes chocantes come\u00e7aram a ser divulgados na m\u00eddia local, dois dos 3 acusados j\u00e1 haviam sido capturados. Parece que o trio estava em uma onda de criminalidade crescente come\u00e7ando com pequenos furtos, seguido por sequestros, e, finalmente, pelo menos outros dois sequestros-estupro antes do incidente envolvendo os estrangeiros.<\/p>\n<p>V\u00e1rias semanas antes uma brasileira havia sido estuprada pelos mesmos homens, na mesma van. Ela denunciou o crime para as autoridades na delegacia da mulher e a pol\u00edcia n\u00e3o fez nada. Por\u00e9m, milagrosamente, quando os mesmos homens sequestraram e estupraram uma mulher estrangeira e bateram em seu namorado, a pol\u00edcia apreendeu os suspeitos em uma quest\u00e3o de horas.<\/p>\n<p>Os oficiais que primeiramente ignoraram o caso foram demitidos, mas apenas quando a neglig\u00eancia deles impactou a imagem internacional do Rio. Este segundo estupro (e a aten\u00e7\u00e3o negativa vindo do mundo inteiro) poderia ter sido prevenido caso eles tivessem feito o trabalho para o qual eles foram contratados. Uma <a href=\"http:\/\/glo.bo\/15H6WXw\" target=\"_blank\">terceira v\u00edtima<\/a> se pronunciou agora, dizendo que ela, tamb\u00e9m, fora estuprada semanas antes pelos mesmos homens mas n\u00e3o foi \u00e0 pol\u00edcia. N\u00e3o era isso de se esperar dado o atendimento que a outra v\u00edtima brasileira recebeu?<\/p>\n<p>Em coment\u00e1rios p\u00fablicos recentes o Governador Cabral ressaltou que o estupro era &#8220;uma atrocidade&#8221;, mas afirmou que &#8220;n\u00e3o era uma pr\u00e1tica comum.&#8221; A maioria de seus coment\u00e1rios foram dirigidos a imagem do Rio <a href=\"http:\/\/glo.bo\/XWu4wr\" target=\"_blank\">no exterior<\/a>: &#8220;A imprensa internacional tem muita responsabilidade em destacar que esta n\u00e3o \u00e9 uma pr\u00e1tica comum em nossa cidade. L\u00edderes internacionais conscientes sabem o que est\u00e1 acontecendo no Rio de Janeiro em rela\u00e7\u00e3o \u00e0 viol\u00eancia&#8221;, disse ele.<\/p>\n<p>O governador apresentou v\u00e1rias estat\u00edsticas ressaltando a melhora na seguran\u00e7a da cidade, e ele est\u00e1 certo que a viol\u00eancia no Rio diminuiu dramaticamente. Por\u00e9m ele n\u00e3o citou a estat\u00edstica dos estupros, provavelmente porque a estat\u00edstica de estupros <a href=\"http:\/\/bbc.in\/12I9TUw\" target=\"_blank\">aumentou 24% no \u00faltimo ano<\/a>. Enquanto isto \u00e9 sem d\u00favida em parte resultado de um aumento no n\u00famero de registros oficiais, bem como gra\u00e7as a uma melhora na situa\u00e7\u00e3o de seguran\u00e7a, crimes sexuais s\u00e3o tudo menos &#8220;incomuns&#8221;.<\/p>\n<blockquote><p>S\u00f3 tem que olhar para os concorrentes dos motoristas de vans para ver os verdadeiros motivos para a nova proibi\u00e7\u00e3o.<\/p><\/blockquote>\n<p>Enquanto este crime contra os turistas foi uma aberra\u00e7\u00e3o horr\u00edvel e um caso relativamente isolado, os coment\u00e1rios do governador demonstram que a sua preocupa\u00e7\u00e3o encontra-se mais ligada aos \u201cformadores de opini\u00e3o internacionais\u201d do que com as v\u00edtimas de abuso sexual no Rio.<\/p>\n<p>Al\u00e9m de demitir os oficiais de pol\u00edcia negligentes, as outras rea\u00e7\u00f5es da Prefeitura contra o crime parecem surdas. Eles inicialmente determinaram que as vans n\u00e3o poderiam ter <a href=\"http:\/\/glo.bo\/Y4lL3M\" target=\"_blank\">vidros escuros<\/a>, o que parece uma resposta razo\u00e1vel. Da\u00ed veio o decreto municipal de 15 de abril, que as vans n\u00e3o poderiam mais circular na Zona Sul da cidade, incluindo as praias importantes de Copacabana e Ipanema. Centenas de propriet\u00e1rios e motoristas perder\u00e3o sua fonte de renda. <a href=\"http:\/\/glo.bo\/11DP8ae\" target=\"_blank\">Milhares de moradores ser\u00e3o afetados negativamente<\/a>. Mas como eles s\u00e3o na maioria pobres que trabalham&#8211;mas n\u00e3o administram&#8211;os estabelecimentos que servem os turistas do Rio, o acesso deles aos corredores de poder \u00e9 limitado. Esta resposta realmente tem pouco a ver com a quest\u00e3o de seguran\u00e7a p\u00fablica. Imagine se esse crime tivesse sido cometido por um taxista, a Prefeitura teria banido todos os t\u00e1xis?<\/p>\n<p>Algu\u00e9m apenas precisa procurar saber quem s\u00e3o os concorrentes das vans para ver o verdadeiro motivo para a nova medida. As poderosas empresas de \u00f4nibus que por anos se recusaram a servir as favelas est\u00e3o agora enfrentando a popularidade dessas vans. As vans custam menos, s\u00e3o mais r\u00e1pidas e tem rotas mais variadas, deixam os passageiros onde eles querem, e tarde da noite quando os \u00f4nibus est\u00e3o vazios, as vans parecem mais seguras por estarem cheias de passageiros voltando para suas casas nos sub\u00farbios ap\u00f3s um longo dia de trabalho. Mas com o grande problema de transporte e mobilidade no Rio, que continuar\u00e1 a ser o foco da capacidade da cidade a lidar com a vinda dos mega-eventos, as empresas de \u00f4nibus empunham muito poder. Elas t\u00eam tentado eliminar as vans das ruas h\u00e1 muito tempo, sob a desculpa de melhorar o tr\u00e2nsito. As empresas de \u00f4nibus e a Prefeitura aproveitaram essa trag\u00e9dia para implementar a medida, tudo sobre a fachada de seguran\u00e7a p\u00fablica.<\/p>\n<\/div>\n<\/article>\n<p>Esta nova pol\u00edtica diminui as op\u00e7\u00f5es de transporte na cidade, dividindo ainda mais os ricos e pobres e concentrando ainda mais poder nas empresas de \u00f4nibus. A medida n\u00e3o altera em nada o problema da seguran\u00e7a p\u00fablica das mulheres, ou a efici\u00eancia da pol\u00edcia que h\u00e1 muito tem condenado a cidade.<\/p>\n<!-- AddThis Advanced Settings generic via filter on the_content --><!-- AddThis Share Buttons generic via filter on the_content -->","protected":false},"excerpt":{"rendered":"<div class=\"mh-excerpt\"><p>Para vers\u00e3o original em ingl\u00eas da mat\u00e9ria por David Lavin na revista The Atlantic clique\u00a0aqui. Ao inv\u00e9s de melhorar a efic\u00e1cia da policia, a cidade inexplicavelmente corta uma importante forma de transporte. RIO DE JANEIRO&#8211;Depois <a class=\"mh-excerpt-more\" href=\"https:\/\/rioonwatch.org.br\/?p=5592\" title=\"Ap\u00f3s Estupro de Alta Visibilidade, Rio Corta Vans Usadas Pelos Pobres\">[&#8230;]<\/a><!-- AddThis Advanced Settings generic via filter on get_the_excerpt --><!-- AddThis Share Buttons generic via filter on get_the_excerpt --><\/p>\n<\/div>","protected":false},"author":3,"featured_media":5600,"comment_status":"closed","ping_status":"closed","sticky":false,"template":"","format":"standard","meta":{"_acf_changed":false,"_monsterinsights_skip_tracking":false,"_monsterinsights_sitenote_active":false,"_monsterinsights_sitenote_note":"","_monsterinsights_sitenote_category":0,"footnotes":""},"categories":[1635,346,1630,344,1634],"tags":[677,560,673,307,672,370,674],"writer":[670],"translator":[453],"source":[671],"ilustrador":[],"fotografo":[],"class_list":{"0":"post-5592","1":"post","2":"type-post","3":"status-publish","4":"format-standard","5":"has-post-thumbnail","7":"category-1635","8":"category-denuncias","9":"category-opiniao","10":"category-politicas","11":"category-traducoes","12":"tag-crime-sexual","13":"tag-mobilidade","14":"tag-onibus","15":"tag-opiniao","16":"tag-seguranca-publica","17":"tag-transporte-publico","18":"tag-vans","19":"writer-david-lavin","20":"translator-kelly-tavares","21":"source-the-atlantic"},"acf":[],"yoast_head":"<!-- This site is optimized with the Yoast SEO plugin v25.6 - https:\/\/yoast.com\/wordpress\/plugins\/seo\/ -->\n<title>Ap\u00f3s Estupro de Alta Visibilidade, Rio Corta Vans Usadas Pelos Pobres - RioOnWatch<\/title>\n<meta name=\"robots\" content=\"index, follow, max-snippet:-1, max-image-preview:large, max-video-preview:-1\" \/>\n<link rel=\"canonical\" href=\"https:\/\/rioonwatch.org.br\/?p=5592\" \/>\n<meta property=\"og:locale\" content=\"pt_BR\" \/>\n<meta property=\"og:type\" content=\"article\" \/>\n<meta property=\"og:title\" content=\"Ap\u00f3s Estupro de Alta Visibilidade, Rio Corta Vans Usadas Pelos Pobres - RioOnWatch\" \/>\n<meta property=\"og:description\" content=\"Para vers\u00e3o original em ingl\u00eas da mat\u00e9ria por David Lavin na revista The Atlantic clique\u00a0aqui. Ao inv\u00e9s de melhorar a efic\u00e1cia da policia, a cidade inexplicavelmente corta uma importante forma de transporte. RIO DE JANEIRO&#8211;Depois [...]\" \/>\n<meta property=\"og:url\" content=\"https:\/\/rioonwatch.org.br\/?p=5592\" \/>\n<meta property=\"og:site_name\" content=\"RioOnWatch\" \/>\n<meta property=\"article:published_time\" content=\"2013-04-24T15:19:57+00:00\" \/>\n<meta property=\"article:modified_time\" content=\"2015-08-14T22:39:29+00:00\" \/>\n<meta property=\"og:image\" content=\"https:\/\/rioonwatch.org.br\/wp-content\/uploads\/2013\/04\/favela-exteriors-banner.jpg\" \/>\n\t<meta property=\"og:image:width\" content=\"650\" \/>\n\t<meta property=\"og:image:height\" content=\"375\" \/>\n\t<meta property=\"og:image:type\" content=\"image\/jpeg\" \/>\n<meta name=\"author\" content=\"Admin\" \/>\n<meta name=\"twitter:card\" content=\"summary_large_image\" \/>\n<meta name=\"twitter:label1\" content=\"Escrito por\" \/>\n\t<meta name=\"twitter:data1\" content=\"Admin\" \/>\n\t<meta name=\"twitter:label2\" content=\"Est. tempo de leitura\" \/>\n\t<meta name=\"twitter:data2\" content=\"7 minutos\" \/>\n<script type=\"application\/ld+json\" class=\"yoast-schema-graph\">{\"@context\":\"https:\/\/schema.org\",\"@graph\":[{\"@type\":\"Article\",\"@id\":\"https:\/\/rioonwatch.org.br\/?p=5592#article\",\"isPartOf\":{\"@id\":\"https:\/\/rioonwatch.org.br\/?p=5592\"},\"author\":{\"name\":\"Admin\",\"@id\":\"https:\/\/rioonwatch.org.br\/#\/schema\/person\/c6c09a0b56b38f0157a45b963ef3f269\"},\"headline\":\"Ap\u00f3s Estupro de Alta Visibilidade, Rio Corta Vans Usadas Pelos Pobres\",\"datePublished\":\"2013-04-24T15:19:57+00:00\",\"dateModified\":\"2015-08-14T22:39:29+00:00\",\"mainEntityOfPage\":{\"@id\":\"https:\/\/rioonwatch.org.br\/?p=5592\"},\"wordCount\":1337,\"publisher\":{\"@id\":\"https:\/\/rioonwatch.org.br\/#organization\"},\"image\":{\"@id\":\"https:\/\/rioonwatch.org.br\/?p=5592#primaryimage\"},\"thumbnailUrl\":\"https:\/\/rioonwatch.org.br\/wp-content\/uploads\/2013\/04\/favela-exteriors-banner.jpg\",\"keywords\":[\"crime sexual\",\"mobilidade\",\"\u00f4nibus\",\"opini\u00e3o\",\"seguran\u00e7a p\u00fablica\",\"transporte p\u00fablico\",\"vans\"],\"articleSection\":[\"#Rio2016\",\"Den\u00fancias\",\"Opini\u00e3o\",\"Pol\u00edticas\",\"Traduzidas do Ingl\u00eas\"],\"inLanguage\":\"pt-BR\"},{\"@type\":\"WebPage\",\"@id\":\"https:\/\/rioonwatch.org.br\/?p=5592\",\"url\":\"https:\/\/rioonwatch.org.br\/?p=5592\",\"name\":\"Ap\u00f3s Estupro de Alta Visibilidade, Rio Corta Vans Usadas Pelos Pobres - RioOnWatch\",\"isPartOf\":{\"@id\":\"https:\/\/rioonwatch.org.br\/#website\"},\"primaryImageOfPage\":{\"@id\":\"https:\/\/rioonwatch.org.br\/?p=5592#primaryimage\"},\"image\":{\"@id\":\"https:\/\/rioonwatch.org.br\/?p=5592#primaryimage\"},\"thumbnailUrl\":\"https:\/\/rioonwatch.org.br\/wp-content\/uploads\/2013\/04\/favela-exteriors-banner.jpg\",\"datePublished\":\"2013-04-24T15:19:57+00:00\",\"dateModified\":\"2015-08-14T22:39:29+00:00\",\"breadcrumb\":{\"@id\":\"https:\/\/rioonwatch.org.br\/?p=5592#breadcrumb\"},\"inLanguage\":\"pt-BR\",\"potentialAction\":[{\"@type\":\"ReadAction\",\"target\":[\"https:\/\/rioonwatch.org.br\/?p=5592\"]}]},{\"@type\":\"ImageObject\",\"inLanguage\":\"pt-BR\",\"@id\":\"https:\/\/rioonwatch.org.br\/?p=5592#primaryimage\",\"url\":\"https:\/\/rioonwatch.org.br\/wp-content\/uploads\/2013\/04\/favela-exteriors-banner.jpg\",\"contentUrl\":\"https:\/\/rioonwatch.org.br\/wp-content\/uploads\/2013\/04\/favela-exteriors-banner.jpg\",\"width\":650,\"height\":375,\"caption\":\"Fotografias gigantes de mulheres cobrem paredes das casas na instala\u00e7\u00e3o do fot\u00f3grafo JR, Morro da Providencia, no Rio de Janeiro em 25 de agosto 2008. (Bruno Domingos \/ Reuters)\"},{\"@type\":\"BreadcrumbList\",\"@id\":\"https:\/\/rioonwatch.org.br\/?p=5592#breadcrumb\",\"itemListElement\":[{\"@type\":\"ListItem\",\"position\":1,\"name\":\"In\u00edcio\",\"item\":\"https:\/\/rioonwatch.org.br\/\"},{\"@type\":\"ListItem\",\"position\":2,\"name\":\"Ap\u00f3s Estupro de Alta Visibilidade, Rio Corta Vans Usadas Pelos Pobres\"}]},{\"@type\":\"WebSite\",\"@id\":\"https:\/\/rioonwatch.org.br\/#website\",\"url\":\"https:\/\/rioonwatch.org.br\/\",\"name\":\"RioOnWatch\",\"description\":\"relatos das favelas cariocas\",\"publisher\":{\"@id\":\"https:\/\/rioonwatch.org.br\/#organization\"},\"potentialAction\":[{\"@type\":\"SearchAction\",\"target\":{\"@type\":\"EntryPoint\",\"urlTemplate\":\"https:\/\/rioonwatch.org.br\/?s={search_term_string}\"},\"query-input\":{\"@type\":\"PropertyValueSpecification\",\"valueRequired\":true,\"valueName\":\"search_term_string\"}}],\"inLanguage\":\"pt-BR\"},{\"@type\":\"Organization\",\"@id\":\"https:\/\/rioonwatch.org.br\/#organization\",\"name\":\"RioOnWatch\",\"url\":\"https:\/\/rioonwatch.org.br\/\",\"logo\":{\"@type\":\"ImageObject\",\"inLanguage\":\"pt-BR\",\"@id\":\"https:\/\/rioonwatch.org.br\/#\/schema\/logo\/image\/\",\"url\":\"https:\/\/rioonwatch.org.br\/wp-content\/uploads\/2021\/06\/RioOnWatchcabecalhoPT11anos-2.png\",\"contentUrl\":\"https:\/\/rioonwatch.org.br\/wp-content\/uploads\/2021\/06\/RioOnWatchcabecalhoPT11anos-2.png\",\"width\":779,\"height\":277,\"caption\":\"RioOnWatch\"},\"image\":{\"@id\":\"https:\/\/rioonwatch.org.br\/#\/schema\/logo\/image\/\"}},{\"@type\":\"Person\",\"@id\":\"https:\/\/rioonwatch.org.br\/#\/schema\/person\/c6c09a0b56b38f0157a45b963ef3f269\",\"name\":\"Admin\",\"image\":{\"@type\":\"ImageObject\",\"inLanguage\":\"pt-BR\",\"@id\":\"https:\/\/rioonwatch.org.br\/#\/schema\/person\/image\/\",\"url\":\"https:\/\/secure.gravatar.com\/avatar\/da45c89efd4810dc70c16a5da3419806?s=96&d=blank&r=g\",\"contentUrl\":\"https:\/\/secure.gravatar.com\/avatar\/da45c89efd4810dc70c16a5da3419806?s=96&d=blank&r=g\",\"caption\":\"Admin\"},\"url\":\"https:\/\/rioonwatch.org.br\/?author=3\"}]}<\/script>\n<!-- \/ Yoast SEO plugin. -->","yoast_head_json":{"title":"Ap\u00f3s Estupro de Alta Visibilidade, Rio Corta Vans Usadas Pelos Pobres - RioOnWatch","robots":{"index":"index","follow":"follow","max-snippet":"max-snippet:-1","max-image-preview":"max-image-preview:large","max-video-preview":"max-video-preview:-1"},"canonical":"https:\/\/rioonwatch.org.br\/?p=5592","og_locale":"pt_BR","og_type":"article","og_title":"Ap\u00f3s Estupro de Alta Visibilidade, Rio Corta Vans Usadas Pelos Pobres - RioOnWatch","og_description":"Para vers\u00e3o original em ingl\u00eas da mat\u00e9ria por David Lavin na revista The Atlantic clique\u00a0aqui. Ao inv\u00e9s de melhorar a efic\u00e1cia da policia, a cidade inexplicavelmente corta uma importante forma de transporte. RIO DE JANEIRO&#8211;Depois [...]","og_url":"https:\/\/rioonwatch.org.br\/?p=5592","og_site_name":"RioOnWatch","article_published_time":"2013-04-24T15:19:57+00:00","article_modified_time":"2015-08-14T22:39:29+00:00","og_image":[{"width":650,"height":375,"url":"https:\/\/rioonwatch.org.br\/wp-content\/uploads\/2013\/04\/favela-exteriors-banner.jpg","type":"image\/jpeg"}],"author":"Admin","twitter_card":"summary_large_image","twitter_misc":{"Escrito por":"Admin","Est. tempo de leitura":"7 minutos"},"schema":{"@context":"https:\/\/schema.org","@graph":[{"@type":"Article","@id":"https:\/\/rioonwatch.org.br\/?p=5592#article","isPartOf":{"@id":"https:\/\/rioonwatch.org.br\/?p=5592"},"author":{"name":"Admin","@id":"https:\/\/rioonwatch.org.br\/#\/schema\/person\/c6c09a0b56b38f0157a45b963ef3f269"},"headline":"Ap\u00f3s Estupro de Alta Visibilidade, Rio Corta Vans Usadas Pelos Pobres","datePublished":"2013-04-24T15:19:57+00:00","dateModified":"2015-08-14T22:39:29+00:00","mainEntityOfPage":{"@id":"https:\/\/rioonwatch.org.br\/?p=5592"},"wordCount":1337,"publisher":{"@id":"https:\/\/rioonwatch.org.br\/#organization"},"image":{"@id":"https:\/\/rioonwatch.org.br\/?p=5592#primaryimage"},"thumbnailUrl":"https:\/\/rioonwatch.org.br\/wp-content\/uploads\/2013\/04\/favela-exteriors-banner.jpg","keywords":["crime sexual","mobilidade","\u00f4nibus","opini\u00e3o","seguran\u00e7a p\u00fablica","transporte p\u00fablico","vans"],"articleSection":["#Rio2016","Den\u00fancias","Opini\u00e3o","Pol\u00edticas","Traduzidas do Ingl\u00eas"],"inLanguage":"pt-BR"},{"@type":"WebPage","@id":"https:\/\/rioonwatch.org.br\/?p=5592","url":"https:\/\/rioonwatch.org.br\/?p=5592","name":"Ap\u00f3s Estupro de Alta Visibilidade, Rio Corta Vans Usadas Pelos Pobres - RioOnWatch","isPartOf":{"@id":"https:\/\/rioonwatch.org.br\/#website"},"primaryImageOfPage":{"@id":"https:\/\/rioonwatch.org.br\/?p=5592#primaryimage"},"image":{"@id":"https:\/\/rioonwatch.org.br\/?p=5592#primaryimage"},"thumbnailUrl":"https:\/\/rioonwatch.org.br\/wp-content\/uploads\/2013\/04\/favela-exteriors-banner.jpg","datePublished":"2013-04-24T15:19:57+00:00","dateModified":"2015-08-14T22:39:29+00:00","breadcrumb":{"@id":"https:\/\/rioonwatch.org.br\/?p=5592#breadcrumb"},"inLanguage":"pt-BR","potentialAction":[{"@type":"ReadAction","target":["https:\/\/rioonwatch.org.br\/?p=5592"]}]},{"@type":"ImageObject","inLanguage":"pt-BR","@id":"https:\/\/rioonwatch.org.br\/?p=5592#primaryimage","url":"https:\/\/rioonwatch.org.br\/wp-content\/uploads\/2013\/04\/favela-exteriors-banner.jpg","contentUrl":"https:\/\/rioonwatch.org.br\/wp-content\/uploads\/2013\/04\/favela-exteriors-banner.jpg","width":650,"height":375,"caption":"Fotografias gigantes de mulheres cobrem paredes das casas na instala\u00e7\u00e3o do fot\u00f3grafo JR, Morro da Providencia, no Rio de Janeiro em 25 de agosto 2008. (Bruno Domingos \/ Reuters)"},{"@type":"BreadcrumbList","@id":"https:\/\/rioonwatch.org.br\/?p=5592#breadcrumb","itemListElement":[{"@type":"ListItem","position":1,"name":"In\u00edcio","item":"https:\/\/rioonwatch.org.br\/"},{"@type":"ListItem","position":2,"name":"Ap\u00f3s Estupro de Alta Visibilidade, Rio Corta Vans Usadas Pelos Pobres"}]},{"@type":"WebSite","@id":"https:\/\/rioonwatch.org.br\/#website","url":"https:\/\/rioonwatch.org.br\/","name":"RioOnWatch","description":"relatos das favelas cariocas","publisher":{"@id":"https:\/\/rioonwatch.org.br\/#organization"},"potentialAction":[{"@type":"SearchAction","target":{"@type":"EntryPoint","urlTemplate":"https:\/\/rioonwatch.org.br\/?s={search_term_string}"},"query-input":{"@type":"PropertyValueSpecification","valueRequired":true,"valueName":"search_term_string"}}],"inLanguage":"pt-BR"},{"@type":"Organization","@id":"https:\/\/rioonwatch.org.br\/#organization","name":"RioOnWatch","url":"https:\/\/rioonwatch.org.br\/","logo":{"@type":"ImageObject","inLanguage":"pt-BR","@id":"https:\/\/rioonwatch.org.br\/#\/schema\/logo\/image\/","url":"https:\/\/rioonwatch.org.br\/wp-content\/uploads\/2021\/06\/RioOnWatchcabecalhoPT11anos-2.png","contentUrl":"https:\/\/rioonwatch.org.br\/wp-content\/uploads\/2021\/06\/RioOnWatchcabecalhoPT11anos-2.png","width":779,"height":277,"caption":"RioOnWatch"},"image":{"@id":"https:\/\/rioonwatch.org.br\/#\/schema\/logo\/image\/"}},{"@type":"Person","@id":"https:\/\/rioonwatch.org.br\/#\/schema\/person\/c6c09a0b56b38f0157a45b963ef3f269","name":"Admin","image":{"@type":"ImageObject","inLanguage":"pt-BR","@id":"https:\/\/rioonwatch.org.br\/#\/schema\/person\/image\/","url":"https:\/\/secure.gravatar.com\/avatar\/da45c89efd4810dc70c16a5da3419806?s=96&d=blank&r=g","contentUrl":"https:\/\/secure.gravatar.com\/avatar\/da45c89efd4810dc70c16a5da3419806?s=96&d=blank&r=g","caption":"Admin"},"url":"https:\/\/rioonwatch.org.br\/?author=3"}]}},"_links":{"self":[{"href":"https:\/\/rioonwatch.org.br\/index.php?rest_route=\/wp\/v2\/posts\/5592"}],"collection":[{"href":"https:\/\/rioonwatch.org.br\/index.php?rest_route=\/wp\/v2\/posts"}],"about":[{"href":"https:\/\/rioonwatch.org.br\/index.php?rest_route=\/wp\/v2\/types\/post"}],"author":[{"embeddable":true,"href":"https:\/\/rioonwatch.org.br\/index.php?rest_route=\/wp\/v2\/users\/3"}],"replies":[{"embeddable":true,"href":"https:\/\/rioonwatch.org.br\/index.php?rest_route=%2Fwp%2Fv2%2Fcomments&post=5592"}],"version-history":[{"count":39,"href":"https:\/\/rioonwatch.org.br\/index.php?rest_route=\/wp\/v2\/posts\/5592\/revisions"}],"predecessor-version":[{"id":15608,"href":"https:\/\/rioonwatch.org.br\/index.php?rest_route=\/wp\/v2\/posts\/5592\/revisions\/15608"}],"wp:featuredmedia":[{"embeddable":true,"href":"https:\/\/rioonwatch.org.br\/index.php?rest_route=\/wp\/v2\/media\/5600"}],"wp:attachment":[{"href":"https:\/\/rioonwatch.org.br\/index.php?rest_route=%2Fwp%2Fv2%2Fmedia&parent=5592"}],"wp:term":[{"taxonomy":"category","embeddable":true,"href":"https:\/\/rioonwatch.org.br\/index.php?rest_route=%2Fwp%2Fv2%2Fcategories&post=5592"},{"taxonomy":"post_tag","embeddable":true,"href":"https:\/\/rioonwatch.org.br\/index.php?rest_route=%2Fwp%2Fv2%2Ftags&post=5592"},{"taxonomy":"writer","embeddable":true,"href":"https:\/\/rioonwatch.org.br\/index.php?rest_route=%2Fwp%2Fv2%2Fwriter&post=5592"},{"taxonomy":"translator","embeddable":true,"href":"https:\/\/rioonwatch.org.br\/index.php?rest_route=%2Fwp%2Fv2%2Ftranslator&post=5592"},{"taxonomy":"source","embeddable":true,"href":"https:\/\/rioonwatch.org.br\/index.php?rest_route=%2Fwp%2Fv2%2Fsource&post=5592"},{"taxonomy":"ilustrador","embeddable":true,"href":"https:\/\/rioonwatch.org.br\/index.php?rest_route=%2Fwp%2Fv2%2Filustrador&post=5592"},{"taxonomy":"fotografo","embeddable":true,"href":"https:\/\/rioonwatch.org.br\/index.php?rest_route=%2Fwp%2Fv2%2Ffotografo&post=5592"}],"curies":[{"name":"wp","href":"https:\/\/api.w.org\/{rel}","templated":true}]}}